{"id":5923,"date":"2019-02-02T22:44:21","date_gmt":"2019-02-03T00:44:21","guid":{"rendered":"http:\/\/www.cidademarketing.com.br\/marketing\/?p=5923"},"modified":"2019-02-03T00:50:27","modified_gmt":"2019-02-03T02:50:27","slug":"fiocruz-brasilia-abre-inscricoes-para-seminario-internacional-sobre-fake-news-e-saude","status":"publish","type":"post","link":"https:\/\/www.cidademarketing.com.br\/marketing\/2019\/02\/02\/fiocruz-brasilia-abre-inscricoes-para-seminario-internacional-sobre-fake-news-e-saude\/","title":{"rendered":"Fiocruz Bras\u00edlia abre inscri\u00e7\u00f5es para semin\u00e1rio internacional sobre fake news e sa\u00fade"},"content":{"rendered":"\n<p>Fake news fazem mal \u00e0 sa\u00fade. E a Fiocruz Bras\u00edlia, por meio de sua Assessoria de Comunica\u00e7\u00e3o, vai reunir jornalistas, pesquisadores, profissionais de sa\u00fade, estudantes e interessados no tema entre os dias 18 e 21 de mar\u00e7o, para o II Semin\u00e1rio Internacional e VI Semin\u00e1rio Nacional As Rela\u00e7\u00f5es da Sa\u00fade P\u00fablica com a Imprensa: Fake News e Sa\u00fade.<\/p>\n\n\n\n<p>Diferentes debates entre jornalistas, pesquisadores e profissionais de sa\u00fade integram a programa\u00e7\u00e3o. Entre as novidades j\u00e1 confirmadas nesta edi\u00e7\u00e3o do evento est\u00e3o a Se\u00e7\u00e3o Cient\u00edfica, com apresenta\u00e7\u00e3o de resumos cient\u00edficos e relatos de experi\u00eancias enviados por pesquisadores e trabalhadores de todo o pa\u00eds, e um minicurso, ministrado pelo pesquisador do Centro de Pesquisas sobre a Comunica\u00e7\u00e3o e a Sa\u00fade (Comsant\u00e9), da Universidade de Quebec em Montreal (UQAM), no Canad\u00e1, Alexandre Coutant. Durante o curso gratuito \u201cInformar-se em um mundo de falsas informa\u00e7\u00f5es: produzir e interpretar conte\u00fados no novo ecossistema informacional\u201d, os participantes analisar\u00e3o os impactos das not\u00edcias falsas na sa\u00fade da popula\u00e7\u00e3o, a desinforma\u00e7\u00e3o, conflitos e dilemas no mundo da sa\u00fade e analisar\u00e3o experi\u00eancias reais diante das fake news. O minicurso tem vagas limitadas e as inscri\u00e7\u00f5es espec\u00edficas para esta atividade ser\u00e3o abertas em fevereiro, por meio de formul\u00e1rio espec\u00edfico.<\/p>\n\n\n\n<p>Outra novidade \u00e9 a convocat\u00f3ria para que desenhistas enviem trabalhos de humor gr\u00e1fico, tais como cartuns e charges, para exposi\u00e7\u00e3o durante o evento. Os detalhes desta convocat\u00f3ria para desenhistas est\u00e3o dispon\u00edveis aqui. Durante o evento, ser\u00e1 lan\u00e7ado ainda o primeiro e-book da s\u00e9rie As rela\u00e7\u00f5es da sa\u00fade p\u00fablica com a imprensa.<\/p>\n\n\n\n<p>O Semin\u00e1rio \u00e9 apoiado pela Coordena\u00e7\u00e3o de Aperfei\u00e7oamento de Pessoal de N\u00edvel Superior (Capes) e as inscri\u00e7\u00f5es s\u00e3o gratuitas. <a href=\"https:\/\/docs.google.com\/forms\/d\/e\/1FAIpQLSdZJ2TCpTjFXmi_DVAxfdTTg7VW1DDc-RUHp1XrXGApx5UrCQ\/viewform?usp=sf_link\" target=\"_blank\" rel=\"noreferrer noopener\" aria-label=\"Inscreva-se aqui. (abre em uma nova aba)\">Inscreva-se aqui.<\/a><\/p>\n\n\n\n<p><strong>Hist\u00f3rico<\/strong><\/p>\n\n\n\n<p>Esta \u00e9 a sexta edi\u00e7\u00e3o do Semin\u00e1rio As rela\u00e7\u00f5es da sa\u00fade p\u00fablica com a imprensa. O primeiro, realizado em 2008, debateu o papel e a responsabilidade da m\u00eddia na apresenta\u00e7\u00e3o das informa\u00e7\u00f5es sobre febre amarela para a popula\u00e7\u00e3o. De l\u00e1 para c\u00e1, j\u00e1 foram realizadas outras cinco edi\u00e7\u00f5es, que enfocam a cobertura jornal\u00edstica sobre determinado tema em sa\u00fade, a saber: H1N1 (2010), a imagem do SUS na m\u00eddia (2013), Comunica\u00e7\u00e3o em Situa\u00e7\u00e3o de Risco: ebola, chikungunya, dengue e zika (2015), e aedes aegypti (2017).<\/p>\n\n\n\n<p><strong>Servi\u00e7o:<\/strong><\/p>\n\n\n\n<p>Semin\u00e1rio Internacional As Rela\u00e7\u00f5es da Sa\u00fade P\u00fablica com a Imprensa: Fake News e Sa\u00fade<br>\nData: 18 a 21 de mar\u00e7o de 2019<br>\nLocal: Fiocruz Bras\u00edlia (L3 Norte, Campus Darcy Ribeiro, Universidade de Bras\u00edlia)<\/p>\n\n\n\n<p>61 3329- 4581<\/p>\n\n\n\n<p><a href=\"https:\/\/docs.google.com\/forms\/d\/e\/1FAIpQLSdZJ2TCpTjFXmi_DVAxfdTTg7VW1DDc-RUHp1XrXGApx5UrCQ\/viewform?usp=sf_link\" target=\"_blank\" rel=\"noreferrer noopener\" aria-label=\"Inscri\u00e7\u00f5es gratuitas neste link. (abre em uma nova aba)\">Inscri\u00e7\u00f5es gratuitas neste link.<\/a><\/p>\n\n\n\n<p><strong>Confira a programa\u00e7\u00e3o:<\/strong><\/p>\n\n\n\n<p>18\/03\/2019<\/p>\n\n\n\n<p>9h- 12h\/ 14h-18h &#8211; Mini curso: Informar-se em um mundo de falsas informa\u00e7\u00f5es: produzir e interpretar conte\u00fados no novo ecossistema informacional<\/p>\n\n\n\n<p>Alexandre Coutant \u2013 Comsant\u00e9 (Canad\u00e1)<\/p>\n\n\n\n<p>(vagas limitadas \u2013 inscri\u00e7\u00f5es a partir de fevereiro em formul\u00e1rio espec\u00edfico a ser divulgado no site da Fiocruz Bras\u00edlia )<\/p>\n\n\n\n<p>19\/03\/2019<\/p>\n\n\n\n<p>10h \u2013 10h30: Mesa de abertura<\/p>\n\n\n\n<p>N\u00edsia Trindade &#8211; Presidente da Fiocruz<\/p>\n\n\n\n<p>Fabiana Dam\u00e1sio &#8211; Diretora da Fiocruz Bras\u00edlia<\/p>\n\n\n\n<p>Wagner Vasconcelos &#8211; Coordenador da Assessoria de Comunica\u00e7\u00e3o da Fiocruz Bras\u00edlia<\/p>\n\n\n\n<p>10h30 \u2013 12h: Confer\u00eancia de abertura: Desinforma\u00e7\u00e3o na era da informa\u00e7\u00e3o<\/p>\n\n\n\n<p>Alexandre Coutant &#8211; Comsant\u00e9\/ Universit\u00e9 du Qu\u00e9bec \u00e0 Montr\u00e9al (Canad\u00e1)<\/p>\n\n\n\n<p>14h \u2013 17h: Mesa redonda Fake news: vacine-se contra!<\/p>\n\n\n\n<p>Cl\u00e1udio Maierovitch &#8211; pesquisador da Fiocruz Bras\u00edlia<\/p>\n\n\n\n<p>Renata Ribeiro &#8211; Jornalista e Coordenadora da assessoria de Comunica\u00e7\u00e3o do Instituto Bio-Manguinhos<\/p>\n\n\n\n<p>Helena Sato &#8211; Coordenadora do Centro de Vigil\u00e2ncia Epidemiol\u00f3gica da Secretaria de Sa\u00fade do Estado de S\u00e3o Paulo<\/p>\n\n\n\n<p>Nat\u00e1lia Cancian &#8211; Jornalista do Jornal Folha de S. Paulo<\/p>\n\n\n\n<p>Moderadora: Mariella Oliveira-Costa, Jornalista da Fiocruz Bras\u00edlia<\/p>\n\n\n\n<p>20\/03\/2019<\/p>\n\n\n\n<p>9h \u2013 12h: Roda de conversa \u2013 Experi\u00eancias reais no mundo das Fake News<\/p>\n\n\n\n<p>Carlos Orsi \u2013 Jornalista, blog Carlos Orsi<br>\nAna Miguel &#8211; Coordenadora de M\u00eddias Sociais da Assessoria de Comunica\u00e7\u00e3o do Minist\u00e9rio da Sa\u00fade<br>\nElisa Andries \u2013 Coordenadora da CCS\/Fiocruz<\/p>\n\n\n\n<p>Moderadora: Marcia Turcato \u2013 Coordenadora comunica\u00e7\u00e3o SVC\/MS<\/p>\n\n\n\n<p>14h \u201317h Mesa redonda: conflitos e dilemas no mundo da sa\u00fade<\/p>\n\n\n\n<p>Bruno Sousa &#8211; professor e pesquisador da Universidade Federal de Minas Gerais<\/p>\n\n\n\n<p>Leonardo Cavalcanti &#8211; Jornalista do Jornal Correio Braziliense<\/p>\n\n\n\n<p>Edgard Matsuki \u2013 site Boatos.org<\/p>\n\n\n\n<p>Igor Sacramento \u2013 pesquisador do Instituto de Comunica\u00e7\u00e3o e Informa\u00e7\u00e3o Cient\u00edfica e Tecnol\u00f3gica em Sa\u00fade (Icict) da Funda\u00e7\u00e3o Oswaldo Cruz<\/p>\n\n\n\n<p>Modera\u00e7\u00e3o: Wagner Vasconcelos Coordenador Assessoria de Comunica\u00e7\u00e3o da Fiocruz Bras\u00edlia<\/p>\n\n\n\n<p>21\/03\/2019<\/p>\n\n\n\n<p>9h \u2013 17h30: Sess\u00e3o cient\u00edfica Fake news e Sa\u00fade<\/p>\n\n\n\n<p>Apresenta\u00e7\u00e3o de resumos cient\u00edficos e relatos de experi\u00eancia selecionados pela Comiss\u00e3o Cient\u00edfica<\/p>\n","protected":false},"excerpt":{"rendered":"<p>Fake news fazem mal \u00e0 sa\u00fade. E a Fiocruz Bras\u00edlia, por meio de sua Assessoria de Comunica\u00e7\u00e3o, vai reunir jornalistas, pesquisadores, profissionais de sa\u00fade, estudantes e interessados no tema entre os dias 18 e 21 de mar\u00e7o, para o II Semin\u00e1rio Internacional e VI Semin\u00e1rio Nacional As Rela\u00e7\u00f5es da Sa\u00fade P\u00fablica com a Imprensa: Fake [&hellip;]<\/p>\n","protected":false},"author":1,"featured_media":5924,"comment_status":"open","ping_status":"open","sticky":false,"template":"","format":"standard","meta":{"tdm_status":"","tdm_grid_status":"","footnotes":""},"categories":[13],"tags":[179,298,1341,28],"class_list":["post-5923","post","type-post","status-publish","format-standard","has-post-thumbnail","hentry","category-eventos","tag-evento","tag-fake-news","tag-fiocruz","tag-marketing"],"yoast_head":"<!-- This site is optimized with the Yoast SEO plugin v27.5 - https:\/\/yoast.com\/product\/yoast-seo-wordpress\/ -->\n<title>Fiocruz Bras\u00edlia abre inscri\u00e7\u00f5es para semin\u00e1rio internacional sobre fake news e sa\u00fade - CidadeMarketing<\/title>\n<meta name=\"robots\" content=\"index, follow, max-snippet:-1, max-image-preview:large, max-video-preview:-1\" \/>\n<link rel=\"canonical\" href=\"https:\/\/www.cidademarketing.com.br\/marketing\/2019\/02\/02\/fiocruz-brasilia-abre-inscricoes-para-seminario-internacional-sobre-fake-news-e-saude\/\" \/>\n<meta property=\"og:locale\" content=\"pt_BR\" \/>\n<meta property=\"og:type\" content=\"article\" \/>\n<meta property=\"og:title\" content=\"Fiocruz Bras\u00edlia abre inscri\u00e7\u00f5es para semin\u00e1rio internacional sobre fake news e sa\u00fade - CidadeMarketing\" \/>\n<meta property=\"og:description\" content=\"Fake news fazem mal \u00e0 sa\u00fade. E a Fiocruz Bras\u00edlia, por meio de sua Assessoria de Comunica\u00e7\u00e3o, vai reunir jornalistas, pesquisadores, profissionais de sa\u00fade, estudantes e interessados no tema entre os dias 18 e 21 de mar\u00e7o, para o II Semin\u00e1rio Internacional e VI Semin\u00e1rio Nacional As Rela\u00e7\u00f5es da Sa\u00fade P\u00fablica com a Imprensa: Fake [&hellip;]\" \/>\n<meta property=\"og:url\" content=\"https:\/\/www.cidademarketing.com.br\/marketing\/2019\/02\/02\/fiocruz-brasilia-abre-inscricoes-para-seminario-internacional-sobre-fake-news-e-saude\/\" \/>\n<meta property=\"og:site_name\" content=\"CidadeMarketing\" \/>\n<meta property=\"article:publisher\" content=\"https:\/\/www.facebook.com\/portalcidademarketing\" \/>\n<meta property=\"article:author\" content=\"https:\/\/www.facebook.com\/thalesbrandao\" \/>\n<meta property=\"article:published_time\" content=\"2019-02-03T00:44:21+00:00\" \/>\n<meta property=\"article:modified_time\" content=\"2019-02-03T02:50:27+00:00\" \/>\n<meta property=\"og:image\" content=\"https:\/\/www.cidademarketing.com.br\/marketing\/wp-content\/uploads\/2019\/02\/fiocruz.png\" \/>\n\t<meta property=\"og:image:width\" content=\"990\" \/>\n\t<meta property=\"og:image:height\" content=\"774\" \/>\n\t<meta property=\"og:image:type\" content=\"image\/png\" \/>\n<meta name=\"author\" content=\"Thales Brand\u00e3o\" \/>\n<meta name=\"twitter:card\" content=\"summary_large_image\" \/>\n<meta name=\"twitter:creator\" content=\"@http:\/\/www.twitter.com\/thalesbrandao\" \/>\n<meta name=\"twitter:site\" content=\"@CidadeMarketing\" \/>\n<meta name=\"twitter:label1\" content=\"Escrito por\" \/>\n\t<meta name=\"twitter:data1\" content=\"Thales Brand\u00e3o\" \/>\n\t<meta name=\"twitter:label2\" content=\"Est. tempo de leitura\" \/>\n\t<meta name=\"twitter:data2\" content=\"4 minutos\" \/>\n<script type=\"application\/ld+json\" class=\"yoast-schema-graph\">{\"@context\":\"https:\\\/\\\/schema.org\",\"@graph\":[{\"@type\":\"Article\",\"@id\":\"https:\\\/\\\/www.cidademarketing.com.br\\\/marketing\\\/2019\\\/02\\\/02\\\/fiocruz-brasilia-abre-inscricoes-para-seminario-internacional-sobre-fake-news-e-saude\\\/#article\",\"isPartOf\":{\"@id\":\"https:\\\/\\\/www.cidademarketing.com.br\\\/marketing\\\/2019\\\/02\\\/02\\\/fiocruz-brasilia-abre-inscricoes-para-seminario-internacional-sobre-fake-news-e-saude\\\/\"},\"author\":{\"name\":\"Thales Brand\u00e3o\",\"@id\":\"https:\\\/\\\/www.cidademarketing.com.br\\\/marketing\\\/#\\\/schema\\\/person\\\/02daff9f18bd9378c9e01eb6b2db155f\"},\"headline\":\"Fiocruz Bras\u00edlia abre inscri\u00e7\u00f5es para semin\u00e1rio internacional sobre fake news e sa\u00fade\",\"datePublished\":\"2019-02-03T00:44:21+00:00\",\"dateModified\":\"2019-02-03T02:50:27+00:00\",\"mainEntityOfPage\":{\"@id\":\"https:\\\/\\\/www.cidademarketing.com.br\\\/marketing\\\/2019\\\/02\\\/02\\\/fiocruz-brasilia-abre-inscricoes-para-seminario-internacional-sobre-fake-news-e-saude\\\/\"},\"wordCount\":817,\"commentCount\":0,\"publisher\":{\"@id\":\"https:\\\/\\\/www.cidademarketing.com.br\\\/marketing\\\/#organization\"},\"image\":{\"@id\":\"https:\\\/\\\/www.cidademarketing.com.br\\\/marketing\\\/2019\\\/02\\\/02\\\/fiocruz-brasilia-abre-inscricoes-para-seminario-internacional-sobre-fake-news-e-saude\\\/#primaryimage\"},\"thumbnailUrl\":\"https:\\\/\\\/www.cidademarketing.com.br\\\/marketing\\\/wp-content\\\/uploads\\\/2019\\\/02\\\/fiocruz.png\",\"keywords\":[\"evento\",\"fake news\",\"Fiocruz\",\"marketing\"],\"articleSection\":[\"Eventos\"],\"inLanguage\":\"pt-BR\",\"potentialAction\":[{\"@type\":\"CommentAction\",\"name\":\"Comment\",\"target\":[\"https:\\\/\\\/www.cidademarketing.com.br\\\/marketing\\\/2019\\\/02\\\/02\\\/fiocruz-brasilia-abre-inscricoes-para-seminario-internacional-sobre-fake-news-e-saude\\\/#respond\"]}]},{\"@type\":\"WebPage\",\"@id\":\"https:\\\/\\\/www.cidademarketing.com.br\\\/marketing\\\/2019\\\/02\\\/02\\\/fiocruz-brasilia-abre-inscricoes-para-seminario-internacional-sobre-fake-news-e-saude\\\/\",\"url\":\"https:\\\/\\\/www.cidademarketing.com.br\\\/marketing\\\/2019\\\/02\\\/02\\\/fiocruz-brasilia-abre-inscricoes-para-seminario-internacional-sobre-fake-news-e-saude\\\/\",\"name\":\"Fiocruz Bras\u00edlia abre inscri\u00e7\u00f5es para semin\u00e1rio internacional sobre fake news e sa\u00fade - CidadeMarketing\",\"isPartOf\":{\"@id\":\"https:\\\/\\\/www.cidademarketing.com.br\\\/marketing\\\/#website\"},\"primaryImageOfPage\":{\"@id\":\"https:\\\/\\\/www.cidademarketing.com.br\\\/marketing\\\/2019\\\/02\\\/02\\\/fiocruz-brasilia-abre-inscricoes-para-seminario-internacional-sobre-fake-news-e-saude\\\/#primaryimage\"},\"image\":{\"@id\":\"https:\\\/\\\/www.cidademarketing.com.br\\\/marketing\\\/2019\\\/02\\\/02\\\/fiocruz-brasilia-abre-inscricoes-para-seminario-internacional-sobre-fake-news-e-saude\\\/#primaryimage\"},\"thumbnailUrl\":\"https:\\\/\\\/www.cidademarketing.com.br\\\/marketing\\\/wp-content\\\/uploads\\\/2019\\\/02\\\/fiocruz.png\",\"datePublished\":\"2019-02-03T00:44:21+00:00\",\"dateModified\":\"2019-02-03T02:50:27+00:00\",\"breadcrumb\":{\"@id\":\"https:\\\/\\\/www.cidademarketing.com.br\\\/marketing\\\/2019\\\/02\\\/02\\\/fiocruz-brasilia-abre-inscricoes-para-seminario-internacional-sobre-fake-news-e-saude\\\/#breadcrumb\"},\"inLanguage\":\"pt-BR\",\"potentialAction\":[{\"@type\":\"ReadAction\",\"target\":[\"https:\\\/\\\/www.cidademarketing.com.br\\\/marketing\\\/2019\\\/02\\\/02\\\/fiocruz-brasilia-abre-inscricoes-para-seminario-internacional-sobre-fake-news-e-saude\\\/\"]}]},{\"@type\":\"ImageObject\",\"inLanguage\":\"pt-BR\",\"@id\":\"https:\\\/\\\/www.cidademarketing.com.br\\\/marketing\\\/2019\\\/02\\\/02\\\/fiocruz-brasilia-abre-inscricoes-para-seminario-internacional-sobre-fake-news-e-saude\\\/#primaryimage\",\"url\":\"https:\\\/\\\/www.cidademarketing.com.br\\\/marketing\\\/wp-content\\\/uploads\\\/2019\\\/02\\\/fiocruz.png\",\"contentUrl\":\"https:\\\/\\\/www.cidademarketing.com.br\\\/marketing\\\/wp-content\\\/uploads\\\/2019\\\/02\\\/fiocruz.png\",\"width\":990,\"height\":774},{\"@type\":\"BreadcrumbList\",\"@id\":\"https:\\\/\\\/www.cidademarketing.com.br\\\/marketing\\\/2019\\\/02\\\/02\\\/fiocruz-brasilia-abre-inscricoes-para-seminario-internacional-sobre-fake-news-e-saude\\\/#breadcrumb\",\"itemListElement\":[{\"@type\":\"ListItem\",\"position\":1,\"name\":\"In\u00edcio\",\"item\":\"https:\\\/\\\/www.cidademarketing.com.br\\\/marketing\\\/\"},{\"@type\":\"ListItem\",\"position\":2,\"name\":\"Fiocruz Bras\u00edlia abre inscri\u00e7\u00f5es para semin\u00e1rio internacional sobre fake news e sa\u00fade\"}]},{\"@type\":\"WebSite\",\"@id\":\"https:\\\/\\\/www.cidademarketing.com.br\\\/marketing\\\/#website\",\"url\":\"https:\\\/\\\/www.cidademarketing.com.br\\\/marketing\\\/\",\"name\":\"CidadeMarketing\",\"description\":\"Somos um ve\u00edculo de comunica\u00e7\u00e3o de destaque no Brasil, reconhecido por conte\u00fados nos segmentos de marketing, empreendedorismo e inova\u00e7\u00e3o.\",\"publisher\":{\"@id\":\"https:\\\/\\\/www.cidademarketing.com.br\\\/marketing\\\/#organization\"},\"alternateName\":\"CidadeMarketing\",\"potentialAction\":[{\"@type\":\"SearchAction\",\"target\":{\"@type\":\"EntryPoint\",\"urlTemplate\":\"https:\\\/\\\/www.cidademarketing.com.br\\\/marketing\\\/?s={search_term_string}\"},\"query-input\":{\"@type\":\"PropertyValueSpecification\",\"valueRequired\":true,\"valueName\":\"search_term_string\"}}],\"inLanguage\":\"pt-BR\"},{\"@type\":\"Organization\",\"@id\":\"https:\\\/\\\/www.cidademarketing.com.br\\\/marketing\\\/#organization\",\"name\":\"CidadeMarketing\",\"alternateName\":\"CidadeMarketing\",\"url\":\"https:\\\/\\\/www.cidademarketing.com.br\\\/marketing\\\/\",\"logo\":{\"@type\":\"ImageObject\",\"inLanguage\":\"pt-BR\",\"@id\":\"https:\\\/\\\/www.cidademarketing.com.br\\\/marketing\\\/#\\\/schema\\\/logo\\\/image\\\/\",\"url\":\"https:\\\/\\\/www.cidademarketing.com.br\\\/marketing\\\/wp-content\\\/uploads\\\/2020\\\/01\\\/cidademarketing_marca_mobile.png\",\"contentUrl\":\"https:\\\/\\\/www.cidademarketing.com.br\\\/marketing\\\/wp-content\\\/uploads\\\/2020\\\/01\\\/cidademarketing_marca_mobile.png\",\"width\":230,\"height\":92,\"caption\":\"CidadeMarketing\"},\"image\":{\"@id\":\"https:\\\/\\\/www.cidademarketing.com.br\\\/marketing\\\/#\\\/schema\\\/logo\\\/image\\\/\"},\"sameAs\":[\"https:\\\/\\\/www.facebook.com\\\/portalcidademarketing\",\"https:\\\/\\\/x.com\\\/CidadeMarketing\",\"https:\\\/\\\/www.instagram.com\\\/cidademarketing\\\/\"]},{\"@type\":\"Person\",\"@id\":\"https:\\\/\\\/www.cidademarketing.com.br\\\/marketing\\\/#\\\/schema\\\/person\\\/02daff9f18bd9378c9e01eb6b2db155f\",\"name\":\"Thales Brand\u00e3o\",\"image\":{\"@type\":\"ImageObject\",\"inLanguage\":\"pt-BR\",\"@id\":\"https:\\\/\\\/secure.gravatar.com\\\/avatar\\\/7ca3206950207cc3cb48feec56a8a7898741ab725c368d99d5d7a5a50aab80c6?s=96&d=mm&r=g\",\"url\":\"https:\\\/\\\/secure.gravatar.com\\\/avatar\\\/7ca3206950207cc3cb48feec56a8a7898741ab725c368d99d5d7a5a50aab80c6?s=96&d=mm&r=g\",\"contentUrl\":\"https:\\\/\\\/secure.gravatar.com\\\/avatar\\\/7ca3206950207cc3cb48feec56a8a7898741ab725c368d99d5d7a5a50aab80c6?s=96&d=mm&r=g\",\"caption\":\"Thales Brand\u00e3o\"},\"description\":\"Editor Executivo do Portal CidadeMarketing.com.br &gt; Mestre em Comunica\u00e7\u00e3o e Sociedade pela Universidade Federal de Sergipe. Possui MBA Executivo em Administra\u00e7\u00e3o com \u00eanfase em Marketing pela Funda\u00e7\u00e3o Get\u00falio Vargas - Rio de Janeiro. Consultor, Palestrante e Pesquisador sobre Empreendedorismo, Marketing, Redes Sociais e Neg\u00f3cios Digitais. Professor, Palestrante TedxTalks e Campus Party. Twitter: @ThalesBrandao\",\"sameAs\":[\"http:\\\/\\\/www.mandacaru.com.br\",\"https:\\\/\\\/www.facebook.com\\\/thalesbrandao\",\"http:\\\/\\\/www.instagram.com.br\\\/thalesbrandaoferreira\",\"https:\\\/\\\/www.linkedin.com\\\/in\\\/thales-brand\u00e3o-3948609\\\/\",\"https:\\\/\\\/x.com\\\/http:\\\/\\\/www.twitter.com\\\/thalesbrandao\"],\"url\":\"https:\\\/\\\/www.cidademarketing.com.br\\\/marketing\\\/author\\\/thalesbrandao\\\/\"}]}<\/script>\n<!-- \/ Yoast SEO plugin. -->","yoast_head_json":{"title":"Fiocruz Bras\u00edlia abre inscri\u00e7\u00f5es para semin\u00e1rio internacional sobre fake news e sa\u00fade - CidadeMarketing","robots":{"index":"index","follow":"follow","max-snippet":"max-snippet:-1","max-image-preview":"max-image-preview:large","max-video-preview":"max-video-preview:-1"},"canonical":"https:\/\/www.cidademarketing.com.br\/marketing\/2019\/02\/02\/fiocruz-brasilia-abre-inscricoes-para-seminario-internacional-sobre-fake-news-e-saude\/","og_locale":"pt_BR","og_type":"article","og_title":"Fiocruz Bras\u00edlia abre inscri\u00e7\u00f5es para semin\u00e1rio internacional sobre fake news e sa\u00fade - CidadeMarketing","og_description":"Fake news fazem mal \u00e0 sa\u00fade. E a Fiocruz Bras\u00edlia, por meio de sua Assessoria de Comunica\u00e7\u00e3o, vai reunir jornalistas, pesquisadores, profissionais de sa\u00fade, estudantes e interessados no tema entre os dias 18 e 21 de mar\u00e7o, para o II Semin\u00e1rio Internacional e VI Semin\u00e1rio Nacional As Rela\u00e7\u00f5es da Sa\u00fade P\u00fablica com a Imprensa: Fake [&hellip;]","og_url":"https:\/\/www.cidademarketing.com.br\/marketing\/2019\/02\/02\/fiocruz-brasilia-abre-inscricoes-para-seminario-internacional-sobre-fake-news-e-saude\/","og_site_name":"CidadeMarketing","article_publisher":"https:\/\/www.facebook.com\/portalcidademarketing","article_author":"https:\/\/www.facebook.com\/thalesbrandao","article_published_time":"2019-02-03T00:44:21+00:00","article_modified_time":"2019-02-03T02:50:27+00:00","og_image":[{"width":990,"height":774,"url":"https:\/\/www.cidademarketing.com.br\/marketing\/wp-content\/uploads\/2019\/02\/fiocruz.png","type":"image\/png"}],"author":"Thales Brand\u00e3o","twitter_card":"summary_large_image","twitter_creator":"@http:\/\/www.twitter.com\/thalesbrandao","twitter_site":"@CidadeMarketing","twitter_misc":{"Escrito por":"Thales Brand\u00e3o","Est. tempo de leitura":"4 minutos"},"schema":{"@context":"https:\/\/schema.org","@graph":[{"@type":"Article","@id":"https:\/\/www.cidademarketing.com.br\/marketing\/2019\/02\/02\/fiocruz-brasilia-abre-inscricoes-para-seminario-internacional-sobre-fake-news-e-saude\/#article","isPartOf":{"@id":"https:\/\/www.cidademarketing.com.br\/marketing\/2019\/02\/02\/fiocruz-brasilia-abre-inscricoes-para-seminario-internacional-sobre-fake-news-e-saude\/"},"author":{"name":"Thales Brand\u00e3o","@id":"https:\/\/www.cidademarketing.com.br\/marketing\/#\/schema\/person\/02daff9f18bd9378c9e01eb6b2db155f"},"headline":"Fiocruz Bras\u00edlia abre inscri\u00e7\u00f5es para semin\u00e1rio internacional sobre fake news e sa\u00fade","datePublished":"2019-02-03T00:44:21+00:00","dateModified":"2019-02-03T02:50:27+00:00","mainEntityOfPage":{"@id":"https:\/\/www.cidademarketing.com.br\/marketing\/2019\/02\/02\/fiocruz-brasilia-abre-inscricoes-para-seminario-internacional-sobre-fake-news-e-saude\/"},"wordCount":817,"commentCount":0,"publisher":{"@id":"https:\/\/www.cidademarketing.com.br\/marketing\/#organization"},"image":{"@id":"https:\/\/www.cidademarketing.com.br\/marketing\/2019\/02\/02\/fiocruz-brasilia-abre-inscricoes-para-seminario-internacional-sobre-fake-news-e-saude\/#primaryimage"},"thumbnailUrl":"https:\/\/www.cidademarketing.com.br\/marketing\/wp-content\/uploads\/2019\/02\/fiocruz.png","keywords":["evento","fake news","Fiocruz","marketing"],"articleSection":["Eventos"],"inLanguage":"pt-BR","potentialAction":[{"@type":"CommentAction","name":"Comment","target":["https:\/\/www.cidademarketing.com.br\/marketing\/2019\/02\/02\/fiocruz-brasilia-abre-inscricoes-para-seminario-internacional-sobre-fake-news-e-saude\/#respond"]}]},{"@type":"WebPage","@id":"https:\/\/www.cidademarketing.com.br\/marketing\/2019\/02\/02\/fiocruz-brasilia-abre-inscricoes-para-seminario-internacional-sobre-fake-news-e-saude\/","url":"https:\/\/www.cidademarketing.com.br\/marketing\/2019\/02\/02\/fiocruz-brasilia-abre-inscricoes-para-seminario-internacional-sobre-fake-news-e-saude\/","name":"Fiocruz Bras\u00edlia abre inscri\u00e7\u00f5es para semin\u00e1rio internacional sobre fake news e sa\u00fade - CidadeMarketing","isPartOf":{"@id":"https:\/\/www.cidademarketing.com.br\/marketing\/#website"},"primaryImageOfPage":{"@id":"https:\/\/www.cidademarketing.com.br\/marketing\/2019\/02\/02\/fiocruz-brasilia-abre-inscricoes-para-seminario-internacional-sobre-fake-news-e-saude\/#primaryimage"},"image":{"@id":"https:\/\/www.cidademarketing.com.br\/marketing\/2019\/02\/02\/fiocruz-brasilia-abre-inscricoes-para-seminario-internacional-sobre-fake-news-e-saude\/#primaryimage"},"thumbnailUrl":"https:\/\/www.cidademarketing.com.br\/marketing\/wp-content\/uploads\/2019\/02\/fiocruz.png","datePublished":"2019-02-03T00:44:21+00:00","dateModified":"2019-02-03T02:50:27+00:00","breadcrumb":{"@id":"https:\/\/www.cidademarketing.com.br\/marketing\/2019\/02\/02\/fiocruz-brasilia-abre-inscricoes-para-seminario-internacional-sobre-fake-news-e-saude\/#breadcrumb"},"inLanguage":"pt-BR","potentialAction":[{"@type":"ReadAction","target":["https:\/\/www.cidademarketing.com.br\/marketing\/2019\/02\/02\/fiocruz-brasilia-abre-inscricoes-para-seminario-internacional-sobre-fake-news-e-saude\/"]}]},{"@type":"ImageObject","inLanguage":"pt-BR","@id":"https:\/\/www.cidademarketing.com.br\/marketing\/2019\/02\/02\/fiocruz-brasilia-abre-inscricoes-para-seminario-internacional-sobre-fake-news-e-saude\/#primaryimage","url":"https:\/\/www.cidademarketing.com.br\/marketing\/wp-content\/uploads\/2019\/02\/fiocruz.png","contentUrl":"https:\/\/www.cidademarketing.com.br\/marketing\/wp-content\/uploads\/2019\/02\/fiocruz.png","width":990,"height":774},{"@type":"BreadcrumbList","@id":"https:\/\/www.cidademarketing.com.br\/marketing\/2019\/02\/02\/fiocruz-brasilia-abre-inscricoes-para-seminario-internacional-sobre-fake-news-e-saude\/#breadcrumb","itemListElement":[{"@type":"ListItem","position":1,"name":"In\u00edcio","item":"https:\/\/www.cidademarketing.com.br\/marketing\/"},{"@type":"ListItem","position":2,"name":"Fiocruz Bras\u00edlia abre inscri\u00e7\u00f5es para semin\u00e1rio internacional sobre fake news e sa\u00fade"}]},{"@type":"WebSite","@id":"https:\/\/www.cidademarketing.com.br\/marketing\/#website","url":"https:\/\/www.cidademarketing.com.br\/marketing\/","name":"CidadeMarketing","description":"Somos um ve\u00edculo de comunica\u00e7\u00e3o de destaque no Brasil, reconhecido por conte\u00fados nos segmentos de marketing, empreendedorismo e inova\u00e7\u00e3o.","publisher":{"@id":"https:\/\/www.cidademarketing.com.br\/marketing\/#organization"},"alternateName":"CidadeMarketing","potentialAction":[{"@type":"SearchAction","target":{"@type":"EntryPoint","urlTemplate":"https:\/\/www.cidademarketing.com.br\/marketing\/?s={search_term_string}"},"query-input":{"@type":"PropertyValueSpecification","valueRequired":true,"valueName":"search_term_string"}}],"inLanguage":"pt-BR"},{"@type":"Organization","@id":"https:\/\/www.cidademarketing.com.br\/marketing\/#organization","name":"CidadeMarketing","alternateName":"CidadeMarketing","url":"https:\/\/www.cidademarketing.com.br\/marketing\/","logo":{"@type":"ImageObject","inLanguage":"pt-BR","@id":"https:\/\/www.cidademarketing.com.br\/marketing\/#\/schema\/logo\/image\/","url":"https:\/\/www.cidademarketing.com.br\/marketing\/wp-content\/uploads\/2020\/01\/cidademarketing_marca_mobile.png","contentUrl":"https:\/\/www.cidademarketing.com.br\/marketing\/wp-content\/uploads\/2020\/01\/cidademarketing_marca_mobile.png","width":230,"height":92,"caption":"CidadeMarketing"},"image":{"@id":"https:\/\/www.cidademarketing.com.br\/marketing\/#\/schema\/logo\/image\/"},"sameAs":["https:\/\/www.facebook.com\/portalcidademarketing","https:\/\/x.com\/CidadeMarketing","https:\/\/www.instagram.com\/cidademarketing\/"]},{"@type":"Person","@id":"https:\/\/www.cidademarketing.com.br\/marketing\/#\/schema\/person\/02daff9f18bd9378c9e01eb6b2db155f","name":"Thales Brand\u00e3o","image":{"@type":"ImageObject","inLanguage":"pt-BR","@id":"https:\/\/secure.gravatar.com\/avatar\/7ca3206950207cc3cb48feec56a8a7898741ab725c368d99d5d7a5a50aab80c6?s=96&d=mm&r=g","url":"https:\/\/secure.gravatar.com\/avatar\/7ca3206950207cc3cb48feec56a8a7898741ab725c368d99d5d7a5a50aab80c6?s=96&d=mm&r=g","contentUrl":"https:\/\/secure.gravatar.com\/avatar\/7ca3206950207cc3cb48feec56a8a7898741ab725c368d99d5d7a5a50aab80c6?s=96&d=mm&r=g","caption":"Thales Brand\u00e3o"},"description":"Editor Executivo do Portal CidadeMarketing.com.br &gt; Mestre em Comunica\u00e7\u00e3o e Sociedade pela Universidade Federal de Sergipe. Possui MBA Executivo em Administra\u00e7\u00e3o com \u00eanfase em Marketing pela Funda\u00e7\u00e3o Get\u00falio Vargas - Rio de Janeiro. Consultor, Palestrante e Pesquisador sobre Empreendedorismo, Marketing, Redes Sociais e Neg\u00f3cios Digitais. Professor, Palestrante TedxTalks e Campus Party. Twitter: @ThalesBrandao","sameAs":["http:\/\/www.mandacaru.com.br","https:\/\/www.facebook.com\/thalesbrandao","http:\/\/www.instagram.com.br\/thalesbrandaoferreira","https:\/\/www.linkedin.com\/in\/thales-brand\u00e3o-3948609\/","https:\/\/x.com\/http:\/\/www.twitter.com\/thalesbrandao"],"url":"https:\/\/www.cidademarketing.com.br\/marketing\/author\/thalesbrandao\/"}]}},"amp_enabled":true,"_links":{"self":[{"href":"https:\/\/www.cidademarketing.com.br\/marketing\/wp-json\/wp\/v2\/posts\/5923","targetHints":{"allow":["GET"]}}],"collection":[{"href":"https:\/\/www.cidademarketing.com.br\/marketing\/wp-json\/wp\/v2\/posts"}],"about":[{"href":"https:\/\/www.cidademarketing.com.br\/marketing\/wp-json\/wp\/v2\/types\/post"}],"author":[{"embeddable":true,"href":"https:\/\/www.cidademarketing.com.br\/marketing\/wp-json\/wp\/v2\/users\/1"}],"replies":[{"embeddable":true,"href":"https:\/\/www.cidademarketing.com.br\/marketing\/wp-json\/wp\/v2\/comments?post=5923"}],"version-history":[{"count":3,"href":"https:\/\/www.cidademarketing.com.br\/marketing\/wp-json\/wp\/v2\/posts\/5923\/revisions"}],"predecessor-version":[{"id":5927,"href":"https:\/\/www.cidademarketing.com.br\/marketing\/wp-json\/wp\/v2\/posts\/5923\/revisions\/5927"}],"wp:featuredmedia":[{"embeddable":true,"href":"https:\/\/www.cidademarketing.com.br\/marketing\/wp-json\/wp\/v2\/media\/5924"}],"wp:attachment":[{"href":"https:\/\/www.cidademarketing.com.br\/marketing\/wp-json\/wp\/v2\/media?parent=5923"}],"wp:term":[{"taxonomy":"category","embeddable":true,"href":"https:\/\/www.cidademarketing.com.br\/marketing\/wp-json\/wp\/v2\/categories?post=5923"},{"taxonomy":"post_tag","embeddable":true,"href":"https:\/\/www.cidademarketing.com.br\/marketing\/wp-json\/wp\/v2\/tags?post=5923"}],"curies":[{"name":"wp","href":"https:\/\/api.w.org\/{rel}","templated":true}]}}