{"id":59072,"date":"2026-01-28T00:25:51","date_gmt":"2026-01-28T03:25:51","guid":{"rendered":"https:\/\/www.cidademarketing.com.br\/marketing\/?p=59072"},"modified":"2026-01-28T00:25:51","modified_gmt":"2026-01-28T03:25:51","slug":"stellantis-abre-inscricoes-para-o-programa-estelar-jovem-aprendiz-2026","status":"publish","type":"post","link":"https:\/\/www.cidademarketing.com.br\/marketing\/2026\/01\/28\/stellantis-abre-inscricoes-para-o-programa-estelar-jovem-aprendiz-2026\/","title":{"rendered":"Stellantis abre inscri\u00e7\u00f5es para o Programa Estelar Jovem Aprendiz 2026"},"content":{"rendered":"<p>A Stellantis, empresa l\u00edder do setor automotivo que det\u00e9m as marcas Abarth, Citro\u00ebn, Fiat, Jeep, Peugeot, Ram, entre outras, est\u00e1 com inscri\u00e7\u00f5es abertas para o Programa Estelar Jovem Aprendiz 2026. Ao todo, s\u00e3o 258 vagas, distribu\u00eddas entre as unidades de Jaboat\u00e3o dos Guararapes (PE), Betim (MG), com participa\u00e7\u00e3o da Teksid, e Porto Real (RJ). As inscri\u00e7\u00f5es s\u00e3o realizadas online e ficam abertas at\u00e9 1\u00ba de mar\u00e7o.<\/p>\n<p>O programa \u00e9 voltado a jovens entre 18 e 21 anos, que tenham conclu\u00eddo o ensino m\u00e9dio e residam em uma das localidades onde as vagas est\u00e3o dispon\u00edveis. Com foco na forma\u00e7\u00e3o de novos talentos, o Programa Estelar Jovem Aprendiz oferece uma jornada estruturada de desenvolvimento profissional, com carga hor\u00e1ria de 30 horas semanais e dura\u00e7\u00e3o entre 18 e 24 meses, combinando atividades te\u00f3ricas e pr\u00e1ticas.<br \/>\nA iniciativa proporciona oportunidades para que os participantes iniciem a carreira conectados ao futuro da mobilidade, integrando a pr\u00e1tica profissional nas unidades da Stellantis com cursos t\u00e9cnicos ou de qualifica\u00e7\u00e3o realizados no SENAI, de acordo com a regi\u00e3o. Ao longo da jornada, os aprendizes contam com o acompanhamento de mentores experientes, que apoiam o aprendizado cont\u00ednuo e o desenvolvimento de compet\u00eancias t\u00e9cnicas e comportamentais.<\/p>\n<p>Os participantes ter\u00e3o acesso a um pacote de benef\u00edcios que inclui alimenta\u00e7\u00e3o, vale-transporte e\/ou transporte fretado, plano de sa\u00fade, acesso ao Wellhub, seguro de vida, brinde de Natal, participa\u00e7\u00e3o no Programa Conte Comigo e parcerias exclusivas por meio do Stellantis Club.<\/p>\n<p>Ao proporcionar uma viv\u00eancia profissional em um ambiente industrial e corporativo inovador, o Programa Estelar Jovem Aprendiz contribui para o desenvolvimento de compet\u00eancias essenciais para o ingresso no mercado de trabalho. Com a iniciativa, a Stellantis reafirma seu papel como agente de transforma\u00e7\u00e3o social e seu compromisso com a constru\u00e7\u00e3o de um futuro mais inclusivo e sustent\u00e1vel.<br \/>\nAs inscri\u00e7\u00f5es j\u00e1 est\u00e3o abertas pelo site <a href=\"https:\/\/www.ciadeestagios.com.br\/vagas\/stellantis\/\" target=\"_blank\" rel=\"noopener\">Programa Estelar Jovem Aprendiz Stellantis 2026.<\/a><\/p>\n","protected":false},"excerpt":{"rendered":"<p>A Stellantis, empresa l\u00edder do setor automotivo que det\u00e9m as marcas Abarth, Citro\u00ebn, Fiat, Jeep, Peugeot, Ram, entre outras, est\u00e1 com inscri\u00e7\u00f5es abertas para o Programa Estelar Jovem Aprendiz 2026. Ao todo, s\u00e3o 258 vagas, distribu\u00eddas entre as unidades de Jaboat\u00e3o dos Guararapes (PE), Betim (MG), com participa\u00e7\u00e3o da Teksid, e Porto Real (RJ). As [&hellip;]<\/p>\n","protected":false},"author":1,"featured_media":59073,"comment_status":"open","ping_status":"open","sticky":false,"template":"","format":"standard","meta":{"tdm_status":"","tdm_grid_status":"","footnotes":""},"categories":[6],"tags":[11846,11850,11845,5326,11847,11841,11844,11848,11851,11849,11842,892,4823,11843],"class_list":["post-59072","post","type-post","status-publish","format-standard","has-post-thumbnail","hentry","category-noticias","tag-betim-mg","tag-carreira-na-industria","tag-emprego-para-jovens","tag-industria-automotiva","tag-jaboatao-dos-guararapes-pe","tag-jovem-aprendiz-stellantis","tag-oportunidades-para-jovens","tag-porto-real-rj","tag-primeiro-emprego","tag-programa-de-aprendizagem","tag-programa-estelar-jovem-aprendiz-2026","tag-senai","tag-stellantis","tag-vagas-jovem-aprendiz"],"yoast_head":"<!-- This site is optimized with the Yoast SEO plugin v27.5 - https:\/\/yoast.com\/product\/yoast-seo-wordpress\/ -->\n<title>Stellantis abre inscri\u00e7\u00f5es para o Programa Estelar Jovem Aprendiz 2026 - CidadeMarketing<\/title>\n<meta name=\"description\" content=\"Stellantis abre inscri\u00e7\u00f5es para o Programa Estelar Jovem Aprendiz 2026 com 258 vagas em PE, MG e RJ. Oportunidades para jovens de 18 a 21 anos.\" \/>\n<meta name=\"robots\" content=\"index, follow, max-snippet:-1, max-image-preview:large, max-video-preview:-1\" \/>\n<link rel=\"canonical\" href=\"https:\/\/www.cidademarketing.com.br\/marketing\/2026\/01\/28\/stellantis-abre-inscricoes-para-o-programa-estelar-jovem-aprendiz-2026\/\" \/>\n<meta property=\"og:locale\" content=\"pt_BR\" \/>\n<meta property=\"og:type\" content=\"article\" \/>\n<meta property=\"og:title\" content=\"Stellantis abre inscri\u00e7\u00f5es para o Programa Estelar Jovem Aprendiz 2026 - CidadeMarketing\" \/>\n<meta property=\"og:description\" content=\"Stellantis abre inscri\u00e7\u00f5es para o Programa Estelar Jovem Aprendiz 2026 com 258 vagas em PE, MG e RJ. Oportunidades para jovens de 18 a 21 anos.\" \/>\n<meta property=\"og:url\" content=\"https:\/\/www.cidademarketing.com.br\/marketing\/2026\/01\/28\/stellantis-abre-inscricoes-para-o-programa-estelar-jovem-aprendiz-2026\/\" \/>\n<meta property=\"og:site_name\" content=\"CidadeMarketing\" \/>\n<meta property=\"article:publisher\" content=\"https:\/\/www.facebook.com\/portalcidademarketing\" \/>\n<meta property=\"article:author\" content=\"https:\/\/www.facebook.com\/thalesbrandao\" \/>\n<meta property=\"article:published_time\" content=\"2026-01-28T03:25:51+00:00\" \/>\n<meta property=\"og:image\" content=\"https:\/\/www.cidademarketing.com.br\/marketing\/wp-content\/uploads\/2026\/01\/stellantis_jovemaprendiz_2026.webp\" \/>\n\t<meta property=\"og:image:width\" content=\"857\" \/>\n\t<meta property=\"og:image:height\" content=\"651\" \/>\n\t<meta property=\"og:image:type\" content=\"image\/webp\" \/>\n<meta name=\"author\" content=\"Thales Brand\u00e3o\" \/>\n<meta name=\"twitter:card\" content=\"summary_large_image\" \/>\n<meta name=\"twitter:creator\" content=\"@http:\/\/www.twitter.com\/thalesbrandao\" \/>\n<meta name=\"twitter:site\" content=\"@CidadeMarketing\" \/>\n<meta name=\"twitter:label1\" content=\"Escrito por\" \/>\n\t<meta name=\"twitter:data1\" content=\"Thales Brand\u00e3o\" \/>\n\t<meta name=\"twitter:label2\" content=\"Est. tempo de leitura\" \/>\n\t<meta name=\"twitter:data2\" content=\"2 minutos\" \/>\n<script type=\"application\/ld+json\" class=\"yoast-schema-graph\">{\"@context\":\"https:\\\/\\\/schema.org\",\"@graph\":[{\"@type\":\"Article\",\"@id\":\"https:\\\/\\\/www.cidademarketing.com.br\\\/marketing\\\/2026\\\/01\\\/28\\\/stellantis-abre-inscricoes-para-o-programa-estelar-jovem-aprendiz-2026\\\/#article\",\"isPartOf\":{\"@id\":\"https:\\\/\\\/www.cidademarketing.com.br\\\/marketing\\\/2026\\\/01\\\/28\\\/stellantis-abre-inscricoes-para-o-programa-estelar-jovem-aprendiz-2026\\\/\"},\"author\":{\"name\":\"Thales Brand\u00e3o\",\"@id\":\"https:\\\/\\\/www.cidademarketing.com.br\\\/marketing\\\/#\\\/schema\\\/person\\\/02daff9f18bd9378c9e01eb6b2db155f\"},\"headline\":\"Stellantis abre inscri\u00e7\u00f5es para o Programa Estelar Jovem Aprendiz 2026\",\"datePublished\":\"2026-01-28T03:25:51+00:00\",\"mainEntityOfPage\":{\"@id\":\"https:\\\/\\\/www.cidademarketing.com.br\\\/marketing\\\/2026\\\/01\\\/28\\\/stellantis-abre-inscricoes-para-o-programa-estelar-jovem-aprendiz-2026\\\/\"},\"wordCount\":347,\"commentCount\":0,\"publisher\":{\"@id\":\"https:\\\/\\\/www.cidademarketing.com.br\\\/marketing\\\/#organization\"},\"image\":{\"@id\":\"https:\\\/\\\/www.cidademarketing.com.br\\\/marketing\\\/2026\\\/01\\\/28\\\/stellantis-abre-inscricoes-para-o-programa-estelar-jovem-aprendiz-2026\\\/#primaryimage\"},\"thumbnailUrl\":\"https:\\\/\\\/www.cidademarketing.com.br\\\/marketing\\\/wp-content\\\/uploads\\\/2026\\\/01\\\/stellantis_jovemaprendiz_2026.webp\",\"keywords\":[\"Betim MG\",\"carreira na ind\u00fastria\",\"emprego para jovens\",\"ind\u00fastria automotiva\",\"Jaboat\u00e3o dos Guararapes PE\",\"Jovem Aprendiz Stellantis\",\"oportunidades para jovens\",\"Porto Real RJ\",\"primeiro emprego\",\"programa de aprendizagem\",\"Programa Estelar Jovem Aprendiz 2026\",\"Senai\",\"Stellantis\",\"vagas jovem aprendiz\"],\"articleSection\":[\"Not\u00edcias\"],\"inLanguage\":\"pt-BR\",\"potentialAction\":[{\"@type\":\"CommentAction\",\"name\":\"Comment\",\"target\":[\"https:\\\/\\\/www.cidademarketing.com.br\\\/marketing\\\/2026\\\/01\\\/28\\\/stellantis-abre-inscricoes-para-o-programa-estelar-jovem-aprendiz-2026\\\/#respond\"]}]},{\"@type\":\"WebPage\",\"@id\":\"https:\\\/\\\/www.cidademarketing.com.br\\\/marketing\\\/2026\\\/01\\\/28\\\/stellantis-abre-inscricoes-para-o-programa-estelar-jovem-aprendiz-2026\\\/\",\"url\":\"https:\\\/\\\/www.cidademarketing.com.br\\\/marketing\\\/2026\\\/01\\\/28\\\/stellantis-abre-inscricoes-para-o-programa-estelar-jovem-aprendiz-2026\\\/\",\"name\":\"Stellantis abre inscri\u00e7\u00f5es para o Programa Estelar Jovem Aprendiz 2026 - CidadeMarketing\",\"isPartOf\":{\"@id\":\"https:\\\/\\\/www.cidademarketing.com.br\\\/marketing\\\/#website\"},\"primaryImageOfPage\":{\"@id\":\"https:\\\/\\\/www.cidademarketing.com.br\\\/marketing\\\/2026\\\/01\\\/28\\\/stellantis-abre-inscricoes-para-o-programa-estelar-jovem-aprendiz-2026\\\/#primaryimage\"},\"image\":{\"@id\":\"https:\\\/\\\/www.cidademarketing.com.br\\\/marketing\\\/2026\\\/01\\\/28\\\/stellantis-abre-inscricoes-para-o-programa-estelar-jovem-aprendiz-2026\\\/#primaryimage\"},\"thumbnailUrl\":\"https:\\\/\\\/www.cidademarketing.com.br\\\/marketing\\\/wp-content\\\/uploads\\\/2026\\\/01\\\/stellantis_jovemaprendiz_2026.webp\",\"datePublished\":\"2026-01-28T03:25:51+00:00\",\"description\":\"Stellantis abre inscri\u00e7\u00f5es para o Programa Estelar Jovem Aprendiz 2026 com 258 vagas em PE, MG e RJ. Oportunidades para jovens de 18 a 21 anos.\",\"breadcrumb\":{\"@id\":\"https:\\\/\\\/www.cidademarketing.com.br\\\/marketing\\\/2026\\\/01\\\/28\\\/stellantis-abre-inscricoes-para-o-programa-estelar-jovem-aprendiz-2026\\\/#breadcrumb\"},\"inLanguage\":\"pt-BR\",\"potentialAction\":[{\"@type\":\"ReadAction\",\"target\":[\"https:\\\/\\\/www.cidademarketing.com.br\\\/marketing\\\/2026\\\/01\\\/28\\\/stellantis-abre-inscricoes-para-o-programa-estelar-jovem-aprendiz-2026\\\/\"]}]},{\"@type\":\"ImageObject\",\"inLanguage\":\"pt-BR\",\"@id\":\"https:\\\/\\\/www.cidademarketing.com.br\\\/marketing\\\/2026\\\/01\\\/28\\\/stellantis-abre-inscricoes-para-o-programa-estelar-jovem-aprendiz-2026\\\/#primaryimage\",\"url\":\"https:\\\/\\\/www.cidademarketing.com.br\\\/marketing\\\/wp-content\\\/uploads\\\/2026\\\/01\\\/stellantis_jovemaprendiz_2026.webp\",\"contentUrl\":\"https:\\\/\\\/www.cidademarketing.com.br\\\/marketing\\\/wp-content\\\/uploads\\\/2026\\\/01\\\/stellantis_jovemaprendiz_2026.webp\",\"width\":857,\"height\":651,\"caption\":\"Divulga\u00e7\u00e3o\"},{\"@type\":\"BreadcrumbList\",\"@id\":\"https:\\\/\\\/www.cidademarketing.com.br\\\/marketing\\\/2026\\\/01\\\/28\\\/stellantis-abre-inscricoes-para-o-programa-estelar-jovem-aprendiz-2026\\\/#breadcrumb\",\"itemListElement\":[{\"@type\":\"ListItem\",\"position\":1,\"name\":\"In\u00edcio\",\"item\":\"https:\\\/\\\/www.cidademarketing.com.br\\\/marketing\\\/\"},{\"@type\":\"ListItem\",\"position\":2,\"name\":\"Stellantis abre inscri\u00e7\u00f5es para o Programa Estelar Jovem Aprendiz 2026\"}]},{\"@type\":\"WebSite\",\"@id\":\"https:\\\/\\\/www.cidademarketing.com.br\\\/marketing\\\/#website\",\"url\":\"https:\\\/\\\/www.cidademarketing.com.br\\\/marketing\\\/\",\"name\":\"CidadeMarketing\",\"description\":\"Somos um ve\u00edculo de comunica\u00e7\u00e3o de destaque no Brasil, reconhecido por conte\u00fados nos segmentos de marketing, empreendedorismo e inova\u00e7\u00e3o.\",\"publisher\":{\"@id\":\"https:\\\/\\\/www.cidademarketing.com.br\\\/marketing\\\/#organization\"},\"alternateName\":\"CidadeMarketing\",\"potentialAction\":[{\"@type\":\"SearchAction\",\"target\":{\"@type\":\"EntryPoint\",\"urlTemplate\":\"https:\\\/\\\/www.cidademarketing.com.br\\\/marketing\\\/?s={search_term_string}\"},\"query-input\":{\"@type\":\"PropertyValueSpecification\",\"valueRequired\":true,\"valueName\":\"search_term_string\"}}],\"inLanguage\":\"pt-BR\"},{\"@type\":\"Organization\",\"@id\":\"https:\\\/\\\/www.cidademarketing.com.br\\\/marketing\\\/#organization\",\"name\":\"CidadeMarketing\",\"alternateName\":\"CidadeMarketing\",\"url\":\"https:\\\/\\\/www.cidademarketing.com.br\\\/marketing\\\/\",\"logo\":{\"@type\":\"ImageObject\",\"inLanguage\":\"pt-BR\",\"@id\":\"https:\\\/\\\/www.cidademarketing.com.br\\\/marketing\\\/#\\\/schema\\\/logo\\\/image\\\/\",\"url\":\"https:\\\/\\\/www.cidademarketing.com.br\\\/marketing\\\/wp-content\\\/uploads\\\/2020\\\/01\\\/cidademarketing_marca_mobile.png\",\"contentUrl\":\"https:\\\/\\\/www.cidademarketing.com.br\\\/marketing\\\/wp-content\\\/uploads\\\/2020\\\/01\\\/cidademarketing_marca_mobile.png\",\"width\":230,\"height\":92,\"caption\":\"CidadeMarketing\"},\"image\":{\"@id\":\"https:\\\/\\\/www.cidademarketing.com.br\\\/marketing\\\/#\\\/schema\\\/logo\\\/image\\\/\"},\"sameAs\":[\"https:\\\/\\\/www.facebook.com\\\/portalcidademarketing\",\"https:\\\/\\\/x.com\\\/CidadeMarketing\",\"https:\\\/\\\/www.instagram.com\\\/cidademarketing\\\/\"]},{\"@type\":\"Person\",\"@id\":\"https:\\\/\\\/www.cidademarketing.com.br\\\/marketing\\\/#\\\/schema\\\/person\\\/02daff9f18bd9378c9e01eb6b2db155f\",\"name\":\"Thales Brand\u00e3o\",\"image\":{\"@type\":\"ImageObject\",\"inLanguage\":\"pt-BR\",\"@id\":\"https:\\\/\\\/secure.gravatar.com\\\/avatar\\\/7ca3206950207cc3cb48feec56a8a7898741ab725c368d99d5d7a5a50aab80c6?s=96&d=mm&r=g\",\"url\":\"https:\\\/\\\/secure.gravatar.com\\\/avatar\\\/7ca3206950207cc3cb48feec56a8a7898741ab725c368d99d5d7a5a50aab80c6?s=96&d=mm&r=g\",\"contentUrl\":\"https:\\\/\\\/secure.gravatar.com\\\/avatar\\\/7ca3206950207cc3cb48feec56a8a7898741ab725c368d99d5d7a5a50aab80c6?s=96&d=mm&r=g\",\"caption\":\"Thales Brand\u00e3o\"},\"description\":\"Editor Executivo do Portal CidadeMarketing.com.br &gt; Mestre em Comunica\u00e7\u00e3o e Sociedade pela Universidade Federal de Sergipe. Possui MBA Executivo em Administra\u00e7\u00e3o com \u00eanfase em Marketing pela Funda\u00e7\u00e3o Get\u00falio Vargas - Rio de Janeiro. Consultor, Palestrante e Pesquisador sobre Empreendedorismo, Marketing, Redes Sociais e Neg\u00f3cios Digitais. Professor, Palestrante TedxTalks e Campus Party. Twitter: @ThalesBrandao\",\"sameAs\":[\"http:\\\/\\\/www.mandacaru.com.br\",\"https:\\\/\\\/www.facebook.com\\\/thalesbrandao\",\"http:\\\/\\\/www.instagram.com.br\\\/thalesbrandaoferreira\",\"https:\\\/\\\/www.linkedin.com\\\/in\\\/thales-brand\u00e3o-3948609\\\/\",\"https:\\\/\\\/x.com\\\/http:\\\/\\\/www.twitter.com\\\/thalesbrandao\"],\"url\":\"https:\\\/\\\/www.cidademarketing.com.br\\\/marketing\\\/author\\\/thalesbrandao\\\/\"}]}<\/script>\n<!-- \/ Yoast SEO plugin. -->","yoast_head_json":{"title":"Stellantis abre inscri\u00e7\u00f5es para o Programa Estelar Jovem Aprendiz 2026 - CidadeMarketing","description":"Stellantis abre inscri\u00e7\u00f5es para o Programa Estelar Jovem Aprendiz 2026 com 258 vagas em PE, MG e RJ. Oportunidades para jovens de 18 a 21 anos.","robots":{"index":"index","follow":"follow","max-snippet":"max-snippet:-1","max-image-preview":"max-image-preview:large","max-video-preview":"max-video-preview:-1"},"canonical":"https:\/\/www.cidademarketing.com.br\/marketing\/2026\/01\/28\/stellantis-abre-inscricoes-para-o-programa-estelar-jovem-aprendiz-2026\/","og_locale":"pt_BR","og_type":"article","og_title":"Stellantis abre inscri\u00e7\u00f5es para o Programa Estelar Jovem Aprendiz 2026 - CidadeMarketing","og_description":"Stellantis abre inscri\u00e7\u00f5es para o Programa Estelar Jovem Aprendiz 2026 com 258 vagas em PE, MG e RJ. Oportunidades para jovens de 18 a 21 anos.","og_url":"https:\/\/www.cidademarketing.com.br\/marketing\/2026\/01\/28\/stellantis-abre-inscricoes-para-o-programa-estelar-jovem-aprendiz-2026\/","og_site_name":"CidadeMarketing","article_publisher":"https:\/\/www.facebook.com\/portalcidademarketing","article_author":"https:\/\/www.facebook.com\/thalesbrandao","article_published_time":"2026-01-28T03:25:51+00:00","og_image":[{"width":857,"height":651,"url":"https:\/\/www.cidademarketing.com.br\/marketing\/wp-content\/uploads\/2026\/01\/stellantis_jovemaprendiz_2026.webp","type":"image\/webp"}],"author":"Thales Brand\u00e3o","twitter_card":"summary_large_image","twitter_creator":"@http:\/\/www.twitter.com\/thalesbrandao","twitter_site":"@CidadeMarketing","twitter_misc":{"Escrito por":"Thales Brand\u00e3o","Est. tempo de leitura":"2 minutos"},"schema":{"@context":"https:\/\/schema.org","@graph":[{"@type":"Article","@id":"https:\/\/www.cidademarketing.com.br\/marketing\/2026\/01\/28\/stellantis-abre-inscricoes-para-o-programa-estelar-jovem-aprendiz-2026\/#article","isPartOf":{"@id":"https:\/\/www.cidademarketing.com.br\/marketing\/2026\/01\/28\/stellantis-abre-inscricoes-para-o-programa-estelar-jovem-aprendiz-2026\/"},"author":{"name":"Thales Brand\u00e3o","@id":"https:\/\/www.cidademarketing.com.br\/marketing\/#\/schema\/person\/02daff9f18bd9378c9e01eb6b2db155f"},"headline":"Stellantis abre inscri\u00e7\u00f5es para o Programa Estelar Jovem Aprendiz 2026","datePublished":"2026-01-28T03:25:51+00:00","mainEntityOfPage":{"@id":"https:\/\/www.cidademarketing.com.br\/marketing\/2026\/01\/28\/stellantis-abre-inscricoes-para-o-programa-estelar-jovem-aprendiz-2026\/"},"wordCount":347,"commentCount":0,"publisher":{"@id":"https:\/\/www.cidademarketing.com.br\/marketing\/#organization"},"image":{"@id":"https:\/\/www.cidademarketing.com.br\/marketing\/2026\/01\/28\/stellantis-abre-inscricoes-para-o-programa-estelar-jovem-aprendiz-2026\/#primaryimage"},"thumbnailUrl":"https:\/\/www.cidademarketing.com.br\/marketing\/wp-content\/uploads\/2026\/01\/stellantis_jovemaprendiz_2026.webp","keywords":["Betim MG","carreira na ind\u00fastria","emprego para jovens","ind\u00fastria automotiva","Jaboat\u00e3o dos Guararapes PE","Jovem Aprendiz Stellantis","oportunidades para jovens","Porto Real RJ","primeiro emprego","programa de aprendizagem","Programa Estelar Jovem Aprendiz 2026","Senai","Stellantis","vagas jovem aprendiz"],"articleSection":["Not\u00edcias"],"inLanguage":"pt-BR","potentialAction":[{"@type":"CommentAction","name":"Comment","target":["https:\/\/www.cidademarketing.com.br\/marketing\/2026\/01\/28\/stellantis-abre-inscricoes-para-o-programa-estelar-jovem-aprendiz-2026\/#respond"]}]},{"@type":"WebPage","@id":"https:\/\/www.cidademarketing.com.br\/marketing\/2026\/01\/28\/stellantis-abre-inscricoes-para-o-programa-estelar-jovem-aprendiz-2026\/","url":"https:\/\/www.cidademarketing.com.br\/marketing\/2026\/01\/28\/stellantis-abre-inscricoes-para-o-programa-estelar-jovem-aprendiz-2026\/","name":"Stellantis abre inscri\u00e7\u00f5es para o Programa Estelar Jovem Aprendiz 2026 - CidadeMarketing","isPartOf":{"@id":"https:\/\/www.cidademarketing.com.br\/marketing\/#website"},"primaryImageOfPage":{"@id":"https:\/\/www.cidademarketing.com.br\/marketing\/2026\/01\/28\/stellantis-abre-inscricoes-para-o-programa-estelar-jovem-aprendiz-2026\/#primaryimage"},"image":{"@id":"https:\/\/www.cidademarketing.com.br\/marketing\/2026\/01\/28\/stellantis-abre-inscricoes-para-o-programa-estelar-jovem-aprendiz-2026\/#primaryimage"},"thumbnailUrl":"https:\/\/www.cidademarketing.com.br\/marketing\/wp-content\/uploads\/2026\/01\/stellantis_jovemaprendiz_2026.webp","datePublished":"2026-01-28T03:25:51+00:00","description":"Stellantis abre inscri\u00e7\u00f5es para o Programa Estelar Jovem Aprendiz 2026 com 258 vagas em PE, MG e RJ. Oportunidades para jovens de 18 a 21 anos.","breadcrumb":{"@id":"https:\/\/www.cidademarketing.com.br\/marketing\/2026\/01\/28\/stellantis-abre-inscricoes-para-o-programa-estelar-jovem-aprendiz-2026\/#breadcrumb"},"inLanguage":"pt-BR","potentialAction":[{"@type":"ReadAction","target":["https:\/\/www.cidademarketing.com.br\/marketing\/2026\/01\/28\/stellantis-abre-inscricoes-para-o-programa-estelar-jovem-aprendiz-2026\/"]}]},{"@type":"ImageObject","inLanguage":"pt-BR","@id":"https:\/\/www.cidademarketing.com.br\/marketing\/2026\/01\/28\/stellantis-abre-inscricoes-para-o-programa-estelar-jovem-aprendiz-2026\/#primaryimage","url":"https:\/\/www.cidademarketing.com.br\/marketing\/wp-content\/uploads\/2026\/01\/stellantis_jovemaprendiz_2026.webp","contentUrl":"https:\/\/www.cidademarketing.com.br\/marketing\/wp-content\/uploads\/2026\/01\/stellantis_jovemaprendiz_2026.webp","width":857,"height":651,"caption":"Divulga\u00e7\u00e3o"},{"@type":"BreadcrumbList","@id":"https:\/\/www.cidademarketing.com.br\/marketing\/2026\/01\/28\/stellantis-abre-inscricoes-para-o-programa-estelar-jovem-aprendiz-2026\/#breadcrumb","itemListElement":[{"@type":"ListItem","position":1,"name":"In\u00edcio","item":"https:\/\/www.cidademarketing.com.br\/marketing\/"},{"@type":"ListItem","position":2,"name":"Stellantis abre inscri\u00e7\u00f5es para o Programa Estelar Jovem Aprendiz 2026"}]},{"@type":"WebSite","@id":"https:\/\/www.cidademarketing.com.br\/marketing\/#website","url":"https:\/\/www.cidademarketing.com.br\/marketing\/","name":"CidadeMarketing","description":"Somos um ve\u00edculo de comunica\u00e7\u00e3o de destaque no Brasil, reconhecido por conte\u00fados nos segmentos de marketing, empreendedorismo e inova\u00e7\u00e3o.","publisher":{"@id":"https:\/\/www.cidademarketing.com.br\/marketing\/#organization"},"alternateName":"CidadeMarketing","potentialAction":[{"@type":"SearchAction","target":{"@type":"EntryPoint","urlTemplate":"https:\/\/www.cidademarketing.com.br\/marketing\/?s={search_term_string}"},"query-input":{"@type":"PropertyValueSpecification","valueRequired":true,"valueName":"search_term_string"}}],"inLanguage":"pt-BR"},{"@type":"Organization","@id":"https:\/\/www.cidademarketing.com.br\/marketing\/#organization","name":"CidadeMarketing","alternateName":"CidadeMarketing","url":"https:\/\/www.cidademarketing.com.br\/marketing\/","logo":{"@type":"ImageObject","inLanguage":"pt-BR","@id":"https:\/\/www.cidademarketing.com.br\/marketing\/#\/schema\/logo\/image\/","url":"https:\/\/www.cidademarketing.com.br\/marketing\/wp-content\/uploads\/2020\/01\/cidademarketing_marca_mobile.png","contentUrl":"https:\/\/www.cidademarketing.com.br\/marketing\/wp-content\/uploads\/2020\/01\/cidademarketing_marca_mobile.png","width":230,"height":92,"caption":"CidadeMarketing"},"image":{"@id":"https:\/\/www.cidademarketing.com.br\/marketing\/#\/schema\/logo\/image\/"},"sameAs":["https:\/\/www.facebook.com\/portalcidademarketing","https:\/\/x.com\/CidadeMarketing","https:\/\/www.instagram.com\/cidademarketing\/"]},{"@type":"Person","@id":"https:\/\/www.cidademarketing.com.br\/marketing\/#\/schema\/person\/02daff9f18bd9378c9e01eb6b2db155f","name":"Thales Brand\u00e3o","image":{"@type":"ImageObject","inLanguage":"pt-BR","@id":"https:\/\/secure.gravatar.com\/avatar\/7ca3206950207cc3cb48feec56a8a7898741ab725c368d99d5d7a5a50aab80c6?s=96&d=mm&r=g","url":"https:\/\/secure.gravatar.com\/avatar\/7ca3206950207cc3cb48feec56a8a7898741ab725c368d99d5d7a5a50aab80c6?s=96&d=mm&r=g","contentUrl":"https:\/\/secure.gravatar.com\/avatar\/7ca3206950207cc3cb48feec56a8a7898741ab725c368d99d5d7a5a50aab80c6?s=96&d=mm&r=g","caption":"Thales Brand\u00e3o"},"description":"Editor Executivo do Portal CidadeMarketing.com.br &gt; Mestre em Comunica\u00e7\u00e3o e Sociedade pela Universidade Federal de Sergipe. Possui MBA Executivo em Administra\u00e7\u00e3o com \u00eanfase em Marketing pela Funda\u00e7\u00e3o Get\u00falio Vargas - Rio de Janeiro. Consultor, Palestrante e Pesquisador sobre Empreendedorismo, Marketing, Redes Sociais e Neg\u00f3cios Digitais. Professor, Palestrante TedxTalks e Campus Party. Twitter: @ThalesBrandao","sameAs":["http:\/\/www.mandacaru.com.br","https:\/\/www.facebook.com\/thalesbrandao","http:\/\/www.instagram.com.br\/thalesbrandaoferreira","https:\/\/www.linkedin.com\/in\/thales-brand\u00e3o-3948609\/","https:\/\/x.com\/http:\/\/www.twitter.com\/thalesbrandao"],"url":"https:\/\/www.cidademarketing.com.br\/marketing\/author\/thalesbrandao\/"}]}},"amp_enabled":true,"_links":{"self":[{"href":"https:\/\/www.cidademarketing.com.br\/marketing\/wp-json\/wp\/v2\/posts\/59072","targetHints":{"allow":["GET"]}}],"collection":[{"href":"https:\/\/www.cidademarketing.com.br\/marketing\/wp-json\/wp\/v2\/posts"}],"about":[{"href":"https:\/\/www.cidademarketing.com.br\/marketing\/wp-json\/wp\/v2\/types\/post"}],"author":[{"embeddable":true,"href":"https:\/\/www.cidademarketing.com.br\/marketing\/wp-json\/wp\/v2\/users\/1"}],"replies":[{"embeddable":true,"href":"https:\/\/www.cidademarketing.com.br\/marketing\/wp-json\/wp\/v2\/comments?post=59072"}],"version-history":[{"count":1,"href":"https:\/\/www.cidademarketing.com.br\/marketing\/wp-json\/wp\/v2\/posts\/59072\/revisions"}],"predecessor-version":[{"id":59074,"href":"https:\/\/www.cidademarketing.com.br\/marketing\/wp-json\/wp\/v2\/posts\/59072\/revisions\/59074"}],"wp:featuredmedia":[{"embeddable":true,"href":"https:\/\/www.cidademarketing.com.br\/marketing\/wp-json\/wp\/v2\/media\/59073"}],"wp:attachment":[{"href":"https:\/\/www.cidademarketing.com.br\/marketing\/wp-json\/wp\/v2\/media?parent=59072"}],"wp:term":[{"taxonomy":"category","embeddable":true,"href":"https:\/\/www.cidademarketing.com.br\/marketing\/wp-json\/wp\/v2\/categories?post=59072"},{"taxonomy":"post_tag","embeddable":true,"href":"https:\/\/www.cidademarketing.com.br\/marketing\/wp-json\/wp\/v2\/tags?post=59072"}],"curies":[{"name":"wp","href":"https:\/\/api.w.org\/{rel}","templated":true}]}}