{"id":59068,"date":"2026-01-28T00:02:57","date_gmt":"2026-01-28T03:02:57","guid":{"rendered":"https:\/\/www.cidademarketing.com.br\/marketing\/?p=59068"},"modified":"2026-01-28T00:02:57","modified_gmt":"2026-01-28T03:02:57","slug":"piracanjuba-compra-marca-mineira-de-queijos-finos","status":"publish","type":"post","link":"https:\/\/www.cidademarketing.com.br\/marketing\/2026\/01\/28\/piracanjuba-compra-marca-mineira-de-queijos-finos\/","title":{"rendered":"Piracanjuba compra marca mineira de queijos finos"},"content":{"rendered":"<p>O Grupo Piracanjuba anunciou a aquisi\u00e7\u00e3o da B\u00e1sel L\u00e1cteos, ind\u00fastria especializada em queijos finos localizada no munic\u00edpio de Ant\u00f4nio Carlos, em Minas Gerais, na regi\u00e3o da Serra da Mantiqueira. Empresa familiar, cujos fundadores acumulam mais de 50 anos de experi\u00eancia no setor, a B\u00e1sel \u00e9 reconhecida pela tradi\u00e7\u00e3o e pela qualidade de seus produtos. Com a opera\u00e7\u00e3o, a companhia goiana passa a contar com dez unidades industriais em funcionamento no Brasil.<\/p>\n<p><img fetchpriority=\"high\" decoding=\"async\" class=\"alignnone wp-image-59070 size-full\" src=\"https:\/\/www.cidademarketing.com.br\/marketing\/wp-content\/uploads\/2026\/01\/grupo_piracanjuba_basel_lacteos.webp\" alt=\"Aquisi\u00e7\u00e3o da B\u00e1sel L\u00e1cteos fortalece portf\u00f3lio premium e marca a d\u00e9cima unidade industrial do grupo\" width=\"651\" height=\"257\" srcset=\"https:\/\/www.cidademarketing.com.br\/marketing\/wp-content\/uploads\/2026\/01\/grupo_piracanjuba_basel_lacteos.webp 651w, https:\/\/www.cidademarketing.com.br\/marketing\/wp-content\/uploads\/2026\/01\/grupo_piracanjuba_basel_lacteos-300x118.webp 300w, https:\/\/www.cidademarketing.com.br\/marketing\/wp-content\/uploads\/2026\/01\/grupo_piracanjuba_basel_lacteos-640x253.webp 640w\" sizes=\"(max-width: 651px) 100vw, 651px\" \/><\/p>\n<p>A aquisi\u00e7\u00e3o est\u00e1 alinhada ao plano de expans\u00e3o do Grupo Piracanjuba no segmento de queijos especiais e \u00e0 amplia\u00e7\u00e3o de sua presen\u00e7a nacional. Reconhecida por sua linha premium, que inclui variedades como Emmental, Gruy\u00e8re, Maasdam e Gouda, a B\u00e1sel L\u00e1cteos agrega valor ao portf\u00f3lio da companhia e fortalece sua atua\u00e7\u00e3o em categorias de alto padr\u00e3o.<\/p>\n<p>Neste primeiro momento, o foco da empresa ser\u00e1 a manuten\u00e7\u00e3o da linha de produ\u00e7\u00e3o atual. \u201cNossa prioridade \u00e9 preservar o que a B\u00e1sel construiu at\u00e9 aqui. Para o futuro, a expectativa \u00e9 ampliar gradualmente o portf\u00f3lio e a capacidade produtiva da planta\u201d, afirma Luiz Claudio Lorenzo, presidente do Grupo Piracanjuba.<\/p>\n<p>Instalada em uma regi\u00e3o de forte tradi\u00e7\u00e3o leiteira e com caracter\u00edsticas naturais privilegiadas, a f\u00e1brica est\u00e1 situada em um munic\u00edpio com pouco mais de 11 mil habitantes, segundo o Censo 2022 do IBGE. Ant\u00f4nio Carlos \u00e9 reconhecida pela produ\u00e7\u00e3o de alguns dos queijos mais nobres do pa\u00eds, resultado das particularidades do leite local, influenciado pelo clima ameno, pela altitude e pelas pastagens naturalmente prop\u00edcias \u00e0 atividade agropecu\u00e1ria.<\/p>\n<p><strong>Transi\u00e7\u00e3o planejada e amplia\u00e7\u00e3o de mercado<br \/>\n<\/strong>Atualmente, a distribui\u00e7\u00e3o da B\u00e1sel est\u00e1 concentrada no estado do Rio de Janeiro. O planejamento prev\u00ea a expans\u00e3o da comercializa\u00e7\u00e3o para todo o territ\u00f3rio nacional, j\u00e1 sob a marca Piracanjuba.<\/p>\n<p>A conclus\u00e3o da transa\u00e7\u00e3o est\u00e1 condicionada \u00e0 aprova\u00e7\u00e3o do Conselho Administrativo de Defesa Econ\u00f4mica (CADE). At\u00e9 que haja decis\u00e3o definitiva do \u00f3rg\u00e3o, a B\u00e1sel L\u00e1cteos e o Grupo Piracanjuba seguir\u00e3o operando de forma aut\u00f4noma e independente.<\/p>\n<p>A companhia informa ainda que pretende manter todos os postos de trabalho diretos, atualmente em torno de 100 colaboradores, majoritariamente em fun\u00e7\u00f5es fabris. Os produtores de leite que abastecem a unidade tamb\u00e9m ser\u00e3o visitados individualmente em momento oportuno.<\/p>\n<p>\u201cNosso objetivo \u00e9 que essa transi\u00e7\u00e3o ocorra da forma mais harmoniosa poss\u00edvel para colaboradores, fornecedores e para a comunidade local. Queremos refor\u00e7ar o prop\u00f3sito do Grupo Piracanjuba, que \u00e9 o cuidado que alimenta a vida. Para n\u00f3s, nutrir rela\u00e7\u00f5es \u00e9 t\u00e3o importante quanto nutrir pessoas, e isso come\u00e7a pelo respeito ao nosso time e aos produtores de leite\u201d, destaca Luiz Claudio.<\/p>\n<p>Para os pr\u00f3ximos anos, o grupo prev\u00ea investimentos na moderniza\u00e7\u00e3o da planta, no aumento da capacidade produtiva e na amplia\u00e7\u00e3o gradual do portf\u00f3lio, consolidando sua entrada definitiva no mercado brasileiro de queijos finos.<\/p>\n","protected":false},"excerpt":{"rendered":"<p>O Grupo Piracanjuba anunciou a aquisi\u00e7\u00e3o da B\u00e1sel L\u00e1cteos, ind\u00fastria especializada em queijos finos localizada no munic\u00edpio de Ant\u00f4nio Carlos, em Minas Gerais, na regi\u00e3o da Serra da Mantiqueira. Empresa familiar, cujos fundadores acumulam mais de 50 anos de experi\u00eancia no setor, a B\u00e1sel \u00e9 reconhecida pela tradi\u00e7\u00e3o e pela qualidade de seus produtos. Com [&hellip;]<\/p>\n","protected":false},"author":1,"featured_media":59069,"comment_status":"open","ping_status":"open","sticky":false,"template":"","format":"standard","meta":{"tdm_status":"","tdm_grid_status":"","footnotes":""},"categories":[6],"tags":[594,11826,11828,11837,11834,11839,11838,11684,11833,11840,11830,1468,11829,11827,11836,11832,11831,11835],"class_list":["post-59068","post","type-post","status-publish","format-standard","has-post-thumbnail","hentry","category-noticias","tag-agronegocio","tag-aquisicao-piracanjuba","tag-basel-lacteos","tag-emmental","tag-expansao-piracanjuba","tag-gouda","tag-gruyere","tag-industria-brasileira","tag-industria-de-alimentos","tag-maasdam","tag-mercado-de-laticinios","tag-piracanjuba","tag-queijos-especiais","tag-queijos-finos","tag-queijos-mineiros","tag-queijos-premium","tag-serra-da-mantiqueira","tag-setor-lacteo"],"yoast_head":"<!-- This site is optimized with the Yoast SEO plugin v27.5 - https:\/\/yoast.com\/product\/yoast-seo-wordpress\/ -->\n<title>Piracanjuba compra marca mineira de queijos finos - CidadeMarketing<\/title>\n<meta name=\"description\" content=\"Piracanjuba anuncia a compra da B\u00e1sel L\u00e1cteos, marca mineira de queijos finos. Aquisi\u00e7\u00e3o amplia presen\u00e7a no segmento premium e no mercado nacional.\" \/>\n<meta name=\"robots\" content=\"index, follow, max-snippet:-1, max-image-preview:large, max-video-preview:-1\" \/>\n<link rel=\"canonical\" href=\"https:\/\/www.cidademarketing.com.br\/marketing\/2026\/01\/28\/piracanjuba-compra-marca-mineira-de-queijos-finos\/\" \/>\n<meta property=\"og:locale\" content=\"pt_BR\" \/>\n<meta property=\"og:type\" content=\"article\" \/>\n<meta property=\"og:title\" content=\"Piracanjuba compra marca mineira de queijos finos - CidadeMarketing\" \/>\n<meta property=\"og:description\" content=\"Piracanjuba anuncia a compra da B\u00e1sel L\u00e1cteos, marca mineira de queijos finos. Aquisi\u00e7\u00e3o amplia presen\u00e7a no segmento premium e no mercado nacional.\" \/>\n<meta property=\"og:url\" content=\"https:\/\/www.cidademarketing.com.br\/marketing\/2026\/01\/28\/piracanjuba-compra-marca-mineira-de-queijos-finos\/\" \/>\n<meta property=\"og:site_name\" content=\"CidadeMarketing\" \/>\n<meta property=\"article:publisher\" content=\"https:\/\/www.facebook.com\/portalcidademarketing\" \/>\n<meta property=\"article:author\" content=\"https:\/\/www.facebook.com\/thalesbrandao\" \/>\n<meta property=\"article:published_time\" content=\"2026-01-28T03:02:57+00:00\" \/>\n<meta property=\"og:image\" content=\"https:\/\/www.cidademarketing.com.br\/marketing\/wp-content\/uploads\/2026\/01\/grupo_piracanjuba_basel_lacteos_02.webp\" \/>\n\t<meta property=\"og:image:width\" content=\"850\" \/>\n\t<meta property=\"og:image:height\" content=\"478\" \/>\n\t<meta property=\"og:image:type\" content=\"image\/webp\" \/>\n<meta name=\"author\" content=\"Thales Brand\u00e3o\" \/>\n<meta name=\"twitter:card\" content=\"summary_large_image\" \/>\n<meta name=\"twitter:creator\" content=\"@http:\/\/www.twitter.com\/thalesbrandao\" \/>\n<meta name=\"twitter:site\" content=\"@CidadeMarketing\" \/>\n<meta name=\"twitter:label1\" content=\"Escrito por\" \/>\n\t<meta name=\"twitter:data1\" content=\"Thales Brand\u00e3o\" \/>\n\t<meta name=\"twitter:label2\" content=\"Est. tempo de leitura\" \/>\n\t<meta name=\"twitter:data2\" content=\"3 minutos\" \/>\n<script type=\"application\/ld+json\" class=\"yoast-schema-graph\">{\"@context\":\"https:\\\/\\\/schema.org\",\"@graph\":[{\"@type\":\"Article\",\"@id\":\"https:\\\/\\\/www.cidademarketing.com.br\\\/marketing\\\/2026\\\/01\\\/28\\\/piracanjuba-compra-marca-mineira-de-queijos-finos\\\/#article\",\"isPartOf\":{\"@id\":\"https:\\\/\\\/www.cidademarketing.com.br\\\/marketing\\\/2026\\\/01\\\/28\\\/piracanjuba-compra-marca-mineira-de-queijos-finos\\\/\"},\"author\":{\"name\":\"Thales Brand\u00e3o\",\"@id\":\"https:\\\/\\\/www.cidademarketing.com.br\\\/marketing\\\/#\\\/schema\\\/person\\\/02daff9f18bd9378c9e01eb6b2db155f\"},\"headline\":\"Piracanjuba compra marca mineira de queijos finos\",\"datePublished\":\"2026-01-28T03:02:57+00:00\",\"mainEntityOfPage\":{\"@id\":\"https:\\\/\\\/www.cidademarketing.com.br\\\/marketing\\\/2026\\\/01\\\/28\\\/piracanjuba-compra-marca-mineira-de-queijos-finos\\\/\"},\"wordCount\":507,\"commentCount\":0,\"publisher\":{\"@id\":\"https:\\\/\\\/www.cidademarketing.com.br\\\/marketing\\\/#organization\"},\"image\":{\"@id\":\"https:\\\/\\\/www.cidademarketing.com.br\\\/marketing\\\/2026\\\/01\\\/28\\\/piracanjuba-compra-marca-mineira-de-queijos-finos\\\/#primaryimage\"},\"thumbnailUrl\":\"https:\\\/\\\/www.cidademarketing.com.br\\\/marketing\\\/wp-content\\\/uploads\\\/2026\\\/01\\\/grupo_piracanjuba_basel_lacteos_02.webp\",\"keywords\":[\"agroneg\u00f3cio\",\"aquisi\u00e7\u00e3o Piracanjuba\",\"Basel L\u00e1cteos\",\"Emmental\",\"expans\u00e3o Piracanjuba\",\"Gouda\",\"Gruy\u00e8re\",\"ind\u00fastria brasileira\",\"ind\u00fastria de alimentos\",\"Maasdam\",\"mercado de latic\u00ednios\",\"Piracanjuba\",\"queijos especiais\",\"queijos finos\",\"queijos mineiros\",\"queijos premium\",\"Serra da Mantiqueira\",\"setor l\u00e1cteo\"],\"articleSection\":[\"Not\u00edcias\"],\"inLanguage\":\"pt-BR\",\"potentialAction\":[{\"@type\":\"CommentAction\",\"name\":\"Comment\",\"target\":[\"https:\\\/\\\/www.cidademarketing.com.br\\\/marketing\\\/2026\\\/01\\\/28\\\/piracanjuba-compra-marca-mineira-de-queijos-finos\\\/#respond\"]}]},{\"@type\":\"WebPage\",\"@id\":\"https:\\\/\\\/www.cidademarketing.com.br\\\/marketing\\\/2026\\\/01\\\/28\\\/piracanjuba-compra-marca-mineira-de-queijos-finos\\\/\",\"url\":\"https:\\\/\\\/www.cidademarketing.com.br\\\/marketing\\\/2026\\\/01\\\/28\\\/piracanjuba-compra-marca-mineira-de-queijos-finos\\\/\",\"name\":\"Piracanjuba compra marca mineira de queijos finos - CidadeMarketing\",\"isPartOf\":{\"@id\":\"https:\\\/\\\/www.cidademarketing.com.br\\\/marketing\\\/#website\"},\"primaryImageOfPage\":{\"@id\":\"https:\\\/\\\/www.cidademarketing.com.br\\\/marketing\\\/2026\\\/01\\\/28\\\/piracanjuba-compra-marca-mineira-de-queijos-finos\\\/#primaryimage\"},\"image\":{\"@id\":\"https:\\\/\\\/www.cidademarketing.com.br\\\/marketing\\\/2026\\\/01\\\/28\\\/piracanjuba-compra-marca-mineira-de-queijos-finos\\\/#primaryimage\"},\"thumbnailUrl\":\"https:\\\/\\\/www.cidademarketing.com.br\\\/marketing\\\/wp-content\\\/uploads\\\/2026\\\/01\\\/grupo_piracanjuba_basel_lacteos_02.webp\",\"datePublished\":\"2026-01-28T03:02:57+00:00\",\"description\":\"Piracanjuba anuncia a compra da B\u00e1sel L\u00e1cteos, marca mineira de queijos finos. Aquisi\u00e7\u00e3o amplia presen\u00e7a no segmento premium e no mercado nacional.\",\"breadcrumb\":{\"@id\":\"https:\\\/\\\/www.cidademarketing.com.br\\\/marketing\\\/2026\\\/01\\\/28\\\/piracanjuba-compra-marca-mineira-de-queijos-finos\\\/#breadcrumb\"},\"inLanguage\":\"pt-BR\",\"potentialAction\":[{\"@type\":\"ReadAction\",\"target\":[\"https:\\\/\\\/www.cidademarketing.com.br\\\/marketing\\\/2026\\\/01\\\/28\\\/piracanjuba-compra-marca-mineira-de-queijos-finos\\\/\"]}]},{\"@type\":\"ImageObject\",\"inLanguage\":\"pt-BR\",\"@id\":\"https:\\\/\\\/www.cidademarketing.com.br\\\/marketing\\\/2026\\\/01\\\/28\\\/piracanjuba-compra-marca-mineira-de-queijos-finos\\\/#primaryimage\",\"url\":\"https:\\\/\\\/www.cidademarketing.com.br\\\/marketing\\\/wp-content\\\/uploads\\\/2026\\\/01\\\/grupo_piracanjuba_basel_lacteos_02.webp\",\"contentUrl\":\"https:\\\/\\\/www.cidademarketing.com.br\\\/marketing\\\/wp-content\\\/uploads\\\/2026\\\/01\\\/grupo_piracanjuba_basel_lacteos_02.webp\",\"width\":850,\"height\":478,\"caption\":\"Reprodu\u00e7\u00e3o\\\/Facebook B\u00e1sel L\u00e1cteos\"},{\"@type\":\"BreadcrumbList\",\"@id\":\"https:\\\/\\\/www.cidademarketing.com.br\\\/marketing\\\/2026\\\/01\\\/28\\\/piracanjuba-compra-marca-mineira-de-queijos-finos\\\/#breadcrumb\",\"itemListElement\":[{\"@type\":\"ListItem\",\"position\":1,\"name\":\"In\u00edcio\",\"item\":\"https:\\\/\\\/www.cidademarketing.com.br\\\/marketing\\\/\"},{\"@type\":\"ListItem\",\"position\":2,\"name\":\"Piracanjuba compra marca mineira de queijos finos\"}]},{\"@type\":\"WebSite\",\"@id\":\"https:\\\/\\\/www.cidademarketing.com.br\\\/marketing\\\/#website\",\"url\":\"https:\\\/\\\/www.cidademarketing.com.br\\\/marketing\\\/\",\"name\":\"CidadeMarketing\",\"description\":\"Somos um ve\u00edculo de comunica\u00e7\u00e3o de destaque no Brasil, reconhecido por conte\u00fados nos segmentos de marketing, empreendedorismo e inova\u00e7\u00e3o.\",\"publisher\":{\"@id\":\"https:\\\/\\\/www.cidademarketing.com.br\\\/marketing\\\/#organization\"},\"alternateName\":\"CidadeMarketing\",\"potentialAction\":[{\"@type\":\"SearchAction\",\"target\":{\"@type\":\"EntryPoint\",\"urlTemplate\":\"https:\\\/\\\/www.cidademarketing.com.br\\\/marketing\\\/?s={search_term_string}\"},\"query-input\":{\"@type\":\"PropertyValueSpecification\",\"valueRequired\":true,\"valueName\":\"search_term_string\"}}],\"inLanguage\":\"pt-BR\"},{\"@type\":\"Organization\",\"@id\":\"https:\\\/\\\/www.cidademarketing.com.br\\\/marketing\\\/#organization\",\"name\":\"CidadeMarketing\",\"alternateName\":\"CidadeMarketing\",\"url\":\"https:\\\/\\\/www.cidademarketing.com.br\\\/marketing\\\/\",\"logo\":{\"@type\":\"ImageObject\",\"inLanguage\":\"pt-BR\",\"@id\":\"https:\\\/\\\/www.cidademarketing.com.br\\\/marketing\\\/#\\\/schema\\\/logo\\\/image\\\/\",\"url\":\"https:\\\/\\\/www.cidademarketing.com.br\\\/marketing\\\/wp-content\\\/uploads\\\/2020\\\/01\\\/cidademarketing_marca_mobile.png\",\"contentUrl\":\"https:\\\/\\\/www.cidademarketing.com.br\\\/marketing\\\/wp-content\\\/uploads\\\/2020\\\/01\\\/cidademarketing_marca_mobile.png\",\"width\":230,\"height\":92,\"caption\":\"CidadeMarketing\"},\"image\":{\"@id\":\"https:\\\/\\\/www.cidademarketing.com.br\\\/marketing\\\/#\\\/schema\\\/logo\\\/image\\\/\"},\"sameAs\":[\"https:\\\/\\\/www.facebook.com\\\/portalcidademarketing\",\"https:\\\/\\\/x.com\\\/CidadeMarketing\",\"https:\\\/\\\/www.instagram.com\\\/cidademarketing\\\/\"]},{\"@type\":\"Person\",\"@id\":\"https:\\\/\\\/www.cidademarketing.com.br\\\/marketing\\\/#\\\/schema\\\/person\\\/02daff9f18bd9378c9e01eb6b2db155f\",\"name\":\"Thales Brand\u00e3o\",\"image\":{\"@type\":\"ImageObject\",\"inLanguage\":\"pt-BR\",\"@id\":\"https:\\\/\\\/secure.gravatar.com\\\/avatar\\\/7ca3206950207cc3cb48feec56a8a7898741ab725c368d99d5d7a5a50aab80c6?s=96&d=mm&r=g\",\"url\":\"https:\\\/\\\/secure.gravatar.com\\\/avatar\\\/7ca3206950207cc3cb48feec56a8a7898741ab725c368d99d5d7a5a50aab80c6?s=96&d=mm&r=g\",\"contentUrl\":\"https:\\\/\\\/secure.gravatar.com\\\/avatar\\\/7ca3206950207cc3cb48feec56a8a7898741ab725c368d99d5d7a5a50aab80c6?s=96&d=mm&r=g\",\"caption\":\"Thales Brand\u00e3o\"},\"description\":\"Editor Executivo do Portal CidadeMarketing.com.br &gt; Mestre em Comunica\u00e7\u00e3o e Sociedade pela Universidade Federal de Sergipe. Possui MBA Executivo em Administra\u00e7\u00e3o com \u00eanfase em Marketing pela Funda\u00e7\u00e3o Get\u00falio Vargas - Rio de Janeiro. Consultor, Palestrante e Pesquisador sobre Empreendedorismo, Marketing, Redes Sociais e Neg\u00f3cios Digitais. Professor, Palestrante TedxTalks e Campus Party. Twitter: @ThalesBrandao\",\"sameAs\":[\"http:\\\/\\\/www.mandacaru.com.br\",\"https:\\\/\\\/www.facebook.com\\\/thalesbrandao\",\"http:\\\/\\\/www.instagram.com.br\\\/thalesbrandaoferreira\",\"https:\\\/\\\/www.linkedin.com\\\/in\\\/thales-brand\u00e3o-3948609\\\/\",\"https:\\\/\\\/x.com\\\/http:\\\/\\\/www.twitter.com\\\/thalesbrandao\"],\"url\":\"https:\\\/\\\/www.cidademarketing.com.br\\\/marketing\\\/author\\\/thalesbrandao\\\/\"}]}<\/script>\n<!-- \/ Yoast SEO plugin. -->","yoast_head_json":{"title":"Piracanjuba compra marca mineira de queijos finos - CidadeMarketing","description":"Piracanjuba anuncia a compra da B\u00e1sel L\u00e1cteos, marca mineira de queijos finos. Aquisi\u00e7\u00e3o amplia presen\u00e7a no segmento premium e no mercado nacional.","robots":{"index":"index","follow":"follow","max-snippet":"max-snippet:-1","max-image-preview":"max-image-preview:large","max-video-preview":"max-video-preview:-1"},"canonical":"https:\/\/www.cidademarketing.com.br\/marketing\/2026\/01\/28\/piracanjuba-compra-marca-mineira-de-queijos-finos\/","og_locale":"pt_BR","og_type":"article","og_title":"Piracanjuba compra marca mineira de queijos finos - CidadeMarketing","og_description":"Piracanjuba anuncia a compra da B\u00e1sel L\u00e1cteos, marca mineira de queijos finos. Aquisi\u00e7\u00e3o amplia presen\u00e7a no segmento premium e no mercado nacional.","og_url":"https:\/\/www.cidademarketing.com.br\/marketing\/2026\/01\/28\/piracanjuba-compra-marca-mineira-de-queijos-finos\/","og_site_name":"CidadeMarketing","article_publisher":"https:\/\/www.facebook.com\/portalcidademarketing","article_author":"https:\/\/www.facebook.com\/thalesbrandao","article_published_time":"2026-01-28T03:02:57+00:00","og_image":[{"width":850,"height":478,"url":"https:\/\/www.cidademarketing.com.br\/marketing\/wp-content\/uploads\/2026\/01\/grupo_piracanjuba_basel_lacteos_02.webp","type":"image\/webp"}],"author":"Thales Brand\u00e3o","twitter_card":"summary_large_image","twitter_creator":"@http:\/\/www.twitter.com\/thalesbrandao","twitter_site":"@CidadeMarketing","twitter_misc":{"Escrito por":"Thales Brand\u00e3o","Est. tempo de leitura":"3 minutos"},"schema":{"@context":"https:\/\/schema.org","@graph":[{"@type":"Article","@id":"https:\/\/www.cidademarketing.com.br\/marketing\/2026\/01\/28\/piracanjuba-compra-marca-mineira-de-queijos-finos\/#article","isPartOf":{"@id":"https:\/\/www.cidademarketing.com.br\/marketing\/2026\/01\/28\/piracanjuba-compra-marca-mineira-de-queijos-finos\/"},"author":{"name":"Thales Brand\u00e3o","@id":"https:\/\/www.cidademarketing.com.br\/marketing\/#\/schema\/person\/02daff9f18bd9378c9e01eb6b2db155f"},"headline":"Piracanjuba compra marca mineira de queijos finos","datePublished":"2026-01-28T03:02:57+00:00","mainEntityOfPage":{"@id":"https:\/\/www.cidademarketing.com.br\/marketing\/2026\/01\/28\/piracanjuba-compra-marca-mineira-de-queijos-finos\/"},"wordCount":507,"commentCount":0,"publisher":{"@id":"https:\/\/www.cidademarketing.com.br\/marketing\/#organization"},"image":{"@id":"https:\/\/www.cidademarketing.com.br\/marketing\/2026\/01\/28\/piracanjuba-compra-marca-mineira-de-queijos-finos\/#primaryimage"},"thumbnailUrl":"https:\/\/www.cidademarketing.com.br\/marketing\/wp-content\/uploads\/2026\/01\/grupo_piracanjuba_basel_lacteos_02.webp","keywords":["agroneg\u00f3cio","aquisi\u00e7\u00e3o Piracanjuba","Basel L\u00e1cteos","Emmental","expans\u00e3o Piracanjuba","Gouda","Gruy\u00e8re","ind\u00fastria brasileira","ind\u00fastria de alimentos","Maasdam","mercado de latic\u00ednios","Piracanjuba","queijos especiais","queijos finos","queijos mineiros","queijos premium","Serra da Mantiqueira","setor l\u00e1cteo"],"articleSection":["Not\u00edcias"],"inLanguage":"pt-BR","potentialAction":[{"@type":"CommentAction","name":"Comment","target":["https:\/\/www.cidademarketing.com.br\/marketing\/2026\/01\/28\/piracanjuba-compra-marca-mineira-de-queijos-finos\/#respond"]}]},{"@type":"WebPage","@id":"https:\/\/www.cidademarketing.com.br\/marketing\/2026\/01\/28\/piracanjuba-compra-marca-mineira-de-queijos-finos\/","url":"https:\/\/www.cidademarketing.com.br\/marketing\/2026\/01\/28\/piracanjuba-compra-marca-mineira-de-queijos-finos\/","name":"Piracanjuba compra marca mineira de queijos finos - CidadeMarketing","isPartOf":{"@id":"https:\/\/www.cidademarketing.com.br\/marketing\/#website"},"primaryImageOfPage":{"@id":"https:\/\/www.cidademarketing.com.br\/marketing\/2026\/01\/28\/piracanjuba-compra-marca-mineira-de-queijos-finos\/#primaryimage"},"image":{"@id":"https:\/\/www.cidademarketing.com.br\/marketing\/2026\/01\/28\/piracanjuba-compra-marca-mineira-de-queijos-finos\/#primaryimage"},"thumbnailUrl":"https:\/\/www.cidademarketing.com.br\/marketing\/wp-content\/uploads\/2026\/01\/grupo_piracanjuba_basel_lacteos_02.webp","datePublished":"2026-01-28T03:02:57+00:00","description":"Piracanjuba anuncia a compra da B\u00e1sel L\u00e1cteos, marca mineira de queijos finos. Aquisi\u00e7\u00e3o amplia presen\u00e7a no segmento premium e no mercado nacional.","breadcrumb":{"@id":"https:\/\/www.cidademarketing.com.br\/marketing\/2026\/01\/28\/piracanjuba-compra-marca-mineira-de-queijos-finos\/#breadcrumb"},"inLanguage":"pt-BR","potentialAction":[{"@type":"ReadAction","target":["https:\/\/www.cidademarketing.com.br\/marketing\/2026\/01\/28\/piracanjuba-compra-marca-mineira-de-queijos-finos\/"]}]},{"@type":"ImageObject","inLanguage":"pt-BR","@id":"https:\/\/www.cidademarketing.com.br\/marketing\/2026\/01\/28\/piracanjuba-compra-marca-mineira-de-queijos-finos\/#primaryimage","url":"https:\/\/www.cidademarketing.com.br\/marketing\/wp-content\/uploads\/2026\/01\/grupo_piracanjuba_basel_lacteos_02.webp","contentUrl":"https:\/\/www.cidademarketing.com.br\/marketing\/wp-content\/uploads\/2026\/01\/grupo_piracanjuba_basel_lacteos_02.webp","width":850,"height":478,"caption":"Reprodu\u00e7\u00e3o\/Facebook B\u00e1sel L\u00e1cteos"},{"@type":"BreadcrumbList","@id":"https:\/\/www.cidademarketing.com.br\/marketing\/2026\/01\/28\/piracanjuba-compra-marca-mineira-de-queijos-finos\/#breadcrumb","itemListElement":[{"@type":"ListItem","position":1,"name":"In\u00edcio","item":"https:\/\/www.cidademarketing.com.br\/marketing\/"},{"@type":"ListItem","position":2,"name":"Piracanjuba compra marca mineira de queijos finos"}]},{"@type":"WebSite","@id":"https:\/\/www.cidademarketing.com.br\/marketing\/#website","url":"https:\/\/www.cidademarketing.com.br\/marketing\/","name":"CidadeMarketing","description":"Somos um ve\u00edculo de comunica\u00e7\u00e3o de destaque no Brasil, reconhecido por conte\u00fados nos segmentos de marketing, empreendedorismo e inova\u00e7\u00e3o.","publisher":{"@id":"https:\/\/www.cidademarketing.com.br\/marketing\/#organization"},"alternateName":"CidadeMarketing","potentialAction":[{"@type":"SearchAction","target":{"@type":"EntryPoint","urlTemplate":"https:\/\/www.cidademarketing.com.br\/marketing\/?s={search_term_string}"},"query-input":{"@type":"PropertyValueSpecification","valueRequired":true,"valueName":"search_term_string"}}],"inLanguage":"pt-BR"},{"@type":"Organization","@id":"https:\/\/www.cidademarketing.com.br\/marketing\/#organization","name":"CidadeMarketing","alternateName":"CidadeMarketing","url":"https:\/\/www.cidademarketing.com.br\/marketing\/","logo":{"@type":"ImageObject","inLanguage":"pt-BR","@id":"https:\/\/www.cidademarketing.com.br\/marketing\/#\/schema\/logo\/image\/","url":"https:\/\/www.cidademarketing.com.br\/marketing\/wp-content\/uploads\/2020\/01\/cidademarketing_marca_mobile.png","contentUrl":"https:\/\/www.cidademarketing.com.br\/marketing\/wp-content\/uploads\/2020\/01\/cidademarketing_marca_mobile.png","width":230,"height":92,"caption":"CidadeMarketing"},"image":{"@id":"https:\/\/www.cidademarketing.com.br\/marketing\/#\/schema\/logo\/image\/"},"sameAs":["https:\/\/www.facebook.com\/portalcidademarketing","https:\/\/x.com\/CidadeMarketing","https:\/\/www.instagram.com\/cidademarketing\/"]},{"@type":"Person","@id":"https:\/\/www.cidademarketing.com.br\/marketing\/#\/schema\/person\/02daff9f18bd9378c9e01eb6b2db155f","name":"Thales Brand\u00e3o","image":{"@type":"ImageObject","inLanguage":"pt-BR","@id":"https:\/\/secure.gravatar.com\/avatar\/7ca3206950207cc3cb48feec56a8a7898741ab725c368d99d5d7a5a50aab80c6?s=96&d=mm&r=g","url":"https:\/\/secure.gravatar.com\/avatar\/7ca3206950207cc3cb48feec56a8a7898741ab725c368d99d5d7a5a50aab80c6?s=96&d=mm&r=g","contentUrl":"https:\/\/secure.gravatar.com\/avatar\/7ca3206950207cc3cb48feec56a8a7898741ab725c368d99d5d7a5a50aab80c6?s=96&d=mm&r=g","caption":"Thales Brand\u00e3o"},"description":"Editor Executivo do Portal CidadeMarketing.com.br &gt; Mestre em Comunica\u00e7\u00e3o e Sociedade pela Universidade Federal de Sergipe. Possui MBA Executivo em Administra\u00e7\u00e3o com \u00eanfase em Marketing pela Funda\u00e7\u00e3o Get\u00falio Vargas - Rio de Janeiro. Consultor, Palestrante e Pesquisador sobre Empreendedorismo, Marketing, Redes Sociais e Neg\u00f3cios Digitais. Professor, Palestrante TedxTalks e Campus Party. Twitter: @ThalesBrandao","sameAs":["http:\/\/www.mandacaru.com.br","https:\/\/www.facebook.com\/thalesbrandao","http:\/\/www.instagram.com.br\/thalesbrandaoferreira","https:\/\/www.linkedin.com\/in\/thales-brand\u00e3o-3948609\/","https:\/\/x.com\/http:\/\/www.twitter.com\/thalesbrandao"],"url":"https:\/\/www.cidademarketing.com.br\/marketing\/author\/thalesbrandao\/"}]}},"amp_enabled":true,"_links":{"self":[{"href":"https:\/\/www.cidademarketing.com.br\/marketing\/wp-json\/wp\/v2\/posts\/59068","targetHints":{"allow":["GET"]}}],"collection":[{"href":"https:\/\/www.cidademarketing.com.br\/marketing\/wp-json\/wp\/v2\/posts"}],"about":[{"href":"https:\/\/www.cidademarketing.com.br\/marketing\/wp-json\/wp\/v2\/types\/post"}],"author":[{"embeddable":true,"href":"https:\/\/www.cidademarketing.com.br\/marketing\/wp-json\/wp\/v2\/users\/1"}],"replies":[{"embeddable":true,"href":"https:\/\/www.cidademarketing.com.br\/marketing\/wp-json\/wp\/v2\/comments?post=59068"}],"version-history":[{"count":1,"href":"https:\/\/www.cidademarketing.com.br\/marketing\/wp-json\/wp\/v2\/posts\/59068\/revisions"}],"predecessor-version":[{"id":59071,"href":"https:\/\/www.cidademarketing.com.br\/marketing\/wp-json\/wp\/v2\/posts\/59068\/revisions\/59071"}],"wp:featuredmedia":[{"embeddable":true,"href":"https:\/\/www.cidademarketing.com.br\/marketing\/wp-json\/wp\/v2\/media\/59069"}],"wp:attachment":[{"href":"https:\/\/www.cidademarketing.com.br\/marketing\/wp-json\/wp\/v2\/media?parent=59068"}],"wp:term":[{"taxonomy":"category","embeddable":true,"href":"https:\/\/www.cidademarketing.com.br\/marketing\/wp-json\/wp\/v2\/categories?post=59068"},{"taxonomy":"post_tag","embeddable":true,"href":"https:\/\/www.cidademarketing.com.br\/marketing\/wp-json\/wp\/v2\/tags?post=59068"}],"curies":[{"name":"wp","href":"https:\/\/api.w.org\/{rel}","templated":true}]}}