{"id":59050,"date":"2026-01-26T15:34:06","date_gmt":"2026-01-26T18:34:06","guid":{"rendered":"https:\/\/www.cidademarketing.com.br\/marketing\/?p=59050"},"modified":"2026-01-26T15:34:06","modified_gmt":"2026-01-26T18:34:06","slug":"seara-apresenta-nova-identidade-visual-para-o-oriente-medio","status":"publish","type":"post","link":"https:\/\/www.cidademarketing.com.br\/marketing\/2026\/01\/26\/seara-apresenta-nova-identidade-visual-para-o-oriente-medio\/","title":{"rendered":"Seara apresenta nova identidade visual para o Oriente M\u00e9dio"},"content":{"rendered":"<p>A Seara apresenta sua nova identidade visual e posicionamento estrat\u00e9gico para a regi\u00e3o do Oriente M\u00e9dio durante a edi\u00e7\u00e3o de 2026 da Gulfood, a maior e mais influente feira de alimentos e bebidas do mundo. O evento \u00e9 considerado o principal ponto de encontro global para a ind\u00fastria aliment\u00edcia, servindo como plataforma essencial para ditar tend\u00eancias de consumo e fortalecer parcerias em mercados estrat\u00e9gicos, especialmente na regi\u00e3o MENA (Oriente M\u00e9dio e Norte da \u00c1frica).<\/p>\n<p>Al\u00e9m da Seara, o p\u00fablico da feira confere novidades do portf\u00f3lio de marcas da JBS, como Friboi, Swift, 1855, 5 Star, Imperial American Wagyu Beef, Blue Ribbon, Acres Organic, AHM Black, Southern Pinnacle, Great Southern, Little Joe, Portoro, Riverina, Rigamonti, Novapron e Pilgrim\u2019s.<\/p>\n<p>Durante a feira, a Seara revela suas novas embalagens para todo o portf\u00f3lio de produtos. O design renovado, que destaca a ic\u00f4nica cor laranja presente desde 2016, visa oferecer uma navega\u00e7\u00e3o mais clara nas g\u00f4ndolas por meio de uma hierarquia visual aprimorada, fortalecendo o reconhecimento da marca e consolidando sua lideran\u00e7a na categoria de congelados. Este movimento celebra a trajet\u00f3ria de sucesso da Seara na Ar\u00e1bia Saudita, fruto de investimentos constantes em pesquisa, desenvolvimento e intelig\u00eancia tecnol\u00f3gica.<\/p>\n<p>Junto da nova identidade visual, a marca lan\u00e7a um novo posicionamento estrat\u00e9gico na regi\u00e3o do Oriente M\u00e9dio. Por meio da campanha &#8220;Seara \u2013 ou voc\u00ea ama, ou nunca experimentou&#8221;, protagonizada pela renomada estrela de TV Joelle Mardinian, a marca refor\u00e7a seu compromisso em oferecer sabor superior que conquista a confian\u00e7a das fam\u00edlias. A iniciativa introduz o novo slogan &#8220;Go Tastier&#8221;, que se apresenta como o nome de um programa exclusivo nos v\u00eddeos da campanha, consolidando a Seara como a escolha preferencial para consumidores que n\u00e3o abrem m\u00e3o de qualidade excepcional em cada refei\u00e7\u00e3o.<\/p>\n<p>Segundo a diretora de Marketing da Seara MENA, Monique Oliveira, a nova identidade visual e a presen\u00e7a na Gulfood elevam o posicionamento da marca para um novo patamar de desejo e confian\u00e7a. \u201cO conceito &#8216;Go Tastier&#8217; nos permite conectar de forma genu\u00edna com o estilo de vida dos consumidores locais, transformando cada refei\u00e7\u00e3o em uma experi\u00eancia de sabor inesquec\u00edvel e reafirmando nosso compromisso com a excel\u00eancia em um mercado t\u00e3o din\u00e2mico quanto o Oriente M\u00e9dio&#8221;.<\/p>\n<p>Para ampliar a conex\u00e3o com o p\u00fablico local, a Seara \u00e9 a patrocinadora oficial do The Voice: Ahla Sawt no canal MBC1, a maior emissora da regi\u00e3o MENA. Durante toda a temporada, o food truck da Seara marca presen\u00e7a nos sets de grava\u00e7\u00e3o, servindo refei\u00e7\u00f5es completas para participantes, familiares e equipe de produ\u00e7\u00e3o. Essa parceria estrat\u00e9gica reflete a paix\u00e3o da marca em celebrar o talento, a criatividade e a uni\u00e3o, inserindo o sabor da Seara nos momentos de entretenimento mais populares da regi\u00e3o.<\/p>\n<p>Aproveitando o evento, a Seara tamb\u00e9m anuncia o lan\u00e7amento estrat\u00e9gico da linha de Frangos Inteiros (Griller) e Cortes de Frango na Ar\u00e1bia Saudita. O projeto \u00e9 fruto de uma parceria com a Arabian Company for Agricultural and Industrial Investment (ENTAJ), l\u00edder local na produ\u00e7\u00e3o de aves, unindo a escala global e expertise t\u00e9cnica da JBS ao profundo conhecimento regulat\u00f3rio e capacidade produtiva da parceira saudita.<\/p>\n<p>Como parte de seu plano de crescimento, a JBS inaugurou recentemente sua planta da Ar\u00e1bia Saudita com um investimento de quase US$ 85 milh\u00f5es. A f\u00e1brica possui 41 mil metros quadrados e deve duplicar sua produ\u00e7\u00e3o para 30 mil toneladas at\u00e9 o final de 2026, fortalecendo a seguran\u00e7a alimentar local e posicionando o pa\u00eds como um centro global de exporta\u00e7\u00e3o de alimentos halal.<\/p>\n","protected":false},"excerpt":{"rendered":"<p>A Seara apresenta sua nova identidade visual e posicionamento estrat\u00e9gico para a regi\u00e3o do Oriente M\u00e9dio durante a edi\u00e7\u00e3o de 2026 da Gulfood, a maior e mais influente feira de alimentos e bebidas do mundo. O evento \u00e9 considerado o principal ponto de encontro global para a ind\u00fastria aliment\u00edcia, servindo como plataforma essencial para ditar [&hellip;]<\/p>\n","protected":false},"author":1,"featured_media":59051,"comment_status":"open","ping_status":"open","sticky":false,"template":"","format":"standard","meta":{"tdm_status":"","tdm_grid_status":"","footnotes":""},"categories":[8,6],"tags":[11783,9709,175,11781,33,11782,11779,11777,657,37,28,11780,11776,7241,919,11778],"class_list":["post-59050","post","type-post","status-publish","format-standard","has-post-thumbnail","hentry","category-marcas","category-noticias","tag-alimentos-congelados","tag-arabia-saudita","tag-branding","tag-embalagens-seara","tag-estrategia","tag-expansao-internacional","tag-go-tastier","tag-gulfood-2026","tag-jbs","tag-marca","tag-marketing","tag-mercado-halal","tag-nova-identidade-visual","tag-oriente-medio","tag-seara","tag-seara-mena"],"yoast_head":"<!-- This site is optimized with the Yoast SEO plugin v27.4 - https:\/\/yoast.com\/product\/yoast-seo-wordpress\/ -->\n<title>Seara apresenta nova identidade visual para o Oriente M\u00e9dio - CidadeMarketing<\/title>\n<meta name=\"description\" content=\"Seara apresenta nova identidade visual e reposicionamento estrat\u00e9gico para o Oriente M\u00e9dio na Gulfood 2026, com embalagens renovadas, campanha \u201cGo Tastier\u201d e expans\u00e3o na Ar\u00e1bia Saudita.\" \/>\n<meta name=\"robots\" content=\"index, follow, max-snippet:-1, max-image-preview:large, max-video-preview:-1\" \/>\n<link rel=\"canonical\" href=\"https:\/\/www.cidademarketing.com.br\/marketing\/2026\/01\/26\/seara-apresenta-nova-identidade-visual-para-o-oriente-medio\/\" \/>\n<meta property=\"og:locale\" content=\"pt_BR\" \/>\n<meta property=\"og:type\" content=\"article\" \/>\n<meta property=\"og:title\" content=\"Seara apresenta nova identidade visual para o Oriente M\u00e9dio - CidadeMarketing\" \/>\n<meta property=\"og:description\" content=\"Seara apresenta nova identidade visual e reposicionamento estrat\u00e9gico para o Oriente M\u00e9dio na Gulfood 2026, com embalagens renovadas, campanha \u201cGo Tastier\u201d e expans\u00e3o na Ar\u00e1bia Saudita.\" \/>\n<meta property=\"og:url\" content=\"https:\/\/www.cidademarketing.com.br\/marketing\/2026\/01\/26\/seara-apresenta-nova-identidade-visual-para-o-oriente-medio\/\" \/>\n<meta property=\"og:site_name\" content=\"CidadeMarketing\" \/>\n<meta property=\"article:publisher\" content=\"https:\/\/www.facebook.com\/portalcidademarketing\" \/>\n<meta property=\"article:author\" content=\"https:\/\/www.facebook.com\/thalesbrandao\" \/>\n<meta property=\"article:published_time\" content=\"2026-01-26T18:34:06+00:00\" \/>\n<meta property=\"og:image\" content=\"https:\/\/www.cidademarketing.com.br\/marketing\/wp-content\/uploads\/2026\/01\/seara_identidadevisual_marca_orientemedio.webp\" \/>\n\t<meta property=\"og:image:width\" content=\"850\" \/>\n\t<meta property=\"og:image:height\" content=\"417\" \/>\n\t<meta property=\"og:image:type\" content=\"image\/webp\" \/>\n<meta name=\"author\" content=\"Thales Brand\u00e3o\" \/>\n<meta name=\"twitter:card\" content=\"summary_large_image\" \/>\n<meta name=\"twitter:creator\" content=\"@http:\/\/www.twitter.com\/thalesbrandao\" \/>\n<meta name=\"twitter:site\" content=\"@CidadeMarketing\" \/>\n<meta name=\"twitter:label1\" content=\"Escrito por\" \/>\n\t<meta name=\"twitter:data1\" content=\"Thales Brand\u00e3o\" \/>\n\t<meta name=\"twitter:label2\" content=\"Est. tempo de leitura\" \/>\n\t<meta name=\"twitter:data2\" content=\"4 minutos\" \/>\n<script type=\"application\/ld+json\" class=\"yoast-schema-graph\">{\"@context\":\"https:\\\/\\\/schema.org\",\"@graph\":[{\"@type\":\"Article\",\"@id\":\"https:\\\/\\\/www.cidademarketing.com.br\\\/marketing\\\/2026\\\/01\\\/26\\\/seara-apresenta-nova-identidade-visual-para-o-oriente-medio\\\/#article\",\"isPartOf\":{\"@id\":\"https:\\\/\\\/www.cidademarketing.com.br\\\/marketing\\\/2026\\\/01\\\/26\\\/seara-apresenta-nova-identidade-visual-para-o-oriente-medio\\\/\"},\"author\":{\"name\":\"Thales Brand\u00e3o\",\"@id\":\"https:\\\/\\\/www.cidademarketing.com.br\\\/marketing\\\/#\\\/schema\\\/person\\\/02daff9f18bd9378c9e01eb6b2db155f\"},\"headline\":\"Seara apresenta nova identidade visual para o Oriente M\u00e9dio\",\"datePublished\":\"2026-01-26T18:34:06+00:00\",\"mainEntityOfPage\":{\"@id\":\"https:\\\/\\\/www.cidademarketing.com.br\\\/marketing\\\/2026\\\/01\\\/26\\\/seara-apresenta-nova-identidade-visual-para-o-oriente-medio\\\/\"},\"wordCount\":641,\"commentCount\":0,\"publisher\":{\"@id\":\"https:\\\/\\\/www.cidademarketing.com.br\\\/marketing\\\/#organization\"},\"image\":{\"@id\":\"https:\\\/\\\/www.cidademarketing.com.br\\\/marketing\\\/2026\\\/01\\\/26\\\/seara-apresenta-nova-identidade-visual-para-o-oriente-medio\\\/#primaryimage\"},\"thumbnailUrl\":\"https:\\\/\\\/www.cidademarketing.com.br\\\/marketing\\\/wp-content\\\/uploads\\\/2026\\\/01\\\/seara_identidadevisual_marca_orientemedio.webp\",\"keywords\":[\"alimentos congelados\",\"Ar\u00e1bia Saudita\",\"branding\",\"embalagens Seara\",\"estrat\u00e9gia\",\"expans\u00e3o internacional\",\"Go Tastier\",\"Gulfood 2026\",\"JBS\",\"marca\",\"marketing\",\"mercado halal\",\"nova identidade visual\",\"Oriente M\u00e9dio\",\"Seara\",\"Seara MENA\"],\"articleSection\":[\"Marcas\",\"Not\u00edcias\"],\"inLanguage\":\"pt-BR\",\"potentialAction\":[{\"@type\":\"CommentAction\",\"name\":\"Comment\",\"target\":[\"https:\\\/\\\/www.cidademarketing.com.br\\\/marketing\\\/2026\\\/01\\\/26\\\/seara-apresenta-nova-identidade-visual-para-o-oriente-medio\\\/#respond\"]}]},{\"@type\":\"WebPage\",\"@id\":\"https:\\\/\\\/www.cidademarketing.com.br\\\/marketing\\\/2026\\\/01\\\/26\\\/seara-apresenta-nova-identidade-visual-para-o-oriente-medio\\\/\",\"url\":\"https:\\\/\\\/www.cidademarketing.com.br\\\/marketing\\\/2026\\\/01\\\/26\\\/seara-apresenta-nova-identidade-visual-para-o-oriente-medio\\\/\",\"name\":\"Seara apresenta nova identidade visual para o Oriente M\u00e9dio - CidadeMarketing\",\"isPartOf\":{\"@id\":\"https:\\\/\\\/www.cidademarketing.com.br\\\/marketing\\\/#website\"},\"primaryImageOfPage\":{\"@id\":\"https:\\\/\\\/www.cidademarketing.com.br\\\/marketing\\\/2026\\\/01\\\/26\\\/seara-apresenta-nova-identidade-visual-para-o-oriente-medio\\\/#primaryimage\"},\"image\":{\"@id\":\"https:\\\/\\\/www.cidademarketing.com.br\\\/marketing\\\/2026\\\/01\\\/26\\\/seara-apresenta-nova-identidade-visual-para-o-oriente-medio\\\/#primaryimage\"},\"thumbnailUrl\":\"https:\\\/\\\/www.cidademarketing.com.br\\\/marketing\\\/wp-content\\\/uploads\\\/2026\\\/01\\\/seara_identidadevisual_marca_orientemedio.webp\",\"datePublished\":\"2026-01-26T18:34:06+00:00\",\"description\":\"Seara apresenta nova identidade visual e reposicionamento estrat\u00e9gico para o Oriente M\u00e9dio na Gulfood 2026, com embalagens renovadas, campanha \u201cGo Tastier\u201d e expans\u00e3o na Ar\u00e1bia Saudita.\",\"breadcrumb\":{\"@id\":\"https:\\\/\\\/www.cidademarketing.com.br\\\/marketing\\\/2026\\\/01\\\/26\\\/seara-apresenta-nova-identidade-visual-para-o-oriente-medio\\\/#breadcrumb\"},\"inLanguage\":\"pt-BR\",\"potentialAction\":[{\"@type\":\"ReadAction\",\"target\":[\"https:\\\/\\\/www.cidademarketing.com.br\\\/marketing\\\/2026\\\/01\\\/26\\\/seara-apresenta-nova-identidade-visual-para-o-oriente-medio\\\/\"]}]},{\"@type\":\"ImageObject\",\"inLanguage\":\"pt-BR\",\"@id\":\"https:\\\/\\\/www.cidademarketing.com.br\\\/marketing\\\/2026\\\/01\\\/26\\\/seara-apresenta-nova-identidade-visual-para-o-oriente-medio\\\/#primaryimage\",\"url\":\"https:\\\/\\\/www.cidademarketing.com.br\\\/marketing\\\/wp-content\\\/uploads\\\/2026\\\/01\\\/seara_identidadevisual_marca_orientemedio.webp\",\"contentUrl\":\"https:\\\/\\\/www.cidademarketing.com.br\\\/marketing\\\/wp-content\\\/uploads\\\/2026\\\/01\\\/seara_identidadevisual_marca_orientemedio.webp\",\"width\":850,\"height\":417,\"caption\":\"Divulga\u00e7\u00e3o\"},{\"@type\":\"BreadcrumbList\",\"@id\":\"https:\\\/\\\/www.cidademarketing.com.br\\\/marketing\\\/2026\\\/01\\\/26\\\/seara-apresenta-nova-identidade-visual-para-o-oriente-medio\\\/#breadcrumb\",\"itemListElement\":[{\"@type\":\"ListItem\",\"position\":1,\"name\":\"In\u00edcio\",\"item\":\"https:\\\/\\\/www.cidademarketing.com.br\\\/marketing\\\/\"},{\"@type\":\"ListItem\",\"position\":2,\"name\":\"Seara apresenta nova identidade visual para o Oriente M\u00e9dio\"}]},{\"@type\":\"WebSite\",\"@id\":\"https:\\\/\\\/www.cidademarketing.com.br\\\/marketing\\\/#website\",\"url\":\"https:\\\/\\\/www.cidademarketing.com.br\\\/marketing\\\/\",\"name\":\"CidadeMarketing\",\"description\":\"Somos um ve\u00edculo de comunica\u00e7\u00e3o de destaque no Brasil, reconhecido por conte\u00fados nos segmentos de marketing, empreendedorismo e inova\u00e7\u00e3o.\",\"publisher\":{\"@id\":\"https:\\\/\\\/www.cidademarketing.com.br\\\/marketing\\\/#organization\"},\"alternateName\":\"CidadeMarketing\",\"potentialAction\":[{\"@type\":\"SearchAction\",\"target\":{\"@type\":\"EntryPoint\",\"urlTemplate\":\"https:\\\/\\\/www.cidademarketing.com.br\\\/marketing\\\/?s={search_term_string}\"},\"query-input\":{\"@type\":\"PropertyValueSpecification\",\"valueRequired\":true,\"valueName\":\"search_term_string\"}}],\"inLanguage\":\"pt-BR\"},{\"@type\":\"Organization\",\"@id\":\"https:\\\/\\\/www.cidademarketing.com.br\\\/marketing\\\/#organization\",\"name\":\"CidadeMarketing\",\"alternateName\":\"CidadeMarketing\",\"url\":\"https:\\\/\\\/www.cidademarketing.com.br\\\/marketing\\\/\",\"logo\":{\"@type\":\"ImageObject\",\"inLanguage\":\"pt-BR\",\"@id\":\"https:\\\/\\\/www.cidademarketing.com.br\\\/marketing\\\/#\\\/schema\\\/logo\\\/image\\\/\",\"url\":\"https:\\\/\\\/www.cidademarketing.com.br\\\/marketing\\\/wp-content\\\/uploads\\\/2020\\\/01\\\/cidademarketing_marca_mobile.png\",\"contentUrl\":\"https:\\\/\\\/www.cidademarketing.com.br\\\/marketing\\\/wp-content\\\/uploads\\\/2020\\\/01\\\/cidademarketing_marca_mobile.png\",\"width\":230,\"height\":92,\"caption\":\"CidadeMarketing\"},\"image\":{\"@id\":\"https:\\\/\\\/www.cidademarketing.com.br\\\/marketing\\\/#\\\/schema\\\/logo\\\/image\\\/\"},\"sameAs\":[\"https:\\\/\\\/www.facebook.com\\\/portalcidademarketing\",\"https:\\\/\\\/x.com\\\/CidadeMarketing\",\"https:\\\/\\\/www.instagram.com\\\/cidademarketing\\\/\"]},{\"@type\":\"Person\",\"@id\":\"https:\\\/\\\/www.cidademarketing.com.br\\\/marketing\\\/#\\\/schema\\\/person\\\/02daff9f18bd9378c9e01eb6b2db155f\",\"name\":\"Thales Brand\u00e3o\",\"image\":{\"@type\":\"ImageObject\",\"inLanguage\":\"pt-BR\",\"@id\":\"https:\\\/\\\/secure.gravatar.com\\\/avatar\\\/7ca3206950207cc3cb48feec56a8a7898741ab725c368d99d5d7a5a50aab80c6?s=96&d=mm&r=g\",\"url\":\"https:\\\/\\\/secure.gravatar.com\\\/avatar\\\/7ca3206950207cc3cb48feec56a8a7898741ab725c368d99d5d7a5a50aab80c6?s=96&d=mm&r=g\",\"contentUrl\":\"https:\\\/\\\/secure.gravatar.com\\\/avatar\\\/7ca3206950207cc3cb48feec56a8a7898741ab725c368d99d5d7a5a50aab80c6?s=96&d=mm&r=g\",\"caption\":\"Thales Brand\u00e3o\"},\"description\":\"Editor Executivo do Portal CidadeMarketing.com.br &gt; Mestre em Comunica\u00e7\u00e3o e Sociedade pela Universidade Federal de Sergipe. Possui MBA Executivo em Administra\u00e7\u00e3o com \u00eanfase em Marketing pela Funda\u00e7\u00e3o Get\u00falio Vargas - Rio de Janeiro. Consultor, Palestrante e Pesquisador sobre Empreendedorismo, Marketing, Redes Sociais e Neg\u00f3cios Digitais. Professor, Palestrante TedxTalks e Campus Party. Twitter: @ThalesBrandao\",\"sameAs\":[\"http:\\\/\\\/www.mandacaru.com.br\",\"https:\\\/\\\/www.facebook.com\\\/thalesbrandao\",\"http:\\\/\\\/www.instagram.com.br\\\/thalesbrandaoferreira\",\"https:\\\/\\\/www.linkedin.com\\\/in\\\/thales-brand\u00e3o-3948609\\\/\",\"https:\\\/\\\/x.com\\\/http:\\\/\\\/www.twitter.com\\\/thalesbrandao\"],\"url\":\"https:\\\/\\\/www.cidademarketing.com.br\\\/marketing\\\/author\\\/thalesbrandao\\\/\"}]}<\/script>\n<!-- \/ Yoast SEO plugin. -->","yoast_head_json":{"title":"Seara apresenta nova identidade visual para o Oriente M\u00e9dio - CidadeMarketing","description":"Seara apresenta nova identidade visual e reposicionamento estrat\u00e9gico para o Oriente M\u00e9dio na Gulfood 2026, com embalagens renovadas, campanha \u201cGo Tastier\u201d e expans\u00e3o na Ar\u00e1bia Saudita.","robots":{"index":"index","follow":"follow","max-snippet":"max-snippet:-1","max-image-preview":"max-image-preview:large","max-video-preview":"max-video-preview:-1"},"canonical":"https:\/\/www.cidademarketing.com.br\/marketing\/2026\/01\/26\/seara-apresenta-nova-identidade-visual-para-o-oriente-medio\/","og_locale":"pt_BR","og_type":"article","og_title":"Seara apresenta nova identidade visual para o Oriente M\u00e9dio - CidadeMarketing","og_description":"Seara apresenta nova identidade visual e reposicionamento estrat\u00e9gico para o Oriente M\u00e9dio na Gulfood 2026, com embalagens renovadas, campanha \u201cGo Tastier\u201d e expans\u00e3o na Ar\u00e1bia Saudita.","og_url":"https:\/\/www.cidademarketing.com.br\/marketing\/2026\/01\/26\/seara-apresenta-nova-identidade-visual-para-o-oriente-medio\/","og_site_name":"CidadeMarketing","article_publisher":"https:\/\/www.facebook.com\/portalcidademarketing","article_author":"https:\/\/www.facebook.com\/thalesbrandao","article_published_time":"2026-01-26T18:34:06+00:00","og_image":[{"width":850,"height":417,"url":"https:\/\/www.cidademarketing.com.br\/marketing\/wp-content\/uploads\/2026\/01\/seara_identidadevisual_marca_orientemedio.webp","type":"image\/webp"}],"author":"Thales Brand\u00e3o","twitter_card":"summary_large_image","twitter_creator":"@http:\/\/www.twitter.com\/thalesbrandao","twitter_site":"@CidadeMarketing","twitter_misc":{"Escrito por":"Thales Brand\u00e3o","Est. tempo de leitura":"4 minutos"},"schema":{"@context":"https:\/\/schema.org","@graph":[{"@type":"Article","@id":"https:\/\/www.cidademarketing.com.br\/marketing\/2026\/01\/26\/seara-apresenta-nova-identidade-visual-para-o-oriente-medio\/#article","isPartOf":{"@id":"https:\/\/www.cidademarketing.com.br\/marketing\/2026\/01\/26\/seara-apresenta-nova-identidade-visual-para-o-oriente-medio\/"},"author":{"name":"Thales Brand\u00e3o","@id":"https:\/\/www.cidademarketing.com.br\/marketing\/#\/schema\/person\/02daff9f18bd9378c9e01eb6b2db155f"},"headline":"Seara apresenta nova identidade visual para o Oriente M\u00e9dio","datePublished":"2026-01-26T18:34:06+00:00","mainEntityOfPage":{"@id":"https:\/\/www.cidademarketing.com.br\/marketing\/2026\/01\/26\/seara-apresenta-nova-identidade-visual-para-o-oriente-medio\/"},"wordCount":641,"commentCount":0,"publisher":{"@id":"https:\/\/www.cidademarketing.com.br\/marketing\/#organization"},"image":{"@id":"https:\/\/www.cidademarketing.com.br\/marketing\/2026\/01\/26\/seara-apresenta-nova-identidade-visual-para-o-oriente-medio\/#primaryimage"},"thumbnailUrl":"https:\/\/www.cidademarketing.com.br\/marketing\/wp-content\/uploads\/2026\/01\/seara_identidadevisual_marca_orientemedio.webp","keywords":["alimentos congelados","Ar\u00e1bia Saudita","branding","embalagens Seara","estrat\u00e9gia","expans\u00e3o internacional","Go Tastier","Gulfood 2026","JBS","marca","marketing","mercado halal","nova identidade visual","Oriente M\u00e9dio","Seara","Seara MENA"],"articleSection":["Marcas","Not\u00edcias"],"inLanguage":"pt-BR","potentialAction":[{"@type":"CommentAction","name":"Comment","target":["https:\/\/www.cidademarketing.com.br\/marketing\/2026\/01\/26\/seara-apresenta-nova-identidade-visual-para-o-oriente-medio\/#respond"]}]},{"@type":"WebPage","@id":"https:\/\/www.cidademarketing.com.br\/marketing\/2026\/01\/26\/seara-apresenta-nova-identidade-visual-para-o-oriente-medio\/","url":"https:\/\/www.cidademarketing.com.br\/marketing\/2026\/01\/26\/seara-apresenta-nova-identidade-visual-para-o-oriente-medio\/","name":"Seara apresenta nova identidade visual para o Oriente M\u00e9dio - CidadeMarketing","isPartOf":{"@id":"https:\/\/www.cidademarketing.com.br\/marketing\/#website"},"primaryImageOfPage":{"@id":"https:\/\/www.cidademarketing.com.br\/marketing\/2026\/01\/26\/seara-apresenta-nova-identidade-visual-para-o-oriente-medio\/#primaryimage"},"image":{"@id":"https:\/\/www.cidademarketing.com.br\/marketing\/2026\/01\/26\/seara-apresenta-nova-identidade-visual-para-o-oriente-medio\/#primaryimage"},"thumbnailUrl":"https:\/\/www.cidademarketing.com.br\/marketing\/wp-content\/uploads\/2026\/01\/seara_identidadevisual_marca_orientemedio.webp","datePublished":"2026-01-26T18:34:06+00:00","description":"Seara apresenta nova identidade visual e reposicionamento estrat\u00e9gico para o Oriente M\u00e9dio na Gulfood 2026, com embalagens renovadas, campanha \u201cGo Tastier\u201d e expans\u00e3o na Ar\u00e1bia Saudita.","breadcrumb":{"@id":"https:\/\/www.cidademarketing.com.br\/marketing\/2026\/01\/26\/seara-apresenta-nova-identidade-visual-para-o-oriente-medio\/#breadcrumb"},"inLanguage":"pt-BR","potentialAction":[{"@type":"ReadAction","target":["https:\/\/www.cidademarketing.com.br\/marketing\/2026\/01\/26\/seara-apresenta-nova-identidade-visual-para-o-oriente-medio\/"]}]},{"@type":"ImageObject","inLanguage":"pt-BR","@id":"https:\/\/www.cidademarketing.com.br\/marketing\/2026\/01\/26\/seara-apresenta-nova-identidade-visual-para-o-oriente-medio\/#primaryimage","url":"https:\/\/www.cidademarketing.com.br\/marketing\/wp-content\/uploads\/2026\/01\/seara_identidadevisual_marca_orientemedio.webp","contentUrl":"https:\/\/www.cidademarketing.com.br\/marketing\/wp-content\/uploads\/2026\/01\/seara_identidadevisual_marca_orientemedio.webp","width":850,"height":417,"caption":"Divulga\u00e7\u00e3o"},{"@type":"BreadcrumbList","@id":"https:\/\/www.cidademarketing.com.br\/marketing\/2026\/01\/26\/seara-apresenta-nova-identidade-visual-para-o-oriente-medio\/#breadcrumb","itemListElement":[{"@type":"ListItem","position":1,"name":"In\u00edcio","item":"https:\/\/www.cidademarketing.com.br\/marketing\/"},{"@type":"ListItem","position":2,"name":"Seara apresenta nova identidade visual para o Oriente M\u00e9dio"}]},{"@type":"WebSite","@id":"https:\/\/www.cidademarketing.com.br\/marketing\/#website","url":"https:\/\/www.cidademarketing.com.br\/marketing\/","name":"CidadeMarketing","description":"Somos um ve\u00edculo de comunica\u00e7\u00e3o de destaque no Brasil, reconhecido por conte\u00fados nos segmentos de marketing, empreendedorismo e inova\u00e7\u00e3o.","publisher":{"@id":"https:\/\/www.cidademarketing.com.br\/marketing\/#organization"},"alternateName":"CidadeMarketing","potentialAction":[{"@type":"SearchAction","target":{"@type":"EntryPoint","urlTemplate":"https:\/\/www.cidademarketing.com.br\/marketing\/?s={search_term_string}"},"query-input":{"@type":"PropertyValueSpecification","valueRequired":true,"valueName":"search_term_string"}}],"inLanguage":"pt-BR"},{"@type":"Organization","@id":"https:\/\/www.cidademarketing.com.br\/marketing\/#organization","name":"CidadeMarketing","alternateName":"CidadeMarketing","url":"https:\/\/www.cidademarketing.com.br\/marketing\/","logo":{"@type":"ImageObject","inLanguage":"pt-BR","@id":"https:\/\/www.cidademarketing.com.br\/marketing\/#\/schema\/logo\/image\/","url":"https:\/\/www.cidademarketing.com.br\/marketing\/wp-content\/uploads\/2020\/01\/cidademarketing_marca_mobile.png","contentUrl":"https:\/\/www.cidademarketing.com.br\/marketing\/wp-content\/uploads\/2020\/01\/cidademarketing_marca_mobile.png","width":230,"height":92,"caption":"CidadeMarketing"},"image":{"@id":"https:\/\/www.cidademarketing.com.br\/marketing\/#\/schema\/logo\/image\/"},"sameAs":["https:\/\/www.facebook.com\/portalcidademarketing","https:\/\/x.com\/CidadeMarketing","https:\/\/www.instagram.com\/cidademarketing\/"]},{"@type":"Person","@id":"https:\/\/www.cidademarketing.com.br\/marketing\/#\/schema\/person\/02daff9f18bd9378c9e01eb6b2db155f","name":"Thales Brand\u00e3o","image":{"@type":"ImageObject","inLanguage":"pt-BR","@id":"https:\/\/secure.gravatar.com\/avatar\/7ca3206950207cc3cb48feec56a8a7898741ab725c368d99d5d7a5a50aab80c6?s=96&d=mm&r=g","url":"https:\/\/secure.gravatar.com\/avatar\/7ca3206950207cc3cb48feec56a8a7898741ab725c368d99d5d7a5a50aab80c6?s=96&d=mm&r=g","contentUrl":"https:\/\/secure.gravatar.com\/avatar\/7ca3206950207cc3cb48feec56a8a7898741ab725c368d99d5d7a5a50aab80c6?s=96&d=mm&r=g","caption":"Thales Brand\u00e3o"},"description":"Editor Executivo do Portal CidadeMarketing.com.br &gt; Mestre em Comunica\u00e7\u00e3o e Sociedade pela Universidade Federal de Sergipe. Possui MBA Executivo em Administra\u00e7\u00e3o com \u00eanfase em Marketing pela Funda\u00e7\u00e3o Get\u00falio Vargas - Rio de Janeiro. Consultor, Palestrante e Pesquisador sobre Empreendedorismo, Marketing, Redes Sociais e Neg\u00f3cios Digitais. Professor, Palestrante TedxTalks e Campus Party. Twitter: @ThalesBrandao","sameAs":["http:\/\/www.mandacaru.com.br","https:\/\/www.facebook.com\/thalesbrandao","http:\/\/www.instagram.com.br\/thalesbrandaoferreira","https:\/\/www.linkedin.com\/in\/thales-brand\u00e3o-3948609\/","https:\/\/x.com\/http:\/\/www.twitter.com\/thalesbrandao"],"url":"https:\/\/www.cidademarketing.com.br\/marketing\/author\/thalesbrandao\/"}]}},"amp_enabled":true,"_links":{"self":[{"href":"https:\/\/www.cidademarketing.com.br\/marketing\/wp-json\/wp\/v2\/posts\/59050","targetHints":{"allow":["GET"]}}],"collection":[{"href":"https:\/\/www.cidademarketing.com.br\/marketing\/wp-json\/wp\/v2\/posts"}],"about":[{"href":"https:\/\/www.cidademarketing.com.br\/marketing\/wp-json\/wp\/v2\/types\/post"}],"author":[{"embeddable":true,"href":"https:\/\/www.cidademarketing.com.br\/marketing\/wp-json\/wp\/v2\/users\/1"}],"replies":[{"embeddable":true,"href":"https:\/\/www.cidademarketing.com.br\/marketing\/wp-json\/wp\/v2\/comments?post=59050"}],"version-history":[{"count":1,"href":"https:\/\/www.cidademarketing.com.br\/marketing\/wp-json\/wp\/v2\/posts\/59050\/revisions"}],"predecessor-version":[{"id":59052,"href":"https:\/\/www.cidademarketing.com.br\/marketing\/wp-json\/wp\/v2\/posts\/59050\/revisions\/59052"}],"wp:featuredmedia":[{"embeddable":true,"href":"https:\/\/www.cidademarketing.com.br\/marketing\/wp-json\/wp\/v2\/media\/59051"}],"wp:attachment":[{"href":"https:\/\/www.cidademarketing.com.br\/marketing\/wp-json\/wp\/v2\/media?parent=59050"}],"wp:term":[{"taxonomy":"category","embeddable":true,"href":"https:\/\/www.cidademarketing.com.br\/marketing\/wp-json\/wp\/v2\/categories?post=59050"},{"taxonomy":"post_tag","embeddable":true,"href":"https:\/\/www.cidademarketing.com.br\/marketing\/wp-json\/wp\/v2\/tags?post=59050"}],"curies":[{"name":"wp","href":"https:\/\/api.w.org\/{rel}","templated":true}]}}