{"id":59047,"date":"2026-01-26T10:01:34","date_gmt":"2026-01-26T13:01:34","guid":{"rendered":"https:\/\/www.cidademarketing.com.br\/marketing\/?p=59047"},"modified":"2026-01-26T10:01:34","modified_gmt":"2026-01-26T13:01:34","slug":"avon-lanca-campanha-e-elege-power-stay-como-batom-oficial-do-carnaval","status":"publish","type":"post","link":"https:\/\/www.cidademarketing.com.br\/marketing\/2026\/01\/26\/avon-lanca-campanha-e-elege-power-stay-como-batom-oficial-do-carnaval\/","title":{"rendered":"Avon lan\u00e7a campanha e elege Power Stay como batom oficial do Carnaval"},"content":{"rendered":"<p>A Avon entrou de vez no clima do Carnaval 2026 com uma campanha que convida o p\u00fablico a viver a festa sem preocupa\u00e7\u00f5es com a maquiagem. A marca aposta na linha Power Stay para mostrar que o batom pode, sim, acompanhar o ritmo da folia, resistindo ao calor, ao suor, \u00e0s horas de dan\u00e7a e aos encontros t\u00edpicos da temporada.<\/p>\n<p>A proposta \u00e9 simples: devolver protagonismo aos l\u00e1bios, que por muito tempo ficaram em segundo plano nos looks carnavalescos por medo de borrar ou desaparecer ao longo do dia. Com at\u00e9 16 horas de dura\u00e7\u00e3o, os batons Power Stay prometem cor intensa, conforto e praticidade, permitindo que o foli\u00e3o aproveite cada momento sem precisar interromper a divers\u00e3o para retocar a make.<\/p>\n<blockquote class=\"instagram-media\" style=\"background: #FFF; border: 0; border-radius: 3px; box-shadow: 0 0 1px 0 rgba(0,0,0,0.5),0 1px 10px 0 rgba(0,0,0,0.15); margin: 1px; max-width: 540px; min-width: 326px; padding: 0; width: calc(100% - 2px);\" data-instgrm-captioned=\"\" data-instgrm-permalink=\"https:\/\/www.instagram.com\/reel\/DTxwnVTDYFu\/?utm_source=ig_embed&amp;utm_campaign=loading\" data-instgrm-version=\"14\">\n<div style=\"padding: 16px;\">\n<p>&nbsp;<\/p>\n<div style=\"display: flex; flex-direction: row; align-items: center;\">\n<div style=\"background-color: #f4f4f4; border-radius: 50%; flex-grow: 0; height: 40px; margin-right: 14px; width: 40px;\"><\/div>\n<div style=\"display: flex; flex-direction: column; flex-grow: 1; justify-content: center;\">\n<div style=\"background-color: #f4f4f4; border-radius: 4px; flex-grow: 0; height: 14px; margin-bottom: 6px; width: 100px;\"><\/div>\n<div style=\"background-color: #f4f4f4; border-radius: 4px; flex-grow: 0; height: 14px; width: 60px;\"><\/div>\n<\/div>\n<\/div>\n<div style=\"padding: 19% 0;\"><\/div>\n<div style=\"display: block; height: 50px; margin: 0 auto 12px; width: 50px;\"><\/div>\n<div style=\"padding-top: 8px;\">\n<div style=\"color: #3897f0; font-family: Arial,sans-serif; font-size: 14px; font-style: normal; font-weight: 550; line-height: 18px;\">Ver essa foto no Instagram<\/div>\n<\/div>\n<div style=\"padding: 12.5% 0;\"><\/div>\n<div style=\"display: flex; flex-direction: row; margin-bottom: 14px; align-items: center;\">\n<div>\n<div style=\"background-color: #f4f4f4; border-radius: 50%; height: 12.5px; width: 12.5px; transform: translateX(0px) translateY(7px);\"><\/div>\n<div style=\"background-color: #f4f4f4; height: 12.5px; transform: rotate(-45deg) translateX(3px) translateY(1px); width: 12.5px; flex-grow: 0; margin-right: 14px; margin-left: 2px;\"><\/div>\n<div style=\"background-color: #f4f4f4; border-radius: 50%; height: 12.5px; width: 12.5px; transform: translateX(9px) translateY(-18px);\"><\/div>\n<\/div>\n<div style=\"margin-left: 8px;\">\n<div style=\"background-color: #f4f4f4; border-radius: 50%; flex-grow: 0; height: 20px; width: 20px;\"><\/div>\n<div style=\"width: 0; height: 0; border-top: 2px solid transparent; border-left: 6px solid #f4f4f4; border-bottom: 2px solid transparent; transform: translateX(16px) translateY(-4px) rotate(30deg);\"><\/div>\n<\/div>\n<div style=\"margin-left: auto;\">\n<div style=\"width: 0px; border-top: 8px solid #F4F4F4; border-right: 8px solid transparent; transform: translateY(16px);\"><\/div>\n<div style=\"background-color: #f4f4f4; flex-grow: 0; height: 12px; width: 16px; transform: translateY(-4px);\"><\/div>\n<div style=\"width: 0; height: 0; border-top: 8px solid #F4F4F4; border-left: 8px solid transparent; transform: translateY(-4px) translateX(8px);\"><\/div>\n<\/div>\n<\/div>\n<div style=\"display: flex; flex-direction: column; flex-grow: 1; justify-content: center; margin-bottom: 24px;\">\n<div style=\"background-color: #f4f4f4; border-radius: 4px; flex-grow: 0; height: 14px; margin-bottom: 6px; width: 224px;\"><\/div>\n<div style=\"background-color: #f4f4f4; border-radius: 4px; flex-grow: 0; height: 14px; width: 144px;\"><\/div>\n<\/div>\n<p>&nbsp;<\/p>\n<p style=\"color: #c9c8cd; font-family: Arial,sans-serif; font-size: 14px; line-height: 17px; margin-bottom: 0; margin-top: 8px; overflow: hidden; padding: 8px 0 7px; text-align: center; text-overflow: ellipsis; white-space: nowrap;\"><a style=\"color: #c9c8cd; font-family: Arial,sans-serif; font-size: 14px; font-style: normal; font-weight: normal; line-height: 17px; text-decoration: none;\" href=\"https:\/\/www.instagram.com\/reel\/DTxwnVTDYFu\/?utm_source=ig_embed&amp;utm_campaign=loading\" target=\"_blank\" rel=\"noopener\">Um post compartilhado por Avon Brasil \ud83d\udc84 (@avonbrasil)<\/a><\/p>\n<\/div>\n<\/blockquote>\n<p><script async src=\"\/\/www.instagram.com\/embed.js\"><\/script>Com essa iniciativa, a Avon refor\u00e7a sua conex\u00e3o com a cultura brasileira e com a ideia de liberdade que o Carnaval representa. A marca convida as pessoas a se expressarem sem limites, mostrando que a maquiagem pode ser uma aliada da festa, e n\u00e3o um obst\u00e1culo. \u00c9 a beleza acompanhando o ritmo da rua, dos blocos e das celebra\u00e7\u00f5es que fazem do Carnaval um dos maiores s\u00edmbolos do Brasil.<\/p>\n","protected":false},"excerpt":{"rendered":"<p>A Avon entrou de vez no clima do Carnaval 2026 com uma campanha que convida o p\u00fablico a viver a festa sem preocupa\u00e7\u00f5es com a maquiagem. A marca aposta na linha Power Stay para mostrar que o batom pode, sim, acompanhar o ritmo da folia, resistindo ao calor, ao suor, \u00e0s horas de dan\u00e7a e [&hellip;]<\/p>\n","protected":false},"author":1,"featured_media":59048,"comment_status":"open","ping_status":"open","sticky":false,"template":"","format":"standard","meta":{"tdm_status":"","tdm_grid_status":"","footnotes":""},"categories":[6],"tags":[11766,11775,11768,11769,11772,65,11767,11774,33,11770,28,11773,11771],"class_list":["post-59047","post","type-post","status-publish","format-standard","has-post-thumbnail","hentry","category-noticias","tag-avon-carnaval-2026","tag-avon-folia","tag-avon-power-stay","tag-batom-avon-carnaval","tag-batom-de-longa-duracao","tag-campanha","tag-campanha-avon-carnaval","tag-campanha-de-beleza-carnaval","tag-estrategia","tag-maquiagem-para-carnaval","tag-marketing","tag-marketing-avon","tag-seu-batom-pode-mais-no-carnavon"],"yoast_head":"<!-- This site is optimized with the Yoast SEO plugin v27.4 - https:\/\/yoast.com\/product\/yoast-seo-wordpress\/ -->\n<title>Avon lan\u00e7a campanha e elege Power Stay como batom oficial do Carnaval - CidadeMarketing<\/title>\n<meta name=\"description\" content=\"Avon lan\u00e7a a campanha \u201cSeu Batom Pode Mais no CarnAvon\u201d para o Carnaval 2026 e posiciona a linha Power Stay como batom oficial da folia, com at\u00e9 16h de dura\u00e7\u00e3o, brilho, conforto e alta fixa\u00e7\u00e3o.\" \/>\n<meta name=\"robots\" content=\"index, follow, max-snippet:-1, max-image-preview:large, max-video-preview:-1\" \/>\n<link rel=\"canonical\" href=\"https:\/\/www.cidademarketing.com.br\/marketing\/2026\/01\/26\/avon-lanca-campanha-e-elege-power-stay-como-batom-oficial-do-carnaval\/\" \/>\n<meta property=\"og:locale\" content=\"pt_BR\" \/>\n<meta property=\"og:type\" content=\"article\" \/>\n<meta property=\"og:title\" content=\"Avon lan\u00e7a campanha e elege Power Stay como batom oficial do Carnaval - CidadeMarketing\" \/>\n<meta property=\"og:description\" content=\"Avon lan\u00e7a a campanha \u201cSeu Batom Pode Mais no CarnAvon\u201d para o Carnaval 2026 e posiciona a linha Power Stay como batom oficial da folia, com at\u00e9 16h de dura\u00e7\u00e3o, brilho, conforto e alta fixa\u00e7\u00e3o.\" \/>\n<meta property=\"og:url\" content=\"https:\/\/www.cidademarketing.com.br\/marketing\/2026\/01\/26\/avon-lanca-campanha-e-elege-power-stay-como-batom-oficial-do-carnaval\/\" \/>\n<meta property=\"og:site_name\" content=\"CidadeMarketing\" \/>\n<meta property=\"article:publisher\" content=\"https:\/\/www.facebook.com\/portalcidademarketing\" \/>\n<meta property=\"article:author\" content=\"https:\/\/www.facebook.com\/thalesbrandao\" \/>\n<meta property=\"article:published_time\" content=\"2026-01-26T13:01:34+00:00\" \/>\n<meta property=\"og:image\" content=\"https:\/\/www.cidademarketing.com.br\/marketing\/wp-content\/uploads\/2026\/01\/carnavon_carnaval_avon_campanha_batom.webp\" \/>\n\t<meta property=\"og:image:width\" content=\"1241\" \/>\n\t<meta property=\"og:image:height\" content=\"760\" \/>\n\t<meta property=\"og:image:type\" content=\"image\/webp\" \/>\n<meta name=\"author\" content=\"Thales Brand\u00e3o\" \/>\n<meta name=\"twitter:card\" content=\"summary_large_image\" \/>\n<meta name=\"twitter:creator\" content=\"@http:\/\/www.twitter.com\/thalesbrandao\" \/>\n<meta name=\"twitter:site\" content=\"@CidadeMarketing\" \/>\n<meta name=\"twitter:label1\" content=\"Escrito por\" \/>\n\t<meta name=\"twitter:data1\" content=\"Thales Brand\u00e3o\" \/>\n\t<meta name=\"twitter:label2\" content=\"Est. tempo de leitura\" \/>\n\t<meta name=\"twitter:data2\" content=\"2 minutos\" \/>\n<script type=\"application\/ld+json\" class=\"yoast-schema-graph\">{\"@context\":\"https:\\\/\\\/schema.org\",\"@graph\":[{\"@type\":\"Article\",\"@id\":\"https:\\\/\\\/www.cidademarketing.com.br\\\/marketing\\\/2026\\\/01\\\/26\\\/avon-lanca-campanha-e-elege-power-stay-como-batom-oficial-do-carnaval\\\/#article\",\"isPartOf\":{\"@id\":\"https:\\\/\\\/www.cidademarketing.com.br\\\/marketing\\\/2026\\\/01\\\/26\\\/avon-lanca-campanha-e-elege-power-stay-como-batom-oficial-do-carnaval\\\/\"},\"author\":{\"name\":\"Thales Brand\u00e3o\",\"@id\":\"https:\\\/\\\/www.cidademarketing.com.br\\\/marketing\\\/#\\\/schema\\\/person\\\/02daff9f18bd9378c9e01eb6b2db155f\"},\"headline\":\"Avon lan\u00e7a campanha e elege Power Stay como batom oficial do Carnaval\",\"datePublished\":\"2026-01-26T13:01:34+00:00\",\"mainEntityOfPage\":{\"@id\":\"https:\\\/\\\/www.cidademarketing.com.br\\\/marketing\\\/2026\\\/01\\\/26\\\/avon-lanca-campanha-e-elege-power-stay-como-batom-oficial-do-carnaval\\\/\"},\"wordCount\":227,\"commentCount\":0,\"publisher\":{\"@id\":\"https:\\\/\\\/www.cidademarketing.com.br\\\/marketing\\\/#organization\"},\"image\":{\"@id\":\"https:\\\/\\\/www.cidademarketing.com.br\\\/marketing\\\/2026\\\/01\\\/26\\\/avon-lanca-campanha-e-elege-power-stay-como-batom-oficial-do-carnaval\\\/#primaryimage\"},\"thumbnailUrl\":\"https:\\\/\\\/www.cidademarketing.com.br\\\/marketing\\\/wp-content\\\/uploads\\\/2026\\\/01\\\/carnavon_carnaval_avon_campanha_batom.webp\",\"keywords\":[\"Avon Carnaval 2026\",\"Avon folia\",\"Avon Power Stay\",\"batom Avon Carnaval\",\"batom de longa dura\u00e7\u00e3o\",\"campanha\",\"campanha Avon Carnaval\",\"campanha de beleza Carnaval\",\"estrat\u00e9gia\",\"maquiagem para Carnaval\",\"marketing\",\"marketing Avon\",\"Seu Batom Pode Mais no CarnAvon\"],\"articleSection\":[\"Not\u00edcias\"],\"inLanguage\":\"pt-BR\",\"potentialAction\":[{\"@type\":\"CommentAction\",\"name\":\"Comment\",\"target\":[\"https:\\\/\\\/www.cidademarketing.com.br\\\/marketing\\\/2026\\\/01\\\/26\\\/avon-lanca-campanha-e-elege-power-stay-como-batom-oficial-do-carnaval\\\/#respond\"]}]},{\"@type\":\"WebPage\",\"@id\":\"https:\\\/\\\/www.cidademarketing.com.br\\\/marketing\\\/2026\\\/01\\\/26\\\/avon-lanca-campanha-e-elege-power-stay-como-batom-oficial-do-carnaval\\\/\",\"url\":\"https:\\\/\\\/www.cidademarketing.com.br\\\/marketing\\\/2026\\\/01\\\/26\\\/avon-lanca-campanha-e-elege-power-stay-como-batom-oficial-do-carnaval\\\/\",\"name\":\"Avon lan\u00e7a campanha e elege Power Stay como batom oficial do Carnaval - CidadeMarketing\",\"isPartOf\":{\"@id\":\"https:\\\/\\\/www.cidademarketing.com.br\\\/marketing\\\/#website\"},\"primaryImageOfPage\":{\"@id\":\"https:\\\/\\\/www.cidademarketing.com.br\\\/marketing\\\/2026\\\/01\\\/26\\\/avon-lanca-campanha-e-elege-power-stay-como-batom-oficial-do-carnaval\\\/#primaryimage\"},\"image\":{\"@id\":\"https:\\\/\\\/www.cidademarketing.com.br\\\/marketing\\\/2026\\\/01\\\/26\\\/avon-lanca-campanha-e-elege-power-stay-como-batom-oficial-do-carnaval\\\/#primaryimage\"},\"thumbnailUrl\":\"https:\\\/\\\/www.cidademarketing.com.br\\\/marketing\\\/wp-content\\\/uploads\\\/2026\\\/01\\\/carnavon_carnaval_avon_campanha_batom.webp\",\"datePublished\":\"2026-01-26T13:01:34+00:00\",\"description\":\"Avon lan\u00e7a a campanha \u201cSeu Batom Pode Mais no CarnAvon\u201d para o Carnaval 2026 e posiciona a linha Power Stay como batom oficial da folia, com at\u00e9 16h de dura\u00e7\u00e3o, brilho, conforto e alta fixa\u00e7\u00e3o.\",\"breadcrumb\":{\"@id\":\"https:\\\/\\\/www.cidademarketing.com.br\\\/marketing\\\/2026\\\/01\\\/26\\\/avon-lanca-campanha-e-elege-power-stay-como-batom-oficial-do-carnaval\\\/#breadcrumb\"},\"inLanguage\":\"pt-BR\",\"potentialAction\":[{\"@type\":\"ReadAction\",\"target\":[\"https:\\\/\\\/www.cidademarketing.com.br\\\/marketing\\\/2026\\\/01\\\/26\\\/avon-lanca-campanha-e-elege-power-stay-como-batom-oficial-do-carnaval\\\/\"]}]},{\"@type\":\"ImageObject\",\"inLanguage\":\"pt-BR\",\"@id\":\"https:\\\/\\\/www.cidademarketing.com.br\\\/marketing\\\/2026\\\/01\\\/26\\\/avon-lanca-campanha-e-elege-power-stay-como-batom-oficial-do-carnaval\\\/#primaryimage\",\"url\":\"https:\\\/\\\/www.cidademarketing.com.br\\\/marketing\\\/wp-content\\\/uploads\\\/2026\\\/01\\\/carnavon_carnaval_avon_campanha_batom.webp\",\"contentUrl\":\"https:\\\/\\\/www.cidademarketing.com.br\\\/marketing\\\/wp-content\\\/uploads\\\/2026\\\/01\\\/carnavon_carnaval_avon_campanha_batom.webp\",\"width\":1241,\"height\":760,\"caption\":\"Divulga\u00e7\u00e3o\"},{\"@type\":\"BreadcrumbList\",\"@id\":\"https:\\\/\\\/www.cidademarketing.com.br\\\/marketing\\\/2026\\\/01\\\/26\\\/avon-lanca-campanha-e-elege-power-stay-como-batom-oficial-do-carnaval\\\/#breadcrumb\",\"itemListElement\":[{\"@type\":\"ListItem\",\"position\":1,\"name\":\"In\u00edcio\",\"item\":\"https:\\\/\\\/www.cidademarketing.com.br\\\/marketing\\\/\"},{\"@type\":\"ListItem\",\"position\":2,\"name\":\"Avon lan\u00e7a campanha e elege Power Stay como batom oficial do Carnaval\"}]},{\"@type\":\"WebSite\",\"@id\":\"https:\\\/\\\/www.cidademarketing.com.br\\\/marketing\\\/#website\",\"url\":\"https:\\\/\\\/www.cidademarketing.com.br\\\/marketing\\\/\",\"name\":\"CidadeMarketing\",\"description\":\"Somos um ve\u00edculo de comunica\u00e7\u00e3o de destaque no Brasil, reconhecido por conte\u00fados nos segmentos de marketing, empreendedorismo e inova\u00e7\u00e3o.\",\"publisher\":{\"@id\":\"https:\\\/\\\/www.cidademarketing.com.br\\\/marketing\\\/#organization\"},\"alternateName\":\"CidadeMarketing\",\"potentialAction\":[{\"@type\":\"SearchAction\",\"target\":{\"@type\":\"EntryPoint\",\"urlTemplate\":\"https:\\\/\\\/www.cidademarketing.com.br\\\/marketing\\\/?s={search_term_string}\"},\"query-input\":{\"@type\":\"PropertyValueSpecification\",\"valueRequired\":true,\"valueName\":\"search_term_string\"}}],\"inLanguage\":\"pt-BR\"},{\"@type\":\"Organization\",\"@id\":\"https:\\\/\\\/www.cidademarketing.com.br\\\/marketing\\\/#organization\",\"name\":\"CidadeMarketing\",\"alternateName\":\"CidadeMarketing\",\"url\":\"https:\\\/\\\/www.cidademarketing.com.br\\\/marketing\\\/\",\"logo\":{\"@type\":\"ImageObject\",\"inLanguage\":\"pt-BR\",\"@id\":\"https:\\\/\\\/www.cidademarketing.com.br\\\/marketing\\\/#\\\/schema\\\/logo\\\/image\\\/\",\"url\":\"https:\\\/\\\/www.cidademarketing.com.br\\\/marketing\\\/wp-content\\\/uploads\\\/2020\\\/01\\\/cidademarketing_marca_mobile.png\",\"contentUrl\":\"https:\\\/\\\/www.cidademarketing.com.br\\\/marketing\\\/wp-content\\\/uploads\\\/2020\\\/01\\\/cidademarketing_marca_mobile.png\",\"width\":230,\"height\":92,\"caption\":\"CidadeMarketing\"},\"image\":{\"@id\":\"https:\\\/\\\/www.cidademarketing.com.br\\\/marketing\\\/#\\\/schema\\\/logo\\\/image\\\/\"},\"sameAs\":[\"https:\\\/\\\/www.facebook.com\\\/portalcidademarketing\",\"https:\\\/\\\/x.com\\\/CidadeMarketing\",\"https:\\\/\\\/www.instagram.com\\\/cidademarketing\\\/\"]},{\"@type\":\"Person\",\"@id\":\"https:\\\/\\\/www.cidademarketing.com.br\\\/marketing\\\/#\\\/schema\\\/person\\\/02daff9f18bd9378c9e01eb6b2db155f\",\"name\":\"Thales Brand\u00e3o\",\"image\":{\"@type\":\"ImageObject\",\"inLanguage\":\"pt-BR\",\"@id\":\"https:\\\/\\\/secure.gravatar.com\\\/avatar\\\/7ca3206950207cc3cb48feec56a8a7898741ab725c368d99d5d7a5a50aab80c6?s=96&d=mm&r=g\",\"url\":\"https:\\\/\\\/secure.gravatar.com\\\/avatar\\\/7ca3206950207cc3cb48feec56a8a7898741ab725c368d99d5d7a5a50aab80c6?s=96&d=mm&r=g\",\"contentUrl\":\"https:\\\/\\\/secure.gravatar.com\\\/avatar\\\/7ca3206950207cc3cb48feec56a8a7898741ab725c368d99d5d7a5a50aab80c6?s=96&d=mm&r=g\",\"caption\":\"Thales Brand\u00e3o\"},\"description\":\"Editor Executivo do Portal CidadeMarketing.com.br &gt; Mestre em Comunica\u00e7\u00e3o e Sociedade pela Universidade Federal de Sergipe. Possui MBA Executivo em Administra\u00e7\u00e3o com \u00eanfase em Marketing pela Funda\u00e7\u00e3o Get\u00falio Vargas - Rio de Janeiro. Consultor, Palestrante e Pesquisador sobre Empreendedorismo, Marketing, Redes Sociais e Neg\u00f3cios Digitais. Professor, Palestrante TedxTalks e Campus Party. Twitter: @ThalesBrandao\",\"sameAs\":[\"http:\\\/\\\/www.mandacaru.com.br\",\"https:\\\/\\\/www.facebook.com\\\/thalesbrandao\",\"http:\\\/\\\/www.instagram.com.br\\\/thalesbrandaoferreira\",\"https:\\\/\\\/www.linkedin.com\\\/in\\\/thales-brand\u00e3o-3948609\\\/\",\"https:\\\/\\\/x.com\\\/http:\\\/\\\/www.twitter.com\\\/thalesbrandao\"],\"url\":\"https:\\\/\\\/www.cidademarketing.com.br\\\/marketing\\\/author\\\/thalesbrandao\\\/\"}]}<\/script>\n<!-- \/ Yoast SEO plugin. -->","yoast_head_json":{"title":"Avon lan\u00e7a campanha e elege Power Stay como batom oficial do Carnaval - CidadeMarketing","description":"Avon lan\u00e7a a campanha \u201cSeu Batom Pode Mais no CarnAvon\u201d para o Carnaval 2026 e posiciona a linha Power Stay como batom oficial da folia, com at\u00e9 16h de dura\u00e7\u00e3o, brilho, conforto e alta fixa\u00e7\u00e3o.","robots":{"index":"index","follow":"follow","max-snippet":"max-snippet:-1","max-image-preview":"max-image-preview:large","max-video-preview":"max-video-preview:-1"},"canonical":"https:\/\/www.cidademarketing.com.br\/marketing\/2026\/01\/26\/avon-lanca-campanha-e-elege-power-stay-como-batom-oficial-do-carnaval\/","og_locale":"pt_BR","og_type":"article","og_title":"Avon lan\u00e7a campanha e elege Power Stay como batom oficial do Carnaval - CidadeMarketing","og_description":"Avon lan\u00e7a a campanha \u201cSeu Batom Pode Mais no CarnAvon\u201d para o Carnaval 2026 e posiciona a linha Power Stay como batom oficial da folia, com at\u00e9 16h de dura\u00e7\u00e3o, brilho, conforto e alta fixa\u00e7\u00e3o.","og_url":"https:\/\/www.cidademarketing.com.br\/marketing\/2026\/01\/26\/avon-lanca-campanha-e-elege-power-stay-como-batom-oficial-do-carnaval\/","og_site_name":"CidadeMarketing","article_publisher":"https:\/\/www.facebook.com\/portalcidademarketing","article_author":"https:\/\/www.facebook.com\/thalesbrandao","article_published_time":"2026-01-26T13:01:34+00:00","og_image":[{"width":1241,"height":760,"url":"https:\/\/www.cidademarketing.com.br\/marketing\/wp-content\/uploads\/2026\/01\/carnavon_carnaval_avon_campanha_batom.webp","type":"image\/webp"}],"author":"Thales Brand\u00e3o","twitter_card":"summary_large_image","twitter_creator":"@http:\/\/www.twitter.com\/thalesbrandao","twitter_site":"@CidadeMarketing","twitter_misc":{"Escrito por":"Thales Brand\u00e3o","Est. tempo de leitura":"2 minutos"},"schema":{"@context":"https:\/\/schema.org","@graph":[{"@type":"Article","@id":"https:\/\/www.cidademarketing.com.br\/marketing\/2026\/01\/26\/avon-lanca-campanha-e-elege-power-stay-como-batom-oficial-do-carnaval\/#article","isPartOf":{"@id":"https:\/\/www.cidademarketing.com.br\/marketing\/2026\/01\/26\/avon-lanca-campanha-e-elege-power-stay-como-batom-oficial-do-carnaval\/"},"author":{"name":"Thales Brand\u00e3o","@id":"https:\/\/www.cidademarketing.com.br\/marketing\/#\/schema\/person\/02daff9f18bd9378c9e01eb6b2db155f"},"headline":"Avon lan\u00e7a campanha e elege Power Stay como batom oficial do Carnaval","datePublished":"2026-01-26T13:01:34+00:00","mainEntityOfPage":{"@id":"https:\/\/www.cidademarketing.com.br\/marketing\/2026\/01\/26\/avon-lanca-campanha-e-elege-power-stay-como-batom-oficial-do-carnaval\/"},"wordCount":227,"commentCount":0,"publisher":{"@id":"https:\/\/www.cidademarketing.com.br\/marketing\/#organization"},"image":{"@id":"https:\/\/www.cidademarketing.com.br\/marketing\/2026\/01\/26\/avon-lanca-campanha-e-elege-power-stay-como-batom-oficial-do-carnaval\/#primaryimage"},"thumbnailUrl":"https:\/\/www.cidademarketing.com.br\/marketing\/wp-content\/uploads\/2026\/01\/carnavon_carnaval_avon_campanha_batom.webp","keywords":["Avon Carnaval 2026","Avon folia","Avon Power Stay","batom Avon Carnaval","batom de longa dura\u00e7\u00e3o","campanha","campanha Avon Carnaval","campanha de beleza Carnaval","estrat\u00e9gia","maquiagem para Carnaval","marketing","marketing Avon","Seu Batom Pode Mais no CarnAvon"],"articleSection":["Not\u00edcias"],"inLanguage":"pt-BR","potentialAction":[{"@type":"CommentAction","name":"Comment","target":["https:\/\/www.cidademarketing.com.br\/marketing\/2026\/01\/26\/avon-lanca-campanha-e-elege-power-stay-como-batom-oficial-do-carnaval\/#respond"]}]},{"@type":"WebPage","@id":"https:\/\/www.cidademarketing.com.br\/marketing\/2026\/01\/26\/avon-lanca-campanha-e-elege-power-stay-como-batom-oficial-do-carnaval\/","url":"https:\/\/www.cidademarketing.com.br\/marketing\/2026\/01\/26\/avon-lanca-campanha-e-elege-power-stay-como-batom-oficial-do-carnaval\/","name":"Avon lan\u00e7a campanha e elege Power Stay como batom oficial do Carnaval - CidadeMarketing","isPartOf":{"@id":"https:\/\/www.cidademarketing.com.br\/marketing\/#website"},"primaryImageOfPage":{"@id":"https:\/\/www.cidademarketing.com.br\/marketing\/2026\/01\/26\/avon-lanca-campanha-e-elege-power-stay-como-batom-oficial-do-carnaval\/#primaryimage"},"image":{"@id":"https:\/\/www.cidademarketing.com.br\/marketing\/2026\/01\/26\/avon-lanca-campanha-e-elege-power-stay-como-batom-oficial-do-carnaval\/#primaryimage"},"thumbnailUrl":"https:\/\/www.cidademarketing.com.br\/marketing\/wp-content\/uploads\/2026\/01\/carnavon_carnaval_avon_campanha_batom.webp","datePublished":"2026-01-26T13:01:34+00:00","description":"Avon lan\u00e7a a campanha \u201cSeu Batom Pode Mais no CarnAvon\u201d para o Carnaval 2026 e posiciona a linha Power Stay como batom oficial da folia, com at\u00e9 16h de dura\u00e7\u00e3o, brilho, conforto e alta fixa\u00e7\u00e3o.","breadcrumb":{"@id":"https:\/\/www.cidademarketing.com.br\/marketing\/2026\/01\/26\/avon-lanca-campanha-e-elege-power-stay-como-batom-oficial-do-carnaval\/#breadcrumb"},"inLanguage":"pt-BR","potentialAction":[{"@type":"ReadAction","target":["https:\/\/www.cidademarketing.com.br\/marketing\/2026\/01\/26\/avon-lanca-campanha-e-elege-power-stay-como-batom-oficial-do-carnaval\/"]}]},{"@type":"ImageObject","inLanguage":"pt-BR","@id":"https:\/\/www.cidademarketing.com.br\/marketing\/2026\/01\/26\/avon-lanca-campanha-e-elege-power-stay-como-batom-oficial-do-carnaval\/#primaryimage","url":"https:\/\/www.cidademarketing.com.br\/marketing\/wp-content\/uploads\/2026\/01\/carnavon_carnaval_avon_campanha_batom.webp","contentUrl":"https:\/\/www.cidademarketing.com.br\/marketing\/wp-content\/uploads\/2026\/01\/carnavon_carnaval_avon_campanha_batom.webp","width":1241,"height":760,"caption":"Divulga\u00e7\u00e3o"},{"@type":"BreadcrumbList","@id":"https:\/\/www.cidademarketing.com.br\/marketing\/2026\/01\/26\/avon-lanca-campanha-e-elege-power-stay-como-batom-oficial-do-carnaval\/#breadcrumb","itemListElement":[{"@type":"ListItem","position":1,"name":"In\u00edcio","item":"https:\/\/www.cidademarketing.com.br\/marketing\/"},{"@type":"ListItem","position":2,"name":"Avon lan\u00e7a campanha e elege Power Stay como batom oficial do Carnaval"}]},{"@type":"WebSite","@id":"https:\/\/www.cidademarketing.com.br\/marketing\/#website","url":"https:\/\/www.cidademarketing.com.br\/marketing\/","name":"CidadeMarketing","description":"Somos um ve\u00edculo de comunica\u00e7\u00e3o de destaque no Brasil, reconhecido por conte\u00fados nos segmentos de marketing, empreendedorismo e inova\u00e7\u00e3o.","publisher":{"@id":"https:\/\/www.cidademarketing.com.br\/marketing\/#organization"},"alternateName":"CidadeMarketing","potentialAction":[{"@type":"SearchAction","target":{"@type":"EntryPoint","urlTemplate":"https:\/\/www.cidademarketing.com.br\/marketing\/?s={search_term_string}"},"query-input":{"@type":"PropertyValueSpecification","valueRequired":true,"valueName":"search_term_string"}}],"inLanguage":"pt-BR"},{"@type":"Organization","@id":"https:\/\/www.cidademarketing.com.br\/marketing\/#organization","name":"CidadeMarketing","alternateName":"CidadeMarketing","url":"https:\/\/www.cidademarketing.com.br\/marketing\/","logo":{"@type":"ImageObject","inLanguage":"pt-BR","@id":"https:\/\/www.cidademarketing.com.br\/marketing\/#\/schema\/logo\/image\/","url":"https:\/\/www.cidademarketing.com.br\/marketing\/wp-content\/uploads\/2020\/01\/cidademarketing_marca_mobile.png","contentUrl":"https:\/\/www.cidademarketing.com.br\/marketing\/wp-content\/uploads\/2020\/01\/cidademarketing_marca_mobile.png","width":230,"height":92,"caption":"CidadeMarketing"},"image":{"@id":"https:\/\/www.cidademarketing.com.br\/marketing\/#\/schema\/logo\/image\/"},"sameAs":["https:\/\/www.facebook.com\/portalcidademarketing","https:\/\/x.com\/CidadeMarketing","https:\/\/www.instagram.com\/cidademarketing\/"]},{"@type":"Person","@id":"https:\/\/www.cidademarketing.com.br\/marketing\/#\/schema\/person\/02daff9f18bd9378c9e01eb6b2db155f","name":"Thales Brand\u00e3o","image":{"@type":"ImageObject","inLanguage":"pt-BR","@id":"https:\/\/secure.gravatar.com\/avatar\/7ca3206950207cc3cb48feec56a8a7898741ab725c368d99d5d7a5a50aab80c6?s=96&d=mm&r=g","url":"https:\/\/secure.gravatar.com\/avatar\/7ca3206950207cc3cb48feec56a8a7898741ab725c368d99d5d7a5a50aab80c6?s=96&d=mm&r=g","contentUrl":"https:\/\/secure.gravatar.com\/avatar\/7ca3206950207cc3cb48feec56a8a7898741ab725c368d99d5d7a5a50aab80c6?s=96&d=mm&r=g","caption":"Thales Brand\u00e3o"},"description":"Editor Executivo do Portal CidadeMarketing.com.br &gt; Mestre em Comunica\u00e7\u00e3o e Sociedade pela Universidade Federal de Sergipe. Possui MBA Executivo em Administra\u00e7\u00e3o com \u00eanfase em Marketing pela Funda\u00e7\u00e3o Get\u00falio Vargas - Rio de Janeiro. Consultor, Palestrante e Pesquisador sobre Empreendedorismo, Marketing, Redes Sociais e Neg\u00f3cios Digitais. Professor, Palestrante TedxTalks e Campus Party. Twitter: @ThalesBrandao","sameAs":["http:\/\/www.mandacaru.com.br","https:\/\/www.facebook.com\/thalesbrandao","http:\/\/www.instagram.com.br\/thalesbrandaoferreira","https:\/\/www.linkedin.com\/in\/thales-brand\u00e3o-3948609\/","https:\/\/x.com\/http:\/\/www.twitter.com\/thalesbrandao"],"url":"https:\/\/www.cidademarketing.com.br\/marketing\/author\/thalesbrandao\/"}]}},"amp_enabled":true,"_links":{"self":[{"href":"https:\/\/www.cidademarketing.com.br\/marketing\/wp-json\/wp\/v2\/posts\/59047","targetHints":{"allow":["GET"]}}],"collection":[{"href":"https:\/\/www.cidademarketing.com.br\/marketing\/wp-json\/wp\/v2\/posts"}],"about":[{"href":"https:\/\/www.cidademarketing.com.br\/marketing\/wp-json\/wp\/v2\/types\/post"}],"author":[{"embeddable":true,"href":"https:\/\/www.cidademarketing.com.br\/marketing\/wp-json\/wp\/v2\/users\/1"}],"replies":[{"embeddable":true,"href":"https:\/\/www.cidademarketing.com.br\/marketing\/wp-json\/wp\/v2\/comments?post=59047"}],"version-history":[{"count":1,"href":"https:\/\/www.cidademarketing.com.br\/marketing\/wp-json\/wp\/v2\/posts\/59047\/revisions"}],"predecessor-version":[{"id":59049,"href":"https:\/\/www.cidademarketing.com.br\/marketing\/wp-json\/wp\/v2\/posts\/59047\/revisions\/59049"}],"wp:featuredmedia":[{"embeddable":true,"href":"https:\/\/www.cidademarketing.com.br\/marketing\/wp-json\/wp\/v2\/media\/59048"}],"wp:attachment":[{"href":"https:\/\/www.cidademarketing.com.br\/marketing\/wp-json\/wp\/v2\/media?parent=59047"}],"wp:term":[{"taxonomy":"category","embeddable":true,"href":"https:\/\/www.cidademarketing.com.br\/marketing\/wp-json\/wp\/v2\/categories?post=59047"},{"taxonomy":"post_tag","embeddable":true,"href":"https:\/\/www.cidademarketing.com.br\/marketing\/wp-json\/wp\/v2\/tags?post=59047"}],"curies":[{"name":"wp","href":"https:\/\/api.w.org\/{rel}","templated":true}]}}