{"id":58658,"date":"2025-12-11T15:56:25","date_gmt":"2025-12-11T18:56:25","guid":{"rendered":"https:\/\/www.cidademarketing.com.br\/marketing\/?p=58658"},"modified":"2025-12-11T15:56:25","modified_gmt":"2025-12-11T18:56:25","slug":"vendaval-ceo-da-latam-airlines-se-pronuncia-apos-cancelamento-de-voos-em-sp","status":"publish","type":"post","link":"https:\/\/www.cidademarketing.com.br\/marketing\/2025\/12\/11\/vendaval-ceo-da-latam-airlines-se-pronuncia-apos-cancelamento-de-voos-em-sp\/","title":{"rendered":"Vendaval: CEO da LATAM Airlines se pronuncia ap\u00f3s cancelamento de voos em SP"},"content":{"rendered":"<p>Um vendaval hist\u00f3rico atingiu S\u00e3o Paulo entre quarta (10) e quinta-feira (11), provocando um cen\u00e1rio de caos na avia\u00e7\u00e3o civil. Mais de 300 voos foram cancelados nos aeroportos de Congonhas e Guarulhos devido aos fortes ventos provocados por um ciclone extratropical. Milhares de passageiros foram afetados e enfrentaram longas horas de espera, realoca\u00e7\u00f5es inesperadas e falhas nos canais de comunica\u00e7\u00e3o.<\/p>\n<p>Diante do impacto, Jerome Cadier, CEO da LATAM Airlines Brasil, publicou um posicionamento oficial em sua conta no LinkedIn, no qual pediu desculpas aos passageiros e explicou os desafios enfrentados pela companhia durante o evento clim\u00e1tico severo.<\/p>\n<p>\u201cVenho aqui publicamente pedir desculpas\u201d<\/p>\n<p>Em seu comunicado, Cadier descreveu S\u00e3o Paulo como uma cidade \u201cinfernal\u201d nos \u00faltimos dias, citando chuva torrencial, greve de \u00f4nibus, tr\u00e2nsito recorde, ventos acima de 100 km\/h e falhas de energia. Ele reconheceu que a situa\u00e7\u00e3o foi especialmente cr\u00edtica para quem tinha voos programados:<\/p>\n<p>\u201cVenho aqui publicamente pedir desculpas a todos os passageiros que tiveram seus voos afetados desde ter\u00e7a. Explico o tamanho do impacto, o que fizemos e continuamos a fazer estes dias.\u201d<\/p>\n<p>O CEO refor\u00e7ou que a seguran\u00e7a \u00e9 a prioridade absoluta da empresa:<\/p>\n<p>\u201cSe uma decolagem ou pouso \u00e9 perigoso, ele n\u00e3o acontece. Postergamos, arremetemos ou vamos para outro aeroporto com condi\u00e7\u00f5es mais seguras.\u201d<\/p>\n<p>Segundo Cadier, a instabilidade dos ventos \u2014 que mudavam de dire\u00e7\u00e3o constantemente \u2014 tornou imposs\u00edvel prever atrasos, pousos e altern\u00e2ncias. Como um avi\u00e3o realiza at\u00e9 7 voos por dia, atrasos iniciais afetaram toda a malha a\u00e9rea, gerando efeito cascata e obrigando a companhia a cancelar diversas opera\u00e7\u00f5es.<\/p>\n<p>O executivo destacou ainda os limites legais da tripula\u00e7\u00e3o, a falta de aeronaves e equipes reservas suficientes para cen\u00e1rios t\u00e3o extremos e a dificuldade recorrente de reorganizar a malha em tempo real:<\/p>\n<p>\u201cNosso objetivo \u00e9 o mesmo dos passageiros: queremos que o voo saia. Mas nem sempre \u00e9 poss\u00edvel. Todos os colaboradores da LATAM est\u00e3o fazendo seu melhor. S\u00f3 n\u00e3o fazem o imposs\u00edvel.\u201d<\/p>\n<p>Na quarta-feira, a LATAM registrou 180 voos cancelados, 33 alternados e mais de 30 mil passageiros impactados. A empresa tamb\u00e9m precisou acionar, de \u00faltima hora, mais de 3.500 quartos de hot\u00e9is para passageiros impedidos de seguir viagem.<\/p>\n<p>A postagem do executivo foi elogiada nos coment\u00e1rios, sendo destacada como um gesto de transpar\u00eancia e respeito aos passageiros.<\/p>\n<p><strong>Direitos dos passageiros em caso de cancelamento de voo<\/strong><\/p>\n<p>A <a href=\"https:\/\/www.gov.br\/anac\/pt-br\/assuntos\/passageiros\" target=\"_blank\" rel=\"noopener\">Resolu\u00e7\u00e3o n\u00ba 400 da ANAC<\/a> determina que as companhias a\u00e9reas prestem assist\u00eancia material aos passageiros em caso de atraso, cancelamento ou preteri\u00e7\u00e3o de embarque.<\/p>\n<p>O que a empresa deve oferecer:<\/p>\n<ul>\n<li>Informa\u00e7\u00e3o imediata sobre cancelamentos ou atrasos significativos, em at\u00e9 1 hora ap\u00f3s a confirma\u00e7\u00e3o.<\/li>\n<li>A partir de 2 horas: alimenta\u00e7\u00e3o (voucher, lanche ou refei\u00e7\u00e3o).<\/li>\n<li>A partir de 4 horas: hospedagem e transporte de ida e volta (exceto para moradores da cidade do aeroporto, que t\u00eam apenas o transporte garantido).<\/li>\n<li>Reacomoda\u00e7\u00e3o no pr\u00f3ximo voo da mesma empresa ou de outra companhia, se houver disponibilidade.<\/li>\n<li>Remarca\u00e7\u00e3o sem multa para outra data, caso o passageiro prefira.<\/li>\n<li>Reembolso integral, em at\u00e9 7 dias, quando o cancelamento for feito pela companhia \u2014 independentemente do motivo.<\/li>\n<\/ul>\n<p>A recomenda\u00e7\u00e3o \u00e9 que os passageiros mantenham contato pelos canais oficiais da a\u00e9rea e registrem ocorr\u00eancias quando necess\u00e1rio.<\/p>\n","protected":false},"excerpt":{"rendered":"<p>Um vendaval hist\u00f3rico atingiu S\u00e3o Paulo entre quarta (10) e quinta-feira (11), provocando um cen\u00e1rio de caos na avia\u00e7\u00e3o civil. Mais de 300 voos foram cancelados nos aeroportos de Congonhas e Guarulhos devido aos fortes ventos provocados por um ciclone extratropical. Milhares de passageiros foram afetados e enfrentaram longas horas de espera, realoca\u00e7\u00f5es inesperadas e [&hellip;]<\/p>\n","protected":false},"author":1,"featured_media":58659,"comment_status":"open","ping_status":"open","sticky":false,"template":"","format":"standard","meta":{"tdm_status":"","tdm_grid_status":"","footnotes":""},"categories":[6],"tags":[10831,10833,10835,10826,10828,5595,10829,6185,7509,913,10830,10834,10827,10832],"class_list":["post-58658","post","type-post","status-publish","format-standard","has-post-thumbnail","hentry","category-noticias","tag-aeroportos-sp","tag-assistencia-material-passageiro","tag-aviacao-civil","tag-cancelamento-de-voos-sp","tag-ciclone-extratropical","tag-congonhas","tag-direitos-do-passageiro-anac","tag-guarulhos","tag-jerome-cadier","tag-latam-airlines","tag-resolucao-400","tag-tempestade-sao-paulo","tag-vendaval-sao-paulo","tag-voos-cancelados-latam"],"yoast_head":"<!-- This site is optimized with the Yoast SEO plugin v27.5 - https:\/\/yoast.com\/product\/yoast-seo-wordpress\/ -->\n<title>Vendaval: CEO da LATAM Airlines se pronuncia ap\u00f3s cancelamento de voos em SP - CidadeMarketing<\/title>\n<meta name=\"description\" content=\"Ap\u00f3s vendaval que cancelou mais de 300 voos em S\u00e3o Paulo, o CEO da LATAM, Jerome Cadier, pede desculpas p\u00fablicas e explica os impactos operacionais. Saiba o que aconteceu e quais s\u00e3o os direitos dos passageiros segundo a ANAC.\" \/>\n<meta name=\"robots\" content=\"index, follow, max-snippet:-1, max-image-preview:large, max-video-preview:-1\" \/>\n<link rel=\"canonical\" href=\"https:\/\/www.cidademarketing.com.br\/marketing\/2025\/12\/11\/vendaval-ceo-da-latam-airlines-se-pronuncia-apos-cancelamento-de-voos-em-sp\/\" \/>\n<meta property=\"og:locale\" content=\"pt_BR\" \/>\n<meta property=\"og:type\" content=\"article\" \/>\n<meta property=\"og:title\" content=\"Vendaval: CEO da LATAM Airlines se pronuncia ap\u00f3s cancelamento de voos em SP - CidadeMarketing\" \/>\n<meta property=\"og:description\" content=\"Ap\u00f3s vendaval que cancelou mais de 300 voos em S\u00e3o Paulo, o CEO da LATAM, Jerome Cadier, pede desculpas p\u00fablicas e explica os impactos operacionais. Saiba o que aconteceu e quais s\u00e3o os direitos dos passageiros segundo a ANAC.\" \/>\n<meta property=\"og:url\" content=\"https:\/\/www.cidademarketing.com.br\/marketing\/2025\/12\/11\/vendaval-ceo-da-latam-airlines-se-pronuncia-apos-cancelamento-de-voos-em-sp\/\" \/>\n<meta property=\"og:site_name\" content=\"CidadeMarketing\" \/>\n<meta property=\"article:publisher\" content=\"https:\/\/www.facebook.com\/portalcidademarketing\" \/>\n<meta property=\"article:author\" content=\"https:\/\/www.facebook.com\/thalesbrandao\" \/>\n<meta property=\"article:published_time\" content=\"2025-12-11T18:56:25+00:00\" \/>\n<meta property=\"og:image\" content=\"https:\/\/www.cidademarketing.com.br\/marketing\/wp-content\/uploads\/2025\/12\/aeroporto_vendaval_guarulhos_sp_latam.webp\" \/>\n\t<meta property=\"og:image:width\" content=\"665\" \/>\n\t<meta property=\"og:image:height\" content=\"660\" \/>\n\t<meta property=\"og:image:type\" content=\"image\/webp\" \/>\n<meta name=\"author\" content=\"Thales Brand\u00e3o\" \/>\n<meta name=\"twitter:card\" content=\"summary_large_image\" \/>\n<meta name=\"twitter:creator\" content=\"@http:\/\/www.twitter.com\/thalesbrandao\" \/>\n<meta name=\"twitter:site\" content=\"@CidadeMarketing\" \/>\n<meta name=\"twitter:label1\" content=\"Escrito por\" \/>\n\t<meta name=\"twitter:data1\" content=\"Thales Brand\u00e3o\" \/>\n\t<meta name=\"twitter:label2\" content=\"Est. tempo de leitura\" \/>\n\t<meta name=\"twitter:data2\" content=\"4 minutos\" \/>\n<script type=\"application\/ld+json\" class=\"yoast-schema-graph\">{\"@context\":\"https:\\\/\\\/schema.org\",\"@graph\":[{\"@type\":\"Article\",\"@id\":\"https:\\\/\\\/www.cidademarketing.com.br\\\/marketing\\\/2025\\\/12\\\/11\\\/vendaval-ceo-da-latam-airlines-se-pronuncia-apos-cancelamento-de-voos-em-sp\\\/#article\",\"isPartOf\":{\"@id\":\"https:\\\/\\\/www.cidademarketing.com.br\\\/marketing\\\/2025\\\/12\\\/11\\\/vendaval-ceo-da-latam-airlines-se-pronuncia-apos-cancelamento-de-voos-em-sp\\\/\"},\"author\":{\"name\":\"Thales Brand\u00e3o\",\"@id\":\"https:\\\/\\\/www.cidademarketing.com.br\\\/marketing\\\/#\\\/schema\\\/person\\\/02daff9f18bd9378c9e01eb6b2db155f\"},\"headline\":\"Vendaval: CEO da LATAM Airlines se pronuncia ap\u00f3s cancelamento de voos em SP\",\"datePublished\":\"2025-12-11T18:56:25+00:00\",\"mainEntityOfPage\":{\"@id\":\"https:\\\/\\\/www.cidademarketing.com.br\\\/marketing\\\/2025\\\/12\\\/11\\\/vendaval-ceo-da-latam-airlines-se-pronuncia-apos-cancelamento-de-voos-em-sp\\\/\"},\"wordCount\":566,\"commentCount\":0,\"publisher\":{\"@id\":\"https:\\\/\\\/www.cidademarketing.com.br\\\/marketing\\\/#organization\"},\"image\":{\"@id\":\"https:\\\/\\\/www.cidademarketing.com.br\\\/marketing\\\/2025\\\/12\\\/11\\\/vendaval-ceo-da-latam-airlines-se-pronuncia-apos-cancelamento-de-voos-em-sp\\\/#primaryimage\"},\"thumbnailUrl\":\"https:\\\/\\\/www.cidademarketing.com.br\\\/marketing\\\/wp-content\\\/uploads\\\/2025\\\/12\\\/aeroporto_vendaval_guarulhos_sp_latam.webp\",\"keywords\":[\"aeroportos SP\",\"assist\u00eancia material passageiro\",\"avia\u00e7\u00e3o civil\",\"cancelamento de voos SP\",\"ciclone extratropical\",\"Congonhas\",\"direitos do passageiro ANAC\",\"Guarulhos\",\"Jerome Cadier\",\"LATAM Airlines\",\"Resolu\u00e7\u00e3o 400\",\"tempestade S\u00e3o Paulo\",\"vendaval S\u00e3o Paulo\",\"voos cancelados LATAM\"],\"articleSection\":[\"Not\u00edcias\"],\"inLanguage\":\"pt-BR\",\"potentialAction\":[{\"@type\":\"CommentAction\",\"name\":\"Comment\",\"target\":[\"https:\\\/\\\/www.cidademarketing.com.br\\\/marketing\\\/2025\\\/12\\\/11\\\/vendaval-ceo-da-latam-airlines-se-pronuncia-apos-cancelamento-de-voos-em-sp\\\/#respond\"]}]},{\"@type\":\"WebPage\",\"@id\":\"https:\\\/\\\/www.cidademarketing.com.br\\\/marketing\\\/2025\\\/12\\\/11\\\/vendaval-ceo-da-latam-airlines-se-pronuncia-apos-cancelamento-de-voos-em-sp\\\/\",\"url\":\"https:\\\/\\\/www.cidademarketing.com.br\\\/marketing\\\/2025\\\/12\\\/11\\\/vendaval-ceo-da-latam-airlines-se-pronuncia-apos-cancelamento-de-voos-em-sp\\\/\",\"name\":\"Vendaval: CEO da LATAM Airlines se pronuncia ap\u00f3s cancelamento de voos em SP - CidadeMarketing\",\"isPartOf\":{\"@id\":\"https:\\\/\\\/www.cidademarketing.com.br\\\/marketing\\\/#website\"},\"primaryImageOfPage\":{\"@id\":\"https:\\\/\\\/www.cidademarketing.com.br\\\/marketing\\\/2025\\\/12\\\/11\\\/vendaval-ceo-da-latam-airlines-se-pronuncia-apos-cancelamento-de-voos-em-sp\\\/#primaryimage\"},\"image\":{\"@id\":\"https:\\\/\\\/www.cidademarketing.com.br\\\/marketing\\\/2025\\\/12\\\/11\\\/vendaval-ceo-da-latam-airlines-se-pronuncia-apos-cancelamento-de-voos-em-sp\\\/#primaryimage\"},\"thumbnailUrl\":\"https:\\\/\\\/www.cidademarketing.com.br\\\/marketing\\\/wp-content\\\/uploads\\\/2025\\\/12\\\/aeroporto_vendaval_guarulhos_sp_latam.webp\",\"datePublished\":\"2025-12-11T18:56:25+00:00\",\"description\":\"Ap\u00f3s vendaval que cancelou mais de 300 voos em S\u00e3o Paulo, o CEO da LATAM, Jerome Cadier, pede desculpas p\u00fablicas e explica os impactos operacionais. Saiba o que aconteceu e quais s\u00e3o os direitos dos passageiros segundo a ANAC.\",\"breadcrumb\":{\"@id\":\"https:\\\/\\\/www.cidademarketing.com.br\\\/marketing\\\/2025\\\/12\\\/11\\\/vendaval-ceo-da-latam-airlines-se-pronuncia-apos-cancelamento-de-voos-em-sp\\\/#breadcrumb\"},\"inLanguage\":\"pt-BR\",\"potentialAction\":[{\"@type\":\"ReadAction\",\"target\":[\"https:\\\/\\\/www.cidademarketing.com.br\\\/marketing\\\/2025\\\/12\\\/11\\\/vendaval-ceo-da-latam-airlines-se-pronuncia-apos-cancelamento-de-voos-em-sp\\\/\"]}]},{\"@type\":\"ImageObject\",\"inLanguage\":\"pt-BR\",\"@id\":\"https:\\\/\\\/www.cidademarketing.com.br\\\/marketing\\\/2025\\\/12\\\/11\\\/vendaval-ceo-da-latam-airlines-se-pronuncia-apos-cancelamento-de-voos-em-sp\\\/#primaryimage\",\"url\":\"https:\\\/\\\/www.cidademarketing.com.br\\\/marketing\\\/wp-content\\\/uploads\\\/2025\\\/12\\\/aeroporto_vendaval_guarulhos_sp_latam.webp\",\"contentUrl\":\"https:\\\/\\\/www.cidademarketing.com.br\\\/marketing\\\/wp-content\\\/uploads\\\/2025\\\/12\\\/aeroporto_vendaval_guarulhos_sp_latam.webp\",\"width\":665,\"height\":660,\"caption\":\"Foto: Thales Brand\u00e3o\"},{\"@type\":\"BreadcrumbList\",\"@id\":\"https:\\\/\\\/www.cidademarketing.com.br\\\/marketing\\\/2025\\\/12\\\/11\\\/vendaval-ceo-da-latam-airlines-se-pronuncia-apos-cancelamento-de-voos-em-sp\\\/#breadcrumb\",\"itemListElement\":[{\"@type\":\"ListItem\",\"position\":1,\"name\":\"In\u00edcio\",\"item\":\"https:\\\/\\\/www.cidademarketing.com.br\\\/marketing\\\/\"},{\"@type\":\"ListItem\",\"position\":2,\"name\":\"Vendaval: CEO da LATAM Airlines se pronuncia ap\u00f3s cancelamento de voos em SP\"}]},{\"@type\":\"WebSite\",\"@id\":\"https:\\\/\\\/www.cidademarketing.com.br\\\/marketing\\\/#website\",\"url\":\"https:\\\/\\\/www.cidademarketing.com.br\\\/marketing\\\/\",\"name\":\"CidadeMarketing\",\"description\":\"Somos um ve\u00edculo de comunica\u00e7\u00e3o de destaque no Brasil, reconhecido por conte\u00fados nos segmentos de marketing, empreendedorismo e inova\u00e7\u00e3o.\",\"publisher\":{\"@id\":\"https:\\\/\\\/www.cidademarketing.com.br\\\/marketing\\\/#organization\"},\"alternateName\":\"CidadeMarketing\",\"potentialAction\":[{\"@type\":\"SearchAction\",\"target\":{\"@type\":\"EntryPoint\",\"urlTemplate\":\"https:\\\/\\\/www.cidademarketing.com.br\\\/marketing\\\/?s={search_term_string}\"},\"query-input\":{\"@type\":\"PropertyValueSpecification\",\"valueRequired\":true,\"valueName\":\"search_term_string\"}}],\"inLanguage\":\"pt-BR\"},{\"@type\":\"Organization\",\"@id\":\"https:\\\/\\\/www.cidademarketing.com.br\\\/marketing\\\/#organization\",\"name\":\"CidadeMarketing\",\"alternateName\":\"CidadeMarketing\",\"url\":\"https:\\\/\\\/www.cidademarketing.com.br\\\/marketing\\\/\",\"logo\":{\"@type\":\"ImageObject\",\"inLanguage\":\"pt-BR\",\"@id\":\"https:\\\/\\\/www.cidademarketing.com.br\\\/marketing\\\/#\\\/schema\\\/logo\\\/image\\\/\",\"url\":\"https:\\\/\\\/www.cidademarketing.com.br\\\/marketing\\\/wp-content\\\/uploads\\\/2020\\\/01\\\/cidademarketing_marca_mobile.png\",\"contentUrl\":\"https:\\\/\\\/www.cidademarketing.com.br\\\/marketing\\\/wp-content\\\/uploads\\\/2020\\\/01\\\/cidademarketing_marca_mobile.png\",\"width\":230,\"height\":92,\"caption\":\"CidadeMarketing\"},\"image\":{\"@id\":\"https:\\\/\\\/www.cidademarketing.com.br\\\/marketing\\\/#\\\/schema\\\/logo\\\/image\\\/\"},\"sameAs\":[\"https:\\\/\\\/www.facebook.com\\\/portalcidademarketing\",\"https:\\\/\\\/x.com\\\/CidadeMarketing\",\"https:\\\/\\\/www.instagram.com\\\/cidademarketing\\\/\"]},{\"@type\":\"Person\",\"@id\":\"https:\\\/\\\/www.cidademarketing.com.br\\\/marketing\\\/#\\\/schema\\\/person\\\/02daff9f18bd9378c9e01eb6b2db155f\",\"name\":\"Thales Brand\u00e3o\",\"image\":{\"@type\":\"ImageObject\",\"inLanguage\":\"pt-BR\",\"@id\":\"https:\\\/\\\/secure.gravatar.com\\\/avatar\\\/7ca3206950207cc3cb48feec56a8a7898741ab725c368d99d5d7a5a50aab80c6?s=96&d=mm&r=g\",\"url\":\"https:\\\/\\\/secure.gravatar.com\\\/avatar\\\/7ca3206950207cc3cb48feec56a8a7898741ab725c368d99d5d7a5a50aab80c6?s=96&d=mm&r=g\",\"contentUrl\":\"https:\\\/\\\/secure.gravatar.com\\\/avatar\\\/7ca3206950207cc3cb48feec56a8a7898741ab725c368d99d5d7a5a50aab80c6?s=96&d=mm&r=g\",\"caption\":\"Thales Brand\u00e3o\"},\"description\":\"Editor Executivo do Portal CidadeMarketing.com.br &gt; Mestre em Comunica\u00e7\u00e3o e Sociedade pela Universidade Federal de Sergipe. Possui MBA Executivo em Administra\u00e7\u00e3o com \u00eanfase em Marketing pela Funda\u00e7\u00e3o Get\u00falio Vargas - Rio de Janeiro. Consultor, Palestrante e Pesquisador sobre Empreendedorismo, Marketing, Redes Sociais e Neg\u00f3cios Digitais. Professor, Palestrante TedxTalks e Campus Party. Twitter: @ThalesBrandao\",\"sameAs\":[\"http:\\\/\\\/www.mandacaru.com.br\",\"https:\\\/\\\/www.facebook.com\\\/thalesbrandao\",\"http:\\\/\\\/www.instagram.com.br\\\/thalesbrandaoferreira\",\"https:\\\/\\\/www.linkedin.com\\\/in\\\/thales-brand\u00e3o-3948609\\\/\",\"https:\\\/\\\/x.com\\\/http:\\\/\\\/www.twitter.com\\\/thalesbrandao\"],\"url\":\"https:\\\/\\\/www.cidademarketing.com.br\\\/marketing\\\/author\\\/thalesbrandao\\\/\"}]}<\/script>\n<!-- \/ Yoast SEO plugin. -->","yoast_head_json":{"title":"Vendaval: CEO da LATAM Airlines se pronuncia ap\u00f3s cancelamento de voos em SP - CidadeMarketing","description":"Ap\u00f3s vendaval que cancelou mais de 300 voos em S\u00e3o Paulo, o CEO da LATAM, Jerome Cadier, pede desculpas p\u00fablicas e explica os impactos operacionais. Saiba o que aconteceu e quais s\u00e3o os direitos dos passageiros segundo a ANAC.","robots":{"index":"index","follow":"follow","max-snippet":"max-snippet:-1","max-image-preview":"max-image-preview:large","max-video-preview":"max-video-preview:-1"},"canonical":"https:\/\/www.cidademarketing.com.br\/marketing\/2025\/12\/11\/vendaval-ceo-da-latam-airlines-se-pronuncia-apos-cancelamento-de-voos-em-sp\/","og_locale":"pt_BR","og_type":"article","og_title":"Vendaval: CEO da LATAM Airlines se pronuncia ap\u00f3s cancelamento de voos em SP - CidadeMarketing","og_description":"Ap\u00f3s vendaval que cancelou mais de 300 voos em S\u00e3o Paulo, o CEO da LATAM, Jerome Cadier, pede desculpas p\u00fablicas e explica os impactos operacionais. Saiba o que aconteceu e quais s\u00e3o os direitos dos passageiros segundo a ANAC.","og_url":"https:\/\/www.cidademarketing.com.br\/marketing\/2025\/12\/11\/vendaval-ceo-da-latam-airlines-se-pronuncia-apos-cancelamento-de-voos-em-sp\/","og_site_name":"CidadeMarketing","article_publisher":"https:\/\/www.facebook.com\/portalcidademarketing","article_author":"https:\/\/www.facebook.com\/thalesbrandao","article_published_time":"2025-12-11T18:56:25+00:00","og_image":[{"width":665,"height":660,"url":"https:\/\/www.cidademarketing.com.br\/marketing\/wp-content\/uploads\/2025\/12\/aeroporto_vendaval_guarulhos_sp_latam.webp","type":"image\/webp"}],"author":"Thales Brand\u00e3o","twitter_card":"summary_large_image","twitter_creator":"@http:\/\/www.twitter.com\/thalesbrandao","twitter_site":"@CidadeMarketing","twitter_misc":{"Escrito por":"Thales Brand\u00e3o","Est. tempo de leitura":"4 minutos"},"schema":{"@context":"https:\/\/schema.org","@graph":[{"@type":"Article","@id":"https:\/\/www.cidademarketing.com.br\/marketing\/2025\/12\/11\/vendaval-ceo-da-latam-airlines-se-pronuncia-apos-cancelamento-de-voos-em-sp\/#article","isPartOf":{"@id":"https:\/\/www.cidademarketing.com.br\/marketing\/2025\/12\/11\/vendaval-ceo-da-latam-airlines-se-pronuncia-apos-cancelamento-de-voos-em-sp\/"},"author":{"name":"Thales Brand\u00e3o","@id":"https:\/\/www.cidademarketing.com.br\/marketing\/#\/schema\/person\/02daff9f18bd9378c9e01eb6b2db155f"},"headline":"Vendaval: CEO da LATAM Airlines se pronuncia ap\u00f3s cancelamento de voos em SP","datePublished":"2025-12-11T18:56:25+00:00","mainEntityOfPage":{"@id":"https:\/\/www.cidademarketing.com.br\/marketing\/2025\/12\/11\/vendaval-ceo-da-latam-airlines-se-pronuncia-apos-cancelamento-de-voos-em-sp\/"},"wordCount":566,"commentCount":0,"publisher":{"@id":"https:\/\/www.cidademarketing.com.br\/marketing\/#organization"},"image":{"@id":"https:\/\/www.cidademarketing.com.br\/marketing\/2025\/12\/11\/vendaval-ceo-da-latam-airlines-se-pronuncia-apos-cancelamento-de-voos-em-sp\/#primaryimage"},"thumbnailUrl":"https:\/\/www.cidademarketing.com.br\/marketing\/wp-content\/uploads\/2025\/12\/aeroporto_vendaval_guarulhos_sp_latam.webp","keywords":["aeroportos SP","assist\u00eancia material passageiro","avia\u00e7\u00e3o civil","cancelamento de voos SP","ciclone extratropical","Congonhas","direitos do passageiro ANAC","Guarulhos","Jerome Cadier","LATAM Airlines","Resolu\u00e7\u00e3o 400","tempestade S\u00e3o Paulo","vendaval S\u00e3o Paulo","voos cancelados LATAM"],"articleSection":["Not\u00edcias"],"inLanguage":"pt-BR","potentialAction":[{"@type":"CommentAction","name":"Comment","target":["https:\/\/www.cidademarketing.com.br\/marketing\/2025\/12\/11\/vendaval-ceo-da-latam-airlines-se-pronuncia-apos-cancelamento-de-voos-em-sp\/#respond"]}]},{"@type":"WebPage","@id":"https:\/\/www.cidademarketing.com.br\/marketing\/2025\/12\/11\/vendaval-ceo-da-latam-airlines-se-pronuncia-apos-cancelamento-de-voos-em-sp\/","url":"https:\/\/www.cidademarketing.com.br\/marketing\/2025\/12\/11\/vendaval-ceo-da-latam-airlines-se-pronuncia-apos-cancelamento-de-voos-em-sp\/","name":"Vendaval: CEO da LATAM Airlines se pronuncia ap\u00f3s cancelamento de voos em SP - CidadeMarketing","isPartOf":{"@id":"https:\/\/www.cidademarketing.com.br\/marketing\/#website"},"primaryImageOfPage":{"@id":"https:\/\/www.cidademarketing.com.br\/marketing\/2025\/12\/11\/vendaval-ceo-da-latam-airlines-se-pronuncia-apos-cancelamento-de-voos-em-sp\/#primaryimage"},"image":{"@id":"https:\/\/www.cidademarketing.com.br\/marketing\/2025\/12\/11\/vendaval-ceo-da-latam-airlines-se-pronuncia-apos-cancelamento-de-voos-em-sp\/#primaryimage"},"thumbnailUrl":"https:\/\/www.cidademarketing.com.br\/marketing\/wp-content\/uploads\/2025\/12\/aeroporto_vendaval_guarulhos_sp_latam.webp","datePublished":"2025-12-11T18:56:25+00:00","description":"Ap\u00f3s vendaval que cancelou mais de 300 voos em S\u00e3o Paulo, o CEO da LATAM, Jerome Cadier, pede desculpas p\u00fablicas e explica os impactos operacionais. Saiba o que aconteceu e quais s\u00e3o os direitos dos passageiros segundo a ANAC.","breadcrumb":{"@id":"https:\/\/www.cidademarketing.com.br\/marketing\/2025\/12\/11\/vendaval-ceo-da-latam-airlines-se-pronuncia-apos-cancelamento-de-voos-em-sp\/#breadcrumb"},"inLanguage":"pt-BR","potentialAction":[{"@type":"ReadAction","target":["https:\/\/www.cidademarketing.com.br\/marketing\/2025\/12\/11\/vendaval-ceo-da-latam-airlines-se-pronuncia-apos-cancelamento-de-voos-em-sp\/"]}]},{"@type":"ImageObject","inLanguage":"pt-BR","@id":"https:\/\/www.cidademarketing.com.br\/marketing\/2025\/12\/11\/vendaval-ceo-da-latam-airlines-se-pronuncia-apos-cancelamento-de-voos-em-sp\/#primaryimage","url":"https:\/\/www.cidademarketing.com.br\/marketing\/wp-content\/uploads\/2025\/12\/aeroporto_vendaval_guarulhos_sp_latam.webp","contentUrl":"https:\/\/www.cidademarketing.com.br\/marketing\/wp-content\/uploads\/2025\/12\/aeroporto_vendaval_guarulhos_sp_latam.webp","width":665,"height":660,"caption":"Foto: Thales Brand\u00e3o"},{"@type":"BreadcrumbList","@id":"https:\/\/www.cidademarketing.com.br\/marketing\/2025\/12\/11\/vendaval-ceo-da-latam-airlines-se-pronuncia-apos-cancelamento-de-voos-em-sp\/#breadcrumb","itemListElement":[{"@type":"ListItem","position":1,"name":"In\u00edcio","item":"https:\/\/www.cidademarketing.com.br\/marketing\/"},{"@type":"ListItem","position":2,"name":"Vendaval: CEO da LATAM Airlines se pronuncia ap\u00f3s cancelamento de voos em SP"}]},{"@type":"WebSite","@id":"https:\/\/www.cidademarketing.com.br\/marketing\/#website","url":"https:\/\/www.cidademarketing.com.br\/marketing\/","name":"CidadeMarketing","description":"Somos um ve\u00edculo de comunica\u00e7\u00e3o de destaque no Brasil, reconhecido por conte\u00fados nos segmentos de marketing, empreendedorismo e inova\u00e7\u00e3o.","publisher":{"@id":"https:\/\/www.cidademarketing.com.br\/marketing\/#organization"},"alternateName":"CidadeMarketing","potentialAction":[{"@type":"SearchAction","target":{"@type":"EntryPoint","urlTemplate":"https:\/\/www.cidademarketing.com.br\/marketing\/?s={search_term_string}"},"query-input":{"@type":"PropertyValueSpecification","valueRequired":true,"valueName":"search_term_string"}}],"inLanguage":"pt-BR"},{"@type":"Organization","@id":"https:\/\/www.cidademarketing.com.br\/marketing\/#organization","name":"CidadeMarketing","alternateName":"CidadeMarketing","url":"https:\/\/www.cidademarketing.com.br\/marketing\/","logo":{"@type":"ImageObject","inLanguage":"pt-BR","@id":"https:\/\/www.cidademarketing.com.br\/marketing\/#\/schema\/logo\/image\/","url":"https:\/\/www.cidademarketing.com.br\/marketing\/wp-content\/uploads\/2020\/01\/cidademarketing_marca_mobile.png","contentUrl":"https:\/\/www.cidademarketing.com.br\/marketing\/wp-content\/uploads\/2020\/01\/cidademarketing_marca_mobile.png","width":230,"height":92,"caption":"CidadeMarketing"},"image":{"@id":"https:\/\/www.cidademarketing.com.br\/marketing\/#\/schema\/logo\/image\/"},"sameAs":["https:\/\/www.facebook.com\/portalcidademarketing","https:\/\/x.com\/CidadeMarketing","https:\/\/www.instagram.com\/cidademarketing\/"]},{"@type":"Person","@id":"https:\/\/www.cidademarketing.com.br\/marketing\/#\/schema\/person\/02daff9f18bd9378c9e01eb6b2db155f","name":"Thales Brand\u00e3o","image":{"@type":"ImageObject","inLanguage":"pt-BR","@id":"https:\/\/secure.gravatar.com\/avatar\/7ca3206950207cc3cb48feec56a8a7898741ab725c368d99d5d7a5a50aab80c6?s=96&d=mm&r=g","url":"https:\/\/secure.gravatar.com\/avatar\/7ca3206950207cc3cb48feec56a8a7898741ab725c368d99d5d7a5a50aab80c6?s=96&d=mm&r=g","contentUrl":"https:\/\/secure.gravatar.com\/avatar\/7ca3206950207cc3cb48feec56a8a7898741ab725c368d99d5d7a5a50aab80c6?s=96&d=mm&r=g","caption":"Thales Brand\u00e3o"},"description":"Editor Executivo do Portal CidadeMarketing.com.br &gt; Mestre em Comunica\u00e7\u00e3o e Sociedade pela Universidade Federal de Sergipe. Possui MBA Executivo em Administra\u00e7\u00e3o com \u00eanfase em Marketing pela Funda\u00e7\u00e3o Get\u00falio Vargas - Rio de Janeiro. Consultor, Palestrante e Pesquisador sobre Empreendedorismo, Marketing, Redes Sociais e Neg\u00f3cios Digitais. Professor, Palestrante TedxTalks e Campus Party. Twitter: @ThalesBrandao","sameAs":["http:\/\/www.mandacaru.com.br","https:\/\/www.facebook.com\/thalesbrandao","http:\/\/www.instagram.com.br\/thalesbrandaoferreira","https:\/\/www.linkedin.com\/in\/thales-brand\u00e3o-3948609\/","https:\/\/x.com\/http:\/\/www.twitter.com\/thalesbrandao"],"url":"https:\/\/www.cidademarketing.com.br\/marketing\/author\/thalesbrandao\/"}]}},"amp_enabled":true,"_links":{"self":[{"href":"https:\/\/www.cidademarketing.com.br\/marketing\/wp-json\/wp\/v2\/posts\/58658","targetHints":{"allow":["GET"]}}],"collection":[{"href":"https:\/\/www.cidademarketing.com.br\/marketing\/wp-json\/wp\/v2\/posts"}],"about":[{"href":"https:\/\/www.cidademarketing.com.br\/marketing\/wp-json\/wp\/v2\/types\/post"}],"author":[{"embeddable":true,"href":"https:\/\/www.cidademarketing.com.br\/marketing\/wp-json\/wp\/v2\/users\/1"}],"replies":[{"embeddable":true,"href":"https:\/\/www.cidademarketing.com.br\/marketing\/wp-json\/wp\/v2\/comments?post=58658"}],"version-history":[{"count":1,"href":"https:\/\/www.cidademarketing.com.br\/marketing\/wp-json\/wp\/v2\/posts\/58658\/revisions"}],"predecessor-version":[{"id":58660,"href":"https:\/\/www.cidademarketing.com.br\/marketing\/wp-json\/wp\/v2\/posts\/58658\/revisions\/58660"}],"wp:featuredmedia":[{"embeddable":true,"href":"https:\/\/www.cidademarketing.com.br\/marketing\/wp-json\/wp\/v2\/media\/58659"}],"wp:attachment":[{"href":"https:\/\/www.cidademarketing.com.br\/marketing\/wp-json\/wp\/v2\/media?parent=58658"}],"wp:term":[{"taxonomy":"category","embeddable":true,"href":"https:\/\/www.cidademarketing.com.br\/marketing\/wp-json\/wp\/v2\/categories?post=58658"},{"taxonomy":"post_tag","embeddable":true,"href":"https:\/\/www.cidademarketing.com.br\/marketing\/wp-json\/wp\/v2\/tags?post=58658"}],"curies":[{"name":"wp","href":"https:\/\/api.w.org\/{rel}","templated":true}]}}