{"id":58654,"date":"2025-12-11T12:46:58","date_gmt":"2025-12-11T15:46:58","guid":{"rendered":"https:\/\/www.cidademarketing.com.br\/marketing\/?p=58654"},"modified":"2025-12-11T12:46:58","modified_gmt":"2025-12-11T15:46:58","slug":"weg-amplia-capacidade-produtiva-com-aquisicao-da-sanelec-por-us-52-milhoes","status":"publish","type":"post","link":"https:\/\/www.cidademarketing.com.br\/marketing\/2025\/12\/11\/weg-amplia-capacidade-produtiva-com-aquisicao-da-sanelec-por-us-52-milhoes\/","title":{"rendered":"WEG amplia capacidade produtiva com aquisi\u00e7\u00e3o da Sanelec por US$ 5,2 milh\u00f5es"},"content":{"rendered":"<p>A WEG anunciou nesta quinta-feira (11) a compra da Sanelec Excitation Systems, empresa indiana especializada na fabrica\u00e7\u00e3o de reguladores de tens\u00e3o e sistemas de excita\u00e7\u00e3o utilizados em usinas de gera\u00e7\u00e3o de energia. A transa\u00e7\u00e3o, avaliada em US$ 5,2 milh\u00f5es, foi comunicada \u00e0 Comiss\u00e3o de Valores Mobili\u00e1rios (CVM) e ser\u00e1 conclu\u00edda ap\u00f3s os tr\u00e2mites finais, estando sujeita a ajustes usuais desse tipo de opera\u00e7\u00e3o.<\/p>\n<p>Fundada em 1998 na cidade de Bangalore, a Sanelec conta com aproximadamente 40 colaboradores e registrou, em 2024, uma receita operacional l\u00edquida de US$ 2,3 milh\u00f5es, com margem Ebitda de 29%, desempenho que demonstra a solidez do neg\u00f3cio e o potencial de integra\u00e7\u00e3o ao grupo brasileiro.<\/p>\n<p>A Sanelec \u00e9 atualmente parceira exclusiva da Reivax, empresa adquirida pela WEG em 2024 e especializada em sistemas de controle e automa\u00e7\u00e3o para o setor energ\u00e9tico. Com a opera\u00e7\u00e3o, a WEG pretende fortalecer a presen\u00e7a internacional da Reivax, ampliar o atendimento aos clientes j\u00e1 existentes no mercado indiano e aumentar a participa\u00e7\u00e3o global no segmento de solu\u00e7\u00f5es para controle de gera\u00e7\u00e3o de energia.<\/p>\n<p><a href=\"https:\/\/www.cidademarketing.com.br\/marketing\/wp-content\/uploads\/2025\/12\/weg_aquisicao_sanelec.pdf\" target=\"_blank\" rel=\"noopener\">No comunicado, a WEG<\/a> afirma: \u201cA aquisi\u00e7\u00e3o visa ampliar a presen\u00e7a da Reivax no mercado internacional, apoiando o atual portf\u00f3lio de clientes e buscando aumentar sua participa\u00e7\u00e3o no segmento de solu\u00e7\u00f5es para controle de gera\u00e7\u00e3o de energia. A conclus\u00e3o da transa\u00e7\u00e3o est\u00e1 sujeita ao cumprimento de determinadas condi\u00e7\u00f5es precedentes, usuais nesse tipo de opera\u00e7\u00e3o.\u201d\u00a0 A aquisi\u00e7\u00e3o ocorre no mesmo momento em que a WEG reportou lucro de R$ 1,65 bilh\u00e3o no terceiro trimestre, resultado acima das estimativas do mercado.<\/p>\n<p>Com a aquisi\u00e7\u00e3o da Sanelec e o plano de investimentos internacionais, a WEG acelera sua estrat\u00e9gia de expans\u00e3o global, fortalecendo sua competitividade em mercados estrat\u00e9gicos e ampliando sua atua\u00e7\u00e3o em solu\u00e7\u00f5es completas para gera\u00e7\u00e3o e controle de energia.<\/p>\n","protected":false},"excerpt":{"rendered":"<p>A WEG anunciou nesta quinta-feira (11) a compra da Sanelec Excitation Systems, empresa indiana especializada na fabrica\u00e7\u00e3o de reguladores de tens\u00e3o e sistemas de excita\u00e7\u00e3o utilizados em usinas de gera\u00e7\u00e3o de energia. A transa\u00e7\u00e3o, avaliada em US$ 5,2 milh\u00f5es, foi comunicada \u00e0 Comiss\u00e3o de Valores Mobili\u00e1rios (CVM) e ser\u00e1 conclu\u00edda ap\u00f3s os tr\u00e2mites finais, estando [&hellip;]<\/p>\n","protected":false},"author":1,"featured_media":58656,"comment_status":"open","ping_status":"open","sticky":false,"template":"","format":"standard","meta":{"tdm_status":"","tdm_grid_status":"","footnotes":""},"categories":[8,6],"tags":[10812,10817,942,10820,10816,10824,10821,10825,10823,10822,10815,10813,10811,10814,10810,10819,10818],"class_list":["post-58654","post","type-post","status-publish","format-standard","has-post-thumbnail","hentry","category-marcas","category-noticias","tag-aquisicao-weg","tag-automacao-energetica","tag-cvm","tag-expansao-industrial","tag-geracao-de-energia","tag-industria-global","tag-investimentos-weg","tag-lucro-weg","tag-motores-eletricos","tag-parque-fabril-rugao","tag-reguladores-de-tensao","tag-reivax","tag-sanelec","tag-sistemas-de-excitacao","tag-weg","tag-weg-china","tag-weg-mexico"],"yoast_head":"<!-- This site is optimized with the Yoast SEO plugin v27.5 - https:\/\/yoast.com\/product\/yoast-seo-wordpress\/ -->\n<title>WEG amplia capacidade produtiva com aquisi\u00e7\u00e3o da Sanelec por US$ 5,2 milh\u00f5es - CidadeMarketing<\/title>\n<meta name=\"description\" content=\"WEG anuncia a compra da Sanelec por US$ 5,2 milh\u00f5es e lan\u00e7a plano global de investimentos de US$ 345 milh\u00f5es no M\u00e9xico e na China. Aquisi\u00e7\u00e3o fortalece a presen\u00e7a da Reivax e amplia a capacidade produtiva da companhia no setor de gera\u00e7\u00e3o e controle de energia.\" \/>\n<meta name=\"robots\" content=\"index, follow, max-snippet:-1, max-image-preview:large, max-video-preview:-1\" \/>\n<link rel=\"canonical\" href=\"https:\/\/www.cidademarketing.com.br\/marketing\/2025\/12\/11\/weg-amplia-capacidade-produtiva-com-aquisicao-da-sanelec-por-us-52-milhoes\/\" \/>\n<meta property=\"og:locale\" content=\"pt_BR\" \/>\n<meta property=\"og:type\" content=\"article\" \/>\n<meta property=\"og:title\" content=\"WEG amplia capacidade produtiva com aquisi\u00e7\u00e3o da Sanelec por US$ 5,2 milh\u00f5es - CidadeMarketing\" \/>\n<meta property=\"og:description\" content=\"WEG anuncia a compra da Sanelec por US$ 5,2 milh\u00f5es e lan\u00e7a plano global de investimentos de US$ 345 milh\u00f5es no M\u00e9xico e na China. Aquisi\u00e7\u00e3o fortalece a presen\u00e7a da Reivax e amplia a capacidade produtiva da companhia no setor de gera\u00e7\u00e3o e controle de energia.\" \/>\n<meta property=\"og:url\" content=\"https:\/\/www.cidademarketing.com.br\/marketing\/2025\/12\/11\/weg-amplia-capacidade-produtiva-com-aquisicao-da-sanelec-por-us-52-milhoes\/\" \/>\n<meta property=\"og:site_name\" content=\"CidadeMarketing\" \/>\n<meta property=\"article:publisher\" content=\"https:\/\/www.facebook.com\/portalcidademarketing\" \/>\n<meta property=\"article:author\" content=\"https:\/\/www.facebook.com\/thalesbrandao\" \/>\n<meta property=\"article:published_time\" content=\"2025-12-11T15:46:58+00:00\" \/>\n<meta property=\"og:image\" content=\"https:\/\/www.cidademarketing.com.br\/marketing\/wp-content\/uploads\/2025\/12\/marca_weg.webp\" \/>\n\t<meta property=\"og:image:width\" content=\"469\" \/>\n\t<meta property=\"og:image:height\" content=\"411\" \/>\n\t<meta property=\"og:image:type\" content=\"image\/webp\" \/>\n<meta name=\"author\" content=\"Thales Brand\u00e3o\" \/>\n<meta name=\"twitter:card\" content=\"summary_large_image\" \/>\n<meta name=\"twitter:creator\" content=\"@http:\/\/www.twitter.com\/thalesbrandao\" \/>\n<meta name=\"twitter:site\" content=\"@CidadeMarketing\" \/>\n<meta name=\"twitter:label1\" content=\"Escrito por\" \/>\n\t<meta name=\"twitter:data1\" content=\"Thales Brand\u00e3o\" \/>\n\t<meta name=\"twitter:label2\" content=\"Est. tempo de leitura\" \/>\n\t<meta name=\"twitter:data2\" content=\"2 minutos\" \/>\n<script type=\"application\/ld+json\" class=\"yoast-schema-graph\">{\"@context\":\"https:\\\/\\\/schema.org\",\"@graph\":[{\"@type\":\"Article\",\"@id\":\"https:\\\/\\\/www.cidademarketing.com.br\\\/marketing\\\/2025\\\/12\\\/11\\\/weg-amplia-capacidade-produtiva-com-aquisicao-da-sanelec-por-us-52-milhoes\\\/#article\",\"isPartOf\":{\"@id\":\"https:\\\/\\\/www.cidademarketing.com.br\\\/marketing\\\/2025\\\/12\\\/11\\\/weg-amplia-capacidade-produtiva-com-aquisicao-da-sanelec-por-us-52-milhoes\\\/\"},\"author\":{\"name\":\"Thales Brand\u00e3o\",\"@id\":\"https:\\\/\\\/www.cidademarketing.com.br\\\/marketing\\\/#\\\/schema\\\/person\\\/02daff9f18bd9378c9e01eb6b2db155f\"},\"headline\":\"WEG amplia capacidade produtiva com aquisi\u00e7\u00e3o da Sanelec por US$ 5,2 milh\u00f5es\",\"datePublished\":\"2025-12-11T15:46:58+00:00\",\"mainEntityOfPage\":{\"@id\":\"https:\\\/\\\/www.cidademarketing.com.br\\\/marketing\\\/2025\\\/12\\\/11\\\/weg-amplia-capacidade-produtiva-com-aquisicao-da-sanelec-por-us-52-milhoes\\\/\"},\"wordCount\":333,\"commentCount\":0,\"publisher\":{\"@id\":\"https:\\\/\\\/www.cidademarketing.com.br\\\/marketing\\\/#organization\"},\"image\":{\"@id\":\"https:\\\/\\\/www.cidademarketing.com.br\\\/marketing\\\/2025\\\/12\\\/11\\\/weg-amplia-capacidade-produtiva-com-aquisicao-da-sanelec-por-us-52-milhoes\\\/#primaryimage\"},\"thumbnailUrl\":\"https:\\\/\\\/www.cidademarketing.com.br\\\/marketing\\\/wp-content\\\/uploads\\\/2025\\\/12\\\/marca_weg.webp\",\"keywords\":[\"aquisi\u00e7\u00e3o WEG\",\"automa\u00e7\u00e3o energ\u00e9tica\",\"CVM\",\"expans\u00e3o industrial\",\"gera\u00e7\u00e3o de energia\",\"ind\u00fastria global\",\"investimentos WEG\",\"lucro WEG\",\"motores el\u00e9tricos\",\"parque fabril Rugao\",\"reguladores de tens\u00e3o\",\"Reivax\",\"Sanelec\",\"sistemas de excita\u00e7\u00e3o\",\"WEG\",\"WEG China\",\"WEG M\u00e9xico\"],\"articleSection\":[\"Marcas\",\"Not\u00edcias\"],\"inLanguage\":\"pt-BR\",\"potentialAction\":[{\"@type\":\"CommentAction\",\"name\":\"Comment\",\"target\":[\"https:\\\/\\\/www.cidademarketing.com.br\\\/marketing\\\/2025\\\/12\\\/11\\\/weg-amplia-capacidade-produtiva-com-aquisicao-da-sanelec-por-us-52-milhoes\\\/#respond\"]}]},{\"@type\":\"WebPage\",\"@id\":\"https:\\\/\\\/www.cidademarketing.com.br\\\/marketing\\\/2025\\\/12\\\/11\\\/weg-amplia-capacidade-produtiva-com-aquisicao-da-sanelec-por-us-52-milhoes\\\/\",\"url\":\"https:\\\/\\\/www.cidademarketing.com.br\\\/marketing\\\/2025\\\/12\\\/11\\\/weg-amplia-capacidade-produtiva-com-aquisicao-da-sanelec-por-us-52-milhoes\\\/\",\"name\":\"WEG amplia capacidade produtiva com aquisi\u00e7\u00e3o da Sanelec por US$ 5,2 milh\u00f5es - CidadeMarketing\",\"isPartOf\":{\"@id\":\"https:\\\/\\\/www.cidademarketing.com.br\\\/marketing\\\/#website\"},\"primaryImageOfPage\":{\"@id\":\"https:\\\/\\\/www.cidademarketing.com.br\\\/marketing\\\/2025\\\/12\\\/11\\\/weg-amplia-capacidade-produtiva-com-aquisicao-da-sanelec-por-us-52-milhoes\\\/#primaryimage\"},\"image\":{\"@id\":\"https:\\\/\\\/www.cidademarketing.com.br\\\/marketing\\\/2025\\\/12\\\/11\\\/weg-amplia-capacidade-produtiva-com-aquisicao-da-sanelec-por-us-52-milhoes\\\/#primaryimage\"},\"thumbnailUrl\":\"https:\\\/\\\/www.cidademarketing.com.br\\\/marketing\\\/wp-content\\\/uploads\\\/2025\\\/12\\\/marca_weg.webp\",\"datePublished\":\"2025-12-11T15:46:58+00:00\",\"description\":\"WEG anuncia a compra da Sanelec por US$ 5,2 milh\u00f5es e lan\u00e7a plano global de investimentos de US$ 345 milh\u00f5es no M\u00e9xico e na China. Aquisi\u00e7\u00e3o fortalece a presen\u00e7a da Reivax e amplia a capacidade produtiva da companhia no setor de gera\u00e7\u00e3o e controle de energia.\",\"breadcrumb\":{\"@id\":\"https:\\\/\\\/www.cidademarketing.com.br\\\/marketing\\\/2025\\\/12\\\/11\\\/weg-amplia-capacidade-produtiva-com-aquisicao-da-sanelec-por-us-52-milhoes\\\/#breadcrumb\"},\"inLanguage\":\"pt-BR\",\"potentialAction\":[{\"@type\":\"ReadAction\",\"target\":[\"https:\\\/\\\/www.cidademarketing.com.br\\\/marketing\\\/2025\\\/12\\\/11\\\/weg-amplia-capacidade-produtiva-com-aquisicao-da-sanelec-por-us-52-milhoes\\\/\"]}]},{\"@type\":\"ImageObject\",\"inLanguage\":\"pt-BR\",\"@id\":\"https:\\\/\\\/www.cidademarketing.com.br\\\/marketing\\\/2025\\\/12\\\/11\\\/weg-amplia-capacidade-produtiva-com-aquisicao-da-sanelec-por-us-52-milhoes\\\/#primaryimage\",\"url\":\"https:\\\/\\\/www.cidademarketing.com.br\\\/marketing\\\/wp-content\\\/uploads\\\/2025\\\/12\\\/marca_weg.webp\",\"contentUrl\":\"https:\\\/\\\/www.cidademarketing.com.br\\\/marketing\\\/wp-content\\\/uploads\\\/2025\\\/12\\\/marca_weg.webp\",\"width\":469,\"height\":411},{\"@type\":\"BreadcrumbList\",\"@id\":\"https:\\\/\\\/www.cidademarketing.com.br\\\/marketing\\\/2025\\\/12\\\/11\\\/weg-amplia-capacidade-produtiva-com-aquisicao-da-sanelec-por-us-52-milhoes\\\/#breadcrumb\",\"itemListElement\":[{\"@type\":\"ListItem\",\"position\":1,\"name\":\"In\u00edcio\",\"item\":\"https:\\\/\\\/www.cidademarketing.com.br\\\/marketing\\\/\"},{\"@type\":\"ListItem\",\"position\":2,\"name\":\"WEG amplia capacidade produtiva com aquisi\u00e7\u00e3o da Sanelec por US$ 5,2 milh\u00f5es\"}]},{\"@type\":\"WebSite\",\"@id\":\"https:\\\/\\\/www.cidademarketing.com.br\\\/marketing\\\/#website\",\"url\":\"https:\\\/\\\/www.cidademarketing.com.br\\\/marketing\\\/\",\"name\":\"CidadeMarketing\",\"description\":\"Somos um ve\u00edculo de comunica\u00e7\u00e3o de destaque no Brasil, reconhecido por conte\u00fados nos segmentos de marketing, empreendedorismo e inova\u00e7\u00e3o.\",\"publisher\":{\"@id\":\"https:\\\/\\\/www.cidademarketing.com.br\\\/marketing\\\/#organization\"},\"alternateName\":\"CidadeMarketing\",\"potentialAction\":[{\"@type\":\"SearchAction\",\"target\":{\"@type\":\"EntryPoint\",\"urlTemplate\":\"https:\\\/\\\/www.cidademarketing.com.br\\\/marketing\\\/?s={search_term_string}\"},\"query-input\":{\"@type\":\"PropertyValueSpecification\",\"valueRequired\":true,\"valueName\":\"search_term_string\"}}],\"inLanguage\":\"pt-BR\"},{\"@type\":\"Organization\",\"@id\":\"https:\\\/\\\/www.cidademarketing.com.br\\\/marketing\\\/#organization\",\"name\":\"CidadeMarketing\",\"alternateName\":\"CidadeMarketing\",\"url\":\"https:\\\/\\\/www.cidademarketing.com.br\\\/marketing\\\/\",\"logo\":{\"@type\":\"ImageObject\",\"inLanguage\":\"pt-BR\",\"@id\":\"https:\\\/\\\/www.cidademarketing.com.br\\\/marketing\\\/#\\\/schema\\\/logo\\\/image\\\/\",\"url\":\"https:\\\/\\\/www.cidademarketing.com.br\\\/marketing\\\/wp-content\\\/uploads\\\/2020\\\/01\\\/cidademarketing_marca_mobile.png\",\"contentUrl\":\"https:\\\/\\\/www.cidademarketing.com.br\\\/marketing\\\/wp-content\\\/uploads\\\/2020\\\/01\\\/cidademarketing_marca_mobile.png\",\"width\":230,\"height\":92,\"caption\":\"CidadeMarketing\"},\"image\":{\"@id\":\"https:\\\/\\\/www.cidademarketing.com.br\\\/marketing\\\/#\\\/schema\\\/logo\\\/image\\\/\"},\"sameAs\":[\"https:\\\/\\\/www.facebook.com\\\/portalcidademarketing\",\"https:\\\/\\\/x.com\\\/CidadeMarketing\",\"https:\\\/\\\/www.instagram.com\\\/cidademarketing\\\/\"]},{\"@type\":\"Person\",\"@id\":\"https:\\\/\\\/www.cidademarketing.com.br\\\/marketing\\\/#\\\/schema\\\/person\\\/02daff9f18bd9378c9e01eb6b2db155f\",\"name\":\"Thales Brand\u00e3o\",\"image\":{\"@type\":\"ImageObject\",\"inLanguage\":\"pt-BR\",\"@id\":\"https:\\\/\\\/secure.gravatar.com\\\/avatar\\\/7ca3206950207cc3cb48feec56a8a7898741ab725c368d99d5d7a5a50aab80c6?s=96&d=mm&r=g\",\"url\":\"https:\\\/\\\/secure.gravatar.com\\\/avatar\\\/7ca3206950207cc3cb48feec56a8a7898741ab725c368d99d5d7a5a50aab80c6?s=96&d=mm&r=g\",\"contentUrl\":\"https:\\\/\\\/secure.gravatar.com\\\/avatar\\\/7ca3206950207cc3cb48feec56a8a7898741ab725c368d99d5d7a5a50aab80c6?s=96&d=mm&r=g\",\"caption\":\"Thales Brand\u00e3o\"},\"description\":\"Editor Executivo do Portal CidadeMarketing.com.br &gt; Mestre em Comunica\u00e7\u00e3o e Sociedade pela Universidade Federal de Sergipe. Possui MBA Executivo em Administra\u00e7\u00e3o com \u00eanfase em Marketing pela Funda\u00e7\u00e3o Get\u00falio Vargas - Rio de Janeiro. Consultor, Palestrante e Pesquisador sobre Empreendedorismo, Marketing, Redes Sociais e Neg\u00f3cios Digitais. Professor, Palestrante TedxTalks e Campus Party. Twitter: @ThalesBrandao\",\"sameAs\":[\"http:\\\/\\\/www.mandacaru.com.br\",\"https:\\\/\\\/www.facebook.com\\\/thalesbrandao\",\"http:\\\/\\\/www.instagram.com.br\\\/thalesbrandaoferreira\",\"https:\\\/\\\/www.linkedin.com\\\/in\\\/thales-brand\u00e3o-3948609\\\/\",\"https:\\\/\\\/x.com\\\/http:\\\/\\\/www.twitter.com\\\/thalesbrandao\"],\"url\":\"https:\\\/\\\/www.cidademarketing.com.br\\\/marketing\\\/author\\\/thalesbrandao\\\/\"}]}<\/script>\n<!-- \/ Yoast SEO plugin. -->","yoast_head_json":{"title":"WEG amplia capacidade produtiva com aquisi\u00e7\u00e3o da Sanelec por US$ 5,2 milh\u00f5es - CidadeMarketing","description":"WEG anuncia a compra da Sanelec por US$ 5,2 milh\u00f5es e lan\u00e7a plano global de investimentos de US$ 345 milh\u00f5es no M\u00e9xico e na China. Aquisi\u00e7\u00e3o fortalece a presen\u00e7a da Reivax e amplia a capacidade produtiva da companhia no setor de gera\u00e7\u00e3o e controle de energia.","robots":{"index":"index","follow":"follow","max-snippet":"max-snippet:-1","max-image-preview":"max-image-preview:large","max-video-preview":"max-video-preview:-1"},"canonical":"https:\/\/www.cidademarketing.com.br\/marketing\/2025\/12\/11\/weg-amplia-capacidade-produtiva-com-aquisicao-da-sanelec-por-us-52-milhoes\/","og_locale":"pt_BR","og_type":"article","og_title":"WEG amplia capacidade produtiva com aquisi\u00e7\u00e3o da Sanelec por US$ 5,2 milh\u00f5es - CidadeMarketing","og_description":"WEG anuncia a compra da Sanelec por US$ 5,2 milh\u00f5es e lan\u00e7a plano global de investimentos de US$ 345 milh\u00f5es no M\u00e9xico e na China. Aquisi\u00e7\u00e3o fortalece a presen\u00e7a da Reivax e amplia a capacidade produtiva da companhia no setor de gera\u00e7\u00e3o e controle de energia.","og_url":"https:\/\/www.cidademarketing.com.br\/marketing\/2025\/12\/11\/weg-amplia-capacidade-produtiva-com-aquisicao-da-sanelec-por-us-52-milhoes\/","og_site_name":"CidadeMarketing","article_publisher":"https:\/\/www.facebook.com\/portalcidademarketing","article_author":"https:\/\/www.facebook.com\/thalesbrandao","article_published_time":"2025-12-11T15:46:58+00:00","og_image":[{"width":469,"height":411,"url":"https:\/\/www.cidademarketing.com.br\/marketing\/wp-content\/uploads\/2025\/12\/marca_weg.webp","type":"image\/webp"}],"author":"Thales Brand\u00e3o","twitter_card":"summary_large_image","twitter_creator":"@http:\/\/www.twitter.com\/thalesbrandao","twitter_site":"@CidadeMarketing","twitter_misc":{"Escrito por":"Thales Brand\u00e3o","Est. tempo de leitura":"2 minutos"},"schema":{"@context":"https:\/\/schema.org","@graph":[{"@type":"Article","@id":"https:\/\/www.cidademarketing.com.br\/marketing\/2025\/12\/11\/weg-amplia-capacidade-produtiva-com-aquisicao-da-sanelec-por-us-52-milhoes\/#article","isPartOf":{"@id":"https:\/\/www.cidademarketing.com.br\/marketing\/2025\/12\/11\/weg-amplia-capacidade-produtiva-com-aquisicao-da-sanelec-por-us-52-milhoes\/"},"author":{"name":"Thales Brand\u00e3o","@id":"https:\/\/www.cidademarketing.com.br\/marketing\/#\/schema\/person\/02daff9f18bd9378c9e01eb6b2db155f"},"headline":"WEG amplia capacidade produtiva com aquisi\u00e7\u00e3o da Sanelec por US$ 5,2 milh\u00f5es","datePublished":"2025-12-11T15:46:58+00:00","mainEntityOfPage":{"@id":"https:\/\/www.cidademarketing.com.br\/marketing\/2025\/12\/11\/weg-amplia-capacidade-produtiva-com-aquisicao-da-sanelec-por-us-52-milhoes\/"},"wordCount":333,"commentCount":0,"publisher":{"@id":"https:\/\/www.cidademarketing.com.br\/marketing\/#organization"},"image":{"@id":"https:\/\/www.cidademarketing.com.br\/marketing\/2025\/12\/11\/weg-amplia-capacidade-produtiva-com-aquisicao-da-sanelec-por-us-52-milhoes\/#primaryimage"},"thumbnailUrl":"https:\/\/www.cidademarketing.com.br\/marketing\/wp-content\/uploads\/2025\/12\/marca_weg.webp","keywords":["aquisi\u00e7\u00e3o WEG","automa\u00e7\u00e3o energ\u00e9tica","CVM","expans\u00e3o industrial","gera\u00e7\u00e3o de energia","ind\u00fastria global","investimentos WEG","lucro WEG","motores el\u00e9tricos","parque fabril Rugao","reguladores de tens\u00e3o","Reivax","Sanelec","sistemas de excita\u00e7\u00e3o","WEG","WEG China","WEG M\u00e9xico"],"articleSection":["Marcas","Not\u00edcias"],"inLanguage":"pt-BR","potentialAction":[{"@type":"CommentAction","name":"Comment","target":["https:\/\/www.cidademarketing.com.br\/marketing\/2025\/12\/11\/weg-amplia-capacidade-produtiva-com-aquisicao-da-sanelec-por-us-52-milhoes\/#respond"]}]},{"@type":"WebPage","@id":"https:\/\/www.cidademarketing.com.br\/marketing\/2025\/12\/11\/weg-amplia-capacidade-produtiva-com-aquisicao-da-sanelec-por-us-52-milhoes\/","url":"https:\/\/www.cidademarketing.com.br\/marketing\/2025\/12\/11\/weg-amplia-capacidade-produtiva-com-aquisicao-da-sanelec-por-us-52-milhoes\/","name":"WEG amplia capacidade produtiva com aquisi\u00e7\u00e3o da Sanelec por US$ 5,2 milh\u00f5es - CidadeMarketing","isPartOf":{"@id":"https:\/\/www.cidademarketing.com.br\/marketing\/#website"},"primaryImageOfPage":{"@id":"https:\/\/www.cidademarketing.com.br\/marketing\/2025\/12\/11\/weg-amplia-capacidade-produtiva-com-aquisicao-da-sanelec-por-us-52-milhoes\/#primaryimage"},"image":{"@id":"https:\/\/www.cidademarketing.com.br\/marketing\/2025\/12\/11\/weg-amplia-capacidade-produtiva-com-aquisicao-da-sanelec-por-us-52-milhoes\/#primaryimage"},"thumbnailUrl":"https:\/\/www.cidademarketing.com.br\/marketing\/wp-content\/uploads\/2025\/12\/marca_weg.webp","datePublished":"2025-12-11T15:46:58+00:00","description":"WEG anuncia a compra da Sanelec por US$ 5,2 milh\u00f5es e lan\u00e7a plano global de investimentos de US$ 345 milh\u00f5es no M\u00e9xico e na China. Aquisi\u00e7\u00e3o fortalece a presen\u00e7a da Reivax e amplia a capacidade produtiva da companhia no setor de gera\u00e7\u00e3o e controle de energia.","breadcrumb":{"@id":"https:\/\/www.cidademarketing.com.br\/marketing\/2025\/12\/11\/weg-amplia-capacidade-produtiva-com-aquisicao-da-sanelec-por-us-52-milhoes\/#breadcrumb"},"inLanguage":"pt-BR","potentialAction":[{"@type":"ReadAction","target":["https:\/\/www.cidademarketing.com.br\/marketing\/2025\/12\/11\/weg-amplia-capacidade-produtiva-com-aquisicao-da-sanelec-por-us-52-milhoes\/"]}]},{"@type":"ImageObject","inLanguage":"pt-BR","@id":"https:\/\/www.cidademarketing.com.br\/marketing\/2025\/12\/11\/weg-amplia-capacidade-produtiva-com-aquisicao-da-sanelec-por-us-52-milhoes\/#primaryimage","url":"https:\/\/www.cidademarketing.com.br\/marketing\/wp-content\/uploads\/2025\/12\/marca_weg.webp","contentUrl":"https:\/\/www.cidademarketing.com.br\/marketing\/wp-content\/uploads\/2025\/12\/marca_weg.webp","width":469,"height":411},{"@type":"BreadcrumbList","@id":"https:\/\/www.cidademarketing.com.br\/marketing\/2025\/12\/11\/weg-amplia-capacidade-produtiva-com-aquisicao-da-sanelec-por-us-52-milhoes\/#breadcrumb","itemListElement":[{"@type":"ListItem","position":1,"name":"In\u00edcio","item":"https:\/\/www.cidademarketing.com.br\/marketing\/"},{"@type":"ListItem","position":2,"name":"WEG amplia capacidade produtiva com aquisi\u00e7\u00e3o da Sanelec por US$ 5,2 milh\u00f5es"}]},{"@type":"WebSite","@id":"https:\/\/www.cidademarketing.com.br\/marketing\/#website","url":"https:\/\/www.cidademarketing.com.br\/marketing\/","name":"CidadeMarketing","description":"Somos um ve\u00edculo de comunica\u00e7\u00e3o de destaque no Brasil, reconhecido por conte\u00fados nos segmentos de marketing, empreendedorismo e inova\u00e7\u00e3o.","publisher":{"@id":"https:\/\/www.cidademarketing.com.br\/marketing\/#organization"},"alternateName":"CidadeMarketing","potentialAction":[{"@type":"SearchAction","target":{"@type":"EntryPoint","urlTemplate":"https:\/\/www.cidademarketing.com.br\/marketing\/?s={search_term_string}"},"query-input":{"@type":"PropertyValueSpecification","valueRequired":true,"valueName":"search_term_string"}}],"inLanguage":"pt-BR"},{"@type":"Organization","@id":"https:\/\/www.cidademarketing.com.br\/marketing\/#organization","name":"CidadeMarketing","alternateName":"CidadeMarketing","url":"https:\/\/www.cidademarketing.com.br\/marketing\/","logo":{"@type":"ImageObject","inLanguage":"pt-BR","@id":"https:\/\/www.cidademarketing.com.br\/marketing\/#\/schema\/logo\/image\/","url":"https:\/\/www.cidademarketing.com.br\/marketing\/wp-content\/uploads\/2020\/01\/cidademarketing_marca_mobile.png","contentUrl":"https:\/\/www.cidademarketing.com.br\/marketing\/wp-content\/uploads\/2020\/01\/cidademarketing_marca_mobile.png","width":230,"height":92,"caption":"CidadeMarketing"},"image":{"@id":"https:\/\/www.cidademarketing.com.br\/marketing\/#\/schema\/logo\/image\/"},"sameAs":["https:\/\/www.facebook.com\/portalcidademarketing","https:\/\/x.com\/CidadeMarketing","https:\/\/www.instagram.com\/cidademarketing\/"]},{"@type":"Person","@id":"https:\/\/www.cidademarketing.com.br\/marketing\/#\/schema\/person\/02daff9f18bd9378c9e01eb6b2db155f","name":"Thales Brand\u00e3o","image":{"@type":"ImageObject","inLanguage":"pt-BR","@id":"https:\/\/secure.gravatar.com\/avatar\/7ca3206950207cc3cb48feec56a8a7898741ab725c368d99d5d7a5a50aab80c6?s=96&d=mm&r=g","url":"https:\/\/secure.gravatar.com\/avatar\/7ca3206950207cc3cb48feec56a8a7898741ab725c368d99d5d7a5a50aab80c6?s=96&d=mm&r=g","contentUrl":"https:\/\/secure.gravatar.com\/avatar\/7ca3206950207cc3cb48feec56a8a7898741ab725c368d99d5d7a5a50aab80c6?s=96&d=mm&r=g","caption":"Thales Brand\u00e3o"},"description":"Editor Executivo do Portal CidadeMarketing.com.br &gt; Mestre em Comunica\u00e7\u00e3o e Sociedade pela Universidade Federal de Sergipe. Possui MBA Executivo em Administra\u00e7\u00e3o com \u00eanfase em Marketing pela Funda\u00e7\u00e3o Get\u00falio Vargas - Rio de Janeiro. Consultor, Palestrante e Pesquisador sobre Empreendedorismo, Marketing, Redes Sociais e Neg\u00f3cios Digitais. Professor, Palestrante TedxTalks e Campus Party. Twitter: @ThalesBrandao","sameAs":["http:\/\/www.mandacaru.com.br","https:\/\/www.facebook.com\/thalesbrandao","http:\/\/www.instagram.com.br\/thalesbrandaoferreira","https:\/\/www.linkedin.com\/in\/thales-brand\u00e3o-3948609\/","https:\/\/x.com\/http:\/\/www.twitter.com\/thalesbrandao"],"url":"https:\/\/www.cidademarketing.com.br\/marketing\/author\/thalesbrandao\/"}]}},"amp_enabled":true,"_links":{"self":[{"href":"https:\/\/www.cidademarketing.com.br\/marketing\/wp-json\/wp\/v2\/posts\/58654","targetHints":{"allow":["GET"]}}],"collection":[{"href":"https:\/\/www.cidademarketing.com.br\/marketing\/wp-json\/wp\/v2\/posts"}],"about":[{"href":"https:\/\/www.cidademarketing.com.br\/marketing\/wp-json\/wp\/v2\/types\/post"}],"author":[{"embeddable":true,"href":"https:\/\/www.cidademarketing.com.br\/marketing\/wp-json\/wp\/v2\/users\/1"}],"replies":[{"embeddable":true,"href":"https:\/\/www.cidademarketing.com.br\/marketing\/wp-json\/wp\/v2\/comments?post=58654"}],"version-history":[{"count":1,"href":"https:\/\/www.cidademarketing.com.br\/marketing\/wp-json\/wp\/v2\/posts\/58654\/revisions"}],"predecessor-version":[{"id":58657,"href":"https:\/\/www.cidademarketing.com.br\/marketing\/wp-json\/wp\/v2\/posts\/58654\/revisions\/58657"}],"wp:featuredmedia":[{"embeddable":true,"href":"https:\/\/www.cidademarketing.com.br\/marketing\/wp-json\/wp\/v2\/media\/58656"}],"wp:attachment":[{"href":"https:\/\/www.cidademarketing.com.br\/marketing\/wp-json\/wp\/v2\/media?parent=58654"}],"wp:term":[{"taxonomy":"category","embeddable":true,"href":"https:\/\/www.cidademarketing.com.br\/marketing\/wp-json\/wp\/v2\/categories?post=58654"},{"taxonomy":"post_tag","embeddable":true,"href":"https:\/\/www.cidademarketing.com.br\/marketing\/wp-json\/wp\/v2\/tags?post=58654"}],"curies":[{"name":"wp","href":"https:\/\/api.w.org\/{rel}","templated":true}]}}