{"id":58650,"date":"2025-12-11T12:25:13","date_gmt":"2025-12-11T15:25:13","guid":{"rendered":"https:\/\/www.cidademarketing.com.br\/marketing\/?p=58650"},"modified":"2025-12-11T12:25:13","modified_gmt":"2025-12-11T15:25:13","slug":"maior-lideranca-global-da-coca-cola-sera-assumida-por-um-brasileiro","status":"publish","type":"post","link":"https:\/\/www.cidademarketing.com.br\/marketing\/2025\/12\/11\/maior-lideranca-global-da-coca-cola-sera-assumida-por-um-brasileiro\/","title":{"rendered":"Maior lideran\u00e7a global da Coca-Cola ser\u00e1 assumida por um brasileiro"},"content":{"rendered":"<p>A Coca-Cola anunciou que Henrique Braun, executivo brasileiro com quase tr\u00eas d\u00e9cadas de atua\u00e7\u00e3o na companhia, assumir\u00e1 o cargo de CEO global a partir de 31 de mar\u00e7o de 2026. Ele substituir\u00e1 James Quincey, que passar\u00e1 a ocupar o posto de Executive Chairman ap\u00f3s liderar a empresa por quase nove anos.<\/p>\n<p>A nomea\u00e7\u00e3o marca um feito hist\u00f3rico: pela primeira vez, um brasileiro comandar\u00e1 a maior empresa de bebidas do mundo \u2014 um movimento que reflete a valoriza\u00e7\u00e3o do talento interno e a crescente relev\u00e2ncia de mercados emergentes no planejamento estrat\u00e9gico da companhia.<\/p>\n<p><strong>Transi\u00e7\u00e3o ocorre em momento de transforma\u00e7\u00e3o no setor<br \/>\n<\/strong>A mudan\u00e7a na lideran\u00e7a acontece em um per\u00edodo em que grandes empresas de alimentos e bebidas revisam suas estrat\u00e9gias para atender consumidores que buscam produtos mais acess\u00edveis, saud\u00e1veis e alinhados a novas tend\u00eancias de consumo.<\/p>\n<p><a href=\"https:\/\/www.linkedin.com\/in\/henrique-braun\/\" target=\"_blank\" rel=\"noopener\">Henrique Braun<\/a>, atualmente Vice-Presidente Executivo e Diretor de Opera\u00e7\u00f5es, traz uma trajet\u00f3ria robusta dentro da organiza\u00e7\u00e3o. Desde que ingressou na Coca-Cola em 1996, o executivo ocupou posi\u00e7\u00f5es-chave em diversas regi\u00f5es do mundo, incluindo Am\u00e9rica Latina, Am\u00e9rica do Norte, Europa e \u00c1sia.<\/p>\n<p>Sua experi\u00eancia passa por \u00e1reas estrat\u00e9gicas como cadeia de suprimentos, inova\u00e7\u00e3o, desenvolvimento de novos neg\u00f3cios, gest\u00e3o geral e opera\u00e7\u00f5es de engarrafamento \u2014 compet\u00eancias consideradas fundamentais para o novo ciclo de evolu\u00e7\u00e3o da empresa.<\/p>\n<figure id=\"attachment_58651\" aria-describedby=\"caption-attachment-58651\" style=\"width: 460px\" class=\"wp-caption alignnone\"><img fetchpriority=\"high\" decoding=\"async\" class=\"wp-image-58651 size-full\" src=\"https:\/\/www.cidademarketing.com.br\/marketing\/wp-content\/uploads\/2025\/12\/Henrique_Braun_novoceo_cocacola_global.webp\" alt=\"A Coca-Cola anuncia o brasileiro Henrique Braun como novo CEO global a partir de 2026. Pela primeira vez, um executivo do Brasil comandar\u00e1 a maior empresa de bebidas do mundo, sucedendo James Quincey e marcando um novo cap\u00edtulo na lideran\u00e7a da companhia.\" width=\"460\" height=\"554\" srcset=\"https:\/\/www.cidademarketing.com.br\/marketing\/wp-content\/uploads\/2025\/12\/Henrique_Braun_novoceo_cocacola_global.webp 460w, https:\/\/www.cidademarketing.com.br\/marketing\/wp-content\/uploads\/2025\/12\/Henrique_Braun_novoceo_cocacola_global-249x300.webp 249w, https:\/\/www.cidademarketing.com.br\/marketing\/wp-content\/uploads\/2025\/12\/Henrique_Braun_novoceo_cocacola_global-349x420.webp 349w\" sizes=\"(max-width: 460px) 100vw, 460px\" \/><figcaption id=\"caption-attachment-58651\" class=\"wp-caption-text\">Divulga\u00e7\u00e3o<\/figcaption><\/figure>\n<p><strong>Experi\u00eancia global e novo foco estrat\u00e9gico<br \/>\n<\/strong>Braun atua como EVP e COO desde 1\u00ba de janeiro de 2025, supervisionando todas as unidades operacionais da empresa em todo o mundo. Ele atua como EVP desde 2024. De 2023 a 2024, Braun atuou como Vice-Presidente S\u00eanior e Presidente de Desenvolvimento Internacional, supervisionando sete das nove unidades operacionais da empresa.<\/p>\n<p>Anteriormente, Braun foi Presidente da unidade operacional da Am\u00e9rica Latina de 2020 a 2022 e Presidente da unidade de neg\u00f3cios Brasil de 2016 a 2020. De 2013 a 2016, Braun foi Presidente da Grande China e Coreia do Sul.<\/p>\n<p>Braun ingressou na Coca-Cola em 1996 em Atlanta e progrediu em fun\u00e7\u00f5es de responsabilidade crescente na Am\u00e9rica do Norte, Europa, Am\u00e9rica Latina e \u00c1sia. Essas posi\u00e7\u00f5es inclu\u00edram cadeia de suprimentos, desenvolvimento de novos neg\u00f3cios, marketing, inova\u00e7\u00e3o, gest\u00e3o geral e opera\u00e7\u00f5es de engarrafamento.<\/p>\n<p>Ele possui um diploma de bacharel em engenharia agr\u00edcola pela Universidade Federal do Rio de Janeiro, um Master of Science pela Michigan State University e um MBA pela Georgia State University. Braun \u00e9 um cidad\u00e3o americano que nasceu na Calif\u00f3rnia e foi criado no Brasil.<\/p>\n<p>\u201cEstou honrado em assumir esta nova fun\u00e7\u00e3o e tenho um tremendo apre\u00e7o por tudo o que James fez para liderar a empresa\u201d, disse Braun. \u201cVou me concentrar em dar continuidade ao impulso que constru\u00edmos com o nosso sistema. Trabalharemos para desbloquear o crescimento futuro em parceria com nossos engarrafadores. Estou animado com o futuro do nosso neg\u00f3cio e vejo enormes oportunidades em um mercado global em r\u00e1pida mudan\u00e7a.\u201d<\/p>\n<p><strong>Legado de James Quincey<\/strong><br \/>\nJames Quincey, que tamb\u00e9m ingressou na Coca-Cola em 1996, \u00e9 reconhecido pela transforma\u00e7\u00e3o da empresa em uma total beverage company, ampliando o portf\u00f3lio e incorporando marcas bilion\u00e1rias ao longo de sua gest\u00e3o. Ele seguir\u00e1 ativo no conselho como Executive Chairman, garantindo continuidade estrat\u00e9gica na transi\u00e7\u00e3o.<\/p>\n<p><strong>Um marco para a lideran\u00e7a brasileira<\/strong><br \/>\nA ascens\u00e3o de Henrique Braun ao cargo mais alto da Coca-Cola simboliza n\u00e3o apenas um avan\u00e7o em sua jornada profissional, mas tamb\u00e9m um marco para executivos brasileiros no cen\u00e1rio global. Sua experi\u00eancia multicultural, combinada ao conhecimento profundo sobre mercados emergentes e comportamento do consumidor, posiciona o Brasil no centro de uma das maiores opera\u00e7\u00f5es corporativas do mundo.<\/p>\n","protected":false},"excerpt":{"rendered":"<p>A Coca-Cola anunciou que Henrique Braun, executivo brasileiro com quase tr\u00eas d\u00e9cadas de atua\u00e7\u00e3o na companhia, assumir\u00e1 o cargo de CEO global a partir de 31 de mar\u00e7o de 2026. Ele substituir\u00e1 James Quincey, que passar\u00e1 a ocupar o posto de Executive Chairman ap\u00f3s liderar a empresa por quase nove anos. A nomea\u00e7\u00e3o marca um [&hellip;]<\/p>\n","protected":false},"author":1,"featured_media":58652,"comment_status":"open","ping_status":"open","sticky":false,"template":"","format":"standard","meta":{"tdm_status":"","tdm_grid_status":"","footnotes":""},"categories":[6],"tags":[10798,10808,10806,10801,10803,10809,10797,10807,10800,10802,10804,10799,10805],"class_list":["post-58650","post","type-post","status-publish","format-standard","has-post-thumbnail","hentry","category-noticias","tag-ceo-brasileiro-coca-cola","tag-consumo-global-bebidas","tag-estrategia-global-coca-cola","tag-executive-chairman-coca-cola","tag-executivo-brasileiro","tag-executivo-brasileiro-multinacional","tag-henrique-braun","tag-inovacao-coca-cola","tag-james-quincey","tag-lideranca-global-coca-cola","tag-mercado-de-bebidas","tag-nova-lideranca-coca-cola","tag-transformacao-coca-cola"],"yoast_head":"<!-- This site is optimized with the Yoast SEO plugin v27.5 - https:\/\/yoast.com\/product\/yoast-seo-wordpress\/ -->\n<title>Maior lideran\u00e7a global da Coca-Cola ser\u00e1 assumida por um brasileiro - CidadeMarketing<\/title>\n<meta name=\"description\" content=\"A Coca-Cola anuncia o brasileiro Henrique Braun como novo CEO global a partir de 2026. Pela primeira vez, um executivo do Brasil comandar\u00e1 a maior empresa de bebidas do mundo, sucedendo James Quincey e marcando um novo cap\u00edtulo na lideran\u00e7a da companhia.\" \/>\n<meta name=\"robots\" content=\"index, follow, max-snippet:-1, max-image-preview:large, max-video-preview:-1\" \/>\n<link rel=\"canonical\" href=\"https:\/\/www.cidademarketing.com.br\/marketing\/2025\/12\/11\/maior-lideranca-global-da-coca-cola-sera-assumida-por-um-brasileiro\/\" \/>\n<meta property=\"og:locale\" content=\"pt_BR\" \/>\n<meta property=\"og:type\" content=\"article\" \/>\n<meta property=\"og:title\" content=\"Maior lideran\u00e7a global da Coca-Cola ser\u00e1 assumida por um brasileiro - CidadeMarketing\" \/>\n<meta property=\"og:description\" content=\"A Coca-Cola anuncia o brasileiro Henrique Braun como novo CEO global a partir de 2026. Pela primeira vez, um executivo do Brasil comandar\u00e1 a maior empresa de bebidas do mundo, sucedendo James Quincey e marcando um novo cap\u00edtulo na lideran\u00e7a da companhia.\" \/>\n<meta property=\"og:url\" content=\"https:\/\/www.cidademarketing.com.br\/marketing\/2025\/12\/11\/maior-lideranca-global-da-coca-cola-sera-assumida-por-um-brasileiro\/\" \/>\n<meta property=\"og:site_name\" content=\"CidadeMarketing\" \/>\n<meta property=\"article:publisher\" content=\"https:\/\/www.facebook.com\/portalcidademarketing\" \/>\n<meta property=\"article:author\" content=\"https:\/\/www.facebook.com\/thalesbrandao\" \/>\n<meta property=\"article:published_time\" content=\"2025-12-11T15:25:13+00:00\" \/>\n<meta property=\"og:image\" content=\"https:\/\/www.cidademarketing.com.br\/marketing\/wp-content\/uploads\/2025\/12\/cocacola_ceo_marca.webp\" \/>\n\t<meta property=\"og:image:width\" content=\"1552\" \/>\n\t<meta property=\"og:image:height\" content=\"714\" \/>\n\t<meta property=\"og:image:type\" content=\"image\/webp\" \/>\n<meta name=\"author\" content=\"Thales Brand\u00e3o\" \/>\n<meta name=\"twitter:card\" content=\"summary_large_image\" \/>\n<meta name=\"twitter:creator\" content=\"@http:\/\/www.twitter.com\/thalesbrandao\" \/>\n<meta name=\"twitter:site\" content=\"@CidadeMarketing\" \/>\n<meta name=\"twitter:label1\" content=\"Escrito por\" \/>\n\t<meta name=\"twitter:data1\" content=\"Thales Brand\u00e3o\" \/>\n\t<meta name=\"twitter:label2\" content=\"Est. tempo de leitura\" \/>\n\t<meta name=\"twitter:data2\" content=\"4 minutos\" \/>\n<script type=\"application\/ld+json\" class=\"yoast-schema-graph\">{\"@context\":\"https:\\\/\\\/schema.org\",\"@graph\":[{\"@type\":\"Article\",\"@id\":\"https:\\\/\\\/www.cidademarketing.com.br\\\/marketing\\\/2025\\\/12\\\/11\\\/maior-lideranca-global-da-coca-cola-sera-assumida-por-um-brasileiro\\\/#article\",\"isPartOf\":{\"@id\":\"https:\\\/\\\/www.cidademarketing.com.br\\\/marketing\\\/2025\\\/12\\\/11\\\/maior-lideranca-global-da-coca-cola-sera-assumida-por-um-brasileiro\\\/\"},\"author\":{\"name\":\"Thales Brand\u00e3o\",\"@id\":\"https:\\\/\\\/www.cidademarketing.com.br\\\/marketing\\\/#\\\/schema\\\/person\\\/02daff9f18bd9378c9e01eb6b2db155f\"},\"headline\":\"Maior lideran\u00e7a global da Coca-Cola ser\u00e1 assumida por um brasileiro\",\"datePublished\":\"2025-12-11T15:25:13+00:00\",\"mainEntityOfPage\":{\"@id\":\"https:\\\/\\\/www.cidademarketing.com.br\\\/marketing\\\/2025\\\/12\\\/11\\\/maior-lideranca-global-da-coca-cola-sera-assumida-por-um-brasileiro\\\/\"},\"wordCount\":644,\"commentCount\":0,\"publisher\":{\"@id\":\"https:\\\/\\\/www.cidademarketing.com.br\\\/marketing\\\/#organization\"},\"image\":{\"@id\":\"https:\\\/\\\/www.cidademarketing.com.br\\\/marketing\\\/2025\\\/12\\\/11\\\/maior-lideranca-global-da-coca-cola-sera-assumida-por-um-brasileiro\\\/#primaryimage\"},\"thumbnailUrl\":\"https:\\\/\\\/www.cidademarketing.com.br\\\/marketing\\\/wp-content\\\/uploads\\\/2025\\\/12\\\/cocacola_ceo_marca.webp\",\"keywords\":[\"CEO brasileiro Coca-Cola\",\"consumo global bebidas\",\"estrat\u00e9gia global Coca-Cola\",\"Executive Chairman Coca-Cola\",\"executivo brasileiro\",\"executivo brasileiro multinacional\",\"Henrique Braun\",\"inova\u00e7\u00e3o Coca-Cola\",\"James Quincey\",\"lideran\u00e7a global Coca-Cola\",\"mercado de bebidas\",\"nova lideran\u00e7a Coca-Cola\",\"transforma\u00e7\u00e3o Coca-Cola\"],\"articleSection\":[\"Not\u00edcias\"],\"inLanguage\":\"pt-BR\",\"potentialAction\":[{\"@type\":\"CommentAction\",\"name\":\"Comment\",\"target\":[\"https:\\\/\\\/www.cidademarketing.com.br\\\/marketing\\\/2025\\\/12\\\/11\\\/maior-lideranca-global-da-coca-cola-sera-assumida-por-um-brasileiro\\\/#respond\"]}]},{\"@type\":\"WebPage\",\"@id\":\"https:\\\/\\\/www.cidademarketing.com.br\\\/marketing\\\/2025\\\/12\\\/11\\\/maior-lideranca-global-da-coca-cola-sera-assumida-por-um-brasileiro\\\/\",\"url\":\"https:\\\/\\\/www.cidademarketing.com.br\\\/marketing\\\/2025\\\/12\\\/11\\\/maior-lideranca-global-da-coca-cola-sera-assumida-por-um-brasileiro\\\/\",\"name\":\"Maior lideran\u00e7a global da Coca-Cola ser\u00e1 assumida por um brasileiro - CidadeMarketing\",\"isPartOf\":{\"@id\":\"https:\\\/\\\/www.cidademarketing.com.br\\\/marketing\\\/#website\"},\"primaryImageOfPage\":{\"@id\":\"https:\\\/\\\/www.cidademarketing.com.br\\\/marketing\\\/2025\\\/12\\\/11\\\/maior-lideranca-global-da-coca-cola-sera-assumida-por-um-brasileiro\\\/#primaryimage\"},\"image\":{\"@id\":\"https:\\\/\\\/www.cidademarketing.com.br\\\/marketing\\\/2025\\\/12\\\/11\\\/maior-lideranca-global-da-coca-cola-sera-assumida-por-um-brasileiro\\\/#primaryimage\"},\"thumbnailUrl\":\"https:\\\/\\\/www.cidademarketing.com.br\\\/marketing\\\/wp-content\\\/uploads\\\/2025\\\/12\\\/cocacola_ceo_marca.webp\",\"datePublished\":\"2025-12-11T15:25:13+00:00\",\"description\":\"A Coca-Cola anuncia o brasileiro Henrique Braun como novo CEO global a partir de 2026. Pela primeira vez, um executivo do Brasil comandar\u00e1 a maior empresa de bebidas do mundo, sucedendo James Quincey e marcando um novo cap\u00edtulo na lideran\u00e7a da companhia.\",\"breadcrumb\":{\"@id\":\"https:\\\/\\\/www.cidademarketing.com.br\\\/marketing\\\/2025\\\/12\\\/11\\\/maior-lideranca-global-da-coca-cola-sera-assumida-por-um-brasileiro\\\/#breadcrumb\"},\"inLanguage\":\"pt-BR\",\"potentialAction\":[{\"@type\":\"ReadAction\",\"target\":[\"https:\\\/\\\/www.cidademarketing.com.br\\\/marketing\\\/2025\\\/12\\\/11\\\/maior-lideranca-global-da-coca-cola-sera-assumida-por-um-brasileiro\\\/\"]}]},{\"@type\":\"ImageObject\",\"inLanguage\":\"pt-BR\",\"@id\":\"https:\\\/\\\/www.cidademarketing.com.br\\\/marketing\\\/2025\\\/12\\\/11\\\/maior-lideranca-global-da-coca-cola-sera-assumida-por-um-brasileiro\\\/#primaryimage\",\"url\":\"https:\\\/\\\/www.cidademarketing.com.br\\\/marketing\\\/wp-content\\\/uploads\\\/2025\\\/12\\\/cocacola_ceo_marca.webp\",\"contentUrl\":\"https:\\\/\\\/www.cidademarketing.com.br\\\/marketing\\\/wp-content\\\/uploads\\\/2025\\\/12\\\/cocacola_ceo_marca.webp\",\"width\":1552,\"height\":714,\"caption\":\"Divulga\u00e7\u00e3o\"},{\"@type\":\"BreadcrumbList\",\"@id\":\"https:\\\/\\\/www.cidademarketing.com.br\\\/marketing\\\/2025\\\/12\\\/11\\\/maior-lideranca-global-da-coca-cola-sera-assumida-por-um-brasileiro\\\/#breadcrumb\",\"itemListElement\":[{\"@type\":\"ListItem\",\"position\":1,\"name\":\"In\u00edcio\",\"item\":\"https:\\\/\\\/www.cidademarketing.com.br\\\/marketing\\\/\"},{\"@type\":\"ListItem\",\"position\":2,\"name\":\"Maior lideran\u00e7a global da Coca-Cola ser\u00e1 assumida por um brasileiro\"}]},{\"@type\":\"WebSite\",\"@id\":\"https:\\\/\\\/www.cidademarketing.com.br\\\/marketing\\\/#website\",\"url\":\"https:\\\/\\\/www.cidademarketing.com.br\\\/marketing\\\/\",\"name\":\"CidadeMarketing\",\"description\":\"Somos um ve\u00edculo de comunica\u00e7\u00e3o de destaque no Brasil, reconhecido por conte\u00fados nos segmentos de marketing, empreendedorismo e inova\u00e7\u00e3o.\",\"publisher\":{\"@id\":\"https:\\\/\\\/www.cidademarketing.com.br\\\/marketing\\\/#organization\"},\"alternateName\":\"CidadeMarketing\",\"potentialAction\":[{\"@type\":\"SearchAction\",\"target\":{\"@type\":\"EntryPoint\",\"urlTemplate\":\"https:\\\/\\\/www.cidademarketing.com.br\\\/marketing\\\/?s={search_term_string}\"},\"query-input\":{\"@type\":\"PropertyValueSpecification\",\"valueRequired\":true,\"valueName\":\"search_term_string\"}}],\"inLanguage\":\"pt-BR\"},{\"@type\":\"Organization\",\"@id\":\"https:\\\/\\\/www.cidademarketing.com.br\\\/marketing\\\/#organization\",\"name\":\"CidadeMarketing\",\"alternateName\":\"CidadeMarketing\",\"url\":\"https:\\\/\\\/www.cidademarketing.com.br\\\/marketing\\\/\",\"logo\":{\"@type\":\"ImageObject\",\"inLanguage\":\"pt-BR\",\"@id\":\"https:\\\/\\\/www.cidademarketing.com.br\\\/marketing\\\/#\\\/schema\\\/logo\\\/image\\\/\",\"url\":\"https:\\\/\\\/www.cidademarketing.com.br\\\/marketing\\\/wp-content\\\/uploads\\\/2020\\\/01\\\/cidademarketing_marca_mobile.png\",\"contentUrl\":\"https:\\\/\\\/www.cidademarketing.com.br\\\/marketing\\\/wp-content\\\/uploads\\\/2020\\\/01\\\/cidademarketing_marca_mobile.png\",\"width\":230,\"height\":92,\"caption\":\"CidadeMarketing\"},\"image\":{\"@id\":\"https:\\\/\\\/www.cidademarketing.com.br\\\/marketing\\\/#\\\/schema\\\/logo\\\/image\\\/\"},\"sameAs\":[\"https:\\\/\\\/www.facebook.com\\\/portalcidademarketing\",\"https:\\\/\\\/x.com\\\/CidadeMarketing\",\"https:\\\/\\\/www.instagram.com\\\/cidademarketing\\\/\"]},{\"@type\":\"Person\",\"@id\":\"https:\\\/\\\/www.cidademarketing.com.br\\\/marketing\\\/#\\\/schema\\\/person\\\/02daff9f18bd9378c9e01eb6b2db155f\",\"name\":\"Thales Brand\u00e3o\",\"image\":{\"@type\":\"ImageObject\",\"inLanguage\":\"pt-BR\",\"@id\":\"https:\\\/\\\/secure.gravatar.com\\\/avatar\\\/7ca3206950207cc3cb48feec56a8a7898741ab725c368d99d5d7a5a50aab80c6?s=96&d=mm&r=g\",\"url\":\"https:\\\/\\\/secure.gravatar.com\\\/avatar\\\/7ca3206950207cc3cb48feec56a8a7898741ab725c368d99d5d7a5a50aab80c6?s=96&d=mm&r=g\",\"contentUrl\":\"https:\\\/\\\/secure.gravatar.com\\\/avatar\\\/7ca3206950207cc3cb48feec56a8a7898741ab725c368d99d5d7a5a50aab80c6?s=96&d=mm&r=g\",\"caption\":\"Thales Brand\u00e3o\"},\"description\":\"Editor Executivo do Portal CidadeMarketing.com.br &gt; Mestre em Comunica\u00e7\u00e3o e Sociedade pela Universidade Federal de Sergipe. Possui MBA Executivo em Administra\u00e7\u00e3o com \u00eanfase em Marketing pela Funda\u00e7\u00e3o Get\u00falio Vargas - Rio de Janeiro. Consultor, Palestrante e Pesquisador sobre Empreendedorismo, Marketing, Redes Sociais e Neg\u00f3cios Digitais. Professor, Palestrante TedxTalks e Campus Party. Twitter: @ThalesBrandao\",\"sameAs\":[\"http:\\\/\\\/www.mandacaru.com.br\",\"https:\\\/\\\/www.facebook.com\\\/thalesbrandao\",\"http:\\\/\\\/www.instagram.com.br\\\/thalesbrandaoferreira\",\"https:\\\/\\\/www.linkedin.com\\\/in\\\/thales-brand\u00e3o-3948609\\\/\",\"https:\\\/\\\/x.com\\\/http:\\\/\\\/www.twitter.com\\\/thalesbrandao\"],\"url\":\"https:\\\/\\\/www.cidademarketing.com.br\\\/marketing\\\/author\\\/thalesbrandao\\\/\"}]}<\/script>\n<!-- \/ Yoast SEO plugin. -->","yoast_head_json":{"title":"Maior lideran\u00e7a global da Coca-Cola ser\u00e1 assumida por um brasileiro - CidadeMarketing","description":"A Coca-Cola anuncia o brasileiro Henrique Braun como novo CEO global a partir de 2026. Pela primeira vez, um executivo do Brasil comandar\u00e1 a maior empresa de bebidas do mundo, sucedendo James Quincey e marcando um novo cap\u00edtulo na lideran\u00e7a da companhia.","robots":{"index":"index","follow":"follow","max-snippet":"max-snippet:-1","max-image-preview":"max-image-preview:large","max-video-preview":"max-video-preview:-1"},"canonical":"https:\/\/www.cidademarketing.com.br\/marketing\/2025\/12\/11\/maior-lideranca-global-da-coca-cola-sera-assumida-por-um-brasileiro\/","og_locale":"pt_BR","og_type":"article","og_title":"Maior lideran\u00e7a global da Coca-Cola ser\u00e1 assumida por um brasileiro - CidadeMarketing","og_description":"A Coca-Cola anuncia o brasileiro Henrique Braun como novo CEO global a partir de 2026. Pela primeira vez, um executivo do Brasil comandar\u00e1 a maior empresa de bebidas do mundo, sucedendo James Quincey e marcando um novo cap\u00edtulo na lideran\u00e7a da companhia.","og_url":"https:\/\/www.cidademarketing.com.br\/marketing\/2025\/12\/11\/maior-lideranca-global-da-coca-cola-sera-assumida-por-um-brasileiro\/","og_site_name":"CidadeMarketing","article_publisher":"https:\/\/www.facebook.com\/portalcidademarketing","article_author":"https:\/\/www.facebook.com\/thalesbrandao","article_published_time":"2025-12-11T15:25:13+00:00","og_image":[{"width":1552,"height":714,"url":"https:\/\/www.cidademarketing.com.br\/marketing\/wp-content\/uploads\/2025\/12\/cocacola_ceo_marca.webp","type":"image\/webp"}],"author":"Thales Brand\u00e3o","twitter_card":"summary_large_image","twitter_creator":"@http:\/\/www.twitter.com\/thalesbrandao","twitter_site":"@CidadeMarketing","twitter_misc":{"Escrito por":"Thales Brand\u00e3o","Est. tempo de leitura":"4 minutos"},"schema":{"@context":"https:\/\/schema.org","@graph":[{"@type":"Article","@id":"https:\/\/www.cidademarketing.com.br\/marketing\/2025\/12\/11\/maior-lideranca-global-da-coca-cola-sera-assumida-por-um-brasileiro\/#article","isPartOf":{"@id":"https:\/\/www.cidademarketing.com.br\/marketing\/2025\/12\/11\/maior-lideranca-global-da-coca-cola-sera-assumida-por-um-brasileiro\/"},"author":{"name":"Thales Brand\u00e3o","@id":"https:\/\/www.cidademarketing.com.br\/marketing\/#\/schema\/person\/02daff9f18bd9378c9e01eb6b2db155f"},"headline":"Maior lideran\u00e7a global da Coca-Cola ser\u00e1 assumida por um brasileiro","datePublished":"2025-12-11T15:25:13+00:00","mainEntityOfPage":{"@id":"https:\/\/www.cidademarketing.com.br\/marketing\/2025\/12\/11\/maior-lideranca-global-da-coca-cola-sera-assumida-por-um-brasileiro\/"},"wordCount":644,"commentCount":0,"publisher":{"@id":"https:\/\/www.cidademarketing.com.br\/marketing\/#organization"},"image":{"@id":"https:\/\/www.cidademarketing.com.br\/marketing\/2025\/12\/11\/maior-lideranca-global-da-coca-cola-sera-assumida-por-um-brasileiro\/#primaryimage"},"thumbnailUrl":"https:\/\/www.cidademarketing.com.br\/marketing\/wp-content\/uploads\/2025\/12\/cocacola_ceo_marca.webp","keywords":["CEO brasileiro Coca-Cola","consumo global bebidas","estrat\u00e9gia global Coca-Cola","Executive Chairman Coca-Cola","executivo brasileiro","executivo brasileiro multinacional","Henrique Braun","inova\u00e7\u00e3o Coca-Cola","James Quincey","lideran\u00e7a global Coca-Cola","mercado de bebidas","nova lideran\u00e7a Coca-Cola","transforma\u00e7\u00e3o Coca-Cola"],"articleSection":["Not\u00edcias"],"inLanguage":"pt-BR","potentialAction":[{"@type":"CommentAction","name":"Comment","target":["https:\/\/www.cidademarketing.com.br\/marketing\/2025\/12\/11\/maior-lideranca-global-da-coca-cola-sera-assumida-por-um-brasileiro\/#respond"]}]},{"@type":"WebPage","@id":"https:\/\/www.cidademarketing.com.br\/marketing\/2025\/12\/11\/maior-lideranca-global-da-coca-cola-sera-assumida-por-um-brasileiro\/","url":"https:\/\/www.cidademarketing.com.br\/marketing\/2025\/12\/11\/maior-lideranca-global-da-coca-cola-sera-assumida-por-um-brasileiro\/","name":"Maior lideran\u00e7a global da Coca-Cola ser\u00e1 assumida por um brasileiro - CidadeMarketing","isPartOf":{"@id":"https:\/\/www.cidademarketing.com.br\/marketing\/#website"},"primaryImageOfPage":{"@id":"https:\/\/www.cidademarketing.com.br\/marketing\/2025\/12\/11\/maior-lideranca-global-da-coca-cola-sera-assumida-por-um-brasileiro\/#primaryimage"},"image":{"@id":"https:\/\/www.cidademarketing.com.br\/marketing\/2025\/12\/11\/maior-lideranca-global-da-coca-cola-sera-assumida-por-um-brasileiro\/#primaryimage"},"thumbnailUrl":"https:\/\/www.cidademarketing.com.br\/marketing\/wp-content\/uploads\/2025\/12\/cocacola_ceo_marca.webp","datePublished":"2025-12-11T15:25:13+00:00","description":"A Coca-Cola anuncia o brasileiro Henrique Braun como novo CEO global a partir de 2026. Pela primeira vez, um executivo do Brasil comandar\u00e1 a maior empresa de bebidas do mundo, sucedendo James Quincey e marcando um novo cap\u00edtulo na lideran\u00e7a da companhia.","breadcrumb":{"@id":"https:\/\/www.cidademarketing.com.br\/marketing\/2025\/12\/11\/maior-lideranca-global-da-coca-cola-sera-assumida-por-um-brasileiro\/#breadcrumb"},"inLanguage":"pt-BR","potentialAction":[{"@type":"ReadAction","target":["https:\/\/www.cidademarketing.com.br\/marketing\/2025\/12\/11\/maior-lideranca-global-da-coca-cola-sera-assumida-por-um-brasileiro\/"]}]},{"@type":"ImageObject","inLanguage":"pt-BR","@id":"https:\/\/www.cidademarketing.com.br\/marketing\/2025\/12\/11\/maior-lideranca-global-da-coca-cola-sera-assumida-por-um-brasileiro\/#primaryimage","url":"https:\/\/www.cidademarketing.com.br\/marketing\/wp-content\/uploads\/2025\/12\/cocacola_ceo_marca.webp","contentUrl":"https:\/\/www.cidademarketing.com.br\/marketing\/wp-content\/uploads\/2025\/12\/cocacola_ceo_marca.webp","width":1552,"height":714,"caption":"Divulga\u00e7\u00e3o"},{"@type":"BreadcrumbList","@id":"https:\/\/www.cidademarketing.com.br\/marketing\/2025\/12\/11\/maior-lideranca-global-da-coca-cola-sera-assumida-por-um-brasileiro\/#breadcrumb","itemListElement":[{"@type":"ListItem","position":1,"name":"In\u00edcio","item":"https:\/\/www.cidademarketing.com.br\/marketing\/"},{"@type":"ListItem","position":2,"name":"Maior lideran\u00e7a global da Coca-Cola ser\u00e1 assumida por um brasileiro"}]},{"@type":"WebSite","@id":"https:\/\/www.cidademarketing.com.br\/marketing\/#website","url":"https:\/\/www.cidademarketing.com.br\/marketing\/","name":"CidadeMarketing","description":"Somos um ve\u00edculo de comunica\u00e7\u00e3o de destaque no Brasil, reconhecido por conte\u00fados nos segmentos de marketing, empreendedorismo e inova\u00e7\u00e3o.","publisher":{"@id":"https:\/\/www.cidademarketing.com.br\/marketing\/#organization"},"alternateName":"CidadeMarketing","potentialAction":[{"@type":"SearchAction","target":{"@type":"EntryPoint","urlTemplate":"https:\/\/www.cidademarketing.com.br\/marketing\/?s={search_term_string}"},"query-input":{"@type":"PropertyValueSpecification","valueRequired":true,"valueName":"search_term_string"}}],"inLanguage":"pt-BR"},{"@type":"Organization","@id":"https:\/\/www.cidademarketing.com.br\/marketing\/#organization","name":"CidadeMarketing","alternateName":"CidadeMarketing","url":"https:\/\/www.cidademarketing.com.br\/marketing\/","logo":{"@type":"ImageObject","inLanguage":"pt-BR","@id":"https:\/\/www.cidademarketing.com.br\/marketing\/#\/schema\/logo\/image\/","url":"https:\/\/www.cidademarketing.com.br\/marketing\/wp-content\/uploads\/2020\/01\/cidademarketing_marca_mobile.png","contentUrl":"https:\/\/www.cidademarketing.com.br\/marketing\/wp-content\/uploads\/2020\/01\/cidademarketing_marca_mobile.png","width":230,"height":92,"caption":"CidadeMarketing"},"image":{"@id":"https:\/\/www.cidademarketing.com.br\/marketing\/#\/schema\/logo\/image\/"},"sameAs":["https:\/\/www.facebook.com\/portalcidademarketing","https:\/\/x.com\/CidadeMarketing","https:\/\/www.instagram.com\/cidademarketing\/"]},{"@type":"Person","@id":"https:\/\/www.cidademarketing.com.br\/marketing\/#\/schema\/person\/02daff9f18bd9378c9e01eb6b2db155f","name":"Thales Brand\u00e3o","image":{"@type":"ImageObject","inLanguage":"pt-BR","@id":"https:\/\/secure.gravatar.com\/avatar\/7ca3206950207cc3cb48feec56a8a7898741ab725c368d99d5d7a5a50aab80c6?s=96&d=mm&r=g","url":"https:\/\/secure.gravatar.com\/avatar\/7ca3206950207cc3cb48feec56a8a7898741ab725c368d99d5d7a5a50aab80c6?s=96&d=mm&r=g","contentUrl":"https:\/\/secure.gravatar.com\/avatar\/7ca3206950207cc3cb48feec56a8a7898741ab725c368d99d5d7a5a50aab80c6?s=96&d=mm&r=g","caption":"Thales Brand\u00e3o"},"description":"Editor Executivo do Portal CidadeMarketing.com.br &gt; Mestre em Comunica\u00e7\u00e3o e Sociedade pela Universidade Federal de Sergipe. Possui MBA Executivo em Administra\u00e7\u00e3o com \u00eanfase em Marketing pela Funda\u00e7\u00e3o Get\u00falio Vargas - Rio de Janeiro. Consultor, Palestrante e Pesquisador sobre Empreendedorismo, Marketing, Redes Sociais e Neg\u00f3cios Digitais. Professor, Palestrante TedxTalks e Campus Party. Twitter: @ThalesBrandao","sameAs":["http:\/\/www.mandacaru.com.br","https:\/\/www.facebook.com\/thalesbrandao","http:\/\/www.instagram.com.br\/thalesbrandaoferreira","https:\/\/www.linkedin.com\/in\/thales-brand\u00e3o-3948609\/","https:\/\/x.com\/http:\/\/www.twitter.com\/thalesbrandao"],"url":"https:\/\/www.cidademarketing.com.br\/marketing\/author\/thalesbrandao\/"}]}},"amp_enabled":true,"_links":{"self":[{"href":"https:\/\/www.cidademarketing.com.br\/marketing\/wp-json\/wp\/v2\/posts\/58650","targetHints":{"allow":["GET"]}}],"collection":[{"href":"https:\/\/www.cidademarketing.com.br\/marketing\/wp-json\/wp\/v2\/posts"}],"about":[{"href":"https:\/\/www.cidademarketing.com.br\/marketing\/wp-json\/wp\/v2\/types\/post"}],"author":[{"embeddable":true,"href":"https:\/\/www.cidademarketing.com.br\/marketing\/wp-json\/wp\/v2\/users\/1"}],"replies":[{"embeddable":true,"href":"https:\/\/www.cidademarketing.com.br\/marketing\/wp-json\/wp\/v2\/comments?post=58650"}],"version-history":[{"count":1,"href":"https:\/\/www.cidademarketing.com.br\/marketing\/wp-json\/wp\/v2\/posts\/58650\/revisions"}],"predecessor-version":[{"id":58653,"href":"https:\/\/www.cidademarketing.com.br\/marketing\/wp-json\/wp\/v2\/posts\/58650\/revisions\/58653"}],"wp:featuredmedia":[{"embeddable":true,"href":"https:\/\/www.cidademarketing.com.br\/marketing\/wp-json\/wp\/v2\/media\/58652"}],"wp:attachment":[{"href":"https:\/\/www.cidademarketing.com.br\/marketing\/wp-json\/wp\/v2\/media?parent=58650"}],"wp:term":[{"taxonomy":"category","embeddable":true,"href":"https:\/\/www.cidademarketing.com.br\/marketing\/wp-json\/wp\/v2\/categories?post=58650"},{"taxonomy":"post_tag","embeddable":true,"href":"https:\/\/www.cidademarketing.com.br\/marketing\/wp-json\/wp\/v2\/tags?post=58650"}],"curies":[{"name":"wp","href":"https:\/\/api.w.org\/{rel}","templated":true}]}}