{"id":58634,"date":"2025-12-09T17:12:59","date_gmt":"2025-12-09T20:12:59","guid":{"rendered":"https:\/\/www.cidademarketing.com.br\/marketing\/?p=58634"},"modified":"2025-12-09T17:12:59","modified_gmt":"2025-12-09T20:12:59","slug":"chevrolet-fecha-patrocinio-para-cobertura-da-formula-1-na-globo","status":"publish","type":"post","link":"https:\/\/www.cidademarketing.com.br\/marketing\/2025\/12\/09\/chevrolet-fecha-patrocinio-para-cobertura-da-formula-1-na-globo\/","title":{"rendered":"Chevrolet fecha patroc\u00ednio para cobertura da F\u00f3rmula 1 na Globo"},"content":{"rendered":"<p>A Chevrolet anunciou que ser\u00e1 uma das patrocinadoras oficiais da cobertura da F\u00f3rmula 1 em 2026, ano em que a categoria retorna \u00e0 programa\u00e7\u00e3o da Globo. O acordo marca a entrada da montadora em um dos maiores movimentos esportivos da pr\u00f3xima temporada e refor\u00e7a a conex\u00e3o hist\u00f3rica da marca com o automobilismo mundial \u2014 uma rela\u00e7\u00e3o que remonta ao seu fundador, Louis Chevrolet, piloto e entusiasta de engenharia de alta performance.<\/p>\n<p><strong>Uma parceria que celebra 100 anos de Chevrolet no Brasil<br \/>\n<\/strong>O an\u00fancio acontece em um momento simb\u00f3lico para a companhia. Em 2025, a Chevrolet completa 100 anos de atua\u00e7\u00e3o no mercado brasileiro, com trajet\u00f3ria marcada por inova\u00e7\u00e3o industrial, produtos ic\u00f4nicos, avan\u00e7os tecnol\u00f3gicos e uma rela\u00e7\u00e3o emocional consolidada com milh\u00f5es de consumidores.<\/p>\n<p>Ao escolher a F\u00f3rmula 1 como plataforma estrat\u00e9gica, a marca refor\u00e7a sua presen\u00e7a em um esporte que, historicamente, impulsionou tend\u00eancias, movimentou culturas e mobilizou audi\u00eancias em escala global.<\/p>\n<p><strong>Retorno da F1 \u00e0 Globo fortalece conex\u00e3o com o p\u00fablico brasileiro<br \/>\n<\/strong>A temporada 2026 marca o retorno da F\u00f3rmula 1 \u00e0 TV Globo, em um cen\u00e1rio de profundas transforma\u00e7\u00f5es tecnol\u00f3gicas na categoria. A nova fase inclui motores h\u00edbridos mais eficientes, regulamenta\u00e7\u00f5es renovadas, maior foco em sustentabilidade e uma gera\u00e7\u00e3o de pilotos jovens que vem ampliando o interesse do p\u00fablico \u2014 entre eles o brasileiro Gabriel Bortoleto, apontado como uma das grandes promessas do grid mundial.<\/p>\n<p>A Chevrolet aposta que essa combina\u00e7\u00e3o cria um ambiente ideal para fortalecer sua imagem, reposicionando a marca junto \u00e0s novas audi\u00eancias e mantendo v\u00ednculos com consumidores tradicionais.<\/p>\n<p><strong>Cobertura multiplataforma: TV aberta, canais pagos, streaming e redes sociais<\/strong><\/p>\n<p>O pacote de m\u00eddia firmado com a Globo contempla transmiss\u00f5es em TV aberta, TV por assinatura, streaming e ecossistema digital. O projeto prev\u00ea:<\/p>\n<ul>\n<li>15 Grandes Pr\u00eamios ao vivo na TV Globo;<\/li>\n<li>Cobertura integral da temporada no Sportv, incluindo treinos livres, classificat\u00f3rios, sprints e reprises;<\/li>\n<li>Simulcast no Globoplay;<\/li>\n<li>Amplia\u00e7\u00e3o editorial no ge.globo;<\/li>\n<li>Conte\u00fados cont\u00ednuos nas redes sociais da Globo;<\/li>\n<li>Quadros especiais, s\u00e9ries in\u00e9ditas e programa semanal dedicado \u00e0 F\u00f3rmula 1.<\/li>\n<\/ul>\n<p>De acordo com dados da Globo, plataformas como ge.globo, Globoplay e redes propriet\u00e1rias ultrapassaram 7,7 bilh\u00f5es de videoviews e 11,5 bilh\u00f5es de impress\u00f5es em um \u00fanico semestre \u2014 n\u00fameros que refor\u00e7am o enorme potencial de engajamento da categoria no ambiente digital.<\/p>\n","protected":false},"excerpt":{"rendered":"<p>A Chevrolet anunciou que ser\u00e1 uma das patrocinadoras oficiais da cobertura da F\u00f3rmula 1 em 2026, ano em que a categoria retorna \u00e0 programa\u00e7\u00e3o da Globo. O acordo marca a entrada da montadora em um dos maiores movimentos esportivos da pr\u00f3xima temporada e refor\u00e7a a conex\u00e3o hist\u00f3rica da marca com o automobilismo mundial \u2014 uma [&hellip;]<\/p>\n","protected":false},"author":1,"featured_media":58635,"comment_status":"open","ping_status":"open","sticky":false,"template":"","format":"standard","meta":{"tdm_status":"","tdm_grid_status":"","footnotes":""},"categories":[6],"tags":[10752,315,10745,4091,10751,10748,215,10747,10749,194,10742,10744,10746,10743,10750],"class_list":["post-58634","post","type-post","status-publish","format-standard","has-post-thumbnail","hentry","category-noticias","tag-automobilismo-brasil","tag-chevrolet","tag-chevrolet-100-anos-brasil","tag-formula-1","tag-gabriel-bortoleto","tag-ge-globo","tag-globo","tag-globoplay-formula-1","tag-gustavo-aguiar-gm","tag-marketing-esportivo","tag-patrocinio-chevrolet-f1","tag-retorno-da-f1-a-globo","tag-sportv-formula-1","tag-temporada-2026-f1","tag-transmissao-f1-2026"],"yoast_head":"<!-- This site is optimized with the Yoast SEO plugin v27.5 - https:\/\/yoast.com\/product\/yoast-seo-wordpress\/ -->\n<title>Chevrolet fecha patroc\u00ednio para cobertura da F\u00f3rmula 1 na Globo - CidadeMarketing<\/title>\n<meta name=\"description\" content=\"A Chevrolet fecha patroc\u00ednio da cobertura da F\u00f3rmula 1 na Globo a partir de 2026, ano em que a categoria retorna \u00e0 emissora. A parceria refor\u00e7a os 100 anos da marca no Brasil e amplia sua presen\u00e7a no esporte com transmiss\u00f5es na TV aberta, Sportv, Globoplay e plataformas digitais.\" \/>\n<meta name=\"robots\" content=\"index, follow, max-snippet:-1, max-image-preview:large, max-video-preview:-1\" \/>\n<link rel=\"canonical\" href=\"https:\/\/www.cidademarketing.com.br\/marketing\/2025\/12\/09\/chevrolet-fecha-patrocinio-para-cobertura-da-formula-1-na-globo\/\" \/>\n<meta property=\"og:locale\" content=\"pt_BR\" \/>\n<meta property=\"og:type\" content=\"article\" \/>\n<meta property=\"og:title\" content=\"Chevrolet fecha patroc\u00ednio para cobertura da F\u00f3rmula 1 na Globo - CidadeMarketing\" \/>\n<meta property=\"og:description\" content=\"A Chevrolet fecha patroc\u00ednio da cobertura da F\u00f3rmula 1 na Globo a partir de 2026, ano em que a categoria retorna \u00e0 emissora. A parceria refor\u00e7a os 100 anos da marca no Brasil e amplia sua presen\u00e7a no esporte com transmiss\u00f5es na TV aberta, Sportv, Globoplay e plataformas digitais.\" \/>\n<meta property=\"og:url\" content=\"https:\/\/www.cidademarketing.com.br\/marketing\/2025\/12\/09\/chevrolet-fecha-patrocinio-para-cobertura-da-formula-1-na-globo\/\" \/>\n<meta property=\"og:site_name\" content=\"CidadeMarketing\" \/>\n<meta property=\"article:publisher\" content=\"https:\/\/www.facebook.com\/portalcidademarketing\" \/>\n<meta property=\"article:author\" content=\"https:\/\/www.facebook.com\/thalesbrandao\" \/>\n<meta property=\"article:published_time\" content=\"2025-12-09T20:12:59+00:00\" \/>\n<meta property=\"og:image\" content=\"https:\/\/www.cidademarketing.com.br\/marketing\/wp-content\/uploads\/2025\/12\/chevrolet_f1_patrocinio_tvglobo.jpg\" \/>\n\t<meta property=\"og:image:width\" content=\"800\" \/>\n\t<meta property=\"og:image:height\" content=\"533\" \/>\n\t<meta property=\"og:image:type\" content=\"image\/jpeg\" \/>\n<meta name=\"author\" content=\"Thales Brand\u00e3o\" \/>\n<meta name=\"twitter:card\" content=\"summary_large_image\" \/>\n<meta name=\"twitter:creator\" content=\"@http:\/\/www.twitter.com\/thalesbrandao\" \/>\n<meta name=\"twitter:site\" content=\"@CidadeMarketing\" \/>\n<meta name=\"twitter:label1\" content=\"Escrito por\" \/>\n\t<meta name=\"twitter:data1\" content=\"Thales Brand\u00e3o\" \/>\n\t<meta name=\"twitter:label2\" content=\"Est. tempo de leitura\" \/>\n\t<meta name=\"twitter:data2\" content=\"3 minutos\" \/>\n<script type=\"application\/ld+json\" class=\"yoast-schema-graph\">{\"@context\":\"https:\\\/\\\/schema.org\",\"@graph\":[{\"@type\":\"Article\",\"@id\":\"https:\\\/\\\/www.cidademarketing.com.br\\\/marketing\\\/2025\\\/12\\\/09\\\/chevrolet-fecha-patrocinio-para-cobertura-da-formula-1-na-globo\\\/#article\",\"isPartOf\":{\"@id\":\"https:\\\/\\\/www.cidademarketing.com.br\\\/marketing\\\/2025\\\/12\\\/09\\\/chevrolet-fecha-patrocinio-para-cobertura-da-formula-1-na-globo\\\/\"},\"author\":{\"name\":\"Thales Brand\u00e3o\",\"@id\":\"https:\\\/\\\/www.cidademarketing.com.br\\\/marketing\\\/#\\\/schema\\\/person\\\/02daff9f18bd9378c9e01eb6b2db155f\"},\"headline\":\"Chevrolet fecha patroc\u00ednio para cobertura da F\u00f3rmula 1 na Globo\",\"datePublished\":\"2025-12-09T20:12:59+00:00\",\"mainEntityOfPage\":{\"@id\":\"https:\\\/\\\/www.cidademarketing.com.br\\\/marketing\\\/2025\\\/12\\\/09\\\/chevrolet-fecha-patrocinio-para-cobertura-da-formula-1-na-globo\\\/\"},\"wordCount\":418,\"commentCount\":0,\"publisher\":{\"@id\":\"https:\\\/\\\/www.cidademarketing.com.br\\\/marketing\\\/#organization\"},\"image\":{\"@id\":\"https:\\\/\\\/www.cidademarketing.com.br\\\/marketing\\\/2025\\\/12\\\/09\\\/chevrolet-fecha-patrocinio-para-cobertura-da-formula-1-na-globo\\\/#primaryimage\"},\"thumbnailUrl\":\"https:\\\/\\\/www.cidademarketing.com.br\\\/marketing\\\/wp-content\\\/uploads\\\/2025\\\/12\\\/chevrolet_f1_patrocinio_tvglobo.jpg\",\"keywords\":[\"automobilismo Brasil\",\"Chevrolet\",\"Chevrolet 100 anos Brasil\",\"F\u00f3rmula 1\",\"Gabriel Bortoleto\",\"ge.globo\",\"Globo\",\"Globoplay F\u00f3rmula 1\",\"Gustavo Aguiar GM\",\"marketing esportivo\",\"patroc\u00ednio Chevrolet F1\",\"retorno da F1 \u00e0 Globo\",\"Sportv F\u00f3rmula 1\",\"temporada 2026 F1\",\"transmiss\u00e3o F1 2026\"],\"articleSection\":[\"Not\u00edcias\"],\"inLanguage\":\"pt-BR\",\"potentialAction\":[{\"@type\":\"CommentAction\",\"name\":\"Comment\",\"target\":[\"https:\\\/\\\/www.cidademarketing.com.br\\\/marketing\\\/2025\\\/12\\\/09\\\/chevrolet-fecha-patrocinio-para-cobertura-da-formula-1-na-globo\\\/#respond\"]}]},{\"@type\":\"WebPage\",\"@id\":\"https:\\\/\\\/www.cidademarketing.com.br\\\/marketing\\\/2025\\\/12\\\/09\\\/chevrolet-fecha-patrocinio-para-cobertura-da-formula-1-na-globo\\\/\",\"url\":\"https:\\\/\\\/www.cidademarketing.com.br\\\/marketing\\\/2025\\\/12\\\/09\\\/chevrolet-fecha-patrocinio-para-cobertura-da-formula-1-na-globo\\\/\",\"name\":\"Chevrolet fecha patroc\u00ednio para cobertura da F\u00f3rmula 1 na Globo - CidadeMarketing\",\"isPartOf\":{\"@id\":\"https:\\\/\\\/www.cidademarketing.com.br\\\/marketing\\\/#website\"},\"primaryImageOfPage\":{\"@id\":\"https:\\\/\\\/www.cidademarketing.com.br\\\/marketing\\\/2025\\\/12\\\/09\\\/chevrolet-fecha-patrocinio-para-cobertura-da-formula-1-na-globo\\\/#primaryimage\"},\"image\":{\"@id\":\"https:\\\/\\\/www.cidademarketing.com.br\\\/marketing\\\/2025\\\/12\\\/09\\\/chevrolet-fecha-patrocinio-para-cobertura-da-formula-1-na-globo\\\/#primaryimage\"},\"thumbnailUrl\":\"https:\\\/\\\/www.cidademarketing.com.br\\\/marketing\\\/wp-content\\\/uploads\\\/2025\\\/12\\\/chevrolet_f1_patrocinio_tvglobo.jpg\",\"datePublished\":\"2025-12-09T20:12:59+00:00\",\"description\":\"A Chevrolet fecha patroc\u00ednio da cobertura da F\u00f3rmula 1 na Globo a partir de 2026, ano em que a categoria retorna \u00e0 emissora. A parceria refor\u00e7a os 100 anos da marca no Brasil e amplia sua presen\u00e7a no esporte com transmiss\u00f5es na TV aberta, Sportv, Globoplay e plataformas digitais.\",\"breadcrumb\":{\"@id\":\"https:\\\/\\\/www.cidademarketing.com.br\\\/marketing\\\/2025\\\/12\\\/09\\\/chevrolet-fecha-patrocinio-para-cobertura-da-formula-1-na-globo\\\/#breadcrumb\"},\"inLanguage\":\"pt-BR\",\"potentialAction\":[{\"@type\":\"ReadAction\",\"target\":[\"https:\\\/\\\/www.cidademarketing.com.br\\\/marketing\\\/2025\\\/12\\\/09\\\/chevrolet-fecha-patrocinio-para-cobertura-da-formula-1-na-globo\\\/\"]}]},{\"@type\":\"ImageObject\",\"inLanguage\":\"pt-BR\",\"@id\":\"https:\\\/\\\/www.cidademarketing.com.br\\\/marketing\\\/2025\\\/12\\\/09\\\/chevrolet-fecha-patrocinio-para-cobertura-da-formula-1-na-globo\\\/#primaryimage\",\"url\":\"https:\\\/\\\/www.cidademarketing.com.br\\\/marketing\\\/wp-content\\\/uploads\\\/2025\\\/12\\\/chevrolet_f1_patrocinio_tvglobo.jpg\",\"contentUrl\":\"https:\\\/\\\/www.cidademarketing.com.br\\\/marketing\\\/wp-content\\\/uploads\\\/2025\\\/12\\\/chevrolet_f1_patrocinio_tvglobo.jpg\",\"width\":800,\"height\":533,\"caption\":\"Divulga\u00e7\u00e3o\"},{\"@type\":\"BreadcrumbList\",\"@id\":\"https:\\\/\\\/www.cidademarketing.com.br\\\/marketing\\\/2025\\\/12\\\/09\\\/chevrolet-fecha-patrocinio-para-cobertura-da-formula-1-na-globo\\\/#breadcrumb\",\"itemListElement\":[{\"@type\":\"ListItem\",\"position\":1,\"name\":\"In\u00edcio\",\"item\":\"https:\\\/\\\/www.cidademarketing.com.br\\\/marketing\\\/\"},{\"@type\":\"ListItem\",\"position\":2,\"name\":\"Chevrolet fecha patroc\u00ednio para cobertura da F\u00f3rmula 1 na Globo\"}]},{\"@type\":\"WebSite\",\"@id\":\"https:\\\/\\\/www.cidademarketing.com.br\\\/marketing\\\/#website\",\"url\":\"https:\\\/\\\/www.cidademarketing.com.br\\\/marketing\\\/\",\"name\":\"CidadeMarketing\",\"description\":\"Somos um ve\u00edculo de comunica\u00e7\u00e3o de destaque no Brasil, reconhecido por conte\u00fados nos segmentos de marketing, empreendedorismo e inova\u00e7\u00e3o.\",\"publisher\":{\"@id\":\"https:\\\/\\\/www.cidademarketing.com.br\\\/marketing\\\/#organization\"},\"alternateName\":\"CidadeMarketing\",\"potentialAction\":[{\"@type\":\"SearchAction\",\"target\":{\"@type\":\"EntryPoint\",\"urlTemplate\":\"https:\\\/\\\/www.cidademarketing.com.br\\\/marketing\\\/?s={search_term_string}\"},\"query-input\":{\"@type\":\"PropertyValueSpecification\",\"valueRequired\":true,\"valueName\":\"search_term_string\"}}],\"inLanguage\":\"pt-BR\"},{\"@type\":\"Organization\",\"@id\":\"https:\\\/\\\/www.cidademarketing.com.br\\\/marketing\\\/#organization\",\"name\":\"CidadeMarketing\",\"alternateName\":\"CidadeMarketing\",\"url\":\"https:\\\/\\\/www.cidademarketing.com.br\\\/marketing\\\/\",\"logo\":{\"@type\":\"ImageObject\",\"inLanguage\":\"pt-BR\",\"@id\":\"https:\\\/\\\/www.cidademarketing.com.br\\\/marketing\\\/#\\\/schema\\\/logo\\\/image\\\/\",\"url\":\"https:\\\/\\\/www.cidademarketing.com.br\\\/marketing\\\/wp-content\\\/uploads\\\/2020\\\/01\\\/cidademarketing_marca_mobile.png\",\"contentUrl\":\"https:\\\/\\\/www.cidademarketing.com.br\\\/marketing\\\/wp-content\\\/uploads\\\/2020\\\/01\\\/cidademarketing_marca_mobile.png\",\"width\":230,\"height\":92,\"caption\":\"CidadeMarketing\"},\"image\":{\"@id\":\"https:\\\/\\\/www.cidademarketing.com.br\\\/marketing\\\/#\\\/schema\\\/logo\\\/image\\\/\"},\"sameAs\":[\"https:\\\/\\\/www.facebook.com\\\/portalcidademarketing\",\"https:\\\/\\\/x.com\\\/CidadeMarketing\",\"https:\\\/\\\/www.instagram.com\\\/cidademarketing\\\/\"]},{\"@type\":\"Person\",\"@id\":\"https:\\\/\\\/www.cidademarketing.com.br\\\/marketing\\\/#\\\/schema\\\/person\\\/02daff9f18bd9378c9e01eb6b2db155f\",\"name\":\"Thales Brand\u00e3o\",\"image\":{\"@type\":\"ImageObject\",\"inLanguage\":\"pt-BR\",\"@id\":\"https:\\\/\\\/secure.gravatar.com\\\/avatar\\\/7ca3206950207cc3cb48feec56a8a7898741ab725c368d99d5d7a5a50aab80c6?s=96&d=mm&r=g\",\"url\":\"https:\\\/\\\/secure.gravatar.com\\\/avatar\\\/7ca3206950207cc3cb48feec56a8a7898741ab725c368d99d5d7a5a50aab80c6?s=96&d=mm&r=g\",\"contentUrl\":\"https:\\\/\\\/secure.gravatar.com\\\/avatar\\\/7ca3206950207cc3cb48feec56a8a7898741ab725c368d99d5d7a5a50aab80c6?s=96&d=mm&r=g\",\"caption\":\"Thales Brand\u00e3o\"},\"description\":\"Editor Executivo do Portal CidadeMarketing.com.br &gt; Mestre em Comunica\u00e7\u00e3o e Sociedade pela Universidade Federal de Sergipe. Possui MBA Executivo em Administra\u00e7\u00e3o com \u00eanfase em Marketing pela Funda\u00e7\u00e3o Get\u00falio Vargas - Rio de Janeiro. Consultor, Palestrante e Pesquisador sobre Empreendedorismo, Marketing, Redes Sociais e Neg\u00f3cios Digitais. Professor, Palestrante TedxTalks e Campus Party. Twitter: @ThalesBrandao\",\"sameAs\":[\"http:\\\/\\\/www.mandacaru.com.br\",\"https:\\\/\\\/www.facebook.com\\\/thalesbrandao\",\"http:\\\/\\\/www.instagram.com.br\\\/thalesbrandaoferreira\",\"https:\\\/\\\/www.linkedin.com\\\/in\\\/thales-brand\u00e3o-3948609\\\/\",\"https:\\\/\\\/x.com\\\/http:\\\/\\\/www.twitter.com\\\/thalesbrandao\"],\"url\":\"https:\\\/\\\/www.cidademarketing.com.br\\\/marketing\\\/author\\\/thalesbrandao\\\/\"}]}<\/script>\n<!-- \/ Yoast SEO plugin. -->","yoast_head_json":{"title":"Chevrolet fecha patroc\u00ednio para cobertura da F\u00f3rmula 1 na Globo - CidadeMarketing","description":"A Chevrolet fecha patroc\u00ednio da cobertura da F\u00f3rmula 1 na Globo a partir de 2026, ano em que a categoria retorna \u00e0 emissora. A parceria refor\u00e7a os 100 anos da marca no Brasil e amplia sua presen\u00e7a no esporte com transmiss\u00f5es na TV aberta, Sportv, Globoplay e plataformas digitais.","robots":{"index":"index","follow":"follow","max-snippet":"max-snippet:-1","max-image-preview":"max-image-preview:large","max-video-preview":"max-video-preview:-1"},"canonical":"https:\/\/www.cidademarketing.com.br\/marketing\/2025\/12\/09\/chevrolet-fecha-patrocinio-para-cobertura-da-formula-1-na-globo\/","og_locale":"pt_BR","og_type":"article","og_title":"Chevrolet fecha patroc\u00ednio para cobertura da F\u00f3rmula 1 na Globo - CidadeMarketing","og_description":"A Chevrolet fecha patroc\u00ednio da cobertura da F\u00f3rmula 1 na Globo a partir de 2026, ano em que a categoria retorna \u00e0 emissora. A parceria refor\u00e7a os 100 anos da marca no Brasil e amplia sua presen\u00e7a no esporte com transmiss\u00f5es na TV aberta, Sportv, Globoplay e plataformas digitais.","og_url":"https:\/\/www.cidademarketing.com.br\/marketing\/2025\/12\/09\/chevrolet-fecha-patrocinio-para-cobertura-da-formula-1-na-globo\/","og_site_name":"CidadeMarketing","article_publisher":"https:\/\/www.facebook.com\/portalcidademarketing","article_author":"https:\/\/www.facebook.com\/thalesbrandao","article_published_time":"2025-12-09T20:12:59+00:00","og_image":[{"width":800,"height":533,"url":"https:\/\/www.cidademarketing.com.br\/marketing\/wp-content\/uploads\/2025\/12\/chevrolet_f1_patrocinio_tvglobo.jpg","type":"image\/jpeg"}],"author":"Thales Brand\u00e3o","twitter_card":"summary_large_image","twitter_creator":"@http:\/\/www.twitter.com\/thalesbrandao","twitter_site":"@CidadeMarketing","twitter_misc":{"Escrito por":"Thales Brand\u00e3o","Est. tempo de leitura":"3 minutos"},"schema":{"@context":"https:\/\/schema.org","@graph":[{"@type":"Article","@id":"https:\/\/www.cidademarketing.com.br\/marketing\/2025\/12\/09\/chevrolet-fecha-patrocinio-para-cobertura-da-formula-1-na-globo\/#article","isPartOf":{"@id":"https:\/\/www.cidademarketing.com.br\/marketing\/2025\/12\/09\/chevrolet-fecha-patrocinio-para-cobertura-da-formula-1-na-globo\/"},"author":{"name":"Thales Brand\u00e3o","@id":"https:\/\/www.cidademarketing.com.br\/marketing\/#\/schema\/person\/02daff9f18bd9378c9e01eb6b2db155f"},"headline":"Chevrolet fecha patroc\u00ednio para cobertura da F\u00f3rmula 1 na Globo","datePublished":"2025-12-09T20:12:59+00:00","mainEntityOfPage":{"@id":"https:\/\/www.cidademarketing.com.br\/marketing\/2025\/12\/09\/chevrolet-fecha-patrocinio-para-cobertura-da-formula-1-na-globo\/"},"wordCount":418,"commentCount":0,"publisher":{"@id":"https:\/\/www.cidademarketing.com.br\/marketing\/#organization"},"image":{"@id":"https:\/\/www.cidademarketing.com.br\/marketing\/2025\/12\/09\/chevrolet-fecha-patrocinio-para-cobertura-da-formula-1-na-globo\/#primaryimage"},"thumbnailUrl":"https:\/\/www.cidademarketing.com.br\/marketing\/wp-content\/uploads\/2025\/12\/chevrolet_f1_patrocinio_tvglobo.jpg","keywords":["automobilismo Brasil","Chevrolet","Chevrolet 100 anos Brasil","F\u00f3rmula 1","Gabriel Bortoleto","ge.globo","Globo","Globoplay F\u00f3rmula 1","Gustavo Aguiar GM","marketing esportivo","patroc\u00ednio Chevrolet F1","retorno da F1 \u00e0 Globo","Sportv F\u00f3rmula 1","temporada 2026 F1","transmiss\u00e3o F1 2026"],"articleSection":["Not\u00edcias"],"inLanguage":"pt-BR","potentialAction":[{"@type":"CommentAction","name":"Comment","target":["https:\/\/www.cidademarketing.com.br\/marketing\/2025\/12\/09\/chevrolet-fecha-patrocinio-para-cobertura-da-formula-1-na-globo\/#respond"]}]},{"@type":"WebPage","@id":"https:\/\/www.cidademarketing.com.br\/marketing\/2025\/12\/09\/chevrolet-fecha-patrocinio-para-cobertura-da-formula-1-na-globo\/","url":"https:\/\/www.cidademarketing.com.br\/marketing\/2025\/12\/09\/chevrolet-fecha-patrocinio-para-cobertura-da-formula-1-na-globo\/","name":"Chevrolet fecha patroc\u00ednio para cobertura da F\u00f3rmula 1 na Globo - CidadeMarketing","isPartOf":{"@id":"https:\/\/www.cidademarketing.com.br\/marketing\/#website"},"primaryImageOfPage":{"@id":"https:\/\/www.cidademarketing.com.br\/marketing\/2025\/12\/09\/chevrolet-fecha-patrocinio-para-cobertura-da-formula-1-na-globo\/#primaryimage"},"image":{"@id":"https:\/\/www.cidademarketing.com.br\/marketing\/2025\/12\/09\/chevrolet-fecha-patrocinio-para-cobertura-da-formula-1-na-globo\/#primaryimage"},"thumbnailUrl":"https:\/\/www.cidademarketing.com.br\/marketing\/wp-content\/uploads\/2025\/12\/chevrolet_f1_patrocinio_tvglobo.jpg","datePublished":"2025-12-09T20:12:59+00:00","description":"A Chevrolet fecha patroc\u00ednio da cobertura da F\u00f3rmula 1 na Globo a partir de 2026, ano em que a categoria retorna \u00e0 emissora. A parceria refor\u00e7a os 100 anos da marca no Brasil e amplia sua presen\u00e7a no esporte com transmiss\u00f5es na TV aberta, Sportv, Globoplay e plataformas digitais.","breadcrumb":{"@id":"https:\/\/www.cidademarketing.com.br\/marketing\/2025\/12\/09\/chevrolet-fecha-patrocinio-para-cobertura-da-formula-1-na-globo\/#breadcrumb"},"inLanguage":"pt-BR","potentialAction":[{"@type":"ReadAction","target":["https:\/\/www.cidademarketing.com.br\/marketing\/2025\/12\/09\/chevrolet-fecha-patrocinio-para-cobertura-da-formula-1-na-globo\/"]}]},{"@type":"ImageObject","inLanguage":"pt-BR","@id":"https:\/\/www.cidademarketing.com.br\/marketing\/2025\/12\/09\/chevrolet-fecha-patrocinio-para-cobertura-da-formula-1-na-globo\/#primaryimage","url":"https:\/\/www.cidademarketing.com.br\/marketing\/wp-content\/uploads\/2025\/12\/chevrolet_f1_patrocinio_tvglobo.jpg","contentUrl":"https:\/\/www.cidademarketing.com.br\/marketing\/wp-content\/uploads\/2025\/12\/chevrolet_f1_patrocinio_tvglobo.jpg","width":800,"height":533,"caption":"Divulga\u00e7\u00e3o"},{"@type":"BreadcrumbList","@id":"https:\/\/www.cidademarketing.com.br\/marketing\/2025\/12\/09\/chevrolet-fecha-patrocinio-para-cobertura-da-formula-1-na-globo\/#breadcrumb","itemListElement":[{"@type":"ListItem","position":1,"name":"In\u00edcio","item":"https:\/\/www.cidademarketing.com.br\/marketing\/"},{"@type":"ListItem","position":2,"name":"Chevrolet fecha patroc\u00ednio para cobertura da F\u00f3rmula 1 na Globo"}]},{"@type":"WebSite","@id":"https:\/\/www.cidademarketing.com.br\/marketing\/#website","url":"https:\/\/www.cidademarketing.com.br\/marketing\/","name":"CidadeMarketing","description":"Somos um ve\u00edculo de comunica\u00e7\u00e3o de destaque no Brasil, reconhecido por conte\u00fados nos segmentos de marketing, empreendedorismo e inova\u00e7\u00e3o.","publisher":{"@id":"https:\/\/www.cidademarketing.com.br\/marketing\/#organization"},"alternateName":"CidadeMarketing","potentialAction":[{"@type":"SearchAction","target":{"@type":"EntryPoint","urlTemplate":"https:\/\/www.cidademarketing.com.br\/marketing\/?s={search_term_string}"},"query-input":{"@type":"PropertyValueSpecification","valueRequired":true,"valueName":"search_term_string"}}],"inLanguage":"pt-BR"},{"@type":"Organization","@id":"https:\/\/www.cidademarketing.com.br\/marketing\/#organization","name":"CidadeMarketing","alternateName":"CidadeMarketing","url":"https:\/\/www.cidademarketing.com.br\/marketing\/","logo":{"@type":"ImageObject","inLanguage":"pt-BR","@id":"https:\/\/www.cidademarketing.com.br\/marketing\/#\/schema\/logo\/image\/","url":"https:\/\/www.cidademarketing.com.br\/marketing\/wp-content\/uploads\/2020\/01\/cidademarketing_marca_mobile.png","contentUrl":"https:\/\/www.cidademarketing.com.br\/marketing\/wp-content\/uploads\/2020\/01\/cidademarketing_marca_mobile.png","width":230,"height":92,"caption":"CidadeMarketing"},"image":{"@id":"https:\/\/www.cidademarketing.com.br\/marketing\/#\/schema\/logo\/image\/"},"sameAs":["https:\/\/www.facebook.com\/portalcidademarketing","https:\/\/x.com\/CidadeMarketing","https:\/\/www.instagram.com\/cidademarketing\/"]},{"@type":"Person","@id":"https:\/\/www.cidademarketing.com.br\/marketing\/#\/schema\/person\/02daff9f18bd9378c9e01eb6b2db155f","name":"Thales Brand\u00e3o","image":{"@type":"ImageObject","inLanguage":"pt-BR","@id":"https:\/\/secure.gravatar.com\/avatar\/7ca3206950207cc3cb48feec56a8a7898741ab725c368d99d5d7a5a50aab80c6?s=96&d=mm&r=g","url":"https:\/\/secure.gravatar.com\/avatar\/7ca3206950207cc3cb48feec56a8a7898741ab725c368d99d5d7a5a50aab80c6?s=96&d=mm&r=g","contentUrl":"https:\/\/secure.gravatar.com\/avatar\/7ca3206950207cc3cb48feec56a8a7898741ab725c368d99d5d7a5a50aab80c6?s=96&d=mm&r=g","caption":"Thales Brand\u00e3o"},"description":"Editor Executivo do Portal CidadeMarketing.com.br &gt; Mestre em Comunica\u00e7\u00e3o e Sociedade pela Universidade Federal de Sergipe. Possui MBA Executivo em Administra\u00e7\u00e3o com \u00eanfase em Marketing pela Funda\u00e7\u00e3o Get\u00falio Vargas - Rio de Janeiro. Consultor, Palestrante e Pesquisador sobre Empreendedorismo, Marketing, Redes Sociais e Neg\u00f3cios Digitais. Professor, Palestrante TedxTalks e Campus Party. Twitter: @ThalesBrandao","sameAs":["http:\/\/www.mandacaru.com.br","https:\/\/www.facebook.com\/thalesbrandao","http:\/\/www.instagram.com.br\/thalesbrandaoferreira","https:\/\/www.linkedin.com\/in\/thales-brand\u00e3o-3948609\/","https:\/\/x.com\/http:\/\/www.twitter.com\/thalesbrandao"],"url":"https:\/\/www.cidademarketing.com.br\/marketing\/author\/thalesbrandao\/"}]}},"amp_enabled":true,"_links":{"self":[{"href":"https:\/\/www.cidademarketing.com.br\/marketing\/wp-json\/wp\/v2\/posts\/58634","targetHints":{"allow":["GET"]}}],"collection":[{"href":"https:\/\/www.cidademarketing.com.br\/marketing\/wp-json\/wp\/v2\/posts"}],"about":[{"href":"https:\/\/www.cidademarketing.com.br\/marketing\/wp-json\/wp\/v2\/types\/post"}],"author":[{"embeddable":true,"href":"https:\/\/www.cidademarketing.com.br\/marketing\/wp-json\/wp\/v2\/users\/1"}],"replies":[{"embeddable":true,"href":"https:\/\/www.cidademarketing.com.br\/marketing\/wp-json\/wp\/v2\/comments?post=58634"}],"version-history":[{"count":1,"href":"https:\/\/www.cidademarketing.com.br\/marketing\/wp-json\/wp\/v2\/posts\/58634\/revisions"}],"predecessor-version":[{"id":58636,"href":"https:\/\/www.cidademarketing.com.br\/marketing\/wp-json\/wp\/v2\/posts\/58634\/revisions\/58636"}],"wp:featuredmedia":[{"embeddable":true,"href":"https:\/\/www.cidademarketing.com.br\/marketing\/wp-json\/wp\/v2\/media\/58635"}],"wp:attachment":[{"href":"https:\/\/www.cidademarketing.com.br\/marketing\/wp-json\/wp\/v2\/media?parent=58634"}],"wp:term":[{"taxonomy":"category","embeddable":true,"href":"https:\/\/www.cidademarketing.com.br\/marketing\/wp-json\/wp\/v2\/categories?post=58634"},{"taxonomy":"post_tag","embeddable":true,"href":"https:\/\/www.cidademarketing.com.br\/marketing\/wp-json\/wp\/v2\/tags?post=58634"}],"curies":[{"name":"wp","href":"https:\/\/api.w.org\/{rel}","templated":true}]}}