{"id":58623,"date":"2025-12-09T12:25:18","date_gmt":"2025-12-09T15:25:18","guid":{"rendered":"https:\/\/www.cidademarketing.com.br\/marketing\/?p=58623"},"modified":"2025-12-09T12:25:18","modified_gmt":"2025-12-09T15:25:18","slug":"fiat-usa-final-do-brasileirao-na-tv-globo-para-celebrar-seu-pentacampeonato-de-vendas","status":"publish","type":"post","link":"https:\/\/www.cidademarketing.com.br\/marketing\/2025\/12\/09\/fiat-usa-final-do-brasileirao-na-tv-globo-para-celebrar-seu-pentacampeonato-de-vendas\/","title":{"rendered":"Fiat usa final do Brasileir\u00e3o na TV Globo para celebrar seu pentacampeonato de vendas"},"content":{"rendered":"<p>A Fiat uniu as duas paix\u00f5es dos brasileiros \u2013 carro e futebol \u2013 para celebrar o pentacampeonato em vendas, t\u00edtulo que celebra a lideran\u00e7a da marca no mercado automotivo brasileiro nos \u00faltimos cinco anos. Durante a final do Brasileir\u00e3o na TV Globo, no \u00faltimo domingo (7), a Fiat apresentou uma a\u00e7\u00e3o, desenvolvida em parceria com a Leo, para refor\u00e7ar a consist\u00eancia da marca no pa\u00eds.<\/p>\n<p>Ap\u00f3s o an\u00fancio do campe\u00e3o de 2025, o narrador destacou que, al\u00e9m do vencedor em campo, existe um campe\u00e3o invicto nos \u00faltimos cinco anos: a Fiat. Em seguida, a transmiss\u00e3o exibiu uma anima\u00e7\u00e3o gr\u00e1fica revelando a sequ\u00eancia de lideran\u00e7a da montadora e convidando o p\u00fablico, via QR Code, a conhecer os modelos respons\u00e1veis por esse desempenho.<\/p>\n<p>A iniciativa nasceu da leitura de que a rodada final do Brasileir\u00e3o \u00e9 um momento de forte emo\u00e7\u00e3o coletiva, e oportunidade ideal para refor\u00e7ar marcos culturais e de performance de marca. \u201cO Brasil vive o futebol de um jeito \u00fanico e decidimos aproveitar essa energia para celebrar uma conquista muito significativa: cinco anos seguidos na lideran\u00e7a de vendas. Esse resultado reflete a for\u00e7a da marca Fiat, a competitividade do nosso portf\u00f3lio e, principalmente, a rela\u00e7\u00e3o de confian\u00e7a com o consumidor brasileiro. Transformar esse marco em comunica\u00e7\u00e3o ao vivo foi uma maneira poderosa de dividir essa vit\u00f3ria com o p\u00fablico\u201d, comenta Alessandra Souza, vice-presidente de Marketing &amp; Comunica\u00e7\u00e3o de Marca da Stellantis na Am\u00e9rica do Sul.<\/p>\n<p>Parceira da Fiat h\u00e1 mais de tr\u00eas d\u00e9cadas, a Leo contribui para consolidar essa trajet\u00f3ria de marca com ideias que combinam comportamento, cultura e resultado. Para Sabrina Spinelli, diretora executiva de Neg\u00f3cios da Leo para Fiat, \u201cuma rela\u00e7\u00e3o t\u00e3o longa nos permite entender profundamente o consumidor e seus rituais. Vimos na final do Brasileir\u00e3o um momento culturalmente leg\u00edtimo para trazer um dado de mercado \u00e0 conversa de um jeito simples, direto e emocionante.<\/p>\n<p>Conectar a lideran\u00e7a da Fiat a um territ\u00f3rio t\u00e3o simb\u00f3lico quanto o futebol refor\u00e7a um lugar estrat\u00e9gico para a marca e traduz nosso compromisso em transformar insights em impacto real para a marca\u201d.<br \/>\nAo encerrar 2025 com uma ativa\u00e7\u00e3o que combina timing, leitura de comportamento e linguagem popular, a Fiat reafirma sua consist\u00eancia de mercado e sua capacidade de dialogar com o pa\u00eds de forma contempor\u00e2nea e pr\u00f3xima.<\/p>\n","protected":false},"excerpt":{"rendered":"<p>A Fiat uniu as duas paix\u00f5es dos brasileiros \u2013 carro e futebol \u2013 para celebrar o pentacampeonato em vendas, t\u00edtulo que celebra a lideran\u00e7a da marca no mercado automotivo brasileiro nos \u00faltimos cinco anos. Durante a final do Brasileir\u00e3o na TV Globo, no \u00faltimo domingo (7), a Fiat apresentou uma a\u00e7\u00e3o, desenvolvida em parceria com [&hellip;]<\/p>\n","protected":false},"author":1,"featured_media":58624,"comment_status":"open","ping_status":"open","sticky":false,"template":"","format":"standard","meta":{"tdm_status":"","tdm_grid_status":"","footnotes":""},"categories":[6],"tags":[10712,33,356,28,66,181,1017,301],"class_list":["post-58623","post","type-post","status-publish","format-standard","has-post-thumbnail","hentry","category-noticias","tag-brasileirao-2025","tag-estrategia","tag-fiat","tag-marketing","tag-propaganda","tag-publicidade","tag-tv-globo","tag-vendas"],"yoast_head":"<!-- This site is optimized with the Yoast SEO plugin v27.5 - https:\/\/yoast.com\/product\/yoast-seo-wordpress\/ -->\n<title>Fiat usa final do Brasileir\u00e3o na TV Globo para celebrar seu pentacampeonato de vendas - CidadeMarketing<\/title>\n<meta name=\"description\" content=\"Fiat celebra cinco anos de lideran\u00e7a em vendas com a\u00e7\u00e3o especial na final do Brasileir\u00e3o 2025, unindo futebol e autom\u00f3veis em campanha criada pela Leo.\" \/>\n<meta name=\"robots\" content=\"index, follow, max-snippet:-1, max-image-preview:large, max-video-preview:-1\" \/>\n<link rel=\"canonical\" href=\"https:\/\/www.cidademarketing.com.br\/marketing\/2025\/12\/09\/fiat-usa-final-do-brasileirao-na-tv-globo-para-celebrar-seu-pentacampeonato-de-vendas\/\" \/>\n<meta property=\"og:locale\" content=\"pt_BR\" \/>\n<meta property=\"og:type\" content=\"article\" \/>\n<meta property=\"og:title\" content=\"Fiat usa final do Brasileir\u00e3o na TV Globo para celebrar seu pentacampeonato de vendas - CidadeMarketing\" \/>\n<meta property=\"og:description\" content=\"Fiat celebra cinco anos de lideran\u00e7a em vendas com a\u00e7\u00e3o especial na final do Brasileir\u00e3o 2025, unindo futebol e autom\u00f3veis em campanha criada pela Leo.\" \/>\n<meta property=\"og:url\" content=\"https:\/\/www.cidademarketing.com.br\/marketing\/2025\/12\/09\/fiat-usa-final-do-brasileirao-na-tv-globo-para-celebrar-seu-pentacampeonato-de-vendas\/\" \/>\n<meta property=\"og:site_name\" content=\"CidadeMarketing\" \/>\n<meta property=\"article:publisher\" content=\"https:\/\/www.facebook.com\/portalcidademarketing\" \/>\n<meta property=\"article:author\" content=\"https:\/\/www.facebook.com\/thalesbrandao\" \/>\n<meta property=\"article:published_time\" content=\"2025-12-09T15:25:18+00:00\" \/>\n<meta property=\"og:image\" content=\"https:\/\/www.cidademarketing.com.br\/marketing\/wp-content\/uploads\/2025\/12\/fiat_vendas_brasil.webp\" \/>\n\t<meta property=\"og:image:width\" content=\"559\" \/>\n\t<meta property=\"og:image:height\" content=\"315\" \/>\n\t<meta property=\"og:image:type\" content=\"image\/webp\" \/>\n<meta name=\"author\" content=\"Thales Brand\u00e3o\" \/>\n<meta name=\"twitter:card\" content=\"summary_large_image\" \/>\n<meta name=\"twitter:creator\" content=\"@http:\/\/www.twitter.com\/thalesbrandao\" \/>\n<meta name=\"twitter:site\" content=\"@CidadeMarketing\" \/>\n<meta name=\"twitter:label1\" content=\"Escrito por\" \/>\n\t<meta name=\"twitter:data1\" content=\"Thales Brand\u00e3o\" \/>\n\t<meta name=\"twitter:label2\" content=\"Est. tempo de leitura\" \/>\n\t<meta name=\"twitter:data2\" content=\"3 minutos\" \/>\n<script type=\"application\/ld+json\" class=\"yoast-schema-graph\">{\"@context\":\"https:\\\/\\\/schema.org\",\"@graph\":[{\"@type\":\"Article\",\"@id\":\"https:\\\/\\\/www.cidademarketing.com.br\\\/marketing\\\/2025\\\/12\\\/09\\\/fiat-usa-final-do-brasileirao-na-tv-globo-para-celebrar-seu-pentacampeonato-de-vendas\\\/#article\",\"isPartOf\":{\"@id\":\"https:\\\/\\\/www.cidademarketing.com.br\\\/marketing\\\/2025\\\/12\\\/09\\\/fiat-usa-final-do-brasileirao-na-tv-globo-para-celebrar-seu-pentacampeonato-de-vendas\\\/\"},\"author\":{\"name\":\"Thales Brand\u00e3o\",\"@id\":\"https:\\\/\\\/www.cidademarketing.com.br\\\/marketing\\\/#\\\/schema\\\/person\\\/02daff9f18bd9378c9e01eb6b2db155f\"},\"headline\":\"Fiat usa final do Brasileir\u00e3o na TV Globo para celebrar seu pentacampeonato de vendas\",\"datePublished\":\"2025-12-09T15:25:18+00:00\",\"mainEntityOfPage\":{\"@id\":\"https:\\\/\\\/www.cidademarketing.com.br\\\/marketing\\\/2025\\\/12\\\/09\\\/fiat-usa-final-do-brasileirao-na-tv-globo-para-celebrar-seu-pentacampeonato-de-vendas\\\/\"},\"wordCount\":437,\"commentCount\":0,\"publisher\":{\"@id\":\"https:\\\/\\\/www.cidademarketing.com.br\\\/marketing\\\/#organization\"},\"image\":{\"@id\":\"https:\\\/\\\/www.cidademarketing.com.br\\\/marketing\\\/2025\\\/12\\\/09\\\/fiat-usa-final-do-brasileirao-na-tv-globo-para-celebrar-seu-pentacampeonato-de-vendas\\\/#primaryimage\"},\"thumbnailUrl\":\"https:\\\/\\\/www.cidademarketing.com.br\\\/marketing\\\/wp-content\\\/uploads\\\/2025\\\/12\\\/fiat_vendas_brasil.webp\",\"keywords\":[\"Brasileir\u00e3o 2025\",\"estrat\u00e9gia\",\"Fiat\",\"marketing\",\"propaganda\",\"publicidade\",\"TV Globo\",\"vendas\"],\"articleSection\":[\"Not\u00edcias\"],\"inLanguage\":\"pt-BR\",\"potentialAction\":[{\"@type\":\"CommentAction\",\"name\":\"Comment\",\"target\":[\"https:\\\/\\\/www.cidademarketing.com.br\\\/marketing\\\/2025\\\/12\\\/09\\\/fiat-usa-final-do-brasileirao-na-tv-globo-para-celebrar-seu-pentacampeonato-de-vendas\\\/#respond\"]}]},{\"@type\":\"WebPage\",\"@id\":\"https:\\\/\\\/www.cidademarketing.com.br\\\/marketing\\\/2025\\\/12\\\/09\\\/fiat-usa-final-do-brasileirao-na-tv-globo-para-celebrar-seu-pentacampeonato-de-vendas\\\/\",\"url\":\"https:\\\/\\\/www.cidademarketing.com.br\\\/marketing\\\/2025\\\/12\\\/09\\\/fiat-usa-final-do-brasileirao-na-tv-globo-para-celebrar-seu-pentacampeonato-de-vendas\\\/\",\"name\":\"Fiat usa final do Brasileir\u00e3o na TV Globo para celebrar seu pentacampeonato de vendas - CidadeMarketing\",\"isPartOf\":{\"@id\":\"https:\\\/\\\/www.cidademarketing.com.br\\\/marketing\\\/#website\"},\"primaryImageOfPage\":{\"@id\":\"https:\\\/\\\/www.cidademarketing.com.br\\\/marketing\\\/2025\\\/12\\\/09\\\/fiat-usa-final-do-brasileirao-na-tv-globo-para-celebrar-seu-pentacampeonato-de-vendas\\\/#primaryimage\"},\"image\":{\"@id\":\"https:\\\/\\\/www.cidademarketing.com.br\\\/marketing\\\/2025\\\/12\\\/09\\\/fiat-usa-final-do-brasileirao-na-tv-globo-para-celebrar-seu-pentacampeonato-de-vendas\\\/#primaryimage\"},\"thumbnailUrl\":\"https:\\\/\\\/www.cidademarketing.com.br\\\/marketing\\\/wp-content\\\/uploads\\\/2025\\\/12\\\/fiat_vendas_brasil.webp\",\"datePublished\":\"2025-12-09T15:25:18+00:00\",\"description\":\"Fiat celebra cinco anos de lideran\u00e7a em vendas com a\u00e7\u00e3o especial na final do Brasileir\u00e3o 2025, unindo futebol e autom\u00f3veis em campanha criada pela Leo.\",\"breadcrumb\":{\"@id\":\"https:\\\/\\\/www.cidademarketing.com.br\\\/marketing\\\/2025\\\/12\\\/09\\\/fiat-usa-final-do-brasileirao-na-tv-globo-para-celebrar-seu-pentacampeonato-de-vendas\\\/#breadcrumb\"},\"inLanguage\":\"pt-BR\",\"potentialAction\":[{\"@type\":\"ReadAction\",\"target\":[\"https:\\\/\\\/www.cidademarketing.com.br\\\/marketing\\\/2025\\\/12\\\/09\\\/fiat-usa-final-do-brasileirao-na-tv-globo-para-celebrar-seu-pentacampeonato-de-vendas\\\/\"]}]},{\"@type\":\"ImageObject\",\"inLanguage\":\"pt-BR\",\"@id\":\"https:\\\/\\\/www.cidademarketing.com.br\\\/marketing\\\/2025\\\/12\\\/09\\\/fiat-usa-final-do-brasileirao-na-tv-globo-para-celebrar-seu-pentacampeonato-de-vendas\\\/#primaryimage\",\"url\":\"https:\\\/\\\/www.cidademarketing.com.br\\\/marketing\\\/wp-content\\\/uploads\\\/2025\\\/12\\\/fiat_vendas_brasil.webp\",\"contentUrl\":\"https:\\\/\\\/www.cidademarketing.com.br\\\/marketing\\\/wp-content\\\/uploads\\\/2025\\\/12\\\/fiat_vendas_brasil.webp\",\"width\":559,\"height\":315,\"caption\":\"Divulga\u00e7\u00e3o\"},{\"@type\":\"BreadcrumbList\",\"@id\":\"https:\\\/\\\/www.cidademarketing.com.br\\\/marketing\\\/2025\\\/12\\\/09\\\/fiat-usa-final-do-brasileirao-na-tv-globo-para-celebrar-seu-pentacampeonato-de-vendas\\\/#breadcrumb\",\"itemListElement\":[{\"@type\":\"ListItem\",\"position\":1,\"name\":\"In\u00edcio\",\"item\":\"https:\\\/\\\/www.cidademarketing.com.br\\\/marketing\\\/\"},{\"@type\":\"ListItem\",\"position\":2,\"name\":\"Fiat usa final do Brasileir\u00e3o na TV Globo para celebrar seu pentacampeonato de vendas\"}]},{\"@type\":\"WebSite\",\"@id\":\"https:\\\/\\\/www.cidademarketing.com.br\\\/marketing\\\/#website\",\"url\":\"https:\\\/\\\/www.cidademarketing.com.br\\\/marketing\\\/\",\"name\":\"CidadeMarketing\",\"description\":\"Somos um ve\u00edculo de comunica\u00e7\u00e3o de destaque no Brasil, reconhecido por conte\u00fados nos segmentos de marketing, empreendedorismo e inova\u00e7\u00e3o.\",\"publisher\":{\"@id\":\"https:\\\/\\\/www.cidademarketing.com.br\\\/marketing\\\/#organization\"},\"alternateName\":\"CidadeMarketing\",\"potentialAction\":[{\"@type\":\"SearchAction\",\"target\":{\"@type\":\"EntryPoint\",\"urlTemplate\":\"https:\\\/\\\/www.cidademarketing.com.br\\\/marketing\\\/?s={search_term_string}\"},\"query-input\":{\"@type\":\"PropertyValueSpecification\",\"valueRequired\":true,\"valueName\":\"search_term_string\"}}],\"inLanguage\":\"pt-BR\"},{\"@type\":\"Organization\",\"@id\":\"https:\\\/\\\/www.cidademarketing.com.br\\\/marketing\\\/#organization\",\"name\":\"CidadeMarketing\",\"alternateName\":\"CidadeMarketing\",\"url\":\"https:\\\/\\\/www.cidademarketing.com.br\\\/marketing\\\/\",\"logo\":{\"@type\":\"ImageObject\",\"inLanguage\":\"pt-BR\",\"@id\":\"https:\\\/\\\/www.cidademarketing.com.br\\\/marketing\\\/#\\\/schema\\\/logo\\\/image\\\/\",\"url\":\"https:\\\/\\\/www.cidademarketing.com.br\\\/marketing\\\/wp-content\\\/uploads\\\/2020\\\/01\\\/cidademarketing_marca_mobile.png\",\"contentUrl\":\"https:\\\/\\\/www.cidademarketing.com.br\\\/marketing\\\/wp-content\\\/uploads\\\/2020\\\/01\\\/cidademarketing_marca_mobile.png\",\"width\":230,\"height\":92,\"caption\":\"CidadeMarketing\"},\"image\":{\"@id\":\"https:\\\/\\\/www.cidademarketing.com.br\\\/marketing\\\/#\\\/schema\\\/logo\\\/image\\\/\"},\"sameAs\":[\"https:\\\/\\\/www.facebook.com\\\/portalcidademarketing\",\"https:\\\/\\\/x.com\\\/CidadeMarketing\",\"https:\\\/\\\/www.instagram.com\\\/cidademarketing\\\/\"]},{\"@type\":\"Person\",\"@id\":\"https:\\\/\\\/www.cidademarketing.com.br\\\/marketing\\\/#\\\/schema\\\/person\\\/02daff9f18bd9378c9e01eb6b2db155f\",\"name\":\"Thales Brand\u00e3o\",\"image\":{\"@type\":\"ImageObject\",\"inLanguage\":\"pt-BR\",\"@id\":\"https:\\\/\\\/secure.gravatar.com\\\/avatar\\\/7ca3206950207cc3cb48feec56a8a7898741ab725c368d99d5d7a5a50aab80c6?s=96&d=mm&r=g\",\"url\":\"https:\\\/\\\/secure.gravatar.com\\\/avatar\\\/7ca3206950207cc3cb48feec56a8a7898741ab725c368d99d5d7a5a50aab80c6?s=96&d=mm&r=g\",\"contentUrl\":\"https:\\\/\\\/secure.gravatar.com\\\/avatar\\\/7ca3206950207cc3cb48feec56a8a7898741ab725c368d99d5d7a5a50aab80c6?s=96&d=mm&r=g\",\"caption\":\"Thales Brand\u00e3o\"},\"description\":\"Editor Executivo do Portal CidadeMarketing.com.br &gt; Mestre em Comunica\u00e7\u00e3o e Sociedade pela Universidade Federal de Sergipe. Possui MBA Executivo em Administra\u00e7\u00e3o com \u00eanfase em Marketing pela Funda\u00e7\u00e3o Get\u00falio Vargas - Rio de Janeiro. Consultor, Palestrante e Pesquisador sobre Empreendedorismo, Marketing, Redes Sociais e Neg\u00f3cios Digitais. Professor, Palestrante TedxTalks e Campus Party. Twitter: @ThalesBrandao\",\"sameAs\":[\"http:\\\/\\\/www.mandacaru.com.br\",\"https:\\\/\\\/www.facebook.com\\\/thalesbrandao\",\"http:\\\/\\\/www.instagram.com.br\\\/thalesbrandaoferreira\",\"https:\\\/\\\/www.linkedin.com\\\/in\\\/thales-brand\u00e3o-3948609\\\/\",\"https:\\\/\\\/x.com\\\/http:\\\/\\\/www.twitter.com\\\/thalesbrandao\"],\"url\":\"https:\\\/\\\/www.cidademarketing.com.br\\\/marketing\\\/author\\\/thalesbrandao\\\/\"}]}<\/script>\n<!-- \/ Yoast SEO plugin. -->","yoast_head_json":{"title":"Fiat usa final do Brasileir\u00e3o na TV Globo para celebrar seu pentacampeonato de vendas - CidadeMarketing","description":"Fiat celebra cinco anos de lideran\u00e7a em vendas com a\u00e7\u00e3o especial na final do Brasileir\u00e3o 2025, unindo futebol e autom\u00f3veis em campanha criada pela Leo.","robots":{"index":"index","follow":"follow","max-snippet":"max-snippet:-1","max-image-preview":"max-image-preview:large","max-video-preview":"max-video-preview:-1"},"canonical":"https:\/\/www.cidademarketing.com.br\/marketing\/2025\/12\/09\/fiat-usa-final-do-brasileirao-na-tv-globo-para-celebrar-seu-pentacampeonato-de-vendas\/","og_locale":"pt_BR","og_type":"article","og_title":"Fiat usa final do Brasileir\u00e3o na TV Globo para celebrar seu pentacampeonato de vendas - CidadeMarketing","og_description":"Fiat celebra cinco anos de lideran\u00e7a em vendas com a\u00e7\u00e3o especial na final do Brasileir\u00e3o 2025, unindo futebol e autom\u00f3veis em campanha criada pela Leo.","og_url":"https:\/\/www.cidademarketing.com.br\/marketing\/2025\/12\/09\/fiat-usa-final-do-brasileirao-na-tv-globo-para-celebrar-seu-pentacampeonato-de-vendas\/","og_site_name":"CidadeMarketing","article_publisher":"https:\/\/www.facebook.com\/portalcidademarketing","article_author":"https:\/\/www.facebook.com\/thalesbrandao","article_published_time":"2025-12-09T15:25:18+00:00","og_image":[{"width":559,"height":315,"url":"https:\/\/www.cidademarketing.com.br\/marketing\/wp-content\/uploads\/2025\/12\/fiat_vendas_brasil.webp","type":"image\/webp"}],"author":"Thales Brand\u00e3o","twitter_card":"summary_large_image","twitter_creator":"@http:\/\/www.twitter.com\/thalesbrandao","twitter_site":"@CidadeMarketing","twitter_misc":{"Escrito por":"Thales Brand\u00e3o","Est. tempo de leitura":"3 minutos"},"schema":{"@context":"https:\/\/schema.org","@graph":[{"@type":"Article","@id":"https:\/\/www.cidademarketing.com.br\/marketing\/2025\/12\/09\/fiat-usa-final-do-brasileirao-na-tv-globo-para-celebrar-seu-pentacampeonato-de-vendas\/#article","isPartOf":{"@id":"https:\/\/www.cidademarketing.com.br\/marketing\/2025\/12\/09\/fiat-usa-final-do-brasileirao-na-tv-globo-para-celebrar-seu-pentacampeonato-de-vendas\/"},"author":{"name":"Thales Brand\u00e3o","@id":"https:\/\/www.cidademarketing.com.br\/marketing\/#\/schema\/person\/02daff9f18bd9378c9e01eb6b2db155f"},"headline":"Fiat usa final do Brasileir\u00e3o na TV Globo para celebrar seu pentacampeonato de vendas","datePublished":"2025-12-09T15:25:18+00:00","mainEntityOfPage":{"@id":"https:\/\/www.cidademarketing.com.br\/marketing\/2025\/12\/09\/fiat-usa-final-do-brasileirao-na-tv-globo-para-celebrar-seu-pentacampeonato-de-vendas\/"},"wordCount":437,"commentCount":0,"publisher":{"@id":"https:\/\/www.cidademarketing.com.br\/marketing\/#organization"},"image":{"@id":"https:\/\/www.cidademarketing.com.br\/marketing\/2025\/12\/09\/fiat-usa-final-do-brasileirao-na-tv-globo-para-celebrar-seu-pentacampeonato-de-vendas\/#primaryimage"},"thumbnailUrl":"https:\/\/www.cidademarketing.com.br\/marketing\/wp-content\/uploads\/2025\/12\/fiat_vendas_brasil.webp","keywords":["Brasileir\u00e3o 2025","estrat\u00e9gia","Fiat","marketing","propaganda","publicidade","TV Globo","vendas"],"articleSection":["Not\u00edcias"],"inLanguage":"pt-BR","potentialAction":[{"@type":"CommentAction","name":"Comment","target":["https:\/\/www.cidademarketing.com.br\/marketing\/2025\/12\/09\/fiat-usa-final-do-brasileirao-na-tv-globo-para-celebrar-seu-pentacampeonato-de-vendas\/#respond"]}]},{"@type":"WebPage","@id":"https:\/\/www.cidademarketing.com.br\/marketing\/2025\/12\/09\/fiat-usa-final-do-brasileirao-na-tv-globo-para-celebrar-seu-pentacampeonato-de-vendas\/","url":"https:\/\/www.cidademarketing.com.br\/marketing\/2025\/12\/09\/fiat-usa-final-do-brasileirao-na-tv-globo-para-celebrar-seu-pentacampeonato-de-vendas\/","name":"Fiat usa final do Brasileir\u00e3o na TV Globo para celebrar seu pentacampeonato de vendas - CidadeMarketing","isPartOf":{"@id":"https:\/\/www.cidademarketing.com.br\/marketing\/#website"},"primaryImageOfPage":{"@id":"https:\/\/www.cidademarketing.com.br\/marketing\/2025\/12\/09\/fiat-usa-final-do-brasileirao-na-tv-globo-para-celebrar-seu-pentacampeonato-de-vendas\/#primaryimage"},"image":{"@id":"https:\/\/www.cidademarketing.com.br\/marketing\/2025\/12\/09\/fiat-usa-final-do-brasileirao-na-tv-globo-para-celebrar-seu-pentacampeonato-de-vendas\/#primaryimage"},"thumbnailUrl":"https:\/\/www.cidademarketing.com.br\/marketing\/wp-content\/uploads\/2025\/12\/fiat_vendas_brasil.webp","datePublished":"2025-12-09T15:25:18+00:00","description":"Fiat celebra cinco anos de lideran\u00e7a em vendas com a\u00e7\u00e3o especial na final do Brasileir\u00e3o 2025, unindo futebol e autom\u00f3veis em campanha criada pela Leo.","breadcrumb":{"@id":"https:\/\/www.cidademarketing.com.br\/marketing\/2025\/12\/09\/fiat-usa-final-do-brasileirao-na-tv-globo-para-celebrar-seu-pentacampeonato-de-vendas\/#breadcrumb"},"inLanguage":"pt-BR","potentialAction":[{"@type":"ReadAction","target":["https:\/\/www.cidademarketing.com.br\/marketing\/2025\/12\/09\/fiat-usa-final-do-brasileirao-na-tv-globo-para-celebrar-seu-pentacampeonato-de-vendas\/"]}]},{"@type":"ImageObject","inLanguage":"pt-BR","@id":"https:\/\/www.cidademarketing.com.br\/marketing\/2025\/12\/09\/fiat-usa-final-do-brasileirao-na-tv-globo-para-celebrar-seu-pentacampeonato-de-vendas\/#primaryimage","url":"https:\/\/www.cidademarketing.com.br\/marketing\/wp-content\/uploads\/2025\/12\/fiat_vendas_brasil.webp","contentUrl":"https:\/\/www.cidademarketing.com.br\/marketing\/wp-content\/uploads\/2025\/12\/fiat_vendas_brasil.webp","width":559,"height":315,"caption":"Divulga\u00e7\u00e3o"},{"@type":"BreadcrumbList","@id":"https:\/\/www.cidademarketing.com.br\/marketing\/2025\/12\/09\/fiat-usa-final-do-brasileirao-na-tv-globo-para-celebrar-seu-pentacampeonato-de-vendas\/#breadcrumb","itemListElement":[{"@type":"ListItem","position":1,"name":"In\u00edcio","item":"https:\/\/www.cidademarketing.com.br\/marketing\/"},{"@type":"ListItem","position":2,"name":"Fiat usa final do Brasileir\u00e3o na TV Globo para celebrar seu pentacampeonato de vendas"}]},{"@type":"WebSite","@id":"https:\/\/www.cidademarketing.com.br\/marketing\/#website","url":"https:\/\/www.cidademarketing.com.br\/marketing\/","name":"CidadeMarketing","description":"Somos um ve\u00edculo de comunica\u00e7\u00e3o de destaque no Brasil, reconhecido por conte\u00fados nos segmentos de marketing, empreendedorismo e inova\u00e7\u00e3o.","publisher":{"@id":"https:\/\/www.cidademarketing.com.br\/marketing\/#organization"},"alternateName":"CidadeMarketing","potentialAction":[{"@type":"SearchAction","target":{"@type":"EntryPoint","urlTemplate":"https:\/\/www.cidademarketing.com.br\/marketing\/?s={search_term_string}"},"query-input":{"@type":"PropertyValueSpecification","valueRequired":true,"valueName":"search_term_string"}}],"inLanguage":"pt-BR"},{"@type":"Organization","@id":"https:\/\/www.cidademarketing.com.br\/marketing\/#organization","name":"CidadeMarketing","alternateName":"CidadeMarketing","url":"https:\/\/www.cidademarketing.com.br\/marketing\/","logo":{"@type":"ImageObject","inLanguage":"pt-BR","@id":"https:\/\/www.cidademarketing.com.br\/marketing\/#\/schema\/logo\/image\/","url":"https:\/\/www.cidademarketing.com.br\/marketing\/wp-content\/uploads\/2020\/01\/cidademarketing_marca_mobile.png","contentUrl":"https:\/\/www.cidademarketing.com.br\/marketing\/wp-content\/uploads\/2020\/01\/cidademarketing_marca_mobile.png","width":230,"height":92,"caption":"CidadeMarketing"},"image":{"@id":"https:\/\/www.cidademarketing.com.br\/marketing\/#\/schema\/logo\/image\/"},"sameAs":["https:\/\/www.facebook.com\/portalcidademarketing","https:\/\/x.com\/CidadeMarketing","https:\/\/www.instagram.com\/cidademarketing\/"]},{"@type":"Person","@id":"https:\/\/www.cidademarketing.com.br\/marketing\/#\/schema\/person\/02daff9f18bd9378c9e01eb6b2db155f","name":"Thales Brand\u00e3o","image":{"@type":"ImageObject","inLanguage":"pt-BR","@id":"https:\/\/secure.gravatar.com\/avatar\/7ca3206950207cc3cb48feec56a8a7898741ab725c368d99d5d7a5a50aab80c6?s=96&d=mm&r=g","url":"https:\/\/secure.gravatar.com\/avatar\/7ca3206950207cc3cb48feec56a8a7898741ab725c368d99d5d7a5a50aab80c6?s=96&d=mm&r=g","contentUrl":"https:\/\/secure.gravatar.com\/avatar\/7ca3206950207cc3cb48feec56a8a7898741ab725c368d99d5d7a5a50aab80c6?s=96&d=mm&r=g","caption":"Thales Brand\u00e3o"},"description":"Editor Executivo do Portal CidadeMarketing.com.br &gt; Mestre em Comunica\u00e7\u00e3o e Sociedade pela Universidade Federal de Sergipe. Possui MBA Executivo em Administra\u00e7\u00e3o com \u00eanfase em Marketing pela Funda\u00e7\u00e3o Get\u00falio Vargas - Rio de Janeiro. Consultor, Palestrante e Pesquisador sobre Empreendedorismo, Marketing, Redes Sociais e Neg\u00f3cios Digitais. Professor, Palestrante TedxTalks e Campus Party. Twitter: @ThalesBrandao","sameAs":["http:\/\/www.mandacaru.com.br","https:\/\/www.facebook.com\/thalesbrandao","http:\/\/www.instagram.com.br\/thalesbrandaoferreira","https:\/\/www.linkedin.com\/in\/thales-brand\u00e3o-3948609\/","https:\/\/x.com\/http:\/\/www.twitter.com\/thalesbrandao"],"url":"https:\/\/www.cidademarketing.com.br\/marketing\/author\/thalesbrandao\/"}]}},"amp_enabled":true,"_links":{"self":[{"href":"https:\/\/www.cidademarketing.com.br\/marketing\/wp-json\/wp\/v2\/posts\/58623","targetHints":{"allow":["GET"]}}],"collection":[{"href":"https:\/\/www.cidademarketing.com.br\/marketing\/wp-json\/wp\/v2\/posts"}],"about":[{"href":"https:\/\/www.cidademarketing.com.br\/marketing\/wp-json\/wp\/v2\/types\/post"}],"author":[{"embeddable":true,"href":"https:\/\/www.cidademarketing.com.br\/marketing\/wp-json\/wp\/v2\/users\/1"}],"replies":[{"embeddable":true,"href":"https:\/\/www.cidademarketing.com.br\/marketing\/wp-json\/wp\/v2\/comments?post=58623"}],"version-history":[{"count":1,"href":"https:\/\/www.cidademarketing.com.br\/marketing\/wp-json\/wp\/v2\/posts\/58623\/revisions"}],"predecessor-version":[{"id":58625,"href":"https:\/\/www.cidademarketing.com.br\/marketing\/wp-json\/wp\/v2\/posts\/58623\/revisions\/58625"}],"wp:featuredmedia":[{"embeddable":true,"href":"https:\/\/www.cidademarketing.com.br\/marketing\/wp-json\/wp\/v2\/media\/58624"}],"wp:attachment":[{"href":"https:\/\/www.cidademarketing.com.br\/marketing\/wp-json\/wp\/v2\/media?parent=58623"}],"wp:term":[{"taxonomy":"category","embeddable":true,"href":"https:\/\/www.cidademarketing.com.br\/marketing\/wp-json\/wp\/v2\/categories?post=58623"},{"taxonomy":"post_tag","embeddable":true,"href":"https:\/\/www.cidademarketing.com.br\/marketing\/wp-json\/wp\/v2\/tags?post=58623"}],"curies":[{"name":"wp","href":"https:\/\/api.w.org\/{rel}","templated":true}]}}