{"id":58242,"date":"2025-10-28T09:26:44","date_gmt":"2025-10-28T12:26:44","guid":{"rendered":"https:\/\/www.cidademarketing.com.br\/marketing\/?p=58242"},"modified":"2025-10-30T09:54:40","modified_gmt":"2025-10-30T12:54:40","slug":"turma-da-monica-lanca-gibi-sobre-etarismo-e-convivencia-entre-geracoes","status":"publish","type":"post","link":"https:\/\/www.cidademarketing.com.br\/marketing\/2025\/10\/28\/turma-da-monica-lanca-gibi-sobre-etarismo-e-convivencia-entre-geracoes\/","title":{"rendered":"Turma da M\u00f4nica lan\u00e7a gibi sobre etarismo e conviv\u00eancia entre gera\u00e7\u00f5es"},"content":{"rendered":"<p>O Minist\u00e9rio dos Direitos Humanos e da Cidadania (MDHC), em parceria com o Instituto Mauricio de Sousa, lan\u00e7ou, nesta quarta-feira (26), a primeira revista em quadrinhos da Turma da M\u00f4nica dedicada \u00e0 intergeracionalidade. O evento foi realizado em Bras\u00edlia (DF), com a presen\u00e7a da ministra Maca\u00e9 Evaristo.<\/p>\n<p>A cerim\u00f4nia reuniu alunos e professores da escola que sediou a cerim\u00f4nia, al\u00e9m de pessoas idosas e moradores da comunidade do Itapo\u00e3 Parque, refor\u00e7ando a proposta do gibi de promover o di\u00e1logo entre diferentes gera\u00e7\u00f5es. Estiveram presentes ainda o secret\u00e1rio nacional dos Direitos da Pessoa Idosa do MDHC, Alexandre da Silva, a secret\u00e1ria de Justi\u00e7a e Cidadania do Distrito Federal, Marcela Passamani, a head de rela\u00e7\u00f5es institucionais do Instituto Maur\u00edcio de Souza, Larissa Purvinni, entre outras autoridades.<\/p>\n<p>O material, desenvolvido a partir de uma parceria firmada em 2024 entre o MDHC, por meio da por meio da Secretaria Nacional dos Direitos da Pessoa Idosa (SNDPI) e o Instituto Mauricio de Sousa, aborda o envelhecimento e a valoriza\u00e7\u00e3o da pessoa idosa de forma acess\u00edvel para crian\u00e7as e adolescentes. Com vers\u00f5es impressa e digital em portugu\u00eas e espanhol, o material busca sensibilizar fam\u00edlias e educadores sobre a import\u00e2ncia da conviv\u00eancia entre gera\u00e7\u00f5es.<\/p>\n<p><strong>Conscientiza\u00e7\u00e3o<\/strong><br \/>\nA ministra Maca\u00e9 Evaristo destacou que a iniciativa refor\u00e7a o compromisso do MDHC com a promo\u00e7\u00e3o dos direitos humanos para todas as idades. \u201cEssa revista faz parte de um esfor\u00e7o maior do minist\u00e9rio para garantir que o respeito \u00e0s pessoas idosas esteja na base da forma\u00e7\u00e3o das novas gera\u00e7\u00f5es. Precisamos combater a discrimina\u00e7\u00e3o et\u00e1ria e fortalecer uma cultura de dignidade para todas as fases da vida\u201d, afirmou.<\/p>\n<p>Maca\u00e9 tamb\u00e9m ressaltou o impacto que a obra pode ter na percep\u00e7\u00e3o coletiva do envelhecimento. \u201cA Turma da M\u00f4nica faz parte da vida de milh\u00f5es de brasileiros e brasileiras, e utilizar esse universo para tratar de um tema t\u00e3o essencial \u00e9 uma forma potente de levar essa mensagem adiante. Envelhecer \u00e9 um direito e um processo natural da vida, e precisamos garantir que todas as gera\u00e7\u00f5es compreendam isso desde cedo\u201d, pontuou.<\/p>\n<figure id=\"attachment_58244\" aria-describedby=\"caption-attachment-58244\" style=\"width: 1000px\" class=\"wp-caption alignnone\"><img fetchpriority=\"high\" decoding=\"async\" class=\"wp-image-58244 size-full\" src=\"https:\/\/www.cidademarketing.com.br\/marketing\/wp-content\/uploads\/2025\/10\/gibi_turmadamonica_etarismo_geracoes_02-1.webp\" alt=\"O projeto ensina ensina as crian\u00e7as sobre respeito e envelhecimento.\" width=\"1000\" height=\"667\" srcset=\"https:\/\/www.cidademarketing.com.br\/marketing\/wp-content\/uploads\/2025\/10\/gibi_turmadamonica_etarismo_geracoes_02-1.webp 1000w, https:\/\/www.cidademarketing.com.br\/marketing\/wp-content\/uploads\/2025\/10\/gibi_turmadamonica_etarismo_geracoes_02-1-300x200.webp 300w, https:\/\/www.cidademarketing.com.br\/marketing\/wp-content\/uploads\/2025\/10\/gibi_turmadamonica_etarismo_geracoes_02-1-768x512.webp 768w, https:\/\/www.cidademarketing.com.br\/marketing\/wp-content\/uploads\/2025\/10\/gibi_turmadamonica_etarismo_geracoes_02-1-630x420.webp 630w, https:\/\/www.cidademarketing.com.br\/marketing\/wp-content\/uploads\/2025\/10\/gibi_turmadamonica_etarismo_geracoes_02-1-640x427.webp 640w, https:\/\/www.cidademarketing.com.br\/marketing\/wp-content\/uploads\/2025\/10\/gibi_turmadamonica_etarismo_geracoes_02-1-681x454.webp 681w\" sizes=\"(max-width: 1000px) 100vw, 1000px\" \/><figcaption id=\"caption-attachment-58244\" class=\"wp-caption-text\">Trama tamb\u00e9m explora os desafios que podem surgir entre pessoas de diversas idades devido a distintas vis\u00f5es de mundo (Foto: Clarice Castro\/MDHC)<\/figcaption><\/figure>\n<p>O secret\u00e1rio Alexandre da Silva refor\u00e7ou a necessidade de combater a discrimina\u00e7\u00e3o et\u00e1ria e incentivar o respeito entre gera\u00e7\u00f5es. \u201cO envelhecimento faz parte da vida de todos n\u00f3s, e quando incentivamos esse di\u00e1logo desde a inf\u00e2ncia, estamos garantindo um futuro mais respeitoso para todas as idades\u201d, disse.<\/p>\n<p>J\u00e1 a secret\u00e1ria Marcela Passamani destacou o papel da educa\u00e7\u00e3o na forma\u00e7\u00e3o de cidad\u00e3os conscientes e respeitosos. \u201cQuando trabalhamos temas como equidade, respeito e direitos humanos desde a inf\u00e2ncia, estamos construindo uma sociedade melhor. Essa iniciativa do MDHC \u00e9 um grande passo para que as crian\u00e7as compreendam a import\u00e2ncia das pessoas idosas em suas vidas e na sociedade como um todo\u201d, enfatizou.<\/p>\n<p><strong>A hist\u00f3ria<\/strong><br \/>\nA revista em quadrinhos <a href=\"https:\/\/www.cidademarketing.com.br\/marketing\/wp-content\/uploads\/2025\/10\/turmadamonica_mauriciodesousa_envelhecimento.pdf\" target=\"_blank\" rel=\"noopener\">\u201cTurma da M\u00f4nica em: Intergeracionalidade\u201d<\/a> narra a hist\u00f3ria de Xab\u00e9u, irm\u00e3 mais velha de Xaveco, e de sua av\u00f3, Dona Xepa, em uma jornada de aprendizado sobre o envelhecimento e a valoriza\u00e7\u00e3o da pessoa idosa.<\/p>\n<p>A trama tamb\u00e9m explora os desafios que podem surgir entre diferentes gera\u00e7\u00f5es devido a distintas vis\u00f5es de mundo e aos estere\u00f3tipos associados \u00e0 velhice, que resultam em discrimina\u00e7\u00e3o e preconceito. Al\u00e9m disso, aborda o impacto desses fatores na dignidade e na sa\u00fade das pessoas idosas.<\/p>\n","protected":false},"excerpt":{"rendered":"<p>O Minist\u00e9rio dos Direitos Humanos e da Cidadania (MDHC), em parceria com o Instituto Mauricio de Sousa, lan\u00e7ou, nesta quarta-feira (26), a primeira revista em quadrinhos da Turma da M\u00f4nica dedicada \u00e0 intergeracionalidade. O evento foi realizado em Bras\u00edlia (DF), com a presen\u00e7a da ministra Maca\u00e9 Evaristo. A cerim\u00f4nia reuniu alunos e professores da escola [&hellip;]<\/p>\n","protected":false},"author":1,"featured_media":58245,"comment_status":"open","ping_status":"open","sticky":false,"template":"","format":"standard","meta":{"tdm_status":"","tdm_grid_status":"","footnotes":""},"categories":[6],"tags":[10071,9104,10072,10075,10073,28,6055,10074,1283],"class_list":["post-58242","post","type-post","status-publish","format-standard","has-post-thumbnail","hentry","category-noticias","tag-envelhecimento","tag-etarismo","tag-gibi","tag-instituto-mauricio-de-sousa","tag-intergeracionalidade","tag-marketing","tag-mauricio-de-sousa","tag-ministerio-dos-direitos-humanos-e-da-cidadania","tag-turma-da-monica"],"yoast_head":"<!-- This site is optimized with the Yoast SEO plugin v27.5 - https:\/\/yoast.com\/product\/yoast-seo-wordpress\/ -->\n<title>Turma da M\u00f4nica lan\u00e7a gibi sobre etarismo e conviv\u00eancia entre gera\u00e7\u00f5es - CidadeMarketing<\/title>\n<meta name=\"description\" content=\"A Turma da M\u00f4nica lan\u00e7a um novo gibi em parceria com o MDHC e o Instituto Mauricio de Sousa para conscientizar sobre o etarismo. A hist\u00f3ria de Xab\u00e9u e sua av\u00f3, Dona Xepa, destaca o valor do di\u00e1logo entre gera\u00e7\u00f5es e o respeito ao envelhecimento.\" \/>\n<meta name=\"robots\" content=\"index, follow, max-snippet:-1, max-image-preview:large, max-video-preview:-1\" \/>\n<link rel=\"canonical\" href=\"https:\/\/www.cidademarketing.com.br\/marketing\/2025\/10\/28\/turma-da-monica-lanca-gibi-sobre-etarismo-e-convivencia-entre-geracoes\/\" \/>\n<meta property=\"og:locale\" content=\"pt_BR\" \/>\n<meta property=\"og:type\" content=\"article\" \/>\n<meta property=\"og:title\" content=\"Turma da M\u00f4nica lan\u00e7a gibi sobre etarismo e conviv\u00eancia entre gera\u00e7\u00f5es - CidadeMarketing\" \/>\n<meta property=\"og:description\" content=\"A Turma da M\u00f4nica lan\u00e7a um novo gibi em parceria com o MDHC e o Instituto Mauricio de Sousa para conscientizar sobre o etarismo. A hist\u00f3ria de Xab\u00e9u e sua av\u00f3, Dona Xepa, destaca o valor do di\u00e1logo entre gera\u00e7\u00f5es e o respeito ao envelhecimento.\" \/>\n<meta property=\"og:url\" content=\"https:\/\/www.cidademarketing.com.br\/marketing\/2025\/10\/28\/turma-da-monica-lanca-gibi-sobre-etarismo-e-convivencia-entre-geracoes\/\" \/>\n<meta property=\"og:site_name\" content=\"CidadeMarketing\" \/>\n<meta property=\"article:publisher\" content=\"https:\/\/www.facebook.com\/portalcidademarketing\" \/>\n<meta property=\"article:author\" content=\"https:\/\/www.facebook.com\/thalesbrandao\" \/>\n<meta property=\"article:published_time\" content=\"2025-10-28T12:26:44+00:00\" \/>\n<meta property=\"article:modified_time\" content=\"2025-10-30T12:54:40+00:00\" \/>\n<meta property=\"og:image\" content=\"https:\/\/www.cidademarketing.com.br\/marketing\/wp-content\/uploads\/2025\/10\/gibi_turmadamonica_etarismo_geracoes-1.webp\" \/>\n\t<meta property=\"og:image:width\" content=\"1000\" \/>\n\t<meta property=\"og:image:height\" content=\"665\" \/>\n\t<meta property=\"og:image:type\" content=\"image\/webp\" \/>\n<meta name=\"author\" content=\"Thales Brand\u00e3o\" \/>\n<meta name=\"twitter:card\" content=\"summary_large_image\" \/>\n<meta name=\"twitter:creator\" content=\"@http:\/\/www.twitter.com\/thalesbrandao\" \/>\n<meta name=\"twitter:site\" content=\"@CidadeMarketing\" \/>\n<meta name=\"twitter:label1\" content=\"Escrito por\" \/>\n\t<meta name=\"twitter:data1\" content=\"Thales Brand\u00e3o\" \/>\n\t<meta name=\"twitter:label2\" content=\"Est. tempo de leitura\" \/>\n\t<meta name=\"twitter:data2\" content=\"4 minutos\" \/>\n<script type=\"application\/ld+json\" class=\"yoast-schema-graph\">{\"@context\":\"https:\\\/\\\/schema.org\",\"@graph\":[{\"@type\":\"Article\",\"@id\":\"https:\\\/\\\/www.cidademarketing.com.br\\\/marketing\\\/2025\\\/10\\\/28\\\/turma-da-monica-lanca-gibi-sobre-etarismo-e-convivencia-entre-geracoes\\\/#article\",\"isPartOf\":{\"@id\":\"https:\\\/\\\/www.cidademarketing.com.br\\\/marketing\\\/2025\\\/10\\\/28\\\/turma-da-monica-lanca-gibi-sobre-etarismo-e-convivencia-entre-geracoes\\\/\"},\"author\":{\"name\":\"Thales Brand\u00e3o\",\"@id\":\"https:\\\/\\\/www.cidademarketing.com.br\\\/marketing\\\/#\\\/schema\\\/person\\\/02daff9f18bd9378c9e01eb6b2db155f\"},\"headline\":\"Turma da M\u00f4nica lan\u00e7a gibi sobre etarismo e conviv\u00eancia entre gera\u00e7\u00f5es\",\"datePublished\":\"2025-10-28T12:26:44+00:00\",\"dateModified\":\"2025-10-30T12:54:40+00:00\",\"mainEntityOfPage\":{\"@id\":\"https:\\\/\\\/www.cidademarketing.com.br\\\/marketing\\\/2025\\\/10\\\/28\\\/turma-da-monica-lanca-gibi-sobre-etarismo-e-convivencia-entre-geracoes\\\/\"},\"wordCount\":638,\"commentCount\":0,\"publisher\":{\"@id\":\"https:\\\/\\\/www.cidademarketing.com.br\\\/marketing\\\/#organization\"},\"image\":{\"@id\":\"https:\\\/\\\/www.cidademarketing.com.br\\\/marketing\\\/2025\\\/10\\\/28\\\/turma-da-monica-lanca-gibi-sobre-etarismo-e-convivencia-entre-geracoes\\\/#primaryimage\"},\"thumbnailUrl\":\"https:\\\/\\\/www.cidademarketing.com.br\\\/marketing\\\/wp-content\\\/uploads\\\/2025\\\/10\\\/gibi_turmadamonica_etarismo_geracoes-1.webp\",\"keywords\":[\"envelhecimento\",\"etarismo\",\"gibi\",\"Instituto Maur\u00edcio de Sousa\",\"intergeracionalidade\",\"marketing\",\"Maur\u00edcio de Sousa\",\"Minist\u00e9rio dos Direitos Humanos e da Cidadania\",\"Turma da M\u00f4nica\"],\"articleSection\":[\"Not\u00edcias\"],\"inLanguage\":\"pt-BR\",\"potentialAction\":[{\"@type\":\"CommentAction\",\"name\":\"Comment\",\"target\":[\"https:\\\/\\\/www.cidademarketing.com.br\\\/marketing\\\/2025\\\/10\\\/28\\\/turma-da-monica-lanca-gibi-sobre-etarismo-e-convivencia-entre-geracoes\\\/#respond\"]}]},{\"@type\":\"WebPage\",\"@id\":\"https:\\\/\\\/www.cidademarketing.com.br\\\/marketing\\\/2025\\\/10\\\/28\\\/turma-da-monica-lanca-gibi-sobre-etarismo-e-convivencia-entre-geracoes\\\/\",\"url\":\"https:\\\/\\\/www.cidademarketing.com.br\\\/marketing\\\/2025\\\/10\\\/28\\\/turma-da-monica-lanca-gibi-sobre-etarismo-e-convivencia-entre-geracoes\\\/\",\"name\":\"Turma da M\u00f4nica lan\u00e7a gibi sobre etarismo e conviv\u00eancia entre gera\u00e7\u00f5es - CidadeMarketing\",\"isPartOf\":{\"@id\":\"https:\\\/\\\/www.cidademarketing.com.br\\\/marketing\\\/#website\"},\"primaryImageOfPage\":{\"@id\":\"https:\\\/\\\/www.cidademarketing.com.br\\\/marketing\\\/2025\\\/10\\\/28\\\/turma-da-monica-lanca-gibi-sobre-etarismo-e-convivencia-entre-geracoes\\\/#primaryimage\"},\"image\":{\"@id\":\"https:\\\/\\\/www.cidademarketing.com.br\\\/marketing\\\/2025\\\/10\\\/28\\\/turma-da-monica-lanca-gibi-sobre-etarismo-e-convivencia-entre-geracoes\\\/#primaryimage\"},\"thumbnailUrl\":\"https:\\\/\\\/www.cidademarketing.com.br\\\/marketing\\\/wp-content\\\/uploads\\\/2025\\\/10\\\/gibi_turmadamonica_etarismo_geracoes-1.webp\",\"datePublished\":\"2025-10-28T12:26:44+00:00\",\"dateModified\":\"2025-10-30T12:54:40+00:00\",\"description\":\"A Turma da M\u00f4nica lan\u00e7a um novo gibi em parceria com o MDHC e o Instituto Mauricio de Sousa para conscientizar sobre o etarismo. A hist\u00f3ria de Xab\u00e9u e sua av\u00f3, Dona Xepa, destaca o valor do di\u00e1logo entre gera\u00e7\u00f5es e o respeito ao envelhecimento.\",\"breadcrumb\":{\"@id\":\"https:\\\/\\\/www.cidademarketing.com.br\\\/marketing\\\/2025\\\/10\\\/28\\\/turma-da-monica-lanca-gibi-sobre-etarismo-e-convivencia-entre-geracoes\\\/#breadcrumb\"},\"inLanguage\":\"pt-BR\",\"potentialAction\":[{\"@type\":\"ReadAction\",\"target\":[\"https:\\\/\\\/www.cidademarketing.com.br\\\/marketing\\\/2025\\\/10\\\/28\\\/turma-da-monica-lanca-gibi-sobre-etarismo-e-convivencia-entre-geracoes\\\/\"]}]},{\"@type\":\"ImageObject\",\"inLanguage\":\"pt-BR\",\"@id\":\"https:\\\/\\\/www.cidademarketing.com.br\\\/marketing\\\/2025\\\/10\\\/28\\\/turma-da-monica-lanca-gibi-sobre-etarismo-e-convivencia-entre-geracoes\\\/#primaryimage\",\"url\":\"https:\\\/\\\/www.cidademarketing.com.br\\\/marketing\\\/wp-content\\\/uploads\\\/2025\\\/10\\\/gibi_turmadamonica_etarismo_geracoes-1.webp\",\"contentUrl\":\"https:\\\/\\\/www.cidademarketing.com.br\\\/marketing\\\/wp-content\\\/uploads\\\/2025\\\/10\\\/gibi_turmadamonica_etarismo_geracoes-1.webp\",\"width\":1000,\"height\":665,\"caption\":\"Trama tamb\u00e9m explora os desafios que podem surgir entre pessoas de diversas idades devido a distintas vis\u00f5es de mundo (Foto: Clarice Castro\\\/MDHC)\"},{\"@type\":\"BreadcrumbList\",\"@id\":\"https:\\\/\\\/www.cidademarketing.com.br\\\/marketing\\\/2025\\\/10\\\/28\\\/turma-da-monica-lanca-gibi-sobre-etarismo-e-convivencia-entre-geracoes\\\/#breadcrumb\",\"itemListElement\":[{\"@type\":\"ListItem\",\"position\":1,\"name\":\"In\u00edcio\",\"item\":\"https:\\\/\\\/www.cidademarketing.com.br\\\/marketing\\\/\"},{\"@type\":\"ListItem\",\"position\":2,\"name\":\"Turma da M\u00f4nica lan\u00e7a gibi sobre etarismo e conviv\u00eancia entre gera\u00e7\u00f5es\"}]},{\"@type\":\"WebSite\",\"@id\":\"https:\\\/\\\/www.cidademarketing.com.br\\\/marketing\\\/#website\",\"url\":\"https:\\\/\\\/www.cidademarketing.com.br\\\/marketing\\\/\",\"name\":\"CidadeMarketing\",\"description\":\"Somos um ve\u00edculo de comunica\u00e7\u00e3o de destaque no Brasil, reconhecido por conte\u00fados nos segmentos de marketing, empreendedorismo e inova\u00e7\u00e3o.\",\"publisher\":{\"@id\":\"https:\\\/\\\/www.cidademarketing.com.br\\\/marketing\\\/#organization\"},\"alternateName\":\"CidadeMarketing\",\"potentialAction\":[{\"@type\":\"SearchAction\",\"target\":{\"@type\":\"EntryPoint\",\"urlTemplate\":\"https:\\\/\\\/www.cidademarketing.com.br\\\/marketing\\\/?s={search_term_string}\"},\"query-input\":{\"@type\":\"PropertyValueSpecification\",\"valueRequired\":true,\"valueName\":\"search_term_string\"}}],\"inLanguage\":\"pt-BR\"},{\"@type\":\"Organization\",\"@id\":\"https:\\\/\\\/www.cidademarketing.com.br\\\/marketing\\\/#organization\",\"name\":\"CidadeMarketing\",\"alternateName\":\"CidadeMarketing\",\"url\":\"https:\\\/\\\/www.cidademarketing.com.br\\\/marketing\\\/\",\"logo\":{\"@type\":\"ImageObject\",\"inLanguage\":\"pt-BR\",\"@id\":\"https:\\\/\\\/www.cidademarketing.com.br\\\/marketing\\\/#\\\/schema\\\/logo\\\/image\\\/\",\"url\":\"https:\\\/\\\/www.cidademarketing.com.br\\\/marketing\\\/wp-content\\\/uploads\\\/2020\\\/01\\\/cidademarketing_marca_mobile.png\",\"contentUrl\":\"https:\\\/\\\/www.cidademarketing.com.br\\\/marketing\\\/wp-content\\\/uploads\\\/2020\\\/01\\\/cidademarketing_marca_mobile.png\",\"width\":230,\"height\":92,\"caption\":\"CidadeMarketing\"},\"image\":{\"@id\":\"https:\\\/\\\/www.cidademarketing.com.br\\\/marketing\\\/#\\\/schema\\\/logo\\\/image\\\/\"},\"sameAs\":[\"https:\\\/\\\/www.facebook.com\\\/portalcidademarketing\",\"https:\\\/\\\/x.com\\\/CidadeMarketing\",\"https:\\\/\\\/www.instagram.com\\\/cidademarketing\\\/\"]},{\"@type\":\"Person\",\"@id\":\"https:\\\/\\\/www.cidademarketing.com.br\\\/marketing\\\/#\\\/schema\\\/person\\\/02daff9f18bd9378c9e01eb6b2db155f\",\"name\":\"Thales Brand\u00e3o\",\"image\":{\"@type\":\"ImageObject\",\"inLanguage\":\"pt-BR\",\"@id\":\"https:\\\/\\\/secure.gravatar.com\\\/avatar\\\/7ca3206950207cc3cb48feec56a8a7898741ab725c368d99d5d7a5a50aab80c6?s=96&d=mm&r=g\",\"url\":\"https:\\\/\\\/secure.gravatar.com\\\/avatar\\\/7ca3206950207cc3cb48feec56a8a7898741ab725c368d99d5d7a5a50aab80c6?s=96&d=mm&r=g\",\"contentUrl\":\"https:\\\/\\\/secure.gravatar.com\\\/avatar\\\/7ca3206950207cc3cb48feec56a8a7898741ab725c368d99d5d7a5a50aab80c6?s=96&d=mm&r=g\",\"caption\":\"Thales Brand\u00e3o\"},\"description\":\"Editor Executivo do Portal CidadeMarketing.com.br &gt; Mestre em Comunica\u00e7\u00e3o e Sociedade pela Universidade Federal de Sergipe. Possui MBA Executivo em Administra\u00e7\u00e3o com \u00eanfase em Marketing pela Funda\u00e7\u00e3o Get\u00falio Vargas - Rio de Janeiro. Consultor, Palestrante e Pesquisador sobre Empreendedorismo, Marketing, Redes Sociais e Neg\u00f3cios Digitais. Professor, Palestrante TedxTalks e Campus Party. Twitter: @ThalesBrandao\",\"sameAs\":[\"http:\\\/\\\/www.mandacaru.com.br\",\"https:\\\/\\\/www.facebook.com\\\/thalesbrandao\",\"http:\\\/\\\/www.instagram.com.br\\\/thalesbrandaoferreira\",\"https:\\\/\\\/www.linkedin.com\\\/in\\\/thales-brand\u00e3o-3948609\\\/\",\"https:\\\/\\\/x.com\\\/http:\\\/\\\/www.twitter.com\\\/thalesbrandao\"],\"url\":\"https:\\\/\\\/www.cidademarketing.com.br\\\/marketing\\\/author\\\/thalesbrandao\\\/\"}]}<\/script>\n<!-- \/ Yoast SEO plugin. -->","yoast_head_json":{"title":"Turma da M\u00f4nica lan\u00e7a gibi sobre etarismo e conviv\u00eancia entre gera\u00e7\u00f5es - CidadeMarketing","description":"A Turma da M\u00f4nica lan\u00e7a um novo gibi em parceria com o MDHC e o Instituto Mauricio de Sousa para conscientizar sobre o etarismo. A hist\u00f3ria de Xab\u00e9u e sua av\u00f3, Dona Xepa, destaca o valor do di\u00e1logo entre gera\u00e7\u00f5es e o respeito ao envelhecimento.","robots":{"index":"index","follow":"follow","max-snippet":"max-snippet:-1","max-image-preview":"max-image-preview:large","max-video-preview":"max-video-preview:-1"},"canonical":"https:\/\/www.cidademarketing.com.br\/marketing\/2025\/10\/28\/turma-da-monica-lanca-gibi-sobre-etarismo-e-convivencia-entre-geracoes\/","og_locale":"pt_BR","og_type":"article","og_title":"Turma da M\u00f4nica lan\u00e7a gibi sobre etarismo e conviv\u00eancia entre gera\u00e7\u00f5es - CidadeMarketing","og_description":"A Turma da M\u00f4nica lan\u00e7a um novo gibi em parceria com o MDHC e o Instituto Mauricio de Sousa para conscientizar sobre o etarismo. A hist\u00f3ria de Xab\u00e9u e sua av\u00f3, Dona Xepa, destaca o valor do di\u00e1logo entre gera\u00e7\u00f5es e o respeito ao envelhecimento.","og_url":"https:\/\/www.cidademarketing.com.br\/marketing\/2025\/10\/28\/turma-da-monica-lanca-gibi-sobre-etarismo-e-convivencia-entre-geracoes\/","og_site_name":"CidadeMarketing","article_publisher":"https:\/\/www.facebook.com\/portalcidademarketing","article_author":"https:\/\/www.facebook.com\/thalesbrandao","article_published_time":"2025-10-28T12:26:44+00:00","article_modified_time":"2025-10-30T12:54:40+00:00","og_image":[{"width":1000,"height":665,"url":"https:\/\/www.cidademarketing.com.br\/marketing\/wp-content\/uploads\/2025\/10\/gibi_turmadamonica_etarismo_geracoes-1.webp","type":"image\/webp"}],"author":"Thales Brand\u00e3o","twitter_card":"summary_large_image","twitter_creator":"@http:\/\/www.twitter.com\/thalesbrandao","twitter_site":"@CidadeMarketing","twitter_misc":{"Escrito por":"Thales Brand\u00e3o","Est. tempo de leitura":"4 minutos"},"schema":{"@context":"https:\/\/schema.org","@graph":[{"@type":"Article","@id":"https:\/\/www.cidademarketing.com.br\/marketing\/2025\/10\/28\/turma-da-monica-lanca-gibi-sobre-etarismo-e-convivencia-entre-geracoes\/#article","isPartOf":{"@id":"https:\/\/www.cidademarketing.com.br\/marketing\/2025\/10\/28\/turma-da-monica-lanca-gibi-sobre-etarismo-e-convivencia-entre-geracoes\/"},"author":{"name":"Thales Brand\u00e3o","@id":"https:\/\/www.cidademarketing.com.br\/marketing\/#\/schema\/person\/02daff9f18bd9378c9e01eb6b2db155f"},"headline":"Turma da M\u00f4nica lan\u00e7a gibi sobre etarismo e conviv\u00eancia entre gera\u00e7\u00f5es","datePublished":"2025-10-28T12:26:44+00:00","dateModified":"2025-10-30T12:54:40+00:00","mainEntityOfPage":{"@id":"https:\/\/www.cidademarketing.com.br\/marketing\/2025\/10\/28\/turma-da-monica-lanca-gibi-sobre-etarismo-e-convivencia-entre-geracoes\/"},"wordCount":638,"commentCount":0,"publisher":{"@id":"https:\/\/www.cidademarketing.com.br\/marketing\/#organization"},"image":{"@id":"https:\/\/www.cidademarketing.com.br\/marketing\/2025\/10\/28\/turma-da-monica-lanca-gibi-sobre-etarismo-e-convivencia-entre-geracoes\/#primaryimage"},"thumbnailUrl":"https:\/\/www.cidademarketing.com.br\/marketing\/wp-content\/uploads\/2025\/10\/gibi_turmadamonica_etarismo_geracoes-1.webp","keywords":["envelhecimento","etarismo","gibi","Instituto Maur\u00edcio de Sousa","intergeracionalidade","marketing","Maur\u00edcio de Sousa","Minist\u00e9rio dos Direitos Humanos e da Cidadania","Turma da M\u00f4nica"],"articleSection":["Not\u00edcias"],"inLanguage":"pt-BR","potentialAction":[{"@type":"CommentAction","name":"Comment","target":["https:\/\/www.cidademarketing.com.br\/marketing\/2025\/10\/28\/turma-da-monica-lanca-gibi-sobre-etarismo-e-convivencia-entre-geracoes\/#respond"]}]},{"@type":"WebPage","@id":"https:\/\/www.cidademarketing.com.br\/marketing\/2025\/10\/28\/turma-da-monica-lanca-gibi-sobre-etarismo-e-convivencia-entre-geracoes\/","url":"https:\/\/www.cidademarketing.com.br\/marketing\/2025\/10\/28\/turma-da-monica-lanca-gibi-sobre-etarismo-e-convivencia-entre-geracoes\/","name":"Turma da M\u00f4nica lan\u00e7a gibi sobre etarismo e conviv\u00eancia entre gera\u00e7\u00f5es - CidadeMarketing","isPartOf":{"@id":"https:\/\/www.cidademarketing.com.br\/marketing\/#website"},"primaryImageOfPage":{"@id":"https:\/\/www.cidademarketing.com.br\/marketing\/2025\/10\/28\/turma-da-monica-lanca-gibi-sobre-etarismo-e-convivencia-entre-geracoes\/#primaryimage"},"image":{"@id":"https:\/\/www.cidademarketing.com.br\/marketing\/2025\/10\/28\/turma-da-monica-lanca-gibi-sobre-etarismo-e-convivencia-entre-geracoes\/#primaryimage"},"thumbnailUrl":"https:\/\/www.cidademarketing.com.br\/marketing\/wp-content\/uploads\/2025\/10\/gibi_turmadamonica_etarismo_geracoes-1.webp","datePublished":"2025-10-28T12:26:44+00:00","dateModified":"2025-10-30T12:54:40+00:00","description":"A Turma da M\u00f4nica lan\u00e7a um novo gibi em parceria com o MDHC e o Instituto Mauricio de Sousa para conscientizar sobre o etarismo. A hist\u00f3ria de Xab\u00e9u e sua av\u00f3, Dona Xepa, destaca o valor do di\u00e1logo entre gera\u00e7\u00f5es e o respeito ao envelhecimento.","breadcrumb":{"@id":"https:\/\/www.cidademarketing.com.br\/marketing\/2025\/10\/28\/turma-da-monica-lanca-gibi-sobre-etarismo-e-convivencia-entre-geracoes\/#breadcrumb"},"inLanguage":"pt-BR","potentialAction":[{"@type":"ReadAction","target":["https:\/\/www.cidademarketing.com.br\/marketing\/2025\/10\/28\/turma-da-monica-lanca-gibi-sobre-etarismo-e-convivencia-entre-geracoes\/"]}]},{"@type":"ImageObject","inLanguage":"pt-BR","@id":"https:\/\/www.cidademarketing.com.br\/marketing\/2025\/10\/28\/turma-da-monica-lanca-gibi-sobre-etarismo-e-convivencia-entre-geracoes\/#primaryimage","url":"https:\/\/www.cidademarketing.com.br\/marketing\/wp-content\/uploads\/2025\/10\/gibi_turmadamonica_etarismo_geracoes-1.webp","contentUrl":"https:\/\/www.cidademarketing.com.br\/marketing\/wp-content\/uploads\/2025\/10\/gibi_turmadamonica_etarismo_geracoes-1.webp","width":1000,"height":665,"caption":"Trama tamb\u00e9m explora os desafios que podem surgir entre pessoas de diversas idades devido a distintas vis\u00f5es de mundo (Foto: Clarice Castro\/MDHC)"},{"@type":"BreadcrumbList","@id":"https:\/\/www.cidademarketing.com.br\/marketing\/2025\/10\/28\/turma-da-monica-lanca-gibi-sobre-etarismo-e-convivencia-entre-geracoes\/#breadcrumb","itemListElement":[{"@type":"ListItem","position":1,"name":"In\u00edcio","item":"https:\/\/www.cidademarketing.com.br\/marketing\/"},{"@type":"ListItem","position":2,"name":"Turma da M\u00f4nica lan\u00e7a gibi sobre etarismo e conviv\u00eancia entre gera\u00e7\u00f5es"}]},{"@type":"WebSite","@id":"https:\/\/www.cidademarketing.com.br\/marketing\/#website","url":"https:\/\/www.cidademarketing.com.br\/marketing\/","name":"CidadeMarketing","description":"Somos um ve\u00edculo de comunica\u00e7\u00e3o de destaque no Brasil, reconhecido por conte\u00fados nos segmentos de marketing, empreendedorismo e inova\u00e7\u00e3o.","publisher":{"@id":"https:\/\/www.cidademarketing.com.br\/marketing\/#organization"},"alternateName":"CidadeMarketing","potentialAction":[{"@type":"SearchAction","target":{"@type":"EntryPoint","urlTemplate":"https:\/\/www.cidademarketing.com.br\/marketing\/?s={search_term_string}"},"query-input":{"@type":"PropertyValueSpecification","valueRequired":true,"valueName":"search_term_string"}}],"inLanguage":"pt-BR"},{"@type":"Organization","@id":"https:\/\/www.cidademarketing.com.br\/marketing\/#organization","name":"CidadeMarketing","alternateName":"CidadeMarketing","url":"https:\/\/www.cidademarketing.com.br\/marketing\/","logo":{"@type":"ImageObject","inLanguage":"pt-BR","@id":"https:\/\/www.cidademarketing.com.br\/marketing\/#\/schema\/logo\/image\/","url":"https:\/\/www.cidademarketing.com.br\/marketing\/wp-content\/uploads\/2020\/01\/cidademarketing_marca_mobile.png","contentUrl":"https:\/\/www.cidademarketing.com.br\/marketing\/wp-content\/uploads\/2020\/01\/cidademarketing_marca_mobile.png","width":230,"height":92,"caption":"CidadeMarketing"},"image":{"@id":"https:\/\/www.cidademarketing.com.br\/marketing\/#\/schema\/logo\/image\/"},"sameAs":["https:\/\/www.facebook.com\/portalcidademarketing","https:\/\/x.com\/CidadeMarketing","https:\/\/www.instagram.com\/cidademarketing\/"]},{"@type":"Person","@id":"https:\/\/www.cidademarketing.com.br\/marketing\/#\/schema\/person\/02daff9f18bd9378c9e01eb6b2db155f","name":"Thales Brand\u00e3o","image":{"@type":"ImageObject","inLanguage":"pt-BR","@id":"https:\/\/secure.gravatar.com\/avatar\/7ca3206950207cc3cb48feec56a8a7898741ab725c368d99d5d7a5a50aab80c6?s=96&d=mm&r=g","url":"https:\/\/secure.gravatar.com\/avatar\/7ca3206950207cc3cb48feec56a8a7898741ab725c368d99d5d7a5a50aab80c6?s=96&d=mm&r=g","contentUrl":"https:\/\/secure.gravatar.com\/avatar\/7ca3206950207cc3cb48feec56a8a7898741ab725c368d99d5d7a5a50aab80c6?s=96&d=mm&r=g","caption":"Thales Brand\u00e3o"},"description":"Editor Executivo do Portal CidadeMarketing.com.br &gt; Mestre em Comunica\u00e7\u00e3o e Sociedade pela Universidade Federal de Sergipe. Possui MBA Executivo em Administra\u00e7\u00e3o com \u00eanfase em Marketing pela Funda\u00e7\u00e3o Get\u00falio Vargas - Rio de Janeiro. Consultor, Palestrante e Pesquisador sobre Empreendedorismo, Marketing, Redes Sociais e Neg\u00f3cios Digitais. Professor, Palestrante TedxTalks e Campus Party. Twitter: @ThalesBrandao","sameAs":["http:\/\/www.mandacaru.com.br","https:\/\/www.facebook.com\/thalesbrandao","http:\/\/www.instagram.com.br\/thalesbrandaoferreira","https:\/\/www.linkedin.com\/in\/thales-brand\u00e3o-3948609\/","https:\/\/x.com\/http:\/\/www.twitter.com\/thalesbrandao"],"url":"https:\/\/www.cidademarketing.com.br\/marketing\/author\/thalesbrandao\/"}]}},"amp_enabled":true,"_links":{"self":[{"href":"https:\/\/www.cidademarketing.com.br\/marketing\/wp-json\/wp\/v2\/posts\/58242","targetHints":{"allow":["GET"]}}],"collection":[{"href":"https:\/\/www.cidademarketing.com.br\/marketing\/wp-json\/wp\/v2\/posts"}],"about":[{"href":"https:\/\/www.cidademarketing.com.br\/marketing\/wp-json\/wp\/v2\/types\/post"}],"author":[{"embeddable":true,"href":"https:\/\/www.cidademarketing.com.br\/marketing\/wp-json\/wp\/v2\/users\/1"}],"replies":[{"embeddable":true,"href":"https:\/\/www.cidademarketing.com.br\/marketing\/wp-json\/wp\/v2\/comments?post=58242"}],"version-history":[{"count":1,"href":"https:\/\/www.cidademarketing.com.br\/marketing\/wp-json\/wp\/v2\/posts\/58242\/revisions"}],"predecessor-version":[{"id":58247,"href":"https:\/\/www.cidademarketing.com.br\/marketing\/wp-json\/wp\/v2\/posts\/58242\/revisions\/58247"}],"wp:featuredmedia":[{"embeddable":true,"href":"https:\/\/www.cidademarketing.com.br\/marketing\/wp-json\/wp\/v2\/media\/58245"}],"wp:attachment":[{"href":"https:\/\/www.cidademarketing.com.br\/marketing\/wp-json\/wp\/v2\/media?parent=58242"}],"wp:term":[{"taxonomy":"category","embeddable":true,"href":"https:\/\/www.cidademarketing.com.br\/marketing\/wp-json\/wp\/v2\/categories?post=58242"},{"taxonomy":"post_tag","embeddable":true,"href":"https:\/\/www.cidademarketing.com.br\/marketing\/wp-json\/wp\/v2\/tags?post=58242"}],"curies":[{"name":"wp","href":"https:\/\/api.w.org\/{rel}","templated":true}]}}