{"id":58225,"date":"2025-10-29T17:44:45","date_gmt":"2025-10-29T20:44:45","guid":{"rendered":"https:\/\/www.cidademarketing.com.br\/marketing\/?p=58225"},"modified":"2025-10-29T17:44:45","modified_gmt":"2025-10-29T20:44:45","slug":"natura-lanca-campanha-de-kaiak-com-italo-ferreira-e-seu-sosia","status":"publish","type":"post","link":"https:\/\/www.cidademarketing.com.br\/marketing\/2025\/10\/29\/natura-lanca-campanha-de-kaiak-com-italo-ferreira-e-seu-sosia\/","title":{"rendered":"Natura lan\u00e7a campanha de Kaiak com \u00cdtalo Ferreira e seu s\u00f3sia"},"content":{"rendered":"<p>A Natura acaba de lan\u00e7ar uma nova campanha para celebrar um de seus maiores cl\u00e1ssicos: o Kaiak, fragr\u00e2ncia s\u00edmbolo do frescor e da conex\u00e3o com a natureza, que h\u00e1 anos ocupa o topo da perfumaria masculina no Brasil. Com o objetivo de refor\u00e7ar esse protagonismo, a marca apresenta \u201cFerreira vs Ferreira\u201d, um filme publicit\u00e1rio que coloca o campe\u00e3o mundial de surfe \u00cdtalo Ferreira frente a frente com o seu s\u00f3sia, Lailson Ferreira, em um duelo divertido e cheio de energia.<\/p>\n<figure id=\"attachment_58228\" aria-describedby=\"caption-attachment-58228\" style=\"width: 1000px\" class=\"wp-caption alignnone\"><img fetchpriority=\"high\" decoding=\"async\" class=\"wp-image-58228 size-full\" src=\"https:\/\/www.cidademarketing.com.br\/marketing\/wp-content\/uploads\/2025\/10\/kaiak_italo_ferreira_natura_campanha_02.webp\" alt=\"A comunica\u00e7\u00e3o traz um duelo divertido sobre o \u201cfrescor n\u00famero 1 do Brasil\u201d.\" width=\"1000\" height=\"552\" srcset=\"https:\/\/www.cidademarketing.com.br\/marketing\/wp-content\/uploads\/2025\/10\/kaiak_italo_ferreira_natura_campanha_02.webp 1000w, https:\/\/www.cidademarketing.com.br\/marketing\/wp-content\/uploads\/2025\/10\/kaiak_italo_ferreira_natura_campanha_02-300x166.webp 300w, https:\/\/www.cidademarketing.com.br\/marketing\/wp-content\/uploads\/2025\/10\/kaiak_italo_ferreira_natura_campanha_02-768x424.webp 768w, https:\/\/www.cidademarketing.com.br\/marketing\/wp-content\/uploads\/2025\/10\/kaiak_italo_ferreira_natura_campanha_02-761x420.webp 761w, https:\/\/www.cidademarketing.com.br\/marketing\/wp-content\/uploads\/2025\/10\/kaiak_italo_ferreira_natura_campanha_02-640x353.webp 640w, https:\/\/www.cidademarketing.com.br\/marketing\/wp-content\/uploads\/2025\/10\/kaiak_italo_ferreira_natura_campanha_02-681x376.webp 681w\" sizes=\"(max-width: 1000px) 100vw, 1000px\" \/><figcaption id=\"caption-attachment-58228\" class=\"wp-caption-text\">Reprodu\u00e7\u00e3o<\/figcaption><\/figure>\n<p>A campanha utiliza uma linguagem leve e bem-humorada para traduzir o esp\u00edrito de Kaiak \u2014 fresco, vibrante e aut\u00eantico. Inspirado na est\u00e9tica dos games, o filme mostra os \u201cdois Ferreiras\u201d disputando uma partida nas ondas: enquanto \u00cdtalo exibe todo o seu talento e dom\u00ednio sobre o mar, seu s\u00f3sia se atrapalha nas manobras, arrancando risadas do p\u00fablico.<\/p>\n<div class=\"youtube-embed\" data-video_id=\"ICuXXU5VoHc\"><iframe title=\"NATURA KAIAK APRESENTA: DESAFIO FINAL ENTRE ORIGINAL E S\u00d3SIA\" width=\"640\" height=\"360\" src=\"https:\/\/www.youtube.com\/embed\/ICuXXU5VoHc?feature=oembed&#038;enablejsapi=1\" frameborder=\"0\" allow=\"accelerometer; autoplay; clipboard-write; encrypted-media; gyroscope; picture-in-picture; web-share\" referrerpolicy=\"strict-origin-when-cross-origin\" allowfullscreen><\/iframe><\/div>\n<p>O conceito central refor\u00e7a a pot\u00eancia do n\u00famero 1, tanto nas conquistas do surfista potiguar quanto na lideran\u00e7a de Kaiak na categoria de perfumaria masculina no pa\u00eds. Al\u00e9m de celebrar o sucesso de uma fragr\u00e2ncia ic\u00f4nica, a a\u00e7\u00e3o reflete o DNA de inova\u00e7\u00e3o e brasilidade da Natura, unindo esporte, humor e natureza em uma narrativa envolvente.<\/p>\n<p>Com \u201cFerreira vs Ferreira\u201d, a Natura reafirma que ser n\u00famero 1 \u00e9 sin\u00f4nimo de autenticidade, frescor e conex\u00e3o com o que realmente importa: a natureza e as boas energias.<\/p>\n","protected":false},"excerpt":{"rendered":"<p>A Natura acaba de lan\u00e7ar uma nova campanha para celebrar um de seus maiores cl\u00e1ssicos: o Kaiak, fragr\u00e2ncia s\u00edmbolo do frescor e da conex\u00e3o com a natureza, que h\u00e1 anos ocupa o topo da perfumaria masculina no Brasil. Com o objetivo de refor\u00e7ar esse protagonismo, a marca apresenta \u201cFerreira vs Ferreira\u201d, um filme publicit\u00e1rio que [&hellip;]<\/p>\n","protected":false},"author":1,"featured_media":58227,"comment_status":"open","ping_status":"open","sticky":false,"template":"","format":"standard","meta":{"tdm_status":"","tdm_grid_status":"","footnotes":""},"categories":[6,14],"tags":[65,33,4461,5376,10064,10065,28,503,66,181],"class_list":["post-58225","post","type-post","status-publish","format-standard","has-post-thumbnail","hentry","category-noticias","category-videos","tag-campanha","tag-estrategia","tag-italo-ferreira","tag-kaiak","tag-kaiak-fragrancia","tag-kaiak-perfume","tag-marketing","tag-natura","tag-propaganda","tag-publicidade"],"yoast_head":"<!-- This site is optimized with the Yoast SEO plugin v27.5 - https:\/\/yoast.com\/product\/yoast-seo-wordpress\/ -->\n<title>Natura lan\u00e7a campanha de Kaiak com \u00cdtalo Ferreira e seu s\u00f3sia - CidadeMarketing<\/title>\n<meta name=\"description\" content=\"Natura lan\u00e7a a campanha \u201cFerreira vs Ferreira\u201d, estrelada por \u00cdtalo Ferreira e seu s\u00f3sia, para celebrar Kaiak \u2014 o frescor e a perfumaria masculina n\u00famero 1 do Brasil.\" \/>\n<meta name=\"robots\" content=\"index, follow, max-snippet:-1, max-image-preview:large, max-video-preview:-1\" \/>\n<link rel=\"canonical\" href=\"https:\/\/www.cidademarketing.com.br\/marketing\/2025\/10\/29\/natura-lanca-campanha-de-kaiak-com-italo-ferreira-e-seu-sosia\/\" \/>\n<meta property=\"og:locale\" content=\"pt_BR\" \/>\n<meta property=\"og:type\" content=\"article\" \/>\n<meta property=\"og:title\" content=\"Natura lan\u00e7a campanha de Kaiak com \u00cdtalo Ferreira e seu s\u00f3sia - CidadeMarketing\" \/>\n<meta property=\"og:description\" content=\"Natura lan\u00e7a a campanha \u201cFerreira vs Ferreira\u201d, estrelada por \u00cdtalo Ferreira e seu s\u00f3sia, para celebrar Kaiak \u2014 o frescor e a perfumaria masculina n\u00famero 1 do Brasil.\" \/>\n<meta property=\"og:url\" content=\"https:\/\/www.cidademarketing.com.br\/marketing\/2025\/10\/29\/natura-lanca-campanha-de-kaiak-com-italo-ferreira-e-seu-sosia\/\" \/>\n<meta property=\"og:site_name\" content=\"CidadeMarketing\" \/>\n<meta property=\"article:publisher\" content=\"https:\/\/www.facebook.com\/portalcidademarketing\" \/>\n<meta property=\"article:author\" content=\"https:\/\/www.facebook.com\/thalesbrandao\" \/>\n<meta property=\"article:published_time\" content=\"2025-10-29T20:44:45+00:00\" \/>\n<meta property=\"og:image\" content=\"https:\/\/www.cidademarketing.com.br\/marketing\/wp-content\/uploads\/2025\/10\/kaiak_italo_ferreira_natura_campanha_01.webp\" \/>\n\t<meta property=\"og:image:width\" content=\"1000\" \/>\n\t<meta property=\"og:image:height\" content=\"552\" \/>\n\t<meta property=\"og:image:type\" content=\"image\/webp\" \/>\n<meta name=\"author\" content=\"Thales Brand\u00e3o\" \/>\n<meta name=\"twitter:card\" content=\"summary_large_image\" \/>\n<meta name=\"twitter:creator\" content=\"@http:\/\/www.twitter.com\/thalesbrandao\" \/>\n<meta name=\"twitter:site\" content=\"@CidadeMarketing\" \/>\n<meta name=\"twitter:label1\" content=\"Escrito por\" \/>\n\t<meta name=\"twitter:data1\" content=\"Thales Brand\u00e3o\" \/>\n\t<meta name=\"twitter:label2\" content=\"Est. tempo de leitura\" \/>\n\t<meta name=\"twitter:data2\" content=\"2 minutos\" \/>\n<script type=\"application\/ld+json\" class=\"yoast-schema-graph\">{\"@context\":\"https:\\\/\\\/schema.org\",\"@graph\":[{\"@type\":\"Article\",\"@id\":\"https:\\\/\\\/www.cidademarketing.com.br\\\/marketing\\\/2025\\\/10\\\/29\\\/natura-lanca-campanha-de-kaiak-com-italo-ferreira-e-seu-sosia\\\/#article\",\"isPartOf\":{\"@id\":\"https:\\\/\\\/www.cidademarketing.com.br\\\/marketing\\\/2025\\\/10\\\/29\\\/natura-lanca-campanha-de-kaiak-com-italo-ferreira-e-seu-sosia\\\/\"},\"author\":{\"name\":\"Thales Brand\u00e3o\",\"@id\":\"https:\\\/\\\/www.cidademarketing.com.br\\\/marketing\\\/#\\\/schema\\\/person\\\/02daff9f18bd9378c9e01eb6b2db155f\"},\"headline\":\"Natura lan\u00e7a campanha de Kaiak com \u00cdtalo Ferreira e seu s\u00f3sia\",\"datePublished\":\"2025-10-29T20:44:45+00:00\",\"mainEntityOfPage\":{\"@id\":\"https:\\\/\\\/www.cidademarketing.com.br\\\/marketing\\\/2025\\\/10\\\/29\\\/natura-lanca-campanha-de-kaiak-com-italo-ferreira-e-seu-sosia\\\/\"},\"wordCount\":278,\"commentCount\":0,\"publisher\":{\"@id\":\"https:\\\/\\\/www.cidademarketing.com.br\\\/marketing\\\/#organization\"},\"image\":{\"@id\":\"https:\\\/\\\/www.cidademarketing.com.br\\\/marketing\\\/2025\\\/10\\\/29\\\/natura-lanca-campanha-de-kaiak-com-italo-ferreira-e-seu-sosia\\\/#primaryimage\"},\"thumbnailUrl\":\"https:\\\/\\\/www.cidademarketing.com.br\\\/marketing\\\/wp-content\\\/uploads\\\/2025\\\/10\\\/kaiak_italo_ferreira_natura_campanha_01.webp\",\"keywords\":[\"campanha\",\"estrat\u00e9gia\",\"\u00cdtalo Ferreira\",\"Kaiak\",\"Kaiak fragr\u00e2ncia\",\"Kaiak perfume\",\"marketing\",\"Natura\",\"propaganda\",\"publicidade\"],\"articleSection\":[\"Not\u00edcias\",\"Videos\"],\"inLanguage\":\"pt-BR\",\"potentialAction\":[{\"@type\":\"CommentAction\",\"name\":\"Comment\",\"target\":[\"https:\\\/\\\/www.cidademarketing.com.br\\\/marketing\\\/2025\\\/10\\\/29\\\/natura-lanca-campanha-de-kaiak-com-italo-ferreira-e-seu-sosia\\\/#respond\"]}]},{\"@type\":\"WebPage\",\"@id\":\"https:\\\/\\\/www.cidademarketing.com.br\\\/marketing\\\/2025\\\/10\\\/29\\\/natura-lanca-campanha-de-kaiak-com-italo-ferreira-e-seu-sosia\\\/\",\"url\":\"https:\\\/\\\/www.cidademarketing.com.br\\\/marketing\\\/2025\\\/10\\\/29\\\/natura-lanca-campanha-de-kaiak-com-italo-ferreira-e-seu-sosia\\\/\",\"name\":\"Natura lan\u00e7a campanha de Kaiak com \u00cdtalo Ferreira e seu s\u00f3sia - CidadeMarketing\",\"isPartOf\":{\"@id\":\"https:\\\/\\\/www.cidademarketing.com.br\\\/marketing\\\/#website\"},\"primaryImageOfPage\":{\"@id\":\"https:\\\/\\\/www.cidademarketing.com.br\\\/marketing\\\/2025\\\/10\\\/29\\\/natura-lanca-campanha-de-kaiak-com-italo-ferreira-e-seu-sosia\\\/#primaryimage\"},\"image\":{\"@id\":\"https:\\\/\\\/www.cidademarketing.com.br\\\/marketing\\\/2025\\\/10\\\/29\\\/natura-lanca-campanha-de-kaiak-com-italo-ferreira-e-seu-sosia\\\/#primaryimage\"},\"thumbnailUrl\":\"https:\\\/\\\/www.cidademarketing.com.br\\\/marketing\\\/wp-content\\\/uploads\\\/2025\\\/10\\\/kaiak_italo_ferreira_natura_campanha_01.webp\",\"datePublished\":\"2025-10-29T20:44:45+00:00\",\"description\":\"Natura lan\u00e7a a campanha \u201cFerreira vs Ferreira\u201d, estrelada por \u00cdtalo Ferreira e seu s\u00f3sia, para celebrar Kaiak \u2014 o frescor e a perfumaria masculina n\u00famero 1 do Brasil.\",\"breadcrumb\":{\"@id\":\"https:\\\/\\\/www.cidademarketing.com.br\\\/marketing\\\/2025\\\/10\\\/29\\\/natura-lanca-campanha-de-kaiak-com-italo-ferreira-e-seu-sosia\\\/#breadcrumb\"},\"inLanguage\":\"pt-BR\",\"potentialAction\":[{\"@type\":\"ReadAction\",\"target\":[\"https:\\\/\\\/www.cidademarketing.com.br\\\/marketing\\\/2025\\\/10\\\/29\\\/natura-lanca-campanha-de-kaiak-com-italo-ferreira-e-seu-sosia\\\/\"]}]},{\"@type\":\"ImageObject\",\"inLanguage\":\"pt-BR\",\"@id\":\"https:\\\/\\\/www.cidademarketing.com.br\\\/marketing\\\/2025\\\/10\\\/29\\\/natura-lanca-campanha-de-kaiak-com-italo-ferreira-e-seu-sosia\\\/#primaryimage\",\"url\":\"https:\\\/\\\/www.cidademarketing.com.br\\\/marketing\\\/wp-content\\\/uploads\\\/2025\\\/10\\\/kaiak_italo_ferreira_natura_campanha_01.webp\",\"contentUrl\":\"https:\\\/\\\/www.cidademarketing.com.br\\\/marketing\\\/wp-content\\\/uploads\\\/2025\\\/10\\\/kaiak_italo_ferreira_natura_campanha_01.webp\",\"width\":1000,\"height\":552,\"caption\":\"Reprodu\u00e7\u00e3o\"},{\"@type\":\"BreadcrumbList\",\"@id\":\"https:\\\/\\\/www.cidademarketing.com.br\\\/marketing\\\/2025\\\/10\\\/29\\\/natura-lanca-campanha-de-kaiak-com-italo-ferreira-e-seu-sosia\\\/#breadcrumb\",\"itemListElement\":[{\"@type\":\"ListItem\",\"position\":1,\"name\":\"In\u00edcio\",\"item\":\"https:\\\/\\\/www.cidademarketing.com.br\\\/marketing\\\/\"},{\"@type\":\"ListItem\",\"position\":2,\"name\":\"Natura lan\u00e7a campanha de Kaiak com \u00cdtalo Ferreira e seu s\u00f3sia\"}]},{\"@type\":\"WebSite\",\"@id\":\"https:\\\/\\\/www.cidademarketing.com.br\\\/marketing\\\/#website\",\"url\":\"https:\\\/\\\/www.cidademarketing.com.br\\\/marketing\\\/\",\"name\":\"CidadeMarketing\",\"description\":\"Somos um ve\u00edculo de comunica\u00e7\u00e3o de destaque no Brasil, reconhecido por conte\u00fados nos segmentos de marketing, empreendedorismo e inova\u00e7\u00e3o.\",\"publisher\":{\"@id\":\"https:\\\/\\\/www.cidademarketing.com.br\\\/marketing\\\/#organization\"},\"alternateName\":\"CidadeMarketing\",\"potentialAction\":[{\"@type\":\"SearchAction\",\"target\":{\"@type\":\"EntryPoint\",\"urlTemplate\":\"https:\\\/\\\/www.cidademarketing.com.br\\\/marketing\\\/?s={search_term_string}\"},\"query-input\":{\"@type\":\"PropertyValueSpecification\",\"valueRequired\":true,\"valueName\":\"search_term_string\"}}],\"inLanguage\":\"pt-BR\"},{\"@type\":\"Organization\",\"@id\":\"https:\\\/\\\/www.cidademarketing.com.br\\\/marketing\\\/#organization\",\"name\":\"CidadeMarketing\",\"alternateName\":\"CidadeMarketing\",\"url\":\"https:\\\/\\\/www.cidademarketing.com.br\\\/marketing\\\/\",\"logo\":{\"@type\":\"ImageObject\",\"inLanguage\":\"pt-BR\",\"@id\":\"https:\\\/\\\/www.cidademarketing.com.br\\\/marketing\\\/#\\\/schema\\\/logo\\\/image\\\/\",\"url\":\"https:\\\/\\\/www.cidademarketing.com.br\\\/marketing\\\/wp-content\\\/uploads\\\/2020\\\/01\\\/cidademarketing_marca_mobile.png\",\"contentUrl\":\"https:\\\/\\\/www.cidademarketing.com.br\\\/marketing\\\/wp-content\\\/uploads\\\/2020\\\/01\\\/cidademarketing_marca_mobile.png\",\"width\":230,\"height\":92,\"caption\":\"CidadeMarketing\"},\"image\":{\"@id\":\"https:\\\/\\\/www.cidademarketing.com.br\\\/marketing\\\/#\\\/schema\\\/logo\\\/image\\\/\"},\"sameAs\":[\"https:\\\/\\\/www.facebook.com\\\/portalcidademarketing\",\"https:\\\/\\\/x.com\\\/CidadeMarketing\",\"https:\\\/\\\/www.instagram.com\\\/cidademarketing\\\/\"]},{\"@type\":\"Person\",\"@id\":\"https:\\\/\\\/www.cidademarketing.com.br\\\/marketing\\\/#\\\/schema\\\/person\\\/02daff9f18bd9378c9e01eb6b2db155f\",\"name\":\"Thales Brand\u00e3o\",\"image\":{\"@type\":\"ImageObject\",\"inLanguage\":\"pt-BR\",\"@id\":\"https:\\\/\\\/secure.gravatar.com\\\/avatar\\\/7ca3206950207cc3cb48feec56a8a7898741ab725c368d99d5d7a5a50aab80c6?s=96&d=mm&r=g\",\"url\":\"https:\\\/\\\/secure.gravatar.com\\\/avatar\\\/7ca3206950207cc3cb48feec56a8a7898741ab725c368d99d5d7a5a50aab80c6?s=96&d=mm&r=g\",\"contentUrl\":\"https:\\\/\\\/secure.gravatar.com\\\/avatar\\\/7ca3206950207cc3cb48feec56a8a7898741ab725c368d99d5d7a5a50aab80c6?s=96&d=mm&r=g\",\"caption\":\"Thales Brand\u00e3o\"},\"description\":\"Editor Executivo do Portal CidadeMarketing.com.br &gt; Mestre em Comunica\u00e7\u00e3o e Sociedade pela Universidade Federal de Sergipe. Possui MBA Executivo em Administra\u00e7\u00e3o com \u00eanfase em Marketing pela Funda\u00e7\u00e3o Get\u00falio Vargas - Rio de Janeiro. Consultor, Palestrante e Pesquisador sobre Empreendedorismo, Marketing, Redes Sociais e Neg\u00f3cios Digitais. Professor, Palestrante TedxTalks e Campus Party. Twitter: @ThalesBrandao\",\"sameAs\":[\"http:\\\/\\\/www.mandacaru.com.br\",\"https:\\\/\\\/www.facebook.com\\\/thalesbrandao\",\"http:\\\/\\\/www.instagram.com.br\\\/thalesbrandaoferreira\",\"https:\\\/\\\/www.linkedin.com\\\/in\\\/thales-brand\u00e3o-3948609\\\/\",\"https:\\\/\\\/x.com\\\/http:\\\/\\\/www.twitter.com\\\/thalesbrandao\"],\"url\":\"https:\\\/\\\/www.cidademarketing.com.br\\\/marketing\\\/author\\\/thalesbrandao\\\/\"}]}<\/script>\n<!-- \/ Yoast SEO plugin. -->","yoast_head_json":{"title":"Natura lan\u00e7a campanha de Kaiak com \u00cdtalo Ferreira e seu s\u00f3sia - CidadeMarketing","description":"Natura lan\u00e7a a campanha \u201cFerreira vs Ferreira\u201d, estrelada por \u00cdtalo Ferreira e seu s\u00f3sia, para celebrar Kaiak \u2014 o frescor e a perfumaria masculina n\u00famero 1 do Brasil.","robots":{"index":"index","follow":"follow","max-snippet":"max-snippet:-1","max-image-preview":"max-image-preview:large","max-video-preview":"max-video-preview:-1"},"canonical":"https:\/\/www.cidademarketing.com.br\/marketing\/2025\/10\/29\/natura-lanca-campanha-de-kaiak-com-italo-ferreira-e-seu-sosia\/","og_locale":"pt_BR","og_type":"article","og_title":"Natura lan\u00e7a campanha de Kaiak com \u00cdtalo Ferreira e seu s\u00f3sia - CidadeMarketing","og_description":"Natura lan\u00e7a a campanha \u201cFerreira vs Ferreira\u201d, estrelada por \u00cdtalo Ferreira e seu s\u00f3sia, para celebrar Kaiak \u2014 o frescor e a perfumaria masculina n\u00famero 1 do Brasil.","og_url":"https:\/\/www.cidademarketing.com.br\/marketing\/2025\/10\/29\/natura-lanca-campanha-de-kaiak-com-italo-ferreira-e-seu-sosia\/","og_site_name":"CidadeMarketing","article_publisher":"https:\/\/www.facebook.com\/portalcidademarketing","article_author":"https:\/\/www.facebook.com\/thalesbrandao","article_published_time":"2025-10-29T20:44:45+00:00","og_image":[{"width":1000,"height":552,"url":"https:\/\/www.cidademarketing.com.br\/marketing\/wp-content\/uploads\/2025\/10\/kaiak_italo_ferreira_natura_campanha_01.webp","type":"image\/webp"}],"author":"Thales Brand\u00e3o","twitter_card":"summary_large_image","twitter_creator":"@http:\/\/www.twitter.com\/thalesbrandao","twitter_site":"@CidadeMarketing","twitter_misc":{"Escrito por":"Thales Brand\u00e3o","Est. tempo de leitura":"2 minutos"},"schema":{"@context":"https:\/\/schema.org","@graph":[{"@type":"Article","@id":"https:\/\/www.cidademarketing.com.br\/marketing\/2025\/10\/29\/natura-lanca-campanha-de-kaiak-com-italo-ferreira-e-seu-sosia\/#article","isPartOf":{"@id":"https:\/\/www.cidademarketing.com.br\/marketing\/2025\/10\/29\/natura-lanca-campanha-de-kaiak-com-italo-ferreira-e-seu-sosia\/"},"author":{"name":"Thales Brand\u00e3o","@id":"https:\/\/www.cidademarketing.com.br\/marketing\/#\/schema\/person\/02daff9f18bd9378c9e01eb6b2db155f"},"headline":"Natura lan\u00e7a campanha de Kaiak com \u00cdtalo Ferreira e seu s\u00f3sia","datePublished":"2025-10-29T20:44:45+00:00","mainEntityOfPage":{"@id":"https:\/\/www.cidademarketing.com.br\/marketing\/2025\/10\/29\/natura-lanca-campanha-de-kaiak-com-italo-ferreira-e-seu-sosia\/"},"wordCount":278,"commentCount":0,"publisher":{"@id":"https:\/\/www.cidademarketing.com.br\/marketing\/#organization"},"image":{"@id":"https:\/\/www.cidademarketing.com.br\/marketing\/2025\/10\/29\/natura-lanca-campanha-de-kaiak-com-italo-ferreira-e-seu-sosia\/#primaryimage"},"thumbnailUrl":"https:\/\/www.cidademarketing.com.br\/marketing\/wp-content\/uploads\/2025\/10\/kaiak_italo_ferreira_natura_campanha_01.webp","keywords":["campanha","estrat\u00e9gia","\u00cdtalo Ferreira","Kaiak","Kaiak fragr\u00e2ncia","Kaiak perfume","marketing","Natura","propaganda","publicidade"],"articleSection":["Not\u00edcias","Videos"],"inLanguage":"pt-BR","potentialAction":[{"@type":"CommentAction","name":"Comment","target":["https:\/\/www.cidademarketing.com.br\/marketing\/2025\/10\/29\/natura-lanca-campanha-de-kaiak-com-italo-ferreira-e-seu-sosia\/#respond"]}]},{"@type":"WebPage","@id":"https:\/\/www.cidademarketing.com.br\/marketing\/2025\/10\/29\/natura-lanca-campanha-de-kaiak-com-italo-ferreira-e-seu-sosia\/","url":"https:\/\/www.cidademarketing.com.br\/marketing\/2025\/10\/29\/natura-lanca-campanha-de-kaiak-com-italo-ferreira-e-seu-sosia\/","name":"Natura lan\u00e7a campanha de Kaiak com \u00cdtalo Ferreira e seu s\u00f3sia - CidadeMarketing","isPartOf":{"@id":"https:\/\/www.cidademarketing.com.br\/marketing\/#website"},"primaryImageOfPage":{"@id":"https:\/\/www.cidademarketing.com.br\/marketing\/2025\/10\/29\/natura-lanca-campanha-de-kaiak-com-italo-ferreira-e-seu-sosia\/#primaryimage"},"image":{"@id":"https:\/\/www.cidademarketing.com.br\/marketing\/2025\/10\/29\/natura-lanca-campanha-de-kaiak-com-italo-ferreira-e-seu-sosia\/#primaryimage"},"thumbnailUrl":"https:\/\/www.cidademarketing.com.br\/marketing\/wp-content\/uploads\/2025\/10\/kaiak_italo_ferreira_natura_campanha_01.webp","datePublished":"2025-10-29T20:44:45+00:00","description":"Natura lan\u00e7a a campanha \u201cFerreira vs Ferreira\u201d, estrelada por \u00cdtalo Ferreira e seu s\u00f3sia, para celebrar Kaiak \u2014 o frescor e a perfumaria masculina n\u00famero 1 do Brasil.","breadcrumb":{"@id":"https:\/\/www.cidademarketing.com.br\/marketing\/2025\/10\/29\/natura-lanca-campanha-de-kaiak-com-italo-ferreira-e-seu-sosia\/#breadcrumb"},"inLanguage":"pt-BR","potentialAction":[{"@type":"ReadAction","target":["https:\/\/www.cidademarketing.com.br\/marketing\/2025\/10\/29\/natura-lanca-campanha-de-kaiak-com-italo-ferreira-e-seu-sosia\/"]}]},{"@type":"ImageObject","inLanguage":"pt-BR","@id":"https:\/\/www.cidademarketing.com.br\/marketing\/2025\/10\/29\/natura-lanca-campanha-de-kaiak-com-italo-ferreira-e-seu-sosia\/#primaryimage","url":"https:\/\/www.cidademarketing.com.br\/marketing\/wp-content\/uploads\/2025\/10\/kaiak_italo_ferreira_natura_campanha_01.webp","contentUrl":"https:\/\/www.cidademarketing.com.br\/marketing\/wp-content\/uploads\/2025\/10\/kaiak_italo_ferreira_natura_campanha_01.webp","width":1000,"height":552,"caption":"Reprodu\u00e7\u00e3o"},{"@type":"BreadcrumbList","@id":"https:\/\/www.cidademarketing.com.br\/marketing\/2025\/10\/29\/natura-lanca-campanha-de-kaiak-com-italo-ferreira-e-seu-sosia\/#breadcrumb","itemListElement":[{"@type":"ListItem","position":1,"name":"In\u00edcio","item":"https:\/\/www.cidademarketing.com.br\/marketing\/"},{"@type":"ListItem","position":2,"name":"Natura lan\u00e7a campanha de Kaiak com \u00cdtalo Ferreira e seu s\u00f3sia"}]},{"@type":"WebSite","@id":"https:\/\/www.cidademarketing.com.br\/marketing\/#website","url":"https:\/\/www.cidademarketing.com.br\/marketing\/","name":"CidadeMarketing","description":"Somos um ve\u00edculo de comunica\u00e7\u00e3o de destaque no Brasil, reconhecido por conte\u00fados nos segmentos de marketing, empreendedorismo e inova\u00e7\u00e3o.","publisher":{"@id":"https:\/\/www.cidademarketing.com.br\/marketing\/#organization"},"alternateName":"CidadeMarketing","potentialAction":[{"@type":"SearchAction","target":{"@type":"EntryPoint","urlTemplate":"https:\/\/www.cidademarketing.com.br\/marketing\/?s={search_term_string}"},"query-input":{"@type":"PropertyValueSpecification","valueRequired":true,"valueName":"search_term_string"}}],"inLanguage":"pt-BR"},{"@type":"Organization","@id":"https:\/\/www.cidademarketing.com.br\/marketing\/#organization","name":"CidadeMarketing","alternateName":"CidadeMarketing","url":"https:\/\/www.cidademarketing.com.br\/marketing\/","logo":{"@type":"ImageObject","inLanguage":"pt-BR","@id":"https:\/\/www.cidademarketing.com.br\/marketing\/#\/schema\/logo\/image\/","url":"https:\/\/www.cidademarketing.com.br\/marketing\/wp-content\/uploads\/2020\/01\/cidademarketing_marca_mobile.png","contentUrl":"https:\/\/www.cidademarketing.com.br\/marketing\/wp-content\/uploads\/2020\/01\/cidademarketing_marca_mobile.png","width":230,"height":92,"caption":"CidadeMarketing"},"image":{"@id":"https:\/\/www.cidademarketing.com.br\/marketing\/#\/schema\/logo\/image\/"},"sameAs":["https:\/\/www.facebook.com\/portalcidademarketing","https:\/\/x.com\/CidadeMarketing","https:\/\/www.instagram.com\/cidademarketing\/"]},{"@type":"Person","@id":"https:\/\/www.cidademarketing.com.br\/marketing\/#\/schema\/person\/02daff9f18bd9378c9e01eb6b2db155f","name":"Thales Brand\u00e3o","image":{"@type":"ImageObject","inLanguage":"pt-BR","@id":"https:\/\/secure.gravatar.com\/avatar\/7ca3206950207cc3cb48feec56a8a7898741ab725c368d99d5d7a5a50aab80c6?s=96&d=mm&r=g","url":"https:\/\/secure.gravatar.com\/avatar\/7ca3206950207cc3cb48feec56a8a7898741ab725c368d99d5d7a5a50aab80c6?s=96&d=mm&r=g","contentUrl":"https:\/\/secure.gravatar.com\/avatar\/7ca3206950207cc3cb48feec56a8a7898741ab725c368d99d5d7a5a50aab80c6?s=96&d=mm&r=g","caption":"Thales Brand\u00e3o"},"description":"Editor Executivo do Portal CidadeMarketing.com.br &gt; Mestre em Comunica\u00e7\u00e3o e Sociedade pela Universidade Federal de Sergipe. Possui MBA Executivo em Administra\u00e7\u00e3o com \u00eanfase em Marketing pela Funda\u00e7\u00e3o Get\u00falio Vargas - Rio de Janeiro. Consultor, Palestrante e Pesquisador sobre Empreendedorismo, Marketing, Redes Sociais e Neg\u00f3cios Digitais. Professor, Palestrante TedxTalks e Campus Party. Twitter: @ThalesBrandao","sameAs":["http:\/\/www.mandacaru.com.br","https:\/\/www.facebook.com\/thalesbrandao","http:\/\/www.instagram.com.br\/thalesbrandaoferreira","https:\/\/www.linkedin.com\/in\/thales-brand\u00e3o-3948609\/","https:\/\/x.com\/http:\/\/www.twitter.com\/thalesbrandao"],"url":"https:\/\/www.cidademarketing.com.br\/marketing\/author\/thalesbrandao\/"}]}},"amp_enabled":true,"_links":{"self":[{"href":"https:\/\/www.cidademarketing.com.br\/marketing\/wp-json\/wp\/v2\/posts\/58225","targetHints":{"allow":["GET"]}}],"collection":[{"href":"https:\/\/www.cidademarketing.com.br\/marketing\/wp-json\/wp\/v2\/posts"}],"about":[{"href":"https:\/\/www.cidademarketing.com.br\/marketing\/wp-json\/wp\/v2\/types\/post"}],"author":[{"embeddable":true,"href":"https:\/\/www.cidademarketing.com.br\/marketing\/wp-json\/wp\/v2\/users\/1"}],"replies":[{"embeddable":true,"href":"https:\/\/www.cidademarketing.com.br\/marketing\/wp-json\/wp\/v2\/comments?post=58225"}],"version-history":[{"count":1,"href":"https:\/\/www.cidademarketing.com.br\/marketing\/wp-json\/wp\/v2\/posts\/58225\/revisions"}],"predecessor-version":[{"id":58229,"href":"https:\/\/www.cidademarketing.com.br\/marketing\/wp-json\/wp\/v2\/posts\/58225\/revisions\/58229"}],"wp:featuredmedia":[{"embeddable":true,"href":"https:\/\/www.cidademarketing.com.br\/marketing\/wp-json\/wp\/v2\/media\/58227"}],"wp:attachment":[{"href":"https:\/\/www.cidademarketing.com.br\/marketing\/wp-json\/wp\/v2\/media?parent=58225"}],"wp:term":[{"taxonomy":"category","embeddable":true,"href":"https:\/\/www.cidademarketing.com.br\/marketing\/wp-json\/wp\/v2\/categories?post=58225"},{"taxonomy":"post_tag","embeddable":true,"href":"https:\/\/www.cidademarketing.com.br\/marketing\/wp-json\/wp\/v2\/tags?post=58225"}],"curies":[{"name":"wp","href":"https:\/\/api.w.org\/{rel}","templated":true}]}}