{"id":58208,"date":"2025-10-28T08:30:54","date_gmt":"2025-10-28T11:30:54","guid":{"rendered":"https:\/\/www.cidademarketing.com.br\/marketing\/?p=58208"},"modified":"2025-10-28T08:30:54","modified_gmt":"2025-10-28T11:30:54","slug":"apos-titulo-inedito-joao-fonseca-entra-em-quadra-nesta-manha-confira-o-horario-da-partida","status":"publish","type":"post","link":"https:\/\/www.cidademarketing.com.br\/marketing\/2025\/10\/28\/apos-titulo-inedito-joao-fonseca-entra-em-quadra-nesta-manha-confira-o-horario-da-partida\/","title":{"rendered":"Ap\u00f3s t\u00edtulo in\u00e9dito, Jo\u00e3o Fonseca entra em quadra nesta manh\u00e3; confira o hor\u00e1rio da partida"},"content":{"rendered":"<p>Menos de 48 horas ap\u00f3s conquistar um t\u00edtulo hist\u00f3rico no t\u00eanis mundial, o jovem brasileiro Jo\u00e3o Fonseca, de apenas 19 anos, volta \u00e0 quadra nesta ter\u00e7a-feira (28) para mais um grande desafio. O carioca, que vive o melhor momento da carreira, faz sua estreia no Masters 1000 de Paris, na Fran\u00e7a, enfrentando o canadense Denis Shapovalov, atual 24\u00ba colocado do ranking da ATP.<\/p>\n<p>A partida ser\u00e1 a segunda da programa\u00e7\u00e3o da quadra 1, com in\u00edcio previsto para 8h30 (hor\u00e1rio de Bras\u00edlia). Os f\u00e3s de t\u00eanis poder\u00e3o acompanhar o duelo ao vivo pela ESPN e pelo Disney+.<\/p>\n<p>No \u00faltimo domingo (26), Fonseca brilhou nas quadras su\u00ed\u00e7as e fez hist\u00f3ria ao vencer o ATP 500 da Basileia, seu primeiro t\u00edtulo de n\u00edvel 500 na carreira profissional. O brasileiro superou o espanhol Alejandro Davidovich Fokina por 6\/3 e 6\/4, em uma atua\u00e7\u00e3o firme e confiante que confirmou seu amadurecimento precoce no circuito.<\/p>\n<p>Com a conquista, Jo\u00e3o Fonseca se tornou o quinto melhor tenista do Brasil no ranking da ATP e o n\u00famero 28 do mundo, consolidando-se como uma das maiores promessas do t\u00eanis nacional e mundial.<\/p>\n<p>O novo compromisso em Paris chega em ritmo acelerado, sem muito tempo para descanso. Curiosamente, o advers\u00e1rio desta ter\u00e7a-feira \u00e9 o mesmo que Fonseca derrotou nas quartas de final da Basileia, o que promete um reencontro carregado de rivalidade e expectativa.<\/p>\n<p>Servi\u00e7o:<br \/>\nData: Ter\u00e7a-feira, 28 de outubro<br \/>\nHor\u00e1rio estimado: 8h30 (de Bras\u00edlia)<br \/>\nJogo: Jo\u00e3o Fonseca (BRA) x Denis Shapovalov (CAN)<br \/>\nTransmiss\u00e3o: ESPN e Disney+<\/p>\n","protected":false},"excerpt":{"rendered":"<p>Menos de 48 horas ap\u00f3s conquistar um t\u00edtulo hist\u00f3rico no t\u00eanis mundial, o jovem brasileiro Jo\u00e3o Fonseca, de apenas 19 anos, volta \u00e0 quadra nesta ter\u00e7a-feira (28) para mais um grande desafio. O carioca, que vive o melhor momento da carreira, faz sua estreia no Masters 1000 de Paris, na Fran\u00e7a, enfrentando o canadense Denis [&hellip;]<\/p>\n","protected":false},"author":1,"featured_media":58209,"comment_status":"open","ping_status":"open","sticky":false,"template":"","format":"standard","meta":{"tdm_status":"","tdm_grid_status":"","footnotes":""},"categories":[6],"tags":[147,6760,28,10051,1730,10052,1448,10053],"class_list":["post-58208","post","type-post","status-publish","format-standard","has-post-thumbnail","hentry","category-noticias","tag-brasil","tag-joao-fonseca","tag-marketing","tag-master-1000-paris","tag-paris","tag-rolex-paris-masters-2025","tag-tenis","tag-tenis-joao-fonseca"],"yoast_head":"<!-- This site is optimized with the Yoast SEO plugin v27.5 - https:\/\/yoast.com\/product\/yoast-seo-wordpress\/ -->\n<title>Ap\u00f3s t\u00edtulo in\u00e9dito, Jo\u00e3o Fonseca entra em quadra nesta manh\u00e3; confira o hor\u00e1rio da partida - CidadeMarketing<\/title>\n<meta name=\"description\" content=\"Com apenas 19 anos, Jo\u00e3o Fonseca volta \u00e0s quadras nesta ter\u00e7a (28) ap\u00f3s conquistar o t\u00edtulo in\u00e9dito do ATP 500 da Basileia. O brasileiro enfrenta Denis Shapovalov no Masters 1000 de Paris, \u00e0s 8h30, com transmiss\u00e3o da ESPN e Disney+.\" \/>\n<meta name=\"robots\" content=\"index, follow, max-snippet:-1, max-image-preview:large, max-video-preview:-1\" \/>\n<link rel=\"canonical\" href=\"https:\/\/www.cidademarketing.com.br\/marketing\/2025\/10\/28\/apos-titulo-inedito-joao-fonseca-entra-em-quadra-nesta-manha-confira-o-horario-da-partida\/\" \/>\n<meta property=\"og:locale\" content=\"pt_BR\" \/>\n<meta property=\"og:type\" content=\"article\" \/>\n<meta property=\"og:title\" content=\"Ap\u00f3s t\u00edtulo in\u00e9dito, Jo\u00e3o Fonseca entra em quadra nesta manh\u00e3; confira o hor\u00e1rio da partida - CidadeMarketing\" \/>\n<meta property=\"og:description\" content=\"Com apenas 19 anos, Jo\u00e3o Fonseca volta \u00e0s quadras nesta ter\u00e7a (28) ap\u00f3s conquistar o t\u00edtulo in\u00e9dito do ATP 500 da Basileia. O brasileiro enfrenta Denis Shapovalov no Masters 1000 de Paris, \u00e0s 8h30, com transmiss\u00e3o da ESPN e Disney+.\" \/>\n<meta property=\"og:url\" content=\"https:\/\/www.cidademarketing.com.br\/marketing\/2025\/10\/28\/apos-titulo-inedito-joao-fonseca-entra-em-quadra-nesta-manha-confira-o-horario-da-partida\/\" \/>\n<meta property=\"og:site_name\" content=\"CidadeMarketing\" \/>\n<meta property=\"article:publisher\" content=\"https:\/\/www.facebook.com\/portalcidademarketing\" \/>\n<meta property=\"article:author\" content=\"https:\/\/www.facebook.com\/thalesbrandao\" \/>\n<meta property=\"article:published_time\" content=\"2025-10-28T11:30:54+00:00\" \/>\n<meta property=\"og:image\" content=\"https:\/\/www.cidademarketing.com.br\/marketing\/wp-content\/uploads\/2025\/10\/joaofonseca_master1000_paris.webp\" \/>\n\t<meta property=\"og:image:width\" content=\"1000\" \/>\n\t<meta property=\"og:image:height\" content=\"1013\" \/>\n\t<meta property=\"og:image:type\" content=\"image\/webp\" \/>\n<meta name=\"author\" content=\"Thales Brand\u00e3o\" \/>\n<meta name=\"twitter:card\" content=\"summary_large_image\" \/>\n<meta name=\"twitter:creator\" content=\"@http:\/\/www.twitter.com\/thalesbrandao\" \/>\n<meta name=\"twitter:site\" content=\"@CidadeMarketing\" \/>\n<meta name=\"twitter:label1\" content=\"Escrito por\" \/>\n\t<meta name=\"twitter:data1\" content=\"Thales Brand\u00e3o\" \/>\n\t<meta name=\"twitter:label2\" content=\"Est. tempo de leitura\" \/>\n\t<meta name=\"twitter:data2\" content=\"2 minutos\" \/>\n<script type=\"application\/ld+json\" class=\"yoast-schema-graph\">{\"@context\":\"https:\\\/\\\/schema.org\",\"@graph\":[{\"@type\":\"Article\",\"@id\":\"https:\\\/\\\/www.cidademarketing.com.br\\\/marketing\\\/2025\\\/10\\\/28\\\/apos-titulo-inedito-joao-fonseca-entra-em-quadra-nesta-manha-confira-o-horario-da-partida\\\/#article\",\"isPartOf\":{\"@id\":\"https:\\\/\\\/www.cidademarketing.com.br\\\/marketing\\\/2025\\\/10\\\/28\\\/apos-titulo-inedito-joao-fonseca-entra-em-quadra-nesta-manha-confira-o-horario-da-partida\\\/\"},\"author\":{\"name\":\"Thales Brand\u00e3o\",\"@id\":\"https:\\\/\\\/www.cidademarketing.com.br\\\/marketing\\\/#\\\/schema\\\/person\\\/02daff9f18bd9378c9e01eb6b2db155f\"},\"headline\":\"Ap\u00f3s t\u00edtulo in\u00e9dito, Jo\u00e3o Fonseca entra em quadra nesta manh\u00e3; confira o hor\u00e1rio da partida\",\"datePublished\":\"2025-10-28T11:30:54+00:00\",\"mainEntityOfPage\":{\"@id\":\"https:\\\/\\\/www.cidademarketing.com.br\\\/marketing\\\/2025\\\/10\\\/28\\\/apos-titulo-inedito-joao-fonseca-entra-em-quadra-nesta-manha-confira-o-horario-da-partida\\\/\"},\"wordCount\":282,\"commentCount\":0,\"publisher\":{\"@id\":\"https:\\\/\\\/www.cidademarketing.com.br\\\/marketing\\\/#organization\"},\"image\":{\"@id\":\"https:\\\/\\\/www.cidademarketing.com.br\\\/marketing\\\/2025\\\/10\\\/28\\\/apos-titulo-inedito-joao-fonseca-entra-em-quadra-nesta-manha-confira-o-horario-da-partida\\\/#primaryimage\"},\"thumbnailUrl\":\"https:\\\/\\\/www.cidademarketing.com.br\\\/marketing\\\/wp-content\\\/uploads\\\/2025\\\/10\\\/joaofonseca_master1000_paris.webp\",\"keywords\":[\"Brasil\",\"Jo\u00e3o Fonseca\",\"marketing\",\"Master 1000 Paris\",\"Paris\",\"Rolex Paris Masters 2025\",\"t\u00eanis\",\"t\u00eanis Jo\u00e3o Fonseca\"],\"articleSection\":[\"Not\u00edcias\"],\"inLanguage\":\"pt-BR\",\"potentialAction\":[{\"@type\":\"CommentAction\",\"name\":\"Comment\",\"target\":[\"https:\\\/\\\/www.cidademarketing.com.br\\\/marketing\\\/2025\\\/10\\\/28\\\/apos-titulo-inedito-joao-fonseca-entra-em-quadra-nesta-manha-confira-o-horario-da-partida\\\/#respond\"]}]},{\"@type\":\"WebPage\",\"@id\":\"https:\\\/\\\/www.cidademarketing.com.br\\\/marketing\\\/2025\\\/10\\\/28\\\/apos-titulo-inedito-joao-fonseca-entra-em-quadra-nesta-manha-confira-o-horario-da-partida\\\/\",\"url\":\"https:\\\/\\\/www.cidademarketing.com.br\\\/marketing\\\/2025\\\/10\\\/28\\\/apos-titulo-inedito-joao-fonseca-entra-em-quadra-nesta-manha-confira-o-horario-da-partida\\\/\",\"name\":\"Ap\u00f3s t\u00edtulo in\u00e9dito, Jo\u00e3o Fonseca entra em quadra nesta manh\u00e3; confira o hor\u00e1rio da partida - CidadeMarketing\",\"isPartOf\":{\"@id\":\"https:\\\/\\\/www.cidademarketing.com.br\\\/marketing\\\/#website\"},\"primaryImageOfPage\":{\"@id\":\"https:\\\/\\\/www.cidademarketing.com.br\\\/marketing\\\/2025\\\/10\\\/28\\\/apos-titulo-inedito-joao-fonseca-entra-em-quadra-nesta-manha-confira-o-horario-da-partida\\\/#primaryimage\"},\"image\":{\"@id\":\"https:\\\/\\\/www.cidademarketing.com.br\\\/marketing\\\/2025\\\/10\\\/28\\\/apos-titulo-inedito-joao-fonseca-entra-em-quadra-nesta-manha-confira-o-horario-da-partida\\\/#primaryimage\"},\"thumbnailUrl\":\"https:\\\/\\\/www.cidademarketing.com.br\\\/marketing\\\/wp-content\\\/uploads\\\/2025\\\/10\\\/joaofonseca_master1000_paris.webp\",\"datePublished\":\"2025-10-28T11:30:54+00:00\",\"description\":\"Com apenas 19 anos, Jo\u00e3o Fonseca volta \u00e0s quadras nesta ter\u00e7a (28) ap\u00f3s conquistar o t\u00edtulo in\u00e9dito do ATP 500 da Basileia. O brasileiro enfrenta Denis Shapovalov no Masters 1000 de Paris, \u00e0s 8h30, com transmiss\u00e3o da ESPN e Disney+.\",\"breadcrumb\":{\"@id\":\"https:\\\/\\\/www.cidademarketing.com.br\\\/marketing\\\/2025\\\/10\\\/28\\\/apos-titulo-inedito-joao-fonseca-entra-em-quadra-nesta-manha-confira-o-horario-da-partida\\\/#breadcrumb\"},\"inLanguage\":\"pt-BR\",\"potentialAction\":[{\"@type\":\"ReadAction\",\"target\":[\"https:\\\/\\\/www.cidademarketing.com.br\\\/marketing\\\/2025\\\/10\\\/28\\\/apos-titulo-inedito-joao-fonseca-entra-em-quadra-nesta-manha-confira-o-horario-da-partida\\\/\"]}]},{\"@type\":\"ImageObject\",\"inLanguage\":\"pt-BR\",\"@id\":\"https:\\\/\\\/www.cidademarketing.com.br\\\/marketing\\\/2025\\\/10\\\/28\\\/apos-titulo-inedito-joao-fonseca-entra-em-quadra-nesta-manha-confira-o-horario-da-partida\\\/#primaryimage\",\"url\":\"https:\\\/\\\/www.cidademarketing.com.br\\\/marketing\\\/wp-content\\\/uploads\\\/2025\\\/10\\\/joaofonseca_master1000_paris.webp\",\"contentUrl\":\"https:\\\/\\\/www.cidademarketing.com.br\\\/marketing\\\/wp-content\\\/uploads\\\/2025\\\/10\\\/joaofonseca_master1000_paris.webp\",\"width\":1000,\"height\":1013,\"caption\":\"Reprodu\u00e7\u00e3o\\\/Instagram @joaoffonseca\"},{\"@type\":\"BreadcrumbList\",\"@id\":\"https:\\\/\\\/www.cidademarketing.com.br\\\/marketing\\\/2025\\\/10\\\/28\\\/apos-titulo-inedito-joao-fonseca-entra-em-quadra-nesta-manha-confira-o-horario-da-partida\\\/#breadcrumb\",\"itemListElement\":[{\"@type\":\"ListItem\",\"position\":1,\"name\":\"In\u00edcio\",\"item\":\"https:\\\/\\\/www.cidademarketing.com.br\\\/marketing\\\/\"},{\"@type\":\"ListItem\",\"position\":2,\"name\":\"Ap\u00f3s t\u00edtulo in\u00e9dito, Jo\u00e3o Fonseca entra em quadra nesta manh\u00e3; confira o hor\u00e1rio da partida\"}]},{\"@type\":\"WebSite\",\"@id\":\"https:\\\/\\\/www.cidademarketing.com.br\\\/marketing\\\/#website\",\"url\":\"https:\\\/\\\/www.cidademarketing.com.br\\\/marketing\\\/\",\"name\":\"CidadeMarketing\",\"description\":\"Somos um ve\u00edculo de comunica\u00e7\u00e3o de destaque no Brasil, reconhecido por conte\u00fados nos segmentos de marketing, empreendedorismo e inova\u00e7\u00e3o.\",\"publisher\":{\"@id\":\"https:\\\/\\\/www.cidademarketing.com.br\\\/marketing\\\/#organization\"},\"alternateName\":\"CidadeMarketing\",\"potentialAction\":[{\"@type\":\"SearchAction\",\"target\":{\"@type\":\"EntryPoint\",\"urlTemplate\":\"https:\\\/\\\/www.cidademarketing.com.br\\\/marketing\\\/?s={search_term_string}\"},\"query-input\":{\"@type\":\"PropertyValueSpecification\",\"valueRequired\":true,\"valueName\":\"search_term_string\"}}],\"inLanguage\":\"pt-BR\"},{\"@type\":\"Organization\",\"@id\":\"https:\\\/\\\/www.cidademarketing.com.br\\\/marketing\\\/#organization\",\"name\":\"CidadeMarketing\",\"alternateName\":\"CidadeMarketing\",\"url\":\"https:\\\/\\\/www.cidademarketing.com.br\\\/marketing\\\/\",\"logo\":{\"@type\":\"ImageObject\",\"inLanguage\":\"pt-BR\",\"@id\":\"https:\\\/\\\/www.cidademarketing.com.br\\\/marketing\\\/#\\\/schema\\\/logo\\\/image\\\/\",\"url\":\"https:\\\/\\\/www.cidademarketing.com.br\\\/marketing\\\/wp-content\\\/uploads\\\/2020\\\/01\\\/cidademarketing_marca_mobile.png\",\"contentUrl\":\"https:\\\/\\\/www.cidademarketing.com.br\\\/marketing\\\/wp-content\\\/uploads\\\/2020\\\/01\\\/cidademarketing_marca_mobile.png\",\"width\":230,\"height\":92,\"caption\":\"CidadeMarketing\"},\"image\":{\"@id\":\"https:\\\/\\\/www.cidademarketing.com.br\\\/marketing\\\/#\\\/schema\\\/logo\\\/image\\\/\"},\"sameAs\":[\"https:\\\/\\\/www.facebook.com\\\/portalcidademarketing\",\"https:\\\/\\\/x.com\\\/CidadeMarketing\",\"https:\\\/\\\/www.instagram.com\\\/cidademarketing\\\/\"]},{\"@type\":\"Person\",\"@id\":\"https:\\\/\\\/www.cidademarketing.com.br\\\/marketing\\\/#\\\/schema\\\/person\\\/02daff9f18bd9378c9e01eb6b2db155f\",\"name\":\"Thales Brand\u00e3o\",\"image\":{\"@type\":\"ImageObject\",\"inLanguage\":\"pt-BR\",\"@id\":\"https:\\\/\\\/secure.gravatar.com\\\/avatar\\\/7ca3206950207cc3cb48feec56a8a7898741ab725c368d99d5d7a5a50aab80c6?s=96&d=mm&r=g\",\"url\":\"https:\\\/\\\/secure.gravatar.com\\\/avatar\\\/7ca3206950207cc3cb48feec56a8a7898741ab725c368d99d5d7a5a50aab80c6?s=96&d=mm&r=g\",\"contentUrl\":\"https:\\\/\\\/secure.gravatar.com\\\/avatar\\\/7ca3206950207cc3cb48feec56a8a7898741ab725c368d99d5d7a5a50aab80c6?s=96&d=mm&r=g\",\"caption\":\"Thales Brand\u00e3o\"},\"description\":\"Editor Executivo do Portal CidadeMarketing.com.br &gt; Mestre em Comunica\u00e7\u00e3o e Sociedade pela Universidade Federal de Sergipe. Possui MBA Executivo em Administra\u00e7\u00e3o com \u00eanfase em Marketing pela Funda\u00e7\u00e3o Get\u00falio Vargas - Rio de Janeiro. Consultor, Palestrante e Pesquisador sobre Empreendedorismo, Marketing, Redes Sociais e Neg\u00f3cios Digitais. Professor, Palestrante TedxTalks e Campus Party. Twitter: @ThalesBrandao\",\"sameAs\":[\"http:\\\/\\\/www.mandacaru.com.br\",\"https:\\\/\\\/www.facebook.com\\\/thalesbrandao\",\"http:\\\/\\\/www.instagram.com.br\\\/thalesbrandaoferreira\",\"https:\\\/\\\/www.linkedin.com\\\/in\\\/thales-brand\u00e3o-3948609\\\/\",\"https:\\\/\\\/x.com\\\/http:\\\/\\\/www.twitter.com\\\/thalesbrandao\"],\"url\":\"https:\\\/\\\/www.cidademarketing.com.br\\\/marketing\\\/author\\\/thalesbrandao\\\/\"}]}<\/script>\n<!-- \/ Yoast SEO plugin. -->","yoast_head_json":{"title":"Ap\u00f3s t\u00edtulo in\u00e9dito, Jo\u00e3o Fonseca entra em quadra nesta manh\u00e3; confira o hor\u00e1rio da partida - CidadeMarketing","description":"Com apenas 19 anos, Jo\u00e3o Fonseca volta \u00e0s quadras nesta ter\u00e7a (28) ap\u00f3s conquistar o t\u00edtulo in\u00e9dito do ATP 500 da Basileia. O brasileiro enfrenta Denis Shapovalov no Masters 1000 de Paris, \u00e0s 8h30, com transmiss\u00e3o da ESPN e Disney+.","robots":{"index":"index","follow":"follow","max-snippet":"max-snippet:-1","max-image-preview":"max-image-preview:large","max-video-preview":"max-video-preview:-1"},"canonical":"https:\/\/www.cidademarketing.com.br\/marketing\/2025\/10\/28\/apos-titulo-inedito-joao-fonseca-entra-em-quadra-nesta-manha-confira-o-horario-da-partida\/","og_locale":"pt_BR","og_type":"article","og_title":"Ap\u00f3s t\u00edtulo in\u00e9dito, Jo\u00e3o Fonseca entra em quadra nesta manh\u00e3; confira o hor\u00e1rio da partida - CidadeMarketing","og_description":"Com apenas 19 anos, Jo\u00e3o Fonseca volta \u00e0s quadras nesta ter\u00e7a (28) ap\u00f3s conquistar o t\u00edtulo in\u00e9dito do ATP 500 da Basileia. O brasileiro enfrenta Denis Shapovalov no Masters 1000 de Paris, \u00e0s 8h30, com transmiss\u00e3o da ESPN e Disney+.","og_url":"https:\/\/www.cidademarketing.com.br\/marketing\/2025\/10\/28\/apos-titulo-inedito-joao-fonseca-entra-em-quadra-nesta-manha-confira-o-horario-da-partida\/","og_site_name":"CidadeMarketing","article_publisher":"https:\/\/www.facebook.com\/portalcidademarketing","article_author":"https:\/\/www.facebook.com\/thalesbrandao","article_published_time":"2025-10-28T11:30:54+00:00","og_image":[{"width":1000,"height":1013,"url":"https:\/\/www.cidademarketing.com.br\/marketing\/wp-content\/uploads\/2025\/10\/joaofonseca_master1000_paris.webp","type":"image\/webp"}],"author":"Thales Brand\u00e3o","twitter_card":"summary_large_image","twitter_creator":"@http:\/\/www.twitter.com\/thalesbrandao","twitter_site":"@CidadeMarketing","twitter_misc":{"Escrito por":"Thales Brand\u00e3o","Est. tempo de leitura":"2 minutos"},"schema":{"@context":"https:\/\/schema.org","@graph":[{"@type":"Article","@id":"https:\/\/www.cidademarketing.com.br\/marketing\/2025\/10\/28\/apos-titulo-inedito-joao-fonseca-entra-em-quadra-nesta-manha-confira-o-horario-da-partida\/#article","isPartOf":{"@id":"https:\/\/www.cidademarketing.com.br\/marketing\/2025\/10\/28\/apos-titulo-inedito-joao-fonseca-entra-em-quadra-nesta-manha-confira-o-horario-da-partida\/"},"author":{"name":"Thales Brand\u00e3o","@id":"https:\/\/www.cidademarketing.com.br\/marketing\/#\/schema\/person\/02daff9f18bd9378c9e01eb6b2db155f"},"headline":"Ap\u00f3s t\u00edtulo in\u00e9dito, Jo\u00e3o Fonseca entra em quadra nesta manh\u00e3; confira o hor\u00e1rio da partida","datePublished":"2025-10-28T11:30:54+00:00","mainEntityOfPage":{"@id":"https:\/\/www.cidademarketing.com.br\/marketing\/2025\/10\/28\/apos-titulo-inedito-joao-fonseca-entra-em-quadra-nesta-manha-confira-o-horario-da-partida\/"},"wordCount":282,"commentCount":0,"publisher":{"@id":"https:\/\/www.cidademarketing.com.br\/marketing\/#organization"},"image":{"@id":"https:\/\/www.cidademarketing.com.br\/marketing\/2025\/10\/28\/apos-titulo-inedito-joao-fonseca-entra-em-quadra-nesta-manha-confira-o-horario-da-partida\/#primaryimage"},"thumbnailUrl":"https:\/\/www.cidademarketing.com.br\/marketing\/wp-content\/uploads\/2025\/10\/joaofonseca_master1000_paris.webp","keywords":["Brasil","Jo\u00e3o Fonseca","marketing","Master 1000 Paris","Paris","Rolex Paris Masters 2025","t\u00eanis","t\u00eanis Jo\u00e3o Fonseca"],"articleSection":["Not\u00edcias"],"inLanguage":"pt-BR","potentialAction":[{"@type":"CommentAction","name":"Comment","target":["https:\/\/www.cidademarketing.com.br\/marketing\/2025\/10\/28\/apos-titulo-inedito-joao-fonseca-entra-em-quadra-nesta-manha-confira-o-horario-da-partida\/#respond"]}]},{"@type":"WebPage","@id":"https:\/\/www.cidademarketing.com.br\/marketing\/2025\/10\/28\/apos-titulo-inedito-joao-fonseca-entra-em-quadra-nesta-manha-confira-o-horario-da-partida\/","url":"https:\/\/www.cidademarketing.com.br\/marketing\/2025\/10\/28\/apos-titulo-inedito-joao-fonseca-entra-em-quadra-nesta-manha-confira-o-horario-da-partida\/","name":"Ap\u00f3s t\u00edtulo in\u00e9dito, Jo\u00e3o Fonseca entra em quadra nesta manh\u00e3; confira o hor\u00e1rio da partida - CidadeMarketing","isPartOf":{"@id":"https:\/\/www.cidademarketing.com.br\/marketing\/#website"},"primaryImageOfPage":{"@id":"https:\/\/www.cidademarketing.com.br\/marketing\/2025\/10\/28\/apos-titulo-inedito-joao-fonseca-entra-em-quadra-nesta-manha-confira-o-horario-da-partida\/#primaryimage"},"image":{"@id":"https:\/\/www.cidademarketing.com.br\/marketing\/2025\/10\/28\/apos-titulo-inedito-joao-fonseca-entra-em-quadra-nesta-manha-confira-o-horario-da-partida\/#primaryimage"},"thumbnailUrl":"https:\/\/www.cidademarketing.com.br\/marketing\/wp-content\/uploads\/2025\/10\/joaofonseca_master1000_paris.webp","datePublished":"2025-10-28T11:30:54+00:00","description":"Com apenas 19 anos, Jo\u00e3o Fonseca volta \u00e0s quadras nesta ter\u00e7a (28) ap\u00f3s conquistar o t\u00edtulo in\u00e9dito do ATP 500 da Basileia. O brasileiro enfrenta Denis Shapovalov no Masters 1000 de Paris, \u00e0s 8h30, com transmiss\u00e3o da ESPN e Disney+.","breadcrumb":{"@id":"https:\/\/www.cidademarketing.com.br\/marketing\/2025\/10\/28\/apos-titulo-inedito-joao-fonseca-entra-em-quadra-nesta-manha-confira-o-horario-da-partida\/#breadcrumb"},"inLanguage":"pt-BR","potentialAction":[{"@type":"ReadAction","target":["https:\/\/www.cidademarketing.com.br\/marketing\/2025\/10\/28\/apos-titulo-inedito-joao-fonseca-entra-em-quadra-nesta-manha-confira-o-horario-da-partida\/"]}]},{"@type":"ImageObject","inLanguage":"pt-BR","@id":"https:\/\/www.cidademarketing.com.br\/marketing\/2025\/10\/28\/apos-titulo-inedito-joao-fonseca-entra-em-quadra-nesta-manha-confira-o-horario-da-partida\/#primaryimage","url":"https:\/\/www.cidademarketing.com.br\/marketing\/wp-content\/uploads\/2025\/10\/joaofonseca_master1000_paris.webp","contentUrl":"https:\/\/www.cidademarketing.com.br\/marketing\/wp-content\/uploads\/2025\/10\/joaofonseca_master1000_paris.webp","width":1000,"height":1013,"caption":"Reprodu\u00e7\u00e3o\/Instagram @joaoffonseca"},{"@type":"BreadcrumbList","@id":"https:\/\/www.cidademarketing.com.br\/marketing\/2025\/10\/28\/apos-titulo-inedito-joao-fonseca-entra-em-quadra-nesta-manha-confira-o-horario-da-partida\/#breadcrumb","itemListElement":[{"@type":"ListItem","position":1,"name":"In\u00edcio","item":"https:\/\/www.cidademarketing.com.br\/marketing\/"},{"@type":"ListItem","position":2,"name":"Ap\u00f3s t\u00edtulo in\u00e9dito, Jo\u00e3o Fonseca entra em quadra nesta manh\u00e3; confira o hor\u00e1rio da partida"}]},{"@type":"WebSite","@id":"https:\/\/www.cidademarketing.com.br\/marketing\/#website","url":"https:\/\/www.cidademarketing.com.br\/marketing\/","name":"CidadeMarketing","description":"Somos um ve\u00edculo de comunica\u00e7\u00e3o de destaque no Brasil, reconhecido por conte\u00fados nos segmentos de marketing, empreendedorismo e inova\u00e7\u00e3o.","publisher":{"@id":"https:\/\/www.cidademarketing.com.br\/marketing\/#organization"},"alternateName":"CidadeMarketing","potentialAction":[{"@type":"SearchAction","target":{"@type":"EntryPoint","urlTemplate":"https:\/\/www.cidademarketing.com.br\/marketing\/?s={search_term_string}"},"query-input":{"@type":"PropertyValueSpecification","valueRequired":true,"valueName":"search_term_string"}}],"inLanguage":"pt-BR"},{"@type":"Organization","@id":"https:\/\/www.cidademarketing.com.br\/marketing\/#organization","name":"CidadeMarketing","alternateName":"CidadeMarketing","url":"https:\/\/www.cidademarketing.com.br\/marketing\/","logo":{"@type":"ImageObject","inLanguage":"pt-BR","@id":"https:\/\/www.cidademarketing.com.br\/marketing\/#\/schema\/logo\/image\/","url":"https:\/\/www.cidademarketing.com.br\/marketing\/wp-content\/uploads\/2020\/01\/cidademarketing_marca_mobile.png","contentUrl":"https:\/\/www.cidademarketing.com.br\/marketing\/wp-content\/uploads\/2020\/01\/cidademarketing_marca_mobile.png","width":230,"height":92,"caption":"CidadeMarketing"},"image":{"@id":"https:\/\/www.cidademarketing.com.br\/marketing\/#\/schema\/logo\/image\/"},"sameAs":["https:\/\/www.facebook.com\/portalcidademarketing","https:\/\/x.com\/CidadeMarketing","https:\/\/www.instagram.com\/cidademarketing\/"]},{"@type":"Person","@id":"https:\/\/www.cidademarketing.com.br\/marketing\/#\/schema\/person\/02daff9f18bd9378c9e01eb6b2db155f","name":"Thales Brand\u00e3o","image":{"@type":"ImageObject","inLanguage":"pt-BR","@id":"https:\/\/secure.gravatar.com\/avatar\/7ca3206950207cc3cb48feec56a8a7898741ab725c368d99d5d7a5a50aab80c6?s=96&d=mm&r=g","url":"https:\/\/secure.gravatar.com\/avatar\/7ca3206950207cc3cb48feec56a8a7898741ab725c368d99d5d7a5a50aab80c6?s=96&d=mm&r=g","contentUrl":"https:\/\/secure.gravatar.com\/avatar\/7ca3206950207cc3cb48feec56a8a7898741ab725c368d99d5d7a5a50aab80c6?s=96&d=mm&r=g","caption":"Thales Brand\u00e3o"},"description":"Editor Executivo do Portal CidadeMarketing.com.br &gt; Mestre em Comunica\u00e7\u00e3o e Sociedade pela Universidade Federal de Sergipe. Possui MBA Executivo em Administra\u00e7\u00e3o com \u00eanfase em Marketing pela Funda\u00e7\u00e3o Get\u00falio Vargas - Rio de Janeiro. Consultor, Palestrante e Pesquisador sobre Empreendedorismo, Marketing, Redes Sociais e Neg\u00f3cios Digitais. Professor, Palestrante TedxTalks e Campus Party. Twitter: @ThalesBrandao","sameAs":["http:\/\/www.mandacaru.com.br","https:\/\/www.facebook.com\/thalesbrandao","http:\/\/www.instagram.com.br\/thalesbrandaoferreira","https:\/\/www.linkedin.com\/in\/thales-brand\u00e3o-3948609\/","https:\/\/x.com\/http:\/\/www.twitter.com\/thalesbrandao"],"url":"https:\/\/www.cidademarketing.com.br\/marketing\/author\/thalesbrandao\/"}]}},"amp_enabled":true,"_links":{"self":[{"href":"https:\/\/www.cidademarketing.com.br\/marketing\/wp-json\/wp\/v2\/posts\/58208","targetHints":{"allow":["GET"]}}],"collection":[{"href":"https:\/\/www.cidademarketing.com.br\/marketing\/wp-json\/wp\/v2\/posts"}],"about":[{"href":"https:\/\/www.cidademarketing.com.br\/marketing\/wp-json\/wp\/v2\/types\/post"}],"author":[{"embeddable":true,"href":"https:\/\/www.cidademarketing.com.br\/marketing\/wp-json\/wp\/v2\/users\/1"}],"replies":[{"embeddable":true,"href":"https:\/\/www.cidademarketing.com.br\/marketing\/wp-json\/wp\/v2\/comments?post=58208"}],"version-history":[{"count":1,"href":"https:\/\/www.cidademarketing.com.br\/marketing\/wp-json\/wp\/v2\/posts\/58208\/revisions"}],"predecessor-version":[{"id":58210,"href":"https:\/\/www.cidademarketing.com.br\/marketing\/wp-json\/wp\/v2\/posts\/58208\/revisions\/58210"}],"wp:featuredmedia":[{"embeddable":true,"href":"https:\/\/www.cidademarketing.com.br\/marketing\/wp-json\/wp\/v2\/media\/58209"}],"wp:attachment":[{"href":"https:\/\/www.cidademarketing.com.br\/marketing\/wp-json\/wp\/v2\/media?parent=58208"}],"wp:term":[{"taxonomy":"category","embeddable":true,"href":"https:\/\/www.cidademarketing.com.br\/marketing\/wp-json\/wp\/v2\/categories?post=58208"},{"taxonomy":"post_tag","embeddable":true,"href":"https:\/\/www.cidademarketing.com.br\/marketing\/wp-json\/wp\/v2\/tags?post=58208"}],"curies":[{"name":"wp","href":"https:\/\/api.w.org\/{rel}","templated":true}]}}