{"id":58190,"date":"2025-10-26T07:27:48","date_gmt":"2025-10-26T10:27:48","guid":{"rendered":"https:\/\/www.cidademarketing.com.br\/marketing\/?p=58190"},"modified":"2025-10-26T07:27:48","modified_gmt":"2025-10-26T10:27:48","slug":"joao-fonseca-busca-titulo-historico-contra-fokina-confira-o-horario","status":"publish","type":"post","link":"https:\/\/www.cidademarketing.com.br\/marketing\/2025\/10\/26\/joao-fonseca-busca-titulo-historico-contra-fokina-confira-o-horario\/","title":{"rendered":"Jo\u00e3o Fonseca busca t\u00edtulo hist\u00f3rico contra Fokina; Confira o hor\u00e1rio"},"content":{"rendered":"<p>Em uma trajet\u00f3ria mete\u00f3rica que o coloca no centro das aten\u00e7\u00f5es do t\u00eanis mundial, o brasileiro Jo\u00e3o Fonseca, de apenas 19 anos, disputa neste domingo (26) a maior final de sua jovem carreira: o ATP 500 da Basileia. O advers\u00e1rio na quadra de Roger Federer, seu \u00eddolo, ser\u00e1 o espanhol Alejandro Davidovich Fokina, atual n\u00famero 18 do mundo.<\/p>\n<p>Fonseca, que j\u00e1 garantiu sua entrada no Top 35 do ranking mundial com a campanha, assegurou a vaga na final ap\u00f3s uma semifinal dram\u00e1tica e equilibrada no s\u00e1bado. Diante do tamb\u00e9m espanhol Jaume Munar (42\u00ba), o jovem de 19 anos e n\u00famero 46 do mundo (no momento da partida) demonstrou maturidade e poder de rea\u00e7\u00e3o, vencendo por 2 sets a 0, com parciais de 7\/6 (4) e 7\/5. O feito na Su\u00ed\u00e7a o consagra como o primeiro brasileiro a alcan\u00e7ar uma final de ATP 500 desde Thomaz Bellucci, em 2010.<\/p>\n<p>A vit\u00f3ria na Basileia, na &#8220;casa&#8221; de Federer, representa um degrau acima do t\u00edtulo de n\u00edvel <a href=\"https:\/\/www.cidademarketing.com.br\/marketing\/2025\/02\/16\/joao-fonseca-impressiona-o-mundo-e-conquista-o-argentina-open-2025\/\" target=\"_blank\" rel=\"noopener\">ATP 250 conquistado em Buenos Aires, em fevereiro<\/a>.<\/p>\n<p>Fokina, que ocupa a 18\u00aa posi\u00e7\u00e3o no ranking, tentar\u00e1 superar o brasileiro e encerrar uma s\u00e9rie de vice-campeonatos. Para Jo\u00e3o Fonseca, al\u00e9m de um t\u00edtulo hist\u00f3rico que o faria subir para o Top 30 e o deixaria mais perto de ser cabe\u00e7a de chave no Australian Open 2026, a final \u00e9 a chance de vencer um Top 20 em um palco de ATP 500.<\/p>\n<p>O confronto entre Jo\u00e3o Fonseca e Davidovich Fokina est\u00e1 programado para as 11h30 (hor\u00e1rio de Bras\u00edlia) deste domingo (26).<\/p>\n","protected":false},"excerpt":{"rendered":"<p>Em uma trajet\u00f3ria mete\u00f3rica que o coloca no centro das aten\u00e7\u00f5es do t\u00eanis mundial, o brasileiro Jo\u00e3o Fonseca, de apenas 19 anos, disputa neste domingo (26) a maior final de sua jovem carreira: o ATP 500 da Basileia. O advers\u00e1rio na quadra de Roger Federer, seu \u00eddolo, ser\u00e1 o espanhol Alejandro Davidovich Fokina, atual n\u00famero [&hellip;]<\/p>\n","protected":false},"author":1,"featured_media":58191,"comment_status":"open","ping_status":"open","sticky":false,"template":"","format":"standard","meta":{"tdm_status":"","tdm_grid_status":"","footnotes":""},"categories":[6],"tags":[10045,7292,10047,147,10046,6760,5539,1448],"class_list":["post-58190","post","type-post","status-publish","format-standard","has-post-thumbnail","hentry","category-noticias","tag-alejandro-davidovich-fokina","tag-atp-500","tag-atp-500-da-basileia","tag-brasil","tag-davidovich-fokina","tag-joao-fonseca","tag-roger-federer","tag-tenis"],"yoast_head":"<!-- This site is optimized with the Yoast SEO plugin v27.4 - https:\/\/yoast.com\/product\/yoast-seo-wordpress\/ -->\n<title>Jo\u00e3o Fonseca busca t\u00edtulo hist\u00f3rico contra Fokina; Confira o hor\u00e1rio - CidadeMarketing<\/title>\n<meta name=\"description\" content=\"Jo\u00e3o Fonseca faz hist\u00f3ria ao disputar a final do ATP 500 da Basileia! Leia sobre o duelo \u00e9pico do jovem brasileiro contra o Top 20 Alejandro Davidovich Fokina e a chance de t\u00edtulo.\" \/>\n<meta name=\"robots\" content=\"index, follow, max-snippet:-1, max-image-preview:large, max-video-preview:-1\" \/>\n<link rel=\"canonical\" href=\"https:\/\/www.cidademarketing.com.br\/marketing\/2025\/10\/26\/joao-fonseca-busca-titulo-historico-contra-fokina-confira-o-horario\/\" \/>\n<meta property=\"og:locale\" content=\"pt_BR\" \/>\n<meta property=\"og:type\" content=\"article\" \/>\n<meta property=\"og:title\" content=\"Jo\u00e3o Fonseca busca t\u00edtulo hist\u00f3rico contra Fokina; Confira o hor\u00e1rio - CidadeMarketing\" \/>\n<meta property=\"og:description\" content=\"Jo\u00e3o Fonseca faz hist\u00f3ria ao disputar a final do ATP 500 da Basileia! Leia sobre o duelo \u00e9pico do jovem brasileiro contra o Top 20 Alejandro Davidovich Fokina e a chance de t\u00edtulo.\" \/>\n<meta property=\"og:url\" content=\"https:\/\/www.cidademarketing.com.br\/marketing\/2025\/10\/26\/joao-fonseca-busca-titulo-historico-contra-fokina-confira-o-horario\/\" \/>\n<meta property=\"og:site_name\" content=\"CidadeMarketing\" \/>\n<meta property=\"article:publisher\" content=\"https:\/\/www.facebook.com\/portalcidademarketing\" \/>\n<meta property=\"article:author\" content=\"https:\/\/www.facebook.com\/thalesbrandao\" \/>\n<meta property=\"article:published_time\" content=\"2025-10-26T10:27:48+00:00\" \/>\n<meta property=\"og:image\" content=\"https:\/\/www.cidademarketing.com.br\/marketing\/wp-content\/uploads\/2025\/10\/joaofonseca_atp500_Basileia.webp\" \/>\n\t<meta property=\"og:image:width\" content=\"1000\" \/>\n\t<meta property=\"og:image:height\" content=\"780\" \/>\n\t<meta property=\"og:image:type\" content=\"image\/webp\" \/>\n<meta name=\"author\" content=\"Thales Brand\u00e3o\" \/>\n<meta name=\"twitter:card\" content=\"summary_large_image\" \/>\n<meta name=\"twitter:creator\" content=\"@http:\/\/www.twitter.com\/thalesbrandao\" \/>\n<meta name=\"twitter:site\" content=\"@CidadeMarketing\" \/>\n<meta name=\"twitter:label1\" content=\"Escrito por\" \/>\n\t<meta name=\"twitter:data1\" content=\"Thales Brand\u00e3o\" \/>\n\t<meta name=\"twitter:label2\" content=\"Est. tempo de leitura\" \/>\n\t<meta name=\"twitter:data2\" content=\"2 minutos\" \/>\n<script type=\"application\/ld+json\" class=\"yoast-schema-graph\">{\"@context\":\"https:\\\/\\\/schema.org\",\"@graph\":[{\"@type\":\"Article\",\"@id\":\"https:\\\/\\\/www.cidademarketing.com.br\\\/marketing\\\/2025\\\/10\\\/26\\\/joao-fonseca-busca-titulo-historico-contra-fokina-confira-o-horario\\\/#article\",\"isPartOf\":{\"@id\":\"https:\\\/\\\/www.cidademarketing.com.br\\\/marketing\\\/2025\\\/10\\\/26\\\/joao-fonseca-busca-titulo-historico-contra-fokina-confira-o-horario\\\/\"},\"author\":{\"name\":\"Thales Brand\u00e3o\",\"@id\":\"https:\\\/\\\/www.cidademarketing.com.br\\\/marketing\\\/#\\\/schema\\\/person\\\/02daff9f18bd9378c9e01eb6b2db155f\"},\"headline\":\"Jo\u00e3o Fonseca busca t\u00edtulo hist\u00f3rico contra Fokina; Confira o hor\u00e1rio\",\"datePublished\":\"2025-10-26T10:27:48+00:00\",\"mainEntityOfPage\":{\"@id\":\"https:\\\/\\\/www.cidademarketing.com.br\\\/marketing\\\/2025\\\/10\\\/26\\\/joao-fonseca-busca-titulo-historico-contra-fokina-confira-o-horario\\\/\"},\"wordCount\":274,\"commentCount\":0,\"publisher\":{\"@id\":\"https:\\\/\\\/www.cidademarketing.com.br\\\/marketing\\\/#organization\"},\"image\":{\"@id\":\"https:\\\/\\\/www.cidademarketing.com.br\\\/marketing\\\/2025\\\/10\\\/26\\\/joao-fonseca-busca-titulo-historico-contra-fokina-confira-o-horario\\\/#primaryimage\"},\"thumbnailUrl\":\"https:\\\/\\\/www.cidademarketing.com.br\\\/marketing\\\/wp-content\\\/uploads\\\/2025\\\/10\\\/joaofonseca_atp500_Basileia.webp\",\"keywords\":[\"Alejandro Davidovich Fokina\",\"ATP 500\",\"ATP 500 da Basileia\",\"Brasil\",\"Davidovich Fokina\",\"Jo\u00e3o Fonseca\",\"Roger Federer\",\"t\u00eanis\"],\"articleSection\":[\"Not\u00edcias\"],\"inLanguage\":\"pt-BR\",\"potentialAction\":[{\"@type\":\"CommentAction\",\"name\":\"Comment\",\"target\":[\"https:\\\/\\\/www.cidademarketing.com.br\\\/marketing\\\/2025\\\/10\\\/26\\\/joao-fonseca-busca-titulo-historico-contra-fokina-confira-o-horario\\\/#respond\"]}]},{\"@type\":\"WebPage\",\"@id\":\"https:\\\/\\\/www.cidademarketing.com.br\\\/marketing\\\/2025\\\/10\\\/26\\\/joao-fonseca-busca-titulo-historico-contra-fokina-confira-o-horario\\\/\",\"url\":\"https:\\\/\\\/www.cidademarketing.com.br\\\/marketing\\\/2025\\\/10\\\/26\\\/joao-fonseca-busca-titulo-historico-contra-fokina-confira-o-horario\\\/\",\"name\":\"Jo\u00e3o Fonseca busca t\u00edtulo hist\u00f3rico contra Fokina; Confira o hor\u00e1rio - CidadeMarketing\",\"isPartOf\":{\"@id\":\"https:\\\/\\\/www.cidademarketing.com.br\\\/marketing\\\/#website\"},\"primaryImageOfPage\":{\"@id\":\"https:\\\/\\\/www.cidademarketing.com.br\\\/marketing\\\/2025\\\/10\\\/26\\\/joao-fonseca-busca-titulo-historico-contra-fokina-confira-o-horario\\\/#primaryimage\"},\"image\":{\"@id\":\"https:\\\/\\\/www.cidademarketing.com.br\\\/marketing\\\/2025\\\/10\\\/26\\\/joao-fonseca-busca-titulo-historico-contra-fokina-confira-o-horario\\\/#primaryimage\"},\"thumbnailUrl\":\"https:\\\/\\\/www.cidademarketing.com.br\\\/marketing\\\/wp-content\\\/uploads\\\/2025\\\/10\\\/joaofonseca_atp500_Basileia.webp\",\"datePublished\":\"2025-10-26T10:27:48+00:00\",\"description\":\"Jo\u00e3o Fonseca faz hist\u00f3ria ao disputar a final do ATP 500 da Basileia! Leia sobre o duelo \u00e9pico do jovem brasileiro contra o Top 20 Alejandro Davidovich Fokina e a chance de t\u00edtulo.\",\"breadcrumb\":{\"@id\":\"https:\\\/\\\/www.cidademarketing.com.br\\\/marketing\\\/2025\\\/10\\\/26\\\/joao-fonseca-busca-titulo-historico-contra-fokina-confira-o-horario\\\/#breadcrumb\"},\"inLanguage\":\"pt-BR\",\"potentialAction\":[{\"@type\":\"ReadAction\",\"target\":[\"https:\\\/\\\/www.cidademarketing.com.br\\\/marketing\\\/2025\\\/10\\\/26\\\/joao-fonseca-busca-titulo-historico-contra-fokina-confira-o-horario\\\/\"]}]},{\"@type\":\"ImageObject\",\"inLanguage\":\"pt-BR\",\"@id\":\"https:\\\/\\\/www.cidademarketing.com.br\\\/marketing\\\/2025\\\/10\\\/26\\\/joao-fonseca-busca-titulo-historico-contra-fokina-confira-o-horario\\\/#primaryimage\",\"url\":\"https:\\\/\\\/www.cidademarketing.com.br\\\/marketing\\\/wp-content\\\/uploads\\\/2025\\\/10\\\/joaofonseca_atp500_Basileia.webp\",\"contentUrl\":\"https:\\\/\\\/www.cidademarketing.com.br\\\/marketing\\\/wp-content\\\/uploads\\\/2025\\\/10\\\/joaofonseca_atp500_Basileia.webp\",\"width\":1000,\"height\":780,\"caption\":\"Reprodu\u00e7\u00e3o\\\/Instagram @joaoffonseca\"},{\"@type\":\"BreadcrumbList\",\"@id\":\"https:\\\/\\\/www.cidademarketing.com.br\\\/marketing\\\/2025\\\/10\\\/26\\\/joao-fonseca-busca-titulo-historico-contra-fokina-confira-o-horario\\\/#breadcrumb\",\"itemListElement\":[{\"@type\":\"ListItem\",\"position\":1,\"name\":\"In\u00edcio\",\"item\":\"https:\\\/\\\/www.cidademarketing.com.br\\\/marketing\\\/\"},{\"@type\":\"ListItem\",\"position\":2,\"name\":\"Jo\u00e3o Fonseca busca t\u00edtulo hist\u00f3rico contra Fokina; Confira o hor\u00e1rio\"}]},{\"@type\":\"WebSite\",\"@id\":\"https:\\\/\\\/www.cidademarketing.com.br\\\/marketing\\\/#website\",\"url\":\"https:\\\/\\\/www.cidademarketing.com.br\\\/marketing\\\/\",\"name\":\"CidadeMarketing\",\"description\":\"Somos um ve\u00edculo de comunica\u00e7\u00e3o de destaque no Brasil, reconhecido por conte\u00fados nos segmentos de marketing, empreendedorismo e inova\u00e7\u00e3o.\",\"publisher\":{\"@id\":\"https:\\\/\\\/www.cidademarketing.com.br\\\/marketing\\\/#organization\"},\"alternateName\":\"CidadeMarketing\",\"potentialAction\":[{\"@type\":\"SearchAction\",\"target\":{\"@type\":\"EntryPoint\",\"urlTemplate\":\"https:\\\/\\\/www.cidademarketing.com.br\\\/marketing\\\/?s={search_term_string}\"},\"query-input\":{\"@type\":\"PropertyValueSpecification\",\"valueRequired\":true,\"valueName\":\"search_term_string\"}}],\"inLanguage\":\"pt-BR\"},{\"@type\":\"Organization\",\"@id\":\"https:\\\/\\\/www.cidademarketing.com.br\\\/marketing\\\/#organization\",\"name\":\"CidadeMarketing\",\"alternateName\":\"CidadeMarketing\",\"url\":\"https:\\\/\\\/www.cidademarketing.com.br\\\/marketing\\\/\",\"logo\":{\"@type\":\"ImageObject\",\"inLanguage\":\"pt-BR\",\"@id\":\"https:\\\/\\\/www.cidademarketing.com.br\\\/marketing\\\/#\\\/schema\\\/logo\\\/image\\\/\",\"url\":\"https:\\\/\\\/www.cidademarketing.com.br\\\/marketing\\\/wp-content\\\/uploads\\\/2020\\\/01\\\/cidademarketing_marca_mobile.png\",\"contentUrl\":\"https:\\\/\\\/www.cidademarketing.com.br\\\/marketing\\\/wp-content\\\/uploads\\\/2020\\\/01\\\/cidademarketing_marca_mobile.png\",\"width\":230,\"height\":92,\"caption\":\"CidadeMarketing\"},\"image\":{\"@id\":\"https:\\\/\\\/www.cidademarketing.com.br\\\/marketing\\\/#\\\/schema\\\/logo\\\/image\\\/\"},\"sameAs\":[\"https:\\\/\\\/www.facebook.com\\\/portalcidademarketing\",\"https:\\\/\\\/x.com\\\/CidadeMarketing\",\"https:\\\/\\\/www.instagram.com\\\/cidademarketing\\\/\"]},{\"@type\":\"Person\",\"@id\":\"https:\\\/\\\/www.cidademarketing.com.br\\\/marketing\\\/#\\\/schema\\\/person\\\/02daff9f18bd9378c9e01eb6b2db155f\",\"name\":\"Thales Brand\u00e3o\",\"image\":{\"@type\":\"ImageObject\",\"inLanguage\":\"pt-BR\",\"@id\":\"https:\\\/\\\/secure.gravatar.com\\\/avatar\\\/7ca3206950207cc3cb48feec56a8a7898741ab725c368d99d5d7a5a50aab80c6?s=96&d=mm&r=g\",\"url\":\"https:\\\/\\\/secure.gravatar.com\\\/avatar\\\/7ca3206950207cc3cb48feec56a8a7898741ab725c368d99d5d7a5a50aab80c6?s=96&d=mm&r=g\",\"contentUrl\":\"https:\\\/\\\/secure.gravatar.com\\\/avatar\\\/7ca3206950207cc3cb48feec56a8a7898741ab725c368d99d5d7a5a50aab80c6?s=96&d=mm&r=g\",\"caption\":\"Thales Brand\u00e3o\"},\"description\":\"Editor Executivo do Portal CidadeMarketing.com.br &gt; Mestre em Comunica\u00e7\u00e3o e Sociedade pela Universidade Federal de Sergipe. Possui MBA Executivo em Administra\u00e7\u00e3o com \u00eanfase em Marketing pela Funda\u00e7\u00e3o Get\u00falio Vargas - Rio de Janeiro. Consultor, Palestrante e Pesquisador sobre Empreendedorismo, Marketing, Redes Sociais e Neg\u00f3cios Digitais. Professor, Palestrante TedxTalks e Campus Party. Twitter: @ThalesBrandao\",\"sameAs\":[\"http:\\\/\\\/www.mandacaru.com.br\",\"https:\\\/\\\/www.facebook.com\\\/thalesbrandao\",\"http:\\\/\\\/www.instagram.com.br\\\/thalesbrandaoferreira\",\"https:\\\/\\\/www.linkedin.com\\\/in\\\/thales-brand\u00e3o-3948609\\\/\",\"https:\\\/\\\/x.com\\\/http:\\\/\\\/www.twitter.com\\\/thalesbrandao\"],\"url\":\"https:\\\/\\\/www.cidademarketing.com.br\\\/marketing\\\/author\\\/thalesbrandao\\\/\"}]}<\/script>\n<!-- \/ Yoast SEO plugin. -->","yoast_head_json":{"title":"Jo\u00e3o Fonseca busca t\u00edtulo hist\u00f3rico contra Fokina; Confira o hor\u00e1rio - CidadeMarketing","description":"Jo\u00e3o Fonseca faz hist\u00f3ria ao disputar a final do ATP 500 da Basileia! Leia sobre o duelo \u00e9pico do jovem brasileiro contra o Top 20 Alejandro Davidovich Fokina e a chance de t\u00edtulo.","robots":{"index":"index","follow":"follow","max-snippet":"max-snippet:-1","max-image-preview":"max-image-preview:large","max-video-preview":"max-video-preview:-1"},"canonical":"https:\/\/www.cidademarketing.com.br\/marketing\/2025\/10\/26\/joao-fonseca-busca-titulo-historico-contra-fokina-confira-o-horario\/","og_locale":"pt_BR","og_type":"article","og_title":"Jo\u00e3o Fonseca busca t\u00edtulo hist\u00f3rico contra Fokina; Confira o hor\u00e1rio - CidadeMarketing","og_description":"Jo\u00e3o Fonseca faz hist\u00f3ria ao disputar a final do ATP 500 da Basileia! Leia sobre o duelo \u00e9pico do jovem brasileiro contra o Top 20 Alejandro Davidovich Fokina e a chance de t\u00edtulo.","og_url":"https:\/\/www.cidademarketing.com.br\/marketing\/2025\/10\/26\/joao-fonseca-busca-titulo-historico-contra-fokina-confira-o-horario\/","og_site_name":"CidadeMarketing","article_publisher":"https:\/\/www.facebook.com\/portalcidademarketing","article_author":"https:\/\/www.facebook.com\/thalesbrandao","article_published_time":"2025-10-26T10:27:48+00:00","og_image":[{"width":1000,"height":780,"url":"https:\/\/www.cidademarketing.com.br\/marketing\/wp-content\/uploads\/2025\/10\/joaofonseca_atp500_Basileia.webp","type":"image\/webp"}],"author":"Thales Brand\u00e3o","twitter_card":"summary_large_image","twitter_creator":"@http:\/\/www.twitter.com\/thalesbrandao","twitter_site":"@CidadeMarketing","twitter_misc":{"Escrito por":"Thales Brand\u00e3o","Est. tempo de leitura":"2 minutos"},"schema":{"@context":"https:\/\/schema.org","@graph":[{"@type":"Article","@id":"https:\/\/www.cidademarketing.com.br\/marketing\/2025\/10\/26\/joao-fonseca-busca-titulo-historico-contra-fokina-confira-o-horario\/#article","isPartOf":{"@id":"https:\/\/www.cidademarketing.com.br\/marketing\/2025\/10\/26\/joao-fonseca-busca-titulo-historico-contra-fokina-confira-o-horario\/"},"author":{"name":"Thales Brand\u00e3o","@id":"https:\/\/www.cidademarketing.com.br\/marketing\/#\/schema\/person\/02daff9f18bd9378c9e01eb6b2db155f"},"headline":"Jo\u00e3o Fonseca busca t\u00edtulo hist\u00f3rico contra Fokina; Confira o hor\u00e1rio","datePublished":"2025-10-26T10:27:48+00:00","mainEntityOfPage":{"@id":"https:\/\/www.cidademarketing.com.br\/marketing\/2025\/10\/26\/joao-fonseca-busca-titulo-historico-contra-fokina-confira-o-horario\/"},"wordCount":274,"commentCount":0,"publisher":{"@id":"https:\/\/www.cidademarketing.com.br\/marketing\/#organization"},"image":{"@id":"https:\/\/www.cidademarketing.com.br\/marketing\/2025\/10\/26\/joao-fonseca-busca-titulo-historico-contra-fokina-confira-o-horario\/#primaryimage"},"thumbnailUrl":"https:\/\/www.cidademarketing.com.br\/marketing\/wp-content\/uploads\/2025\/10\/joaofonseca_atp500_Basileia.webp","keywords":["Alejandro Davidovich Fokina","ATP 500","ATP 500 da Basileia","Brasil","Davidovich Fokina","Jo\u00e3o Fonseca","Roger Federer","t\u00eanis"],"articleSection":["Not\u00edcias"],"inLanguage":"pt-BR","potentialAction":[{"@type":"CommentAction","name":"Comment","target":["https:\/\/www.cidademarketing.com.br\/marketing\/2025\/10\/26\/joao-fonseca-busca-titulo-historico-contra-fokina-confira-o-horario\/#respond"]}]},{"@type":"WebPage","@id":"https:\/\/www.cidademarketing.com.br\/marketing\/2025\/10\/26\/joao-fonseca-busca-titulo-historico-contra-fokina-confira-o-horario\/","url":"https:\/\/www.cidademarketing.com.br\/marketing\/2025\/10\/26\/joao-fonseca-busca-titulo-historico-contra-fokina-confira-o-horario\/","name":"Jo\u00e3o Fonseca busca t\u00edtulo hist\u00f3rico contra Fokina; Confira o hor\u00e1rio - CidadeMarketing","isPartOf":{"@id":"https:\/\/www.cidademarketing.com.br\/marketing\/#website"},"primaryImageOfPage":{"@id":"https:\/\/www.cidademarketing.com.br\/marketing\/2025\/10\/26\/joao-fonseca-busca-titulo-historico-contra-fokina-confira-o-horario\/#primaryimage"},"image":{"@id":"https:\/\/www.cidademarketing.com.br\/marketing\/2025\/10\/26\/joao-fonseca-busca-titulo-historico-contra-fokina-confira-o-horario\/#primaryimage"},"thumbnailUrl":"https:\/\/www.cidademarketing.com.br\/marketing\/wp-content\/uploads\/2025\/10\/joaofonseca_atp500_Basileia.webp","datePublished":"2025-10-26T10:27:48+00:00","description":"Jo\u00e3o Fonseca faz hist\u00f3ria ao disputar a final do ATP 500 da Basileia! Leia sobre o duelo \u00e9pico do jovem brasileiro contra o Top 20 Alejandro Davidovich Fokina e a chance de t\u00edtulo.","breadcrumb":{"@id":"https:\/\/www.cidademarketing.com.br\/marketing\/2025\/10\/26\/joao-fonseca-busca-titulo-historico-contra-fokina-confira-o-horario\/#breadcrumb"},"inLanguage":"pt-BR","potentialAction":[{"@type":"ReadAction","target":["https:\/\/www.cidademarketing.com.br\/marketing\/2025\/10\/26\/joao-fonseca-busca-titulo-historico-contra-fokina-confira-o-horario\/"]}]},{"@type":"ImageObject","inLanguage":"pt-BR","@id":"https:\/\/www.cidademarketing.com.br\/marketing\/2025\/10\/26\/joao-fonseca-busca-titulo-historico-contra-fokina-confira-o-horario\/#primaryimage","url":"https:\/\/www.cidademarketing.com.br\/marketing\/wp-content\/uploads\/2025\/10\/joaofonseca_atp500_Basileia.webp","contentUrl":"https:\/\/www.cidademarketing.com.br\/marketing\/wp-content\/uploads\/2025\/10\/joaofonseca_atp500_Basileia.webp","width":1000,"height":780,"caption":"Reprodu\u00e7\u00e3o\/Instagram @joaoffonseca"},{"@type":"BreadcrumbList","@id":"https:\/\/www.cidademarketing.com.br\/marketing\/2025\/10\/26\/joao-fonseca-busca-titulo-historico-contra-fokina-confira-o-horario\/#breadcrumb","itemListElement":[{"@type":"ListItem","position":1,"name":"In\u00edcio","item":"https:\/\/www.cidademarketing.com.br\/marketing\/"},{"@type":"ListItem","position":2,"name":"Jo\u00e3o Fonseca busca t\u00edtulo hist\u00f3rico contra Fokina; Confira o hor\u00e1rio"}]},{"@type":"WebSite","@id":"https:\/\/www.cidademarketing.com.br\/marketing\/#website","url":"https:\/\/www.cidademarketing.com.br\/marketing\/","name":"CidadeMarketing","description":"Somos um ve\u00edculo de comunica\u00e7\u00e3o de destaque no Brasil, reconhecido por conte\u00fados nos segmentos de marketing, empreendedorismo e inova\u00e7\u00e3o.","publisher":{"@id":"https:\/\/www.cidademarketing.com.br\/marketing\/#organization"},"alternateName":"CidadeMarketing","potentialAction":[{"@type":"SearchAction","target":{"@type":"EntryPoint","urlTemplate":"https:\/\/www.cidademarketing.com.br\/marketing\/?s={search_term_string}"},"query-input":{"@type":"PropertyValueSpecification","valueRequired":true,"valueName":"search_term_string"}}],"inLanguage":"pt-BR"},{"@type":"Organization","@id":"https:\/\/www.cidademarketing.com.br\/marketing\/#organization","name":"CidadeMarketing","alternateName":"CidadeMarketing","url":"https:\/\/www.cidademarketing.com.br\/marketing\/","logo":{"@type":"ImageObject","inLanguage":"pt-BR","@id":"https:\/\/www.cidademarketing.com.br\/marketing\/#\/schema\/logo\/image\/","url":"https:\/\/www.cidademarketing.com.br\/marketing\/wp-content\/uploads\/2020\/01\/cidademarketing_marca_mobile.png","contentUrl":"https:\/\/www.cidademarketing.com.br\/marketing\/wp-content\/uploads\/2020\/01\/cidademarketing_marca_mobile.png","width":230,"height":92,"caption":"CidadeMarketing"},"image":{"@id":"https:\/\/www.cidademarketing.com.br\/marketing\/#\/schema\/logo\/image\/"},"sameAs":["https:\/\/www.facebook.com\/portalcidademarketing","https:\/\/x.com\/CidadeMarketing","https:\/\/www.instagram.com\/cidademarketing\/"]},{"@type":"Person","@id":"https:\/\/www.cidademarketing.com.br\/marketing\/#\/schema\/person\/02daff9f18bd9378c9e01eb6b2db155f","name":"Thales Brand\u00e3o","image":{"@type":"ImageObject","inLanguage":"pt-BR","@id":"https:\/\/secure.gravatar.com\/avatar\/7ca3206950207cc3cb48feec56a8a7898741ab725c368d99d5d7a5a50aab80c6?s=96&d=mm&r=g","url":"https:\/\/secure.gravatar.com\/avatar\/7ca3206950207cc3cb48feec56a8a7898741ab725c368d99d5d7a5a50aab80c6?s=96&d=mm&r=g","contentUrl":"https:\/\/secure.gravatar.com\/avatar\/7ca3206950207cc3cb48feec56a8a7898741ab725c368d99d5d7a5a50aab80c6?s=96&d=mm&r=g","caption":"Thales Brand\u00e3o"},"description":"Editor Executivo do Portal CidadeMarketing.com.br &gt; Mestre em Comunica\u00e7\u00e3o e Sociedade pela Universidade Federal de Sergipe. Possui MBA Executivo em Administra\u00e7\u00e3o com \u00eanfase em Marketing pela Funda\u00e7\u00e3o Get\u00falio Vargas - Rio de Janeiro. Consultor, Palestrante e Pesquisador sobre Empreendedorismo, Marketing, Redes Sociais e Neg\u00f3cios Digitais. Professor, Palestrante TedxTalks e Campus Party. Twitter: @ThalesBrandao","sameAs":["http:\/\/www.mandacaru.com.br","https:\/\/www.facebook.com\/thalesbrandao","http:\/\/www.instagram.com.br\/thalesbrandaoferreira","https:\/\/www.linkedin.com\/in\/thales-brand\u00e3o-3948609\/","https:\/\/x.com\/http:\/\/www.twitter.com\/thalesbrandao"],"url":"https:\/\/www.cidademarketing.com.br\/marketing\/author\/thalesbrandao\/"}]}},"amp_enabled":true,"_links":{"self":[{"href":"https:\/\/www.cidademarketing.com.br\/marketing\/wp-json\/wp\/v2\/posts\/58190","targetHints":{"allow":["GET"]}}],"collection":[{"href":"https:\/\/www.cidademarketing.com.br\/marketing\/wp-json\/wp\/v2\/posts"}],"about":[{"href":"https:\/\/www.cidademarketing.com.br\/marketing\/wp-json\/wp\/v2\/types\/post"}],"author":[{"embeddable":true,"href":"https:\/\/www.cidademarketing.com.br\/marketing\/wp-json\/wp\/v2\/users\/1"}],"replies":[{"embeddable":true,"href":"https:\/\/www.cidademarketing.com.br\/marketing\/wp-json\/wp\/v2\/comments?post=58190"}],"version-history":[{"count":1,"href":"https:\/\/www.cidademarketing.com.br\/marketing\/wp-json\/wp\/v2\/posts\/58190\/revisions"}],"predecessor-version":[{"id":58192,"href":"https:\/\/www.cidademarketing.com.br\/marketing\/wp-json\/wp\/v2\/posts\/58190\/revisions\/58192"}],"wp:featuredmedia":[{"embeddable":true,"href":"https:\/\/www.cidademarketing.com.br\/marketing\/wp-json\/wp\/v2\/media\/58191"}],"wp:attachment":[{"href":"https:\/\/www.cidademarketing.com.br\/marketing\/wp-json\/wp\/v2\/media?parent=58190"}],"wp:term":[{"taxonomy":"category","embeddable":true,"href":"https:\/\/www.cidademarketing.com.br\/marketing\/wp-json\/wp\/v2\/categories?post=58190"},{"taxonomy":"post_tag","embeddable":true,"href":"https:\/\/www.cidademarketing.com.br\/marketing\/wp-json\/wp\/v2\/tags?post=58190"}],"curies":[{"name":"wp","href":"https:\/\/api.w.org\/{rel}","templated":true}]}}