{"id":5819,"date":"2019-01-30T17:45:15","date_gmt":"2019-01-30T19:45:15","guid":{"rendered":"http:\/\/www.cidademarketing.com.br\/marketing\/?p=5819"},"modified":"2019-01-30T17:45:17","modified_gmt":"2019-01-30T19:45:17","slug":"governo-pretende-extinguir-a-infraero-em-4-anos","status":"publish","type":"post","link":"https:\/\/www.cidademarketing.com.br\/marketing\/2019\/01\/30\/governo-pretende-extinguir-a-infraero-em-4-anos\/","title":{"rendered":"Governo pretende extinguir a Infraero em 4 anos"},"content":{"rendered":"\n<p>Com as tr\u00eas pr\u00f3ximas rodadas de concess\u00e3o de aeroportos previstas, todos os terminais do pa\u00eds estar\u00e3o sob controle da iniciativa privada e a Empresa Brasileira de Infraestrutura Aeroportu\u00e1ria (Infraero) ser\u00e1 extinta. Todo o processo deve estar consolidado em quatro anos, segundo o diretor do Departamento de Pol\u00edticas Regulat\u00f3rias da Secretaria Nacional de Avia\u00e7\u00e3o Civil (SAC), Ronei Saggioro Glanzmann.<\/p>\n\n\n\n<p>Ele participou de reuni\u00e3o no Rio de Janeiro com o diretor-geral do Departamento de Controle do Espa\u00e7o A\u00e9reo (Decea), tenente-brigadeiro do ar Jeferson Domingues de Freitas, e o diretor da Ag\u00eancia Nacional de Avia\u00e7\u00e3o Civil (Anac) Ricardo S\u00e9rgio Maia Bezerra. Segundo Glanzmann, o processo da quinta rodada est\u00e1 desimpedido, depois que o governo do Esp\u00edrito Santo retirou a a\u00e7\u00e3o civil p\u00fablica contra o leil\u00e3o em bloco do aeroporto de Vit\u00f3ria com o de Maca\u00e9, no norte fluminense.<\/p>\n\n\n\n<p>\u201cAgora est\u00e1 totalmente dentro do previsto. Existia uma a\u00e7\u00e3o civil p\u00fablica movida pelo estado e conseguimos fazer um acordo, em parceria com o governo capixaba, e agora estamos com os caminhos abertos para o leil\u00e3o e perspectivas muito boas\u201d.<\/p>\n\n\n\n<p>Os editais da quinta rodada foram lan\u00e7ados no fim de novembro para licitar 12 aeroportos, divididos em tr\u00eas blocos. Juntos, esses terminais recebem 19,6 milh\u00f5es de passageiros por ano, o que equivale a 9,5% do mercado nacional de avia\u00e7\u00e3o. S\u00e3o eles: Recife (PE), Macei\u00f3 (AL), Aracaju (SE), Jo\u00e3o Pessoa (PB), Juazeiro do Norte (CE) e Campina Grande (PB); Cuiab\u00e1, Rondon\u00f3polis, Alta Floresta e Sinop (MT); e Vit\u00f3ria (ES) e Maca\u00e9 (RJ).<\/p>\n\n\n\n<h2 class=\"wp-block-heading\">Sexta e s\u00e9tima rodadas<\/h2>\n\n\n\n<p>Glanzmann explica que, ap\u00f3s esta rodada, prevista para ocorrer no dia&nbsp;15 de mar\u00e7o, a Infraero permanece operando 44 aeroportos e j\u00e1 foi anunciada a&nbsp;sexta rodada de concess\u00f5es, que&nbsp;ter\u00e1 aberto o chamamento para os estudos de viabilidade logo ap\u00f3s o leil\u00e3o&nbsp;de mar\u00e7o.<\/p>\n\n\n\n<p>\u201cS\u00e3o cerca de 20 aeroportos, divididos em tr\u00eas blocos, liderados por Goi\u00e2nia, Manaus e Curitiba. Nosso processo de concess\u00e3o \u00e9 bastante maduro, a gente gasta cerca de um ano e meio entre o in\u00edcio dos estudos e o leil\u00e3o. Ent\u00e3o no segundo semestre de 2020 fazemos o leil\u00e3o da&nbsp;sexta&nbsp;rodada e abrimos os estudos para a s\u00e9tima e derradeira rodada que s\u00e3o mais tr\u00eas blocos, com mais cerca de 20 aeroportos. Um encabe\u00e7ado por Bel\u00e9m, outro pelo Santos Dumont [no Rio de Janeiro] e o outro liderado por Congonhas [em S\u00e3o Paulo]. Com isso, chegamos ao final do governo Bolsonaro com toda a rede Infraero concedida e sendo operada por empresas privadas\u201d.<\/p>\n\n\n\n<p>De acordo com o diretor da SAC, estudos preliminares indicam a necessidade de R$ 8,8 bilh\u00f5es em investimentos para esses 44 aeroportos ainda n\u00e3o licitados ao longo de 30 anos de explora\u00e7\u00e3o. Para a&nbsp;quinta&nbsp;rodada, ele informa que a Anac recebeu mais de 500 pedidos de esclarecimentos e muitos pedidos de visitas aos terminais, com 11 ou 12 empresas interessadas no processo, inclusive da Europa, \u00c1sia e Estados Unidos. Atualmente, oito operadores administram os dez aeroportos brasileiros concedidos.<\/p>\n\n\n\n<h2 class=\"wp-block-heading\">Extin\u00e7\u00e3o da Infraero<\/h2>\n\n\n\n<p>Segundo Glanzmann, ap\u00f3s a s\u00e9tima rodada de concess\u00f5es dos aeroportos, deve ser iniciada a extin\u00e7\u00e3o da Infraero. \u201cEm quatro anos n\u00f3s teremos todos os aeroportos da Infraero concedidos, transferidos para a iniciativa privada. A partir da\u00ed, ser\u00e1 inaugurado um processo de extin\u00e7\u00e3o gradativa da empresa, feita com muita responsabilidade e transpar\u00eancia\u201d.<\/p>\n\n\n\n<p>O diretor-geral da Decea, brigadeiro Domingues, explica que os cerca de 1,8 mil funcion\u00e1rios da Infraero que trabalham na \u00e1rea de navega\u00e7\u00e3o a\u00e9rea, bem como o patrim\u00f4nio, ser\u00e3o transferidos para a nova estatal NAV Brasil Servi\u00e7os de Navega\u00e7\u00e3o A\u00e9rea S.A, que teve a cria\u00e7\u00e3o autorizada pela Medida Provis\u00f3ria 866\/18, assinada no dia&nbsp;20 de dezembro&nbsp;do ano passado por Michel Temer, 11 dias antes de deixar a presid\u00eancia.<\/p>\n\n\n\n<p>\u201cA medida provis\u00f3ria foi assinada e agora vem o processo de vota\u00e7\u00e3o no Congresso para virar lei ou n\u00e3o. A gente imagina que todo esse processo leve de nove meses a um ano at\u00e9 a cria\u00e7\u00e3o da empresa. Tem a parte de patrim\u00f4nio, de empregados da Infraero que ser\u00e3o absorvidos pela NAV Brasil. \u00c9 importante destacar que n\u00f3s n\u00e3o estamos criando uma nova empresa, ela j\u00e1 existe como um setor dentro da Infraero. Estamos tirando esse setor, pra que ele, junto com o Decea, fa\u00e7a a administra\u00e7\u00e3o, principalmente, das torres de controle\u201d.<\/p>\n\n\n\n<p>O diretor da SAC, Ronei Saggioro Glanzmann, explicou que a Infraero j\u00e1 vem fazendo processos de demiss\u00e3o volunt\u00e1ria, financiados pelas concess\u00f5es, com o desligamento de cerca de mil funcion\u00e1rios por ano. \u201cA concession\u00e1ria que ganha a concess\u00e3o deposita na conta da Infraero, antes de assinar o contrato, um valor que \u00e9 destinado exclusivamente ao financiamento do plano de demiss\u00e3o volunt\u00e1ria. Vai continuar assim nas pr\u00f3ximas rodadas. At\u00e9 agora, esses mil funcion\u00e1rios que saem por ano t\u00eam sa\u00eddo de uma forma muito tranquila, capacitados para o mercado\u201d.<\/p>\n\n\n\n<p>De acordo com ele, o processo ser\u00e1 conduzido com \u201cmuita responsabilidade e muita transpar\u00eancia\u201d, com foco nos planos de demiss\u00e3o volunt\u00e1ria incorporando a\u00e7\u00f5es de treinamento e capacita\u00e7\u00e3o. \u201cEstamos criando no Brasil um grande mercado privado de operadores de aeroportos e\u00a0hoje\u00a0os profissionais que operam aeroportos est\u00e3o dentro da Infraero. Ent\u00e3o a gente vai trabalhar fortemente com capacita\u00e7\u00e3o, mas cada coisa a seu tempo, feito com bastante responsabilidade, feito com calma, n\u00e3o h\u00e1 desespero nesse processo. A Infraero\u00a0hoje\u00a0tem 9,5 mil funcion\u00e1rios que trabalham de maneira brilhante. \u00c9 um quadro de excel\u00eancia e o governo federal n\u00e3o vai virar as costas para esse quadro\u201d.<\/p>\n\n\n\n<h2 class=\"wp-block-heading\">Desafios para o ano<\/h2>\n\n\n\n<p>A reuni\u00e3o de&nbsp;hoje&nbsp;foi para tratar de alinhamentos estrat\u00e9gicos entre os \u00f3rg\u00e3os do governo para o setor de avia\u00e7\u00e3o. Entre os desafios para o ano, o brigadeiro destacou a realiza\u00e7\u00e3o da Copa Am\u00e9rica de futebol no pa\u00eds, entre os dias&nbsp;14 de junho&nbsp;e&nbsp;7 de julho&nbsp;nas cidades de S\u00e3o Paulo, Rio&nbsp;de Janeiro, Belo Horizonte, Porto Alegre e Salvador.<\/p>\n\n\n\n<p>De acordo com o brigadeiro, outro desafio s\u00e3o os drones que interferem no espa\u00e7o a\u00e9reo. Em maio um semin\u00e1rio ir\u00e1 debater a quest\u00e3o. \u201cN\u00f3s vamos fazer um semin\u00e1rio em maio em S\u00e3o Paulo para discutir como vamos combater o drone que interfere na opera\u00e7\u00e3o dos aeroportos, trazendo risco \u00e0 seguran\u00e7a da avia\u00e7\u00e3o. No semin\u00e1rio vamos descobrir qual \u00e9 a solu\u00e7\u00e3o que o Brasil vai adotar para combater esse drone, que tipo de equipamento n\u00f3s vamos usar para neutralizar esse tipo de drone\u201d.<\/p>\n\n\n\n<p><strong>CidadeMarketing com informa\u00e7\u00f5es da EBC.<\/strong><\/p>\n","protected":false},"excerpt":{"rendered":"<p>Com as tr\u00eas pr\u00f3ximas rodadas de concess\u00e3o de aeroportos previstas, todos os terminais do pa\u00eds estar\u00e3o sob controle da iniciativa privada e a Empresa Brasileira de Infraestrutura Aeroportu\u00e1ria (Infraero) ser\u00e1 extinta. Todo o processo deve estar consolidado em quatro anos, segundo o diretor do Departamento de Pol\u00edticas Regulat\u00f3rias da Secretaria Nacional de Avia\u00e7\u00e3o Civil (SAC), [&hellip;]<\/p>\n","protected":false},"author":1,"featured_media":5820,"comment_status":"open","ping_status":"open","sticky":false,"template":"","format":"standard","meta":{"tdm_status":"","tdm_grid_status":"","footnotes":""},"categories":[6],"tags":[147,60],"class_list":["post-5819","post","type-post","status-publish","format-standard","has-post-thumbnail","hentry","category-noticias","tag-brasil","tag-governo-federal"],"yoast_head":"<!-- This site is optimized with the Yoast SEO plugin v27.4 - https:\/\/yoast.com\/product\/yoast-seo-wordpress\/ -->\n<title>Governo pretende extinguir a Infraero em 4 anos - CidadeMarketing<\/title>\n<meta name=\"robots\" content=\"index, follow, max-snippet:-1, max-image-preview:large, max-video-preview:-1\" \/>\n<link rel=\"canonical\" href=\"https:\/\/www.cidademarketing.com.br\/marketing\/2019\/01\/30\/governo-pretende-extinguir-a-infraero-em-4-anos\/\" \/>\n<meta property=\"og:locale\" content=\"pt_BR\" \/>\n<meta property=\"og:type\" content=\"article\" \/>\n<meta property=\"og:title\" content=\"Governo pretende extinguir a Infraero em 4 anos - CidadeMarketing\" \/>\n<meta property=\"og:description\" content=\"Com as tr\u00eas pr\u00f3ximas rodadas de concess\u00e3o de aeroportos previstas, todos os terminais do pa\u00eds estar\u00e3o sob controle da iniciativa privada e a Empresa Brasileira de Infraestrutura Aeroportu\u00e1ria (Infraero) ser\u00e1 extinta. Todo o processo deve estar consolidado em quatro anos, segundo o diretor do Departamento de Pol\u00edticas Regulat\u00f3rias da Secretaria Nacional de Avia\u00e7\u00e3o Civil (SAC), [&hellip;]\" \/>\n<meta property=\"og:url\" content=\"https:\/\/www.cidademarketing.com.br\/marketing\/2019\/01\/30\/governo-pretende-extinguir-a-infraero-em-4-anos\/\" \/>\n<meta property=\"og:site_name\" content=\"CidadeMarketing\" \/>\n<meta property=\"article:publisher\" content=\"https:\/\/www.facebook.com\/portalcidademarketing\" \/>\n<meta property=\"article:author\" content=\"https:\/\/www.facebook.com\/thalesbrandao\" \/>\n<meta property=\"article:published_time\" content=\"2019-01-30T19:45:15+00:00\" \/>\n<meta property=\"article:modified_time\" content=\"2019-01-30T19:45:17+00:00\" \/>\n<meta property=\"og:image\" content=\"https:\/\/www.cidademarketing.com.br\/marketing\/wp-content\/uploads\/2019\/01\/infraero.jpg\" \/>\n\t<meta property=\"og:image:width\" content=\"350\" \/>\n\t<meta property=\"og:image:height\" content=\"350\" \/>\n\t<meta property=\"og:image:type\" content=\"image\/jpeg\" \/>\n<meta name=\"author\" content=\"Thales Brand\u00e3o\" \/>\n<meta name=\"twitter:card\" content=\"summary_large_image\" \/>\n<meta name=\"twitter:creator\" content=\"@http:\/\/www.twitter.com\/thalesbrandao\" \/>\n<meta name=\"twitter:site\" content=\"@CidadeMarketing\" \/>\n<meta name=\"twitter:label1\" content=\"Escrito por\" \/>\n\t<meta name=\"twitter:data1\" content=\"Thales Brand\u00e3o\" \/>\n\t<meta name=\"twitter:label2\" content=\"Est. tempo de leitura\" \/>\n\t<meta name=\"twitter:data2\" content=\"6 minutos\" \/>\n<script type=\"application\/ld+json\" class=\"yoast-schema-graph\">{\"@context\":\"https:\\\/\\\/schema.org\",\"@graph\":[{\"@type\":\"Article\",\"@id\":\"https:\\\/\\\/www.cidademarketing.com.br\\\/marketing\\\/2019\\\/01\\\/30\\\/governo-pretende-extinguir-a-infraero-em-4-anos\\\/#article\",\"isPartOf\":{\"@id\":\"https:\\\/\\\/www.cidademarketing.com.br\\\/marketing\\\/2019\\\/01\\\/30\\\/governo-pretende-extinguir-a-infraero-em-4-anos\\\/\"},\"author\":{\"name\":\"Thales Brand\u00e3o\",\"@id\":\"https:\\\/\\\/www.cidademarketing.com.br\\\/marketing\\\/#\\\/schema\\\/person\\\/02daff9f18bd9378c9e01eb6b2db155f\"},\"headline\":\"Governo pretende extinguir a Infraero em 4 anos\",\"datePublished\":\"2019-01-30T19:45:15+00:00\",\"dateModified\":\"2019-01-30T19:45:17+00:00\",\"mainEntityOfPage\":{\"@id\":\"https:\\\/\\\/www.cidademarketing.com.br\\\/marketing\\\/2019\\\/01\\\/30\\\/governo-pretende-extinguir-a-infraero-em-4-anos\\\/\"},\"wordCount\":1173,\"commentCount\":0,\"publisher\":{\"@id\":\"https:\\\/\\\/www.cidademarketing.com.br\\\/marketing\\\/#organization\"},\"image\":{\"@id\":\"https:\\\/\\\/www.cidademarketing.com.br\\\/marketing\\\/2019\\\/01\\\/30\\\/governo-pretende-extinguir-a-infraero-em-4-anos\\\/#primaryimage\"},\"thumbnailUrl\":\"https:\\\/\\\/www.cidademarketing.com.br\\\/marketing\\\/wp-content\\\/uploads\\\/2019\\\/01\\\/infraero.jpg\",\"keywords\":[\"Brasil\",\"Governo Federal\"],\"articleSection\":[\"Not\u00edcias\"],\"inLanguage\":\"pt-BR\",\"potentialAction\":[{\"@type\":\"CommentAction\",\"name\":\"Comment\",\"target\":[\"https:\\\/\\\/www.cidademarketing.com.br\\\/marketing\\\/2019\\\/01\\\/30\\\/governo-pretende-extinguir-a-infraero-em-4-anos\\\/#respond\"]}]},{\"@type\":\"WebPage\",\"@id\":\"https:\\\/\\\/www.cidademarketing.com.br\\\/marketing\\\/2019\\\/01\\\/30\\\/governo-pretende-extinguir-a-infraero-em-4-anos\\\/\",\"url\":\"https:\\\/\\\/www.cidademarketing.com.br\\\/marketing\\\/2019\\\/01\\\/30\\\/governo-pretende-extinguir-a-infraero-em-4-anos\\\/\",\"name\":\"Governo pretende extinguir a Infraero em 4 anos - CidadeMarketing\",\"isPartOf\":{\"@id\":\"https:\\\/\\\/www.cidademarketing.com.br\\\/marketing\\\/#website\"},\"primaryImageOfPage\":{\"@id\":\"https:\\\/\\\/www.cidademarketing.com.br\\\/marketing\\\/2019\\\/01\\\/30\\\/governo-pretende-extinguir-a-infraero-em-4-anos\\\/#primaryimage\"},\"image\":{\"@id\":\"https:\\\/\\\/www.cidademarketing.com.br\\\/marketing\\\/2019\\\/01\\\/30\\\/governo-pretende-extinguir-a-infraero-em-4-anos\\\/#primaryimage\"},\"thumbnailUrl\":\"https:\\\/\\\/www.cidademarketing.com.br\\\/marketing\\\/wp-content\\\/uploads\\\/2019\\\/01\\\/infraero.jpg\",\"datePublished\":\"2019-01-30T19:45:15+00:00\",\"dateModified\":\"2019-01-30T19:45:17+00:00\",\"breadcrumb\":{\"@id\":\"https:\\\/\\\/www.cidademarketing.com.br\\\/marketing\\\/2019\\\/01\\\/30\\\/governo-pretende-extinguir-a-infraero-em-4-anos\\\/#breadcrumb\"},\"inLanguage\":\"pt-BR\",\"potentialAction\":[{\"@type\":\"ReadAction\",\"target\":[\"https:\\\/\\\/www.cidademarketing.com.br\\\/marketing\\\/2019\\\/01\\\/30\\\/governo-pretende-extinguir-a-infraero-em-4-anos\\\/\"]}]},{\"@type\":\"ImageObject\",\"inLanguage\":\"pt-BR\",\"@id\":\"https:\\\/\\\/www.cidademarketing.com.br\\\/marketing\\\/2019\\\/01\\\/30\\\/governo-pretende-extinguir-a-infraero-em-4-anos\\\/#primaryimage\",\"url\":\"https:\\\/\\\/www.cidademarketing.com.br\\\/marketing\\\/wp-content\\\/uploads\\\/2019\\\/01\\\/infraero.jpg\",\"contentUrl\":\"https:\\\/\\\/www.cidademarketing.com.br\\\/marketing\\\/wp-content\\\/uploads\\\/2019\\\/01\\\/infraero.jpg\",\"width\":350,\"height\":350},{\"@type\":\"BreadcrumbList\",\"@id\":\"https:\\\/\\\/www.cidademarketing.com.br\\\/marketing\\\/2019\\\/01\\\/30\\\/governo-pretende-extinguir-a-infraero-em-4-anos\\\/#breadcrumb\",\"itemListElement\":[{\"@type\":\"ListItem\",\"position\":1,\"name\":\"In\u00edcio\",\"item\":\"https:\\\/\\\/www.cidademarketing.com.br\\\/marketing\\\/\"},{\"@type\":\"ListItem\",\"position\":2,\"name\":\"Governo pretende extinguir a Infraero em 4 anos\"}]},{\"@type\":\"WebSite\",\"@id\":\"https:\\\/\\\/www.cidademarketing.com.br\\\/marketing\\\/#website\",\"url\":\"https:\\\/\\\/www.cidademarketing.com.br\\\/marketing\\\/\",\"name\":\"CidadeMarketing\",\"description\":\"Somos um ve\u00edculo de comunica\u00e7\u00e3o de destaque no Brasil, reconhecido por conte\u00fados nos segmentos de marketing, empreendedorismo e inova\u00e7\u00e3o.\",\"publisher\":{\"@id\":\"https:\\\/\\\/www.cidademarketing.com.br\\\/marketing\\\/#organization\"},\"alternateName\":\"CidadeMarketing\",\"potentialAction\":[{\"@type\":\"SearchAction\",\"target\":{\"@type\":\"EntryPoint\",\"urlTemplate\":\"https:\\\/\\\/www.cidademarketing.com.br\\\/marketing\\\/?s={search_term_string}\"},\"query-input\":{\"@type\":\"PropertyValueSpecification\",\"valueRequired\":true,\"valueName\":\"search_term_string\"}}],\"inLanguage\":\"pt-BR\"},{\"@type\":\"Organization\",\"@id\":\"https:\\\/\\\/www.cidademarketing.com.br\\\/marketing\\\/#organization\",\"name\":\"CidadeMarketing\",\"alternateName\":\"CidadeMarketing\",\"url\":\"https:\\\/\\\/www.cidademarketing.com.br\\\/marketing\\\/\",\"logo\":{\"@type\":\"ImageObject\",\"inLanguage\":\"pt-BR\",\"@id\":\"https:\\\/\\\/www.cidademarketing.com.br\\\/marketing\\\/#\\\/schema\\\/logo\\\/image\\\/\",\"url\":\"https:\\\/\\\/www.cidademarketing.com.br\\\/marketing\\\/wp-content\\\/uploads\\\/2020\\\/01\\\/cidademarketing_marca_mobile.png\",\"contentUrl\":\"https:\\\/\\\/www.cidademarketing.com.br\\\/marketing\\\/wp-content\\\/uploads\\\/2020\\\/01\\\/cidademarketing_marca_mobile.png\",\"width\":230,\"height\":92,\"caption\":\"CidadeMarketing\"},\"image\":{\"@id\":\"https:\\\/\\\/www.cidademarketing.com.br\\\/marketing\\\/#\\\/schema\\\/logo\\\/image\\\/\"},\"sameAs\":[\"https:\\\/\\\/www.facebook.com\\\/portalcidademarketing\",\"https:\\\/\\\/x.com\\\/CidadeMarketing\",\"https:\\\/\\\/www.instagram.com\\\/cidademarketing\\\/\"]},{\"@type\":\"Person\",\"@id\":\"https:\\\/\\\/www.cidademarketing.com.br\\\/marketing\\\/#\\\/schema\\\/person\\\/02daff9f18bd9378c9e01eb6b2db155f\",\"name\":\"Thales Brand\u00e3o\",\"image\":{\"@type\":\"ImageObject\",\"inLanguage\":\"pt-BR\",\"@id\":\"https:\\\/\\\/secure.gravatar.com\\\/avatar\\\/7ca3206950207cc3cb48feec56a8a7898741ab725c368d99d5d7a5a50aab80c6?s=96&d=mm&r=g\",\"url\":\"https:\\\/\\\/secure.gravatar.com\\\/avatar\\\/7ca3206950207cc3cb48feec56a8a7898741ab725c368d99d5d7a5a50aab80c6?s=96&d=mm&r=g\",\"contentUrl\":\"https:\\\/\\\/secure.gravatar.com\\\/avatar\\\/7ca3206950207cc3cb48feec56a8a7898741ab725c368d99d5d7a5a50aab80c6?s=96&d=mm&r=g\",\"caption\":\"Thales Brand\u00e3o\"},\"description\":\"Editor Executivo do Portal CidadeMarketing.com.br &gt; Mestre em Comunica\u00e7\u00e3o e Sociedade pela Universidade Federal de Sergipe. Possui MBA Executivo em Administra\u00e7\u00e3o com \u00eanfase em Marketing pela Funda\u00e7\u00e3o Get\u00falio Vargas - Rio de Janeiro. Consultor, Palestrante e Pesquisador sobre Empreendedorismo, Marketing, Redes Sociais e Neg\u00f3cios Digitais. Professor, Palestrante TedxTalks e Campus Party. Twitter: @ThalesBrandao\",\"sameAs\":[\"http:\\\/\\\/www.mandacaru.com.br\",\"https:\\\/\\\/www.facebook.com\\\/thalesbrandao\",\"http:\\\/\\\/www.instagram.com.br\\\/thalesbrandaoferreira\",\"https:\\\/\\\/www.linkedin.com\\\/in\\\/thales-brand\u00e3o-3948609\\\/\",\"https:\\\/\\\/x.com\\\/http:\\\/\\\/www.twitter.com\\\/thalesbrandao\"],\"url\":\"https:\\\/\\\/www.cidademarketing.com.br\\\/marketing\\\/author\\\/thalesbrandao\\\/\"}]}<\/script>\n<!-- \/ Yoast SEO plugin. -->","yoast_head_json":{"title":"Governo pretende extinguir a Infraero em 4 anos - CidadeMarketing","robots":{"index":"index","follow":"follow","max-snippet":"max-snippet:-1","max-image-preview":"max-image-preview:large","max-video-preview":"max-video-preview:-1"},"canonical":"https:\/\/www.cidademarketing.com.br\/marketing\/2019\/01\/30\/governo-pretende-extinguir-a-infraero-em-4-anos\/","og_locale":"pt_BR","og_type":"article","og_title":"Governo pretende extinguir a Infraero em 4 anos - CidadeMarketing","og_description":"Com as tr\u00eas pr\u00f3ximas rodadas de concess\u00e3o de aeroportos previstas, todos os terminais do pa\u00eds estar\u00e3o sob controle da iniciativa privada e a Empresa Brasileira de Infraestrutura Aeroportu\u00e1ria (Infraero) ser\u00e1 extinta. Todo o processo deve estar consolidado em quatro anos, segundo o diretor do Departamento de Pol\u00edticas Regulat\u00f3rias da Secretaria Nacional de Avia\u00e7\u00e3o Civil (SAC), [&hellip;]","og_url":"https:\/\/www.cidademarketing.com.br\/marketing\/2019\/01\/30\/governo-pretende-extinguir-a-infraero-em-4-anos\/","og_site_name":"CidadeMarketing","article_publisher":"https:\/\/www.facebook.com\/portalcidademarketing","article_author":"https:\/\/www.facebook.com\/thalesbrandao","article_published_time":"2019-01-30T19:45:15+00:00","article_modified_time":"2019-01-30T19:45:17+00:00","og_image":[{"width":350,"height":350,"url":"https:\/\/www.cidademarketing.com.br\/marketing\/wp-content\/uploads\/2019\/01\/infraero.jpg","type":"image\/jpeg"}],"author":"Thales Brand\u00e3o","twitter_card":"summary_large_image","twitter_creator":"@http:\/\/www.twitter.com\/thalesbrandao","twitter_site":"@CidadeMarketing","twitter_misc":{"Escrito por":"Thales Brand\u00e3o","Est. tempo de leitura":"6 minutos"},"schema":{"@context":"https:\/\/schema.org","@graph":[{"@type":"Article","@id":"https:\/\/www.cidademarketing.com.br\/marketing\/2019\/01\/30\/governo-pretende-extinguir-a-infraero-em-4-anos\/#article","isPartOf":{"@id":"https:\/\/www.cidademarketing.com.br\/marketing\/2019\/01\/30\/governo-pretende-extinguir-a-infraero-em-4-anos\/"},"author":{"name":"Thales Brand\u00e3o","@id":"https:\/\/www.cidademarketing.com.br\/marketing\/#\/schema\/person\/02daff9f18bd9378c9e01eb6b2db155f"},"headline":"Governo pretende extinguir a Infraero em 4 anos","datePublished":"2019-01-30T19:45:15+00:00","dateModified":"2019-01-30T19:45:17+00:00","mainEntityOfPage":{"@id":"https:\/\/www.cidademarketing.com.br\/marketing\/2019\/01\/30\/governo-pretende-extinguir-a-infraero-em-4-anos\/"},"wordCount":1173,"commentCount":0,"publisher":{"@id":"https:\/\/www.cidademarketing.com.br\/marketing\/#organization"},"image":{"@id":"https:\/\/www.cidademarketing.com.br\/marketing\/2019\/01\/30\/governo-pretende-extinguir-a-infraero-em-4-anos\/#primaryimage"},"thumbnailUrl":"https:\/\/www.cidademarketing.com.br\/marketing\/wp-content\/uploads\/2019\/01\/infraero.jpg","keywords":["Brasil","Governo Federal"],"articleSection":["Not\u00edcias"],"inLanguage":"pt-BR","potentialAction":[{"@type":"CommentAction","name":"Comment","target":["https:\/\/www.cidademarketing.com.br\/marketing\/2019\/01\/30\/governo-pretende-extinguir-a-infraero-em-4-anos\/#respond"]}]},{"@type":"WebPage","@id":"https:\/\/www.cidademarketing.com.br\/marketing\/2019\/01\/30\/governo-pretende-extinguir-a-infraero-em-4-anos\/","url":"https:\/\/www.cidademarketing.com.br\/marketing\/2019\/01\/30\/governo-pretende-extinguir-a-infraero-em-4-anos\/","name":"Governo pretende extinguir a Infraero em 4 anos - CidadeMarketing","isPartOf":{"@id":"https:\/\/www.cidademarketing.com.br\/marketing\/#website"},"primaryImageOfPage":{"@id":"https:\/\/www.cidademarketing.com.br\/marketing\/2019\/01\/30\/governo-pretende-extinguir-a-infraero-em-4-anos\/#primaryimage"},"image":{"@id":"https:\/\/www.cidademarketing.com.br\/marketing\/2019\/01\/30\/governo-pretende-extinguir-a-infraero-em-4-anos\/#primaryimage"},"thumbnailUrl":"https:\/\/www.cidademarketing.com.br\/marketing\/wp-content\/uploads\/2019\/01\/infraero.jpg","datePublished":"2019-01-30T19:45:15+00:00","dateModified":"2019-01-30T19:45:17+00:00","breadcrumb":{"@id":"https:\/\/www.cidademarketing.com.br\/marketing\/2019\/01\/30\/governo-pretende-extinguir-a-infraero-em-4-anos\/#breadcrumb"},"inLanguage":"pt-BR","potentialAction":[{"@type":"ReadAction","target":["https:\/\/www.cidademarketing.com.br\/marketing\/2019\/01\/30\/governo-pretende-extinguir-a-infraero-em-4-anos\/"]}]},{"@type":"ImageObject","inLanguage":"pt-BR","@id":"https:\/\/www.cidademarketing.com.br\/marketing\/2019\/01\/30\/governo-pretende-extinguir-a-infraero-em-4-anos\/#primaryimage","url":"https:\/\/www.cidademarketing.com.br\/marketing\/wp-content\/uploads\/2019\/01\/infraero.jpg","contentUrl":"https:\/\/www.cidademarketing.com.br\/marketing\/wp-content\/uploads\/2019\/01\/infraero.jpg","width":350,"height":350},{"@type":"BreadcrumbList","@id":"https:\/\/www.cidademarketing.com.br\/marketing\/2019\/01\/30\/governo-pretende-extinguir-a-infraero-em-4-anos\/#breadcrumb","itemListElement":[{"@type":"ListItem","position":1,"name":"In\u00edcio","item":"https:\/\/www.cidademarketing.com.br\/marketing\/"},{"@type":"ListItem","position":2,"name":"Governo pretende extinguir a Infraero em 4 anos"}]},{"@type":"WebSite","@id":"https:\/\/www.cidademarketing.com.br\/marketing\/#website","url":"https:\/\/www.cidademarketing.com.br\/marketing\/","name":"CidadeMarketing","description":"Somos um ve\u00edculo de comunica\u00e7\u00e3o de destaque no Brasil, reconhecido por conte\u00fados nos segmentos de marketing, empreendedorismo e inova\u00e7\u00e3o.","publisher":{"@id":"https:\/\/www.cidademarketing.com.br\/marketing\/#organization"},"alternateName":"CidadeMarketing","potentialAction":[{"@type":"SearchAction","target":{"@type":"EntryPoint","urlTemplate":"https:\/\/www.cidademarketing.com.br\/marketing\/?s={search_term_string}"},"query-input":{"@type":"PropertyValueSpecification","valueRequired":true,"valueName":"search_term_string"}}],"inLanguage":"pt-BR"},{"@type":"Organization","@id":"https:\/\/www.cidademarketing.com.br\/marketing\/#organization","name":"CidadeMarketing","alternateName":"CidadeMarketing","url":"https:\/\/www.cidademarketing.com.br\/marketing\/","logo":{"@type":"ImageObject","inLanguage":"pt-BR","@id":"https:\/\/www.cidademarketing.com.br\/marketing\/#\/schema\/logo\/image\/","url":"https:\/\/www.cidademarketing.com.br\/marketing\/wp-content\/uploads\/2020\/01\/cidademarketing_marca_mobile.png","contentUrl":"https:\/\/www.cidademarketing.com.br\/marketing\/wp-content\/uploads\/2020\/01\/cidademarketing_marca_mobile.png","width":230,"height":92,"caption":"CidadeMarketing"},"image":{"@id":"https:\/\/www.cidademarketing.com.br\/marketing\/#\/schema\/logo\/image\/"},"sameAs":["https:\/\/www.facebook.com\/portalcidademarketing","https:\/\/x.com\/CidadeMarketing","https:\/\/www.instagram.com\/cidademarketing\/"]},{"@type":"Person","@id":"https:\/\/www.cidademarketing.com.br\/marketing\/#\/schema\/person\/02daff9f18bd9378c9e01eb6b2db155f","name":"Thales Brand\u00e3o","image":{"@type":"ImageObject","inLanguage":"pt-BR","@id":"https:\/\/secure.gravatar.com\/avatar\/7ca3206950207cc3cb48feec56a8a7898741ab725c368d99d5d7a5a50aab80c6?s=96&d=mm&r=g","url":"https:\/\/secure.gravatar.com\/avatar\/7ca3206950207cc3cb48feec56a8a7898741ab725c368d99d5d7a5a50aab80c6?s=96&d=mm&r=g","contentUrl":"https:\/\/secure.gravatar.com\/avatar\/7ca3206950207cc3cb48feec56a8a7898741ab725c368d99d5d7a5a50aab80c6?s=96&d=mm&r=g","caption":"Thales Brand\u00e3o"},"description":"Editor Executivo do Portal CidadeMarketing.com.br &gt; Mestre em Comunica\u00e7\u00e3o e Sociedade pela Universidade Federal de Sergipe. Possui MBA Executivo em Administra\u00e7\u00e3o com \u00eanfase em Marketing pela Funda\u00e7\u00e3o Get\u00falio Vargas - Rio de Janeiro. Consultor, Palestrante e Pesquisador sobre Empreendedorismo, Marketing, Redes Sociais e Neg\u00f3cios Digitais. Professor, Palestrante TedxTalks e Campus Party. Twitter: @ThalesBrandao","sameAs":["http:\/\/www.mandacaru.com.br","https:\/\/www.facebook.com\/thalesbrandao","http:\/\/www.instagram.com.br\/thalesbrandaoferreira","https:\/\/www.linkedin.com\/in\/thales-brand\u00e3o-3948609\/","https:\/\/x.com\/http:\/\/www.twitter.com\/thalesbrandao"],"url":"https:\/\/www.cidademarketing.com.br\/marketing\/author\/thalesbrandao\/"}]}},"amp_enabled":true,"_links":{"self":[{"href":"https:\/\/www.cidademarketing.com.br\/marketing\/wp-json\/wp\/v2\/posts\/5819","targetHints":{"allow":["GET"]}}],"collection":[{"href":"https:\/\/www.cidademarketing.com.br\/marketing\/wp-json\/wp\/v2\/posts"}],"about":[{"href":"https:\/\/www.cidademarketing.com.br\/marketing\/wp-json\/wp\/v2\/types\/post"}],"author":[{"embeddable":true,"href":"https:\/\/www.cidademarketing.com.br\/marketing\/wp-json\/wp\/v2\/users\/1"}],"replies":[{"embeddable":true,"href":"https:\/\/www.cidademarketing.com.br\/marketing\/wp-json\/wp\/v2\/comments?post=5819"}],"version-history":[{"count":1,"href":"https:\/\/www.cidademarketing.com.br\/marketing\/wp-json\/wp\/v2\/posts\/5819\/revisions"}],"predecessor-version":[{"id":5821,"href":"https:\/\/www.cidademarketing.com.br\/marketing\/wp-json\/wp\/v2\/posts\/5819\/revisions\/5821"}],"wp:featuredmedia":[{"embeddable":true,"href":"https:\/\/www.cidademarketing.com.br\/marketing\/wp-json\/wp\/v2\/media\/5820"}],"wp:attachment":[{"href":"https:\/\/www.cidademarketing.com.br\/marketing\/wp-json\/wp\/v2\/media?parent=5819"}],"wp:term":[{"taxonomy":"category","embeddable":true,"href":"https:\/\/www.cidademarketing.com.br\/marketing\/wp-json\/wp\/v2\/categories?post=5819"},{"taxonomy":"post_tag","embeddable":true,"href":"https:\/\/www.cidademarketing.com.br\/marketing\/wp-json\/wp\/v2\/tags?post=5819"}],"curies":[{"name":"wp","href":"https:\/\/api.w.org\/{rel}","templated":true}]}}