{"id":58170,"date":"2025-10-25T16:17:04","date_gmt":"2025-10-25T19:17:04","guid":{"rendered":"https:\/\/www.cidademarketing.com.br\/marketing\/?p=58170"},"modified":"2025-10-25T16:17:04","modified_gmt":"2025-10-25T19:17:04","slug":"jovem-tenista-boliviano-surpreende-e-avanca-as-quartas-de-final-no-costa-do-sauipe-open","status":"publish","type":"post","link":"https:\/\/www.cidademarketing.com.br\/marketing\/2025\/10\/25\/jovem-tenista-boliviano-surpreende-e-avanca-as-quartas-de-final-no-costa-do-sauipe-open\/","title":{"rendered":"Jovem tenista boliviano surpreende e avan\u00e7a \u00e0s quartas de final no Costa do Sau\u00edpe Open"},"content":{"rendered":"<p>O sol voltou a brilhar na Costa do Sau\u00edpe ap\u00f3s um dia de fortes chuvas, e junto com ele, a vibra\u00e7\u00e3o da torcida que lotou as arquibancadas para acompanhar o retorno dos jogos do Costa do Sau\u00edpe Open, um dos principais torneios do circuito ATP Challenger Tour no Brasil.<\/p>\n<p>O destaque deste s\u00e1bado (25) foi a vit\u00f3ria surpreendente do jovem boliviano Juan Carlos Prado Angelo, que garantiu vaga nas quartas de final ao derrotar o espanhol Carlos Taberner, n\u00famero 102 do ranking da ATP, por 4\/6, 6\/3 e 6\/4. Prado, de apenas 20 anos, vem chamando aten\u00e7\u00e3o pela maturidade em quadra e pela consist\u00eancia nas trocas de bola.<\/p>\n<p>Em outro confronto acirrado, o chileno Cristian Garin, ex-top 20 do mundo, superou o <a href=\"https:\/\/www.cidademarketing.com.br\/marketing\/2025\/10\/24\/tenis-argentinos-dominam-o-costa-do-sauipe-open\/\" target=\"_blank\" rel=\"noopener\">argentino<\/a> Andrea Collarini por 6\/1, 4\/6 e 6\/4, em uma partida marcada por intensidade e jogadas de alto n\u00edvel t\u00e9cnico.<\/p>\n<figure id=\"attachment_58174\" aria-describedby=\"caption-attachment-58174\" style=\"width: 1000px\" class=\"wp-caption alignnone\"><img fetchpriority=\"high\" decoding=\"async\" class=\"wp-image-58174 size-full\" src=\"https:\/\/www.cidademarketing.com.br\/marketing\/wp-content\/uploads\/2025\/10\/Adolfo_Vallejo_costadosauipe_open.webp\" alt=\"O s\u00e1bado ensolarado trouxe de volta o p\u00fablico e a energia vibrante ao complexo de Costa do Sau\u00edpe.\" width=\"1000\" height=\"667\" srcset=\"https:\/\/www.cidademarketing.com.br\/marketing\/wp-content\/uploads\/2025\/10\/Adolfo_Vallejo_costadosauipe_open.webp 1000w, https:\/\/www.cidademarketing.com.br\/marketing\/wp-content\/uploads\/2025\/10\/Adolfo_Vallejo_costadosauipe_open-300x200.webp 300w, https:\/\/www.cidademarketing.com.br\/marketing\/wp-content\/uploads\/2025\/10\/Adolfo_Vallejo_costadosauipe_open-768x512.webp 768w, https:\/\/www.cidademarketing.com.br\/marketing\/wp-content\/uploads\/2025\/10\/Adolfo_Vallejo_costadosauipe_open-630x420.webp 630w, https:\/\/www.cidademarketing.com.br\/marketing\/wp-content\/uploads\/2025\/10\/Adolfo_Vallejo_costadosauipe_open-640x427.webp 640w, https:\/\/www.cidademarketing.com.br\/marketing\/wp-content\/uploads\/2025\/10\/Adolfo_Vallejo_costadosauipe_open-681x454.webp 681w\" sizes=\"(max-width: 1000px) 100vw, 1000px\" \/><figcaption id=\"caption-attachment-58174\" class=\"wp-caption-text\">Adolfo Vallejo (PAR)<br \/>Foto: Jo\u00e3o Pires<\/figcaption><\/figure>\n<p>As quartas de final come\u00e7aram com Adolfo Vallejo, do Paraguai, mantendo o bom momento e vencendo o argentino Thiago Tirante por 6\/4 e 6\/2. Vallejo vem embalado ap\u00f3s conquistar o t\u00edtulo do <a href=\"https:\/\/www.cidademarketing.com.br\/marketing\/2025\/10\/19\/adolfo-daniel-vallejo-conquista-titulo-no-atp-challenger-75-de-curitiba\/\" target=\"_blank\" rel=\"noopener\">ATP Challenger 75 de Curitiba<\/a> na semana anterior. Outro destaque foi o duelo argentino entre Rom\u00e1n Andr\u00e9s Burruchaga e Juan Manuel Cer\u00fandolo, vencido com tranquilidade por Burruchaga por 6\/2 e 6\/3.<\/p>\n<figure id=\"attachment_58173\" aria-describedby=\"caption-attachment-58173\" style=\"width: 1000px\" class=\"wp-caption alignnone\"><img decoding=\"async\" class=\"wp-image-58173 size-full\" src=\"https:\/\/www.cidademarketing.com.br\/marketing\/wp-content\/uploads\/2025\/10\/Roman_burruchaga_costadosauipe_open.webp\" alt=\"O s\u00e1bado ensolarado trouxe de volta o p\u00fablico e a energia vibrante ao complexo de Costa do Sau\u00edpe.\" width=\"1000\" height=\"667\" srcset=\"https:\/\/www.cidademarketing.com.br\/marketing\/wp-content\/uploads\/2025\/10\/Roman_burruchaga_costadosauipe_open.webp 1000w, https:\/\/www.cidademarketing.com.br\/marketing\/wp-content\/uploads\/2025\/10\/Roman_burruchaga_costadosauipe_open-300x200.webp 300w, https:\/\/www.cidademarketing.com.br\/marketing\/wp-content\/uploads\/2025\/10\/Roman_burruchaga_costadosauipe_open-768x512.webp 768w, https:\/\/www.cidademarketing.com.br\/marketing\/wp-content\/uploads\/2025\/10\/Roman_burruchaga_costadosauipe_open-630x420.webp 630w, https:\/\/www.cidademarketing.com.br\/marketing\/wp-content\/uploads\/2025\/10\/Roman_burruchaga_costadosauipe_open-640x427.webp 640w, https:\/\/www.cidademarketing.com.br\/marketing\/wp-content\/uploads\/2025\/10\/Roman_burruchaga_costadosauipe_open-681x454.webp 681w\" sizes=\"(max-width: 1000px) 100vw, 1000px\" \/><figcaption id=\"caption-attachment-58173\" class=\"wp-caption-text\">Roman Burruchaga (ARG)<br \/>Foto: Jo\u00e3o Pires<\/figcaption><\/figure>\n<p>O clima ensolarado e o ambiente vibrante da <a href=\"https:\/\/www.cidademarketing.com.br\/marketing\/2025\/10\/19\/vila-do-tenis-traz-ativacoes-de-marketing-e-experiencias-exclusivas-para-o-costa-do-sauipe-open\/\" target=\"_blank\" rel=\"noopener\">Vila do T\u00eanis<\/a> refor\u00e7am o car\u00e1ter especial do torneio, que une esporte, cultura e hospitalidade em um cen\u00e1rio paradis\u00edaco do litoral baiano. O p\u00fablico tamb\u00e9m aproveita as ativa\u00e7\u00f5es de marcas, gastronomia local e o esp\u00edrito acolhedor da Bahia que tornam o evento uma experi\u00eancia \u00fanica.<\/p>\n<p>Ainda neste s\u00e1bado, os jogos das quartas seguem com grandes emo\u00e7\u00f5es: o argentino Mariano Navone, vice-campe\u00e3o do Rio Open 2024 e um dos favoritos ao t\u00edtulo, enfrenta o chileno Cristian Garin na quadra principal. J\u00e1 na quadra 1, o boliviano Juan Carlos Prado Angelo busca continuar sua trajet\u00f3ria impressionante contra o norte-americano Emilio Nava, n\u00famero 92 do ranking mundial.<\/p>\n<figure id=\"attachment_58175\" aria-describedby=\"caption-attachment-58175\" style=\"width: 1000px\" class=\"wp-caption alignnone\"><img decoding=\"async\" class=\"wp-image-58175 size-full\" src=\"https:\/\/www.cidademarketing.com.br\/marketing\/wp-content\/uploads\/2025\/10\/navone_costadosauipe_open.webp\" alt=\"O s\u00e1bado ensolarado trouxe de volta o p\u00fablico e a energia vibrante ao complexo de Costa do Sau\u00edpe.\" width=\"1000\" height=\"667\" srcset=\"https:\/\/www.cidademarketing.com.br\/marketing\/wp-content\/uploads\/2025\/10\/navone_costadosauipe_open.webp 1000w, https:\/\/www.cidademarketing.com.br\/marketing\/wp-content\/uploads\/2025\/10\/navone_costadosauipe_open-300x200.webp 300w, https:\/\/www.cidademarketing.com.br\/marketing\/wp-content\/uploads\/2025\/10\/navone_costadosauipe_open-768x512.webp 768w, https:\/\/www.cidademarketing.com.br\/marketing\/wp-content\/uploads\/2025\/10\/navone_costadosauipe_open-630x420.webp 630w, https:\/\/www.cidademarketing.com.br\/marketing\/wp-content\/uploads\/2025\/10\/navone_costadosauipe_open-640x427.webp 640w, https:\/\/www.cidademarketing.com.br\/marketing\/wp-content\/uploads\/2025\/10\/navone_costadosauipe_open-681x454.webp 681w\" sizes=\"(max-width: 1000px) 100vw, 1000px\" \/><figcaption id=\"caption-attachment-58175\" class=\"wp-caption-text\">Mariano Navone (ARG)<br \/>Foto: Jo\u00e3o Pires<\/figcaption><\/figure>\n<p>Nas duplas, o destaque brasileiro fica para Marcelo Demoliner e Orlando Luz, que encaram os jovens Guto Miguel e Eduardo Ribeiro, prometendo mais uma rodada de emo\u00e7\u00e3o no Costa do Sau\u00edpe Open, um evento que celebra o t\u00eanis, a natureza e a energia contagiante da Bahia.<\/p>\n","protected":false},"excerpt":{"rendered":"<p>O sol voltou a brilhar na Costa do Sau\u00edpe ap\u00f3s um dia de fortes chuvas, e junto com ele, a vibra\u00e7\u00e3o da torcida que lotou as arquibancadas para acompanhar o retorno dos jogos do Costa do Sau\u00edpe Open, um dos principais torneios do circuito ATP Challenger Tour no Brasil. O destaque deste s\u00e1bado (25) foi [&hellip;]<\/p>\n","protected":false},"author":1,"featured_media":58172,"comment_status":"open","ping_status":"open","sticky":false,"template":"","format":"standard","meta":{"tdm_status":"","tdm_grid_status":"","footnotes":""},"categories":[6],"tags":[9961,8929,573,9690,9688,10030,10024,6759,28,10002],"class_list":["post-58170","post","type-post","status-publish","format-standard","has-post-thumbnail","hentry","category-noticias","tag-atp-challenger-125","tag-atp-challenger-tour","tag-bahia","tag-costa-do-sauipe","tag-costa-do-sauipe-open","tag-cristian-garin","tag-marcelo-demoliner","tag-mariano-navone","tag-marketing","tag-vila-do-tenis"],"yoast_head":"<!-- This site is optimized with the Yoast SEO plugin v27.4 - https:\/\/yoast.com\/product\/yoast-seo-wordpress\/ -->\n<title>Jovem tenista boliviano surpreende e avan\u00e7a \u00e0s quartas de final no Costa do Sau\u00edpe Open - CidadeMarketing<\/title>\n<meta name=\"description\" content=\"Jovem boliviano Juan Carlos Prado surpreende e avan\u00e7a \u00e0s quartas de final do Costa do Sau\u00edpe Open, em dia ensolarado na Bahia com grandes vit\u00f3rias e arquibancadas cheias.\" \/>\n<meta name=\"robots\" content=\"index, follow, max-snippet:-1, max-image-preview:large, max-video-preview:-1\" \/>\n<link rel=\"canonical\" href=\"https:\/\/www.cidademarketing.com.br\/marketing\/2025\/10\/25\/jovem-tenista-boliviano-surpreende-e-avanca-as-quartas-de-final-no-costa-do-sauipe-open\/\" \/>\n<meta property=\"og:locale\" content=\"pt_BR\" \/>\n<meta property=\"og:type\" content=\"article\" \/>\n<meta property=\"og:title\" content=\"Jovem tenista boliviano surpreende e avan\u00e7a \u00e0s quartas de final no Costa do Sau\u00edpe Open - CidadeMarketing\" \/>\n<meta property=\"og:description\" content=\"Jovem boliviano Juan Carlos Prado surpreende e avan\u00e7a \u00e0s quartas de final do Costa do Sau\u00edpe Open, em dia ensolarado na Bahia com grandes vit\u00f3rias e arquibancadas cheias.\" \/>\n<meta property=\"og:url\" content=\"https:\/\/www.cidademarketing.com.br\/marketing\/2025\/10\/25\/jovem-tenista-boliviano-surpreende-e-avanca-as-quartas-de-final-no-costa-do-sauipe-open\/\" \/>\n<meta property=\"og:site_name\" content=\"CidadeMarketing\" \/>\n<meta property=\"article:publisher\" content=\"https:\/\/www.facebook.com\/portalcidademarketing\" \/>\n<meta property=\"article:author\" content=\"https:\/\/www.facebook.com\/thalesbrandao\" \/>\n<meta property=\"article:published_time\" content=\"2025-10-25T19:17:04+00:00\" \/>\n<meta property=\"og:image\" content=\"https:\/\/www.cidademarketing.com.br\/marketing\/wp-content\/uploads\/2025\/10\/Juan_Prado_Angelo_costadosauipeopen_.webp\" \/>\n\t<meta property=\"og:image:width\" content=\"1000\" \/>\n\t<meta property=\"og:image:height\" content=\"667\" \/>\n\t<meta property=\"og:image:type\" content=\"image\/webp\" \/>\n<meta name=\"author\" content=\"Thales Brand\u00e3o\" \/>\n<meta name=\"twitter:card\" content=\"summary_large_image\" \/>\n<meta name=\"twitter:creator\" content=\"@http:\/\/www.twitter.com\/thalesbrandao\" \/>\n<meta name=\"twitter:site\" content=\"@CidadeMarketing\" \/>\n<meta name=\"twitter:label1\" content=\"Escrito por\" \/>\n\t<meta name=\"twitter:data1\" content=\"Thales Brand\u00e3o\" \/>\n\t<meta name=\"twitter:label2\" content=\"Est. tempo de leitura\" \/>\n\t<meta name=\"twitter:data2\" content=\"3 minutos\" \/>\n<script type=\"application\/ld+json\" class=\"yoast-schema-graph\">{\"@context\":\"https:\\\/\\\/schema.org\",\"@graph\":[{\"@type\":\"Article\",\"@id\":\"https:\\\/\\\/www.cidademarketing.com.br\\\/marketing\\\/2025\\\/10\\\/25\\\/jovem-tenista-boliviano-surpreende-e-avanca-as-quartas-de-final-no-costa-do-sauipe-open\\\/#article\",\"isPartOf\":{\"@id\":\"https:\\\/\\\/www.cidademarketing.com.br\\\/marketing\\\/2025\\\/10\\\/25\\\/jovem-tenista-boliviano-surpreende-e-avanca-as-quartas-de-final-no-costa-do-sauipe-open\\\/\"},\"author\":{\"name\":\"Thales Brand\u00e3o\",\"@id\":\"https:\\\/\\\/www.cidademarketing.com.br\\\/marketing\\\/#\\\/schema\\\/person\\\/02daff9f18bd9378c9e01eb6b2db155f\"},\"headline\":\"Jovem tenista boliviano surpreende e avan\u00e7a \u00e0s quartas de final no Costa do Sau\u00edpe Open\",\"datePublished\":\"2025-10-25T19:17:04+00:00\",\"mainEntityOfPage\":{\"@id\":\"https:\\\/\\\/www.cidademarketing.com.br\\\/marketing\\\/2025\\\/10\\\/25\\\/jovem-tenista-boliviano-surpreende-e-avanca-as-quartas-de-final-no-costa-do-sauipe-open\\\/\"},\"wordCount\":440,\"commentCount\":0,\"publisher\":{\"@id\":\"https:\\\/\\\/www.cidademarketing.com.br\\\/marketing\\\/#organization\"},\"image\":{\"@id\":\"https:\\\/\\\/www.cidademarketing.com.br\\\/marketing\\\/2025\\\/10\\\/25\\\/jovem-tenista-boliviano-surpreende-e-avanca-as-quartas-de-final-no-costa-do-sauipe-open\\\/#primaryimage\"},\"thumbnailUrl\":\"https:\\\/\\\/www.cidademarketing.com.br\\\/marketing\\\/wp-content\\\/uploads\\\/2025\\\/10\\\/Juan_Prado_Angelo_costadosauipeopen_.webp\",\"keywords\":[\"ATP Challenger 125\",\"ATP Challenger Tour\",\"Bahia\",\"Costa do Sau\u00edpe\",\"Costa do Sau\u00edpe Open\",\"Cristian Garin\",\"Marcelo Demoliner\",\"Mariano Navone\",\"marketing\",\"Vila do T\u00eanis\"],\"articleSection\":[\"Not\u00edcias\"],\"inLanguage\":\"pt-BR\",\"potentialAction\":[{\"@type\":\"CommentAction\",\"name\":\"Comment\",\"target\":[\"https:\\\/\\\/www.cidademarketing.com.br\\\/marketing\\\/2025\\\/10\\\/25\\\/jovem-tenista-boliviano-surpreende-e-avanca-as-quartas-de-final-no-costa-do-sauipe-open\\\/#respond\"]}]},{\"@type\":\"WebPage\",\"@id\":\"https:\\\/\\\/www.cidademarketing.com.br\\\/marketing\\\/2025\\\/10\\\/25\\\/jovem-tenista-boliviano-surpreende-e-avanca-as-quartas-de-final-no-costa-do-sauipe-open\\\/\",\"url\":\"https:\\\/\\\/www.cidademarketing.com.br\\\/marketing\\\/2025\\\/10\\\/25\\\/jovem-tenista-boliviano-surpreende-e-avanca-as-quartas-de-final-no-costa-do-sauipe-open\\\/\",\"name\":\"Jovem tenista boliviano surpreende e avan\u00e7a \u00e0s quartas de final no Costa do Sau\u00edpe Open - CidadeMarketing\",\"isPartOf\":{\"@id\":\"https:\\\/\\\/www.cidademarketing.com.br\\\/marketing\\\/#website\"},\"primaryImageOfPage\":{\"@id\":\"https:\\\/\\\/www.cidademarketing.com.br\\\/marketing\\\/2025\\\/10\\\/25\\\/jovem-tenista-boliviano-surpreende-e-avanca-as-quartas-de-final-no-costa-do-sauipe-open\\\/#primaryimage\"},\"image\":{\"@id\":\"https:\\\/\\\/www.cidademarketing.com.br\\\/marketing\\\/2025\\\/10\\\/25\\\/jovem-tenista-boliviano-surpreende-e-avanca-as-quartas-de-final-no-costa-do-sauipe-open\\\/#primaryimage\"},\"thumbnailUrl\":\"https:\\\/\\\/www.cidademarketing.com.br\\\/marketing\\\/wp-content\\\/uploads\\\/2025\\\/10\\\/Juan_Prado_Angelo_costadosauipeopen_.webp\",\"datePublished\":\"2025-10-25T19:17:04+00:00\",\"description\":\"Jovem boliviano Juan Carlos Prado surpreende e avan\u00e7a \u00e0s quartas de final do Costa do Sau\u00edpe Open, em dia ensolarado na Bahia com grandes vit\u00f3rias e arquibancadas cheias.\",\"breadcrumb\":{\"@id\":\"https:\\\/\\\/www.cidademarketing.com.br\\\/marketing\\\/2025\\\/10\\\/25\\\/jovem-tenista-boliviano-surpreende-e-avanca-as-quartas-de-final-no-costa-do-sauipe-open\\\/#breadcrumb\"},\"inLanguage\":\"pt-BR\",\"potentialAction\":[{\"@type\":\"ReadAction\",\"target\":[\"https:\\\/\\\/www.cidademarketing.com.br\\\/marketing\\\/2025\\\/10\\\/25\\\/jovem-tenista-boliviano-surpreende-e-avanca-as-quartas-de-final-no-costa-do-sauipe-open\\\/\"]}]},{\"@type\":\"ImageObject\",\"inLanguage\":\"pt-BR\",\"@id\":\"https:\\\/\\\/www.cidademarketing.com.br\\\/marketing\\\/2025\\\/10\\\/25\\\/jovem-tenista-boliviano-surpreende-e-avanca-as-quartas-de-final-no-costa-do-sauipe-open\\\/#primaryimage\",\"url\":\"https:\\\/\\\/www.cidademarketing.com.br\\\/marketing\\\/wp-content\\\/uploads\\\/2025\\\/10\\\/Juan_Prado_Angelo_costadosauipeopen_.webp\",\"contentUrl\":\"https:\\\/\\\/www.cidademarketing.com.br\\\/marketing\\\/wp-content\\\/uploads\\\/2025\\\/10\\\/Juan_Prado_Angelo_costadosauipeopen_.webp\",\"width\":1000,\"height\":667,\"caption\":\"Juan Prado Angelo (BOL) Foto: Jo\u00e3o Pires\"},{\"@type\":\"BreadcrumbList\",\"@id\":\"https:\\\/\\\/www.cidademarketing.com.br\\\/marketing\\\/2025\\\/10\\\/25\\\/jovem-tenista-boliviano-surpreende-e-avanca-as-quartas-de-final-no-costa-do-sauipe-open\\\/#breadcrumb\",\"itemListElement\":[{\"@type\":\"ListItem\",\"position\":1,\"name\":\"In\u00edcio\",\"item\":\"https:\\\/\\\/www.cidademarketing.com.br\\\/marketing\\\/\"},{\"@type\":\"ListItem\",\"position\":2,\"name\":\"Jovem tenista boliviano surpreende e avan\u00e7a \u00e0s quartas de final no Costa do Sau\u00edpe Open\"}]},{\"@type\":\"WebSite\",\"@id\":\"https:\\\/\\\/www.cidademarketing.com.br\\\/marketing\\\/#website\",\"url\":\"https:\\\/\\\/www.cidademarketing.com.br\\\/marketing\\\/\",\"name\":\"CidadeMarketing\",\"description\":\"Somos um ve\u00edculo de comunica\u00e7\u00e3o de destaque no Brasil, reconhecido por conte\u00fados nos segmentos de marketing, empreendedorismo e inova\u00e7\u00e3o.\",\"publisher\":{\"@id\":\"https:\\\/\\\/www.cidademarketing.com.br\\\/marketing\\\/#organization\"},\"alternateName\":\"CidadeMarketing\",\"potentialAction\":[{\"@type\":\"SearchAction\",\"target\":{\"@type\":\"EntryPoint\",\"urlTemplate\":\"https:\\\/\\\/www.cidademarketing.com.br\\\/marketing\\\/?s={search_term_string}\"},\"query-input\":{\"@type\":\"PropertyValueSpecification\",\"valueRequired\":true,\"valueName\":\"search_term_string\"}}],\"inLanguage\":\"pt-BR\"},{\"@type\":\"Organization\",\"@id\":\"https:\\\/\\\/www.cidademarketing.com.br\\\/marketing\\\/#organization\",\"name\":\"CidadeMarketing\",\"alternateName\":\"CidadeMarketing\",\"url\":\"https:\\\/\\\/www.cidademarketing.com.br\\\/marketing\\\/\",\"logo\":{\"@type\":\"ImageObject\",\"inLanguage\":\"pt-BR\",\"@id\":\"https:\\\/\\\/www.cidademarketing.com.br\\\/marketing\\\/#\\\/schema\\\/logo\\\/image\\\/\",\"url\":\"https:\\\/\\\/www.cidademarketing.com.br\\\/marketing\\\/wp-content\\\/uploads\\\/2020\\\/01\\\/cidademarketing_marca_mobile.png\",\"contentUrl\":\"https:\\\/\\\/www.cidademarketing.com.br\\\/marketing\\\/wp-content\\\/uploads\\\/2020\\\/01\\\/cidademarketing_marca_mobile.png\",\"width\":230,\"height\":92,\"caption\":\"CidadeMarketing\"},\"image\":{\"@id\":\"https:\\\/\\\/www.cidademarketing.com.br\\\/marketing\\\/#\\\/schema\\\/logo\\\/image\\\/\"},\"sameAs\":[\"https:\\\/\\\/www.facebook.com\\\/portalcidademarketing\",\"https:\\\/\\\/x.com\\\/CidadeMarketing\",\"https:\\\/\\\/www.instagram.com\\\/cidademarketing\\\/\"]},{\"@type\":\"Person\",\"@id\":\"https:\\\/\\\/www.cidademarketing.com.br\\\/marketing\\\/#\\\/schema\\\/person\\\/02daff9f18bd9378c9e01eb6b2db155f\",\"name\":\"Thales Brand\u00e3o\",\"image\":{\"@type\":\"ImageObject\",\"inLanguage\":\"pt-BR\",\"@id\":\"https:\\\/\\\/secure.gravatar.com\\\/avatar\\\/7ca3206950207cc3cb48feec56a8a7898741ab725c368d99d5d7a5a50aab80c6?s=96&d=mm&r=g\",\"url\":\"https:\\\/\\\/secure.gravatar.com\\\/avatar\\\/7ca3206950207cc3cb48feec56a8a7898741ab725c368d99d5d7a5a50aab80c6?s=96&d=mm&r=g\",\"contentUrl\":\"https:\\\/\\\/secure.gravatar.com\\\/avatar\\\/7ca3206950207cc3cb48feec56a8a7898741ab725c368d99d5d7a5a50aab80c6?s=96&d=mm&r=g\",\"caption\":\"Thales Brand\u00e3o\"},\"description\":\"Editor Executivo do Portal CidadeMarketing.com.br &gt; Mestre em Comunica\u00e7\u00e3o e Sociedade pela Universidade Federal de Sergipe. Possui MBA Executivo em Administra\u00e7\u00e3o com \u00eanfase em Marketing pela Funda\u00e7\u00e3o Get\u00falio Vargas - Rio de Janeiro. Consultor, Palestrante e Pesquisador sobre Empreendedorismo, Marketing, Redes Sociais e Neg\u00f3cios Digitais. Professor, Palestrante TedxTalks e Campus Party. Twitter: @ThalesBrandao\",\"sameAs\":[\"http:\\\/\\\/www.mandacaru.com.br\",\"https:\\\/\\\/www.facebook.com\\\/thalesbrandao\",\"http:\\\/\\\/www.instagram.com.br\\\/thalesbrandaoferreira\",\"https:\\\/\\\/www.linkedin.com\\\/in\\\/thales-brand\u00e3o-3948609\\\/\",\"https:\\\/\\\/x.com\\\/http:\\\/\\\/www.twitter.com\\\/thalesbrandao\"],\"url\":\"https:\\\/\\\/www.cidademarketing.com.br\\\/marketing\\\/author\\\/thalesbrandao\\\/\"}]}<\/script>\n<!-- \/ Yoast SEO plugin. -->","yoast_head_json":{"title":"Jovem tenista boliviano surpreende e avan\u00e7a \u00e0s quartas de final no Costa do Sau\u00edpe Open - CidadeMarketing","description":"Jovem boliviano Juan Carlos Prado surpreende e avan\u00e7a \u00e0s quartas de final do Costa do Sau\u00edpe Open, em dia ensolarado na Bahia com grandes vit\u00f3rias e arquibancadas cheias.","robots":{"index":"index","follow":"follow","max-snippet":"max-snippet:-1","max-image-preview":"max-image-preview:large","max-video-preview":"max-video-preview:-1"},"canonical":"https:\/\/www.cidademarketing.com.br\/marketing\/2025\/10\/25\/jovem-tenista-boliviano-surpreende-e-avanca-as-quartas-de-final-no-costa-do-sauipe-open\/","og_locale":"pt_BR","og_type":"article","og_title":"Jovem tenista boliviano surpreende e avan\u00e7a \u00e0s quartas de final no Costa do Sau\u00edpe Open - CidadeMarketing","og_description":"Jovem boliviano Juan Carlos Prado surpreende e avan\u00e7a \u00e0s quartas de final do Costa do Sau\u00edpe Open, em dia ensolarado na Bahia com grandes vit\u00f3rias e arquibancadas cheias.","og_url":"https:\/\/www.cidademarketing.com.br\/marketing\/2025\/10\/25\/jovem-tenista-boliviano-surpreende-e-avanca-as-quartas-de-final-no-costa-do-sauipe-open\/","og_site_name":"CidadeMarketing","article_publisher":"https:\/\/www.facebook.com\/portalcidademarketing","article_author":"https:\/\/www.facebook.com\/thalesbrandao","article_published_time":"2025-10-25T19:17:04+00:00","og_image":[{"width":1000,"height":667,"url":"https:\/\/www.cidademarketing.com.br\/marketing\/wp-content\/uploads\/2025\/10\/Juan_Prado_Angelo_costadosauipeopen_.webp","type":"image\/webp"}],"author":"Thales Brand\u00e3o","twitter_card":"summary_large_image","twitter_creator":"@http:\/\/www.twitter.com\/thalesbrandao","twitter_site":"@CidadeMarketing","twitter_misc":{"Escrito por":"Thales Brand\u00e3o","Est. tempo de leitura":"3 minutos"},"schema":{"@context":"https:\/\/schema.org","@graph":[{"@type":"Article","@id":"https:\/\/www.cidademarketing.com.br\/marketing\/2025\/10\/25\/jovem-tenista-boliviano-surpreende-e-avanca-as-quartas-de-final-no-costa-do-sauipe-open\/#article","isPartOf":{"@id":"https:\/\/www.cidademarketing.com.br\/marketing\/2025\/10\/25\/jovem-tenista-boliviano-surpreende-e-avanca-as-quartas-de-final-no-costa-do-sauipe-open\/"},"author":{"name":"Thales Brand\u00e3o","@id":"https:\/\/www.cidademarketing.com.br\/marketing\/#\/schema\/person\/02daff9f18bd9378c9e01eb6b2db155f"},"headline":"Jovem tenista boliviano surpreende e avan\u00e7a \u00e0s quartas de final no Costa do Sau\u00edpe Open","datePublished":"2025-10-25T19:17:04+00:00","mainEntityOfPage":{"@id":"https:\/\/www.cidademarketing.com.br\/marketing\/2025\/10\/25\/jovem-tenista-boliviano-surpreende-e-avanca-as-quartas-de-final-no-costa-do-sauipe-open\/"},"wordCount":440,"commentCount":0,"publisher":{"@id":"https:\/\/www.cidademarketing.com.br\/marketing\/#organization"},"image":{"@id":"https:\/\/www.cidademarketing.com.br\/marketing\/2025\/10\/25\/jovem-tenista-boliviano-surpreende-e-avanca-as-quartas-de-final-no-costa-do-sauipe-open\/#primaryimage"},"thumbnailUrl":"https:\/\/www.cidademarketing.com.br\/marketing\/wp-content\/uploads\/2025\/10\/Juan_Prado_Angelo_costadosauipeopen_.webp","keywords":["ATP Challenger 125","ATP Challenger Tour","Bahia","Costa do Sau\u00edpe","Costa do Sau\u00edpe Open","Cristian Garin","Marcelo Demoliner","Mariano Navone","marketing","Vila do T\u00eanis"],"articleSection":["Not\u00edcias"],"inLanguage":"pt-BR","potentialAction":[{"@type":"CommentAction","name":"Comment","target":["https:\/\/www.cidademarketing.com.br\/marketing\/2025\/10\/25\/jovem-tenista-boliviano-surpreende-e-avanca-as-quartas-de-final-no-costa-do-sauipe-open\/#respond"]}]},{"@type":"WebPage","@id":"https:\/\/www.cidademarketing.com.br\/marketing\/2025\/10\/25\/jovem-tenista-boliviano-surpreende-e-avanca-as-quartas-de-final-no-costa-do-sauipe-open\/","url":"https:\/\/www.cidademarketing.com.br\/marketing\/2025\/10\/25\/jovem-tenista-boliviano-surpreende-e-avanca-as-quartas-de-final-no-costa-do-sauipe-open\/","name":"Jovem tenista boliviano surpreende e avan\u00e7a \u00e0s quartas de final no Costa do Sau\u00edpe Open - CidadeMarketing","isPartOf":{"@id":"https:\/\/www.cidademarketing.com.br\/marketing\/#website"},"primaryImageOfPage":{"@id":"https:\/\/www.cidademarketing.com.br\/marketing\/2025\/10\/25\/jovem-tenista-boliviano-surpreende-e-avanca-as-quartas-de-final-no-costa-do-sauipe-open\/#primaryimage"},"image":{"@id":"https:\/\/www.cidademarketing.com.br\/marketing\/2025\/10\/25\/jovem-tenista-boliviano-surpreende-e-avanca-as-quartas-de-final-no-costa-do-sauipe-open\/#primaryimage"},"thumbnailUrl":"https:\/\/www.cidademarketing.com.br\/marketing\/wp-content\/uploads\/2025\/10\/Juan_Prado_Angelo_costadosauipeopen_.webp","datePublished":"2025-10-25T19:17:04+00:00","description":"Jovem boliviano Juan Carlos Prado surpreende e avan\u00e7a \u00e0s quartas de final do Costa do Sau\u00edpe Open, em dia ensolarado na Bahia com grandes vit\u00f3rias e arquibancadas cheias.","breadcrumb":{"@id":"https:\/\/www.cidademarketing.com.br\/marketing\/2025\/10\/25\/jovem-tenista-boliviano-surpreende-e-avanca-as-quartas-de-final-no-costa-do-sauipe-open\/#breadcrumb"},"inLanguage":"pt-BR","potentialAction":[{"@type":"ReadAction","target":["https:\/\/www.cidademarketing.com.br\/marketing\/2025\/10\/25\/jovem-tenista-boliviano-surpreende-e-avanca-as-quartas-de-final-no-costa-do-sauipe-open\/"]}]},{"@type":"ImageObject","inLanguage":"pt-BR","@id":"https:\/\/www.cidademarketing.com.br\/marketing\/2025\/10\/25\/jovem-tenista-boliviano-surpreende-e-avanca-as-quartas-de-final-no-costa-do-sauipe-open\/#primaryimage","url":"https:\/\/www.cidademarketing.com.br\/marketing\/wp-content\/uploads\/2025\/10\/Juan_Prado_Angelo_costadosauipeopen_.webp","contentUrl":"https:\/\/www.cidademarketing.com.br\/marketing\/wp-content\/uploads\/2025\/10\/Juan_Prado_Angelo_costadosauipeopen_.webp","width":1000,"height":667,"caption":"Juan Prado Angelo (BOL) Foto: Jo\u00e3o Pires"},{"@type":"BreadcrumbList","@id":"https:\/\/www.cidademarketing.com.br\/marketing\/2025\/10\/25\/jovem-tenista-boliviano-surpreende-e-avanca-as-quartas-de-final-no-costa-do-sauipe-open\/#breadcrumb","itemListElement":[{"@type":"ListItem","position":1,"name":"In\u00edcio","item":"https:\/\/www.cidademarketing.com.br\/marketing\/"},{"@type":"ListItem","position":2,"name":"Jovem tenista boliviano surpreende e avan\u00e7a \u00e0s quartas de final no Costa do Sau\u00edpe Open"}]},{"@type":"WebSite","@id":"https:\/\/www.cidademarketing.com.br\/marketing\/#website","url":"https:\/\/www.cidademarketing.com.br\/marketing\/","name":"CidadeMarketing","description":"Somos um ve\u00edculo de comunica\u00e7\u00e3o de destaque no Brasil, reconhecido por conte\u00fados nos segmentos de marketing, empreendedorismo e inova\u00e7\u00e3o.","publisher":{"@id":"https:\/\/www.cidademarketing.com.br\/marketing\/#organization"},"alternateName":"CidadeMarketing","potentialAction":[{"@type":"SearchAction","target":{"@type":"EntryPoint","urlTemplate":"https:\/\/www.cidademarketing.com.br\/marketing\/?s={search_term_string}"},"query-input":{"@type":"PropertyValueSpecification","valueRequired":true,"valueName":"search_term_string"}}],"inLanguage":"pt-BR"},{"@type":"Organization","@id":"https:\/\/www.cidademarketing.com.br\/marketing\/#organization","name":"CidadeMarketing","alternateName":"CidadeMarketing","url":"https:\/\/www.cidademarketing.com.br\/marketing\/","logo":{"@type":"ImageObject","inLanguage":"pt-BR","@id":"https:\/\/www.cidademarketing.com.br\/marketing\/#\/schema\/logo\/image\/","url":"https:\/\/www.cidademarketing.com.br\/marketing\/wp-content\/uploads\/2020\/01\/cidademarketing_marca_mobile.png","contentUrl":"https:\/\/www.cidademarketing.com.br\/marketing\/wp-content\/uploads\/2020\/01\/cidademarketing_marca_mobile.png","width":230,"height":92,"caption":"CidadeMarketing"},"image":{"@id":"https:\/\/www.cidademarketing.com.br\/marketing\/#\/schema\/logo\/image\/"},"sameAs":["https:\/\/www.facebook.com\/portalcidademarketing","https:\/\/x.com\/CidadeMarketing","https:\/\/www.instagram.com\/cidademarketing\/"]},{"@type":"Person","@id":"https:\/\/www.cidademarketing.com.br\/marketing\/#\/schema\/person\/02daff9f18bd9378c9e01eb6b2db155f","name":"Thales Brand\u00e3o","image":{"@type":"ImageObject","inLanguage":"pt-BR","@id":"https:\/\/secure.gravatar.com\/avatar\/7ca3206950207cc3cb48feec56a8a7898741ab725c368d99d5d7a5a50aab80c6?s=96&d=mm&r=g","url":"https:\/\/secure.gravatar.com\/avatar\/7ca3206950207cc3cb48feec56a8a7898741ab725c368d99d5d7a5a50aab80c6?s=96&d=mm&r=g","contentUrl":"https:\/\/secure.gravatar.com\/avatar\/7ca3206950207cc3cb48feec56a8a7898741ab725c368d99d5d7a5a50aab80c6?s=96&d=mm&r=g","caption":"Thales Brand\u00e3o"},"description":"Editor Executivo do Portal CidadeMarketing.com.br &gt; Mestre em Comunica\u00e7\u00e3o e Sociedade pela Universidade Federal de Sergipe. Possui MBA Executivo em Administra\u00e7\u00e3o com \u00eanfase em Marketing pela Funda\u00e7\u00e3o Get\u00falio Vargas - Rio de Janeiro. Consultor, Palestrante e Pesquisador sobre Empreendedorismo, Marketing, Redes Sociais e Neg\u00f3cios Digitais. Professor, Palestrante TedxTalks e Campus Party. Twitter: @ThalesBrandao","sameAs":["http:\/\/www.mandacaru.com.br","https:\/\/www.facebook.com\/thalesbrandao","http:\/\/www.instagram.com.br\/thalesbrandaoferreira","https:\/\/www.linkedin.com\/in\/thales-brand\u00e3o-3948609\/","https:\/\/x.com\/http:\/\/www.twitter.com\/thalesbrandao"],"url":"https:\/\/www.cidademarketing.com.br\/marketing\/author\/thalesbrandao\/"}]}},"amp_enabled":true,"_links":{"self":[{"href":"https:\/\/www.cidademarketing.com.br\/marketing\/wp-json\/wp\/v2\/posts\/58170","targetHints":{"allow":["GET"]}}],"collection":[{"href":"https:\/\/www.cidademarketing.com.br\/marketing\/wp-json\/wp\/v2\/posts"}],"about":[{"href":"https:\/\/www.cidademarketing.com.br\/marketing\/wp-json\/wp\/v2\/types\/post"}],"author":[{"embeddable":true,"href":"https:\/\/www.cidademarketing.com.br\/marketing\/wp-json\/wp\/v2\/users\/1"}],"replies":[{"embeddable":true,"href":"https:\/\/www.cidademarketing.com.br\/marketing\/wp-json\/wp\/v2\/comments?post=58170"}],"version-history":[{"count":1,"href":"https:\/\/www.cidademarketing.com.br\/marketing\/wp-json\/wp\/v2\/posts\/58170\/revisions"}],"predecessor-version":[{"id":58176,"href":"https:\/\/www.cidademarketing.com.br\/marketing\/wp-json\/wp\/v2\/posts\/58170\/revisions\/58176"}],"wp:featuredmedia":[{"embeddable":true,"href":"https:\/\/www.cidademarketing.com.br\/marketing\/wp-json\/wp\/v2\/media\/58172"}],"wp:attachment":[{"href":"https:\/\/www.cidademarketing.com.br\/marketing\/wp-json\/wp\/v2\/media?parent=58170"}],"wp:term":[{"taxonomy":"category","embeddable":true,"href":"https:\/\/www.cidademarketing.com.br\/marketing\/wp-json\/wp\/v2\/categories?post=58170"},{"taxonomy":"post_tag","embeddable":true,"href":"https:\/\/www.cidademarketing.com.br\/marketing\/wp-json\/wp\/v2\/tags?post=58170"}],"curies":[{"name":"wp","href":"https:\/\/api.w.org\/{rel}","templated":true}]}}