{"id":58130,"date":"2025-10-23T14:04:35","date_gmt":"2025-10-23T17:04:35","guid":{"rendered":"https:\/\/www.cidademarketing.com.br\/marketing\/?p=58130"},"modified":"2025-10-23T14:08:13","modified_gmt":"2025-10-23T17:08:13","slug":"o-sol-voltou-na-costa-do-sauipe-open-confira-a-programacao-desta-quinta-feira-23-10","status":"publish","type":"post","link":"https:\/\/www.cidademarketing.com.br\/marketing\/2025\/10\/23\/o-sol-voltou-na-costa-do-sauipe-open-confira-a-programacao-desta-quinta-feira-23-10\/","title":{"rendered":"O sol voltou na Costa do Sau\u00edpe Open; confira a programa\u00e7\u00e3o desta quinta-feira (23\/10)"},"content":{"rendered":"<p>Depois de dias de tempo inst\u00e1vel com chuvas, o sol tradicional do litoral nordestino voltou a brilhar sobre a Costa do Sau\u00edpe, retomando com for\u00e7a total as atividades do Costa do Sau\u00edpe Open nesta quinta-feira (23\/10). A partir das 15h30, os jogos voltam a agitar as quadras do complexo baiano, que recebe grandes nomes do t\u00eanis mundial em um dos torneios mais esperados do circuito Challenger.<\/p>\n<p>Com o retorno do clima ensolarado, os tenistas j\u00e1 deram in\u00edcio ao aquecimento nas quadras de saibro e r\u00e1pida, preparando-se para duelos intensos e decisivos. O evento, que integra o calend\u00e1rio internacional da ATP Challenger Tour, re\u00fane atletas de diversos pa\u00edses e promete partidas de alto n\u00edvel ao longo do dia.<\/p>\n<p>Al\u00e9m das quadras, o p\u00fablico pode aproveitar o ambiente vibrante da <a href=\"https:\/\/www.cidademarketing.com.br\/marketing\/2025\/10\/19\/vila-do-tenis-traz-ativacoes-de-marketing-e-experiencias-exclusivas-para-o-costa-do-sauipe-open\/\" target=\"_blank\" rel=\"noopener\">Vila do T\u00eanis<\/a>, um espa\u00e7o de experi\u00eancias que re\u00fane marcas parceiras, ativa\u00e7\u00f5es promocionais, m\u00fasica ao vivo e gastronomia local. A atmosfera descontra\u00edda e o clima de ver\u00e3o antecipado est\u00e3o atraindo f\u00e3s do esporte e turistas, que aproveitam para assistir aos jogos e curtir o melhor do resort baiano.<\/p>\n<figure id=\"attachment_58131\" aria-describedby=\"caption-attachment-58131\" style=\"width: 1000px\" class=\"wp-caption alignleft\"><img fetchpriority=\"high\" decoding=\"async\" class=\"wp-image-58131 size-full\" src=\"https:\/\/www.cidademarketing.com.br\/marketing\/wp-content\/uploads\/2025\/10\/costadosauipe_open_03.webp\" alt=\"Tenistas iniciam aquecimento nas quadras de saibro e r\u00e1pida\" width=\"1000\" height=\"751\" srcset=\"https:\/\/www.cidademarketing.com.br\/marketing\/wp-content\/uploads\/2025\/10\/costadosauipe_open_03.webp 1000w, https:\/\/www.cidademarketing.com.br\/marketing\/wp-content\/uploads\/2025\/10\/costadosauipe_open_03-300x225.webp 300w, https:\/\/www.cidademarketing.com.br\/marketing\/wp-content\/uploads\/2025\/10\/costadosauipe_open_03-768x577.webp 768w, https:\/\/www.cidademarketing.com.br\/marketing\/wp-content\/uploads\/2025\/10\/costadosauipe_open_03-559x420.webp 559w, https:\/\/www.cidademarketing.com.br\/marketing\/wp-content\/uploads\/2025\/10\/costadosauipe_open_03-80x60.webp 80w, https:\/\/www.cidademarketing.com.br\/marketing\/wp-content\/uploads\/2025\/10\/costadosauipe_open_03-100x75.webp 100w, https:\/\/www.cidademarketing.com.br\/marketing\/wp-content\/uploads\/2025\/10\/costadosauipe_open_03-180x135.webp 180w, https:\/\/www.cidademarketing.com.br\/marketing\/wp-content\/uploads\/2025\/10\/costadosauipe_open_03-238x178.webp 238w, https:\/\/www.cidademarketing.com.br\/marketing\/wp-content\/uploads\/2025\/10\/costadosauipe_open_03-265x198.webp 265w, https:\/\/www.cidademarketing.com.br\/marketing\/wp-content\/uploads\/2025\/10\/costadosauipe_open_03-640x481.webp 640w, https:\/\/www.cidademarketing.com.br\/marketing\/wp-content\/uploads\/2025\/10\/costadosauipe_open_03-681x511.webp 681w\" sizes=\"(max-width: 1000px) 100vw, 1000px\" \/><figcaption id=\"caption-attachment-58131\" class=\"wp-caption-text\">Foto: Thales Brand\u00e3o<\/figcaption><\/figure>\n<p>O torneio conta com alguns dos principais nomes do t\u00eanis da atualidade, como o argentino Juan Manuel Cer\u00fandolo, o brasileiro Thiago Monteiro, o chileno Cristian Garin e o argentino Mariano Navone, destaque recente no circuito. Entre os brasileiros, tamb\u00e9m marcam presen\u00e7a Marcelo Demoliner, Orlando Luz, Matheus Pucinelli, Pedro Boscardin, Luis Britto e Jo\u00e3o Eduardo Schiessl, que prometem empolgar o p\u00fablico local.<\/p>\n<p><strong>Programa\u00e7\u00e3o desta quinta-feira (23\/10) \u2013 Costa do Sau\u00edpe Open<br \/>\n<\/strong>In\u00edcio \u00e0s 15h30<\/p>\n<p>Quadra Central<br \/>\nSebasti\u00e1n Gima (ROU) vs Juan Manuel Cer\u00fandolo (ARG)<br \/>\nMariano Navone (ARG) vs Hady Habib (LBN)<br \/>\nThiago Monteiro (BRA) vs Juan Carlos Prado Angelo (BOL)<br \/>\nMarcelo Demoliner (BRA) \/ Orlando Luz (BRA) vs Tomas Barrios Vera (CHI) \/ Juan Pablo Ficovich (ARG)<\/p>\n<p>Quadra 1<br \/>\nRom\u00e1n Andr\u00e9s Burruchaga (ARG) vs Jo\u00e3o Eduardo Schiessl (BRA)<br \/>\nLuis \u201cGuto\u201d Miguel (BRA) vs Andrea Collarini (ARG)<br \/>\nRodrigo Pacheco M\u00e9ndez (MEX) vs Emilio Nava (USA)<br \/>\nLuis Britto (BRA) \/ Marcelo Zormann (BRA) vs Cristian Rodr\u00edguez (COL) \/ Federico Zeballos (BOL)<\/p>\n<p>Quadra 2<br \/>\nMatheus Pucinelli (BRA) vs Tomas Barrios Vera (CHI)<br \/>\nGenaro Olivieri (ARG) vs Cristian Garin (CHI)<br \/>\nGonzalo Bueno (PER) vs Mateus Alves (BRA)<br \/>\nMateus Alves (BRA) \/ Pedro Boscardin (BRA) vs Zdenek Kolar (CZE) \/ Piotr Matuszewski (POL)<\/p>\n<p>Quadra 3<br \/>\nIgor Gimenez (BRA) vs Adolfo Daniel Vallejo (PAR)<br \/>\nPedro Boscardin Dias (BRA) vs Juan Pablo Ficovich (ARG)<br \/>\nCarlos Taberner (ESP) vs Gonzalo Villanueva (ARG)<br \/>\nFederico Agustin Gomez (ARG) \/ Luis David Martinez (VEN) vs Guillermo Duran (ARG) \/ Mariano Kestelboim (ARG)<\/p>\n<p>As partidas do Costa do Sau\u00edpe Open contam com transmiss\u00e3o oficial pela Disney+ e <a href=\"https:\/\/www.atptour.com\/en\/atp-challenger-tour\/challenger-tv\/challenger-tv-search-results\/all\/2025\/3031\/all\" target=\"_blank\" rel=\"noopener\">Challenger TV<\/a>, permitindo que f\u00e3s de todo o mundo acompanhem o torneio. A premia\u00e7\u00e3o total \u00e9 de US$ 200 mil, e o trof\u00e9u, <a href=\"https:\/\/www.cidademarketing.com.br\/marketing\/2025\/10\/22\/trofeu-do-costa-do-sauipe-open-e-exclusividade-da-vivara-com-design-em-ouro-prata-e-diamantes\/\" target=\"_blank\" rel=\"noopener\">produzido pela Vivara<\/a>, foi confeccionado artesanalmente em ouro, prata e diamantes, simbolizando a sofistica\u00e7\u00e3o e a grandiosidade do evento.<\/p>\n<figure id=\"attachment_58133\" aria-describedby=\"caption-attachment-58133\" style=\"width: 1000px\" class=\"wp-caption alignnone\"><img decoding=\"async\" class=\"wp-image-58133 size-full\" src=\"https:\/\/www.cidademarketing.com.br\/marketing\/wp-content\/uploads\/2025\/10\/costadosauipe_open_programacao.webp\" alt=\"Tenistas iniciam aquecimento nas quadras de saibro e r\u00e1pida\" width=\"1000\" height=\"749\" srcset=\"https:\/\/www.cidademarketing.com.br\/marketing\/wp-content\/uploads\/2025\/10\/costadosauipe_open_programacao.webp 1000w, https:\/\/www.cidademarketing.com.br\/marketing\/wp-content\/uploads\/2025\/10\/costadosauipe_open_programacao-300x225.webp 300w, https:\/\/www.cidademarketing.com.br\/marketing\/wp-content\/uploads\/2025\/10\/costadosauipe_open_programacao-768x575.webp 768w, https:\/\/www.cidademarketing.com.br\/marketing\/wp-content\/uploads\/2025\/10\/costadosauipe_open_programacao-561x420.webp 561w, https:\/\/www.cidademarketing.com.br\/marketing\/wp-content\/uploads\/2025\/10\/costadosauipe_open_programacao-80x60.webp 80w, https:\/\/www.cidademarketing.com.br\/marketing\/wp-content\/uploads\/2025\/10\/costadosauipe_open_programacao-100x75.webp 100w, https:\/\/www.cidademarketing.com.br\/marketing\/wp-content\/uploads\/2025\/10\/costadosauipe_open_programacao-180x135.webp 180w, https:\/\/www.cidademarketing.com.br\/marketing\/wp-content\/uploads\/2025\/10\/costadosauipe_open_programacao-238x178.webp 238w, https:\/\/www.cidademarketing.com.br\/marketing\/wp-content\/uploads\/2025\/10\/costadosauipe_open_programacao-265x198.webp 265w, https:\/\/www.cidademarketing.com.br\/marketing\/wp-content\/uploads\/2025\/10\/costadosauipe_open_programacao-640x479.webp 640w, https:\/\/www.cidademarketing.com.br\/marketing\/wp-content\/uploads\/2025\/10\/costadosauipe_open_programacao-681x510.webp 681w\" sizes=\"(max-width: 1000px) 100vw, 1000px\" \/><figcaption id=\"caption-attachment-58133\" class=\"wp-caption-text\">Foto: Thales Brand\u00e3o<\/figcaption><\/figure>\n<p>O Costa do Sau\u00edpe Open refor\u00e7a o posicionamento da Bahia como um dos principais destinos esportivos do pa\u00eds, unindo turismo, cultura e alta performance. Com sol, grandes jogos e uma atmosfera vibrante, o torneio promete mais um dia inesquec\u00edvel para atletas e torcedores.<\/p>\n","protected":false},"excerpt":{"rendered":"<p>Depois de dias de tempo inst\u00e1vel com chuvas, o sol tradicional do litoral nordestino voltou a brilhar sobre a Costa do Sau\u00edpe, retomando com for\u00e7a total as atividades do Costa do Sau\u00edpe Open nesta quinta-feira (23\/10). A partir das 15h30, os jogos voltam a agitar as quadras do complexo baiano, que recebe grandes nomes do [&hellip;]<\/p>\n","protected":false},"author":1,"featured_media":58132,"comment_status":"open","ping_status":"open","sticky":false,"template":"","format":"standard","meta":{"tdm_status":"","tdm_grid_status":"","footnotes":""},"categories":[6],"tags":[9961,573,9690,9688,10030,6759,28,10031,5126,1448,6752,10002],"class_list":["post-58130","post","type-post","status-publish","format-standard","has-post-thumbnail","hentry","category-noticias","tag-atp-challenger-125","tag-bahia","tag-costa-do-sauipe","tag-costa-do-sauipe-open","tag-cristian-garin","tag-mariano-navone","tag-marketing","tag-programacao-costa-do-sauipe-open","tag-sol","tag-tenis","tag-thiago-monteiro","tag-vila-do-tenis"],"yoast_head":"<!-- This site is optimized with the Yoast SEO plugin v27.4 - https:\/\/yoast.com\/product\/yoast-seo-wordpress\/ -->\n<title>O sol voltou na Costa do Sau\u00edpe Open; confira a programa\u00e7\u00e3o desta quinta-feira (23\/10) - CidadeMarketing<\/title>\n<meta name=\"description\" content=\"O sol voltou \u00e0 Bahia! Costa do Sau\u00edpe Open retoma jogos nesta quinta (23\/10) com estrelas do t\u00eanis mundial, experi\u00eancias, m\u00fasica e clima de ver\u00e3o.\" \/>\n<meta name=\"robots\" content=\"index, follow, max-snippet:-1, max-image-preview:large, max-video-preview:-1\" \/>\n<link rel=\"canonical\" href=\"https:\/\/www.cidademarketing.com.br\/marketing\/2025\/10\/23\/o-sol-voltou-na-costa-do-sauipe-open-confira-a-programacao-desta-quinta-feira-23-10\/\" \/>\n<meta property=\"og:locale\" content=\"pt_BR\" \/>\n<meta property=\"og:type\" content=\"article\" \/>\n<meta property=\"og:title\" content=\"O sol voltou na Costa do Sau\u00edpe Open; confira a programa\u00e7\u00e3o desta quinta-feira (23\/10) - CidadeMarketing\" \/>\n<meta property=\"og:description\" content=\"O sol voltou \u00e0 Bahia! Costa do Sau\u00edpe Open retoma jogos nesta quinta (23\/10) com estrelas do t\u00eanis mundial, experi\u00eancias, m\u00fasica e clima de ver\u00e3o.\" \/>\n<meta property=\"og:url\" content=\"https:\/\/www.cidademarketing.com.br\/marketing\/2025\/10\/23\/o-sol-voltou-na-costa-do-sauipe-open-confira-a-programacao-desta-quinta-feira-23-10\/\" \/>\n<meta property=\"og:site_name\" content=\"CidadeMarketing\" \/>\n<meta property=\"article:publisher\" content=\"https:\/\/www.facebook.com\/portalcidademarketing\" \/>\n<meta property=\"article:author\" content=\"https:\/\/www.facebook.com\/thalesbrandao\" \/>\n<meta property=\"article:published_time\" content=\"2025-10-23T17:04:35+00:00\" \/>\n<meta property=\"article:modified_time\" content=\"2025-10-23T17:08:13+00:00\" \/>\n<meta property=\"og:image\" content=\"https:\/\/www.cidademarketing.com.br\/marketing\/wp-content\/uploads\/2025\/10\/costadosauipe_open_02.webp\" \/>\n\t<meta property=\"og:image:width\" content=\"1000\" \/>\n\t<meta property=\"og:image:height\" content=\"747\" \/>\n\t<meta property=\"og:image:type\" content=\"image\/webp\" \/>\n<meta name=\"author\" content=\"Thales Brand\u00e3o\" \/>\n<meta name=\"twitter:card\" content=\"summary_large_image\" \/>\n<meta name=\"twitter:creator\" content=\"@http:\/\/www.twitter.com\/thalesbrandao\" \/>\n<meta name=\"twitter:site\" content=\"@CidadeMarketing\" \/>\n<meta name=\"twitter:label1\" content=\"Escrito por\" \/>\n\t<meta name=\"twitter:data1\" content=\"Thales Brand\u00e3o\" \/>\n\t<meta name=\"twitter:label2\" content=\"Est. tempo de leitura\" \/>\n\t<meta name=\"twitter:data2\" content=\"4 minutos\" \/>\n<script type=\"application\/ld+json\" class=\"yoast-schema-graph\">{\"@context\":\"https:\\\/\\\/schema.org\",\"@graph\":[{\"@type\":\"Article\",\"@id\":\"https:\\\/\\\/www.cidademarketing.com.br\\\/marketing\\\/2025\\\/10\\\/23\\\/o-sol-voltou-na-costa-do-sauipe-open-confira-a-programacao-desta-quinta-feira-23-10\\\/#article\",\"isPartOf\":{\"@id\":\"https:\\\/\\\/www.cidademarketing.com.br\\\/marketing\\\/2025\\\/10\\\/23\\\/o-sol-voltou-na-costa-do-sauipe-open-confira-a-programacao-desta-quinta-feira-23-10\\\/\"},\"author\":{\"name\":\"Thales Brand\u00e3o\",\"@id\":\"https:\\\/\\\/www.cidademarketing.com.br\\\/marketing\\\/#\\\/schema\\\/person\\\/02daff9f18bd9378c9e01eb6b2db155f\"},\"headline\":\"O sol voltou na Costa do Sau\u00edpe Open; confira a programa\u00e7\u00e3o desta quinta-feira (23\\\/10)\",\"datePublished\":\"2025-10-23T17:04:35+00:00\",\"dateModified\":\"2025-10-23T17:08:13+00:00\",\"mainEntityOfPage\":{\"@id\":\"https:\\\/\\\/www.cidademarketing.com.br\\\/marketing\\\/2025\\\/10\\\/23\\\/o-sol-voltou-na-costa-do-sauipe-open-confira-a-programacao-desta-quinta-feira-23-10\\\/\"},\"wordCount\":585,\"commentCount\":0,\"publisher\":{\"@id\":\"https:\\\/\\\/www.cidademarketing.com.br\\\/marketing\\\/#organization\"},\"image\":{\"@id\":\"https:\\\/\\\/www.cidademarketing.com.br\\\/marketing\\\/2025\\\/10\\\/23\\\/o-sol-voltou-na-costa-do-sauipe-open-confira-a-programacao-desta-quinta-feira-23-10\\\/#primaryimage\"},\"thumbnailUrl\":\"https:\\\/\\\/www.cidademarketing.com.br\\\/marketing\\\/wp-content\\\/uploads\\\/2025\\\/10\\\/costadosauipe_open_02.webp\",\"keywords\":[\"ATP Challenger 125\",\"Bahia\",\"Costa do Sau\u00edpe\",\"Costa do Sau\u00edpe Open\",\"Cristian Garin\",\"Mariano Navone\",\"marketing\",\"Programa\u00e7\u00e3o Costa do Sau\u00edpe Open\",\"Sol\",\"t\u00eanis\",\"Thiago Monteiro\",\"Vila do T\u00eanis\"],\"articleSection\":[\"Not\u00edcias\"],\"inLanguage\":\"pt-BR\",\"potentialAction\":[{\"@type\":\"CommentAction\",\"name\":\"Comment\",\"target\":[\"https:\\\/\\\/www.cidademarketing.com.br\\\/marketing\\\/2025\\\/10\\\/23\\\/o-sol-voltou-na-costa-do-sauipe-open-confira-a-programacao-desta-quinta-feira-23-10\\\/#respond\"]}]},{\"@type\":\"WebPage\",\"@id\":\"https:\\\/\\\/www.cidademarketing.com.br\\\/marketing\\\/2025\\\/10\\\/23\\\/o-sol-voltou-na-costa-do-sauipe-open-confira-a-programacao-desta-quinta-feira-23-10\\\/\",\"url\":\"https:\\\/\\\/www.cidademarketing.com.br\\\/marketing\\\/2025\\\/10\\\/23\\\/o-sol-voltou-na-costa-do-sauipe-open-confira-a-programacao-desta-quinta-feira-23-10\\\/\",\"name\":\"O sol voltou na Costa do Sau\u00edpe Open; confira a programa\u00e7\u00e3o desta quinta-feira (23\\\/10) - CidadeMarketing\",\"isPartOf\":{\"@id\":\"https:\\\/\\\/www.cidademarketing.com.br\\\/marketing\\\/#website\"},\"primaryImageOfPage\":{\"@id\":\"https:\\\/\\\/www.cidademarketing.com.br\\\/marketing\\\/2025\\\/10\\\/23\\\/o-sol-voltou-na-costa-do-sauipe-open-confira-a-programacao-desta-quinta-feira-23-10\\\/#primaryimage\"},\"image\":{\"@id\":\"https:\\\/\\\/www.cidademarketing.com.br\\\/marketing\\\/2025\\\/10\\\/23\\\/o-sol-voltou-na-costa-do-sauipe-open-confira-a-programacao-desta-quinta-feira-23-10\\\/#primaryimage\"},\"thumbnailUrl\":\"https:\\\/\\\/www.cidademarketing.com.br\\\/marketing\\\/wp-content\\\/uploads\\\/2025\\\/10\\\/costadosauipe_open_02.webp\",\"datePublished\":\"2025-10-23T17:04:35+00:00\",\"dateModified\":\"2025-10-23T17:08:13+00:00\",\"description\":\"O sol voltou \u00e0 Bahia! Costa do Sau\u00edpe Open retoma jogos nesta quinta (23\\\/10) com estrelas do t\u00eanis mundial, experi\u00eancias, m\u00fasica e clima de ver\u00e3o.\",\"breadcrumb\":{\"@id\":\"https:\\\/\\\/www.cidademarketing.com.br\\\/marketing\\\/2025\\\/10\\\/23\\\/o-sol-voltou-na-costa-do-sauipe-open-confira-a-programacao-desta-quinta-feira-23-10\\\/#breadcrumb\"},\"inLanguage\":\"pt-BR\",\"potentialAction\":[{\"@type\":\"ReadAction\",\"target\":[\"https:\\\/\\\/www.cidademarketing.com.br\\\/marketing\\\/2025\\\/10\\\/23\\\/o-sol-voltou-na-costa-do-sauipe-open-confira-a-programacao-desta-quinta-feira-23-10\\\/\"]}]},{\"@type\":\"ImageObject\",\"inLanguage\":\"pt-BR\",\"@id\":\"https:\\\/\\\/www.cidademarketing.com.br\\\/marketing\\\/2025\\\/10\\\/23\\\/o-sol-voltou-na-costa-do-sauipe-open-confira-a-programacao-desta-quinta-feira-23-10\\\/#primaryimage\",\"url\":\"https:\\\/\\\/www.cidademarketing.com.br\\\/marketing\\\/wp-content\\\/uploads\\\/2025\\\/10\\\/costadosauipe_open_02.webp\",\"contentUrl\":\"https:\\\/\\\/www.cidademarketing.com.br\\\/marketing\\\/wp-content\\\/uploads\\\/2025\\\/10\\\/costadosauipe_open_02.webp\",\"width\":1000,\"height\":747,\"caption\":\"Foto: Thales Brand\u00e3o\"},{\"@type\":\"BreadcrumbList\",\"@id\":\"https:\\\/\\\/www.cidademarketing.com.br\\\/marketing\\\/2025\\\/10\\\/23\\\/o-sol-voltou-na-costa-do-sauipe-open-confira-a-programacao-desta-quinta-feira-23-10\\\/#breadcrumb\",\"itemListElement\":[{\"@type\":\"ListItem\",\"position\":1,\"name\":\"In\u00edcio\",\"item\":\"https:\\\/\\\/www.cidademarketing.com.br\\\/marketing\\\/\"},{\"@type\":\"ListItem\",\"position\":2,\"name\":\"O sol voltou na Costa do Sau\u00edpe Open; confira a programa\u00e7\u00e3o desta quinta-feira (23\\\/10)\"}]},{\"@type\":\"WebSite\",\"@id\":\"https:\\\/\\\/www.cidademarketing.com.br\\\/marketing\\\/#website\",\"url\":\"https:\\\/\\\/www.cidademarketing.com.br\\\/marketing\\\/\",\"name\":\"CidadeMarketing\",\"description\":\"Somos um ve\u00edculo de comunica\u00e7\u00e3o de destaque no Brasil, reconhecido por conte\u00fados nos segmentos de marketing, empreendedorismo e inova\u00e7\u00e3o.\",\"publisher\":{\"@id\":\"https:\\\/\\\/www.cidademarketing.com.br\\\/marketing\\\/#organization\"},\"alternateName\":\"CidadeMarketing\",\"potentialAction\":[{\"@type\":\"SearchAction\",\"target\":{\"@type\":\"EntryPoint\",\"urlTemplate\":\"https:\\\/\\\/www.cidademarketing.com.br\\\/marketing\\\/?s={search_term_string}\"},\"query-input\":{\"@type\":\"PropertyValueSpecification\",\"valueRequired\":true,\"valueName\":\"search_term_string\"}}],\"inLanguage\":\"pt-BR\"},{\"@type\":\"Organization\",\"@id\":\"https:\\\/\\\/www.cidademarketing.com.br\\\/marketing\\\/#organization\",\"name\":\"CidadeMarketing\",\"alternateName\":\"CidadeMarketing\",\"url\":\"https:\\\/\\\/www.cidademarketing.com.br\\\/marketing\\\/\",\"logo\":{\"@type\":\"ImageObject\",\"inLanguage\":\"pt-BR\",\"@id\":\"https:\\\/\\\/www.cidademarketing.com.br\\\/marketing\\\/#\\\/schema\\\/logo\\\/image\\\/\",\"url\":\"https:\\\/\\\/www.cidademarketing.com.br\\\/marketing\\\/wp-content\\\/uploads\\\/2020\\\/01\\\/cidademarketing_marca_mobile.png\",\"contentUrl\":\"https:\\\/\\\/www.cidademarketing.com.br\\\/marketing\\\/wp-content\\\/uploads\\\/2020\\\/01\\\/cidademarketing_marca_mobile.png\",\"width\":230,\"height\":92,\"caption\":\"CidadeMarketing\"},\"image\":{\"@id\":\"https:\\\/\\\/www.cidademarketing.com.br\\\/marketing\\\/#\\\/schema\\\/logo\\\/image\\\/\"},\"sameAs\":[\"https:\\\/\\\/www.facebook.com\\\/portalcidademarketing\",\"https:\\\/\\\/x.com\\\/CidadeMarketing\",\"https:\\\/\\\/www.instagram.com\\\/cidademarketing\\\/\"]},{\"@type\":\"Person\",\"@id\":\"https:\\\/\\\/www.cidademarketing.com.br\\\/marketing\\\/#\\\/schema\\\/person\\\/02daff9f18bd9378c9e01eb6b2db155f\",\"name\":\"Thales Brand\u00e3o\",\"image\":{\"@type\":\"ImageObject\",\"inLanguage\":\"pt-BR\",\"@id\":\"https:\\\/\\\/secure.gravatar.com\\\/avatar\\\/7ca3206950207cc3cb48feec56a8a7898741ab725c368d99d5d7a5a50aab80c6?s=96&d=mm&r=g\",\"url\":\"https:\\\/\\\/secure.gravatar.com\\\/avatar\\\/7ca3206950207cc3cb48feec56a8a7898741ab725c368d99d5d7a5a50aab80c6?s=96&d=mm&r=g\",\"contentUrl\":\"https:\\\/\\\/secure.gravatar.com\\\/avatar\\\/7ca3206950207cc3cb48feec56a8a7898741ab725c368d99d5d7a5a50aab80c6?s=96&d=mm&r=g\",\"caption\":\"Thales Brand\u00e3o\"},\"description\":\"Editor Executivo do Portal CidadeMarketing.com.br &gt; Mestre em Comunica\u00e7\u00e3o e Sociedade pela Universidade Federal de Sergipe. Possui MBA Executivo em Administra\u00e7\u00e3o com \u00eanfase em Marketing pela Funda\u00e7\u00e3o Get\u00falio Vargas - Rio de Janeiro. Consultor, Palestrante e Pesquisador sobre Empreendedorismo, Marketing, Redes Sociais e Neg\u00f3cios Digitais. Professor, Palestrante TedxTalks e Campus Party. Twitter: @ThalesBrandao\",\"sameAs\":[\"http:\\\/\\\/www.mandacaru.com.br\",\"https:\\\/\\\/www.facebook.com\\\/thalesbrandao\",\"http:\\\/\\\/www.instagram.com.br\\\/thalesbrandaoferreira\",\"https:\\\/\\\/www.linkedin.com\\\/in\\\/thales-brand\u00e3o-3948609\\\/\",\"https:\\\/\\\/x.com\\\/http:\\\/\\\/www.twitter.com\\\/thalesbrandao\"],\"url\":\"https:\\\/\\\/www.cidademarketing.com.br\\\/marketing\\\/author\\\/thalesbrandao\\\/\"}]}<\/script>\n<!-- \/ Yoast SEO plugin. -->","yoast_head_json":{"title":"O sol voltou na Costa do Sau\u00edpe Open; confira a programa\u00e7\u00e3o desta quinta-feira (23\/10) - CidadeMarketing","description":"O sol voltou \u00e0 Bahia! Costa do Sau\u00edpe Open retoma jogos nesta quinta (23\/10) com estrelas do t\u00eanis mundial, experi\u00eancias, m\u00fasica e clima de ver\u00e3o.","robots":{"index":"index","follow":"follow","max-snippet":"max-snippet:-1","max-image-preview":"max-image-preview:large","max-video-preview":"max-video-preview:-1"},"canonical":"https:\/\/www.cidademarketing.com.br\/marketing\/2025\/10\/23\/o-sol-voltou-na-costa-do-sauipe-open-confira-a-programacao-desta-quinta-feira-23-10\/","og_locale":"pt_BR","og_type":"article","og_title":"O sol voltou na Costa do Sau\u00edpe Open; confira a programa\u00e7\u00e3o desta quinta-feira (23\/10) - CidadeMarketing","og_description":"O sol voltou \u00e0 Bahia! Costa do Sau\u00edpe Open retoma jogos nesta quinta (23\/10) com estrelas do t\u00eanis mundial, experi\u00eancias, m\u00fasica e clima de ver\u00e3o.","og_url":"https:\/\/www.cidademarketing.com.br\/marketing\/2025\/10\/23\/o-sol-voltou-na-costa-do-sauipe-open-confira-a-programacao-desta-quinta-feira-23-10\/","og_site_name":"CidadeMarketing","article_publisher":"https:\/\/www.facebook.com\/portalcidademarketing","article_author":"https:\/\/www.facebook.com\/thalesbrandao","article_published_time":"2025-10-23T17:04:35+00:00","article_modified_time":"2025-10-23T17:08:13+00:00","og_image":[{"width":1000,"height":747,"url":"https:\/\/www.cidademarketing.com.br\/marketing\/wp-content\/uploads\/2025\/10\/costadosauipe_open_02.webp","type":"image\/webp"}],"author":"Thales Brand\u00e3o","twitter_card":"summary_large_image","twitter_creator":"@http:\/\/www.twitter.com\/thalesbrandao","twitter_site":"@CidadeMarketing","twitter_misc":{"Escrito por":"Thales Brand\u00e3o","Est. tempo de leitura":"4 minutos"},"schema":{"@context":"https:\/\/schema.org","@graph":[{"@type":"Article","@id":"https:\/\/www.cidademarketing.com.br\/marketing\/2025\/10\/23\/o-sol-voltou-na-costa-do-sauipe-open-confira-a-programacao-desta-quinta-feira-23-10\/#article","isPartOf":{"@id":"https:\/\/www.cidademarketing.com.br\/marketing\/2025\/10\/23\/o-sol-voltou-na-costa-do-sauipe-open-confira-a-programacao-desta-quinta-feira-23-10\/"},"author":{"name":"Thales Brand\u00e3o","@id":"https:\/\/www.cidademarketing.com.br\/marketing\/#\/schema\/person\/02daff9f18bd9378c9e01eb6b2db155f"},"headline":"O sol voltou na Costa do Sau\u00edpe Open; confira a programa\u00e7\u00e3o desta quinta-feira (23\/10)","datePublished":"2025-10-23T17:04:35+00:00","dateModified":"2025-10-23T17:08:13+00:00","mainEntityOfPage":{"@id":"https:\/\/www.cidademarketing.com.br\/marketing\/2025\/10\/23\/o-sol-voltou-na-costa-do-sauipe-open-confira-a-programacao-desta-quinta-feira-23-10\/"},"wordCount":585,"commentCount":0,"publisher":{"@id":"https:\/\/www.cidademarketing.com.br\/marketing\/#organization"},"image":{"@id":"https:\/\/www.cidademarketing.com.br\/marketing\/2025\/10\/23\/o-sol-voltou-na-costa-do-sauipe-open-confira-a-programacao-desta-quinta-feira-23-10\/#primaryimage"},"thumbnailUrl":"https:\/\/www.cidademarketing.com.br\/marketing\/wp-content\/uploads\/2025\/10\/costadosauipe_open_02.webp","keywords":["ATP Challenger 125","Bahia","Costa do Sau\u00edpe","Costa do Sau\u00edpe Open","Cristian Garin","Mariano Navone","marketing","Programa\u00e7\u00e3o Costa do Sau\u00edpe Open","Sol","t\u00eanis","Thiago Monteiro","Vila do T\u00eanis"],"articleSection":["Not\u00edcias"],"inLanguage":"pt-BR","potentialAction":[{"@type":"CommentAction","name":"Comment","target":["https:\/\/www.cidademarketing.com.br\/marketing\/2025\/10\/23\/o-sol-voltou-na-costa-do-sauipe-open-confira-a-programacao-desta-quinta-feira-23-10\/#respond"]}]},{"@type":"WebPage","@id":"https:\/\/www.cidademarketing.com.br\/marketing\/2025\/10\/23\/o-sol-voltou-na-costa-do-sauipe-open-confira-a-programacao-desta-quinta-feira-23-10\/","url":"https:\/\/www.cidademarketing.com.br\/marketing\/2025\/10\/23\/o-sol-voltou-na-costa-do-sauipe-open-confira-a-programacao-desta-quinta-feira-23-10\/","name":"O sol voltou na Costa do Sau\u00edpe Open; confira a programa\u00e7\u00e3o desta quinta-feira (23\/10) - CidadeMarketing","isPartOf":{"@id":"https:\/\/www.cidademarketing.com.br\/marketing\/#website"},"primaryImageOfPage":{"@id":"https:\/\/www.cidademarketing.com.br\/marketing\/2025\/10\/23\/o-sol-voltou-na-costa-do-sauipe-open-confira-a-programacao-desta-quinta-feira-23-10\/#primaryimage"},"image":{"@id":"https:\/\/www.cidademarketing.com.br\/marketing\/2025\/10\/23\/o-sol-voltou-na-costa-do-sauipe-open-confira-a-programacao-desta-quinta-feira-23-10\/#primaryimage"},"thumbnailUrl":"https:\/\/www.cidademarketing.com.br\/marketing\/wp-content\/uploads\/2025\/10\/costadosauipe_open_02.webp","datePublished":"2025-10-23T17:04:35+00:00","dateModified":"2025-10-23T17:08:13+00:00","description":"O sol voltou \u00e0 Bahia! Costa do Sau\u00edpe Open retoma jogos nesta quinta (23\/10) com estrelas do t\u00eanis mundial, experi\u00eancias, m\u00fasica e clima de ver\u00e3o.","breadcrumb":{"@id":"https:\/\/www.cidademarketing.com.br\/marketing\/2025\/10\/23\/o-sol-voltou-na-costa-do-sauipe-open-confira-a-programacao-desta-quinta-feira-23-10\/#breadcrumb"},"inLanguage":"pt-BR","potentialAction":[{"@type":"ReadAction","target":["https:\/\/www.cidademarketing.com.br\/marketing\/2025\/10\/23\/o-sol-voltou-na-costa-do-sauipe-open-confira-a-programacao-desta-quinta-feira-23-10\/"]}]},{"@type":"ImageObject","inLanguage":"pt-BR","@id":"https:\/\/www.cidademarketing.com.br\/marketing\/2025\/10\/23\/o-sol-voltou-na-costa-do-sauipe-open-confira-a-programacao-desta-quinta-feira-23-10\/#primaryimage","url":"https:\/\/www.cidademarketing.com.br\/marketing\/wp-content\/uploads\/2025\/10\/costadosauipe_open_02.webp","contentUrl":"https:\/\/www.cidademarketing.com.br\/marketing\/wp-content\/uploads\/2025\/10\/costadosauipe_open_02.webp","width":1000,"height":747,"caption":"Foto: Thales Brand\u00e3o"},{"@type":"BreadcrumbList","@id":"https:\/\/www.cidademarketing.com.br\/marketing\/2025\/10\/23\/o-sol-voltou-na-costa-do-sauipe-open-confira-a-programacao-desta-quinta-feira-23-10\/#breadcrumb","itemListElement":[{"@type":"ListItem","position":1,"name":"In\u00edcio","item":"https:\/\/www.cidademarketing.com.br\/marketing\/"},{"@type":"ListItem","position":2,"name":"O sol voltou na Costa do Sau\u00edpe Open; confira a programa\u00e7\u00e3o desta quinta-feira (23\/10)"}]},{"@type":"WebSite","@id":"https:\/\/www.cidademarketing.com.br\/marketing\/#website","url":"https:\/\/www.cidademarketing.com.br\/marketing\/","name":"CidadeMarketing","description":"Somos um ve\u00edculo de comunica\u00e7\u00e3o de destaque no Brasil, reconhecido por conte\u00fados nos segmentos de marketing, empreendedorismo e inova\u00e7\u00e3o.","publisher":{"@id":"https:\/\/www.cidademarketing.com.br\/marketing\/#organization"},"alternateName":"CidadeMarketing","potentialAction":[{"@type":"SearchAction","target":{"@type":"EntryPoint","urlTemplate":"https:\/\/www.cidademarketing.com.br\/marketing\/?s={search_term_string}"},"query-input":{"@type":"PropertyValueSpecification","valueRequired":true,"valueName":"search_term_string"}}],"inLanguage":"pt-BR"},{"@type":"Organization","@id":"https:\/\/www.cidademarketing.com.br\/marketing\/#organization","name":"CidadeMarketing","alternateName":"CidadeMarketing","url":"https:\/\/www.cidademarketing.com.br\/marketing\/","logo":{"@type":"ImageObject","inLanguage":"pt-BR","@id":"https:\/\/www.cidademarketing.com.br\/marketing\/#\/schema\/logo\/image\/","url":"https:\/\/www.cidademarketing.com.br\/marketing\/wp-content\/uploads\/2020\/01\/cidademarketing_marca_mobile.png","contentUrl":"https:\/\/www.cidademarketing.com.br\/marketing\/wp-content\/uploads\/2020\/01\/cidademarketing_marca_mobile.png","width":230,"height":92,"caption":"CidadeMarketing"},"image":{"@id":"https:\/\/www.cidademarketing.com.br\/marketing\/#\/schema\/logo\/image\/"},"sameAs":["https:\/\/www.facebook.com\/portalcidademarketing","https:\/\/x.com\/CidadeMarketing","https:\/\/www.instagram.com\/cidademarketing\/"]},{"@type":"Person","@id":"https:\/\/www.cidademarketing.com.br\/marketing\/#\/schema\/person\/02daff9f18bd9378c9e01eb6b2db155f","name":"Thales Brand\u00e3o","image":{"@type":"ImageObject","inLanguage":"pt-BR","@id":"https:\/\/secure.gravatar.com\/avatar\/7ca3206950207cc3cb48feec56a8a7898741ab725c368d99d5d7a5a50aab80c6?s=96&d=mm&r=g","url":"https:\/\/secure.gravatar.com\/avatar\/7ca3206950207cc3cb48feec56a8a7898741ab725c368d99d5d7a5a50aab80c6?s=96&d=mm&r=g","contentUrl":"https:\/\/secure.gravatar.com\/avatar\/7ca3206950207cc3cb48feec56a8a7898741ab725c368d99d5d7a5a50aab80c6?s=96&d=mm&r=g","caption":"Thales Brand\u00e3o"},"description":"Editor Executivo do Portal CidadeMarketing.com.br &gt; Mestre em Comunica\u00e7\u00e3o e Sociedade pela Universidade Federal de Sergipe. Possui MBA Executivo em Administra\u00e7\u00e3o com \u00eanfase em Marketing pela Funda\u00e7\u00e3o Get\u00falio Vargas - Rio de Janeiro. Consultor, Palestrante e Pesquisador sobre Empreendedorismo, Marketing, Redes Sociais e Neg\u00f3cios Digitais. Professor, Palestrante TedxTalks e Campus Party. Twitter: @ThalesBrandao","sameAs":["http:\/\/www.mandacaru.com.br","https:\/\/www.facebook.com\/thalesbrandao","http:\/\/www.instagram.com.br\/thalesbrandaoferreira","https:\/\/www.linkedin.com\/in\/thales-brand\u00e3o-3948609\/","https:\/\/x.com\/http:\/\/www.twitter.com\/thalesbrandao"],"url":"https:\/\/www.cidademarketing.com.br\/marketing\/author\/thalesbrandao\/"}]}},"amp_enabled":true,"_links":{"self":[{"href":"https:\/\/www.cidademarketing.com.br\/marketing\/wp-json\/wp\/v2\/posts\/58130","targetHints":{"allow":["GET"]}}],"collection":[{"href":"https:\/\/www.cidademarketing.com.br\/marketing\/wp-json\/wp\/v2\/posts"}],"about":[{"href":"https:\/\/www.cidademarketing.com.br\/marketing\/wp-json\/wp\/v2\/types\/post"}],"author":[{"embeddable":true,"href":"https:\/\/www.cidademarketing.com.br\/marketing\/wp-json\/wp\/v2\/users\/1"}],"replies":[{"embeddable":true,"href":"https:\/\/www.cidademarketing.com.br\/marketing\/wp-json\/wp\/v2\/comments?post=58130"}],"version-history":[{"count":1,"href":"https:\/\/www.cidademarketing.com.br\/marketing\/wp-json\/wp\/v2\/posts\/58130\/revisions"}],"predecessor-version":[{"id":58134,"href":"https:\/\/www.cidademarketing.com.br\/marketing\/wp-json\/wp\/v2\/posts\/58130\/revisions\/58134"}],"wp:featuredmedia":[{"embeddable":true,"href":"https:\/\/www.cidademarketing.com.br\/marketing\/wp-json\/wp\/v2\/media\/58132"}],"wp:attachment":[{"href":"https:\/\/www.cidademarketing.com.br\/marketing\/wp-json\/wp\/v2\/media?parent=58130"}],"wp:term":[{"taxonomy":"category","embeddable":true,"href":"https:\/\/www.cidademarketing.com.br\/marketing\/wp-json\/wp\/v2\/categories?post=58130"},{"taxonomy":"post_tag","embeddable":true,"href":"https:\/\/www.cidademarketing.com.br\/marketing\/wp-json\/wp\/v2\/tags?post=58130"}],"curies":[{"name":"wp","href":"https:\/\/api.w.org\/{rel}","templated":true}]}}