{"id":58084,"date":"2025-10-22T11:02:12","date_gmt":"2025-10-22T14:02:12","guid":{"rendered":"https:\/\/www.cidademarketing.com.br\/marketing\/?p=58084"},"modified":"2025-10-22T18:38:54","modified_gmt":"2025-10-22T21:38:54","slug":"protagonismo-negro-em-pauta-cultura-midia-e-mercado","status":"publish","type":"post","link":"https:\/\/www.cidademarketing.com.br\/marketing\/2025\/10\/22\/protagonismo-negro-em-pauta-cultura-midia-e-mercado\/","title":{"rendered":"Protagonismo negro em pauta: cultura, m\u00eddia e mercado"},"content":{"rendered":"<p><strong>Por Denise Vieira, Head de M\u00eddia e Planejamento da HZ Comunica\u00e7\u00e3o<\/strong><\/p>\n<p>Fomentar o protagonismo negro no audiovisual foi a ess\u00eancia da nona edi\u00e7\u00e3o do Festival Negritudes Globo 2025, que encerrou sua terceira edi\u00e7\u00e3o reafirmando o compromisso de ampliar debates sobre a produ\u00e7\u00e3o de conte\u00fado sob a perspectiva de pessoas negras \u2014 tanto \u00e0 frente quanto atr\u00e1s das c\u00e2meras.<\/p>\n<p>No audiovisual, ser protagonista \u00e9 conduzir a hist\u00f3ria. No campo social, \u00e9 deixar de ser objeto para tornar-se sujeito. O protagonismo negro das telas transborda para o imagin\u00e1rio coletivo: abre novas possibilidades de exist\u00eancia e desloca a popula\u00e7\u00e3o negra da posi\u00e7\u00e3o imposta por uma m\u00eddia colonizada \u2014 que, por d\u00e9cadas, a manteve no papel de coadjuvante \u2014 para o centro das narrativas.<\/p>\n<p>Nos \u00faltimos anos, esse protagonismo ganhou visibilidade in\u00e9dita na TV aberta brasileira. Em 2024, Ta\u00eds Ara\u00fajo resumiu essa virada ao questionar o que Ruth de Souza, L\u00e9a Garcia e Chica Xavier diriam ao ver, em sequ\u00eancia, Duda Santos, J\u00e9ssica Ellen e Gabz brilhando como protagonistas \u2014 algo que, por d\u00e9cadas, parecia inalcan\u00e7\u00e1vel. Atualmente, um novo trio confirma essa conquista: Ta\u00eds Ara\u00fajo, Clara Moneke e Jeniffer Nascimento, em pap\u00e9is centrais nas novelas da emissora.<\/p>\n<p>Esse movimento se soma ao impacto da atua\u00e7\u00e3o de Belize Pombal em Vale Tudo, vivendo Consuelo \u2014 mulher negra que ascende de secret\u00e1ria a diretora trainee. Sua trajet\u00f3ria foi um o\u00e1sis para milhares de mulheres negras, que puderam se reconhecer em um lugar poss\u00edvel no hor\u00e1rio nobre. Imaginar \u00e9 o primeiro passo para criar \u2014 e criar \u00e9 transformar a realidade.<\/p>\n<p>Outro marco foi Vai na F\u00e9, exibida em 2023 e apontada como uma das novelas mais rent\u00e1veis da Globo nos \u00faltimos anos. Com 70% do elenco formado por atores negros, a trama, que pautou religiosidade e negritudes, conectou-se a milh\u00f5es de brasileiros e provou que diversidade gera audi\u00eancia, repercuss\u00e3o e retorno.<\/p>\n<p>Com a popula\u00e7\u00e3o negra representando 56% dos brasileiros (IBGE, 2022) \u2014 e, na audi\u00eancia da TV aberta, esse perfil ainda mais elevado \u2014, a equa\u00e7\u00e3o \u00e9 clara: protagonismo negro no hor\u00e1rio nobre n\u00e3o \u00e9 apenas representatividade, mas conex\u00e3o estrat\u00e9gica com a maioria real da audi\u00eancia.<\/p>\n<p>Em um pa\u00eds continental e diverso, com diferen\u00e7as regionais muito amplas quando falamos de negritudes, ver todos os perfis representados no audiovisual &#8211; nos mais variados pap\u00e9is sociais &#8211; \u00e9 fundamental para romper a percep\u00e7\u00e3o ainda enraizada de que a ra\u00e7a define lugar e potencial.<\/p>\n<p>\u00c9 nesse contexto que o Festival Negritudes Globo mostra sua relev\u00e2ncia como megafone de uma nova narrativa. Mais do que celebra\u00e7\u00e3o, refor\u00e7a o entendimento de que diversidade n\u00e3o \u00e9 concess\u00e3o \u2014 \u00e9 estrat\u00e9gia de futuro.<\/p>\n<p>Todo esse empoderamento, como destacou Joice Berth, escritora e autora do livro \u201cO que \u00e9 Empoderamento?\u201d, durante o festival, s\u00f3 se concretiza quando articula quatro pilares: consci\u00eancia cr\u00edtica, acesso a direitos, coletividade e autonomia. A soma desses elementos \u00e9 o que permite transforma\u00e7\u00e3o social efetiva, especialmente para mulheres negras e outros grupos historicamente marginalizados. E, quando se fala em autonomia, trata-se tamb\u00e9m das dimens\u00f5es emocional, intelectual, social e financeira.<\/p>\n<p>O Festival Negritudes Globo n\u00e3o apenas celebra a pluralidade, mas tamb\u00e9m produz conhecimento, amplia repert\u00f3rios e reinventa formas de contar e escutar hist\u00f3rias. \u00c9 desses encontros que emergem tend\u00eancias capazes de impulsionar mudan\u00e7as \u2014 tanto no modo como nos vemos como indiv\u00edduos, quanto na forma como enxergamos o coletivo, celebrando um futuro que honra a ancestralidade.<\/p>\n<p>Namast\u00ea, Ax\u00e9, Am\u00e9m, Negritudes.\ud83d\ude4b\ud83c\udffe\u200d\u2640\ufe0f<\/p>\n<hr \/>\n<p><em><br \/>\nAs opini\u00f5es expressas nos artigos s\u00e3o de exclusiva responsabilidade de seus autores, e n\u00e3o necessariamente refletem a opini\u00e3o do CidadeMarketing e de seus editores sobre o assunto. Sendo responsabilidade dos autores os direitos autorais do texto e imagem.<\/em><\/p>\n","protected":false},"excerpt":{"rendered":"<p>Por Denise Vieira, Head de M\u00eddia e Planejamento da HZ Comunica\u00e7\u00e3o Fomentar o protagonismo negro no audiovisual foi a ess\u00eancia da nona edi\u00e7\u00e3o do Festival Negritudes Globo 2025, que encerrou sua terceira edi\u00e7\u00e3o reafirmando o compromisso de ampliar debates sobre a produ\u00e7\u00e3o de conte\u00fado sob a perspectiva de pessoas negras \u2014 tanto \u00e0 frente quanto [&hellip;]<\/p>\n","protected":false},"author":1,"featured_media":58085,"comment_status":"open","ping_status":"open","sticky":false,"template":"","format":"standard","meta":{"tdm_status":"","tdm_grid_status":"","footnotes":""},"categories":[6],"tags":[308,5507,10017,5227,10018,7381,28,3468,66,10019,181],"class_list":["post-58084","post","type-post","status-publish","format-standard","has-post-thumbnail","hentry","category-noticias","tag-comunicacao","tag-cultura-negra","tag-denise-vieira","tag-empoderamento","tag-festival-negritudes-globo-2025","tag-hz-comunicacao","tag-marketing","tag-negros","tag-propaganda","tag-protagonismo-negro","tag-publicidade"],"yoast_head":"<!-- This site is optimized with the Yoast SEO plugin v27.4 - https:\/\/yoast.com\/product\/yoast-seo-wordpress\/ -->\n<title>Protagonismo negro em pauta: cultura, m\u00eddia e mercado - CidadeMarketing<\/title>\n<meta name=\"description\" content=\"Festival Negritudes Globo mostra sua relev\u00e2ncia como megafone de uma nova narrativa.\" \/>\n<meta name=\"robots\" content=\"index, follow, max-snippet:-1, max-image-preview:large, max-video-preview:-1\" \/>\n<link rel=\"canonical\" href=\"https:\/\/www.cidademarketing.com.br\/marketing\/2025\/10\/22\/protagonismo-negro-em-pauta-cultura-midia-e-mercado\/\" \/>\n<meta property=\"og:locale\" content=\"pt_BR\" \/>\n<meta property=\"og:type\" content=\"article\" \/>\n<meta property=\"og:title\" content=\"Protagonismo negro em pauta: cultura, m\u00eddia e mercado - CidadeMarketing\" \/>\n<meta property=\"og:description\" content=\"Festival Negritudes Globo mostra sua relev\u00e2ncia como megafone de uma nova narrativa.\" \/>\n<meta property=\"og:url\" content=\"https:\/\/www.cidademarketing.com.br\/marketing\/2025\/10\/22\/protagonismo-negro-em-pauta-cultura-midia-e-mercado\/\" \/>\n<meta property=\"og:site_name\" content=\"CidadeMarketing\" \/>\n<meta property=\"article:publisher\" content=\"https:\/\/www.facebook.com\/portalcidademarketing\" \/>\n<meta property=\"article:author\" content=\"https:\/\/www.facebook.com\/thalesbrandao\" \/>\n<meta property=\"article:published_time\" content=\"2025-10-22T14:02:12+00:00\" \/>\n<meta property=\"article:modified_time\" content=\"2025-10-22T21:38:54+00:00\" \/>\n<meta property=\"og:image\" content=\"https:\/\/www.cidademarketing.com.br\/marketing\/wp-content\/uploads\/2025\/10\/negritude_denisevieira_hz_comunicacao.webp\" \/>\n\t<meta property=\"og:image:width\" content=\"1000\" \/>\n\t<meta property=\"og:image:height\" content=\"559\" \/>\n\t<meta property=\"og:image:type\" content=\"image\/webp\" \/>\n<meta name=\"author\" content=\"Thales Brand\u00e3o\" \/>\n<meta name=\"twitter:card\" content=\"summary_large_image\" \/>\n<meta name=\"twitter:creator\" content=\"@http:\/\/www.twitter.com\/thalesbrandao\" \/>\n<meta name=\"twitter:site\" content=\"@CidadeMarketing\" \/>\n<meta name=\"twitter:label1\" content=\"Escrito por\" \/>\n\t<meta name=\"twitter:data1\" content=\"Thales Brand\u00e3o\" \/>\n\t<meta name=\"twitter:label2\" content=\"Est. tempo de leitura\" \/>\n\t<meta name=\"twitter:data2\" content=\"4 minutos\" \/>\n<script type=\"application\/ld+json\" class=\"yoast-schema-graph\">{\"@context\":\"https:\\\/\\\/schema.org\",\"@graph\":[{\"@type\":\"Article\",\"@id\":\"https:\\\/\\\/www.cidademarketing.com.br\\\/marketing\\\/2025\\\/10\\\/22\\\/protagonismo-negro-em-pauta-cultura-midia-e-mercado\\\/#article\",\"isPartOf\":{\"@id\":\"https:\\\/\\\/www.cidademarketing.com.br\\\/marketing\\\/2025\\\/10\\\/22\\\/protagonismo-negro-em-pauta-cultura-midia-e-mercado\\\/\"},\"author\":{\"name\":\"Thales Brand\u00e3o\",\"@id\":\"https:\\\/\\\/www.cidademarketing.com.br\\\/marketing\\\/#\\\/schema\\\/person\\\/02daff9f18bd9378c9e01eb6b2db155f\"},\"headline\":\"Protagonismo negro em pauta: cultura, m\u00eddia e mercado\",\"datePublished\":\"2025-10-22T14:02:12+00:00\",\"dateModified\":\"2025-10-22T21:38:54+00:00\",\"mainEntityOfPage\":{\"@id\":\"https:\\\/\\\/www.cidademarketing.com.br\\\/marketing\\\/2025\\\/10\\\/22\\\/protagonismo-negro-em-pauta-cultura-midia-e-mercado\\\/\"},\"wordCount\":649,\"commentCount\":0,\"publisher\":{\"@id\":\"https:\\\/\\\/www.cidademarketing.com.br\\\/marketing\\\/#organization\"},\"image\":{\"@id\":\"https:\\\/\\\/www.cidademarketing.com.br\\\/marketing\\\/2025\\\/10\\\/22\\\/protagonismo-negro-em-pauta-cultura-midia-e-mercado\\\/#primaryimage\"},\"thumbnailUrl\":\"https:\\\/\\\/www.cidademarketing.com.br\\\/marketing\\\/wp-content\\\/uploads\\\/2025\\\/10\\\/negritude_denisevieira_hz_comunicacao.webp\",\"keywords\":[\"comunica\u00e7\u00e3o\",\"cultura negra\",\"Denise Vieira\",\"empoderamento\",\"Festival Negritudes Globo 2025\",\"HZ Comunica\u00e7\u00e3o\",\"marketing\",\"negros\",\"propaganda\",\"protagonismo negro\",\"publicidade\"],\"articleSection\":[\"Not\u00edcias\"],\"inLanguage\":\"pt-BR\",\"potentialAction\":[{\"@type\":\"CommentAction\",\"name\":\"Comment\",\"target\":[\"https:\\\/\\\/www.cidademarketing.com.br\\\/marketing\\\/2025\\\/10\\\/22\\\/protagonismo-negro-em-pauta-cultura-midia-e-mercado\\\/#respond\"]}]},{\"@type\":\"WebPage\",\"@id\":\"https:\\\/\\\/www.cidademarketing.com.br\\\/marketing\\\/2025\\\/10\\\/22\\\/protagonismo-negro-em-pauta-cultura-midia-e-mercado\\\/\",\"url\":\"https:\\\/\\\/www.cidademarketing.com.br\\\/marketing\\\/2025\\\/10\\\/22\\\/protagonismo-negro-em-pauta-cultura-midia-e-mercado\\\/\",\"name\":\"Protagonismo negro em pauta: cultura, m\u00eddia e mercado - CidadeMarketing\",\"isPartOf\":{\"@id\":\"https:\\\/\\\/www.cidademarketing.com.br\\\/marketing\\\/#website\"},\"primaryImageOfPage\":{\"@id\":\"https:\\\/\\\/www.cidademarketing.com.br\\\/marketing\\\/2025\\\/10\\\/22\\\/protagonismo-negro-em-pauta-cultura-midia-e-mercado\\\/#primaryimage\"},\"image\":{\"@id\":\"https:\\\/\\\/www.cidademarketing.com.br\\\/marketing\\\/2025\\\/10\\\/22\\\/protagonismo-negro-em-pauta-cultura-midia-e-mercado\\\/#primaryimage\"},\"thumbnailUrl\":\"https:\\\/\\\/www.cidademarketing.com.br\\\/marketing\\\/wp-content\\\/uploads\\\/2025\\\/10\\\/negritude_denisevieira_hz_comunicacao.webp\",\"datePublished\":\"2025-10-22T14:02:12+00:00\",\"dateModified\":\"2025-10-22T21:38:54+00:00\",\"description\":\"Festival Negritudes Globo mostra sua relev\u00e2ncia como megafone de uma nova narrativa.\",\"breadcrumb\":{\"@id\":\"https:\\\/\\\/www.cidademarketing.com.br\\\/marketing\\\/2025\\\/10\\\/22\\\/protagonismo-negro-em-pauta-cultura-midia-e-mercado\\\/#breadcrumb\"},\"inLanguage\":\"pt-BR\",\"potentialAction\":[{\"@type\":\"ReadAction\",\"target\":[\"https:\\\/\\\/www.cidademarketing.com.br\\\/marketing\\\/2025\\\/10\\\/22\\\/protagonismo-negro-em-pauta-cultura-midia-e-mercado\\\/\"]}]},{\"@type\":\"ImageObject\",\"inLanguage\":\"pt-BR\",\"@id\":\"https:\\\/\\\/www.cidademarketing.com.br\\\/marketing\\\/2025\\\/10\\\/22\\\/protagonismo-negro-em-pauta-cultura-midia-e-mercado\\\/#primaryimage\",\"url\":\"https:\\\/\\\/www.cidademarketing.com.br\\\/marketing\\\/wp-content\\\/uploads\\\/2025\\\/10\\\/negritude_denisevieira_hz_comunicacao.webp\",\"contentUrl\":\"https:\\\/\\\/www.cidademarketing.com.br\\\/marketing\\\/wp-content\\\/uploads\\\/2025\\\/10\\\/negritude_denisevieira_hz_comunicacao.webp\",\"width\":1000,\"height\":559,\"caption\":\"Divulga\u00e7\u00e3o\"},{\"@type\":\"BreadcrumbList\",\"@id\":\"https:\\\/\\\/www.cidademarketing.com.br\\\/marketing\\\/2025\\\/10\\\/22\\\/protagonismo-negro-em-pauta-cultura-midia-e-mercado\\\/#breadcrumb\",\"itemListElement\":[{\"@type\":\"ListItem\",\"position\":1,\"name\":\"In\u00edcio\",\"item\":\"https:\\\/\\\/www.cidademarketing.com.br\\\/marketing\\\/\"},{\"@type\":\"ListItem\",\"position\":2,\"name\":\"Protagonismo negro em pauta: cultura, m\u00eddia e mercado\"}]},{\"@type\":\"WebSite\",\"@id\":\"https:\\\/\\\/www.cidademarketing.com.br\\\/marketing\\\/#website\",\"url\":\"https:\\\/\\\/www.cidademarketing.com.br\\\/marketing\\\/\",\"name\":\"CidadeMarketing\",\"description\":\"Somos um ve\u00edculo de comunica\u00e7\u00e3o de destaque no Brasil, reconhecido por conte\u00fados nos segmentos de marketing, empreendedorismo e inova\u00e7\u00e3o.\",\"publisher\":{\"@id\":\"https:\\\/\\\/www.cidademarketing.com.br\\\/marketing\\\/#organization\"},\"alternateName\":\"CidadeMarketing\",\"potentialAction\":[{\"@type\":\"SearchAction\",\"target\":{\"@type\":\"EntryPoint\",\"urlTemplate\":\"https:\\\/\\\/www.cidademarketing.com.br\\\/marketing\\\/?s={search_term_string}\"},\"query-input\":{\"@type\":\"PropertyValueSpecification\",\"valueRequired\":true,\"valueName\":\"search_term_string\"}}],\"inLanguage\":\"pt-BR\"},{\"@type\":\"Organization\",\"@id\":\"https:\\\/\\\/www.cidademarketing.com.br\\\/marketing\\\/#organization\",\"name\":\"CidadeMarketing\",\"alternateName\":\"CidadeMarketing\",\"url\":\"https:\\\/\\\/www.cidademarketing.com.br\\\/marketing\\\/\",\"logo\":{\"@type\":\"ImageObject\",\"inLanguage\":\"pt-BR\",\"@id\":\"https:\\\/\\\/www.cidademarketing.com.br\\\/marketing\\\/#\\\/schema\\\/logo\\\/image\\\/\",\"url\":\"https:\\\/\\\/www.cidademarketing.com.br\\\/marketing\\\/wp-content\\\/uploads\\\/2020\\\/01\\\/cidademarketing_marca_mobile.png\",\"contentUrl\":\"https:\\\/\\\/www.cidademarketing.com.br\\\/marketing\\\/wp-content\\\/uploads\\\/2020\\\/01\\\/cidademarketing_marca_mobile.png\",\"width\":230,\"height\":92,\"caption\":\"CidadeMarketing\"},\"image\":{\"@id\":\"https:\\\/\\\/www.cidademarketing.com.br\\\/marketing\\\/#\\\/schema\\\/logo\\\/image\\\/\"},\"sameAs\":[\"https:\\\/\\\/www.facebook.com\\\/portalcidademarketing\",\"https:\\\/\\\/x.com\\\/CidadeMarketing\",\"https:\\\/\\\/www.instagram.com\\\/cidademarketing\\\/\"]},{\"@type\":\"Person\",\"@id\":\"https:\\\/\\\/www.cidademarketing.com.br\\\/marketing\\\/#\\\/schema\\\/person\\\/02daff9f18bd9378c9e01eb6b2db155f\",\"name\":\"Thales Brand\u00e3o\",\"image\":{\"@type\":\"ImageObject\",\"inLanguage\":\"pt-BR\",\"@id\":\"https:\\\/\\\/secure.gravatar.com\\\/avatar\\\/7ca3206950207cc3cb48feec56a8a7898741ab725c368d99d5d7a5a50aab80c6?s=96&d=mm&r=g\",\"url\":\"https:\\\/\\\/secure.gravatar.com\\\/avatar\\\/7ca3206950207cc3cb48feec56a8a7898741ab725c368d99d5d7a5a50aab80c6?s=96&d=mm&r=g\",\"contentUrl\":\"https:\\\/\\\/secure.gravatar.com\\\/avatar\\\/7ca3206950207cc3cb48feec56a8a7898741ab725c368d99d5d7a5a50aab80c6?s=96&d=mm&r=g\",\"caption\":\"Thales Brand\u00e3o\"},\"description\":\"Editor Executivo do Portal CidadeMarketing.com.br &gt; Mestre em Comunica\u00e7\u00e3o e Sociedade pela Universidade Federal de Sergipe. Possui MBA Executivo em Administra\u00e7\u00e3o com \u00eanfase em Marketing pela Funda\u00e7\u00e3o Get\u00falio Vargas - Rio de Janeiro. Consultor, Palestrante e Pesquisador sobre Empreendedorismo, Marketing, Redes Sociais e Neg\u00f3cios Digitais. Professor, Palestrante TedxTalks e Campus Party. Twitter: @ThalesBrandao\",\"sameAs\":[\"http:\\\/\\\/www.mandacaru.com.br\",\"https:\\\/\\\/www.facebook.com\\\/thalesbrandao\",\"http:\\\/\\\/www.instagram.com.br\\\/thalesbrandaoferreira\",\"https:\\\/\\\/www.linkedin.com\\\/in\\\/thales-brand\u00e3o-3948609\\\/\",\"https:\\\/\\\/x.com\\\/http:\\\/\\\/www.twitter.com\\\/thalesbrandao\"],\"url\":\"https:\\\/\\\/www.cidademarketing.com.br\\\/marketing\\\/author\\\/thalesbrandao\\\/\"}]}<\/script>\n<!-- \/ Yoast SEO plugin. -->","yoast_head_json":{"title":"Protagonismo negro em pauta: cultura, m\u00eddia e mercado - CidadeMarketing","description":"Festival Negritudes Globo mostra sua relev\u00e2ncia como megafone de uma nova narrativa.","robots":{"index":"index","follow":"follow","max-snippet":"max-snippet:-1","max-image-preview":"max-image-preview:large","max-video-preview":"max-video-preview:-1"},"canonical":"https:\/\/www.cidademarketing.com.br\/marketing\/2025\/10\/22\/protagonismo-negro-em-pauta-cultura-midia-e-mercado\/","og_locale":"pt_BR","og_type":"article","og_title":"Protagonismo negro em pauta: cultura, m\u00eddia e mercado - CidadeMarketing","og_description":"Festival Negritudes Globo mostra sua relev\u00e2ncia como megafone de uma nova narrativa.","og_url":"https:\/\/www.cidademarketing.com.br\/marketing\/2025\/10\/22\/protagonismo-negro-em-pauta-cultura-midia-e-mercado\/","og_site_name":"CidadeMarketing","article_publisher":"https:\/\/www.facebook.com\/portalcidademarketing","article_author":"https:\/\/www.facebook.com\/thalesbrandao","article_published_time":"2025-10-22T14:02:12+00:00","article_modified_time":"2025-10-22T21:38:54+00:00","og_image":[{"width":1000,"height":559,"url":"https:\/\/www.cidademarketing.com.br\/marketing\/wp-content\/uploads\/2025\/10\/negritude_denisevieira_hz_comunicacao.webp","type":"image\/webp"}],"author":"Thales Brand\u00e3o","twitter_card":"summary_large_image","twitter_creator":"@http:\/\/www.twitter.com\/thalesbrandao","twitter_site":"@CidadeMarketing","twitter_misc":{"Escrito por":"Thales Brand\u00e3o","Est. tempo de leitura":"4 minutos"},"schema":{"@context":"https:\/\/schema.org","@graph":[{"@type":"Article","@id":"https:\/\/www.cidademarketing.com.br\/marketing\/2025\/10\/22\/protagonismo-negro-em-pauta-cultura-midia-e-mercado\/#article","isPartOf":{"@id":"https:\/\/www.cidademarketing.com.br\/marketing\/2025\/10\/22\/protagonismo-negro-em-pauta-cultura-midia-e-mercado\/"},"author":{"name":"Thales Brand\u00e3o","@id":"https:\/\/www.cidademarketing.com.br\/marketing\/#\/schema\/person\/02daff9f18bd9378c9e01eb6b2db155f"},"headline":"Protagonismo negro em pauta: cultura, m\u00eddia e mercado","datePublished":"2025-10-22T14:02:12+00:00","dateModified":"2025-10-22T21:38:54+00:00","mainEntityOfPage":{"@id":"https:\/\/www.cidademarketing.com.br\/marketing\/2025\/10\/22\/protagonismo-negro-em-pauta-cultura-midia-e-mercado\/"},"wordCount":649,"commentCount":0,"publisher":{"@id":"https:\/\/www.cidademarketing.com.br\/marketing\/#organization"},"image":{"@id":"https:\/\/www.cidademarketing.com.br\/marketing\/2025\/10\/22\/protagonismo-negro-em-pauta-cultura-midia-e-mercado\/#primaryimage"},"thumbnailUrl":"https:\/\/www.cidademarketing.com.br\/marketing\/wp-content\/uploads\/2025\/10\/negritude_denisevieira_hz_comunicacao.webp","keywords":["comunica\u00e7\u00e3o","cultura negra","Denise Vieira","empoderamento","Festival Negritudes Globo 2025","HZ Comunica\u00e7\u00e3o","marketing","negros","propaganda","protagonismo negro","publicidade"],"articleSection":["Not\u00edcias"],"inLanguage":"pt-BR","potentialAction":[{"@type":"CommentAction","name":"Comment","target":["https:\/\/www.cidademarketing.com.br\/marketing\/2025\/10\/22\/protagonismo-negro-em-pauta-cultura-midia-e-mercado\/#respond"]}]},{"@type":"WebPage","@id":"https:\/\/www.cidademarketing.com.br\/marketing\/2025\/10\/22\/protagonismo-negro-em-pauta-cultura-midia-e-mercado\/","url":"https:\/\/www.cidademarketing.com.br\/marketing\/2025\/10\/22\/protagonismo-negro-em-pauta-cultura-midia-e-mercado\/","name":"Protagonismo negro em pauta: cultura, m\u00eddia e mercado - CidadeMarketing","isPartOf":{"@id":"https:\/\/www.cidademarketing.com.br\/marketing\/#website"},"primaryImageOfPage":{"@id":"https:\/\/www.cidademarketing.com.br\/marketing\/2025\/10\/22\/protagonismo-negro-em-pauta-cultura-midia-e-mercado\/#primaryimage"},"image":{"@id":"https:\/\/www.cidademarketing.com.br\/marketing\/2025\/10\/22\/protagonismo-negro-em-pauta-cultura-midia-e-mercado\/#primaryimage"},"thumbnailUrl":"https:\/\/www.cidademarketing.com.br\/marketing\/wp-content\/uploads\/2025\/10\/negritude_denisevieira_hz_comunicacao.webp","datePublished":"2025-10-22T14:02:12+00:00","dateModified":"2025-10-22T21:38:54+00:00","description":"Festival Negritudes Globo mostra sua relev\u00e2ncia como megafone de uma nova narrativa.","breadcrumb":{"@id":"https:\/\/www.cidademarketing.com.br\/marketing\/2025\/10\/22\/protagonismo-negro-em-pauta-cultura-midia-e-mercado\/#breadcrumb"},"inLanguage":"pt-BR","potentialAction":[{"@type":"ReadAction","target":["https:\/\/www.cidademarketing.com.br\/marketing\/2025\/10\/22\/protagonismo-negro-em-pauta-cultura-midia-e-mercado\/"]}]},{"@type":"ImageObject","inLanguage":"pt-BR","@id":"https:\/\/www.cidademarketing.com.br\/marketing\/2025\/10\/22\/protagonismo-negro-em-pauta-cultura-midia-e-mercado\/#primaryimage","url":"https:\/\/www.cidademarketing.com.br\/marketing\/wp-content\/uploads\/2025\/10\/negritude_denisevieira_hz_comunicacao.webp","contentUrl":"https:\/\/www.cidademarketing.com.br\/marketing\/wp-content\/uploads\/2025\/10\/negritude_denisevieira_hz_comunicacao.webp","width":1000,"height":559,"caption":"Divulga\u00e7\u00e3o"},{"@type":"BreadcrumbList","@id":"https:\/\/www.cidademarketing.com.br\/marketing\/2025\/10\/22\/protagonismo-negro-em-pauta-cultura-midia-e-mercado\/#breadcrumb","itemListElement":[{"@type":"ListItem","position":1,"name":"In\u00edcio","item":"https:\/\/www.cidademarketing.com.br\/marketing\/"},{"@type":"ListItem","position":2,"name":"Protagonismo negro em pauta: cultura, m\u00eddia e mercado"}]},{"@type":"WebSite","@id":"https:\/\/www.cidademarketing.com.br\/marketing\/#website","url":"https:\/\/www.cidademarketing.com.br\/marketing\/","name":"CidadeMarketing","description":"Somos um ve\u00edculo de comunica\u00e7\u00e3o de destaque no Brasil, reconhecido por conte\u00fados nos segmentos de marketing, empreendedorismo e inova\u00e7\u00e3o.","publisher":{"@id":"https:\/\/www.cidademarketing.com.br\/marketing\/#organization"},"alternateName":"CidadeMarketing","potentialAction":[{"@type":"SearchAction","target":{"@type":"EntryPoint","urlTemplate":"https:\/\/www.cidademarketing.com.br\/marketing\/?s={search_term_string}"},"query-input":{"@type":"PropertyValueSpecification","valueRequired":true,"valueName":"search_term_string"}}],"inLanguage":"pt-BR"},{"@type":"Organization","@id":"https:\/\/www.cidademarketing.com.br\/marketing\/#organization","name":"CidadeMarketing","alternateName":"CidadeMarketing","url":"https:\/\/www.cidademarketing.com.br\/marketing\/","logo":{"@type":"ImageObject","inLanguage":"pt-BR","@id":"https:\/\/www.cidademarketing.com.br\/marketing\/#\/schema\/logo\/image\/","url":"https:\/\/www.cidademarketing.com.br\/marketing\/wp-content\/uploads\/2020\/01\/cidademarketing_marca_mobile.png","contentUrl":"https:\/\/www.cidademarketing.com.br\/marketing\/wp-content\/uploads\/2020\/01\/cidademarketing_marca_mobile.png","width":230,"height":92,"caption":"CidadeMarketing"},"image":{"@id":"https:\/\/www.cidademarketing.com.br\/marketing\/#\/schema\/logo\/image\/"},"sameAs":["https:\/\/www.facebook.com\/portalcidademarketing","https:\/\/x.com\/CidadeMarketing","https:\/\/www.instagram.com\/cidademarketing\/"]},{"@type":"Person","@id":"https:\/\/www.cidademarketing.com.br\/marketing\/#\/schema\/person\/02daff9f18bd9378c9e01eb6b2db155f","name":"Thales Brand\u00e3o","image":{"@type":"ImageObject","inLanguage":"pt-BR","@id":"https:\/\/secure.gravatar.com\/avatar\/7ca3206950207cc3cb48feec56a8a7898741ab725c368d99d5d7a5a50aab80c6?s=96&d=mm&r=g","url":"https:\/\/secure.gravatar.com\/avatar\/7ca3206950207cc3cb48feec56a8a7898741ab725c368d99d5d7a5a50aab80c6?s=96&d=mm&r=g","contentUrl":"https:\/\/secure.gravatar.com\/avatar\/7ca3206950207cc3cb48feec56a8a7898741ab725c368d99d5d7a5a50aab80c6?s=96&d=mm&r=g","caption":"Thales Brand\u00e3o"},"description":"Editor Executivo do Portal CidadeMarketing.com.br &gt; Mestre em Comunica\u00e7\u00e3o e Sociedade pela Universidade Federal de Sergipe. Possui MBA Executivo em Administra\u00e7\u00e3o com \u00eanfase em Marketing pela Funda\u00e7\u00e3o Get\u00falio Vargas - Rio de Janeiro. Consultor, Palestrante e Pesquisador sobre Empreendedorismo, Marketing, Redes Sociais e Neg\u00f3cios Digitais. Professor, Palestrante TedxTalks e Campus Party. Twitter: @ThalesBrandao","sameAs":["http:\/\/www.mandacaru.com.br","https:\/\/www.facebook.com\/thalesbrandao","http:\/\/www.instagram.com.br\/thalesbrandaoferreira","https:\/\/www.linkedin.com\/in\/thales-brand\u00e3o-3948609\/","https:\/\/x.com\/http:\/\/www.twitter.com\/thalesbrandao"],"url":"https:\/\/www.cidademarketing.com.br\/marketing\/author\/thalesbrandao\/"}]}},"amp_enabled":true,"_links":{"self":[{"href":"https:\/\/www.cidademarketing.com.br\/marketing\/wp-json\/wp\/v2\/posts\/58084","targetHints":{"allow":["GET"]}}],"collection":[{"href":"https:\/\/www.cidademarketing.com.br\/marketing\/wp-json\/wp\/v2\/posts"}],"about":[{"href":"https:\/\/www.cidademarketing.com.br\/marketing\/wp-json\/wp\/v2\/types\/post"}],"author":[{"embeddable":true,"href":"https:\/\/www.cidademarketing.com.br\/marketing\/wp-json\/wp\/v2\/users\/1"}],"replies":[{"embeddable":true,"href":"https:\/\/www.cidademarketing.com.br\/marketing\/wp-json\/wp\/v2\/comments?post=58084"}],"version-history":[{"count":2,"href":"https:\/\/www.cidademarketing.com.br\/marketing\/wp-json\/wp\/v2\/posts\/58084\/revisions"}],"predecessor-version":[{"id":58101,"href":"https:\/\/www.cidademarketing.com.br\/marketing\/wp-json\/wp\/v2\/posts\/58084\/revisions\/58101"}],"wp:featuredmedia":[{"embeddable":true,"href":"https:\/\/www.cidademarketing.com.br\/marketing\/wp-json\/wp\/v2\/media\/58085"}],"wp:attachment":[{"href":"https:\/\/www.cidademarketing.com.br\/marketing\/wp-json\/wp\/v2\/media?parent=58084"}],"wp:term":[{"taxonomy":"category","embeddable":true,"href":"https:\/\/www.cidademarketing.com.br\/marketing\/wp-json\/wp\/v2\/categories?post=58084"},{"taxonomy":"post_tag","embeddable":true,"href":"https:\/\/www.cidademarketing.com.br\/marketing\/wp-json\/wp\/v2\/tags?post=58084"}],"curies":[{"name":"wp","href":"https:\/\/api.w.org\/{rel}","templated":true}]}}