{"id":58081,"date":"2025-10-21T19:35:49","date_gmt":"2025-10-21T22:35:49","guid":{"rendered":"https:\/\/www.cidademarketing.com.br\/marketing\/?p=58081"},"modified":"2025-10-21T19:35:49","modified_gmt":"2025-10-21T22:35:49","slug":"tenis-cancelado-hoje-21-10-no-costa-do-sauipe-open-devido-as-fortes-chuvas-e-ventos","status":"publish","type":"post","link":"https:\/\/www.cidademarketing.com.br\/marketing\/2025\/10\/21\/tenis-cancelado-hoje-21-10-no-costa-do-sauipe-open-devido-as-fortes-chuvas-e-ventos\/","title":{"rendered":"T\u00eanis cancelado hoje, 21\/10, no Costa do Sau\u00edpe Open devido \u00e0s fortes chuvas e ventos"},"content":{"rendered":"<p>A rodada desta ter\u00e7a-feira (21\/10) do Costa do Sau\u00edpe Open \u2013 ATP Challenger 125 foi cancelada e adiada para quarta-feira (22\/10), em fun\u00e7\u00e3o das fortes chuvas e ventos que atingem o litoral norte da Bahia desde o in\u00edcio da manh\u00e3. A nova programa\u00e7\u00e3o prev\u00ea o in\u00edcio das partidas a partir das 13h, caso as condi\u00e7\u00f5es clim\u00e1ticas melhorem.<\/p>\n<p>Apesar da interrup\u00e7\u00e3o das atividades em quadra, os tenistas est\u00e3o sendo acolhidos no complexo hoteleiro Costa do Sau\u00edpe, um dos melhores resorts do Brasil, que oferece infraestrutura completa de lazer, alimenta\u00e7\u00e3o e descanso \u2014 proporcionando um ambiente ideal para a recupera\u00e7\u00e3o f\u00edsica e mental antes do rein\u00edcio do torneio.<\/p>\n<p>O Costa do Sau\u00edpe Open \u00e9 reconhecido como o segundo maior torneio de t\u00eanis do Brasil, oferecendo US$ 200 mil em premia\u00e7\u00e3o, 125 pontos no ranking mundial ao campe\u00e3o e um bel\u00edssimo trof\u00e9u assinado pela Vivara, produzido artesanalmente em ouro, prata e diamantes. O evento acontece na <a href=\"https:\/\/www.cidademarketing.com.br\/marketing\/2025\/10\/19\/vila-do-tenis-traz-ativacoes-de-marketing-e-experiencias-exclusivas-para-o-costa-do-sauipe-open\/\" target=\"_blank\" rel=\"noopener\">Vila do T\u00eanis<\/a>, estrutura especialmente montada dentro do resort, com quadras de saibro, \u00e1reas de conviv\u00eancia e vista privilegiada para o litoral baiano.<\/p>\n<p>A rodada adiada de hoje contava com jogos importantes, incluindo a presen\u00e7a de Thiago Monteiro, Mariano Navone, Emilio Nava e Carlos Taberner, al\u00e9m de outros nomes em ascens\u00e3o no circuito mundial.\u00a0 Os jogos de simples est\u00e3o programados para a tarde, enquanto os confrontos de duplas dever\u00e3o ocorrer a partir das 19h.<\/p>\n<p>Mesmo com o clima adverso, a expectativa \u00e9 de que o torneio mantenha o alto n\u00edvel t\u00e9cnico e o esp\u00edrito esportivo que t\u00eam marcado as disputas na paradis\u00edaca Costa do Sau\u00edpe, um dos destinos tur\u00edsticos mais conhecidos da Bahia, situado entre Mata de S\u00e3o Jo\u00e3o e o litoral de \u00e1guas mornas e coqueirais exuberantes.<\/p>\n","protected":false},"excerpt":{"rendered":"<p>A rodada desta ter\u00e7a-feira (21\/10) do Costa do Sau\u00edpe Open \u2013 ATP Challenger 125 foi cancelada e adiada para quarta-feira (22\/10), em fun\u00e7\u00e3o das fortes chuvas e ventos que atingem o litoral norte da Bahia desde o in\u00edcio da manh\u00e3. A nova programa\u00e7\u00e3o prev\u00ea o in\u00edcio das partidas a partir das 13h, caso as condi\u00e7\u00f5es [&hellip;]<\/p>\n","protected":false},"author":1,"featured_media":58068,"comment_status":"open","ping_status":"open","sticky":false,"template":"","format":"standard","meta":{"tdm_status":"","tdm_grid_status":"","footnotes":""},"categories":[6],"tags":[573,1715,1948,9690,9688,33,10016,1448,6752,1968],"class_list":["post-58081","post","type-post","status-publish","format-standard","has-post-thumbnail","hentry","category-noticias","tag-bahia","tag-chuva","tag-clima","tag-costa-do-sauipe","tag-costa-do-sauipe-open","tag-estrategia","tag-navone","tag-tenis","tag-thiago-monteiro","tag-vivara"],"yoast_head":"<!-- This site is optimized with the Yoast SEO plugin v27.4 - https:\/\/yoast.com\/product\/yoast-seo-wordpress\/ -->\n<title>T\u00eanis cancelado hoje, 21\/10, no Costa do Sau\u00edpe Open devido \u00e0s fortes chuvas e ventos - CidadeMarketing<\/title>\n<meta name=\"description\" content=\"Rodada do Costa do Sau\u00edpe Open \u00e9 adiada para quarta-feira (22\/10) devido \u00e0s fortes chuvas e ventos na Bahia. Torneio segue com grandes nomes do t\u00eanis mundial e US$ 200 mil em premia\u00e7\u00e3o.\" \/>\n<meta name=\"robots\" content=\"index, follow, max-snippet:-1, max-image-preview:large, max-video-preview:-1\" \/>\n<link rel=\"canonical\" href=\"https:\/\/www.cidademarketing.com.br\/marketing\/2025\/10\/21\/tenis-cancelado-hoje-21-10-no-costa-do-sauipe-open-devido-as-fortes-chuvas-e-ventos\/\" \/>\n<meta property=\"og:locale\" content=\"pt_BR\" \/>\n<meta property=\"og:type\" content=\"article\" \/>\n<meta property=\"og:title\" content=\"T\u00eanis cancelado hoje, 21\/10, no Costa do Sau\u00edpe Open devido \u00e0s fortes chuvas e ventos - CidadeMarketing\" \/>\n<meta property=\"og:description\" content=\"Rodada do Costa do Sau\u00edpe Open \u00e9 adiada para quarta-feira (22\/10) devido \u00e0s fortes chuvas e ventos na Bahia. Torneio segue com grandes nomes do t\u00eanis mundial e US$ 200 mil em premia\u00e7\u00e3o.\" \/>\n<meta property=\"og:url\" content=\"https:\/\/www.cidademarketing.com.br\/marketing\/2025\/10\/21\/tenis-cancelado-hoje-21-10-no-costa-do-sauipe-open-devido-as-fortes-chuvas-e-ventos\/\" \/>\n<meta property=\"og:site_name\" content=\"CidadeMarketing\" \/>\n<meta property=\"article:publisher\" content=\"https:\/\/www.facebook.com\/portalcidademarketing\" \/>\n<meta property=\"article:author\" content=\"https:\/\/www.facebook.com\/thalesbrandao\" \/>\n<meta property=\"article:published_time\" content=\"2025-10-21T22:35:49+00:00\" \/>\n<meta property=\"og:image\" content=\"https:\/\/www.cidademarketing.com.br\/marketing\/wp-content\/uploads\/2025\/10\/costadosauipe_open_.webp\" \/>\n\t<meta property=\"og:image:width\" content=\"1000\" \/>\n\t<meta property=\"og:image:height\" content=\"560\" \/>\n\t<meta property=\"og:image:type\" content=\"image\/webp\" \/>\n<meta name=\"author\" content=\"Thales Brand\u00e3o\" \/>\n<meta name=\"twitter:card\" content=\"summary_large_image\" \/>\n<meta name=\"twitter:creator\" content=\"@http:\/\/www.twitter.com\/thalesbrandao\" \/>\n<meta name=\"twitter:site\" content=\"@CidadeMarketing\" \/>\n<meta name=\"twitter:label1\" content=\"Escrito por\" \/>\n\t<meta name=\"twitter:data1\" content=\"Thales Brand\u00e3o\" \/>\n\t<meta name=\"twitter:label2\" content=\"Est. tempo de leitura\" \/>\n\t<meta name=\"twitter:data2\" content=\"2 minutos\" \/>\n<script type=\"application\/ld+json\" class=\"yoast-schema-graph\">{\"@context\":\"https:\\\/\\\/schema.org\",\"@graph\":[{\"@type\":\"Article\",\"@id\":\"https:\\\/\\\/www.cidademarketing.com.br\\\/marketing\\\/2025\\\/10\\\/21\\\/tenis-cancelado-hoje-21-10-no-costa-do-sauipe-open-devido-as-fortes-chuvas-e-ventos\\\/#article\",\"isPartOf\":{\"@id\":\"https:\\\/\\\/www.cidademarketing.com.br\\\/marketing\\\/2025\\\/10\\\/21\\\/tenis-cancelado-hoje-21-10-no-costa-do-sauipe-open-devido-as-fortes-chuvas-e-ventos\\\/\"},\"author\":{\"name\":\"Thales Brand\u00e3o\",\"@id\":\"https:\\\/\\\/www.cidademarketing.com.br\\\/marketing\\\/#\\\/schema\\\/person\\\/02daff9f18bd9378c9e01eb6b2db155f\"},\"headline\":\"T\u00eanis cancelado hoje, 21\\\/10, no Costa do Sau\u00edpe Open devido \u00e0s fortes chuvas e ventos\",\"datePublished\":\"2025-10-21T22:35:49+00:00\",\"mainEntityOfPage\":{\"@id\":\"https:\\\/\\\/www.cidademarketing.com.br\\\/marketing\\\/2025\\\/10\\\/21\\\/tenis-cancelado-hoje-21-10-no-costa-do-sauipe-open-devido-as-fortes-chuvas-e-ventos\\\/\"},\"wordCount\":325,\"commentCount\":0,\"publisher\":{\"@id\":\"https:\\\/\\\/www.cidademarketing.com.br\\\/marketing\\\/#organization\"},\"image\":{\"@id\":\"https:\\\/\\\/www.cidademarketing.com.br\\\/marketing\\\/2025\\\/10\\\/21\\\/tenis-cancelado-hoje-21-10-no-costa-do-sauipe-open-devido-as-fortes-chuvas-e-ventos\\\/#primaryimage\"},\"thumbnailUrl\":\"https:\\\/\\\/www.cidademarketing.com.br\\\/marketing\\\/wp-content\\\/uploads\\\/2025\\\/10\\\/costadosauipe_open_.webp\",\"keywords\":[\"Bahia\",\"chuva\",\"clima\",\"Costa do Sau\u00edpe\",\"Costa do Sau\u00edpe Open\",\"estrat\u00e9gia\",\"Navone\",\"t\u00eanis\",\"Thiago Monteiro\",\"Vivara\"],\"articleSection\":[\"Not\u00edcias\"],\"inLanguage\":\"pt-BR\",\"potentialAction\":[{\"@type\":\"CommentAction\",\"name\":\"Comment\",\"target\":[\"https:\\\/\\\/www.cidademarketing.com.br\\\/marketing\\\/2025\\\/10\\\/21\\\/tenis-cancelado-hoje-21-10-no-costa-do-sauipe-open-devido-as-fortes-chuvas-e-ventos\\\/#respond\"]}]},{\"@type\":\"WebPage\",\"@id\":\"https:\\\/\\\/www.cidademarketing.com.br\\\/marketing\\\/2025\\\/10\\\/21\\\/tenis-cancelado-hoje-21-10-no-costa-do-sauipe-open-devido-as-fortes-chuvas-e-ventos\\\/\",\"url\":\"https:\\\/\\\/www.cidademarketing.com.br\\\/marketing\\\/2025\\\/10\\\/21\\\/tenis-cancelado-hoje-21-10-no-costa-do-sauipe-open-devido-as-fortes-chuvas-e-ventos\\\/\",\"name\":\"T\u00eanis cancelado hoje, 21\\\/10, no Costa do Sau\u00edpe Open devido \u00e0s fortes chuvas e ventos - CidadeMarketing\",\"isPartOf\":{\"@id\":\"https:\\\/\\\/www.cidademarketing.com.br\\\/marketing\\\/#website\"},\"primaryImageOfPage\":{\"@id\":\"https:\\\/\\\/www.cidademarketing.com.br\\\/marketing\\\/2025\\\/10\\\/21\\\/tenis-cancelado-hoje-21-10-no-costa-do-sauipe-open-devido-as-fortes-chuvas-e-ventos\\\/#primaryimage\"},\"image\":{\"@id\":\"https:\\\/\\\/www.cidademarketing.com.br\\\/marketing\\\/2025\\\/10\\\/21\\\/tenis-cancelado-hoje-21-10-no-costa-do-sauipe-open-devido-as-fortes-chuvas-e-ventos\\\/#primaryimage\"},\"thumbnailUrl\":\"https:\\\/\\\/www.cidademarketing.com.br\\\/marketing\\\/wp-content\\\/uploads\\\/2025\\\/10\\\/costadosauipe_open_.webp\",\"datePublished\":\"2025-10-21T22:35:49+00:00\",\"description\":\"Rodada do Costa do Sau\u00edpe Open \u00e9 adiada para quarta-feira (22\\\/10) devido \u00e0s fortes chuvas e ventos na Bahia. Torneio segue com grandes nomes do t\u00eanis mundial e US$ 200 mil em premia\u00e7\u00e3o.\",\"breadcrumb\":{\"@id\":\"https:\\\/\\\/www.cidademarketing.com.br\\\/marketing\\\/2025\\\/10\\\/21\\\/tenis-cancelado-hoje-21-10-no-costa-do-sauipe-open-devido-as-fortes-chuvas-e-ventos\\\/#breadcrumb\"},\"inLanguage\":\"pt-BR\",\"potentialAction\":[{\"@type\":\"ReadAction\",\"target\":[\"https:\\\/\\\/www.cidademarketing.com.br\\\/marketing\\\/2025\\\/10\\\/21\\\/tenis-cancelado-hoje-21-10-no-costa-do-sauipe-open-devido-as-fortes-chuvas-e-ventos\\\/\"]}]},{\"@type\":\"ImageObject\",\"inLanguage\":\"pt-BR\",\"@id\":\"https:\\\/\\\/www.cidademarketing.com.br\\\/marketing\\\/2025\\\/10\\\/21\\\/tenis-cancelado-hoje-21-10-no-costa-do-sauipe-open-devido-as-fortes-chuvas-e-ventos\\\/#primaryimage\",\"url\":\"https:\\\/\\\/www.cidademarketing.com.br\\\/marketing\\\/wp-content\\\/uploads\\\/2025\\\/10\\\/costadosauipe_open_.webp\",\"contentUrl\":\"https:\\\/\\\/www.cidademarketing.com.br\\\/marketing\\\/wp-content\\\/uploads\\\/2025\\\/10\\\/costadosauipe_open_.webp\",\"width\":1000,\"height\":560,\"caption\":\"Foto: Marcelo Galv\u00e3o\"},{\"@type\":\"BreadcrumbList\",\"@id\":\"https:\\\/\\\/www.cidademarketing.com.br\\\/marketing\\\/2025\\\/10\\\/21\\\/tenis-cancelado-hoje-21-10-no-costa-do-sauipe-open-devido-as-fortes-chuvas-e-ventos\\\/#breadcrumb\",\"itemListElement\":[{\"@type\":\"ListItem\",\"position\":1,\"name\":\"In\u00edcio\",\"item\":\"https:\\\/\\\/www.cidademarketing.com.br\\\/marketing\\\/\"},{\"@type\":\"ListItem\",\"position\":2,\"name\":\"T\u00eanis cancelado hoje, 21\\\/10, no Costa do Sau\u00edpe Open devido \u00e0s fortes chuvas e ventos\"}]},{\"@type\":\"WebSite\",\"@id\":\"https:\\\/\\\/www.cidademarketing.com.br\\\/marketing\\\/#website\",\"url\":\"https:\\\/\\\/www.cidademarketing.com.br\\\/marketing\\\/\",\"name\":\"CidadeMarketing\",\"description\":\"Somos um ve\u00edculo de comunica\u00e7\u00e3o de destaque no Brasil, reconhecido por conte\u00fados nos segmentos de marketing, empreendedorismo e inova\u00e7\u00e3o.\",\"publisher\":{\"@id\":\"https:\\\/\\\/www.cidademarketing.com.br\\\/marketing\\\/#organization\"},\"alternateName\":\"CidadeMarketing\",\"potentialAction\":[{\"@type\":\"SearchAction\",\"target\":{\"@type\":\"EntryPoint\",\"urlTemplate\":\"https:\\\/\\\/www.cidademarketing.com.br\\\/marketing\\\/?s={search_term_string}\"},\"query-input\":{\"@type\":\"PropertyValueSpecification\",\"valueRequired\":true,\"valueName\":\"search_term_string\"}}],\"inLanguage\":\"pt-BR\"},{\"@type\":\"Organization\",\"@id\":\"https:\\\/\\\/www.cidademarketing.com.br\\\/marketing\\\/#organization\",\"name\":\"CidadeMarketing\",\"alternateName\":\"CidadeMarketing\",\"url\":\"https:\\\/\\\/www.cidademarketing.com.br\\\/marketing\\\/\",\"logo\":{\"@type\":\"ImageObject\",\"inLanguage\":\"pt-BR\",\"@id\":\"https:\\\/\\\/www.cidademarketing.com.br\\\/marketing\\\/#\\\/schema\\\/logo\\\/image\\\/\",\"url\":\"https:\\\/\\\/www.cidademarketing.com.br\\\/marketing\\\/wp-content\\\/uploads\\\/2020\\\/01\\\/cidademarketing_marca_mobile.png\",\"contentUrl\":\"https:\\\/\\\/www.cidademarketing.com.br\\\/marketing\\\/wp-content\\\/uploads\\\/2020\\\/01\\\/cidademarketing_marca_mobile.png\",\"width\":230,\"height\":92,\"caption\":\"CidadeMarketing\"},\"image\":{\"@id\":\"https:\\\/\\\/www.cidademarketing.com.br\\\/marketing\\\/#\\\/schema\\\/logo\\\/image\\\/\"},\"sameAs\":[\"https:\\\/\\\/www.facebook.com\\\/portalcidademarketing\",\"https:\\\/\\\/x.com\\\/CidadeMarketing\",\"https:\\\/\\\/www.instagram.com\\\/cidademarketing\\\/\"]},{\"@type\":\"Person\",\"@id\":\"https:\\\/\\\/www.cidademarketing.com.br\\\/marketing\\\/#\\\/schema\\\/person\\\/02daff9f18bd9378c9e01eb6b2db155f\",\"name\":\"Thales Brand\u00e3o\",\"image\":{\"@type\":\"ImageObject\",\"inLanguage\":\"pt-BR\",\"@id\":\"https:\\\/\\\/secure.gravatar.com\\\/avatar\\\/7ca3206950207cc3cb48feec56a8a7898741ab725c368d99d5d7a5a50aab80c6?s=96&d=mm&r=g\",\"url\":\"https:\\\/\\\/secure.gravatar.com\\\/avatar\\\/7ca3206950207cc3cb48feec56a8a7898741ab725c368d99d5d7a5a50aab80c6?s=96&d=mm&r=g\",\"contentUrl\":\"https:\\\/\\\/secure.gravatar.com\\\/avatar\\\/7ca3206950207cc3cb48feec56a8a7898741ab725c368d99d5d7a5a50aab80c6?s=96&d=mm&r=g\",\"caption\":\"Thales Brand\u00e3o\"},\"description\":\"Editor Executivo do Portal CidadeMarketing.com.br &gt; Mestre em Comunica\u00e7\u00e3o e Sociedade pela Universidade Federal de Sergipe. Possui MBA Executivo em Administra\u00e7\u00e3o com \u00eanfase em Marketing pela Funda\u00e7\u00e3o Get\u00falio Vargas - Rio de Janeiro. Consultor, Palestrante e Pesquisador sobre Empreendedorismo, Marketing, Redes Sociais e Neg\u00f3cios Digitais. Professor, Palestrante TedxTalks e Campus Party. Twitter: @ThalesBrandao\",\"sameAs\":[\"http:\\\/\\\/www.mandacaru.com.br\",\"https:\\\/\\\/www.facebook.com\\\/thalesbrandao\",\"http:\\\/\\\/www.instagram.com.br\\\/thalesbrandaoferreira\",\"https:\\\/\\\/www.linkedin.com\\\/in\\\/thales-brand\u00e3o-3948609\\\/\",\"https:\\\/\\\/x.com\\\/http:\\\/\\\/www.twitter.com\\\/thalesbrandao\"],\"url\":\"https:\\\/\\\/www.cidademarketing.com.br\\\/marketing\\\/author\\\/thalesbrandao\\\/\"}]}<\/script>\n<!-- \/ Yoast SEO plugin. -->","yoast_head_json":{"title":"T\u00eanis cancelado hoje, 21\/10, no Costa do Sau\u00edpe Open devido \u00e0s fortes chuvas e ventos - CidadeMarketing","description":"Rodada do Costa do Sau\u00edpe Open \u00e9 adiada para quarta-feira (22\/10) devido \u00e0s fortes chuvas e ventos na Bahia. Torneio segue com grandes nomes do t\u00eanis mundial e US$ 200 mil em premia\u00e7\u00e3o.","robots":{"index":"index","follow":"follow","max-snippet":"max-snippet:-1","max-image-preview":"max-image-preview:large","max-video-preview":"max-video-preview:-1"},"canonical":"https:\/\/www.cidademarketing.com.br\/marketing\/2025\/10\/21\/tenis-cancelado-hoje-21-10-no-costa-do-sauipe-open-devido-as-fortes-chuvas-e-ventos\/","og_locale":"pt_BR","og_type":"article","og_title":"T\u00eanis cancelado hoje, 21\/10, no Costa do Sau\u00edpe Open devido \u00e0s fortes chuvas e ventos - CidadeMarketing","og_description":"Rodada do Costa do Sau\u00edpe Open \u00e9 adiada para quarta-feira (22\/10) devido \u00e0s fortes chuvas e ventos na Bahia. Torneio segue com grandes nomes do t\u00eanis mundial e US$ 200 mil em premia\u00e7\u00e3o.","og_url":"https:\/\/www.cidademarketing.com.br\/marketing\/2025\/10\/21\/tenis-cancelado-hoje-21-10-no-costa-do-sauipe-open-devido-as-fortes-chuvas-e-ventos\/","og_site_name":"CidadeMarketing","article_publisher":"https:\/\/www.facebook.com\/portalcidademarketing","article_author":"https:\/\/www.facebook.com\/thalesbrandao","article_published_time":"2025-10-21T22:35:49+00:00","og_image":[{"width":1000,"height":560,"url":"https:\/\/www.cidademarketing.com.br\/marketing\/wp-content\/uploads\/2025\/10\/costadosauipe_open_.webp","type":"image\/webp"}],"author":"Thales Brand\u00e3o","twitter_card":"summary_large_image","twitter_creator":"@http:\/\/www.twitter.com\/thalesbrandao","twitter_site":"@CidadeMarketing","twitter_misc":{"Escrito por":"Thales Brand\u00e3o","Est. tempo de leitura":"2 minutos"},"schema":{"@context":"https:\/\/schema.org","@graph":[{"@type":"Article","@id":"https:\/\/www.cidademarketing.com.br\/marketing\/2025\/10\/21\/tenis-cancelado-hoje-21-10-no-costa-do-sauipe-open-devido-as-fortes-chuvas-e-ventos\/#article","isPartOf":{"@id":"https:\/\/www.cidademarketing.com.br\/marketing\/2025\/10\/21\/tenis-cancelado-hoje-21-10-no-costa-do-sauipe-open-devido-as-fortes-chuvas-e-ventos\/"},"author":{"name":"Thales Brand\u00e3o","@id":"https:\/\/www.cidademarketing.com.br\/marketing\/#\/schema\/person\/02daff9f18bd9378c9e01eb6b2db155f"},"headline":"T\u00eanis cancelado hoje, 21\/10, no Costa do Sau\u00edpe Open devido \u00e0s fortes chuvas e ventos","datePublished":"2025-10-21T22:35:49+00:00","mainEntityOfPage":{"@id":"https:\/\/www.cidademarketing.com.br\/marketing\/2025\/10\/21\/tenis-cancelado-hoje-21-10-no-costa-do-sauipe-open-devido-as-fortes-chuvas-e-ventos\/"},"wordCount":325,"commentCount":0,"publisher":{"@id":"https:\/\/www.cidademarketing.com.br\/marketing\/#organization"},"image":{"@id":"https:\/\/www.cidademarketing.com.br\/marketing\/2025\/10\/21\/tenis-cancelado-hoje-21-10-no-costa-do-sauipe-open-devido-as-fortes-chuvas-e-ventos\/#primaryimage"},"thumbnailUrl":"https:\/\/www.cidademarketing.com.br\/marketing\/wp-content\/uploads\/2025\/10\/costadosauipe_open_.webp","keywords":["Bahia","chuva","clima","Costa do Sau\u00edpe","Costa do Sau\u00edpe Open","estrat\u00e9gia","Navone","t\u00eanis","Thiago Monteiro","Vivara"],"articleSection":["Not\u00edcias"],"inLanguage":"pt-BR","potentialAction":[{"@type":"CommentAction","name":"Comment","target":["https:\/\/www.cidademarketing.com.br\/marketing\/2025\/10\/21\/tenis-cancelado-hoje-21-10-no-costa-do-sauipe-open-devido-as-fortes-chuvas-e-ventos\/#respond"]}]},{"@type":"WebPage","@id":"https:\/\/www.cidademarketing.com.br\/marketing\/2025\/10\/21\/tenis-cancelado-hoje-21-10-no-costa-do-sauipe-open-devido-as-fortes-chuvas-e-ventos\/","url":"https:\/\/www.cidademarketing.com.br\/marketing\/2025\/10\/21\/tenis-cancelado-hoje-21-10-no-costa-do-sauipe-open-devido-as-fortes-chuvas-e-ventos\/","name":"T\u00eanis cancelado hoje, 21\/10, no Costa do Sau\u00edpe Open devido \u00e0s fortes chuvas e ventos - CidadeMarketing","isPartOf":{"@id":"https:\/\/www.cidademarketing.com.br\/marketing\/#website"},"primaryImageOfPage":{"@id":"https:\/\/www.cidademarketing.com.br\/marketing\/2025\/10\/21\/tenis-cancelado-hoje-21-10-no-costa-do-sauipe-open-devido-as-fortes-chuvas-e-ventos\/#primaryimage"},"image":{"@id":"https:\/\/www.cidademarketing.com.br\/marketing\/2025\/10\/21\/tenis-cancelado-hoje-21-10-no-costa-do-sauipe-open-devido-as-fortes-chuvas-e-ventos\/#primaryimage"},"thumbnailUrl":"https:\/\/www.cidademarketing.com.br\/marketing\/wp-content\/uploads\/2025\/10\/costadosauipe_open_.webp","datePublished":"2025-10-21T22:35:49+00:00","description":"Rodada do Costa do Sau\u00edpe Open \u00e9 adiada para quarta-feira (22\/10) devido \u00e0s fortes chuvas e ventos na Bahia. Torneio segue com grandes nomes do t\u00eanis mundial e US$ 200 mil em premia\u00e7\u00e3o.","breadcrumb":{"@id":"https:\/\/www.cidademarketing.com.br\/marketing\/2025\/10\/21\/tenis-cancelado-hoje-21-10-no-costa-do-sauipe-open-devido-as-fortes-chuvas-e-ventos\/#breadcrumb"},"inLanguage":"pt-BR","potentialAction":[{"@type":"ReadAction","target":["https:\/\/www.cidademarketing.com.br\/marketing\/2025\/10\/21\/tenis-cancelado-hoje-21-10-no-costa-do-sauipe-open-devido-as-fortes-chuvas-e-ventos\/"]}]},{"@type":"ImageObject","inLanguage":"pt-BR","@id":"https:\/\/www.cidademarketing.com.br\/marketing\/2025\/10\/21\/tenis-cancelado-hoje-21-10-no-costa-do-sauipe-open-devido-as-fortes-chuvas-e-ventos\/#primaryimage","url":"https:\/\/www.cidademarketing.com.br\/marketing\/wp-content\/uploads\/2025\/10\/costadosauipe_open_.webp","contentUrl":"https:\/\/www.cidademarketing.com.br\/marketing\/wp-content\/uploads\/2025\/10\/costadosauipe_open_.webp","width":1000,"height":560,"caption":"Foto: Marcelo Galv\u00e3o"},{"@type":"BreadcrumbList","@id":"https:\/\/www.cidademarketing.com.br\/marketing\/2025\/10\/21\/tenis-cancelado-hoje-21-10-no-costa-do-sauipe-open-devido-as-fortes-chuvas-e-ventos\/#breadcrumb","itemListElement":[{"@type":"ListItem","position":1,"name":"In\u00edcio","item":"https:\/\/www.cidademarketing.com.br\/marketing\/"},{"@type":"ListItem","position":2,"name":"T\u00eanis cancelado hoje, 21\/10, no Costa do Sau\u00edpe Open devido \u00e0s fortes chuvas e ventos"}]},{"@type":"WebSite","@id":"https:\/\/www.cidademarketing.com.br\/marketing\/#website","url":"https:\/\/www.cidademarketing.com.br\/marketing\/","name":"CidadeMarketing","description":"Somos um ve\u00edculo de comunica\u00e7\u00e3o de destaque no Brasil, reconhecido por conte\u00fados nos segmentos de marketing, empreendedorismo e inova\u00e7\u00e3o.","publisher":{"@id":"https:\/\/www.cidademarketing.com.br\/marketing\/#organization"},"alternateName":"CidadeMarketing","potentialAction":[{"@type":"SearchAction","target":{"@type":"EntryPoint","urlTemplate":"https:\/\/www.cidademarketing.com.br\/marketing\/?s={search_term_string}"},"query-input":{"@type":"PropertyValueSpecification","valueRequired":true,"valueName":"search_term_string"}}],"inLanguage":"pt-BR"},{"@type":"Organization","@id":"https:\/\/www.cidademarketing.com.br\/marketing\/#organization","name":"CidadeMarketing","alternateName":"CidadeMarketing","url":"https:\/\/www.cidademarketing.com.br\/marketing\/","logo":{"@type":"ImageObject","inLanguage":"pt-BR","@id":"https:\/\/www.cidademarketing.com.br\/marketing\/#\/schema\/logo\/image\/","url":"https:\/\/www.cidademarketing.com.br\/marketing\/wp-content\/uploads\/2020\/01\/cidademarketing_marca_mobile.png","contentUrl":"https:\/\/www.cidademarketing.com.br\/marketing\/wp-content\/uploads\/2020\/01\/cidademarketing_marca_mobile.png","width":230,"height":92,"caption":"CidadeMarketing"},"image":{"@id":"https:\/\/www.cidademarketing.com.br\/marketing\/#\/schema\/logo\/image\/"},"sameAs":["https:\/\/www.facebook.com\/portalcidademarketing","https:\/\/x.com\/CidadeMarketing","https:\/\/www.instagram.com\/cidademarketing\/"]},{"@type":"Person","@id":"https:\/\/www.cidademarketing.com.br\/marketing\/#\/schema\/person\/02daff9f18bd9378c9e01eb6b2db155f","name":"Thales Brand\u00e3o","image":{"@type":"ImageObject","inLanguage":"pt-BR","@id":"https:\/\/secure.gravatar.com\/avatar\/7ca3206950207cc3cb48feec56a8a7898741ab725c368d99d5d7a5a50aab80c6?s=96&d=mm&r=g","url":"https:\/\/secure.gravatar.com\/avatar\/7ca3206950207cc3cb48feec56a8a7898741ab725c368d99d5d7a5a50aab80c6?s=96&d=mm&r=g","contentUrl":"https:\/\/secure.gravatar.com\/avatar\/7ca3206950207cc3cb48feec56a8a7898741ab725c368d99d5d7a5a50aab80c6?s=96&d=mm&r=g","caption":"Thales Brand\u00e3o"},"description":"Editor Executivo do Portal CidadeMarketing.com.br &gt; Mestre em Comunica\u00e7\u00e3o e Sociedade pela Universidade Federal de Sergipe. Possui MBA Executivo em Administra\u00e7\u00e3o com \u00eanfase em Marketing pela Funda\u00e7\u00e3o Get\u00falio Vargas - Rio de Janeiro. Consultor, Palestrante e Pesquisador sobre Empreendedorismo, Marketing, Redes Sociais e Neg\u00f3cios Digitais. Professor, Palestrante TedxTalks e Campus Party. Twitter: @ThalesBrandao","sameAs":["http:\/\/www.mandacaru.com.br","https:\/\/www.facebook.com\/thalesbrandao","http:\/\/www.instagram.com.br\/thalesbrandaoferreira","https:\/\/www.linkedin.com\/in\/thales-brand\u00e3o-3948609\/","https:\/\/x.com\/http:\/\/www.twitter.com\/thalesbrandao"],"url":"https:\/\/www.cidademarketing.com.br\/marketing\/author\/thalesbrandao\/"}]}},"amp_enabled":true,"_links":{"self":[{"href":"https:\/\/www.cidademarketing.com.br\/marketing\/wp-json\/wp\/v2\/posts\/58081","targetHints":{"allow":["GET"]}}],"collection":[{"href":"https:\/\/www.cidademarketing.com.br\/marketing\/wp-json\/wp\/v2\/posts"}],"about":[{"href":"https:\/\/www.cidademarketing.com.br\/marketing\/wp-json\/wp\/v2\/types\/post"}],"author":[{"embeddable":true,"href":"https:\/\/www.cidademarketing.com.br\/marketing\/wp-json\/wp\/v2\/users\/1"}],"replies":[{"embeddable":true,"href":"https:\/\/www.cidademarketing.com.br\/marketing\/wp-json\/wp\/v2\/comments?post=58081"}],"version-history":[{"count":1,"href":"https:\/\/www.cidademarketing.com.br\/marketing\/wp-json\/wp\/v2\/posts\/58081\/revisions"}],"predecessor-version":[{"id":58082,"href":"https:\/\/www.cidademarketing.com.br\/marketing\/wp-json\/wp\/v2\/posts\/58081\/revisions\/58082"}],"wp:featuredmedia":[{"embeddable":true,"href":"https:\/\/www.cidademarketing.com.br\/marketing\/wp-json\/wp\/v2\/media\/58068"}],"wp:attachment":[{"href":"https:\/\/www.cidademarketing.com.br\/marketing\/wp-json\/wp\/v2\/media?parent=58081"}],"wp:term":[{"taxonomy":"category","embeddable":true,"href":"https:\/\/www.cidademarketing.com.br\/marketing\/wp-json\/wp\/v2\/categories?post=58081"},{"taxonomy":"post_tag","embeddable":true,"href":"https:\/\/www.cidademarketing.com.br\/marketing\/wp-json\/wp\/v2\/tags?post=58081"}],"curies":[{"name":"wp","href":"https:\/\/api.w.org\/{rel}","templated":true}]}}