{"id":58067,"date":"2025-10-20T17:53:48","date_gmt":"2025-10-20T20:53:48","guid":{"rendered":"https:\/\/www.cidademarketing.com.br\/marketing\/?p=58067"},"modified":"2025-10-20T18:05:50","modified_gmt":"2025-10-20T21:05:50","slug":"mateus-alves-avanca-a-chave-principal-do-costa-do-sauipe-open-apos-vitoria-sobre-nicolas-kicker","status":"publish","type":"post","link":"https:\/\/www.cidademarketing.com.br\/marketing\/2025\/10\/20\/mateus-alves-avanca-a-chave-principal-do-costa-do-sauipe-open-apos-vitoria-sobre-nicolas-kicker\/","title":{"rendered":"Mateus Alves avan\u00e7a \u00e0 chave principal do Costa do Sau\u00edpe Open ap\u00f3s vit\u00f3ria sobre Nicol\u00e1s Kicker"},"content":{"rendered":"<p>O tenista brasileiro Mateus Alves, natural de S\u00e3o Jos\u00e9 do Rio Preto (SP) e atual 419\u00ba do ranking mundial da ATP, garantiu vaga na chave principal do Costa do Sau\u00edpe Open \u2013 ATP Challenger 125 ap\u00f3s vencer o argentino Nicol\u00e1s Kicker por 2 sets a 0, com parciais de 6\/4 e 6\/1, em partida disputada nesta segunda-feira (20).<\/p>\n<div style=\"width: 464px;\" class=\"wp-video\"><video class=\"wp-video-shortcode\" id=\"video-58067-1\" width=\"464\" height=\"832\" preload=\"metadata\" controls=\"controls\"><source type=\"video\/mp4\" src=\"https:\/\/www.cidademarketing.com.br\/marketing\/wp-content\/uploads\/2025\/10\/mateusalves_costadosauipe_open.mp4?_=1\" \/><a href=\"https:\/\/www.cidademarketing.com.br\/marketing\/wp-content\/uploads\/2025\/10\/mateusalves_costadosauipe_open.mp4\">https:\/\/www.cidademarketing.com.br\/marketing\/wp-content\/uploads\/2025\/10\/mateusalves_costadosauipe_open.mp4<\/a><\/video><\/div>\n<p>A vit\u00f3ria s\u00f3lida confirma o bom momento do brasileiro, que vem embalado ap\u00f3s conquistar recentemente o t\u00edtulo do ITF M25 de Cuiab\u00e1, etapa do Circuito BRB\/Engie de T\u00eanis Profissional, demonstrando evolu\u00e7\u00e3o t\u00e9cnica e consist\u00eancia nas quadras de saibro.<\/p>\n<p>O Costa do Sau\u00edpe Open, um dos torneios mais aguardados da temporada, marca o retorno da Bahia ao circuito internacional do t\u00eanis. Realizado nas quadras de saibro do resort Costa do Sau\u00edpe, o evento \u00e9 o segundo maior torneio de t\u00eanis do Brasil, distribuindo US$ 200 mil em premia\u00e7\u00e3o e 125 pontos no ranking mundial ao campe\u00e3o. O vencedor tamb\u00e9m receber\u00e1 um trof\u00e9u exclusivo assinado pela Vivara, produzido artesanalmente em Manaus, com detalhes em prata, ouro e diamantes, simbolizando a eleg\u00e2ncia e a grandiosidade do torneio.<\/p>\n<figure id=\"attachment_58068\" aria-describedby=\"caption-attachment-58068\" style=\"width: 1000px\" class=\"wp-caption alignnone\"><img fetchpriority=\"high\" decoding=\"async\" class=\"wp-image-58068 size-full\" src=\"https:\/\/www.cidademarketing.com.br\/marketing\/wp-content\/uploads\/2025\/10\/costadosauipe_open_.webp\" alt=\"\" width=\"1000\" height=\"560\" srcset=\"https:\/\/www.cidademarketing.com.br\/marketing\/wp-content\/uploads\/2025\/10\/costadosauipe_open_.webp 1000w, https:\/\/www.cidademarketing.com.br\/marketing\/wp-content\/uploads\/2025\/10\/costadosauipe_open_-300x168.webp 300w, https:\/\/www.cidademarketing.com.br\/marketing\/wp-content\/uploads\/2025\/10\/costadosauipe_open_-768x430.webp 768w, https:\/\/www.cidademarketing.com.br\/marketing\/wp-content\/uploads\/2025\/10\/costadosauipe_open_-750x420.webp 750w, https:\/\/www.cidademarketing.com.br\/marketing\/wp-content\/uploads\/2025\/10\/costadosauipe_open_-640x358.webp 640w, https:\/\/www.cidademarketing.com.br\/marketing\/wp-content\/uploads\/2025\/10\/costadosauipe_open_-681x381.webp 681w\" sizes=\"(max-width: 1000px) 100vw, 1000px\" \/><figcaption id=\"caption-attachment-58068\" class=\"wp-caption-text\">Foto: Marcelo Galv\u00e3o<\/figcaption><\/figure>\n<p>A competi\u00e7\u00e3o conta com transmiss\u00e3o ao vivo pela Disney+ e pela ESPN, atraindo grandes nomes do t\u00eanis sul-americano e refor\u00e7ando o prest\u00edgio do torneio, que j\u00e1 foi palco de momentos hist\u00f3ricos, como o \u00faltimo t\u00edtulo do lend\u00e1rio Gustavo Kuerten (Guga) em 2002.<\/p>\n<p>Al\u00e9m das partidas de alto n\u00edvel, o evento oferece ao p\u00fablico uma experi\u00eancia diferenciada na <a href=\"https:\/\/www.cidademarketing.com.br\/marketing\/2025\/10\/19\/vila-do-tenis-traz-ativacoes-de-marketing-e-experiencias-exclusivas-para-o-costa-do-sauipe-open\/\" target=\"_blank\" rel=\"noopener\">Vila do T\u00eanis<\/a>, espa\u00e7o que re\u00fane ativa\u00e7\u00f5es de marketing, gastronomia e entretenimento.<\/p>\n<p>Entre os destaques est\u00e3o a loja oficial da INNI, patrocinadora e fornecedora das bolas do torneio, com produtos exclusivos, al\u00e9m de picol\u00e9s Bacio di Latte, bar da Chandon Garden Spritz, vinhos Concha y Toro, espa\u00e7o Bluma em parceria com a Natura e uma exposi\u00e7\u00e3o fotogr\u00e1fica assinada por Jo\u00e3o Pires, que resgata a hist\u00f3ria do t\u00eanis na Costa do Sau\u00edpe.<\/p>\n<p>O ambiente alia esporte, cultura e lifestyle, criando uma atmosfera vibrante e acolhedora \u2014 um reflexo da energia do litoral norte da Bahia.<\/p>\n","protected":false},"excerpt":{"rendered":"<p>O tenista brasileiro Mateus Alves, natural de S\u00e3o Jos\u00e9 do Rio Preto (SP) e atual 419\u00ba do ranking mundial da ATP, garantiu vaga na chave principal do Costa do Sau\u00edpe Open \u2013 ATP Challenger 125 ap\u00f3s vencer o argentino Nicol\u00e1s Kicker por 2 sets a 0, com parciais de 6\/4 e 6\/1, em partida disputada [&hellip;]<\/p>\n","protected":false},"author":1,"featured_media":58069,"comment_status":"open","ping_status":"open","sticky":false,"template":"","format":"standard","meta":{"tdm_status":"","tdm_grid_status":"","footnotes":""},"categories":[6],"tags":[9961,573,9690,9688,10003,28,10013,10014,1448,6767],"class_list":["post-58067","post","type-post","status-publish","format-standard","has-post-thumbnail","hentry","category-noticias","tag-atp-challenger-125","tag-bahia","tag-costa-do-sauipe","tag-costa-do-sauipe-open","tag-inni","tag-marketing","tag-mateus-alves","tag-nicolas-kicker","tag-tenis","tag-tenista"],"yoast_head":"<!-- This site is optimized with the Yoast SEO plugin v27.4 - https:\/\/yoast.com\/product\/yoast-seo-wordpress\/ -->\n<title>Mateus Alves avan\u00e7a \u00e0 chave principal do Costa do Sau\u00edpe Open ap\u00f3s vit\u00f3ria sobre Nicol\u00e1s Kicker - CidadeMarketing<\/title>\n<meta name=\"description\" content=\"Mateus Alves vence Nicol\u00e1s Kicker e avan\u00e7a \u00e0 chave principal do Costa do Sau\u00edpe Open, torneio que marca o retorno da Bahia ao circuito mundial de t\u00eanis.\" \/>\n<meta name=\"robots\" content=\"index, follow, max-snippet:-1, max-image-preview:large, max-video-preview:-1\" \/>\n<link rel=\"canonical\" href=\"https:\/\/www.cidademarketing.com.br\/marketing\/2025\/10\/20\/mateus-alves-avanca-a-chave-principal-do-costa-do-sauipe-open-apos-vitoria-sobre-nicolas-kicker\/\" \/>\n<meta property=\"og:locale\" content=\"pt_BR\" \/>\n<meta property=\"og:type\" content=\"article\" \/>\n<meta property=\"og:title\" content=\"Mateus Alves avan\u00e7a \u00e0 chave principal do Costa do Sau\u00edpe Open ap\u00f3s vit\u00f3ria sobre Nicol\u00e1s Kicker - CidadeMarketing\" \/>\n<meta property=\"og:description\" content=\"Mateus Alves vence Nicol\u00e1s Kicker e avan\u00e7a \u00e0 chave principal do Costa do Sau\u00edpe Open, torneio que marca o retorno da Bahia ao circuito mundial de t\u00eanis.\" \/>\n<meta property=\"og:url\" content=\"https:\/\/www.cidademarketing.com.br\/marketing\/2025\/10\/20\/mateus-alves-avanca-a-chave-principal-do-costa-do-sauipe-open-apos-vitoria-sobre-nicolas-kicker\/\" \/>\n<meta property=\"og:site_name\" content=\"CidadeMarketing\" \/>\n<meta property=\"article:publisher\" content=\"https:\/\/www.facebook.com\/portalcidademarketing\" \/>\n<meta property=\"article:author\" content=\"https:\/\/www.facebook.com\/thalesbrandao\" \/>\n<meta property=\"article:published_time\" content=\"2025-10-20T20:53:48+00:00\" \/>\n<meta property=\"article:modified_time\" content=\"2025-10-20T21:05:50+00:00\" \/>\n<meta property=\"og:image\" content=\"https:\/\/www.cidademarketing.com.br\/marketing\/wp-content\/uploads\/2025\/10\/mateusalves_costadosauipe_open.webp\" \/>\n\t<meta property=\"og:image:width\" content=\"1000\" \/>\n\t<meta property=\"og:image:height\" content=\"664\" \/>\n\t<meta property=\"og:image:type\" content=\"image\/webp\" \/>\n<meta name=\"author\" content=\"Thales Brand\u00e3o\" \/>\n<meta name=\"twitter:card\" content=\"summary_large_image\" \/>\n<meta name=\"twitter:creator\" content=\"@http:\/\/www.twitter.com\/thalesbrandao\" \/>\n<meta name=\"twitter:site\" content=\"@CidadeMarketing\" \/>\n<meta name=\"twitter:label1\" content=\"Escrito por\" \/>\n\t<meta name=\"twitter:data1\" content=\"Thales Brand\u00e3o\" \/>\n\t<meta name=\"twitter:label2\" content=\"Est. tempo de leitura\" \/>\n\t<meta name=\"twitter:data2\" content=\"3 minutos\" \/>\n<script type=\"application\/ld+json\" class=\"yoast-schema-graph\">{\"@context\":\"https:\\\/\\\/schema.org\",\"@graph\":[{\"@type\":\"Article\",\"@id\":\"https:\\\/\\\/www.cidademarketing.com.br\\\/marketing\\\/2025\\\/10\\\/20\\\/mateus-alves-avanca-a-chave-principal-do-costa-do-sauipe-open-apos-vitoria-sobre-nicolas-kicker\\\/#article\",\"isPartOf\":{\"@id\":\"https:\\\/\\\/www.cidademarketing.com.br\\\/marketing\\\/2025\\\/10\\\/20\\\/mateus-alves-avanca-a-chave-principal-do-costa-do-sauipe-open-apos-vitoria-sobre-nicolas-kicker\\\/\"},\"author\":{\"name\":\"Thales Brand\u00e3o\",\"@id\":\"https:\\\/\\\/www.cidademarketing.com.br\\\/marketing\\\/#\\\/schema\\\/person\\\/02daff9f18bd9378c9e01eb6b2db155f\"},\"headline\":\"Mateus Alves avan\u00e7a \u00e0 chave principal do Costa do Sau\u00edpe Open ap\u00f3s vit\u00f3ria sobre Nicol\u00e1s Kicker\",\"datePublished\":\"2025-10-20T20:53:48+00:00\",\"dateModified\":\"2025-10-20T21:05:50+00:00\",\"mainEntityOfPage\":{\"@id\":\"https:\\\/\\\/www.cidademarketing.com.br\\\/marketing\\\/2025\\\/10\\\/20\\\/mateus-alves-avanca-a-chave-principal-do-costa-do-sauipe-open-apos-vitoria-sobre-nicolas-kicker\\\/\"},\"wordCount\":416,\"commentCount\":0,\"publisher\":{\"@id\":\"https:\\\/\\\/www.cidademarketing.com.br\\\/marketing\\\/#organization\"},\"image\":{\"@id\":\"https:\\\/\\\/www.cidademarketing.com.br\\\/marketing\\\/2025\\\/10\\\/20\\\/mateus-alves-avanca-a-chave-principal-do-costa-do-sauipe-open-apos-vitoria-sobre-nicolas-kicker\\\/#primaryimage\"},\"thumbnailUrl\":\"https:\\\/\\\/www.cidademarketing.com.br\\\/marketing\\\/wp-content\\\/uploads\\\/2025\\\/10\\\/mateusalves_costadosauipe_open.webp\",\"keywords\":[\"ATP Challenger 125\",\"Bahia\",\"Costa do Sau\u00edpe\",\"Costa do Sau\u00edpe Open\",\"INNI\",\"marketing\",\"Mateus Alves\",\"Nicol\u00e1s Kicker\",\"t\u00eanis\",\"tenista\"],\"articleSection\":[\"Not\u00edcias\"],\"inLanguage\":\"pt-BR\",\"potentialAction\":[{\"@type\":\"CommentAction\",\"name\":\"Comment\",\"target\":[\"https:\\\/\\\/www.cidademarketing.com.br\\\/marketing\\\/2025\\\/10\\\/20\\\/mateus-alves-avanca-a-chave-principal-do-costa-do-sauipe-open-apos-vitoria-sobre-nicolas-kicker\\\/#respond\"]}]},{\"@type\":\"WebPage\",\"@id\":\"https:\\\/\\\/www.cidademarketing.com.br\\\/marketing\\\/2025\\\/10\\\/20\\\/mateus-alves-avanca-a-chave-principal-do-costa-do-sauipe-open-apos-vitoria-sobre-nicolas-kicker\\\/\",\"url\":\"https:\\\/\\\/www.cidademarketing.com.br\\\/marketing\\\/2025\\\/10\\\/20\\\/mateus-alves-avanca-a-chave-principal-do-costa-do-sauipe-open-apos-vitoria-sobre-nicolas-kicker\\\/\",\"name\":\"Mateus Alves avan\u00e7a \u00e0 chave principal do Costa do Sau\u00edpe Open ap\u00f3s vit\u00f3ria sobre Nicol\u00e1s Kicker - CidadeMarketing\",\"isPartOf\":{\"@id\":\"https:\\\/\\\/www.cidademarketing.com.br\\\/marketing\\\/#website\"},\"primaryImageOfPage\":{\"@id\":\"https:\\\/\\\/www.cidademarketing.com.br\\\/marketing\\\/2025\\\/10\\\/20\\\/mateus-alves-avanca-a-chave-principal-do-costa-do-sauipe-open-apos-vitoria-sobre-nicolas-kicker\\\/#primaryimage\"},\"image\":{\"@id\":\"https:\\\/\\\/www.cidademarketing.com.br\\\/marketing\\\/2025\\\/10\\\/20\\\/mateus-alves-avanca-a-chave-principal-do-costa-do-sauipe-open-apos-vitoria-sobre-nicolas-kicker\\\/#primaryimage\"},\"thumbnailUrl\":\"https:\\\/\\\/www.cidademarketing.com.br\\\/marketing\\\/wp-content\\\/uploads\\\/2025\\\/10\\\/mateusalves_costadosauipe_open.webp\",\"datePublished\":\"2025-10-20T20:53:48+00:00\",\"dateModified\":\"2025-10-20T21:05:50+00:00\",\"description\":\"Mateus Alves vence Nicol\u00e1s Kicker e avan\u00e7a \u00e0 chave principal do Costa do Sau\u00edpe Open, torneio que marca o retorno da Bahia ao circuito mundial de t\u00eanis.\",\"breadcrumb\":{\"@id\":\"https:\\\/\\\/www.cidademarketing.com.br\\\/marketing\\\/2025\\\/10\\\/20\\\/mateus-alves-avanca-a-chave-principal-do-costa-do-sauipe-open-apos-vitoria-sobre-nicolas-kicker\\\/#breadcrumb\"},\"inLanguage\":\"pt-BR\",\"potentialAction\":[{\"@type\":\"ReadAction\",\"target\":[\"https:\\\/\\\/www.cidademarketing.com.br\\\/marketing\\\/2025\\\/10\\\/20\\\/mateus-alves-avanca-a-chave-principal-do-costa-do-sauipe-open-apos-vitoria-sobre-nicolas-kicker\\\/\"]}]},{\"@type\":\"ImageObject\",\"inLanguage\":\"pt-BR\",\"@id\":\"https:\\\/\\\/www.cidademarketing.com.br\\\/marketing\\\/2025\\\/10\\\/20\\\/mateus-alves-avanca-a-chave-principal-do-costa-do-sauipe-open-apos-vitoria-sobre-nicolas-kicker\\\/#primaryimage\",\"url\":\"https:\\\/\\\/www.cidademarketing.com.br\\\/marketing\\\/wp-content\\\/uploads\\\/2025\\\/10\\\/mateusalves_costadosauipe_open.webp\",\"contentUrl\":\"https:\\\/\\\/www.cidademarketing.com.br\\\/marketing\\\/wp-content\\\/uploads\\\/2025\\\/10\\\/mateusalves_costadosauipe_open.webp\",\"width\":1000,\"height\":664,\"caption\":\"(Jo\u00e3o Pires\\\/ Fotojump)\"},{\"@type\":\"BreadcrumbList\",\"@id\":\"https:\\\/\\\/www.cidademarketing.com.br\\\/marketing\\\/2025\\\/10\\\/20\\\/mateus-alves-avanca-a-chave-principal-do-costa-do-sauipe-open-apos-vitoria-sobre-nicolas-kicker\\\/#breadcrumb\",\"itemListElement\":[{\"@type\":\"ListItem\",\"position\":1,\"name\":\"In\u00edcio\",\"item\":\"https:\\\/\\\/www.cidademarketing.com.br\\\/marketing\\\/\"},{\"@type\":\"ListItem\",\"position\":2,\"name\":\"Mateus Alves avan\u00e7a \u00e0 chave principal do Costa do Sau\u00edpe Open ap\u00f3s vit\u00f3ria sobre Nicol\u00e1s Kicker\"}]},{\"@type\":\"WebSite\",\"@id\":\"https:\\\/\\\/www.cidademarketing.com.br\\\/marketing\\\/#website\",\"url\":\"https:\\\/\\\/www.cidademarketing.com.br\\\/marketing\\\/\",\"name\":\"CidadeMarketing\",\"description\":\"Somos um ve\u00edculo de comunica\u00e7\u00e3o de destaque no Brasil, reconhecido por conte\u00fados nos segmentos de marketing, empreendedorismo e inova\u00e7\u00e3o.\",\"publisher\":{\"@id\":\"https:\\\/\\\/www.cidademarketing.com.br\\\/marketing\\\/#organization\"},\"alternateName\":\"CidadeMarketing\",\"potentialAction\":[{\"@type\":\"SearchAction\",\"target\":{\"@type\":\"EntryPoint\",\"urlTemplate\":\"https:\\\/\\\/www.cidademarketing.com.br\\\/marketing\\\/?s={search_term_string}\"},\"query-input\":{\"@type\":\"PropertyValueSpecification\",\"valueRequired\":true,\"valueName\":\"search_term_string\"}}],\"inLanguage\":\"pt-BR\"},{\"@type\":\"Organization\",\"@id\":\"https:\\\/\\\/www.cidademarketing.com.br\\\/marketing\\\/#organization\",\"name\":\"CidadeMarketing\",\"alternateName\":\"CidadeMarketing\",\"url\":\"https:\\\/\\\/www.cidademarketing.com.br\\\/marketing\\\/\",\"logo\":{\"@type\":\"ImageObject\",\"inLanguage\":\"pt-BR\",\"@id\":\"https:\\\/\\\/www.cidademarketing.com.br\\\/marketing\\\/#\\\/schema\\\/logo\\\/image\\\/\",\"url\":\"https:\\\/\\\/www.cidademarketing.com.br\\\/marketing\\\/wp-content\\\/uploads\\\/2020\\\/01\\\/cidademarketing_marca_mobile.png\",\"contentUrl\":\"https:\\\/\\\/www.cidademarketing.com.br\\\/marketing\\\/wp-content\\\/uploads\\\/2020\\\/01\\\/cidademarketing_marca_mobile.png\",\"width\":230,\"height\":92,\"caption\":\"CidadeMarketing\"},\"image\":{\"@id\":\"https:\\\/\\\/www.cidademarketing.com.br\\\/marketing\\\/#\\\/schema\\\/logo\\\/image\\\/\"},\"sameAs\":[\"https:\\\/\\\/www.facebook.com\\\/portalcidademarketing\",\"https:\\\/\\\/x.com\\\/CidadeMarketing\",\"https:\\\/\\\/www.instagram.com\\\/cidademarketing\\\/\"]},{\"@type\":\"Person\",\"@id\":\"https:\\\/\\\/www.cidademarketing.com.br\\\/marketing\\\/#\\\/schema\\\/person\\\/02daff9f18bd9378c9e01eb6b2db155f\",\"name\":\"Thales Brand\u00e3o\",\"image\":{\"@type\":\"ImageObject\",\"inLanguage\":\"pt-BR\",\"@id\":\"https:\\\/\\\/secure.gravatar.com\\\/avatar\\\/7ca3206950207cc3cb48feec56a8a7898741ab725c368d99d5d7a5a50aab80c6?s=96&d=mm&r=g\",\"url\":\"https:\\\/\\\/secure.gravatar.com\\\/avatar\\\/7ca3206950207cc3cb48feec56a8a7898741ab725c368d99d5d7a5a50aab80c6?s=96&d=mm&r=g\",\"contentUrl\":\"https:\\\/\\\/secure.gravatar.com\\\/avatar\\\/7ca3206950207cc3cb48feec56a8a7898741ab725c368d99d5d7a5a50aab80c6?s=96&d=mm&r=g\",\"caption\":\"Thales Brand\u00e3o\"},\"description\":\"Editor Executivo do Portal CidadeMarketing.com.br &gt; Mestre em Comunica\u00e7\u00e3o e Sociedade pela Universidade Federal de Sergipe. Possui MBA Executivo em Administra\u00e7\u00e3o com \u00eanfase em Marketing pela Funda\u00e7\u00e3o Get\u00falio Vargas - Rio de Janeiro. Consultor, Palestrante e Pesquisador sobre Empreendedorismo, Marketing, Redes Sociais e Neg\u00f3cios Digitais. Professor, Palestrante TedxTalks e Campus Party. Twitter: @ThalesBrandao\",\"sameAs\":[\"http:\\\/\\\/www.mandacaru.com.br\",\"https:\\\/\\\/www.facebook.com\\\/thalesbrandao\",\"http:\\\/\\\/www.instagram.com.br\\\/thalesbrandaoferreira\",\"https:\\\/\\\/www.linkedin.com\\\/in\\\/thales-brand\u00e3o-3948609\\\/\",\"https:\\\/\\\/x.com\\\/http:\\\/\\\/www.twitter.com\\\/thalesbrandao\"],\"url\":\"https:\\\/\\\/www.cidademarketing.com.br\\\/marketing\\\/author\\\/thalesbrandao\\\/\"}]}<\/script>\n<!-- \/ Yoast SEO plugin. -->","yoast_head_json":{"title":"Mateus Alves avan\u00e7a \u00e0 chave principal do Costa do Sau\u00edpe Open ap\u00f3s vit\u00f3ria sobre Nicol\u00e1s Kicker - CidadeMarketing","description":"Mateus Alves vence Nicol\u00e1s Kicker e avan\u00e7a \u00e0 chave principal do Costa do Sau\u00edpe Open, torneio que marca o retorno da Bahia ao circuito mundial de t\u00eanis.","robots":{"index":"index","follow":"follow","max-snippet":"max-snippet:-1","max-image-preview":"max-image-preview:large","max-video-preview":"max-video-preview:-1"},"canonical":"https:\/\/www.cidademarketing.com.br\/marketing\/2025\/10\/20\/mateus-alves-avanca-a-chave-principal-do-costa-do-sauipe-open-apos-vitoria-sobre-nicolas-kicker\/","og_locale":"pt_BR","og_type":"article","og_title":"Mateus Alves avan\u00e7a \u00e0 chave principal do Costa do Sau\u00edpe Open ap\u00f3s vit\u00f3ria sobre Nicol\u00e1s Kicker - CidadeMarketing","og_description":"Mateus Alves vence Nicol\u00e1s Kicker e avan\u00e7a \u00e0 chave principal do Costa do Sau\u00edpe Open, torneio que marca o retorno da Bahia ao circuito mundial de t\u00eanis.","og_url":"https:\/\/www.cidademarketing.com.br\/marketing\/2025\/10\/20\/mateus-alves-avanca-a-chave-principal-do-costa-do-sauipe-open-apos-vitoria-sobre-nicolas-kicker\/","og_site_name":"CidadeMarketing","article_publisher":"https:\/\/www.facebook.com\/portalcidademarketing","article_author":"https:\/\/www.facebook.com\/thalesbrandao","article_published_time":"2025-10-20T20:53:48+00:00","article_modified_time":"2025-10-20T21:05:50+00:00","og_image":[{"width":1000,"height":664,"url":"https:\/\/www.cidademarketing.com.br\/marketing\/wp-content\/uploads\/2025\/10\/mateusalves_costadosauipe_open.webp","type":"image\/webp"}],"author":"Thales Brand\u00e3o","twitter_card":"summary_large_image","twitter_creator":"@http:\/\/www.twitter.com\/thalesbrandao","twitter_site":"@CidadeMarketing","twitter_misc":{"Escrito por":"Thales Brand\u00e3o","Est. tempo de leitura":"3 minutos"},"schema":{"@context":"https:\/\/schema.org","@graph":[{"@type":"Article","@id":"https:\/\/www.cidademarketing.com.br\/marketing\/2025\/10\/20\/mateus-alves-avanca-a-chave-principal-do-costa-do-sauipe-open-apos-vitoria-sobre-nicolas-kicker\/#article","isPartOf":{"@id":"https:\/\/www.cidademarketing.com.br\/marketing\/2025\/10\/20\/mateus-alves-avanca-a-chave-principal-do-costa-do-sauipe-open-apos-vitoria-sobre-nicolas-kicker\/"},"author":{"name":"Thales Brand\u00e3o","@id":"https:\/\/www.cidademarketing.com.br\/marketing\/#\/schema\/person\/02daff9f18bd9378c9e01eb6b2db155f"},"headline":"Mateus Alves avan\u00e7a \u00e0 chave principal do Costa do Sau\u00edpe Open ap\u00f3s vit\u00f3ria sobre Nicol\u00e1s Kicker","datePublished":"2025-10-20T20:53:48+00:00","dateModified":"2025-10-20T21:05:50+00:00","mainEntityOfPage":{"@id":"https:\/\/www.cidademarketing.com.br\/marketing\/2025\/10\/20\/mateus-alves-avanca-a-chave-principal-do-costa-do-sauipe-open-apos-vitoria-sobre-nicolas-kicker\/"},"wordCount":416,"commentCount":0,"publisher":{"@id":"https:\/\/www.cidademarketing.com.br\/marketing\/#organization"},"image":{"@id":"https:\/\/www.cidademarketing.com.br\/marketing\/2025\/10\/20\/mateus-alves-avanca-a-chave-principal-do-costa-do-sauipe-open-apos-vitoria-sobre-nicolas-kicker\/#primaryimage"},"thumbnailUrl":"https:\/\/www.cidademarketing.com.br\/marketing\/wp-content\/uploads\/2025\/10\/mateusalves_costadosauipe_open.webp","keywords":["ATP Challenger 125","Bahia","Costa do Sau\u00edpe","Costa do Sau\u00edpe Open","INNI","marketing","Mateus Alves","Nicol\u00e1s Kicker","t\u00eanis","tenista"],"articleSection":["Not\u00edcias"],"inLanguage":"pt-BR","potentialAction":[{"@type":"CommentAction","name":"Comment","target":["https:\/\/www.cidademarketing.com.br\/marketing\/2025\/10\/20\/mateus-alves-avanca-a-chave-principal-do-costa-do-sauipe-open-apos-vitoria-sobre-nicolas-kicker\/#respond"]}]},{"@type":"WebPage","@id":"https:\/\/www.cidademarketing.com.br\/marketing\/2025\/10\/20\/mateus-alves-avanca-a-chave-principal-do-costa-do-sauipe-open-apos-vitoria-sobre-nicolas-kicker\/","url":"https:\/\/www.cidademarketing.com.br\/marketing\/2025\/10\/20\/mateus-alves-avanca-a-chave-principal-do-costa-do-sauipe-open-apos-vitoria-sobre-nicolas-kicker\/","name":"Mateus Alves avan\u00e7a \u00e0 chave principal do Costa do Sau\u00edpe Open ap\u00f3s vit\u00f3ria sobre Nicol\u00e1s Kicker - CidadeMarketing","isPartOf":{"@id":"https:\/\/www.cidademarketing.com.br\/marketing\/#website"},"primaryImageOfPage":{"@id":"https:\/\/www.cidademarketing.com.br\/marketing\/2025\/10\/20\/mateus-alves-avanca-a-chave-principal-do-costa-do-sauipe-open-apos-vitoria-sobre-nicolas-kicker\/#primaryimage"},"image":{"@id":"https:\/\/www.cidademarketing.com.br\/marketing\/2025\/10\/20\/mateus-alves-avanca-a-chave-principal-do-costa-do-sauipe-open-apos-vitoria-sobre-nicolas-kicker\/#primaryimage"},"thumbnailUrl":"https:\/\/www.cidademarketing.com.br\/marketing\/wp-content\/uploads\/2025\/10\/mateusalves_costadosauipe_open.webp","datePublished":"2025-10-20T20:53:48+00:00","dateModified":"2025-10-20T21:05:50+00:00","description":"Mateus Alves vence Nicol\u00e1s Kicker e avan\u00e7a \u00e0 chave principal do Costa do Sau\u00edpe Open, torneio que marca o retorno da Bahia ao circuito mundial de t\u00eanis.","breadcrumb":{"@id":"https:\/\/www.cidademarketing.com.br\/marketing\/2025\/10\/20\/mateus-alves-avanca-a-chave-principal-do-costa-do-sauipe-open-apos-vitoria-sobre-nicolas-kicker\/#breadcrumb"},"inLanguage":"pt-BR","potentialAction":[{"@type":"ReadAction","target":["https:\/\/www.cidademarketing.com.br\/marketing\/2025\/10\/20\/mateus-alves-avanca-a-chave-principal-do-costa-do-sauipe-open-apos-vitoria-sobre-nicolas-kicker\/"]}]},{"@type":"ImageObject","inLanguage":"pt-BR","@id":"https:\/\/www.cidademarketing.com.br\/marketing\/2025\/10\/20\/mateus-alves-avanca-a-chave-principal-do-costa-do-sauipe-open-apos-vitoria-sobre-nicolas-kicker\/#primaryimage","url":"https:\/\/www.cidademarketing.com.br\/marketing\/wp-content\/uploads\/2025\/10\/mateusalves_costadosauipe_open.webp","contentUrl":"https:\/\/www.cidademarketing.com.br\/marketing\/wp-content\/uploads\/2025\/10\/mateusalves_costadosauipe_open.webp","width":1000,"height":664,"caption":"(Jo\u00e3o Pires\/ Fotojump)"},{"@type":"BreadcrumbList","@id":"https:\/\/www.cidademarketing.com.br\/marketing\/2025\/10\/20\/mateus-alves-avanca-a-chave-principal-do-costa-do-sauipe-open-apos-vitoria-sobre-nicolas-kicker\/#breadcrumb","itemListElement":[{"@type":"ListItem","position":1,"name":"In\u00edcio","item":"https:\/\/www.cidademarketing.com.br\/marketing\/"},{"@type":"ListItem","position":2,"name":"Mateus Alves avan\u00e7a \u00e0 chave principal do Costa do Sau\u00edpe Open ap\u00f3s vit\u00f3ria sobre Nicol\u00e1s Kicker"}]},{"@type":"WebSite","@id":"https:\/\/www.cidademarketing.com.br\/marketing\/#website","url":"https:\/\/www.cidademarketing.com.br\/marketing\/","name":"CidadeMarketing","description":"Somos um ve\u00edculo de comunica\u00e7\u00e3o de destaque no Brasil, reconhecido por conte\u00fados nos segmentos de marketing, empreendedorismo e inova\u00e7\u00e3o.","publisher":{"@id":"https:\/\/www.cidademarketing.com.br\/marketing\/#organization"},"alternateName":"CidadeMarketing","potentialAction":[{"@type":"SearchAction","target":{"@type":"EntryPoint","urlTemplate":"https:\/\/www.cidademarketing.com.br\/marketing\/?s={search_term_string}"},"query-input":{"@type":"PropertyValueSpecification","valueRequired":true,"valueName":"search_term_string"}}],"inLanguage":"pt-BR"},{"@type":"Organization","@id":"https:\/\/www.cidademarketing.com.br\/marketing\/#organization","name":"CidadeMarketing","alternateName":"CidadeMarketing","url":"https:\/\/www.cidademarketing.com.br\/marketing\/","logo":{"@type":"ImageObject","inLanguage":"pt-BR","@id":"https:\/\/www.cidademarketing.com.br\/marketing\/#\/schema\/logo\/image\/","url":"https:\/\/www.cidademarketing.com.br\/marketing\/wp-content\/uploads\/2020\/01\/cidademarketing_marca_mobile.png","contentUrl":"https:\/\/www.cidademarketing.com.br\/marketing\/wp-content\/uploads\/2020\/01\/cidademarketing_marca_mobile.png","width":230,"height":92,"caption":"CidadeMarketing"},"image":{"@id":"https:\/\/www.cidademarketing.com.br\/marketing\/#\/schema\/logo\/image\/"},"sameAs":["https:\/\/www.facebook.com\/portalcidademarketing","https:\/\/x.com\/CidadeMarketing","https:\/\/www.instagram.com\/cidademarketing\/"]},{"@type":"Person","@id":"https:\/\/www.cidademarketing.com.br\/marketing\/#\/schema\/person\/02daff9f18bd9378c9e01eb6b2db155f","name":"Thales Brand\u00e3o","image":{"@type":"ImageObject","inLanguage":"pt-BR","@id":"https:\/\/secure.gravatar.com\/avatar\/7ca3206950207cc3cb48feec56a8a7898741ab725c368d99d5d7a5a50aab80c6?s=96&d=mm&r=g","url":"https:\/\/secure.gravatar.com\/avatar\/7ca3206950207cc3cb48feec56a8a7898741ab725c368d99d5d7a5a50aab80c6?s=96&d=mm&r=g","contentUrl":"https:\/\/secure.gravatar.com\/avatar\/7ca3206950207cc3cb48feec56a8a7898741ab725c368d99d5d7a5a50aab80c6?s=96&d=mm&r=g","caption":"Thales Brand\u00e3o"},"description":"Editor Executivo do Portal CidadeMarketing.com.br &gt; Mestre em Comunica\u00e7\u00e3o e Sociedade pela Universidade Federal de Sergipe. Possui MBA Executivo em Administra\u00e7\u00e3o com \u00eanfase em Marketing pela Funda\u00e7\u00e3o Get\u00falio Vargas - Rio de Janeiro. Consultor, Palestrante e Pesquisador sobre Empreendedorismo, Marketing, Redes Sociais e Neg\u00f3cios Digitais. Professor, Palestrante TedxTalks e Campus Party. Twitter: @ThalesBrandao","sameAs":["http:\/\/www.mandacaru.com.br","https:\/\/www.facebook.com\/thalesbrandao","http:\/\/www.instagram.com.br\/thalesbrandaoferreira","https:\/\/www.linkedin.com\/in\/thales-brand\u00e3o-3948609\/","https:\/\/x.com\/http:\/\/www.twitter.com\/thalesbrandao"],"url":"https:\/\/www.cidademarketing.com.br\/marketing\/author\/thalesbrandao\/"}]}},"amp_enabled":true,"_links":{"self":[{"href":"https:\/\/www.cidademarketing.com.br\/marketing\/wp-json\/wp\/v2\/posts\/58067","targetHints":{"allow":["GET"]}}],"collection":[{"href":"https:\/\/www.cidademarketing.com.br\/marketing\/wp-json\/wp\/v2\/posts"}],"about":[{"href":"https:\/\/www.cidademarketing.com.br\/marketing\/wp-json\/wp\/v2\/types\/post"}],"author":[{"embeddable":true,"href":"https:\/\/www.cidademarketing.com.br\/marketing\/wp-json\/wp\/v2\/users\/1"}],"replies":[{"embeddable":true,"href":"https:\/\/www.cidademarketing.com.br\/marketing\/wp-json\/wp\/v2\/comments?post=58067"}],"version-history":[{"count":2,"href":"https:\/\/www.cidademarketing.com.br\/marketing\/wp-json\/wp\/v2\/posts\/58067\/revisions"}],"predecessor-version":[{"id":58072,"href":"https:\/\/www.cidademarketing.com.br\/marketing\/wp-json\/wp\/v2\/posts\/58067\/revisions\/58072"}],"wp:featuredmedia":[{"embeddable":true,"href":"https:\/\/www.cidademarketing.com.br\/marketing\/wp-json\/wp\/v2\/media\/58069"}],"wp:attachment":[{"href":"https:\/\/www.cidademarketing.com.br\/marketing\/wp-json\/wp\/v2\/media?parent=58067"}],"wp:term":[{"taxonomy":"category","embeddable":true,"href":"https:\/\/www.cidademarketing.com.br\/marketing\/wp-json\/wp\/v2\/categories?post=58067"},{"taxonomy":"post_tag","embeddable":true,"href":"https:\/\/www.cidademarketing.com.br\/marketing\/wp-json\/wp\/v2\/tags?post=58067"}],"curies":[{"name":"wp","href":"https:\/\/api.w.org\/{rel}","templated":true}]}}