{"id":58060,"date":"2025-10-20T16:57:30","date_gmt":"2025-10-20T19:57:30","guid":{"rendered":"https:\/\/www.cidademarketing.com.br\/marketing\/?p=58060"},"modified":"2025-10-20T19:36:44","modified_gmt":"2025-10-20T22:36:44","slug":"ifood-apresenta-falhas-em-horario-de-almoco-e-afeta-consumidores-e-parceiros-em-todo-o-brasil","status":"publish","type":"post","link":"https:\/\/www.cidademarketing.com.br\/marketing\/2025\/10\/20\/ifood-apresenta-falhas-em-horario-de-almoco-e-afeta-consumidores-e-parceiros-em-todo-o-brasil\/","title":{"rendered":"iFood apresenta falhas em hor\u00e1rio de almo\u00e7o e afeta consumidores e parceiros em todo o Brasil"},"content":{"rendered":"<p>O iFood, principal plataforma de delivery do pa\u00eds, apresentou falhas operacionais nesta segunda-feira (20), justamente durante o hor\u00e1rio de pico do almo\u00e7o \u2014 per\u00edodo de maior movimento para restaurantes e entregadores. Usu\u00e1rios relataram atrasos significativos nas entregas e dificuldades para cancelar pedidos, o que gerou uma enxurrada de reclama\u00e7\u00f5es nas redes sociais.<\/p>\n<p>Pelo X (antigo Twitter) e Instagram, consumidores que utilizam o app para o almo\u00e7o informaram que seus pedidos ficaram travados e que o aplicativo n\u00e3o permitia solicitar reembolso ou cancelamento.<\/p>\n<p>Uma das parceiras da plataforma, Isa Moreira, desabafou no perfil oficial do iFood no Instagram sobre as dificuldades enfrentadas pelos lojistas:<\/p>\n<p>\u201cEm plena segunda-feira, no hor\u00e1rio de pico, a plataforma n\u00e3o aloca entregadores e, pior, n\u00e3o deixa a loja abrir chamado. Estou tendo diversos pedidos cancelados por atraso, mesmo com tudo pronto, esperando o entregador. Tenho um amigo entregador parado na porta de casa e as corridas n\u00e3o aparecem pra ele.\u201d<\/p>\n<p>J\u00e1 a consumidora Ver\u00f4nica Queiroz relatou frustra\u00e7\u00e3o com o atraso:\u00a0 \u201cMeu pedido est\u00e1 atrasado faz uma hora e voc\u00eas n\u00e3o nos permitem pedir o reembolso.\u201d<\/p>\n<p>Apesar das reclama\u00e7\u00f5es, o status operacional da API do iFood \u2014 dispon\u00edvel em seu portal oficial \u2014 indicava que os sistemas estavam funcionando normalmente.\u00a0 Alguns internautas especularam que o problema possa estar relacionado \u00e0 pane global da <a href=\"https:\/\/www.cidademarketing.com.br\/marketing\/2025\/10\/20\/aws-sofre-pane-global-e-impacta-servicos-digitais-no-brasil-e-no-mundo\/\" target=\"_blank\" rel=\"noopener\">Amazon Web Services (AWS)<\/a>, registrada na manh\u00e3 desta segunda-feira, que afetou diversos servi\u00e7os digitais no Brasil e no exterior.<\/p>\n<p>A equipe do CidadeMarketing entrou em contato com a equipe de comunica\u00e7\u00e3o do iFood que encaminhou o seguinte posicionamento:<\/p>\n<p><em>&#8220;O iFood informa que est\u00e1 retomando, de forma gradual, o funcionamento completo da opera\u00e7\u00e3o, ap\u00f3s falhas causadas por uma instabilidade global em um dos seus fornecedores de tecnologia. O aplicativo est\u00e1 operando em todas as localidades e o chat de atendimento est\u00e1 em processo de estabiliza\u00e7\u00e3o. Como parte dessa retomada, alguns usu\u00e1rios ainda podem encontrar instabilidades.\u00a0 Clientes que tiveram problemas com algum pedido ao longo do dia podem abrir um chamado na Central de Atendimento do app. Nosso time analisar\u00e1 a situa\u00e7\u00e3o e, se estiver dentro das nossas pol\u00edticas, seguiremos com o reembolso total ou parcial do pedido.&#8221;<\/em><\/p>\n","protected":false},"excerpt":{"rendered":"<p>O iFood, principal plataforma de delivery do pa\u00eds, apresentou falhas operacionais nesta segunda-feira (20), justamente durante o hor\u00e1rio de pico do almo\u00e7o \u2014 per\u00edodo de maior movimento para restaurantes e entregadores. Usu\u00e1rios relataram atrasos significativos nas entregas e dificuldades para cancelar pedidos, o que gerou uma enxurrada de reclama\u00e7\u00f5es nas redes sociais. Pelo X (antigo [&hellip;]<\/p>\n","protected":false},"author":1,"featured_media":58065,"comment_status":"open","ping_status":"open","sticky":false,"template":"","format":"standard","meta":{"tdm_status":"","tdm_grid_status":"","footnotes":""},"categories":[11,6],"tags":[3624,51,5116,33,1008,150,10011,28,10012],"class_list":["post-58060","post","type-post","status-publish","format-standard","has-post-thumbnail","hentry","category-digital","category-noticias","tag-aws","tag-consumidor","tag-direito-do-consumidor","tag-estrategia","tag-falhas","tag-ifood","tag-ifood-falhas","tag-marketing","tag-reembolso-ifood"],"yoast_head":"<!-- This site is optimized with the Yoast SEO plugin v27.4 - https:\/\/yoast.com\/product\/yoast-seo-wordpress\/ -->\n<title>iFood apresenta falhas em hor\u00e1rio de almo\u00e7o e afeta consumidores e parceiros em todo o Brasil - CidadeMarketing<\/title>\n<meta name=\"description\" content=\"iFood enfrenta instabilidade no hor\u00e1rio de almo\u00e7o; consumidores relatam atrasos e falhas no app. Problema pode estar ligado \u00e0 pane global da AWS\" \/>\n<meta name=\"robots\" content=\"index, follow, max-snippet:-1, max-image-preview:large, max-video-preview:-1\" \/>\n<link rel=\"canonical\" href=\"https:\/\/www.cidademarketing.com.br\/marketing\/2025\/10\/20\/ifood-apresenta-falhas-em-horario-de-almoco-e-afeta-consumidores-e-parceiros-em-todo-o-brasil\/\" \/>\n<meta property=\"og:locale\" content=\"pt_BR\" \/>\n<meta property=\"og:type\" content=\"article\" \/>\n<meta property=\"og:title\" content=\"iFood apresenta falhas em hor\u00e1rio de almo\u00e7o e afeta consumidores e parceiros em todo o Brasil - CidadeMarketing\" \/>\n<meta property=\"og:description\" content=\"iFood enfrenta instabilidade no hor\u00e1rio de almo\u00e7o; consumidores relatam atrasos e falhas no app. Problema pode estar ligado \u00e0 pane global da AWS\" \/>\n<meta property=\"og:url\" content=\"https:\/\/www.cidademarketing.com.br\/marketing\/2025\/10\/20\/ifood-apresenta-falhas-em-horario-de-almoco-e-afeta-consumidores-e-parceiros-em-todo-o-brasil\/\" \/>\n<meta property=\"og:site_name\" content=\"CidadeMarketing\" \/>\n<meta property=\"article:publisher\" content=\"https:\/\/www.facebook.com\/portalcidademarketing\" \/>\n<meta property=\"article:author\" content=\"https:\/\/www.facebook.com\/thalesbrandao\" \/>\n<meta property=\"article:published_time\" content=\"2025-10-20T19:57:30+00:00\" \/>\n<meta property=\"article:modified_time\" content=\"2025-10-20T22:36:44+00:00\" \/>\n<meta property=\"og:image\" content=\"https:\/\/www.cidademarketing.com.br\/marketing\/wp-content\/uploads\/2025\/10\/ifood_falhas-1.webp\" \/>\n\t<meta property=\"og:image:width\" content=\"1000\" \/>\n\t<meta property=\"og:image:height\" content=\"544\" \/>\n\t<meta property=\"og:image:type\" content=\"image\/webp\" \/>\n<meta name=\"author\" content=\"Thales Brand\u00e3o\" \/>\n<meta name=\"twitter:card\" content=\"summary_large_image\" \/>\n<meta name=\"twitter:creator\" content=\"@http:\/\/www.twitter.com\/thalesbrandao\" \/>\n<meta name=\"twitter:site\" content=\"@CidadeMarketing\" \/>\n<meta name=\"twitter:label1\" content=\"Escrito por\" \/>\n\t<meta name=\"twitter:data1\" content=\"Thales Brand\u00e3o\" \/>\n\t<meta name=\"twitter:label2\" content=\"Est. tempo de leitura\" \/>\n\t<meta name=\"twitter:data2\" content=\"3 minutos\" \/>\n<script type=\"application\/ld+json\" class=\"yoast-schema-graph\">{\"@context\":\"https:\\\/\\\/schema.org\",\"@graph\":[{\"@type\":\"Article\",\"@id\":\"https:\\\/\\\/www.cidademarketing.com.br\\\/marketing\\\/2025\\\/10\\\/20\\\/ifood-apresenta-falhas-em-horario-de-almoco-e-afeta-consumidores-e-parceiros-em-todo-o-brasil\\\/#article\",\"isPartOf\":{\"@id\":\"https:\\\/\\\/www.cidademarketing.com.br\\\/marketing\\\/2025\\\/10\\\/20\\\/ifood-apresenta-falhas-em-horario-de-almoco-e-afeta-consumidores-e-parceiros-em-todo-o-brasil\\\/\"},\"author\":{\"name\":\"Thales Brand\u00e3o\",\"@id\":\"https:\\\/\\\/www.cidademarketing.com.br\\\/marketing\\\/#\\\/schema\\\/person\\\/02daff9f18bd9378c9e01eb6b2db155f\"},\"headline\":\"iFood apresenta falhas em hor\u00e1rio de almo\u00e7o e afeta consumidores e parceiros em todo o Brasil\",\"datePublished\":\"2025-10-20T19:57:30+00:00\",\"dateModified\":\"2025-10-20T22:36:44+00:00\",\"mainEntityOfPage\":{\"@id\":\"https:\\\/\\\/www.cidademarketing.com.br\\\/marketing\\\/2025\\\/10\\\/20\\\/ifood-apresenta-falhas-em-horario-de-almoco-e-afeta-consumidores-e-parceiros-em-todo-o-brasil\\\/\"},\"wordCount\":390,\"commentCount\":0,\"publisher\":{\"@id\":\"https:\\\/\\\/www.cidademarketing.com.br\\\/marketing\\\/#organization\"},\"image\":{\"@id\":\"https:\\\/\\\/www.cidademarketing.com.br\\\/marketing\\\/2025\\\/10\\\/20\\\/ifood-apresenta-falhas-em-horario-de-almoco-e-afeta-consumidores-e-parceiros-em-todo-o-brasil\\\/#primaryimage\"},\"thumbnailUrl\":\"https:\\\/\\\/www.cidademarketing.com.br\\\/marketing\\\/wp-content\\\/uploads\\\/2025\\\/10\\\/ifood_falhas-1.webp\",\"keywords\":[\"AWS\",\"consumidor\",\"direito do consumidor\",\"estrat\u00e9gia\",\"falhas\",\"iFood\",\"iFood falhas\",\"marketing\",\"reembolso iFood\"],\"articleSection\":[\"Digital\",\"Not\u00edcias\"],\"inLanguage\":\"pt-BR\",\"potentialAction\":[{\"@type\":\"CommentAction\",\"name\":\"Comment\",\"target\":[\"https:\\\/\\\/www.cidademarketing.com.br\\\/marketing\\\/2025\\\/10\\\/20\\\/ifood-apresenta-falhas-em-horario-de-almoco-e-afeta-consumidores-e-parceiros-em-todo-o-brasil\\\/#respond\"]}]},{\"@type\":\"WebPage\",\"@id\":\"https:\\\/\\\/www.cidademarketing.com.br\\\/marketing\\\/2025\\\/10\\\/20\\\/ifood-apresenta-falhas-em-horario-de-almoco-e-afeta-consumidores-e-parceiros-em-todo-o-brasil\\\/\",\"url\":\"https:\\\/\\\/www.cidademarketing.com.br\\\/marketing\\\/2025\\\/10\\\/20\\\/ifood-apresenta-falhas-em-horario-de-almoco-e-afeta-consumidores-e-parceiros-em-todo-o-brasil\\\/\",\"name\":\"iFood apresenta falhas em hor\u00e1rio de almo\u00e7o e afeta consumidores e parceiros em todo o Brasil - CidadeMarketing\",\"isPartOf\":{\"@id\":\"https:\\\/\\\/www.cidademarketing.com.br\\\/marketing\\\/#website\"},\"primaryImageOfPage\":{\"@id\":\"https:\\\/\\\/www.cidademarketing.com.br\\\/marketing\\\/2025\\\/10\\\/20\\\/ifood-apresenta-falhas-em-horario-de-almoco-e-afeta-consumidores-e-parceiros-em-todo-o-brasil\\\/#primaryimage\"},\"image\":{\"@id\":\"https:\\\/\\\/www.cidademarketing.com.br\\\/marketing\\\/2025\\\/10\\\/20\\\/ifood-apresenta-falhas-em-horario-de-almoco-e-afeta-consumidores-e-parceiros-em-todo-o-brasil\\\/#primaryimage\"},\"thumbnailUrl\":\"https:\\\/\\\/www.cidademarketing.com.br\\\/marketing\\\/wp-content\\\/uploads\\\/2025\\\/10\\\/ifood_falhas-1.webp\",\"datePublished\":\"2025-10-20T19:57:30+00:00\",\"dateModified\":\"2025-10-20T22:36:44+00:00\",\"description\":\"iFood enfrenta instabilidade no hor\u00e1rio de almo\u00e7o; consumidores relatam atrasos e falhas no app. Problema pode estar ligado \u00e0 pane global da AWS\",\"breadcrumb\":{\"@id\":\"https:\\\/\\\/www.cidademarketing.com.br\\\/marketing\\\/2025\\\/10\\\/20\\\/ifood-apresenta-falhas-em-horario-de-almoco-e-afeta-consumidores-e-parceiros-em-todo-o-brasil\\\/#breadcrumb\"},\"inLanguage\":\"pt-BR\",\"potentialAction\":[{\"@type\":\"ReadAction\",\"target\":[\"https:\\\/\\\/www.cidademarketing.com.br\\\/marketing\\\/2025\\\/10\\\/20\\\/ifood-apresenta-falhas-em-horario-de-almoco-e-afeta-consumidores-e-parceiros-em-todo-o-brasil\\\/\"]}]},{\"@type\":\"ImageObject\",\"inLanguage\":\"pt-BR\",\"@id\":\"https:\\\/\\\/www.cidademarketing.com.br\\\/marketing\\\/2025\\\/10\\\/20\\\/ifood-apresenta-falhas-em-horario-de-almoco-e-afeta-consumidores-e-parceiros-em-todo-o-brasil\\\/#primaryimage\",\"url\":\"https:\\\/\\\/www.cidademarketing.com.br\\\/marketing\\\/wp-content\\\/uploads\\\/2025\\\/10\\\/ifood_falhas-1.webp\",\"contentUrl\":\"https:\\\/\\\/www.cidademarketing.com.br\\\/marketing\\\/wp-content\\\/uploads\\\/2025\\\/10\\\/ifood_falhas-1.webp\",\"width\":1000,\"height\":544,\"caption\":\"Reprodu\u00e7\u00e3o\\\/X\"},{\"@type\":\"BreadcrumbList\",\"@id\":\"https:\\\/\\\/www.cidademarketing.com.br\\\/marketing\\\/2025\\\/10\\\/20\\\/ifood-apresenta-falhas-em-horario-de-almoco-e-afeta-consumidores-e-parceiros-em-todo-o-brasil\\\/#breadcrumb\",\"itemListElement\":[{\"@type\":\"ListItem\",\"position\":1,\"name\":\"In\u00edcio\",\"item\":\"https:\\\/\\\/www.cidademarketing.com.br\\\/marketing\\\/\"},{\"@type\":\"ListItem\",\"position\":2,\"name\":\"iFood apresenta falhas em hor\u00e1rio de almo\u00e7o e afeta consumidores e parceiros em todo o Brasil\"}]},{\"@type\":\"WebSite\",\"@id\":\"https:\\\/\\\/www.cidademarketing.com.br\\\/marketing\\\/#website\",\"url\":\"https:\\\/\\\/www.cidademarketing.com.br\\\/marketing\\\/\",\"name\":\"CidadeMarketing\",\"description\":\"Somos um ve\u00edculo de comunica\u00e7\u00e3o de destaque no Brasil, reconhecido por conte\u00fados nos segmentos de marketing, empreendedorismo e inova\u00e7\u00e3o.\",\"publisher\":{\"@id\":\"https:\\\/\\\/www.cidademarketing.com.br\\\/marketing\\\/#organization\"},\"alternateName\":\"CidadeMarketing\",\"potentialAction\":[{\"@type\":\"SearchAction\",\"target\":{\"@type\":\"EntryPoint\",\"urlTemplate\":\"https:\\\/\\\/www.cidademarketing.com.br\\\/marketing\\\/?s={search_term_string}\"},\"query-input\":{\"@type\":\"PropertyValueSpecification\",\"valueRequired\":true,\"valueName\":\"search_term_string\"}}],\"inLanguage\":\"pt-BR\"},{\"@type\":\"Organization\",\"@id\":\"https:\\\/\\\/www.cidademarketing.com.br\\\/marketing\\\/#organization\",\"name\":\"CidadeMarketing\",\"alternateName\":\"CidadeMarketing\",\"url\":\"https:\\\/\\\/www.cidademarketing.com.br\\\/marketing\\\/\",\"logo\":{\"@type\":\"ImageObject\",\"inLanguage\":\"pt-BR\",\"@id\":\"https:\\\/\\\/www.cidademarketing.com.br\\\/marketing\\\/#\\\/schema\\\/logo\\\/image\\\/\",\"url\":\"https:\\\/\\\/www.cidademarketing.com.br\\\/marketing\\\/wp-content\\\/uploads\\\/2020\\\/01\\\/cidademarketing_marca_mobile.png\",\"contentUrl\":\"https:\\\/\\\/www.cidademarketing.com.br\\\/marketing\\\/wp-content\\\/uploads\\\/2020\\\/01\\\/cidademarketing_marca_mobile.png\",\"width\":230,\"height\":92,\"caption\":\"CidadeMarketing\"},\"image\":{\"@id\":\"https:\\\/\\\/www.cidademarketing.com.br\\\/marketing\\\/#\\\/schema\\\/logo\\\/image\\\/\"},\"sameAs\":[\"https:\\\/\\\/www.facebook.com\\\/portalcidademarketing\",\"https:\\\/\\\/x.com\\\/CidadeMarketing\",\"https:\\\/\\\/www.instagram.com\\\/cidademarketing\\\/\"]},{\"@type\":\"Person\",\"@id\":\"https:\\\/\\\/www.cidademarketing.com.br\\\/marketing\\\/#\\\/schema\\\/person\\\/02daff9f18bd9378c9e01eb6b2db155f\",\"name\":\"Thales Brand\u00e3o\",\"image\":{\"@type\":\"ImageObject\",\"inLanguage\":\"pt-BR\",\"@id\":\"https:\\\/\\\/secure.gravatar.com\\\/avatar\\\/7ca3206950207cc3cb48feec56a8a7898741ab725c368d99d5d7a5a50aab80c6?s=96&d=mm&r=g\",\"url\":\"https:\\\/\\\/secure.gravatar.com\\\/avatar\\\/7ca3206950207cc3cb48feec56a8a7898741ab725c368d99d5d7a5a50aab80c6?s=96&d=mm&r=g\",\"contentUrl\":\"https:\\\/\\\/secure.gravatar.com\\\/avatar\\\/7ca3206950207cc3cb48feec56a8a7898741ab725c368d99d5d7a5a50aab80c6?s=96&d=mm&r=g\",\"caption\":\"Thales Brand\u00e3o\"},\"description\":\"Editor Executivo do Portal CidadeMarketing.com.br &gt; Mestre em Comunica\u00e7\u00e3o e Sociedade pela Universidade Federal de Sergipe. Possui MBA Executivo em Administra\u00e7\u00e3o com \u00eanfase em Marketing pela Funda\u00e7\u00e3o Get\u00falio Vargas - Rio de Janeiro. Consultor, Palestrante e Pesquisador sobre Empreendedorismo, Marketing, Redes Sociais e Neg\u00f3cios Digitais. Professor, Palestrante TedxTalks e Campus Party. Twitter: @ThalesBrandao\",\"sameAs\":[\"http:\\\/\\\/www.mandacaru.com.br\",\"https:\\\/\\\/www.facebook.com\\\/thalesbrandao\",\"http:\\\/\\\/www.instagram.com.br\\\/thalesbrandaoferreira\",\"https:\\\/\\\/www.linkedin.com\\\/in\\\/thales-brand\u00e3o-3948609\\\/\",\"https:\\\/\\\/x.com\\\/http:\\\/\\\/www.twitter.com\\\/thalesbrandao\"],\"url\":\"https:\\\/\\\/www.cidademarketing.com.br\\\/marketing\\\/author\\\/thalesbrandao\\\/\"}]}<\/script>\n<!-- \/ Yoast SEO plugin. -->","yoast_head_json":{"title":"iFood apresenta falhas em hor\u00e1rio de almo\u00e7o e afeta consumidores e parceiros em todo o Brasil - CidadeMarketing","description":"iFood enfrenta instabilidade no hor\u00e1rio de almo\u00e7o; consumidores relatam atrasos e falhas no app. Problema pode estar ligado \u00e0 pane global da AWS","robots":{"index":"index","follow":"follow","max-snippet":"max-snippet:-1","max-image-preview":"max-image-preview:large","max-video-preview":"max-video-preview:-1"},"canonical":"https:\/\/www.cidademarketing.com.br\/marketing\/2025\/10\/20\/ifood-apresenta-falhas-em-horario-de-almoco-e-afeta-consumidores-e-parceiros-em-todo-o-brasil\/","og_locale":"pt_BR","og_type":"article","og_title":"iFood apresenta falhas em hor\u00e1rio de almo\u00e7o e afeta consumidores e parceiros em todo o Brasil - CidadeMarketing","og_description":"iFood enfrenta instabilidade no hor\u00e1rio de almo\u00e7o; consumidores relatam atrasos e falhas no app. Problema pode estar ligado \u00e0 pane global da AWS","og_url":"https:\/\/www.cidademarketing.com.br\/marketing\/2025\/10\/20\/ifood-apresenta-falhas-em-horario-de-almoco-e-afeta-consumidores-e-parceiros-em-todo-o-brasil\/","og_site_name":"CidadeMarketing","article_publisher":"https:\/\/www.facebook.com\/portalcidademarketing","article_author":"https:\/\/www.facebook.com\/thalesbrandao","article_published_time":"2025-10-20T19:57:30+00:00","article_modified_time":"2025-10-20T22:36:44+00:00","og_image":[{"width":1000,"height":544,"url":"https:\/\/www.cidademarketing.com.br\/marketing\/wp-content\/uploads\/2025\/10\/ifood_falhas-1.webp","type":"image\/webp"}],"author":"Thales Brand\u00e3o","twitter_card":"summary_large_image","twitter_creator":"@http:\/\/www.twitter.com\/thalesbrandao","twitter_site":"@CidadeMarketing","twitter_misc":{"Escrito por":"Thales Brand\u00e3o","Est. tempo de leitura":"3 minutos"},"schema":{"@context":"https:\/\/schema.org","@graph":[{"@type":"Article","@id":"https:\/\/www.cidademarketing.com.br\/marketing\/2025\/10\/20\/ifood-apresenta-falhas-em-horario-de-almoco-e-afeta-consumidores-e-parceiros-em-todo-o-brasil\/#article","isPartOf":{"@id":"https:\/\/www.cidademarketing.com.br\/marketing\/2025\/10\/20\/ifood-apresenta-falhas-em-horario-de-almoco-e-afeta-consumidores-e-parceiros-em-todo-o-brasil\/"},"author":{"name":"Thales Brand\u00e3o","@id":"https:\/\/www.cidademarketing.com.br\/marketing\/#\/schema\/person\/02daff9f18bd9378c9e01eb6b2db155f"},"headline":"iFood apresenta falhas em hor\u00e1rio de almo\u00e7o e afeta consumidores e parceiros em todo o Brasil","datePublished":"2025-10-20T19:57:30+00:00","dateModified":"2025-10-20T22:36:44+00:00","mainEntityOfPage":{"@id":"https:\/\/www.cidademarketing.com.br\/marketing\/2025\/10\/20\/ifood-apresenta-falhas-em-horario-de-almoco-e-afeta-consumidores-e-parceiros-em-todo-o-brasil\/"},"wordCount":390,"commentCount":0,"publisher":{"@id":"https:\/\/www.cidademarketing.com.br\/marketing\/#organization"},"image":{"@id":"https:\/\/www.cidademarketing.com.br\/marketing\/2025\/10\/20\/ifood-apresenta-falhas-em-horario-de-almoco-e-afeta-consumidores-e-parceiros-em-todo-o-brasil\/#primaryimage"},"thumbnailUrl":"https:\/\/www.cidademarketing.com.br\/marketing\/wp-content\/uploads\/2025\/10\/ifood_falhas-1.webp","keywords":["AWS","consumidor","direito do consumidor","estrat\u00e9gia","falhas","iFood","iFood falhas","marketing","reembolso iFood"],"articleSection":["Digital","Not\u00edcias"],"inLanguage":"pt-BR","potentialAction":[{"@type":"CommentAction","name":"Comment","target":["https:\/\/www.cidademarketing.com.br\/marketing\/2025\/10\/20\/ifood-apresenta-falhas-em-horario-de-almoco-e-afeta-consumidores-e-parceiros-em-todo-o-brasil\/#respond"]}]},{"@type":"WebPage","@id":"https:\/\/www.cidademarketing.com.br\/marketing\/2025\/10\/20\/ifood-apresenta-falhas-em-horario-de-almoco-e-afeta-consumidores-e-parceiros-em-todo-o-brasil\/","url":"https:\/\/www.cidademarketing.com.br\/marketing\/2025\/10\/20\/ifood-apresenta-falhas-em-horario-de-almoco-e-afeta-consumidores-e-parceiros-em-todo-o-brasil\/","name":"iFood apresenta falhas em hor\u00e1rio de almo\u00e7o e afeta consumidores e parceiros em todo o Brasil - CidadeMarketing","isPartOf":{"@id":"https:\/\/www.cidademarketing.com.br\/marketing\/#website"},"primaryImageOfPage":{"@id":"https:\/\/www.cidademarketing.com.br\/marketing\/2025\/10\/20\/ifood-apresenta-falhas-em-horario-de-almoco-e-afeta-consumidores-e-parceiros-em-todo-o-brasil\/#primaryimage"},"image":{"@id":"https:\/\/www.cidademarketing.com.br\/marketing\/2025\/10\/20\/ifood-apresenta-falhas-em-horario-de-almoco-e-afeta-consumidores-e-parceiros-em-todo-o-brasil\/#primaryimage"},"thumbnailUrl":"https:\/\/www.cidademarketing.com.br\/marketing\/wp-content\/uploads\/2025\/10\/ifood_falhas-1.webp","datePublished":"2025-10-20T19:57:30+00:00","dateModified":"2025-10-20T22:36:44+00:00","description":"iFood enfrenta instabilidade no hor\u00e1rio de almo\u00e7o; consumidores relatam atrasos e falhas no app. Problema pode estar ligado \u00e0 pane global da AWS","breadcrumb":{"@id":"https:\/\/www.cidademarketing.com.br\/marketing\/2025\/10\/20\/ifood-apresenta-falhas-em-horario-de-almoco-e-afeta-consumidores-e-parceiros-em-todo-o-brasil\/#breadcrumb"},"inLanguage":"pt-BR","potentialAction":[{"@type":"ReadAction","target":["https:\/\/www.cidademarketing.com.br\/marketing\/2025\/10\/20\/ifood-apresenta-falhas-em-horario-de-almoco-e-afeta-consumidores-e-parceiros-em-todo-o-brasil\/"]}]},{"@type":"ImageObject","inLanguage":"pt-BR","@id":"https:\/\/www.cidademarketing.com.br\/marketing\/2025\/10\/20\/ifood-apresenta-falhas-em-horario-de-almoco-e-afeta-consumidores-e-parceiros-em-todo-o-brasil\/#primaryimage","url":"https:\/\/www.cidademarketing.com.br\/marketing\/wp-content\/uploads\/2025\/10\/ifood_falhas-1.webp","contentUrl":"https:\/\/www.cidademarketing.com.br\/marketing\/wp-content\/uploads\/2025\/10\/ifood_falhas-1.webp","width":1000,"height":544,"caption":"Reprodu\u00e7\u00e3o\/X"},{"@type":"BreadcrumbList","@id":"https:\/\/www.cidademarketing.com.br\/marketing\/2025\/10\/20\/ifood-apresenta-falhas-em-horario-de-almoco-e-afeta-consumidores-e-parceiros-em-todo-o-brasil\/#breadcrumb","itemListElement":[{"@type":"ListItem","position":1,"name":"In\u00edcio","item":"https:\/\/www.cidademarketing.com.br\/marketing\/"},{"@type":"ListItem","position":2,"name":"iFood apresenta falhas em hor\u00e1rio de almo\u00e7o e afeta consumidores e parceiros em todo o Brasil"}]},{"@type":"WebSite","@id":"https:\/\/www.cidademarketing.com.br\/marketing\/#website","url":"https:\/\/www.cidademarketing.com.br\/marketing\/","name":"CidadeMarketing","description":"Somos um ve\u00edculo de comunica\u00e7\u00e3o de destaque no Brasil, reconhecido por conte\u00fados nos segmentos de marketing, empreendedorismo e inova\u00e7\u00e3o.","publisher":{"@id":"https:\/\/www.cidademarketing.com.br\/marketing\/#organization"},"alternateName":"CidadeMarketing","potentialAction":[{"@type":"SearchAction","target":{"@type":"EntryPoint","urlTemplate":"https:\/\/www.cidademarketing.com.br\/marketing\/?s={search_term_string}"},"query-input":{"@type":"PropertyValueSpecification","valueRequired":true,"valueName":"search_term_string"}}],"inLanguage":"pt-BR"},{"@type":"Organization","@id":"https:\/\/www.cidademarketing.com.br\/marketing\/#organization","name":"CidadeMarketing","alternateName":"CidadeMarketing","url":"https:\/\/www.cidademarketing.com.br\/marketing\/","logo":{"@type":"ImageObject","inLanguage":"pt-BR","@id":"https:\/\/www.cidademarketing.com.br\/marketing\/#\/schema\/logo\/image\/","url":"https:\/\/www.cidademarketing.com.br\/marketing\/wp-content\/uploads\/2020\/01\/cidademarketing_marca_mobile.png","contentUrl":"https:\/\/www.cidademarketing.com.br\/marketing\/wp-content\/uploads\/2020\/01\/cidademarketing_marca_mobile.png","width":230,"height":92,"caption":"CidadeMarketing"},"image":{"@id":"https:\/\/www.cidademarketing.com.br\/marketing\/#\/schema\/logo\/image\/"},"sameAs":["https:\/\/www.facebook.com\/portalcidademarketing","https:\/\/x.com\/CidadeMarketing","https:\/\/www.instagram.com\/cidademarketing\/"]},{"@type":"Person","@id":"https:\/\/www.cidademarketing.com.br\/marketing\/#\/schema\/person\/02daff9f18bd9378c9e01eb6b2db155f","name":"Thales Brand\u00e3o","image":{"@type":"ImageObject","inLanguage":"pt-BR","@id":"https:\/\/secure.gravatar.com\/avatar\/7ca3206950207cc3cb48feec56a8a7898741ab725c368d99d5d7a5a50aab80c6?s=96&d=mm&r=g","url":"https:\/\/secure.gravatar.com\/avatar\/7ca3206950207cc3cb48feec56a8a7898741ab725c368d99d5d7a5a50aab80c6?s=96&d=mm&r=g","contentUrl":"https:\/\/secure.gravatar.com\/avatar\/7ca3206950207cc3cb48feec56a8a7898741ab725c368d99d5d7a5a50aab80c6?s=96&d=mm&r=g","caption":"Thales Brand\u00e3o"},"description":"Editor Executivo do Portal CidadeMarketing.com.br &gt; Mestre em Comunica\u00e7\u00e3o e Sociedade pela Universidade Federal de Sergipe. Possui MBA Executivo em Administra\u00e7\u00e3o com \u00eanfase em Marketing pela Funda\u00e7\u00e3o Get\u00falio Vargas - Rio de Janeiro. Consultor, Palestrante e Pesquisador sobre Empreendedorismo, Marketing, Redes Sociais e Neg\u00f3cios Digitais. Professor, Palestrante TedxTalks e Campus Party. Twitter: @ThalesBrandao","sameAs":["http:\/\/www.mandacaru.com.br","https:\/\/www.facebook.com\/thalesbrandao","http:\/\/www.instagram.com.br\/thalesbrandaoferreira","https:\/\/www.linkedin.com\/in\/thales-brand\u00e3o-3948609\/","https:\/\/x.com\/http:\/\/www.twitter.com\/thalesbrandao"],"url":"https:\/\/www.cidademarketing.com.br\/marketing\/author\/thalesbrandao\/"}]}},"amp_enabled":true,"_links":{"self":[{"href":"https:\/\/www.cidademarketing.com.br\/marketing\/wp-json\/wp\/v2\/posts\/58060","targetHints":{"allow":["GET"]}}],"collection":[{"href":"https:\/\/www.cidademarketing.com.br\/marketing\/wp-json\/wp\/v2\/posts"}],"about":[{"href":"https:\/\/www.cidademarketing.com.br\/marketing\/wp-json\/wp\/v2\/types\/post"}],"author":[{"embeddable":true,"href":"https:\/\/www.cidademarketing.com.br\/marketing\/wp-json\/wp\/v2\/users\/1"}],"replies":[{"embeddable":true,"href":"https:\/\/www.cidademarketing.com.br\/marketing\/wp-json\/wp\/v2\/comments?post=58060"}],"version-history":[{"count":3,"href":"https:\/\/www.cidademarketing.com.br\/marketing\/wp-json\/wp\/v2\/posts\/58060\/revisions"}],"predecessor-version":[{"id":58074,"href":"https:\/\/www.cidademarketing.com.br\/marketing\/wp-json\/wp\/v2\/posts\/58060\/revisions\/58074"}],"wp:featuredmedia":[{"embeddable":true,"href":"https:\/\/www.cidademarketing.com.br\/marketing\/wp-json\/wp\/v2\/media\/58065"}],"wp:attachment":[{"href":"https:\/\/www.cidademarketing.com.br\/marketing\/wp-json\/wp\/v2\/media?parent=58060"}],"wp:term":[{"taxonomy":"category","embeddable":true,"href":"https:\/\/www.cidademarketing.com.br\/marketing\/wp-json\/wp\/v2\/categories?post=58060"},{"taxonomy":"post_tag","embeddable":true,"href":"https:\/\/www.cidademarketing.com.br\/marketing\/wp-json\/wp\/v2\/tags?post=58060"}],"curies":[{"name":"wp","href":"https:\/\/api.w.org\/{rel}","templated":true}]}}