{"id":58050,"date":"2025-10-20T10:33:20","date_gmt":"2025-10-20T13:33:20","guid":{"rendered":"https:\/\/www.cidademarketing.com.br\/marketing\/?p=58050"},"modified":"2025-10-20T10:33:20","modified_gmt":"2025-10-20T13:33:20","slug":"costa-do-sauipe-open-duelo-entre-tenistas-brasileiros-e-argentinos-abre-a-chave-principal","status":"publish","type":"post","link":"https:\/\/www.cidademarketing.com.br\/marketing\/2025\/10\/20\/costa-do-sauipe-open-duelo-entre-tenistas-brasileiros-e-argentinos-abre-a-chave-principal\/","title":{"rendered":"Costa do Sau\u00edpe Open: Duelo entre tenistas brasileiros e argentinos abre a chave principal"},"content":{"rendered":"<p>A quadra central do ATP Challenger 125 \u2013 Costa do Sau\u00edpe Open ser\u00e1 palco de um emocionante confronto entre brasileiros e argentinos nesta segunda-feira (20), marcando o in\u00edcio da chave principal do torneio. A partida de abertura est\u00e1 prevista para come\u00e7ar n\u00e3o antes das 16h30, com Jo\u00e3o Lucas Reis enfrentando o argentino Santiago Taverna. Na sequ\u00eancia, ser\u00e1 a vez de Gustavo Heide encarar Federico Gomez, em um duelo que promete muita disputa e vibra\u00e7\u00e3o. A competi\u00e7\u00e3o conta com transmiss\u00e3o ao vivo pela Disney+ e ESPN.<\/p>\n<p>Natural de Recife (PE), Jo\u00e3o Lucas Reis destacou a satisfa\u00e7\u00e3o de jogar perto da fam\u00edlia e elogiou a estrutura montada em Sau\u00edpe.\u00a0 \u201cGostei bastante de toda a estrutura, as condi\u00e7\u00f5es est\u00e3o boas, um pouco mais lentas, do jeito que gosto de jogar. Estou me sentindo em casa por estar perto de Recife, e minha fam\u00edlia est\u00e1 aqui para me acompanhar. Quero aproveitar bastante essa semana, que tem tudo para ser muito boa\u201d, afirmou o tenista brasileiro.<\/p>\n<p>J\u00e1 Gustavo Heide ressaltou o alto n\u00edvel t\u00e9cnico da competi\u00e7\u00e3o e o apoio da torcida como fatores decisivos para buscar bons resultados.<\/p>\n<p>\u201cAqui n\u00e3o vai ter nenhum jogo f\u00e1cil, e quero contar com a energia do p\u00fablico para dar o meu melhor e sair com a vit\u00f3ria. Esse \u00e9 um torneio muito especial para n\u00f3s, e estou muito feliz em poder estrear. Sei que vai ser um grande jogo. O lugar est\u00e1 muito bonito e as quadras d\u00e3o vontade de jogar\u201d, analisou o atleta.<\/p>\n<p>Considerado um dos torneios mais charmosos do circuito challenger da ATP, o Costa do Sau\u00edpe Open distribuir\u00e1 US$ 200 mil em premia\u00e7\u00e3o e 125 pontos no ranking mundial ao campe\u00e3o. A programa\u00e7\u00e3o do dia tamb\u00e9m reserva outros confrontos de destaque. O argentino Facundo D\u00edaz Acosta, atual n\u00famero 228 do ranking mundial, enfrenta o tcheco Zdenek Kol\u00e1r, semifinalista recente do Braga Open. Encerrando a rodada na quadra 1, o torneio ter\u00e1 ainda um duelo entre compatriotas, com Thiago Tirante medindo for\u00e7as contra Alex Barena.<\/p>\n<figure id=\"attachment_58053\" aria-describedby=\"caption-attachment-58053\" style=\"width: 1000px\" class=\"wp-caption alignnone\"><img fetchpriority=\"high\" decoding=\"async\" class=\"wp-image-58053 size-full\" src=\"https:\/\/www.cidademarketing.com.br\/marketing\/wp-content\/uploads\/2025\/10\/costadosauipe_open_Zdenek_Kolar_02.webp\" alt=\"Competi\u00e7\u00e3o marca o retorno da Bahia ao calend\u00e1rio internacional do t\u00eanis.\" width=\"1000\" height=\"667\" srcset=\"https:\/\/www.cidademarketing.com.br\/marketing\/wp-content\/uploads\/2025\/10\/costadosauipe_open_Zdenek_Kolar_02.webp 1000w, https:\/\/www.cidademarketing.com.br\/marketing\/wp-content\/uploads\/2025\/10\/costadosauipe_open_Zdenek_Kolar_02-300x200.webp 300w, https:\/\/www.cidademarketing.com.br\/marketing\/wp-content\/uploads\/2025\/10\/costadosauipe_open_Zdenek_Kolar_02-768x512.webp 768w, https:\/\/www.cidademarketing.com.br\/marketing\/wp-content\/uploads\/2025\/10\/costadosauipe_open_Zdenek_Kolar_02-630x420.webp 630w, https:\/\/www.cidademarketing.com.br\/marketing\/wp-content\/uploads\/2025\/10\/costadosauipe_open_Zdenek_Kolar_02-640x427.webp 640w, https:\/\/www.cidademarketing.com.br\/marketing\/wp-content\/uploads\/2025\/10\/costadosauipe_open_Zdenek_Kolar_02-681x454.webp 681w\" sizes=\"(max-width: 1000px) 100vw, 1000px\" \/><figcaption id=\"caption-attachment-58053\" class=\"wp-caption-text\">Zdenek Kolar (CZE)<br \/>(Jo\u00e3o Pires \/ Fotojump)<\/figcaption><\/figure>\n<p>Antes do in\u00edcio dos jogos da chave principal, a partir das 15h, ser\u00e3o disputadas seis partidas do qualifying, que definir\u00e3o as \u00faltimas vagas no torneio.\u00a0 O Costa do Sau\u00edpe Open marca o retorno do t\u00eanis de alto n\u00edvel \u00e0 Bahia e promete uma semana intensa de grandes jogos, emo\u00e7\u00e3o e celebra\u00e7\u00e3o do esporte.<\/p>\n","protected":false},"excerpt":{"rendered":"<p>A quadra central do ATP Challenger 125 \u2013 Costa do Sau\u00edpe Open ser\u00e1 palco de um emocionante confronto entre brasileiros e argentinos nesta segunda-feira (20), marcando o in\u00edcio da chave principal do torneio. A partida de abertura est\u00e1 prevista para come\u00e7ar n\u00e3o antes das 16h30, com Jo\u00e3o Lucas Reis enfrentando o argentino Santiago Taverna. Na [&hellip;]<\/p>\n","protected":false},"author":1,"featured_media":58054,"comment_status":"open","ping_status":"open","sticky":false,"template":"","format":"standard","meta":{"tdm_status":"","tdm_grid_status":"","footnotes":""},"categories":[6],"tags":[9961,573,9690,9688,805,8612,9996,28,1448,10010],"class_list":["post-58050","post","type-post","status-publish","format-standard","has-post-thumbnail","hentry","category-noticias","tag-atp-challenger-125","tag-bahia","tag-costa-do-sauipe","tag-costa-do-sauipe-open","tag-experiencia","tag-gustavo-heide","tag-joao-lucas-reis","tag-marketing","tag-tenis","tag-zdenek-kolar"],"yoast_head":"<!-- This site is optimized with the Yoast SEO plugin v27.4 - https:\/\/yoast.com\/product\/yoast-seo-wordpress\/ -->\n<title>Costa do Sau\u00edpe Open: Duelo entre tenistas brasileiros e argentinos abre a chave principal - CidadeMarketing<\/title>\n<meta name=\"description\" content=\"Competi\u00e7\u00e3o marca o retorno da Bahia ao calend\u00e1rio internacional do t\u00eanis\" \/>\n<meta name=\"robots\" content=\"index, follow, max-snippet:-1, max-image-preview:large, max-video-preview:-1\" \/>\n<link rel=\"canonical\" href=\"https:\/\/www.cidademarketing.com.br\/marketing\/2025\/10\/20\/costa-do-sauipe-open-duelo-entre-tenistas-brasileiros-e-argentinos-abre-a-chave-principal\/\" \/>\n<meta property=\"og:locale\" content=\"pt_BR\" \/>\n<meta property=\"og:type\" content=\"article\" \/>\n<meta property=\"og:title\" content=\"Costa do Sau\u00edpe Open: Duelo entre tenistas brasileiros e argentinos abre a chave principal - CidadeMarketing\" \/>\n<meta property=\"og:description\" content=\"Competi\u00e7\u00e3o marca o retorno da Bahia ao calend\u00e1rio internacional do t\u00eanis\" \/>\n<meta property=\"og:url\" content=\"https:\/\/www.cidademarketing.com.br\/marketing\/2025\/10\/20\/costa-do-sauipe-open-duelo-entre-tenistas-brasileiros-e-argentinos-abre-a-chave-principal\/\" \/>\n<meta property=\"og:site_name\" content=\"CidadeMarketing\" \/>\n<meta property=\"article:publisher\" content=\"https:\/\/www.facebook.com\/portalcidademarketing\" \/>\n<meta property=\"article:author\" content=\"https:\/\/www.facebook.com\/thalesbrandao\" \/>\n<meta property=\"article:published_time\" content=\"2025-10-20T13:33:20+00:00\" \/>\n<meta property=\"og:image\" content=\"https:\/\/www.cidademarketing.com.br\/marketing\/wp-content\/uploads\/2025\/10\/costadosauipe_open_gustavo_heide_02.webp\" \/>\n\t<meta property=\"og:image:width\" content=\"1000\" \/>\n\t<meta property=\"og:image:height\" content=\"667\" \/>\n\t<meta property=\"og:image:type\" content=\"image\/webp\" \/>\n<meta name=\"author\" content=\"Thales Brand\u00e3o\" \/>\n<meta name=\"twitter:card\" content=\"summary_large_image\" \/>\n<meta name=\"twitter:creator\" content=\"@http:\/\/www.twitter.com\/thalesbrandao\" \/>\n<meta name=\"twitter:site\" content=\"@CidadeMarketing\" \/>\n<meta name=\"twitter:label1\" content=\"Escrito por\" \/>\n\t<meta name=\"twitter:data1\" content=\"Thales Brand\u00e3o\" \/>\n\t<meta name=\"twitter:label2\" content=\"Est. tempo de leitura\" \/>\n\t<meta name=\"twitter:data2\" content=\"3 minutos\" \/>\n<script type=\"application\/ld+json\" class=\"yoast-schema-graph\">{\"@context\":\"https:\\\/\\\/schema.org\",\"@graph\":[{\"@type\":\"Article\",\"@id\":\"https:\\\/\\\/www.cidademarketing.com.br\\\/marketing\\\/2025\\\/10\\\/20\\\/costa-do-sauipe-open-duelo-entre-tenistas-brasileiros-e-argentinos-abre-a-chave-principal\\\/#article\",\"isPartOf\":{\"@id\":\"https:\\\/\\\/www.cidademarketing.com.br\\\/marketing\\\/2025\\\/10\\\/20\\\/costa-do-sauipe-open-duelo-entre-tenistas-brasileiros-e-argentinos-abre-a-chave-principal\\\/\"},\"author\":{\"name\":\"Thales Brand\u00e3o\",\"@id\":\"https:\\\/\\\/www.cidademarketing.com.br\\\/marketing\\\/#\\\/schema\\\/person\\\/02daff9f18bd9378c9e01eb6b2db155f\"},\"headline\":\"Costa do Sau\u00edpe Open: Duelo entre tenistas brasileiros e argentinos abre a chave principal\",\"datePublished\":\"2025-10-20T13:33:20+00:00\",\"mainEntityOfPage\":{\"@id\":\"https:\\\/\\\/www.cidademarketing.com.br\\\/marketing\\\/2025\\\/10\\\/20\\\/costa-do-sauipe-open-duelo-entre-tenistas-brasileiros-e-argentinos-abre-a-chave-principal\\\/\"},\"wordCount\":443,\"commentCount\":0,\"publisher\":{\"@id\":\"https:\\\/\\\/www.cidademarketing.com.br\\\/marketing\\\/#organization\"},\"image\":{\"@id\":\"https:\\\/\\\/www.cidademarketing.com.br\\\/marketing\\\/2025\\\/10\\\/20\\\/costa-do-sauipe-open-duelo-entre-tenistas-brasileiros-e-argentinos-abre-a-chave-principal\\\/#primaryimage\"},\"thumbnailUrl\":\"https:\\\/\\\/www.cidademarketing.com.br\\\/marketing\\\/wp-content\\\/uploads\\\/2025\\\/10\\\/costadosauipe_open_gustavo_heide_02.webp\",\"keywords\":[\"ATP Challenger 125\",\"Bahia\",\"Costa do Sau\u00edpe\",\"Costa do Sau\u00edpe Open\",\"experi\u00eancia\",\"Gustavo Heide\",\"Jo\u00e3o Lucas Reis\",\"marketing\",\"t\u00eanis\",\"Zdenek Kol\u00e1r\"],\"articleSection\":[\"Not\u00edcias\"],\"inLanguage\":\"pt-BR\",\"potentialAction\":[{\"@type\":\"CommentAction\",\"name\":\"Comment\",\"target\":[\"https:\\\/\\\/www.cidademarketing.com.br\\\/marketing\\\/2025\\\/10\\\/20\\\/costa-do-sauipe-open-duelo-entre-tenistas-brasileiros-e-argentinos-abre-a-chave-principal\\\/#respond\"]}]},{\"@type\":\"WebPage\",\"@id\":\"https:\\\/\\\/www.cidademarketing.com.br\\\/marketing\\\/2025\\\/10\\\/20\\\/costa-do-sauipe-open-duelo-entre-tenistas-brasileiros-e-argentinos-abre-a-chave-principal\\\/\",\"url\":\"https:\\\/\\\/www.cidademarketing.com.br\\\/marketing\\\/2025\\\/10\\\/20\\\/costa-do-sauipe-open-duelo-entre-tenistas-brasileiros-e-argentinos-abre-a-chave-principal\\\/\",\"name\":\"Costa do Sau\u00edpe Open: Duelo entre tenistas brasileiros e argentinos abre a chave principal - CidadeMarketing\",\"isPartOf\":{\"@id\":\"https:\\\/\\\/www.cidademarketing.com.br\\\/marketing\\\/#website\"},\"primaryImageOfPage\":{\"@id\":\"https:\\\/\\\/www.cidademarketing.com.br\\\/marketing\\\/2025\\\/10\\\/20\\\/costa-do-sauipe-open-duelo-entre-tenistas-brasileiros-e-argentinos-abre-a-chave-principal\\\/#primaryimage\"},\"image\":{\"@id\":\"https:\\\/\\\/www.cidademarketing.com.br\\\/marketing\\\/2025\\\/10\\\/20\\\/costa-do-sauipe-open-duelo-entre-tenistas-brasileiros-e-argentinos-abre-a-chave-principal\\\/#primaryimage\"},\"thumbnailUrl\":\"https:\\\/\\\/www.cidademarketing.com.br\\\/marketing\\\/wp-content\\\/uploads\\\/2025\\\/10\\\/costadosauipe_open_gustavo_heide_02.webp\",\"datePublished\":\"2025-10-20T13:33:20+00:00\",\"description\":\"Competi\u00e7\u00e3o marca o retorno da Bahia ao calend\u00e1rio internacional do t\u00eanis\",\"breadcrumb\":{\"@id\":\"https:\\\/\\\/www.cidademarketing.com.br\\\/marketing\\\/2025\\\/10\\\/20\\\/costa-do-sauipe-open-duelo-entre-tenistas-brasileiros-e-argentinos-abre-a-chave-principal\\\/#breadcrumb\"},\"inLanguage\":\"pt-BR\",\"potentialAction\":[{\"@type\":\"ReadAction\",\"target\":[\"https:\\\/\\\/www.cidademarketing.com.br\\\/marketing\\\/2025\\\/10\\\/20\\\/costa-do-sauipe-open-duelo-entre-tenistas-brasileiros-e-argentinos-abre-a-chave-principal\\\/\"]}]},{\"@type\":\"ImageObject\",\"inLanguage\":\"pt-BR\",\"@id\":\"https:\\\/\\\/www.cidademarketing.com.br\\\/marketing\\\/2025\\\/10\\\/20\\\/costa-do-sauipe-open-duelo-entre-tenistas-brasileiros-e-argentinos-abre-a-chave-principal\\\/#primaryimage\",\"url\":\"https:\\\/\\\/www.cidademarketing.com.br\\\/marketing\\\/wp-content\\\/uploads\\\/2025\\\/10\\\/costadosauipe_open_gustavo_heide_02.webp\",\"contentUrl\":\"https:\\\/\\\/www.cidademarketing.com.br\\\/marketing\\\/wp-content\\\/uploads\\\/2025\\\/10\\\/costadosauipe_open_gustavo_heide_02.webp\",\"width\":1000,\"height\":667,\"caption\":\"Gustavo Heide (BRA) (Jo\u00e3o Pires \\\/ Fotojump)\"},{\"@type\":\"BreadcrumbList\",\"@id\":\"https:\\\/\\\/www.cidademarketing.com.br\\\/marketing\\\/2025\\\/10\\\/20\\\/costa-do-sauipe-open-duelo-entre-tenistas-brasileiros-e-argentinos-abre-a-chave-principal\\\/#breadcrumb\",\"itemListElement\":[{\"@type\":\"ListItem\",\"position\":1,\"name\":\"In\u00edcio\",\"item\":\"https:\\\/\\\/www.cidademarketing.com.br\\\/marketing\\\/\"},{\"@type\":\"ListItem\",\"position\":2,\"name\":\"Costa do Sau\u00edpe Open: Duelo entre tenistas brasileiros e argentinos abre a chave principal\"}]},{\"@type\":\"WebSite\",\"@id\":\"https:\\\/\\\/www.cidademarketing.com.br\\\/marketing\\\/#website\",\"url\":\"https:\\\/\\\/www.cidademarketing.com.br\\\/marketing\\\/\",\"name\":\"CidadeMarketing\",\"description\":\"Somos um ve\u00edculo de comunica\u00e7\u00e3o de destaque no Brasil, reconhecido por conte\u00fados nos segmentos de marketing, empreendedorismo e inova\u00e7\u00e3o.\",\"publisher\":{\"@id\":\"https:\\\/\\\/www.cidademarketing.com.br\\\/marketing\\\/#organization\"},\"alternateName\":\"CidadeMarketing\",\"potentialAction\":[{\"@type\":\"SearchAction\",\"target\":{\"@type\":\"EntryPoint\",\"urlTemplate\":\"https:\\\/\\\/www.cidademarketing.com.br\\\/marketing\\\/?s={search_term_string}\"},\"query-input\":{\"@type\":\"PropertyValueSpecification\",\"valueRequired\":true,\"valueName\":\"search_term_string\"}}],\"inLanguage\":\"pt-BR\"},{\"@type\":\"Organization\",\"@id\":\"https:\\\/\\\/www.cidademarketing.com.br\\\/marketing\\\/#organization\",\"name\":\"CidadeMarketing\",\"alternateName\":\"CidadeMarketing\",\"url\":\"https:\\\/\\\/www.cidademarketing.com.br\\\/marketing\\\/\",\"logo\":{\"@type\":\"ImageObject\",\"inLanguage\":\"pt-BR\",\"@id\":\"https:\\\/\\\/www.cidademarketing.com.br\\\/marketing\\\/#\\\/schema\\\/logo\\\/image\\\/\",\"url\":\"https:\\\/\\\/www.cidademarketing.com.br\\\/marketing\\\/wp-content\\\/uploads\\\/2020\\\/01\\\/cidademarketing_marca_mobile.png\",\"contentUrl\":\"https:\\\/\\\/www.cidademarketing.com.br\\\/marketing\\\/wp-content\\\/uploads\\\/2020\\\/01\\\/cidademarketing_marca_mobile.png\",\"width\":230,\"height\":92,\"caption\":\"CidadeMarketing\"},\"image\":{\"@id\":\"https:\\\/\\\/www.cidademarketing.com.br\\\/marketing\\\/#\\\/schema\\\/logo\\\/image\\\/\"},\"sameAs\":[\"https:\\\/\\\/www.facebook.com\\\/portalcidademarketing\",\"https:\\\/\\\/x.com\\\/CidadeMarketing\",\"https:\\\/\\\/www.instagram.com\\\/cidademarketing\\\/\"]},{\"@type\":\"Person\",\"@id\":\"https:\\\/\\\/www.cidademarketing.com.br\\\/marketing\\\/#\\\/schema\\\/person\\\/02daff9f18bd9378c9e01eb6b2db155f\",\"name\":\"Thales Brand\u00e3o\",\"image\":{\"@type\":\"ImageObject\",\"inLanguage\":\"pt-BR\",\"@id\":\"https:\\\/\\\/secure.gravatar.com\\\/avatar\\\/7ca3206950207cc3cb48feec56a8a7898741ab725c368d99d5d7a5a50aab80c6?s=96&d=mm&r=g\",\"url\":\"https:\\\/\\\/secure.gravatar.com\\\/avatar\\\/7ca3206950207cc3cb48feec56a8a7898741ab725c368d99d5d7a5a50aab80c6?s=96&d=mm&r=g\",\"contentUrl\":\"https:\\\/\\\/secure.gravatar.com\\\/avatar\\\/7ca3206950207cc3cb48feec56a8a7898741ab725c368d99d5d7a5a50aab80c6?s=96&d=mm&r=g\",\"caption\":\"Thales Brand\u00e3o\"},\"description\":\"Editor Executivo do Portal CidadeMarketing.com.br &gt; Mestre em Comunica\u00e7\u00e3o e Sociedade pela Universidade Federal de Sergipe. Possui MBA Executivo em Administra\u00e7\u00e3o com \u00eanfase em Marketing pela Funda\u00e7\u00e3o Get\u00falio Vargas - Rio de Janeiro. Consultor, Palestrante e Pesquisador sobre Empreendedorismo, Marketing, Redes Sociais e Neg\u00f3cios Digitais. Professor, Palestrante TedxTalks e Campus Party. Twitter: @ThalesBrandao\",\"sameAs\":[\"http:\\\/\\\/www.mandacaru.com.br\",\"https:\\\/\\\/www.facebook.com\\\/thalesbrandao\",\"http:\\\/\\\/www.instagram.com.br\\\/thalesbrandaoferreira\",\"https:\\\/\\\/www.linkedin.com\\\/in\\\/thales-brand\u00e3o-3948609\\\/\",\"https:\\\/\\\/x.com\\\/http:\\\/\\\/www.twitter.com\\\/thalesbrandao\"],\"url\":\"https:\\\/\\\/www.cidademarketing.com.br\\\/marketing\\\/author\\\/thalesbrandao\\\/\"}]}<\/script>\n<!-- \/ Yoast SEO plugin. -->","yoast_head_json":{"title":"Costa do Sau\u00edpe Open: Duelo entre tenistas brasileiros e argentinos abre a chave principal - CidadeMarketing","description":"Competi\u00e7\u00e3o marca o retorno da Bahia ao calend\u00e1rio internacional do t\u00eanis","robots":{"index":"index","follow":"follow","max-snippet":"max-snippet:-1","max-image-preview":"max-image-preview:large","max-video-preview":"max-video-preview:-1"},"canonical":"https:\/\/www.cidademarketing.com.br\/marketing\/2025\/10\/20\/costa-do-sauipe-open-duelo-entre-tenistas-brasileiros-e-argentinos-abre-a-chave-principal\/","og_locale":"pt_BR","og_type":"article","og_title":"Costa do Sau\u00edpe Open: Duelo entre tenistas brasileiros e argentinos abre a chave principal - CidadeMarketing","og_description":"Competi\u00e7\u00e3o marca o retorno da Bahia ao calend\u00e1rio internacional do t\u00eanis","og_url":"https:\/\/www.cidademarketing.com.br\/marketing\/2025\/10\/20\/costa-do-sauipe-open-duelo-entre-tenistas-brasileiros-e-argentinos-abre-a-chave-principal\/","og_site_name":"CidadeMarketing","article_publisher":"https:\/\/www.facebook.com\/portalcidademarketing","article_author":"https:\/\/www.facebook.com\/thalesbrandao","article_published_time":"2025-10-20T13:33:20+00:00","og_image":[{"width":1000,"height":667,"url":"https:\/\/www.cidademarketing.com.br\/marketing\/wp-content\/uploads\/2025\/10\/costadosauipe_open_gustavo_heide_02.webp","type":"image\/webp"}],"author":"Thales Brand\u00e3o","twitter_card":"summary_large_image","twitter_creator":"@http:\/\/www.twitter.com\/thalesbrandao","twitter_site":"@CidadeMarketing","twitter_misc":{"Escrito por":"Thales Brand\u00e3o","Est. tempo de leitura":"3 minutos"},"schema":{"@context":"https:\/\/schema.org","@graph":[{"@type":"Article","@id":"https:\/\/www.cidademarketing.com.br\/marketing\/2025\/10\/20\/costa-do-sauipe-open-duelo-entre-tenistas-brasileiros-e-argentinos-abre-a-chave-principal\/#article","isPartOf":{"@id":"https:\/\/www.cidademarketing.com.br\/marketing\/2025\/10\/20\/costa-do-sauipe-open-duelo-entre-tenistas-brasileiros-e-argentinos-abre-a-chave-principal\/"},"author":{"name":"Thales Brand\u00e3o","@id":"https:\/\/www.cidademarketing.com.br\/marketing\/#\/schema\/person\/02daff9f18bd9378c9e01eb6b2db155f"},"headline":"Costa do Sau\u00edpe Open: Duelo entre tenistas brasileiros e argentinos abre a chave principal","datePublished":"2025-10-20T13:33:20+00:00","mainEntityOfPage":{"@id":"https:\/\/www.cidademarketing.com.br\/marketing\/2025\/10\/20\/costa-do-sauipe-open-duelo-entre-tenistas-brasileiros-e-argentinos-abre-a-chave-principal\/"},"wordCount":443,"commentCount":0,"publisher":{"@id":"https:\/\/www.cidademarketing.com.br\/marketing\/#organization"},"image":{"@id":"https:\/\/www.cidademarketing.com.br\/marketing\/2025\/10\/20\/costa-do-sauipe-open-duelo-entre-tenistas-brasileiros-e-argentinos-abre-a-chave-principal\/#primaryimage"},"thumbnailUrl":"https:\/\/www.cidademarketing.com.br\/marketing\/wp-content\/uploads\/2025\/10\/costadosauipe_open_gustavo_heide_02.webp","keywords":["ATP Challenger 125","Bahia","Costa do Sau\u00edpe","Costa do Sau\u00edpe Open","experi\u00eancia","Gustavo Heide","Jo\u00e3o Lucas Reis","marketing","t\u00eanis","Zdenek Kol\u00e1r"],"articleSection":["Not\u00edcias"],"inLanguage":"pt-BR","potentialAction":[{"@type":"CommentAction","name":"Comment","target":["https:\/\/www.cidademarketing.com.br\/marketing\/2025\/10\/20\/costa-do-sauipe-open-duelo-entre-tenistas-brasileiros-e-argentinos-abre-a-chave-principal\/#respond"]}]},{"@type":"WebPage","@id":"https:\/\/www.cidademarketing.com.br\/marketing\/2025\/10\/20\/costa-do-sauipe-open-duelo-entre-tenistas-brasileiros-e-argentinos-abre-a-chave-principal\/","url":"https:\/\/www.cidademarketing.com.br\/marketing\/2025\/10\/20\/costa-do-sauipe-open-duelo-entre-tenistas-brasileiros-e-argentinos-abre-a-chave-principal\/","name":"Costa do Sau\u00edpe Open: Duelo entre tenistas brasileiros e argentinos abre a chave principal - CidadeMarketing","isPartOf":{"@id":"https:\/\/www.cidademarketing.com.br\/marketing\/#website"},"primaryImageOfPage":{"@id":"https:\/\/www.cidademarketing.com.br\/marketing\/2025\/10\/20\/costa-do-sauipe-open-duelo-entre-tenistas-brasileiros-e-argentinos-abre-a-chave-principal\/#primaryimage"},"image":{"@id":"https:\/\/www.cidademarketing.com.br\/marketing\/2025\/10\/20\/costa-do-sauipe-open-duelo-entre-tenistas-brasileiros-e-argentinos-abre-a-chave-principal\/#primaryimage"},"thumbnailUrl":"https:\/\/www.cidademarketing.com.br\/marketing\/wp-content\/uploads\/2025\/10\/costadosauipe_open_gustavo_heide_02.webp","datePublished":"2025-10-20T13:33:20+00:00","description":"Competi\u00e7\u00e3o marca o retorno da Bahia ao calend\u00e1rio internacional do t\u00eanis","breadcrumb":{"@id":"https:\/\/www.cidademarketing.com.br\/marketing\/2025\/10\/20\/costa-do-sauipe-open-duelo-entre-tenistas-brasileiros-e-argentinos-abre-a-chave-principal\/#breadcrumb"},"inLanguage":"pt-BR","potentialAction":[{"@type":"ReadAction","target":["https:\/\/www.cidademarketing.com.br\/marketing\/2025\/10\/20\/costa-do-sauipe-open-duelo-entre-tenistas-brasileiros-e-argentinos-abre-a-chave-principal\/"]}]},{"@type":"ImageObject","inLanguage":"pt-BR","@id":"https:\/\/www.cidademarketing.com.br\/marketing\/2025\/10\/20\/costa-do-sauipe-open-duelo-entre-tenistas-brasileiros-e-argentinos-abre-a-chave-principal\/#primaryimage","url":"https:\/\/www.cidademarketing.com.br\/marketing\/wp-content\/uploads\/2025\/10\/costadosauipe_open_gustavo_heide_02.webp","contentUrl":"https:\/\/www.cidademarketing.com.br\/marketing\/wp-content\/uploads\/2025\/10\/costadosauipe_open_gustavo_heide_02.webp","width":1000,"height":667,"caption":"Gustavo Heide (BRA) (Jo\u00e3o Pires \/ Fotojump)"},{"@type":"BreadcrumbList","@id":"https:\/\/www.cidademarketing.com.br\/marketing\/2025\/10\/20\/costa-do-sauipe-open-duelo-entre-tenistas-brasileiros-e-argentinos-abre-a-chave-principal\/#breadcrumb","itemListElement":[{"@type":"ListItem","position":1,"name":"In\u00edcio","item":"https:\/\/www.cidademarketing.com.br\/marketing\/"},{"@type":"ListItem","position":2,"name":"Costa do Sau\u00edpe Open: Duelo entre tenistas brasileiros e argentinos abre a chave principal"}]},{"@type":"WebSite","@id":"https:\/\/www.cidademarketing.com.br\/marketing\/#website","url":"https:\/\/www.cidademarketing.com.br\/marketing\/","name":"CidadeMarketing","description":"Somos um ve\u00edculo de comunica\u00e7\u00e3o de destaque no Brasil, reconhecido por conte\u00fados nos segmentos de marketing, empreendedorismo e inova\u00e7\u00e3o.","publisher":{"@id":"https:\/\/www.cidademarketing.com.br\/marketing\/#organization"},"alternateName":"CidadeMarketing","potentialAction":[{"@type":"SearchAction","target":{"@type":"EntryPoint","urlTemplate":"https:\/\/www.cidademarketing.com.br\/marketing\/?s={search_term_string}"},"query-input":{"@type":"PropertyValueSpecification","valueRequired":true,"valueName":"search_term_string"}}],"inLanguage":"pt-BR"},{"@type":"Organization","@id":"https:\/\/www.cidademarketing.com.br\/marketing\/#organization","name":"CidadeMarketing","alternateName":"CidadeMarketing","url":"https:\/\/www.cidademarketing.com.br\/marketing\/","logo":{"@type":"ImageObject","inLanguage":"pt-BR","@id":"https:\/\/www.cidademarketing.com.br\/marketing\/#\/schema\/logo\/image\/","url":"https:\/\/www.cidademarketing.com.br\/marketing\/wp-content\/uploads\/2020\/01\/cidademarketing_marca_mobile.png","contentUrl":"https:\/\/www.cidademarketing.com.br\/marketing\/wp-content\/uploads\/2020\/01\/cidademarketing_marca_mobile.png","width":230,"height":92,"caption":"CidadeMarketing"},"image":{"@id":"https:\/\/www.cidademarketing.com.br\/marketing\/#\/schema\/logo\/image\/"},"sameAs":["https:\/\/www.facebook.com\/portalcidademarketing","https:\/\/x.com\/CidadeMarketing","https:\/\/www.instagram.com\/cidademarketing\/"]},{"@type":"Person","@id":"https:\/\/www.cidademarketing.com.br\/marketing\/#\/schema\/person\/02daff9f18bd9378c9e01eb6b2db155f","name":"Thales Brand\u00e3o","image":{"@type":"ImageObject","inLanguage":"pt-BR","@id":"https:\/\/secure.gravatar.com\/avatar\/7ca3206950207cc3cb48feec56a8a7898741ab725c368d99d5d7a5a50aab80c6?s=96&d=mm&r=g","url":"https:\/\/secure.gravatar.com\/avatar\/7ca3206950207cc3cb48feec56a8a7898741ab725c368d99d5d7a5a50aab80c6?s=96&d=mm&r=g","contentUrl":"https:\/\/secure.gravatar.com\/avatar\/7ca3206950207cc3cb48feec56a8a7898741ab725c368d99d5d7a5a50aab80c6?s=96&d=mm&r=g","caption":"Thales Brand\u00e3o"},"description":"Editor Executivo do Portal CidadeMarketing.com.br &gt; Mestre em Comunica\u00e7\u00e3o e Sociedade pela Universidade Federal de Sergipe. Possui MBA Executivo em Administra\u00e7\u00e3o com \u00eanfase em Marketing pela Funda\u00e7\u00e3o Get\u00falio Vargas - Rio de Janeiro. Consultor, Palestrante e Pesquisador sobre Empreendedorismo, Marketing, Redes Sociais e Neg\u00f3cios Digitais. Professor, Palestrante TedxTalks e Campus Party. Twitter: @ThalesBrandao","sameAs":["http:\/\/www.mandacaru.com.br","https:\/\/www.facebook.com\/thalesbrandao","http:\/\/www.instagram.com.br\/thalesbrandaoferreira","https:\/\/www.linkedin.com\/in\/thales-brand\u00e3o-3948609\/","https:\/\/x.com\/http:\/\/www.twitter.com\/thalesbrandao"],"url":"https:\/\/www.cidademarketing.com.br\/marketing\/author\/thalesbrandao\/"}]}},"amp_enabled":true,"_links":{"self":[{"href":"https:\/\/www.cidademarketing.com.br\/marketing\/wp-json\/wp\/v2\/posts\/58050","targetHints":{"allow":["GET"]}}],"collection":[{"href":"https:\/\/www.cidademarketing.com.br\/marketing\/wp-json\/wp\/v2\/posts"}],"about":[{"href":"https:\/\/www.cidademarketing.com.br\/marketing\/wp-json\/wp\/v2\/types\/post"}],"author":[{"embeddable":true,"href":"https:\/\/www.cidademarketing.com.br\/marketing\/wp-json\/wp\/v2\/users\/1"}],"replies":[{"embeddable":true,"href":"https:\/\/www.cidademarketing.com.br\/marketing\/wp-json\/wp\/v2\/comments?post=58050"}],"version-history":[{"count":1,"href":"https:\/\/www.cidademarketing.com.br\/marketing\/wp-json\/wp\/v2\/posts\/58050\/revisions"}],"predecessor-version":[{"id":58055,"href":"https:\/\/www.cidademarketing.com.br\/marketing\/wp-json\/wp\/v2\/posts\/58050\/revisions\/58055"}],"wp:featuredmedia":[{"embeddable":true,"href":"https:\/\/www.cidademarketing.com.br\/marketing\/wp-json\/wp\/v2\/media\/58054"}],"wp:attachment":[{"href":"https:\/\/www.cidademarketing.com.br\/marketing\/wp-json\/wp\/v2\/media?parent=58050"}],"wp:term":[{"taxonomy":"category","embeddable":true,"href":"https:\/\/www.cidademarketing.com.br\/marketing\/wp-json\/wp\/v2\/categories?post=58050"},{"taxonomy":"post_tag","embeddable":true,"href":"https:\/\/www.cidademarketing.com.br\/marketing\/wp-json\/wp\/v2\/tags?post=58050"}],"curies":[{"name":"wp","href":"https:\/\/api.w.org\/{rel}","templated":true}]}}