{"id":5788,"date":"2019-01-30T11:30:24","date_gmt":"2019-01-30T13:30:24","guid":{"rendered":"http:\/\/www.cidademarketing.com.br\/marketing\/?p=5788"},"modified":"2019-01-30T11:30:28","modified_gmt":"2019-01-30T13:30:28","slug":"governo-de-sao-paulo-zera-icms-de-frutas-verduras-e-hortalicas-embaladas","status":"publish","type":"post","link":"https:\/\/www.cidademarketing.com.br\/marketing\/2019\/01\/30\/governo-de-sao-paulo-zera-icms-de-frutas-verduras-e-hortalicas-embaladas\/","title":{"rendered":"Governo de S\u00e3o Paulo zera ICMS de frutas, verduras e hortali\u00e7as embaladas"},"content":{"rendered":"\n<p>O Governador Jo\u00e3o Doria assinou, nesta ter\u00e7a-feira (29\/1), decreto que isenta o Imposto sobre Opera\u00e7\u00f5es Relativas \u00e0 Circula\u00e7\u00e3o de Mercadorias (ICMS) dos produtos hortifrutigranjeiros, estendendo o benef\u00edcio a frutas, verduras e hortali\u00e7as que estejam embaladas ou resfriadas, mesmo que tenham sido cortadas ou descascadas. A autoriza\u00e7\u00e3o foi dada pelo Conselho Nacional de Pol\u00edtica Fazend\u00e1ria (Confaz), por meio do Conv\u00eanio ICMS-21\/15, e tornou-se poss\u00edvel ap\u00f3s aprova\u00e7\u00e3o do Projeto de Lei n\u00ba 787\/2017, do Deputado Estev\u00e3o Galv\u00e3o. O decreto ser\u00e1 publicado no Di\u00e1rio Oficial do Estado e a isen\u00e7\u00e3o valer\u00e1 a partir de 1\u00ba de fevereiro de 2019.<\/p>\n\n\n\n<p>De grande import\u00e2ncia para o setor, o decreto atende o pleito dos produtores e distribuidores que realizam opera\u00e7\u00f5es dentro do Estado de S\u00e3o Paulo e recolhem o ICMS com al\u00edquota de 18%, ou reduzida a 12% quando realizadas por fabricante ou atacadista. J\u00e1 para as opera\u00e7\u00f5es com outras unidades da Federa\u00e7\u00e3o, o setor utilizava al\u00edquotas de 7% (destinadas ao Norte, Nordeste, Centro-Oeste e Esp\u00edrito Santo) ou 12% (Sul, Sudeste, exceto Esp\u00edrito Santo). E 4%, no caso de mercadoria importada.<\/p>\n\n\n\n<p>A isen\u00e7\u00e3o do ICMS se aplica \u00e0s opera\u00e7\u00f5es com hortifr\u00fatis detalhados no artigo 36, do Anexo I do Regulamento do ICMS, tais como ab\u00f3bora, alface, batata, cebola, espinafre, banana e mam\u00e3o, entre outros. Esses produtos podem estar ralados, cortados, picados, fatiados, torneados, descascados ou desfolhados. Tamb\u00e9m \u00e9 permitido que estejam lavados, higienizados, embalados ou resfriados, desde que n\u00e3o cozidos e n\u00e3o haja adi\u00e7\u00e3o de quaisquer outros produtos que n\u00e3o os relacionados, mesmo que simplesmente para conserva\u00e7\u00e3o.<\/p>\n\n\n\n<p>O setor de hortali\u00e7as \u00e9 o que mais gera empregos diretos na cadeia prim\u00e1ria: s\u00e3o at\u00e9 25 pessoas por hectare, em trabalho fixo ou tempor\u00e1rio. O valor da produ\u00e7\u00e3o agropecu\u00e1ria paulista em 2018, de acordo com dados da Secretaria Estadual de Agricultura e Abastecimento, foi de cerca de R$ 74 bilh\u00f5es. Desse total, aproximadamente 15% representam receita proveniente da produ\u00e7\u00e3o de frutas e hortali\u00e7as. Segundo estimativas do setor, ao menos 50 mil agricultores paulistas ser\u00e3o beneficiados com a desonera\u00e7\u00e3o.<\/p>\n\n\n\n<p>Para o Governador, a medida desta ter\u00e7a-feira \u00e9 uma das formas como a desburocratiza\u00e7\u00e3o do Estado pode fomentar a atividade econ\u00f4mica. \u201cS\u00e3o menos 18% de impostos in\u00fateis e inadequados. Infelizmente, ao longo dos anos, v\u00e1rios produtores foram penalizados exatamente porque estavam fazendo o correto, limpando, lavando e embalando os seus produtos, mas tendo que pagar mais impostos e fazendo com que os pre\u00e7os de frutas e verduras fossem mais caros nos supermercados. A partir de agora, S\u00e3o Paulo d\u00e1 este bom exemplo que reduz o pre\u00e7o de alimentos para o consumidor em todos os n\u00edveis.\u201d<\/p>\n\n\n\n<p>Doria afirmou que outras medidas de desonera\u00e7\u00e3o fiscal podem ser tomadas ainda em 2019, em especial para os setores de alimenta\u00e7\u00e3o e de higiene e limpeza. Por\u00e9m, o Governador espera contrapartidas imediatas do setor privado, como a queda dos pre\u00e7os para o consumidor final de itens que venham a ser desonerados.<\/p>\n\n\n\n<p>\u201cA\u00e7\u00f5es desta natureza possivelmente se repetir\u00e3o ao longo do ano. Menos burocracia, menos impostos, mais motiva\u00e7\u00e3o para produtores e distribuidores e, com isso, gerando mais emprego e renda, e ao gerar renda e mais emprego, geramos mais impostos e o Estado cumpre tamb\u00e9m o seu objetivo social\u201d, finalizou o Governador.<\/p>\n\n\n\n<p>O Secret\u00e1rio Estadual da Agricultura e Abastecimento, Gustavo Diniz Junqueira, tamb\u00e9m falou sobre a import\u00e2ncia do ato para os produtores paulistas. \u201cO decreto assinado hoje pelo Governador vai ao encontro da proposta de incentivar o produtor a agregar valor ao seu produto para aumentar sua receita. Estamos reparando uma injusti\u00e7a com o agricultor que tem esp\u00edrito empreendedor, e incentivando aqueles que n\u00e3o se preocupavam com a apresenta\u00e7\u00e3o de seus produtos a faz\u00ea-lo de maneira a ganhar mais.\u201d<\/p>\n\n\n\n<p>Os produtos contemplados est\u00e3o detalhados no artigo 36, Anexo I do Regulamento do ICMS, itens I a VIII e X a XII. Segue:<\/p>\n\n\n\n<p>I \u2013 ab\u00f3bora, abobrinha, acelga, agri\u00e3o, aipim, aipo, alcachofra, alecrim, alface, alfavaca, alfazema, almeir\u00e3o, aneto, anis, araruta, arruda e azedim;<\/p>\n\n\n\n<p>II \u2013 bardana, batata, batata-doce, berinjela, bertalha, beterraba, br\u00f3colos e brotos de vegetais usados na alimenta\u00e7\u00e3o humana;<\/p>\n\n\n\n<p>III \u2013 cacateira, cambuquira, camomila, car\u00e1, cardo, catalonha, cebola, cebolinha, cenoura, chic\u00f3ria, chuchu, coentro, cogumelo, cominho, couve e couve-flor;<\/p>\n\n\n\n<p>IV \u2013 end\u00edvia, erva-cidreira, erva de santa maria, erva-doce, ervilha, escarola, espargo e espinafre;<\/p>\n\n\n\n<p>V \u2013 funcho, flores e frutas frescas, exceto am\u00eandoas, avel\u00e3s, castanhas e nozes;<\/p>\n\n\n\n<p>VI \u2013 gengibre, hortel\u00e3, inhame, jil\u00f3 e losna;<\/p>\n\n\n\n<p>VII \u2013 macaxeira, mandioca, manjeric\u00e3o, manjerona, maxixe, milho verde, moranga e mostarda;<\/p>\n\n\n\n<p>VIII \u2013 nabi\u00e7a e nabo;<\/p>\n\n\n\n<p>X \u2013 palmito, pepino, pimenta e piment\u00e3o;<\/p>\n\n\n\n<p>XI \u2013 quiabo, rabanete, raiz-forte, repolho, repolho chin\u00eas, r\u00facula, ruibarbo, salsa, sals\u00e3o e segurelha;<\/p>\n\n\n\n<p>XII \u2013 taioba, tampala, tomate, tomilho e vagem.<\/p>\n","protected":false},"excerpt":{"rendered":"<p>O Governador Jo\u00e3o Doria assinou, nesta ter\u00e7a-feira (29\/1), decreto que isenta o Imposto sobre Opera\u00e7\u00f5es Relativas \u00e0 Circula\u00e7\u00e3o de Mercadorias (ICMS) dos produtos hortifrutigranjeiros, estendendo o benef\u00edcio a frutas, verduras e hortali\u00e7as que estejam embaladas ou resfriadas, mesmo que tenham sido cortadas ou descascadas. A autoriza\u00e7\u00e3o foi dada pelo Conselho Nacional de Pol\u00edtica Fazend\u00e1ria (Confaz), [&hellip;]<\/p>\n","protected":false},"author":1,"featured_media":5789,"comment_status":"open","ping_status":"open","sticky":false,"template":"","format":"standard","meta":{"tdm_status":"","tdm_grid_status":"","footnotes":""},"categories":[6],"tags":[51,1301,1303],"class_list":["post-5788","post","type-post","status-publish","format-standard","has-post-thumbnail","hentry","category-noticias","tag-consumidor","tag-icms","tag-verduras"],"yoast_head":"<!-- This site is optimized with the Yoast SEO plugin v27.5 - https:\/\/yoast.com\/product\/yoast-seo-wordpress\/ -->\n<title>Governo de S\u00e3o Paulo zera ICMS de frutas, verduras e hortali\u00e7as embaladas - CidadeMarketing<\/title>\n<meta name=\"robots\" content=\"index, follow, max-snippet:-1, max-image-preview:large, max-video-preview:-1\" \/>\n<link rel=\"canonical\" href=\"https:\/\/www.cidademarketing.com.br\/marketing\/2019\/01\/30\/governo-de-sao-paulo-zera-icms-de-frutas-verduras-e-hortalicas-embaladas\/\" \/>\n<meta property=\"og:locale\" content=\"pt_BR\" \/>\n<meta property=\"og:type\" content=\"article\" \/>\n<meta property=\"og:title\" content=\"Governo de S\u00e3o Paulo zera ICMS de frutas, verduras e hortali\u00e7as embaladas - CidadeMarketing\" \/>\n<meta property=\"og:description\" content=\"O Governador Jo\u00e3o Doria assinou, nesta ter\u00e7a-feira (29\/1), decreto que isenta o Imposto sobre Opera\u00e7\u00f5es Relativas \u00e0 Circula\u00e7\u00e3o de Mercadorias (ICMS) dos produtos hortifrutigranjeiros, estendendo o benef\u00edcio a frutas, verduras e hortali\u00e7as que estejam embaladas ou resfriadas, mesmo que tenham sido cortadas ou descascadas. A autoriza\u00e7\u00e3o foi dada pelo Conselho Nacional de Pol\u00edtica Fazend\u00e1ria (Confaz), [&hellip;]\" \/>\n<meta property=\"og:url\" content=\"https:\/\/www.cidademarketing.com.br\/marketing\/2019\/01\/30\/governo-de-sao-paulo-zera-icms-de-frutas-verduras-e-hortalicas-embaladas\/\" \/>\n<meta property=\"og:site_name\" content=\"CidadeMarketing\" \/>\n<meta property=\"article:publisher\" content=\"https:\/\/www.facebook.com\/portalcidademarketing\" \/>\n<meta property=\"article:author\" content=\"https:\/\/www.facebook.com\/thalesbrandao\" \/>\n<meta property=\"article:published_time\" content=\"2019-01-30T13:30:24+00:00\" \/>\n<meta property=\"article:modified_time\" content=\"2019-01-30T13:30:28+00:00\" \/>\n<meta property=\"og:image\" content=\"https:\/\/www.cidademarketing.com.br\/marketing\/wp-content\/uploads\/2019\/01\/frutas_icms.jpg\" \/>\n\t<meta property=\"og:image:width\" content=\"653\" \/>\n\t<meta property=\"og:image:height\" content=\"733\" \/>\n\t<meta property=\"og:image:type\" content=\"image\/jpeg\" \/>\n<meta name=\"author\" content=\"Thales Brand\u00e3o\" \/>\n<meta name=\"twitter:card\" content=\"summary_large_image\" \/>\n<meta name=\"twitter:creator\" content=\"@http:\/\/www.twitter.com\/thalesbrandao\" \/>\n<meta name=\"twitter:site\" content=\"@CidadeMarketing\" \/>\n<meta name=\"twitter:label1\" content=\"Escrito por\" \/>\n\t<meta name=\"twitter:data1\" content=\"Thales Brand\u00e3o\" \/>\n\t<meta name=\"twitter:label2\" content=\"Est. tempo de leitura\" \/>\n\t<meta name=\"twitter:data2\" content=\"4 minutos\" \/>\n<script type=\"application\/ld+json\" class=\"yoast-schema-graph\">{\"@context\":\"https:\\\/\\\/schema.org\",\"@graph\":[{\"@type\":\"Article\",\"@id\":\"https:\\\/\\\/www.cidademarketing.com.br\\\/marketing\\\/2019\\\/01\\\/30\\\/governo-de-sao-paulo-zera-icms-de-frutas-verduras-e-hortalicas-embaladas\\\/#article\",\"isPartOf\":{\"@id\":\"https:\\\/\\\/www.cidademarketing.com.br\\\/marketing\\\/2019\\\/01\\\/30\\\/governo-de-sao-paulo-zera-icms-de-frutas-verduras-e-hortalicas-embaladas\\\/\"},\"author\":{\"name\":\"Thales Brand\u00e3o\",\"@id\":\"https:\\\/\\\/www.cidademarketing.com.br\\\/marketing\\\/#\\\/schema\\\/person\\\/02daff9f18bd9378c9e01eb6b2db155f\"},\"headline\":\"Governo de S\u00e3o Paulo zera ICMS de frutas, verduras e hortali\u00e7as embaladas\",\"datePublished\":\"2019-01-30T13:30:24+00:00\",\"dateModified\":\"2019-01-30T13:30:28+00:00\",\"mainEntityOfPage\":{\"@id\":\"https:\\\/\\\/www.cidademarketing.com.br\\\/marketing\\\/2019\\\/01\\\/30\\\/governo-de-sao-paulo-zera-icms-de-frutas-verduras-e-hortalicas-embaladas\\\/\"},\"wordCount\":834,\"commentCount\":0,\"publisher\":{\"@id\":\"https:\\\/\\\/www.cidademarketing.com.br\\\/marketing\\\/#organization\"},\"image\":{\"@id\":\"https:\\\/\\\/www.cidademarketing.com.br\\\/marketing\\\/2019\\\/01\\\/30\\\/governo-de-sao-paulo-zera-icms-de-frutas-verduras-e-hortalicas-embaladas\\\/#primaryimage\"},\"thumbnailUrl\":\"https:\\\/\\\/www.cidademarketing.com.br\\\/marketing\\\/wp-content\\\/uploads\\\/2019\\\/01\\\/frutas_icms.jpg\",\"keywords\":[\"consumidor\",\"ICMS\",\"verduras\"],\"articleSection\":[\"Not\u00edcias\"],\"inLanguage\":\"pt-BR\",\"potentialAction\":[{\"@type\":\"CommentAction\",\"name\":\"Comment\",\"target\":[\"https:\\\/\\\/www.cidademarketing.com.br\\\/marketing\\\/2019\\\/01\\\/30\\\/governo-de-sao-paulo-zera-icms-de-frutas-verduras-e-hortalicas-embaladas\\\/#respond\"]}]},{\"@type\":\"WebPage\",\"@id\":\"https:\\\/\\\/www.cidademarketing.com.br\\\/marketing\\\/2019\\\/01\\\/30\\\/governo-de-sao-paulo-zera-icms-de-frutas-verduras-e-hortalicas-embaladas\\\/\",\"url\":\"https:\\\/\\\/www.cidademarketing.com.br\\\/marketing\\\/2019\\\/01\\\/30\\\/governo-de-sao-paulo-zera-icms-de-frutas-verduras-e-hortalicas-embaladas\\\/\",\"name\":\"Governo de S\u00e3o Paulo zera ICMS de frutas, verduras e hortali\u00e7as embaladas - CidadeMarketing\",\"isPartOf\":{\"@id\":\"https:\\\/\\\/www.cidademarketing.com.br\\\/marketing\\\/#website\"},\"primaryImageOfPage\":{\"@id\":\"https:\\\/\\\/www.cidademarketing.com.br\\\/marketing\\\/2019\\\/01\\\/30\\\/governo-de-sao-paulo-zera-icms-de-frutas-verduras-e-hortalicas-embaladas\\\/#primaryimage\"},\"image\":{\"@id\":\"https:\\\/\\\/www.cidademarketing.com.br\\\/marketing\\\/2019\\\/01\\\/30\\\/governo-de-sao-paulo-zera-icms-de-frutas-verduras-e-hortalicas-embaladas\\\/#primaryimage\"},\"thumbnailUrl\":\"https:\\\/\\\/www.cidademarketing.com.br\\\/marketing\\\/wp-content\\\/uploads\\\/2019\\\/01\\\/frutas_icms.jpg\",\"datePublished\":\"2019-01-30T13:30:24+00:00\",\"dateModified\":\"2019-01-30T13:30:28+00:00\",\"breadcrumb\":{\"@id\":\"https:\\\/\\\/www.cidademarketing.com.br\\\/marketing\\\/2019\\\/01\\\/30\\\/governo-de-sao-paulo-zera-icms-de-frutas-verduras-e-hortalicas-embaladas\\\/#breadcrumb\"},\"inLanguage\":\"pt-BR\",\"potentialAction\":[{\"@type\":\"ReadAction\",\"target\":[\"https:\\\/\\\/www.cidademarketing.com.br\\\/marketing\\\/2019\\\/01\\\/30\\\/governo-de-sao-paulo-zera-icms-de-frutas-verduras-e-hortalicas-embaladas\\\/\"]}]},{\"@type\":\"ImageObject\",\"inLanguage\":\"pt-BR\",\"@id\":\"https:\\\/\\\/www.cidademarketing.com.br\\\/marketing\\\/2019\\\/01\\\/30\\\/governo-de-sao-paulo-zera-icms-de-frutas-verduras-e-hortalicas-embaladas\\\/#primaryimage\",\"url\":\"https:\\\/\\\/www.cidademarketing.com.br\\\/marketing\\\/wp-content\\\/uploads\\\/2019\\\/01\\\/frutas_icms.jpg\",\"contentUrl\":\"https:\\\/\\\/www.cidademarketing.com.br\\\/marketing\\\/wp-content\\\/uploads\\\/2019\\\/01\\\/frutas_icms.jpg\",\"width\":653,\"height\":733,\"caption\":\"Reprodu\u00e7\u00e3o\\\/Instagram\"},{\"@type\":\"BreadcrumbList\",\"@id\":\"https:\\\/\\\/www.cidademarketing.com.br\\\/marketing\\\/2019\\\/01\\\/30\\\/governo-de-sao-paulo-zera-icms-de-frutas-verduras-e-hortalicas-embaladas\\\/#breadcrumb\",\"itemListElement\":[{\"@type\":\"ListItem\",\"position\":1,\"name\":\"In\u00edcio\",\"item\":\"https:\\\/\\\/www.cidademarketing.com.br\\\/marketing\\\/\"},{\"@type\":\"ListItem\",\"position\":2,\"name\":\"Governo de S\u00e3o Paulo zera ICMS de frutas, verduras e hortali\u00e7as embaladas\"}]},{\"@type\":\"WebSite\",\"@id\":\"https:\\\/\\\/www.cidademarketing.com.br\\\/marketing\\\/#website\",\"url\":\"https:\\\/\\\/www.cidademarketing.com.br\\\/marketing\\\/\",\"name\":\"CidadeMarketing\",\"description\":\"Somos um ve\u00edculo de comunica\u00e7\u00e3o de destaque no Brasil, reconhecido por conte\u00fados nos segmentos de marketing, empreendedorismo e inova\u00e7\u00e3o.\",\"publisher\":{\"@id\":\"https:\\\/\\\/www.cidademarketing.com.br\\\/marketing\\\/#organization\"},\"alternateName\":\"CidadeMarketing\",\"potentialAction\":[{\"@type\":\"SearchAction\",\"target\":{\"@type\":\"EntryPoint\",\"urlTemplate\":\"https:\\\/\\\/www.cidademarketing.com.br\\\/marketing\\\/?s={search_term_string}\"},\"query-input\":{\"@type\":\"PropertyValueSpecification\",\"valueRequired\":true,\"valueName\":\"search_term_string\"}}],\"inLanguage\":\"pt-BR\"},{\"@type\":\"Organization\",\"@id\":\"https:\\\/\\\/www.cidademarketing.com.br\\\/marketing\\\/#organization\",\"name\":\"CidadeMarketing\",\"alternateName\":\"CidadeMarketing\",\"url\":\"https:\\\/\\\/www.cidademarketing.com.br\\\/marketing\\\/\",\"logo\":{\"@type\":\"ImageObject\",\"inLanguage\":\"pt-BR\",\"@id\":\"https:\\\/\\\/www.cidademarketing.com.br\\\/marketing\\\/#\\\/schema\\\/logo\\\/image\\\/\",\"url\":\"https:\\\/\\\/www.cidademarketing.com.br\\\/marketing\\\/wp-content\\\/uploads\\\/2020\\\/01\\\/cidademarketing_marca_mobile.png\",\"contentUrl\":\"https:\\\/\\\/www.cidademarketing.com.br\\\/marketing\\\/wp-content\\\/uploads\\\/2020\\\/01\\\/cidademarketing_marca_mobile.png\",\"width\":230,\"height\":92,\"caption\":\"CidadeMarketing\"},\"image\":{\"@id\":\"https:\\\/\\\/www.cidademarketing.com.br\\\/marketing\\\/#\\\/schema\\\/logo\\\/image\\\/\"},\"sameAs\":[\"https:\\\/\\\/www.facebook.com\\\/portalcidademarketing\",\"https:\\\/\\\/x.com\\\/CidadeMarketing\",\"https:\\\/\\\/www.instagram.com\\\/cidademarketing\\\/\"]},{\"@type\":\"Person\",\"@id\":\"https:\\\/\\\/www.cidademarketing.com.br\\\/marketing\\\/#\\\/schema\\\/person\\\/02daff9f18bd9378c9e01eb6b2db155f\",\"name\":\"Thales Brand\u00e3o\",\"image\":{\"@type\":\"ImageObject\",\"inLanguage\":\"pt-BR\",\"@id\":\"https:\\\/\\\/secure.gravatar.com\\\/avatar\\\/7ca3206950207cc3cb48feec56a8a7898741ab725c368d99d5d7a5a50aab80c6?s=96&d=mm&r=g\",\"url\":\"https:\\\/\\\/secure.gravatar.com\\\/avatar\\\/7ca3206950207cc3cb48feec56a8a7898741ab725c368d99d5d7a5a50aab80c6?s=96&d=mm&r=g\",\"contentUrl\":\"https:\\\/\\\/secure.gravatar.com\\\/avatar\\\/7ca3206950207cc3cb48feec56a8a7898741ab725c368d99d5d7a5a50aab80c6?s=96&d=mm&r=g\",\"caption\":\"Thales Brand\u00e3o\"},\"description\":\"Editor Executivo do Portal CidadeMarketing.com.br &gt; Mestre em Comunica\u00e7\u00e3o e Sociedade pela Universidade Federal de Sergipe. Possui MBA Executivo em Administra\u00e7\u00e3o com \u00eanfase em Marketing pela Funda\u00e7\u00e3o Get\u00falio Vargas - Rio de Janeiro. Consultor, Palestrante e Pesquisador sobre Empreendedorismo, Marketing, Redes Sociais e Neg\u00f3cios Digitais. Professor, Palestrante TedxTalks e Campus Party. Twitter: @ThalesBrandao\",\"sameAs\":[\"http:\\\/\\\/www.mandacaru.com.br\",\"https:\\\/\\\/www.facebook.com\\\/thalesbrandao\",\"http:\\\/\\\/www.instagram.com.br\\\/thalesbrandaoferreira\",\"https:\\\/\\\/www.linkedin.com\\\/in\\\/thales-brand\u00e3o-3948609\\\/\",\"https:\\\/\\\/x.com\\\/http:\\\/\\\/www.twitter.com\\\/thalesbrandao\"],\"url\":\"https:\\\/\\\/www.cidademarketing.com.br\\\/marketing\\\/author\\\/thalesbrandao\\\/\"}]}<\/script>\n<!-- \/ Yoast SEO plugin. -->","yoast_head_json":{"title":"Governo de S\u00e3o Paulo zera ICMS de frutas, verduras e hortali\u00e7as embaladas - CidadeMarketing","robots":{"index":"index","follow":"follow","max-snippet":"max-snippet:-1","max-image-preview":"max-image-preview:large","max-video-preview":"max-video-preview:-1"},"canonical":"https:\/\/www.cidademarketing.com.br\/marketing\/2019\/01\/30\/governo-de-sao-paulo-zera-icms-de-frutas-verduras-e-hortalicas-embaladas\/","og_locale":"pt_BR","og_type":"article","og_title":"Governo de S\u00e3o Paulo zera ICMS de frutas, verduras e hortali\u00e7as embaladas - CidadeMarketing","og_description":"O Governador Jo\u00e3o Doria assinou, nesta ter\u00e7a-feira (29\/1), decreto que isenta o Imposto sobre Opera\u00e7\u00f5es Relativas \u00e0 Circula\u00e7\u00e3o de Mercadorias (ICMS) dos produtos hortifrutigranjeiros, estendendo o benef\u00edcio a frutas, verduras e hortali\u00e7as que estejam embaladas ou resfriadas, mesmo que tenham sido cortadas ou descascadas. A autoriza\u00e7\u00e3o foi dada pelo Conselho Nacional de Pol\u00edtica Fazend\u00e1ria (Confaz), [&hellip;]","og_url":"https:\/\/www.cidademarketing.com.br\/marketing\/2019\/01\/30\/governo-de-sao-paulo-zera-icms-de-frutas-verduras-e-hortalicas-embaladas\/","og_site_name":"CidadeMarketing","article_publisher":"https:\/\/www.facebook.com\/portalcidademarketing","article_author":"https:\/\/www.facebook.com\/thalesbrandao","article_published_time":"2019-01-30T13:30:24+00:00","article_modified_time":"2019-01-30T13:30:28+00:00","og_image":[{"width":653,"height":733,"url":"https:\/\/www.cidademarketing.com.br\/marketing\/wp-content\/uploads\/2019\/01\/frutas_icms.jpg","type":"image\/jpeg"}],"author":"Thales Brand\u00e3o","twitter_card":"summary_large_image","twitter_creator":"@http:\/\/www.twitter.com\/thalesbrandao","twitter_site":"@CidadeMarketing","twitter_misc":{"Escrito por":"Thales Brand\u00e3o","Est. tempo de leitura":"4 minutos"},"schema":{"@context":"https:\/\/schema.org","@graph":[{"@type":"Article","@id":"https:\/\/www.cidademarketing.com.br\/marketing\/2019\/01\/30\/governo-de-sao-paulo-zera-icms-de-frutas-verduras-e-hortalicas-embaladas\/#article","isPartOf":{"@id":"https:\/\/www.cidademarketing.com.br\/marketing\/2019\/01\/30\/governo-de-sao-paulo-zera-icms-de-frutas-verduras-e-hortalicas-embaladas\/"},"author":{"name":"Thales Brand\u00e3o","@id":"https:\/\/www.cidademarketing.com.br\/marketing\/#\/schema\/person\/02daff9f18bd9378c9e01eb6b2db155f"},"headline":"Governo de S\u00e3o Paulo zera ICMS de frutas, verduras e hortali\u00e7as embaladas","datePublished":"2019-01-30T13:30:24+00:00","dateModified":"2019-01-30T13:30:28+00:00","mainEntityOfPage":{"@id":"https:\/\/www.cidademarketing.com.br\/marketing\/2019\/01\/30\/governo-de-sao-paulo-zera-icms-de-frutas-verduras-e-hortalicas-embaladas\/"},"wordCount":834,"commentCount":0,"publisher":{"@id":"https:\/\/www.cidademarketing.com.br\/marketing\/#organization"},"image":{"@id":"https:\/\/www.cidademarketing.com.br\/marketing\/2019\/01\/30\/governo-de-sao-paulo-zera-icms-de-frutas-verduras-e-hortalicas-embaladas\/#primaryimage"},"thumbnailUrl":"https:\/\/www.cidademarketing.com.br\/marketing\/wp-content\/uploads\/2019\/01\/frutas_icms.jpg","keywords":["consumidor","ICMS","verduras"],"articleSection":["Not\u00edcias"],"inLanguage":"pt-BR","potentialAction":[{"@type":"CommentAction","name":"Comment","target":["https:\/\/www.cidademarketing.com.br\/marketing\/2019\/01\/30\/governo-de-sao-paulo-zera-icms-de-frutas-verduras-e-hortalicas-embaladas\/#respond"]}]},{"@type":"WebPage","@id":"https:\/\/www.cidademarketing.com.br\/marketing\/2019\/01\/30\/governo-de-sao-paulo-zera-icms-de-frutas-verduras-e-hortalicas-embaladas\/","url":"https:\/\/www.cidademarketing.com.br\/marketing\/2019\/01\/30\/governo-de-sao-paulo-zera-icms-de-frutas-verduras-e-hortalicas-embaladas\/","name":"Governo de S\u00e3o Paulo zera ICMS de frutas, verduras e hortali\u00e7as embaladas - CidadeMarketing","isPartOf":{"@id":"https:\/\/www.cidademarketing.com.br\/marketing\/#website"},"primaryImageOfPage":{"@id":"https:\/\/www.cidademarketing.com.br\/marketing\/2019\/01\/30\/governo-de-sao-paulo-zera-icms-de-frutas-verduras-e-hortalicas-embaladas\/#primaryimage"},"image":{"@id":"https:\/\/www.cidademarketing.com.br\/marketing\/2019\/01\/30\/governo-de-sao-paulo-zera-icms-de-frutas-verduras-e-hortalicas-embaladas\/#primaryimage"},"thumbnailUrl":"https:\/\/www.cidademarketing.com.br\/marketing\/wp-content\/uploads\/2019\/01\/frutas_icms.jpg","datePublished":"2019-01-30T13:30:24+00:00","dateModified":"2019-01-30T13:30:28+00:00","breadcrumb":{"@id":"https:\/\/www.cidademarketing.com.br\/marketing\/2019\/01\/30\/governo-de-sao-paulo-zera-icms-de-frutas-verduras-e-hortalicas-embaladas\/#breadcrumb"},"inLanguage":"pt-BR","potentialAction":[{"@type":"ReadAction","target":["https:\/\/www.cidademarketing.com.br\/marketing\/2019\/01\/30\/governo-de-sao-paulo-zera-icms-de-frutas-verduras-e-hortalicas-embaladas\/"]}]},{"@type":"ImageObject","inLanguage":"pt-BR","@id":"https:\/\/www.cidademarketing.com.br\/marketing\/2019\/01\/30\/governo-de-sao-paulo-zera-icms-de-frutas-verduras-e-hortalicas-embaladas\/#primaryimage","url":"https:\/\/www.cidademarketing.com.br\/marketing\/wp-content\/uploads\/2019\/01\/frutas_icms.jpg","contentUrl":"https:\/\/www.cidademarketing.com.br\/marketing\/wp-content\/uploads\/2019\/01\/frutas_icms.jpg","width":653,"height":733,"caption":"Reprodu\u00e7\u00e3o\/Instagram"},{"@type":"BreadcrumbList","@id":"https:\/\/www.cidademarketing.com.br\/marketing\/2019\/01\/30\/governo-de-sao-paulo-zera-icms-de-frutas-verduras-e-hortalicas-embaladas\/#breadcrumb","itemListElement":[{"@type":"ListItem","position":1,"name":"In\u00edcio","item":"https:\/\/www.cidademarketing.com.br\/marketing\/"},{"@type":"ListItem","position":2,"name":"Governo de S\u00e3o Paulo zera ICMS de frutas, verduras e hortali\u00e7as embaladas"}]},{"@type":"WebSite","@id":"https:\/\/www.cidademarketing.com.br\/marketing\/#website","url":"https:\/\/www.cidademarketing.com.br\/marketing\/","name":"CidadeMarketing","description":"Somos um ve\u00edculo de comunica\u00e7\u00e3o de destaque no Brasil, reconhecido por conte\u00fados nos segmentos de marketing, empreendedorismo e inova\u00e7\u00e3o.","publisher":{"@id":"https:\/\/www.cidademarketing.com.br\/marketing\/#organization"},"alternateName":"CidadeMarketing","potentialAction":[{"@type":"SearchAction","target":{"@type":"EntryPoint","urlTemplate":"https:\/\/www.cidademarketing.com.br\/marketing\/?s={search_term_string}"},"query-input":{"@type":"PropertyValueSpecification","valueRequired":true,"valueName":"search_term_string"}}],"inLanguage":"pt-BR"},{"@type":"Organization","@id":"https:\/\/www.cidademarketing.com.br\/marketing\/#organization","name":"CidadeMarketing","alternateName":"CidadeMarketing","url":"https:\/\/www.cidademarketing.com.br\/marketing\/","logo":{"@type":"ImageObject","inLanguage":"pt-BR","@id":"https:\/\/www.cidademarketing.com.br\/marketing\/#\/schema\/logo\/image\/","url":"https:\/\/www.cidademarketing.com.br\/marketing\/wp-content\/uploads\/2020\/01\/cidademarketing_marca_mobile.png","contentUrl":"https:\/\/www.cidademarketing.com.br\/marketing\/wp-content\/uploads\/2020\/01\/cidademarketing_marca_mobile.png","width":230,"height":92,"caption":"CidadeMarketing"},"image":{"@id":"https:\/\/www.cidademarketing.com.br\/marketing\/#\/schema\/logo\/image\/"},"sameAs":["https:\/\/www.facebook.com\/portalcidademarketing","https:\/\/x.com\/CidadeMarketing","https:\/\/www.instagram.com\/cidademarketing\/"]},{"@type":"Person","@id":"https:\/\/www.cidademarketing.com.br\/marketing\/#\/schema\/person\/02daff9f18bd9378c9e01eb6b2db155f","name":"Thales Brand\u00e3o","image":{"@type":"ImageObject","inLanguage":"pt-BR","@id":"https:\/\/secure.gravatar.com\/avatar\/7ca3206950207cc3cb48feec56a8a7898741ab725c368d99d5d7a5a50aab80c6?s=96&d=mm&r=g","url":"https:\/\/secure.gravatar.com\/avatar\/7ca3206950207cc3cb48feec56a8a7898741ab725c368d99d5d7a5a50aab80c6?s=96&d=mm&r=g","contentUrl":"https:\/\/secure.gravatar.com\/avatar\/7ca3206950207cc3cb48feec56a8a7898741ab725c368d99d5d7a5a50aab80c6?s=96&d=mm&r=g","caption":"Thales Brand\u00e3o"},"description":"Editor Executivo do Portal CidadeMarketing.com.br &gt; Mestre em Comunica\u00e7\u00e3o e Sociedade pela Universidade Federal de Sergipe. Possui MBA Executivo em Administra\u00e7\u00e3o com \u00eanfase em Marketing pela Funda\u00e7\u00e3o Get\u00falio Vargas - Rio de Janeiro. Consultor, Palestrante e Pesquisador sobre Empreendedorismo, Marketing, Redes Sociais e Neg\u00f3cios Digitais. Professor, Palestrante TedxTalks e Campus Party. Twitter: @ThalesBrandao","sameAs":["http:\/\/www.mandacaru.com.br","https:\/\/www.facebook.com\/thalesbrandao","http:\/\/www.instagram.com.br\/thalesbrandaoferreira","https:\/\/www.linkedin.com\/in\/thales-brand\u00e3o-3948609\/","https:\/\/x.com\/http:\/\/www.twitter.com\/thalesbrandao"],"url":"https:\/\/www.cidademarketing.com.br\/marketing\/author\/thalesbrandao\/"}]}},"amp_enabled":true,"_links":{"self":[{"href":"https:\/\/www.cidademarketing.com.br\/marketing\/wp-json\/wp\/v2\/posts\/5788","targetHints":{"allow":["GET"]}}],"collection":[{"href":"https:\/\/www.cidademarketing.com.br\/marketing\/wp-json\/wp\/v2\/posts"}],"about":[{"href":"https:\/\/www.cidademarketing.com.br\/marketing\/wp-json\/wp\/v2\/types\/post"}],"author":[{"embeddable":true,"href":"https:\/\/www.cidademarketing.com.br\/marketing\/wp-json\/wp\/v2\/users\/1"}],"replies":[{"embeddable":true,"href":"https:\/\/www.cidademarketing.com.br\/marketing\/wp-json\/wp\/v2\/comments?post=5788"}],"version-history":[{"count":1,"href":"https:\/\/www.cidademarketing.com.br\/marketing\/wp-json\/wp\/v2\/posts\/5788\/revisions"}],"predecessor-version":[{"id":5790,"href":"https:\/\/www.cidademarketing.com.br\/marketing\/wp-json\/wp\/v2\/posts\/5788\/revisions\/5790"}],"wp:featuredmedia":[{"embeddable":true,"href":"https:\/\/www.cidademarketing.com.br\/marketing\/wp-json\/wp\/v2\/media\/5789"}],"wp:attachment":[{"href":"https:\/\/www.cidademarketing.com.br\/marketing\/wp-json\/wp\/v2\/media?parent=5788"}],"wp:term":[{"taxonomy":"category","embeddable":true,"href":"https:\/\/www.cidademarketing.com.br\/marketing\/wp-json\/wp\/v2\/categories?post=5788"},{"taxonomy":"post_tag","embeddable":true,"href":"https:\/\/www.cidademarketing.com.br\/marketing\/wp-json\/wp\/v2\/tags?post=5788"}],"curies":[{"name":"wp","href":"https:\/\/api.w.org\/{rel}","templated":true}]}}