{"id":5771,"date":"2019-01-30T01:38:10","date_gmt":"2019-01-30T03:38:10","guid":{"rendered":"http:\/\/www.cidademarketing.com.br\/marketing\/?p=5771"},"modified":"2019-01-30T01:38:12","modified_gmt":"2019-01-30T03:38:12","slug":"vale-decide-fechar-10-barragens-semelhantes-a-de-brumadinho-mg","status":"publish","type":"post","link":"https:\/\/www.cidademarketing.com.br\/marketing\/2019\/01\/30\/vale-decide-fechar-10-barragens-semelhantes-a-de-brumadinho-mg\/","title":{"rendered":"Vale decide fechar 10 barragens semelhantes \u00e0 de Brumadinho\/MG"},"content":{"rendered":"\n<p>Ap\u00f3s reuni\u00e3o com os ministros de Minas e Energia, Bento Albuquerque, e do Meio Ambiente, Ricardos Salles, o presidente da Vale, Fabio Schvartsman, anunciou hoje (29) que a empresa vai acabar com dez barragens, como a que se rompeu em Brumadinho, nos arredores de Belo Horizonte (MG). Segundo ele, essas barragens ser\u00e3o descomissionadas.<\/p>\n\n\n\n<p>\u201c\u00c9 a resposta cabal e \u00e0 altura da enorme trag\u00e9dia que tivemos em Brumadinho. Este plano foi produzido tr\u00eas a quatro dias ap\u00f3s o acidente\u201d, ressaltou o executivo.<\/p>\n\n\n\n<p>Schvartsman afirmou que descomissionar significa preparar a barragem para que ela seja integrada \u00e0 natureza. \u201cA decis\u00e3o da companhia \u00e9 que n\u00e3o podemos mais conviver com esse tipo de barragem. Tomamos a decis\u00e3o de acabar com todas as barragens a montante\u201d, disse o executivo em Bras\u00edlia.<\/p>\n\n\n\n<p>O presidente da Vale disse que o projeto para descomissionar as barragens est\u00e1 pronto e ser\u00e1 levado para os \u00f3rg\u00e3os federais e estaduais em 45 dias. Segundo ele, o prazo para executar as a\u00e7\u00f5es \u00e9 de no m\u00ednimo um ano e no m\u00e1ximo 3 anos.<\/p>\n\n\n\n<p>Schvartsman disse que \u201cn\u00e3o teve qualquer tipo de press\u00e3o\u201d por parte do governo federal para intervir na dire\u00e7\u00e3o da Vale. De acordo com ele, a reuni\u00e3o de hoje com os ministros Costa e Lima e Salles foi \u201cabsulatamente t\u00e9cnica\u201d.<\/p>\n\n\n\n<p>\u201cEsse plano foi hoje apresentado aos ministros de Minas e Energia e Meio Ambiente, assim como foi apresentado \u00e0 data de ontem ao governador Romeu Zema [de Minas Gerais].\u201d De acordo com o executivo, a decis\u00e3o ser\u00e1 publicada por meio de comunicado para informar o mercado financeiro.<\/p>\n","protected":false},"excerpt":{"rendered":"<p>Ap\u00f3s reuni\u00e3o com os ministros de Minas e Energia, Bento Albuquerque, e do Meio Ambiente, Ricardos Salles, o presidente da Vale, Fabio Schvartsman, anunciou hoje (29) que a empresa vai acabar com dez barragens, como a que se rompeu em Brumadinho, nos arredores de Belo Horizonte (MG). Segundo ele, essas barragens ser\u00e3o descomissionadas. \u201c\u00c9 a [&hellip;]<\/p>\n","protected":false},"author":1,"featured_media":5772,"comment_status":"open","ping_status":"open","sticky":false,"template":"","format":"standard","meta":{"tdm_status":"","tdm_grid_status":"","footnotes":""},"categories":[1],"tags":[1239,33,1237,176],"class_list":["post-5771","post","type-post","status-publish","format-standard","has-post-thumbnail","hentry","category-pesquisademercado","tag-brumadinho","tag-estrategia","tag-meio-ambiente","tag-sustentabilidade"],"yoast_head":"<!-- This site is optimized with the Yoast SEO plugin v27.4 - https:\/\/yoast.com\/product\/yoast-seo-wordpress\/ -->\n<title>Vale decide fechar 10 barragens semelhantes \u00e0 de Brumadinho\/MG - CidadeMarketing<\/title>\n<meta name=\"robots\" content=\"index, follow, max-snippet:-1, max-image-preview:large, max-video-preview:-1\" \/>\n<link rel=\"canonical\" href=\"https:\/\/www.cidademarketing.com.br\/marketing\/2019\/01\/30\/vale-decide-fechar-10-barragens-semelhantes-a-de-brumadinho-mg\/\" \/>\n<meta property=\"og:locale\" content=\"pt_BR\" \/>\n<meta property=\"og:type\" content=\"article\" \/>\n<meta property=\"og:title\" content=\"Vale decide fechar 10 barragens semelhantes \u00e0 de Brumadinho\/MG - CidadeMarketing\" \/>\n<meta property=\"og:description\" content=\"Ap\u00f3s reuni\u00e3o com os ministros de Minas e Energia, Bento Albuquerque, e do Meio Ambiente, Ricardos Salles, o presidente da Vale, Fabio Schvartsman, anunciou hoje (29) que a empresa vai acabar com dez barragens, como a que se rompeu em Brumadinho, nos arredores de Belo Horizonte (MG). Segundo ele, essas barragens ser\u00e3o descomissionadas. \u201c\u00c9 a [&hellip;]\" \/>\n<meta property=\"og:url\" content=\"https:\/\/www.cidademarketing.com.br\/marketing\/2019\/01\/30\/vale-decide-fechar-10-barragens-semelhantes-a-de-brumadinho-mg\/\" \/>\n<meta property=\"og:site_name\" content=\"CidadeMarketing\" \/>\n<meta property=\"article:publisher\" content=\"https:\/\/www.facebook.com\/portalcidademarketing\" \/>\n<meta property=\"article:author\" content=\"https:\/\/www.facebook.com\/thalesbrandao\" \/>\n<meta property=\"article:published_time\" content=\"2019-01-30T03:38:10+00:00\" \/>\n<meta property=\"article:modified_time\" content=\"2019-01-30T03:38:12+00:00\" \/>\n<meta property=\"og:image\" content=\"https:\/\/www.cidademarketing.com.br\/marketing\/wp-content\/uploads\/2019\/01\/presidentedavale_valtercampanato_agenciabrasil.jpg\" \/>\n\t<meta property=\"og:image:width\" content=\"1140\" \/>\n\t<meta property=\"og:image:height\" content=\"760\" \/>\n\t<meta property=\"og:image:type\" content=\"image\/jpeg\" \/>\n<meta name=\"author\" content=\"Thales Brand\u00e3o\" \/>\n<meta name=\"twitter:card\" content=\"summary_large_image\" \/>\n<meta name=\"twitter:creator\" content=\"@http:\/\/www.twitter.com\/thalesbrandao\" \/>\n<meta name=\"twitter:site\" content=\"@CidadeMarketing\" \/>\n<meta name=\"twitter:label1\" content=\"Escrito por\" \/>\n\t<meta name=\"twitter:data1\" content=\"Thales Brand\u00e3o\" \/>\n\t<meta name=\"twitter:label2\" content=\"Est. tempo de leitura\" \/>\n\t<meta name=\"twitter:data2\" content=\"1 minuto\" \/>\n<script type=\"application\/ld+json\" class=\"yoast-schema-graph\">{\"@context\":\"https:\\\/\\\/schema.org\",\"@graph\":[{\"@type\":\"Article\",\"@id\":\"https:\\\/\\\/www.cidademarketing.com.br\\\/marketing\\\/2019\\\/01\\\/30\\\/vale-decide-fechar-10-barragens-semelhantes-a-de-brumadinho-mg\\\/#article\",\"isPartOf\":{\"@id\":\"https:\\\/\\\/www.cidademarketing.com.br\\\/marketing\\\/2019\\\/01\\\/30\\\/vale-decide-fechar-10-barragens-semelhantes-a-de-brumadinho-mg\\\/\"},\"author\":{\"name\":\"Thales Brand\u00e3o\",\"@id\":\"https:\\\/\\\/www.cidademarketing.com.br\\\/marketing\\\/#\\\/schema\\\/person\\\/02daff9f18bd9378c9e01eb6b2db155f\"},\"headline\":\"Vale decide fechar 10 barragens semelhantes \u00e0 de Brumadinho\\\/MG\",\"datePublished\":\"2019-01-30T03:38:10+00:00\",\"dateModified\":\"2019-01-30T03:38:12+00:00\",\"mainEntityOfPage\":{\"@id\":\"https:\\\/\\\/www.cidademarketing.com.br\\\/marketing\\\/2019\\\/01\\\/30\\\/vale-decide-fechar-10-barragens-semelhantes-a-de-brumadinho-mg\\\/\"},\"wordCount\":277,\"commentCount\":0,\"publisher\":{\"@id\":\"https:\\\/\\\/www.cidademarketing.com.br\\\/marketing\\\/#organization\"},\"image\":{\"@id\":\"https:\\\/\\\/www.cidademarketing.com.br\\\/marketing\\\/2019\\\/01\\\/30\\\/vale-decide-fechar-10-barragens-semelhantes-a-de-brumadinho-mg\\\/#primaryimage\"},\"thumbnailUrl\":\"https:\\\/\\\/www.cidademarketing.com.br\\\/marketing\\\/wp-content\\\/uploads\\\/2019\\\/01\\\/presidentedavale_valtercampanato_agenciabrasil.jpg\",\"keywords\":[\"Brumadinho\",\"estrat\u00e9gia\",\"meio ambiente\",\"sustentabilidade\"],\"articleSection\":[\"Pesquisa de Mercado\"],\"inLanguage\":\"pt-BR\",\"potentialAction\":[{\"@type\":\"CommentAction\",\"name\":\"Comment\",\"target\":[\"https:\\\/\\\/www.cidademarketing.com.br\\\/marketing\\\/2019\\\/01\\\/30\\\/vale-decide-fechar-10-barragens-semelhantes-a-de-brumadinho-mg\\\/#respond\"]}]},{\"@type\":\"WebPage\",\"@id\":\"https:\\\/\\\/www.cidademarketing.com.br\\\/marketing\\\/2019\\\/01\\\/30\\\/vale-decide-fechar-10-barragens-semelhantes-a-de-brumadinho-mg\\\/\",\"url\":\"https:\\\/\\\/www.cidademarketing.com.br\\\/marketing\\\/2019\\\/01\\\/30\\\/vale-decide-fechar-10-barragens-semelhantes-a-de-brumadinho-mg\\\/\",\"name\":\"Vale decide fechar 10 barragens semelhantes \u00e0 de Brumadinho\\\/MG - CidadeMarketing\",\"isPartOf\":{\"@id\":\"https:\\\/\\\/www.cidademarketing.com.br\\\/marketing\\\/#website\"},\"primaryImageOfPage\":{\"@id\":\"https:\\\/\\\/www.cidademarketing.com.br\\\/marketing\\\/2019\\\/01\\\/30\\\/vale-decide-fechar-10-barragens-semelhantes-a-de-brumadinho-mg\\\/#primaryimage\"},\"image\":{\"@id\":\"https:\\\/\\\/www.cidademarketing.com.br\\\/marketing\\\/2019\\\/01\\\/30\\\/vale-decide-fechar-10-barragens-semelhantes-a-de-brumadinho-mg\\\/#primaryimage\"},\"thumbnailUrl\":\"https:\\\/\\\/www.cidademarketing.com.br\\\/marketing\\\/wp-content\\\/uploads\\\/2019\\\/01\\\/presidentedavale_valtercampanato_agenciabrasil.jpg\",\"datePublished\":\"2019-01-30T03:38:10+00:00\",\"dateModified\":\"2019-01-30T03:38:12+00:00\",\"breadcrumb\":{\"@id\":\"https:\\\/\\\/www.cidademarketing.com.br\\\/marketing\\\/2019\\\/01\\\/30\\\/vale-decide-fechar-10-barragens-semelhantes-a-de-brumadinho-mg\\\/#breadcrumb\"},\"inLanguage\":\"pt-BR\",\"potentialAction\":[{\"@type\":\"ReadAction\",\"target\":[\"https:\\\/\\\/www.cidademarketing.com.br\\\/marketing\\\/2019\\\/01\\\/30\\\/vale-decide-fechar-10-barragens-semelhantes-a-de-brumadinho-mg\\\/\"]}]},{\"@type\":\"ImageObject\",\"inLanguage\":\"pt-BR\",\"@id\":\"https:\\\/\\\/www.cidademarketing.com.br\\\/marketing\\\/2019\\\/01\\\/30\\\/vale-decide-fechar-10-barragens-semelhantes-a-de-brumadinho-mg\\\/#primaryimage\",\"url\":\"https:\\\/\\\/www.cidademarketing.com.br\\\/marketing\\\/wp-content\\\/uploads\\\/2019\\\/01\\\/presidentedavale_valtercampanato_agenciabrasil.jpg\",\"contentUrl\":\"https:\\\/\\\/www.cidademarketing.com.br\\\/marketing\\\/wp-content\\\/uploads\\\/2019\\\/01\\\/presidentedavale_valtercampanato_agenciabrasil.jpg\",\"width\":1140,\"height\":760,\"caption\":\"O presidente da Vale, Fabio Schvartsman, ap\u00f3s reuni\u00e3o com os ministros de Minas e Energia, Bento Albuquerque, e do Meio Ambiente, Ricardos Salles, fala \u00e0 imprensa sobre acabar com dez barragens, como a que se rompeu em Brumadinho. Valter Campanato\\\/Ag\u00eancia Brasil\"},{\"@type\":\"BreadcrumbList\",\"@id\":\"https:\\\/\\\/www.cidademarketing.com.br\\\/marketing\\\/2019\\\/01\\\/30\\\/vale-decide-fechar-10-barragens-semelhantes-a-de-brumadinho-mg\\\/#breadcrumb\",\"itemListElement\":[{\"@type\":\"ListItem\",\"position\":1,\"name\":\"In\u00edcio\",\"item\":\"https:\\\/\\\/www.cidademarketing.com.br\\\/marketing\\\/\"},{\"@type\":\"ListItem\",\"position\":2,\"name\":\"Vale decide fechar 10 barragens semelhantes \u00e0 de Brumadinho\\\/MG\"}]},{\"@type\":\"WebSite\",\"@id\":\"https:\\\/\\\/www.cidademarketing.com.br\\\/marketing\\\/#website\",\"url\":\"https:\\\/\\\/www.cidademarketing.com.br\\\/marketing\\\/\",\"name\":\"CidadeMarketing\",\"description\":\"Somos um ve\u00edculo de comunica\u00e7\u00e3o de destaque no Brasil, reconhecido por conte\u00fados nos segmentos de marketing, empreendedorismo e inova\u00e7\u00e3o.\",\"publisher\":{\"@id\":\"https:\\\/\\\/www.cidademarketing.com.br\\\/marketing\\\/#organization\"},\"alternateName\":\"CidadeMarketing\",\"potentialAction\":[{\"@type\":\"SearchAction\",\"target\":{\"@type\":\"EntryPoint\",\"urlTemplate\":\"https:\\\/\\\/www.cidademarketing.com.br\\\/marketing\\\/?s={search_term_string}\"},\"query-input\":{\"@type\":\"PropertyValueSpecification\",\"valueRequired\":true,\"valueName\":\"search_term_string\"}}],\"inLanguage\":\"pt-BR\"},{\"@type\":\"Organization\",\"@id\":\"https:\\\/\\\/www.cidademarketing.com.br\\\/marketing\\\/#organization\",\"name\":\"CidadeMarketing\",\"alternateName\":\"CidadeMarketing\",\"url\":\"https:\\\/\\\/www.cidademarketing.com.br\\\/marketing\\\/\",\"logo\":{\"@type\":\"ImageObject\",\"inLanguage\":\"pt-BR\",\"@id\":\"https:\\\/\\\/www.cidademarketing.com.br\\\/marketing\\\/#\\\/schema\\\/logo\\\/image\\\/\",\"url\":\"https:\\\/\\\/www.cidademarketing.com.br\\\/marketing\\\/wp-content\\\/uploads\\\/2020\\\/01\\\/cidademarketing_marca_mobile.png\",\"contentUrl\":\"https:\\\/\\\/www.cidademarketing.com.br\\\/marketing\\\/wp-content\\\/uploads\\\/2020\\\/01\\\/cidademarketing_marca_mobile.png\",\"width\":230,\"height\":92,\"caption\":\"CidadeMarketing\"},\"image\":{\"@id\":\"https:\\\/\\\/www.cidademarketing.com.br\\\/marketing\\\/#\\\/schema\\\/logo\\\/image\\\/\"},\"sameAs\":[\"https:\\\/\\\/www.facebook.com\\\/portalcidademarketing\",\"https:\\\/\\\/x.com\\\/CidadeMarketing\",\"https:\\\/\\\/www.instagram.com\\\/cidademarketing\\\/\"]},{\"@type\":\"Person\",\"@id\":\"https:\\\/\\\/www.cidademarketing.com.br\\\/marketing\\\/#\\\/schema\\\/person\\\/02daff9f18bd9378c9e01eb6b2db155f\",\"name\":\"Thales Brand\u00e3o\",\"image\":{\"@type\":\"ImageObject\",\"inLanguage\":\"pt-BR\",\"@id\":\"https:\\\/\\\/secure.gravatar.com\\\/avatar\\\/7ca3206950207cc3cb48feec56a8a7898741ab725c368d99d5d7a5a50aab80c6?s=96&d=mm&r=g\",\"url\":\"https:\\\/\\\/secure.gravatar.com\\\/avatar\\\/7ca3206950207cc3cb48feec56a8a7898741ab725c368d99d5d7a5a50aab80c6?s=96&d=mm&r=g\",\"contentUrl\":\"https:\\\/\\\/secure.gravatar.com\\\/avatar\\\/7ca3206950207cc3cb48feec56a8a7898741ab725c368d99d5d7a5a50aab80c6?s=96&d=mm&r=g\",\"caption\":\"Thales Brand\u00e3o\"},\"description\":\"Editor Executivo do Portal CidadeMarketing.com.br &gt; Mestre em Comunica\u00e7\u00e3o e Sociedade pela Universidade Federal de Sergipe. Possui MBA Executivo em Administra\u00e7\u00e3o com \u00eanfase em Marketing pela Funda\u00e7\u00e3o Get\u00falio Vargas - Rio de Janeiro. Consultor, Palestrante e Pesquisador sobre Empreendedorismo, Marketing, Redes Sociais e Neg\u00f3cios Digitais. Professor, Palestrante TedxTalks e Campus Party. Twitter: @ThalesBrandao\",\"sameAs\":[\"http:\\\/\\\/www.mandacaru.com.br\",\"https:\\\/\\\/www.facebook.com\\\/thalesbrandao\",\"http:\\\/\\\/www.instagram.com.br\\\/thalesbrandaoferreira\",\"https:\\\/\\\/www.linkedin.com\\\/in\\\/thales-brand\u00e3o-3948609\\\/\",\"https:\\\/\\\/x.com\\\/http:\\\/\\\/www.twitter.com\\\/thalesbrandao\"],\"url\":\"https:\\\/\\\/www.cidademarketing.com.br\\\/marketing\\\/author\\\/thalesbrandao\\\/\"}]}<\/script>\n<!-- \/ Yoast SEO plugin. -->","yoast_head_json":{"title":"Vale decide fechar 10 barragens semelhantes \u00e0 de Brumadinho\/MG - CidadeMarketing","robots":{"index":"index","follow":"follow","max-snippet":"max-snippet:-1","max-image-preview":"max-image-preview:large","max-video-preview":"max-video-preview:-1"},"canonical":"https:\/\/www.cidademarketing.com.br\/marketing\/2019\/01\/30\/vale-decide-fechar-10-barragens-semelhantes-a-de-brumadinho-mg\/","og_locale":"pt_BR","og_type":"article","og_title":"Vale decide fechar 10 barragens semelhantes \u00e0 de Brumadinho\/MG - CidadeMarketing","og_description":"Ap\u00f3s reuni\u00e3o com os ministros de Minas e Energia, Bento Albuquerque, e do Meio Ambiente, Ricardos Salles, o presidente da Vale, Fabio Schvartsman, anunciou hoje (29) que a empresa vai acabar com dez barragens, como a que se rompeu em Brumadinho, nos arredores de Belo Horizonte (MG). Segundo ele, essas barragens ser\u00e3o descomissionadas. \u201c\u00c9 a [&hellip;]","og_url":"https:\/\/www.cidademarketing.com.br\/marketing\/2019\/01\/30\/vale-decide-fechar-10-barragens-semelhantes-a-de-brumadinho-mg\/","og_site_name":"CidadeMarketing","article_publisher":"https:\/\/www.facebook.com\/portalcidademarketing","article_author":"https:\/\/www.facebook.com\/thalesbrandao","article_published_time":"2019-01-30T03:38:10+00:00","article_modified_time":"2019-01-30T03:38:12+00:00","og_image":[{"width":1140,"height":760,"url":"https:\/\/www.cidademarketing.com.br\/marketing\/wp-content\/uploads\/2019\/01\/presidentedavale_valtercampanato_agenciabrasil.jpg","type":"image\/jpeg"}],"author":"Thales Brand\u00e3o","twitter_card":"summary_large_image","twitter_creator":"@http:\/\/www.twitter.com\/thalesbrandao","twitter_site":"@CidadeMarketing","twitter_misc":{"Escrito por":"Thales Brand\u00e3o","Est. tempo de leitura":"1 minuto"},"schema":{"@context":"https:\/\/schema.org","@graph":[{"@type":"Article","@id":"https:\/\/www.cidademarketing.com.br\/marketing\/2019\/01\/30\/vale-decide-fechar-10-barragens-semelhantes-a-de-brumadinho-mg\/#article","isPartOf":{"@id":"https:\/\/www.cidademarketing.com.br\/marketing\/2019\/01\/30\/vale-decide-fechar-10-barragens-semelhantes-a-de-brumadinho-mg\/"},"author":{"name":"Thales Brand\u00e3o","@id":"https:\/\/www.cidademarketing.com.br\/marketing\/#\/schema\/person\/02daff9f18bd9378c9e01eb6b2db155f"},"headline":"Vale decide fechar 10 barragens semelhantes \u00e0 de Brumadinho\/MG","datePublished":"2019-01-30T03:38:10+00:00","dateModified":"2019-01-30T03:38:12+00:00","mainEntityOfPage":{"@id":"https:\/\/www.cidademarketing.com.br\/marketing\/2019\/01\/30\/vale-decide-fechar-10-barragens-semelhantes-a-de-brumadinho-mg\/"},"wordCount":277,"commentCount":0,"publisher":{"@id":"https:\/\/www.cidademarketing.com.br\/marketing\/#organization"},"image":{"@id":"https:\/\/www.cidademarketing.com.br\/marketing\/2019\/01\/30\/vale-decide-fechar-10-barragens-semelhantes-a-de-brumadinho-mg\/#primaryimage"},"thumbnailUrl":"https:\/\/www.cidademarketing.com.br\/marketing\/wp-content\/uploads\/2019\/01\/presidentedavale_valtercampanato_agenciabrasil.jpg","keywords":["Brumadinho","estrat\u00e9gia","meio ambiente","sustentabilidade"],"articleSection":["Pesquisa de Mercado"],"inLanguage":"pt-BR","potentialAction":[{"@type":"CommentAction","name":"Comment","target":["https:\/\/www.cidademarketing.com.br\/marketing\/2019\/01\/30\/vale-decide-fechar-10-barragens-semelhantes-a-de-brumadinho-mg\/#respond"]}]},{"@type":"WebPage","@id":"https:\/\/www.cidademarketing.com.br\/marketing\/2019\/01\/30\/vale-decide-fechar-10-barragens-semelhantes-a-de-brumadinho-mg\/","url":"https:\/\/www.cidademarketing.com.br\/marketing\/2019\/01\/30\/vale-decide-fechar-10-barragens-semelhantes-a-de-brumadinho-mg\/","name":"Vale decide fechar 10 barragens semelhantes \u00e0 de Brumadinho\/MG - CidadeMarketing","isPartOf":{"@id":"https:\/\/www.cidademarketing.com.br\/marketing\/#website"},"primaryImageOfPage":{"@id":"https:\/\/www.cidademarketing.com.br\/marketing\/2019\/01\/30\/vale-decide-fechar-10-barragens-semelhantes-a-de-brumadinho-mg\/#primaryimage"},"image":{"@id":"https:\/\/www.cidademarketing.com.br\/marketing\/2019\/01\/30\/vale-decide-fechar-10-barragens-semelhantes-a-de-brumadinho-mg\/#primaryimage"},"thumbnailUrl":"https:\/\/www.cidademarketing.com.br\/marketing\/wp-content\/uploads\/2019\/01\/presidentedavale_valtercampanato_agenciabrasil.jpg","datePublished":"2019-01-30T03:38:10+00:00","dateModified":"2019-01-30T03:38:12+00:00","breadcrumb":{"@id":"https:\/\/www.cidademarketing.com.br\/marketing\/2019\/01\/30\/vale-decide-fechar-10-barragens-semelhantes-a-de-brumadinho-mg\/#breadcrumb"},"inLanguage":"pt-BR","potentialAction":[{"@type":"ReadAction","target":["https:\/\/www.cidademarketing.com.br\/marketing\/2019\/01\/30\/vale-decide-fechar-10-barragens-semelhantes-a-de-brumadinho-mg\/"]}]},{"@type":"ImageObject","inLanguage":"pt-BR","@id":"https:\/\/www.cidademarketing.com.br\/marketing\/2019\/01\/30\/vale-decide-fechar-10-barragens-semelhantes-a-de-brumadinho-mg\/#primaryimage","url":"https:\/\/www.cidademarketing.com.br\/marketing\/wp-content\/uploads\/2019\/01\/presidentedavale_valtercampanato_agenciabrasil.jpg","contentUrl":"https:\/\/www.cidademarketing.com.br\/marketing\/wp-content\/uploads\/2019\/01\/presidentedavale_valtercampanato_agenciabrasil.jpg","width":1140,"height":760,"caption":"O presidente da Vale, Fabio Schvartsman, ap\u00f3s reuni\u00e3o com os ministros de Minas e Energia, Bento Albuquerque, e do Meio Ambiente, Ricardos Salles, fala \u00e0 imprensa sobre acabar com dez barragens, como a que se rompeu em Brumadinho. Valter Campanato\/Ag\u00eancia Brasil"},{"@type":"BreadcrumbList","@id":"https:\/\/www.cidademarketing.com.br\/marketing\/2019\/01\/30\/vale-decide-fechar-10-barragens-semelhantes-a-de-brumadinho-mg\/#breadcrumb","itemListElement":[{"@type":"ListItem","position":1,"name":"In\u00edcio","item":"https:\/\/www.cidademarketing.com.br\/marketing\/"},{"@type":"ListItem","position":2,"name":"Vale decide fechar 10 barragens semelhantes \u00e0 de Brumadinho\/MG"}]},{"@type":"WebSite","@id":"https:\/\/www.cidademarketing.com.br\/marketing\/#website","url":"https:\/\/www.cidademarketing.com.br\/marketing\/","name":"CidadeMarketing","description":"Somos um ve\u00edculo de comunica\u00e7\u00e3o de destaque no Brasil, reconhecido por conte\u00fados nos segmentos de marketing, empreendedorismo e inova\u00e7\u00e3o.","publisher":{"@id":"https:\/\/www.cidademarketing.com.br\/marketing\/#organization"},"alternateName":"CidadeMarketing","potentialAction":[{"@type":"SearchAction","target":{"@type":"EntryPoint","urlTemplate":"https:\/\/www.cidademarketing.com.br\/marketing\/?s={search_term_string}"},"query-input":{"@type":"PropertyValueSpecification","valueRequired":true,"valueName":"search_term_string"}}],"inLanguage":"pt-BR"},{"@type":"Organization","@id":"https:\/\/www.cidademarketing.com.br\/marketing\/#organization","name":"CidadeMarketing","alternateName":"CidadeMarketing","url":"https:\/\/www.cidademarketing.com.br\/marketing\/","logo":{"@type":"ImageObject","inLanguage":"pt-BR","@id":"https:\/\/www.cidademarketing.com.br\/marketing\/#\/schema\/logo\/image\/","url":"https:\/\/www.cidademarketing.com.br\/marketing\/wp-content\/uploads\/2020\/01\/cidademarketing_marca_mobile.png","contentUrl":"https:\/\/www.cidademarketing.com.br\/marketing\/wp-content\/uploads\/2020\/01\/cidademarketing_marca_mobile.png","width":230,"height":92,"caption":"CidadeMarketing"},"image":{"@id":"https:\/\/www.cidademarketing.com.br\/marketing\/#\/schema\/logo\/image\/"},"sameAs":["https:\/\/www.facebook.com\/portalcidademarketing","https:\/\/x.com\/CidadeMarketing","https:\/\/www.instagram.com\/cidademarketing\/"]},{"@type":"Person","@id":"https:\/\/www.cidademarketing.com.br\/marketing\/#\/schema\/person\/02daff9f18bd9378c9e01eb6b2db155f","name":"Thales Brand\u00e3o","image":{"@type":"ImageObject","inLanguage":"pt-BR","@id":"https:\/\/secure.gravatar.com\/avatar\/7ca3206950207cc3cb48feec56a8a7898741ab725c368d99d5d7a5a50aab80c6?s=96&d=mm&r=g","url":"https:\/\/secure.gravatar.com\/avatar\/7ca3206950207cc3cb48feec56a8a7898741ab725c368d99d5d7a5a50aab80c6?s=96&d=mm&r=g","contentUrl":"https:\/\/secure.gravatar.com\/avatar\/7ca3206950207cc3cb48feec56a8a7898741ab725c368d99d5d7a5a50aab80c6?s=96&d=mm&r=g","caption":"Thales Brand\u00e3o"},"description":"Editor Executivo do Portal CidadeMarketing.com.br &gt; Mestre em Comunica\u00e7\u00e3o e Sociedade pela Universidade Federal de Sergipe. Possui MBA Executivo em Administra\u00e7\u00e3o com \u00eanfase em Marketing pela Funda\u00e7\u00e3o Get\u00falio Vargas - Rio de Janeiro. Consultor, Palestrante e Pesquisador sobre Empreendedorismo, Marketing, Redes Sociais e Neg\u00f3cios Digitais. Professor, Palestrante TedxTalks e Campus Party. Twitter: @ThalesBrandao","sameAs":["http:\/\/www.mandacaru.com.br","https:\/\/www.facebook.com\/thalesbrandao","http:\/\/www.instagram.com.br\/thalesbrandaoferreira","https:\/\/www.linkedin.com\/in\/thales-brand\u00e3o-3948609\/","https:\/\/x.com\/http:\/\/www.twitter.com\/thalesbrandao"],"url":"https:\/\/www.cidademarketing.com.br\/marketing\/author\/thalesbrandao\/"}]}},"amp_enabled":true,"_links":{"self":[{"href":"https:\/\/www.cidademarketing.com.br\/marketing\/wp-json\/wp\/v2\/posts\/5771","targetHints":{"allow":["GET"]}}],"collection":[{"href":"https:\/\/www.cidademarketing.com.br\/marketing\/wp-json\/wp\/v2\/posts"}],"about":[{"href":"https:\/\/www.cidademarketing.com.br\/marketing\/wp-json\/wp\/v2\/types\/post"}],"author":[{"embeddable":true,"href":"https:\/\/www.cidademarketing.com.br\/marketing\/wp-json\/wp\/v2\/users\/1"}],"replies":[{"embeddable":true,"href":"https:\/\/www.cidademarketing.com.br\/marketing\/wp-json\/wp\/v2\/comments?post=5771"}],"version-history":[{"count":1,"href":"https:\/\/www.cidademarketing.com.br\/marketing\/wp-json\/wp\/v2\/posts\/5771\/revisions"}],"predecessor-version":[{"id":5773,"href":"https:\/\/www.cidademarketing.com.br\/marketing\/wp-json\/wp\/v2\/posts\/5771\/revisions\/5773"}],"wp:featuredmedia":[{"embeddable":true,"href":"https:\/\/www.cidademarketing.com.br\/marketing\/wp-json\/wp\/v2\/media\/5772"}],"wp:attachment":[{"href":"https:\/\/www.cidademarketing.com.br\/marketing\/wp-json\/wp\/v2\/media?parent=5771"}],"wp:term":[{"taxonomy":"category","embeddable":true,"href":"https:\/\/www.cidademarketing.com.br\/marketing\/wp-json\/wp\/v2\/categories?post=5771"},{"taxonomy":"post_tag","embeddable":true,"href":"https:\/\/www.cidademarketing.com.br\/marketing\/wp-json\/wp\/v2\/tags?post=5771"}],"curies":[{"name":"wp","href":"https:\/\/api.w.org\/{rel}","templated":true}]}}