{"id":57613,"date":"2025-09-16T12:55:43","date_gmt":"2025-09-16T15:55:43","guid":{"rendered":"https:\/\/www.cidademarketing.com.br\/marketing\/?p=57613"},"modified":"2025-09-16T12:55:43","modified_gmt":"2025-09-16T15:55:43","slug":"melitta-fecha-parceria-historica-com-real-madrid-e-torna-se-o-cafe-oficial-do-clube-espanhol","status":"publish","type":"post","link":"https:\/\/www.cidademarketing.com.br\/marketing\/2025\/09\/16\/melitta-fecha-parceria-historica-com-real-madrid-e-torna-se-o-cafe-oficial-do-clube-espanhol\/","title":{"rendered":"Melitta fecha parceria hist\u00f3rica com Real Madrid e torna-se o caf\u00e9 oficial do clube espanhol"},"content":{"rendered":"<p>Com o in\u00edcio da temporada 2025\/26, a Melitta anunciou oficialmente que ser\u00e1 a nova parceira de caf\u00e9 do Real Madrid. O acordo consolida a presen\u00e7a da marca no cen\u00e1rio esportivo internacional e refor\u00e7a sua estrat\u00e9gia de marketing global ao se associar a um dos clubes mais vitoriosos e reconhecidos do planeta.<\/p>\n<p>A parceria prev\u00ea a presen\u00e7a da Melitta em diferentes frentes do clube. A marca estar\u00e1 vis\u00edvel no lend\u00e1rio Estadio Santiago Bernab\u00e9u \u2014 tanto nas arquibancadas quanto nos lounges VIP \u2014 al\u00e9m de eventos oficiais envolvendo as equipes masculina e feminina do Real Madrid, conhecidas por seus sucessos nacionais e internacionais.<\/p>\n<p>Tamb\u00e9m haver\u00e1 ativa\u00e7\u00f5es da marca no centro de treinamento e nos escrit\u00f3rios do clube, garantindo que jogadores, funcion\u00e1rios e convidados tenham acesso a caf\u00e9s e especialidades exclusivas da Melitta.<\/p>\n\r\n                <style type=\"text\/css\">\r\n                    \r\n                    #tdi_1  .td-doubleSlider-2 .td-item1 {\r\n                        background: url(https:\/\/www.cidademarketing.com.br\/marketing\/wp-content\/uploads\/2025\/09\/melitta_realmadrid_parceria_01-80x60.webp) 0 0 no-repeat;\r\n                    }\r\n                    #tdi_1  .td-doubleSlider-2 .td-item2 {\r\n                        background: url(https:\/\/www.cidademarketing.com.br\/marketing\/wp-content\/uploads\/2025\/09\/melitta_realmadrid_parceria_02-80x60.webp) 0 0 no-repeat;\r\n                    }\r\n                    #tdi_1  .td-doubleSlider-2 .td-item3 {\r\n                        background: url(https:\/\/www.cidademarketing.com.br\/marketing\/wp-content\/uploads\/2025\/09\/melitta_realmadrid_parceria_03-80x60.webp) 0 0 no-repeat;\r\n                    }\r\n                    #tdi_1  .td-doubleSlider-2 .td-item4 {\r\n                        background: url(https:\/\/www.cidademarketing.com.br\/marketing\/wp-content\/uploads\/2025\/09\/melitta_realmadrid_parceria_04-80x60.webp) 0 0 no-repeat;\r\n                    }\r\n                <\/style>\r\n\r\n                <div id=\"tdi_1\" class=\"td-gallery td-slide-on-2-columns\">\r\n                    <div class=\"post_td_gallery\">\r\n                        <div class=\"td-gallery-slide-top\">\r\n                           <div class=\"td-gallery-title\"><\/div>\r\n\r\n                            <div class=\"td-gallery-controls-wrapper\">\r\n                                <div class=\"td-gallery-slide-count\"><span class=\"td-gallery-slide-item-focus\">1<\/span> de 4<\/div>\r\n                                <div class=\"td-gallery-slide-prev-next-but\">\r\n                                    <i class = \"td-icon-left doubleSliderPrevButton\"><\/i>\r\n                                    <i class = \"td-icon-right doubleSliderNextButton\"><\/i>\r\n                                <\/div>\r\n                            <\/div>\r\n                        <\/div>\r\n\r\n                        <div class = \"td-doubleSlider-1 \">\r\n                            <div class = \"td-slider\">\r\n                                \r\n                    <div class = \"td-slide-item td-item1\">\r\n                        <figure class=\"td-slide-galery-figure td-slide-popup-gallery\">\r\n                            <a class=\"slide-gallery-image-link\" href=\"https:\/\/www.cidademarketing.com.br\/marketing\/wp-content\/uploads\/2025\/09\/melitta_realmadrid_parceria_01.webp\" title=\"Melitta fecha parceria hist\u00f3rica com Real Madrid e torna-se o caf\u00e9 oficial do clube espanhol\"  data-caption=\"Divulga\u00e7\u00e3o\"  data-description=\"\">\r\n                                <img decoding=\"async\" src=\"https:\/\/www.cidademarketing.com.br\/marketing\/wp-content\/uploads\/2025\/09\/melitta_realmadrid_parceria_01-336x420.webp\" srcset=\"https:\/\/www.cidademarketing.com.br\/marketing\/wp-content\/uploads\/2025\/09\/melitta_realmadrid_parceria_01-336x420.webp 336w, https:\/\/www.cidademarketing.com.br\/marketing\/wp-content\/uploads\/2025\/09\/melitta_realmadrid_parceria_01-240x300.webp 240w, https:\/\/www.cidademarketing.com.br\/marketing\/wp-content\/uploads\/2025\/09\/melitta_realmadrid_parceria_01-819x1024.webp 819w, https:\/\/www.cidademarketing.com.br\/marketing\/wp-content\/uploads\/2025\/09\/melitta_realmadrid_parceria_01-768x961.webp 768w, https:\/\/www.cidademarketing.com.br\/marketing\/wp-content\/uploads\/2025\/09\/melitta_realmadrid_parceria_01-640x801.webp 640w, https:\/\/www.cidademarketing.com.br\/marketing\/wp-content\/uploads\/2025\/09\/melitta_realmadrid_parceria_01-681x852.webp 681w, https:\/\/www.cidademarketing.com.br\/marketing\/wp-content\/uploads\/2025\/09\/melitta_realmadrid_parceria_01.webp 1000w\" sizes=\"(max-width: 336px) 100vw, 336px\" alt=\"O brasileiro Vini Jr. assume o papel de principal garoto-propaganda da a&ccedil;&atilde;o promocional.\">\r\n                            <\/a>\r\n                            <figcaption class = \"td-slide-caption td-gallery-slide-content\"><div class = \"td-gallery-slide-copywrite\">Divulga\u00e7\u00e3o<\/div><\/figcaption>\r\n                        <\/figure>\r\n                    <\/div>\r\n                    <div class = \"td-slide-item td-item2\">\r\n                        <figure class=\"td-slide-galery-figure td-slide-popup-gallery\">\r\n                            <a class=\"slide-gallery-image-link\" href=\"https:\/\/www.cidademarketing.com.br\/marketing\/wp-content\/uploads\/2025\/09\/melitta_realmadrid_parceria_02.webp\" title=\"Melitta fecha parceria hist\u00f3rica com Real Madrid e torna-se o caf\u00e9 oficial do clube espanhol\"  data-caption=\"Divulga\u00e7\u00e3o\"  data-description=\"\">\r\n                                <img decoding=\"async\" src=\"https:\/\/www.cidademarketing.com.br\/marketing\/wp-content\/uploads\/2025\/09\/melitta_realmadrid_parceria_02-336x420.webp\" srcset=\"https:\/\/www.cidademarketing.com.br\/marketing\/wp-content\/uploads\/2025\/09\/melitta_realmadrid_parceria_02-336x420.webp 336w, https:\/\/www.cidademarketing.com.br\/marketing\/wp-content\/uploads\/2025\/09\/melitta_realmadrid_parceria_02-240x300.webp 240w, https:\/\/www.cidademarketing.com.br\/marketing\/wp-content\/uploads\/2025\/09\/melitta_realmadrid_parceria_02-820x1024.webp 820w, https:\/\/www.cidademarketing.com.br\/marketing\/wp-content\/uploads\/2025\/09\/melitta_realmadrid_parceria_02-768x959.webp 768w, https:\/\/www.cidademarketing.com.br\/marketing\/wp-content\/uploads\/2025\/09\/melitta_realmadrid_parceria_02-640x799.webp 640w, https:\/\/www.cidademarketing.com.br\/marketing\/wp-content\/uploads\/2025\/09\/melitta_realmadrid_parceria_02-681x851.webp 681w, https:\/\/www.cidademarketing.com.br\/marketing\/wp-content\/uploads\/2025\/09\/melitta_realmadrid_parceria_02.webp 1000w\" sizes=\"(max-width: 336px) 100vw, 336px\" alt=\"O brasileiro Vini Jr. assume o papel de principal garoto-propaganda da a&ccedil;&atilde;o promocional.\">\r\n                            <\/a>\r\n                            <figcaption class = \"td-slide-caption td-gallery-slide-content\"><div class = \"td-gallery-slide-copywrite\">Divulga\u00e7\u00e3o<\/div><\/figcaption>\r\n                        <\/figure>\r\n                    <\/div>\r\n                    <div class = \"td-slide-item td-item3\">\r\n                        <figure class=\"td-slide-galery-figure td-slide-popup-gallery\">\r\n                            <a class=\"slide-gallery-image-link\" href=\"https:\/\/www.cidademarketing.com.br\/marketing\/wp-content\/uploads\/2025\/09\/melitta_realmadrid_parceria_03.webp\" title=\"Melitta fecha parceria hist\u00f3rica com Real Madrid e torna-se o caf\u00e9 oficial do clube espanhol\"  data-caption=\"Divulga\u00e7\u00e3o\"  data-description=\"\">\r\n                                <img decoding=\"async\" src=\"https:\/\/www.cidademarketing.com.br\/marketing\/wp-content\/uploads\/2025\/09\/melitta_realmadrid_parceria_03-336x420.webp\" srcset=\"https:\/\/www.cidademarketing.com.br\/marketing\/wp-content\/uploads\/2025\/09\/melitta_realmadrid_parceria_03-336x420.webp 336w, https:\/\/www.cidademarketing.com.br\/marketing\/wp-content\/uploads\/2025\/09\/melitta_realmadrid_parceria_03-240x300.webp 240w, https:\/\/www.cidademarketing.com.br\/marketing\/wp-content\/uploads\/2025\/09\/melitta_realmadrid_parceria_03-819x1024.webp 819w, https:\/\/www.cidademarketing.com.br\/marketing\/wp-content\/uploads\/2025\/09\/melitta_realmadrid_parceria_03-768x960.webp 768w, https:\/\/www.cidademarketing.com.br\/marketing\/wp-content\/uploads\/2025\/09\/melitta_realmadrid_parceria_03-640x800.webp 640w, https:\/\/www.cidademarketing.com.br\/marketing\/wp-content\/uploads\/2025\/09\/melitta_realmadrid_parceria_03-681x851.webp 681w, https:\/\/www.cidademarketing.com.br\/marketing\/wp-content\/uploads\/2025\/09\/melitta_realmadrid_parceria_03.webp 1000w\" sizes=\"(max-width: 336px) 100vw, 336px\" alt=\"O brasileiro Vini Jr. assume o papel de principal garoto-propaganda da a&ccedil;&atilde;o promocional.\">\r\n                            <\/a>\r\n                            <figcaption class = \"td-slide-caption td-gallery-slide-content\"><div class = \"td-gallery-slide-copywrite\">Divulga\u00e7\u00e3o<\/div><\/figcaption>\r\n                        <\/figure>\r\n                    <\/div>\r\n                    <div class = \"td-slide-item td-item4\">\r\n                        <figure class=\"td-slide-galery-figure td-slide-popup-gallery\">\r\n                            <a class=\"slide-gallery-image-link\" href=\"https:\/\/www.cidademarketing.com.br\/marketing\/wp-content\/uploads\/2025\/09\/melitta_realmadrid_parceria_04.webp\" title=\"Melitta fecha parceria hist\u00f3rica com Real Madrid e torna-se o caf\u00e9 oficial do clube espanhol\"  data-caption=\"Divulga\u00e7\u00e3o\"  data-description=\"\">\r\n                                <img decoding=\"async\" src=\"https:\/\/www.cidademarketing.com.br\/marketing\/wp-content\/uploads\/2025\/09\/melitta_realmadrid_parceria_04-336x420.webp\" srcset=\"https:\/\/www.cidademarketing.com.br\/marketing\/wp-content\/uploads\/2025\/09\/melitta_realmadrid_parceria_04-336x420.webp 336w, https:\/\/www.cidademarketing.com.br\/marketing\/wp-content\/uploads\/2025\/09\/melitta_realmadrid_parceria_04-240x300.webp 240w, https:\/\/www.cidademarketing.com.br\/marketing\/wp-content\/uploads\/2025\/09\/melitta_realmadrid_parceria_04-819x1024.webp 819w, https:\/\/www.cidademarketing.com.br\/marketing\/wp-content\/uploads\/2025\/09\/melitta_realmadrid_parceria_04-768x961.webp 768w, https:\/\/www.cidademarketing.com.br\/marketing\/wp-content\/uploads\/2025\/09\/melitta_realmadrid_parceria_04-640x801.webp 640w, https:\/\/www.cidademarketing.com.br\/marketing\/wp-content\/uploads\/2025\/09\/melitta_realmadrid_parceria_04-681x852.webp 681w, https:\/\/www.cidademarketing.com.br\/marketing\/wp-content\/uploads\/2025\/09\/melitta_realmadrid_parceria_04.webp 1000w\" sizes=\"(max-width: 336px) 100vw, 336px\" alt=\"O brasileiro Vini Jr. assume o papel de principal garoto-propaganda da a&ccedil;&atilde;o promocional.\">\r\n                            <\/a>\r\n                            <figcaption class = \"td-slide-caption td-gallery-slide-content\"><div class = \"td-gallery-slide-copywrite\">Divulga\u00e7\u00e3o<\/div><\/figcaption>\r\n                        <\/figure>\r\n                    <\/div>\r\n                            <\/div>\r\n                        <\/div>\r\n\r\n                        <div class = \"td-doubleSlider-2\">\r\n                            <div class = \"td-slider\">\r\n                                \r\n                    <div class = \"td-button td-item1\">\r\n                        <div class = \"td-border\"><\/div>\r\n                    <\/div>\r\n                    <div class = \"td-button td-item2\">\r\n                        <div class = \"td-border\"><\/div>\r\n                    <\/div>\r\n                    <div class = \"td-button td-item3\">\r\n                        <div class = \"td-border\"><\/div>\r\n                    <\/div>\r\n                    <div class = \"td-button td-item4\">\r\n                        <div class = \"td-border\"><\/div>\r\n                    <\/div>\r\n                            <\/div>\r\n                        <\/div>\r\n\r\n                    <\/div>\r\n\r\n                <\/div>\r\n                \n<p>Para oferecer a melhor experi\u00eancia, mais de 60 m\u00e1quinas de caf\u00e9 totalmente autom\u00e1ticas Melitta XT6 e 150 m\u00e1quinas Melitta Barista TS foram instaladas pelo clube. Esses equipamentos garantem a prepara\u00e7\u00e3o perfeita das bebidas, mantendo o padr\u00e3o de qualidade que tornou a Melitta refer\u00eancia mundial no setor.<\/p>\n<p>Ao associar sua marca ao Real Madrid, a Melitta fortalece sua imagem de tradi\u00e7\u00e3o, qualidade e inova\u00e7\u00e3o. Parcerias entre marcas de consumo e grandes clubes de futebol t\u00eam se mostrado eficazes para aumentar a visibilidade global e estreitar a conex\u00e3o emocional com os consumidores.\u00a0 O brasileiro <span class=\"hover:entity-accent entity-underline inline cursor-pointer align-baseline\"><span class=\"whitespace-normal\">Vini Jr.<\/span><\/span> \u00e9 o principal garoto-propaganda da campanha que celebra a parceria entre as marcas.<\/p>\n","protected":false},"excerpt":{"rendered":"<p>Com o in\u00edcio da temporada 2025\/26, a Melitta anunciou oficialmente que ser\u00e1 a nova parceira de caf\u00e9 do Real Madrid. O acordo consolida a presen\u00e7a da marca no cen\u00e1rio esportivo internacional e refor\u00e7a sua estrat\u00e9gia de marketing global ao se associar a um dos clubes mais vitoriosos e reconhecidos do planeta. A parceria prev\u00ea a [&hellip;]<\/p>\n","protected":false},"author":1,"featured_media":57617,"comment_status":"open","ping_status":"open","sticky":false,"template":"","format":"standard","meta":{"tdm_status":"","tdm_grid_status":"","footnotes":""},"categories":[6],"tags":[1746,65,9815,33,386,28,539,235,9814,5457],"class_list":{"0":"post-57613","1":"post","2":"type-post","3":"status-publish","4":"format-standard","5":"has-post-thumbnail","6":"hentry","7":"category-noticias","8":"tag-cafe","9":"tag-campanha","11":"tag-estrategia","12":"tag-futebol","13":"tag-marketing","14":"tag-melitta","15":"tag-parceria","16":"tag-real-madrid","17":"tag-vini-jr"},"yoast_head":"<!-- This site is optimized with the Yoast SEO plugin v27.5 - https:\/\/yoast.com\/product\/yoast-seo-wordpress\/ -->\n<title>Melitta fecha parceria hist\u00f3rica com Real Madrid e torna-se o caf\u00e9 oficial do clube espanhol - CidadeMarketing<\/title>\n<meta name=\"robots\" content=\"index, follow, max-snippet:-1, max-image-preview:large, max-video-preview:-1\" \/>\n<link rel=\"canonical\" href=\"https:\/\/www.cidademarketing.com.br\/marketing\/2025\/09\/16\/melitta-fecha-parceria-historica-com-real-madrid-e-torna-se-o-cafe-oficial-do-clube-espanhol\/\" \/>\n<meta property=\"og:locale\" content=\"pt_BR\" \/>\n<meta property=\"og:type\" content=\"article\" \/>\n<meta property=\"og:title\" content=\"Melitta fecha parceria hist\u00f3rica com Real Madrid e torna-se o caf\u00e9 oficial do clube espanhol - CidadeMarketing\" \/>\n<meta property=\"og:description\" content=\"Com o in\u00edcio da temporada 2025\/26, a Melitta anunciou oficialmente que ser\u00e1 a nova parceira de caf\u00e9 do Real Madrid. O acordo consolida a presen\u00e7a da marca no cen\u00e1rio esportivo internacional e refor\u00e7a sua estrat\u00e9gia de marketing global ao se associar a um dos clubes mais vitoriosos e reconhecidos do planeta. A parceria prev\u00ea a [&hellip;]\" \/>\n<meta property=\"og:url\" content=\"https:\/\/www.cidademarketing.com.br\/marketing\/2025\/09\/16\/melitta-fecha-parceria-historica-com-real-madrid-e-torna-se-o-cafe-oficial-do-clube-espanhol\/\" \/>\n<meta property=\"og:site_name\" content=\"CidadeMarketing\" \/>\n<meta property=\"article:publisher\" content=\"https:\/\/www.facebook.com\/portalcidademarketing\" \/>\n<meta property=\"article:author\" content=\"https:\/\/www.facebook.com\/thalesbrandao\" \/>\n<meta property=\"article:published_time\" content=\"2025-09-16T15:55:43+00:00\" \/>\n<meta property=\"og:image\" content=\"https:\/\/www.cidademarketing.com.br\/marketing\/wp-content\/uploads\/2025\/09\/melitta_realmadrid_parceria_04.webp\" \/>\n\t<meta property=\"og:image:width\" content=\"1000\" \/>\n\t<meta property=\"og:image:height\" content=\"1251\" \/>\n\t<meta property=\"og:image:type\" content=\"image\/webp\" \/>\n<meta name=\"author\" content=\"Thales Brand\u00e3o\" \/>\n<meta name=\"twitter:card\" content=\"summary_large_image\" \/>\n<meta name=\"twitter:creator\" content=\"@http:\/\/www.twitter.com\/thalesbrandao\" \/>\n<meta name=\"twitter:site\" content=\"@CidadeMarketing\" \/>\n<meta name=\"twitter:label1\" content=\"Escrito por\" \/>\n\t<meta name=\"twitter:data1\" content=\"Thales Brand\u00e3o\" \/>\n\t<meta name=\"twitter:label2\" content=\"Est. tempo de leitura\" \/>\n\t<meta name=\"twitter:data2\" content=\"2 minutos\" \/>\n<script type=\"application\/ld+json\" class=\"yoast-schema-graph\">{\"@context\":\"https:\\\/\\\/schema.org\",\"@graph\":[{\"@type\":\"Article\",\"@id\":\"https:\\\/\\\/www.cidademarketing.com.br\\\/marketing\\\/2025\\\/09\\\/16\\\/melitta-fecha-parceria-historica-com-real-madrid-e-torna-se-o-cafe-oficial-do-clube-espanhol\\\/#article\",\"isPartOf\":{\"@id\":\"https:\\\/\\\/www.cidademarketing.com.br\\\/marketing\\\/2025\\\/09\\\/16\\\/melitta-fecha-parceria-historica-com-real-madrid-e-torna-se-o-cafe-oficial-do-clube-espanhol\\\/\"},\"author\":{\"name\":\"Thales Brand\u00e3o\",\"@id\":\"https:\\\/\\\/www.cidademarketing.com.br\\\/marketing\\\/#\\\/schema\\\/person\\\/02daff9f18bd9378c9e01eb6b2db155f\"},\"headline\":\"Melitta fecha parceria hist\u00f3rica com Real Madrid e torna-se o caf\u00e9 oficial do clube espanhol\",\"datePublished\":\"2025-09-16T15:55:43+00:00\",\"mainEntityOfPage\":{\"@id\":\"https:\\\/\\\/www.cidademarketing.com.br\\\/marketing\\\/2025\\\/09\\\/16\\\/melitta-fecha-parceria-historica-com-real-madrid-e-torna-se-o-cafe-oficial-do-clube-espanhol\\\/\"},\"wordCount\":280,\"commentCount\":0,\"publisher\":{\"@id\":\"https:\\\/\\\/www.cidademarketing.com.br\\\/marketing\\\/#organization\"},\"image\":{\"@id\":\"https:\\\/\\\/www.cidademarketing.com.br\\\/marketing\\\/2025\\\/09\\\/16\\\/melitta-fecha-parceria-historica-com-real-madrid-e-torna-se-o-cafe-oficial-do-clube-espanhol\\\/#primaryimage\"},\"thumbnailUrl\":\"https:\\\/\\\/www.cidademarketing.com.br\\\/marketing\\\/wp-content\\\/uploads\\\/2025\\\/09\\\/melitta_realmadrid_parceria_04.webp\",\"keywords\":[\"caf\u00e9\",\"campanha\",\"Espanha\",\"estrat\u00e9gia\",\"futebol\",\"marketing\",\"Melitta\",\"parceria\",\"Real Madrid\",\"Vini Jr.\"],\"articleSection\":[\"Not\u00edcias\"],\"inLanguage\":\"pt-BR\",\"potentialAction\":[{\"@type\":\"CommentAction\",\"name\":\"Comment\",\"target\":[\"https:\\\/\\\/www.cidademarketing.com.br\\\/marketing\\\/2025\\\/09\\\/16\\\/melitta-fecha-parceria-historica-com-real-madrid-e-torna-se-o-cafe-oficial-do-clube-espanhol\\\/#respond\"]}]},{\"@type\":\"WebPage\",\"@id\":\"https:\\\/\\\/www.cidademarketing.com.br\\\/marketing\\\/2025\\\/09\\\/16\\\/melitta-fecha-parceria-historica-com-real-madrid-e-torna-se-o-cafe-oficial-do-clube-espanhol\\\/\",\"url\":\"https:\\\/\\\/www.cidademarketing.com.br\\\/marketing\\\/2025\\\/09\\\/16\\\/melitta-fecha-parceria-historica-com-real-madrid-e-torna-se-o-cafe-oficial-do-clube-espanhol\\\/\",\"name\":\"Melitta fecha parceria hist\u00f3rica com Real Madrid e torna-se o caf\u00e9 oficial do clube espanhol - CidadeMarketing\",\"isPartOf\":{\"@id\":\"https:\\\/\\\/www.cidademarketing.com.br\\\/marketing\\\/#website\"},\"primaryImageOfPage\":{\"@id\":\"https:\\\/\\\/www.cidademarketing.com.br\\\/marketing\\\/2025\\\/09\\\/16\\\/melitta-fecha-parceria-historica-com-real-madrid-e-torna-se-o-cafe-oficial-do-clube-espanhol\\\/#primaryimage\"},\"image\":{\"@id\":\"https:\\\/\\\/www.cidademarketing.com.br\\\/marketing\\\/2025\\\/09\\\/16\\\/melitta-fecha-parceria-historica-com-real-madrid-e-torna-se-o-cafe-oficial-do-clube-espanhol\\\/#primaryimage\"},\"thumbnailUrl\":\"https:\\\/\\\/www.cidademarketing.com.br\\\/marketing\\\/wp-content\\\/uploads\\\/2025\\\/09\\\/melitta_realmadrid_parceria_04.webp\",\"datePublished\":\"2025-09-16T15:55:43+00:00\",\"breadcrumb\":{\"@id\":\"https:\\\/\\\/www.cidademarketing.com.br\\\/marketing\\\/2025\\\/09\\\/16\\\/melitta-fecha-parceria-historica-com-real-madrid-e-torna-se-o-cafe-oficial-do-clube-espanhol\\\/#breadcrumb\"},\"inLanguage\":\"pt-BR\",\"potentialAction\":[{\"@type\":\"ReadAction\",\"target\":[\"https:\\\/\\\/www.cidademarketing.com.br\\\/marketing\\\/2025\\\/09\\\/16\\\/melitta-fecha-parceria-historica-com-real-madrid-e-torna-se-o-cafe-oficial-do-clube-espanhol\\\/\"]}]},{\"@type\":\"ImageObject\",\"inLanguage\":\"pt-BR\",\"@id\":\"https:\\\/\\\/www.cidademarketing.com.br\\\/marketing\\\/2025\\\/09\\\/16\\\/melitta-fecha-parceria-historica-com-real-madrid-e-torna-se-o-cafe-oficial-do-clube-espanhol\\\/#primaryimage\",\"url\":\"https:\\\/\\\/www.cidademarketing.com.br\\\/marketing\\\/wp-content\\\/uploads\\\/2025\\\/09\\\/melitta_realmadrid_parceria_04.webp\",\"contentUrl\":\"https:\\\/\\\/www.cidademarketing.com.br\\\/marketing\\\/wp-content\\\/uploads\\\/2025\\\/09\\\/melitta_realmadrid_parceria_04.webp\",\"width\":1000,\"height\":1251,\"caption\":\"Divulga\u00e7\u00e3o\"},{\"@type\":\"BreadcrumbList\",\"@id\":\"https:\\\/\\\/www.cidademarketing.com.br\\\/marketing\\\/2025\\\/09\\\/16\\\/melitta-fecha-parceria-historica-com-real-madrid-e-torna-se-o-cafe-oficial-do-clube-espanhol\\\/#breadcrumb\",\"itemListElement\":[{\"@type\":\"ListItem\",\"position\":1,\"name\":\"In\u00edcio\",\"item\":\"https:\\\/\\\/www.cidademarketing.com.br\\\/marketing\\\/\"},{\"@type\":\"ListItem\",\"position\":2,\"name\":\"Melitta fecha parceria hist\u00f3rica com Real Madrid e torna-se o caf\u00e9 oficial do clube espanhol\"}]},{\"@type\":\"WebSite\",\"@id\":\"https:\\\/\\\/www.cidademarketing.com.br\\\/marketing\\\/#website\",\"url\":\"https:\\\/\\\/www.cidademarketing.com.br\\\/marketing\\\/\",\"name\":\"CidadeMarketing\",\"description\":\"Somos um ve\u00edculo de comunica\u00e7\u00e3o de destaque no Brasil, reconhecido por conte\u00fados nos segmentos de marketing, empreendedorismo e inova\u00e7\u00e3o.\",\"publisher\":{\"@id\":\"https:\\\/\\\/www.cidademarketing.com.br\\\/marketing\\\/#organization\"},\"alternateName\":\"CidadeMarketing\",\"potentialAction\":[{\"@type\":\"SearchAction\",\"target\":{\"@type\":\"EntryPoint\",\"urlTemplate\":\"https:\\\/\\\/www.cidademarketing.com.br\\\/marketing\\\/?s={search_term_string}\"},\"query-input\":{\"@type\":\"PropertyValueSpecification\",\"valueRequired\":true,\"valueName\":\"search_term_string\"}}],\"inLanguage\":\"pt-BR\"},{\"@type\":\"Organization\",\"@id\":\"https:\\\/\\\/www.cidademarketing.com.br\\\/marketing\\\/#organization\",\"name\":\"CidadeMarketing\",\"alternateName\":\"CidadeMarketing\",\"url\":\"https:\\\/\\\/www.cidademarketing.com.br\\\/marketing\\\/\",\"logo\":{\"@type\":\"ImageObject\",\"inLanguage\":\"pt-BR\",\"@id\":\"https:\\\/\\\/www.cidademarketing.com.br\\\/marketing\\\/#\\\/schema\\\/logo\\\/image\\\/\",\"url\":\"https:\\\/\\\/www.cidademarketing.com.br\\\/marketing\\\/wp-content\\\/uploads\\\/2020\\\/01\\\/cidademarketing_marca_mobile.png\",\"contentUrl\":\"https:\\\/\\\/www.cidademarketing.com.br\\\/marketing\\\/wp-content\\\/uploads\\\/2020\\\/01\\\/cidademarketing_marca_mobile.png\",\"width\":230,\"height\":92,\"caption\":\"CidadeMarketing\"},\"image\":{\"@id\":\"https:\\\/\\\/www.cidademarketing.com.br\\\/marketing\\\/#\\\/schema\\\/logo\\\/image\\\/\"},\"sameAs\":[\"https:\\\/\\\/www.facebook.com\\\/portalcidademarketing\",\"https:\\\/\\\/x.com\\\/CidadeMarketing\",\"https:\\\/\\\/www.instagram.com\\\/cidademarketing\\\/\"]},{\"@type\":\"Person\",\"@id\":\"https:\\\/\\\/www.cidademarketing.com.br\\\/marketing\\\/#\\\/schema\\\/person\\\/02daff9f18bd9378c9e01eb6b2db155f\",\"name\":\"Thales Brand\u00e3o\",\"image\":{\"@type\":\"ImageObject\",\"inLanguage\":\"pt-BR\",\"@id\":\"https:\\\/\\\/secure.gravatar.com\\\/avatar\\\/7ca3206950207cc3cb48feec56a8a7898741ab725c368d99d5d7a5a50aab80c6?s=96&d=mm&r=g\",\"url\":\"https:\\\/\\\/secure.gravatar.com\\\/avatar\\\/7ca3206950207cc3cb48feec56a8a7898741ab725c368d99d5d7a5a50aab80c6?s=96&d=mm&r=g\",\"contentUrl\":\"https:\\\/\\\/secure.gravatar.com\\\/avatar\\\/7ca3206950207cc3cb48feec56a8a7898741ab725c368d99d5d7a5a50aab80c6?s=96&d=mm&r=g\",\"caption\":\"Thales Brand\u00e3o\"},\"description\":\"Editor Executivo do Portal CidadeMarketing.com.br &gt; Mestre em Comunica\u00e7\u00e3o e Sociedade pela Universidade Federal de Sergipe. Possui MBA Executivo em Administra\u00e7\u00e3o com \u00eanfase em Marketing pela Funda\u00e7\u00e3o Get\u00falio Vargas - Rio de Janeiro. Consultor, Palestrante e Pesquisador sobre Empreendedorismo, Marketing, Redes Sociais e Neg\u00f3cios Digitais. Professor, Palestrante TedxTalks e Campus Party. Twitter: @ThalesBrandao\",\"sameAs\":[\"http:\\\/\\\/www.mandacaru.com.br\",\"https:\\\/\\\/www.facebook.com\\\/thalesbrandao\",\"http:\\\/\\\/www.instagram.com.br\\\/thalesbrandaoferreira\",\"https:\\\/\\\/www.linkedin.com\\\/in\\\/thales-brand\u00e3o-3948609\\\/\",\"https:\\\/\\\/x.com\\\/http:\\\/\\\/www.twitter.com\\\/thalesbrandao\"],\"url\":\"https:\\\/\\\/www.cidademarketing.com.br\\\/marketing\\\/author\\\/thalesbrandao\\\/\"}]}<\/script>\n<!-- \/ Yoast SEO plugin. -->","yoast_head_json":{"title":"Melitta fecha parceria hist\u00f3rica com Real Madrid e torna-se o caf\u00e9 oficial do clube espanhol - CidadeMarketing","robots":{"index":"index","follow":"follow","max-snippet":"max-snippet:-1","max-image-preview":"max-image-preview:large","max-video-preview":"max-video-preview:-1"},"canonical":"https:\/\/www.cidademarketing.com.br\/marketing\/2025\/09\/16\/melitta-fecha-parceria-historica-com-real-madrid-e-torna-se-o-cafe-oficial-do-clube-espanhol\/","og_locale":"pt_BR","og_type":"article","og_title":"Melitta fecha parceria hist\u00f3rica com Real Madrid e torna-se o caf\u00e9 oficial do clube espanhol - CidadeMarketing","og_description":"Com o in\u00edcio da temporada 2025\/26, a Melitta anunciou oficialmente que ser\u00e1 a nova parceira de caf\u00e9 do Real Madrid. O acordo consolida a presen\u00e7a da marca no cen\u00e1rio esportivo internacional e refor\u00e7a sua estrat\u00e9gia de marketing global ao se associar a um dos clubes mais vitoriosos e reconhecidos do planeta. A parceria prev\u00ea a [&hellip;]","og_url":"https:\/\/www.cidademarketing.com.br\/marketing\/2025\/09\/16\/melitta-fecha-parceria-historica-com-real-madrid-e-torna-se-o-cafe-oficial-do-clube-espanhol\/","og_site_name":"CidadeMarketing","article_publisher":"https:\/\/www.facebook.com\/portalcidademarketing","article_author":"https:\/\/www.facebook.com\/thalesbrandao","article_published_time":"2025-09-16T15:55:43+00:00","og_image":[{"width":1000,"height":1251,"url":"https:\/\/www.cidademarketing.com.br\/marketing\/wp-content\/uploads\/2025\/09\/melitta_realmadrid_parceria_04.webp","type":"image\/webp"}],"author":"Thales Brand\u00e3o","twitter_card":"summary_large_image","twitter_creator":"@http:\/\/www.twitter.com\/thalesbrandao","twitter_site":"@CidadeMarketing","twitter_misc":{"Escrito por":"Thales Brand\u00e3o","Est. tempo de leitura":"2 minutos"},"schema":{"@context":"https:\/\/schema.org","@graph":[{"@type":"Article","@id":"https:\/\/www.cidademarketing.com.br\/marketing\/2025\/09\/16\/melitta-fecha-parceria-historica-com-real-madrid-e-torna-se-o-cafe-oficial-do-clube-espanhol\/#article","isPartOf":{"@id":"https:\/\/www.cidademarketing.com.br\/marketing\/2025\/09\/16\/melitta-fecha-parceria-historica-com-real-madrid-e-torna-se-o-cafe-oficial-do-clube-espanhol\/"},"author":{"name":"Thales Brand\u00e3o","@id":"https:\/\/www.cidademarketing.com.br\/marketing\/#\/schema\/person\/02daff9f18bd9378c9e01eb6b2db155f"},"headline":"Melitta fecha parceria hist\u00f3rica com Real Madrid e torna-se o caf\u00e9 oficial do clube espanhol","datePublished":"2025-09-16T15:55:43+00:00","mainEntityOfPage":{"@id":"https:\/\/www.cidademarketing.com.br\/marketing\/2025\/09\/16\/melitta-fecha-parceria-historica-com-real-madrid-e-torna-se-o-cafe-oficial-do-clube-espanhol\/"},"wordCount":280,"commentCount":0,"publisher":{"@id":"https:\/\/www.cidademarketing.com.br\/marketing\/#organization"},"image":{"@id":"https:\/\/www.cidademarketing.com.br\/marketing\/2025\/09\/16\/melitta-fecha-parceria-historica-com-real-madrid-e-torna-se-o-cafe-oficial-do-clube-espanhol\/#primaryimage"},"thumbnailUrl":"https:\/\/www.cidademarketing.com.br\/marketing\/wp-content\/uploads\/2025\/09\/melitta_realmadrid_parceria_04.webp","keywords":["caf\u00e9","campanha","Espanha","estrat\u00e9gia","futebol","marketing","Melitta","parceria","Real Madrid","Vini Jr."],"articleSection":["Not\u00edcias"],"inLanguage":"pt-BR","potentialAction":[{"@type":"CommentAction","name":"Comment","target":["https:\/\/www.cidademarketing.com.br\/marketing\/2025\/09\/16\/melitta-fecha-parceria-historica-com-real-madrid-e-torna-se-o-cafe-oficial-do-clube-espanhol\/#respond"]}]},{"@type":"WebPage","@id":"https:\/\/www.cidademarketing.com.br\/marketing\/2025\/09\/16\/melitta-fecha-parceria-historica-com-real-madrid-e-torna-se-o-cafe-oficial-do-clube-espanhol\/","url":"https:\/\/www.cidademarketing.com.br\/marketing\/2025\/09\/16\/melitta-fecha-parceria-historica-com-real-madrid-e-torna-se-o-cafe-oficial-do-clube-espanhol\/","name":"Melitta fecha parceria hist\u00f3rica com Real Madrid e torna-se o caf\u00e9 oficial do clube espanhol - CidadeMarketing","isPartOf":{"@id":"https:\/\/www.cidademarketing.com.br\/marketing\/#website"},"primaryImageOfPage":{"@id":"https:\/\/www.cidademarketing.com.br\/marketing\/2025\/09\/16\/melitta-fecha-parceria-historica-com-real-madrid-e-torna-se-o-cafe-oficial-do-clube-espanhol\/#primaryimage"},"image":{"@id":"https:\/\/www.cidademarketing.com.br\/marketing\/2025\/09\/16\/melitta-fecha-parceria-historica-com-real-madrid-e-torna-se-o-cafe-oficial-do-clube-espanhol\/#primaryimage"},"thumbnailUrl":"https:\/\/www.cidademarketing.com.br\/marketing\/wp-content\/uploads\/2025\/09\/melitta_realmadrid_parceria_04.webp","datePublished":"2025-09-16T15:55:43+00:00","breadcrumb":{"@id":"https:\/\/www.cidademarketing.com.br\/marketing\/2025\/09\/16\/melitta-fecha-parceria-historica-com-real-madrid-e-torna-se-o-cafe-oficial-do-clube-espanhol\/#breadcrumb"},"inLanguage":"pt-BR","potentialAction":[{"@type":"ReadAction","target":["https:\/\/www.cidademarketing.com.br\/marketing\/2025\/09\/16\/melitta-fecha-parceria-historica-com-real-madrid-e-torna-se-o-cafe-oficial-do-clube-espanhol\/"]}]},{"@type":"ImageObject","inLanguage":"pt-BR","@id":"https:\/\/www.cidademarketing.com.br\/marketing\/2025\/09\/16\/melitta-fecha-parceria-historica-com-real-madrid-e-torna-se-o-cafe-oficial-do-clube-espanhol\/#primaryimage","url":"https:\/\/www.cidademarketing.com.br\/marketing\/wp-content\/uploads\/2025\/09\/melitta_realmadrid_parceria_04.webp","contentUrl":"https:\/\/www.cidademarketing.com.br\/marketing\/wp-content\/uploads\/2025\/09\/melitta_realmadrid_parceria_04.webp","width":1000,"height":1251,"caption":"Divulga\u00e7\u00e3o"},{"@type":"BreadcrumbList","@id":"https:\/\/www.cidademarketing.com.br\/marketing\/2025\/09\/16\/melitta-fecha-parceria-historica-com-real-madrid-e-torna-se-o-cafe-oficial-do-clube-espanhol\/#breadcrumb","itemListElement":[{"@type":"ListItem","position":1,"name":"In\u00edcio","item":"https:\/\/www.cidademarketing.com.br\/marketing\/"},{"@type":"ListItem","position":2,"name":"Melitta fecha parceria hist\u00f3rica com Real Madrid e torna-se o caf\u00e9 oficial do clube espanhol"}]},{"@type":"WebSite","@id":"https:\/\/www.cidademarketing.com.br\/marketing\/#website","url":"https:\/\/www.cidademarketing.com.br\/marketing\/","name":"CidadeMarketing","description":"Somos um ve\u00edculo de comunica\u00e7\u00e3o de destaque no Brasil, reconhecido por conte\u00fados nos segmentos de marketing, empreendedorismo e inova\u00e7\u00e3o.","publisher":{"@id":"https:\/\/www.cidademarketing.com.br\/marketing\/#organization"},"alternateName":"CidadeMarketing","potentialAction":[{"@type":"SearchAction","target":{"@type":"EntryPoint","urlTemplate":"https:\/\/www.cidademarketing.com.br\/marketing\/?s={search_term_string}"},"query-input":{"@type":"PropertyValueSpecification","valueRequired":true,"valueName":"search_term_string"}}],"inLanguage":"pt-BR"},{"@type":"Organization","@id":"https:\/\/www.cidademarketing.com.br\/marketing\/#organization","name":"CidadeMarketing","alternateName":"CidadeMarketing","url":"https:\/\/www.cidademarketing.com.br\/marketing\/","logo":{"@type":"ImageObject","inLanguage":"pt-BR","@id":"https:\/\/www.cidademarketing.com.br\/marketing\/#\/schema\/logo\/image\/","url":"https:\/\/www.cidademarketing.com.br\/marketing\/wp-content\/uploads\/2020\/01\/cidademarketing_marca_mobile.png","contentUrl":"https:\/\/www.cidademarketing.com.br\/marketing\/wp-content\/uploads\/2020\/01\/cidademarketing_marca_mobile.png","width":230,"height":92,"caption":"CidadeMarketing"},"image":{"@id":"https:\/\/www.cidademarketing.com.br\/marketing\/#\/schema\/logo\/image\/"},"sameAs":["https:\/\/www.facebook.com\/portalcidademarketing","https:\/\/x.com\/CidadeMarketing","https:\/\/www.instagram.com\/cidademarketing\/"]},{"@type":"Person","@id":"https:\/\/www.cidademarketing.com.br\/marketing\/#\/schema\/person\/02daff9f18bd9378c9e01eb6b2db155f","name":"Thales Brand\u00e3o","image":{"@type":"ImageObject","inLanguage":"pt-BR","@id":"https:\/\/secure.gravatar.com\/avatar\/7ca3206950207cc3cb48feec56a8a7898741ab725c368d99d5d7a5a50aab80c6?s=96&d=mm&r=g","url":"https:\/\/secure.gravatar.com\/avatar\/7ca3206950207cc3cb48feec56a8a7898741ab725c368d99d5d7a5a50aab80c6?s=96&d=mm&r=g","contentUrl":"https:\/\/secure.gravatar.com\/avatar\/7ca3206950207cc3cb48feec56a8a7898741ab725c368d99d5d7a5a50aab80c6?s=96&d=mm&r=g","caption":"Thales Brand\u00e3o"},"description":"Editor Executivo do Portal CidadeMarketing.com.br &gt; Mestre em Comunica\u00e7\u00e3o e Sociedade pela Universidade Federal de Sergipe. Possui MBA Executivo em Administra\u00e7\u00e3o com \u00eanfase em Marketing pela Funda\u00e7\u00e3o Get\u00falio Vargas - Rio de Janeiro. Consultor, Palestrante e Pesquisador sobre Empreendedorismo, Marketing, Redes Sociais e Neg\u00f3cios Digitais. Professor, Palestrante TedxTalks e Campus Party. Twitter: @ThalesBrandao","sameAs":["http:\/\/www.mandacaru.com.br","https:\/\/www.facebook.com\/thalesbrandao","http:\/\/www.instagram.com.br\/thalesbrandaoferreira","https:\/\/www.linkedin.com\/in\/thales-brand\u00e3o-3948609\/","https:\/\/x.com\/http:\/\/www.twitter.com\/thalesbrandao"],"url":"https:\/\/www.cidademarketing.com.br\/marketing\/author\/thalesbrandao\/"}]}},"amp_enabled":true,"_links":{"self":[{"href":"https:\/\/www.cidademarketing.com.br\/marketing\/wp-json\/wp\/v2\/posts\/57613","targetHints":{"allow":["GET"]}}],"collection":[{"href":"https:\/\/www.cidademarketing.com.br\/marketing\/wp-json\/wp\/v2\/posts"}],"about":[{"href":"https:\/\/www.cidademarketing.com.br\/marketing\/wp-json\/wp\/v2\/types\/post"}],"author":[{"embeddable":true,"href":"https:\/\/www.cidademarketing.com.br\/marketing\/wp-json\/wp\/v2\/users\/1"}],"replies":[{"embeddable":true,"href":"https:\/\/www.cidademarketing.com.br\/marketing\/wp-json\/wp\/v2\/comments?post=57613"}],"version-history":[{"count":1,"href":"https:\/\/www.cidademarketing.com.br\/marketing\/wp-json\/wp\/v2\/posts\/57613\/revisions"}],"predecessor-version":[{"id":57618,"href":"https:\/\/www.cidademarketing.com.br\/marketing\/wp-json\/wp\/v2\/posts\/57613\/revisions\/57618"}],"wp:featuredmedia":[{"embeddable":true,"href":"https:\/\/www.cidademarketing.com.br\/marketing\/wp-json\/wp\/v2\/media\/57617"}],"wp:attachment":[{"href":"https:\/\/www.cidademarketing.com.br\/marketing\/wp-json\/wp\/v2\/media?parent=57613"}],"wp:term":[{"taxonomy":"category","embeddable":true,"href":"https:\/\/www.cidademarketing.com.br\/marketing\/wp-json\/wp\/v2\/categories?post=57613"},{"taxonomy":"post_tag","embeddable":true,"href":"https:\/\/www.cidademarketing.com.br\/marketing\/wp-json\/wp\/v2\/tags?post=57613"}],"curies":[{"name":"wp","href":"https:\/\/api.w.org\/{rel}","templated":true}]}}