{"id":57604,"date":"2025-09-15T23:11:46","date_gmt":"2025-09-16T02:11:46","guid":{"rendered":"https:\/\/www.cidademarketing.com.br\/marketing\/?p=57604"},"modified":"2025-09-15T23:11:46","modified_gmt":"2025-09-16T02:11:46","slug":"jovem-pan-e-entidades-de-radiodifusao-reagem-a-pedido-do-mpf-para-cassar-outorgas-da-emissora","status":"publish","type":"post","link":"https:\/\/www.cidademarketing.com.br\/marketing\/2025\/09\/15\/jovem-pan-e-entidades-de-radiodifusao-reagem-a-pedido-do-mpf-para-cassar-outorgas-da-emissora\/","title":{"rendered":"Jovem Pan e entidades de radiodifus\u00e3o reagem a pedido do MPF para cassar outorgas da emissora"},"content":{"rendered":"<p>O Minist\u00e9rio P\u00fablico Federal (MPF) apresentou suas alega\u00e7\u00f5es finais na a\u00e7\u00e3o civil p\u00fablica movida em 2023 contra a Jovem Pan e pediu \u00e0 Justi\u00e7a Federal o cancelamento das tr\u00eas outorgas de r\u00e1dio concedidas \u00e0 emissora. Segundo o \u00f3rg\u00e3o, a empresa de comunica\u00e7\u00e3o cometeu abusos graves durante o ano de 2022, ao veicular de forma sistem\u00e1tica conte\u00fados desinformativos que colocaram em risco o regime democr\u00e1tico brasileiro.<\/p>\n<p>O documento com as alega\u00e7\u00f5es finais foi protocolado nesta segunda-feira (15), \u00faltimo dia do prazo estipulado pela Justi\u00e7a para que as partes apresentassem suas considera\u00e7\u00f5es conclusivas. Essa \u00e9 a \u00faltima etapa do processo antes da decis\u00e3o em primeira inst\u00e2ncia.<\/p>\n<p>Al\u00e9m da cassa\u00e7\u00e3o das outorgas, o MPF manteve o pedido de condena\u00e7\u00e3o da Jovem Pan ao pagamento de R$ 13,4 milh\u00f5es por danos morais coletivos. Durante o andamento do processo, houve uma tentativa de negocia\u00e7\u00e3o, a pedido da pr\u00f3pria emissora, para buscar uma solu\u00e7\u00e3o consensual com medidas alternativas. No entanto, sem avan\u00e7os nas tratativas, o MPF pediu que a tramita\u00e7\u00e3o judicial fosse retomada.<\/p>\n<p>O \u00f3rg\u00e3o destaca que os fundamentos para a responsabiliza\u00e7\u00e3o da Jovem Pan ganharam ainda mais for\u00e7a com a revela\u00e7\u00e3o de provas envolvendo a trama golpista contra o Estado Democr\u00e1tico de Direito, ocorrida entre 2021 e 2023. Segundo o MPF, as investiga\u00e7\u00f5es reuniram um amplo conjunto de evid\u00eancias, que resultaram em den\u00fancias da Procuradoria-Geral da Rep\u00fablica (PGR) contra diversos integrantes do esquema. Na \u00faltima quinta-feira (11), o Supremo Tribunal Federal (STF) condenou oito r\u00e9us apontados como parte do n\u00facleo coordenador das a\u00e7\u00f5es criminosas.<\/p>\n<p>Nas alega\u00e7\u00f5es finais, o MPF afirma que a Jovem Pan teve papel central na campanha de desinforma\u00e7\u00e3o promovida em 2022 para desacreditar as institui\u00e7\u00f5es nacionais e o processo eleitoral brasileiro. Segundo o \u00f3rg\u00e3o, a emissora induziu um grande n\u00famero de ouvintes a duvidar da lisura das elei\u00e7\u00f5es e difundiu sistematicamente informa\u00e7\u00f5es falsas, al\u00e9m de incitar a desordem e a interven\u00e7\u00e3o das For\u00e7as Armadas sobre os Poderes constitu\u00eddos.<\/p>\n<p>O MPF classificou a Jovem Pan como \u201ca principal caixa de resson\u00e2ncia, na esfera p\u00fablica brasileira, para discursos que pavimentavam as a\u00e7\u00f5es golpistas que vieram a ser desveladas, dando-lhes uma apar\u00eancia indevida de suposta legitimidade\u201d. Coment\u00e1rios defendendo ruptura institucional, interven\u00e7\u00e3o militar, destitui\u00e7\u00e3o e at\u00e9 pris\u00e3o de autoridades, bem como o descumprimento de decis\u00f5es judiciais, tornaram-se recorrentes nos programas da emissora, de acordo com o \u00f3rg\u00e3o.<\/p>\n<p>Para o MPF, os conte\u00fados veiculados pela Jovem Pan, sem qualquer base factual ou jur\u00eddica, contribu\u00edram para o avan\u00e7o do radicalismo que culminou em atos violentos como os ataques \u00e0s sedes dos Tr\u00eas Poderes, em Bras\u00edlia, no dia 8 de janeiro de 2023. O \u00f3rg\u00e3o ressalta que a Constitui\u00e7\u00e3o Federal e as leis que regem os servi\u00e7os p\u00fablicos de radiodifus\u00e3o pro\u00edbem expressamente esse tipo de conduta.<\/p>\n<p>O processo agora segue para julgamento em primeira inst\u00e2ncia pela Justi\u00e7a Federal, que decidir\u00e1 se as outorgas da emissora ser\u00e3o ou n\u00e3o cassadas.<\/p>\n<p>O n\u00famero da a\u00e7\u00e3o \u00e9 5019210-57.2023.4.03.6100. A tramita\u00e7\u00e3o pode ser consultada em\u00a0<a class=\"external-link\" title=\"\" href=\"https:\/\/pje1g.trf3.jus.br\/pje\/ConsultaPublica\/listView.seam\" target=\"_blank\" rel=\"noopener\">https:\/\/pje1g.trf3.jus.br\/pje\/ConsultaPublica\/listView.seam<\/a>.<\/p>\n<p>Representantes jur\u00eddicos da <span class=\"hover:entity-accent entity-underline inline cursor-pointer align-baseline\"><span class=\"whitespace-normal\">Jovem Pan<\/span><\/span> e entidades de comunica\u00e7\u00e3o reagiram ao pedido do <span class=\"hover:entity-accent entity-underline inline cursor-pointer align-baseline\"><span class=\"whitespace-normal\">Minist\u00e9rio P\u00fablico Federal:\u00a0 \u00a0 \u00a0 \u00a0 \u00a0<\/span><\/span><\/p>\n<p><strong>Leia as notas das associa\u00e7\u00f5es<\/strong><br \/>\n<strong>Nota da AESP<\/strong><br \/>\n<em>&#8220;A Associa\u00e7\u00e3o das Emissoras de R\u00e1dio e Televis\u00e3o do Estado de S\u00e3o Paulo (AESP), entidade que h\u00e1 nove d\u00e9cadas representa a radiodifus\u00e3o paulista, reafirma seu compromisso incondicional com a liberdade de imprensa, a pluralidade de vozes e a preserva\u00e7\u00e3o das concess\u00f5es p\u00fablicas de r\u00e1dio e televis\u00e3o como pilares de uma sociedade democr\u00e1tica. A liberdade editorial \u00e9 um direito fundamental, garantido pela Constitui\u00e7\u00e3o Federal, e deve ser respeitada em toda sua plenitude. Eventuais diverg\u00eancias ou questionamentos relacionados ao conte\u00fado veiculado pelas emissoras devem ser tratados dentro dos marcos legais e institucionais, sem comprometer a seguran\u00e7a jur\u00eddica do setor nem abrir precedentes que possam fragilizar a comunica\u00e7\u00e3o social no Brasil. A AESP acompanha com aten\u00e7\u00e3o os desdobramentos do processo envolvendo a Jovem Pan, emissora associada \u00e0 entidade, e refor\u00e7a a necessidade de que o debate seja conduzido com equil\u00edbrio, responsabilidade e respeito \u00e0 independ\u00eancia dos ve\u00edculos de comunica\u00e7\u00e3o.&#8221;<\/em><\/p>\n<p><strong>Nota da Abert<\/strong><br \/>\n<em>&#8220;A Associa\u00e7\u00e3o Brasileira de Emissoras de R\u00e1dio e Televis\u00e3o (Abert) acompanha com preocupa\u00e7\u00e3o os recentes desdobramentos da a\u00e7\u00e3o judicial proposta pelo Minist\u00e9rio P\u00fablico Federal, que busca o cancelamento da outorga da R\u00e1dio Jovem Pan. A entidade destaca que a liberdade de programa\u00e7\u00e3o das emissoras \u00e9 essencial para o livre exerc\u00edcio do jornalismo e para a preserva\u00e7\u00e3o do pluralismo de opini\u00e3o.<\/em><\/p>\n<p><em>Segundo a Abert, o cancelamento de uma outorga de radiodifus\u00e3o \u00e9 uma medida \u201cextrema e grave\u201d, sem precedentes no Estado Democr\u00e1tico de Direito. A associa\u00e7\u00e3o reafirmou seu compromisso com a liberdade de imprensa e manifestou expectativa de que o Poder Judici\u00e1rio afaste medidas consideradas desproporcionais e prejudiciais \u00e0 comunica\u00e7\u00e3o social no pa\u00eds.&#8221;<\/em><\/p>\n<p><strong>Posicionamento oficial dos advogados da Jovem Pan sobre o tema<\/strong><br \/>\n<em>&#8220;Em resposta \u00e0 nota publicada pelo Minist\u00e9rio P\u00fablico Federal em seu site nesta segunda-feira (15), a Jovem Pan informa que n\u00e3o comenta a\u00e7\u00f5es em curso, que mant\u00e9m sua plena confian\u00e7a no Poder Judici\u00e1rio, e que a \u00edntegra das suas alega\u00e7\u00f5es finais pode ser consultada no site da Justi\u00e7a Federal, mediante busca ao processo n\u00ba 5019210-57.2023.4.03.6100.<\/em><\/p>\n<p><em>No entanto, tendo em vista a reprov\u00e1vel conduta adotada pelo MPF, ao divulgar informa\u00e7\u00f5es equivocadas em seu site, a emissora se v\u00ea obrigada a prestar os necess\u00e1rios esclarecimentos \u00e0 sociedade:<\/em><\/p>\n<p><em>1) A Jovem Pan n\u00e3o \u00e9 r\u00e9 em nenhuma das a\u00e7\u00f5es penais recentemente julgadas pelo Supremo Tribunal Federal, tampouco figurou como investigada em quaisquer dos inqu\u00e9ritos que lhes deram origem;<\/em><\/p>\n<p><em>2) A corroborar a conduta indevida por parte do MPF, importante notar que n\u00e3o h\u00e1, nesta a\u00e7\u00e3o, qualquer imputa\u00e7\u00e3o de \u00edndole criminal, de modo que vincular a apura\u00e7\u00e3o destes autos \u00e0s condena\u00e7\u00f5es criminais proferidas pelo STF, para al\u00e9m da aus\u00eancia de t\u00e9cnica, \u00e9 uma indevida tentativa de influenciar o ju\u00edzo e os leitores com uma narrativa completamente dissociada dos elementos dos autos.<\/em><\/p>\n<p><em>Por fim, e mantendo a coer\u00eancia com o posicionamento adotado ao longo de seus mais de 80 anos de hist\u00f3ria, a Jovem Pan reitera seu compromisso com a democracia, com os Poderes e Institui\u00e7\u00f5es que sustentam a nossa Rep\u00fablica e com a nossa Constitui\u00e7\u00e3o cidad\u00e3, que tem como um de seus pilares a liberdade de express\u00e3o.<\/em><\/p>\n<p><em>Almeida Castro, Castro e Turbay Advogados Associados<\/em><br \/>\n<em>Wald, Antunes, Vita, Blattner Advogados<\/em><br \/>\n<em>Bermudes Advogados&#8221;<\/p>\n<p><\/em>CidadeMarketing com informa\u00e7\u00f5es do <a href=\"https:\/\/www.mpf.mp.br\/sp\/sala-de-imprensa\/noticias-sp\/mpf-apresenta-alegacoes-finais-em-acao-contra-a-jovem-pan-e-pede-o-cancelamento-de-suas-outorgas-publicas\" target=\"_blank\" rel=\"noopener\">MPF<\/a> e <a href=\"https:\/\/jovempan.com.br\/jpnews\/entidades-de-radiodifusao-reagem-com-preocupacao-a-manifestacao-do-mpf-sobre-a-jovem-pan.html\" target=\"_blank\" rel=\"noopener\">Jovem Pan<\/a>.<\/p>\n","protected":false},"excerpt":{"rendered":"<p>O Minist\u00e9rio P\u00fablico Federal (MPF) apresentou suas alega\u00e7\u00f5es finais na a\u00e7\u00e3o civil p\u00fablica movida em 2023 contra a Jovem Pan e pediu \u00e0 Justi\u00e7a Federal o cancelamento das tr\u00eas outorgas de r\u00e1dio concedidas \u00e0 emissora. Segundo o \u00f3rg\u00e3o, a empresa de comunica\u00e7\u00e3o cometeu abusos graves durante o ano de 2022, ao veicular de forma sistem\u00e1tica [&hellip;]<\/p>\n","protected":false},"author":1,"featured_media":57606,"comment_status":"open","ping_status":"open","sticky":false,"template":"","format":"standard","meta":{"tdm_status":"","tdm_grid_status":"","footnotes":""},"categories":[6],"tags":[308,5280,33,298,2043,735,28,198,444,9813,2780],"class_list":["post-57604","post","type-post","status-publish","format-standard","has-post-thumbnail","hentry","category-noticias","tag-comunicacao","tag-desinformacao","tag-estrategia","tag-fake-news","tag-jovem-pan","tag-justica","tag-marketing","tag-ministerio-publico-federal","tag-radio","tag-radio-difusao","tag-radiodifusao"],"yoast_head":"<!-- This site is optimized with the Yoast SEO plugin v27.5 - https:\/\/yoast.com\/product\/yoast-seo-wordpress\/ -->\n<title>Jovem Pan e entidades de radiodifus\u00e3o reagem a pedido do MPF para cassar outorgas da emissora - CidadeMarketing<\/title>\n<meta name=\"robots\" content=\"index, follow, max-snippet:-1, max-image-preview:large, max-video-preview:-1\" \/>\n<link rel=\"canonical\" href=\"https:\/\/www.cidademarketing.com.br\/marketing\/2025\/09\/15\/jovem-pan-e-entidades-de-radiodifusao-reagem-a-pedido-do-mpf-para-cassar-outorgas-da-emissora\/\" \/>\n<meta property=\"og:locale\" content=\"pt_BR\" \/>\n<meta property=\"og:type\" content=\"article\" \/>\n<meta property=\"og:title\" content=\"Jovem Pan e entidades de radiodifus\u00e3o reagem a pedido do MPF para cassar outorgas da emissora - CidadeMarketing\" \/>\n<meta property=\"og:description\" content=\"O Minist\u00e9rio P\u00fablico Federal (MPF) apresentou suas alega\u00e7\u00f5es finais na a\u00e7\u00e3o civil p\u00fablica movida em 2023 contra a Jovem Pan e pediu \u00e0 Justi\u00e7a Federal o cancelamento das tr\u00eas outorgas de r\u00e1dio concedidas \u00e0 emissora. Segundo o \u00f3rg\u00e3o, a empresa de comunica\u00e7\u00e3o cometeu abusos graves durante o ano de 2022, ao veicular de forma sistem\u00e1tica [&hellip;]\" \/>\n<meta property=\"og:url\" content=\"https:\/\/www.cidademarketing.com.br\/marketing\/2025\/09\/15\/jovem-pan-e-entidades-de-radiodifusao-reagem-a-pedido-do-mpf-para-cassar-outorgas-da-emissora\/\" \/>\n<meta property=\"og:site_name\" content=\"CidadeMarketing\" \/>\n<meta property=\"article:publisher\" content=\"https:\/\/www.facebook.com\/portalcidademarketing\" \/>\n<meta property=\"article:author\" content=\"https:\/\/www.facebook.com\/thalesbrandao\" \/>\n<meta property=\"article:published_time\" content=\"2025-09-16T02:11:46+00:00\" \/>\n<meta property=\"og:image\" content=\"https:\/\/www.cidademarketing.com.br\/marketing\/wp-content\/uploads\/2025\/09\/jovempan_resposta_mpf.webp\" \/>\n\t<meta property=\"og:image:width\" content=\"1000\" \/>\n\t<meta property=\"og:image:height\" content=\"667\" \/>\n\t<meta property=\"og:image:type\" content=\"image\/webp\" \/>\n<meta name=\"author\" content=\"Thales Brand\u00e3o\" \/>\n<meta name=\"twitter:card\" content=\"summary_large_image\" \/>\n<meta name=\"twitter:creator\" content=\"@http:\/\/www.twitter.com\/thalesbrandao\" \/>\n<meta name=\"twitter:site\" content=\"@CidadeMarketing\" \/>\n<meta name=\"twitter:label1\" content=\"Escrito por\" \/>\n\t<meta name=\"twitter:data1\" content=\"Thales Brand\u00e3o\" \/>\n\t<meta name=\"twitter:label2\" content=\"Est. tempo de leitura\" \/>\n\t<meta name=\"twitter:data2\" content=\"6 minutos\" \/>\n<script type=\"application\/ld+json\" class=\"yoast-schema-graph\">{\"@context\":\"https:\\\/\\\/schema.org\",\"@graph\":[{\"@type\":\"Article\",\"@id\":\"https:\\\/\\\/www.cidademarketing.com.br\\\/marketing\\\/2025\\\/09\\\/15\\\/jovem-pan-e-entidades-de-radiodifusao-reagem-a-pedido-do-mpf-para-cassar-outorgas-da-emissora\\\/#article\",\"isPartOf\":{\"@id\":\"https:\\\/\\\/www.cidademarketing.com.br\\\/marketing\\\/2025\\\/09\\\/15\\\/jovem-pan-e-entidades-de-radiodifusao-reagem-a-pedido-do-mpf-para-cassar-outorgas-da-emissora\\\/\"},\"author\":{\"name\":\"Thales Brand\u00e3o\",\"@id\":\"https:\\\/\\\/www.cidademarketing.com.br\\\/marketing\\\/#\\\/schema\\\/person\\\/02daff9f18bd9378c9e01eb6b2db155f\"},\"headline\":\"Jovem Pan e entidades de radiodifus\u00e3o reagem a pedido do MPF para cassar outorgas da emissora\",\"datePublished\":\"2025-09-16T02:11:46+00:00\",\"mainEntityOfPage\":{\"@id\":\"https:\\\/\\\/www.cidademarketing.com.br\\\/marketing\\\/2025\\\/09\\\/15\\\/jovem-pan-e-entidades-de-radiodifusao-reagem-a-pedido-do-mpf-para-cassar-outorgas-da-emissora\\\/\"},\"wordCount\":1188,\"commentCount\":0,\"publisher\":{\"@id\":\"https:\\\/\\\/www.cidademarketing.com.br\\\/marketing\\\/#organization\"},\"image\":{\"@id\":\"https:\\\/\\\/www.cidademarketing.com.br\\\/marketing\\\/2025\\\/09\\\/15\\\/jovem-pan-e-entidades-de-radiodifusao-reagem-a-pedido-do-mpf-para-cassar-outorgas-da-emissora\\\/#primaryimage\"},\"thumbnailUrl\":\"https:\\\/\\\/www.cidademarketing.com.br\\\/marketing\\\/wp-content\\\/uploads\\\/2025\\\/09\\\/jovempan_resposta_mpf.webp\",\"keywords\":[\"comunica\u00e7\u00e3o\",\"desinforma\u00e7\u00e3o\",\"estrat\u00e9gia\",\"fake news\",\"Jovem Pan\",\"justi\u00e7a\",\"marketing\",\"Minist\u00e9rio P\u00fablico Federal\",\"R\u00e1dio\",\"r\u00e1dio difus\u00e3o\",\"radiodifus\u00e3o\"],\"articleSection\":[\"Not\u00edcias\"],\"inLanguage\":\"pt-BR\",\"potentialAction\":[{\"@type\":\"CommentAction\",\"name\":\"Comment\",\"target\":[\"https:\\\/\\\/www.cidademarketing.com.br\\\/marketing\\\/2025\\\/09\\\/15\\\/jovem-pan-e-entidades-de-radiodifusao-reagem-a-pedido-do-mpf-para-cassar-outorgas-da-emissora\\\/#respond\"]}]},{\"@type\":\"WebPage\",\"@id\":\"https:\\\/\\\/www.cidademarketing.com.br\\\/marketing\\\/2025\\\/09\\\/15\\\/jovem-pan-e-entidades-de-radiodifusao-reagem-a-pedido-do-mpf-para-cassar-outorgas-da-emissora\\\/\",\"url\":\"https:\\\/\\\/www.cidademarketing.com.br\\\/marketing\\\/2025\\\/09\\\/15\\\/jovem-pan-e-entidades-de-radiodifusao-reagem-a-pedido-do-mpf-para-cassar-outorgas-da-emissora\\\/\",\"name\":\"Jovem Pan e entidades de radiodifus\u00e3o reagem a pedido do MPF para cassar outorgas da emissora - CidadeMarketing\",\"isPartOf\":{\"@id\":\"https:\\\/\\\/www.cidademarketing.com.br\\\/marketing\\\/#website\"},\"primaryImageOfPage\":{\"@id\":\"https:\\\/\\\/www.cidademarketing.com.br\\\/marketing\\\/2025\\\/09\\\/15\\\/jovem-pan-e-entidades-de-radiodifusao-reagem-a-pedido-do-mpf-para-cassar-outorgas-da-emissora\\\/#primaryimage\"},\"image\":{\"@id\":\"https:\\\/\\\/www.cidademarketing.com.br\\\/marketing\\\/2025\\\/09\\\/15\\\/jovem-pan-e-entidades-de-radiodifusao-reagem-a-pedido-do-mpf-para-cassar-outorgas-da-emissora\\\/#primaryimage\"},\"thumbnailUrl\":\"https:\\\/\\\/www.cidademarketing.com.br\\\/marketing\\\/wp-content\\\/uploads\\\/2025\\\/09\\\/jovempan_resposta_mpf.webp\",\"datePublished\":\"2025-09-16T02:11:46+00:00\",\"breadcrumb\":{\"@id\":\"https:\\\/\\\/www.cidademarketing.com.br\\\/marketing\\\/2025\\\/09\\\/15\\\/jovem-pan-e-entidades-de-radiodifusao-reagem-a-pedido-do-mpf-para-cassar-outorgas-da-emissora\\\/#breadcrumb\"},\"inLanguage\":\"pt-BR\",\"potentialAction\":[{\"@type\":\"ReadAction\",\"target\":[\"https:\\\/\\\/www.cidademarketing.com.br\\\/marketing\\\/2025\\\/09\\\/15\\\/jovem-pan-e-entidades-de-radiodifusao-reagem-a-pedido-do-mpf-para-cassar-outorgas-da-emissora\\\/\"]}]},{\"@type\":\"ImageObject\",\"inLanguage\":\"pt-BR\",\"@id\":\"https:\\\/\\\/www.cidademarketing.com.br\\\/marketing\\\/2025\\\/09\\\/15\\\/jovem-pan-e-entidades-de-radiodifusao-reagem-a-pedido-do-mpf-para-cassar-outorgas-da-emissora\\\/#primaryimage\",\"url\":\"https:\\\/\\\/www.cidademarketing.com.br\\\/marketing\\\/wp-content\\\/uploads\\\/2025\\\/09\\\/jovempan_resposta_mpf.webp\",\"contentUrl\":\"https:\\\/\\\/www.cidademarketing.com.br\\\/marketing\\\/wp-content\\\/uploads\\\/2025\\\/09\\\/jovempan_resposta_mpf.webp\",\"width\":1000,\"height\":667,\"caption\":\"Divulga\u00e7\u00e3o\"},{\"@type\":\"BreadcrumbList\",\"@id\":\"https:\\\/\\\/www.cidademarketing.com.br\\\/marketing\\\/2025\\\/09\\\/15\\\/jovem-pan-e-entidades-de-radiodifusao-reagem-a-pedido-do-mpf-para-cassar-outorgas-da-emissora\\\/#breadcrumb\",\"itemListElement\":[{\"@type\":\"ListItem\",\"position\":1,\"name\":\"In\u00edcio\",\"item\":\"https:\\\/\\\/www.cidademarketing.com.br\\\/marketing\\\/\"},{\"@type\":\"ListItem\",\"position\":2,\"name\":\"Jovem Pan e entidades de radiodifus\u00e3o reagem a pedido do MPF para cassar outorgas da emissora\"}]},{\"@type\":\"WebSite\",\"@id\":\"https:\\\/\\\/www.cidademarketing.com.br\\\/marketing\\\/#website\",\"url\":\"https:\\\/\\\/www.cidademarketing.com.br\\\/marketing\\\/\",\"name\":\"CidadeMarketing\",\"description\":\"Somos um ve\u00edculo de comunica\u00e7\u00e3o de destaque no Brasil, reconhecido por conte\u00fados nos segmentos de marketing, empreendedorismo e inova\u00e7\u00e3o.\",\"publisher\":{\"@id\":\"https:\\\/\\\/www.cidademarketing.com.br\\\/marketing\\\/#organization\"},\"alternateName\":\"CidadeMarketing\",\"potentialAction\":[{\"@type\":\"SearchAction\",\"target\":{\"@type\":\"EntryPoint\",\"urlTemplate\":\"https:\\\/\\\/www.cidademarketing.com.br\\\/marketing\\\/?s={search_term_string}\"},\"query-input\":{\"@type\":\"PropertyValueSpecification\",\"valueRequired\":true,\"valueName\":\"search_term_string\"}}],\"inLanguage\":\"pt-BR\"},{\"@type\":\"Organization\",\"@id\":\"https:\\\/\\\/www.cidademarketing.com.br\\\/marketing\\\/#organization\",\"name\":\"CidadeMarketing\",\"alternateName\":\"CidadeMarketing\",\"url\":\"https:\\\/\\\/www.cidademarketing.com.br\\\/marketing\\\/\",\"logo\":{\"@type\":\"ImageObject\",\"inLanguage\":\"pt-BR\",\"@id\":\"https:\\\/\\\/www.cidademarketing.com.br\\\/marketing\\\/#\\\/schema\\\/logo\\\/image\\\/\",\"url\":\"https:\\\/\\\/www.cidademarketing.com.br\\\/marketing\\\/wp-content\\\/uploads\\\/2020\\\/01\\\/cidademarketing_marca_mobile.png\",\"contentUrl\":\"https:\\\/\\\/www.cidademarketing.com.br\\\/marketing\\\/wp-content\\\/uploads\\\/2020\\\/01\\\/cidademarketing_marca_mobile.png\",\"width\":230,\"height\":92,\"caption\":\"CidadeMarketing\"},\"image\":{\"@id\":\"https:\\\/\\\/www.cidademarketing.com.br\\\/marketing\\\/#\\\/schema\\\/logo\\\/image\\\/\"},\"sameAs\":[\"https:\\\/\\\/www.facebook.com\\\/portalcidademarketing\",\"https:\\\/\\\/x.com\\\/CidadeMarketing\",\"https:\\\/\\\/www.instagram.com\\\/cidademarketing\\\/\"]},{\"@type\":\"Person\",\"@id\":\"https:\\\/\\\/www.cidademarketing.com.br\\\/marketing\\\/#\\\/schema\\\/person\\\/02daff9f18bd9378c9e01eb6b2db155f\",\"name\":\"Thales Brand\u00e3o\",\"image\":{\"@type\":\"ImageObject\",\"inLanguage\":\"pt-BR\",\"@id\":\"https:\\\/\\\/secure.gravatar.com\\\/avatar\\\/7ca3206950207cc3cb48feec56a8a7898741ab725c368d99d5d7a5a50aab80c6?s=96&d=mm&r=g\",\"url\":\"https:\\\/\\\/secure.gravatar.com\\\/avatar\\\/7ca3206950207cc3cb48feec56a8a7898741ab725c368d99d5d7a5a50aab80c6?s=96&d=mm&r=g\",\"contentUrl\":\"https:\\\/\\\/secure.gravatar.com\\\/avatar\\\/7ca3206950207cc3cb48feec56a8a7898741ab725c368d99d5d7a5a50aab80c6?s=96&d=mm&r=g\",\"caption\":\"Thales Brand\u00e3o\"},\"description\":\"Editor Executivo do Portal CidadeMarketing.com.br &gt; Mestre em Comunica\u00e7\u00e3o e Sociedade pela Universidade Federal de Sergipe. Possui MBA Executivo em Administra\u00e7\u00e3o com \u00eanfase em Marketing pela Funda\u00e7\u00e3o Get\u00falio Vargas - Rio de Janeiro. Consultor, Palestrante e Pesquisador sobre Empreendedorismo, Marketing, Redes Sociais e Neg\u00f3cios Digitais. Professor, Palestrante TedxTalks e Campus Party. Twitter: @ThalesBrandao\",\"sameAs\":[\"http:\\\/\\\/www.mandacaru.com.br\",\"https:\\\/\\\/www.facebook.com\\\/thalesbrandao\",\"http:\\\/\\\/www.instagram.com.br\\\/thalesbrandaoferreira\",\"https:\\\/\\\/www.linkedin.com\\\/in\\\/thales-brand\u00e3o-3948609\\\/\",\"https:\\\/\\\/x.com\\\/http:\\\/\\\/www.twitter.com\\\/thalesbrandao\"],\"url\":\"https:\\\/\\\/www.cidademarketing.com.br\\\/marketing\\\/author\\\/thalesbrandao\\\/\"}]}<\/script>\n<!-- \/ Yoast SEO plugin. -->","yoast_head_json":{"title":"Jovem Pan e entidades de radiodifus\u00e3o reagem a pedido do MPF para cassar outorgas da emissora - CidadeMarketing","robots":{"index":"index","follow":"follow","max-snippet":"max-snippet:-1","max-image-preview":"max-image-preview:large","max-video-preview":"max-video-preview:-1"},"canonical":"https:\/\/www.cidademarketing.com.br\/marketing\/2025\/09\/15\/jovem-pan-e-entidades-de-radiodifusao-reagem-a-pedido-do-mpf-para-cassar-outorgas-da-emissora\/","og_locale":"pt_BR","og_type":"article","og_title":"Jovem Pan e entidades de radiodifus\u00e3o reagem a pedido do MPF para cassar outorgas da emissora - CidadeMarketing","og_description":"O Minist\u00e9rio P\u00fablico Federal (MPF) apresentou suas alega\u00e7\u00f5es finais na a\u00e7\u00e3o civil p\u00fablica movida em 2023 contra a Jovem Pan e pediu \u00e0 Justi\u00e7a Federal o cancelamento das tr\u00eas outorgas de r\u00e1dio concedidas \u00e0 emissora. Segundo o \u00f3rg\u00e3o, a empresa de comunica\u00e7\u00e3o cometeu abusos graves durante o ano de 2022, ao veicular de forma sistem\u00e1tica [&hellip;]","og_url":"https:\/\/www.cidademarketing.com.br\/marketing\/2025\/09\/15\/jovem-pan-e-entidades-de-radiodifusao-reagem-a-pedido-do-mpf-para-cassar-outorgas-da-emissora\/","og_site_name":"CidadeMarketing","article_publisher":"https:\/\/www.facebook.com\/portalcidademarketing","article_author":"https:\/\/www.facebook.com\/thalesbrandao","article_published_time":"2025-09-16T02:11:46+00:00","og_image":[{"width":1000,"height":667,"url":"https:\/\/www.cidademarketing.com.br\/marketing\/wp-content\/uploads\/2025\/09\/jovempan_resposta_mpf.webp","type":"image\/webp"}],"author":"Thales Brand\u00e3o","twitter_card":"summary_large_image","twitter_creator":"@http:\/\/www.twitter.com\/thalesbrandao","twitter_site":"@CidadeMarketing","twitter_misc":{"Escrito por":"Thales Brand\u00e3o","Est. tempo de leitura":"6 minutos"},"schema":{"@context":"https:\/\/schema.org","@graph":[{"@type":"Article","@id":"https:\/\/www.cidademarketing.com.br\/marketing\/2025\/09\/15\/jovem-pan-e-entidades-de-radiodifusao-reagem-a-pedido-do-mpf-para-cassar-outorgas-da-emissora\/#article","isPartOf":{"@id":"https:\/\/www.cidademarketing.com.br\/marketing\/2025\/09\/15\/jovem-pan-e-entidades-de-radiodifusao-reagem-a-pedido-do-mpf-para-cassar-outorgas-da-emissora\/"},"author":{"name":"Thales Brand\u00e3o","@id":"https:\/\/www.cidademarketing.com.br\/marketing\/#\/schema\/person\/02daff9f18bd9378c9e01eb6b2db155f"},"headline":"Jovem Pan e entidades de radiodifus\u00e3o reagem a pedido do MPF para cassar outorgas da emissora","datePublished":"2025-09-16T02:11:46+00:00","mainEntityOfPage":{"@id":"https:\/\/www.cidademarketing.com.br\/marketing\/2025\/09\/15\/jovem-pan-e-entidades-de-radiodifusao-reagem-a-pedido-do-mpf-para-cassar-outorgas-da-emissora\/"},"wordCount":1188,"commentCount":0,"publisher":{"@id":"https:\/\/www.cidademarketing.com.br\/marketing\/#organization"},"image":{"@id":"https:\/\/www.cidademarketing.com.br\/marketing\/2025\/09\/15\/jovem-pan-e-entidades-de-radiodifusao-reagem-a-pedido-do-mpf-para-cassar-outorgas-da-emissora\/#primaryimage"},"thumbnailUrl":"https:\/\/www.cidademarketing.com.br\/marketing\/wp-content\/uploads\/2025\/09\/jovempan_resposta_mpf.webp","keywords":["comunica\u00e7\u00e3o","desinforma\u00e7\u00e3o","estrat\u00e9gia","fake news","Jovem Pan","justi\u00e7a","marketing","Minist\u00e9rio P\u00fablico Federal","R\u00e1dio","r\u00e1dio difus\u00e3o","radiodifus\u00e3o"],"articleSection":["Not\u00edcias"],"inLanguage":"pt-BR","potentialAction":[{"@type":"CommentAction","name":"Comment","target":["https:\/\/www.cidademarketing.com.br\/marketing\/2025\/09\/15\/jovem-pan-e-entidades-de-radiodifusao-reagem-a-pedido-do-mpf-para-cassar-outorgas-da-emissora\/#respond"]}]},{"@type":"WebPage","@id":"https:\/\/www.cidademarketing.com.br\/marketing\/2025\/09\/15\/jovem-pan-e-entidades-de-radiodifusao-reagem-a-pedido-do-mpf-para-cassar-outorgas-da-emissora\/","url":"https:\/\/www.cidademarketing.com.br\/marketing\/2025\/09\/15\/jovem-pan-e-entidades-de-radiodifusao-reagem-a-pedido-do-mpf-para-cassar-outorgas-da-emissora\/","name":"Jovem Pan e entidades de radiodifus\u00e3o reagem a pedido do MPF para cassar outorgas da emissora - CidadeMarketing","isPartOf":{"@id":"https:\/\/www.cidademarketing.com.br\/marketing\/#website"},"primaryImageOfPage":{"@id":"https:\/\/www.cidademarketing.com.br\/marketing\/2025\/09\/15\/jovem-pan-e-entidades-de-radiodifusao-reagem-a-pedido-do-mpf-para-cassar-outorgas-da-emissora\/#primaryimage"},"image":{"@id":"https:\/\/www.cidademarketing.com.br\/marketing\/2025\/09\/15\/jovem-pan-e-entidades-de-radiodifusao-reagem-a-pedido-do-mpf-para-cassar-outorgas-da-emissora\/#primaryimage"},"thumbnailUrl":"https:\/\/www.cidademarketing.com.br\/marketing\/wp-content\/uploads\/2025\/09\/jovempan_resposta_mpf.webp","datePublished":"2025-09-16T02:11:46+00:00","breadcrumb":{"@id":"https:\/\/www.cidademarketing.com.br\/marketing\/2025\/09\/15\/jovem-pan-e-entidades-de-radiodifusao-reagem-a-pedido-do-mpf-para-cassar-outorgas-da-emissora\/#breadcrumb"},"inLanguage":"pt-BR","potentialAction":[{"@type":"ReadAction","target":["https:\/\/www.cidademarketing.com.br\/marketing\/2025\/09\/15\/jovem-pan-e-entidades-de-radiodifusao-reagem-a-pedido-do-mpf-para-cassar-outorgas-da-emissora\/"]}]},{"@type":"ImageObject","inLanguage":"pt-BR","@id":"https:\/\/www.cidademarketing.com.br\/marketing\/2025\/09\/15\/jovem-pan-e-entidades-de-radiodifusao-reagem-a-pedido-do-mpf-para-cassar-outorgas-da-emissora\/#primaryimage","url":"https:\/\/www.cidademarketing.com.br\/marketing\/wp-content\/uploads\/2025\/09\/jovempan_resposta_mpf.webp","contentUrl":"https:\/\/www.cidademarketing.com.br\/marketing\/wp-content\/uploads\/2025\/09\/jovempan_resposta_mpf.webp","width":1000,"height":667,"caption":"Divulga\u00e7\u00e3o"},{"@type":"BreadcrumbList","@id":"https:\/\/www.cidademarketing.com.br\/marketing\/2025\/09\/15\/jovem-pan-e-entidades-de-radiodifusao-reagem-a-pedido-do-mpf-para-cassar-outorgas-da-emissora\/#breadcrumb","itemListElement":[{"@type":"ListItem","position":1,"name":"In\u00edcio","item":"https:\/\/www.cidademarketing.com.br\/marketing\/"},{"@type":"ListItem","position":2,"name":"Jovem Pan e entidades de radiodifus\u00e3o reagem a pedido do MPF para cassar outorgas da emissora"}]},{"@type":"WebSite","@id":"https:\/\/www.cidademarketing.com.br\/marketing\/#website","url":"https:\/\/www.cidademarketing.com.br\/marketing\/","name":"CidadeMarketing","description":"Somos um ve\u00edculo de comunica\u00e7\u00e3o de destaque no Brasil, reconhecido por conte\u00fados nos segmentos de marketing, empreendedorismo e inova\u00e7\u00e3o.","publisher":{"@id":"https:\/\/www.cidademarketing.com.br\/marketing\/#organization"},"alternateName":"CidadeMarketing","potentialAction":[{"@type":"SearchAction","target":{"@type":"EntryPoint","urlTemplate":"https:\/\/www.cidademarketing.com.br\/marketing\/?s={search_term_string}"},"query-input":{"@type":"PropertyValueSpecification","valueRequired":true,"valueName":"search_term_string"}}],"inLanguage":"pt-BR"},{"@type":"Organization","@id":"https:\/\/www.cidademarketing.com.br\/marketing\/#organization","name":"CidadeMarketing","alternateName":"CidadeMarketing","url":"https:\/\/www.cidademarketing.com.br\/marketing\/","logo":{"@type":"ImageObject","inLanguage":"pt-BR","@id":"https:\/\/www.cidademarketing.com.br\/marketing\/#\/schema\/logo\/image\/","url":"https:\/\/www.cidademarketing.com.br\/marketing\/wp-content\/uploads\/2020\/01\/cidademarketing_marca_mobile.png","contentUrl":"https:\/\/www.cidademarketing.com.br\/marketing\/wp-content\/uploads\/2020\/01\/cidademarketing_marca_mobile.png","width":230,"height":92,"caption":"CidadeMarketing"},"image":{"@id":"https:\/\/www.cidademarketing.com.br\/marketing\/#\/schema\/logo\/image\/"},"sameAs":["https:\/\/www.facebook.com\/portalcidademarketing","https:\/\/x.com\/CidadeMarketing","https:\/\/www.instagram.com\/cidademarketing\/"]},{"@type":"Person","@id":"https:\/\/www.cidademarketing.com.br\/marketing\/#\/schema\/person\/02daff9f18bd9378c9e01eb6b2db155f","name":"Thales Brand\u00e3o","image":{"@type":"ImageObject","inLanguage":"pt-BR","@id":"https:\/\/secure.gravatar.com\/avatar\/7ca3206950207cc3cb48feec56a8a7898741ab725c368d99d5d7a5a50aab80c6?s=96&d=mm&r=g","url":"https:\/\/secure.gravatar.com\/avatar\/7ca3206950207cc3cb48feec56a8a7898741ab725c368d99d5d7a5a50aab80c6?s=96&d=mm&r=g","contentUrl":"https:\/\/secure.gravatar.com\/avatar\/7ca3206950207cc3cb48feec56a8a7898741ab725c368d99d5d7a5a50aab80c6?s=96&d=mm&r=g","caption":"Thales Brand\u00e3o"},"description":"Editor Executivo do Portal CidadeMarketing.com.br &gt; Mestre em Comunica\u00e7\u00e3o e Sociedade pela Universidade Federal de Sergipe. Possui MBA Executivo em Administra\u00e7\u00e3o com \u00eanfase em Marketing pela Funda\u00e7\u00e3o Get\u00falio Vargas - Rio de Janeiro. Consultor, Palestrante e Pesquisador sobre Empreendedorismo, Marketing, Redes Sociais e Neg\u00f3cios Digitais. Professor, Palestrante TedxTalks e Campus Party. Twitter: @ThalesBrandao","sameAs":["http:\/\/www.mandacaru.com.br","https:\/\/www.facebook.com\/thalesbrandao","http:\/\/www.instagram.com.br\/thalesbrandaoferreira","https:\/\/www.linkedin.com\/in\/thales-brand\u00e3o-3948609\/","https:\/\/x.com\/http:\/\/www.twitter.com\/thalesbrandao"],"url":"https:\/\/www.cidademarketing.com.br\/marketing\/author\/thalesbrandao\/"}]}},"amp_enabled":true,"_links":{"self":[{"href":"https:\/\/www.cidademarketing.com.br\/marketing\/wp-json\/wp\/v2\/posts\/57604","targetHints":{"allow":["GET"]}}],"collection":[{"href":"https:\/\/www.cidademarketing.com.br\/marketing\/wp-json\/wp\/v2\/posts"}],"about":[{"href":"https:\/\/www.cidademarketing.com.br\/marketing\/wp-json\/wp\/v2\/types\/post"}],"author":[{"embeddable":true,"href":"https:\/\/www.cidademarketing.com.br\/marketing\/wp-json\/wp\/v2\/users\/1"}],"replies":[{"embeddable":true,"href":"https:\/\/www.cidademarketing.com.br\/marketing\/wp-json\/wp\/v2\/comments?post=57604"}],"version-history":[{"count":1,"href":"https:\/\/www.cidademarketing.com.br\/marketing\/wp-json\/wp\/v2\/posts\/57604\/revisions"}],"predecessor-version":[{"id":57607,"href":"https:\/\/www.cidademarketing.com.br\/marketing\/wp-json\/wp\/v2\/posts\/57604\/revisions\/57607"}],"wp:featuredmedia":[{"embeddable":true,"href":"https:\/\/www.cidademarketing.com.br\/marketing\/wp-json\/wp\/v2\/media\/57606"}],"wp:attachment":[{"href":"https:\/\/www.cidademarketing.com.br\/marketing\/wp-json\/wp\/v2\/media?parent=57604"}],"wp:term":[{"taxonomy":"category","embeddable":true,"href":"https:\/\/www.cidademarketing.com.br\/marketing\/wp-json\/wp\/v2\/categories?post=57604"},{"taxonomy":"post_tag","embeddable":true,"href":"https:\/\/www.cidademarketing.com.br\/marketing\/wp-json\/wp\/v2\/tags?post=57604"}],"curies":[{"name":"wp","href":"https:\/\/api.w.org\/{rel}","templated":true}]}}