{"id":57597,"date":"2025-09-15T16:50:46","date_gmt":"2025-09-15T19:50:46","guid":{"rendered":"https:\/\/www.cidademarketing.com.br\/marketing\/?p=57597"},"modified":"2025-09-15T16:50:46","modified_gmt":"2025-09-15T19:50:46","slug":"ifood-comemora-o-dia-do-cliente-com-descontos-exclusivos-e-acoes-ao-vivo","status":"publish","type":"post","link":"https:\/\/www.cidademarketing.com.br\/marketing\/2025\/09\/15\/ifood-comemora-o-dia-do-cliente-com-descontos-exclusivos-e-acoes-ao-vivo\/","title":{"rendered":"iFood comemora o Dia do Cliente com descontos exclusivos e a\u00e7\u00f5es ao vivo"},"content":{"rendered":"<p>O iFood celebrar\u00e1 o Dia do Cliente com uma s\u00e9rie de a\u00e7\u00f5es para seus consumidores e tamb\u00e9m para assinantes do Clube iFood. Nesta segunda-feira (15), a marca promove uma live commerce especial, das 16h \u00e0s 20h, onde o p\u00fablico poder\u00e1 conferir, ao vivo e diretamente no aplicativo iFood, descontos limitados nas categorias de Mercado e Farm\u00e1cia, unindo o mundo f\u00edsico e digital. A transmiss\u00e3o online ocorre em uma \u201ccasa de vidro\u201d em um shopping de grande movimenta\u00e7\u00e3o em S\u00e3o Paulo.<\/p>\n<p><strong>Live commerce com ofertas especiais durante 4 horas de transmiss\u00e3o<\/strong><br \/>\nO iFood entra na tend\u00eancia de live commerce no Brasil e promove a maior transmiss\u00e3o da marca, com quatro horas de transmiss\u00e3o e adianta alguns destaques do evento: na categoria de Mercado, o p\u00fablico encontrar\u00e1 ofertas exclusivas em produtos para encher a despensa, com produtos essenciais como caf\u00e9 e arroz. J\u00e1 na categoria de Farm\u00e1cia, os mais de 60 milh\u00f5es de clientes do iFood poder\u00e3o aproveitar ofertas agressivas em produtos de autocuidado. Entre as ofertas o p\u00fablico encontrar\u00e1 marcas bastante conhecidas como Cerave, Colgate, YoPro, Dove, Eudora Si\u00e0ge, Pepsico Confira valores:<\/p>\n<table width=\"602\">\n<tbody>\n<tr>\n<td><strong>Mercado<\/strong><\/td>\n<td><strong>Farm\u00e1cia<\/strong><\/td>\n<\/tr>\n<tr>\n<td>Bombom Favoritos Sortidos Lacta 250,6g: R$ 11,99<\/td>\n<td>Lo\u00e7\u00e3o Hidratante Cerave (473ml): 30% de desconto<\/td>\n<\/tr>\n<tr>\n<td>Caf\u00e9s Melitta, Pil\u00e3o ou Tr\u00eas Cora\u00e7\u00f5es (500g) por R$ 18 cada<\/td>\n<td>Gel de Limpeza Principia por R$ 29,90<\/td>\n<\/tr>\n<tr>\n<td>Arroz Branco Camil (5kg) por R$ 14<\/td>\n<td>\u00d3leo Extraordin\u00e1rio L&#8217;Or\u00e9al Elseve (100ml): R$ 29,90<\/td>\n<\/tr>\n<tr>\n<td>Vanish Tira-Mancha Refil por R$ 12,90<\/td>\n<td>Hidratante Facial Hydro Boost Water Gel Neutrogena (50g): R$ 54,99<\/td>\n<\/tr>\n<\/tbody>\n<\/table>\n<p>Para acessar a live commerce, a partir das 16h do dia 15 de setembro (segunda-feira), basta acessar o <a href=\"https:\/\/ifood.short.gy\/livecommerce-diadocliente-ifood\" target=\"_blank\" rel=\"noopener\">link (experi\u00eancia apenas para mobile)<\/a>.<\/p>\n<p>Para o Dia do Cliente, o Clube iFood tamb\u00e9m oferece ofertas exclusivas ao longo da semana, que elevam a experi\u00eancia dos assinantes.<br \/>\nPara a data, o iFood tamb\u00e9m lan\u00e7a a Clube Week, semana de ofertas que acontecer\u00e1 de 15 a 19 de setembro, exclusivas para os assinantes do Clube iFood. A a\u00e7\u00e3o contar\u00e1 com promo\u00e7\u00f5es nas categorias de Restaurante, Mercado e Farm\u00e1cia. Confira a programa\u00e7\u00e3o exclusiva para clientes do Clube iFood:<\/p>\n<table>\n<tbody>\n<tr>\n<td><strong>Segunda<\/strong><\/td>\n<td>Tudo por at\u00e9 70% off<\/td>\n<\/tr>\n<tr>\n<td><strong>Ter\u00e7a<\/strong><\/td>\n<td>Tudo por at\u00e9 50% off e Farm\u00e1cia com descontos + entrega gr\u00e1tis<\/td>\n<\/tr>\n<tr>\n<td><strong>Quarta<\/strong><\/td>\n<td>Combos com at\u00e9 R$ 17 off<\/td>\n<\/tr>\n<tr>\n<td><strong>Quinta<\/strong><\/td>\n<td>Tudo por at\u00e9 70% off e Mercado com descontos + entrega gr\u00e1tis<\/td>\n<\/tr>\n<tr>\n<td><strong>Sexta<\/strong><\/td>\n<td>Leve 2 e pague 1 + entrega gr\u00e1tis<\/td>\n<\/tr>\n<\/tbody>\n<\/table>\n<p>Para quem quiser aproveitar a novidade no Dia do Cliente e assinar o Clube iFood pela primeira vez, poder\u00e1 aproveitar todos os benef\u00edcios por 30 dias gratuitos.<\/p>\n","protected":false},"excerpt":{"rendered":"<p>O iFood celebrar\u00e1 o Dia do Cliente com uma s\u00e9rie de a\u00e7\u00f5es para seus consumidores e tamb\u00e9m para assinantes do Clube iFood. Nesta segunda-feira (15), a marca promove uma live commerce especial, das 16h \u00e0s 20h, onde o p\u00fablico poder\u00e1 conferir, ao vivo e diretamente no aplicativo iFood, descontos limitados nas categorias de Mercado e [&hellip;]<\/p>\n","protected":false},"author":1,"featured_media":57598,"comment_status":"open","ping_status":"open","sticky":false,"template":"","format":"standard","meta":{"tdm_status":"","tdm_grid_status":"","footnotes":""},"categories":[11,6],"tags":[366,8291,7447,308,3779,3420,33,150,4296,28,4893],"class_list":["post-57597","post","type-post","status-publish","format-standard","has-post-thumbnail","hentry","category-digital","category-noticias","tag-app","tag-campanhas","tag-clube-ifood","tag-comunicacao","tag-descontos","tag-dia-do-cliente","tag-estrategia","tag-ifood","tag-live-commerce","tag-marketing","tag-ofertas"],"yoast_head":"<!-- This site is optimized with the Yoast SEO plugin v27.5 - https:\/\/yoast.com\/product\/yoast-seo-wordpress\/ -->\n<title>iFood comemora o Dia do Cliente com descontos exclusivos e a\u00e7\u00f5es ao vivo - CidadeMarketing<\/title>\n<meta name=\"robots\" content=\"index, follow, max-snippet:-1, max-image-preview:large, max-video-preview:-1\" \/>\n<link rel=\"canonical\" href=\"https:\/\/www.cidademarketing.com.br\/marketing\/2025\/09\/15\/ifood-comemora-o-dia-do-cliente-com-descontos-exclusivos-e-acoes-ao-vivo\/\" \/>\n<meta property=\"og:locale\" content=\"pt_BR\" \/>\n<meta property=\"og:type\" content=\"article\" \/>\n<meta property=\"og:title\" content=\"iFood comemora o Dia do Cliente com descontos exclusivos e a\u00e7\u00f5es ao vivo - CidadeMarketing\" \/>\n<meta property=\"og:description\" content=\"O iFood celebrar\u00e1 o Dia do Cliente com uma s\u00e9rie de a\u00e7\u00f5es para seus consumidores e tamb\u00e9m para assinantes do Clube iFood. Nesta segunda-feira (15), a marca promove uma live commerce especial, das 16h \u00e0s 20h, onde o p\u00fablico poder\u00e1 conferir, ao vivo e diretamente no aplicativo iFood, descontos limitados nas categorias de Mercado e [&hellip;]\" \/>\n<meta property=\"og:url\" content=\"https:\/\/www.cidademarketing.com.br\/marketing\/2025\/09\/15\/ifood-comemora-o-dia-do-cliente-com-descontos-exclusivos-e-acoes-ao-vivo\/\" \/>\n<meta property=\"og:site_name\" content=\"CidadeMarketing\" \/>\n<meta property=\"article:publisher\" content=\"https:\/\/www.facebook.com\/portalcidademarketing\" \/>\n<meta property=\"article:author\" content=\"https:\/\/www.facebook.com\/thalesbrandao\" \/>\n<meta property=\"article:published_time\" content=\"2025-09-15T19:50:46+00:00\" \/>\n<meta property=\"og:image\" content=\"https:\/\/www.cidademarketing.com.br\/marketing\/wp-content\/uploads\/2025\/09\/ifood_live_commerce_diadocliente.webp\" \/>\n\t<meta property=\"og:image:width\" content=\"1000\" \/>\n\t<meta property=\"og:image:height\" content=\"563\" \/>\n\t<meta property=\"og:image:type\" content=\"image\/webp\" \/>\n<meta name=\"author\" content=\"Thales Brand\u00e3o\" \/>\n<meta name=\"twitter:card\" content=\"summary_large_image\" \/>\n<meta name=\"twitter:creator\" content=\"@http:\/\/www.twitter.com\/thalesbrandao\" \/>\n<meta name=\"twitter:site\" content=\"@CidadeMarketing\" \/>\n<meta name=\"twitter:label1\" content=\"Escrito por\" \/>\n\t<meta name=\"twitter:data1\" content=\"Thales Brand\u00e3o\" \/>\n\t<meta name=\"twitter:label2\" content=\"Est. tempo de leitura\" \/>\n\t<meta name=\"twitter:data2\" content=\"3 minutos\" \/>\n<script type=\"application\/ld+json\" class=\"yoast-schema-graph\">{\"@context\":\"https:\\\/\\\/schema.org\",\"@graph\":[{\"@type\":\"Article\",\"@id\":\"https:\\\/\\\/www.cidademarketing.com.br\\\/marketing\\\/2025\\\/09\\\/15\\\/ifood-comemora-o-dia-do-cliente-com-descontos-exclusivos-e-acoes-ao-vivo\\\/#article\",\"isPartOf\":{\"@id\":\"https:\\\/\\\/www.cidademarketing.com.br\\\/marketing\\\/2025\\\/09\\\/15\\\/ifood-comemora-o-dia-do-cliente-com-descontos-exclusivos-e-acoes-ao-vivo\\\/\"},\"author\":{\"name\":\"Thales Brand\u00e3o\",\"@id\":\"https:\\\/\\\/www.cidademarketing.com.br\\\/marketing\\\/#\\\/schema\\\/person\\\/02daff9f18bd9378c9e01eb6b2db155f\"},\"headline\":\"iFood comemora o Dia do Cliente com descontos exclusivos e a\u00e7\u00f5es ao vivo\",\"datePublished\":\"2025-09-15T19:50:46+00:00\",\"mainEntityOfPage\":{\"@id\":\"https:\\\/\\\/www.cidademarketing.com.br\\\/marketing\\\/2025\\\/09\\\/15\\\/ifood-comemora-o-dia-do-cliente-com-descontos-exclusivos-e-acoes-ao-vivo\\\/\"},\"wordCount\":447,\"commentCount\":0,\"publisher\":{\"@id\":\"https:\\\/\\\/www.cidademarketing.com.br\\\/marketing\\\/#organization\"},\"image\":{\"@id\":\"https:\\\/\\\/www.cidademarketing.com.br\\\/marketing\\\/2025\\\/09\\\/15\\\/ifood-comemora-o-dia-do-cliente-com-descontos-exclusivos-e-acoes-ao-vivo\\\/#primaryimage\"},\"thumbnailUrl\":\"https:\\\/\\\/www.cidademarketing.com.br\\\/marketing\\\/wp-content\\\/uploads\\\/2025\\\/09\\\/ifood_live_commerce_diadocliente.webp\",\"keywords\":[\"app\",\"campanhas\",\"Clube iFood\",\"comunica\u00e7\u00e3o\",\"descontos\",\"Dia do Cliente\",\"estrat\u00e9gia\",\"iFood\",\"live commerce\",\"marketing\",\"ofertas\"],\"articleSection\":[\"Digital\",\"Not\u00edcias\"],\"inLanguage\":\"pt-BR\",\"potentialAction\":[{\"@type\":\"CommentAction\",\"name\":\"Comment\",\"target\":[\"https:\\\/\\\/www.cidademarketing.com.br\\\/marketing\\\/2025\\\/09\\\/15\\\/ifood-comemora-o-dia-do-cliente-com-descontos-exclusivos-e-acoes-ao-vivo\\\/#respond\"]}]},{\"@type\":\"WebPage\",\"@id\":\"https:\\\/\\\/www.cidademarketing.com.br\\\/marketing\\\/2025\\\/09\\\/15\\\/ifood-comemora-o-dia-do-cliente-com-descontos-exclusivos-e-acoes-ao-vivo\\\/\",\"url\":\"https:\\\/\\\/www.cidademarketing.com.br\\\/marketing\\\/2025\\\/09\\\/15\\\/ifood-comemora-o-dia-do-cliente-com-descontos-exclusivos-e-acoes-ao-vivo\\\/\",\"name\":\"iFood comemora o Dia do Cliente com descontos exclusivos e a\u00e7\u00f5es ao vivo - CidadeMarketing\",\"isPartOf\":{\"@id\":\"https:\\\/\\\/www.cidademarketing.com.br\\\/marketing\\\/#website\"},\"primaryImageOfPage\":{\"@id\":\"https:\\\/\\\/www.cidademarketing.com.br\\\/marketing\\\/2025\\\/09\\\/15\\\/ifood-comemora-o-dia-do-cliente-com-descontos-exclusivos-e-acoes-ao-vivo\\\/#primaryimage\"},\"image\":{\"@id\":\"https:\\\/\\\/www.cidademarketing.com.br\\\/marketing\\\/2025\\\/09\\\/15\\\/ifood-comemora-o-dia-do-cliente-com-descontos-exclusivos-e-acoes-ao-vivo\\\/#primaryimage\"},\"thumbnailUrl\":\"https:\\\/\\\/www.cidademarketing.com.br\\\/marketing\\\/wp-content\\\/uploads\\\/2025\\\/09\\\/ifood_live_commerce_diadocliente.webp\",\"datePublished\":\"2025-09-15T19:50:46+00:00\",\"breadcrumb\":{\"@id\":\"https:\\\/\\\/www.cidademarketing.com.br\\\/marketing\\\/2025\\\/09\\\/15\\\/ifood-comemora-o-dia-do-cliente-com-descontos-exclusivos-e-acoes-ao-vivo\\\/#breadcrumb\"},\"inLanguage\":\"pt-BR\",\"potentialAction\":[{\"@type\":\"ReadAction\",\"target\":[\"https:\\\/\\\/www.cidademarketing.com.br\\\/marketing\\\/2025\\\/09\\\/15\\\/ifood-comemora-o-dia-do-cliente-com-descontos-exclusivos-e-acoes-ao-vivo\\\/\"]}]},{\"@type\":\"ImageObject\",\"inLanguage\":\"pt-BR\",\"@id\":\"https:\\\/\\\/www.cidademarketing.com.br\\\/marketing\\\/2025\\\/09\\\/15\\\/ifood-comemora-o-dia-do-cliente-com-descontos-exclusivos-e-acoes-ao-vivo\\\/#primaryimage\",\"url\":\"https:\\\/\\\/www.cidademarketing.com.br\\\/marketing\\\/wp-content\\\/uploads\\\/2025\\\/09\\\/ifood_live_commerce_diadocliente.webp\",\"contentUrl\":\"https:\\\/\\\/www.cidademarketing.com.br\\\/marketing\\\/wp-content\\\/uploads\\\/2025\\\/09\\\/ifood_live_commerce_diadocliente.webp\",\"width\":1000,\"height\":563,\"caption\":\"Divulga\u00e7\u00e3o\"},{\"@type\":\"BreadcrumbList\",\"@id\":\"https:\\\/\\\/www.cidademarketing.com.br\\\/marketing\\\/2025\\\/09\\\/15\\\/ifood-comemora-o-dia-do-cliente-com-descontos-exclusivos-e-acoes-ao-vivo\\\/#breadcrumb\",\"itemListElement\":[{\"@type\":\"ListItem\",\"position\":1,\"name\":\"In\u00edcio\",\"item\":\"https:\\\/\\\/www.cidademarketing.com.br\\\/marketing\\\/\"},{\"@type\":\"ListItem\",\"position\":2,\"name\":\"iFood comemora o Dia do Cliente com descontos exclusivos e a\u00e7\u00f5es ao vivo\"}]},{\"@type\":\"WebSite\",\"@id\":\"https:\\\/\\\/www.cidademarketing.com.br\\\/marketing\\\/#website\",\"url\":\"https:\\\/\\\/www.cidademarketing.com.br\\\/marketing\\\/\",\"name\":\"CidadeMarketing\",\"description\":\"Somos um ve\u00edculo de comunica\u00e7\u00e3o de destaque no Brasil, reconhecido por conte\u00fados nos segmentos de marketing, empreendedorismo e inova\u00e7\u00e3o.\",\"publisher\":{\"@id\":\"https:\\\/\\\/www.cidademarketing.com.br\\\/marketing\\\/#organization\"},\"alternateName\":\"CidadeMarketing\",\"potentialAction\":[{\"@type\":\"SearchAction\",\"target\":{\"@type\":\"EntryPoint\",\"urlTemplate\":\"https:\\\/\\\/www.cidademarketing.com.br\\\/marketing\\\/?s={search_term_string}\"},\"query-input\":{\"@type\":\"PropertyValueSpecification\",\"valueRequired\":true,\"valueName\":\"search_term_string\"}}],\"inLanguage\":\"pt-BR\"},{\"@type\":\"Organization\",\"@id\":\"https:\\\/\\\/www.cidademarketing.com.br\\\/marketing\\\/#organization\",\"name\":\"CidadeMarketing\",\"alternateName\":\"CidadeMarketing\",\"url\":\"https:\\\/\\\/www.cidademarketing.com.br\\\/marketing\\\/\",\"logo\":{\"@type\":\"ImageObject\",\"inLanguage\":\"pt-BR\",\"@id\":\"https:\\\/\\\/www.cidademarketing.com.br\\\/marketing\\\/#\\\/schema\\\/logo\\\/image\\\/\",\"url\":\"https:\\\/\\\/www.cidademarketing.com.br\\\/marketing\\\/wp-content\\\/uploads\\\/2020\\\/01\\\/cidademarketing_marca_mobile.png\",\"contentUrl\":\"https:\\\/\\\/www.cidademarketing.com.br\\\/marketing\\\/wp-content\\\/uploads\\\/2020\\\/01\\\/cidademarketing_marca_mobile.png\",\"width\":230,\"height\":92,\"caption\":\"CidadeMarketing\"},\"image\":{\"@id\":\"https:\\\/\\\/www.cidademarketing.com.br\\\/marketing\\\/#\\\/schema\\\/logo\\\/image\\\/\"},\"sameAs\":[\"https:\\\/\\\/www.facebook.com\\\/portalcidademarketing\",\"https:\\\/\\\/x.com\\\/CidadeMarketing\",\"https:\\\/\\\/www.instagram.com\\\/cidademarketing\\\/\"]},{\"@type\":\"Person\",\"@id\":\"https:\\\/\\\/www.cidademarketing.com.br\\\/marketing\\\/#\\\/schema\\\/person\\\/02daff9f18bd9378c9e01eb6b2db155f\",\"name\":\"Thales Brand\u00e3o\",\"image\":{\"@type\":\"ImageObject\",\"inLanguage\":\"pt-BR\",\"@id\":\"https:\\\/\\\/secure.gravatar.com\\\/avatar\\\/7ca3206950207cc3cb48feec56a8a7898741ab725c368d99d5d7a5a50aab80c6?s=96&d=mm&r=g\",\"url\":\"https:\\\/\\\/secure.gravatar.com\\\/avatar\\\/7ca3206950207cc3cb48feec56a8a7898741ab725c368d99d5d7a5a50aab80c6?s=96&d=mm&r=g\",\"contentUrl\":\"https:\\\/\\\/secure.gravatar.com\\\/avatar\\\/7ca3206950207cc3cb48feec56a8a7898741ab725c368d99d5d7a5a50aab80c6?s=96&d=mm&r=g\",\"caption\":\"Thales Brand\u00e3o\"},\"description\":\"Editor Executivo do Portal CidadeMarketing.com.br &gt; Mestre em Comunica\u00e7\u00e3o e Sociedade pela Universidade Federal de Sergipe. Possui MBA Executivo em Administra\u00e7\u00e3o com \u00eanfase em Marketing pela Funda\u00e7\u00e3o Get\u00falio Vargas - Rio de Janeiro. Consultor, Palestrante e Pesquisador sobre Empreendedorismo, Marketing, Redes Sociais e Neg\u00f3cios Digitais. Professor, Palestrante TedxTalks e Campus Party. Twitter: @ThalesBrandao\",\"sameAs\":[\"http:\\\/\\\/www.mandacaru.com.br\",\"https:\\\/\\\/www.facebook.com\\\/thalesbrandao\",\"http:\\\/\\\/www.instagram.com.br\\\/thalesbrandaoferreira\",\"https:\\\/\\\/www.linkedin.com\\\/in\\\/thales-brand\u00e3o-3948609\\\/\",\"https:\\\/\\\/x.com\\\/http:\\\/\\\/www.twitter.com\\\/thalesbrandao\"],\"url\":\"https:\\\/\\\/www.cidademarketing.com.br\\\/marketing\\\/author\\\/thalesbrandao\\\/\"}]}<\/script>\n<!-- \/ Yoast SEO plugin. -->","yoast_head_json":{"title":"iFood comemora o Dia do Cliente com descontos exclusivos e a\u00e7\u00f5es ao vivo - CidadeMarketing","robots":{"index":"index","follow":"follow","max-snippet":"max-snippet:-1","max-image-preview":"max-image-preview:large","max-video-preview":"max-video-preview:-1"},"canonical":"https:\/\/www.cidademarketing.com.br\/marketing\/2025\/09\/15\/ifood-comemora-o-dia-do-cliente-com-descontos-exclusivos-e-acoes-ao-vivo\/","og_locale":"pt_BR","og_type":"article","og_title":"iFood comemora o Dia do Cliente com descontos exclusivos e a\u00e7\u00f5es ao vivo - CidadeMarketing","og_description":"O iFood celebrar\u00e1 o Dia do Cliente com uma s\u00e9rie de a\u00e7\u00f5es para seus consumidores e tamb\u00e9m para assinantes do Clube iFood. Nesta segunda-feira (15), a marca promove uma live commerce especial, das 16h \u00e0s 20h, onde o p\u00fablico poder\u00e1 conferir, ao vivo e diretamente no aplicativo iFood, descontos limitados nas categorias de Mercado e [&hellip;]","og_url":"https:\/\/www.cidademarketing.com.br\/marketing\/2025\/09\/15\/ifood-comemora-o-dia-do-cliente-com-descontos-exclusivos-e-acoes-ao-vivo\/","og_site_name":"CidadeMarketing","article_publisher":"https:\/\/www.facebook.com\/portalcidademarketing","article_author":"https:\/\/www.facebook.com\/thalesbrandao","article_published_time":"2025-09-15T19:50:46+00:00","og_image":[{"width":1000,"height":563,"url":"https:\/\/www.cidademarketing.com.br\/marketing\/wp-content\/uploads\/2025\/09\/ifood_live_commerce_diadocliente.webp","type":"image\/webp"}],"author":"Thales Brand\u00e3o","twitter_card":"summary_large_image","twitter_creator":"@http:\/\/www.twitter.com\/thalesbrandao","twitter_site":"@CidadeMarketing","twitter_misc":{"Escrito por":"Thales Brand\u00e3o","Est. tempo de leitura":"3 minutos"},"schema":{"@context":"https:\/\/schema.org","@graph":[{"@type":"Article","@id":"https:\/\/www.cidademarketing.com.br\/marketing\/2025\/09\/15\/ifood-comemora-o-dia-do-cliente-com-descontos-exclusivos-e-acoes-ao-vivo\/#article","isPartOf":{"@id":"https:\/\/www.cidademarketing.com.br\/marketing\/2025\/09\/15\/ifood-comemora-o-dia-do-cliente-com-descontos-exclusivos-e-acoes-ao-vivo\/"},"author":{"name":"Thales Brand\u00e3o","@id":"https:\/\/www.cidademarketing.com.br\/marketing\/#\/schema\/person\/02daff9f18bd9378c9e01eb6b2db155f"},"headline":"iFood comemora o Dia do Cliente com descontos exclusivos e a\u00e7\u00f5es ao vivo","datePublished":"2025-09-15T19:50:46+00:00","mainEntityOfPage":{"@id":"https:\/\/www.cidademarketing.com.br\/marketing\/2025\/09\/15\/ifood-comemora-o-dia-do-cliente-com-descontos-exclusivos-e-acoes-ao-vivo\/"},"wordCount":447,"commentCount":0,"publisher":{"@id":"https:\/\/www.cidademarketing.com.br\/marketing\/#organization"},"image":{"@id":"https:\/\/www.cidademarketing.com.br\/marketing\/2025\/09\/15\/ifood-comemora-o-dia-do-cliente-com-descontos-exclusivos-e-acoes-ao-vivo\/#primaryimage"},"thumbnailUrl":"https:\/\/www.cidademarketing.com.br\/marketing\/wp-content\/uploads\/2025\/09\/ifood_live_commerce_diadocliente.webp","keywords":["app","campanhas","Clube iFood","comunica\u00e7\u00e3o","descontos","Dia do Cliente","estrat\u00e9gia","iFood","live commerce","marketing","ofertas"],"articleSection":["Digital","Not\u00edcias"],"inLanguage":"pt-BR","potentialAction":[{"@type":"CommentAction","name":"Comment","target":["https:\/\/www.cidademarketing.com.br\/marketing\/2025\/09\/15\/ifood-comemora-o-dia-do-cliente-com-descontos-exclusivos-e-acoes-ao-vivo\/#respond"]}]},{"@type":"WebPage","@id":"https:\/\/www.cidademarketing.com.br\/marketing\/2025\/09\/15\/ifood-comemora-o-dia-do-cliente-com-descontos-exclusivos-e-acoes-ao-vivo\/","url":"https:\/\/www.cidademarketing.com.br\/marketing\/2025\/09\/15\/ifood-comemora-o-dia-do-cliente-com-descontos-exclusivos-e-acoes-ao-vivo\/","name":"iFood comemora o Dia do Cliente com descontos exclusivos e a\u00e7\u00f5es ao vivo - CidadeMarketing","isPartOf":{"@id":"https:\/\/www.cidademarketing.com.br\/marketing\/#website"},"primaryImageOfPage":{"@id":"https:\/\/www.cidademarketing.com.br\/marketing\/2025\/09\/15\/ifood-comemora-o-dia-do-cliente-com-descontos-exclusivos-e-acoes-ao-vivo\/#primaryimage"},"image":{"@id":"https:\/\/www.cidademarketing.com.br\/marketing\/2025\/09\/15\/ifood-comemora-o-dia-do-cliente-com-descontos-exclusivos-e-acoes-ao-vivo\/#primaryimage"},"thumbnailUrl":"https:\/\/www.cidademarketing.com.br\/marketing\/wp-content\/uploads\/2025\/09\/ifood_live_commerce_diadocliente.webp","datePublished":"2025-09-15T19:50:46+00:00","breadcrumb":{"@id":"https:\/\/www.cidademarketing.com.br\/marketing\/2025\/09\/15\/ifood-comemora-o-dia-do-cliente-com-descontos-exclusivos-e-acoes-ao-vivo\/#breadcrumb"},"inLanguage":"pt-BR","potentialAction":[{"@type":"ReadAction","target":["https:\/\/www.cidademarketing.com.br\/marketing\/2025\/09\/15\/ifood-comemora-o-dia-do-cliente-com-descontos-exclusivos-e-acoes-ao-vivo\/"]}]},{"@type":"ImageObject","inLanguage":"pt-BR","@id":"https:\/\/www.cidademarketing.com.br\/marketing\/2025\/09\/15\/ifood-comemora-o-dia-do-cliente-com-descontos-exclusivos-e-acoes-ao-vivo\/#primaryimage","url":"https:\/\/www.cidademarketing.com.br\/marketing\/wp-content\/uploads\/2025\/09\/ifood_live_commerce_diadocliente.webp","contentUrl":"https:\/\/www.cidademarketing.com.br\/marketing\/wp-content\/uploads\/2025\/09\/ifood_live_commerce_diadocliente.webp","width":1000,"height":563,"caption":"Divulga\u00e7\u00e3o"},{"@type":"BreadcrumbList","@id":"https:\/\/www.cidademarketing.com.br\/marketing\/2025\/09\/15\/ifood-comemora-o-dia-do-cliente-com-descontos-exclusivos-e-acoes-ao-vivo\/#breadcrumb","itemListElement":[{"@type":"ListItem","position":1,"name":"In\u00edcio","item":"https:\/\/www.cidademarketing.com.br\/marketing\/"},{"@type":"ListItem","position":2,"name":"iFood comemora o Dia do Cliente com descontos exclusivos e a\u00e7\u00f5es ao vivo"}]},{"@type":"WebSite","@id":"https:\/\/www.cidademarketing.com.br\/marketing\/#website","url":"https:\/\/www.cidademarketing.com.br\/marketing\/","name":"CidadeMarketing","description":"Somos um ve\u00edculo de comunica\u00e7\u00e3o de destaque no Brasil, reconhecido por conte\u00fados nos segmentos de marketing, empreendedorismo e inova\u00e7\u00e3o.","publisher":{"@id":"https:\/\/www.cidademarketing.com.br\/marketing\/#organization"},"alternateName":"CidadeMarketing","potentialAction":[{"@type":"SearchAction","target":{"@type":"EntryPoint","urlTemplate":"https:\/\/www.cidademarketing.com.br\/marketing\/?s={search_term_string}"},"query-input":{"@type":"PropertyValueSpecification","valueRequired":true,"valueName":"search_term_string"}}],"inLanguage":"pt-BR"},{"@type":"Organization","@id":"https:\/\/www.cidademarketing.com.br\/marketing\/#organization","name":"CidadeMarketing","alternateName":"CidadeMarketing","url":"https:\/\/www.cidademarketing.com.br\/marketing\/","logo":{"@type":"ImageObject","inLanguage":"pt-BR","@id":"https:\/\/www.cidademarketing.com.br\/marketing\/#\/schema\/logo\/image\/","url":"https:\/\/www.cidademarketing.com.br\/marketing\/wp-content\/uploads\/2020\/01\/cidademarketing_marca_mobile.png","contentUrl":"https:\/\/www.cidademarketing.com.br\/marketing\/wp-content\/uploads\/2020\/01\/cidademarketing_marca_mobile.png","width":230,"height":92,"caption":"CidadeMarketing"},"image":{"@id":"https:\/\/www.cidademarketing.com.br\/marketing\/#\/schema\/logo\/image\/"},"sameAs":["https:\/\/www.facebook.com\/portalcidademarketing","https:\/\/x.com\/CidadeMarketing","https:\/\/www.instagram.com\/cidademarketing\/"]},{"@type":"Person","@id":"https:\/\/www.cidademarketing.com.br\/marketing\/#\/schema\/person\/02daff9f18bd9378c9e01eb6b2db155f","name":"Thales Brand\u00e3o","image":{"@type":"ImageObject","inLanguage":"pt-BR","@id":"https:\/\/secure.gravatar.com\/avatar\/7ca3206950207cc3cb48feec56a8a7898741ab725c368d99d5d7a5a50aab80c6?s=96&d=mm&r=g","url":"https:\/\/secure.gravatar.com\/avatar\/7ca3206950207cc3cb48feec56a8a7898741ab725c368d99d5d7a5a50aab80c6?s=96&d=mm&r=g","contentUrl":"https:\/\/secure.gravatar.com\/avatar\/7ca3206950207cc3cb48feec56a8a7898741ab725c368d99d5d7a5a50aab80c6?s=96&d=mm&r=g","caption":"Thales Brand\u00e3o"},"description":"Editor Executivo do Portal CidadeMarketing.com.br &gt; Mestre em Comunica\u00e7\u00e3o e Sociedade pela Universidade Federal de Sergipe. Possui MBA Executivo em Administra\u00e7\u00e3o com \u00eanfase em Marketing pela Funda\u00e7\u00e3o Get\u00falio Vargas - Rio de Janeiro. Consultor, Palestrante e Pesquisador sobre Empreendedorismo, Marketing, Redes Sociais e Neg\u00f3cios Digitais. Professor, Palestrante TedxTalks e Campus Party. Twitter: @ThalesBrandao","sameAs":["http:\/\/www.mandacaru.com.br","https:\/\/www.facebook.com\/thalesbrandao","http:\/\/www.instagram.com.br\/thalesbrandaoferreira","https:\/\/www.linkedin.com\/in\/thales-brand\u00e3o-3948609\/","https:\/\/x.com\/http:\/\/www.twitter.com\/thalesbrandao"],"url":"https:\/\/www.cidademarketing.com.br\/marketing\/author\/thalesbrandao\/"}]}},"amp_enabled":true,"_links":{"self":[{"href":"https:\/\/www.cidademarketing.com.br\/marketing\/wp-json\/wp\/v2\/posts\/57597","targetHints":{"allow":["GET"]}}],"collection":[{"href":"https:\/\/www.cidademarketing.com.br\/marketing\/wp-json\/wp\/v2\/posts"}],"about":[{"href":"https:\/\/www.cidademarketing.com.br\/marketing\/wp-json\/wp\/v2\/types\/post"}],"author":[{"embeddable":true,"href":"https:\/\/www.cidademarketing.com.br\/marketing\/wp-json\/wp\/v2\/users\/1"}],"replies":[{"embeddable":true,"href":"https:\/\/www.cidademarketing.com.br\/marketing\/wp-json\/wp\/v2\/comments?post=57597"}],"version-history":[{"count":1,"href":"https:\/\/www.cidademarketing.com.br\/marketing\/wp-json\/wp\/v2\/posts\/57597\/revisions"}],"predecessor-version":[{"id":57599,"href":"https:\/\/www.cidademarketing.com.br\/marketing\/wp-json\/wp\/v2\/posts\/57597\/revisions\/57599"}],"wp:featuredmedia":[{"embeddable":true,"href":"https:\/\/www.cidademarketing.com.br\/marketing\/wp-json\/wp\/v2\/media\/57598"}],"wp:attachment":[{"href":"https:\/\/www.cidademarketing.com.br\/marketing\/wp-json\/wp\/v2\/media?parent=57597"}],"wp:term":[{"taxonomy":"category","embeddable":true,"href":"https:\/\/www.cidademarketing.com.br\/marketing\/wp-json\/wp\/v2\/categories?post=57597"},{"taxonomy":"post_tag","embeddable":true,"href":"https:\/\/www.cidademarketing.com.br\/marketing\/wp-json\/wp\/v2\/tags?post=57597"}],"curies":[{"name":"wp","href":"https:\/\/api.w.org\/{rel}","templated":true}]}}