{"id":57572,"date":"2025-09-10T17:04:13","date_gmt":"2025-09-10T20:04:13","guid":{"rendered":"https:\/\/www.cidademarketing.com.br\/marketing\/?p=57572"},"modified":"2025-09-10T17:04:13","modified_gmt":"2025-09-10T20:04:13","slug":"ppa-2025-confira-os-profissionais-de-publicidade-comunicacao-e-marketing-que-integram-o-juri","status":"publish","type":"post","link":"https:\/\/www.cidademarketing.com.br\/marketing\/2025\/09\/10\/ppa-2025-confira-os-profissionais-de-publicidade-comunicacao-e-marketing-que-integram-o-juri\/","title":{"rendered":"PPA 2025: confira os profissionais de publicidade, comunica\u00e7\u00e3o e marketing que integram o j\u00fari"},"content":{"rendered":"<p>O PPA, um dos principais pr\u00eamios da propaganda brasileira, j\u00e1 tem o j\u00fari definido. A Globo anunciou hoje a <a href=\"https:\/\/ppa.globo\/juri\" target=\"_blank\" rel=\"noopener\">lista dos 70 profissionais de publicidade, comunica\u00e7\u00e3o e marketing<\/a> convidados para eleger as melhores campanhas do ano. O processo ser\u00e1 dividido em duas etapas: no dia 23 de setembro, as avalia\u00e7\u00f5es s\u00e3o remotas e todos os trabalhos inscritos avaliados. No dia 25, o j\u00fari se re\u00fane na sede da Globo, em S\u00e3o Paulo, para avaliar a short list e selecionar os finalistas.<\/p>\n<p>Ao todo, o j\u00fari avaliar\u00e1 trabalhos em 16 categorias, divididas em classes Nacional e Regional. Na Nacional, as categorias s\u00e3o: Filme 30\u201d, filme 30\u201d+, Campanha, A\u00e7\u00f5es em Conte\u00fado, Integrada e Valor Social. Na classe Regional, \u201cFilme\u201d e \u201cCampanha\u201d. Os finalistas ser\u00e3o anunciados em 29 de setembro e os grandes vencedores ser\u00e3o conhecidos na cerim\u00f4nia de premia\u00e7\u00e3o, no dia 27 de novembro.<\/p>\n<p>Em 46 anos de hist\u00f3ria, o PPA j\u00e1 avaliou mais de 46 mil pe\u00e7as e distribuiu mais de 3.200 trof\u00e9us, celebrando o talento e a criatividade de profissionais de todas as regi\u00f5es do Brasil.<\/p>\n<p>Confira a rela\u00e7\u00e3o completa:<br \/>\nAlessandra Gomes (McCANN Health)<br \/>\nAlessandra Sadock (WMCCANN)<br \/>\nAlessandra Souza (Stellantis)<br \/>\nAline Botelho (AFRICA)<br \/>\nAna Celina Bueno (ACESSO)<br \/>\nAna Cl\u00e1udia Esteves (PETROBRAS)<br \/>\nAna Cortat (Droga5)<br \/>\nAna Lu Santos (Mediabrands)<br \/>\nAndrea Niccoli (FICTOR)<br \/>\nAndrea Siqueira (AMPFY)<br \/>\nAndr\u00e9 Golla (GREY)<br \/>\nAne Lopes (CLARO)<br \/>\nAry Nogueira (GANA)<br \/>\nBenjamin Yung (DPZ)<br \/>\nBernardo Cople (PROPEG)<br \/>\nBruno Prosperi (SUNO)<br \/>\nCarolina Boccia (BETC HAVAS)<br \/>\nCelio Ashcar (AKM)<br \/>\nClariza Rosa (SILVA)<br \/>\nDan Zecchinelli (FILADELFIA)<br \/>\nDenise Porto Hruby (IAB BRASIL)<br \/>\nEco Moliterno (ACCENTURE)<br \/>\nEdnei Martins (Terravista Filmes)<br \/>\nFernando Duarte (ALMAP)<br \/>\nGeisa Lopes (CALIA\/Y2)<br \/>\nGeorge Benson (BSN Creatives)<br \/>\nGuido Sarti (GALERIA)<br \/>\nGuilherme Figueiredo (BETANO)<br \/>\nGustavo Victorino (TALENT MARCEL)<br \/>\nHellen Mundim (KIND BRANDING)<br \/>\nHudton Bandeira (GRUPO MATEUS)<br \/>\nIan Black (NEW VEGAS)<br \/>\nIonah Kochen (Nestl\u00e9)<br \/>\nKevin David (LE PUB)<br \/>\nKleber Fonseca (MEDIABRANDS)<br \/>\nLara Piccoli (HOC)<br \/>\nLeandro Provedel (ENGIE)<br \/>\nLuciana Morais (GIRAFFAS)<br \/>\nMarcelo Aquilino (GINGA)<br \/>\nMarcelo Gomes (MEIO&amp;MENSAGEM)<br \/>\nMarcos Baue (P&amp;G)<br \/>\nMariana Borga (Prodigo Filmes)<br \/>\nMariana Lisboa (Grupo Moura)<br \/>\nMariana Panhoni (ABAP)<br \/>\nMarie Julie Gerbauld (David)<br \/>\nMauricio de Oliveira (NA BUENA ONDA)<br \/>\nM\u00f4nica Debban\u00e9 (MP PUBLICIDADE)<br \/>\nNicollas Matteis (Signo Filmes)<br \/>\nPaulo Ilha (GALERIA)<br \/>\nPaulo Yanaguizawa (Monks)<br \/>\nPedro Rosa (VML)<br \/>\nRafaela Alves (ALMAP)<br \/>\nRenata Altenfelder (RENNER)<br \/>\nRenata Dumont (Anonymous Content)<br \/>\nRenato Sim\u00f5es (THE JUJU)<br \/>\nRicardo Souza (Butterfly Coletivo)<br \/>\nRoberta Moraes (ARTPLAN)<br \/>\nRodrigo Farah (Shopee)<br \/>\nRodrigo Monte (ARTPLAN)<br \/>\nRodrigo Tortima (LEW&#8217;LARA\/TBWA)<br \/>\nRodolfo Luz (Stone)<br \/>\nSandra Martinelli (ABA)<br \/>\nTatiana Rocha (LOCALIZA)<br \/>\nThatiane Almeida (Magma)<br \/>\nThiago Lins (DPZ)<br \/>\nVinicius Stanzione (LEO BURNETT)<br \/>\nVitor Silveira (EMBELLEZE)<br \/>\nWilton Oliveira (IDEIA3)<br \/>\nYuri Mussoly (DM9)<\/p>\n","protected":false},"excerpt":{"rendered":"<p>O PPA, um dos principais pr\u00eamios da propaganda brasileira, j\u00e1 tem o j\u00fari definido. A Globo anunciou hoje a lista dos 70 profissionais de publicidade, comunica\u00e7\u00e3o e marketing convidados para eleger as melhores campanhas do ano. O processo ser\u00e1 dividido em duas etapas: no dia 23 de setembro, as avalia\u00e7\u00f5es s\u00e3o remotas e todos os [&hellip;]<\/p>\n","protected":false},"author":1,"featured_media":57573,"comment_status":"open","ping_status":"open","sticky":false,"template":"","format":"standard","meta":{"tdm_status":"","tdm_grid_status":"","footnotes":""},"categories":[6],"tags":[65,308,33,836,215,9805,28,9804,9806,66,181],"class_list":["post-57572","post","type-post","status-publish","format-standard","has-post-thumbnail","hentry","category-noticias","tag-campanha","tag-comunicacao","tag-estrategia","tag-filme","tag-globo","tag-globo-ads","tag-marketing","tag-ppa-2025","tag-premios-da-propaganda-brasileira","tag-propaganda","tag-publicidade"],"yoast_head":"<!-- This site is optimized with the Yoast SEO plugin v27.5 - https:\/\/yoast.com\/product\/yoast-seo-wordpress\/ -->\n<title>PPA 2025: confira os profissionais de publicidade, comunica\u00e7\u00e3o e marketing que integram o j\u00fari - CidadeMarketing<\/title>\n<meta name=\"robots\" content=\"index, follow, max-snippet:-1, max-image-preview:large, max-video-preview:-1\" \/>\n<link rel=\"canonical\" href=\"https:\/\/www.cidademarketing.com.br\/marketing\/2025\/09\/10\/ppa-2025-confira-os-profissionais-de-publicidade-comunicacao-e-marketing-que-integram-o-juri\/\" \/>\n<meta property=\"og:locale\" content=\"pt_BR\" \/>\n<meta property=\"og:type\" content=\"article\" \/>\n<meta property=\"og:title\" content=\"PPA 2025: confira os profissionais de publicidade, comunica\u00e7\u00e3o e marketing que integram o j\u00fari - CidadeMarketing\" \/>\n<meta property=\"og:description\" content=\"O PPA, um dos principais pr\u00eamios da propaganda brasileira, j\u00e1 tem o j\u00fari definido. A Globo anunciou hoje a lista dos 70 profissionais de publicidade, comunica\u00e7\u00e3o e marketing convidados para eleger as melhores campanhas do ano. O processo ser\u00e1 dividido em duas etapas: no dia 23 de setembro, as avalia\u00e7\u00f5es s\u00e3o remotas e todos os [&hellip;]\" \/>\n<meta property=\"og:url\" content=\"https:\/\/www.cidademarketing.com.br\/marketing\/2025\/09\/10\/ppa-2025-confira-os-profissionais-de-publicidade-comunicacao-e-marketing-que-integram-o-juri\/\" \/>\n<meta property=\"og:site_name\" content=\"CidadeMarketing\" \/>\n<meta property=\"article:publisher\" content=\"https:\/\/www.facebook.com\/portalcidademarketing\" \/>\n<meta property=\"article:author\" content=\"https:\/\/www.facebook.com\/thalesbrandao\" \/>\n<meta property=\"article:published_time\" content=\"2025-09-10T20:04:13+00:00\" \/>\n<meta property=\"og:image\" content=\"https:\/\/www.cidademarketing.com.br\/marketing\/wp-content\/uploads\/2025\/09\/ppa_2025_jurados.webp\" \/>\n\t<meta property=\"og:image:width\" content=\"1000\" \/>\n\t<meta property=\"og:image:height\" content=\"779\" \/>\n\t<meta property=\"og:image:type\" content=\"image\/webp\" \/>\n<meta name=\"author\" content=\"Thales Brand\u00e3o\" \/>\n<meta name=\"twitter:card\" content=\"summary_large_image\" \/>\n<meta name=\"twitter:creator\" content=\"@http:\/\/www.twitter.com\/thalesbrandao\" \/>\n<meta name=\"twitter:site\" content=\"@CidadeMarketing\" \/>\n<meta name=\"twitter:label1\" content=\"Escrito por\" \/>\n\t<meta name=\"twitter:data1\" content=\"Thales Brand\u00e3o\" \/>\n\t<meta name=\"twitter:label2\" content=\"Est. tempo de leitura\" \/>\n\t<meta name=\"twitter:data2\" content=\"3 minutos\" \/>\n<script type=\"application\/ld+json\" class=\"yoast-schema-graph\">{\"@context\":\"https:\\\/\\\/schema.org\",\"@graph\":[{\"@type\":\"Article\",\"@id\":\"https:\\\/\\\/www.cidademarketing.com.br\\\/marketing\\\/2025\\\/09\\\/10\\\/ppa-2025-confira-os-profissionais-de-publicidade-comunicacao-e-marketing-que-integram-o-juri\\\/#article\",\"isPartOf\":{\"@id\":\"https:\\\/\\\/www.cidademarketing.com.br\\\/marketing\\\/2025\\\/09\\\/10\\\/ppa-2025-confira-os-profissionais-de-publicidade-comunicacao-e-marketing-que-integram-o-juri\\\/\"},\"author\":{\"name\":\"Thales Brand\u00e3o\",\"@id\":\"https:\\\/\\\/www.cidademarketing.com.br\\\/marketing\\\/#\\\/schema\\\/person\\\/02daff9f18bd9378c9e01eb6b2db155f\"},\"headline\":\"PPA 2025: confira os profissionais de publicidade, comunica\u00e7\u00e3o e marketing que integram o j\u00fari\",\"datePublished\":\"2025-09-10T20:04:13+00:00\",\"mainEntityOfPage\":{\"@id\":\"https:\\\/\\\/www.cidademarketing.com.br\\\/marketing\\\/2025\\\/09\\\/10\\\/ppa-2025-confira-os-profissionais-de-publicidade-comunicacao-e-marketing-que-integram-o-juri\\\/\"},\"wordCount\":448,\"commentCount\":0,\"publisher\":{\"@id\":\"https:\\\/\\\/www.cidademarketing.com.br\\\/marketing\\\/#organization\"},\"image\":{\"@id\":\"https:\\\/\\\/www.cidademarketing.com.br\\\/marketing\\\/2025\\\/09\\\/10\\\/ppa-2025-confira-os-profissionais-de-publicidade-comunicacao-e-marketing-que-integram-o-juri\\\/#primaryimage\"},\"thumbnailUrl\":\"https:\\\/\\\/www.cidademarketing.com.br\\\/marketing\\\/wp-content\\\/uploads\\\/2025\\\/09\\\/ppa_2025_jurados.webp\",\"keywords\":[\"campanha\",\"comunica\u00e7\u00e3o\",\"estrat\u00e9gia\",\"filme\",\"Globo\",\"Globo Ads\",\"marketing\",\"PPA 2025\",\"pr\u00eamios da propaganda brasileira\",\"propaganda\",\"publicidade\"],\"articleSection\":[\"Not\u00edcias\"],\"inLanguage\":\"pt-BR\",\"potentialAction\":[{\"@type\":\"CommentAction\",\"name\":\"Comment\",\"target\":[\"https:\\\/\\\/www.cidademarketing.com.br\\\/marketing\\\/2025\\\/09\\\/10\\\/ppa-2025-confira-os-profissionais-de-publicidade-comunicacao-e-marketing-que-integram-o-juri\\\/#respond\"]}]},{\"@type\":\"WebPage\",\"@id\":\"https:\\\/\\\/www.cidademarketing.com.br\\\/marketing\\\/2025\\\/09\\\/10\\\/ppa-2025-confira-os-profissionais-de-publicidade-comunicacao-e-marketing-que-integram-o-juri\\\/\",\"url\":\"https:\\\/\\\/www.cidademarketing.com.br\\\/marketing\\\/2025\\\/09\\\/10\\\/ppa-2025-confira-os-profissionais-de-publicidade-comunicacao-e-marketing-que-integram-o-juri\\\/\",\"name\":\"PPA 2025: confira os profissionais de publicidade, comunica\u00e7\u00e3o e marketing que integram o j\u00fari - CidadeMarketing\",\"isPartOf\":{\"@id\":\"https:\\\/\\\/www.cidademarketing.com.br\\\/marketing\\\/#website\"},\"primaryImageOfPage\":{\"@id\":\"https:\\\/\\\/www.cidademarketing.com.br\\\/marketing\\\/2025\\\/09\\\/10\\\/ppa-2025-confira-os-profissionais-de-publicidade-comunicacao-e-marketing-que-integram-o-juri\\\/#primaryimage\"},\"image\":{\"@id\":\"https:\\\/\\\/www.cidademarketing.com.br\\\/marketing\\\/2025\\\/09\\\/10\\\/ppa-2025-confira-os-profissionais-de-publicidade-comunicacao-e-marketing-que-integram-o-juri\\\/#primaryimage\"},\"thumbnailUrl\":\"https:\\\/\\\/www.cidademarketing.com.br\\\/marketing\\\/wp-content\\\/uploads\\\/2025\\\/09\\\/ppa_2025_jurados.webp\",\"datePublished\":\"2025-09-10T20:04:13+00:00\",\"breadcrumb\":{\"@id\":\"https:\\\/\\\/www.cidademarketing.com.br\\\/marketing\\\/2025\\\/09\\\/10\\\/ppa-2025-confira-os-profissionais-de-publicidade-comunicacao-e-marketing-que-integram-o-juri\\\/#breadcrumb\"},\"inLanguage\":\"pt-BR\",\"potentialAction\":[{\"@type\":\"ReadAction\",\"target\":[\"https:\\\/\\\/www.cidademarketing.com.br\\\/marketing\\\/2025\\\/09\\\/10\\\/ppa-2025-confira-os-profissionais-de-publicidade-comunicacao-e-marketing-que-integram-o-juri\\\/\"]}]},{\"@type\":\"ImageObject\",\"inLanguage\":\"pt-BR\",\"@id\":\"https:\\\/\\\/www.cidademarketing.com.br\\\/marketing\\\/2025\\\/09\\\/10\\\/ppa-2025-confira-os-profissionais-de-publicidade-comunicacao-e-marketing-que-integram-o-juri\\\/#primaryimage\",\"url\":\"https:\\\/\\\/www.cidademarketing.com.br\\\/marketing\\\/wp-content\\\/uploads\\\/2025\\\/09\\\/ppa_2025_jurados.webp\",\"contentUrl\":\"https:\\\/\\\/www.cidademarketing.com.br\\\/marketing\\\/wp-content\\\/uploads\\\/2025\\\/09\\\/ppa_2025_jurados.webp\",\"width\":1000,\"height\":779,\"caption\":\"Divulga\u00e7\u00e3o\"},{\"@type\":\"BreadcrumbList\",\"@id\":\"https:\\\/\\\/www.cidademarketing.com.br\\\/marketing\\\/2025\\\/09\\\/10\\\/ppa-2025-confira-os-profissionais-de-publicidade-comunicacao-e-marketing-que-integram-o-juri\\\/#breadcrumb\",\"itemListElement\":[{\"@type\":\"ListItem\",\"position\":1,\"name\":\"In\u00edcio\",\"item\":\"https:\\\/\\\/www.cidademarketing.com.br\\\/marketing\\\/\"},{\"@type\":\"ListItem\",\"position\":2,\"name\":\"PPA 2025: confira os profissionais de publicidade, comunica\u00e7\u00e3o e marketing que integram o j\u00fari\"}]},{\"@type\":\"WebSite\",\"@id\":\"https:\\\/\\\/www.cidademarketing.com.br\\\/marketing\\\/#website\",\"url\":\"https:\\\/\\\/www.cidademarketing.com.br\\\/marketing\\\/\",\"name\":\"CidadeMarketing\",\"description\":\"Somos um ve\u00edculo de comunica\u00e7\u00e3o de destaque no Brasil, reconhecido por conte\u00fados nos segmentos de marketing, empreendedorismo e inova\u00e7\u00e3o.\",\"publisher\":{\"@id\":\"https:\\\/\\\/www.cidademarketing.com.br\\\/marketing\\\/#organization\"},\"alternateName\":\"CidadeMarketing\",\"potentialAction\":[{\"@type\":\"SearchAction\",\"target\":{\"@type\":\"EntryPoint\",\"urlTemplate\":\"https:\\\/\\\/www.cidademarketing.com.br\\\/marketing\\\/?s={search_term_string}\"},\"query-input\":{\"@type\":\"PropertyValueSpecification\",\"valueRequired\":true,\"valueName\":\"search_term_string\"}}],\"inLanguage\":\"pt-BR\"},{\"@type\":\"Organization\",\"@id\":\"https:\\\/\\\/www.cidademarketing.com.br\\\/marketing\\\/#organization\",\"name\":\"CidadeMarketing\",\"alternateName\":\"CidadeMarketing\",\"url\":\"https:\\\/\\\/www.cidademarketing.com.br\\\/marketing\\\/\",\"logo\":{\"@type\":\"ImageObject\",\"inLanguage\":\"pt-BR\",\"@id\":\"https:\\\/\\\/www.cidademarketing.com.br\\\/marketing\\\/#\\\/schema\\\/logo\\\/image\\\/\",\"url\":\"https:\\\/\\\/www.cidademarketing.com.br\\\/marketing\\\/wp-content\\\/uploads\\\/2020\\\/01\\\/cidademarketing_marca_mobile.png\",\"contentUrl\":\"https:\\\/\\\/www.cidademarketing.com.br\\\/marketing\\\/wp-content\\\/uploads\\\/2020\\\/01\\\/cidademarketing_marca_mobile.png\",\"width\":230,\"height\":92,\"caption\":\"CidadeMarketing\"},\"image\":{\"@id\":\"https:\\\/\\\/www.cidademarketing.com.br\\\/marketing\\\/#\\\/schema\\\/logo\\\/image\\\/\"},\"sameAs\":[\"https:\\\/\\\/www.facebook.com\\\/portalcidademarketing\",\"https:\\\/\\\/x.com\\\/CidadeMarketing\",\"https:\\\/\\\/www.instagram.com\\\/cidademarketing\\\/\"]},{\"@type\":\"Person\",\"@id\":\"https:\\\/\\\/www.cidademarketing.com.br\\\/marketing\\\/#\\\/schema\\\/person\\\/02daff9f18bd9378c9e01eb6b2db155f\",\"name\":\"Thales Brand\u00e3o\",\"image\":{\"@type\":\"ImageObject\",\"inLanguage\":\"pt-BR\",\"@id\":\"https:\\\/\\\/secure.gravatar.com\\\/avatar\\\/7ca3206950207cc3cb48feec56a8a7898741ab725c368d99d5d7a5a50aab80c6?s=96&d=mm&r=g\",\"url\":\"https:\\\/\\\/secure.gravatar.com\\\/avatar\\\/7ca3206950207cc3cb48feec56a8a7898741ab725c368d99d5d7a5a50aab80c6?s=96&d=mm&r=g\",\"contentUrl\":\"https:\\\/\\\/secure.gravatar.com\\\/avatar\\\/7ca3206950207cc3cb48feec56a8a7898741ab725c368d99d5d7a5a50aab80c6?s=96&d=mm&r=g\",\"caption\":\"Thales Brand\u00e3o\"},\"description\":\"Editor Executivo do Portal CidadeMarketing.com.br &gt; Mestre em Comunica\u00e7\u00e3o e Sociedade pela Universidade Federal de Sergipe. Possui MBA Executivo em Administra\u00e7\u00e3o com \u00eanfase em Marketing pela Funda\u00e7\u00e3o Get\u00falio Vargas - Rio de Janeiro. Consultor, Palestrante e Pesquisador sobre Empreendedorismo, Marketing, Redes Sociais e Neg\u00f3cios Digitais. Professor, Palestrante TedxTalks e Campus Party. Twitter: @ThalesBrandao\",\"sameAs\":[\"http:\\\/\\\/www.mandacaru.com.br\",\"https:\\\/\\\/www.facebook.com\\\/thalesbrandao\",\"http:\\\/\\\/www.instagram.com.br\\\/thalesbrandaoferreira\",\"https:\\\/\\\/www.linkedin.com\\\/in\\\/thales-brand\u00e3o-3948609\\\/\",\"https:\\\/\\\/x.com\\\/http:\\\/\\\/www.twitter.com\\\/thalesbrandao\"],\"url\":\"https:\\\/\\\/www.cidademarketing.com.br\\\/marketing\\\/author\\\/thalesbrandao\\\/\"}]}<\/script>\n<!-- \/ Yoast SEO plugin. -->","yoast_head_json":{"title":"PPA 2025: confira os profissionais de publicidade, comunica\u00e7\u00e3o e marketing que integram o j\u00fari - CidadeMarketing","robots":{"index":"index","follow":"follow","max-snippet":"max-snippet:-1","max-image-preview":"max-image-preview:large","max-video-preview":"max-video-preview:-1"},"canonical":"https:\/\/www.cidademarketing.com.br\/marketing\/2025\/09\/10\/ppa-2025-confira-os-profissionais-de-publicidade-comunicacao-e-marketing-que-integram-o-juri\/","og_locale":"pt_BR","og_type":"article","og_title":"PPA 2025: confira os profissionais de publicidade, comunica\u00e7\u00e3o e marketing que integram o j\u00fari - CidadeMarketing","og_description":"O PPA, um dos principais pr\u00eamios da propaganda brasileira, j\u00e1 tem o j\u00fari definido. A Globo anunciou hoje a lista dos 70 profissionais de publicidade, comunica\u00e7\u00e3o e marketing convidados para eleger as melhores campanhas do ano. O processo ser\u00e1 dividido em duas etapas: no dia 23 de setembro, as avalia\u00e7\u00f5es s\u00e3o remotas e todos os [&hellip;]","og_url":"https:\/\/www.cidademarketing.com.br\/marketing\/2025\/09\/10\/ppa-2025-confira-os-profissionais-de-publicidade-comunicacao-e-marketing-que-integram-o-juri\/","og_site_name":"CidadeMarketing","article_publisher":"https:\/\/www.facebook.com\/portalcidademarketing","article_author":"https:\/\/www.facebook.com\/thalesbrandao","article_published_time":"2025-09-10T20:04:13+00:00","og_image":[{"width":1000,"height":779,"url":"https:\/\/www.cidademarketing.com.br\/marketing\/wp-content\/uploads\/2025\/09\/ppa_2025_jurados.webp","type":"image\/webp"}],"author":"Thales Brand\u00e3o","twitter_card":"summary_large_image","twitter_creator":"@http:\/\/www.twitter.com\/thalesbrandao","twitter_site":"@CidadeMarketing","twitter_misc":{"Escrito por":"Thales Brand\u00e3o","Est. tempo de leitura":"3 minutos"},"schema":{"@context":"https:\/\/schema.org","@graph":[{"@type":"Article","@id":"https:\/\/www.cidademarketing.com.br\/marketing\/2025\/09\/10\/ppa-2025-confira-os-profissionais-de-publicidade-comunicacao-e-marketing-que-integram-o-juri\/#article","isPartOf":{"@id":"https:\/\/www.cidademarketing.com.br\/marketing\/2025\/09\/10\/ppa-2025-confira-os-profissionais-de-publicidade-comunicacao-e-marketing-que-integram-o-juri\/"},"author":{"name":"Thales Brand\u00e3o","@id":"https:\/\/www.cidademarketing.com.br\/marketing\/#\/schema\/person\/02daff9f18bd9378c9e01eb6b2db155f"},"headline":"PPA 2025: confira os profissionais de publicidade, comunica\u00e7\u00e3o e marketing que integram o j\u00fari","datePublished":"2025-09-10T20:04:13+00:00","mainEntityOfPage":{"@id":"https:\/\/www.cidademarketing.com.br\/marketing\/2025\/09\/10\/ppa-2025-confira-os-profissionais-de-publicidade-comunicacao-e-marketing-que-integram-o-juri\/"},"wordCount":448,"commentCount":0,"publisher":{"@id":"https:\/\/www.cidademarketing.com.br\/marketing\/#organization"},"image":{"@id":"https:\/\/www.cidademarketing.com.br\/marketing\/2025\/09\/10\/ppa-2025-confira-os-profissionais-de-publicidade-comunicacao-e-marketing-que-integram-o-juri\/#primaryimage"},"thumbnailUrl":"https:\/\/www.cidademarketing.com.br\/marketing\/wp-content\/uploads\/2025\/09\/ppa_2025_jurados.webp","keywords":["campanha","comunica\u00e7\u00e3o","estrat\u00e9gia","filme","Globo","Globo Ads","marketing","PPA 2025","pr\u00eamios da propaganda brasileira","propaganda","publicidade"],"articleSection":["Not\u00edcias"],"inLanguage":"pt-BR","potentialAction":[{"@type":"CommentAction","name":"Comment","target":["https:\/\/www.cidademarketing.com.br\/marketing\/2025\/09\/10\/ppa-2025-confira-os-profissionais-de-publicidade-comunicacao-e-marketing-que-integram-o-juri\/#respond"]}]},{"@type":"WebPage","@id":"https:\/\/www.cidademarketing.com.br\/marketing\/2025\/09\/10\/ppa-2025-confira-os-profissionais-de-publicidade-comunicacao-e-marketing-que-integram-o-juri\/","url":"https:\/\/www.cidademarketing.com.br\/marketing\/2025\/09\/10\/ppa-2025-confira-os-profissionais-de-publicidade-comunicacao-e-marketing-que-integram-o-juri\/","name":"PPA 2025: confira os profissionais de publicidade, comunica\u00e7\u00e3o e marketing que integram o j\u00fari - CidadeMarketing","isPartOf":{"@id":"https:\/\/www.cidademarketing.com.br\/marketing\/#website"},"primaryImageOfPage":{"@id":"https:\/\/www.cidademarketing.com.br\/marketing\/2025\/09\/10\/ppa-2025-confira-os-profissionais-de-publicidade-comunicacao-e-marketing-que-integram-o-juri\/#primaryimage"},"image":{"@id":"https:\/\/www.cidademarketing.com.br\/marketing\/2025\/09\/10\/ppa-2025-confira-os-profissionais-de-publicidade-comunicacao-e-marketing-que-integram-o-juri\/#primaryimage"},"thumbnailUrl":"https:\/\/www.cidademarketing.com.br\/marketing\/wp-content\/uploads\/2025\/09\/ppa_2025_jurados.webp","datePublished":"2025-09-10T20:04:13+00:00","breadcrumb":{"@id":"https:\/\/www.cidademarketing.com.br\/marketing\/2025\/09\/10\/ppa-2025-confira-os-profissionais-de-publicidade-comunicacao-e-marketing-que-integram-o-juri\/#breadcrumb"},"inLanguage":"pt-BR","potentialAction":[{"@type":"ReadAction","target":["https:\/\/www.cidademarketing.com.br\/marketing\/2025\/09\/10\/ppa-2025-confira-os-profissionais-de-publicidade-comunicacao-e-marketing-que-integram-o-juri\/"]}]},{"@type":"ImageObject","inLanguage":"pt-BR","@id":"https:\/\/www.cidademarketing.com.br\/marketing\/2025\/09\/10\/ppa-2025-confira-os-profissionais-de-publicidade-comunicacao-e-marketing-que-integram-o-juri\/#primaryimage","url":"https:\/\/www.cidademarketing.com.br\/marketing\/wp-content\/uploads\/2025\/09\/ppa_2025_jurados.webp","contentUrl":"https:\/\/www.cidademarketing.com.br\/marketing\/wp-content\/uploads\/2025\/09\/ppa_2025_jurados.webp","width":1000,"height":779,"caption":"Divulga\u00e7\u00e3o"},{"@type":"BreadcrumbList","@id":"https:\/\/www.cidademarketing.com.br\/marketing\/2025\/09\/10\/ppa-2025-confira-os-profissionais-de-publicidade-comunicacao-e-marketing-que-integram-o-juri\/#breadcrumb","itemListElement":[{"@type":"ListItem","position":1,"name":"In\u00edcio","item":"https:\/\/www.cidademarketing.com.br\/marketing\/"},{"@type":"ListItem","position":2,"name":"PPA 2025: confira os profissionais de publicidade, comunica\u00e7\u00e3o e marketing que integram o j\u00fari"}]},{"@type":"WebSite","@id":"https:\/\/www.cidademarketing.com.br\/marketing\/#website","url":"https:\/\/www.cidademarketing.com.br\/marketing\/","name":"CidadeMarketing","description":"Somos um ve\u00edculo de comunica\u00e7\u00e3o de destaque no Brasil, reconhecido por conte\u00fados nos segmentos de marketing, empreendedorismo e inova\u00e7\u00e3o.","publisher":{"@id":"https:\/\/www.cidademarketing.com.br\/marketing\/#organization"},"alternateName":"CidadeMarketing","potentialAction":[{"@type":"SearchAction","target":{"@type":"EntryPoint","urlTemplate":"https:\/\/www.cidademarketing.com.br\/marketing\/?s={search_term_string}"},"query-input":{"@type":"PropertyValueSpecification","valueRequired":true,"valueName":"search_term_string"}}],"inLanguage":"pt-BR"},{"@type":"Organization","@id":"https:\/\/www.cidademarketing.com.br\/marketing\/#organization","name":"CidadeMarketing","alternateName":"CidadeMarketing","url":"https:\/\/www.cidademarketing.com.br\/marketing\/","logo":{"@type":"ImageObject","inLanguage":"pt-BR","@id":"https:\/\/www.cidademarketing.com.br\/marketing\/#\/schema\/logo\/image\/","url":"https:\/\/www.cidademarketing.com.br\/marketing\/wp-content\/uploads\/2020\/01\/cidademarketing_marca_mobile.png","contentUrl":"https:\/\/www.cidademarketing.com.br\/marketing\/wp-content\/uploads\/2020\/01\/cidademarketing_marca_mobile.png","width":230,"height":92,"caption":"CidadeMarketing"},"image":{"@id":"https:\/\/www.cidademarketing.com.br\/marketing\/#\/schema\/logo\/image\/"},"sameAs":["https:\/\/www.facebook.com\/portalcidademarketing","https:\/\/x.com\/CidadeMarketing","https:\/\/www.instagram.com\/cidademarketing\/"]},{"@type":"Person","@id":"https:\/\/www.cidademarketing.com.br\/marketing\/#\/schema\/person\/02daff9f18bd9378c9e01eb6b2db155f","name":"Thales Brand\u00e3o","image":{"@type":"ImageObject","inLanguage":"pt-BR","@id":"https:\/\/secure.gravatar.com\/avatar\/7ca3206950207cc3cb48feec56a8a7898741ab725c368d99d5d7a5a50aab80c6?s=96&d=mm&r=g","url":"https:\/\/secure.gravatar.com\/avatar\/7ca3206950207cc3cb48feec56a8a7898741ab725c368d99d5d7a5a50aab80c6?s=96&d=mm&r=g","contentUrl":"https:\/\/secure.gravatar.com\/avatar\/7ca3206950207cc3cb48feec56a8a7898741ab725c368d99d5d7a5a50aab80c6?s=96&d=mm&r=g","caption":"Thales Brand\u00e3o"},"description":"Editor Executivo do Portal CidadeMarketing.com.br &gt; Mestre em Comunica\u00e7\u00e3o e Sociedade pela Universidade Federal de Sergipe. Possui MBA Executivo em Administra\u00e7\u00e3o com \u00eanfase em Marketing pela Funda\u00e7\u00e3o Get\u00falio Vargas - Rio de Janeiro. Consultor, Palestrante e Pesquisador sobre Empreendedorismo, Marketing, Redes Sociais e Neg\u00f3cios Digitais. Professor, Palestrante TedxTalks e Campus Party. Twitter: @ThalesBrandao","sameAs":["http:\/\/www.mandacaru.com.br","https:\/\/www.facebook.com\/thalesbrandao","http:\/\/www.instagram.com.br\/thalesbrandaoferreira","https:\/\/www.linkedin.com\/in\/thales-brand\u00e3o-3948609\/","https:\/\/x.com\/http:\/\/www.twitter.com\/thalesbrandao"],"url":"https:\/\/www.cidademarketing.com.br\/marketing\/author\/thalesbrandao\/"}]}},"amp_enabled":true,"_links":{"self":[{"href":"https:\/\/www.cidademarketing.com.br\/marketing\/wp-json\/wp\/v2\/posts\/57572","targetHints":{"allow":["GET"]}}],"collection":[{"href":"https:\/\/www.cidademarketing.com.br\/marketing\/wp-json\/wp\/v2\/posts"}],"about":[{"href":"https:\/\/www.cidademarketing.com.br\/marketing\/wp-json\/wp\/v2\/types\/post"}],"author":[{"embeddable":true,"href":"https:\/\/www.cidademarketing.com.br\/marketing\/wp-json\/wp\/v2\/users\/1"}],"replies":[{"embeddable":true,"href":"https:\/\/www.cidademarketing.com.br\/marketing\/wp-json\/wp\/v2\/comments?post=57572"}],"version-history":[{"count":1,"href":"https:\/\/www.cidademarketing.com.br\/marketing\/wp-json\/wp\/v2\/posts\/57572\/revisions"}],"predecessor-version":[{"id":57574,"href":"https:\/\/www.cidademarketing.com.br\/marketing\/wp-json\/wp\/v2\/posts\/57572\/revisions\/57574"}],"wp:featuredmedia":[{"embeddable":true,"href":"https:\/\/www.cidademarketing.com.br\/marketing\/wp-json\/wp\/v2\/media\/57573"}],"wp:attachment":[{"href":"https:\/\/www.cidademarketing.com.br\/marketing\/wp-json\/wp\/v2\/media?parent=57572"}],"wp:term":[{"taxonomy":"category","embeddable":true,"href":"https:\/\/www.cidademarketing.com.br\/marketing\/wp-json\/wp\/v2\/categories?post=57572"},{"taxonomy":"post_tag","embeddable":true,"href":"https:\/\/www.cidademarketing.com.br\/marketing\/wp-json\/wp\/v2\/tags?post=57572"}],"curies":[{"name":"wp","href":"https:\/\/api.w.org\/{rel}","templated":true}]}}