{"id":57558,"date":"2025-09-10T01:26:33","date_gmt":"2025-09-10T04:26:33","guid":{"rendered":"https:\/\/www.cidademarketing.com.br\/marketing\/?p=57558"},"modified":"2025-09-10T01:26:33","modified_gmt":"2025-09-10T04:26:33","slug":"apple-lanca-iphone-17-com-design-ultrafino-e-camera-de-maior-campo-de-visao","status":"publish","type":"post","link":"https:\/\/www.cidademarketing.com.br\/marketing\/2025\/09\/10\/apple-lanca-iphone-17-com-design-ultrafino-e-camera-de-maior-campo-de-visao\/","title":{"rendered":"Apple lan\u00e7a iPhone 17 com design ultrafino e c\u00e2mera de maior campo de vis\u00e3o"},"content":{"rendered":"<p>A Apple apresentou nesta ter\u00e7a-feira (9), no audit\u00f3rio Steve Jobs Theater, em Cupertino (EUA), a sua nova linha de smartphones: iPhone 17, iPhone 17 Pro, iPhone 17 Pro Max e o in\u00e9dito iPhone 17 Air, considerado o mais fino da hist\u00f3ria da marca.<\/p>\n<p>Os novos modelos chegam ao Brasil em 16 de setembro, com pre\u00e7os a partir de R$ 7.999, e trazem como principais destaques a evolu\u00e7\u00e3o das c\u00e2meras \u2014 especialmente a frontal, que ganhou maior campo de vis\u00e3o \u2014 e o lan\u00e7amento do iPhone 17 Air, substituto da vers\u00e3o Plus.<\/p>\n<p>O evento tamb\u00e9m marcou a apresenta\u00e7\u00e3o dos novos AirPods Pro 3, al\u00e9m dos rel\u00f3gios Apple Watch Series 11, Apple Watch SE e Apple Watch Ultra 3.<\/p>\n<div class=\"youtube-embed\" data-video_id=\"_-AS5DtDeqs\"><iframe title=\"Introducing iPhone 17 Pro | Apple\" width=\"640\" height=\"360\" src=\"https:\/\/www.youtube.com\/embed\/_-AS5DtDeqs?feature=oembed&#038;enablejsapi=1\" frameborder=\"0\" allow=\"accelerometer; autoplay; clipboard-write; encrypted-media; gyroscope; picture-in-picture; web-share\" referrerpolicy=\"strict-origin-when-cross-origin\" allowfullscreen><\/iframe><\/div>\n<p><strong>iPhone 17: mais brilho e c\u00e2meras renovadas<\/strong><\/p>\n<p>O iPhone 17 mant\u00e9m o design com bordas retas e m\u00f3dulo de c\u00e2meras em formato de p\u00edlula vertical, dispon\u00edvel em cinco cores: verde, lil\u00e1s, azul, preto e branco.<\/p>\n<p>Tela: passou de 6,1 para 6,3 polegadas, agora com tecnologia ProMotion (1 a 120 Hz) e recurso Always On Display, antes restrito \u00e0s vers\u00f5es Pro. O brilho tamb\u00e9m foi ampliado, chegando a 3.000 nits.<\/p>\n<p>Desempenho: equipado com o novo processador A19 (3nm) da TSMC.<\/p>\n<p>C\u00e2meras: sensor principal de 48 MP Fusion, que atua como wide e teleobjetiva com zoom \u00f3ptico de 2x, e ultrawide tamb\u00e9m de 48 MP.<\/p>\n<p>Selfie: grande salto com a c\u00e2mera Center Stage de 24 MP, que permite selfies na horizontal ou vertical sem girar o aparelho e grava\u00e7\u00f5es mais est\u00e1veis em v\u00eddeo.<\/p>\n<p><strong>iPhone 17 Air: o mais fino j\u00e1 lan\u00e7ado<\/strong><\/p>\n<p>A grande novidade da linha \u00e9 o iPhone 17 Air, que chega para substituir o modelo Plus, descontinuado por baixa ades\u00e3o de vendas.<\/p>\n<p>Design: corpo ultrafino com 5,6 mm de espessura, superando o antigo iPhone 6 (6,9 mm) e concorrentes como o Galaxy S25 Edge (5,8 mm). Estrutura em tit\u00e2nio espelhado com prote\u00e7\u00e3o cer\u00e2mica, dispon\u00edvel nas cores preto, branco, dourado e azul.<\/p>\n<p>Tela: 6,5 polegadas, tamb\u00e9m com ProMotion e brilho de 3.000 nits.<\/p>\n<p>C\u00e2meras: traseira \u00fanica 48 MP Fusion, atuando como wide e teleobjetiva (zoom \u00f3ptico de 2x), e c\u00e2mera frontal Center Stage de 24 MP.<\/p>\n<p>Pot\u00eancia: processador A19 Pro, compat\u00edvel com Wi-Fi 7, Bluetooth 6, Thread e modem 5G otimizado.<\/p>\n<p>Conectividade: apenas e-SIM, sem bandeja para chip f\u00edsico em nenhum mercado.<\/p>\n<figure id=\"attachment_57560\" aria-describedby=\"caption-attachment-57560\" style=\"width: 1000px\" class=\"wp-caption alignnone\"><img fetchpriority=\"high\" decoding=\"async\" class=\"wp-image-57560 size-full\" src=\"https:\/\/www.cidademarketing.com.br\/marketing\/wp-content\/uploads\/2025\/09\/iphone_17_apple_02.webp\" alt=\"Uma das novidades \u00e9 a teleobjetiva mais avan\u00e7ada j\u00e1 presente em um iPhone, equivalente a uma dist\u00e2ncia focal de 200 mm.\" width=\"1000\" height=\"779\" srcset=\"https:\/\/www.cidademarketing.com.br\/marketing\/wp-content\/uploads\/2025\/09\/iphone_17_apple_02.webp 1000w, https:\/\/www.cidademarketing.com.br\/marketing\/wp-content\/uploads\/2025\/09\/iphone_17_apple_02-300x234.webp 300w, https:\/\/www.cidademarketing.com.br\/marketing\/wp-content\/uploads\/2025\/09\/iphone_17_apple_02-768x598.webp 768w, https:\/\/www.cidademarketing.com.br\/marketing\/wp-content\/uploads\/2025\/09\/iphone_17_apple_02-539x420.webp 539w, https:\/\/www.cidademarketing.com.br\/marketing\/wp-content\/uploads\/2025\/09\/iphone_17_apple_02-640x499.webp 640w, https:\/\/www.cidademarketing.com.br\/marketing\/wp-content\/uploads\/2025\/09\/iphone_17_apple_02-681x530.webp 681w\" sizes=\"(max-width: 1000px) 100vw, 1000px\" \/><figcaption id=\"caption-attachment-57560\" class=\"wp-caption-text\">Tela Pro imersiva. Nossas melhores telas Super Retina XDR de 6,3 e 6,9 polegadas4. Mais brilhantes, com antirreflexo atualizado e ProMotion de at\u00e9 120 Hz.<\/figcaption><\/figure>\n<p><strong>iPhone 17 Pro e Pro Max: poder m\u00e1ximo<\/strong><\/p>\n<p>Os modelos topo de linha chegaram com mudan\u00e7as significativas.<\/p>\n<p>Design: m\u00f3dulo de c\u00e2meras agora ocupa toda a largura traseira. O corpo passou a ser feito em alum\u00ednio \u00fanico, com nova c\u00e2mara de vapor para melhor dissipa\u00e7\u00e3o de calor e maior durabilidade da bateria.<\/p>\n<p>C\u00e2meras: tr\u00eas sensores de 48 MP Fusion (wide, ultrawide e telefoto, com zoom \u00f3ptico at\u00e9 8x) e c\u00e2mera frontal de 18 MP Center Stage.<\/p>\n<p>Chipset: novo A19 Pro, com seis n\u00facleos gr\u00e1ficos.<\/p>\n<p>Telas: 6,3 polegadas (Pro) e 6,9 polegadas (Pro Max).<\/p>\n<p>Armazenamento: vers\u00e3o Pro Max chega a 2 TB, o maior j\u00e1 oferecido pela Apple.<\/p>\n<p><strong>Pre\u00e7os no Brasil<\/strong><\/p>\n<p>iPhone 17 \u2013 R$ 7.999 (256 GB) | R$ 9.499 (512 GB)<\/p>\n<p>iPhone 17 Air \u2013 R$ 10.499 (256 GB) | R$ 11.999 (512 GB) | R$ 13.499 (1 TB)<\/p>\n<p>iPhone 17 Pro \u2013 R$ 11.499 (256 GB) | R$ 12.999 (512 GB) | R$ 14.499 (1 TB)<\/p>\n<p>iPhone 17 Pro Max \u2013 R$ 12.499 (256 GB) | R$ 13.999 (512 GB) | R$ 15.499 (1 TB) | R$ 18.499 (2 TB)<\/p>\n<p>&nbsp;<\/p>\n<p>&nbsp;<\/p>\n","protected":false},"excerpt":{"rendered":"<p>A Apple apresentou nesta ter\u00e7a-feira (9), no audit\u00f3rio Steve Jobs Theater, em Cupertino (EUA), a sua nova linha de smartphones: iPhone 17, iPhone 17 Pro, iPhone 17 Pro Max e o in\u00e9dito iPhone 17 Air, considerado o mais fino da hist\u00f3ria da marca. Os novos modelos chegam ao Brasil em 16 de setembro, com pre\u00e7os [&hellip;]<\/p>\n","protected":false},"author":1,"featured_media":57559,"comment_status":"open","ping_status":"open","sticky":false,"template":"","format":"standard","meta":{"tdm_status":"","tdm_grid_status":"","footnotes":""},"categories":[6],"tags":[297,147,9797,223,293,978,9796,9799,9798,9800,185],"class_list":["post-57558","post","type-post","status-publish","format-standard","has-post-thumbnail","hentry","category-noticias","tag-apple","tag-brasil","tag-camera","tag-design","tag-inovacao","tag-iphone","tag-iphone-17","tag-iphone-17-air","tag-iphone-17-pro","tag-lancamento-iphone-17","tag-tecnologia"],"yoast_head":"<!-- This site is optimized with the Yoast SEO plugin v27.5 - https:\/\/yoast.com\/product\/yoast-seo-wordpress\/ -->\n<title>Apple lan\u00e7a iPhone 17 com design ultrafino e c\u00e2mera de maior campo de vis\u00e3o - CidadeMarketing<\/title>\n<meta name=\"robots\" content=\"index, follow, max-snippet:-1, max-image-preview:large, max-video-preview:-1\" \/>\n<link rel=\"canonical\" href=\"https:\/\/www.cidademarketing.com.br\/marketing\/2025\/09\/10\/apple-lanca-iphone-17-com-design-ultrafino-e-camera-de-maior-campo-de-visao\/\" \/>\n<meta property=\"og:locale\" content=\"pt_BR\" \/>\n<meta property=\"og:type\" content=\"article\" \/>\n<meta property=\"og:title\" content=\"Apple lan\u00e7a iPhone 17 com design ultrafino e c\u00e2mera de maior campo de vis\u00e3o - CidadeMarketing\" \/>\n<meta property=\"og:description\" content=\"A Apple apresentou nesta ter\u00e7a-feira (9), no audit\u00f3rio Steve Jobs Theater, em Cupertino (EUA), a sua nova linha de smartphones: iPhone 17, iPhone 17 Pro, iPhone 17 Pro Max e o in\u00e9dito iPhone 17 Air, considerado o mais fino da hist\u00f3ria da marca. Os novos modelos chegam ao Brasil em 16 de setembro, com pre\u00e7os [&hellip;]\" \/>\n<meta property=\"og:url\" content=\"https:\/\/www.cidademarketing.com.br\/marketing\/2025\/09\/10\/apple-lanca-iphone-17-com-design-ultrafino-e-camera-de-maior-campo-de-visao\/\" \/>\n<meta property=\"og:site_name\" content=\"CidadeMarketing\" \/>\n<meta property=\"article:publisher\" content=\"https:\/\/www.facebook.com\/portalcidademarketing\" \/>\n<meta property=\"article:author\" content=\"https:\/\/www.facebook.com\/thalesbrandao\" \/>\n<meta property=\"article:published_time\" content=\"2025-09-10T04:26:33+00:00\" \/>\n<meta property=\"og:image\" content=\"https:\/\/www.cidademarketing.com.br\/marketing\/wp-content\/uploads\/2025\/09\/iphone_17_apple.webp\" \/>\n\t<meta property=\"og:image:width\" content=\"1000\" \/>\n\t<meta property=\"og:image:height\" content=\"528\" \/>\n\t<meta property=\"og:image:type\" content=\"image\/webp\" \/>\n<meta name=\"author\" content=\"Thales Brand\u00e3o\" \/>\n<meta name=\"twitter:card\" content=\"summary_large_image\" \/>\n<meta name=\"twitter:creator\" content=\"@http:\/\/www.twitter.com\/thalesbrandao\" \/>\n<meta name=\"twitter:site\" content=\"@CidadeMarketing\" \/>\n<meta name=\"twitter:label1\" content=\"Escrito por\" \/>\n\t<meta name=\"twitter:data1\" content=\"Thales Brand\u00e3o\" \/>\n\t<meta name=\"twitter:label2\" content=\"Est. tempo de leitura\" \/>\n\t<meta name=\"twitter:data2\" content=\"4 minutos\" \/>\n<script type=\"application\/ld+json\" class=\"yoast-schema-graph\">{\"@context\":\"https:\\\/\\\/schema.org\",\"@graph\":[{\"@type\":\"Article\",\"@id\":\"https:\\\/\\\/www.cidademarketing.com.br\\\/marketing\\\/2025\\\/09\\\/10\\\/apple-lanca-iphone-17-com-design-ultrafino-e-camera-de-maior-campo-de-visao\\\/#article\",\"isPartOf\":{\"@id\":\"https:\\\/\\\/www.cidademarketing.com.br\\\/marketing\\\/2025\\\/09\\\/10\\\/apple-lanca-iphone-17-com-design-ultrafino-e-camera-de-maior-campo-de-visao\\\/\"},\"author\":{\"name\":\"Thales Brand\u00e3o\",\"@id\":\"https:\\\/\\\/www.cidademarketing.com.br\\\/marketing\\\/#\\\/schema\\\/person\\\/02daff9f18bd9378c9e01eb6b2db155f\"},\"headline\":\"Apple lan\u00e7a iPhone 17 com design ultrafino e c\u00e2mera de maior campo de vis\u00e3o\",\"datePublished\":\"2025-09-10T04:26:33+00:00\",\"mainEntityOfPage\":{\"@id\":\"https:\\\/\\\/www.cidademarketing.com.br\\\/marketing\\\/2025\\\/09\\\/10\\\/apple-lanca-iphone-17-com-design-ultrafino-e-camera-de-maior-campo-de-visao\\\/\"},\"wordCount\":589,\"commentCount\":0,\"publisher\":{\"@id\":\"https:\\\/\\\/www.cidademarketing.com.br\\\/marketing\\\/#organization\"},\"image\":{\"@id\":\"https:\\\/\\\/www.cidademarketing.com.br\\\/marketing\\\/2025\\\/09\\\/10\\\/apple-lanca-iphone-17-com-design-ultrafino-e-camera-de-maior-campo-de-visao\\\/#primaryimage\"},\"thumbnailUrl\":\"https:\\\/\\\/www.cidademarketing.com.br\\\/marketing\\\/wp-content\\\/uploads\\\/2025\\\/09\\\/iphone_17_apple.webp\",\"keywords\":[\"Apple\",\"Brasil\",\"c\u00e2mera\",\"design\",\"inova\u00e7\u00e3o\",\"Iphone\",\"iPhone 17\",\"iPhone 17 Air\",\"iPhone 17 Pro\",\"lan\u00e7amento iPhone 17\",\"tecnologia\"],\"articleSection\":[\"Not\u00edcias\"],\"inLanguage\":\"pt-BR\",\"potentialAction\":[{\"@type\":\"CommentAction\",\"name\":\"Comment\",\"target\":[\"https:\\\/\\\/www.cidademarketing.com.br\\\/marketing\\\/2025\\\/09\\\/10\\\/apple-lanca-iphone-17-com-design-ultrafino-e-camera-de-maior-campo-de-visao\\\/#respond\"]}]},{\"@type\":\"WebPage\",\"@id\":\"https:\\\/\\\/www.cidademarketing.com.br\\\/marketing\\\/2025\\\/09\\\/10\\\/apple-lanca-iphone-17-com-design-ultrafino-e-camera-de-maior-campo-de-visao\\\/\",\"url\":\"https:\\\/\\\/www.cidademarketing.com.br\\\/marketing\\\/2025\\\/09\\\/10\\\/apple-lanca-iphone-17-com-design-ultrafino-e-camera-de-maior-campo-de-visao\\\/\",\"name\":\"Apple lan\u00e7a iPhone 17 com design ultrafino e c\u00e2mera de maior campo de vis\u00e3o - CidadeMarketing\",\"isPartOf\":{\"@id\":\"https:\\\/\\\/www.cidademarketing.com.br\\\/marketing\\\/#website\"},\"primaryImageOfPage\":{\"@id\":\"https:\\\/\\\/www.cidademarketing.com.br\\\/marketing\\\/2025\\\/09\\\/10\\\/apple-lanca-iphone-17-com-design-ultrafino-e-camera-de-maior-campo-de-visao\\\/#primaryimage\"},\"image\":{\"@id\":\"https:\\\/\\\/www.cidademarketing.com.br\\\/marketing\\\/2025\\\/09\\\/10\\\/apple-lanca-iphone-17-com-design-ultrafino-e-camera-de-maior-campo-de-visao\\\/#primaryimage\"},\"thumbnailUrl\":\"https:\\\/\\\/www.cidademarketing.com.br\\\/marketing\\\/wp-content\\\/uploads\\\/2025\\\/09\\\/iphone_17_apple.webp\",\"datePublished\":\"2025-09-10T04:26:33+00:00\",\"breadcrumb\":{\"@id\":\"https:\\\/\\\/www.cidademarketing.com.br\\\/marketing\\\/2025\\\/09\\\/10\\\/apple-lanca-iphone-17-com-design-ultrafino-e-camera-de-maior-campo-de-visao\\\/#breadcrumb\"},\"inLanguage\":\"pt-BR\",\"potentialAction\":[{\"@type\":\"ReadAction\",\"target\":[\"https:\\\/\\\/www.cidademarketing.com.br\\\/marketing\\\/2025\\\/09\\\/10\\\/apple-lanca-iphone-17-com-design-ultrafino-e-camera-de-maior-campo-de-visao\\\/\"]}]},{\"@type\":\"ImageObject\",\"inLanguage\":\"pt-BR\",\"@id\":\"https:\\\/\\\/www.cidademarketing.com.br\\\/marketing\\\/2025\\\/09\\\/10\\\/apple-lanca-iphone-17-com-design-ultrafino-e-camera-de-maior-campo-de-visao\\\/#primaryimage\",\"url\":\"https:\\\/\\\/www.cidademarketing.com.br\\\/marketing\\\/wp-content\\\/uploads\\\/2025\\\/09\\\/iphone_17_apple.webp\",\"contentUrl\":\"https:\\\/\\\/www.cidademarketing.com.br\\\/marketing\\\/wp-content\\\/uploads\\\/2025\\\/09\\\/iphone_17_apple.webp\",\"width\":1000,\"height\":528,\"caption\":\"Divulga\u00e7\u00e3o\"},{\"@type\":\"BreadcrumbList\",\"@id\":\"https:\\\/\\\/www.cidademarketing.com.br\\\/marketing\\\/2025\\\/09\\\/10\\\/apple-lanca-iphone-17-com-design-ultrafino-e-camera-de-maior-campo-de-visao\\\/#breadcrumb\",\"itemListElement\":[{\"@type\":\"ListItem\",\"position\":1,\"name\":\"In\u00edcio\",\"item\":\"https:\\\/\\\/www.cidademarketing.com.br\\\/marketing\\\/\"},{\"@type\":\"ListItem\",\"position\":2,\"name\":\"Apple lan\u00e7a iPhone 17 com design ultrafino e c\u00e2mera de maior campo de vis\u00e3o\"}]},{\"@type\":\"WebSite\",\"@id\":\"https:\\\/\\\/www.cidademarketing.com.br\\\/marketing\\\/#website\",\"url\":\"https:\\\/\\\/www.cidademarketing.com.br\\\/marketing\\\/\",\"name\":\"CidadeMarketing\",\"description\":\"Somos um ve\u00edculo de comunica\u00e7\u00e3o de destaque no Brasil, reconhecido por conte\u00fados nos segmentos de marketing, empreendedorismo e inova\u00e7\u00e3o.\",\"publisher\":{\"@id\":\"https:\\\/\\\/www.cidademarketing.com.br\\\/marketing\\\/#organization\"},\"alternateName\":\"CidadeMarketing\",\"potentialAction\":[{\"@type\":\"SearchAction\",\"target\":{\"@type\":\"EntryPoint\",\"urlTemplate\":\"https:\\\/\\\/www.cidademarketing.com.br\\\/marketing\\\/?s={search_term_string}\"},\"query-input\":{\"@type\":\"PropertyValueSpecification\",\"valueRequired\":true,\"valueName\":\"search_term_string\"}}],\"inLanguage\":\"pt-BR\"},{\"@type\":\"Organization\",\"@id\":\"https:\\\/\\\/www.cidademarketing.com.br\\\/marketing\\\/#organization\",\"name\":\"CidadeMarketing\",\"alternateName\":\"CidadeMarketing\",\"url\":\"https:\\\/\\\/www.cidademarketing.com.br\\\/marketing\\\/\",\"logo\":{\"@type\":\"ImageObject\",\"inLanguage\":\"pt-BR\",\"@id\":\"https:\\\/\\\/www.cidademarketing.com.br\\\/marketing\\\/#\\\/schema\\\/logo\\\/image\\\/\",\"url\":\"https:\\\/\\\/www.cidademarketing.com.br\\\/marketing\\\/wp-content\\\/uploads\\\/2020\\\/01\\\/cidademarketing_marca_mobile.png\",\"contentUrl\":\"https:\\\/\\\/www.cidademarketing.com.br\\\/marketing\\\/wp-content\\\/uploads\\\/2020\\\/01\\\/cidademarketing_marca_mobile.png\",\"width\":230,\"height\":92,\"caption\":\"CidadeMarketing\"},\"image\":{\"@id\":\"https:\\\/\\\/www.cidademarketing.com.br\\\/marketing\\\/#\\\/schema\\\/logo\\\/image\\\/\"},\"sameAs\":[\"https:\\\/\\\/www.facebook.com\\\/portalcidademarketing\",\"https:\\\/\\\/x.com\\\/CidadeMarketing\",\"https:\\\/\\\/www.instagram.com\\\/cidademarketing\\\/\"]},{\"@type\":\"Person\",\"@id\":\"https:\\\/\\\/www.cidademarketing.com.br\\\/marketing\\\/#\\\/schema\\\/person\\\/02daff9f18bd9378c9e01eb6b2db155f\",\"name\":\"Thales Brand\u00e3o\",\"image\":{\"@type\":\"ImageObject\",\"inLanguage\":\"pt-BR\",\"@id\":\"https:\\\/\\\/secure.gravatar.com\\\/avatar\\\/7ca3206950207cc3cb48feec56a8a7898741ab725c368d99d5d7a5a50aab80c6?s=96&d=mm&r=g\",\"url\":\"https:\\\/\\\/secure.gravatar.com\\\/avatar\\\/7ca3206950207cc3cb48feec56a8a7898741ab725c368d99d5d7a5a50aab80c6?s=96&d=mm&r=g\",\"contentUrl\":\"https:\\\/\\\/secure.gravatar.com\\\/avatar\\\/7ca3206950207cc3cb48feec56a8a7898741ab725c368d99d5d7a5a50aab80c6?s=96&d=mm&r=g\",\"caption\":\"Thales Brand\u00e3o\"},\"description\":\"Editor Executivo do Portal CidadeMarketing.com.br &gt; Mestre em Comunica\u00e7\u00e3o e Sociedade pela Universidade Federal de Sergipe. Possui MBA Executivo em Administra\u00e7\u00e3o com \u00eanfase em Marketing pela Funda\u00e7\u00e3o Get\u00falio Vargas - Rio de Janeiro. Consultor, Palestrante e Pesquisador sobre Empreendedorismo, Marketing, Redes Sociais e Neg\u00f3cios Digitais. Professor, Palestrante TedxTalks e Campus Party. Twitter: @ThalesBrandao\",\"sameAs\":[\"http:\\\/\\\/www.mandacaru.com.br\",\"https:\\\/\\\/www.facebook.com\\\/thalesbrandao\",\"http:\\\/\\\/www.instagram.com.br\\\/thalesbrandaoferreira\",\"https:\\\/\\\/www.linkedin.com\\\/in\\\/thales-brand\u00e3o-3948609\\\/\",\"https:\\\/\\\/x.com\\\/http:\\\/\\\/www.twitter.com\\\/thalesbrandao\"],\"url\":\"https:\\\/\\\/www.cidademarketing.com.br\\\/marketing\\\/author\\\/thalesbrandao\\\/\"}]}<\/script>\n<!-- \/ Yoast SEO plugin. -->","yoast_head_json":{"title":"Apple lan\u00e7a iPhone 17 com design ultrafino e c\u00e2mera de maior campo de vis\u00e3o - CidadeMarketing","robots":{"index":"index","follow":"follow","max-snippet":"max-snippet:-1","max-image-preview":"max-image-preview:large","max-video-preview":"max-video-preview:-1"},"canonical":"https:\/\/www.cidademarketing.com.br\/marketing\/2025\/09\/10\/apple-lanca-iphone-17-com-design-ultrafino-e-camera-de-maior-campo-de-visao\/","og_locale":"pt_BR","og_type":"article","og_title":"Apple lan\u00e7a iPhone 17 com design ultrafino e c\u00e2mera de maior campo de vis\u00e3o - CidadeMarketing","og_description":"A Apple apresentou nesta ter\u00e7a-feira (9), no audit\u00f3rio Steve Jobs Theater, em Cupertino (EUA), a sua nova linha de smartphones: iPhone 17, iPhone 17 Pro, iPhone 17 Pro Max e o in\u00e9dito iPhone 17 Air, considerado o mais fino da hist\u00f3ria da marca. Os novos modelos chegam ao Brasil em 16 de setembro, com pre\u00e7os [&hellip;]","og_url":"https:\/\/www.cidademarketing.com.br\/marketing\/2025\/09\/10\/apple-lanca-iphone-17-com-design-ultrafino-e-camera-de-maior-campo-de-visao\/","og_site_name":"CidadeMarketing","article_publisher":"https:\/\/www.facebook.com\/portalcidademarketing","article_author":"https:\/\/www.facebook.com\/thalesbrandao","article_published_time":"2025-09-10T04:26:33+00:00","og_image":[{"width":1000,"height":528,"url":"https:\/\/www.cidademarketing.com.br\/marketing\/wp-content\/uploads\/2025\/09\/iphone_17_apple.webp","type":"image\/webp"}],"author":"Thales Brand\u00e3o","twitter_card":"summary_large_image","twitter_creator":"@http:\/\/www.twitter.com\/thalesbrandao","twitter_site":"@CidadeMarketing","twitter_misc":{"Escrito por":"Thales Brand\u00e3o","Est. tempo de leitura":"4 minutos"},"schema":{"@context":"https:\/\/schema.org","@graph":[{"@type":"Article","@id":"https:\/\/www.cidademarketing.com.br\/marketing\/2025\/09\/10\/apple-lanca-iphone-17-com-design-ultrafino-e-camera-de-maior-campo-de-visao\/#article","isPartOf":{"@id":"https:\/\/www.cidademarketing.com.br\/marketing\/2025\/09\/10\/apple-lanca-iphone-17-com-design-ultrafino-e-camera-de-maior-campo-de-visao\/"},"author":{"name":"Thales Brand\u00e3o","@id":"https:\/\/www.cidademarketing.com.br\/marketing\/#\/schema\/person\/02daff9f18bd9378c9e01eb6b2db155f"},"headline":"Apple lan\u00e7a iPhone 17 com design ultrafino e c\u00e2mera de maior campo de vis\u00e3o","datePublished":"2025-09-10T04:26:33+00:00","mainEntityOfPage":{"@id":"https:\/\/www.cidademarketing.com.br\/marketing\/2025\/09\/10\/apple-lanca-iphone-17-com-design-ultrafino-e-camera-de-maior-campo-de-visao\/"},"wordCount":589,"commentCount":0,"publisher":{"@id":"https:\/\/www.cidademarketing.com.br\/marketing\/#organization"},"image":{"@id":"https:\/\/www.cidademarketing.com.br\/marketing\/2025\/09\/10\/apple-lanca-iphone-17-com-design-ultrafino-e-camera-de-maior-campo-de-visao\/#primaryimage"},"thumbnailUrl":"https:\/\/www.cidademarketing.com.br\/marketing\/wp-content\/uploads\/2025\/09\/iphone_17_apple.webp","keywords":["Apple","Brasil","c\u00e2mera","design","inova\u00e7\u00e3o","Iphone","iPhone 17","iPhone 17 Air","iPhone 17 Pro","lan\u00e7amento iPhone 17","tecnologia"],"articleSection":["Not\u00edcias"],"inLanguage":"pt-BR","potentialAction":[{"@type":"CommentAction","name":"Comment","target":["https:\/\/www.cidademarketing.com.br\/marketing\/2025\/09\/10\/apple-lanca-iphone-17-com-design-ultrafino-e-camera-de-maior-campo-de-visao\/#respond"]}]},{"@type":"WebPage","@id":"https:\/\/www.cidademarketing.com.br\/marketing\/2025\/09\/10\/apple-lanca-iphone-17-com-design-ultrafino-e-camera-de-maior-campo-de-visao\/","url":"https:\/\/www.cidademarketing.com.br\/marketing\/2025\/09\/10\/apple-lanca-iphone-17-com-design-ultrafino-e-camera-de-maior-campo-de-visao\/","name":"Apple lan\u00e7a iPhone 17 com design ultrafino e c\u00e2mera de maior campo de vis\u00e3o - CidadeMarketing","isPartOf":{"@id":"https:\/\/www.cidademarketing.com.br\/marketing\/#website"},"primaryImageOfPage":{"@id":"https:\/\/www.cidademarketing.com.br\/marketing\/2025\/09\/10\/apple-lanca-iphone-17-com-design-ultrafino-e-camera-de-maior-campo-de-visao\/#primaryimage"},"image":{"@id":"https:\/\/www.cidademarketing.com.br\/marketing\/2025\/09\/10\/apple-lanca-iphone-17-com-design-ultrafino-e-camera-de-maior-campo-de-visao\/#primaryimage"},"thumbnailUrl":"https:\/\/www.cidademarketing.com.br\/marketing\/wp-content\/uploads\/2025\/09\/iphone_17_apple.webp","datePublished":"2025-09-10T04:26:33+00:00","breadcrumb":{"@id":"https:\/\/www.cidademarketing.com.br\/marketing\/2025\/09\/10\/apple-lanca-iphone-17-com-design-ultrafino-e-camera-de-maior-campo-de-visao\/#breadcrumb"},"inLanguage":"pt-BR","potentialAction":[{"@type":"ReadAction","target":["https:\/\/www.cidademarketing.com.br\/marketing\/2025\/09\/10\/apple-lanca-iphone-17-com-design-ultrafino-e-camera-de-maior-campo-de-visao\/"]}]},{"@type":"ImageObject","inLanguage":"pt-BR","@id":"https:\/\/www.cidademarketing.com.br\/marketing\/2025\/09\/10\/apple-lanca-iphone-17-com-design-ultrafino-e-camera-de-maior-campo-de-visao\/#primaryimage","url":"https:\/\/www.cidademarketing.com.br\/marketing\/wp-content\/uploads\/2025\/09\/iphone_17_apple.webp","contentUrl":"https:\/\/www.cidademarketing.com.br\/marketing\/wp-content\/uploads\/2025\/09\/iphone_17_apple.webp","width":1000,"height":528,"caption":"Divulga\u00e7\u00e3o"},{"@type":"BreadcrumbList","@id":"https:\/\/www.cidademarketing.com.br\/marketing\/2025\/09\/10\/apple-lanca-iphone-17-com-design-ultrafino-e-camera-de-maior-campo-de-visao\/#breadcrumb","itemListElement":[{"@type":"ListItem","position":1,"name":"In\u00edcio","item":"https:\/\/www.cidademarketing.com.br\/marketing\/"},{"@type":"ListItem","position":2,"name":"Apple lan\u00e7a iPhone 17 com design ultrafino e c\u00e2mera de maior campo de vis\u00e3o"}]},{"@type":"WebSite","@id":"https:\/\/www.cidademarketing.com.br\/marketing\/#website","url":"https:\/\/www.cidademarketing.com.br\/marketing\/","name":"CidadeMarketing","description":"Somos um ve\u00edculo de comunica\u00e7\u00e3o de destaque no Brasil, reconhecido por conte\u00fados nos segmentos de marketing, empreendedorismo e inova\u00e7\u00e3o.","publisher":{"@id":"https:\/\/www.cidademarketing.com.br\/marketing\/#organization"},"alternateName":"CidadeMarketing","potentialAction":[{"@type":"SearchAction","target":{"@type":"EntryPoint","urlTemplate":"https:\/\/www.cidademarketing.com.br\/marketing\/?s={search_term_string}"},"query-input":{"@type":"PropertyValueSpecification","valueRequired":true,"valueName":"search_term_string"}}],"inLanguage":"pt-BR"},{"@type":"Organization","@id":"https:\/\/www.cidademarketing.com.br\/marketing\/#organization","name":"CidadeMarketing","alternateName":"CidadeMarketing","url":"https:\/\/www.cidademarketing.com.br\/marketing\/","logo":{"@type":"ImageObject","inLanguage":"pt-BR","@id":"https:\/\/www.cidademarketing.com.br\/marketing\/#\/schema\/logo\/image\/","url":"https:\/\/www.cidademarketing.com.br\/marketing\/wp-content\/uploads\/2020\/01\/cidademarketing_marca_mobile.png","contentUrl":"https:\/\/www.cidademarketing.com.br\/marketing\/wp-content\/uploads\/2020\/01\/cidademarketing_marca_mobile.png","width":230,"height":92,"caption":"CidadeMarketing"},"image":{"@id":"https:\/\/www.cidademarketing.com.br\/marketing\/#\/schema\/logo\/image\/"},"sameAs":["https:\/\/www.facebook.com\/portalcidademarketing","https:\/\/x.com\/CidadeMarketing","https:\/\/www.instagram.com\/cidademarketing\/"]},{"@type":"Person","@id":"https:\/\/www.cidademarketing.com.br\/marketing\/#\/schema\/person\/02daff9f18bd9378c9e01eb6b2db155f","name":"Thales Brand\u00e3o","image":{"@type":"ImageObject","inLanguage":"pt-BR","@id":"https:\/\/secure.gravatar.com\/avatar\/7ca3206950207cc3cb48feec56a8a7898741ab725c368d99d5d7a5a50aab80c6?s=96&d=mm&r=g","url":"https:\/\/secure.gravatar.com\/avatar\/7ca3206950207cc3cb48feec56a8a7898741ab725c368d99d5d7a5a50aab80c6?s=96&d=mm&r=g","contentUrl":"https:\/\/secure.gravatar.com\/avatar\/7ca3206950207cc3cb48feec56a8a7898741ab725c368d99d5d7a5a50aab80c6?s=96&d=mm&r=g","caption":"Thales Brand\u00e3o"},"description":"Editor Executivo do Portal CidadeMarketing.com.br &gt; Mestre em Comunica\u00e7\u00e3o e Sociedade pela Universidade Federal de Sergipe. Possui MBA Executivo em Administra\u00e7\u00e3o com \u00eanfase em Marketing pela Funda\u00e7\u00e3o Get\u00falio Vargas - Rio de Janeiro. Consultor, Palestrante e Pesquisador sobre Empreendedorismo, Marketing, Redes Sociais e Neg\u00f3cios Digitais. Professor, Palestrante TedxTalks e Campus Party. Twitter: @ThalesBrandao","sameAs":["http:\/\/www.mandacaru.com.br","https:\/\/www.facebook.com\/thalesbrandao","http:\/\/www.instagram.com.br\/thalesbrandaoferreira","https:\/\/www.linkedin.com\/in\/thales-brand\u00e3o-3948609\/","https:\/\/x.com\/http:\/\/www.twitter.com\/thalesbrandao"],"url":"https:\/\/www.cidademarketing.com.br\/marketing\/author\/thalesbrandao\/"}]}},"amp_enabled":true,"_links":{"self":[{"href":"https:\/\/www.cidademarketing.com.br\/marketing\/wp-json\/wp\/v2\/posts\/57558","targetHints":{"allow":["GET"]}}],"collection":[{"href":"https:\/\/www.cidademarketing.com.br\/marketing\/wp-json\/wp\/v2\/posts"}],"about":[{"href":"https:\/\/www.cidademarketing.com.br\/marketing\/wp-json\/wp\/v2\/types\/post"}],"author":[{"embeddable":true,"href":"https:\/\/www.cidademarketing.com.br\/marketing\/wp-json\/wp\/v2\/users\/1"}],"replies":[{"embeddable":true,"href":"https:\/\/www.cidademarketing.com.br\/marketing\/wp-json\/wp\/v2\/comments?post=57558"}],"version-history":[{"count":2,"href":"https:\/\/www.cidademarketing.com.br\/marketing\/wp-json\/wp\/v2\/posts\/57558\/revisions"}],"predecessor-version":[{"id":57565,"href":"https:\/\/www.cidademarketing.com.br\/marketing\/wp-json\/wp\/v2\/posts\/57558\/revisions\/57565"}],"wp:featuredmedia":[{"embeddable":true,"href":"https:\/\/www.cidademarketing.com.br\/marketing\/wp-json\/wp\/v2\/media\/57559"}],"wp:attachment":[{"href":"https:\/\/www.cidademarketing.com.br\/marketing\/wp-json\/wp\/v2\/media?parent=57558"}],"wp:term":[{"taxonomy":"category","embeddable":true,"href":"https:\/\/www.cidademarketing.com.br\/marketing\/wp-json\/wp\/v2\/categories?post=57558"},{"taxonomy":"post_tag","embeddable":true,"href":"https:\/\/www.cidademarketing.com.br\/marketing\/wp-json\/wp\/v2\/tags?post=57558"}],"curies":[{"name":"wp","href":"https:\/\/api.w.org\/{rel}","templated":true}]}}