{"id":5755,"date":"2019-01-29T19:59:48","date_gmt":"2019-01-29T21:59:48","guid":{"rendered":"http:\/\/www.cidademarketing.com.br\/marketing\/?p=5755"},"modified":"2019-01-30T00:10:46","modified_gmt":"2019-01-30T02:10:46","slug":"animais-presos-na-lama-estao-sendo-sacrificados-pela-prf-apos-analise-da-equipe-veterinaria-acao-gerou-revolta-de-ativistas","status":"publish","type":"post","link":"https:\/\/www.cidademarketing.com.br\/marketing\/2019\/01\/29\/animais-presos-na-lama-estao-sendo-sacrificados-pela-prf-apos-analise-da-equipe-veterinaria-acao-gerou-revolta-de-ativistas\/","title":{"rendered":"Animais presos na lama est\u00e3o sendo sacrificados pela PRF ap\u00f3s an\u00e1lise da equipe veterin\u00e1ria; A\u00e7\u00e3o gerou revolta de ativistas"},"content":{"rendered":"\n<h4 class=\"wp-block-heading\"><br><\/h4>\n\n\n\n<p>A atua\u00e7\u00e3o da Pol\u00edcia Rodovi\u00e1ria Federal (PRF) na busca de salvar  animais em&nbsp;Brumadinho&nbsp;(MG) \u00e9 alvo de cr\u00edticas pelas redes sociais que monitoram as equipes de resgates no munic\u00edpio mineiro. <\/p>\n\n\n\n<p>A decis\u00e3o de submeter os animais \u00e0 eutan\u00e1sia virou debate principal entre os \u00f3rg\u00e3os p\u00fablicos, Conselho Federal de Medicina Veterin\u00e1ria, ativistas e internautas O abate foi confirmado pela assessoria de imprensa da PRF e o CFMV emitiu comunicado sobre decis\u00f5es t\u00e9cnicas para esse tipo de situa\u00e7\u00e3o. Confira abaixo na \u00edntegra as notas dos dois \u00f3rg\u00e3os envolvidos no caso:<\/p>\n\n\n\n<figure class=\"wp-block-embed-instagram wp-block-embed is-type-rich is-provider-instagram\"><div class=\"wp-block-embed__wrapper\">\nhttps:\/\/www.instagram.com\/p\/BtNt-kwAx4Y\/?utm_source=ig_web_copy_link\n<\/div><\/figure>\n\n\n\n<p><\/p>\n\n\n\n<p><\/p>\n\n\n\n<p><strong>Nota de apoio \u00e0 atua\u00e7\u00e3o dos m\u00e9dicos-veterin\u00e1rios em Brumadinho\/MG <\/strong><\/p>\n\n\n\n<p>O Conselho Federal de Medicina Veterin\u00e1ria (CFMV) informa que os m\u00e9dicos-veterin\u00e1rios da Comiss\u00e3o de Bem-Estar Animal, do Conselho Regional de Medicina Veterin\u00e1ria (CRMV-MG), est\u00e3o acompanhando os trabalhos de resgate de animais em Brumadinho\/MG, em fun\u00e7\u00e3o do rompimento da barragem do C\u00f3rrego do Feij\u00e3o.<\/p>\n\n\n\n<p>Sob a supervis\u00e3o de equipe veterin\u00e1ria, nesta segunda-feira (28\/1), dois animais (um equino e um bovino), que estavam atolados h\u00e1 4 dias em local de dif\u00edcil acesso, tiveram de ser abatidos por meio de rifle sanit\u00e1rio.<\/p>\n\n\n\n<p>Os animais encontravam-se em local sem condi\u00e7\u00f5es de seguran\u00e7a para serem i\u00e7ados, presos em \u00e1rea que oferecia riscos aos socorristas e sem possibilidade de acesso para interven\u00e7\u00e3o de outra t\u00e9cnica de eutan\u00e1sia.<\/p>\n\n\n\n<p>Com base na Resolu\u00e7\u00e3o CFMV n\u00ba 1000\/2012, a decis\u00e3o da equipe envolvida foi estritamente t\u00e9cnica, uma vez que os animais j\u00e1 estavam debilitados, desidratados e em sofrimento.<\/p>\n\n\n\n<p>De acordo com artigo 3\u00ba da Resolu\u00e7\u00e3o 1000, a eutan\u00e1sia pode ser indicada quando \u201co bem-estar do animal estiver comprometido de forma irrevers\u00edvel, sendo um meio de eliminar a dor ou o sofrimento dos animais, os quais n\u00e3o podem ser controlados por meio de analg\u00e9sicos, de sedativos ou de outros tratamentos\u201d.<\/p>\n\n\n\n<p>E a norma ainda deixa claro, em seu artigo 10, que a escolha do m\u00e9todo depender\u00e1 da esp\u00e9cie animal envolvida, da idade e do estado fisiol\u00f3gico dos animais, bem como dos meios dispon\u00edveis para a conten\u00e7\u00e3o.<\/p>\n\n\n\n<p>Adicionalmente, a <a href=\"http:\/\/portal.cfmv.gov.br\/uploads\/files\/Guia%20de%20Boas%20Pr%C3%A1ticas%20para%20Eutanasia.pdf.pdf\" target=\"_blank\" rel=\"noreferrer noopener\" aria-label=\"Resolu\u00e7\u00e3o CFMV n\u00ba 1.236\/2018 (art. 5\u00ba, XXIX, par\u00e1grafo 1\u00ba) excetua o abate e a eutan\u00e1sia da condi\u00e7\u00e3o de maus-tratos. (abre em uma nova aba)\">Resolu\u00e7\u00e3o CFMV n\u00ba 1.236\/2018 (art. 5\u00ba, XXIX, par\u00e1grafo 1\u00ba) excetua o abate e a eutan\u00e1sia da condi\u00e7\u00e3o de maus-tratos.<\/a><\/p>\n\n\n\n<p>O CFMV entende que o momento \u00e9 delicado, requer delibera\u00e7\u00e3o profissional complexa, envolve preceitos t\u00e9cnicos e \u00e9ticos, n\u00e3o sendo uma decis\u00e3o trivial, mesmo para m\u00e9dicos-veterin\u00e1rios experientes. No entanto, o CFMV reconhece e apoia o trabalho que vem sendo feito pela equipe do CRMV-MG, que segue comprometida com os protocolos e pr\u00e1ticas de bem-estar animal. Os profissionais envolvidos possuem experi\u00eancia em ocasi\u00f5es de desastres ambientais e j\u00e1 atuaram, inclusive, no rompimento das barragens em Mariana e nas inunda\u00e7\u00f5es do munic\u00edpio de Rio Casca.<\/p>\n\n\n\n<p>O Conselho alerta que os peritos oficiais est\u00e3o coletando vest\u00edgios para apurar as causas do rompimento da barragem e, por isso, o acesso ao local est\u00e1 restrito \u00e0s equipes previamente autorizadas. Para n\u00e3o interferir nas investiga\u00e7\u00f5es, nem prejudicar a produ\u00e7\u00e3o de provas, as autoridades pedem calma e paci\u00eancia, pois as equipes de salvamento j\u00e1 est\u00e3o empenhadas no resgate dos animais da melhor maneira poss\u00edvel e garantindo a seguran\u00e7a de todos.<\/p>\n\n\n\n<p><strong>Nota t\u00e9cnica da Comiss\u00e3o Nacional de Bem-Estar Animal do CFMV<\/strong><\/p>\n\n\n\n<p>Por convic\u00e7\u00e3o, inspira\u00e7\u00e3o c\u00edvica e comprometimento com o bem-estar dos animais envolvidos na cat\u00e1strofe de Brumadinho (MG), os m\u00e9dicos-veterin\u00e1rios brasileiros em atividade no local, volunt\u00e1rios ou n\u00e3o, est\u00e3o buscando minimizar os danos \u00e0 sa\u00fade f\u00edsica e mental dos animais presentes na \u00e1rea do acidente.<\/p>\n\n\n\n<p>Cabe frisar que todo m\u00e9dico-veterin\u00e1rio possui forma\u00e7\u00e3o t\u00e9cnica para realizar o diagn\u00f3stico das condi\u00e7\u00f5es de sa\u00fade dos animais e, em casos extremos, de acordo com as resolu\u00e7\u00f5es t\u00e9cnicas do Conselho Federal de Medicina Veterin\u00e1ria (CFMV), proceder com o sacrif\u00edcio humanit\u00e1rio ou com a eutan\u00e1sia.<\/p>\n\n\n\n<p>Ressalta-se que o m\u00e9todo de escolha para o sacrif\u00edcio passa tamb\u00e9m pelas condi\u00e7\u00f5es em que o animal se encontra. Zonas de guerra, de acidentes de grandes magnitudes ou de cat\u00e1strofes naturais muitas vezes s\u00e3o \u00e1reas cujas vari\u00e1veis do ambiente n\u00e3o est\u00e3o sob o controle do m\u00e9dico-veterin\u00e1rio. Assim sendo, e n\u00e3o havendo condi\u00e7\u00f5es de seguran\u00e7a ou de acesso at\u00e9 o animal para remo\u00e7\u00e3o ou conten\u00e7\u00e3o qu\u00edmica por anest\u00e9sicos, o sacrif\u00edcio com o uso de rifle \u00e9 aceito.<\/p>\n\n\n\n<p>Quando corretamente aplicado, por profissional apto e habilitado, o proj\u00e9til produz dano cerebral grave e irrevers\u00edvel, induzindo o animal \u00e0 imediata inconsci\u00eancia e insensibilidade, eventos que antecedem e garantem morte r\u00e1pida e indolor. Por ser uma t\u00e9cnica humanit\u00e1ria e por permitir mitigar de maneira r\u00e1pida o sofrimento dos animais em zonas de cat\u00e1strofes, este m\u00e9todo \u00e9 amplamente difundido e recomendado pela Organiza\u00e7\u00e3o Mundial de Sa\u00fade Animal (OIE), bem como pelo CFMV.<\/p>\n\n\n\n<p>A decis\u00e3o de sacrificar um animal n\u00e3o \u00e9 algo f\u00e1cil para nenhum profissional. Certamente \u00e9 o momento mais dif\u00edcil na vida de qualquer m\u00e9dico-veterin\u00e1rio. Possivelmente, os traumas produzidos em circunst\u00e2ncias de sacrif\u00edcio em massa e em \u00e1reas de cat\u00e1strofes sejam similares aos traumas de guerra.<\/p>\n\n\n\n<p>Sendo assim, neste momento, em que centenas de animais precisam de socorro e em que dezenas de veterin\u00e1rios est\u00e3o assumindo para si esta responsabilidade, o que se espera da sociedade brasileira \u00e9 o mais sincero apoio a cada um dos profissionais presentes hoje em Brumadinho (MG).<\/p>\n\n\n\n<p>Conselho Federal de Medicina Veterin\u00e1ria<\/p>\n\n\n\n<p><strong>A Pol\u00edcia Rodovi\u00e1ria Federal tamb\u00e9m emitiu um comunicado sobre o caso. Confira:<\/strong><\/p>\n\n\n\n<p>A Pol\u00edcia Rodovi\u00e1ria Federal \u2013 PRF, a partir da trag\u00e9dia que se abateu em Brumadinho (MG) no \u00faltimo dia 25 de janeiro, tem se solidarizado com todas as v\u00edtimas e participado efetivamente das a\u00e7\u00f5es humanit\u00e1rias naquela regi\u00e3o.<\/p>\n\n\n\n<p>A PRF est\u00e1 compondo o Comando de Opera\u00e7\u00f5es, integrada e cooperando com as demais institui\u00e7\u00f5es componentes da for\u00e7a tarefa, que \u00e9 coordenada pela Defesa Civil do Estado de Minas Gerais.<\/p>\n\n\n\n<p>Com participa\u00e7\u00e3o prevista para um per\u00edodo de oito dias, com possibilidades de prorroga\u00e7\u00e3o para atender as demandas, e com o emprego de um helic\u00f3ptero configurado para resgate e transporte, al\u00e9m de apoio por terra, a PRF tem desenvolvido uma s\u00e9rie de a\u00e7\u00f5es que v\u00e3o desde o transporte de medicamentos, \u00e1gua, alimentos etc, at\u00e9 apoio \u00e0s for\u00e7as de seguran\u00e7a do Brasil e de Israel.<\/p>\n\n\n\n<p>As equipes da PRF participaram de diversas a\u00e7\u00f5es de resgates de pessoas e em todas elas tiveram o apoio das outras institui\u00e7\u00f5es envolvidas na for\u00e7a-tarefa, especialmente o Corpo de Bombeiros Militar do estado de Minas Gerais. Infelizmente em alguns casos a miss\u00e3o foi o transporte de corpos de v\u00edtimas.<\/p>\n\n\n\n<p>Al\u00e9m dos regates de v\u00edtimas presas \u00e0 lama ou ilhadas, a PRF tem participado do resgate de animais tamb\u00e9m v\u00edtimas do rompimento da barragem. V\u00e1rios destes animais, em destaque para os bovinos e caninos, encontram-se atolados no grande volume de lama que tomou conta da regi\u00e3o.<\/p>\n\n\n\n<p>No dia de ontem (28), equipe a\u00e9rea da PRF fez sobrevoos na regi\u00e3o \u00e0 procura destes animais. Seguindo os protocolos estabelecidos para este tipo de situa\u00e7\u00e3o, a equipe estava acompanhada de veterin\u00e1rios que faziam an\u00e1lise e triagem dos casos.<\/p>\n\n\n\n<p>No percurso, diversos animais foram alimentados e hidratados para que houvesse a manuten\u00e7\u00e3o b\u00e1sica da vida at\u00e9 que fosse poss\u00edvel a mobiliza\u00e7\u00e3o de recursos de resgate.<\/p>\n\n\n\n<p>Lamentavelmente, durante a triagem dos animais foram encontrados tr\u00eas casos espec\u00edficos de bovinos atolados na lama, em estado de exaust\u00e3o e com fraturas de membros. Ap\u00f3s an\u00e1lise da equipe veterin\u00e1ria, considerando a impossibilidade de ado\u00e7\u00e3o de outras medidas, foi tomada a decis\u00e3o pela eutan\u00e1sia daqueles animais. O procedimento foi orientado e supervisionado pela equipe veterin\u00e1ria sob a coordena\u00e7\u00e3o do comando da opera\u00e7\u00e3o de resgate.<\/p>\n\n\n\n<p>A PRF reafirma seu compromisso com a \u00e9tica, a t\u00e9cnica e a responsabilidade no cumprimento de suas miss\u00f5es nas rodovias federais, nas \u00e1reas de interesse da uni\u00e3o ou onde quer que se fa\u00e7a necess\u00e1ria em apoio a outros \u00f3rg\u00e3os e institui\u00e7\u00f5es.<\/p>\n\n\n\n<figure class=\"wp-block-embed-youtube wp-block-embed is-type-video is-provider-youtube wp-embed-aspect-4-3 wp-has-aspect-ratio\"><div class=\"wp-block-embed__wrapper\">\nhttps:\/\/www.youtube.com\/watch?v=1VX6tgo_90Q\n<\/div><\/figure>\n\n\n\n<figure class=\"wp-block-embed-youtube wp-block-embed is-type-video is-provider-youtube wp-embed-aspect-4-3 wp-has-aspect-ratio\"><div class=\"wp-block-embed__wrapper\">\nhttps:\/\/www.youtube.com\/watch?v=tEA4nN3em_s\n<\/div><\/figure>\n","protected":false},"excerpt":{"rendered":"<p>A atua\u00e7\u00e3o da Pol\u00edcia Rodovi\u00e1ria Federal (PRF) na busca de salvar animais em&nbsp;Brumadinho&nbsp;(MG) \u00e9 alvo de cr\u00edticas pelas redes sociais que monitoram as equipes de resgates no munic\u00edpio mineiro. A decis\u00e3o de submeter os animais \u00e0 eutan\u00e1sia virou debate principal entre os \u00f3rg\u00e3os p\u00fablicos, Conselho Federal de Medicina Veterin\u00e1ria, ativistas e internautas O abate foi [&hellip;]<\/p>\n","protected":false},"author":1,"featured_media":5756,"comment_status":"open","ping_status":"open","sticky":false,"template":"","format":"standard","meta":{"tdm_status":"","tdm_grid_status":"","footnotes":""},"categories":[6],"tags":[1239,1289,308,33,1288,176,612],"class_list":["post-5755","post","type-post","status-publish","format-standard","has-post-thumbnail","hentry","category-noticias","tag-brumadinho","tag-cfmv","tag-comunicacao","tag-estrategia","tag-prf","tag-sustentabilidade","tag-vale"],"yoast_head":"<!-- This site is optimized with the Yoast SEO plugin v27.4 - https:\/\/yoast.com\/product\/yoast-seo-wordpress\/ -->\n<title>Animais presos na lama est\u00e3o sendo sacrificados pela PRF ap\u00f3s an\u00e1lise da equipe veterin\u00e1ria; A\u00e7\u00e3o gerou revolta de ativistas - CidadeMarketing<\/title>\n<meta name=\"robots\" content=\"index, follow, max-snippet:-1, max-image-preview:large, max-video-preview:-1\" \/>\n<link rel=\"canonical\" href=\"https:\/\/www.cidademarketing.com.br\/marketing\/2019\/01\/29\/animais-presos-na-lama-estao-sendo-sacrificados-pela-prf-apos-analise-da-equipe-veterinaria-acao-gerou-revolta-de-ativistas\/\" \/>\n<meta property=\"og:locale\" content=\"pt_BR\" \/>\n<meta property=\"og:type\" content=\"article\" \/>\n<meta property=\"og:title\" content=\"Animais presos na lama est\u00e3o sendo sacrificados pela PRF ap\u00f3s an\u00e1lise da equipe veterin\u00e1ria; A\u00e7\u00e3o gerou revolta de ativistas - CidadeMarketing\" \/>\n<meta property=\"og:description\" content=\"A atua\u00e7\u00e3o da Pol\u00edcia Rodovi\u00e1ria Federal (PRF) na busca de salvar animais em&nbsp;Brumadinho&nbsp;(MG) \u00e9 alvo de cr\u00edticas pelas redes sociais que monitoram as equipes de resgates no munic\u00edpio mineiro. A decis\u00e3o de submeter os animais \u00e0 eutan\u00e1sia virou debate principal entre os \u00f3rg\u00e3os p\u00fablicos, Conselho Federal de Medicina Veterin\u00e1ria, ativistas e internautas O abate foi [&hellip;]\" \/>\n<meta property=\"og:url\" content=\"https:\/\/www.cidademarketing.com.br\/marketing\/2019\/01\/29\/animais-presos-na-lama-estao-sendo-sacrificados-pela-prf-apos-analise-da-equipe-veterinaria-acao-gerou-revolta-de-ativistas\/\" \/>\n<meta property=\"og:site_name\" content=\"CidadeMarketing\" \/>\n<meta property=\"article:publisher\" content=\"https:\/\/www.facebook.com\/portalcidademarketing\" \/>\n<meta property=\"article:author\" content=\"https:\/\/www.facebook.com\/thalesbrandao\" \/>\n<meta property=\"article:published_time\" content=\"2019-01-29T21:59:48+00:00\" \/>\n<meta property=\"article:modified_time\" content=\"2019-01-30T02:10:46+00:00\" \/>\n<meta property=\"og:image\" content=\"https:\/\/www.cidademarketing.com.br\/marketing\/wp-content\/uploads\/2019\/01\/prf_minas_brumadinho.jpeg\" \/>\n\t<meta property=\"og:image:width\" content=\"1200\" \/>\n\t<meta property=\"og:image:height\" content=\"668\" \/>\n\t<meta property=\"og:image:type\" content=\"image\/jpeg\" \/>\n<meta name=\"author\" content=\"Thales Brand\u00e3o\" \/>\n<meta name=\"twitter:card\" content=\"summary_large_image\" \/>\n<meta name=\"twitter:creator\" content=\"@http:\/\/www.twitter.com\/thalesbrandao\" \/>\n<meta name=\"twitter:site\" content=\"@CidadeMarketing\" \/>\n<meta name=\"twitter:label1\" content=\"Escrito por\" \/>\n\t<meta name=\"twitter:data1\" content=\"Thales Brand\u00e3o\" \/>\n\t<meta name=\"twitter:label2\" content=\"Est. tempo de leitura\" \/>\n\t<meta name=\"twitter:data2\" content=\"7 minutos\" \/>\n<script type=\"application\/ld+json\" class=\"yoast-schema-graph\">{\"@context\":\"https:\\\/\\\/schema.org\",\"@graph\":[{\"@type\":\"Article\",\"@id\":\"https:\\\/\\\/www.cidademarketing.com.br\\\/marketing\\\/2019\\\/01\\\/29\\\/animais-presos-na-lama-estao-sendo-sacrificados-pela-prf-apos-analise-da-equipe-veterinaria-acao-gerou-revolta-de-ativistas\\\/#article\",\"isPartOf\":{\"@id\":\"https:\\\/\\\/www.cidademarketing.com.br\\\/marketing\\\/2019\\\/01\\\/29\\\/animais-presos-na-lama-estao-sendo-sacrificados-pela-prf-apos-analise-da-equipe-veterinaria-acao-gerou-revolta-de-ativistas\\\/\"},\"author\":{\"name\":\"Thales Brand\u00e3o\",\"@id\":\"https:\\\/\\\/www.cidademarketing.com.br\\\/marketing\\\/#\\\/schema\\\/person\\\/02daff9f18bd9378c9e01eb6b2db155f\"},\"headline\":\"Animais presos na lama est\u00e3o sendo sacrificados pela PRF ap\u00f3s an\u00e1lise da equipe veterin\u00e1ria; A\u00e7\u00e3o gerou revolta de ativistas\",\"datePublished\":\"2019-01-29T21:59:48+00:00\",\"dateModified\":\"2019-01-30T02:10:46+00:00\",\"mainEntityOfPage\":{\"@id\":\"https:\\\/\\\/www.cidademarketing.com.br\\\/marketing\\\/2019\\\/01\\\/29\\\/animais-presos-na-lama-estao-sendo-sacrificados-pela-prf-apos-analise-da-equipe-veterinaria-acao-gerou-revolta-de-ativistas\\\/\"},\"wordCount\":1481,\"commentCount\":0,\"publisher\":{\"@id\":\"https:\\\/\\\/www.cidademarketing.com.br\\\/marketing\\\/#organization\"},\"image\":{\"@id\":\"https:\\\/\\\/www.cidademarketing.com.br\\\/marketing\\\/2019\\\/01\\\/29\\\/animais-presos-na-lama-estao-sendo-sacrificados-pela-prf-apos-analise-da-equipe-veterinaria-acao-gerou-revolta-de-ativistas\\\/#primaryimage\"},\"thumbnailUrl\":\"https:\\\/\\\/www.cidademarketing.com.br\\\/marketing\\\/wp-content\\\/uploads\\\/2019\\\/01\\\/prf_minas_brumadinho.jpeg\",\"keywords\":[\"Brumadinho\",\"CFMV\",\"comunica\u00e7\u00e3o\",\"estrat\u00e9gia\",\"PRF\",\"sustentabilidade\",\"Vale\"],\"articleSection\":[\"Not\u00edcias\"],\"inLanguage\":\"pt-BR\",\"potentialAction\":[{\"@type\":\"CommentAction\",\"name\":\"Comment\",\"target\":[\"https:\\\/\\\/www.cidademarketing.com.br\\\/marketing\\\/2019\\\/01\\\/29\\\/animais-presos-na-lama-estao-sendo-sacrificados-pela-prf-apos-analise-da-equipe-veterinaria-acao-gerou-revolta-de-ativistas\\\/#respond\"]}]},{\"@type\":\"WebPage\",\"@id\":\"https:\\\/\\\/www.cidademarketing.com.br\\\/marketing\\\/2019\\\/01\\\/29\\\/animais-presos-na-lama-estao-sendo-sacrificados-pela-prf-apos-analise-da-equipe-veterinaria-acao-gerou-revolta-de-ativistas\\\/\",\"url\":\"https:\\\/\\\/www.cidademarketing.com.br\\\/marketing\\\/2019\\\/01\\\/29\\\/animais-presos-na-lama-estao-sendo-sacrificados-pela-prf-apos-analise-da-equipe-veterinaria-acao-gerou-revolta-de-ativistas\\\/\",\"name\":\"Animais presos na lama est\u00e3o sendo sacrificados pela PRF ap\u00f3s an\u00e1lise da equipe veterin\u00e1ria; A\u00e7\u00e3o gerou revolta de ativistas - CidadeMarketing\",\"isPartOf\":{\"@id\":\"https:\\\/\\\/www.cidademarketing.com.br\\\/marketing\\\/#website\"},\"primaryImageOfPage\":{\"@id\":\"https:\\\/\\\/www.cidademarketing.com.br\\\/marketing\\\/2019\\\/01\\\/29\\\/animais-presos-na-lama-estao-sendo-sacrificados-pela-prf-apos-analise-da-equipe-veterinaria-acao-gerou-revolta-de-ativistas\\\/#primaryimage\"},\"image\":{\"@id\":\"https:\\\/\\\/www.cidademarketing.com.br\\\/marketing\\\/2019\\\/01\\\/29\\\/animais-presos-na-lama-estao-sendo-sacrificados-pela-prf-apos-analise-da-equipe-veterinaria-acao-gerou-revolta-de-ativistas\\\/#primaryimage\"},\"thumbnailUrl\":\"https:\\\/\\\/www.cidademarketing.com.br\\\/marketing\\\/wp-content\\\/uploads\\\/2019\\\/01\\\/prf_minas_brumadinho.jpeg\",\"datePublished\":\"2019-01-29T21:59:48+00:00\",\"dateModified\":\"2019-01-30T02:10:46+00:00\",\"breadcrumb\":{\"@id\":\"https:\\\/\\\/www.cidademarketing.com.br\\\/marketing\\\/2019\\\/01\\\/29\\\/animais-presos-na-lama-estao-sendo-sacrificados-pela-prf-apos-analise-da-equipe-veterinaria-acao-gerou-revolta-de-ativistas\\\/#breadcrumb\"},\"inLanguage\":\"pt-BR\",\"potentialAction\":[{\"@type\":\"ReadAction\",\"target\":[\"https:\\\/\\\/www.cidademarketing.com.br\\\/marketing\\\/2019\\\/01\\\/29\\\/animais-presos-na-lama-estao-sendo-sacrificados-pela-prf-apos-analise-da-equipe-veterinaria-acao-gerou-revolta-de-ativistas\\\/\"]}]},{\"@type\":\"ImageObject\",\"inLanguage\":\"pt-BR\",\"@id\":\"https:\\\/\\\/www.cidademarketing.com.br\\\/marketing\\\/2019\\\/01\\\/29\\\/animais-presos-na-lama-estao-sendo-sacrificados-pela-prf-apos-analise-da-equipe-veterinaria-acao-gerou-revolta-de-ativistas\\\/#primaryimage\",\"url\":\"https:\\\/\\\/www.cidademarketing.com.br\\\/marketing\\\/wp-content\\\/uploads\\\/2019\\\/01\\\/prf_minas_brumadinho.jpeg\",\"contentUrl\":\"https:\\\/\\\/www.cidademarketing.com.br\\\/marketing\\\/wp-content\\\/uploads\\\/2019\\\/01\\\/prf_minas_brumadinho.jpeg\",\"width\":1200,\"height\":668,\"caption\":\"Divulga\u00e7\u00e3o\\\/PRF\"},{\"@type\":\"BreadcrumbList\",\"@id\":\"https:\\\/\\\/www.cidademarketing.com.br\\\/marketing\\\/2019\\\/01\\\/29\\\/animais-presos-na-lama-estao-sendo-sacrificados-pela-prf-apos-analise-da-equipe-veterinaria-acao-gerou-revolta-de-ativistas\\\/#breadcrumb\",\"itemListElement\":[{\"@type\":\"ListItem\",\"position\":1,\"name\":\"In\u00edcio\",\"item\":\"https:\\\/\\\/www.cidademarketing.com.br\\\/marketing\\\/\"},{\"@type\":\"ListItem\",\"position\":2,\"name\":\"Animais presos na lama est\u00e3o sendo sacrificados pela PRF ap\u00f3s an\u00e1lise da equipe veterin\u00e1ria; A\u00e7\u00e3o gerou revolta de ativistas\"}]},{\"@type\":\"WebSite\",\"@id\":\"https:\\\/\\\/www.cidademarketing.com.br\\\/marketing\\\/#website\",\"url\":\"https:\\\/\\\/www.cidademarketing.com.br\\\/marketing\\\/\",\"name\":\"CidadeMarketing\",\"description\":\"Somos um ve\u00edculo de comunica\u00e7\u00e3o de destaque no Brasil, reconhecido por conte\u00fados nos segmentos de marketing, empreendedorismo e inova\u00e7\u00e3o.\",\"publisher\":{\"@id\":\"https:\\\/\\\/www.cidademarketing.com.br\\\/marketing\\\/#organization\"},\"alternateName\":\"CidadeMarketing\",\"potentialAction\":[{\"@type\":\"SearchAction\",\"target\":{\"@type\":\"EntryPoint\",\"urlTemplate\":\"https:\\\/\\\/www.cidademarketing.com.br\\\/marketing\\\/?s={search_term_string}\"},\"query-input\":{\"@type\":\"PropertyValueSpecification\",\"valueRequired\":true,\"valueName\":\"search_term_string\"}}],\"inLanguage\":\"pt-BR\"},{\"@type\":\"Organization\",\"@id\":\"https:\\\/\\\/www.cidademarketing.com.br\\\/marketing\\\/#organization\",\"name\":\"CidadeMarketing\",\"alternateName\":\"CidadeMarketing\",\"url\":\"https:\\\/\\\/www.cidademarketing.com.br\\\/marketing\\\/\",\"logo\":{\"@type\":\"ImageObject\",\"inLanguage\":\"pt-BR\",\"@id\":\"https:\\\/\\\/www.cidademarketing.com.br\\\/marketing\\\/#\\\/schema\\\/logo\\\/image\\\/\",\"url\":\"https:\\\/\\\/www.cidademarketing.com.br\\\/marketing\\\/wp-content\\\/uploads\\\/2020\\\/01\\\/cidademarketing_marca_mobile.png\",\"contentUrl\":\"https:\\\/\\\/www.cidademarketing.com.br\\\/marketing\\\/wp-content\\\/uploads\\\/2020\\\/01\\\/cidademarketing_marca_mobile.png\",\"width\":230,\"height\":92,\"caption\":\"CidadeMarketing\"},\"image\":{\"@id\":\"https:\\\/\\\/www.cidademarketing.com.br\\\/marketing\\\/#\\\/schema\\\/logo\\\/image\\\/\"},\"sameAs\":[\"https:\\\/\\\/www.facebook.com\\\/portalcidademarketing\",\"https:\\\/\\\/x.com\\\/CidadeMarketing\",\"https:\\\/\\\/www.instagram.com\\\/cidademarketing\\\/\"]},{\"@type\":\"Person\",\"@id\":\"https:\\\/\\\/www.cidademarketing.com.br\\\/marketing\\\/#\\\/schema\\\/person\\\/02daff9f18bd9378c9e01eb6b2db155f\",\"name\":\"Thales Brand\u00e3o\",\"image\":{\"@type\":\"ImageObject\",\"inLanguage\":\"pt-BR\",\"@id\":\"https:\\\/\\\/secure.gravatar.com\\\/avatar\\\/7ca3206950207cc3cb48feec56a8a7898741ab725c368d99d5d7a5a50aab80c6?s=96&d=mm&r=g\",\"url\":\"https:\\\/\\\/secure.gravatar.com\\\/avatar\\\/7ca3206950207cc3cb48feec56a8a7898741ab725c368d99d5d7a5a50aab80c6?s=96&d=mm&r=g\",\"contentUrl\":\"https:\\\/\\\/secure.gravatar.com\\\/avatar\\\/7ca3206950207cc3cb48feec56a8a7898741ab725c368d99d5d7a5a50aab80c6?s=96&d=mm&r=g\",\"caption\":\"Thales Brand\u00e3o\"},\"description\":\"Editor Executivo do Portal CidadeMarketing.com.br &gt; Mestre em Comunica\u00e7\u00e3o e Sociedade pela Universidade Federal de Sergipe. Possui MBA Executivo em Administra\u00e7\u00e3o com \u00eanfase em Marketing pela Funda\u00e7\u00e3o Get\u00falio Vargas - Rio de Janeiro. Consultor, Palestrante e Pesquisador sobre Empreendedorismo, Marketing, Redes Sociais e Neg\u00f3cios Digitais. Professor, Palestrante TedxTalks e Campus Party. Twitter: @ThalesBrandao\",\"sameAs\":[\"http:\\\/\\\/www.mandacaru.com.br\",\"https:\\\/\\\/www.facebook.com\\\/thalesbrandao\",\"http:\\\/\\\/www.instagram.com.br\\\/thalesbrandaoferreira\",\"https:\\\/\\\/www.linkedin.com\\\/in\\\/thales-brand\u00e3o-3948609\\\/\",\"https:\\\/\\\/x.com\\\/http:\\\/\\\/www.twitter.com\\\/thalesbrandao\"],\"url\":\"https:\\\/\\\/www.cidademarketing.com.br\\\/marketing\\\/author\\\/thalesbrandao\\\/\"}]}<\/script>\n<!-- \/ Yoast SEO plugin. -->","yoast_head_json":{"title":"Animais presos na lama est\u00e3o sendo sacrificados pela PRF ap\u00f3s an\u00e1lise da equipe veterin\u00e1ria; A\u00e7\u00e3o gerou revolta de ativistas - CidadeMarketing","robots":{"index":"index","follow":"follow","max-snippet":"max-snippet:-1","max-image-preview":"max-image-preview:large","max-video-preview":"max-video-preview:-1"},"canonical":"https:\/\/www.cidademarketing.com.br\/marketing\/2019\/01\/29\/animais-presos-na-lama-estao-sendo-sacrificados-pela-prf-apos-analise-da-equipe-veterinaria-acao-gerou-revolta-de-ativistas\/","og_locale":"pt_BR","og_type":"article","og_title":"Animais presos na lama est\u00e3o sendo sacrificados pela PRF ap\u00f3s an\u00e1lise da equipe veterin\u00e1ria; A\u00e7\u00e3o gerou revolta de ativistas - CidadeMarketing","og_description":"A atua\u00e7\u00e3o da Pol\u00edcia Rodovi\u00e1ria Federal (PRF) na busca de salvar animais em&nbsp;Brumadinho&nbsp;(MG) \u00e9 alvo de cr\u00edticas pelas redes sociais que monitoram as equipes de resgates no munic\u00edpio mineiro. A decis\u00e3o de submeter os animais \u00e0 eutan\u00e1sia virou debate principal entre os \u00f3rg\u00e3os p\u00fablicos, Conselho Federal de Medicina Veterin\u00e1ria, ativistas e internautas O abate foi [&hellip;]","og_url":"https:\/\/www.cidademarketing.com.br\/marketing\/2019\/01\/29\/animais-presos-na-lama-estao-sendo-sacrificados-pela-prf-apos-analise-da-equipe-veterinaria-acao-gerou-revolta-de-ativistas\/","og_site_name":"CidadeMarketing","article_publisher":"https:\/\/www.facebook.com\/portalcidademarketing","article_author":"https:\/\/www.facebook.com\/thalesbrandao","article_published_time":"2019-01-29T21:59:48+00:00","article_modified_time":"2019-01-30T02:10:46+00:00","og_image":[{"width":1200,"height":668,"url":"https:\/\/www.cidademarketing.com.br\/marketing\/wp-content\/uploads\/2019\/01\/prf_minas_brumadinho.jpeg","type":"image\/jpeg"}],"author":"Thales Brand\u00e3o","twitter_card":"summary_large_image","twitter_creator":"@http:\/\/www.twitter.com\/thalesbrandao","twitter_site":"@CidadeMarketing","twitter_misc":{"Escrito por":"Thales Brand\u00e3o","Est. tempo de leitura":"7 minutos"},"schema":{"@context":"https:\/\/schema.org","@graph":[{"@type":"Article","@id":"https:\/\/www.cidademarketing.com.br\/marketing\/2019\/01\/29\/animais-presos-na-lama-estao-sendo-sacrificados-pela-prf-apos-analise-da-equipe-veterinaria-acao-gerou-revolta-de-ativistas\/#article","isPartOf":{"@id":"https:\/\/www.cidademarketing.com.br\/marketing\/2019\/01\/29\/animais-presos-na-lama-estao-sendo-sacrificados-pela-prf-apos-analise-da-equipe-veterinaria-acao-gerou-revolta-de-ativistas\/"},"author":{"name":"Thales Brand\u00e3o","@id":"https:\/\/www.cidademarketing.com.br\/marketing\/#\/schema\/person\/02daff9f18bd9378c9e01eb6b2db155f"},"headline":"Animais presos na lama est\u00e3o sendo sacrificados pela PRF ap\u00f3s an\u00e1lise da equipe veterin\u00e1ria; A\u00e7\u00e3o gerou revolta de ativistas","datePublished":"2019-01-29T21:59:48+00:00","dateModified":"2019-01-30T02:10:46+00:00","mainEntityOfPage":{"@id":"https:\/\/www.cidademarketing.com.br\/marketing\/2019\/01\/29\/animais-presos-na-lama-estao-sendo-sacrificados-pela-prf-apos-analise-da-equipe-veterinaria-acao-gerou-revolta-de-ativistas\/"},"wordCount":1481,"commentCount":0,"publisher":{"@id":"https:\/\/www.cidademarketing.com.br\/marketing\/#organization"},"image":{"@id":"https:\/\/www.cidademarketing.com.br\/marketing\/2019\/01\/29\/animais-presos-na-lama-estao-sendo-sacrificados-pela-prf-apos-analise-da-equipe-veterinaria-acao-gerou-revolta-de-ativistas\/#primaryimage"},"thumbnailUrl":"https:\/\/www.cidademarketing.com.br\/marketing\/wp-content\/uploads\/2019\/01\/prf_minas_brumadinho.jpeg","keywords":["Brumadinho","CFMV","comunica\u00e7\u00e3o","estrat\u00e9gia","PRF","sustentabilidade","Vale"],"articleSection":["Not\u00edcias"],"inLanguage":"pt-BR","potentialAction":[{"@type":"CommentAction","name":"Comment","target":["https:\/\/www.cidademarketing.com.br\/marketing\/2019\/01\/29\/animais-presos-na-lama-estao-sendo-sacrificados-pela-prf-apos-analise-da-equipe-veterinaria-acao-gerou-revolta-de-ativistas\/#respond"]}]},{"@type":"WebPage","@id":"https:\/\/www.cidademarketing.com.br\/marketing\/2019\/01\/29\/animais-presos-na-lama-estao-sendo-sacrificados-pela-prf-apos-analise-da-equipe-veterinaria-acao-gerou-revolta-de-ativistas\/","url":"https:\/\/www.cidademarketing.com.br\/marketing\/2019\/01\/29\/animais-presos-na-lama-estao-sendo-sacrificados-pela-prf-apos-analise-da-equipe-veterinaria-acao-gerou-revolta-de-ativistas\/","name":"Animais presos na lama est\u00e3o sendo sacrificados pela PRF ap\u00f3s an\u00e1lise da equipe veterin\u00e1ria; A\u00e7\u00e3o gerou revolta de ativistas - CidadeMarketing","isPartOf":{"@id":"https:\/\/www.cidademarketing.com.br\/marketing\/#website"},"primaryImageOfPage":{"@id":"https:\/\/www.cidademarketing.com.br\/marketing\/2019\/01\/29\/animais-presos-na-lama-estao-sendo-sacrificados-pela-prf-apos-analise-da-equipe-veterinaria-acao-gerou-revolta-de-ativistas\/#primaryimage"},"image":{"@id":"https:\/\/www.cidademarketing.com.br\/marketing\/2019\/01\/29\/animais-presos-na-lama-estao-sendo-sacrificados-pela-prf-apos-analise-da-equipe-veterinaria-acao-gerou-revolta-de-ativistas\/#primaryimage"},"thumbnailUrl":"https:\/\/www.cidademarketing.com.br\/marketing\/wp-content\/uploads\/2019\/01\/prf_minas_brumadinho.jpeg","datePublished":"2019-01-29T21:59:48+00:00","dateModified":"2019-01-30T02:10:46+00:00","breadcrumb":{"@id":"https:\/\/www.cidademarketing.com.br\/marketing\/2019\/01\/29\/animais-presos-na-lama-estao-sendo-sacrificados-pela-prf-apos-analise-da-equipe-veterinaria-acao-gerou-revolta-de-ativistas\/#breadcrumb"},"inLanguage":"pt-BR","potentialAction":[{"@type":"ReadAction","target":["https:\/\/www.cidademarketing.com.br\/marketing\/2019\/01\/29\/animais-presos-na-lama-estao-sendo-sacrificados-pela-prf-apos-analise-da-equipe-veterinaria-acao-gerou-revolta-de-ativistas\/"]}]},{"@type":"ImageObject","inLanguage":"pt-BR","@id":"https:\/\/www.cidademarketing.com.br\/marketing\/2019\/01\/29\/animais-presos-na-lama-estao-sendo-sacrificados-pela-prf-apos-analise-da-equipe-veterinaria-acao-gerou-revolta-de-ativistas\/#primaryimage","url":"https:\/\/www.cidademarketing.com.br\/marketing\/wp-content\/uploads\/2019\/01\/prf_minas_brumadinho.jpeg","contentUrl":"https:\/\/www.cidademarketing.com.br\/marketing\/wp-content\/uploads\/2019\/01\/prf_minas_brumadinho.jpeg","width":1200,"height":668,"caption":"Divulga\u00e7\u00e3o\/PRF"},{"@type":"BreadcrumbList","@id":"https:\/\/www.cidademarketing.com.br\/marketing\/2019\/01\/29\/animais-presos-na-lama-estao-sendo-sacrificados-pela-prf-apos-analise-da-equipe-veterinaria-acao-gerou-revolta-de-ativistas\/#breadcrumb","itemListElement":[{"@type":"ListItem","position":1,"name":"In\u00edcio","item":"https:\/\/www.cidademarketing.com.br\/marketing\/"},{"@type":"ListItem","position":2,"name":"Animais presos na lama est\u00e3o sendo sacrificados pela PRF ap\u00f3s an\u00e1lise da equipe veterin\u00e1ria; A\u00e7\u00e3o gerou revolta de ativistas"}]},{"@type":"WebSite","@id":"https:\/\/www.cidademarketing.com.br\/marketing\/#website","url":"https:\/\/www.cidademarketing.com.br\/marketing\/","name":"CidadeMarketing","description":"Somos um ve\u00edculo de comunica\u00e7\u00e3o de destaque no Brasil, reconhecido por conte\u00fados nos segmentos de marketing, empreendedorismo e inova\u00e7\u00e3o.","publisher":{"@id":"https:\/\/www.cidademarketing.com.br\/marketing\/#organization"},"alternateName":"CidadeMarketing","potentialAction":[{"@type":"SearchAction","target":{"@type":"EntryPoint","urlTemplate":"https:\/\/www.cidademarketing.com.br\/marketing\/?s={search_term_string}"},"query-input":{"@type":"PropertyValueSpecification","valueRequired":true,"valueName":"search_term_string"}}],"inLanguage":"pt-BR"},{"@type":"Organization","@id":"https:\/\/www.cidademarketing.com.br\/marketing\/#organization","name":"CidadeMarketing","alternateName":"CidadeMarketing","url":"https:\/\/www.cidademarketing.com.br\/marketing\/","logo":{"@type":"ImageObject","inLanguage":"pt-BR","@id":"https:\/\/www.cidademarketing.com.br\/marketing\/#\/schema\/logo\/image\/","url":"https:\/\/www.cidademarketing.com.br\/marketing\/wp-content\/uploads\/2020\/01\/cidademarketing_marca_mobile.png","contentUrl":"https:\/\/www.cidademarketing.com.br\/marketing\/wp-content\/uploads\/2020\/01\/cidademarketing_marca_mobile.png","width":230,"height":92,"caption":"CidadeMarketing"},"image":{"@id":"https:\/\/www.cidademarketing.com.br\/marketing\/#\/schema\/logo\/image\/"},"sameAs":["https:\/\/www.facebook.com\/portalcidademarketing","https:\/\/x.com\/CidadeMarketing","https:\/\/www.instagram.com\/cidademarketing\/"]},{"@type":"Person","@id":"https:\/\/www.cidademarketing.com.br\/marketing\/#\/schema\/person\/02daff9f18bd9378c9e01eb6b2db155f","name":"Thales Brand\u00e3o","image":{"@type":"ImageObject","inLanguage":"pt-BR","@id":"https:\/\/secure.gravatar.com\/avatar\/7ca3206950207cc3cb48feec56a8a7898741ab725c368d99d5d7a5a50aab80c6?s=96&d=mm&r=g","url":"https:\/\/secure.gravatar.com\/avatar\/7ca3206950207cc3cb48feec56a8a7898741ab725c368d99d5d7a5a50aab80c6?s=96&d=mm&r=g","contentUrl":"https:\/\/secure.gravatar.com\/avatar\/7ca3206950207cc3cb48feec56a8a7898741ab725c368d99d5d7a5a50aab80c6?s=96&d=mm&r=g","caption":"Thales Brand\u00e3o"},"description":"Editor Executivo do Portal CidadeMarketing.com.br &gt; Mestre em Comunica\u00e7\u00e3o e Sociedade pela Universidade Federal de Sergipe. Possui MBA Executivo em Administra\u00e7\u00e3o com \u00eanfase em Marketing pela Funda\u00e7\u00e3o Get\u00falio Vargas - Rio de Janeiro. Consultor, Palestrante e Pesquisador sobre Empreendedorismo, Marketing, Redes Sociais e Neg\u00f3cios Digitais. Professor, Palestrante TedxTalks e Campus Party. Twitter: @ThalesBrandao","sameAs":["http:\/\/www.mandacaru.com.br","https:\/\/www.facebook.com\/thalesbrandao","http:\/\/www.instagram.com.br\/thalesbrandaoferreira","https:\/\/www.linkedin.com\/in\/thales-brand\u00e3o-3948609\/","https:\/\/x.com\/http:\/\/www.twitter.com\/thalesbrandao"],"url":"https:\/\/www.cidademarketing.com.br\/marketing\/author\/thalesbrandao\/"}]}},"amp_enabled":true,"_links":{"self":[{"href":"https:\/\/www.cidademarketing.com.br\/marketing\/wp-json\/wp\/v2\/posts\/5755","targetHints":{"allow":["GET"]}}],"collection":[{"href":"https:\/\/www.cidademarketing.com.br\/marketing\/wp-json\/wp\/v2\/posts"}],"about":[{"href":"https:\/\/www.cidademarketing.com.br\/marketing\/wp-json\/wp\/v2\/types\/post"}],"author":[{"embeddable":true,"href":"https:\/\/www.cidademarketing.com.br\/marketing\/wp-json\/wp\/v2\/users\/1"}],"replies":[{"embeddable":true,"href":"https:\/\/www.cidademarketing.com.br\/marketing\/wp-json\/wp\/v2\/comments?post=5755"}],"version-history":[{"count":2,"href":"https:\/\/www.cidademarketing.com.br\/marketing\/wp-json\/wp\/v2\/posts\/5755\/revisions"}],"predecessor-version":[{"id":5765,"href":"https:\/\/www.cidademarketing.com.br\/marketing\/wp-json\/wp\/v2\/posts\/5755\/revisions\/5765"}],"wp:featuredmedia":[{"embeddable":true,"href":"https:\/\/www.cidademarketing.com.br\/marketing\/wp-json\/wp\/v2\/media\/5756"}],"wp:attachment":[{"href":"https:\/\/www.cidademarketing.com.br\/marketing\/wp-json\/wp\/v2\/media?parent=5755"}],"wp:term":[{"taxonomy":"category","embeddable":true,"href":"https:\/\/www.cidademarketing.com.br\/marketing\/wp-json\/wp\/v2\/categories?post=5755"},{"taxonomy":"post_tag","embeddable":true,"href":"https:\/\/www.cidademarketing.com.br\/marketing\/wp-json\/wp\/v2\/tags?post=5755"}],"curies":[{"name":"wp","href":"https:\/\/api.w.org\/{rel}","templated":true}]}}