{"id":57547,"date":"2025-09-08T23:00:28","date_gmt":"2025-09-09T02:00:28","guid":{"rendered":"https:\/\/www.cidademarketing.com.br\/marketing\/?p=57547"},"modified":"2025-09-08T23:00:28","modified_gmt":"2025-09-09T02:00:28","slug":"daniela-lima-e-a-nova-integrante-do-time-de-jornalismo-do-uol","status":"publish","type":"post","link":"https:\/\/www.cidademarketing.com.br\/marketing\/2025\/09\/08\/daniela-lima-e-a-nova-integrante-do-time-de-jornalismo-do-uol\/","title":{"rendered":"Daniela Lima \u00e9 a nova integrante do time de jornalismo do UOL"},"content":{"rendered":"<p>O UOL anunciou a contrata\u00e7\u00e3o da jornalista Daniela Lima, que passa a integrar o time de jornalismo da plataforma. Reconhecida por sua experi\u00eancia em bastidores da pol\u00edtica, Daniela ter\u00e1 uma coluna di\u00e1ria, ser\u00e1 presen\u00e7a frequente em programas como o UOL News e ainda comandar\u00e1 um programa semanal exclusivo.<\/p>\n<p>Com ampla experi\u00eancia em reda\u00e7\u00f5es e televis\u00e3o, Daniela Lima j\u00e1 atuou em ve\u00edculos de grande relev\u00e2ncia nacional. Come\u00e7ou no Correio Braziliense, passou pela Veja e se consolidou na Folha de S.Paulo, onde foi respons\u00e1vel pela coluna Painel.<\/p>\n<p>Na televis\u00e3o, comandou o tradicional Roda Viva, da TV Cultura, e tornou-se um dos principais nomes da CNN Brasil, emissora que ajudou a lan\u00e7ar em 2020. Em seguida, esteve na GloboNews, onde foi \u00e2ncora do programa Conex\u00e3o GloboNews, permanecendo at\u00e9 junho de 2023.<\/p>\n<p>Sua chegada \u00e9 considerada uma aposta estrat\u00e9gica para refor\u00e7ar a cobertura de bastidores e a an\u00e1lise do cen\u00e1rio pol\u00edtico, marcas registradas de sua trajet\u00f3ria profissional.<\/p>\n","protected":false},"excerpt":{"rendered":"<p>O UOL anunciou a contrata\u00e7\u00e3o da jornalista Daniela Lima, que passa a integrar o time de jornalismo da plataforma. Reconhecida por sua experi\u00eancia em bastidores da pol\u00edtica, Daniela ter\u00e1 uma coluna di\u00e1ria, ser\u00e1 presen\u00e7a frequente em programas como o UOL News e ainda comandar\u00e1 um programa semanal exclusivo. Com ampla experi\u00eancia em reda\u00e7\u00f5es e televis\u00e3o, [&hellip;]<\/p>\n","protected":false},"author":1,"featured_media":57548,"comment_status":"open","ping_status":"open","sticky":false,"template":"","format":"standard","meta":{"tdm_status":"","tdm_grid_status":"","footnotes":""},"categories":[6],"tags":[308,9793,33,645,1024,1467,761,9794],"class_list":["post-57547","post","type-post","status-publish","format-standard","has-post-thumbnail","hentry","category-noticias","tag-comunicacao","tag-daniela-lima","tag-estrategia","tag-jornalismo","tag-jornalista","tag-politica","tag-uol","tag-uol-news"],"yoast_head":"<!-- This site is optimized with the Yoast SEO plugin v27.5 - https:\/\/yoast.com\/product\/yoast-seo-wordpress\/ -->\n<title>Daniela Lima \u00e9 a nova integrante do time de jornalismo do UOL - CidadeMarketing<\/title>\n<meta name=\"robots\" content=\"index, follow, max-snippet:-1, max-image-preview:large, max-video-preview:-1\" \/>\n<link rel=\"canonical\" href=\"https:\/\/www.cidademarketing.com.br\/marketing\/2025\/09\/08\/daniela-lima-e-a-nova-integrante-do-time-de-jornalismo-do-uol\/\" \/>\n<meta property=\"og:locale\" content=\"pt_BR\" \/>\n<meta property=\"og:type\" content=\"article\" \/>\n<meta property=\"og:title\" content=\"Daniela Lima \u00e9 a nova integrante do time de jornalismo do UOL - CidadeMarketing\" \/>\n<meta property=\"og:description\" content=\"O UOL anunciou a contrata\u00e7\u00e3o da jornalista Daniela Lima, que passa a integrar o time de jornalismo da plataforma. Reconhecida por sua experi\u00eancia em bastidores da pol\u00edtica, Daniela ter\u00e1 uma coluna di\u00e1ria, ser\u00e1 presen\u00e7a frequente em programas como o UOL News e ainda comandar\u00e1 um programa semanal exclusivo. Com ampla experi\u00eancia em reda\u00e7\u00f5es e televis\u00e3o, [&hellip;]\" \/>\n<meta property=\"og:url\" content=\"https:\/\/www.cidademarketing.com.br\/marketing\/2025\/09\/08\/daniela-lima-e-a-nova-integrante-do-time-de-jornalismo-do-uol\/\" \/>\n<meta property=\"og:site_name\" content=\"CidadeMarketing\" \/>\n<meta property=\"article:publisher\" content=\"https:\/\/www.facebook.com\/portalcidademarketing\" \/>\n<meta property=\"article:author\" content=\"https:\/\/www.facebook.com\/thalesbrandao\" \/>\n<meta property=\"article:published_time\" content=\"2025-09-09T02:00:28+00:00\" \/>\n<meta property=\"og:image\" content=\"https:\/\/www.cidademarketing.com.br\/marketing\/wp-content\/uploads\/2025\/09\/daniela_lima_uol.webp\" \/>\n\t<meta property=\"og:image:width\" content=\"1000\" \/>\n\t<meta property=\"og:image:height\" content=\"1514\" \/>\n\t<meta property=\"og:image:type\" content=\"image\/webp\" \/>\n<meta name=\"author\" content=\"Thales Brand\u00e3o\" \/>\n<meta name=\"twitter:card\" content=\"summary_large_image\" \/>\n<meta name=\"twitter:creator\" content=\"@http:\/\/www.twitter.com\/thalesbrandao\" \/>\n<meta name=\"twitter:site\" content=\"@CidadeMarketing\" \/>\n<meta name=\"twitter:label1\" content=\"Escrito por\" \/>\n\t<meta name=\"twitter:data1\" content=\"Thales Brand\u00e3o\" \/>\n\t<meta name=\"twitter:label2\" content=\"Est. tempo de leitura\" \/>\n\t<meta name=\"twitter:data2\" content=\"2 minutos\" \/>\n<script type=\"application\/ld+json\" class=\"yoast-schema-graph\">{\"@context\":\"https:\\\/\\\/schema.org\",\"@graph\":[{\"@type\":\"Article\",\"@id\":\"https:\\\/\\\/www.cidademarketing.com.br\\\/marketing\\\/2025\\\/09\\\/08\\\/daniela-lima-e-a-nova-integrante-do-time-de-jornalismo-do-uol\\\/#article\",\"isPartOf\":{\"@id\":\"https:\\\/\\\/www.cidademarketing.com.br\\\/marketing\\\/2025\\\/09\\\/08\\\/daniela-lima-e-a-nova-integrante-do-time-de-jornalismo-do-uol\\\/\"},\"author\":{\"name\":\"Thales Brand\u00e3o\",\"@id\":\"https:\\\/\\\/www.cidademarketing.com.br\\\/marketing\\\/#\\\/schema\\\/person\\\/02daff9f18bd9378c9e01eb6b2db155f\"},\"headline\":\"Daniela Lima \u00e9 a nova integrante do time de jornalismo do UOL\",\"datePublished\":\"2025-09-09T02:00:28+00:00\",\"mainEntityOfPage\":{\"@id\":\"https:\\\/\\\/www.cidademarketing.com.br\\\/marketing\\\/2025\\\/09\\\/08\\\/daniela-lima-e-a-nova-integrante-do-time-de-jornalismo-do-uol\\\/\"},\"wordCount\":183,\"commentCount\":0,\"publisher\":{\"@id\":\"https:\\\/\\\/www.cidademarketing.com.br\\\/marketing\\\/#organization\"},\"image\":{\"@id\":\"https:\\\/\\\/www.cidademarketing.com.br\\\/marketing\\\/2025\\\/09\\\/08\\\/daniela-lima-e-a-nova-integrante-do-time-de-jornalismo-do-uol\\\/#primaryimage\"},\"thumbnailUrl\":\"https:\\\/\\\/www.cidademarketing.com.br\\\/marketing\\\/wp-content\\\/uploads\\\/2025\\\/09\\\/daniela_lima_uol.webp\",\"keywords\":[\"comunica\u00e7\u00e3o\",\"Daniela Lima\",\"estrat\u00e9gia\",\"jornalismo\",\"jornalista\",\"pol\u00edtica\",\"UOL\",\"UOL News\"],\"articleSection\":[\"Not\u00edcias\"],\"inLanguage\":\"pt-BR\",\"potentialAction\":[{\"@type\":\"CommentAction\",\"name\":\"Comment\",\"target\":[\"https:\\\/\\\/www.cidademarketing.com.br\\\/marketing\\\/2025\\\/09\\\/08\\\/daniela-lima-e-a-nova-integrante-do-time-de-jornalismo-do-uol\\\/#respond\"]}]},{\"@type\":\"WebPage\",\"@id\":\"https:\\\/\\\/www.cidademarketing.com.br\\\/marketing\\\/2025\\\/09\\\/08\\\/daniela-lima-e-a-nova-integrante-do-time-de-jornalismo-do-uol\\\/\",\"url\":\"https:\\\/\\\/www.cidademarketing.com.br\\\/marketing\\\/2025\\\/09\\\/08\\\/daniela-lima-e-a-nova-integrante-do-time-de-jornalismo-do-uol\\\/\",\"name\":\"Daniela Lima \u00e9 a nova integrante do time de jornalismo do UOL - CidadeMarketing\",\"isPartOf\":{\"@id\":\"https:\\\/\\\/www.cidademarketing.com.br\\\/marketing\\\/#website\"},\"primaryImageOfPage\":{\"@id\":\"https:\\\/\\\/www.cidademarketing.com.br\\\/marketing\\\/2025\\\/09\\\/08\\\/daniela-lima-e-a-nova-integrante-do-time-de-jornalismo-do-uol\\\/#primaryimage\"},\"image\":{\"@id\":\"https:\\\/\\\/www.cidademarketing.com.br\\\/marketing\\\/2025\\\/09\\\/08\\\/daniela-lima-e-a-nova-integrante-do-time-de-jornalismo-do-uol\\\/#primaryimage\"},\"thumbnailUrl\":\"https:\\\/\\\/www.cidademarketing.com.br\\\/marketing\\\/wp-content\\\/uploads\\\/2025\\\/09\\\/daniela_lima_uol.webp\",\"datePublished\":\"2025-09-09T02:00:28+00:00\",\"breadcrumb\":{\"@id\":\"https:\\\/\\\/www.cidademarketing.com.br\\\/marketing\\\/2025\\\/09\\\/08\\\/daniela-lima-e-a-nova-integrante-do-time-de-jornalismo-do-uol\\\/#breadcrumb\"},\"inLanguage\":\"pt-BR\",\"potentialAction\":[{\"@type\":\"ReadAction\",\"target\":[\"https:\\\/\\\/www.cidademarketing.com.br\\\/marketing\\\/2025\\\/09\\\/08\\\/daniela-lima-e-a-nova-integrante-do-time-de-jornalismo-do-uol\\\/\"]}]},{\"@type\":\"ImageObject\",\"inLanguage\":\"pt-BR\",\"@id\":\"https:\\\/\\\/www.cidademarketing.com.br\\\/marketing\\\/2025\\\/09\\\/08\\\/daniela-lima-e-a-nova-integrante-do-time-de-jornalismo-do-uol\\\/#primaryimage\",\"url\":\"https:\\\/\\\/www.cidademarketing.com.br\\\/marketing\\\/wp-content\\\/uploads\\\/2025\\\/09\\\/daniela_lima_uol.webp\",\"contentUrl\":\"https:\\\/\\\/www.cidademarketing.com.br\\\/marketing\\\/wp-content\\\/uploads\\\/2025\\\/09\\\/daniela_lima_uol.webp\",\"width\":1000,\"height\":1514,\"caption\":\"Divulga\u00e7\u00e3o\"},{\"@type\":\"BreadcrumbList\",\"@id\":\"https:\\\/\\\/www.cidademarketing.com.br\\\/marketing\\\/2025\\\/09\\\/08\\\/daniela-lima-e-a-nova-integrante-do-time-de-jornalismo-do-uol\\\/#breadcrumb\",\"itemListElement\":[{\"@type\":\"ListItem\",\"position\":1,\"name\":\"In\u00edcio\",\"item\":\"https:\\\/\\\/www.cidademarketing.com.br\\\/marketing\\\/\"},{\"@type\":\"ListItem\",\"position\":2,\"name\":\"Daniela Lima \u00e9 a nova integrante do time de jornalismo do UOL\"}]},{\"@type\":\"WebSite\",\"@id\":\"https:\\\/\\\/www.cidademarketing.com.br\\\/marketing\\\/#website\",\"url\":\"https:\\\/\\\/www.cidademarketing.com.br\\\/marketing\\\/\",\"name\":\"CidadeMarketing\",\"description\":\"Somos um ve\u00edculo de comunica\u00e7\u00e3o de destaque no Brasil, reconhecido por conte\u00fados nos segmentos de marketing, empreendedorismo e inova\u00e7\u00e3o.\",\"publisher\":{\"@id\":\"https:\\\/\\\/www.cidademarketing.com.br\\\/marketing\\\/#organization\"},\"alternateName\":\"CidadeMarketing\",\"potentialAction\":[{\"@type\":\"SearchAction\",\"target\":{\"@type\":\"EntryPoint\",\"urlTemplate\":\"https:\\\/\\\/www.cidademarketing.com.br\\\/marketing\\\/?s={search_term_string}\"},\"query-input\":{\"@type\":\"PropertyValueSpecification\",\"valueRequired\":true,\"valueName\":\"search_term_string\"}}],\"inLanguage\":\"pt-BR\"},{\"@type\":\"Organization\",\"@id\":\"https:\\\/\\\/www.cidademarketing.com.br\\\/marketing\\\/#organization\",\"name\":\"CidadeMarketing\",\"alternateName\":\"CidadeMarketing\",\"url\":\"https:\\\/\\\/www.cidademarketing.com.br\\\/marketing\\\/\",\"logo\":{\"@type\":\"ImageObject\",\"inLanguage\":\"pt-BR\",\"@id\":\"https:\\\/\\\/www.cidademarketing.com.br\\\/marketing\\\/#\\\/schema\\\/logo\\\/image\\\/\",\"url\":\"https:\\\/\\\/www.cidademarketing.com.br\\\/marketing\\\/wp-content\\\/uploads\\\/2020\\\/01\\\/cidademarketing_marca_mobile.png\",\"contentUrl\":\"https:\\\/\\\/www.cidademarketing.com.br\\\/marketing\\\/wp-content\\\/uploads\\\/2020\\\/01\\\/cidademarketing_marca_mobile.png\",\"width\":230,\"height\":92,\"caption\":\"CidadeMarketing\"},\"image\":{\"@id\":\"https:\\\/\\\/www.cidademarketing.com.br\\\/marketing\\\/#\\\/schema\\\/logo\\\/image\\\/\"},\"sameAs\":[\"https:\\\/\\\/www.facebook.com\\\/portalcidademarketing\",\"https:\\\/\\\/x.com\\\/CidadeMarketing\",\"https:\\\/\\\/www.instagram.com\\\/cidademarketing\\\/\"]},{\"@type\":\"Person\",\"@id\":\"https:\\\/\\\/www.cidademarketing.com.br\\\/marketing\\\/#\\\/schema\\\/person\\\/02daff9f18bd9378c9e01eb6b2db155f\",\"name\":\"Thales Brand\u00e3o\",\"image\":{\"@type\":\"ImageObject\",\"inLanguage\":\"pt-BR\",\"@id\":\"https:\\\/\\\/secure.gravatar.com\\\/avatar\\\/7ca3206950207cc3cb48feec56a8a7898741ab725c368d99d5d7a5a50aab80c6?s=96&d=mm&r=g\",\"url\":\"https:\\\/\\\/secure.gravatar.com\\\/avatar\\\/7ca3206950207cc3cb48feec56a8a7898741ab725c368d99d5d7a5a50aab80c6?s=96&d=mm&r=g\",\"contentUrl\":\"https:\\\/\\\/secure.gravatar.com\\\/avatar\\\/7ca3206950207cc3cb48feec56a8a7898741ab725c368d99d5d7a5a50aab80c6?s=96&d=mm&r=g\",\"caption\":\"Thales Brand\u00e3o\"},\"description\":\"Editor Executivo do Portal CidadeMarketing.com.br &gt; Mestre em Comunica\u00e7\u00e3o e Sociedade pela Universidade Federal de Sergipe. Possui MBA Executivo em Administra\u00e7\u00e3o com \u00eanfase em Marketing pela Funda\u00e7\u00e3o Get\u00falio Vargas - Rio de Janeiro. Consultor, Palestrante e Pesquisador sobre Empreendedorismo, Marketing, Redes Sociais e Neg\u00f3cios Digitais. Professor, Palestrante TedxTalks e Campus Party. Twitter: @ThalesBrandao\",\"sameAs\":[\"http:\\\/\\\/www.mandacaru.com.br\",\"https:\\\/\\\/www.facebook.com\\\/thalesbrandao\",\"http:\\\/\\\/www.instagram.com.br\\\/thalesbrandaoferreira\",\"https:\\\/\\\/www.linkedin.com\\\/in\\\/thales-brand\u00e3o-3948609\\\/\",\"https:\\\/\\\/x.com\\\/http:\\\/\\\/www.twitter.com\\\/thalesbrandao\"],\"url\":\"https:\\\/\\\/www.cidademarketing.com.br\\\/marketing\\\/author\\\/thalesbrandao\\\/\"}]}<\/script>\n<!-- \/ Yoast SEO plugin. -->","yoast_head_json":{"title":"Daniela Lima \u00e9 a nova integrante do time de jornalismo do UOL - CidadeMarketing","robots":{"index":"index","follow":"follow","max-snippet":"max-snippet:-1","max-image-preview":"max-image-preview:large","max-video-preview":"max-video-preview:-1"},"canonical":"https:\/\/www.cidademarketing.com.br\/marketing\/2025\/09\/08\/daniela-lima-e-a-nova-integrante-do-time-de-jornalismo-do-uol\/","og_locale":"pt_BR","og_type":"article","og_title":"Daniela Lima \u00e9 a nova integrante do time de jornalismo do UOL - CidadeMarketing","og_description":"O UOL anunciou a contrata\u00e7\u00e3o da jornalista Daniela Lima, que passa a integrar o time de jornalismo da plataforma. Reconhecida por sua experi\u00eancia em bastidores da pol\u00edtica, Daniela ter\u00e1 uma coluna di\u00e1ria, ser\u00e1 presen\u00e7a frequente em programas como o UOL News e ainda comandar\u00e1 um programa semanal exclusivo. Com ampla experi\u00eancia em reda\u00e7\u00f5es e televis\u00e3o, [&hellip;]","og_url":"https:\/\/www.cidademarketing.com.br\/marketing\/2025\/09\/08\/daniela-lima-e-a-nova-integrante-do-time-de-jornalismo-do-uol\/","og_site_name":"CidadeMarketing","article_publisher":"https:\/\/www.facebook.com\/portalcidademarketing","article_author":"https:\/\/www.facebook.com\/thalesbrandao","article_published_time":"2025-09-09T02:00:28+00:00","og_image":[{"width":1000,"height":1514,"url":"https:\/\/www.cidademarketing.com.br\/marketing\/wp-content\/uploads\/2025\/09\/daniela_lima_uol.webp","type":"image\/webp"}],"author":"Thales Brand\u00e3o","twitter_card":"summary_large_image","twitter_creator":"@http:\/\/www.twitter.com\/thalesbrandao","twitter_site":"@CidadeMarketing","twitter_misc":{"Escrito por":"Thales Brand\u00e3o","Est. tempo de leitura":"2 minutos"},"schema":{"@context":"https:\/\/schema.org","@graph":[{"@type":"Article","@id":"https:\/\/www.cidademarketing.com.br\/marketing\/2025\/09\/08\/daniela-lima-e-a-nova-integrante-do-time-de-jornalismo-do-uol\/#article","isPartOf":{"@id":"https:\/\/www.cidademarketing.com.br\/marketing\/2025\/09\/08\/daniela-lima-e-a-nova-integrante-do-time-de-jornalismo-do-uol\/"},"author":{"name":"Thales Brand\u00e3o","@id":"https:\/\/www.cidademarketing.com.br\/marketing\/#\/schema\/person\/02daff9f18bd9378c9e01eb6b2db155f"},"headline":"Daniela Lima \u00e9 a nova integrante do time de jornalismo do UOL","datePublished":"2025-09-09T02:00:28+00:00","mainEntityOfPage":{"@id":"https:\/\/www.cidademarketing.com.br\/marketing\/2025\/09\/08\/daniela-lima-e-a-nova-integrante-do-time-de-jornalismo-do-uol\/"},"wordCount":183,"commentCount":0,"publisher":{"@id":"https:\/\/www.cidademarketing.com.br\/marketing\/#organization"},"image":{"@id":"https:\/\/www.cidademarketing.com.br\/marketing\/2025\/09\/08\/daniela-lima-e-a-nova-integrante-do-time-de-jornalismo-do-uol\/#primaryimage"},"thumbnailUrl":"https:\/\/www.cidademarketing.com.br\/marketing\/wp-content\/uploads\/2025\/09\/daniela_lima_uol.webp","keywords":["comunica\u00e7\u00e3o","Daniela Lima","estrat\u00e9gia","jornalismo","jornalista","pol\u00edtica","UOL","UOL News"],"articleSection":["Not\u00edcias"],"inLanguage":"pt-BR","potentialAction":[{"@type":"CommentAction","name":"Comment","target":["https:\/\/www.cidademarketing.com.br\/marketing\/2025\/09\/08\/daniela-lima-e-a-nova-integrante-do-time-de-jornalismo-do-uol\/#respond"]}]},{"@type":"WebPage","@id":"https:\/\/www.cidademarketing.com.br\/marketing\/2025\/09\/08\/daniela-lima-e-a-nova-integrante-do-time-de-jornalismo-do-uol\/","url":"https:\/\/www.cidademarketing.com.br\/marketing\/2025\/09\/08\/daniela-lima-e-a-nova-integrante-do-time-de-jornalismo-do-uol\/","name":"Daniela Lima \u00e9 a nova integrante do time de jornalismo do UOL - CidadeMarketing","isPartOf":{"@id":"https:\/\/www.cidademarketing.com.br\/marketing\/#website"},"primaryImageOfPage":{"@id":"https:\/\/www.cidademarketing.com.br\/marketing\/2025\/09\/08\/daniela-lima-e-a-nova-integrante-do-time-de-jornalismo-do-uol\/#primaryimage"},"image":{"@id":"https:\/\/www.cidademarketing.com.br\/marketing\/2025\/09\/08\/daniela-lima-e-a-nova-integrante-do-time-de-jornalismo-do-uol\/#primaryimage"},"thumbnailUrl":"https:\/\/www.cidademarketing.com.br\/marketing\/wp-content\/uploads\/2025\/09\/daniela_lima_uol.webp","datePublished":"2025-09-09T02:00:28+00:00","breadcrumb":{"@id":"https:\/\/www.cidademarketing.com.br\/marketing\/2025\/09\/08\/daniela-lima-e-a-nova-integrante-do-time-de-jornalismo-do-uol\/#breadcrumb"},"inLanguage":"pt-BR","potentialAction":[{"@type":"ReadAction","target":["https:\/\/www.cidademarketing.com.br\/marketing\/2025\/09\/08\/daniela-lima-e-a-nova-integrante-do-time-de-jornalismo-do-uol\/"]}]},{"@type":"ImageObject","inLanguage":"pt-BR","@id":"https:\/\/www.cidademarketing.com.br\/marketing\/2025\/09\/08\/daniela-lima-e-a-nova-integrante-do-time-de-jornalismo-do-uol\/#primaryimage","url":"https:\/\/www.cidademarketing.com.br\/marketing\/wp-content\/uploads\/2025\/09\/daniela_lima_uol.webp","contentUrl":"https:\/\/www.cidademarketing.com.br\/marketing\/wp-content\/uploads\/2025\/09\/daniela_lima_uol.webp","width":1000,"height":1514,"caption":"Divulga\u00e7\u00e3o"},{"@type":"BreadcrumbList","@id":"https:\/\/www.cidademarketing.com.br\/marketing\/2025\/09\/08\/daniela-lima-e-a-nova-integrante-do-time-de-jornalismo-do-uol\/#breadcrumb","itemListElement":[{"@type":"ListItem","position":1,"name":"In\u00edcio","item":"https:\/\/www.cidademarketing.com.br\/marketing\/"},{"@type":"ListItem","position":2,"name":"Daniela Lima \u00e9 a nova integrante do time de jornalismo do UOL"}]},{"@type":"WebSite","@id":"https:\/\/www.cidademarketing.com.br\/marketing\/#website","url":"https:\/\/www.cidademarketing.com.br\/marketing\/","name":"CidadeMarketing","description":"Somos um ve\u00edculo de comunica\u00e7\u00e3o de destaque no Brasil, reconhecido por conte\u00fados nos segmentos de marketing, empreendedorismo e inova\u00e7\u00e3o.","publisher":{"@id":"https:\/\/www.cidademarketing.com.br\/marketing\/#organization"},"alternateName":"CidadeMarketing","potentialAction":[{"@type":"SearchAction","target":{"@type":"EntryPoint","urlTemplate":"https:\/\/www.cidademarketing.com.br\/marketing\/?s={search_term_string}"},"query-input":{"@type":"PropertyValueSpecification","valueRequired":true,"valueName":"search_term_string"}}],"inLanguage":"pt-BR"},{"@type":"Organization","@id":"https:\/\/www.cidademarketing.com.br\/marketing\/#organization","name":"CidadeMarketing","alternateName":"CidadeMarketing","url":"https:\/\/www.cidademarketing.com.br\/marketing\/","logo":{"@type":"ImageObject","inLanguage":"pt-BR","@id":"https:\/\/www.cidademarketing.com.br\/marketing\/#\/schema\/logo\/image\/","url":"https:\/\/www.cidademarketing.com.br\/marketing\/wp-content\/uploads\/2020\/01\/cidademarketing_marca_mobile.png","contentUrl":"https:\/\/www.cidademarketing.com.br\/marketing\/wp-content\/uploads\/2020\/01\/cidademarketing_marca_mobile.png","width":230,"height":92,"caption":"CidadeMarketing"},"image":{"@id":"https:\/\/www.cidademarketing.com.br\/marketing\/#\/schema\/logo\/image\/"},"sameAs":["https:\/\/www.facebook.com\/portalcidademarketing","https:\/\/x.com\/CidadeMarketing","https:\/\/www.instagram.com\/cidademarketing\/"]},{"@type":"Person","@id":"https:\/\/www.cidademarketing.com.br\/marketing\/#\/schema\/person\/02daff9f18bd9378c9e01eb6b2db155f","name":"Thales Brand\u00e3o","image":{"@type":"ImageObject","inLanguage":"pt-BR","@id":"https:\/\/secure.gravatar.com\/avatar\/7ca3206950207cc3cb48feec56a8a7898741ab725c368d99d5d7a5a50aab80c6?s=96&d=mm&r=g","url":"https:\/\/secure.gravatar.com\/avatar\/7ca3206950207cc3cb48feec56a8a7898741ab725c368d99d5d7a5a50aab80c6?s=96&d=mm&r=g","contentUrl":"https:\/\/secure.gravatar.com\/avatar\/7ca3206950207cc3cb48feec56a8a7898741ab725c368d99d5d7a5a50aab80c6?s=96&d=mm&r=g","caption":"Thales Brand\u00e3o"},"description":"Editor Executivo do Portal CidadeMarketing.com.br &gt; Mestre em Comunica\u00e7\u00e3o e Sociedade pela Universidade Federal de Sergipe. Possui MBA Executivo em Administra\u00e7\u00e3o com \u00eanfase em Marketing pela Funda\u00e7\u00e3o Get\u00falio Vargas - Rio de Janeiro. Consultor, Palestrante e Pesquisador sobre Empreendedorismo, Marketing, Redes Sociais e Neg\u00f3cios Digitais. Professor, Palestrante TedxTalks e Campus Party. Twitter: @ThalesBrandao","sameAs":["http:\/\/www.mandacaru.com.br","https:\/\/www.facebook.com\/thalesbrandao","http:\/\/www.instagram.com.br\/thalesbrandaoferreira","https:\/\/www.linkedin.com\/in\/thales-brand\u00e3o-3948609\/","https:\/\/x.com\/http:\/\/www.twitter.com\/thalesbrandao"],"url":"https:\/\/www.cidademarketing.com.br\/marketing\/author\/thalesbrandao\/"}]}},"amp_enabled":true,"_links":{"self":[{"href":"https:\/\/www.cidademarketing.com.br\/marketing\/wp-json\/wp\/v2\/posts\/57547","targetHints":{"allow":["GET"]}}],"collection":[{"href":"https:\/\/www.cidademarketing.com.br\/marketing\/wp-json\/wp\/v2\/posts"}],"about":[{"href":"https:\/\/www.cidademarketing.com.br\/marketing\/wp-json\/wp\/v2\/types\/post"}],"author":[{"embeddable":true,"href":"https:\/\/www.cidademarketing.com.br\/marketing\/wp-json\/wp\/v2\/users\/1"}],"replies":[{"embeddable":true,"href":"https:\/\/www.cidademarketing.com.br\/marketing\/wp-json\/wp\/v2\/comments?post=57547"}],"version-history":[{"count":1,"href":"https:\/\/www.cidademarketing.com.br\/marketing\/wp-json\/wp\/v2\/posts\/57547\/revisions"}],"predecessor-version":[{"id":57549,"href":"https:\/\/www.cidademarketing.com.br\/marketing\/wp-json\/wp\/v2\/posts\/57547\/revisions\/57549"}],"wp:featuredmedia":[{"embeddable":true,"href":"https:\/\/www.cidademarketing.com.br\/marketing\/wp-json\/wp\/v2\/media\/57548"}],"wp:attachment":[{"href":"https:\/\/www.cidademarketing.com.br\/marketing\/wp-json\/wp\/v2\/media?parent=57547"}],"wp:term":[{"taxonomy":"category","embeddable":true,"href":"https:\/\/www.cidademarketing.com.br\/marketing\/wp-json\/wp\/v2\/categories?post=57547"},{"taxonomy":"post_tag","embeddable":true,"href":"https:\/\/www.cidademarketing.com.br\/marketing\/wp-json\/wp\/v2\/tags?post=57547"}],"curies":[{"name":"wp","href":"https:\/\/api.w.org\/{rel}","templated":true}]}}