{"id":57542,"date":"2025-09-08T17:54:32","date_gmt":"2025-09-08T20:54:32","guid":{"rendered":"https:\/\/www.cidademarketing.com.br\/marketing\/?p=57542"},"modified":"2025-09-08T17:58:24","modified_gmt":"2025-09-08T20:58:24","slug":"com-15-anos-nana-silva-estreia-no-sp-open-com-vitoria-e-muitos-aplausos","status":"publish","type":"post","link":"https:\/\/www.cidademarketing.com.br\/marketing\/2025\/09\/08\/com-15-anos-nana-silva-estreia-no-sp-open-com-vitoria-e-muitos-aplausos\/","title":{"rendered":"Com 15 anos, Nan\u00e1 Silva estreia no SP Open com vit\u00f3ria e muitos aplausos"},"content":{"rendered":"<p>A jovem tenista brasileira <span class=\"x1lliihq x1plvlek xryxfnj x1n2onr6 xyejjpt x15dsfln x193iq5w xeuugli x1fj9vlw x13faqbe x1vvkbs x1s928wv xhkezso x1gmr53x x1cpjm7i x1fgarty x1943h6x x1i0vuye xvs91rp x1s688f x5n08af x10wh9bi xpm28yp x8viiok x1o7cslx\" dir=\"auto\">Nauhany Silva, a <\/span>Nan\u00e1 Silva, de apenas 15 anos, fez sua estreia de forma marcante no SP Open 2025, nesta segunda-feira (8), em S\u00e3o Paulo. Diante da experiente tenista Carol Meligeni Alves, atual n\u00famero 237 do ranking da WTA, Nan\u00e1 conquistou uma virada emocionante, arrancando aplausos de p\u00e9 do p\u00fablico presente na quadra Maria Esther Bueno, no Parque Vila Lobos.<\/p>\n<p>O confronto come\u00e7ou equilibrado, com Carol Meligeni levando a melhor no primeiro set por 7\/6. Mas a partir do segundo, Nan\u00e1 mostrou maturidade, confian\u00e7a e muita t\u00e9cnica. Com saques potentes e um forehand afiado, a jovem dominou a partida e venceu os dois sets seguintes por 6\/2 e 6\/0, garantindo sua vaga na segunda rodada.<\/p>\n<p>Ap\u00f3s a vit\u00f3ria, emocionada, Nan\u00e1 destacou a import\u00e2ncia do momento:\u00a0 \u201cEu me sinto muito feliz de jogar em casa, aqui em S\u00e3o Paulo, com minha fam\u00edlia. Sempre brinquei nessas quadras quando era pequena, e poder estrear assim no SP Open \u00e9 muito especial. Estou muito feliz em passar para a segunda rodada\u201d, declarou a atleta.<\/p>\n<p>Na pr\u00f3xima fase, Nan\u00e1 ter\u00e1 pela frente um grande desafio: a argentina Solana Sierra, n\u00famero 82 do mundo. Apesar da juventude, a brasileira j\u00e1 acumula experi\u00eancia em torneios juvenis de Grand Slam e promete seguir surpreendendo.<\/p>\n<p>O triunfo no SP Open n\u00e3o apenas marca a chegada de uma nova promessa do t\u00eanis brasileiro, mas tamb\u00e9m refor\u00e7a o entusiasmo da torcida, que abra\u00e7ou a jovem talento como uma das grandes apostas do futuro do esporte no pa\u00eds.<\/p>\n","protected":false},"excerpt":{"rendered":"<p>A jovem tenista brasileira Nauhany Silva, a Nan\u00e1 Silva, de apenas 15 anos, fez sua estreia de forma marcante no SP Open 2025, nesta segunda-feira (8), em S\u00e3o Paulo. Diante da experiente tenista Carol Meligeni Alves, atual n\u00famero 237 do ranking da WTA, Nan\u00e1 conquistou uma virada emocionante, arrancando aplausos de p\u00e9 do p\u00fablico presente [&hellip;]<\/p>\n","protected":false},"author":1,"featured_media":57545,"comment_status":"open","ping_status":"open","sticky":false,"template":"","format":"standard","meta":{"tdm_status":"","tdm_grid_status":"","footnotes":""},"categories":[6],"tags":[9792,33,28,9791,9711,5060,9222,9420,6767],"class_list":["post-57542","post","type-post","status-publish","format-standard","has-post-thumbnail","hentry","category-noticias","tag-carol-meligeni-alves","tag-estrategia","tag-marketing","tag-nana-silva","tag-nauhany-silva","tag-parque-villa-lobos","tag-sp-open","tag-sp-open-2025","tag-tenista"],"yoast_head":"<!-- This site is optimized with the Yoast SEO plugin v27.5 - https:\/\/yoast.com\/product\/yoast-seo-wordpress\/ -->\n<title>Com 15 anos, Nan\u00e1 Silva estreia no SP Open com vit\u00f3ria e muitos aplausos - CidadeMarketing<\/title>\n<meta name=\"robots\" content=\"index, follow, max-snippet:-1, max-image-preview:large, max-video-preview:-1\" \/>\n<link rel=\"canonical\" href=\"https:\/\/www.cidademarketing.com.br\/marketing\/2025\/09\/08\/com-15-anos-nana-silva-estreia-no-sp-open-com-vitoria-e-muitos-aplausos\/\" \/>\n<meta property=\"og:locale\" content=\"pt_BR\" \/>\n<meta property=\"og:type\" content=\"article\" \/>\n<meta property=\"og:title\" content=\"Com 15 anos, Nan\u00e1 Silva estreia no SP Open com vit\u00f3ria e muitos aplausos - CidadeMarketing\" \/>\n<meta property=\"og:description\" content=\"A jovem tenista brasileira Nauhany Silva, a Nan\u00e1 Silva, de apenas 15 anos, fez sua estreia de forma marcante no SP Open 2025, nesta segunda-feira (8), em S\u00e3o Paulo. Diante da experiente tenista Carol Meligeni Alves, atual n\u00famero 237 do ranking da WTA, Nan\u00e1 conquistou uma virada emocionante, arrancando aplausos de p\u00e9 do p\u00fablico presente [&hellip;]\" \/>\n<meta property=\"og:url\" content=\"https:\/\/www.cidademarketing.com.br\/marketing\/2025\/09\/08\/com-15-anos-nana-silva-estreia-no-sp-open-com-vitoria-e-muitos-aplausos\/\" \/>\n<meta property=\"og:site_name\" content=\"CidadeMarketing\" \/>\n<meta property=\"article:publisher\" content=\"https:\/\/www.facebook.com\/portalcidademarketing\" \/>\n<meta property=\"article:author\" content=\"https:\/\/www.facebook.com\/thalesbrandao\" \/>\n<meta property=\"article:published_time\" content=\"2025-09-08T20:54:32+00:00\" \/>\n<meta property=\"article:modified_time\" content=\"2025-09-08T20:58:24+00:00\" \/>\n<meta property=\"og:image\" content=\"https:\/\/www.cidademarketing.com.br\/marketing\/wp-content\/uploads\/2025\/09\/nana_tenista_brasil_spopen-1.webp\" \/>\n\t<meta property=\"og:image:width\" content=\"1000\" \/>\n\t<meta property=\"og:image:height\" content=\"667\" \/>\n\t<meta property=\"og:image:type\" content=\"image\/webp\" \/>\n<meta name=\"author\" content=\"Thales Brand\u00e3o\" \/>\n<meta name=\"twitter:card\" content=\"summary_large_image\" \/>\n<meta name=\"twitter:creator\" content=\"@http:\/\/www.twitter.com\/thalesbrandao\" \/>\n<meta name=\"twitter:site\" content=\"@CidadeMarketing\" \/>\n<meta name=\"twitter:label1\" content=\"Escrito por\" \/>\n\t<meta name=\"twitter:data1\" content=\"Thales Brand\u00e3o\" \/>\n\t<meta name=\"twitter:label2\" content=\"Est. tempo de leitura\" \/>\n\t<meta name=\"twitter:data2\" content=\"2 minutos\" \/>\n<script type=\"application\/ld+json\" class=\"yoast-schema-graph\">{\"@context\":\"https:\\\/\\\/schema.org\",\"@graph\":[{\"@type\":\"Article\",\"@id\":\"https:\\\/\\\/www.cidademarketing.com.br\\\/marketing\\\/2025\\\/09\\\/08\\\/com-15-anos-nana-silva-estreia-no-sp-open-com-vitoria-e-muitos-aplausos\\\/#article\",\"isPartOf\":{\"@id\":\"https:\\\/\\\/www.cidademarketing.com.br\\\/marketing\\\/2025\\\/09\\\/08\\\/com-15-anos-nana-silva-estreia-no-sp-open-com-vitoria-e-muitos-aplausos\\\/\"},\"author\":{\"name\":\"Thales Brand\u00e3o\",\"@id\":\"https:\\\/\\\/www.cidademarketing.com.br\\\/marketing\\\/#\\\/schema\\\/person\\\/02daff9f18bd9378c9e01eb6b2db155f\"},\"headline\":\"Com 15 anos, Nan\u00e1 Silva estreia no SP Open com vit\u00f3ria e muitos aplausos\",\"datePublished\":\"2025-09-08T20:54:32+00:00\",\"dateModified\":\"2025-09-08T20:58:24+00:00\",\"mainEntityOfPage\":{\"@id\":\"https:\\\/\\\/www.cidademarketing.com.br\\\/marketing\\\/2025\\\/09\\\/08\\\/com-15-anos-nana-silva-estreia-no-sp-open-com-vitoria-e-muitos-aplausos\\\/\"},\"wordCount\":275,\"commentCount\":0,\"publisher\":{\"@id\":\"https:\\\/\\\/www.cidademarketing.com.br\\\/marketing\\\/#organization\"},\"image\":{\"@id\":\"https:\\\/\\\/www.cidademarketing.com.br\\\/marketing\\\/2025\\\/09\\\/08\\\/com-15-anos-nana-silva-estreia-no-sp-open-com-vitoria-e-muitos-aplausos\\\/#primaryimage\"},\"thumbnailUrl\":\"https:\\\/\\\/www.cidademarketing.com.br\\\/marketing\\\/wp-content\\\/uploads\\\/2025\\\/09\\\/nana_tenista_brasil_spopen-1.webp\",\"keywords\":[\"Carol Meligeni Alves\",\"estrat\u00e9gia\",\"marketing\",\"Nan\u00e1 Silva\",\"Nauhany Silva\",\"Parque Villa-Lobos\",\"SP Open\",\"SP Open 2025\",\"tenista\"],\"articleSection\":[\"Not\u00edcias\"],\"inLanguage\":\"pt-BR\",\"potentialAction\":[{\"@type\":\"CommentAction\",\"name\":\"Comment\",\"target\":[\"https:\\\/\\\/www.cidademarketing.com.br\\\/marketing\\\/2025\\\/09\\\/08\\\/com-15-anos-nana-silva-estreia-no-sp-open-com-vitoria-e-muitos-aplausos\\\/#respond\"]}]},{\"@type\":\"WebPage\",\"@id\":\"https:\\\/\\\/www.cidademarketing.com.br\\\/marketing\\\/2025\\\/09\\\/08\\\/com-15-anos-nana-silva-estreia-no-sp-open-com-vitoria-e-muitos-aplausos\\\/\",\"url\":\"https:\\\/\\\/www.cidademarketing.com.br\\\/marketing\\\/2025\\\/09\\\/08\\\/com-15-anos-nana-silva-estreia-no-sp-open-com-vitoria-e-muitos-aplausos\\\/\",\"name\":\"Com 15 anos, Nan\u00e1 Silva estreia no SP Open com vit\u00f3ria e muitos aplausos - CidadeMarketing\",\"isPartOf\":{\"@id\":\"https:\\\/\\\/www.cidademarketing.com.br\\\/marketing\\\/#website\"},\"primaryImageOfPage\":{\"@id\":\"https:\\\/\\\/www.cidademarketing.com.br\\\/marketing\\\/2025\\\/09\\\/08\\\/com-15-anos-nana-silva-estreia-no-sp-open-com-vitoria-e-muitos-aplausos\\\/#primaryimage\"},\"image\":{\"@id\":\"https:\\\/\\\/www.cidademarketing.com.br\\\/marketing\\\/2025\\\/09\\\/08\\\/com-15-anos-nana-silva-estreia-no-sp-open-com-vitoria-e-muitos-aplausos\\\/#primaryimage\"},\"thumbnailUrl\":\"https:\\\/\\\/www.cidademarketing.com.br\\\/marketing\\\/wp-content\\\/uploads\\\/2025\\\/09\\\/nana_tenista_brasil_spopen-1.webp\",\"datePublished\":\"2025-09-08T20:54:32+00:00\",\"dateModified\":\"2025-09-08T20:58:24+00:00\",\"breadcrumb\":{\"@id\":\"https:\\\/\\\/www.cidademarketing.com.br\\\/marketing\\\/2025\\\/09\\\/08\\\/com-15-anos-nana-silva-estreia-no-sp-open-com-vitoria-e-muitos-aplausos\\\/#breadcrumb\"},\"inLanguage\":\"pt-BR\",\"potentialAction\":[{\"@type\":\"ReadAction\",\"target\":[\"https:\\\/\\\/www.cidademarketing.com.br\\\/marketing\\\/2025\\\/09\\\/08\\\/com-15-anos-nana-silva-estreia-no-sp-open-com-vitoria-e-muitos-aplausos\\\/\"]}]},{\"@type\":\"ImageObject\",\"inLanguage\":\"pt-BR\",\"@id\":\"https:\\\/\\\/www.cidademarketing.com.br\\\/marketing\\\/2025\\\/09\\\/08\\\/com-15-anos-nana-silva-estreia-no-sp-open-com-vitoria-e-muitos-aplausos\\\/#primaryimage\",\"url\":\"https:\\\/\\\/www.cidademarketing.com.br\\\/marketing\\\/wp-content\\\/uploads\\\/2025\\\/09\\\/nana_tenista_brasil_spopen-1.webp\",\"contentUrl\":\"https:\\\/\\\/www.cidademarketing.com.br\\\/marketing\\\/wp-content\\\/uploads\\\/2025\\\/09\\\/nana_tenista_brasil_spopen-1.webp\",\"width\":1000,\"height\":667,\"caption\":\"FotoJump\\\/SP Open\"},{\"@type\":\"BreadcrumbList\",\"@id\":\"https:\\\/\\\/www.cidademarketing.com.br\\\/marketing\\\/2025\\\/09\\\/08\\\/com-15-anos-nana-silva-estreia-no-sp-open-com-vitoria-e-muitos-aplausos\\\/#breadcrumb\",\"itemListElement\":[{\"@type\":\"ListItem\",\"position\":1,\"name\":\"In\u00edcio\",\"item\":\"https:\\\/\\\/www.cidademarketing.com.br\\\/marketing\\\/\"},{\"@type\":\"ListItem\",\"position\":2,\"name\":\"Com 15 anos, Nan\u00e1 Silva estreia no SP Open com vit\u00f3ria e muitos aplausos\"}]},{\"@type\":\"WebSite\",\"@id\":\"https:\\\/\\\/www.cidademarketing.com.br\\\/marketing\\\/#website\",\"url\":\"https:\\\/\\\/www.cidademarketing.com.br\\\/marketing\\\/\",\"name\":\"CidadeMarketing\",\"description\":\"Somos um ve\u00edculo de comunica\u00e7\u00e3o de destaque no Brasil, reconhecido por conte\u00fados nos segmentos de marketing, empreendedorismo e inova\u00e7\u00e3o.\",\"publisher\":{\"@id\":\"https:\\\/\\\/www.cidademarketing.com.br\\\/marketing\\\/#organization\"},\"alternateName\":\"CidadeMarketing\",\"potentialAction\":[{\"@type\":\"SearchAction\",\"target\":{\"@type\":\"EntryPoint\",\"urlTemplate\":\"https:\\\/\\\/www.cidademarketing.com.br\\\/marketing\\\/?s={search_term_string}\"},\"query-input\":{\"@type\":\"PropertyValueSpecification\",\"valueRequired\":true,\"valueName\":\"search_term_string\"}}],\"inLanguage\":\"pt-BR\"},{\"@type\":\"Organization\",\"@id\":\"https:\\\/\\\/www.cidademarketing.com.br\\\/marketing\\\/#organization\",\"name\":\"CidadeMarketing\",\"alternateName\":\"CidadeMarketing\",\"url\":\"https:\\\/\\\/www.cidademarketing.com.br\\\/marketing\\\/\",\"logo\":{\"@type\":\"ImageObject\",\"inLanguage\":\"pt-BR\",\"@id\":\"https:\\\/\\\/www.cidademarketing.com.br\\\/marketing\\\/#\\\/schema\\\/logo\\\/image\\\/\",\"url\":\"https:\\\/\\\/www.cidademarketing.com.br\\\/marketing\\\/wp-content\\\/uploads\\\/2020\\\/01\\\/cidademarketing_marca_mobile.png\",\"contentUrl\":\"https:\\\/\\\/www.cidademarketing.com.br\\\/marketing\\\/wp-content\\\/uploads\\\/2020\\\/01\\\/cidademarketing_marca_mobile.png\",\"width\":230,\"height\":92,\"caption\":\"CidadeMarketing\"},\"image\":{\"@id\":\"https:\\\/\\\/www.cidademarketing.com.br\\\/marketing\\\/#\\\/schema\\\/logo\\\/image\\\/\"},\"sameAs\":[\"https:\\\/\\\/www.facebook.com\\\/portalcidademarketing\",\"https:\\\/\\\/x.com\\\/CidadeMarketing\",\"https:\\\/\\\/www.instagram.com\\\/cidademarketing\\\/\"]},{\"@type\":\"Person\",\"@id\":\"https:\\\/\\\/www.cidademarketing.com.br\\\/marketing\\\/#\\\/schema\\\/person\\\/02daff9f18bd9378c9e01eb6b2db155f\",\"name\":\"Thales Brand\u00e3o\",\"image\":{\"@type\":\"ImageObject\",\"inLanguage\":\"pt-BR\",\"@id\":\"https:\\\/\\\/secure.gravatar.com\\\/avatar\\\/7ca3206950207cc3cb48feec56a8a7898741ab725c368d99d5d7a5a50aab80c6?s=96&d=mm&r=g\",\"url\":\"https:\\\/\\\/secure.gravatar.com\\\/avatar\\\/7ca3206950207cc3cb48feec56a8a7898741ab725c368d99d5d7a5a50aab80c6?s=96&d=mm&r=g\",\"contentUrl\":\"https:\\\/\\\/secure.gravatar.com\\\/avatar\\\/7ca3206950207cc3cb48feec56a8a7898741ab725c368d99d5d7a5a50aab80c6?s=96&d=mm&r=g\",\"caption\":\"Thales Brand\u00e3o\"},\"description\":\"Editor Executivo do Portal CidadeMarketing.com.br &gt; Mestre em Comunica\u00e7\u00e3o e Sociedade pela Universidade Federal de Sergipe. Possui MBA Executivo em Administra\u00e7\u00e3o com \u00eanfase em Marketing pela Funda\u00e7\u00e3o Get\u00falio Vargas - Rio de Janeiro. Consultor, Palestrante e Pesquisador sobre Empreendedorismo, Marketing, Redes Sociais e Neg\u00f3cios Digitais. Professor, Palestrante TedxTalks e Campus Party. Twitter: @ThalesBrandao\",\"sameAs\":[\"http:\\\/\\\/www.mandacaru.com.br\",\"https:\\\/\\\/www.facebook.com\\\/thalesbrandao\",\"http:\\\/\\\/www.instagram.com.br\\\/thalesbrandaoferreira\",\"https:\\\/\\\/www.linkedin.com\\\/in\\\/thales-brand\u00e3o-3948609\\\/\",\"https:\\\/\\\/x.com\\\/http:\\\/\\\/www.twitter.com\\\/thalesbrandao\"],\"url\":\"https:\\\/\\\/www.cidademarketing.com.br\\\/marketing\\\/author\\\/thalesbrandao\\\/\"}]}<\/script>\n<!-- \/ Yoast SEO plugin. -->","yoast_head_json":{"title":"Com 15 anos, Nan\u00e1 Silva estreia no SP Open com vit\u00f3ria e muitos aplausos - CidadeMarketing","robots":{"index":"index","follow":"follow","max-snippet":"max-snippet:-1","max-image-preview":"max-image-preview:large","max-video-preview":"max-video-preview:-1"},"canonical":"https:\/\/www.cidademarketing.com.br\/marketing\/2025\/09\/08\/com-15-anos-nana-silva-estreia-no-sp-open-com-vitoria-e-muitos-aplausos\/","og_locale":"pt_BR","og_type":"article","og_title":"Com 15 anos, Nan\u00e1 Silva estreia no SP Open com vit\u00f3ria e muitos aplausos - CidadeMarketing","og_description":"A jovem tenista brasileira Nauhany Silva, a Nan\u00e1 Silva, de apenas 15 anos, fez sua estreia de forma marcante no SP Open 2025, nesta segunda-feira (8), em S\u00e3o Paulo. Diante da experiente tenista Carol Meligeni Alves, atual n\u00famero 237 do ranking da WTA, Nan\u00e1 conquistou uma virada emocionante, arrancando aplausos de p\u00e9 do p\u00fablico presente [&hellip;]","og_url":"https:\/\/www.cidademarketing.com.br\/marketing\/2025\/09\/08\/com-15-anos-nana-silva-estreia-no-sp-open-com-vitoria-e-muitos-aplausos\/","og_site_name":"CidadeMarketing","article_publisher":"https:\/\/www.facebook.com\/portalcidademarketing","article_author":"https:\/\/www.facebook.com\/thalesbrandao","article_published_time":"2025-09-08T20:54:32+00:00","article_modified_time":"2025-09-08T20:58:24+00:00","og_image":[{"width":1000,"height":667,"url":"https:\/\/www.cidademarketing.com.br\/marketing\/wp-content\/uploads\/2025\/09\/nana_tenista_brasil_spopen-1.webp","type":"image\/webp"}],"author":"Thales Brand\u00e3o","twitter_card":"summary_large_image","twitter_creator":"@http:\/\/www.twitter.com\/thalesbrandao","twitter_site":"@CidadeMarketing","twitter_misc":{"Escrito por":"Thales Brand\u00e3o","Est. tempo de leitura":"2 minutos"},"schema":{"@context":"https:\/\/schema.org","@graph":[{"@type":"Article","@id":"https:\/\/www.cidademarketing.com.br\/marketing\/2025\/09\/08\/com-15-anos-nana-silva-estreia-no-sp-open-com-vitoria-e-muitos-aplausos\/#article","isPartOf":{"@id":"https:\/\/www.cidademarketing.com.br\/marketing\/2025\/09\/08\/com-15-anos-nana-silva-estreia-no-sp-open-com-vitoria-e-muitos-aplausos\/"},"author":{"name":"Thales Brand\u00e3o","@id":"https:\/\/www.cidademarketing.com.br\/marketing\/#\/schema\/person\/02daff9f18bd9378c9e01eb6b2db155f"},"headline":"Com 15 anos, Nan\u00e1 Silva estreia no SP Open com vit\u00f3ria e muitos aplausos","datePublished":"2025-09-08T20:54:32+00:00","dateModified":"2025-09-08T20:58:24+00:00","mainEntityOfPage":{"@id":"https:\/\/www.cidademarketing.com.br\/marketing\/2025\/09\/08\/com-15-anos-nana-silva-estreia-no-sp-open-com-vitoria-e-muitos-aplausos\/"},"wordCount":275,"commentCount":0,"publisher":{"@id":"https:\/\/www.cidademarketing.com.br\/marketing\/#organization"},"image":{"@id":"https:\/\/www.cidademarketing.com.br\/marketing\/2025\/09\/08\/com-15-anos-nana-silva-estreia-no-sp-open-com-vitoria-e-muitos-aplausos\/#primaryimage"},"thumbnailUrl":"https:\/\/www.cidademarketing.com.br\/marketing\/wp-content\/uploads\/2025\/09\/nana_tenista_brasil_spopen-1.webp","keywords":["Carol Meligeni Alves","estrat\u00e9gia","marketing","Nan\u00e1 Silva","Nauhany Silva","Parque Villa-Lobos","SP Open","SP Open 2025","tenista"],"articleSection":["Not\u00edcias"],"inLanguage":"pt-BR","potentialAction":[{"@type":"CommentAction","name":"Comment","target":["https:\/\/www.cidademarketing.com.br\/marketing\/2025\/09\/08\/com-15-anos-nana-silva-estreia-no-sp-open-com-vitoria-e-muitos-aplausos\/#respond"]}]},{"@type":"WebPage","@id":"https:\/\/www.cidademarketing.com.br\/marketing\/2025\/09\/08\/com-15-anos-nana-silva-estreia-no-sp-open-com-vitoria-e-muitos-aplausos\/","url":"https:\/\/www.cidademarketing.com.br\/marketing\/2025\/09\/08\/com-15-anos-nana-silva-estreia-no-sp-open-com-vitoria-e-muitos-aplausos\/","name":"Com 15 anos, Nan\u00e1 Silva estreia no SP Open com vit\u00f3ria e muitos aplausos - CidadeMarketing","isPartOf":{"@id":"https:\/\/www.cidademarketing.com.br\/marketing\/#website"},"primaryImageOfPage":{"@id":"https:\/\/www.cidademarketing.com.br\/marketing\/2025\/09\/08\/com-15-anos-nana-silva-estreia-no-sp-open-com-vitoria-e-muitos-aplausos\/#primaryimage"},"image":{"@id":"https:\/\/www.cidademarketing.com.br\/marketing\/2025\/09\/08\/com-15-anos-nana-silva-estreia-no-sp-open-com-vitoria-e-muitos-aplausos\/#primaryimage"},"thumbnailUrl":"https:\/\/www.cidademarketing.com.br\/marketing\/wp-content\/uploads\/2025\/09\/nana_tenista_brasil_spopen-1.webp","datePublished":"2025-09-08T20:54:32+00:00","dateModified":"2025-09-08T20:58:24+00:00","breadcrumb":{"@id":"https:\/\/www.cidademarketing.com.br\/marketing\/2025\/09\/08\/com-15-anos-nana-silva-estreia-no-sp-open-com-vitoria-e-muitos-aplausos\/#breadcrumb"},"inLanguage":"pt-BR","potentialAction":[{"@type":"ReadAction","target":["https:\/\/www.cidademarketing.com.br\/marketing\/2025\/09\/08\/com-15-anos-nana-silva-estreia-no-sp-open-com-vitoria-e-muitos-aplausos\/"]}]},{"@type":"ImageObject","inLanguage":"pt-BR","@id":"https:\/\/www.cidademarketing.com.br\/marketing\/2025\/09\/08\/com-15-anos-nana-silva-estreia-no-sp-open-com-vitoria-e-muitos-aplausos\/#primaryimage","url":"https:\/\/www.cidademarketing.com.br\/marketing\/wp-content\/uploads\/2025\/09\/nana_tenista_brasil_spopen-1.webp","contentUrl":"https:\/\/www.cidademarketing.com.br\/marketing\/wp-content\/uploads\/2025\/09\/nana_tenista_brasil_spopen-1.webp","width":1000,"height":667,"caption":"FotoJump\/SP Open"},{"@type":"BreadcrumbList","@id":"https:\/\/www.cidademarketing.com.br\/marketing\/2025\/09\/08\/com-15-anos-nana-silva-estreia-no-sp-open-com-vitoria-e-muitos-aplausos\/#breadcrumb","itemListElement":[{"@type":"ListItem","position":1,"name":"In\u00edcio","item":"https:\/\/www.cidademarketing.com.br\/marketing\/"},{"@type":"ListItem","position":2,"name":"Com 15 anos, Nan\u00e1 Silva estreia no SP Open com vit\u00f3ria e muitos aplausos"}]},{"@type":"WebSite","@id":"https:\/\/www.cidademarketing.com.br\/marketing\/#website","url":"https:\/\/www.cidademarketing.com.br\/marketing\/","name":"CidadeMarketing","description":"Somos um ve\u00edculo de comunica\u00e7\u00e3o de destaque no Brasil, reconhecido por conte\u00fados nos segmentos de marketing, empreendedorismo e inova\u00e7\u00e3o.","publisher":{"@id":"https:\/\/www.cidademarketing.com.br\/marketing\/#organization"},"alternateName":"CidadeMarketing","potentialAction":[{"@type":"SearchAction","target":{"@type":"EntryPoint","urlTemplate":"https:\/\/www.cidademarketing.com.br\/marketing\/?s={search_term_string}"},"query-input":{"@type":"PropertyValueSpecification","valueRequired":true,"valueName":"search_term_string"}}],"inLanguage":"pt-BR"},{"@type":"Organization","@id":"https:\/\/www.cidademarketing.com.br\/marketing\/#organization","name":"CidadeMarketing","alternateName":"CidadeMarketing","url":"https:\/\/www.cidademarketing.com.br\/marketing\/","logo":{"@type":"ImageObject","inLanguage":"pt-BR","@id":"https:\/\/www.cidademarketing.com.br\/marketing\/#\/schema\/logo\/image\/","url":"https:\/\/www.cidademarketing.com.br\/marketing\/wp-content\/uploads\/2020\/01\/cidademarketing_marca_mobile.png","contentUrl":"https:\/\/www.cidademarketing.com.br\/marketing\/wp-content\/uploads\/2020\/01\/cidademarketing_marca_mobile.png","width":230,"height":92,"caption":"CidadeMarketing"},"image":{"@id":"https:\/\/www.cidademarketing.com.br\/marketing\/#\/schema\/logo\/image\/"},"sameAs":["https:\/\/www.facebook.com\/portalcidademarketing","https:\/\/x.com\/CidadeMarketing","https:\/\/www.instagram.com\/cidademarketing\/"]},{"@type":"Person","@id":"https:\/\/www.cidademarketing.com.br\/marketing\/#\/schema\/person\/02daff9f18bd9378c9e01eb6b2db155f","name":"Thales Brand\u00e3o","image":{"@type":"ImageObject","inLanguage":"pt-BR","@id":"https:\/\/secure.gravatar.com\/avatar\/7ca3206950207cc3cb48feec56a8a7898741ab725c368d99d5d7a5a50aab80c6?s=96&d=mm&r=g","url":"https:\/\/secure.gravatar.com\/avatar\/7ca3206950207cc3cb48feec56a8a7898741ab725c368d99d5d7a5a50aab80c6?s=96&d=mm&r=g","contentUrl":"https:\/\/secure.gravatar.com\/avatar\/7ca3206950207cc3cb48feec56a8a7898741ab725c368d99d5d7a5a50aab80c6?s=96&d=mm&r=g","caption":"Thales Brand\u00e3o"},"description":"Editor Executivo do Portal CidadeMarketing.com.br &gt; Mestre em Comunica\u00e7\u00e3o e Sociedade pela Universidade Federal de Sergipe. Possui MBA Executivo em Administra\u00e7\u00e3o com \u00eanfase em Marketing pela Funda\u00e7\u00e3o Get\u00falio Vargas - Rio de Janeiro. Consultor, Palestrante e Pesquisador sobre Empreendedorismo, Marketing, Redes Sociais e Neg\u00f3cios Digitais. Professor, Palestrante TedxTalks e Campus Party. Twitter: @ThalesBrandao","sameAs":["http:\/\/www.mandacaru.com.br","https:\/\/www.facebook.com\/thalesbrandao","http:\/\/www.instagram.com.br\/thalesbrandaoferreira","https:\/\/www.linkedin.com\/in\/thales-brand\u00e3o-3948609\/","https:\/\/x.com\/http:\/\/www.twitter.com\/thalesbrandao"],"url":"https:\/\/www.cidademarketing.com.br\/marketing\/author\/thalesbrandao\/"}]}},"amp_enabled":true,"_links":{"self":[{"href":"https:\/\/www.cidademarketing.com.br\/marketing\/wp-json\/wp\/v2\/posts\/57542","targetHints":{"allow":["GET"]}}],"collection":[{"href":"https:\/\/www.cidademarketing.com.br\/marketing\/wp-json\/wp\/v2\/posts"}],"about":[{"href":"https:\/\/www.cidademarketing.com.br\/marketing\/wp-json\/wp\/v2\/types\/post"}],"author":[{"embeddable":true,"href":"https:\/\/www.cidademarketing.com.br\/marketing\/wp-json\/wp\/v2\/users\/1"}],"replies":[{"embeddable":true,"href":"https:\/\/www.cidademarketing.com.br\/marketing\/wp-json\/wp\/v2\/comments?post=57542"}],"version-history":[{"count":1,"href":"https:\/\/www.cidademarketing.com.br\/marketing\/wp-json\/wp\/v2\/posts\/57542\/revisions"}],"predecessor-version":[{"id":57544,"href":"https:\/\/www.cidademarketing.com.br\/marketing\/wp-json\/wp\/v2\/posts\/57542\/revisions\/57544"}],"wp:featuredmedia":[{"embeddable":true,"href":"https:\/\/www.cidademarketing.com.br\/marketing\/wp-json\/wp\/v2\/media\/57545"}],"wp:attachment":[{"href":"https:\/\/www.cidademarketing.com.br\/marketing\/wp-json\/wp\/v2\/media?parent=57542"}],"wp:term":[{"taxonomy":"category","embeddable":true,"href":"https:\/\/www.cidademarketing.com.br\/marketing\/wp-json\/wp\/v2\/categories?post=57542"},{"taxonomy":"post_tag","embeddable":true,"href":"https:\/\/www.cidademarketing.com.br\/marketing\/wp-json\/wp\/v2\/tags?post=57542"}],"curies":[{"name":"wp","href":"https:\/\/api.w.org\/{rel}","templated":true}]}}