{"id":57534,"date":"2025-09-06T23:04:21","date_gmt":"2025-09-07T02:04:21","guid":{"rendered":"https:\/\/www.cidademarketing.com.br\/marketing\/?p=57534"},"modified":"2025-09-06T23:04:21","modified_gmt":"2025-09-07T02:04:21","slug":"bia-haddad-fara-treino-aberto-na-quadra-central-do-sp-open-neste-domingo-7","status":"publish","type":"post","link":"https:\/\/www.cidademarketing.com.br\/marketing\/2025\/09\/06\/bia-haddad-fara-treino-aberto-na-quadra-central-do-sp-open-neste-domingo-7\/","title":{"rendered":"Bia Haddad far\u00e1 treino aberto na quadra central do SP Open neste domingo, 7"},"content":{"rendered":"<p>O p\u00fablico que comparecer ao qualifying do SP Open neste domingo, 7 de setembro, ter\u00e1 a oportunidade de acompanhar de perto a principal estrela do t\u00eanis brasileiro. Beatriz Haddad Maia, n\u00famero 1 do Brasil e favorita do torneio, realizar\u00e1 um treino aberto na quadra central Maria Esther Bueno, \u00e0s 18h, ao lado da compatriota Carolina Meligeni.<\/p>\n<p>Os ingressos gratuitos para o qualifying ainda est\u00e3o dispon\u00edveis no site <a href=\"http:\/\/eventim.com.br\/spopenqualifying\" target=\"_blank\" rel=\"noopener\">eventim.com.br\/spopenqualifying<\/a><\/p>\n<p>O sorteio da chave principal, realizado neste s\u00e1bado no Ace Club, confirmou o primeiro duelo 100% brasileiro da competi\u00e7\u00e3o. Carolina Meligeni enfrentar\u00e1 logo na estreia a tamb\u00e9m paulista Nauhany Silva (Nan\u00e1).\u00a0 J\u00e1 Bia Haddad Maia, principal favorita, ter\u00e1 pela frente uma advers\u00e1ria vinda do qualifying. Outras cabe\u00e7as de chave, como a filipina Alexandra Eala e a australiana Ajla Tomljanovic, tamb\u00e9m estrear\u00e3o contra jogadoras classificadas na fase preliminar.<\/p>\n<p>A filipina Alexandra Eala conquistou neste s\u00e1bado o t\u00edtulo do WTA 125 de Guadalajara, no M\u00e9xico, disputado em quadras duras e com premia\u00e7\u00e3o total de US$ 115 mil.\u00a0 A argentina Solana Sierra, segunda melhor ranqueada do torneio, abrir\u00e1 sua campanha diante da holandesa Arianne Hartono.<\/p>\n<p>A medalhista ol\u00edmpica Laura Pigossi encara na estreia a americana Elizabeth Mandlik, filha da ex-campe\u00e3 de Grand Slam Hana Mandlikova. Caso avance, Pigossi poder\u00e1 protagonizar um aguardado confronto brasileiro contra Bia Haddad Maia na segunda rodada.<\/p>\n<p>Na nova gera\u00e7\u00e3o, Victoria Barros enfrenta a americana Whitney Osuigwe, enquanto Luiza Fullana ter\u00e1 um duro desafio diante da mexicana Renata Zarazua, cabe\u00e7a 5 e destaque no recente US Open. Outra convidada da organiza\u00e7\u00e3o, Ana Candiotto, estreia contra a ucraniana Valeriya Strakhova.<\/p>\n<p>Durante a cerim\u00f4nia de abertura no Parque Villa-Lobos, a quadra central recebeu oficialmente o nome de Maria Esther Bueno, maior tenista brasileira de todos os tempos.<\/p>\n<figure id=\"attachment_57536\" aria-describedby=\"caption-attachment-57536\" style=\"width: 1000px\" class=\"wp-caption alignnone\"><img fetchpriority=\"high\" decoding=\"async\" class=\"wp-image-57536 size-full\" src=\"https:\/\/www.cidademarketing.com.br\/marketing\/wp-content\/uploads\/2025\/09\/maria_esther_bueno.webp\" alt=\"O torneio ser\u00e1 disputado entre os dias 6 e 14 de setembro, em um complexo montado no Parque Villa-Lobos, na Zona Oeste de S\u00e3o Paulo.\" width=\"1000\" height=\"666\" srcset=\"https:\/\/www.cidademarketing.com.br\/marketing\/wp-content\/uploads\/2025\/09\/maria_esther_bueno.webp 1000w, https:\/\/www.cidademarketing.com.br\/marketing\/wp-content\/uploads\/2025\/09\/maria_esther_bueno-300x200.webp 300w, https:\/\/www.cidademarketing.com.br\/marketing\/wp-content\/uploads\/2025\/09\/maria_esther_bueno-768x511.webp 768w, https:\/\/www.cidademarketing.com.br\/marketing\/wp-content\/uploads\/2025\/09\/maria_esther_bueno-631x420.webp 631w, https:\/\/www.cidademarketing.com.br\/marketing\/wp-content\/uploads\/2025\/09\/maria_esther_bueno-640x426.webp 640w, https:\/\/www.cidademarketing.com.br\/marketing\/wp-content\/uploads\/2025\/09\/maria_esther_bueno-681x454.webp 681w\" sizes=\"(max-width: 1000px) 100vw, 1000px\" \/><figcaption id=\"caption-attachment-57536\" class=\"wp-caption-text\">Maria Esther Bueno (Divulga\u00e7\u00e3o\/Fotojump)<\/figcaption><\/figure>\n<p>A homenagem foi conduzida por Teliana Pereira, ex-tenista e dona de dois t\u00edtulos WTA, e contou com a presen\u00e7a dos sobrinhos da homenageada, Andr\u00e9 e Pedro Bueno.<\/p>\n<p>\u201cEstamos homenageando e recolocando o t\u00eanis feminino no lugar de protagonismo que ele merece dentro do esporte nacional\u201d, afirmou Pedro.<br \/>\n\u201c\u00c9 um incentivo para as novas jogadoras que est\u00e3o come\u00e7ando\u201d, completou Andr\u00e9.<\/p>\n<p>O SP Open marca o retorno de um torneio WTA 250 ao Brasil ap\u00f3s nove anos, e pela primeira vez em 25 anos a cidade de S\u00e3o Paulo volta a sediar uma competi\u00e7\u00e3o desse porte. Para Carol Meligeni, participar desse momento \u00e9 motivo de orgulho:<\/p>\n<p>\u201cCome\u00e7ar participando da cerim\u00f4nia de sorteio desse torneio t\u00e3o esperado por todas n\u00f3s \u00e9 muito especial. \u00c9 uma oportunidade para o p\u00fablico e para n\u00f3s, jogadoras, que temos esse contato com as mais jovens\u201d, destacou a tenista.<\/p>\n","protected":false},"excerpt":{"rendered":"<p>O p\u00fablico que comparecer ao qualifying do SP Open neste domingo, 7 de setembro, ter\u00e1 a oportunidade de acompanhar de perto a principal estrela do t\u00eanis brasileiro. Beatriz Haddad Maia, n\u00famero 1 do Brasil e favorita do torneio, realizar\u00e1 um treino aberto na quadra central Maria Esther Bueno, \u00e0s 18h, ao lado da compatriota Carolina [&hellip;]<\/p>\n","protected":false},"author":1,"featured_media":57535,"comment_status":"open","ping_status":"open","sticky":false,"template":"","format":"standard","meta":{"tdm_status":"","tdm_grid_status":"","footnotes":""},"categories":[6],"tags":[6098,8989,33,9789,28,656,1200,9222,9420,1448],"class_list":["post-57534","post","type-post","status-publish","format-standard","has-post-thumbnail","hentry","category-noticias","tag-bia-haddad","tag-eala","tag-estrategia","tag-maria-esther-bueno","tag-marketing","tag-sao-paulo","tag-sp","tag-sp-open","tag-sp-open-2025","tag-tenis"],"yoast_head":"<!-- This site is optimized with the Yoast SEO plugin v27.5 - https:\/\/yoast.com\/product\/yoast-seo-wordpress\/ -->\n<title>Bia Haddad far\u00e1 treino aberto na quadra central do SP Open neste domingo, 7 - CidadeMarketing<\/title>\n<meta name=\"robots\" content=\"index, follow, max-snippet:-1, max-image-preview:large, max-video-preview:-1\" \/>\n<link rel=\"canonical\" href=\"https:\/\/www.cidademarketing.com.br\/marketing\/2025\/09\/06\/bia-haddad-fara-treino-aberto-na-quadra-central-do-sp-open-neste-domingo-7\/\" \/>\n<meta property=\"og:locale\" content=\"pt_BR\" \/>\n<meta property=\"og:type\" content=\"article\" \/>\n<meta property=\"og:title\" content=\"Bia Haddad far\u00e1 treino aberto na quadra central do SP Open neste domingo, 7 - CidadeMarketing\" \/>\n<meta property=\"og:description\" content=\"O p\u00fablico que comparecer ao qualifying do SP Open neste domingo, 7 de setembro, ter\u00e1 a oportunidade de acompanhar de perto a principal estrela do t\u00eanis brasileiro. Beatriz Haddad Maia, n\u00famero 1 do Brasil e favorita do torneio, realizar\u00e1 um treino aberto na quadra central Maria Esther Bueno, \u00e0s 18h, ao lado da compatriota Carolina [&hellip;]\" \/>\n<meta property=\"og:url\" content=\"https:\/\/www.cidademarketing.com.br\/marketing\/2025\/09\/06\/bia-haddad-fara-treino-aberto-na-quadra-central-do-sp-open-neste-domingo-7\/\" \/>\n<meta property=\"og:site_name\" content=\"CidadeMarketing\" \/>\n<meta property=\"article:publisher\" content=\"https:\/\/www.facebook.com\/portalcidademarketing\" \/>\n<meta property=\"article:author\" content=\"https:\/\/www.facebook.com\/thalesbrandao\" \/>\n<meta property=\"article:published_time\" content=\"2025-09-07T02:04:21+00:00\" \/>\n<meta property=\"og:image\" content=\"https:\/\/www.cidademarketing.com.br\/marketing\/wp-content\/uploads\/2025\/09\/bia_haddad_sp_open_ingressos_.webp\" \/>\n\t<meta property=\"og:image:width\" content=\"1000\" \/>\n\t<meta property=\"og:image:height\" content=\"666\" \/>\n\t<meta property=\"og:image:type\" content=\"image\/webp\" \/>\n<meta name=\"author\" content=\"Thales Brand\u00e3o\" \/>\n<meta name=\"twitter:card\" content=\"summary_large_image\" \/>\n<meta name=\"twitter:creator\" content=\"@http:\/\/www.twitter.com\/thalesbrandao\" \/>\n<meta name=\"twitter:site\" content=\"@CidadeMarketing\" \/>\n<meta name=\"twitter:label1\" content=\"Escrito por\" \/>\n\t<meta name=\"twitter:data1\" content=\"Thales Brand\u00e3o\" \/>\n\t<meta name=\"twitter:label2\" content=\"Est. tempo de leitura\" \/>\n\t<meta name=\"twitter:data2\" content=\"3 minutos\" \/>\n<script type=\"application\/ld+json\" class=\"yoast-schema-graph\">{\"@context\":\"https:\\\/\\\/schema.org\",\"@graph\":[{\"@type\":\"Article\",\"@id\":\"https:\\\/\\\/www.cidademarketing.com.br\\\/marketing\\\/2025\\\/09\\\/06\\\/bia-haddad-fara-treino-aberto-na-quadra-central-do-sp-open-neste-domingo-7\\\/#article\",\"isPartOf\":{\"@id\":\"https:\\\/\\\/www.cidademarketing.com.br\\\/marketing\\\/2025\\\/09\\\/06\\\/bia-haddad-fara-treino-aberto-na-quadra-central-do-sp-open-neste-domingo-7\\\/\"},\"author\":{\"name\":\"Thales Brand\u00e3o\",\"@id\":\"https:\\\/\\\/www.cidademarketing.com.br\\\/marketing\\\/#\\\/schema\\\/person\\\/02daff9f18bd9378c9e01eb6b2db155f\"},\"headline\":\"Bia Haddad far\u00e1 treino aberto na quadra central do SP Open neste domingo, 7\",\"datePublished\":\"2025-09-07T02:04:21+00:00\",\"mainEntityOfPage\":{\"@id\":\"https:\\\/\\\/www.cidademarketing.com.br\\\/marketing\\\/2025\\\/09\\\/06\\\/bia-haddad-fara-treino-aberto-na-quadra-central-do-sp-open-neste-domingo-7\\\/\"},\"wordCount\":477,\"commentCount\":0,\"publisher\":{\"@id\":\"https:\\\/\\\/www.cidademarketing.com.br\\\/marketing\\\/#organization\"},\"image\":{\"@id\":\"https:\\\/\\\/www.cidademarketing.com.br\\\/marketing\\\/2025\\\/09\\\/06\\\/bia-haddad-fara-treino-aberto-na-quadra-central-do-sp-open-neste-domingo-7\\\/#primaryimage\"},\"thumbnailUrl\":\"https:\\\/\\\/www.cidademarketing.com.br\\\/marketing\\\/wp-content\\\/uploads\\\/2025\\\/09\\\/bia_haddad_sp_open_ingressos_.webp\",\"keywords\":[\"Bia Haddad\",\"Eala\",\"estrat\u00e9gia\",\"Maria Esther Bueno\",\"marketing\",\"S\u00e3o Paulo\",\"SP\",\"SP Open\",\"SP Open 2025\",\"t\u00eanis\"],\"articleSection\":[\"Not\u00edcias\"],\"inLanguage\":\"pt-BR\",\"potentialAction\":[{\"@type\":\"CommentAction\",\"name\":\"Comment\",\"target\":[\"https:\\\/\\\/www.cidademarketing.com.br\\\/marketing\\\/2025\\\/09\\\/06\\\/bia-haddad-fara-treino-aberto-na-quadra-central-do-sp-open-neste-domingo-7\\\/#respond\"]}]},{\"@type\":\"WebPage\",\"@id\":\"https:\\\/\\\/www.cidademarketing.com.br\\\/marketing\\\/2025\\\/09\\\/06\\\/bia-haddad-fara-treino-aberto-na-quadra-central-do-sp-open-neste-domingo-7\\\/\",\"url\":\"https:\\\/\\\/www.cidademarketing.com.br\\\/marketing\\\/2025\\\/09\\\/06\\\/bia-haddad-fara-treino-aberto-na-quadra-central-do-sp-open-neste-domingo-7\\\/\",\"name\":\"Bia Haddad far\u00e1 treino aberto na quadra central do SP Open neste domingo, 7 - CidadeMarketing\",\"isPartOf\":{\"@id\":\"https:\\\/\\\/www.cidademarketing.com.br\\\/marketing\\\/#website\"},\"primaryImageOfPage\":{\"@id\":\"https:\\\/\\\/www.cidademarketing.com.br\\\/marketing\\\/2025\\\/09\\\/06\\\/bia-haddad-fara-treino-aberto-na-quadra-central-do-sp-open-neste-domingo-7\\\/#primaryimage\"},\"image\":{\"@id\":\"https:\\\/\\\/www.cidademarketing.com.br\\\/marketing\\\/2025\\\/09\\\/06\\\/bia-haddad-fara-treino-aberto-na-quadra-central-do-sp-open-neste-domingo-7\\\/#primaryimage\"},\"thumbnailUrl\":\"https:\\\/\\\/www.cidademarketing.com.br\\\/marketing\\\/wp-content\\\/uploads\\\/2025\\\/09\\\/bia_haddad_sp_open_ingressos_.webp\",\"datePublished\":\"2025-09-07T02:04:21+00:00\",\"breadcrumb\":{\"@id\":\"https:\\\/\\\/www.cidademarketing.com.br\\\/marketing\\\/2025\\\/09\\\/06\\\/bia-haddad-fara-treino-aberto-na-quadra-central-do-sp-open-neste-domingo-7\\\/#breadcrumb\"},\"inLanguage\":\"pt-BR\",\"potentialAction\":[{\"@type\":\"ReadAction\",\"target\":[\"https:\\\/\\\/www.cidademarketing.com.br\\\/marketing\\\/2025\\\/09\\\/06\\\/bia-haddad-fara-treino-aberto-na-quadra-central-do-sp-open-neste-domingo-7\\\/\"]}]},{\"@type\":\"ImageObject\",\"inLanguage\":\"pt-BR\",\"@id\":\"https:\\\/\\\/www.cidademarketing.com.br\\\/marketing\\\/2025\\\/09\\\/06\\\/bia-haddad-fara-treino-aberto-na-quadra-central-do-sp-open-neste-domingo-7\\\/#primaryimage\",\"url\":\"https:\\\/\\\/www.cidademarketing.com.br\\\/marketing\\\/wp-content\\\/uploads\\\/2025\\\/09\\\/bia_haddad_sp_open_ingressos_.webp\",\"contentUrl\":\"https:\\\/\\\/www.cidademarketing.com.br\\\/marketing\\\/wp-content\\\/uploads\\\/2025\\\/09\\\/bia_haddad_sp_open_ingressos_.webp\",\"width\":1000,\"height\":666,\"caption\":\"Bia Haddad Maia (Fotojump)\"},{\"@type\":\"BreadcrumbList\",\"@id\":\"https:\\\/\\\/www.cidademarketing.com.br\\\/marketing\\\/2025\\\/09\\\/06\\\/bia-haddad-fara-treino-aberto-na-quadra-central-do-sp-open-neste-domingo-7\\\/#breadcrumb\",\"itemListElement\":[{\"@type\":\"ListItem\",\"position\":1,\"name\":\"In\u00edcio\",\"item\":\"https:\\\/\\\/www.cidademarketing.com.br\\\/marketing\\\/\"},{\"@type\":\"ListItem\",\"position\":2,\"name\":\"Bia Haddad far\u00e1 treino aberto na quadra central do SP Open neste domingo, 7\"}]},{\"@type\":\"WebSite\",\"@id\":\"https:\\\/\\\/www.cidademarketing.com.br\\\/marketing\\\/#website\",\"url\":\"https:\\\/\\\/www.cidademarketing.com.br\\\/marketing\\\/\",\"name\":\"CidadeMarketing\",\"description\":\"Somos um ve\u00edculo de comunica\u00e7\u00e3o de destaque no Brasil, reconhecido por conte\u00fados nos segmentos de marketing, empreendedorismo e inova\u00e7\u00e3o.\",\"publisher\":{\"@id\":\"https:\\\/\\\/www.cidademarketing.com.br\\\/marketing\\\/#organization\"},\"alternateName\":\"CidadeMarketing\",\"potentialAction\":[{\"@type\":\"SearchAction\",\"target\":{\"@type\":\"EntryPoint\",\"urlTemplate\":\"https:\\\/\\\/www.cidademarketing.com.br\\\/marketing\\\/?s={search_term_string}\"},\"query-input\":{\"@type\":\"PropertyValueSpecification\",\"valueRequired\":true,\"valueName\":\"search_term_string\"}}],\"inLanguage\":\"pt-BR\"},{\"@type\":\"Organization\",\"@id\":\"https:\\\/\\\/www.cidademarketing.com.br\\\/marketing\\\/#organization\",\"name\":\"CidadeMarketing\",\"alternateName\":\"CidadeMarketing\",\"url\":\"https:\\\/\\\/www.cidademarketing.com.br\\\/marketing\\\/\",\"logo\":{\"@type\":\"ImageObject\",\"inLanguage\":\"pt-BR\",\"@id\":\"https:\\\/\\\/www.cidademarketing.com.br\\\/marketing\\\/#\\\/schema\\\/logo\\\/image\\\/\",\"url\":\"https:\\\/\\\/www.cidademarketing.com.br\\\/marketing\\\/wp-content\\\/uploads\\\/2020\\\/01\\\/cidademarketing_marca_mobile.png\",\"contentUrl\":\"https:\\\/\\\/www.cidademarketing.com.br\\\/marketing\\\/wp-content\\\/uploads\\\/2020\\\/01\\\/cidademarketing_marca_mobile.png\",\"width\":230,\"height\":92,\"caption\":\"CidadeMarketing\"},\"image\":{\"@id\":\"https:\\\/\\\/www.cidademarketing.com.br\\\/marketing\\\/#\\\/schema\\\/logo\\\/image\\\/\"},\"sameAs\":[\"https:\\\/\\\/www.facebook.com\\\/portalcidademarketing\",\"https:\\\/\\\/x.com\\\/CidadeMarketing\",\"https:\\\/\\\/www.instagram.com\\\/cidademarketing\\\/\"]},{\"@type\":\"Person\",\"@id\":\"https:\\\/\\\/www.cidademarketing.com.br\\\/marketing\\\/#\\\/schema\\\/person\\\/02daff9f18bd9378c9e01eb6b2db155f\",\"name\":\"Thales Brand\u00e3o\",\"image\":{\"@type\":\"ImageObject\",\"inLanguage\":\"pt-BR\",\"@id\":\"https:\\\/\\\/secure.gravatar.com\\\/avatar\\\/7ca3206950207cc3cb48feec56a8a7898741ab725c368d99d5d7a5a50aab80c6?s=96&d=mm&r=g\",\"url\":\"https:\\\/\\\/secure.gravatar.com\\\/avatar\\\/7ca3206950207cc3cb48feec56a8a7898741ab725c368d99d5d7a5a50aab80c6?s=96&d=mm&r=g\",\"contentUrl\":\"https:\\\/\\\/secure.gravatar.com\\\/avatar\\\/7ca3206950207cc3cb48feec56a8a7898741ab725c368d99d5d7a5a50aab80c6?s=96&d=mm&r=g\",\"caption\":\"Thales Brand\u00e3o\"},\"description\":\"Editor Executivo do Portal CidadeMarketing.com.br &gt; Mestre em Comunica\u00e7\u00e3o e Sociedade pela Universidade Federal de Sergipe. Possui MBA Executivo em Administra\u00e7\u00e3o com \u00eanfase em Marketing pela Funda\u00e7\u00e3o Get\u00falio Vargas - Rio de Janeiro. Consultor, Palestrante e Pesquisador sobre Empreendedorismo, Marketing, Redes Sociais e Neg\u00f3cios Digitais. Professor, Palestrante TedxTalks e Campus Party. Twitter: @ThalesBrandao\",\"sameAs\":[\"http:\\\/\\\/www.mandacaru.com.br\",\"https:\\\/\\\/www.facebook.com\\\/thalesbrandao\",\"http:\\\/\\\/www.instagram.com.br\\\/thalesbrandaoferreira\",\"https:\\\/\\\/www.linkedin.com\\\/in\\\/thales-brand\u00e3o-3948609\\\/\",\"https:\\\/\\\/x.com\\\/http:\\\/\\\/www.twitter.com\\\/thalesbrandao\"],\"url\":\"https:\\\/\\\/www.cidademarketing.com.br\\\/marketing\\\/author\\\/thalesbrandao\\\/\"}]}<\/script>\n<!-- \/ Yoast SEO plugin. -->","yoast_head_json":{"title":"Bia Haddad far\u00e1 treino aberto na quadra central do SP Open neste domingo, 7 - CidadeMarketing","robots":{"index":"index","follow":"follow","max-snippet":"max-snippet:-1","max-image-preview":"max-image-preview:large","max-video-preview":"max-video-preview:-1"},"canonical":"https:\/\/www.cidademarketing.com.br\/marketing\/2025\/09\/06\/bia-haddad-fara-treino-aberto-na-quadra-central-do-sp-open-neste-domingo-7\/","og_locale":"pt_BR","og_type":"article","og_title":"Bia Haddad far\u00e1 treino aberto na quadra central do SP Open neste domingo, 7 - CidadeMarketing","og_description":"O p\u00fablico que comparecer ao qualifying do SP Open neste domingo, 7 de setembro, ter\u00e1 a oportunidade de acompanhar de perto a principal estrela do t\u00eanis brasileiro. Beatriz Haddad Maia, n\u00famero 1 do Brasil e favorita do torneio, realizar\u00e1 um treino aberto na quadra central Maria Esther Bueno, \u00e0s 18h, ao lado da compatriota Carolina [&hellip;]","og_url":"https:\/\/www.cidademarketing.com.br\/marketing\/2025\/09\/06\/bia-haddad-fara-treino-aberto-na-quadra-central-do-sp-open-neste-domingo-7\/","og_site_name":"CidadeMarketing","article_publisher":"https:\/\/www.facebook.com\/portalcidademarketing","article_author":"https:\/\/www.facebook.com\/thalesbrandao","article_published_time":"2025-09-07T02:04:21+00:00","og_image":[{"width":1000,"height":666,"url":"https:\/\/www.cidademarketing.com.br\/marketing\/wp-content\/uploads\/2025\/09\/bia_haddad_sp_open_ingressos_.webp","type":"image\/webp"}],"author":"Thales Brand\u00e3o","twitter_card":"summary_large_image","twitter_creator":"@http:\/\/www.twitter.com\/thalesbrandao","twitter_site":"@CidadeMarketing","twitter_misc":{"Escrito por":"Thales Brand\u00e3o","Est. tempo de leitura":"3 minutos"},"schema":{"@context":"https:\/\/schema.org","@graph":[{"@type":"Article","@id":"https:\/\/www.cidademarketing.com.br\/marketing\/2025\/09\/06\/bia-haddad-fara-treino-aberto-na-quadra-central-do-sp-open-neste-domingo-7\/#article","isPartOf":{"@id":"https:\/\/www.cidademarketing.com.br\/marketing\/2025\/09\/06\/bia-haddad-fara-treino-aberto-na-quadra-central-do-sp-open-neste-domingo-7\/"},"author":{"name":"Thales Brand\u00e3o","@id":"https:\/\/www.cidademarketing.com.br\/marketing\/#\/schema\/person\/02daff9f18bd9378c9e01eb6b2db155f"},"headline":"Bia Haddad far\u00e1 treino aberto na quadra central do SP Open neste domingo, 7","datePublished":"2025-09-07T02:04:21+00:00","mainEntityOfPage":{"@id":"https:\/\/www.cidademarketing.com.br\/marketing\/2025\/09\/06\/bia-haddad-fara-treino-aberto-na-quadra-central-do-sp-open-neste-domingo-7\/"},"wordCount":477,"commentCount":0,"publisher":{"@id":"https:\/\/www.cidademarketing.com.br\/marketing\/#organization"},"image":{"@id":"https:\/\/www.cidademarketing.com.br\/marketing\/2025\/09\/06\/bia-haddad-fara-treino-aberto-na-quadra-central-do-sp-open-neste-domingo-7\/#primaryimage"},"thumbnailUrl":"https:\/\/www.cidademarketing.com.br\/marketing\/wp-content\/uploads\/2025\/09\/bia_haddad_sp_open_ingressos_.webp","keywords":["Bia Haddad","Eala","estrat\u00e9gia","Maria Esther Bueno","marketing","S\u00e3o Paulo","SP","SP Open","SP Open 2025","t\u00eanis"],"articleSection":["Not\u00edcias"],"inLanguage":"pt-BR","potentialAction":[{"@type":"CommentAction","name":"Comment","target":["https:\/\/www.cidademarketing.com.br\/marketing\/2025\/09\/06\/bia-haddad-fara-treino-aberto-na-quadra-central-do-sp-open-neste-domingo-7\/#respond"]}]},{"@type":"WebPage","@id":"https:\/\/www.cidademarketing.com.br\/marketing\/2025\/09\/06\/bia-haddad-fara-treino-aberto-na-quadra-central-do-sp-open-neste-domingo-7\/","url":"https:\/\/www.cidademarketing.com.br\/marketing\/2025\/09\/06\/bia-haddad-fara-treino-aberto-na-quadra-central-do-sp-open-neste-domingo-7\/","name":"Bia Haddad far\u00e1 treino aberto na quadra central do SP Open neste domingo, 7 - CidadeMarketing","isPartOf":{"@id":"https:\/\/www.cidademarketing.com.br\/marketing\/#website"},"primaryImageOfPage":{"@id":"https:\/\/www.cidademarketing.com.br\/marketing\/2025\/09\/06\/bia-haddad-fara-treino-aberto-na-quadra-central-do-sp-open-neste-domingo-7\/#primaryimage"},"image":{"@id":"https:\/\/www.cidademarketing.com.br\/marketing\/2025\/09\/06\/bia-haddad-fara-treino-aberto-na-quadra-central-do-sp-open-neste-domingo-7\/#primaryimage"},"thumbnailUrl":"https:\/\/www.cidademarketing.com.br\/marketing\/wp-content\/uploads\/2025\/09\/bia_haddad_sp_open_ingressos_.webp","datePublished":"2025-09-07T02:04:21+00:00","breadcrumb":{"@id":"https:\/\/www.cidademarketing.com.br\/marketing\/2025\/09\/06\/bia-haddad-fara-treino-aberto-na-quadra-central-do-sp-open-neste-domingo-7\/#breadcrumb"},"inLanguage":"pt-BR","potentialAction":[{"@type":"ReadAction","target":["https:\/\/www.cidademarketing.com.br\/marketing\/2025\/09\/06\/bia-haddad-fara-treino-aberto-na-quadra-central-do-sp-open-neste-domingo-7\/"]}]},{"@type":"ImageObject","inLanguage":"pt-BR","@id":"https:\/\/www.cidademarketing.com.br\/marketing\/2025\/09\/06\/bia-haddad-fara-treino-aberto-na-quadra-central-do-sp-open-neste-domingo-7\/#primaryimage","url":"https:\/\/www.cidademarketing.com.br\/marketing\/wp-content\/uploads\/2025\/09\/bia_haddad_sp_open_ingressos_.webp","contentUrl":"https:\/\/www.cidademarketing.com.br\/marketing\/wp-content\/uploads\/2025\/09\/bia_haddad_sp_open_ingressos_.webp","width":1000,"height":666,"caption":"Bia Haddad Maia (Fotojump)"},{"@type":"BreadcrumbList","@id":"https:\/\/www.cidademarketing.com.br\/marketing\/2025\/09\/06\/bia-haddad-fara-treino-aberto-na-quadra-central-do-sp-open-neste-domingo-7\/#breadcrumb","itemListElement":[{"@type":"ListItem","position":1,"name":"In\u00edcio","item":"https:\/\/www.cidademarketing.com.br\/marketing\/"},{"@type":"ListItem","position":2,"name":"Bia Haddad far\u00e1 treino aberto na quadra central do SP Open neste domingo, 7"}]},{"@type":"WebSite","@id":"https:\/\/www.cidademarketing.com.br\/marketing\/#website","url":"https:\/\/www.cidademarketing.com.br\/marketing\/","name":"CidadeMarketing","description":"Somos um ve\u00edculo de comunica\u00e7\u00e3o de destaque no Brasil, reconhecido por conte\u00fados nos segmentos de marketing, empreendedorismo e inova\u00e7\u00e3o.","publisher":{"@id":"https:\/\/www.cidademarketing.com.br\/marketing\/#organization"},"alternateName":"CidadeMarketing","potentialAction":[{"@type":"SearchAction","target":{"@type":"EntryPoint","urlTemplate":"https:\/\/www.cidademarketing.com.br\/marketing\/?s={search_term_string}"},"query-input":{"@type":"PropertyValueSpecification","valueRequired":true,"valueName":"search_term_string"}}],"inLanguage":"pt-BR"},{"@type":"Organization","@id":"https:\/\/www.cidademarketing.com.br\/marketing\/#organization","name":"CidadeMarketing","alternateName":"CidadeMarketing","url":"https:\/\/www.cidademarketing.com.br\/marketing\/","logo":{"@type":"ImageObject","inLanguage":"pt-BR","@id":"https:\/\/www.cidademarketing.com.br\/marketing\/#\/schema\/logo\/image\/","url":"https:\/\/www.cidademarketing.com.br\/marketing\/wp-content\/uploads\/2020\/01\/cidademarketing_marca_mobile.png","contentUrl":"https:\/\/www.cidademarketing.com.br\/marketing\/wp-content\/uploads\/2020\/01\/cidademarketing_marca_mobile.png","width":230,"height":92,"caption":"CidadeMarketing"},"image":{"@id":"https:\/\/www.cidademarketing.com.br\/marketing\/#\/schema\/logo\/image\/"},"sameAs":["https:\/\/www.facebook.com\/portalcidademarketing","https:\/\/x.com\/CidadeMarketing","https:\/\/www.instagram.com\/cidademarketing\/"]},{"@type":"Person","@id":"https:\/\/www.cidademarketing.com.br\/marketing\/#\/schema\/person\/02daff9f18bd9378c9e01eb6b2db155f","name":"Thales Brand\u00e3o","image":{"@type":"ImageObject","inLanguage":"pt-BR","@id":"https:\/\/secure.gravatar.com\/avatar\/7ca3206950207cc3cb48feec56a8a7898741ab725c368d99d5d7a5a50aab80c6?s=96&d=mm&r=g","url":"https:\/\/secure.gravatar.com\/avatar\/7ca3206950207cc3cb48feec56a8a7898741ab725c368d99d5d7a5a50aab80c6?s=96&d=mm&r=g","contentUrl":"https:\/\/secure.gravatar.com\/avatar\/7ca3206950207cc3cb48feec56a8a7898741ab725c368d99d5d7a5a50aab80c6?s=96&d=mm&r=g","caption":"Thales Brand\u00e3o"},"description":"Editor Executivo do Portal CidadeMarketing.com.br &gt; Mestre em Comunica\u00e7\u00e3o e Sociedade pela Universidade Federal de Sergipe. Possui MBA Executivo em Administra\u00e7\u00e3o com \u00eanfase em Marketing pela Funda\u00e7\u00e3o Get\u00falio Vargas - Rio de Janeiro. Consultor, Palestrante e Pesquisador sobre Empreendedorismo, Marketing, Redes Sociais e Neg\u00f3cios Digitais. Professor, Palestrante TedxTalks e Campus Party. Twitter: @ThalesBrandao","sameAs":["http:\/\/www.mandacaru.com.br","https:\/\/www.facebook.com\/thalesbrandao","http:\/\/www.instagram.com.br\/thalesbrandaoferreira","https:\/\/www.linkedin.com\/in\/thales-brand\u00e3o-3948609\/","https:\/\/x.com\/http:\/\/www.twitter.com\/thalesbrandao"],"url":"https:\/\/www.cidademarketing.com.br\/marketing\/author\/thalesbrandao\/"}]}},"amp_enabled":true,"_links":{"self":[{"href":"https:\/\/www.cidademarketing.com.br\/marketing\/wp-json\/wp\/v2\/posts\/57534","targetHints":{"allow":["GET"]}}],"collection":[{"href":"https:\/\/www.cidademarketing.com.br\/marketing\/wp-json\/wp\/v2\/posts"}],"about":[{"href":"https:\/\/www.cidademarketing.com.br\/marketing\/wp-json\/wp\/v2\/types\/post"}],"author":[{"embeddable":true,"href":"https:\/\/www.cidademarketing.com.br\/marketing\/wp-json\/wp\/v2\/users\/1"}],"replies":[{"embeddable":true,"href":"https:\/\/www.cidademarketing.com.br\/marketing\/wp-json\/wp\/v2\/comments?post=57534"}],"version-history":[{"count":1,"href":"https:\/\/www.cidademarketing.com.br\/marketing\/wp-json\/wp\/v2\/posts\/57534\/revisions"}],"predecessor-version":[{"id":57537,"href":"https:\/\/www.cidademarketing.com.br\/marketing\/wp-json\/wp\/v2\/posts\/57534\/revisions\/57537"}],"wp:featuredmedia":[{"embeddable":true,"href":"https:\/\/www.cidademarketing.com.br\/marketing\/wp-json\/wp\/v2\/media\/57535"}],"wp:attachment":[{"href":"https:\/\/www.cidademarketing.com.br\/marketing\/wp-json\/wp\/v2\/media?parent=57534"}],"wp:term":[{"taxonomy":"category","embeddable":true,"href":"https:\/\/www.cidademarketing.com.br\/marketing\/wp-json\/wp\/v2\/categories?post=57534"},{"taxonomy":"post_tag","embeddable":true,"href":"https:\/\/www.cidademarketing.com.br\/marketing\/wp-json\/wp\/v2\/tags?post=57534"}],"curies":[{"name":"wp","href":"https:\/\/api.w.org\/{rel}","templated":true}]}}