{"id":57507,"date":"2025-09-04T13:28:38","date_gmt":"2025-09-04T16:28:38","guid":{"rendered":"https:\/\/www.cidademarketing.com.br\/marketing\/?p=57507"},"modified":"2025-09-04T13:28:38","modified_gmt":"2025-09-04T16:28:38","slug":"ifood-desembarca-no-the-town-2025-com-varias-ativacoes-de-marketing","status":"publish","type":"post","link":"https:\/\/www.cidademarketing.com.br\/marketing\/2025\/09\/04\/ifood-desembarca-no-the-town-2025-com-varias-ativacoes-de-marketing\/","title":{"rendered":"iFood desembarca no The Town 2025 com v\u00e1rias ativa\u00e7\u00f5es de marketing"},"content":{"rendered":"<p>O iFood, Delivery Oficial do The Town 2025, preparou uma s\u00e9rie de ativa\u00e7\u00f5es disruptivas e inovadoras que v\u00e3o unir m\u00fasica, tecnologia e as multicategorias do aplicativo \u2014 mercado, farm\u00e1cia, restaurante, pet shop, shopping, conveni\u00eancia e bebidas. Ser\u00e3o dois estandes onde os visitantes poder\u00e3o experimentar experi\u00eancias imersivas e memor\u00e1veis, que v\u00e3o elevar o patamar de divers\u00e3o do p\u00fablico durante todos os dias do evento.<\/p>\n<p><strong>Stand The One &#8211; Baile do iFood<\/strong><br \/>\nO primeiro estande est\u00e1 localizado pr\u00f3ximo ao palco The One. Com 150m\u00b2, o espa\u00e7o se transformar\u00e1 no &#8220;Baile do iFood&#8221;, uma pista de dan\u00e7a exclusiva e imersiva, que vai reunir m\u00fasica e tecnologia. O espa\u00e7o contar\u00e1 com uma performance ao vivo do DJ MU540, que produzir\u00e1 uma m\u00fasica exclusiva com sons captados durante o festival e que ser\u00e1 lan\u00e7ada durante sua apresenta\u00e7\u00e3o no Baile.<\/p>\n<p>Al\u00e9m dele, haver\u00e3o apresenta\u00e7\u00f5es de Mc Sophia, Cae, Bassan, Bonekinha Iraquiana e dan\u00e7arinos, Rafa Duartt, Afrek\u00e1ssia e Delcu. DJ T\u00edlia que estar\u00e1 presente no estande curtindo os outros artistas, j\u00e1 o cantor Filipe Ret estar\u00e1 conosco em formato de um avatar personalizado &#8211; T\u00edlia e MU540 tamb\u00e9m ter\u00e3o seus avatares. Para proporcionar a mesma experi\u00eancia aos visitantes, neste estande eles poder\u00e3o criar sua pr\u00f3pria vers\u00e3o digital para eternizar o momento em suas mem\u00f3rias &#8211; e tamb\u00e9m nos celulares.<\/p>\n<p><strong>Stand SP Square<\/strong><br \/>\nJ\u00e1 o segundo estande, localizado na SP Square, contar\u00e1 com dois andares. No andar de cima, os visitantes ter\u00e3o acesso a uma arena de games, dan\u00e7a e desafios interativos. O espa\u00e7o convida o p\u00fablico a competir e torcer por amigos, mergulhando em um ambiente que conecta tecnologia e cultura pop com as multicategorias do iFood, e oferecendo brindes \u00fanicos, incluindo o poss\u00edvel acesso \u00e0 \u00e1rea VIP.<\/p>\n<p>S\u00e3o tr\u00eas jogos no circuito: o Modo Entrega que desafia os participantes a capturar o m\u00e1ximo de itens de uma categoria espec\u00edfica utilizando um recurso tecnol\u00f3gico especial; o Duelo Mercado, em que os competidores duelam para ver quem monta e entrega o pedido primeiro e a Chuva de Cupons que permitir\u00e1 que os participantes escolham uma categoria e pegue dentro da cabine o m\u00e1ximo de vouchers voadores. J\u00e1 no andar t\u00e9rreo, ter\u00e1 uma opera\u00e7\u00e3o de restaurante e bar para permitir maior comodidade para os visitantes. Essa ativa\u00e7\u00e3o conta com uma parceria da ind\u00fastria com o iFood Ads, vertical de publicidade e neg\u00f3cio da empresa e a \u00e1rea que mais cresce em publicidade no mundo.<\/p>\n<p>Co-patrocinador da Market Square: iFood entrega comida gratuita no The Town 2025<br \/>\nA plataforma de conveni\u00eancia multicategoria iFood renovou, pelo segundo ano, seu co-patroc\u00ednio oficial da Market Square, a pra\u00e7a de alimenta\u00e7\u00e3o oficial do festival. Neste ano, o espa\u00e7o contar\u00e1 com a curadoria do renomado chef Henrique Foga\u00e7a, propriet\u00e1rio da rede de restaurantes C\u00e3o V\u00e9io. Os restaurantes de Foga\u00e7a far\u00e3o parte do produto oficial do iFood no The Town 2025, levando ou antecipando o gostinho do festival para outros p\u00fablicos, al\u00e9m dos participantes.<\/p>\n<p>&nbsp;<\/p>\n<blockquote class=\"instagram-media\" style=\"background: #FFF; border: 0; border-radius: 3px; box-shadow: 0 0 1px 0 rgba(0,0,0,0.5),0 1px 10px 0 rgba(0,0,0,0.15); margin: 1px; max-width: 540px; min-width: 326px; padding: 0; width: calc(100% - 2px);\" data-instgrm-captioned=\"\" data-instgrm-permalink=\"https:\/\/www.instagram.com\/reel\/DN4OC2Ij3fN\/?utm_source=ig_embed&amp;utm_campaign=loading\" data-instgrm-version=\"14\">\n<div style=\"padding: 16px;\">\n<p>&nbsp;<\/p>\n<div style=\"display: flex; flex-direction: row; align-items: center;\">\n<div style=\"background-color: #f4f4f4; border-radius: 50%; flex-grow: 0; height: 40px; margin-right: 14px; width: 40px;\"><\/div>\n<div style=\"display: flex; flex-direction: column; flex-grow: 1; justify-content: center;\">\n<div style=\"background-color: #f4f4f4; border-radius: 4px; flex-grow: 0; height: 14px; margin-bottom: 6px; width: 100px;\"><\/div>\n<div style=\"background-color: #f4f4f4; border-radius: 4px; flex-grow: 0; height: 14px; width: 60px;\"><\/div>\n<\/div>\n<\/div>\n<div style=\"padding: 19% 0;\"><\/div>\n<div style=\"display: block; height: 50px; margin: 0 auto 12px; width: 50px;\"><\/div>\n<div style=\"padding-top: 8px;\">\n<div style=\"color: #3897f0; font-family: Arial,sans-serif; font-size: 14px; font-style: normal; font-weight: 550; line-height: 18px;\">Ver essa foto no Instagram<\/div>\n<\/div>\n<div style=\"padding: 12.5% 0;\"><\/div>\n<div style=\"display: flex; flex-direction: row; margin-bottom: 14px; align-items: center;\">\n<div>\n<div style=\"background-color: #f4f4f4; border-radius: 50%; height: 12.5px; width: 12.5px; transform: translateX(0px) translateY(7px);\"><\/div>\n<div style=\"background-color: #f4f4f4; height: 12.5px; transform: rotate(-45deg) translateX(3px) translateY(1px); width: 12.5px; flex-grow: 0; margin-right: 14px; margin-left: 2px;\"><\/div>\n<div style=\"background-color: #f4f4f4; border-radius: 50%; height: 12.5px; width: 12.5px; transform: translateX(9px) translateY(-18px);\"><\/div>\n<\/div>\n<div style=\"margin-left: 8px;\">\n<div style=\"background-color: #f4f4f4; border-radius: 50%; flex-grow: 0; height: 20px; width: 20px;\"><\/div>\n<div style=\"width: 0; height: 0; border-top: 2px solid transparent; border-left: 6px solid #f4f4f4; border-bottom: 2px solid transparent; transform: translateX(16px) translateY(-4px) rotate(30deg);\"><\/div>\n<\/div>\n<div style=\"margin-left: auto;\">\n<div style=\"width: 0px; border-top: 8px solid #F4F4F4; border-right: 8px solid transparent; transform: translateY(16px);\"><\/div>\n<div style=\"background-color: #f4f4f4; flex-grow: 0; height: 12px; width: 16px; transform: translateY(-4px);\"><\/div>\n<div style=\"width: 0; height: 0; border-top: 8px solid #F4F4F4; border-left: 8px solid transparent; transform: translateY(-4px) translateX(8px);\"><\/div>\n<\/div>\n<\/div>\n<div style=\"display: flex; flex-direction: column; flex-grow: 1; justify-content: center; margin-bottom: 24px;\">\n<div style=\"background-color: #f4f4f4; border-radius: 4px; flex-grow: 0; height: 14px; margin-bottom: 6px; width: 224px;\"><\/div>\n<div style=\"background-color: #f4f4f4; border-radius: 4px; flex-grow: 0; height: 14px; width: 144px;\"><\/div>\n<\/div>\n<p>&nbsp;<\/p>\n<p style=\"color: #c9c8cd; font-family: Arial,sans-serif; font-size: 14px; line-height: 17px; margin-bottom: 0; margin-top: 8px; overflow: hidden; padding: 8px 0 7px; text-align: center; text-overflow: ellipsis; white-space: nowrap;\"><a style=\"color: #c9c8cd; font-family: Arial,sans-serif; font-size: 14px; font-style: normal; font-weight: normal; line-height: 17px; text-decoration: none;\" href=\"https:\/\/www.instagram.com\/reel\/DN4OC2Ij3fN\/?utm_source=ig_embed&amp;utm_campaign=loading\" target=\"_blank\" rel=\"noopener\">Uma publica\u00e7\u00e3o compartilhada por iFood Brasil (@ifoodbrasil)<\/a><\/p>\n<\/div>\n<\/blockquote>\n<p><script async src=\"\/\/www.instagram.com\/embed.js\"><\/script><\/p>\n<p>Ainda falando em comida, foi aqui que pediram entrega de comida totalmente gr\u00e1tis? Em parceria com a Seara, Bob\u2019s e Bauducco, patrocinadores do The Town 2025, o iFood vai entregar cachorro quente, hamb\u00fargueres e at\u00e9 chocottone no fosso do palco The One e do palco Quebrada, levando conveni\u00eancia e praticidade para as pessoas que est\u00e3o na grade e abriram m\u00e3o de circular pelo festival.<\/p>\n<p><strong>Delivery de experi\u00eancias: Itens do card\u00e1pio da Market Square e Produto Oficial do The Town poder\u00e3o ser entregues aos f\u00e3s do festival sem sair de casa<\/strong><br \/>\nComo Delivery Oficial do The Town, a empresa lan\u00e7ou o produto oficial \u201ciFood \u00e9 Tudo Pra Mim no The Town\u201d, um hub multicategorias que conecta os f\u00e3s do festival a uma s\u00e9rie de experi\u00eancias \u00fanicas, come\u00e7ando pela grande novidade desta edi\u00e7\u00e3o: os f\u00e3s puderam ter acesso aos produtos oficiais da Loja de Produtos Oficiais do The Town antecipadamente e exclusivamente pelo iFood.<\/p>\n<p>Al\u00e9m dos produtos oficiais, com o prop\u00f3sito de levar tamb\u00e9m a experi\u00eancia gastron\u00f4mica do The Town 2025 para casa dos f\u00e3s, eles tamb\u00e9m poder\u00e3o aproveitar uma se\u00e7\u00e3o com op\u00e7\u00f5es oferecidas na pra\u00e7a de alimenta\u00e7\u00e3o, tamb\u00e9m assinada pelo Henrique Foga\u00e7a, chef e propriet\u00e1rio do C\u00e3o V\u00e9io, em S\u00e3o Paulo. Al\u00e9m disso, h\u00e1 uma se\u00e7\u00e3o de compras no app em parceria com outros patrocinadores do evento, como Eisenbahn, Johnnie Walker, Mondelez, Bauducco e Bob&#8217;s. As duas se\u00e7\u00f5es estar\u00e3o dispon\u00edveis at\u00e9 o dia 14 de novembro.<\/p>\n","protected":false},"excerpt":{"rendered":"<p>O iFood, Delivery Oficial do The Town 2025, preparou uma s\u00e9rie de ativa\u00e7\u00f5es disruptivas e inovadoras que v\u00e3o unir m\u00fasica, tecnologia e as multicategorias do aplicativo \u2014 mercado, farm\u00e1cia, restaurante, pet shop, shopping, conveni\u00eancia e bebidas. Ser\u00e3o dois estandes onde os visitantes poder\u00e3o experimentar experi\u00eancias imersivas e memor\u00e1veis, que v\u00e3o elevar o patamar de divers\u00e3o [&hellip;]<\/p>\n","protected":false},"author":1,"featured_media":57508,"comment_status":"open","ping_status":"open","sticky":false,"template":"","format":"standard","meta":{"tdm_status":"","tdm_grid_status":"","footnotes":""},"categories":[6],"tags":[9232,1554,33,725,7155,150,28,6046,9378],"class_list":["post-57507","post","type-post","status-publish","format-standard","has-post-thumbnail","hentry","category-noticias","tag-ativacoes-de-marketing","tag-delivery","tag-estrategia","tag-estrategias","tag-experiencias","tag-ifood","tag-marketing","tag-the-town","tag-the-town-2025"],"yoast_head":"<!-- This site is optimized with the Yoast SEO plugin v27.5 - https:\/\/yoast.com\/product\/yoast-seo-wordpress\/ -->\n<title>iFood desembarca no The Town 2025 com v\u00e1rias ativa\u00e7\u00f5es de marketing - CidadeMarketing<\/title>\n<meta name=\"robots\" content=\"index, follow, max-snippet:-1, max-image-preview:large, max-video-preview:-1\" \/>\n<link rel=\"canonical\" href=\"https:\/\/www.cidademarketing.com.br\/marketing\/2025\/09\/04\/ifood-desembarca-no-the-town-2025-com-varias-ativacoes-de-marketing\/\" \/>\n<meta property=\"og:locale\" content=\"pt_BR\" \/>\n<meta property=\"og:type\" content=\"article\" \/>\n<meta property=\"og:title\" content=\"iFood desembarca no The Town 2025 com v\u00e1rias ativa\u00e7\u00f5es de marketing - CidadeMarketing\" \/>\n<meta property=\"og:description\" content=\"O iFood, Delivery Oficial do The Town 2025, preparou uma s\u00e9rie de ativa\u00e7\u00f5es disruptivas e inovadoras que v\u00e3o unir m\u00fasica, tecnologia e as multicategorias do aplicativo \u2014 mercado, farm\u00e1cia, restaurante, pet shop, shopping, conveni\u00eancia e bebidas. Ser\u00e3o dois estandes onde os visitantes poder\u00e3o experimentar experi\u00eancias imersivas e memor\u00e1veis, que v\u00e3o elevar o patamar de divers\u00e3o [&hellip;]\" \/>\n<meta property=\"og:url\" content=\"https:\/\/www.cidademarketing.com.br\/marketing\/2025\/09\/04\/ifood-desembarca-no-the-town-2025-com-varias-ativacoes-de-marketing\/\" \/>\n<meta property=\"og:site_name\" content=\"CidadeMarketing\" \/>\n<meta property=\"article:publisher\" content=\"https:\/\/www.facebook.com\/portalcidademarketing\" \/>\n<meta property=\"article:author\" content=\"https:\/\/www.facebook.com\/thalesbrandao\" \/>\n<meta property=\"article:published_time\" content=\"2025-09-04T16:28:38+00:00\" \/>\n<meta property=\"og:image\" content=\"https:\/\/www.cidademarketing.com.br\/marketing\/wp-content\/uploads\/2025\/09\/ifood_the_town_.webp\" \/>\n\t<meta property=\"og:image:width\" content=\"1000\" \/>\n\t<meta property=\"og:image:height\" content=\"563\" \/>\n\t<meta property=\"og:image:type\" content=\"image\/webp\" \/>\n<meta name=\"author\" content=\"Thales Brand\u00e3o\" \/>\n<meta name=\"twitter:card\" content=\"summary_large_image\" \/>\n<meta name=\"twitter:creator\" content=\"@http:\/\/www.twitter.com\/thalesbrandao\" \/>\n<meta name=\"twitter:site\" content=\"@CidadeMarketing\" \/>\n<meta name=\"twitter:label1\" content=\"Escrito por\" \/>\n\t<meta name=\"twitter:data1\" content=\"Thales Brand\u00e3o\" \/>\n\t<meta name=\"twitter:label2\" content=\"Est. tempo de leitura\" \/>\n\t<meta name=\"twitter:data2\" content=\"5 minutos\" \/>\n<script type=\"application\/ld+json\" class=\"yoast-schema-graph\">{\"@context\":\"https:\\\/\\\/schema.org\",\"@graph\":[{\"@type\":\"Article\",\"@id\":\"https:\\\/\\\/www.cidademarketing.com.br\\\/marketing\\\/2025\\\/09\\\/04\\\/ifood-desembarca-no-the-town-2025-com-varias-ativacoes-de-marketing\\\/#article\",\"isPartOf\":{\"@id\":\"https:\\\/\\\/www.cidademarketing.com.br\\\/marketing\\\/2025\\\/09\\\/04\\\/ifood-desembarca-no-the-town-2025-com-varias-ativacoes-de-marketing\\\/\"},\"author\":{\"name\":\"Thales Brand\u00e3o\",\"@id\":\"https:\\\/\\\/www.cidademarketing.com.br\\\/marketing\\\/#\\\/schema\\\/person\\\/02daff9f18bd9378c9e01eb6b2db155f\"},\"headline\":\"iFood desembarca no The Town 2025 com v\u00e1rias ativa\u00e7\u00f5es de marketing\",\"datePublished\":\"2025-09-04T16:28:38+00:00\",\"mainEntityOfPage\":{\"@id\":\"https:\\\/\\\/www.cidademarketing.com.br\\\/marketing\\\/2025\\\/09\\\/04\\\/ifood-desembarca-no-the-town-2025-com-varias-ativacoes-de-marketing\\\/\"},\"wordCount\":838,\"commentCount\":0,\"publisher\":{\"@id\":\"https:\\\/\\\/www.cidademarketing.com.br\\\/marketing\\\/#organization\"},\"image\":{\"@id\":\"https:\\\/\\\/www.cidademarketing.com.br\\\/marketing\\\/2025\\\/09\\\/04\\\/ifood-desembarca-no-the-town-2025-com-varias-ativacoes-de-marketing\\\/#primaryimage\"},\"thumbnailUrl\":\"https:\\\/\\\/www.cidademarketing.com.br\\\/marketing\\\/wp-content\\\/uploads\\\/2025\\\/09\\\/ifood_the_town_.webp\",\"keywords\":[\"ativa\u00e7\u00f5es de marketing\",\"delivery\",\"estrat\u00e9gia\",\"estrat\u00e9gias\",\"experi\u00eancias\",\"iFood\",\"marketing\",\"The Town\",\"The Town 2025\"],\"articleSection\":[\"Not\u00edcias\"],\"inLanguage\":\"pt-BR\",\"potentialAction\":[{\"@type\":\"CommentAction\",\"name\":\"Comment\",\"target\":[\"https:\\\/\\\/www.cidademarketing.com.br\\\/marketing\\\/2025\\\/09\\\/04\\\/ifood-desembarca-no-the-town-2025-com-varias-ativacoes-de-marketing\\\/#respond\"]}]},{\"@type\":\"WebPage\",\"@id\":\"https:\\\/\\\/www.cidademarketing.com.br\\\/marketing\\\/2025\\\/09\\\/04\\\/ifood-desembarca-no-the-town-2025-com-varias-ativacoes-de-marketing\\\/\",\"url\":\"https:\\\/\\\/www.cidademarketing.com.br\\\/marketing\\\/2025\\\/09\\\/04\\\/ifood-desembarca-no-the-town-2025-com-varias-ativacoes-de-marketing\\\/\",\"name\":\"iFood desembarca no The Town 2025 com v\u00e1rias ativa\u00e7\u00f5es de marketing - CidadeMarketing\",\"isPartOf\":{\"@id\":\"https:\\\/\\\/www.cidademarketing.com.br\\\/marketing\\\/#website\"},\"primaryImageOfPage\":{\"@id\":\"https:\\\/\\\/www.cidademarketing.com.br\\\/marketing\\\/2025\\\/09\\\/04\\\/ifood-desembarca-no-the-town-2025-com-varias-ativacoes-de-marketing\\\/#primaryimage\"},\"image\":{\"@id\":\"https:\\\/\\\/www.cidademarketing.com.br\\\/marketing\\\/2025\\\/09\\\/04\\\/ifood-desembarca-no-the-town-2025-com-varias-ativacoes-de-marketing\\\/#primaryimage\"},\"thumbnailUrl\":\"https:\\\/\\\/www.cidademarketing.com.br\\\/marketing\\\/wp-content\\\/uploads\\\/2025\\\/09\\\/ifood_the_town_.webp\",\"datePublished\":\"2025-09-04T16:28:38+00:00\",\"breadcrumb\":{\"@id\":\"https:\\\/\\\/www.cidademarketing.com.br\\\/marketing\\\/2025\\\/09\\\/04\\\/ifood-desembarca-no-the-town-2025-com-varias-ativacoes-de-marketing\\\/#breadcrumb\"},\"inLanguage\":\"pt-BR\",\"potentialAction\":[{\"@type\":\"ReadAction\",\"target\":[\"https:\\\/\\\/www.cidademarketing.com.br\\\/marketing\\\/2025\\\/09\\\/04\\\/ifood-desembarca-no-the-town-2025-com-varias-ativacoes-de-marketing\\\/\"]}]},{\"@type\":\"ImageObject\",\"inLanguage\":\"pt-BR\",\"@id\":\"https:\\\/\\\/www.cidademarketing.com.br\\\/marketing\\\/2025\\\/09\\\/04\\\/ifood-desembarca-no-the-town-2025-com-varias-ativacoes-de-marketing\\\/#primaryimage\",\"url\":\"https:\\\/\\\/www.cidademarketing.com.br\\\/marketing\\\/wp-content\\\/uploads\\\/2025\\\/09\\\/ifood_the_town_.webp\",\"contentUrl\":\"https:\\\/\\\/www.cidademarketing.com.br\\\/marketing\\\/wp-content\\\/uploads\\\/2025\\\/09\\\/ifood_the_town_.webp\",\"width\":1000,\"height\":563,\"caption\":\"Divulga\u00e7\u00e3o\"},{\"@type\":\"BreadcrumbList\",\"@id\":\"https:\\\/\\\/www.cidademarketing.com.br\\\/marketing\\\/2025\\\/09\\\/04\\\/ifood-desembarca-no-the-town-2025-com-varias-ativacoes-de-marketing\\\/#breadcrumb\",\"itemListElement\":[{\"@type\":\"ListItem\",\"position\":1,\"name\":\"In\u00edcio\",\"item\":\"https:\\\/\\\/www.cidademarketing.com.br\\\/marketing\\\/\"},{\"@type\":\"ListItem\",\"position\":2,\"name\":\"iFood desembarca no The Town 2025 com v\u00e1rias ativa\u00e7\u00f5es de marketing\"}]},{\"@type\":\"WebSite\",\"@id\":\"https:\\\/\\\/www.cidademarketing.com.br\\\/marketing\\\/#website\",\"url\":\"https:\\\/\\\/www.cidademarketing.com.br\\\/marketing\\\/\",\"name\":\"CidadeMarketing\",\"description\":\"Somos um ve\u00edculo de comunica\u00e7\u00e3o de destaque no Brasil, reconhecido por conte\u00fados nos segmentos de marketing, empreendedorismo e inova\u00e7\u00e3o.\",\"publisher\":{\"@id\":\"https:\\\/\\\/www.cidademarketing.com.br\\\/marketing\\\/#organization\"},\"alternateName\":\"CidadeMarketing\",\"potentialAction\":[{\"@type\":\"SearchAction\",\"target\":{\"@type\":\"EntryPoint\",\"urlTemplate\":\"https:\\\/\\\/www.cidademarketing.com.br\\\/marketing\\\/?s={search_term_string}\"},\"query-input\":{\"@type\":\"PropertyValueSpecification\",\"valueRequired\":true,\"valueName\":\"search_term_string\"}}],\"inLanguage\":\"pt-BR\"},{\"@type\":\"Organization\",\"@id\":\"https:\\\/\\\/www.cidademarketing.com.br\\\/marketing\\\/#organization\",\"name\":\"CidadeMarketing\",\"alternateName\":\"CidadeMarketing\",\"url\":\"https:\\\/\\\/www.cidademarketing.com.br\\\/marketing\\\/\",\"logo\":{\"@type\":\"ImageObject\",\"inLanguage\":\"pt-BR\",\"@id\":\"https:\\\/\\\/www.cidademarketing.com.br\\\/marketing\\\/#\\\/schema\\\/logo\\\/image\\\/\",\"url\":\"https:\\\/\\\/www.cidademarketing.com.br\\\/marketing\\\/wp-content\\\/uploads\\\/2020\\\/01\\\/cidademarketing_marca_mobile.png\",\"contentUrl\":\"https:\\\/\\\/www.cidademarketing.com.br\\\/marketing\\\/wp-content\\\/uploads\\\/2020\\\/01\\\/cidademarketing_marca_mobile.png\",\"width\":230,\"height\":92,\"caption\":\"CidadeMarketing\"},\"image\":{\"@id\":\"https:\\\/\\\/www.cidademarketing.com.br\\\/marketing\\\/#\\\/schema\\\/logo\\\/image\\\/\"},\"sameAs\":[\"https:\\\/\\\/www.facebook.com\\\/portalcidademarketing\",\"https:\\\/\\\/x.com\\\/CidadeMarketing\",\"https:\\\/\\\/www.instagram.com\\\/cidademarketing\\\/\"]},{\"@type\":\"Person\",\"@id\":\"https:\\\/\\\/www.cidademarketing.com.br\\\/marketing\\\/#\\\/schema\\\/person\\\/02daff9f18bd9378c9e01eb6b2db155f\",\"name\":\"Thales Brand\u00e3o\",\"image\":{\"@type\":\"ImageObject\",\"inLanguage\":\"pt-BR\",\"@id\":\"https:\\\/\\\/secure.gravatar.com\\\/avatar\\\/7ca3206950207cc3cb48feec56a8a7898741ab725c368d99d5d7a5a50aab80c6?s=96&d=mm&r=g\",\"url\":\"https:\\\/\\\/secure.gravatar.com\\\/avatar\\\/7ca3206950207cc3cb48feec56a8a7898741ab725c368d99d5d7a5a50aab80c6?s=96&d=mm&r=g\",\"contentUrl\":\"https:\\\/\\\/secure.gravatar.com\\\/avatar\\\/7ca3206950207cc3cb48feec56a8a7898741ab725c368d99d5d7a5a50aab80c6?s=96&d=mm&r=g\",\"caption\":\"Thales Brand\u00e3o\"},\"description\":\"Editor Executivo do Portal CidadeMarketing.com.br &gt; Mestre em Comunica\u00e7\u00e3o e Sociedade pela Universidade Federal de Sergipe. Possui MBA Executivo em Administra\u00e7\u00e3o com \u00eanfase em Marketing pela Funda\u00e7\u00e3o Get\u00falio Vargas - Rio de Janeiro. Consultor, Palestrante e Pesquisador sobre Empreendedorismo, Marketing, Redes Sociais e Neg\u00f3cios Digitais. Professor, Palestrante TedxTalks e Campus Party. Twitter: @ThalesBrandao\",\"sameAs\":[\"http:\\\/\\\/www.mandacaru.com.br\",\"https:\\\/\\\/www.facebook.com\\\/thalesbrandao\",\"http:\\\/\\\/www.instagram.com.br\\\/thalesbrandaoferreira\",\"https:\\\/\\\/www.linkedin.com\\\/in\\\/thales-brand\u00e3o-3948609\\\/\",\"https:\\\/\\\/x.com\\\/http:\\\/\\\/www.twitter.com\\\/thalesbrandao\"],\"url\":\"https:\\\/\\\/www.cidademarketing.com.br\\\/marketing\\\/author\\\/thalesbrandao\\\/\"}]}<\/script>\n<!-- \/ Yoast SEO plugin. -->","yoast_head_json":{"title":"iFood desembarca no The Town 2025 com v\u00e1rias ativa\u00e7\u00f5es de marketing - CidadeMarketing","robots":{"index":"index","follow":"follow","max-snippet":"max-snippet:-1","max-image-preview":"max-image-preview:large","max-video-preview":"max-video-preview:-1"},"canonical":"https:\/\/www.cidademarketing.com.br\/marketing\/2025\/09\/04\/ifood-desembarca-no-the-town-2025-com-varias-ativacoes-de-marketing\/","og_locale":"pt_BR","og_type":"article","og_title":"iFood desembarca no The Town 2025 com v\u00e1rias ativa\u00e7\u00f5es de marketing - CidadeMarketing","og_description":"O iFood, Delivery Oficial do The Town 2025, preparou uma s\u00e9rie de ativa\u00e7\u00f5es disruptivas e inovadoras que v\u00e3o unir m\u00fasica, tecnologia e as multicategorias do aplicativo \u2014 mercado, farm\u00e1cia, restaurante, pet shop, shopping, conveni\u00eancia e bebidas. Ser\u00e3o dois estandes onde os visitantes poder\u00e3o experimentar experi\u00eancias imersivas e memor\u00e1veis, que v\u00e3o elevar o patamar de divers\u00e3o [&hellip;]","og_url":"https:\/\/www.cidademarketing.com.br\/marketing\/2025\/09\/04\/ifood-desembarca-no-the-town-2025-com-varias-ativacoes-de-marketing\/","og_site_name":"CidadeMarketing","article_publisher":"https:\/\/www.facebook.com\/portalcidademarketing","article_author":"https:\/\/www.facebook.com\/thalesbrandao","article_published_time":"2025-09-04T16:28:38+00:00","og_image":[{"width":1000,"height":563,"url":"https:\/\/www.cidademarketing.com.br\/marketing\/wp-content\/uploads\/2025\/09\/ifood_the_town_.webp","type":"image\/webp"}],"author":"Thales Brand\u00e3o","twitter_card":"summary_large_image","twitter_creator":"@http:\/\/www.twitter.com\/thalesbrandao","twitter_site":"@CidadeMarketing","twitter_misc":{"Escrito por":"Thales Brand\u00e3o","Est. tempo de leitura":"5 minutos"},"schema":{"@context":"https:\/\/schema.org","@graph":[{"@type":"Article","@id":"https:\/\/www.cidademarketing.com.br\/marketing\/2025\/09\/04\/ifood-desembarca-no-the-town-2025-com-varias-ativacoes-de-marketing\/#article","isPartOf":{"@id":"https:\/\/www.cidademarketing.com.br\/marketing\/2025\/09\/04\/ifood-desembarca-no-the-town-2025-com-varias-ativacoes-de-marketing\/"},"author":{"name":"Thales Brand\u00e3o","@id":"https:\/\/www.cidademarketing.com.br\/marketing\/#\/schema\/person\/02daff9f18bd9378c9e01eb6b2db155f"},"headline":"iFood desembarca no The Town 2025 com v\u00e1rias ativa\u00e7\u00f5es de marketing","datePublished":"2025-09-04T16:28:38+00:00","mainEntityOfPage":{"@id":"https:\/\/www.cidademarketing.com.br\/marketing\/2025\/09\/04\/ifood-desembarca-no-the-town-2025-com-varias-ativacoes-de-marketing\/"},"wordCount":838,"commentCount":0,"publisher":{"@id":"https:\/\/www.cidademarketing.com.br\/marketing\/#organization"},"image":{"@id":"https:\/\/www.cidademarketing.com.br\/marketing\/2025\/09\/04\/ifood-desembarca-no-the-town-2025-com-varias-ativacoes-de-marketing\/#primaryimage"},"thumbnailUrl":"https:\/\/www.cidademarketing.com.br\/marketing\/wp-content\/uploads\/2025\/09\/ifood_the_town_.webp","keywords":["ativa\u00e7\u00f5es de marketing","delivery","estrat\u00e9gia","estrat\u00e9gias","experi\u00eancias","iFood","marketing","The Town","The Town 2025"],"articleSection":["Not\u00edcias"],"inLanguage":"pt-BR","potentialAction":[{"@type":"CommentAction","name":"Comment","target":["https:\/\/www.cidademarketing.com.br\/marketing\/2025\/09\/04\/ifood-desembarca-no-the-town-2025-com-varias-ativacoes-de-marketing\/#respond"]}]},{"@type":"WebPage","@id":"https:\/\/www.cidademarketing.com.br\/marketing\/2025\/09\/04\/ifood-desembarca-no-the-town-2025-com-varias-ativacoes-de-marketing\/","url":"https:\/\/www.cidademarketing.com.br\/marketing\/2025\/09\/04\/ifood-desembarca-no-the-town-2025-com-varias-ativacoes-de-marketing\/","name":"iFood desembarca no The Town 2025 com v\u00e1rias ativa\u00e7\u00f5es de marketing - CidadeMarketing","isPartOf":{"@id":"https:\/\/www.cidademarketing.com.br\/marketing\/#website"},"primaryImageOfPage":{"@id":"https:\/\/www.cidademarketing.com.br\/marketing\/2025\/09\/04\/ifood-desembarca-no-the-town-2025-com-varias-ativacoes-de-marketing\/#primaryimage"},"image":{"@id":"https:\/\/www.cidademarketing.com.br\/marketing\/2025\/09\/04\/ifood-desembarca-no-the-town-2025-com-varias-ativacoes-de-marketing\/#primaryimage"},"thumbnailUrl":"https:\/\/www.cidademarketing.com.br\/marketing\/wp-content\/uploads\/2025\/09\/ifood_the_town_.webp","datePublished":"2025-09-04T16:28:38+00:00","breadcrumb":{"@id":"https:\/\/www.cidademarketing.com.br\/marketing\/2025\/09\/04\/ifood-desembarca-no-the-town-2025-com-varias-ativacoes-de-marketing\/#breadcrumb"},"inLanguage":"pt-BR","potentialAction":[{"@type":"ReadAction","target":["https:\/\/www.cidademarketing.com.br\/marketing\/2025\/09\/04\/ifood-desembarca-no-the-town-2025-com-varias-ativacoes-de-marketing\/"]}]},{"@type":"ImageObject","inLanguage":"pt-BR","@id":"https:\/\/www.cidademarketing.com.br\/marketing\/2025\/09\/04\/ifood-desembarca-no-the-town-2025-com-varias-ativacoes-de-marketing\/#primaryimage","url":"https:\/\/www.cidademarketing.com.br\/marketing\/wp-content\/uploads\/2025\/09\/ifood_the_town_.webp","contentUrl":"https:\/\/www.cidademarketing.com.br\/marketing\/wp-content\/uploads\/2025\/09\/ifood_the_town_.webp","width":1000,"height":563,"caption":"Divulga\u00e7\u00e3o"},{"@type":"BreadcrumbList","@id":"https:\/\/www.cidademarketing.com.br\/marketing\/2025\/09\/04\/ifood-desembarca-no-the-town-2025-com-varias-ativacoes-de-marketing\/#breadcrumb","itemListElement":[{"@type":"ListItem","position":1,"name":"In\u00edcio","item":"https:\/\/www.cidademarketing.com.br\/marketing\/"},{"@type":"ListItem","position":2,"name":"iFood desembarca no The Town 2025 com v\u00e1rias ativa\u00e7\u00f5es de marketing"}]},{"@type":"WebSite","@id":"https:\/\/www.cidademarketing.com.br\/marketing\/#website","url":"https:\/\/www.cidademarketing.com.br\/marketing\/","name":"CidadeMarketing","description":"Somos um ve\u00edculo de comunica\u00e7\u00e3o de destaque no Brasil, reconhecido por conte\u00fados nos segmentos de marketing, empreendedorismo e inova\u00e7\u00e3o.","publisher":{"@id":"https:\/\/www.cidademarketing.com.br\/marketing\/#organization"},"alternateName":"CidadeMarketing","potentialAction":[{"@type":"SearchAction","target":{"@type":"EntryPoint","urlTemplate":"https:\/\/www.cidademarketing.com.br\/marketing\/?s={search_term_string}"},"query-input":{"@type":"PropertyValueSpecification","valueRequired":true,"valueName":"search_term_string"}}],"inLanguage":"pt-BR"},{"@type":"Organization","@id":"https:\/\/www.cidademarketing.com.br\/marketing\/#organization","name":"CidadeMarketing","alternateName":"CidadeMarketing","url":"https:\/\/www.cidademarketing.com.br\/marketing\/","logo":{"@type":"ImageObject","inLanguage":"pt-BR","@id":"https:\/\/www.cidademarketing.com.br\/marketing\/#\/schema\/logo\/image\/","url":"https:\/\/www.cidademarketing.com.br\/marketing\/wp-content\/uploads\/2020\/01\/cidademarketing_marca_mobile.png","contentUrl":"https:\/\/www.cidademarketing.com.br\/marketing\/wp-content\/uploads\/2020\/01\/cidademarketing_marca_mobile.png","width":230,"height":92,"caption":"CidadeMarketing"},"image":{"@id":"https:\/\/www.cidademarketing.com.br\/marketing\/#\/schema\/logo\/image\/"},"sameAs":["https:\/\/www.facebook.com\/portalcidademarketing","https:\/\/x.com\/CidadeMarketing","https:\/\/www.instagram.com\/cidademarketing\/"]},{"@type":"Person","@id":"https:\/\/www.cidademarketing.com.br\/marketing\/#\/schema\/person\/02daff9f18bd9378c9e01eb6b2db155f","name":"Thales Brand\u00e3o","image":{"@type":"ImageObject","inLanguage":"pt-BR","@id":"https:\/\/secure.gravatar.com\/avatar\/7ca3206950207cc3cb48feec56a8a7898741ab725c368d99d5d7a5a50aab80c6?s=96&d=mm&r=g","url":"https:\/\/secure.gravatar.com\/avatar\/7ca3206950207cc3cb48feec56a8a7898741ab725c368d99d5d7a5a50aab80c6?s=96&d=mm&r=g","contentUrl":"https:\/\/secure.gravatar.com\/avatar\/7ca3206950207cc3cb48feec56a8a7898741ab725c368d99d5d7a5a50aab80c6?s=96&d=mm&r=g","caption":"Thales Brand\u00e3o"},"description":"Editor Executivo do Portal CidadeMarketing.com.br &gt; Mestre em Comunica\u00e7\u00e3o e Sociedade pela Universidade Federal de Sergipe. Possui MBA Executivo em Administra\u00e7\u00e3o com \u00eanfase em Marketing pela Funda\u00e7\u00e3o Get\u00falio Vargas - Rio de Janeiro. Consultor, Palestrante e Pesquisador sobre Empreendedorismo, Marketing, Redes Sociais e Neg\u00f3cios Digitais. Professor, Palestrante TedxTalks e Campus Party. Twitter: @ThalesBrandao","sameAs":["http:\/\/www.mandacaru.com.br","https:\/\/www.facebook.com\/thalesbrandao","http:\/\/www.instagram.com.br\/thalesbrandaoferreira","https:\/\/www.linkedin.com\/in\/thales-brand\u00e3o-3948609\/","https:\/\/x.com\/http:\/\/www.twitter.com\/thalesbrandao"],"url":"https:\/\/www.cidademarketing.com.br\/marketing\/author\/thalesbrandao\/"}]}},"amp_enabled":true,"_links":{"self":[{"href":"https:\/\/www.cidademarketing.com.br\/marketing\/wp-json\/wp\/v2\/posts\/57507","targetHints":{"allow":["GET"]}}],"collection":[{"href":"https:\/\/www.cidademarketing.com.br\/marketing\/wp-json\/wp\/v2\/posts"}],"about":[{"href":"https:\/\/www.cidademarketing.com.br\/marketing\/wp-json\/wp\/v2\/types\/post"}],"author":[{"embeddable":true,"href":"https:\/\/www.cidademarketing.com.br\/marketing\/wp-json\/wp\/v2\/users\/1"}],"replies":[{"embeddable":true,"href":"https:\/\/www.cidademarketing.com.br\/marketing\/wp-json\/wp\/v2\/comments?post=57507"}],"version-history":[{"count":1,"href":"https:\/\/www.cidademarketing.com.br\/marketing\/wp-json\/wp\/v2\/posts\/57507\/revisions"}],"predecessor-version":[{"id":57509,"href":"https:\/\/www.cidademarketing.com.br\/marketing\/wp-json\/wp\/v2\/posts\/57507\/revisions\/57509"}],"wp:featuredmedia":[{"embeddable":true,"href":"https:\/\/www.cidademarketing.com.br\/marketing\/wp-json\/wp\/v2\/media\/57508"}],"wp:attachment":[{"href":"https:\/\/www.cidademarketing.com.br\/marketing\/wp-json\/wp\/v2\/media?parent=57507"}],"wp:term":[{"taxonomy":"category","embeddable":true,"href":"https:\/\/www.cidademarketing.com.br\/marketing\/wp-json\/wp\/v2\/categories?post=57507"},{"taxonomy":"post_tag","embeddable":true,"href":"https:\/\/www.cidademarketing.com.br\/marketing\/wp-json\/wp\/v2\/tags?post=57507"}],"curies":[{"name":"wp","href":"https:\/\/api.w.org\/{rel}","templated":true}]}}