{"id":57497,"date":"2025-09-04T10:57:30","date_gmt":"2025-09-04T13:57:30","guid":{"rendered":"https:\/\/www.cidademarketing.com.br\/marketing\/?p=57497"},"modified":"2025-09-04T11:05:52","modified_gmt":"2025-09-04T14:05:52","slug":"icone-da-moda-giorgio-armani-morre-aos-91-anos","status":"publish","type":"post","link":"https:\/\/www.cidademarketing.com.br\/marketing\/2025\/09\/04\/icone-da-moda-giorgio-armani-morre-aos-91-anos\/","title":{"rendered":"\u00cdcone da moda, Giorgio Armani morre aos 91 anos"},"content":{"rendered":"<p>O mundo da moda perdeu um de seus maiores \u00edcones. O estilista italiano Giorgio Armani faleceu nesta quinta-feira (4), aos 91 anos, conforme comunicado emitido por sua empresa. &#8220;Com infinita tristeza, o Grupo Armani anuncia o falecimento de seu criador, fundador e incans\u00e1vel for\u00e7a motriz: Giorgio Armani&#8221;, declarou a renomada casa de moda.<\/p>\n<p>Conhecido carinhosamente como &#8220;Re Giorgio&#8221;, Armani foi muito mais do que um estilista; ele era um vision\u00e1rio que soube combinar o talento criativo com uma not\u00e1vel perspic\u00e1cia empresarial. Sob sua lideran\u00e7a, a marca se tornou sin\u00f4nimo de estilo, sofistica\u00e7\u00e3o e uma eleg\u00e2ncia moderna que marcou gera\u00e7\u00f5es.<\/p>\n<p>Giorgio Armani n\u00e3o apenas desenhava roupas, ele moldava um estilo de vida. Sua est\u00e9tica, caracterizada por cortes impec\u00e1veis, tecidos luxuosos e uma paleta de cores neutras e sofisticadas, redefiniu o guarda-roupa masculino e feminino, tornando-o atemporal e desej\u00e1vel. Ele foi um dos primeiros a popularizar a alfaiataria desestruturada, libertando os homens dos ternos r\u00edgidos e inserindo um novo n\u00edvel de conforto e fluidez na moda.<\/p>\n<figure id=\"attachment_57499\" aria-describedby=\"caption-attachment-57499\" style=\"width: 640px\" class=\"wp-caption alignnone\"><img fetchpriority=\"high\" decoding=\"async\" class=\"wp-image-57499 size-large\" src=\"https:\/\/www.cidademarketing.com.br\/marketing\/wp-content\/uploads\/2025\/09\/giorgio_armani_loja-1024x678.jpg\" alt=\"\" width=\"640\" height=\"424\" srcset=\"https:\/\/www.cidademarketing.com.br\/marketing\/wp-content\/uploads\/2025\/09\/giorgio_armani_loja-1024x678.jpg 1024w, https:\/\/www.cidademarketing.com.br\/marketing\/wp-content\/uploads\/2025\/09\/giorgio_armani_loja-300x198.jpg 300w, https:\/\/www.cidademarketing.com.br\/marketing\/wp-content\/uploads\/2025\/09\/giorgio_armani_loja-768x508.jpg 768w, https:\/\/www.cidademarketing.com.br\/marketing\/wp-content\/uploads\/2025\/09\/giorgio_armani_loja-1536x1016.jpg 1536w, https:\/\/www.cidademarketing.com.br\/marketing\/wp-content\/uploads\/2025\/09\/giorgio_armani_loja-635x420.jpg 635w, https:\/\/www.cidademarketing.com.br\/marketing\/wp-content\/uploads\/2025\/09\/giorgio_armani_loja-640x423.jpg 640w, https:\/\/www.cidademarketing.com.br\/marketing\/wp-content\/uploads\/2025\/09\/giorgio_armani_loja-681x451.jpg 681w, https:\/\/www.cidademarketing.com.br\/marketing\/wp-content\/uploads\/2025\/09\/giorgio_armani_loja.jpg 2048w\" sizes=\"(max-width: 640px) 100vw, 640px\" \/><figcaption id=\"caption-attachment-57499\" class=\"wp-caption-text\">Divulga\u00e7\u00e3o\/Linkedin<\/figcaption><\/figure>\n<p>Sua genialidade n\u00e3o se limitou \u00e0s passarelas. Armani construiu um imp\u00e9rio global que fatura cerca de 2,3 bilh\u00f5es de euros (aproximadamente R$ 14,5 bilh\u00f5es) anualmente. Ele supervisionava cada detalhe de seu neg\u00f3cio, desde a cria\u00e7\u00e3o das cole\u00e7\u00f5es at\u00e9 as campanhas publicit\u00e1rias e a apresenta\u00e7\u00e3o final nas passarelas, garantindo que sua vis\u00e3o estivesse presente em cada aspecto da marca.<\/p>\n<p>A marca desenvolveu uma linha exclusiva para o mercado esportivo, a EA7 Emporio Armani, voltada para atender clientes e atletas das modalidades de t\u00eanis, corrida e fitness.<\/p>\n<p>A marca Armani entrou no ramo da gastronomia em 1998 com sua primeira unidade em Paris, dando in\u00edcio a uma expans\u00e3o global. Desde ent\u00e3o, o Sr. Armani inaugurou mais de vinte estabelecimentos gastron\u00f4micos, em sua maioria localizados pr\u00f3ximos \u00e0s boutiques do grupo e dentro de seus hot\u00e9is, com o objetivo de ampliar a experi\u00eancia do cliente.<\/p>\n<p>Os card\u00e1pios variam de acordo com os gostos locais, indo de op\u00e7\u00f5es casuais para o almo\u00e7o at\u00e9 restaurantes de alta gastronomia estrelados pelo Michelin, todos celebrando a culin\u00e1ria italiana com influ\u00eancias regionais.<\/p>\n<p>H\u00e1 mais de vinte e cinco anos, os restaurantes Armani v\u00eam se expandindo pelo mundo, de Mil\u00e3o a T\u00f3quio e Dubai, proporcionando uma jornada culin\u00e1ria que destaca detalhes refinados, sabores sofisticados e a ess\u00eancia do estilo de vida Armani.\u2063<\/p>\n<figure id=\"attachment_57504\" aria-describedby=\"caption-attachment-57504\" style=\"width: 300px\" class=\"wp-caption alignnone\"><img decoding=\"async\" class=\"wp-image-57504 size-medium\" src=\"https:\/\/www.cidademarketing.com.br\/marketing\/wp-content\/uploads\/2025\/09\/giorgio_armani_restaurantes-300x239.webp\" alt=\"A eleg\u00e2ncia do &quot;Rei Giorgio&quot; ficar\u00e1 para a hist\u00f3ria do empreendedorismo e moda.\" width=\"300\" height=\"239\" srcset=\"https:\/\/www.cidademarketing.com.br\/marketing\/wp-content\/uploads\/2025\/09\/giorgio_armani_restaurantes-300x239.webp 300w, https:\/\/www.cidademarketing.com.br\/marketing\/wp-content\/uploads\/2025\/09\/giorgio_armani_restaurantes-768x611.webp 768w, https:\/\/www.cidademarketing.com.br\/marketing\/wp-content\/uploads\/2025\/09\/giorgio_armani_restaurantes-528x420.webp 528w, https:\/\/www.cidademarketing.com.br\/marketing\/wp-content\/uploads\/2025\/09\/giorgio_armani_restaurantes-640x509.webp 640w, https:\/\/www.cidademarketing.com.br\/marketing\/wp-content\/uploads\/2025\/09\/giorgio_armani_restaurantes-681x541.webp 681w, https:\/\/www.cidademarketing.com.br\/marketing\/wp-content\/uploads\/2025\/09\/giorgio_armani_restaurantes.webp 1000w\" sizes=\"(max-width: 300px) 100vw, 300px\" \/><figcaption id=\"caption-attachment-57504\" class=\"wp-caption-text\">Divulga\u00e7\u00e3o<\/figcaption><\/figure>\n<p>Alguns dos restaurantes em ordem de inaugura\u00e7\u00e3o:<br \/>\nArmani\/Caff\u00e8, Dubai<br \/>\nArmani\/Ristorante, New York City<br \/>\nNobu Milano, Milan<br \/>\nArmani\/Caff\u00e8, Doha<br \/>\nArmani\/Ristorante, Tokyo<br \/>\nArmani\/Ristorante, Dubai<br \/>\nEmporio Armani Ristorante and Caff\u00e8, Doha<br \/>\nEmporio Armani Caff\u00e8, Paris<br \/>\nArmani\/Ristorante, Paris<br \/>\nArmani\/Ristorante, Milan<br \/>\nArmani\/Caff\u00e8, Tokyo<br \/>\nArmani\/Caff\u00e8, Mumbai<br \/>\nEmporio Armani Caff\u00e8, Dubai<br \/>\nArmani\/Bamboo Bar, Milan<br \/>\nArmani\/Caff\u00e8, Cannes<br \/>\nEmporio Armani Ristorante and Caff\u00e8, Milan<br \/>\nArmani\/Caff\u00e8, Beijing<br \/>\nEmporio Armani Ristorante and Caff\u00e8, Bologna<br \/>\nArmani\/Caff\u00e8, Costa Mesa<\/p>\n<p>\u201cSempre quis que a marca Armani se tornasse uma express\u00e3o de estilo como um estilo de vida, de simplicidade sofisticada como um sinal de eleg\u00e2ncia em todos os campos \u2014 e a gastronomia, que \u00e9 um dos elementos mais importantes da vida cotidiana, n\u00e3o poderia ficar de fora.\u201d \u2014 Giorgio Armani<\/p>\n<p>A sa\u00fade de Armani j\u00e1 vinha debilitada h\u00e1 algum tempo. Em junho, ele foi for\u00e7ado a se ausentar dos desfiles de sua Semana de Moda Masculina em Mil\u00e3o, um fato in\u00e9dito em sua longa e brilhante carreira. Mesmo com a idade avan\u00e7ada, sua paix\u00e3o e dedica\u00e7\u00e3o \u00e0 moda permaneceram inabal\u00e1veis, e ele continuou sendo a for\u00e7a motriz por tr\u00e1s de sua grife.<\/p>\n<p>A trajet\u00f3ria de Giorgio Armani \u00e9 um testemunho de inova\u00e7\u00e3o, paix\u00e3o e um compromisso ineg\u00e1vel com a excel\u00eancia. Ele deixa um legado de eleg\u00e2ncia atemporal e um imp\u00e9rio que continuar\u00e1 a influenciar a moda global por muitos anos.<\/p>\n<p>Uma c\u00e2mara funer\u00e1ria ser\u00e1 instalada em Mil\u00e3o neste s\u00e1bado e domingo para que admiradores e colegas possam prestar suas \u00faltimas homenagens, seguida de um funeral privado em data a ser definida.<\/p>\n<blockquote class=\"instagram-media\" style=\"background: #FFF; border: 0; border-radius: 3px; box-shadow: 0 0 1px 0 rgba(0,0,0,0.5),0 1px 10px 0 rgba(0,0,0,0.15); margin: 1px; max-width: 540px; min-width: 326px; padding: 0; width: calc(100% - 2px);\" data-instgrm-captioned=\"\" data-instgrm-permalink=\"https:\/\/www.instagram.com\/p\/DOLpJTXDIau\/?utm_source=ig_embed&amp;utm_campaign=loading\" data-instgrm-version=\"14\">\n<div style=\"padding: 16px;\">\n<p>&nbsp;<\/p>\n<div style=\"display: flex; flex-direction: row; align-items: center;\">\n<div style=\"background-color: #f4f4f4; border-radius: 50%; flex-grow: 0; height: 40px; margin-right: 14px; width: 40px;\"><\/div>\n<div style=\"display: flex; flex-direction: column; flex-grow: 1; justify-content: center;\">\n<div style=\"background-color: #f4f4f4; border-radius: 4px; flex-grow: 0; height: 14px; margin-bottom: 6px; width: 100px;\"><\/div>\n<div style=\"background-color: #f4f4f4; border-radius: 4px; flex-grow: 0; height: 14px; width: 60px;\"><\/div>\n<\/div>\n<\/div>\n<div style=\"padding: 19% 0;\"><\/div>\n<div style=\"display: block; height: 50px; margin: 0 auto 12px; width: 50px;\"><\/div>\n<div style=\"padding-top: 8px;\">\n<div style=\"color: #3897f0; font-family: Arial,sans-serif; font-size: 14px; font-style: normal; font-weight: 550; line-height: 18px;\">Ver essa foto no Instagram<\/div>\n<\/div>\n<div style=\"padding: 12.5% 0;\"><\/div>\n<div style=\"display: flex; flex-direction: row; margin-bottom: 14px; align-items: center;\">\n<div>\n<div style=\"background-color: #f4f4f4; border-radius: 50%; height: 12.5px; width: 12.5px; transform: translateX(0px) translateY(7px);\"><\/div>\n<div style=\"background-color: #f4f4f4; height: 12.5px; transform: rotate(-45deg) translateX(3px) translateY(1px); width: 12.5px; flex-grow: 0; margin-right: 14px; margin-left: 2px;\"><\/div>\n<div style=\"background-color: #f4f4f4; border-radius: 50%; height: 12.5px; width: 12.5px; transform: translateX(9px) translateY(-18px);\"><\/div>\n<\/div>\n<div style=\"margin-left: 8px;\">\n<div style=\"background-color: #f4f4f4; border-radius: 50%; flex-grow: 0; height: 20px; width: 20px;\"><\/div>\n<div style=\"width: 0; height: 0; border-top: 2px solid transparent; border-left: 6px solid #f4f4f4; border-bottom: 2px solid transparent; transform: translateX(16px) translateY(-4px) rotate(30deg);\"><\/div>\n<\/div>\n<div style=\"margin-left: auto;\">\n<div style=\"width: 0px; border-top: 8px solid #F4F4F4; border-right: 8px solid transparent; transform: translateY(16px);\"><\/div>\n<div style=\"background-color: #f4f4f4; flex-grow: 0; height: 12px; width: 16px; transform: translateY(-4px);\"><\/div>\n<div style=\"width: 0; height: 0; border-top: 8px solid #F4F4F4; border-left: 8px solid transparent; transform: translateY(-4px) translateX(8px);\"><\/div>\n<\/div>\n<\/div>\n<div style=\"display: flex; flex-direction: column; flex-grow: 1; justify-content: center; margin-bottom: 24px;\">\n<div style=\"background-color: #f4f4f4; border-radius: 4px; flex-grow: 0; height: 14px; margin-bottom: 6px; width: 224px;\"><\/div>\n<div style=\"background-color: #f4f4f4; border-radius: 4px; flex-grow: 0; height: 14px; width: 144px;\"><\/div>\n<\/div>\n<p>&nbsp;<\/p>\n<p style=\"color: #c9c8cd; font-family: Arial,sans-serif; font-size: 14px; line-height: 17px; margin-bottom: 0; margin-top: 8px; overflow: hidden; padding: 8px 0 7px; text-align: center; text-overflow: ellipsis; white-space: nowrap;\"><a style=\"color: #c9c8cd; font-family: Arial,sans-serif; font-size: 14px; font-style: normal; font-weight: normal; line-height: 17px; text-decoration: none;\" href=\"https:\/\/www.instagram.com\/p\/DOLpJTXDIau\/?utm_source=ig_embed&amp;utm_campaign=loading\" target=\"_blank\" rel=\"noopener\">Uma publica\u00e7\u00e3o compartilhada por Giorgio Armani (@giorgioarmani)<\/a><\/p>\n<\/div>\n<\/blockquote>\n<p><script async src=\"\/\/www.instagram.com\/embed.js\"><\/script><\/p>\n<p>&nbsp;<\/p>\n<p>Em uma publica\u00e7\u00e3o realizada pela marca no Instagram, foi destacada a morte do empreendedor Giorgio Armani.<\/p>\n<p><em>&#8220;Com infinito pesar, o grupo Armani anuncia o falecimento de seu idealizador, fundador e incans\u00e1vel motor: Giorgio Armani.<\/em><\/p>\n<p data-start=\"176\" data-end=\"472\"><em>O Senhor Armani, como sempre foi chamado com respeito e admira\u00e7\u00e3o por funcion\u00e1rios e colaboradores, partiu serenamente, cercado por seus entes queridos. Incans\u00e1vel, trabalhou at\u00e9 os \u00faltimos dias, dedicando-se \u00e0 empresa, \u00e0s cole\u00e7\u00f5es e aos diversos projetos, sempre novos, em andamento e por vir.<\/em><\/p>\n<p data-start=\"474\" data-end=\"995\"><em>Ao longo dos anos, Giorgio Armani criou uma vis\u00e3o que, partindo da moda, se estendeu a todos os aspectos do viver, antecipando os tempos com extraordin\u00e1ria lucidez e concretude. Foi guiado por uma curiosidade inesgot\u00e1vel, pela aten\u00e7\u00e3o ao presente e \u00e0s pessoas. Nesse percurso, construiu um di\u00e1logo aberto com o p\u00fablico, tornando-se uma figura amada e respeitada pela capacidade de se comunicar com todos. Sempre atento \u00e0s necessidades da comunidade, engajou-se em v\u00e1rias frentes, sobretudo em rela\u00e7\u00e3o \u00e0 sua amada Mil\u00e3o.<\/em><\/p>\n<p data-start=\"997\" data-end=\"1341\"><em>A Giorgio Armani \u00e9 uma empresa com cinquenta anos de hist\u00f3ria, constru\u00edda com emo\u00e7\u00e3o e paci\u00eancia. Giorgio Armani sempre fez da independ\u00eancia, de pensamento e de a\u00e7\u00e3o, sua marca registrada. A empresa \u00e9, hoje e sempre, o reflexo desse esp\u00edrito. A fam\u00edlia e os colaboradores dar\u00e3o continuidade ao Grupo com respeito e fidelidade a esses valores.<\/em><\/p>\n<p data-start=\"1343\" data-end=\"1611\"><em>A c\u00e2mara ardente ser\u00e1 montada a partir do s\u00e1bado, 6 de setembro, e poder\u00e1 ser visitada at\u00e9 o domingo, 7 de setembro, das 9h \u00e0s 18h, em Mil\u00e3o, na Via Bergognone, 59, no Armani\/Teatro. Por vontade expressa do Senhor Armani, o funeral ser\u00e1 realizado em car\u00e1ter privado.&#8221;<\/em><\/p>\n<p data-start=\"1343\" data-end=\"1611\"><img decoding=\"async\" class=\"alignnone size-full wp-image-57498\" src=\"https:\/\/www.cidademarketing.com.br\/marketing\/wp-content\/uploads\/2025\/09\/giorgio_armani_logo.webp\" alt=\"\" width=\"200\" height=\"200\" srcset=\"https:\/\/www.cidademarketing.com.br\/marketing\/wp-content\/uploads\/2025\/09\/giorgio_armani_logo.webp 200w, https:\/\/www.cidademarketing.com.br\/marketing\/wp-content\/uploads\/2025\/09\/giorgio_armani_logo-150x150.webp 150w\" sizes=\"(max-width: 200px) 100vw, 200px\" \/><\/p>\n<blockquote class=\"instagram-media\" style=\"background: #FFF; border: 0; border-radius: 3px; box-shadow: 0 0 1px 0 rgba(0,0,0,0.5),0 1px 10px 0 rgba(0,0,0,0.15); margin: 1px; max-width: 540px; min-width: 326px; padding: 0; width: calc(100% - 2px);\" data-instgrm-captioned=\"\" data-instgrm-permalink=\"https:\/\/www.instagram.com\/p\/DOLpsGcDEcY\/?utm_source=ig_embed&amp;utm_campaign=loading\" data-instgrm-version=\"14\">\n<div style=\"padding: 16px;\">\n<p>&nbsp;<\/p>\n<div style=\"display: flex; flex-direction: row; align-items: center;\">\n<div style=\"background-color: #f4f4f4; border-radius: 50%; flex-grow: 0; height: 40px; margin-right: 14px; width: 40px;\"><\/div>\n<div style=\"display: flex; flex-direction: column; flex-grow: 1; justify-content: center;\">\n<div style=\"background-color: #f4f4f4; border-radius: 4px; flex-grow: 0; height: 14px; margin-bottom: 6px; width: 100px;\"><\/div>\n<div style=\"background-color: #f4f4f4; border-radius: 4px; flex-grow: 0; height: 14px; width: 60px;\"><\/div>\n<\/div>\n<\/div>\n<div style=\"padding: 19% 0;\"><\/div>\n<div style=\"display: block; height: 50px; margin: 0 auto 12px; width: 50px;\"><\/div>\n<div style=\"padding-top: 8px;\">\n<div style=\"color: #3897f0; font-family: Arial,sans-serif; font-size: 14px; font-style: normal; font-weight: 550; line-height: 18px;\">Ver essa foto no Instagram<\/div>\n<\/div>\n<div style=\"padding: 12.5% 0;\"><\/div>\n<div style=\"display: flex; flex-direction: row; margin-bottom: 14px; align-items: center;\">\n<div>\n<div style=\"background-color: #f4f4f4; border-radius: 50%; height: 12.5px; width: 12.5px; transform: translateX(0px) translateY(7px);\"><\/div>\n<div style=\"background-color: #f4f4f4; height: 12.5px; transform: rotate(-45deg) translateX(3px) translateY(1px); width: 12.5px; flex-grow: 0; margin-right: 14px; margin-left: 2px;\"><\/div>\n<div style=\"background-color: #f4f4f4; border-radius: 50%; height: 12.5px; width: 12.5px; transform: translateX(9px) translateY(-18px);\"><\/div>\n<\/div>\n<div style=\"margin-left: 8px;\">\n<div style=\"background-color: #f4f4f4; border-radius: 50%; flex-grow: 0; height: 20px; width: 20px;\"><\/div>\n<div style=\"width: 0; height: 0; border-top: 2px solid transparent; border-left: 6px solid #f4f4f4; border-bottom: 2px solid transparent; transform: translateX(16px) translateY(-4px) rotate(30deg);\"><\/div>\n<\/div>\n<div style=\"margin-left: auto;\">\n<div style=\"width: 0px; border-top: 8px solid #F4F4F4; border-right: 8px solid transparent; transform: translateY(16px);\"><\/div>\n<div style=\"background-color: #f4f4f4; flex-grow: 0; height: 12px; width: 16px; transform: translateY(-4px);\"><\/div>\n<div style=\"width: 0; height: 0; border-top: 8px solid #F4F4F4; border-left: 8px solid transparent; transform: translateY(-4px) translateX(8px);\"><\/div>\n<\/div>\n<\/div>\n<div style=\"display: flex; flex-direction: column; flex-grow: 1; justify-content: center; margin-bottom: 24px;\">\n<div style=\"background-color: #f4f4f4; border-radius: 4px; flex-grow: 0; height: 14px; margin-bottom: 6px; width: 224px;\"><\/div>\n<div style=\"background-color: #f4f4f4; border-radius: 4px; flex-grow: 0; height: 14px; width: 144px;\"><\/div>\n<\/div>\n<p>&nbsp;<\/p>\n<p style=\"color: #c9c8cd; font-family: Arial,sans-serif; font-size: 14px; line-height: 17px; margin-bottom: 0; margin-top: 8px; overflow: hidden; padding: 8px 0 7px; text-align: center; text-overflow: ellipsis; white-space: nowrap;\"><a style=\"color: #c9c8cd; font-family: Arial,sans-serif; font-size: 14px; font-style: normal; font-weight: normal; line-height: 17px; text-decoration: none;\" href=\"https:\/\/www.instagram.com\/p\/DOLpsGcDEcY\/?utm_source=ig_embed&amp;utm_campaign=loading\" target=\"_blank\" rel=\"noopener\">Uma publica\u00e7\u00e3o compartilhada por Giorgio Armani (@giorgioarmani)<\/a><\/p>\n<\/div>\n<\/blockquote>\n<p><script async src=\"\/\/www.instagram.com\/embed.js\"><\/script><\/p>\n","protected":false},"excerpt":{"rendered":"<p>O mundo da moda perdeu um de seus maiores \u00edcones. O estilista italiano Giorgio Armani faleceu nesta quinta-feira (4), aos 91 anos, conforme comunicado emitido por sua empresa. &#8220;Com infinita tristeza, o Grupo Armani anuncia o falecimento de seu criador, fundador e incans\u00e1vel for\u00e7a motriz: Giorgio Armani&#8221;, declarou a renomada casa de moda. Conhecido carinhosamente [&hellip;]<\/p>\n","protected":false},"author":1,"featured_media":57500,"comment_status":"open","ping_status":"open","sticky":false,"template":"","format":"standard","meta":{"tdm_status":"","tdm_grid_status":"","footnotes":""},"categories":[6],"tags":[676,741,6718,9776,33,9774,4915,1649,1762,9775,9778,9777],"class_list":["post-57497","post","type-post","status-publish","format-standard","has-post-thumbnail","hentry","category-noticias","tag-cinema","tag-empreendedor","tag-estilista","tag-estilista-italiano","tag-estrategia","tag-giorgio-armani","tag-italia","tag-marketing-de-luxo","tag-moda","tag-moda-e-cinema","tag-re-giorgio","tag-rei-giorgio"],"yoast_head":"<!-- This site is optimized with the Yoast SEO plugin v27.5 - https:\/\/yoast.com\/product\/yoast-seo-wordpress\/ -->\n<title>\u00cdcone da moda, Giorgio Armani morre aos 91 anos - CidadeMarketing<\/title>\n<meta name=\"robots\" content=\"index, follow, max-snippet:-1, max-image-preview:large, max-video-preview:-1\" \/>\n<link rel=\"canonical\" href=\"https:\/\/www.cidademarketing.com.br\/marketing\/2025\/09\/04\/icone-da-moda-giorgio-armani-morre-aos-91-anos\/\" \/>\n<meta property=\"og:locale\" content=\"pt_BR\" \/>\n<meta property=\"og:type\" content=\"article\" \/>\n<meta property=\"og:title\" content=\"\u00cdcone da moda, Giorgio Armani morre aos 91 anos - CidadeMarketing\" \/>\n<meta property=\"og:description\" content=\"O mundo da moda perdeu um de seus maiores \u00edcones. O estilista italiano Giorgio Armani faleceu nesta quinta-feira (4), aos 91 anos, conforme comunicado emitido por sua empresa. &#8220;Com infinita tristeza, o Grupo Armani anuncia o falecimento de seu criador, fundador e incans\u00e1vel for\u00e7a motriz: Giorgio Armani&#8221;, declarou a renomada casa de moda. Conhecido carinhosamente [&hellip;]\" \/>\n<meta property=\"og:url\" content=\"https:\/\/www.cidademarketing.com.br\/marketing\/2025\/09\/04\/icone-da-moda-giorgio-armani-morre-aos-91-anos\/\" \/>\n<meta property=\"og:site_name\" content=\"CidadeMarketing\" \/>\n<meta property=\"article:publisher\" content=\"https:\/\/www.facebook.com\/portalcidademarketing\" \/>\n<meta property=\"article:author\" content=\"https:\/\/www.facebook.com\/thalesbrandao\" \/>\n<meta property=\"article:published_time\" content=\"2025-09-04T13:57:30+00:00\" \/>\n<meta property=\"article:modified_time\" content=\"2025-09-04T14:05:52+00:00\" \/>\n<meta property=\"og:image\" content=\"https:\/\/www.cidademarketing.com.br\/marketing\/wp-content\/uploads\/2025\/09\/giorgio_armani_moda_italy.webp\" \/>\n\t<meta property=\"og:image:width\" content=\"1000\" \/>\n\t<meta property=\"og:image:height\" content=\"1250\" \/>\n\t<meta property=\"og:image:type\" content=\"image\/webp\" \/>\n<meta name=\"author\" content=\"Thales Brand\u00e3o\" \/>\n<meta name=\"twitter:card\" content=\"summary_large_image\" \/>\n<meta name=\"twitter:creator\" content=\"@http:\/\/www.twitter.com\/thalesbrandao\" \/>\n<meta name=\"twitter:site\" content=\"@CidadeMarketing\" \/>\n<meta name=\"twitter:label1\" content=\"Escrito por\" \/>\n\t<meta name=\"twitter:data1\" content=\"Thales Brand\u00e3o\" \/>\n\t<meta name=\"twitter:label2\" content=\"Est. tempo de leitura\" \/>\n\t<meta name=\"twitter:data2\" content=\"6 minutos\" \/>\n<script type=\"application\/ld+json\" class=\"yoast-schema-graph\">{\"@context\":\"https:\\\/\\\/schema.org\",\"@graph\":[{\"@type\":\"Article\",\"@id\":\"https:\\\/\\\/www.cidademarketing.com.br\\\/marketing\\\/2025\\\/09\\\/04\\\/icone-da-moda-giorgio-armani-morre-aos-91-anos\\\/#article\",\"isPartOf\":{\"@id\":\"https:\\\/\\\/www.cidademarketing.com.br\\\/marketing\\\/2025\\\/09\\\/04\\\/icone-da-moda-giorgio-armani-morre-aos-91-anos\\\/\"},\"author\":{\"name\":\"Thales Brand\u00e3o\",\"@id\":\"https:\\\/\\\/www.cidademarketing.com.br\\\/marketing\\\/#\\\/schema\\\/person\\\/02daff9f18bd9378c9e01eb6b2db155f\"},\"headline\":\"\u00cdcone da moda, Giorgio Armani morre aos 91 anos\",\"datePublished\":\"2025-09-04T13:57:30+00:00\",\"dateModified\":\"2025-09-04T14:05:52+00:00\",\"mainEntityOfPage\":{\"@id\":\"https:\\\/\\\/www.cidademarketing.com.br\\\/marketing\\\/2025\\\/09\\\/04\\\/icone-da-moda-giorgio-armani-morre-aos-91-anos\\\/\"},\"wordCount\":1038,\"commentCount\":0,\"publisher\":{\"@id\":\"https:\\\/\\\/www.cidademarketing.com.br\\\/marketing\\\/#organization\"},\"image\":{\"@id\":\"https:\\\/\\\/www.cidademarketing.com.br\\\/marketing\\\/2025\\\/09\\\/04\\\/icone-da-moda-giorgio-armani-morre-aos-91-anos\\\/#primaryimage\"},\"thumbnailUrl\":\"https:\\\/\\\/www.cidademarketing.com.br\\\/marketing\\\/wp-content\\\/uploads\\\/2025\\\/09\\\/giorgio_armani_moda_italy.webp\",\"keywords\":[\"cinema\",\"empreendedor\",\"estilista\",\"estilista italiano\",\"estrat\u00e9gia\",\"Giorgio Armani\",\"It\u00e1lia\",\"marketing de luxo\",\"moda\",\"moda e cinema\",\"Re Giorgio\",\"Rei Giorgio\"],\"articleSection\":[\"Not\u00edcias\"],\"inLanguage\":\"pt-BR\",\"potentialAction\":[{\"@type\":\"CommentAction\",\"name\":\"Comment\",\"target\":[\"https:\\\/\\\/www.cidademarketing.com.br\\\/marketing\\\/2025\\\/09\\\/04\\\/icone-da-moda-giorgio-armani-morre-aos-91-anos\\\/#respond\"]}]},{\"@type\":\"WebPage\",\"@id\":\"https:\\\/\\\/www.cidademarketing.com.br\\\/marketing\\\/2025\\\/09\\\/04\\\/icone-da-moda-giorgio-armani-morre-aos-91-anos\\\/\",\"url\":\"https:\\\/\\\/www.cidademarketing.com.br\\\/marketing\\\/2025\\\/09\\\/04\\\/icone-da-moda-giorgio-armani-morre-aos-91-anos\\\/\",\"name\":\"\u00cdcone da moda, Giorgio Armani morre aos 91 anos - CidadeMarketing\",\"isPartOf\":{\"@id\":\"https:\\\/\\\/www.cidademarketing.com.br\\\/marketing\\\/#website\"},\"primaryImageOfPage\":{\"@id\":\"https:\\\/\\\/www.cidademarketing.com.br\\\/marketing\\\/2025\\\/09\\\/04\\\/icone-da-moda-giorgio-armani-morre-aos-91-anos\\\/#primaryimage\"},\"image\":{\"@id\":\"https:\\\/\\\/www.cidademarketing.com.br\\\/marketing\\\/2025\\\/09\\\/04\\\/icone-da-moda-giorgio-armani-morre-aos-91-anos\\\/#primaryimage\"},\"thumbnailUrl\":\"https:\\\/\\\/www.cidademarketing.com.br\\\/marketing\\\/wp-content\\\/uploads\\\/2025\\\/09\\\/giorgio_armani_moda_italy.webp\",\"datePublished\":\"2025-09-04T13:57:30+00:00\",\"dateModified\":\"2025-09-04T14:05:52+00:00\",\"breadcrumb\":{\"@id\":\"https:\\\/\\\/www.cidademarketing.com.br\\\/marketing\\\/2025\\\/09\\\/04\\\/icone-da-moda-giorgio-armani-morre-aos-91-anos\\\/#breadcrumb\"},\"inLanguage\":\"pt-BR\",\"potentialAction\":[{\"@type\":\"ReadAction\",\"target\":[\"https:\\\/\\\/www.cidademarketing.com.br\\\/marketing\\\/2025\\\/09\\\/04\\\/icone-da-moda-giorgio-armani-morre-aos-91-anos\\\/\"]}]},{\"@type\":\"ImageObject\",\"inLanguage\":\"pt-BR\",\"@id\":\"https:\\\/\\\/www.cidademarketing.com.br\\\/marketing\\\/2025\\\/09\\\/04\\\/icone-da-moda-giorgio-armani-morre-aos-91-anos\\\/#primaryimage\",\"url\":\"https:\\\/\\\/www.cidademarketing.com.br\\\/marketing\\\/wp-content\\\/uploads\\\/2025\\\/09\\\/giorgio_armani_moda_italy.webp\",\"contentUrl\":\"https:\\\/\\\/www.cidademarketing.com.br\\\/marketing\\\/wp-content\\\/uploads\\\/2025\\\/09\\\/giorgio_armani_moda_italy.webp\",\"width\":1000,\"height\":1250,\"caption\":\"Divulga\u00e7\u00e3o\\\/Perfil da marca Giorgio Armani no Linkedin\"},{\"@type\":\"BreadcrumbList\",\"@id\":\"https:\\\/\\\/www.cidademarketing.com.br\\\/marketing\\\/2025\\\/09\\\/04\\\/icone-da-moda-giorgio-armani-morre-aos-91-anos\\\/#breadcrumb\",\"itemListElement\":[{\"@type\":\"ListItem\",\"position\":1,\"name\":\"In\u00edcio\",\"item\":\"https:\\\/\\\/www.cidademarketing.com.br\\\/marketing\\\/\"},{\"@type\":\"ListItem\",\"position\":2,\"name\":\"\u00cdcone da moda, Giorgio Armani morre aos 91 anos\"}]},{\"@type\":\"WebSite\",\"@id\":\"https:\\\/\\\/www.cidademarketing.com.br\\\/marketing\\\/#website\",\"url\":\"https:\\\/\\\/www.cidademarketing.com.br\\\/marketing\\\/\",\"name\":\"CidadeMarketing\",\"description\":\"Somos um ve\u00edculo de comunica\u00e7\u00e3o de destaque no Brasil, reconhecido por conte\u00fados nos segmentos de marketing, empreendedorismo e inova\u00e7\u00e3o.\",\"publisher\":{\"@id\":\"https:\\\/\\\/www.cidademarketing.com.br\\\/marketing\\\/#organization\"},\"alternateName\":\"CidadeMarketing\",\"potentialAction\":[{\"@type\":\"SearchAction\",\"target\":{\"@type\":\"EntryPoint\",\"urlTemplate\":\"https:\\\/\\\/www.cidademarketing.com.br\\\/marketing\\\/?s={search_term_string}\"},\"query-input\":{\"@type\":\"PropertyValueSpecification\",\"valueRequired\":true,\"valueName\":\"search_term_string\"}}],\"inLanguage\":\"pt-BR\"},{\"@type\":\"Organization\",\"@id\":\"https:\\\/\\\/www.cidademarketing.com.br\\\/marketing\\\/#organization\",\"name\":\"CidadeMarketing\",\"alternateName\":\"CidadeMarketing\",\"url\":\"https:\\\/\\\/www.cidademarketing.com.br\\\/marketing\\\/\",\"logo\":{\"@type\":\"ImageObject\",\"inLanguage\":\"pt-BR\",\"@id\":\"https:\\\/\\\/www.cidademarketing.com.br\\\/marketing\\\/#\\\/schema\\\/logo\\\/image\\\/\",\"url\":\"https:\\\/\\\/www.cidademarketing.com.br\\\/marketing\\\/wp-content\\\/uploads\\\/2020\\\/01\\\/cidademarketing_marca_mobile.png\",\"contentUrl\":\"https:\\\/\\\/www.cidademarketing.com.br\\\/marketing\\\/wp-content\\\/uploads\\\/2020\\\/01\\\/cidademarketing_marca_mobile.png\",\"width\":230,\"height\":92,\"caption\":\"CidadeMarketing\"},\"image\":{\"@id\":\"https:\\\/\\\/www.cidademarketing.com.br\\\/marketing\\\/#\\\/schema\\\/logo\\\/image\\\/\"},\"sameAs\":[\"https:\\\/\\\/www.facebook.com\\\/portalcidademarketing\",\"https:\\\/\\\/x.com\\\/CidadeMarketing\",\"https:\\\/\\\/www.instagram.com\\\/cidademarketing\\\/\"]},{\"@type\":\"Person\",\"@id\":\"https:\\\/\\\/www.cidademarketing.com.br\\\/marketing\\\/#\\\/schema\\\/person\\\/02daff9f18bd9378c9e01eb6b2db155f\",\"name\":\"Thales Brand\u00e3o\",\"image\":{\"@type\":\"ImageObject\",\"inLanguage\":\"pt-BR\",\"@id\":\"https:\\\/\\\/secure.gravatar.com\\\/avatar\\\/7ca3206950207cc3cb48feec56a8a7898741ab725c368d99d5d7a5a50aab80c6?s=96&d=mm&r=g\",\"url\":\"https:\\\/\\\/secure.gravatar.com\\\/avatar\\\/7ca3206950207cc3cb48feec56a8a7898741ab725c368d99d5d7a5a50aab80c6?s=96&d=mm&r=g\",\"contentUrl\":\"https:\\\/\\\/secure.gravatar.com\\\/avatar\\\/7ca3206950207cc3cb48feec56a8a7898741ab725c368d99d5d7a5a50aab80c6?s=96&d=mm&r=g\",\"caption\":\"Thales Brand\u00e3o\"},\"description\":\"Editor Executivo do Portal CidadeMarketing.com.br &gt; Mestre em Comunica\u00e7\u00e3o e Sociedade pela Universidade Federal de Sergipe. Possui MBA Executivo em Administra\u00e7\u00e3o com \u00eanfase em Marketing pela Funda\u00e7\u00e3o Get\u00falio Vargas - Rio de Janeiro. Consultor, Palestrante e Pesquisador sobre Empreendedorismo, Marketing, Redes Sociais e Neg\u00f3cios Digitais. Professor, Palestrante TedxTalks e Campus Party. Twitter: @ThalesBrandao\",\"sameAs\":[\"http:\\\/\\\/www.mandacaru.com.br\",\"https:\\\/\\\/www.facebook.com\\\/thalesbrandao\",\"http:\\\/\\\/www.instagram.com.br\\\/thalesbrandaoferreira\",\"https:\\\/\\\/www.linkedin.com\\\/in\\\/thales-brand\u00e3o-3948609\\\/\",\"https:\\\/\\\/x.com\\\/http:\\\/\\\/www.twitter.com\\\/thalesbrandao\"],\"url\":\"https:\\\/\\\/www.cidademarketing.com.br\\\/marketing\\\/author\\\/thalesbrandao\\\/\"}]}<\/script>\n<!-- \/ Yoast SEO plugin. -->","yoast_head_json":{"title":"\u00cdcone da moda, Giorgio Armani morre aos 91 anos - CidadeMarketing","robots":{"index":"index","follow":"follow","max-snippet":"max-snippet:-1","max-image-preview":"max-image-preview:large","max-video-preview":"max-video-preview:-1"},"canonical":"https:\/\/www.cidademarketing.com.br\/marketing\/2025\/09\/04\/icone-da-moda-giorgio-armani-morre-aos-91-anos\/","og_locale":"pt_BR","og_type":"article","og_title":"\u00cdcone da moda, Giorgio Armani morre aos 91 anos - CidadeMarketing","og_description":"O mundo da moda perdeu um de seus maiores \u00edcones. O estilista italiano Giorgio Armani faleceu nesta quinta-feira (4), aos 91 anos, conforme comunicado emitido por sua empresa. &#8220;Com infinita tristeza, o Grupo Armani anuncia o falecimento de seu criador, fundador e incans\u00e1vel for\u00e7a motriz: Giorgio Armani&#8221;, declarou a renomada casa de moda. Conhecido carinhosamente [&hellip;]","og_url":"https:\/\/www.cidademarketing.com.br\/marketing\/2025\/09\/04\/icone-da-moda-giorgio-armani-morre-aos-91-anos\/","og_site_name":"CidadeMarketing","article_publisher":"https:\/\/www.facebook.com\/portalcidademarketing","article_author":"https:\/\/www.facebook.com\/thalesbrandao","article_published_time":"2025-09-04T13:57:30+00:00","article_modified_time":"2025-09-04T14:05:52+00:00","og_image":[{"width":1000,"height":1250,"url":"https:\/\/www.cidademarketing.com.br\/marketing\/wp-content\/uploads\/2025\/09\/giorgio_armani_moda_italy.webp","type":"image\/webp"}],"author":"Thales Brand\u00e3o","twitter_card":"summary_large_image","twitter_creator":"@http:\/\/www.twitter.com\/thalesbrandao","twitter_site":"@CidadeMarketing","twitter_misc":{"Escrito por":"Thales Brand\u00e3o","Est. tempo de leitura":"6 minutos"},"schema":{"@context":"https:\/\/schema.org","@graph":[{"@type":"Article","@id":"https:\/\/www.cidademarketing.com.br\/marketing\/2025\/09\/04\/icone-da-moda-giorgio-armani-morre-aos-91-anos\/#article","isPartOf":{"@id":"https:\/\/www.cidademarketing.com.br\/marketing\/2025\/09\/04\/icone-da-moda-giorgio-armani-morre-aos-91-anos\/"},"author":{"name":"Thales Brand\u00e3o","@id":"https:\/\/www.cidademarketing.com.br\/marketing\/#\/schema\/person\/02daff9f18bd9378c9e01eb6b2db155f"},"headline":"\u00cdcone da moda, Giorgio Armani morre aos 91 anos","datePublished":"2025-09-04T13:57:30+00:00","dateModified":"2025-09-04T14:05:52+00:00","mainEntityOfPage":{"@id":"https:\/\/www.cidademarketing.com.br\/marketing\/2025\/09\/04\/icone-da-moda-giorgio-armani-morre-aos-91-anos\/"},"wordCount":1038,"commentCount":0,"publisher":{"@id":"https:\/\/www.cidademarketing.com.br\/marketing\/#organization"},"image":{"@id":"https:\/\/www.cidademarketing.com.br\/marketing\/2025\/09\/04\/icone-da-moda-giorgio-armani-morre-aos-91-anos\/#primaryimage"},"thumbnailUrl":"https:\/\/www.cidademarketing.com.br\/marketing\/wp-content\/uploads\/2025\/09\/giorgio_armani_moda_italy.webp","keywords":["cinema","empreendedor","estilista","estilista italiano","estrat\u00e9gia","Giorgio Armani","It\u00e1lia","marketing de luxo","moda","moda e cinema","Re Giorgio","Rei Giorgio"],"articleSection":["Not\u00edcias"],"inLanguage":"pt-BR","potentialAction":[{"@type":"CommentAction","name":"Comment","target":["https:\/\/www.cidademarketing.com.br\/marketing\/2025\/09\/04\/icone-da-moda-giorgio-armani-morre-aos-91-anos\/#respond"]}]},{"@type":"WebPage","@id":"https:\/\/www.cidademarketing.com.br\/marketing\/2025\/09\/04\/icone-da-moda-giorgio-armani-morre-aos-91-anos\/","url":"https:\/\/www.cidademarketing.com.br\/marketing\/2025\/09\/04\/icone-da-moda-giorgio-armani-morre-aos-91-anos\/","name":"\u00cdcone da moda, Giorgio Armani morre aos 91 anos - CidadeMarketing","isPartOf":{"@id":"https:\/\/www.cidademarketing.com.br\/marketing\/#website"},"primaryImageOfPage":{"@id":"https:\/\/www.cidademarketing.com.br\/marketing\/2025\/09\/04\/icone-da-moda-giorgio-armani-morre-aos-91-anos\/#primaryimage"},"image":{"@id":"https:\/\/www.cidademarketing.com.br\/marketing\/2025\/09\/04\/icone-da-moda-giorgio-armani-morre-aos-91-anos\/#primaryimage"},"thumbnailUrl":"https:\/\/www.cidademarketing.com.br\/marketing\/wp-content\/uploads\/2025\/09\/giorgio_armani_moda_italy.webp","datePublished":"2025-09-04T13:57:30+00:00","dateModified":"2025-09-04T14:05:52+00:00","breadcrumb":{"@id":"https:\/\/www.cidademarketing.com.br\/marketing\/2025\/09\/04\/icone-da-moda-giorgio-armani-morre-aos-91-anos\/#breadcrumb"},"inLanguage":"pt-BR","potentialAction":[{"@type":"ReadAction","target":["https:\/\/www.cidademarketing.com.br\/marketing\/2025\/09\/04\/icone-da-moda-giorgio-armani-morre-aos-91-anos\/"]}]},{"@type":"ImageObject","inLanguage":"pt-BR","@id":"https:\/\/www.cidademarketing.com.br\/marketing\/2025\/09\/04\/icone-da-moda-giorgio-armani-morre-aos-91-anos\/#primaryimage","url":"https:\/\/www.cidademarketing.com.br\/marketing\/wp-content\/uploads\/2025\/09\/giorgio_armani_moda_italy.webp","contentUrl":"https:\/\/www.cidademarketing.com.br\/marketing\/wp-content\/uploads\/2025\/09\/giorgio_armani_moda_italy.webp","width":1000,"height":1250,"caption":"Divulga\u00e7\u00e3o\/Perfil da marca Giorgio Armani no Linkedin"},{"@type":"BreadcrumbList","@id":"https:\/\/www.cidademarketing.com.br\/marketing\/2025\/09\/04\/icone-da-moda-giorgio-armani-morre-aos-91-anos\/#breadcrumb","itemListElement":[{"@type":"ListItem","position":1,"name":"In\u00edcio","item":"https:\/\/www.cidademarketing.com.br\/marketing\/"},{"@type":"ListItem","position":2,"name":"\u00cdcone da moda, Giorgio Armani morre aos 91 anos"}]},{"@type":"WebSite","@id":"https:\/\/www.cidademarketing.com.br\/marketing\/#website","url":"https:\/\/www.cidademarketing.com.br\/marketing\/","name":"CidadeMarketing","description":"Somos um ve\u00edculo de comunica\u00e7\u00e3o de destaque no Brasil, reconhecido por conte\u00fados nos segmentos de marketing, empreendedorismo e inova\u00e7\u00e3o.","publisher":{"@id":"https:\/\/www.cidademarketing.com.br\/marketing\/#organization"},"alternateName":"CidadeMarketing","potentialAction":[{"@type":"SearchAction","target":{"@type":"EntryPoint","urlTemplate":"https:\/\/www.cidademarketing.com.br\/marketing\/?s={search_term_string}"},"query-input":{"@type":"PropertyValueSpecification","valueRequired":true,"valueName":"search_term_string"}}],"inLanguage":"pt-BR"},{"@type":"Organization","@id":"https:\/\/www.cidademarketing.com.br\/marketing\/#organization","name":"CidadeMarketing","alternateName":"CidadeMarketing","url":"https:\/\/www.cidademarketing.com.br\/marketing\/","logo":{"@type":"ImageObject","inLanguage":"pt-BR","@id":"https:\/\/www.cidademarketing.com.br\/marketing\/#\/schema\/logo\/image\/","url":"https:\/\/www.cidademarketing.com.br\/marketing\/wp-content\/uploads\/2020\/01\/cidademarketing_marca_mobile.png","contentUrl":"https:\/\/www.cidademarketing.com.br\/marketing\/wp-content\/uploads\/2020\/01\/cidademarketing_marca_mobile.png","width":230,"height":92,"caption":"CidadeMarketing"},"image":{"@id":"https:\/\/www.cidademarketing.com.br\/marketing\/#\/schema\/logo\/image\/"},"sameAs":["https:\/\/www.facebook.com\/portalcidademarketing","https:\/\/x.com\/CidadeMarketing","https:\/\/www.instagram.com\/cidademarketing\/"]},{"@type":"Person","@id":"https:\/\/www.cidademarketing.com.br\/marketing\/#\/schema\/person\/02daff9f18bd9378c9e01eb6b2db155f","name":"Thales Brand\u00e3o","image":{"@type":"ImageObject","inLanguage":"pt-BR","@id":"https:\/\/secure.gravatar.com\/avatar\/7ca3206950207cc3cb48feec56a8a7898741ab725c368d99d5d7a5a50aab80c6?s=96&d=mm&r=g","url":"https:\/\/secure.gravatar.com\/avatar\/7ca3206950207cc3cb48feec56a8a7898741ab725c368d99d5d7a5a50aab80c6?s=96&d=mm&r=g","contentUrl":"https:\/\/secure.gravatar.com\/avatar\/7ca3206950207cc3cb48feec56a8a7898741ab725c368d99d5d7a5a50aab80c6?s=96&d=mm&r=g","caption":"Thales Brand\u00e3o"},"description":"Editor Executivo do Portal CidadeMarketing.com.br &gt; Mestre em Comunica\u00e7\u00e3o e Sociedade pela Universidade Federal de Sergipe. Possui MBA Executivo em Administra\u00e7\u00e3o com \u00eanfase em Marketing pela Funda\u00e7\u00e3o Get\u00falio Vargas - Rio de Janeiro. Consultor, Palestrante e Pesquisador sobre Empreendedorismo, Marketing, Redes Sociais e Neg\u00f3cios Digitais. Professor, Palestrante TedxTalks e Campus Party. Twitter: @ThalesBrandao","sameAs":["http:\/\/www.mandacaru.com.br","https:\/\/www.facebook.com\/thalesbrandao","http:\/\/www.instagram.com.br\/thalesbrandaoferreira","https:\/\/www.linkedin.com\/in\/thales-brand\u00e3o-3948609\/","https:\/\/x.com\/http:\/\/www.twitter.com\/thalesbrandao"],"url":"https:\/\/www.cidademarketing.com.br\/marketing\/author\/thalesbrandao\/"}]}},"amp_enabled":true,"_links":{"self":[{"href":"https:\/\/www.cidademarketing.com.br\/marketing\/wp-json\/wp\/v2\/posts\/57497","targetHints":{"allow":["GET"]}}],"collection":[{"href":"https:\/\/www.cidademarketing.com.br\/marketing\/wp-json\/wp\/v2\/posts"}],"about":[{"href":"https:\/\/www.cidademarketing.com.br\/marketing\/wp-json\/wp\/v2\/types\/post"}],"author":[{"embeddable":true,"href":"https:\/\/www.cidademarketing.com.br\/marketing\/wp-json\/wp\/v2\/users\/1"}],"replies":[{"embeddable":true,"href":"https:\/\/www.cidademarketing.com.br\/marketing\/wp-json\/wp\/v2\/comments?post=57497"}],"version-history":[{"count":4,"href":"https:\/\/www.cidademarketing.com.br\/marketing\/wp-json\/wp\/v2\/posts\/57497\/revisions"}],"predecessor-version":[{"id":57505,"href":"https:\/\/www.cidademarketing.com.br\/marketing\/wp-json\/wp\/v2\/posts\/57497\/revisions\/57505"}],"wp:featuredmedia":[{"embeddable":true,"href":"https:\/\/www.cidademarketing.com.br\/marketing\/wp-json\/wp\/v2\/media\/57500"}],"wp:attachment":[{"href":"https:\/\/www.cidademarketing.com.br\/marketing\/wp-json\/wp\/v2\/media?parent=57497"}],"wp:term":[{"taxonomy":"category","embeddable":true,"href":"https:\/\/www.cidademarketing.com.br\/marketing\/wp-json\/wp\/v2\/categories?post=57497"},{"taxonomy":"post_tag","embeddable":true,"href":"https:\/\/www.cidademarketing.com.br\/marketing\/wp-json\/wp\/v2\/tags?post=57497"}],"curies":[{"name":"wp","href":"https:\/\/api.w.org\/{rel}","templated":true}]}}