{"id":57180,"date":"2025-08-01T19:02:59","date_gmt":"2025-08-01T22:02:59","guid":{"rendered":"https:\/\/www.cidademarketing.com.br\/marketing\/?p=57180"},"modified":"2025-08-01T19:02:59","modified_gmt":"2025-08-01T22:02:59","slug":"renault-group-anuncia-francois-provost-como-novo-ceo-global","status":"publish","type":"post","link":"https:\/\/www.cidademarketing.com.br\/marketing\/2025\/08\/01\/renault-group-anuncia-francois-provost-como-novo-ceo-global\/","title":{"rendered":"Renault Group anuncia Fran\u00e7ois Provost como novo CEO global"},"content":{"rendered":"<p>O Conselho de Administra\u00e7\u00e3o do Renault Group anunciou, nesta quarta-feira (31), a nomea\u00e7\u00e3o de Fran\u00e7ois Provost como novo Chief Executive Officer (CEO) da Renault S.A. e Presidente da Renault s.a.s. O executivo assume o cargo por um mandato de quatro anos, sucedendo o CEO interino Duncan Minto. A decis\u00e3o foi tomada ap\u00f3s recomenda\u00e7\u00e3o do Comit\u00ea de Governan\u00e7a e Remunera\u00e7\u00e3o da companhia.<\/p>\n<p>Com 23 anos de atua\u00e7\u00e3o no grupo, Fran\u00e7ois Provost ocupava recentemente a fun\u00e7\u00e3o de Chief Procurement, Partnerships and Public Affairs Officer, tendo sido figura-chave em negocia\u00e7\u00f5es estrat\u00e9gicas com empresas como Nissan, Geely e Aramco. Sua trajet\u00f3ria inclui passagens por Portugal, R\u00fassia, Coreia do Sul e China, o que lhe garante uma s\u00f3lida experi\u00eancia internacional e uma compreens\u00e3o profunda dos desafios globais do setor automotivo.<\/p>\n<p>\u201cFran\u00e7ois Provost saber\u00e1 comandar o grupo com discernimento e determina\u00e7\u00e3o, em um ambiente que exige rigor na execu\u00e7\u00e3o, vis\u00e3o estrat\u00e9gica e inova\u00e7\u00e3o\u201d, afirmou Jean-Dominique Senard, presidente do Conselho de Administra\u00e7\u00e3o do Renault Group. \u201cEstou ansioso para trabalhar com ele na conclus\u00e3o do plano estrat\u00e9gico atual e na constru\u00e7\u00e3o do pr\u00f3ximo.\u201d<\/p>\n<p>Logo ap\u00f3s sua nomea\u00e7\u00e3o, Fran\u00e7ois Provost destacou o orgulho e a responsabilidade de liderar um dos maiores grupos industriais da Fran\u00e7a. Ele afirmou estar comprometido com a acelera\u00e7\u00e3o da transforma\u00e7\u00e3o da empresa em um cen\u00e1rio global cada vez mais competitivo.<\/p>\n<p>\u201cO Renault Group possui bases s\u00f3lidas, marcas fortes e uma equipe altamente engajada. Estou pronto para liderar esse novo cap\u00edtulo com energia, determina\u00e7\u00e3o e colabora\u00e7\u00e3o com todos os nossos parceiros e colaboradores ao redor do mundo\u201d, declarou.<\/p>\n<p>A chegada de Fran\u00e7ois Provost \u00e0 lideran\u00e7a ocorre em um momento crucial para o grupo, que busca ampliar sua presen\u00e7a internacional, fortalecer parcerias estrat\u00e9gicas e manter altos padr\u00f5es de performance e inova\u00e7\u00e3o. A nomea\u00e7\u00e3o tamb\u00e9m refor\u00e7a a aposta do Renault Group em lideran\u00e7as com amplo conhecimento interno e bagagem internacional s\u00f3lida.<\/p>\n<p>\u201cComo novo CEO do Renault Group, estou mais do que convencido que contamos com todas as bases para sermos bem-sucedidos: equipes comprometidas, um planejamento de produtos robusto, um posicionamento claro das nossas marcas e uma organiza\u00e7\u00e3o inovadora. Em um contexto de mercado desafiador, nossos resultados do primeiro semestre n\u00e3o est\u00e3o alinhados com nossas ambi\u00e7\u00f5es iniciais. J\u00e1 demos in\u00edcio a uma s\u00e9rie de a\u00e7\u00f5es para atingir nossos objetivos. Entretanto, a lucratividade do Renault Group continua sendo uma refer\u00eancia em nosso setor e estamos determinados a manter este padr\u00e3o. O roadmap \u00e9 claro: assegurar a continuidade da nossa estrat\u00e9gia e acelerar a nossa transforma\u00e7\u00e3o. Em um ambiente extremamente disruptivo, estamos nos concentrando naquilo que podemos controlar: a motiva\u00e7\u00e3o das nossas equipes, prioriza\u00e7\u00e3o dos investimentos em produtos, entrega de uma performance best in class e tirar proveito da nossa rede \u00fanica de parceiros. Tenho certeza que o Renault Group tem boas condi\u00e7\u00f5es de criar valor para os pr\u00f3ximos anos, no melhor n\u00edvel e de forma perene\u201d, declarou Fran\u00e7ois Provost, CEO do Renault Group.<\/p>\n<p><strong>Perfil do novo CEO<\/strong><br \/>\nNascido em 1968, Fran\u00e7ois Provost \u00e9 formado pela Escola Polit\u00e9cnica da Fran\u00e7a e Engenheiro-Chefe do Corpo T\u00e9cnico das Minas. Ingressou na Renault em 2002 e desde ent\u00e3o ocupou posi\u00e7\u00f5es de destaque como CEO da Renault-Nissan Portugal, CEO da Renault Samsung Motors na Coreia e Diretor de Opera\u00e7\u00f5es para a regi\u00e3o \u00c1sia-Pac\u00edfico.<\/p>\n","protected":false},"excerpt":{"rendered":"<p>O Conselho de Administra\u00e7\u00e3o do Renault Group anunciou, nesta quarta-feira (31), a nomea\u00e7\u00e3o de Fran\u00e7ois Provost como novo Chief Executive Officer (CEO) da Renault S.A. e Presidente da Renault s.a.s. O executivo assume o cargo por um mandato de quatro anos, sucedendo o CEO interino Duncan Minto. A decis\u00e3o foi tomada ap\u00f3s recomenda\u00e7\u00e3o do Comit\u00ea [&hellip;]<\/p>\n","protected":false},"author":1,"featured_media":57184,"comment_status":"open","ping_status":"open","sticky":false,"template":"","format":"standard","meta":{"tdm_status":"","tdm_grid_status":"","footnotes":""},"categories":[6],"tags":[65,753,9629,33,9628,200,195,28,134,4100],"class_list":["post-57180","post","type-post","status-publish","format-standard","has-post-thumbnail","hentry","category-noticias","tag-campanha","tag-ceo","tag-ceo-global","tag-estrategia","tag-francois-provost","tag-lider","tag-lideranca","tag-marketing","tag-renault","tag-renault-group"],"yoast_head":"<!-- This site is optimized with the Yoast SEO plugin v27.5 - https:\/\/yoast.com\/product\/yoast-seo-wordpress\/ -->\n<title>Renault Group anuncia Fran\u00e7ois Provost como novo CEO global - CidadeMarketing<\/title>\n<meta name=\"robots\" content=\"index, follow, max-snippet:-1, max-image-preview:large, max-video-preview:-1\" \/>\n<link rel=\"canonical\" href=\"https:\/\/www.cidademarketing.com.br\/marketing\/2025\/08\/01\/renault-group-anuncia-francois-provost-como-novo-ceo-global\/\" \/>\n<meta property=\"og:locale\" content=\"pt_BR\" \/>\n<meta property=\"og:type\" content=\"article\" \/>\n<meta property=\"og:title\" content=\"Renault Group anuncia Fran\u00e7ois Provost como novo CEO global - CidadeMarketing\" \/>\n<meta property=\"og:description\" content=\"O Conselho de Administra\u00e7\u00e3o do Renault Group anunciou, nesta quarta-feira (31), a nomea\u00e7\u00e3o de Fran\u00e7ois Provost como novo Chief Executive Officer (CEO) da Renault S.A. e Presidente da Renault s.a.s. O executivo assume o cargo por um mandato de quatro anos, sucedendo o CEO interino Duncan Minto. A decis\u00e3o foi tomada ap\u00f3s recomenda\u00e7\u00e3o do Comit\u00ea [&hellip;]\" \/>\n<meta property=\"og:url\" content=\"https:\/\/www.cidademarketing.com.br\/marketing\/2025\/08\/01\/renault-group-anuncia-francois-provost-como-novo-ceo-global\/\" \/>\n<meta property=\"og:site_name\" content=\"CidadeMarketing\" \/>\n<meta property=\"article:publisher\" content=\"https:\/\/www.facebook.com\/portalcidademarketing\" \/>\n<meta property=\"article:author\" content=\"https:\/\/www.facebook.com\/thalesbrandao\" \/>\n<meta property=\"article:published_time\" content=\"2025-08-01T22:02:59+00:00\" \/>\n<meta property=\"og:image\" content=\"https:\/\/www.cidademarketing.com.br\/marketing\/wp-content\/uploads\/2025\/08\/renault_group_francois_provost.webp\" \/>\n\t<meta property=\"og:image:width\" content=\"1000\" \/>\n\t<meta property=\"og:image:height\" content=\"562\" \/>\n\t<meta property=\"og:image:type\" content=\"image\/webp\" \/>\n<meta name=\"author\" content=\"Thales Brand\u00e3o\" \/>\n<meta name=\"twitter:card\" content=\"summary_large_image\" \/>\n<meta name=\"twitter:creator\" content=\"@http:\/\/www.twitter.com\/thalesbrandao\" \/>\n<meta name=\"twitter:site\" content=\"@CidadeMarketing\" \/>\n<meta name=\"twitter:label1\" content=\"Escrito por\" \/>\n\t<meta name=\"twitter:data1\" content=\"Thales Brand\u00e3o\" \/>\n\t<meta name=\"twitter:label2\" content=\"Est. tempo de leitura\" \/>\n\t<meta name=\"twitter:data2\" content=\"3 minutos\" \/>\n<script type=\"application\/ld+json\" class=\"yoast-schema-graph\">{\"@context\":\"https:\\\/\\\/schema.org\",\"@graph\":[{\"@type\":\"Article\",\"@id\":\"https:\\\/\\\/www.cidademarketing.com.br\\\/marketing\\\/2025\\\/08\\\/01\\\/renault-group-anuncia-francois-provost-como-novo-ceo-global\\\/#article\",\"isPartOf\":{\"@id\":\"https:\\\/\\\/www.cidademarketing.com.br\\\/marketing\\\/2025\\\/08\\\/01\\\/renault-group-anuncia-francois-provost-como-novo-ceo-global\\\/\"},\"author\":{\"name\":\"Thales Brand\u00e3o\",\"@id\":\"https:\\\/\\\/www.cidademarketing.com.br\\\/marketing\\\/#\\\/schema\\\/person\\\/02daff9f18bd9378c9e01eb6b2db155f\"},\"headline\":\"Renault Group anuncia Fran\u00e7ois Provost como novo CEO global\",\"datePublished\":\"2025-08-01T22:02:59+00:00\",\"mainEntityOfPage\":{\"@id\":\"https:\\\/\\\/www.cidademarketing.com.br\\\/marketing\\\/2025\\\/08\\\/01\\\/renault-group-anuncia-francois-provost-como-novo-ceo-global\\\/\"},\"wordCount\":611,\"commentCount\":0,\"publisher\":{\"@id\":\"https:\\\/\\\/www.cidademarketing.com.br\\\/marketing\\\/#organization\"},\"image\":{\"@id\":\"https:\\\/\\\/www.cidademarketing.com.br\\\/marketing\\\/2025\\\/08\\\/01\\\/renault-group-anuncia-francois-provost-como-novo-ceo-global\\\/#primaryimage\"},\"thumbnailUrl\":\"https:\\\/\\\/www.cidademarketing.com.br\\\/marketing\\\/wp-content\\\/uploads\\\/2025\\\/08\\\/renault_group_francois_provost.webp\",\"keywords\":[\"campanha\",\"CEO\",\"CEO Global\",\"estrat\u00e9gia\",\"Fran\u00e7ois Provost\",\"l\u00edder\",\"lideran\u00e7a\",\"marketing\",\"Renault\",\"Renault Group\"],\"articleSection\":[\"Not\u00edcias\"],\"inLanguage\":\"pt-BR\",\"potentialAction\":[{\"@type\":\"CommentAction\",\"name\":\"Comment\",\"target\":[\"https:\\\/\\\/www.cidademarketing.com.br\\\/marketing\\\/2025\\\/08\\\/01\\\/renault-group-anuncia-francois-provost-como-novo-ceo-global\\\/#respond\"]}]},{\"@type\":\"WebPage\",\"@id\":\"https:\\\/\\\/www.cidademarketing.com.br\\\/marketing\\\/2025\\\/08\\\/01\\\/renault-group-anuncia-francois-provost-como-novo-ceo-global\\\/\",\"url\":\"https:\\\/\\\/www.cidademarketing.com.br\\\/marketing\\\/2025\\\/08\\\/01\\\/renault-group-anuncia-francois-provost-como-novo-ceo-global\\\/\",\"name\":\"Renault Group anuncia Fran\u00e7ois Provost como novo CEO global - CidadeMarketing\",\"isPartOf\":{\"@id\":\"https:\\\/\\\/www.cidademarketing.com.br\\\/marketing\\\/#website\"},\"primaryImageOfPage\":{\"@id\":\"https:\\\/\\\/www.cidademarketing.com.br\\\/marketing\\\/2025\\\/08\\\/01\\\/renault-group-anuncia-francois-provost-como-novo-ceo-global\\\/#primaryimage\"},\"image\":{\"@id\":\"https:\\\/\\\/www.cidademarketing.com.br\\\/marketing\\\/2025\\\/08\\\/01\\\/renault-group-anuncia-francois-provost-como-novo-ceo-global\\\/#primaryimage\"},\"thumbnailUrl\":\"https:\\\/\\\/www.cidademarketing.com.br\\\/marketing\\\/wp-content\\\/uploads\\\/2025\\\/08\\\/renault_group_francois_provost.webp\",\"datePublished\":\"2025-08-01T22:02:59+00:00\",\"breadcrumb\":{\"@id\":\"https:\\\/\\\/www.cidademarketing.com.br\\\/marketing\\\/2025\\\/08\\\/01\\\/renault-group-anuncia-francois-provost-como-novo-ceo-global\\\/#breadcrumb\"},\"inLanguage\":\"pt-BR\",\"potentialAction\":[{\"@type\":\"ReadAction\",\"target\":[\"https:\\\/\\\/www.cidademarketing.com.br\\\/marketing\\\/2025\\\/08\\\/01\\\/renault-group-anuncia-francois-provost-como-novo-ceo-global\\\/\"]}]},{\"@type\":\"ImageObject\",\"inLanguage\":\"pt-BR\",\"@id\":\"https:\\\/\\\/www.cidademarketing.com.br\\\/marketing\\\/2025\\\/08\\\/01\\\/renault-group-anuncia-francois-provost-como-novo-ceo-global\\\/#primaryimage\",\"url\":\"https:\\\/\\\/www.cidademarketing.com.br\\\/marketing\\\/wp-content\\\/uploads\\\/2025\\\/08\\\/renault_group_francois_provost.webp\",\"contentUrl\":\"https:\\\/\\\/www.cidademarketing.com.br\\\/marketing\\\/wp-content\\\/uploads\\\/2025\\\/08\\\/renault_group_francois_provost.webp\",\"width\":1000,\"height\":562,\"caption\":\"Divulga\u00e7\u00e3o\"},{\"@type\":\"BreadcrumbList\",\"@id\":\"https:\\\/\\\/www.cidademarketing.com.br\\\/marketing\\\/2025\\\/08\\\/01\\\/renault-group-anuncia-francois-provost-como-novo-ceo-global\\\/#breadcrumb\",\"itemListElement\":[{\"@type\":\"ListItem\",\"position\":1,\"name\":\"In\u00edcio\",\"item\":\"https:\\\/\\\/www.cidademarketing.com.br\\\/marketing\\\/\"},{\"@type\":\"ListItem\",\"position\":2,\"name\":\"Renault Group anuncia Fran\u00e7ois Provost como novo CEO global\"}]},{\"@type\":\"WebSite\",\"@id\":\"https:\\\/\\\/www.cidademarketing.com.br\\\/marketing\\\/#website\",\"url\":\"https:\\\/\\\/www.cidademarketing.com.br\\\/marketing\\\/\",\"name\":\"CidadeMarketing\",\"description\":\"Somos um ve\u00edculo de comunica\u00e7\u00e3o de destaque no Brasil, reconhecido por conte\u00fados nos segmentos de marketing, empreendedorismo e inova\u00e7\u00e3o.\",\"publisher\":{\"@id\":\"https:\\\/\\\/www.cidademarketing.com.br\\\/marketing\\\/#organization\"},\"alternateName\":\"CidadeMarketing\",\"potentialAction\":[{\"@type\":\"SearchAction\",\"target\":{\"@type\":\"EntryPoint\",\"urlTemplate\":\"https:\\\/\\\/www.cidademarketing.com.br\\\/marketing\\\/?s={search_term_string}\"},\"query-input\":{\"@type\":\"PropertyValueSpecification\",\"valueRequired\":true,\"valueName\":\"search_term_string\"}}],\"inLanguage\":\"pt-BR\"},{\"@type\":\"Organization\",\"@id\":\"https:\\\/\\\/www.cidademarketing.com.br\\\/marketing\\\/#organization\",\"name\":\"CidadeMarketing\",\"alternateName\":\"CidadeMarketing\",\"url\":\"https:\\\/\\\/www.cidademarketing.com.br\\\/marketing\\\/\",\"logo\":{\"@type\":\"ImageObject\",\"inLanguage\":\"pt-BR\",\"@id\":\"https:\\\/\\\/www.cidademarketing.com.br\\\/marketing\\\/#\\\/schema\\\/logo\\\/image\\\/\",\"url\":\"https:\\\/\\\/www.cidademarketing.com.br\\\/marketing\\\/wp-content\\\/uploads\\\/2020\\\/01\\\/cidademarketing_marca_mobile.png\",\"contentUrl\":\"https:\\\/\\\/www.cidademarketing.com.br\\\/marketing\\\/wp-content\\\/uploads\\\/2020\\\/01\\\/cidademarketing_marca_mobile.png\",\"width\":230,\"height\":92,\"caption\":\"CidadeMarketing\"},\"image\":{\"@id\":\"https:\\\/\\\/www.cidademarketing.com.br\\\/marketing\\\/#\\\/schema\\\/logo\\\/image\\\/\"},\"sameAs\":[\"https:\\\/\\\/www.facebook.com\\\/portalcidademarketing\",\"https:\\\/\\\/x.com\\\/CidadeMarketing\",\"https:\\\/\\\/www.instagram.com\\\/cidademarketing\\\/\"]},{\"@type\":\"Person\",\"@id\":\"https:\\\/\\\/www.cidademarketing.com.br\\\/marketing\\\/#\\\/schema\\\/person\\\/02daff9f18bd9378c9e01eb6b2db155f\",\"name\":\"Thales Brand\u00e3o\",\"image\":{\"@type\":\"ImageObject\",\"inLanguage\":\"pt-BR\",\"@id\":\"https:\\\/\\\/secure.gravatar.com\\\/avatar\\\/7ca3206950207cc3cb48feec56a8a7898741ab725c368d99d5d7a5a50aab80c6?s=96&d=mm&r=g\",\"url\":\"https:\\\/\\\/secure.gravatar.com\\\/avatar\\\/7ca3206950207cc3cb48feec56a8a7898741ab725c368d99d5d7a5a50aab80c6?s=96&d=mm&r=g\",\"contentUrl\":\"https:\\\/\\\/secure.gravatar.com\\\/avatar\\\/7ca3206950207cc3cb48feec56a8a7898741ab725c368d99d5d7a5a50aab80c6?s=96&d=mm&r=g\",\"caption\":\"Thales Brand\u00e3o\"},\"description\":\"Editor Executivo do Portal CidadeMarketing.com.br &gt; Mestre em Comunica\u00e7\u00e3o e Sociedade pela Universidade Federal de Sergipe. Possui MBA Executivo em Administra\u00e7\u00e3o com \u00eanfase em Marketing pela Funda\u00e7\u00e3o Get\u00falio Vargas - Rio de Janeiro. Consultor, Palestrante e Pesquisador sobre Empreendedorismo, Marketing, Redes Sociais e Neg\u00f3cios Digitais. Professor, Palestrante TedxTalks e Campus Party. Twitter: @ThalesBrandao\",\"sameAs\":[\"http:\\\/\\\/www.mandacaru.com.br\",\"https:\\\/\\\/www.facebook.com\\\/thalesbrandao\",\"http:\\\/\\\/www.instagram.com.br\\\/thalesbrandaoferreira\",\"https:\\\/\\\/www.linkedin.com\\\/in\\\/thales-brand\u00e3o-3948609\\\/\",\"https:\\\/\\\/x.com\\\/http:\\\/\\\/www.twitter.com\\\/thalesbrandao\"],\"url\":\"https:\\\/\\\/www.cidademarketing.com.br\\\/marketing\\\/author\\\/thalesbrandao\\\/\"}]}<\/script>\n<!-- \/ Yoast SEO plugin. -->","yoast_head_json":{"title":"Renault Group anuncia Fran\u00e7ois Provost como novo CEO global - CidadeMarketing","robots":{"index":"index","follow":"follow","max-snippet":"max-snippet:-1","max-image-preview":"max-image-preview:large","max-video-preview":"max-video-preview:-1"},"canonical":"https:\/\/www.cidademarketing.com.br\/marketing\/2025\/08\/01\/renault-group-anuncia-francois-provost-como-novo-ceo-global\/","og_locale":"pt_BR","og_type":"article","og_title":"Renault Group anuncia Fran\u00e7ois Provost como novo CEO global - CidadeMarketing","og_description":"O Conselho de Administra\u00e7\u00e3o do Renault Group anunciou, nesta quarta-feira (31), a nomea\u00e7\u00e3o de Fran\u00e7ois Provost como novo Chief Executive Officer (CEO) da Renault S.A. e Presidente da Renault s.a.s. O executivo assume o cargo por um mandato de quatro anos, sucedendo o CEO interino Duncan Minto. A decis\u00e3o foi tomada ap\u00f3s recomenda\u00e7\u00e3o do Comit\u00ea [&hellip;]","og_url":"https:\/\/www.cidademarketing.com.br\/marketing\/2025\/08\/01\/renault-group-anuncia-francois-provost-como-novo-ceo-global\/","og_site_name":"CidadeMarketing","article_publisher":"https:\/\/www.facebook.com\/portalcidademarketing","article_author":"https:\/\/www.facebook.com\/thalesbrandao","article_published_time":"2025-08-01T22:02:59+00:00","og_image":[{"width":1000,"height":562,"url":"https:\/\/www.cidademarketing.com.br\/marketing\/wp-content\/uploads\/2025\/08\/renault_group_francois_provost.webp","type":"image\/webp"}],"author":"Thales Brand\u00e3o","twitter_card":"summary_large_image","twitter_creator":"@http:\/\/www.twitter.com\/thalesbrandao","twitter_site":"@CidadeMarketing","twitter_misc":{"Escrito por":"Thales Brand\u00e3o","Est. tempo de leitura":"3 minutos"},"schema":{"@context":"https:\/\/schema.org","@graph":[{"@type":"Article","@id":"https:\/\/www.cidademarketing.com.br\/marketing\/2025\/08\/01\/renault-group-anuncia-francois-provost-como-novo-ceo-global\/#article","isPartOf":{"@id":"https:\/\/www.cidademarketing.com.br\/marketing\/2025\/08\/01\/renault-group-anuncia-francois-provost-como-novo-ceo-global\/"},"author":{"name":"Thales Brand\u00e3o","@id":"https:\/\/www.cidademarketing.com.br\/marketing\/#\/schema\/person\/02daff9f18bd9378c9e01eb6b2db155f"},"headline":"Renault Group anuncia Fran\u00e7ois Provost como novo CEO global","datePublished":"2025-08-01T22:02:59+00:00","mainEntityOfPage":{"@id":"https:\/\/www.cidademarketing.com.br\/marketing\/2025\/08\/01\/renault-group-anuncia-francois-provost-como-novo-ceo-global\/"},"wordCount":611,"commentCount":0,"publisher":{"@id":"https:\/\/www.cidademarketing.com.br\/marketing\/#organization"},"image":{"@id":"https:\/\/www.cidademarketing.com.br\/marketing\/2025\/08\/01\/renault-group-anuncia-francois-provost-como-novo-ceo-global\/#primaryimage"},"thumbnailUrl":"https:\/\/www.cidademarketing.com.br\/marketing\/wp-content\/uploads\/2025\/08\/renault_group_francois_provost.webp","keywords":["campanha","CEO","CEO Global","estrat\u00e9gia","Fran\u00e7ois Provost","l\u00edder","lideran\u00e7a","marketing","Renault","Renault Group"],"articleSection":["Not\u00edcias"],"inLanguage":"pt-BR","potentialAction":[{"@type":"CommentAction","name":"Comment","target":["https:\/\/www.cidademarketing.com.br\/marketing\/2025\/08\/01\/renault-group-anuncia-francois-provost-como-novo-ceo-global\/#respond"]}]},{"@type":"WebPage","@id":"https:\/\/www.cidademarketing.com.br\/marketing\/2025\/08\/01\/renault-group-anuncia-francois-provost-como-novo-ceo-global\/","url":"https:\/\/www.cidademarketing.com.br\/marketing\/2025\/08\/01\/renault-group-anuncia-francois-provost-como-novo-ceo-global\/","name":"Renault Group anuncia Fran\u00e7ois Provost como novo CEO global - CidadeMarketing","isPartOf":{"@id":"https:\/\/www.cidademarketing.com.br\/marketing\/#website"},"primaryImageOfPage":{"@id":"https:\/\/www.cidademarketing.com.br\/marketing\/2025\/08\/01\/renault-group-anuncia-francois-provost-como-novo-ceo-global\/#primaryimage"},"image":{"@id":"https:\/\/www.cidademarketing.com.br\/marketing\/2025\/08\/01\/renault-group-anuncia-francois-provost-como-novo-ceo-global\/#primaryimage"},"thumbnailUrl":"https:\/\/www.cidademarketing.com.br\/marketing\/wp-content\/uploads\/2025\/08\/renault_group_francois_provost.webp","datePublished":"2025-08-01T22:02:59+00:00","breadcrumb":{"@id":"https:\/\/www.cidademarketing.com.br\/marketing\/2025\/08\/01\/renault-group-anuncia-francois-provost-como-novo-ceo-global\/#breadcrumb"},"inLanguage":"pt-BR","potentialAction":[{"@type":"ReadAction","target":["https:\/\/www.cidademarketing.com.br\/marketing\/2025\/08\/01\/renault-group-anuncia-francois-provost-como-novo-ceo-global\/"]}]},{"@type":"ImageObject","inLanguage":"pt-BR","@id":"https:\/\/www.cidademarketing.com.br\/marketing\/2025\/08\/01\/renault-group-anuncia-francois-provost-como-novo-ceo-global\/#primaryimage","url":"https:\/\/www.cidademarketing.com.br\/marketing\/wp-content\/uploads\/2025\/08\/renault_group_francois_provost.webp","contentUrl":"https:\/\/www.cidademarketing.com.br\/marketing\/wp-content\/uploads\/2025\/08\/renault_group_francois_provost.webp","width":1000,"height":562,"caption":"Divulga\u00e7\u00e3o"},{"@type":"BreadcrumbList","@id":"https:\/\/www.cidademarketing.com.br\/marketing\/2025\/08\/01\/renault-group-anuncia-francois-provost-como-novo-ceo-global\/#breadcrumb","itemListElement":[{"@type":"ListItem","position":1,"name":"In\u00edcio","item":"https:\/\/www.cidademarketing.com.br\/marketing\/"},{"@type":"ListItem","position":2,"name":"Renault Group anuncia Fran\u00e7ois Provost como novo CEO global"}]},{"@type":"WebSite","@id":"https:\/\/www.cidademarketing.com.br\/marketing\/#website","url":"https:\/\/www.cidademarketing.com.br\/marketing\/","name":"CidadeMarketing","description":"Somos um ve\u00edculo de comunica\u00e7\u00e3o de destaque no Brasil, reconhecido por conte\u00fados nos segmentos de marketing, empreendedorismo e inova\u00e7\u00e3o.","publisher":{"@id":"https:\/\/www.cidademarketing.com.br\/marketing\/#organization"},"alternateName":"CidadeMarketing","potentialAction":[{"@type":"SearchAction","target":{"@type":"EntryPoint","urlTemplate":"https:\/\/www.cidademarketing.com.br\/marketing\/?s={search_term_string}"},"query-input":{"@type":"PropertyValueSpecification","valueRequired":true,"valueName":"search_term_string"}}],"inLanguage":"pt-BR"},{"@type":"Organization","@id":"https:\/\/www.cidademarketing.com.br\/marketing\/#organization","name":"CidadeMarketing","alternateName":"CidadeMarketing","url":"https:\/\/www.cidademarketing.com.br\/marketing\/","logo":{"@type":"ImageObject","inLanguage":"pt-BR","@id":"https:\/\/www.cidademarketing.com.br\/marketing\/#\/schema\/logo\/image\/","url":"https:\/\/www.cidademarketing.com.br\/marketing\/wp-content\/uploads\/2020\/01\/cidademarketing_marca_mobile.png","contentUrl":"https:\/\/www.cidademarketing.com.br\/marketing\/wp-content\/uploads\/2020\/01\/cidademarketing_marca_mobile.png","width":230,"height":92,"caption":"CidadeMarketing"},"image":{"@id":"https:\/\/www.cidademarketing.com.br\/marketing\/#\/schema\/logo\/image\/"},"sameAs":["https:\/\/www.facebook.com\/portalcidademarketing","https:\/\/x.com\/CidadeMarketing","https:\/\/www.instagram.com\/cidademarketing\/"]},{"@type":"Person","@id":"https:\/\/www.cidademarketing.com.br\/marketing\/#\/schema\/person\/02daff9f18bd9378c9e01eb6b2db155f","name":"Thales Brand\u00e3o","image":{"@type":"ImageObject","inLanguage":"pt-BR","@id":"https:\/\/secure.gravatar.com\/avatar\/7ca3206950207cc3cb48feec56a8a7898741ab725c368d99d5d7a5a50aab80c6?s=96&d=mm&r=g","url":"https:\/\/secure.gravatar.com\/avatar\/7ca3206950207cc3cb48feec56a8a7898741ab725c368d99d5d7a5a50aab80c6?s=96&d=mm&r=g","contentUrl":"https:\/\/secure.gravatar.com\/avatar\/7ca3206950207cc3cb48feec56a8a7898741ab725c368d99d5d7a5a50aab80c6?s=96&d=mm&r=g","caption":"Thales Brand\u00e3o"},"description":"Editor Executivo do Portal CidadeMarketing.com.br &gt; Mestre em Comunica\u00e7\u00e3o e Sociedade pela Universidade Federal de Sergipe. Possui MBA Executivo em Administra\u00e7\u00e3o com \u00eanfase em Marketing pela Funda\u00e7\u00e3o Get\u00falio Vargas - Rio de Janeiro. Consultor, Palestrante e Pesquisador sobre Empreendedorismo, Marketing, Redes Sociais e Neg\u00f3cios Digitais. Professor, Palestrante TedxTalks e Campus Party. Twitter: @ThalesBrandao","sameAs":["http:\/\/www.mandacaru.com.br","https:\/\/www.facebook.com\/thalesbrandao","http:\/\/www.instagram.com.br\/thalesbrandaoferreira","https:\/\/www.linkedin.com\/in\/thales-brand\u00e3o-3948609\/","https:\/\/x.com\/http:\/\/www.twitter.com\/thalesbrandao"],"url":"https:\/\/www.cidademarketing.com.br\/marketing\/author\/thalesbrandao\/"}]}},"amp_enabled":true,"_links":{"self":[{"href":"https:\/\/www.cidademarketing.com.br\/marketing\/wp-json\/wp\/v2\/posts\/57180","targetHints":{"allow":["GET"]}}],"collection":[{"href":"https:\/\/www.cidademarketing.com.br\/marketing\/wp-json\/wp\/v2\/posts"}],"about":[{"href":"https:\/\/www.cidademarketing.com.br\/marketing\/wp-json\/wp\/v2\/types\/post"}],"author":[{"embeddable":true,"href":"https:\/\/www.cidademarketing.com.br\/marketing\/wp-json\/wp\/v2\/users\/1"}],"replies":[{"embeddable":true,"href":"https:\/\/www.cidademarketing.com.br\/marketing\/wp-json\/wp\/v2\/comments?post=57180"}],"version-history":[{"count":1,"href":"https:\/\/www.cidademarketing.com.br\/marketing\/wp-json\/wp\/v2\/posts\/57180\/revisions"}],"predecessor-version":[{"id":57185,"href":"https:\/\/www.cidademarketing.com.br\/marketing\/wp-json\/wp\/v2\/posts\/57180\/revisions\/57185"}],"wp:featuredmedia":[{"embeddable":true,"href":"https:\/\/www.cidademarketing.com.br\/marketing\/wp-json\/wp\/v2\/media\/57184"}],"wp:attachment":[{"href":"https:\/\/www.cidademarketing.com.br\/marketing\/wp-json\/wp\/v2\/media?parent=57180"}],"wp:term":[{"taxonomy":"category","embeddable":true,"href":"https:\/\/www.cidademarketing.com.br\/marketing\/wp-json\/wp\/v2\/categories?post=57180"},{"taxonomy":"post_tag","embeddable":true,"href":"https:\/\/www.cidademarketing.com.br\/marketing\/wp-json\/wp\/v2\/tags?post=57180"}],"curies":[{"name":"wp","href":"https:\/\/api.w.org\/{rel}","templated":true}]}}