{"id":57176,"date":"2025-07-31T11:19:00","date_gmt":"2025-07-31T14:19:00","guid":{"rendered":"https:\/\/www.cidademarketing.com.br\/marketing\/?p=57176"},"modified":"2025-07-31T11:19:00","modified_gmt":"2025-07-31T14:19:00","slug":"saiba-os-produtos-brasileiros-que-nao-serao-taxados-nos-eua","status":"publish","type":"post","link":"https:\/\/www.cidademarketing.com.br\/marketing\/2025\/07\/31\/saiba-os-produtos-brasileiros-que-nao-serao-taxados-nos-eua\/","title":{"rendered":"Saiba os produtos brasileiros que n\u00e3o ser\u00e3o taxados nos EUA"},"content":{"rendered":"<p>O presidente dos Estados Unidos, Donald Trump, assinou nesta quarta-feira (30) uma Ordem Executiva que imp\u00f5e uma tarifa extra de 40% sobre determinados produtos brasileiros, elevando a al\u00edquota total de importa\u00e7\u00e3o para 50%. A medida entra em vigor no pr\u00f3ximo dia 6 de agosto e j\u00e1 preocupa exportadores e setores estrat\u00e9gicos da economia brasileira.\u00a0 Apesar da nova pol\u00edtica tarif\u00e1ria mais r\u00edgida, 694 produtos brasileiros ficaram isentos da nova cobran\u00e7a, conforme listado no Anexo I do decreto presidencial publicado no <a href=\"https:\/\/www.whitehouse.gov\/presidential-actions\/2025\/07\/addressing-threats-to-the-us\/\" target=\"_blank\" rel=\"noopener\">site oficial da Casa Branca<\/a>.<\/p>\n<p>Produtos que n\u00e3o ser\u00e3o taxados<br \/>\nEntre os produtos que ficaram de fora do tarifa\u00e7o, destacam-se:<br \/>\nSuco e polpa de laranja<br \/>\nCombust\u00edveis<br \/>\nMin\u00e9rios<br \/>\nFertilizantes<br \/>\nAeronaves civis (incluindo motores, pe\u00e7as e componentes)<br \/>\nCelulose<br \/>\nPolpa de madeira<br \/>\nMetais preciosos<br \/>\nEnergia e produtos energ\u00e9ticos<\/p>\n<p>Essas exce\u00e7\u00f5es foram comemoradas por segmentos do setor industrial e agr\u00edcola brasileiro. No setor aeron\u00e1utico, por exemplo, a Embraer foi diretamente beneficiada, uma vez que os Estados Unidos representam 45% das vendas de jatos comerciais e 70% das vendas de jatos executivos da fabricante. A not\u00edcia gerou impacto imediato no mercado financeiro, com as a\u00e7\u00f5es da Embraer (EMBR3) subindo mais de 10% ap\u00f3s o an\u00fancio.<\/p>\n<p>Especialistas apontam que a medida pode afetar de forma significativa o desempenho da balan\u00e7a comercial do Brasil com os Estados Unidos. Por outro lado, os setores inclu\u00eddos na lista de isen\u00e7\u00f5es ainda poder\u00e3o manter seu ritmo de exporta\u00e7\u00e3o, o que representa um al\u00edvio parcial para a economia brasileira em meio \u00e0 tens\u00e3o comercial.<\/p>\n<p>Em nota divulgada, o <a href=\"https:\/\/www.cidademarketing.com.br\/marketing\/2025\/07\/31\/lei-magnitsky-e-tarifaco-governo-lula-reage-a-sancoes-dos-eua-contra-o-brasil-e-alexandre-de-moraes\/\" target=\"_blank\" rel=\"noopener\">Governo Federal brasileiro repudiou o aumento tarif\u00e1rio e a interfer\u00eancia pol\u00edtica dos EUA nas rela\u00e7\u00f5es comerciais com o Brasil<\/a>, refor\u00e7ando o compromisso com a soberania nacional e com uma pol\u00edtica externa independente.<\/p>\n","protected":false},"excerpt":{"rendered":"<p>O presidente dos Estados Unidos, Donald Trump, assinou nesta quarta-feira (30) uma Ordem Executiva que imp\u00f5e uma tarifa extra de 40% sobre determinados produtos brasileiros, elevando a al\u00edquota total de importa\u00e7\u00e3o para 50%. A medida entra em vigor no pr\u00f3ximo dia 6 de agosto e j\u00e1 preocupa exportadores e setores estrat\u00e9gicos da economia brasileira.\u00a0 Apesar [&hellip;]<\/p>\n","protected":false},"author":1,"featured_media":57178,"comment_status":"open","ping_status":"open","sticky":false,"template":"","format":"standard","meta":{"tdm_status":"","tdm_grid_status":"","footnotes":""},"categories":[6],"tags":[147,1746,4978,766,33,1155,1165,210,9625,28,9626,9079],"class_list":["post-57176","post","type-post","status-publish","format-standard","has-post-thumbnail","hentry","category-noticias","tag-brasil","tag-cafe","tag-carne","tag-embraer","tag-estrategia","tag-eua","tag-importacao","tag-imposto","tag-laranja","tag-marketing","tag-suco-de-laranja","tag-tarifaco"],"yoast_head":"<!-- This site is optimized with the Yoast SEO plugin v27.5 - https:\/\/yoast.com\/product\/yoast-seo-wordpress\/ -->\n<title>Saiba os produtos brasileiros que n\u00e3o ser\u00e3o taxados nos EUA - CidadeMarketing<\/title>\n<meta name=\"robots\" content=\"index, follow, max-snippet:-1, max-image-preview:large, max-video-preview:-1\" \/>\n<link rel=\"canonical\" href=\"https:\/\/www.cidademarketing.com.br\/marketing\/2025\/07\/31\/saiba-os-produtos-brasileiros-que-nao-serao-taxados-nos-eua\/\" \/>\n<meta property=\"og:locale\" content=\"pt_BR\" \/>\n<meta property=\"og:type\" content=\"article\" \/>\n<meta property=\"og:title\" content=\"Saiba os produtos brasileiros que n\u00e3o ser\u00e3o taxados nos EUA - CidadeMarketing\" \/>\n<meta property=\"og:description\" content=\"O presidente dos Estados Unidos, Donald Trump, assinou nesta quarta-feira (30) uma Ordem Executiva que imp\u00f5e uma tarifa extra de 40% sobre determinados produtos brasileiros, elevando a al\u00edquota total de importa\u00e7\u00e3o para 50%. A medida entra em vigor no pr\u00f3ximo dia 6 de agosto e j\u00e1 preocupa exportadores e setores estrat\u00e9gicos da economia brasileira.\u00a0 Apesar [&hellip;]\" \/>\n<meta property=\"og:url\" content=\"https:\/\/www.cidademarketing.com.br\/marketing\/2025\/07\/31\/saiba-os-produtos-brasileiros-que-nao-serao-taxados-nos-eua\/\" \/>\n<meta property=\"og:site_name\" content=\"CidadeMarketing\" \/>\n<meta property=\"article:publisher\" content=\"https:\/\/www.facebook.com\/portalcidademarketing\" \/>\n<meta property=\"article:author\" content=\"https:\/\/www.facebook.com\/thalesbrandao\" \/>\n<meta property=\"article:published_time\" content=\"2025-07-31T14:19:00+00:00\" \/>\n<meta property=\"og:image\" content=\"https:\/\/www.cidademarketing.com.br\/marketing\/wp-content\/uploads\/2025\/07\/sucodelaranja_produtos_tarifaco.webp\" \/>\n\t<meta property=\"og:image:width\" content=\"1000\" \/>\n\t<meta property=\"og:image:height\" content=\"976\" \/>\n\t<meta property=\"og:image:type\" content=\"image\/webp\" \/>\n<meta name=\"author\" content=\"Thales Brand\u00e3o\" \/>\n<meta name=\"twitter:card\" content=\"summary_large_image\" \/>\n<meta name=\"twitter:creator\" content=\"@http:\/\/www.twitter.com\/thalesbrandao\" \/>\n<meta name=\"twitter:site\" content=\"@CidadeMarketing\" \/>\n<meta name=\"twitter:label1\" content=\"Escrito por\" \/>\n\t<meta name=\"twitter:data1\" content=\"Thales Brand\u00e3o\" \/>\n\t<meta name=\"twitter:label2\" content=\"Est. tempo de leitura\" \/>\n\t<meta name=\"twitter:data2\" content=\"2 minutos\" \/>\n<script type=\"application\/ld+json\" class=\"yoast-schema-graph\">{\"@context\":\"https:\\\/\\\/schema.org\",\"@graph\":[{\"@type\":\"Article\",\"@id\":\"https:\\\/\\\/www.cidademarketing.com.br\\\/marketing\\\/2025\\\/07\\\/31\\\/saiba-os-produtos-brasileiros-que-nao-serao-taxados-nos-eua\\\/#article\",\"isPartOf\":{\"@id\":\"https:\\\/\\\/www.cidademarketing.com.br\\\/marketing\\\/2025\\\/07\\\/31\\\/saiba-os-produtos-brasileiros-que-nao-serao-taxados-nos-eua\\\/\"},\"author\":{\"name\":\"Thales Brand\u00e3o\",\"@id\":\"https:\\\/\\\/www.cidademarketing.com.br\\\/marketing\\\/#\\\/schema\\\/person\\\/02daff9f18bd9378c9e01eb6b2db155f\"},\"headline\":\"Saiba os produtos brasileiros que n\u00e3o ser\u00e3o taxados nos EUA\",\"datePublished\":\"2025-07-31T14:19:00+00:00\",\"mainEntityOfPage\":{\"@id\":\"https:\\\/\\\/www.cidademarketing.com.br\\\/marketing\\\/2025\\\/07\\\/31\\\/saiba-os-produtos-brasileiros-que-nao-serao-taxados-nos-eua\\\/\"},\"wordCount\":317,\"commentCount\":0,\"publisher\":{\"@id\":\"https:\\\/\\\/www.cidademarketing.com.br\\\/marketing\\\/#organization\"},\"image\":{\"@id\":\"https:\\\/\\\/www.cidademarketing.com.br\\\/marketing\\\/2025\\\/07\\\/31\\\/saiba-os-produtos-brasileiros-que-nao-serao-taxados-nos-eua\\\/#primaryimage\"},\"thumbnailUrl\":\"https:\\\/\\\/www.cidademarketing.com.br\\\/marketing\\\/wp-content\\\/uploads\\\/2025\\\/07\\\/sucodelaranja_produtos_tarifaco.webp\",\"keywords\":[\"Brasil\",\"caf\u00e9\",\"carne\",\"embraer\",\"estrat\u00e9gia\",\"EUA\",\"importa\u00e7\u00e3o\",\"imposto\",\"laranja\",\"marketing\",\"suco de laranja\",\"tarifa\u00e7o\"],\"articleSection\":[\"Not\u00edcias\"],\"inLanguage\":\"pt-BR\",\"potentialAction\":[{\"@type\":\"CommentAction\",\"name\":\"Comment\",\"target\":[\"https:\\\/\\\/www.cidademarketing.com.br\\\/marketing\\\/2025\\\/07\\\/31\\\/saiba-os-produtos-brasileiros-que-nao-serao-taxados-nos-eua\\\/#respond\"]}]},{\"@type\":\"WebPage\",\"@id\":\"https:\\\/\\\/www.cidademarketing.com.br\\\/marketing\\\/2025\\\/07\\\/31\\\/saiba-os-produtos-brasileiros-que-nao-serao-taxados-nos-eua\\\/\",\"url\":\"https:\\\/\\\/www.cidademarketing.com.br\\\/marketing\\\/2025\\\/07\\\/31\\\/saiba-os-produtos-brasileiros-que-nao-serao-taxados-nos-eua\\\/\",\"name\":\"Saiba os produtos brasileiros que n\u00e3o ser\u00e3o taxados nos EUA - CidadeMarketing\",\"isPartOf\":{\"@id\":\"https:\\\/\\\/www.cidademarketing.com.br\\\/marketing\\\/#website\"},\"primaryImageOfPage\":{\"@id\":\"https:\\\/\\\/www.cidademarketing.com.br\\\/marketing\\\/2025\\\/07\\\/31\\\/saiba-os-produtos-brasileiros-que-nao-serao-taxados-nos-eua\\\/#primaryimage\"},\"image\":{\"@id\":\"https:\\\/\\\/www.cidademarketing.com.br\\\/marketing\\\/2025\\\/07\\\/31\\\/saiba-os-produtos-brasileiros-que-nao-serao-taxados-nos-eua\\\/#primaryimage\"},\"thumbnailUrl\":\"https:\\\/\\\/www.cidademarketing.com.br\\\/marketing\\\/wp-content\\\/uploads\\\/2025\\\/07\\\/sucodelaranja_produtos_tarifaco.webp\",\"datePublished\":\"2025-07-31T14:19:00+00:00\",\"breadcrumb\":{\"@id\":\"https:\\\/\\\/www.cidademarketing.com.br\\\/marketing\\\/2025\\\/07\\\/31\\\/saiba-os-produtos-brasileiros-que-nao-serao-taxados-nos-eua\\\/#breadcrumb\"},\"inLanguage\":\"pt-BR\",\"potentialAction\":[{\"@type\":\"ReadAction\",\"target\":[\"https:\\\/\\\/www.cidademarketing.com.br\\\/marketing\\\/2025\\\/07\\\/31\\\/saiba-os-produtos-brasileiros-que-nao-serao-taxados-nos-eua\\\/\"]}]},{\"@type\":\"ImageObject\",\"inLanguage\":\"pt-BR\",\"@id\":\"https:\\\/\\\/www.cidademarketing.com.br\\\/marketing\\\/2025\\\/07\\\/31\\\/saiba-os-produtos-brasileiros-que-nao-serao-taxados-nos-eua\\\/#primaryimage\",\"url\":\"https:\\\/\\\/www.cidademarketing.com.br\\\/marketing\\\/wp-content\\\/uploads\\\/2025\\\/07\\\/sucodelaranja_produtos_tarifaco.webp\",\"contentUrl\":\"https:\\\/\\\/www.cidademarketing.com.br\\\/marketing\\\/wp-content\\\/uploads\\\/2025\\\/07\\\/sucodelaranja_produtos_tarifaco.webp\",\"width\":1000,\"height\":976,\"caption\":\"IA\"},{\"@type\":\"BreadcrumbList\",\"@id\":\"https:\\\/\\\/www.cidademarketing.com.br\\\/marketing\\\/2025\\\/07\\\/31\\\/saiba-os-produtos-brasileiros-que-nao-serao-taxados-nos-eua\\\/#breadcrumb\",\"itemListElement\":[{\"@type\":\"ListItem\",\"position\":1,\"name\":\"In\u00edcio\",\"item\":\"https:\\\/\\\/www.cidademarketing.com.br\\\/marketing\\\/\"},{\"@type\":\"ListItem\",\"position\":2,\"name\":\"Saiba os produtos brasileiros que n\u00e3o ser\u00e3o taxados nos EUA\"}]},{\"@type\":\"WebSite\",\"@id\":\"https:\\\/\\\/www.cidademarketing.com.br\\\/marketing\\\/#website\",\"url\":\"https:\\\/\\\/www.cidademarketing.com.br\\\/marketing\\\/\",\"name\":\"CidadeMarketing\",\"description\":\"Somos um ve\u00edculo de comunica\u00e7\u00e3o de destaque no Brasil, reconhecido por conte\u00fados nos segmentos de marketing, empreendedorismo e inova\u00e7\u00e3o.\",\"publisher\":{\"@id\":\"https:\\\/\\\/www.cidademarketing.com.br\\\/marketing\\\/#organization\"},\"alternateName\":\"CidadeMarketing\",\"potentialAction\":[{\"@type\":\"SearchAction\",\"target\":{\"@type\":\"EntryPoint\",\"urlTemplate\":\"https:\\\/\\\/www.cidademarketing.com.br\\\/marketing\\\/?s={search_term_string}\"},\"query-input\":{\"@type\":\"PropertyValueSpecification\",\"valueRequired\":true,\"valueName\":\"search_term_string\"}}],\"inLanguage\":\"pt-BR\"},{\"@type\":\"Organization\",\"@id\":\"https:\\\/\\\/www.cidademarketing.com.br\\\/marketing\\\/#organization\",\"name\":\"CidadeMarketing\",\"alternateName\":\"CidadeMarketing\",\"url\":\"https:\\\/\\\/www.cidademarketing.com.br\\\/marketing\\\/\",\"logo\":{\"@type\":\"ImageObject\",\"inLanguage\":\"pt-BR\",\"@id\":\"https:\\\/\\\/www.cidademarketing.com.br\\\/marketing\\\/#\\\/schema\\\/logo\\\/image\\\/\",\"url\":\"https:\\\/\\\/www.cidademarketing.com.br\\\/marketing\\\/wp-content\\\/uploads\\\/2020\\\/01\\\/cidademarketing_marca_mobile.png\",\"contentUrl\":\"https:\\\/\\\/www.cidademarketing.com.br\\\/marketing\\\/wp-content\\\/uploads\\\/2020\\\/01\\\/cidademarketing_marca_mobile.png\",\"width\":230,\"height\":92,\"caption\":\"CidadeMarketing\"},\"image\":{\"@id\":\"https:\\\/\\\/www.cidademarketing.com.br\\\/marketing\\\/#\\\/schema\\\/logo\\\/image\\\/\"},\"sameAs\":[\"https:\\\/\\\/www.facebook.com\\\/portalcidademarketing\",\"https:\\\/\\\/x.com\\\/CidadeMarketing\",\"https:\\\/\\\/www.instagram.com\\\/cidademarketing\\\/\"]},{\"@type\":\"Person\",\"@id\":\"https:\\\/\\\/www.cidademarketing.com.br\\\/marketing\\\/#\\\/schema\\\/person\\\/02daff9f18bd9378c9e01eb6b2db155f\",\"name\":\"Thales Brand\u00e3o\",\"image\":{\"@type\":\"ImageObject\",\"inLanguage\":\"pt-BR\",\"@id\":\"https:\\\/\\\/secure.gravatar.com\\\/avatar\\\/7ca3206950207cc3cb48feec56a8a7898741ab725c368d99d5d7a5a50aab80c6?s=96&d=mm&r=g\",\"url\":\"https:\\\/\\\/secure.gravatar.com\\\/avatar\\\/7ca3206950207cc3cb48feec56a8a7898741ab725c368d99d5d7a5a50aab80c6?s=96&d=mm&r=g\",\"contentUrl\":\"https:\\\/\\\/secure.gravatar.com\\\/avatar\\\/7ca3206950207cc3cb48feec56a8a7898741ab725c368d99d5d7a5a50aab80c6?s=96&d=mm&r=g\",\"caption\":\"Thales Brand\u00e3o\"},\"description\":\"Editor Executivo do Portal CidadeMarketing.com.br &gt; Mestre em Comunica\u00e7\u00e3o e Sociedade pela Universidade Federal de Sergipe. Possui MBA Executivo em Administra\u00e7\u00e3o com \u00eanfase em Marketing pela Funda\u00e7\u00e3o Get\u00falio Vargas - Rio de Janeiro. Consultor, Palestrante e Pesquisador sobre Empreendedorismo, Marketing, Redes Sociais e Neg\u00f3cios Digitais. Professor, Palestrante TedxTalks e Campus Party. Twitter: @ThalesBrandao\",\"sameAs\":[\"http:\\\/\\\/www.mandacaru.com.br\",\"https:\\\/\\\/www.facebook.com\\\/thalesbrandao\",\"http:\\\/\\\/www.instagram.com.br\\\/thalesbrandaoferreira\",\"https:\\\/\\\/www.linkedin.com\\\/in\\\/thales-brand\u00e3o-3948609\\\/\",\"https:\\\/\\\/x.com\\\/http:\\\/\\\/www.twitter.com\\\/thalesbrandao\"],\"url\":\"https:\\\/\\\/www.cidademarketing.com.br\\\/marketing\\\/author\\\/thalesbrandao\\\/\"}]}<\/script>\n<!-- \/ Yoast SEO plugin. -->","yoast_head_json":{"title":"Saiba os produtos brasileiros que n\u00e3o ser\u00e3o taxados nos EUA - CidadeMarketing","robots":{"index":"index","follow":"follow","max-snippet":"max-snippet:-1","max-image-preview":"max-image-preview:large","max-video-preview":"max-video-preview:-1"},"canonical":"https:\/\/www.cidademarketing.com.br\/marketing\/2025\/07\/31\/saiba-os-produtos-brasileiros-que-nao-serao-taxados-nos-eua\/","og_locale":"pt_BR","og_type":"article","og_title":"Saiba os produtos brasileiros que n\u00e3o ser\u00e3o taxados nos EUA - CidadeMarketing","og_description":"O presidente dos Estados Unidos, Donald Trump, assinou nesta quarta-feira (30) uma Ordem Executiva que imp\u00f5e uma tarifa extra de 40% sobre determinados produtos brasileiros, elevando a al\u00edquota total de importa\u00e7\u00e3o para 50%. A medida entra em vigor no pr\u00f3ximo dia 6 de agosto e j\u00e1 preocupa exportadores e setores estrat\u00e9gicos da economia brasileira.\u00a0 Apesar [&hellip;]","og_url":"https:\/\/www.cidademarketing.com.br\/marketing\/2025\/07\/31\/saiba-os-produtos-brasileiros-que-nao-serao-taxados-nos-eua\/","og_site_name":"CidadeMarketing","article_publisher":"https:\/\/www.facebook.com\/portalcidademarketing","article_author":"https:\/\/www.facebook.com\/thalesbrandao","article_published_time":"2025-07-31T14:19:00+00:00","og_image":[{"width":1000,"height":976,"url":"https:\/\/www.cidademarketing.com.br\/marketing\/wp-content\/uploads\/2025\/07\/sucodelaranja_produtos_tarifaco.webp","type":"image\/webp"}],"author":"Thales Brand\u00e3o","twitter_card":"summary_large_image","twitter_creator":"@http:\/\/www.twitter.com\/thalesbrandao","twitter_site":"@CidadeMarketing","twitter_misc":{"Escrito por":"Thales Brand\u00e3o","Est. tempo de leitura":"2 minutos"},"schema":{"@context":"https:\/\/schema.org","@graph":[{"@type":"Article","@id":"https:\/\/www.cidademarketing.com.br\/marketing\/2025\/07\/31\/saiba-os-produtos-brasileiros-que-nao-serao-taxados-nos-eua\/#article","isPartOf":{"@id":"https:\/\/www.cidademarketing.com.br\/marketing\/2025\/07\/31\/saiba-os-produtos-brasileiros-que-nao-serao-taxados-nos-eua\/"},"author":{"name":"Thales Brand\u00e3o","@id":"https:\/\/www.cidademarketing.com.br\/marketing\/#\/schema\/person\/02daff9f18bd9378c9e01eb6b2db155f"},"headline":"Saiba os produtos brasileiros que n\u00e3o ser\u00e3o taxados nos EUA","datePublished":"2025-07-31T14:19:00+00:00","mainEntityOfPage":{"@id":"https:\/\/www.cidademarketing.com.br\/marketing\/2025\/07\/31\/saiba-os-produtos-brasileiros-que-nao-serao-taxados-nos-eua\/"},"wordCount":317,"commentCount":0,"publisher":{"@id":"https:\/\/www.cidademarketing.com.br\/marketing\/#organization"},"image":{"@id":"https:\/\/www.cidademarketing.com.br\/marketing\/2025\/07\/31\/saiba-os-produtos-brasileiros-que-nao-serao-taxados-nos-eua\/#primaryimage"},"thumbnailUrl":"https:\/\/www.cidademarketing.com.br\/marketing\/wp-content\/uploads\/2025\/07\/sucodelaranja_produtos_tarifaco.webp","keywords":["Brasil","caf\u00e9","carne","embraer","estrat\u00e9gia","EUA","importa\u00e7\u00e3o","imposto","laranja","marketing","suco de laranja","tarifa\u00e7o"],"articleSection":["Not\u00edcias"],"inLanguage":"pt-BR","potentialAction":[{"@type":"CommentAction","name":"Comment","target":["https:\/\/www.cidademarketing.com.br\/marketing\/2025\/07\/31\/saiba-os-produtos-brasileiros-que-nao-serao-taxados-nos-eua\/#respond"]}]},{"@type":"WebPage","@id":"https:\/\/www.cidademarketing.com.br\/marketing\/2025\/07\/31\/saiba-os-produtos-brasileiros-que-nao-serao-taxados-nos-eua\/","url":"https:\/\/www.cidademarketing.com.br\/marketing\/2025\/07\/31\/saiba-os-produtos-brasileiros-que-nao-serao-taxados-nos-eua\/","name":"Saiba os produtos brasileiros que n\u00e3o ser\u00e3o taxados nos EUA - CidadeMarketing","isPartOf":{"@id":"https:\/\/www.cidademarketing.com.br\/marketing\/#website"},"primaryImageOfPage":{"@id":"https:\/\/www.cidademarketing.com.br\/marketing\/2025\/07\/31\/saiba-os-produtos-brasileiros-que-nao-serao-taxados-nos-eua\/#primaryimage"},"image":{"@id":"https:\/\/www.cidademarketing.com.br\/marketing\/2025\/07\/31\/saiba-os-produtos-brasileiros-que-nao-serao-taxados-nos-eua\/#primaryimage"},"thumbnailUrl":"https:\/\/www.cidademarketing.com.br\/marketing\/wp-content\/uploads\/2025\/07\/sucodelaranja_produtos_tarifaco.webp","datePublished":"2025-07-31T14:19:00+00:00","breadcrumb":{"@id":"https:\/\/www.cidademarketing.com.br\/marketing\/2025\/07\/31\/saiba-os-produtos-brasileiros-que-nao-serao-taxados-nos-eua\/#breadcrumb"},"inLanguage":"pt-BR","potentialAction":[{"@type":"ReadAction","target":["https:\/\/www.cidademarketing.com.br\/marketing\/2025\/07\/31\/saiba-os-produtos-brasileiros-que-nao-serao-taxados-nos-eua\/"]}]},{"@type":"ImageObject","inLanguage":"pt-BR","@id":"https:\/\/www.cidademarketing.com.br\/marketing\/2025\/07\/31\/saiba-os-produtos-brasileiros-que-nao-serao-taxados-nos-eua\/#primaryimage","url":"https:\/\/www.cidademarketing.com.br\/marketing\/wp-content\/uploads\/2025\/07\/sucodelaranja_produtos_tarifaco.webp","contentUrl":"https:\/\/www.cidademarketing.com.br\/marketing\/wp-content\/uploads\/2025\/07\/sucodelaranja_produtos_tarifaco.webp","width":1000,"height":976,"caption":"IA"},{"@type":"BreadcrumbList","@id":"https:\/\/www.cidademarketing.com.br\/marketing\/2025\/07\/31\/saiba-os-produtos-brasileiros-que-nao-serao-taxados-nos-eua\/#breadcrumb","itemListElement":[{"@type":"ListItem","position":1,"name":"In\u00edcio","item":"https:\/\/www.cidademarketing.com.br\/marketing\/"},{"@type":"ListItem","position":2,"name":"Saiba os produtos brasileiros que n\u00e3o ser\u00e3o taxados nos EUA"}]},{"@type":"WebSite","@id":"https:\/\/www.cidademarketing.com.br\/marketing\/#website","url":"https:\/\/www.cidademarketing.com.br\/marketing\/","name":"CidadeMarketing","description":"Somos um ve\u00edculo de comunica\u00e7\u00e3o de destaque no Brasil, reconhecido por conte\u00fados nos segmentos de marketing, empreendedorismo e inova\u00e7\u00e3o.","publisher":{"@id":"https:\/\/www.cidademarketing.com.br\/marketing\/#organization"},"alternateName":"CidadeMarketing","potentialAction":[{"@type":"SearchAction","target":{"@type":"EntryPoint","urlTemplate":"https:\/\/www.cidademarketing.com.br\/marketing\/?s={search_term_string}"},"query-input":{"@type":"PropertyValueSpecification","valueRequired":true,"valueName":"search_term_string"}}],"inLanguage":"pt-BR"},{"@type":"Organization","@id":"https:\/\/www.cidademarketing.com.br\/marketing\/#organization","name":"CidadeMarketing","alternateName":"CidadeMarketing","url":"https:\/\/www.cidademarketing.com.br\/marketing\/","logo":{"@type":"ImageObject","inLanguage":"pt-BR","@id":"https:\/\/www.cidademarketing.com.br\/marketing\/#\/schema\/logo\/image\/","url":"https:\/\/www.cidademarketing.com.br\/marketing\/wp-content\/uploads\/2020\/01\/cidademarketing_marca_mobile.png","contentUrl":"https:\/\/www.cidademarketing.com.br\/marketing\/wp-content\/uploads\/2020\/01\/cidademarketing_marca_mobile.png","width":230,"height":92,"caption":"CidadeMarketing"},"image":{"@id":"https:\/\/www.cidademarketing.com.br\/marketing\/#\/schema\/logo\/image\/"},"sameAs":["https:\/\/www.facebook.com\/portalcidademarketing","https:\/\/x.com\/CidadeMarketing","https:\/\/www.instagram.com\/cidademarketing\/"]},{"@type":"Person","@id":"https:\/\/www.cidademarketing.com.br\/marketing\/#\/schema\/person\/02daff9f18bd9378c9e01eb6b2db155f","name":"Thales Brand\u00e3o","image":{"@type":"ImageObject","inLanguage":"pt-BR","@id":"https:\/\/secure.gravatar.com\/avatar\/7ca3206950207cc3cb48feec56a8a7898741ab725c368d99d5d7a5a50aab80c6?s=96&d=mm&r=g","url":"https:\/\/secure.gravatar.com\/avatar\/7ca3206950207cc3cb48feec56a8a7898741ab725c368d99d5d7a5a50aab80c6?s=96&d=mm&r=g","contentUrl":"https:\/\/secure.gravatar.com\/avatar\/7ca3206950207cc3cb48feec56a8a7898741ab725c368d99d5d7a5a50aab80c6?s=96&d=mm&r=g","caption":"Thales Brand\u00e3o"},"description":"Editor Executivo do Portal CidadeMarketing.com.br &gt; Mestre em Comunica\u00e7\u00e3o e Sociedade pela Universidade Federal de Sergipe. Possui MBA Executivo em Administra\u00e7\u00e3o com \u00eanfase em Marketing pela Funda\u00e7\u00e3o Get\u00falio Vargas - Rio de Janeiro. Consultor, Palestrante e Pesquisador sobre Empreendedorismo, Marketing, Redes Sociais e Neg\u00f3cios Digitais. Professor, Palestrante TedxTalks e Campus Party. Twitter: @ThalesBrandao","sameAs":["http:\/\/www.mandacaru.com.br","https:\/\/www.facebook.com\/thalesbrandao","http:\/\/www.instagram.com.br\/thalesbrandaoferreira","https:\/\/www.linkedin.com\/in\/thales-brand\u00e3o-3948609\/","https:\/\/x.com\/http:\/\/www.twitter.com\/thalesbrandao"],"url":"https:\/\/www.cidademarketing.com.br\/marketing\/author\/thalesbrandao\/"}]}},"amp_enabled":true,"_links":{"self":[{"href":"https:\/\/www.cidademarketing.com.br\/marketing\/wp-json\/wp\/v2\/posts\/57176","targetHints":{"allow":["GET"]}}],"collection":[{"href":"https:\/\/www.cidademarketing.com.br\/marketing\/wp-json\/wp\/v2\/posts"}],"about":[{"href":"https:\/\/www.cidademarketing.com.br\/marketing\/wp-json\/wp\/v2\/types\/post"}],"author":[{"embeddable":true,"href":"https:\/\/www.cidademarketing.com.br\/marketing\/wp-json\/wp\/v2\/users\/1"}],"replies":[{"embeddable":true,"href":"https:\/\/www.cidademarketing.com.br\/marketing\/wp-json\/wp\/v2\/comments?post=57176"}],"version-history":[{"count":1,"href":"https:\/\/www.cidademarketing.com.br\/marketing\/wp-json\/wp\/v2\/posts\/57176\/revisions"}],"predecessor-version":[{"id":57179,"href":"https:\/\/www.cidademarketing.com.br\/marketing\/wp-json\/wp\/v2\/posts\/57176\/revisions\/57179"}],"wp:featuredmedia":[{"embeddable":true,"href":"https:\/\/www.cidademarketing.com.br\/marketing\/wp-json\/wp\/v2\/media\/57178"}],"wp:attachment":[{"href":"https:\/\/www.cidademarketing.com.br\/marketing\/wp-json\/wp\/v2\/media?parent=57176"}],"wp:term":[{"taxonomy":"category","embeddable":true,"href":"https:\/\/www.cidademarketing.com.br\/marketing\/wp-json\/wp\/v2\/categories?post=57176"},{"taxonomy":"post_tag","embeddable":true,"href":"https:\/\/www.cidademarketing.com.br\/marketing\/wp-json\/wp\/v2\/tags?post=57176"}],"curies":[{"name":"wp","href":"https:\/\/api.w.org\/{rel}","templated":true}]}}