{"id":57171,"date":"2025-07-31T00:52:08","date_gmt":"2025-07-31T03:52:08","guid":{"rendered":"https:\/\/www.cidademarketing.com.br\/marketing\/?p=57171"},"modified":"2025-07-31T00:52:08","modified_gmt":"2025-07-31T03:52:08","slug":"lei-magnitsky-e-tarifaco-governo-lula-reage-a-sancoes-dos-eua-contra-o-brasil-e-alexandre-de-moraes","status":"publish","type":"post","link":"https:\/\/www.cidademarketing.com.br\/marketing\/2025\/07\/31\/lei-magnitsky-e-tarifaco-governo-lula-reage-a-sancoes-dos-eua-contra-o-brasil-e-alexandre-de-moraes\/","title":{"rendered":"Lei Magnitsky e Tarifa\u00e7o: Governo Lula reage a san\u00e7\u00f5es dos EUA contra o Brasil e Alexandre de Moraes"},"content":{"rendered":"<p>Na noite desta quarta-feira (30), o Governo Federal do Brasil se pronunciou oficialmente em resposta a duas a\u00e7\u00f5es do governo dos Estados Unidos que causaram forte repercuss\u00e3o nacional: a aplica\u00e7\u00e3o da Lei Magnitsky contra o ministro Alexandre de Moraes, do Supremo Tribunal Federal (STF), e a imposi\u00e7\u00e3o de novas tarifas comerciais (tarifa\u00e7o) sobre produtos brasileiros.<\/p>\n<p>As medidas foram vistas pelo Pal\u00e1cio do Planalto como uma afronta \u00e0 soberania nacional e uma interfer\u00eancia inaceit\u00e1vel nos assuntos internos do pa\u00eds.<\/p>\n<p><strong>O que \u00e9 a Lei Magnitsky?<\/strong><br \/>\nA Lei Magnitsky Global de Responsabilidade pelos Direitos Humanos, criada nos EUA em 2012 e ampliada em 2016, permite ao governo norte-americano aplicar san\u00e7\u00f5es econ\u00f4micas e restri\u00e7\u00f5es de visto a estrangeiros acusados de viola\u00e7\u00f5es graves de direitos humanos ou atos de corrup\u00e7\u00e3o significativa. A legisla\u00e7\u00e3o \u00e9 considerada uma ferramenta diplom\u00e1tica para punir autoridades ou empres\u00e1rios de outros pa\u00edses sem a necessidade de a\u00e7\u00f5es armadas ou conflitos diretos.<\/p>\n<p>No caso brasileiro, a lei foi usada para sancionar Alexandre de Moraes, ministro do STF, acusado por grupos pol\u00edticos internacionais de &#8220;atentar contra a liberdade de express\u00e3o&#8221;. A san\u00e7\u00e3o tem origem em um movimento liderado por pol\u00edticos brasileiros no exterior, especialmente ligados \u00e0 oposi\u00e7\u00e3o, que v\u00eam denunciando a\u00e7\u00f5es do Judici\u00e1rio como abusivas.<\/p>\n<p><strong>Nota oficial do Governo Federal: \u201cJusti\u00e7a n\u00e3o se negocia\u201d<\/strong><br \/>\nO presidente Luiz In\u00e1cio Lula da Silva assinou uma nota contundente em defesa de Moraes e da independ\u00eancia do Judici\u00e1rio brasileiro. Abaixo, os principais trechos da resposta oficial do governo:<\/p>\n<p><em>\u201cO Brasil \u00e9 um pa\u00eds soberano e democr\u00e1tico, que respeita os direitos humanos e a independ\u00eancia entre os Poderes. Um pa\u00eds que defende o multilateralismo e a conviv\u00eancia harmoniosa entre as Na\u00e7\u00f5es, o que tem garantido a for\u00e7a da nossa economia e a autonomia da nossa pol\u00edtica externa.\u201d<\/em><\/p>\n<p><em>\u201c\u00c9 inaceit\u00e1vel a interfer\u00eancia do governo norte-americano na Justi\u00e7a brasileira. O governo brasileiro se solidariza com o ministro Alexandre de Moraes, do Supremo Tribunal Federal, alvo de san\u00e7\u00f5es motivadas pela a\u00e7\u00e3o de pol\u00edticos brasileiros que traem nossa p\u00e1tria e nosso povo em defesa dos pr\u00f3prios interesses.\u201d<\/em><\/p>\n<p><em>\u201cUm dos fundamentos da democracia e do respeito aos direitos humanos no Brasil \u00e9 a independ\u00eancia do Poder Judici\u00e1rio, e qualquer tentativa de enfraquec\u00ea-lo constitui amea\u00e7a ao pr\u00f3prio regime democr\u00e1tico. Justi\u00e7a n\u00e3o se negocia.\u201d<\/em><\/p>\n<p><strong>Tarifa\u00e7o dos EUA sobre exporta\u00e7\u00f5es brasileiras tamb\u00e9m gera indigna\u00e7\u00e3o<\/strong><br \/>\nO governo norte-americano tamb\u00e9m anunciou novas barreiras comerciais a exporta\u00e7\u00f5es brasileiras de setores estrat\u00e9gicos, o que foi classificado pelo Pal\u00e1cio do Planalto como uma medida pol\u00edtica e injustific\u00e1vel.<\/p>\n<p><em>\u201cO governo brasileiro considera injustific\u00e1vel o uso de argumentos pol\u00edticos para validar as medidas comerciais anunciadas pelo governo norte-americano contra as exporta\u00e7\u00f5es brasileiras. A motiva\u00e7\u00e3o pol\u00edtica das medidas atenta contra a soberania nacional e a pr\u00f3pria rela\u00e7\u00e3o hist\u00f3rica entre os dois pa\u00edses.\u201d<\/em><\/p>\n<p>Segundo a nota, o Brasil acumula um d\u00e9ficit comercial com os EUA e considera o tarifa\u00e7o um desrespeito \u00e0s normas de com\u00e9rcio justo.<\/p>\n<p><strong>Brasil promete agir para proteger empresas e trabalhadores<\/strong><br \/>\nO presidente Lula afirmou que o governo j\u00e1 iniciou uma an\u00e1lise t\u00e9cnica sobre o impacto das san\u00e7\u00f5es e que a\u00e7\u00f5es ser\u00e3o tomadas para proteger o mercado interno.<\/p>\n<p><em>\u201cJ\u00e1 iniciamos a avalia\u00e7\u00e3o dos impactos das medidas e a elabora\u00e7\u00e3o das a\u00e7\u00f5es para apoiar e proteger os trabalhadores, as empresas e as fam\u00edlias brasileiras.\u201d<\/em><\/p>\n<p><strong>Clima tenso entre Brasil e EUA<\/strong><br \/>\nAs a\u00e7\u00f5es recentes aumentam a tens\u00e3o diplom\u00e1tica entre os dois pa\u00edses. Apesar da gravidade da situa\u00e7\u00e3o, o Brasil refor\u00e7a que continua aberto a negocia\u00e7\u00f5es:<\/p>\n<p><em>\u201cO Brasil segue disposto a negociar aspectos comerciais da rela\u00e7\u00e3o com os Estados Unidos, mas n\u00e3o abrir\u00e1 m\u00e3o dos instrumentos de defesa do pa\u00eds previstos em sua legisla\u00e7\u00e3o.\u201d<\/em><\/p>\n<blockquote class=\"instagram-media\" style=\"background: #FFF; border: 0; border-radius: 3px; box-shadow: 0 0 1px 0 rgba(0,0,0,0.5),0 1px 10px 0 rgba(0,0,0,0.15); margin: 1px; max-width: 540px; min-width: 326px; padding: 0; width: calc(100% - 2px);\" data-instgrm-captioned=\"\" data-instgrm-permalink=\"https:\/\/www.instagram.com\/p\/DMwHYuBx9AV\/?utm_source=ig_embed&amp;utm_campaign=loading\" data-instgrm-version=\"14\">\n<div style=\"padding: 16px;\">\n<p>&nbsp;<\/p>\n<div style=\"display: flex; flex-direction: row; align-items: center;\">\n<div style=\"background-color: #f4f4f4; border-radius: 50%; flex-grow: 0; height: 40px; margin-right: 14px; width: 40px;\"><\/div>\n<div style=\"display: flex; flex-direction: column; flex-grow: 1; justify-content: center;\">\n<div style=\"background-color: #f4f4f4; border-radius: 4px; flex-grow: 0; height: 14px; margin-bottom: 6px; width: 100px;\"><\/div>\n<div style=\"background-color: #f4f4f4; border-radius: 4px; flex-grow: 0; height: 14px; width: 60px;\"><\/div>\n<\/div>\n<\/div>\n<div style=\"padding: 19% 0;\"><\/div>\n<div style=\"display: block; height: 50px; margin: 0 auto 12px; width: 50px;\"><\/div>\n<div style=\"padding-top: 8px;\">\n<div style=\"color: #3897f0; font-family: Arial,sans-serif; font-size: 14px; font-style: normal; font-weight: 550; line-height: 18px;\">Ver essa foto no Instagram<\/div>\n<\/div>\n<div style=\"padding: 12.5% 0;\"><\/div>\n<div style=\"display: flex; flex-direction: row; margin-bottom: 14px; align-items: center;\">\n<div>\n<div style=\"background-color: #f4f4f4; border-radius: 50%; height: 12.5px; width: 12.5px; transform: translateX(0px) translateY(7px);\"><\/div>\n<div style=\"background-color: #f4f4f4; height: 12.5px; transform: rotate(-45deg) translateX(3px) translateY(1px); width: 12.5px; flex-grow: 0; margin-right: 14px; margin-left: 2px;\"><\/div>\n<div style=\"background-color: #f4f4f4; border-radius: 50%; height: 12.5px; width: 12.5px; transform: translateX(9px) translateY(-18px);\"><\/div>\n<\/div>\n<div style=\"margin-left: 8px;\">\n<div style=\"background-color: #f4f4f4; border-radius: 50%; flex-grow: 0; height: 20px; width: 20px;\"><\/div>\n<div style=\"width: 0; height: 0; border-top: 2px solid transparent; border-left: 6px solid #f4f4f4; border-bottom: 2px solid transparent; transform: translateX(16px) translateY(-4px) rotate(30deg);\"><\/div>\n<\/div>\n<div style=\"margin-left: auto;\">\n<div style=\"width: 0px; border-top: 8px solid #F4F4F4; border-right: 8px solid transparent; transform: translateY(16px);\"><\/div>\n<div style=\"background-color: #f4f4f4; flex-grow: 0; height: 12px; width: 16px; transform: translateY(-4px);\"><\/div>\n<div style=\"width: 0; height: 0; border-top: 8px solid #F4F4F4; border-left: 8px solid transparent; transform: translateY(-4px) translateX(8px);\"><\/div>\n<\/div>\n<\/div>\n<div style=\"display: flex; flex-direction: column; flex-grow: 1; justify-content: center; margin-bottom: 24px;\">\n<div style=\"background-color: #f4f4f4; border-radius: 4px; flex-grow: 0; height: 14px; margin-bottom: 6px; width: 224px;\"><\/div>\n<div style=\"background-color: #f4f4f4; border-radius: 4px; flex-grow: 0; height: 14px; width: 144px;\"><\/div>\n<\/div>\n<p>&nbsp;<\/p>\n<p style=\"color: #c9c8cd; font-family: Arial,sans-serif; font-size: 14px; line-height: 17px; margin-bottom: 0; margin-top: 8px; overflow: hidden; padding: 8px 0 7px; text-align: center; text-overflow: ellipsis; white-space: nowrap;\"><a style=\"color: #c9c8cd; font-family: Arial,sans-serif; font-size: 14px; font-style: normal; font-weight: normal; line-height: 17px; text-decoration: none;\" href=\"https:\/\/www.instagram.com\/p\/DMwHYuBx9AV\/?utm_source=ig_embed&amp;utm_campaign=loading\" target=\"_blank\" rel=\"noopener\">Uma publica\u00e7\u00e3o compartilhada por Governo do Brasil (@govbr)<\/a><\/p>\n<\/div>\n<\/blockquote>\n<p><script async src=\"\/\/www.instagram.com\/embed.js\"><\/script><\/p>\n","protected":false},"excerpt":{"rendered":"<p>Na noite desta quarta-feira (30), o Governo Federal do Brasil se pronunciou oficialmente em resposta a duas a\u00e7\u00f5es do governo dos Estados Unidos que causaram forte repercuss\u00e3o nacional: a aplica\u00e7\u00e3o da Lei Magnitsky contra o ministro Alexandre de Moraes, do Supremo Tribunal Federal (STF), e a imposi\u00e7\u00e3o de novas tarifas comerciais (tarifa\u00e7o) sobre produtos brasileiros. [&hellip;]<\/p>\n","protected":false},"author":1,"featured_media":57172,"comment_status":"open","ping_status":"open","sticky":false,"template":"","format":"standard","meta":{"tdm_status":"","tdm_grid_status":"","footnotes":""},"categories":[6],"tags":[6849,9624,123,1155,1165,9623,1783,1287,149,8595,25,473,9079,2867],"class_list":["post-57171","post","type-post","status-publish","format-standard","has-post-thumbnail","hentry","category-noticias","tag-alexandre-de-moraes","tag-balanca-comercial","tag-dolar","tag-eua","tag-importacao","tag-lei-magnitsky","tag-lula","tag-mercado-internacional","tag-produtos","tag-real","tag-redes-sociais","tag-stf","tag-tarifaco","tag-trump"],"yoast_head":"<!-- This site is optimized with the Yoast SEO plugin v27.5 - https:\/\/yoast.com\/product\/yoast-seo-wordpress\/ -->\n<title>Lei Magnitsky e Tarifa\u00e7o: Governo Lula reage a san\u00e7\u00f5es dos EUA contra o Brasil e Alexandre de Moraes - CidadeMarketing<\/title>\n<meta name=\"robots\" content=\"index, follow, max-snippet:-1, max-image-preview:large, max-video-preview:-1\" \/>\n<link rel=\"canonical\" href=\"https:\/\/www.cidademarketing.com.br\/marketing\/2025\/07\/31\/lei-magnitsky-e-tarifaco-governo-lula-reage-a-sancoes-dos-eua-contra-o-brasil-e-alexandre-de-moraes\/\" \/>\n<meta property=\"og:locale\" content=\"pt_BR\" \/>\n<meta property=\"og:type\" content=\"article\" \/>\n<meta property=\"og:title\" content=\"Lei Magnitsky e Tarifa\u00e7o: Governo Lula reage a san\u00e7\u00f5es dos EUA contra o Brasil e Alexandre de Moraes - CidadeMarketing\" \/>\n<meta property=\"og:description\" content=\"Na noite desta quarta-feira (30), o Governo Federal do Brasil se pronunciou oficialmente em resposta a duas a\u00e7\u00f5es do governo dos Estados Unidos que causaram forte repercuss\u00e3o nacional: a aplica\u00e7\u00e3o da Lei Magnitsky contra o ministro Alexandre de Moraes, do Supremo Tribunal Federal (STF), e a imposi\u00e7\u00e3o de novas tarifas comerciais (tarifa\u00e7o) sobre produtos brasileiros. [&hellip;]\" \/>\n<meta property=\"og:url\" content=\"https:\/\/www.cidademarketing.com.br\/marketing\/2025\/07\/31\/lei-magnitsky-e-tarifaco-governo-lula-reage-a-sancoes-dos-eua-contra-o-brasil-e-alexandre-de-moraes\/\" \/>\n<meta property=\"og:site_name\" content=\"CidadeMarketing\" \/>\n<meta property=\"article:publisher\" content=\"https:\/\/www.facebook.com\/portalcidademarketing\" \/>\n<meta property=\"article:author\" content=\"https:\/\/www.facebook.com\/thalesbrandao\" \/>\n<meta property=\"article:published_time\" content=\"2025-07-31T03:52:08+00:00\" \/>\n<meta property=\"og:image\" content=\"https:\/\/www.cidademarketing.com.br\/marketing\/wp-content\/uploads\/2025\/07\/brasil_eua_comunicado_notaoficial.webp\" \/>\n\t<meta property=\"og:image:width\" content=\"1000\" \/>\n\t<meta property=\"og:image:height\" content=\"1333\" \/>\n\t<meta property=\"og:image:type\" content=\"image\/webp\" \/>\n<meta name=\"author\" content=\"Thales Brand\u00e3o\" \/>\n<meta name=\"twitter:card\" content=\"summary_large_image\" \/>\n<meta name=\"twitter:creator\" content=\"@http:\/\/www.twitter.com\/thalesbrandao\" \/>\n<meta name=\"twitter:site\" content=\"@CidadeMarketing\" \/>\n<meta name=\"twitter:label1\" content=\"Escrito por\" \/>\n\t<meta name=\"twitter:data1\" content=\"Thales Brand\u00e3o\" \/>\n\t<meta name=\"twitter:label2\" content=\"Est. tempo de leitura\" \/>\n\t<meta name=\"twitter:data2\" content=\"3 minutos\" \/>\n<script type=\"application\/ld+json\" class=\"yoast-schema-graph\">{\"@context\":\"https:\\\/\\\/schema.org\",\"@graph\":[{\"@type\":\"Article\",\"@id\":\"https:\\\/\\\/www.cidademarketing.com.br\\\/marketing\\\/2025\\\/07\\\/31\\\/lei-magnitsky-e-tarifaco-governo-lula-reage-a-sancoes-dos-eua-contra-o-brasil-e-alexandre-de-moraes\\\/#article\",\"isPartOf\":{\"@id\":\"https:\\\/\\\/www.cidademarketing.com.br\\\/marketing\\\/2025\\\/07\\\/31\\\/lei-magnitsky-e-tarifaco-governo-lula-reage-a-sancoes-dos-eua-contra-o-brasil-e-alexandre-de-moraes\\\/\"},\"author\":{\"name\":\"Thales Brand\u00e3o\",\"@id\":\"https:\\\/\\\/www.cidademarketing.com.br\\\/marketing\\\/#\\\/schema\\\/person\\\/02daff9f18bd9378c9e01eb6b2db155f\"},\"headline\":\"Lei Magnitsky e Tarifa\u00e7o: Governo Lula reage a san\u00e7\u00f5es dos EUA contra o Brasil e Alexandre de Moraes\",\"datePublished\":\"2025-07-31T03:52:08+00:00\",\"mainEntityOfPage\":{\"@id\":\"https:\\\/\\\/www.cidademarketing.com.br\\\/marketing\\\/2025\\\/07\\\/31\\\/lei-magnitsky-e-tarifaco-governo-lula-reage-a-sancoes-dos-eua-contra-o-brasil-e-alexandre-de-moraes\\\/\"},\"wordCount\":715,\"commentCount\":0,\"publisher\":{\"@id\":\"https:\\\/\\\/www.cidademarketing.com.br\\\/marketing\\\/#organization\"},\"image\":{\"@id\":\"https:\\\/\\\/www.cidademarketing.com.br\\\/marketing\\\/2025\\\/07\\\/31\\\/lei-magnitsky-e-tarifaco-governo-lula-reage-a-sancoes-dos-eua-contra-o-brasil-e-alexandre-de-moraes\\\/#primaryimage\"},\"thumbnailUrl\":\"https:\\\/\\\/www.cidademarketing.com.br\\\/marketing\\\/wp-content\\\/uploads\\\/2025\\\/07\\\/brasil_eua_comunicado_notaoficial.webp\",\"keywords\":[\"Alexandre de Moraes\",\"balan\u00e7a comercial\",\"d\u00f3lar\",\"EUA\",\"importa\u00e7\u00e3o\",\"Lei Magnitsky\",\"Lula\",\"mercado internacional\",\"produtos\",\"real\",\"redes sociais\",\"STF\",\"tarifa\u00e7o\",\"Trump\"],\"articleSection\":[\"Not\u00edcias\"],\"inLanguage\":\"pt-BR\",\"potentialAction\":[{\"@type\":\"CommentAction\",\"name\":\"Comment\",\"target\":[\"https:\\\/\\\/www.cidademarketing.com.br\\\/marketing\\\/2025\\\/07\\\/31\\\/lei-magnitsky-e-tarifaco-governo-lula-reage-a-sancoes-dos-eua-contra-o-brasil-e-alexandre-de-moraes\\\/#respond\"]}]},{\"@type\":\"WebPage\",\"@id\":\"https:\\\/\\\/www.cidademarketing.com.br\\\/marketing\\\/2025\\\/07\\\/31\\\/lei-magnitsky-e-tarifaco-governo-lula-reage-a-sancoes-dos-eua-contra-o-brasil-e-alexandre-de-moraes\\\/\",\"url\":\"https:\\\/\\\/www.cidademarketing.com.br\\\/marketing\\\/2025\\\/07\\\/31\\\/lei-magnitsky-e-tarifaco-governo-lula-reage-a-sancoes-dos-eua-contra-o-brasil-e-alexandre-de-moraes\\\/\",\"name\":\"Lei Magnitsky e Tarifa\u00e7o: Governo Lula reage a san\u00e7\u00f5es dos EUA contra o Brasil e Alexandre de Moraes - CidadeMarketing\",\"isPartOf\":{\"@id\":\"https:\\\/\\\/www.cidademarketing.com.br\\\/marketing\\\/#website\"},\"primaryImageOfPage\":{\"@id\":\"https:\\\/\\\/www.cidademarketing.com.br\\\/marketing\\\/2025\\\/07\\\/31\\\/lei-magnitsky-e-tarifaco-governo-lula-reage-a-sancoes-dos-eua-contra-o-brasil-e-alexandre-de-moraes\\\/#primaryimage\"},\"image\":{\"@id\":\"https:\\\/\\\/www.cidademarketing.com.br\\\/marketing\\\/2025\\\/07\\\/31\\\/lei-magnitsky-e-tarifaco-governo-lula-reage-a-sancoes-dos-eua-contra-o-brasil-e-alexandre-de-moraes\\\/#primaryimage\"},\"thumbnailUrl\":\"https:\\\/\\\/www.cidademarketing.com.br\\\/marketing\\\/wp-content\\\/uploads\\\/2025\\\/07\\\/brasil_eua_comunicado_notaoficial.webp\",\"datePublished\":\"2025-07-31T03:52:08+00:00\",\"breadcrumb\":{\"@id\":\"https:\\\/\\\/www.cidademarketing.com.br\\\/marketing\\\/2025\\\/07\\\/31\\\/lei-magnitsky-e-tarifaco-governo-lula-reage-a-sancoes-dos-eua-contra-o-brasil-e-alexandre-de-moraes\\\/#breadcrumb\"},\"inLanguage\":\"pt-BR\",\"potentialAction\":[{\"@type\":\"ReadAction\",\"target\":[\"https:\\\/\\\/www.cidademarketing.com.br\\\/marketing\\\/2025\\\/07\\\/31\\\/lei-magnitsky-e-tarifaco-governo-lula-reage-a-sancoes-dos-eua-contra-o-brasil-e-alexandre-de-moraes\\\/\"]}]},{\"@type\":\"ImageObject\",\"inLanguage\":\"pt-BR\",\"@id\":\"https:\\\/\\\/www.cidademarketing.com.br\\\/marketing\\\/2025\\\/07\\\/31\\\/lei-magnitsky-e-tarifaco-governo-lula-reage-a-sancoes-dos-eua-contra-o-brasil-e-alexandre-de-moraes\\\/#primaryimage\",\"url\":\"https:\\\/\\\/www.cidademarketing.com.br\\\/marketing\\\/wp-content\\\/uploads\\\/2025\\\/07\\\/brasil_eua_comunicado_notaoficial.webp\",\"contentUrl\":\"https:\\\/\\\/www.cidademarketing.com.br\\\/marketing\\\/wp-content\\\/uploads\\\/2025\\\/07\\\/brasil_eua_comunicado_notaoficial.webp\",\"width\":1000,\"height\":1333,\"caption\":\"IA\"},{\"@type\":\"BreadcrumbList\",\"@id\":\"https:\\\/\\\/www.cidademarketing.com.br\\\/marketing\\\/2025\\\/07\\\/31\\\/lei-magnitsky-e-tarifaco-governo-lula-reage-a-sancoes-dos-eua-contra-o-brasil-e-alexandre-de-moraes\\\/#breadcrumb\",\"itemListElement\":[{\"@type\":\"ListItem\",\"position\":1,\"name\":\"In\u00edcio\",\"item\":\"https:\\\/\\\/www.cidademarketing.com.br\\\/marketing\\\/\"},{\"@type\":\"ListItem\",\"position\":2,\"name\":\"Lei Magnitsky e Tarifa\u00e7o: Governo Lula reage a san\u00e7\u00f5es dos EUA contra o Brasil e Alexandre de Moraes\"}]},{\"@type\":\"WebSite\",\"@id\":\"https:\\\/\\\/www.cidademarketing.com.br\\\/marketing\\\/#website\",\"url\":\"https:\\\/\\\/www.cidademarketing.com.br\\\/marketing\\\/\",\"name\":\"CidadeMarketing\",\"description\":\"Somos um ve\u00edculo de comunica\u00e7\u00e3o de destaque no Brasil, reconhecido por conte\u00fados nos segmentos de marketing, empreendedorismo e inova\u00e7\u00e3o.\",\"publisher\":{\"@id\":\"https:\\\/\\\/www.cidademarketing.com.br\\\/marketing\\\/#organization\"},\"alternateName\":\"CidadeMarketing\",\"potentialAction\":[{\"@type\":\"SearchAction\",\"target\":{\"@type\":\"EntryPoint\",\"urlTemplate\":\"https:\\\/\\\/www.cidademarketing.com.br\\\/marketing\\\/?s={search_term_string}\"},\"query-input\":{\"@type\":\"PropertyValueSpecification\",\"valueRequired\":true,\"valueName\":\"search_term_string\"}}],\"inLanguage\":\"pt-BR\"},{\"@type\":\"Organization\",\"@id\":\"https:\\\/\\\/www.cidademarketing.com.br\\\/marketing\\\/#organization\",\"name\":\"CidadeMarketing\",\"alternateName\":\"CidadeMarketing\",\"url\":\"https:\\\/\\\/www.cidademarketing.com.br\\\/marketing\\\/\",\"logo\":{\"@type\":\"ImageObject\",\"inLanguage\":\"pt-BR\",\"@id\":\"https:\\\/\\\/www.cidademarketing.com.br\\\/marketing\\\/#\\\/schema\\\/logo\\\/image\\\/\",\"url\":\"https:\\\/\\\/www.cidademarketing.com.br\\\/marketing\\\/wp-content\\\/uploads\\\/2020\\\/01\\\/cidademarketing_marca_mobile.png\",\"contentUrl\":\"https:\\\/\\\/www.cidademarketing.com.br\\\/marketing\\\/wp-content\\\/uploads\\\/2020\\\/01\\\/cidademarketing_marca_mobile.png\",\"width\":230,\"height\":92,\"caption\":\"CidadeMarketing\"},\"image\":{\"@id\":\"https:\\\/\\\/www.cidademarketing.com.br\\\/marketing\\\/#\\\/schema\\\/logo\\\/image\\\/\"},\"sameAs\":[\"https:\\\/\\\/www.facebook.com\\\/portalcidademarketing\",\"https:\\\/\\\/x.com\\\/CidadeMarketing\",\"https:\\\/\\\/www.instagram.com\\\/cidademarketing\\\/\"]},{\"@type\":\"Person\",\"@id\":\"https:\\\/\\\/www.cidademarketing.com.br\\\/marketing\\\/#\\\/schema\\\/person\\\/02daff9f18bd9378c9e01eb6b2db155f\",\"name\":\"Thales Brand\u00e3o\",\"image\":{\"@type\":\"ImageObject\",\"inLanguage\":\"pt-BR\",\"@id\":\"https:\\\/\\\/secure.gravatar.com\\\/avatar\\\/7ca3206950207cc3cb48feec56a8a7898741ab725c368d99d5d7a5a50aab80c6?s=96&d=mm&r=g\",\"url\":\"https:\\\/\\\/secure.gravatar.com\\\/avatar\\\/7ca3206950207cc3cb48feec56a8a7898741ab725c368d99d5d7a5a50aab80c6?s=96&d=mm&r=g\",\"contentUrl\":\"https:\\\/\\\/secure.gravatar.com\\\/avatar\\\/7ca3206950207cc3cb48feec56a8a7898741ab725c368d99d5d7a5a50aab80c6?s=96&d=mm&r=g\",\"caption\":\"Thales Brand\u00e3o\"},\"description\":\"Editor Executivo do Portal CidadeMarketing.com.br &gt; Mestre em Comunica\u00e7\u00e3o e Sociedade pela Universidade Federal de Sergipe. Possui MBA Executivo em Administra\u00e7\u00e3o com \u00eanfase em Marketing pela Funda\u00e7\u00e3o Get\u00falio Vargas - Rio de Janeiro. Consultor, Palestrante e Pesquisador sobre Empreendedorismo, Marketing, Redes Sociais e Neg\u00f3cios Digitais. Professor, Palestrante TedxTalks e Campus Party. Twitter: @ThalesBrandao\",\"sameAs\":[\"http:\\\/\\\/www.mandacaru.com.br\",\"https:\\\/\\\/www.facebook.com\\\/thalesbrandao\",\"http:\\\/\\\/www.instagram.com.br\\\/thalesbrandaoferreira\",\"https:\\\/\\\/www.linkedin.com\\\/in\\\/thales-brand\u00e3o-3948609\\\/\",\"https:\\\/\\\/x.com\\\/http:\\\/\\\/www.twitter.com\\\/thalesbrandao\"],\"url\":\"https:\\\/\\\/www.cidademarketing.com.br\\\/marketing\\\/author\\\/thalesbrandao\\\/\"}]}<\/script>\n<!-- \/ Yoast SEO plugin. -->","yoast_head_json":{"title":"Lei Magnitsky e Tarifa\u00e7o: Governo Lula reage a san\u00e7\u00f5es dos EUA contra o Brasil e Alexandre de Moraes - CidadeMarketing","robots":{"index":"index","follow":"follow","max-snippet":"max-snippet:-1","max-image-preview":"max-image-preview:large","max-video-preview":"max-video-preview:-1"},"canonical":"https:\/\/www.cidademarketing.com.br\/marketing\/2025\/07\/31\/lei-magnitsky-e-tarifaco-governo-lula-reage-a-sancoes-dos-eua-contra-o-brasil-e-alexandre-de-moraes\/","og_locale":"pt_BR","og_type":"article","og_title":"Lei Magnitsky e Tarifa\u00e7o: Governo Lula reage a san\u00e7\u00f5es dos EUA contra o Brasil e Alexandre de Moraes - CidadeMarketing","og_description":"Na noite desta quarta-feira (30), o Governo Federal do Brasil se pronunciou oficialmente em resposta a duas a\u00e7\u00f5es do governo dos Estados Unidos que causaram forte repercuss\u00e3o nacional: a aplica\u00e7\u00e3o da Lei Magnitsky contra o ministro Alexandre de Moraes, do Supremo Tribunal Federal (STF), e a imposi\u00e7\u00e3o de novas tarifas comerciais (tarifa\u00e7o) sobre produtos brasileiros. [&hellip;]","og_url":"https:\/\/www.cidademarketing.com.br\/marketing\/2025\/07\/31\/lei-magnitsky-e-tarifaco-governo-lula-reage-a-sancoes-dos-eua-contra-o-brasil-e-alexandre-de-moraes\/","og_site_name":"CidadeMarketing","article_publisher":"https:\/\/www.facebook.com\/portalcidademarketing","article_author":"https:\/\/www.facebook.com\/thalesbrandao","article_published_time":"2025-07-31T03:52:08+00:00","og_image":[{"width":1000,"height":1333,"url":"https:\/\/www.cidademarketing.com.br\/marketing\/wp-content\/uploads\/2025\/07\/brasil_eua_comunicado_notaoficial.webp","type":"image\/webp"}],"author":"Thales Brand\u00e3o","twitter_card":"summary_large_image","twitter_creator":"@http:\/\/www.twitter.com\/thalesbrandao","twitter_site":"@CidadeMarketing","twitter_misc":{"Escrito por":"Thales Brand\u00e3o","Est. tempo de leitura":"3 minutos"},"schema":{"@context":"https:\/\/schema.org","@graph":[{"@type":"Article","@id":"https:\/\/www.cidademarketing.com.br\/marketing\/2025\/07\/31\/lei-magnitsky-e-tarifaco-governo-lula-reage-a-sancoes-dos-eua-contra-o-brasil-e-alexandre-de-moraes\/#article","isPartOf":{"@id":"https:\/\/www.cidademarketing.com.br\/marketing\/2025\/07\/31\/lei-magnitsky-e-tarifaco-governo-lula-reage-a-sancoes-dos-eua-contra-o-brasil-e-alexandre-de-moraes\/"},"author":{"name":"Thales Brand\u00e3o","@id":"https:\/\/www.cidademarketing.com.br\/marketing\/#\/schema\/person\/02daff9f18bd9378c9e01eb6b2db155f"},"headline":"Lei Magnitsky e Tarifa\u00e7o: Governo Lula reage a san\u00e7\u00f5es dos EUA contra o Brasil e Alexandre de Moraes","datePublished":"2025-07-31T03:52:08+00:00","mainEntityOfPage":{"@id":"https:\/\/www.cidademarketing.com.br\/marketing\/2025\/07\/31\/lei-magnitsky-e-tarifaco-governo-lula-reage-a-sancoes-dos-eua-contra-o-brasil-e-alexandre-de-moraes\/"},"wordCount":715,"commentCount":0,"publisher":{"@id":"https:\/\/www.cidademarketing.com.br\/marketing\/#organization"},"image":{"@id":"https:\/\/www.cidademarketing.com.br\/marketing\/2025\/07\/31\/lei-magnitsky-e-tarifaco-governo-lula-reage-a-sancoes-dos-eua-contra-o-brasil-e-alexandre-de-moraes\/#primaryimage"},"thumbnailUrl":"https:\/\/www.cidademarketing.com.br\/marketing\/wp-content\/uploads\/2025\/07\/brasil_eua_comunicado_notaoficial.webp","keywords":["Alexandre de Moraes","balan\u00e7a comercial","d\u00f3lar","EUA","importa\u00e7\u00e3o","Lei Magnitsky","Lula","mercado internacional","produtos","real","redes sociais","STF","tarifa\u00e7o","Trump"],"articleSection":["Not\u00edcias"],"inLanguage":"pt-BR","potentialAction":[{"@type":"CommentAction","name":"Comment","target":["https:\/\/www.cidademarketing.com.br\/marketing\/2025\/07\/31\/lei-magnitsky-e-tarifaco-governo-lula-reage-a-sancoes-dos-eua-contra-o-brasil-e-alexandre-de-moraes\/#respond"]}]},{"@type":"WebPage","@id":"https:\/\/www.cidademarketing.com.br\/marketing\/2025\/07\/31\/lei-magnitsky-e-tarifaco-governo-lula-reage-a-sancoes-dos-eua-contra-o-brasil-e-alexandre-de-moraes\/","url":"https:\/\/www.cidademarketing.com.br\/marketing\/2025\/07\/31\/lei-magnitsky-e-tarifaco-governo-lula-reage-a-sancoes-dos-eua-contra-o-brasil-e-alexandre-de-moraes\/","name":"Lei Magnitsky e Tarifa\u00e7o: Governo Lula reage a san\u00e7\u00f5es dos EUA contra o Brasil e Alexandre de Moraes - CidadeMarketing","isPartOf":{"@id":"https:\/\/www.cidademarketing.com.br\/marketing\/#website"},"primaryImageOfPage":{"@id":"https:\/\/www.cidademarketing.com.br\/marketing\/2025\/07\/31\/lei-magnitsky-e-tarifaco-governo-lula-reage-a-sancoes-dos-eua-contra-o-brasil-e-alexandre-de-moraes\/#primaryimage"},"image":{"@id":"https:\/\/www.cidademarketing.com.br\/marketing\/2025\/07\/31\/lei-magnitsky-e-tarifaco-governo-lula-reage-a-sancoes-dos-eua-contra-o-brasil-e-alexandre-de-moraes\/#primaryimage"},"thumbnailUrl":"https:\/\/www.cidademarketing.com.br\/marketing\/wp-content\/uploads\/2025\/07\/brasil_eua_comunicado_notaoficial.webp","datePublished":"2025-07-31T03:52:08+00:00","breadcrumb":{"@id":"https:\/\/www.cidademarketing.com.br\/marketing\/2025\/07\/31\/lei-magnitsky-e-tarifaco-governo-lula-reage-a-sancoes-dos-eua-contra-o-brasil-e-alexandre-de-moraes\/#breadcrumb"},"inLanguage":"pt-BR","potentialAction":[{"@type":"ReadAction","target":["https:\/\/www.cidademarketing.com.br\/marketing\/2025\/07\/31\/lei-magnitsky-e-tarifaco-governo-lula-reage-a-sancoes-dos-eua-contra-o-brasil-e-alexandre-de-moraes\/"]}]},{"@type":"ImageObject","inLanguage":"pt-BR","@id":"https:\/\/www.cidademarketing.com.br\/marketing\/2025\/07\/31\/lei-magnitsky-e-tarifaco-governo-lula-reage-a-sancoes-dos-eua-contra-o-brasil-e-alexandre-de-moraes\/#primaryimage","url":"https:\/\/www.cidademarketing.com.br\/marketing\/wp-content\/uploads\/2025\/07\/brasil_eua_comunicado_notaoficial.webp","contentUrl":"https:\/\/www.cidademarketing.com.br\/marketing\/wp-content\/uploads\/2025\/07\/brasil_eua_comunicado_notaoficial.webp","width":1000,"height":1333,"caption":"IA"},{"@type":"BreadcrumbList","@id":"https:\/\/www.cidademarketing.com.br\/marketing\/2025\/07\/31\/lei-magnitsky-e-tarifaco-governo-lula-reage-a-sancoes-dos-eua-contra-o-brasil-e-alexandre-de-moraes\/#breadcrumb","itemListElement":[{"@type":"ListItem","position":1,"name":"In\u00edcio","item":"https:\/\/www.cidademarketing.com.br\/marketing\/"},{"@type":"ListItem","position":2,"name":"Lei Magnitsky e Tarifa\u00e7o: Governo Lula reage a san\u00e7\u00f5es dos EUA contra o Brasil e Alexandre de Moraes"}]},{"@type":"WebSite","@id":"https:\/\/www.cidademarketing.com.br\/marketing\/#website","url":"https:\/\/www.cidademarketing.com.br\/marketing\/","name":"CidadeMarketing","description":"Somos um ve\u00edculo de comunica\u00e7\u00e3o de destaque no Brasil, reconhecido por conte\u00fados nos segmentos de marketing, empreendedorismo e inova\u00e7\u00e3o.","publisher":{"@id":"https:\/\/www.cidademarketing.com.br\/marketing\/#organization"},"alternateName":"CidadeMarketing","potentialAction":[{"@type":"SearchAction","target":{"@type":"EntryPoint","urlTemplate":"https:\/\/www.cidademarketing.com.br\/marketing\/?s={search_term_string}"},"query-input":{"@type":"PropertyValueSpecification","valueRequired":true,"valueName":"search_term_string"}}],"inLanguage":"pt-BR"},{"@type":"Organization","@id":"https:\/\/www.cidademarketing.com.br\/marketing\/#organization","name":"CidadeMarketing","alternateName":"CidadeMarketing","url":"https:\/\/www.cidademarketing.com.br\/marketing\/","logo":{"@type":"ImageObject","inLanguage":"pt-BR","@id":"https:\/\/www.cidademarketing.com.br\/marketing\/#\/schema\/logo\/image\/","url":"https:\/\/www.cidademarketing.com.br\/marketing\/wp-content\/uploads\/2020\/01\/cidademarketing_marca_mobile.png","contentUrl":"https:\/\/www.cidademarketing.com.br\/marketing\/wp-content\/uploads\/2020\/01\/cidademarketing_marca_mobile.png","width":230,"height":92,"caption":"CidadeMarketing"},"image":{"@id":"https:\/\/www.cidademarketing.com.br\/marketing\/#\/schema\/logo\/image\/"},"sameAs":["https:\/\/www.facebook.com\/portalcidademarketing","https:\/\/x.com\/CidadeMarketing","https:\/\/www.instagram.com\/cidademarketing\/"]},{"@type":"Person","@id":"https:\/\/www.cidademarketing.com.br\/marketing\/#\/schema\/person\/02daff9f18bd9378c9e01eb6b2db155f","name":"Thales Brand\u00e3o","image":{"@type":"ImageObject","inLanguage":"pt-BR","@id":"https:\/\/secure.gravatar.com\/avatar\/7ca3206950207cc3cb48feec56a8a7898741ab725c368d99d5d7a5a50aab80c6?s=96&d=mm&r=g","url":"https:\/\/secure.gravatar.com\/avatar\/7ca3206950207cc3cb48feec56a8a7898741ab725c368d99d5d7a5a50aab80c6?s=96&d=mm&r=g","contentUrl":"https:\/\/secure.gravatar.com\/avatar\/7ca3206950207cc3cb48feec56a8a7898741ab725c368d99d5d7a5a50aab80c6?s=96&d=mm&r=g","caption":"Thales Brand\u00e3o"},"description":"Editor Executivo do Portal CidadeMarketing.com.br &gt; Mestre em Comunica\u00e7\u00e3o e Sociedade pela Universidade Federal de Sergipe. Possui MBA Executivo em Administra\u00e7\u00e3o com \u00eanfase em Marketing pela Funda\u00e7\u00e3o Get\u00falio Vargas - Rio de Janeiro. Consultor, Palestrante e Pesquisador sobre Empreendedorismo, Marketing, Redes Sociais e Neg\u00f3cios Digitais. Professor, Palestrante TedxTalks e Campus Party. Twitter: @ThalesBrandao","sameAs":["http:\/\/www.mandacaru.com.br","https:\/\/www.facebook.com\/thalesbrandao","http:\/\/www.instagram.com.br\/thalesbrandaoferreira","https:\/\/www.linkedin.com\/in\/thales-brand\u00e3o-3948609\/","https:\/\/x.com\/http:\/\/www.twitter.com\/thalesbrandao"],"url":"https:\/\/www.cidademarketing.com.br\/marketing\/author\/thalesbrandao\/"}]}},"amp_enabled":true,"_links":{"self":[{"href":"https:\/\/www.cidademarketing.com.br\/marketing\/wp-json\/wp\/v2\/posts\/57171","targetHints":{"allow":["GET"]}}],"collection":[{"href":"https:\/\/www.cidademarketing.com.br\/marketing\/wp-json\/wp\/v2\/posts"}],"about":[{"href":"https:\/\/www.cidademarketing.com.br\/marketing\/wp-json\/wp\/v2\/types\/post"}],"author":[{"embeddable":true,"href":"https:\/\/www.cidademarketing.com.br\/marketing\/wp-json\/wp\/v2\/users\/1"}],"replies":[{"embeddable":true,"href":"https:\/\/www.cidademarketing.com.br\/marketing\/wp-json\/wp\/v2\/comments?post=57171"}],"version-history":[{"count":1,"href":"https:\/\/www.cidademarketing.com.br\/marketing\/wp-json\/wp\/v2\/posts\/57171\/revisions"}],"predecessor-version":[{"id":57173,"href":"https:\/\/www.cidademarketing.com.br\/marketing\/wp-json\/wp\/v2\/posts\/57171\/revisions\/57173"}],"wp:featuredmedia":[{"embeddable":true,"href":"https:\/\/www.cidademarketing.com.br\/marketing\/wp-json\/wp\/v2\/media\/57172"}],"wp:attachment":[{"href":"https:\/\/www.cidademarketing.com.br\/marketing\/wp-json\/wp\/v2\/media?parent=57171"}],"wp:term":[{"taxonomy":"category","embeddable":true,"href":"https:\/\/www.cidademarketing.com.br\/marketing\/wp-json\/wp\/v2\/categories?post=57171"},{"taxonomy":"post_tag","embeddable":true,"href":"https:\/\/www.cidademarketing.com.br\/marketing\/wp-json\/wp\/v2\/tags?post=57171"}],"curies":[{"name":"wp","href":"https:\/\/api.w.org\/{rel}","templated":true}]}}