{"id":5713,"date":"2019-01-29T09:57:26","date_gmt":"2019-01-29T11:57:26","guid":{"rendered":"http:\/\/www.cidademarketing.com.br\/marketing\/?p=5713"},"modified":"2019-01-29T09:57:29","modified_gmt":"2019-01-29T11:57:29","slug":"policia-civil-de-minas-gerais-apresenta-nova-fase-de-identificacao-das-vitimas-em-brumadinho","status":"publish","type":"post","link":"https:\/\/www.cidademarketing.com.br\/marketing\/2019\/01\/29\/policia-civil-de-minas-gerais-apresenta-nova-fase-de-identificacao-das-vitimas-em-brumadinho\/","title":{"rendered":"Pol\u00edcia Civil de Minas Gerais apresenta nova fase de identifica\u00e7\u00e3o das v\u00edtimas em Brumadinho"},"content":{"rendered":"\n<p>A Pol\u00edcia Civil de Minas Gerais (PCMG) informou ontem segunda-feira (28) que os procedimentos para identifica\u00e7\u00e3o das v\u00edtimas fatais do rompimento da barragem da mina C\u00f3rrego do Feij\u00e3o, em Brumadinho, foram iniciados logo ap\u00f3s a confirma\u00e7\u00e3o da ocorr\u00eancia do evento e est\u00e3o ocorrendo dentro do prazo.<br> Neste momento todos os esfor\u00e7os e recursos dos \u00f3rg\u00e3os t\u00e9cnicos da PCMG est\u00e3o sendo empregados para que as v\u00edtimas fatais sejam identificadas e liberadas aos seus familiares no menor espa\u00e7o de tempo.<\/p>\n\n\n\n<p>Para tornar mais eficiente os trabalhos, algumas metodologias de an\u00e1lise ser\u00e3o implementadas a partir da pr\u00f3xima quarta-feira (30), entre elas, a gen\u00e9tica forense (DNA) e odontologia legal (arcada dent\u00e1ria), iniciando uma nova fase no processo de identifica\u00e7\u00e3o por meio da complementa\u00e7\u00e3o das informa\u00e7\u00f5es de refer\u00eancia j\u00e1 iniciadas junto aos familiares pela Academia da Pol\u00edcia Civil (Acadepol).<\/p>\n\n\n\n<p>&#8220;Desde s\u00e1bado j\u00e1 cadastramos quase 500 fam\u00edlias de desaparecidos na Acadepol. Importante frisar, contudo, que pode haver duplicidade de registros, uma vez que familiares diferentes de um mesmo desaparecido por vezes realizam o cadastro em momentos distintos. A Pol\u00edcia Civil j\u00e1 est\u00e1 processando esses dados para divulgar uma rela\u00e7\u00e3o precisa dessa triagem&#8221;, destacou a Diretora da Acadepol, Delegada-Geral Cinara Maria Moreira Liberal.<\/p>\n\n\n\n<p>Para atualiza\u00e7\u00e3o dos dados, os familiares das v\u00edtimas fatais ser\u00e3o convidados, via contato telef\u00f4nico, a comparecerem ao Centro de Comando da Acadepol, localizado na Rua Oscar Negr\u00e3o de Lima, 200 \u00bf Pr\u00e9dio B, sala 6 &#8211; Nova Gameleira, Belo Horizonte\/MG, em dia e hor\u00e1rio agendados.<\/p>\n\n\n\n<p>Conforme enfatizou o Superintendente de Pol\u00edcia T\u00e9cnico-Cient\u00edfica, m\u00e9dico-legista Thalles Bittencourt de Barcelos Bittencourt, a Pol\u00edcia Civil est\u00e1 fazendo todo o esfor\u00e7o necess\u00e1rio para conseguir uma r\u00e1pida identifica\u00e7\u00e3o das v\u00edtimas, em vista do sofrimento dos familiares, sem contudo ferir os devidos protocolos m\u00e9dico-legais de modo a garantir a precis\u00e3o das per\u00edcias. &#8220;\u00c9 muito importante dizer que os corpos j\u00e1 liberados do IML aos familiares foram identificados com rapidez e efic\u00e1cia pelo primeiro passo, que \u00e9 a papiloscopia (compara\u00e7\u00e3o das digitais)&#8221;, explicou.<\/p>\n\n\n\n<p>Segundo Bittencourt, a nova fase a ser seguida, portanto, visa \u00e0 identifica\u00e7\u00e3o dos corpos das v\u00edtimas que podem chegar ao IML com m\u00faltiplas les\u00f5es, o que \u00e9 comum nesse tipo de evento como o de Brumadinho. &#8220;Por isso, estamos nos adiantando para complementar os cadastros e agilizar o processo de identifica\u00e7\u00e3o&#8221;, afirmou o Superintendente. Ele lembrou que a coleta para exame de DNA \u00e9 realizada pelo mucosa oral (boca), com equipamento pr\u00f3prio, e n\u00e3o oferece riscos ou desconforto aos familiares.<\/p>\n\n\n\n<p>A Pol\u00edcia Civil informa, ainda, que n\u00e3o \u00e9 necess\u00e1rio que o familiar se desloque \u00e0 Acadepol ou ao IML antes de receber a liga\u00e7\u00e3o telef\u00f4nica para o agendamento. Em caso de d\u00favidas, poder\u00e1 ser encaminhado e-mail para <a href=\"dvibrumadinho@gmail.com\" target=\"_blank\" rel=\"noreferrer noopener\" aria-label=\"dvibrumadinho@gmail.com (abre em uma nova aba)\">dvibrumadinho@gmail.com<\/a>.<\/p>\n\n\n\n<p>Orienta\u00e7\u00f5es sobre o que dever\u00e1 ser levado pelo familiar (por exemplo: fotografias, radiografias, objetos de uso pessoal da v\u00edtima) e sobre o transporte (Brumadinho-ACADEPOL-Brumadinho) ser\u00e3o passadas via telefone, conforme cada caso.<\/p>\n","protected":false},"excerpt":{"rendered":"<p>A Pol\u00edcia Civil de Minas Gerais (PCMG) informou ontem segunda-feira (28) que os procedimentos para identifica\u00e7\u00e3o das v\u00edtimas fatais do rompimento da barragem da mina C\u00f3rrego do Feij\u00e3o, em Brumadinho, foram iniciados logo ap\u00f3s a confirma\u00e7\u00e3o da ocorr\u00eancia do evento e est\u00e3o ocorrendo dentro do prazo. Neste momento todos os esfor\u00e7os e recursos dos \u00f3rg\u00e3os [&hellip;]<\/p>\n","protected":false},"author":1,"featured_media":5714,"comment_status":"open","ping_status":"open","sticky":false,"template":"","format":"standard","meta":{"tdm_status":"","tdm_grid_status":"","footnotes":""},"categories":[6],"tags":[1271,1238,1272,612],"class_list":["post-5713","post","type-post","status-publish","format-standard","has-post-thumbnail","hentry","category-noticias","tag-iml","tag-minas-gerais","tag-policia-civil","tag-vale"],"yoast_head":"<!-- This site is optimized with the Yoast SEO plugin v27.4 - https:\/\/yoast.com\/product\/yoast-seo-wordpress\/ -->\n<title>Pol\u00edcia Civil de Minas Gerais apresenta nova fase de identifica\u00e7\u00e3o das v\u00edtimas em Brumadinho - CidadeMarketing<\/title>\n<meta name=\"robots\" content=\"index, follow, max-snippet:-1, max-image-preview:large, max-video-preview:-1\" \/>\n<link rel=\"canonical\" href=\"https:\/\/www.cidademarketing.com.br\/marketing\/2019\/01\/29\/policia-civil-de-minas-gerais-apresenta-nova-fase-de-identificacao-das-vitimas-em-brumadinho\/\" \/>\n<meta property=\"og:locale\" content=\"pt_BR\" \/>\n<meta property=\"og:type\" content=\"article\" \/>\n<meta property=\"og:title\" content=\"Pol\u00edcia Civil de Minas Gerais apresenta nova fase de identifica\u00e7\u00e3o das v\u00edtimas em Brumadinho - CidadeMarketing\" \/>\n<meta property=\"og:description\" content=\"A Pol\u00edcia Civil de Minas Gerais (PCMG) informou ontem segunda-feira (28) que os procedimentos para identifica\u00e7\u00e3o das v\u00edtimas fatais do rompimento da barragem da mina C\u00f3rrego do Feij\u00e3o, em Brumadinho, foram iniciados logo ap\u00f3s a confirma\u00e7\u00e3o da ocorr\u00eancia do evento e est\u00e3o ocorrendo dentro do prazo. Neste momento todos os esfor\u00e7os e recursos dos \u00f3rg\u00e3os [&hellip;]\" \/>\n<meta property=\"og:url\" content=\"https:\/\/www.cidademarketing.com.br\/marketing\/2019\/01\/29\/policia-civil-de-minas-gerais-apresenta-nova-fase-de-identificacao-das-vitimas-em-brumadinho\/\" \/>\n<meta property=\"og:site_name\" content=\"CidadeMarketing\" \/>\n<meta property=\"article:publisher\" content=\"https:\/\/www.facebook.com\/portalcidademarketing\" \/>\n<meta property=\"article:author\" content=\"https:\/\/www.facebook.com\/thalesbrandao\" \/>\n<meta property=\"article:published_time\" content=\"2019-01-29T11:57:26+00:00\" \/>\n<meta property=\"article:modified_time\" content=\"2019-01-29T11:57:29+00:00\" \/>\n<meta property=\"og:image\" content=\"https:\/\/www.cidademarketing.com.br\/marketing\/wp-content\/uploads\/2019\/01\/iml_belohorizonte_brumadinho.jpeg\" \/>\n\t<meta property=\"og:image:width\" content=\"1280\" \/>\n\t<meta property=\"og:image:height\" content=\"720\" \/>\n\t<meta property=\"og:image:type\" content=\"image\/jpeg\" \/>\n<meta name=\"author\" content=\"Thales Brand\u00e3o\" \/>\n<meta name=\"twitter:card\" content=\"summary_large_image\" \/>\n<meta name=\"twitter:creator\" content=\"@http:\/\/www.twitter.com\/thalesbrandao\" \/>\n<meta name=\"twitter:site\" content=\"@CidadeMarketing\" \/>\n<meta name=\"twitter:label1\" content=\"Escrito por\" \/>\n\t<meta name=\"twitter:data1\" content=\"Thales Brand\u00e3o\" \/>\n\t<meta name=\"twitter:label2\" content=\"Est. tempo de leitura\" \/>\n\t<meta name=\"twitter:data2\" content=\"3 minutos\" \/>\n<script type=\"application\/ld+json\" class=\"yoast-schema-graph\">{\"@context\":\"https:\\\/\\\/schema.org\",\"@graph\":[{\"@type\":\"Article\",\"@id\":\"https:\\\/\\\/www.cidademarketing.com.br\\\/marketing\\\/2019\\\/01\\\/29\\\/policia-civil-de-minas-gerais-apresenta-nova-fase-de-identificacao-das-vitimas-em-brumadinho\\\/#article\",\"isPartOf\":{\"@id\":\"https:\\\/\\\/www.cidademarketing.com.br\\\/marketing\\\/2019\\\/01\\\/29\\\/policia-civil-de-minas-gerais-apresenta-nova-fase-de-identificacao-das-vitimas-em-brumadinho\\\/\"},\"author\":{\"name\":\"Thales Brand\u00e3o\",\"@id\":\"https:\\\/\\\/www.cidademarketing.com.br\\\/marketing\\\/#\\\/schema\\\/person\\\/02daff9f18bd9378c9e01eb6b2db155f\"},\"headline\":\"Pol\u00edcia Civil de Minas Gerais apresenta nova fase de identifica\u00e7\u00e3o das v\u00edtimas em Brumadinho\",\"datePublished\":\"2019-01-29T11:57:26+00:00\",\"dateModified\":\"2019-01-29T11:57:29+00:00\",\"mainEntityOfPage\":{\"@id\":\"https:\\\/\\\/www.cidademarketing.com.br\\\/marketing\\\/2019\\\/01\\\/29\\\/policia-civil-de-minas-gerais-apresenta-nova-fase-de-identificacao-das-vitimas-em-brumadinho\\\/\"},\"wordCount\":544,\"commentCount\":0,\"publisher\":{\"@id\":\"https:\\\/\\\/www.cidademarketing.com.br\\\/marketing\\\/#organization\"},\"image\":{\"@id\":\"https:\\\/\\\/www.cidademarketing.com.br\\\/marketing\\\/2019\\\/01\\\/29\\\/policia-civil-de-minas-gerais-apresenta-nova-fase-de-identificacao-das-vitimas-em-brumadinho\\\/#primaryimage\"},\"thumbnailUrl\":\"https:\\\/\\\/www.cidademarketing.com.br\\\/marketing\\\/wp-content\\\/uploads\\\/2019\\\/01\\\/iml_belohorizonte_brumadinho.jpeg\",\"keywords\":[\"IML\",\"Minas Gerais\",\"Pol\u00edcia Civil\",\"Vale\"],\"articleSection\":[\"Not\u00edcias\"],\"inLanguage\":\"pt-BR\",\"potentialAction\":[{\"@type\":\"CommentAction\",\"name\":\"Comment\",\"target\":[\"https:\\\/\\\/www.cidademarketing.com.br\\\/marketing\\\/2019\\\/01\\\/29\\\/policia-civil-de-minas-gerais-apresenta-nova-fase-de-identificacao-das-vitimas-em-brumadinho\\\/#respond\"]}]},{\"@type\":\"WebPage\",\"@id\":\"https:\\\/\\\/www.cidademarketing.com.br\\\/marketing\\\/2019\\\/01\\\/29\\\/policia-civil-de-minas-gerais-apresenta-nova-fase-de-identificacao-das-vitimas-em-brumadinho\\\/\",\"url\":\"https:\\\/\\\/www.cidademarketing.com.br\\\/marketing\\\/2019\\\/01\\\/29\\\/policia-civil-de-minas-gerais-apresenta-nova-fase-de-identificacao-das-vitimas-em-brumadinho\\\/\",\"name\":\"Pol\u00edcia Civil de Minas Gerais apresenta nova fase de identifica\u00e7\u00e3o das v\u00edtimas em Brumadinho - CidadeMarketing\",\"isPartOf\":{\"@id\":\"https:\\\/\\\/www.cidademarketing.com.br\\\/marketing\\\/#website\"},\"primaryImageOfPage\":{\"@id\":\"https:\\\/\\\/www.cidademarketing.com.br\\\/marketing\\\/2019\\\/01\\\/29\\\/policia-civil-de-minas-gerais-apresenta-nova-fase-de-identificacao-das-vitimas-em-brumadinho\\\/#primaryimage\"},\"image\":{\"@id\":\"https:\\\/\\\/www.cidademarketing.com.br\\\/marketing\\\/2019\\\/01\\\/29\\\/policia-civil-de-minas-gerais-apresenta-nova-fase-de-identificacao-das-vitimas-em-brumadinho\\\/#primaryimage\"},\"thumbnailUrl\":\"https:\\\/\\\/www.cidademarketing.com.br\\\/marketing\\\/wp-content\\\/uploads\\\/2019\\\/01\\\/iml_belohorizonte_brumadinho.jpeg\",\"datePublished\":\"2019-01-29T11:57:26+00:00\",\"dateModified\":\"2019-01-29T11:57:29+00:00\",\"breadcrumb\":{\"@id\":\"https:\\\/\\\/www.cidademarketing.com.br\\\/marketing\\\/2019\\\/01\\\/29\\\/policia-civil-de-minas-gerais-apresenta-nova-fase-de-identificacao-das-vitimas-em-brumadinho\\\/#breadcrumb\"},\"inLanguage\":\"pt-BR\",\"potentialAction\":[{\"@type\":\"ReadAction\",\"target\":[\"https:\\\/\\\/www.cidademarketing.com.br\\\/marketing\\\/2019\\\/01\\\/29\\\/policia-civil-de-minas-gerais-apresenta-nova-fase-de-identificacao-das-vitimas-em-brumadinho\\\/\"]}]},{\"@type\":\"ImageObject\",\"inLanguage\":\"pt-BR\",\"@id\":\"https:\\\/\\\/www.cidademarketing.com.br\\\/marketing\\\/2019\\\/01\\\/29\\\/policia-civil-de-minas-gerais-apresenta-nova-fase-de-identificacao-das-vitimas-em-brumadinho\\\/#primaryimage\",\"url\":\"https:\\\/\\\/www.cidademarketing.com.br\\\/marketing\\\/wp-content\\\/uploads\\\/2019\\\/01\\\/iml_belohorizonte_brumadinho.jpeg\",\"contentUrl\":\"https:\\\/\\\/www.cidademarketing.com.br\\\/marketing\\\/wp-content\\\/uploads\\\/2019\\\/01\\\/iml_belohorizonte_brumadinho.jpeg\",\"width\":1280,\"height\":720,\"caption\":\"Divulga\u00e7\u00e3o\"},{\"@type\":\"BreadcrumbList\",\"@id\":\"https:\\\/\\\/www.cidademarketing.com.br\\\/marketing\\\/2019\\\/01\\\/29\\\/policia-civil-de-minas-gerais-apresenta-nova-fase-de-identificacao-das-vitimas-em-brumadinho\\\/#breadcrumb\",\"itemListElement\":[{\"@type\":\"ListItem\",\"position\":1,\"name\":\"In\u00edcio\",\"item\":\"https:\\\/\\\/www.cidademarketing.com.br\\\/marketing\\\/\"},{\"@type\":\"ListItem\",\"position\":2,\"name\":\"Pol\u00edcia Civil de Minas Gerais apresenta nova fase de identifica\u00e7\u00e3o das v\u00edtimas em Brumadinho\"}]},{\"@type\":\"WebSite\",\"@id\":\"https:\\\/\\\/www.cidademarketing.com.br\\\/marketing\\\/#website\",\"url\":\"https:\\\/\\\/www.cidademarketing.com.br\\\/marketing\\\/\",\"name\":\"CidadeMarketing\",\"description\":\"Somos um ve\u00edculo de comunica\u00e7\u00e3o de destaque no Brasil, reconhecido por conte\u00fados nos segmentos de marketing, empreendedorismo e inova\u00e7\u00e3o.\",\"publisher\":{\"@id\":\"https:\\\/\\\/www.cidademarketing.com.br\\\/marketing\\\/#organization\"},\"alternateName\":\"CidadeMarketing\",\"potentialAction\":[{\"@type\":\"SearchAction\",\"target\":{\"@type\":\"EntryPoint\",\"urlTemplate\":\"https:\\\/\\\/www.cidademarketing.com.br\\\/marketing\\\/?s={search_term_string}\"},\"query-input\":{\"@type\":\"PropertyValueSpecification\",\"valueRequired\":true,\"valueName\":\"search_term_string\"}}],\"inLanguage\":\"pt-BR\"},{\"@type\":\"Organization\",\"@id\":\"https:\\\/\\\/www.cidademarketing.com.br\\\/marketing\\\/#organization\",\"name\":\"CidadeMarketing\",\"alternateName\":\"CidadeMarketing\",\"url\":\"https:\\\/\\\/www.cidademarketing.com.br\\\/marketing\\\/\",\"logo\":{\"@type\":\"ImageObject\",\"inLanguage\":\"pt-BR\",\"@id\":\"https:\\\/\\\/www.cidademarketing.com.br\\\/marketing\\\/#\\\/schema\\\/logo\\\/image\\\/\",\"url\":\"https:\\\/\\\/www.cidademarketing.com.br\\\/marketing\\\/wp-content\\\/uploads\\\/2020\\\/01\\\/cidademarketing_marca_mobile.png\",\"contentUrl\":\"https:\\\/\\\/www.cidademarketing.com.br\\\/marketing\\\/wp-content\\\/uploads\\\/2020\\\/01\\\/cidademarketing_marca_mobile.png\",\"width\":230,\"height\":92,\"caption\":\"CidadeMarketing\"},\"image\":{\"@id\":\"https:\\\/\\\/www.cidademarketing.com.br\\\/marketing\\\/#\\\/schema\\\/logo\\\/image\\\/\"},\"sameAs\":[\"https:\\\/\\\/www.facebook.com\\\/portalcidademarketing\",\"https:\\\/\\\/x.com\\\/CidadeMarketing\",\"https:\\\/\\\/www.instagram.com\\\/cidademarketing\\\/\"]},{\"@type\":\"Person\",\"@id\":\"https:\\\/\\\/www.cidademarketing.com.br\\\/marketing\\\/#\\\/schema\\\/person\\\/02daff9f18bd9378c9e01eb6b2db155f\",\"name\":\"Thales Brand\u00e3o\",\"image\":{\"@type\":\"ImageObject\",\"inLanguage\":\"pt-BR\",\"@id\":\"https:\\\/\\\/secure.gravatar.com\\\/avatar\\\/7ca3206950207cc3cb48feec56a8a7898741ab725c368d99d5d7a5a50aab80c6?s=96&d=mm&r=g\",\"url\":\"https:\\\/\\\/secure.gravatar.com\\\/avatar\\\/7ca3206950207cc3cb48feec56a8a7898741ab725c368d99d5d7a5a50aab80c6?s=96&d=mm&r=g\",\"contentUrl\":\"https:\\\/\\\/secure.gravatar.com\\\/avatar\\\/7ca3206950207cc3cb48feec56a8a7898741ab725c368d99d5d7a5a50aab80c6?s=96&d=mm&r=g\",\"caption\":\"Thales Brand\u00e3o\"},\"description\":\"Editor Executivo do Portal CidadeMarketing.com.br &gt; Mestre em Comunica\u00e7\u00e3o e Sociedade pela Universidade Federal de Sergipe. Possui MBA Executivo em Administra\u00e7\u00e3o com \u00eanfase em Marketing pela Funda\u00e7\u00e3o Get\u00falio Vargas - Rio de Janeiro. Consultor, Palestrante e Pesquisador sobre Empreendedorismo, Marketing, Redes Sociais e Neg\u00f3cios Digitais. Professor, Palestrante TedxTalks e Campus Party. Twitter: @ThalesBrandao\",\"sameAs\":[\"http:\\\/\\\/www.mandacaru.com.br\",\"https:\\\/\\\/www.facebook.com\\\/thalesbrandao\",\"http:\\\/\\\/www.instagram.com.br\\\/thalesbrandaoferreira\",\"https:\\\/\\\/www.linkedin.com\\\/in\\\/thales-brand\u00e3o-3948609\\\/\",\"https:\\\/\\\/x.com\\\/http:\\\/\\\/www.twitter.com\\\/thalesbrandao\"],\"url\":\"https:\\\/\\\/www.cidademarketing.com.br\\\/marketing\\\/author\\\/thalesbrandao\\\/\"}]}<\/script>\n<!-- \/ Yoast SEO plugin. -->","yoast_head_json":{"title":"Pol\u00edcia Civil de Minas Gerais apresenta nova fase de identifica\u00e7\u00e3o das v\u00edtimas em Brumadinho - CidadeMarketing","robots":{"index":"index","follow":"follow","max-snippet":"max-snippet:-1","max-image-preview":"max-image-preview:large","max-video-preview":"max-video-preview:-1"},"canonical":"https:\/\/www.cidademarketing.com.br\/marketing\/2019\/01\/29\/policia-civil-de-minas-gerais-apresenta-nova-fase-de-identificacao-das-vitimas-em-brumadinho\/","og_locale":"pt_BR","og_type":"article","og_title":"Pol\u00edcia Civil de Minas Gerais apresenta nova fase de identifica\u00e7\u00e3o das v\u00edtimas em Brumadinho - CidadeMarketing","og_description":"A Pol\u00edcia Civil de Minas Gerais (PCMG) informou ontem segunda-feira (28) que os procedimentos para identifica\u00e7\u00e3o das v\u00edtimas fatais do rompimento da barragem da mina C\u00f3rrego do Feij\u00e3o, em Brumadinho, foram iniciados logo ap\u00f3s a confirma\u00e7\u00e3o da ocorr\u00eancia do evento e est\u00e3o ocorrendo dentro do prazo. Neste momento todos os esfor\u00e7os e recursos dos \u00f3rg\u00e3os [&hellip;]","og_url":"https:\/\/www.cidademarketing.com.br\/marketing\/2019\/01\/29\/policia-civil-de-minas-gerais-apresenta-nova-fase-de-identificacao-das-vitimas-em-brumadinho\/","og_site_name":"CidadeMarketing","article_publisher":"https:\/\/www.facebook.com\/portalcidademarketing","article_author":"https:\/\/www.facebook.com\/thalesbrandao","article_published_time":"2019-01-29T11:57:26+00:00","article_modified_time":"2019-01-29T11:57:29+00:00","og_image":[{"width":1280,"height":720,"url":"https:\/\/www.cidademarketing.com.br\/marketing\/wp-content\/uploads\/2019\/01\/iml_belohorizonte_brumadinho.jpeg","type":"image\/jpeg"}],"author":"Thales Brand\u00e3o","twitter_card":"summary_large_image","twitter_creator":"@http:\/\/www.twitter.com\/thalesbrandao","twitter_site":"@CidadeMarketing","twitter_misc":{"Escrito por":"Thales Brand\u00e3o","Est. tempo de leitura":"3 minutos"},"schema":{"@context":"https:\/\/schema.org","@graph":[{"@type":"Article","@id":"https:\/\/www.cidademarketing.com.br\/marketing\/2019\/01\/29\/policia-civil-de-minas-gerais-apresenta-nova-fase-de-identificacao-das-vitimas-em-brumadinho\/#article","isPartOf":{"@id":"https:\/\/www.cidademarketing.com.br\/marketing\/2019\/01\/29\/policia-civil-de-minas-gerais-apresenta-nova-fase-de-identificacao-das-vitimas-em-brumadinho\/"},"author":{"name":"Thales Brand\u00e3o","@id":"https:\/\/www.cidademarketing.com.br\/marketing\/#\/schema\/person\/02daff9f18bd9378c9e01eb6b2db155f"},"headline":"Pol\u00edcia Civil de Minas Gerais apresenta nova fase de identifica\u00e7\u00e3o das v\u00edtimas em Brumadinho","datePublished":"2019-01-29T11:57:26+00:00","dateModified":"2019-01-29T11:57:29+00:00","mainEntityOfPage":{"@id":"https:\/\/www.cidademarketing.com.br\/marketing\/2019\/01\/29\/policia-civil-de-minas-gerais-apresenta-nova-fase-de-identificacao-das-vitimas-em-brumadinho\/"},"wordCount":544,"commentCount":0,"publisher":{"@id":"https:\/\/www.cidademarketing.com.br\/marketing\/#organization"},"image":{"@id":"https:\/\/www.cidademarketing.com.br\/marketing\/2019\/01\/29\/policia-civil-de-minas-gerais-apresenta-nova-fase-de-identificacao-das-vitimas-em-brumadinho\/#primaryimage"},"thumbnailUrl":"https:\/\/www.cidademarketing.com.br\/marketing\/wp-content\/uploads\/2019\/01\/iml_belohorizonte_brumadinho.jpeg","keywords":["IML","Minas Gerais","Pol\u00edcia Civil","Vale"],"articleSection":["Not\u00edcias"],"inLanguage":"pt-BR","potentialAction":[{"@type":"CommentAction","name":"Comment","target":["https:\/\/www.cidademarketing.com.br\/marketing\/2019\/01\/29\/policia-civil-de-minas-gerais-apresenta-nova-fase-de-identificacao-das-vitimas-em-brumadinho\/#respond"]}]},{"@type":"WebPage","@id":"https:\/\/www.cidademarketing.com.br\/marketing\/2019\/01\/29\/policia-civil-de-minas-gerais-apresenta-nova-fase-de-identificacao-das-vitimas-em-brumadinho\/","url":"https:\/\/www.cidademarketing.com.br\/marketing\/2019\/01\/29\/policia-civil-de-minas-gerais-apresenta-nova-fase-de-identificacao-das-vitimas-em-brumadinho\/","name":"Pol\u00edcia Civil de Minas Gerais apresenta nova fase de identifica\u00e7\u00e3o das v\u00edtimas em Brumadinho - CidadeMarketing","isPartOf":{"@id":"https:\/\/www.cidademarketing.com.br\/marketing\/#website"},"primaryImageOfPage":{"@id":"https:\/\/www.cidademarketing.com.br\/marketing\/2019\/01\/29\/policia-civil-de-minas-gerais-apresenta-nova-fase-de-identificacao-das-vitimas-em-brumadinho\/#primaryimage"},"image":{"@id":"https:\/\/www.cidademarketing.com.br\/marketing\/2019\/01\/29\/policia-civil-de-minas-gerais-apresenta-nova-fase-de-identificacao-das-vitimas-em-brumadinho\/#primaryimage"},"thumbnailUrl":"https:\/\/www.cidademarketing.com.br\/marketing\/wp-content\/uploads\/2019\/01\/iml_belohorizonte_brumadinho.jpeg","datePublished":"2019-01-29T11:57:26+00:00","dateModified":"2019-01-29T11:57:29+00:00","breadcrumb":{"@id":"https:\/\/www.cidademarketing.com.br\/marketing\/2019\/01\/29\/policia-civil-de-minas-gerais-apresenta-nova-fase-de-identificacao-das-vitimas-em-brumadinho\/#breadcrumb"},"inLanguage":"pt-BR","potentialAction":[{"@type":"ReadAction","target":["https:\/\/www.cidademarketing.com.br\/marketing\/2019\/01\/29\/policia-civil-de-minas-gerais-apresenta-nova-fase-de-identificacao-das-vitimas-em-brumadinho\/"]}]},{"@type":"ImageObject","inLanguage":"pt-BR","@id":"https:\/\/www.cidademarketing.com.br\/marketing\/2019\/01\/29\/policia-civil-de-minas-gerais-apresenta-nova-fase-de-identificacao-das-vitimas-em-brumadinho\/#primaryimage","url":"https:\/\/www.cidademarketing.com.br\/marketing\/wp-content\/uploads\/2019\/01\/iml_belohorizonte_brumadinho.jpeg","contentUrl":"https:\/\/www.cidademarketing.com.br\/marketing\/wp-content\/uploads\/2019\/01\/iml_belohorizonte_brumadinho.jpeg","width":1280,"height":720,"caption":"Divulga\u00e7\u00e3o"},{"@type":"BreadcrumbList","@id":"https:\/\/www.cidademarketing.com.br\/marketing\/2019\/01\/29\/policia-civil-de-minas-gerais-apresenta-nova-fase-de-identificacao-das-vitimas-em-brumadinho\/#breadcrumb","itemListElement":[{"@type":"ListItem","position":1,"name":"In\u00edcio","item":"https:\/\/www.cidademarketing.com.br\/marketing\/"},{"@type":"ListItem","position":2,"name":"Pol\u00edcia Civil de Minas Gerais apresenta nova fase de identifica\u00e7\u00e3o das v\u00edtimas em Brumadinho"}]},{"@type":"WebSite","@id":"https:\/\/www.cidademarketing.com.br\/marketing\/#website","url":"https:\/\/www.cidademarketing.com.br\/marketing\/","name":"CidadeMarketing","description":"Somos um ve\u00edculo de comunica\u00e7\u00e3o de destaque no Brasil, reconhecido por conte\u00fados nos segmentos de marketing, empreendedorismo e inova\u00e7\u00e3o.","publisher":{"@id":"https:\/\/www.cidademarketing.com.br\/marketing\/#organization"},"alternateName":"CidadeMarketing","potentialAction":[{"@type":"SearchAction","target":{"@type":"EntryPoint","urlTemplate":"https:\/\/www.cidademarketing.com.br\/marketing\/?s={search_term_string}"},"query-input":{"@type":"PropertyValueSpecification","valueRequired":true,"valueName":"search_term_string"}}],"inLanguage":"pt-BR"},{"@type":"Organization","@id":"https:\/\/www.cidademarketing.com.br\/marketing\/#organization","name":"CidadeMarketing","alternateName":"CidadeMarketing","url":"https:\/\/www.cidademarketing.com.br\/marketing\/","logo":{"@type":"ImageObject","inLanguage":"pt-BR","@id":"https:\/\/www.cidademarketing.com.br\/marketing\/#\/schema\/logo\/image\/","url":"https:\/\/www.cidademarketing.com.br\/marketing\/wp-content\/uploads\/2020\/01\/cidademarketing_marca_mobile.png","contentUrl":"https:\/\/www.cidademarketing.com.br\/marketing\/wp-content\/uploads\/2020\/01\/cidademarketing_marca_mobile.png","width":230,"height":92,"caption":"CidadeMarketing"},"image":{"@id":"https:\/\/www.cidademarketing.com.br\/marketing\/#\/schema\/logo\/image\/"},"sameAs":["https:\/\/www.facebook.com\/portalcidademarketing","https:\/\/x.com\/CidadeMarketing","https:\/\/www.instagram.com\/cidademarketing\/"]},{"@type":"Person","@id":"https:\/\/www.cidademarketing.com.br\/marketing\/#\/schema\/person\/02daff9f18bd9378c9e01eb6b2db155f","name":"Thales Brand\u00e3o","image":{"@type":"ImageObject","inLanguage":"pt-BR","@id":"https:\/\/secure.gravatar.com\/avatar\/7ca3206950207cc3cb48feec56a8a7898741ab725c368d99d5d7a5a50aab80c6?s=96&d=mm&r=g","url":"https:\/\/secure.gravatar.com\/avatar\/7ca3206950207cc3cb48feec56a8a7898741ab725c368d99d5d7a5a50aab80c6?s=96&d=mm&r=g","contentUrl":"https:\/\/secure.gravatar.com\/avatar\/7ca3206950207cc3cb48feec56a8a7898741ab725c368d99d5d7a5a50aab80c6?s=96&d=mm&r=g","caption":"Thales Brand\u00e3o"},"description":"Editor Executivo do Portal CidadeMarketing.com.br &gt; Mestre em Comunica\u00e7\u00e3o e Sociedade pela Universidade Federal de Sergipe. Possui MBA Executivo em Administra\u00e7\u00e3o com \u00eanfase em Marketing pela Funda\u00e7\u00e3o Get\u00falio Vargas - Rio de Janeiro. Consultor, Palestrante e Pesquisador sobre Empreendedorismo, Marketing, Redes Sociais e Neg\u00f3cios Digitais. Professor, Palestrante TedxTalks e Campus Party. Twitter: @ThalesBrandao","sameAs":["http:\/\/www.mandacaru.com.br","https:\/\/www.facebook.com\/thalesbrandao","http:\/\/www.instagram.com.br\/thalesbrandaoferreira","https:\/\/www.linkedin.com\/in\/thales-brand\u00e3o-3948609\/","https:\/\/x.com\/http:\/\/www.twitter.com\/thalesbrandao"],"url":"https:\/\/www.cidademarketing.com.br\/marketing\/author\/thalesbrandao\/"}]}},"amp_enabled":true,"_links":{"self":[{"href":"https:\/\/www.cidademarketing.com.br\/marketing\/wp-json\/wp\/v2\/posts\/5713","targetHints":{"allow":["GET"]}}],"collection":[{"href":"https:\/\/www.cidademarketing.com.br\/marketing\/wp-json\/wp\/v2\/posts"}],"about":[{"href":"https:\/\/www.cidademarketing.com.br\/marketing\/wp-json\/wp\/v2\/types\/post"}],"author":[{"embeddable":true,"href":"https:\/\/www.cidademarketing.com.br\/marketing\/wp-json\/wp\/v2\/users\/1"}],"replies":[{"embeddable":true,"href":"https:\/\/www.cidademarketing.com.br\/marketing\/wp-json\/wp\/v2\/comments?post=5713"}],"version-history":[{"count":1,"href":"https:\/\/www.cidademarketing.com.br\/marketing\/wp-json\/wp\/v2\/posts\/5713\/revisions"}],"predecessor-version":[{"id":5715,"href":"https:\/\/www.cidademarketing.com.br\/marketing\/wp-json\/wp\/v2\/posts\/5713\/revisions\/5715"}],"wp:featuredmedia":[{"embeddable":true,"href":"https:\/\/www.cidademarketing.com.br\/marketing\/wp-json\/wp\/v2\/media\/5714"}],"wp:attachment":[{"href":"https:\/\/www.cidademarketing.com.br\/marketing\/wp-json\/wp\/v2\/media?parent=5713"}],"wp:term":[{"taxonomy":"category","embeddable":true,"href":"https:\/\/www.cidademarketing.com.br\/marketing\/wp-json\/wp\/v2\/categories?post=5713"},{"taxonomy":"post_tag","embeddable":true,"href":"https:\/\/www.cidademarketing.com.br\/marketing\/wp-json\/wp\/v2\/tags?post=5713"}],"curies":[{"name":"wp","href":"https:\/\/api.w.org\/{rel}","templated":true}]}}