{"id":57116,"date":"2025-07-26T14:02:27","date_gmt":"2025-07-26T17:02:27","guid":{"rendered":"https:\/\/www.cidademarketing.com.br\/marketing\/?p=57116"},"modified":"2025-07-26T14:02:27","modified_gmt":"2025-07-26T17:02:27","slug":"byd-e-eve-air-mobility-destacam-solucoes-sustentaveis-de-mobilidade-na-expert-xp-2025","status":"publish","type":"post","link":"https:\/\/www.cidademarketing.com.br\/marketing\/2025\/07\/26\/byd-e-eve-air-mobility-destacam-solucoes-sustentaveis-de-mobilidade-na-expert-xp-2025\/","title":{"rendered":"BYD e Eve Air Mobility destacam solu\u00e7\u00f5es sustent\u00e1veis de mobilidade na Expert XP 2025"},"content":{"rendered":"<p>Na Expert XP 2025, um dos maiores f\u00f3runs de investimentos do mundo, foi marcada por um debate de alto impacto sobre o futuro da mobilidade sustent\u00e1vel. No painel \u201cTransi\u00e7\u00e3o energ\u00e9tica em pauta: o que esperar para os pr\u00f3ximos anos?\u201d, a head de Research ESG da XP, Marcella Ungaretti, recebeu Pablo Toledo, diretor da BYD Brasil, e Johann Bordais, CEO da Eve Air Mobility, empresa do grupo Embraer.<\/p>\n<p>Durante o painel, Pablo Toledo destacou a vis\u00e3o da BYD como uma empresa que vai al\u00e9m da eletrifica\u00e7\u00e3o de ve\u00edculos. A montadora chinesa aposta em uma \u201ctransi\u00e7\u00e3o energ\u00e9tica 360 graus\u201d, com foco n\u00e3o apenas na mobilidade rodovi\u00e1ria, mas tamb\u00e9m no transporte ferrovi\u00e1rio, gera\u00e7\u00e3o de energia solar e at\u00e9 na produ\u00e7\u00e3o local de semicondutores.<\/p>\n<figure id=\"attachment_57123\" aria-describedby=\"caption-attachment-57123\" style=\"width: 640px\" class=\"wp-caption alignnone\"><img fetchpriority=\"high\" decoding=\"async\" class=\"wp-image-57123 size-large\" src=\"https:\/\/www.cidademarketing.com.br\/marketing\/wp-content\/uploads\/2025\/07\/expert_xp_2025_eve_byd_02-684x1024.webp\" alt=\"Testes de ve\u00edculos, experi\u00eancias e networking marcam estandes das marcas.\" width=\"640\" height=\"958\" srcset=\"https:\/\/www.cidademarketing.com.br\/marketing\/wp-content\/uploads\/2025\/07\/expert_xp_2025_eve_byd_02-684x1024.webp 684w, https:\/\/www.cidademarketing.com.br\/marketing\/wp-content\/uploads\/2025\/07\/expert_xp_2025_eve_byd_02-200x300.webp 200w, https:\/\/www.cidademarketing.com.br\/marketing\/wp-content\/uploads\/2025\/07\/expert_xp_2025_eve_byd_02-768x1150.webp 768w, https:\/\/www.cidademarketing.com.br\/marketing\/wp-content\/uploads\/2025\/07\/expert_xp_2025_eve_byd_02-281x420.webp 281w, https:\/\/www.cidademarketing.com.br\/marketing\/wp-content\/uploads\/2025\/07\/expert_xp_2025_eve_byd_02-640x958.webp 640w, https:\/\/www.cidademarketing.com.br\/marketing\/wp-content\/uploads\/2025\/07\/expert_xp_2025_eve_byd_02-681x1019.webp 681w, https:\/\/www.cidademarketing.com.br\/marketing\/wp-content\/uploads\/2025\/07\/expert_xp_2025_eve_byd_02.webp 1000w\" sizes=\"(max-width: 640px) 100vw, 640px\" \/><figcaption id=\"caption-attachment-57123\" class=\"wp-caption-text\">Reprodu\u00e7\u00e3o\/Linkedin<\/figcaption><\/figure>\n<p>A empresa \u2014 que come\u00e7ou sua hist\u00f3ria como fabricante de baterias \u2014 j\u00e1 domina o mercado brasileiro de carros el\u00e9tricos e est\u00e1 construindo em Cama\u00e7ari (BA) sua maior f\u00e1brica fora da China. Segundo Toledo, o Brasil possui uma matriz energ\u00e9tica limpa e favor\u00e1vel \u00e0 eletrifica\u00e7\u00e3o. No entanto, ele ressalta os gargalos log\u00edsticos e a necessidade de renovar a rede de distribui\u00e7\u00e3o como desafios a serem superados.<\/p>\n<p>J\u00e1 Johann Bordais apresentou as perspectivas da Eve Air Mobility, startup da Embraer que desenvolve aeronaves el\u00e9tricas de decolagem e pouso vertical \u2014 os chamados eVTOLs. Segundo o CEO, o objetivo \u00e9 reimaginar a mobilidade urbana a\u00e9rea para aliviar o tr\u00e2nsito nos grandes centros.<\/p>\n<p>Bordais prev\u00ea que os primeiros voos comerciais ocorram at\u00e9 2027, com o Brasil como mercado pioneiro. Um exemplo citado foi a rota entre a Avenida Faria Lima e o Aeroporto de Guarulhos, que poder\u00e1 ser percorrida em apenas 12 minutos. O executivo enfatizou:<\/p>\n<p>\u201cN\u00e3o \u00e9 uma quest\u00e3o de se a mobilidade a\u00e9rea urbana el\u00e9trica vai acontecer, mas sim quando\u201d.\u00a0 Ele tamb\u00e9m comentou os obst\u00e1culos que precisam ser vencidos, como regulamenta\u00e7\u00f5es, cria\u00e7\u00e3o de corredores a\u00e9reos, infraestrutura para pouso e recarga, e sistemas de monitoramento.<\/p>\n<p>Em entrevista \u00e0 Marisol Blest, head de marketing e comunica\u00e7\u00e3o da Eve, Johann afirmou:\u00a0 \u201cA eletrifica\u00e7\u00e3o faz parte do futuro. O ar est\u00e1 polu\u00eddo. Sabemos disso. Precisamos fazer parte da redu\u00e7\u00e3o de emiss\u00f5es de CO\u2082. A popula\u00e7\u00e3o est\u00e1 crescendo. Nossa miss\u00e3o \u00e9 reconectar o ser humano por meio de solu\u00e7\u00f5es seguras e confi\u00e1veis. Pela primeira vez na hist\u00f3ria da avia\u00e7\u00e3o, poderemos decolar, voar e pousar 100% de forma el\u00e9trica.\u201d<\/p>\n<blockquote class=\"instagram-media\" style=\"background: #FFF; border: 0; border-radius: 3px; box-shadow: 0 0 1px 0 rgba(0,0,0,0.5),0 1px 10px 0 rgba(0,0,0,0.15); margin: 1px; max-width: 540px; min-width: 326px; padding: 0; width: calc(100% - 2px);\" data-instgrm-captioned=\"\" data-instgrm-permalink=\"https:\/\/www.instagram.com\/reel\/DMjRMw-xuEn\/?utm_source=ig_embed&amp;utm_campaign=loading\" data-instgrm-version=\"14\">\n<div style=\"padding: 16px;\">\n<p>&nbsp;<\/p>\n<div style=\"display: flex; flex-direction: row; align-items: center;\">\n<div style=\"background-color: #f4f4f4; border-radius: 50%; flex-grow: 0; height: 40px; margin-right: 14px; width: 40px;\"><\/div>\n<div style=\"display: flex; flex-direction: column; flex-grow: 1; justify-content: center;\">\n<div style=\"background-color: #f4f4f4; border-radius: 4px; flex-grow: 0; height: 14px; margin-bottom: 6px; width: 100px;\"><\/div>\n<div style=\"background-color: #f4f4f4; border-radius: 4px; flex-grow: 0; height: 14px; width: 60px;\"><\/div>\n<\/div>\n<\/div>\n<div style=\"padding: 19% 0;\"><\/div>\n<div style=\"display: block; height: 50px; margin: 0 auto 12px; width: 50px;\"><\/div>\n<div style=\"padding-top: 8px;\">\n<div style=\"color: #3897f0; font-family: Arial,sans-serif; font-size: 14px; font-style: normal; font-weight: 550; line-height: 18px;\">Ver essa foto no Instagram<\/div>\n<\/div>\n<div style=\"padding: 12.5% 0;\"><\/div>\n<div style=\"display: flex; flex-direction: row; margin-bottom: 14px; align-items: center;\">\n<div>\n<div style=\"background-color: #f4f4f4; border-radius: 50%; height: 12.5px; width: 12.5px; transform: translateX(0px) translateY(7px);\"><\/div>\n<div style=\"background-color: #f4f4f4; height: 12.5px; transform: rotate(-45deg) translateX(3px) translateY(1px); width: 12.5px; flex-grow: 0; margin-right: 14px; margin-left: 2px;\"><\/div>\n<div style=\"background-color: #f4f4f4; border-radius: 50%; height: 12.5px; width: 12.5px; transform: translateX(9px) translateY(-18px);\"><\/div>\n<\/div>\n<div style=\"margin-left: 8px;\">\n<div style=\"background-color: #f4f4f4; border-radius: 50%; flex-grow: 0; height: 20px; width: 20px;\"><\/div>\n<div style=\"width: 0; height: 0; border-top: 2px solid transparent; border-left: 6px solid #f4f4f4; border-bottom: 2px solid transparent; transform: translateX(16px) translateY(-4px) rotate(30deg);\"><\/div>\n<\/div>\n<div style=\"margin-left: auto;\">\n<div style=\"width: 0px; border-top: 8px solid #F4F4F4; border-right: 8px solid transparent; transform: translateY(16px);\"><\/div>\n<div style=\"background-color: #f4f4f4; flex-grow: 0; height: 12px; width: 16px; transform: translateY(-4px);\"><\/div>\n<div style=\"width: 0; height: 0; border-top: 8px solid #F4F4F4; border-left: 8px solid transparent; transform: translateY(-4px) translateX(8px);\"><\/div>\n<\/div>\n<\/div>\n<div style=\"display: flex; flex-direction: column; flex-grow: 1; justify-content: center; margin-bottom: 24px;\">\n<div style=\"background-color: #f4f4f4; border-radius: 4px; flex-grow: 0; height: 14px; margin-bottom: 6px; width: 224px;\"><\/div>\n<div style=\"background-color: #f4f4f4; border-radius: 4px; flex-grow: 0; height: 14px; width: 144px;\"><\/div>\n<\/div>\n<p>&nbsp;<\/p>\n<p style=\"color: #c9c8cd; font-family: Arial,sans-serif; font-size: 14px; line-height: 17px; margin-bottom: 0; margin-top: 8px; overflow: hidden; padding: 8px 0 7px; text-align: center; text-overflow: ellipsis; white-space: nowrap;\"><a style=\"color: #c9c8cd; font-family: Arial,sans-serif; font-size: 14px; font-style: normal; font-weight: normal; line-height: 17px; text-decoration: none;\" href=\"https:\/\/www.instagram.com\/reel\/DMjRMw-xuEn\/?utm_source=ig_embed&amp;utm_campaign=loading\" target=\"_blank\" rel=\"noopener\">Uma publica\u00e7\u00e3o compartilhada por Eve Air Mobility (@eveairmobility)<\/a><\/p>\n<\/div>\n<\/blockquote>\n<p><script async src=\"\/\/www.instagram.com\/embed.js\"><\/script><\/p>\n<p>Durante a media\u00e7\u00e3o, Marcella Ungaretti ressaltou o papel de programas como o Mover, al\u00e9m da import\u00e2ncia de financiamento p\u00fablico via BNDES e Finep. Ela destacou que a descarboniza\u00e7\u00e3o do setor de mobilidade precisa ir al\u00e9m dos carros particulares, envolvendo tamb\u00e9m o transporte coletivo e o a\u00e9reo. Os palestrantes foram un\u00e2nimes ao afirmar que o Brasil tem potencial para liderar essa transi\u00e7\u00e3o, unindo inova\u00e7\u00e3o, sustentabilidade e escala industrial.<\/p>\n<p>\u201cNossa miss\u00e3o \u00e9 estar \u00e0 frente dessas informa\u00e7\u00f5es, para que o segmento se estabele\u00e7a, se solidifique, e o consumidor tenha seguran\u00e7a de que essa transi\u00e7\u00e3o vai vir da melhor maneira poss\u00edvel\u201d, concluiu Pablo Toledo.<\/p>\n<p>No estande da BYD, os visitantes podem testar ve\u00edculos el\u00e9tricos e aproveitar condi\u00e7\u00f5es especiais de compra. Entre os destaques est\u00e3o os modelos BYD Song Pro e BYD Seal, que representam a nova gera\u00e7\u00e3o de ve\u00edculos sustent\u00e1veis da montadora.<\/p>\n<figure id=\"attachment_57117\" aria-describedby=\"caption-attachment-57117\" style=\"width: 1000px\" class=\"wp-caption alignnone\"><img decoding=\"async\" class=\"wp-image-57117 size-full\" src=\"https:\/\/www.cidademarketing.com.br\/marketing\/wp-content\/uploads\/2025\/07\/expert_xp_2025_eve_byd_08.webp\" alt=\"Testes de ve\u00edculos, experi\u00eancias e networking marcam estandes das marcas.\" width=\"1000\" height=\"749\" srcset=\"https:\/\/www.cidademarketing.com.br\/marketing\/wp-content\/uploads\/2025\/07\/expert_xp_2025_eve_byd_08.webp 1000w, https:\/\/www.cidademarketing.com.br\/marketing\/wp-content\/uploads\/2025\/07\/expert_xp_2025_eve_byd_08-300x225.webp 300w, https:\/\/www.cidademarketing.com.br\/marketing\/wp-content\/uploads\/2025\/07\/expert_xp_2025_eve_byd_08-768x575.webp 768w, https:\/\/www.cidademarketing.com.br\/marketing\/wp-content\/uploads\/2025\/07\/expert_xp_2025_eve_byd_08-561x420.webp 561w, https:\/\/www.cidademarketing.com.br\/marketing\/wp-content\/uploads\/2025\/07\/expert_xp_2025_eve_byd_08-80x60.webp 80w, https:\/\/www.cidademarketing.com.br\/marketing\/wp-content\/uploads\/2025\/07\/expert_xp_2025_eve_byd_08-100x75.webp 100w, https:\/\/www.cidademarketing.com.br\/marketing\/wp-content\/uploads\/2025\/07\/expert_xp_2025_eve_byd_08-180x135.webp 180w, https:\/\/www.cidademarketing.com.br\/marketing\/wp-content\/uploads\/2025\/07\/expert_xp_2025_eve_byd_08-238x178.webp 238w, https:\/\/www.cidademarketing.com.br\/marketing\/wp-content\/uploads\/2025\/07\/expert_xp_2025_eve_byd_08-265x198.webp 265w, https:\/\/www.cidademarketing.com.br\/marketing\/wp-content\/uploads\/2025\/07\/expert_xp_2025_eve_byd_08-640x479.webp 640w, https:\/\/www.cidademarketing.com.br\/marketing\/wp-content\/uploads\/2025\/07\/expert_xp_2025_eve_byd_08-681x510.webp 681w\" sizes=\"(max-width: 1000px) 100vw, 1000px\" \/><figcaption id=\"caption-attachment-57117\" class=\"wp-caption-text\">Foto: Thales Brand\u00e3o<\/figcaption><\/figure>\n<p>J\u00e1 a Eve Air Mobility apresenta suas solu\u00e7\u00f5es de mobilidade a\u00e9rea urbana, com prot\u00f3tipos e v\u00eddeos imersivos que ajudam o p\u00fablico a entender como ser\u00e1 voar sobre as grandes cidades em aeronaves silenciosas e livres de emiss\u00f5es.<\/p>\n\r\n                <style type=\"text\/css\">\r\n                    \r\n                    #tdi_1  .td-doubleSlider-2 .td-item1 {\r\n                        background: url(https:\/\/www.cidademarketing.com.br\/marketing\/wp-content\/uploads\/2025\/07\/expert_xp_2025_eve_byd_01-80x60.webp) 0 0 no-repeat;\r\n                    }\r\n                    #tdi_1  .td-doubleSlider-2 .td-item2 {\r\n                        background: url(https:\/\/www.cidademarketing.com.br\/marketing\/wp-content\/uploads\/2025\/07\/expert_xp_2025_eve_byd_03-80x60.webp) 0 0 no-repeat;\r\n                    }\r\n                    #tdi_1  .td-doubleSlider-2 .td-item3 {\r\n                        background: url(https:\/\/www.cidademarketing.com.br\/marketing\/wp-content\/uploads\/2025\/07\/expert_xp_2025_eve_byd_04-80x60.webp) 0 0 no-repeat;\r\n                    }\r\n                    #tdi_1  .td-doubleSlider-2 .td-item4 {\r\n                        background: url(https:\/\/www.cidademarketing.com.br\/marketing\/wp-content\/uploads\/2025\/07\/expert_xp_2025_eve_byd_05-80x60.webp) 0 0 no-repeat;\r\n                    }\r\n                    #tdi_1  .td-doubleSlider-2 .td-item5 {\r\n                        background: url(https:\/\/www.cidademarketing.com.br\/marketing\/wp-content\/uploads\/2025\/07\/expert_xp_2025_eve_byd_07-80x60.webp) 0 0 no-repeat;\r\n                    }\r\n                <\/style>\r\n\r\n                <div id=\"tdi_1\" class=\"td-gallery td-slide-on-2-columns\">\r\n                    <div class=\"post_td_gallery\">\r\n                        <div class=\"td-gallery-slide-top\">\r\n                           <div class=\"td-gallery-title\"><\/div>\r\n\r\n                            <div class=\"td-gallery-controls-wrapper\">\r\n                                <div class=\"td-gallery-slide-count\"><span class=\"td-gallery-slide-item-focus\">1<\/span> de 5<\/div>\r\n                                <div class=\"td-gallery-slide-prev-next-but\">\r\n                                    <i class = \"td-icon-left doubleSliderPrevButton\"><\/i>\r\n                                    <i class = \"td-icon-right doubleSliderNextButton\"><\/i>\r\n                                <\/div>\r\n                            <\/div>\r\n                        <\/div>\r\n\r\n                        <div class = \"td-doubleSlider-1 \">\r\n                            <div class = \"td-slider\">\r\n                                \r\n                    <div class = \"td-slide-item td-item1\">\r\n                        <figure class=\"td-slide-galery-figure td-slide-popup-gallery\">\r\n                            <a class=\"slide-gallery-image-link\" href=\"https:\/\/www.cidademarketing.com.br\/marketing\/wp-content\/uploads\/2025\/07\/expert_xp_2025_eve_byd_01.webp\" title=\"BYD e EVE destacam solu\u00e7\u00f5es sustent\u00e1veis de mobilidade na Expert XP 2025\"  data-caption=\"Foto: Thales Brand\u00e3o\"  data-description=\"\">\r\n                                <img decoding=\"async\" src=\"https:\/\/www.cidademarketing.com.br\/marketing\/wp-content\/uploads\/2025\/07\/expert_xp_2025_eve_byd_01-565x420.webp\" srcset=\"https:\/\/www.cidademarketing.com.br\/marketing\/wp-content\/uploads\/2025\/07\/expert_xp_2025_eve_byd_01-565x420.webp 565w, https:\/\/www.cidademarketing.com.br\/marketing\/wp-content\/uploads\/2025\/07\/expert_xp_2025_eve_byd_01-300x223.webp 300w, https:\/\/www.cidademarketing.com.br\/marketing\/wp-content\/uploads\/2025\/07\/expert_xp_2025_eve_byd_01-768x571.webp 768w, https:\/\/www.cidademarketing.com.br\/marketing\/wp-content\/uploads\/2025\/07\/expert_xp_2025_eve_byd_01-80x60.webp 80w, https:\/\/www.cidademarketing.com.br\/marketing\/wp-content\/uploads\/2025\/07\/expert_xp_2025_eve_byd_01-100x75.webp 100w, https:\/\/www.cidademarketing.com.br\/marketing\/wp-content\/uploads\/2025\/07\/expert_xp_2025_eve_byd_01-180x135.webp 180w, https:\/\/www.cidademarketing.com.br\/marketing\/wp-content\/uploads\/2025\/07\/expert_xp_2025_eve_byd_01-238x178.webp 238w, https:\/\/www.cidademarketing.com.br\/marketing\/wp-content\/uploads\/2025\/07\/expert_xp_2025_eve_byd_01-265x198.webp 265w, https:\/\/www.cidademarketing.com.br\/marketing\/wp-content\/uploads\/2025\/07\/expert_xp_2025_eve_byd_01-640x476.webp 640w, https:\/\/www.cidademarketing.com.br\/marketing\/wp-content\/uploads\/2025\/07\/expert_xp_2025_eve_byd_01-681x506.webp 681w, https:\/\/www.cidademarketing.com.br\/marketing\/wp-content\/uploads\/2025\/07\/expert_xp_2025_eve_byd_01.webp 1000w\" sizes=\"(max-width: 565px) 100vw, 565px\" alt=\"Testes de ve&iacute;culos, experi&ecirc;ncias e networking marcam estandes das marcas.\">\r\n                            <\/a>\r\n                            <figcaption class = \"td-slide-caption td-gallery-slide-content\"><div class = \"td-gallery-slide-copywrite\">Foto: Thales Brand\u00e3o<\/div><\/figcaption>\r\n                        <\/figure>\r\n                    <\/div>\r\n                    <div class = \"td-slide-item td-item2\">\r\n                        <figure class=\"td-slide-galery-figure td-slide-popup-gallery\">\r\n                            <a class=\"slide-gallery-image-link\" href=\"https:\/\/www.cidademarketing.com.br\/marketing\/wp-content\/uploads\/2025\/07\/expert_xp_2025_eve_byd_03.webp\" title=\"BYD e EVE destacam solu\u00e7\u00f5es sustent\u00e1veis de mobilidade na Expert XP 2025\"  data-caption=\"Foto: Thales Brand\u00e3o\"  data-description=\"\">\r\n                                <img decoding=\"async\" src=\"https:\/\/www.cidademarketing.com.br\/marketing\/wp-content\/uploads\/2025\/07\/expert_xp_2025_eve_byd_03-313x420.webp\" srcset=\"https:\/\/www.cidademarketing.com.br\/marketing\/wp-content\/uploads\/2025\/07\/expert_xp_2025_eve_byd_03-313x420.webp 313w, https:\/\/www.cidademarketing.com.br\/marketing\/wp-content\/uploads\/2025\/07\/expert_xp_2025_eve_byd_03-224x300.webp 224w, https:\/\/www.cidademarketing.com.br\/marketing\/wp-content\/uploads\/2025\/07\/expert_xp_2025_eve_byd_03-764x1024.webp 764w, https:\/\/www.cidademarketing.com.br\/marketing\/wp-content\/uploads\/2025\/07\/expert_xp_2025_eve_byd_03-768x1030.webp 768w, https:\/\/www.cidademarketing.com.br\/marketing\/wp-content\/uploads\/2025\/07\/expert_xp_2025_eve_byd_03-640x858.webp 640w, https:\/\/www.cidademarketing.com.br\/marketing\/wp-content\/uploads\/2025\/07\/expert_xp_2025_eve_byd_03-681x913.webp 681w, https:\/\/www.cidademarketing.com.br\/marketing\/wp-content\/uploads\/2025\/07\/expert_xp_2025_eve_byd_03.webp 1000w\" sizes=\"(max-width: 313px) 100vw, 313px\" alt=\"Testes de ve&iacute;culos, experi&ecirc;ncias e networking marcam estandes das marcas.\">\r\n                            <\/a>\r\n                            <figcaption class = \"td-slide-caption td-gallery-slide-content\"><div class = \"td-gallery-slide-copywrite\">Foto: Thales Brand\u00e3o<\/div><\/figcaption>\r\n                        <\/figure>\r\n                    <\/div>\r\n                    <div class = \"td-slide-item td-item3\">\r\n                        <figure class=\"td-slide-galery-figure td-slide-popup-gallery\">\r\n                            <a class=\"slide-gallery-image-link\" href=\"https:\/\/www.cidademarketing.com.br\/marketing\/wp-content\/uploads\/2025\/07\/expert_xp_2025_eve_byd_04.webp\" title=\"BYD e EVE destacam solu\u00e7\u00f5es sustent\u00e1veis de mobilidade na Expert XP 2025\"  data-caption=\"Foto: Thales Brand\u00e3o\"  data-description=\"\">\r\n                                <img decoding=\"async\" src=\"https:\/\/www.cidademarketing.com.br\/marketing\/wp-content\/uploads\/2025\/07\/expert_xp_2025_eve_byd_04-320x420.webp\" srcset=\"https:\/\/www.cidademarketing.com.br\/marketing\/wp-content\/uploads\/2025\/07\/expert_xp_2025_eve_byd_04-320x420.webp 320w, https:\/\/www.cidademarketing.com.br\/marketing\/wp-content\/uploads\/2025\/07\/expert_xp_2025_eve_byd_04-229x300.webp 229w, https:\/\/www.cidademarketing.com.br\/marketing\/wp-content\/uploads\/2025\/07\/expert_xp_2025_eve_byd_04-781x1024.webp 781w, https:\/\/www.cidademarketing.com.br\/marketing\/wp-content\/uploads\/2025\/07\/expert_xp_2025_eve_byd_04-768x1007.webp 768w, https:\/\/www.cidademarketing.com.br\/marketing\/wp-content\/uploads\/2025\/07\/expert_xp_2025_eve_byd_04-640x839.webp 640w, https:\/\/www.cidademarketing.com.br\/marketing\/wp-content\/uploads\/2025\/07\/expert_xp_2025_eve_byd_04-681x893.webp 681w, https:\/\/www.cidademarketing.com.br\/marketing\/wp-content\/uploads\/2025\/07\/expert_xp_2025_eve_byd_04.webp 1000w\" sizes=\"(max-width: 320px) 100vw, 320px\" alt=\"Testes de ve&iacute;culos, experi&ecirc;ncias e networking marcam estandes das marcas.\">\r\n                            <\/a>\r\n                            <figcaption class = \"td-slide-caption td-gallery-slide-content\"><div class = \"td-gallery-slide-copywrite\">Foto: Thales Brand\u00e3o<\/div><\/figcaption>\r\n                        <\/figure>\r\n                    <\/div>\r\n                    <div class = \"td-slide-item td-item4\">\r\n                        <figure class=\"td-slide-galery-figure td-slide-popup-gallery\">\r\n                            <a class=\"slide-gallery-image-link\" href=\"https:\/\/www.cidademarketing.com.br\/marketing\/wp-content\/uploads\/2025\/07\/expert_xp_2025_eve_byd_05.webp\" title=\"BYD e EVE destacam solu\u00e7\u00f5es sustent\u00e1veis de mobilidade na Expert XP 2025\"  data-caption=\"Foto: Thales Brand\u00e3o\"  data-description=\"\">\r\n                                <img decoding=\"async\" src=\"https:\/\/www.cidademarketing.com.br\/marketing\/wp-content\/uploads\/2025\/07\/expert_xp_2025_eve_byd_05-562x420.webp\" srcset=\"https:\/\/www.cidademarketing.com.br\/marketing\/wp-content\/uploads\/2025\/07\/expert_xp_2025_eve_byd_05-562x420.webp 562w, https:\/\/www.cidademarketing.com.br\/marketing\/wp-content\/uploads\/2025\/07\/expert_xp_2025_eve_byd_05-300x224.webp 300w, https:\/\/www.cidademarketing.com.br\/marketing\/wp-content\/uploads\/2025\/07\/expert_xp_2025_eve_byd_05-1024x765.webp 1024w, https:\/\/www.cidademarketing.com.br\/marketing\/wp-content\/uploads\/2025\/07\/expert_xp_2025_eve_byd_05-768x574.webp 768w, https:\/\/www.cidademarketing.com.br\/marketing\/wp-content\/uploads\/2025\/07\/expert_xp_2025_eve_byd_05-80x60.webp 80w, https:\/\/www.cidademarketing.com.br\/marketing\/wp-content\/uploads\/2025\/07\/expert_xp_2025_eve_byd_05-100x75.webp 100w, https:\/\/www.cidademarketing.com.br\/marketing\/wp-content\/uploads\/2025\/07\/expert_xp_2025_eve_byd_05-180x135.webp 180w, https:\/\/www.cidademarketing.com.br\/marketing\/wp-content\/uploads\/2025\/07\/expert_xp_2025_eve_byd_05-238x178.webp 238w, https:\/\/www.cidademarketing.com.br\/marketing\/wp-content\/uploads\/2025\/07\/expert_xp_2025_eve_byd_05-265x198.webp 265w, https:\/\/www.cidademarketing.com.br\/marketing\/wp-content\/uploads\/2025\/07\/expert_xp_2025_eve_byd_05-640x478.webp 640w, https:\/\/www.cidademarketing.com.br\/marketing\/wp-content\/uploads\/2025\/07\/expert_xp_2025_eve_byd_05-681x509.webp 681w, https:\/\/www.cidademarketing.com.br\/marketing\/wp-content\/uploads\/2025\/07\/expert_xp_2025_eve_byd_05.webp 1173w\" sizes=\"(max-width: 562px) 100vw, 562px\" alt=\"Testes de ve&iacute;culos, experi&ecirc;ncias e networking marcam estandes das marcas.\">\r\n                            <\/a>\r\n                            <figcaption class = \"td-slide-caption td-gallery-slide-content\"><div class = \"td-gallery-slide-copywrite\">Foto: Thales Brand\u00e3o<\/div><\/figcaption>\r\n                        <\/figure>\r\n                    <\/div>\r\n                    <div class = \"td-slide-item td-item5\">\r\n                        <figure class=\"td-slide-galery-figure td-slide-popup-gallery\">\r\n                            <a class=\"slide-gallery-image-link\" href=\"https:\/\/www.cidademarketing.com.br\/marketing\/wp-content\/uploads\/2025\/07\/expert_xp_2025_eve_byd_07.webp\" title=\"BYD e EVE destacam solu\u00e7\u00f5es sustent\u00e1veis de mobilidade na Expert XP 2025\"  data-caption=\"Foto: Thales Brand\u00e3o\"  data-description=\"\">\r\n                                <img decoding=\"async\" src=\"https:\/\/www.cidademarketing.com.br\/marketing\/wp-content\/uploads\/2025\/07\/expert_xp_2025_eve_byd_07-313x420.webp\" srcset=\"https:\/\/www.cidademarketing.com.br\/marketing\/wp-content\/uploads\/2025\/07\/expert_xp_2025_eve_byd_07-313x420.webp 313w, https:\/\/www.cidademarketing.com.br\/marketing\/wp-content\/uploads\/2025\/07\/expert_xp_2025_eve_byd_07-224x300.webp 224w, https:\/\/www.cidademarketing.com.br\/marketing\/wp-content\/uploads\/2025\/07\/expert_xp_2025_eve_byd_07-640x858.webp 640w, https:\/\/www.cidademarketing.com.br\/marketing\/wp-content\/uploads\/2025\/07\/expert_xp_2025_eve_byd_07.webp 662w\" sizes=\"(max-width: 313px) 100vw, 313px\" alt=\"Testes de ve&iacute;culos, experi&ecirc;ncias e networking marcam estandes das marcas.\">\r\n                            <\/a>\r\n                            <figcaption class = \"td-slide-caption td-gallery-slide-content\"><div class = \"td-gallery-slide-copywrite\">Foto: Thales Brand\u00e3o<\/div><\/figcaption>\r\n                        <\/figure>\r\n                    <\/div>\r\n                            <\/div>\r\n                        <\/div>\r\n\r\n                        <div class = \"td-doubleSlider-2\">\r\n                            <div class = \"td-slider\">\r\n                                \r\n                    <div class = \"td-button td-item1\">\r\n                        <div class = \"td-border\"><\/div>\r\n                    <\/div>\r\n                    <div class = \"td-button td-item2\">\r\n                        <div class = \"td-border\"><\/div>\r\n                    <\/div>\r\n                    <div class = \"td-button td-item3\">\r\n                        <div class = \"td-border\"><\/div>\r\n                    <\/div>\r\n                    <div class = \"td-button td-item4\">\r\n                        <div class = \"td-border\"><\/div>\r\n                    <\/div>\r\n                    <div class = \"td-button td-item5\">\r\n                        <div class = \"td-border\"><\/div>\r\n                    <\/div>\r\n                            <\/div>\r\n                        <\/div>\r\n\r\n                    <\/div>\r\n\r\n                <\/div>\r\n                \n<p>&nbsp;<\/p>\n<p>Servi\u00e7o<br \/>\nEvento: Expert XP 2025<br \/>\nData: 25 a 26 de julho de 2025<br \/>\nLocal: S\u00e3o Paulo Expo \u2013 SP<\/p>\n","protected":false},"excerpt":{"rendered":"<p>Na Expert XP 2025, um dos maiores f\u00f3runs de investimentos do mundo, foi marcada por um debate de alto impacto sobre o futuro da mobilidade sustent\u00e1vel. No painel \u201cTransi\u00e7\u00e3o energ\u00e9tica em pauta: o que esperar para os pr\u00f3ximos anos?\u201d, a head de Research ESG da XP, Marcella Ungaretti, recebeu Pablo Toledo, diretor da BYD Brasil, [&hellip;]<\/p>\n","protected":false},"author":1,"featured_media":57119,"comment_status":"open","ping_status":"open","sticky":false,"template":"","format":"standard","meta":{"tdm_status":"","tdm_grid_status":"","footnotes":""},"categories":[6],"tags":[6084,4073,33,9617,9618,9619,9566,9620,28,9621,176],"class_list":["post-57116","post","type-post","status-publish","format-standard","has-post-thumbnail","hentry","category-noticias","tag-byd","tag-carro-eletrico","tag-estrategia","tag-eve","tag-eve-air-mobility","tag-evtols","tag-expert-xp-2025","tag-johann-bordais","tag-marketing","tag-pablo-toledo","tag-sustentabilidade"],"yoast_head":"<!-- This site is optimized with the Yoast SEO plugin v27.5 - https:\/\/yoast.com\/product\/yoast-seo-wordpress\/ -->\n<title>BYD e Eve Air Mobility destacam solu\u00e7\u00f5es sustent\u00e1veis de mobilidade na Expert XP 2025 - CidadeMarketing<\/title>\n<meta name=\"robots\" content=\"index, follow, max-snippet:-1, max-image-preview:large, max-video-preview:-1\" \/>\n<link rel=\"canonical\" href=\"https:\/\/www.cidademarketing.com.br\/marketing\/2025\/07\/26\/byd-e-eve-air-mobility-destacam-solucoes-sustentaveis-de-mobilidade-na-expert-xp-2025\/\" \/>\n<meta property=\"og:locale\" content=\"pt_BR\" \/>\n<meta property=\"og:type\" content=\"article\" \/>\n<meta property=\"og:title\" content=\"BYD e Eve Air Mobility destacam solu\u00e7\u00f5es sustent\u00e1veis de mobilidade na Expert XP 2025 - CidadeMarketing\" \/>\n<meta property=\"og:description\" content=\"Na Expert XP 2025, um dos maiores f\u00f3runs de investimentos do mundo, foi marcada por um debate de alto impacto sobre o futuro da mobilidade sustent\u00e1vel. No painel \u201cTransi\u00e7\u00e3o energ\u00e9tica em pauta: o que esperar para os pr\u00f3ximos anos?\u201d, a head de Research ESG da XP, Marcella Ungaretti, recebeu Pablo Toledo, diretor da BYD Brasil, [&hellip;]\" \/>\n<meta property=\"og:url\" content=\"https:\/\/www.cidademarketing.com.br\/marketing\/2025\/07\/26\/byd-e-eve-air-mobility-destacam-solucoes-sustentaveis-de-mobilidade-na-expert-xp-2025\/\" \/>\n<meta property=\"og:site_name\" content=\"CidadeMarketing\" \/>\n<meta property=\"article:publisher\" content=\"https:\/\/www.facebook.com\/portalcidademarketing\" \/>\n<meta property=\"article:author\" content=\"https:\/\/www.facebook.com\/thalesbrandao\" \/>\n<meta property=\"article:published_time\" content=\"2025-07-26T17:02:27+00:00\" \/>\n<meta property=\"og:image\" content=\"https:\/\/www.cidademarketing.com.br\/marketing\/wp-content\/uploads\/2025\/07\/expert_xp_2025_eve_byd_06.webp\" \/>\n\t<meta property=\"og:image:width\" content=\"1186\" \/>\n\t<meta property=\"og:image:height\" content=\"878\" \/>\n\t<meta property=\"og:image:type\" content=\"image\/webp\" \/>\n<meta name=\"author\" content=\"Thales Brand\u00e3o\" \/>\n<meta name=\"twitter:card\" content=\"summary_large_image\" \/>\n<meta name=\"twitter:creator\" content=\"@http:\/\/www.twitter.com\/thalesbrandao\" \/>\n<meta name=\"twitter:site\" content=\"@CidadeMarketing\" \/>\n<meta name=\"twitter:label1\" content=\"Escrito por\" \/>\n\t<meta name=\"twitter:data1\" content=\"Thales Brand\u00e3o\" \/>\n\t<meta name=\"twitter:label2\" content=\"Est. tempo de leitura\" \/>\n\t<meta name=\"twitter:data2\" content=\"3 minutos\" \/>\n<script type=\"application\/ld+json\" class=\"yoast-schema-graph\">{\"@context\":\"https:\\\/\\\/schema.org\",\"@graph\":[{\"@type\":\"Article\",\"@id\":\"https:\\\/\\\/www.cidademarketing.com.br\\\/marketing\\\/2025\\\/07\\\/26\\\/byd-e-eve-air-mobility-destacam-solucoes-sustentaveis-de-mobilidade-na-expert-xp-2025\\\/#article\",\"isPartOf\":{\"@id\":\"https:\\\/\\\/www.cidademarketing.com.br\\\/marketing\\\/2025\\\/07\\\/26\\\/byd-e-eve-air-mobility-destacam-solucoes-sustentaveis-de-mobilidade-na-expert-xp-2025\\\/\"},\"author\":{\"name\":\"Thales Brand\u00e3o\",\"@id\":\"https:\\\/\\\/www.cidademarketing.com.br\\\/marketing\\\/#\\\/schema\\\/person\\\/02daff9f18bd9378c9e01eb6b2db155f\"},\"headline\":\"BYD e Eve Air Mobility destacam solu\u00e7\u00f5es sustent\u00e1veis de mobilidade na Expert XP 2025\",\"datePublished\":\"2025-07-26T17:02:27+00:00\",\"mainEntityOfPage\":{\"@id\":\"https:\\\/\\\/www.cidademarketing.com.br\\\/marketing\\\/2025\\\/07\\\/26\\\/byd-e-eve-air-mobility-destacam-solucoes-sustentaveis-de-mobilidade-na-expert-xp-2025\\\/\"},\"wordCount\":700,\"commentCount\":0,\"publisher\":{\"@id\":\"https:\\\/\\\/www.cidademarketing.com.br\\\/marketing\\\/#organization\"},\"image\":{\"@id\":\"https:\\\/\\\/www.cidademarketing.com.br\\\/marketing\\\/2025\\\/07\\\/26\\\/byd-e-eve-air-mobility-destacam-solucoes-sustentaveis-de-mobilidade-na-expert-xp-2025\\\/#primaryimage\"},\"thumbnailUrl\":\"https:\\\/\\\/www.cidademarketing.com.br\\\/marketing\\\/wp-content\\\/uploads\\\/2025\\\/07\\\/expert_xp_2025_eve_byd_06.webp\",\"keywords\":[\"BYD\",\"carro el\u00e9trico\",\"estrat\u00e9gia\",\"EVE\",\"Eve Air Mobility\",\"eVTOLs\",\"Expert XP 2025\",\"Johann Bordais\",\"marketing\",\"Pablo Toledo\",\"sustentabilidade\"],\"articleSection\":[\"Not\u00edcias\"],\"inLanguage\":\"pt-BR\",\"potentialAction\":[{\"@type\":\"CommentAction\",\"name\":\"Comment\",\"target\":[\"https:\\\/\\\/www.cidademarketing.com.br\\\/marketing\\\/2025\\\/07\\\/26\\\/byd-e-eve-air-mobility-destacam-solucoes-sustentaveis-de-mobilidade-na-expert-xp-2025\\\/#respond\"]}]},{\"@type\":\"WebPage\",\"@id\":\"https:\\\/\\\/www.cidademarketing.com.br\\\/marketing\\\/2025\\\/07\\\/26\\\/byd-e-eve-air-mobility-destacam-solucoes-sustentaveis-de-mobilidade-na-expert-xp-2025\\\/\",\"url\":\"https:\\\/\\\/www.cidademarketing.com.br\\\/marketing\\\/2025\\\/07\\\/26\\\/byd-e-eve-air-mobility-destacam-solucoes-sustentaveis-de-mobilidade-na-expert-xp-2025\\\/\",\"name\":\"BYD e Eve Air Mobility destacam solu\u00e7\u00f5es sustent\u00e1veis de mobilidade na Expert XP 2025 - CidadeMarketing\",\"isPartOf\":{\"@id\":\"https:\\\/\\\/www.cidademarketing.com.br\\\/marketing\\\/#website\"},\"primaryImageOfPage\":{\"@id\":\"https:\\\/\\\/www.cidademarketing.com.br\\\/marketing\\\/2025\\\/07\\\/26\\\/byd-e-eve-air-mobility-destacam-solucoes-sustentaveis-de-mobilidade-na-expert-xp-2025\\\/#primaryimage\"},\"image\":{\"@id\":\"https:\\\/\\\/www.cidademarketing.com.br\\\/marketing\\\/2025\\\/07\\\/26\\\/byd-e-eve-air-mobility-destacam-solucoes-sustentaveis-de-mobilidade-na-expert-xp-2025\\\/#primaryimage\"},\"thumbnailUrl\":\"https:\\\/\\\/www.cidademarketing.com.br\\\/marketing\\\/wp-content\\\/uploads\\\/2025\\\/07\\\/expert_xp_2025_eve_byd_06.webp\",\"datePublished\":\"2025-07-26T17:02:27+00:00\",\"breadcrumb\":{\"@id\":\"https:\\\/\\\/www.cidademarketing.com.br\\\/marketing\\\/2025\\\/07\\\/26\\\/byd-e-eve-air-mobility-destacam-solucoes-sustentaveis-de-mobilidade-na-expert-xp-2025\\\/#breadcrumb\"},\"inLanguage\":\"pt-BR\",\"potentialAction\":[{\"@type\":\"ReadAction\",\"target\":[\"https:\\\/\\\/www.cidademarketing.com.br\\\/marketing\\\/2025\\\/07\\\/26\\\/byd-e-eve-air-mobility-destacam-solucoes-sustentaveis-de-mobilidade-na-expert-xp-2025\\\/\"]}]},{\"@type\":\"ImageObject\",\"inLanguage\":\"pt-BR\",\"@id\":\"https:\\\/\\\/www.cidademarketing.com.br\\\/marketing\\\/2025\\\/07\\\/26\\\/byd-e-eve-air-mobility-destacam-solucoes-sustentaveis-de-mobilidade-na-expert-xp-2025\\\/#primaryimage\",\"url\":\"https:\\\/\\\/www.cidademarketing.com.br\\\/marketing\\\/wp-content\\\/uploads\\\/2025\\\/07\\\/expert_xp_2025_eve_byd_06.webp\",\"contentUrl\":\"https:\\\/\\\/www.cidademarketing.com.br\\\/marketing\\\/wp-content\\\/uploads\\\/2025\\\/07\\\/expert_xp_2025_eve_byd_06.webp\",\"width\":1186,\"height\":878,\"caption\":\"Foto: Thales Brand\u00e3o\"},{\"@type\":\"BreadcrumbList\",\"@id\":\"https:\\\/\\\/www.cidademarketing.com.br\\\/marketing\\\/2025\\\/07\\\/26\\\/byd-e-eve-air-mobility-destacam-solucoes-sustentaveis-de-mobilidade-na-expert-xp-2025\\\/#breadcrumb\",\"itemListElement\":[{\"@type\":\"ListItem\",\"position\":1,\"name\":\"In\u00edcio\",\"item\":\"https:\\\/\\\/www.cidademarketing.com.br\\\/marketing\\\/\"},{\"@type\":\"ListItem\",\"position\":2,\"name\":\"BYD e Eve Air Mobility destacam solu\u00e7\u00f5es sustent\u00e1veis de mobilidade na Expert XP 2025\"}]},{\"@type\":\"WebSite\",\"@id\":\"https:\\\/\\\/www.cidademarketing.com.br\\\/marketing\\\/#website\",\"url\":\"https:\\\/\\\/www.cidademarketing.com.br\\\/marketing\\\/\",\"name\":\"CidadeMarketing\",\"description\":\"Somos um ve\u00edculo de comunica\u00e7\u00e3o de destaque no Brasil, reconhecido por conte\u00fados nos segmentos de marketing, empreendedorismo e inova\u00e7\u00e3o.\",\"publisher\":{\"@id\":\"https:\\\/\\\/www.cidademarketing.com.br\\\/marketing\\\/#organization\"},\"alternateName\":\"CidadeMarketing\",\"potentialAction\":[{\"@type\":\"SearchAction\",\"target\":{\"@type\":\"EntryPoint\",\"urlTemplate\":\"https:\\\/\\\/www.cidademarketing.com.br\\\/marketing\\\/?s={search_term_string}\"},\"query-input\":{\"@type\":\"PropertyValueSpecification\",\"valueRequired\":true,\"valueName\":\"search_term_string\"}}],\"inLanguage\":\"pt-BR\"},{\"@type\":\"Organization\",\"@id\":\"https:\\\/\\\/www.cidademarketing.com.br\\\/marketing\\\/#organization\",\"name\":\"CidadeMarketing\",\"alternateName\":\"CidadeMarketing\",\"url\":\"https:\\\/\\\/www.cidademarketing.com.br\\\/marketing\\\/\",\"logo\":{\"@type\":\"ImageObject\",\"inLanguage\":\"pt-BR\",\"@id\":\"https:\\\/\\\/www.cidademarketing.com.br\\\/marketing\\\/#\\\/schema\\\/logo\\\/image\\\/\",\"url\":\"https:\\\/\\\/www.cidademarketing.com.br\\\/marketing\\\/wp-content\\\/uploads\\\/2020\\\/01\\\/cidademarketing_marca_mobile.png\",\"contentUrl\":\"https:\\\/\\\/www.cidademarketing.com.br\\\/marketing\\\/wp-content\\\/uploads\\\/2020\\\/01\\\/cidademarketing_marca_mobile.png\",\"width\":230,\"height\":92,\"caption\":\"CidadeMarketing\"},\"image\":{\"@id\":\"https:\\\/\\\/www.cidademarketing.com.br\\\/marketing\\\/#\\\/schema\\\/logo\\\/image\\\/\"},\"sameAs\":[\"https:\\\/\\\/www.facebook.com\\\/portalcidademarketing\",\"https:\\\/\\\/x.com\\\/CidadeMarketing\",\"https:\\\/\\\/www.instagram.com\\\/cidademarketing\\\/\"]},{\"@type\":\"Person\",\"@id\":\"https:\\\/\\\/www.cidademarketing.com.br\\\/marketing\\\/#\\\/schema\\\/person\\\/02daff9f18bd9378c9e01eb6b2db155f\",\"name\":\"Thales Brand\u00e3o\",\"image\":{\"@type\":\"ImageObject\",\"inLanguage\":\"pt-BR\",\"@id\":\"https:\\\/\\\/secure.gravatar.com\\\/avatar\\\/7ca3206950207cc3cb48feec56a8a7898741ab725c368d99d5d7a5a50aab80c6?s=96&d=mm&r=g\",\"url\":\"https:\\\/\\\/secure.gravatar.com\\\/avatar\\\/7ca3206950207cc3cb48feec56a8a7898741ab725c368d99d5d7a5a50aab80c6?s=96&d=mm&r=g\",\"contentUrl\":\"https:\\\/\\\/secure.gravatar.com\\\/avatar\\\/7ca3206950207cc3cb48feec56a8a7898741ab725c368d99d5d7a5a50aab80c6?s=96&d=mm&r=g\",\"caption\":\"Thales Brand\u00e3o\"},\"description\":\"Editor Executivo do Portal CidadeMarketing.com.br &gt; Mestre em Comunica\u00e7\u00e3o e Sociedade pela Universidade Federal de Sergipe. Possui MBA Executivo em Administra\u00e7\u00e3o com \u00eanfase em Marketing pela Funda\u00e7\u00e3o Get\u00falio Vargas - Rio de Janeiro. Consultor, Palestrante e Pesquisador sobre Empreendedorismo, Marketing, Redes Sociais e Neg\u00f3cios Digitais. Professor, Palestrante TedxTalks e Campus Party. Twitter: @ThalesBrandao\",\"sameAs\":[\"http:\\\/\\\/www.mandacaru.com.br\",\"https:\\\/\\\/www.facebook.com\\\/thalesbrandao\",\"http:\\\/\\\/www.instagram.com.br\\\/thalesbrandaoferreira\",\"https:\\\/\\\/www.linkedin.com\\\/in\\\/thales-brand\u00e3o-3948609\\\/\",\"https:\\\/\\\/x.com\\\/http:\\\/\\\/www.twitter.com\\\/thalesbrandao\"],\"url\":\"https:\\\/\\\/www.cidademarketing.com.br\\\/marketing\\\/author\\\/thalesbrandao\\\/\"}]}<\/script>\n<!-- \/ Yoast SEO plugin. -->","yoast_head_json":{"title":"BYD e Eve Air Mobility destacam solu\u00e7\u00f5es sustent\u00e1veis de mobilidade na Expert XP 2025 - CidadeMarketing","robots":{"index":"index","follow":"follow","max-snippet":"max-snippet:-1","max-image-preview":"max-image-preview:large","max-video-preview":"max-video-preview:-1"},"canonical":"https:\/\/www.cidademarketing.com.br\/marketing\/2025\/07\/26\/byd-e-eve-air-mobility-destacam-solucoes-sustentaveis-de-mobilidade-na-expert-xp-2025\/","og_locale":"pt_BR","og_type":"article","og_title":"BYD e Eve Air Mobility destacam solu\u00e7\u00f5es sustent\u00e1veis de mobilidade na Expert XP 2025 - CidadeMarketing","og_description":"Na Expert XP 2025, um dos maiores f\u00f3runs de investimentos do mundo, foi marcada por um debate de alto impacto sobre o futuro da mobilidade sustent\u00e1vel. No painel \u201cTransi\u00e7\u00e3o energ\u00e9tica em pauta: o que esperar para os pr\u00f3ximos anos?\u201d, a head de Research ESG da XP, Marcella Ungaretti, recebeu Pablo Toledo, diretor da BYD Brasil, [&hellip;]","og_url":"https:\/\/www.cidademarketing.com.br\/marketing\/2025\/07\/26\/byd-e-eve-air-mobility-destacam-solucoes-sustentaveis-de-mobilidade-na-expert-xp-2025\/","og_site_name":"CidadeMarketing","article_publisher":"https:\/\/www.facebook.com\/portalcidademarketing","article_author":"https:\/\/www.facebook.com\/thalesbrandao","article_published_time":"2025-07-26T17:02:27+00:00","og_image":[{"width":1186,"height":878,"url":"https:\/\/www.cidademarketing.com.br\/marketing\/wp-content\/uploads\/2025\/07\/expert_xp_2025_eve_byd_06.webp","type":"image\/webp"}],"author":"Thales Brand\u00e3o","twitter_card":"summary_large_image","twitter_creator":"@http:\/\/www.twitter.com\/thalesbrandao","twitter_site":"@CidadeMarketing","twitter_misc":{"Escrito por":"Thales Brand\u00e3o","Est. tempo de leitura":"3 minutos"},"schema":{"@context":"https:\/\/schema.org","@graph":[{"@type":"Article","@id":"https:\/\/www.cidademarketing.com.br\/marketing\/2025\/07\/26\/byd-e-eve-air-mobility-destacam-solucoes-sustentaveis-de-mobilidade-na-expert-xp-2025\/#article","isPartOf":{"@id":"https:\/\/www.cidademarketing.com.br\/marketing\/2025\/07\/26\/byd-e-eve-air-mobility-destacam-solucoes-sustentaveis-de-mobilidade-na-expert-xp-2025\/"},"author":{"name":"Thales Brand\u00e3o","@id":"https:\/\/www.cidademarketing.com.br\/marketing\/#\/schema\/person\/02daff9f18bd9378c9e01eb6b2db155f"},"headline":"BYD e Eve Air Mobility destacam solu\u00e7\u00f5es sustent\u00e1veis de mobilidade na Expert XP 2025","datePublished":"2025-07-26T17:02:27+00:00","mainEntityOfPage":{"@id":"https:\/\/www.cidademarketing.com.br\/marketing\/2025\/07\/26\/byd-e-eve-air-mobility-destacam-solucoes-sustentaveis-de-mobilidade-na-expert-xp-2025\/"},"wordCount":700,"commentCount":0,"publisher":{"@id":"https:\/\/www.cidademarketing.com.br\/marketing\/#organization"},"image":{"@id":"https:\/\/www.cidademarketing.com.br\/marketing\/2025\/07\/26\/byd-e-eve-air-mobility-destacam-solucoes-sustentaveis-de-mobilidade-na-expert-xp-2025\/#primaryimage"},"thumbnailUrl":"https:\/\/www.cidademarketing.com.br\/marketing\/wp-content\/uploads\/2025\/07\/expert_xp_2025_eve_byd_06.webp","keywords":["BYD","carro el\u00e9trico","estrat\u00e9gia","EVE","Eve Air Mobility","eVTOLs","Expert XP 2025","Johann Bordais","marketing","Pablo Toledo","sustentabilidade"],"articleSection":["Not\u00edcias"],"inLanguage":"pt-BR","potentialAction":[{"@type":"CommentAction","name":"Comment","target":["https:\/\/www.cidademarketing.com.br\/marketing\/2025\/07\/26\/byd-e-eve-air-mobility-destacam-solucoes-sustentaveis-de-mobilidade-na-expert-xp-2025\/#respond"]}]},{"@type":"WebPage","@id":"https:\/\/www.cidademarketing.com.br\/marketing\/2025\/07\/26\/byd-e-eve-air-mobility-destacam-solucoes-sustentaveis-de-mobilidade-na-expert-xp-2025\/","url":"https:\/\/www.cidademarketing.com.br\/marketing\/2025\/07\/26\/byd-e-eve-air-mobility-destacam-solucoes-sustentaveis-de-mobilidade-na-expert-xp-2025\/","name":"BYD e Eve Air Mobility destacam solu\u00e7\u00f5es sustent\u00e1veis de mobilidade na Expert XP 2025 - CidadeMarketing","isPartOf":{"@id":"https:\/\/www.cidademarketing.com.br\/marketing\/#website"},"primaryImageOfPage":{"@id":"https:\/\/www.cidademarketing.com.br\/marketing\/2025\/07\/26\/byd-e-eve-air-mobility-destacam-solucoes-sustentaveis-de-mobilidade-na-expert-xp-2025\/#primaryimage"},"image":{"@id":"https:\/\/www.cidademarketing.com.br\/marketing\/2025\/07\/26\/byd-e-eve-air-mobility-destacam-solucoes-sustentaveis-de-mobilidade-na-expert-xp-2025\/#primaryimage"},"thumbnailUrl":"https:\/\/www.cidademarketing.com.br\/marketing\/wp-content\/uploads\/2025\/07\/expert_xp_2025_eve_byd_06.webp","datePublished":"2025-07-26T17:02:27+00:00","breadcrumb":{"@id":"https:\/\/www.cidademarketing.com.br\/marketing\/2025\/07\/26\/byd-e-eve-air-mobility-destacam-solucoes-sustentaveis-de-mobilidade-na-expert-xp-2025\/#breadcrumb"},"inLanguage":"pt-BR","potentialAction":[{"@type":"ReadAction","target":["https:\/\/www.cidademarketing.com.br\/marketing\/2025\/07\/26\/byd-e-eve-air-mobility-destacam-solucoes-sustentaveis-de-mobilidade-na-expert-xp-2025\/"]}]},{"@type":"ImageObject","inLanguage":"pt-BR","@id":"https:\/\/www.cidademarketing.com.br\/marketing\/2025\/07\/26\/byd-e-eve-air-mobility-destacam-solucoes-sustentaveis-de-mobilidade-na-expert-xp-2025\/#primaryimage","url":"https:\/\/www.cidademarketing.com.br\/marketing\/wp-content\/uploads\/2025\/07\/expert_xp_2025_eve_byd_06.webp","contentUrl":"https:\/\/www.cidademarketing.com.br\/marketing\/wp-content\/uploads\/2025\/07\/expert_xp_2025_eve_byd_06.webp","width":1186,"height":878,"caption":"Foto: Thales Brand\u00e3o"},{"@type":"BreadcrumbList","@id":"https:\/\/www.cidademarketing.com.br\/marketing\/2025\/07\/26\/byd-e-eve-air-mobility-destacam-solucoes-sustentaveis-de-mobilidade-na-expert-xp-2025\/#breadcrumb","itemListElement":[{"@type":"ListItem","position":1,"name":"In\u00edcio","item":"https:\/\/www.cidademarketing.com.br\/marketing\/"},{"@type":"ListItem","position":2,"name":"BYD e Eve Air Mobility destacam solu\u00e7\u00f5es sustent\u00e1veis de mobilidade na Expert XP 2025"}]},{"@type":"WebSite","@id":"https:\/\/www.cidademarketing.com.br\/marketing\/#website","url":"https:\/\/www.cidademarketing.com.br\/marketing\/","name":"CidadeMarketing","description":"Somos um ve\u00edculo de comunica\u00e7\u00e3o de destaque no Brasil, reconhecido por conte\u00fados nos segmentos de marketing, empreendedorismo e inova\u00e7\u00e3o.","publisher":{"@id":"https:\/\/www.cidademarketing.com.br\/marketing\/#organization"},"alternateName":"CidadeMarketing","potentialAction":[{"@type":"SearchAction","target":{"@type":"EntryPoint","urlTemplate":"https:\/\/www.cidademarketing.com.br\/marketing\/?s={search_term_string}"},"query-input":{"@type":"PropertyValueSpecification","valueRequired":true,"valueName":"search_term_string"}}],"inLanguage":"pt-BR"},{"@type":"Organization","@id":"https:\/\/www.cidademarketing.com.br\/marketing\/#organization","name":"CidadeMarketing","alternateName":"CidadeMarketing","url":"https:\/\/www.cidademarketing.com.br\/marketing\/","logo":{"@type":"ImageObject","inLanguage":"pt-BR","@id":"https:\/\/www.cidademarketing.com.br\/marketing\/#\/schema\/logo\/image\/","url":"https:\/\/www.cidademarketing.com.br\/marketing\/wp-content\/uploads\/2020\/01\/cidademarketing_marca_mobile.png","contentUrl":"https:\/\/www.cidademarketing.com.br\/marketing\/wp-content\/uploads\/2020\/01\/cidademarketing_marca_mobile.png","width":230,"height":92,"caption":"CidadeMarketing"},"image":{"@id":"https:\/\/www.cidademarketing.com.br\/marketing\/#\/schema\/logo\/image\/"},"sameAs":["https:\/\/www.facebook.com\/portalcidademarketing","https:\/\/x.com\/CidadeMarketing","https:\/\/www.instagram.com\/cidademarketing\/"]},{"@type":"Person","@id":"https:\/\/www.cidademarketing.com.br\/marketing\/#\/schema\/person\/02daff9f18bd9378c9e01eb6b2db155f","name":"Thales Brand\u00e3o","image":{"@type":"ImageObject","inLanguage":"pt-BR","@id":"https:\/\/secure.gravatar.com\/avatar\/7ca3206950207cc3cb48feec56a8a7898741ab725c368d99d5d7a5a50aab80c6?s=96&d=mm&r=g","url":"https:\/\/secure.gravatar.com\/avatar\/7ca3206950207cc3cb48feec56a8a7898741ab725c368d99d5d7a5a50aab80c6?s=96&d=mm&r=g","contentUrl":"https:\/\/secure.gravatar.com\/avatar\/7ca3206950207cc3cb48feec56a8a7898741ab725c368d99d5d7a5a50aab80c6?s=96&d=mm&r=g","caption":"Thales Brand\u00e3o"},"description":"Editor Executivo do Portal CidadeMarketing.com.br &gt; Mestre em Comunica\u00e7\u00e3o e Sociedade pela Universidade Federal de Sergipe. Possui MBA Executivo em Administra\u00e7\u00e3o com \u00eanfase em Marketing pela Funda\u00e7\u00e3o Get\u00falio Vargas - Rio de Janeiro. Consultor, Palestrante e Pesquisador sobre Empreendedorismo, Marketing, Redes Sociais e Neg\u00f3cios Digitais. Professor, Palestrante TedxTalks e Campus Party. Twitter: @ThalesBrandao","sameAs":["http:\/\/www.mandacaru.com.br","https:\/\/www.facebook.com\/thalesbrandao","http:\/\/www.instagram.com.br\/thalesbrandaoferreira","https:\/\/www.linkedin.com\/in\/thales-brand\u00e3o-3948609\/","https:\/\/x.com\/http:\/\/www.twitter.com\/thalesbrandao"],"url":"https:\/\/www.cidademarketing.com.br\/marketing\/author\/thalesbrandao\/"}]}},"amp_enabled":true,"_links":{"self":[{"href":"https:\/\/www.cidademarketing.com.br\/marketing\/wp-json\/wp\/v2\/posts\/57116","targetHints":{"allow":["GET"]}}],"collection":[{"href":"https:\/\/www.cidademarketing.com.br\/marketing\/wp-json\/wp\/v2\/posts"}],"about":[{"href":"https:\/\/www.cidademarketing.com.br\/marketing\/wp-json\/wp\/v2\/types\/post"}],"author":[{"embeddable":true,"href":"https:\/\/www.cidademarketing.com.br\/marketing\/wp-json\/wp\/v2\/users\/1"}],"replies":[{"embeddable":true,"href":"https:\/\/www.cidademarketing.com.br\/marketing\/wp-json\/wp\/v2\/comments?post=57116"}],"version-history":[{"count":1,"href":"https:\/\/www.cidademarketing.com.br\/marketing\/wp-json\/wp\/v2\/posts\/57116\/revisions"}],"predecessor-version":[{"id":57125,"href":"https:\/\/www.cidademarketing.com.br\/marketing\/wp-json\/wp\/v2\/posts\/57116\/revisions\/57125"}],"wp:featuredmedia":[{"embeddable":true,"href":"https:\/\/www.cidademarketing.com.br\/marketing\/wp-json\/wp\/v2\/media\/57119"}],"wp:attachment":[{"href":"https:\/\/www.cidademarketing.com.br\/marketing\/wp-json\/wp\/v2\/media?parent=57116"}],"wp:term":[{"taxonomy":"category","embeddable":true,"href":"https:\/\/www.cidademarketing.com.br\/marketing\/wp-json\/wp\/v2\/categories?post=57116"},{"taxonomy":"post_tag","embeddable":true,"href":"https:\/\/www.cidademarketing.com.br\/marketing\/wp-json\/wp\/v2\/tags?post=57116"}],"curies":[{"name":"wp","href":"https:\/\/api.w.org\/{rel}","templated":true}]}}