{"id":57075,"date":"2025-07-24T17:47:22","date_gmt":"2025-07-24T20:47:22","guid":{"rendered":"https:\/\/www.cidademarketing.com.br\/marketing\/?p=57075"},"modified":"2025-07-24T17:47:22","modified_gmt":"2025-07-24T20:47:22","slug":"michel-tem-luz-nova-campanha-da-energisa-traz-o-cantor-michel-telo-para-descomplicar-temas-importantes-sobre-energia-eletrica","status":"publish","type":"post","link":"https:\/\/www.cidademarketing.com.br\/marketing\/2025\/07\/24\/michel-tem-luz-nova-campanha-da-energisa-traz-o-cantor-michel-telo-para-descomplicar-temas-importantes-sobre-energia-eletrica\/","title":{"rendered":"\u201cMichel TEM LUZ\u201d: Nova campanha da Energisa traz o cantor Michel Tel\u00f3 para descomplicar temas importantes sobre energia el\u00e9trica"},"content":{"rendered":"<p>Depois de celebrar seus 120 anos, o Grupo Energisa volta a investir em uma comunica\u00e7\u00e3o pr\u00f3xima, simples e bem-humorada para seus clientes. E quem retorna \u00e0s telas como porta-voz dessa conversa \u00e9 o cantor, apresentador e empres\u00e1rio Michel Tel\u00f3, agora no papel de descomplicador oficial da energia. Na nova campanha, \u201cMichel Tem Luz!\u201d, criada pela ag\u00eancia Heads Propaganda, do Brivia Group, Tel\u00f3 protagoniza situa\u00e7\u00f5es cotidianas ao lado dos consumidores, respondendo d\u00favidas, explicando como funciona a conta de luz, trazendo dicas pr\u00e1ticas de economia e apresentando solu\u00e7\u00f5es inovadoras oferecidas pela Energisa.<\/p>\n<p>O objetivo \u00e9 transformar temas t\u00e9cnicos e, muitas vezes, complexos em conversas leves, acess\u00edveis e \u00fateis para o dia a dia. A campanha \u00e9 composta por 10 filmes publicit\u00e1rios, al\u00e9m de spots de r\u00e1dio, pe\u00e7as para OOH (out of home) e conte\u00fados exclusivos para plataformas digitais. Dando continuidade ao conceito da marca, \u201cViva a sua Pot\u00eancia\u201d, a campanha aposta em uma est\u00e9tica moderna e tecnol\u00f3gica. A estreia acontece no dia 23 de julho, quarta-feira.<\/p>\n<p>O cen\u00e1rio futurista representa a inova\u00e7\u00e3o presente nos canais digitais e nas solu\u00e7\u00f5es oferecidas pela Energisa, refor\u00e7ando o posicionamento da companhia como uma marca conectada ao presente e preparada para o futuro.<\/p>\n<p>\u201cA Energisa \u00e9 uma marca que faz parte da vida de milh\u00f5es de brasileiros. Por isso, nosso compromisso \u00e9 manter um di\u00e1logo cada vez mais pr\u00f3ximo, transparente e relevante com os nossos consumidores. E ningu\u00e9m melhor que o Tel\u00f3 para ajudar a levar luz a essas conversas, com uma linguagem simples e cheia de carisma\u201d, comenta Luis Daniel Brito, Gerente Executivo de Marketing e Marca da Energisa.<\/p>\n<p>&#8221;Traduzir temas t\u00e9cnicos de forma simples e acess\u00edvel ao consumidor foi nosso principal objetivo. E, para isso, nada melhor do que contar com o carisma e a simpatia do Michel Tel\u00f3. Ele trouxe muita leveza, tanto para o set quanto para o resultado da campanha, que traduz exatamente o que quer\u00edamos: uma comunica\u00e7\u00e3o que informa sem complicar&#8221;, explica David Levy, criativo da Heads Propaganda.<br \/>\nA produ\u00e7\u00e3o audiovisual conta com dire\u00e7\u00e3o de Gabriel Mattar, da Kombat Films, \u00e1udio do Studio Nova Onda e fotografia assinada pelo Artluz Studio.<\/p>\n<p><iframe title=\"Michel Tem Luz - Entenda Sua Conta\" width=\"640\" height=\"360\" src=\"https:\/\/www.youtube.com\/embed\/IMOwmo63uI8?feature=oembed\" frameborder=\"0\" allow=\"accelerometer; autoplay; clipboard-write; encrypted-media; gyroscope; picture-in-picture; web-share\" referrerpolicy=\"strict-origin-when-cross-origin\" allowfullscreen><\/iframe><\/p>\n<p><strong>Consumidor no centro da estrat\u00e9gia<\/strong><\/p>\n<p>A Energisa tem ampliado seus esfor\u00e7os para se aproximar dos clientes por meio de uma comunica\u00e7\u00e3o clara, descomplicada e alinhada ao cotidiano das pessoas.<br \/>\nNos \u00faltimos anos, a empresa apostou em campanhas com personagens que se tornaram \u00edcones da marca, como \u201cO Descomplicador\u201d, estrelada por Paulo Vieira em 2020, e a carism\u00e1tica \u201cLuzi, a primeira l\u00e2mpada blogueira do Brasil\u201d, vivida por Evelyn Castro em 2024.<\/p>\n<p>Agora, com Michel Tel\u00f3 como embaixador, a Energisa segue iluminando as d\u00favidas dos consumidores e refor\u00e7ando sua miss\u00e3o de facilitar o acesso \u00e0 informa\u00e7\u00e3o e promover o uso consciente da energia.<\/p>\n<p><strong>Sobre a Energisa<\/strong><br \/>\nA Energisa \u00e9 uma empresa que pensa no futuro desde 1905, pois inova\u00e7\u00e3o e empreendedorismo sempre estiveram em seu DNA. S\u00e3o 120 anos realizando hist\u00f3rias e evoluindo rela\u00e7\u00f5es. Fundada na Zona da Mata mineira, a Energisa \u00e9 hoje um dos maiores grupos privados com capital nacional do setor el\u00e9trico brasileiro. Somos um ecossistema de produtos e servi\u00e7os que conecta pessoas e empresas \u00e0s melhores solu\u00e7\u00f5es de energia e potencializa o futuro do pa\u00eds.<\/p>\n<p>Nosso portf\u00f3lio abrange 9 distribuidoras de energia el\u00e9trica, 13 concess\u00f5es de transmiss\u00e3o, uma central de gera\u00e7\u00e3o fotovoltaica centralizada, uma marca inovadora de solu\u00e7\u00f5es energ\u00e9ticas \u2013 a (re)energisa \u2013, que conta com um dos maiores parques de gera\u00e7\u00e3o distribu\u00edda fotovoltaica do pa\u00eds, al\u00e9m de comercializa\u00e7\u00e3o de energia no mercado livre e servi\u00e7os de valor agregado. Contamos tamb\u00e9m com uma central de servi\u00e7os compartilhados, uma empresa de contact center para atender nossos clientes e a fintech Voltz, a primeira no segmento de empresas de servi\u00e7o p\u00fablico de energia.<\/p>\n<p>Recentemente, diversificamos nosso portf\u00f3lio com a inclus\u00e3o da distribui\u00e7\u00e3o e comercializa\u00e7\u00e3o de g\u00e1s natural, atrav\u00e9s da aquisi\u00e7\u00e3o da ES G\u00e1s e, desde novembro de 2024, com participa\u00e7\u00e3o nos ativos da Ceg\u00e1s, Coperg\u00e1s, Alg\u00e1s e Potig\u00e1s; e a gera\u00e7\u00e3o, distribui\u00e7\u00e3o e comercializa\u00e7\u00e3o de bio solu\u00e7\u00f5es (biog\u00e1s, biometano, biofertilizante).<br \/>\nTransformamos energia em conforto e desenvolvimento para mais de 20 milh\u00f5es de pessoas em 939 munic\u00edpios de todas as regi\u00f5es do pa\u00eds e geramos mais de 20 mil empregos, diretos e indiretos.<\/p>\n<p><strong>Sobre o Brivia Group<br \/>\n<\/strong>\u00c9 um dos maiores grupos de tecnologia e comunica\u00e7\u00e3o do Brasil, especializado em transforma\u00e7\u00e3o digital, com seis opera\u00e7\u00f5es no pa\u00eds e uma no exterior, em Lisboa (Portugal). Formado pelas marcas Brivia, Heads, Peppery, A2C e Dez, tem portf\u00f3lio de clientes composto por grandes marcas, como Banco do Brasil, Petrobras, BNDES, Vivo, Vibra Energia, Magalu, Suzano, Seara, Grupo Fleury, Grupo Wilson Sons, Porto Seguro e KPMG.<\/p>\n<p><strong>Ficha T\u00e9cnica:<br \/>\n<\/strong>Ag\u00eancia: Heads Propaganda<br \/>\nHead de Cria\u00e7\u00e3o: David Levy<br \/>\nDire\u00e7\u00e3o de Cria\u00e7\u00e3o: Deh Rodrix e Marton Santos<br \/>\nCria\u00e7\u00e3o: David Levy, Deh Rodrix, Felipe Neves, Marton Santos, Mariana Bessa, Matheus Souza e Luis Daniel Brito<br \/>\nHead de Estrat\u00e9gia: Paola Muller<br \/>\nL\u00edder de Estrat\u00e9gia: Camila Trevisan Rokana<br \/>\nL\u00edder de Conte\u00fado: Luiz Eduardo Cardoso<br \/>\nSocial Media: Leonardo Santana<br \/>\nL\u00edder de M\u00eddia: Fernanda Sobral<br \/>\nM\u00eddia: Greyce Souza, Hemelly Soriano, Larissa Niehues e Rebeca Costa<br \/>\nProdu\u00e7\u00e3o: Amanda Sampaio e Veronica Gallano<br \/>\nHead de Atendimento: Carina Gon\u00e7alves<br \/>\nAtendimento: Giovanna Rodenstein Rodrigues e J\u00f3ice Karine Martins<br \/>\nManaging Director: Lilian Chwartzmann<br \/>\nProdutora: Kombat Films<br \/>\nFotografia: Artluz Studio<br \/>\n\u00c1udio: Studio Nova Onda<br \/>\nAprova\u00e7\u00e3o: Daniele Salom\u00e3o, Luis Daniel Brito e Victor Sartoratto<\/p>\n","protected":false},"excerpt":{"rendered":"<p>Depois de celebrar seus 120 anos, o Grupo Energisa volta a investir em uma comunica\u00e7\u00e3o pr\u00f3xima, simples e bem-humorada para seus clientes. E quem retorna \u00e0s telas como porta-voz dessa conversa \u00e9 o cantor, apresentador e empres\u00e1rio Michel Tel\u00f3, agora no papel de descomplicador oficial da energia. Na nova campanha, \u201cMichel Tem Luz!\u201d, criada pela [&hellip;]<\/p>\n","protected":false},"author":1,"featured_media":57076,"comment_status":"open","ping_status":"open","sticky":false,"template":"","format":"standard","meta":{"tdm_status":"","tdm_grid_status":"","footnotes":""},"categories":[6,14],"tags":[9598,65,3612,33,9599,28,9600,5211,66,181],"class_list":["post-57075","post","type-post","status-publish","format-standard","has-post-thumbnail","hentry","category-noticias","category-videos","tag-brivia-group","tag-campanha","tag-energisa","tag-estrategia","tag-heads-propaganda","tag-marketing","tag-michel-tem-luz","tag-ooh","tag-propaganda","tag-publicidade"],"yoast_head":"<!-- This site is optimized with the Yoast SEO plugin v27.4 - https:\/\/yoast.com\/product\/yoast-seo-wordpress\/ -->\n<title>\u201cMichel TEM LUZ\u201d: Nova campanha da Energisa traz o cantor Michel Tel\u00f3 para descomplicar temas importantes sobre energia el\u00e9trica - CidadeMarketing<\/title>\n<meta name=\"robots\" content=\"index, follow, max-snippet:-1, max-image-preview:large, max-video-preview:-1\" \/>\n<link rel=\"canonical\" href=\"https:\/\/www.cidademarketing.com.br\/marketing\/2025\/07\/24\/michel-tem-luz-nova-campanha-da-energisa-traz-o-cantor-michel-telo-para-descomplicar-temas-importantes-sobre-energia-eletrica\/\" \/>\n<meta property=\"og:locale\" content=\"pt_BR\" \/>\n<meta property=\"og:type\" content=\"article\" \/>\n<meta property=\"og:title\" content=\"\u201cMichel TEM LUZ\u201d: Nova campanha da Energisa traz o cantor Michel Tel\u00f3 para descomplicar temas importantes sobre energia el\u00e9trica - CidadeMarketing\" \/>\n<meta property=\"og:description\" content=\"Depois de celebrar seus 120 anos, o Grupo Energisa volta a investir em uma comunica\u00e7\u00e3o pr\u00f3xima, simples e bem-humorada para seus clientes. E quem retorna \u00e0s telas como porta-voz dessa conversa \u00e9 o cantor, apresentador e empres\u00e1rio Michel Tel\u00f3, agora no papel de descomplicador oficial da energia. Na nova campanha, \u201cMichel Tem Luz!\u201d, criada pela [&hellip;]\" \/>\n<meta property=\"og:url\" content=\"https:\/\/www.cidademarketing.com.br\/marketing\/2025\/07\/24\/michel-tem-luz-nova-campanha-da-energisa-traz-o-cantor-michel-telo-para-descomplicar-temas-importantes-sobre-energia-eletrica\/\" \/>\n<meta property=\"og:site_name\" content=\"CidadeMarketing\" \/>\n<meta property=\"article:publisher\" content=\"https:\/\/www.facebook.com\/portalcidademarketing\" \/>\n<meta property=\"article:author\" content=\"https:\/\/www.facebook.com\/thalesbrandao\" \/>\n<meta property=\"article:published_time\" content=\"2025-07-24T20:47:22+00:00\" \/>\n<meta property=\"og:image\" content=\"https:\/\/www.cidademarketing.com.br\/marketing\/wp-content\/uploads\/2025\/07\/energisa_michel_telo_campanha_brivia_group.webp\" \/>\n\t<meta property=\"og:image:width\" content=\"1000\" \/>\n\t<meta property=\"og:image:height\" content=\"566\" \/>\n\t<meta property=\"og:image:type\" content=\"image\/webp\" \/>\n<meta name=\"author\" content=\"Thales Brand\u00e3o\" \/>\n<meta name=\"twitter:card\" content=\"summary_large_image\" \/>\n<meta name=\"twitter:creator\" content=\"@http:\/\/www.twitter.com\/thalesbrandao\" \/>\n<meta name=\"twitter:site\" content=\"@CidadeMarketing\" \/>\n<meta name=\"twitter:label1\" content=\"Escrito por\" \/>\n\t<meta name=\"twitter:data1\" content=\"Thales Brand\u00e3o\" \/>\n\t<meta name=\"twitter:label2\" content=\"Est. tempo de leitura\" \/>\n\t<meta name=\"twitter:data2\" content=\"5 minutos\" \/>\n<script type=\"application\/ld+json\" class=\"yoast-schema-graph\">{\"@context\":\"https:\\\/\\\/schema.org\",\"@graph\":[{\"@type\":\"Article\",\"@id\":\"https:\\\/\\\/www.cidademarketing.com.br\\\/marketing\\\/2025\\\/07\\\/24\\\/michel-tem-luz-nova-campanha-da-energisa-traz-o-cantor-michel-telo-para-descomplicar-temas-importantes-sobre-energia-eletrica\\\/#article\",\"isPartOf\":{\"@id\":\"https:\\\/\\\/www.cidademarketing.com.br\\\/marketing\\\/2025\\\/07\\\/24\\\/michel-tem-luz-nova-campanha-da-energisa-traz-o-cantor-michel-telo-para-descomplicar-temas-importantes-sobre-energia-eletrica\\\/\"},\"author\":{\"name\":\"Thales Brand\u00e3o\",\"@id\":\"https:\\\/\\\/www.cidademarketing.com.br\\\/marketing\\\/#\\\/schema\\\/person\\\/02daff9f18bd9378c9e01eb6b2db155f\"},\"headline\":\"\u201cMichel TEM LUZ\u201d: Nova campanha da Energisa traz o cantor Michel Tel\u00f3 para descomplicar temas importantes sobre energia el\u00e9trica\",\"datePublished\":\"2025-07-24T20:47:22+00:00\",\"mainEntityOfPage\":{\"@id\":\"https:\\\/\\\/www.cidademarketing.com.br\\\/marketing\\\/2025\\\/07\\\/24\\\/michel-tem-luz-nova-campanha-da-energisa-traz-o-cantor-michel-telo-para-descomplicar-temas-importantes-sobre-energia-eletrica\\\/\"},\"wordCount\":991,\"commentCount\":0,\"publisher\":{\"@id\":\"https:\\\/\\\/www.cidademarketing.com.br\\\/marketing\\\/#organization\"},\"image\":{\"@id\":\"https:\\\/\\\/www.cidademarketing.com.br\\\/marketing\\\/2025\\\/07\\\/24\\\/michel-tem-luz-nova-campanha-da-energisa-traz-o-cantor-michel-telo-para-descomplicar-temas-importantes-sobre-energia-eletrica\\\/#primaryimage\"},\"thumbnailUrl\":\"https:\\\/\\\/www.cidademarketing.com.br\\\/marketing\\\/wp-content\\\/uploads\\\/2025\\\/07\\\/energisa_michel_telo_campanha_brivia_group.webp\",\"keywords\":[\"Brivia Group\",\"campanha\",\"Energisa\",\"estrat\u00e9gia\",\"Heads Propaganda\",\"marketing\",\"Michel Tem Luz!\",\"OOH\",\"propaganda\",\"publicidade\"],\"articleSection\":[\"Not\u00edcias\",\"Videos\"],\"inLanguage\":\"pt-BR\",\"potentialAction\":[{\"@type\":\"CommentAction\",\"name\":\"Comment\",\"target\":[\"https:\\\/\\\/www.cidademarketing.com.br\\\/marketing\\\/2025\\\/07\\\/24\\\/michel-tem-luz-nova-campanha-da-energisa-traz-o-cantor-michel-telo-para-descomplicar-temas-importantes-sobre-energia-eletrica\\\/#respond\"]}]},{\"@type\":\"WebPage\",\"@id\":\"https:\\\/\\\/www.cidademarketing.com.br\\\/marketing\\\/2025\\\/07\\\/24\\\/michel-tem-luz-nova-campanha-da-energisa-traz-o-cantor-michel-telo-para-descomplicar-temas-importantes-sobre-energia-eletrica\\\/\",\"url\":\"https:\\\/\\\/www.cidademarketing.com.br\\\/marketing\\\/2025\\\/07\\\/24\\\/michel-tem-luz-nova-campanha-da-energisa-traz-o-cantor-michel-telo-para-descomplicar-temas-importantes-sobre-energia-eletrica\\\/\",\"name\":\"\u201cMichel TEM LUZ\u201d: Nova campanha da Energisa traz o cantor Michel Tel\u00f3 para descomplicar temas importantes sobre energia el\u00e9trica - CidadeMarketing\",\"isPartOf\":{\"@id\":\"https:\\\/\\\/www.cidademarketing.com.br\\\/marketing\\\/#website\"},\"primaryImageOfPage\":{\"@id\":\"https:\\\/\\\/www.cidademarketing.com.br\\\/marketing\\\/2025\\\/07\\\/24\\\/michel-tem-luz-nova-campanha-da-energisa-traz-o-cantor-michel-telo-para-descomplicar-temas-importantes-sobre-energia-eletrica\\\/#primaryimage\"},\"image\":{\"@id\":\"https:\\\/\\\/www.cidademarketing.com.br\\\/marketing\\\/2025\\\/07\\\/24\\\/michel-tem-luz-nova-campanha-da-energisa-traz-o-cantor-michel-telo-para-descomplicar-temas-importantes-sobre-energia-eletrica\\\/#primaryimage\"},\"thumbnailUrl\":\"https:\\\/\\\/www.cidademarketing.com.br\\\/marketing\\\/wp-content\\\/uploads\\\/2025\\\/07\\\/energisa_michel_telo_campanha_brivia_group.webp\",\"datePublished\":\"2025-07-24T20:47:22+00:00\",\"breadcrumb\":{\"@id\":\"https:\\\/\\\/www.cidademarketing.com.br\\\/marketing\\\/2025\\\/07\\\/24\\\/michel-tem-luz-nova-campanha-da-energisa-traz-o-cantor-michel-telo-para-descomplicar-temas-importantes-sobre-energia-eletrica\\\/#breadcrumb\"},\"inLanguage\":\"pt-BR\",\"potentialAction\":[{\"@type\":\"ReadAction\",\"target\":[\"https:\\\/\\\/www.cidademarketing.com.br\\\/marketing\\\/2025\\\/07\\\/24\\\/michel-tem-luz-nova-campanha-da-energisa-traz-o-cantor-michel-telo-para-descomplicar-temas-importantes-sobre-energia-eletrica\\\/\"]}]},{\"@type\":\"ImageObject\",\"inLanguage\":\"pt-BR\",\"@id\":\"https:\\\/\\\/www.cidademarketing.com.br\\\/marketing\\\/2025\\\/07\\\/24\\\/michel-tem-luz-nova-campanha-da-energisa-traz-o-cantor-michel-telo-para-descomplicar-temas-importantes-sobre-energia-eletrica\\\/#primaryimage\",\"url\":\"https:\\\/\\\/www.cidademarketing.com.br\\\/marketing\\\/wp-content\\\/uploads\\\/2025\\\/07\\\/energisa_michel_telo_campanha_brivia_group.webp\",\"contentUrl\":\"https:\\\/\\\/www.cidademarketing.com.br\\\/marketing\\\/wp-content\\\/uploads\\\/2025\\\/07\\\/energisa_michel_telo_campanha_brivia_group.webp\",\"width\":1000,\"height\":566,\"caption\":\"Reprodu\u00e7\u00e3o\"},{\"@type\":\"BreadcrumbList\",\"@id\":\"https:\\\/\\\/www.cidademarketing.com.br\\\/marketing\\\/2025\\\/07\\\/24\\\/michel-tem-luz-nova-campanha-da-energisa-traz-o-cantor-michel-telo-para-descomplicar-temas-importantes-sobre-energia-eletrica\\\/#breadcrumb\",\"itemListElement\":[{\"@type\":\"ListItem\",\"position\":1,\"name\":\"In\u00edcio\",\"item\":\"https:\\\/\\\/www.cidademarketing.com.br\\\/marketing\\\/\"},{\"@type\":\"ListItem\",\"position\":2,\"name\":\"\u201cMichel TEM LUZ\u201d: Nova campanha da Energisa traz o cantor Michel Tel\u00f3 para descomplicar temas importantes sobre energia el\u00e9trica\"}]},{\"@type\":\"WebSite\",\"@id\":\"https:\\\/\\\/www.cidademarketing.com.br\\\/marketing\\\/#website\",\"url\":\"https:\\\/\\\/www.cidademarketing.com.br\\\/marketing\\\/\",\"name\":\"CidadeMarketing\",\"description\":\"Somos um ve\u00edculo de comunica\u00e7\u00e3o de destaque no Brasil, reconhecido por conte\u00fados nos segmentos de marketing, empreendedorismo e inova\u00e7\u00e3o.\",\"publisher\":{\"@id\":\"https:\\\/\\\/www.cidademarketing.com.br\\\/marketing\\\/#organization\"},\"alternateName\":\"CidadeMarketing\",\"potentialAction\":[{\"@type\":\"SearchAction\",\"target\":{\"@type\":\"EntryPoint\",\"urlTemplate\":\"https:\\\/\\\/www.cidademarketing.com.br\\\/marketing\\\/?s={search_term_string}\"},\"query-input\":{\"@type\":\"PropertyValueSpecification\",\"valueRequired\":true,\"valueName\":\"search_term_string\"}}],\"inLanguage\":\"pt-BR\"},{\"@type\":\"Organization\",\"@id\":\"https:\\\/\\\/www.cidademarketing.com.br\\\/marketing\\\/#organization\",\"name\":\"CidadeMarketing\",\"alternateName\":\"CidadeMarketing\",\"url\":\"https:\\\/\\\/www.cidademarketing.com.br\\\/marketing\\\/\",\"logo\":{\"@type\":\"ImageObject\",\"inLanguage\":\"pt-BR\",\"@id\":\"https:\\\/\\\/www.cidademarketing.com.br\\\/marketing\\\/#\\\/schema\\\/logo\\\/image\\\/\",\"url\":\"https:\\\/\\\/www.cidademarketing.com.br\\\/marketing\\\/wp-content\\\/uploads\\\/2020\\\/01\\\/cidademarketing_marca_mobile.png\",\"contentUrl\":\"https:\\\/\\\/www.cidademarketing.com.br\\\/marketing\\\/wp-content\\\/uploads\\\/2020\\\/01\\\/cidademarketing_marca_mobile.png\",\"width\":230,\"height\":92,\"caption\":\"CidadeMarketing\"},\"image\":{\"@id\":\"https:\\\/\\\/www.cidademarketing.com.br\\\/marketing\\\/#\\\/schema\\\/logo\\\/image\\\/\"},\"sameAs\":[\"https:\\\/\\\/www.facebook.com\\\/portalcidademarketing\",\"https:\\\/\\\/x.com\\\/CidadeMarketing\",\"https:\\\/\\\/www.instagram.com\\\/cidademarketing\\\/\"]},{\"@type\":\"Person\",\"@id\":\"https:\\\/\\\/www.cidademarketing.com.br\\\/marketing\\\/#\\\/schema\\\/person\\\/02daff9f18bd9378c9e01eb6b2db155f\",\"name\":\"Thales Brand\u00e3o\",\"image\":{\"@type\":\"ImageObject\",\"inLanguage\":\"pt-BR\",\"@id\":\"https:\\\/\\\/secure.gravatar.com\\\/avatar\\\/7ca3206950207cc3cb48feec56a8a7898741ab725c368d99d5d7a5a50aab80c6?s=96&d=mm&r=g\",\"url\":\"https:\\\/\\\/secure.gravatar.com\\\/avatar\\\/7ca3206950207cc3cb48feec56a8a7898741ab725c368d99d5d7a5a50aab80c6?s=96&d=mm&r=g\",\"contentUrl\":\"https:\\\/\\\/secure.gravatar.com\\\/avatar\\\/7ca3206950207cc3cb48feec56a8a7898741ab725c368d99d5d7a5a50aab80c6?s=96&d=mm&r=g\",\"caption\":\"Thales Brand\u00e3o\"},\"description\":\"Editor Executivo do Portal CidadeMarketing.com.br &gt; Mestre em Comunica\u00e7\u00e3o e Sociedade pela Universidade Federal de Sergipe. Possui MBA Executivo em Administra\u00e7\u00e3o com \u00eanfase em Marketing pela Funda\u00e7\u00e3o Get\u00falio Vargas - Rio de Janeiro. Consultor, Palestrante e Pesquisador sobre Empreendedorismo, Marketing, Redes Sociais e Neg\u00f3cios Digitais. Professor, Palestrante TedxTalks e Campus Party. Twitter: @ThalesBrandao\",\"sameAs\":[\"http:\\\/\\\/www.mandacaru.com.br\",\"https:\\\/\\\/www.facebook.com\\\/thalesbrandao\",\"http:\\\/\\\/www.instagram.com.br\\\/thalesbrandaoferreira\",\"https:\\\/\\\/www.linkedin.com\\\/in\\\/thales-brand\u00e3o-3948609\\\/\",\"https:\\\/\\\/x.com\\\/http:\\\/\\\/www.twitter.com\\\/thalesbrandao\"],\"url\":\"https:\\\/\\\/www.cidademarketing.com.br\\\/marketing\\\/author\\\/thalesbrandao\\\/\"}]}<\/script>\n<!-- \/ Yoast SEO plugin. -->","yoast_head_json":{"title":"\u201cMichel TEM LUZ\u201d: Nova campanha da Energisa traz o cantor Michel Tel\u00f3 para descomplicar temas importantes sobre energia el\u00e9trica - CidadeMarketing","robots":{"index":"index","follow":"follow","max-snippet":"max-snippet:-1","max-image-preview":"max-image-preview:large","max-video-preview":"max-video-preview:-1"},"canonical":"https:\/\/www.cidademarketing.com.br\/marketing\/2025\/07\/24\/michel-tem-luz-nova-campanha-da-energisa-traz-o-cantor-michel-telo-para-descomplicar-temas-importantes-sobre-energia-eletrica\/","og_locale":"pt_BR","og_type":"article","og_title":"\u201cMichel TEM LUZ\u201d: Nova campanha da Energisa traz o cantor Michel Tel\u00f3 para descomplicar temas importantes sobre energia el\u00e9trica - CidadeMarketing","og_description":"Depois de celebrar seus 120 anos, o Grupo Energisa volta a investir em uma comunica\u00e7\u00e3o pr\u00f3xima, simples e bem-humorada para seus clientes. E quem retorna \u00e0s telas como porta-voz dessa conversa \u00e9 o cantor, apresentador e empres\u00e1rio Michel Tel\u00f3, agora no papel de descomplicador oficial da energia. Na nova campanha, \u201cMichel Tem Luz!\u201d, criada pela [&hellip;]","og_url":"https:\/\/www.cidademarketing.com.br\/marketing\/2025\/07\/24\/michel-tem-luz-nova-campanha-da-energisa-traz-o-cantor-michel-telo-para-descomplicar-temas-importantes-sobre-energia-eletrica\/","og_site_name":"CidadeMarketing","article_publisher":"https:\/\/www.facebook.com\/portalcidademarketing","article_author":"https:\/\/www.facebook.com\/thalesbrandao","article_published_time":"2025-07-24T20:47:22+00:00","og_image":[{"width":1000,"height":566,"url":"https:\/\/www.cidademarketing.com.br\/marketing\/wp-content\/uploads\/2025\/07\/energisa_michel_telo_campanha_brivia_group.webp","type":"image\/webp"}],"author":"Thales Brand\u00e3o","twitter_card":"summary_large_image","twitter_creator":"@http:\/\/www.twitter.com\/thalesbrandao","twitter_site":"@CidadeMarketing","twitter_misc":{"Escrito por":"Thales Brand\u00e3o","Est. tempo de leitura":"5 minutos"},"schema":{"@context":"https:\/\/schema.org","@graph":[{"@type":"Article","@id":"https:\/\/www.cidademarketing.com.br\/marketing\/2025\/07\/24\/michel-tem-luz-nova-campanha-da-energisa-traz-o-cantor-michel-telo-para-descomplicar-temas-importantes-sobre-energia-eletrica\/#article","isPartOf":{"@id":"https:\/\/www.cidademarketing.com.br\/marketing\/2025\/07\/24\/michel-tem-luz-nova-campanha-da-energisa-traz-o-cantor-michel-telo-para-descomplicar-temas-importantes-sobre-energia-eletrica\/"},"author":{"name":"Thales Brand\u00e3o","@id":"https:\/\/www.cidademarketing.com.br\/marketing\/#\/schema\/person\/02daff9f18bd9378c9e01eb6b2db155f"},"headline":"\u201cMichel TEM LUZ\u201d: Nova campanha da Energisa traz o cantor Michel Tel\u00f3 para descomplicar temas importantes sobre energia el\u00e9trica","datePublished":"2025-07-24T20:47:22+00:00","mainEntityOfPage":{"@id":"https:\/\/www.cidademarketing.com.br\/marketing\/2025\/07\/24\/michel-tem-luz-nova-campanha-da-energisa-traz-o-cantor-michel-telo-para-descomplicar-temas-importantes-sobre-energia-eletrica\/"},"wordCount":991,"commentCount":0,"publisher":{"@id":"https:\/\/www.cidademarketing.com.br\/marketing\/#organization"},"image":{"@id":"https:\/\/www.cidademarketing.com.br\/marketing\/2025\/07\/24\/michel-tem-luz-nova-campanha-da-energisa-traz-o-cantor-michel-telo-para-descomplicar-temas-importantes-sobre-energia-eletrica\/#primaryimage"},"thumbnailUrl":"https:\/\/www.cidademarketing.com.br\/marketing\/wp-content\/uploads\/2025\/07\/energisa_michel_telo_campanha_brivia_group.webp","keywords":["Brivia Group","campanha","Energisa","estrat\u00e9gia","Heads Propaganda","marketing","Michel Tem Luz!","OOH","propaganda","publicidade"],"articleSection":["Not\u00edcias","Videos"],"inLanguage":"pt-BR","potentialAction":[{"@type":"CommentAction","name":"Comment","target":["https:\/\/www.cidademarketing.com.br\/marketing\/2025\/07\/24\/michel-tem-luz-nova-campanha-da-energisa-traz-o-cantor-michel-telo-para-descomplicar-temas-importantes-sobre-energia-eletrica\/#respond"]}]},{"@type":"WebPage","@id":"https:\/\/www.cidademarketing.com.br\/marketing\/2025\/07\/24\/michel-tem-luz-nova-campanha-da-energisa-traz-o-cantor-michel-telo-para-descomplicar-temas-importantes-sobre-energia-eletrica\/","url":"https:\/\/www.cidademarketing.com.br\/marketing\/2025\/07\/24\/michel-tem-luz-nova-campanha-da-energisa-traz-o-cantor-michel-telo-para-descomplicar-temas-importantes-sobre-energia-eletrica\/","name":"\u201cMichel TEM LUZ\u201d: Nova campanha da Energisa traz o cantor Michel Tel\u00f3 para descomplicar temas importantes sobre energia el\u00e9trica - CidadeMarketing","isPartOf":{"@id":"https:\/\/www.cidademarketing.com.br\/marketing\/#website"},"primaryImageOfPage":{"@id":"https:\/\/www.cidademarketing.com.br\/marketing\/2025\/07\/24\/michel-tem-luz-nova-campanha-da-energisa-traz-o-cantor-michel-telo-para-descomplicar-temas-importantes-sobre-energia-eletrica\/#primaryimage"},"image":{"@id":"https:\/\/www.cidademarketing.com.br\/marketing\/2025\/07\/24\/michel-tem-luz-nova-campanha-da-energisa-traz-o-cantor-michel-telo-para-descomplicar-temas-importantes-sobre-energia-eletrica\/#primaryimage"},"thumbnailUrl":"https:\/\/www.cidademarketing.com.br\/marketing\/wp-content\/uploads\/2025\/07\/energisa_michel_telo_campanha_brivia_group.webp","datePublished":"2025-07-24T20:47:22+00:00","breadcrumb":{"@id":"https:\/\/www.cidademarketing.com.br\/marketing\/2025\/07\/24\/michel-tem-luz-nova-campanha-da-energisa-traz-o-cantor-michel-telo-para-descomplicar-temas-importantes-sobre-energia-eletrica\/#breadcrumb"},"inLanguage":"pt-BR","potentialAction":[{"@type":"ReadAction","target":["https:\/\/www.cidademarketing.com.br\/marketing\/2025\/07\/24\/michel-tem-luz-nova-campanha-da-energisa-traz-o-cantor-michel-telo-para-descomplicar-temas-importantes-sobre-energia-eletrica\/"]}]},{"@type":"ImageObject","inLanguage":"pt-BR","@id":"https:\/\/www.cidademarketing.com.br\/marketing\/2025\/07\/24\/michel-tem-luz-nova-campanha-da-energisa-traz-o-cantor-michel-telo-para-descomplicar-temas-importantes-sobre-energia-eletrica\/#primaryimage","url":"https:\/\/www.cidademarketing.com.br\/marketing\/wp-content\/uploads\/2025\/07\/energisa_michel_telo_campanha_brivia_group.webp","contentUrl":"https:\/\/www.cidademarketing.com.br\/marketing\/wp-content\/uploads\/2025\/07\/energisa_michel_telo_campanha_brivia_group.webp","width":1000,"height":566,"caption":"Reprodu\u00e7\u00e3o"},{"@type":"BreadcrumbList","@id":"https:\/\/www.cidademarketing.com.br\/marketing\/2025\/07\/24\/michel-tem-luz-nova-campanha-da-energisa-traz-o-cantor-michel-telo-para-descomplicar-temas-importantes-sobre-energia-eletrica\/#breadcrumb","itemListElement":[{"@type":"ListItem","position":1,"name":"In\u00edcio","item":"https:\/\/www.cidademarketing.com.br\/marketing\/"},{"@type":"ListItem","position":2,"name":"\u201cMichel TEM LUZ\u201d: Nova campanha da Energisa traz o cantor Michel Tel\u00f3 para descomplicar temas importantes sobre energia el\u00e9trica"}]},{"@type":"WebSite","@id":"https:\/\/www.cidademarketing.com.br\/marketing\/#website","url":"https:\/\/www.cidademarketing.com.br\/marketing\/","name":"CidadeMarketing","description":"Somos um ve\u00edculo de comunica\u00e7\u00e3o de destaque no Brasil, reconhecido por conte\u00fados nos segmentos de marketing, empreendedorismo e inova\u00e7\u00e3o.","publisher":{"@id":"https:\/\/www.cidademarketing.com.br\/marketing\/#organization"},"alternateName":"CidadeMarketing","potentialAction":[{"@type":"SearchAction","target":{"@type":"EntryPoint","urlTemplate":"https:\/\/www.cidademarketing.com.br\/marketing\/?s={search_term_string}"},"query-input":{"@type":"PropertyValueSpecification","valueRequired":true,"valueName":"search_term_string"}}],"inLanguage":"pt-BR"},{"@type":"Organization","@id":"https:\/\/www.cidademarketing.com.br\/marketing\/#organization","name":"CidadeMarketing","alternateName":"CidadeMarketing","url":"https:\/\/www.cidademarketing.com.br\/marketing\/","logo":{"@type":"ImageObject","inLanguage":"pt-BR","@id":"https:\/\/www.cidademarketing.com.br\/marketing\/#\/schema\/logo\/image\/","url":"https:\/\/www.cidademarketing.com.br\/marketing\/wp-content\/uploads\/2020\/01\/cidademarketing_marca_mobile.png","contentUrl":"https:\/\/www.cidademarketing.com.br\/marketing\/wp-content\/uploads\/2020\/01\/cidademarketing_marca_mobile.png","width":230,"height":92,"caption":"CidadeMarketing"},"image":{"@id":"https:\/\/www.cidademarketing.com.br\/marketing\/#\/schema\/logo\/image\/"},"sameAs":["https:\/\/www.facebook.com\/portalcidademarketing","https:\/\/x.com\/CidadeMarketing","https:\/\/www.instagram.com\/cidademarketing\/"]},{"@type":"Person","@id":"https:\/\/www.cidademarketing.com.br\/marketing\/#\/schema\/person\/02daff9f18bd9378c9e01eb6b2db155f","name":"Thales Brand\u00e3o","image":{"@type":"ImageObject","inLanguage":"pt-BR","@id":"https:\/\/secure.gravatar.com\/avatar\/7ca3206950207cc3cb48feec56a8a7898741ab725c368d99d5d7a5a50aab80c6?s=96&d=mm&r=g","url":"https:\/\/secure.gravatar.com\/avatar\/7ca3206950207cc3cb48feec56a8a7898741ab725c368d99d5d7a5a50aab80c6?s=96&d=mm&r=g","contentUrl":"https:\/\/secure.gravatar.com\/avatar\/7ca3206950207cc3cb48feec56a8a7898741ab725c368d99d5d7a5a50aab80c6?s=96&d=mm&r=g","caption":"Thales Brand\u00e3o"},"description":"Editor Executivo do Portal CidadeMarketing.com.br &gt; Mestre em Comunica\u00e7\u00e3o e Sociedade pela Universidade Federal de Sergipe. Possui MBA Executivo em Administra\u00e7\u00e3o com \u00eanfase em Marketing pela Funda\u00e7\u00e3o Get\u00falio Vargas - Rio de Janeiro. Consultor, Palestrante e Pesquisador sobre Empreendedorismo, Marketing, Redes Sociais e Neg\u00f3cios Digitais. Professor, Palestrante TedxTalks e Campus Party. Twitter: @ThalesBrandao","sameAs":["http:\/\/www.mandacaru.com.br","https:\/\/www.facebook.com\/thalesbrandao","http:\/\/www.instagram.com.br\/thalesbrandaoferreira","https:\/\/www.linkedin.com\/in\/thales-brand\u00e3o-3948609\/","https:\/\/x.com\/http:\/\/www.twitter.com\/thalesbrandao"],"url":"https:\/\/www.cidademarketing.com.br\/marketing\/author\/thalesbrandao\/"}]}},"amp_enabled":true,"_links":{"self":[{"href":"https:\/\/www.cidademarketing.com.br\/marketing\/wp-json\/wp\/v2\/posts\/57075","targetHints":{"allow":["GET"]}}],"collection":[{"href":"https:\/\/www.cidademarketing.com.br\/marketing\/wp-json\/wp\/v2\/posts"}],"about":[{"href":"https:\/\/www.cidademarketing.com.br\/marketing\/wp-json\/wp\/v2\/types\/post"}],"author":[{"embeddable":true,"href":"https:\/\/www.cidademarketing.com.br\/marketing\/wp-json\/wp\/v2\/users\/1"}],"replies":[{"embeddable":true,"href":"https:\/\/www.cidademarketing.com.br\/marketing\/wp-json\/wp\/v2\/comments?post=57075"}],"version-history":[{"count":1,"href":"https:\/\/www.cidademarketing.com.br\/marketing\/wp-json\/wp\/v2\/posts\/57075\/revisions"}],"predecessor-version":[{"id":57077,"href":"https:\/\/www.cidademarketing.com.br\/marketing\/wp-json\/wp\/v2\/posts\/57075\/revisions\/57077"}],"wp:featuredmedia":[{"embeddable":true,"href":"https:\/\/www.cidademarketing.com.br\/marketing\/wp-json\/wp\/v2\/media\/57076"}],"wp:attachment":[{"href":"https:\/\/www.cidademarketing.com.br\/marketing\/wp-json\/wp\/v2\/media?parent=57075"}],"wp:term":[{"taxonomy":"category","embeddable":true,"href":"https:\/\/www.cidademarketing.com.br\/marketing\/wp-json\/wp\/v2\/categories?post=57075"},{"taxonomy":"post_tag","embeddable":true,"href":"https:\/\/www.cidademarketing.com.br\/marketing\/wp-json\/wp\/v2\/tags?post=57075"}],"curies":[{"name":"wp","href":"https:\/\/api.w.org\/{rel}","templated":true}]}}