{"id":5703,"date":"2019-01-29T01:54:48","date_gmt":"2019-01-29T03:54:48","guid":{"rendered":"http:\/\/www.cidademarketing.com.br\/marketing\/?p=5703"},"modified":"2019-01-29T01:54:51","modified_gmt":"2019-01-29T03:54:51","slug":"ministerio-publico-de-minas-gerais-recomenda-que-a-vale-elabore-um-plano-emergencial-em-defesa-da-fauna-atingida-pelo-desastre-ambiental-ocorrido-em-brumadinho","status":"publish","type":"post","link":"https:\/\/www.cidademarketing.com.br\/marketing\/2019\/01\/29\/ministerio-publico-de-minas-gerais-recomenda-que-a-vale-elabore-um-plano-emergencial-em-defesa-da-fauna-atingida-pelo-desastre-ambiental-ocorrido-em-brumadinho\/","title":{"rendered":"Minist\u00e9rio P\u00fablico de Minas Gerais recomenda que a Vale elabore um plano  emergencial em defesa da fauna atingida pelo desastre ambiental ocorrido em Brumadinho"},"content":{"rendered":"\n<p>Diante dos danos ambientais, sociais e humanos imensur\u00e1veis para a regi\u00e3o de Brumadinho, na regi\u00e3o metropolitana de Belo Horizonte, o Minist\u00e9rio P\u00fablico de Minas Gerais (MPMG) expediu Recomenda\u00e7\u00e3o \u00e0 Vale, para que, no prazo m\u00e1ximo de tr\u00eas horas, seja elaborado um plano emergencial de localiza\u00e7\u00e3o, resgate e cuidado dos animais atingidos pelo derramamento da lama dos detritos da Mina do C\u00f3rrego do Feij\u00e3o.<\/p>\n\n\n\n<p>O plano de resgate dever\u00e1 ser subscrito por profissional habilitado e submetido ao Comando da Opera\u00e7\u00e3o de Resgate (CBM-MG e Defesa Civil) -organizada para tratar das medidas emergenciais referentes ao rompimento da barragem, a fim de compatibilizar a necessidade de resgate com a seguran\u00e7a das pessoas envolvidas na opera\u00e7\u00e3o.<\/p>\n\n\n\n<p>Entre outras medidas igualmente relevantes, o plano dever\u00e1 prever a composi\u00e7\u00e3o de equipe t\u00e9cnica qualificada, preferencialmente habilitada em manejo ecol\u00f3gico, para realizar a\u00e7\u00f5es de busca, resgate e cuidados de animais, al\u00e9m da disponibiliza\u00e7\u00e3o de equipamentos, maquin\u00e1rios, ve\u00edculos a\u00e9reos ou terrestres, e de suprimentos necess\u00e1rios \u00e0 busca, resgate e cuidados dos animais.<\/p>\n\n\n\n<p>Dever\u00e1 prever tamb\u00e9m o diagn\u00f3stico das \u00e1reas atingidas, visando \u00e0 localiza\u00e7\u00e3o, identifica\u00e7\u00e3o e quantifica\u00e7\u00e3o de animais isolados, especialmente por meio de sobrevoo da \u00e1rea, na menor altitude recomendada para que seja poss\u00edvel a visualiza\u00e7\u00e3o dos animais, na presen\u00e7a de t\u00e9cnico do Instituto Brasileiro do Meio Ambiente e dos Recursos Naturais Renov\u00e1veis (Ibama), e de outro indicado pelo MPMG.<\/p>\n\n\n\n<p>O sobrevoo dever\u00e1 ser registrado em filmagem &#8211; em qualidade superior, que permita a an\u00e1lise posterior das imagens e a identifica\u00e7\u00e3o de animais que porventura n\u00e3o puderam ser visualizados durante a dilig\u00eancia; com transcri\u00e7\u00e3o da filmagem e georreferenciamento dos pontos onde forem visualizados animais isolados.<\/p>\n\n\n\n<p>Dever\u00e3o ser feitas entrevistas, em formul\u00e1rio pr\u00f3prio, com identifica\u00e7\u00e3o de todos os moradores da \u00e1rea atingida e com suas declara\u00e7\u00f5es acerca da quantidade de animais por eles tutelados anteriormente ao evento, da esp\u00e9cie e da poss\u00edvel localiza\u00e7\u00e3o; al\u00e9m de dilig\u00eancias por terra.<\/p>\n\n\n\n<p>Tamb\u00e9m de forma imediata, a Vale dever\u00e1 realizar as adequa\u00e7\u00f5es necess\u00e1rias e, a partir das informa\u00e7\u00f5es compiladas no diagn\u00f3stico; promover o resgate imediato dos animais isolados; a provis\u00e3o de alimento, \u00e1gua e de cuidados veterin\u00e1rios \u00e0queles animais cujo resgate n\u00e3o for tecnicamente recomend\u00e1vel, assim caracterizado em relat\u00f3rio t\u00e9cnico, firmado pelo profissional respons\u00e1vel pela execu\u00e7\u00e3o do plano emergencial. <\/p>\n\n\n\n<p>Essas medidas dever\u00e3o ser adotadas at\u00e9 o resgate e a entrega dos animais aos seus tutores.<\/p>\n\n\n\n<p>Tendo em vista not\u00edcias no sentido de haver animais em situa\u00e7\u00e3o de extrema pen\u00faria, desprovidos de \u00e1gua e alimento, sendo elevado o seu risco de morte, recomenda-se que a empresa adote todas as provid\u00eancias determinadas pelo Corpo de Bombeiros Militar, ou \u00f3rg\u00e3o respons\u00e1vel, para in\u00edcio imediato da execu\u00e7\u00e3o do plano emergencial.<\/p>\n\n\n\n<p>Na Recomenda\u00e7\u00e3o, o MPMG requisita \u00e0 Vale, no prazo de 12h, o envio de informa\u00e7\u00f5es por escrito sobre o acolhimento da Recomenda\u00e7\u00e3o, devendo apresentar c\u00f3pia do plano emergencial de localiza\u00e7\u00e3o, resgate e cuidado dos animais ou, n\u00e3o sendo este o caso -, o envio de justificativa fundamentada para o seu n\u00e3o atendimento.<\/p>\n\n\n\n<p>O MPMG requisitou, tamb\u00e9m, o envio de relat\u00f3rios di\u00e1rios sobre as medidas adotadas em prol dos animais impactados, durante uma semana. Ap\u00f3s esse per\u00edodo, o prazo para envio dos relat\u00f3rios poder\u00e1 ser repactuado.<\/p>\n\n\n\n<p>No documento, o MPMG informa que a recusa, o retardamento ou a omiss\u00e3o de dados t\u00e9cnicos indispens\u00e1veis \u00e0 propositura da a\u00e7\u00e3o civil, quando requisitados pelo Minist\u00e9rio P\u00fablico, constitui crime, punido com pena de reclus\u00e3o de um a tr\u00eas anos, mais multa de dez at\u00e9 mil Obriga\u00e7\u00f5es do Tesouro Nacional (OTN), nos termos do art. 10 da Lei n\u00ba 7.347\/1985.<\/p>\n\n\n\n<p>Para expedir a Recomenda\u00e7\u00e3o, o MPMG considerou, entre, outros pontos, que, por meio do art. 225 da Constitui\u00e7\u00e3o Federal de 1988, a prote\u00e7\u00e3o do meio ambiente e, consequentemente, da fauna, adquiriu o status de norma constitucional, devendo o Estado e a sociedade proteger a flora e a fauna de pr\u00e1ticas que possam colocar em risco a exist\u00eancia das esp\u00e9cies e\/ou submeter animais \u00e0 crueldade, nos termos do inciso VII.<\/p>\n\n\n\n<p>Considerou, tamb\u00e9m, que o art. 32 da Lei n\u00ba 9.605\/98 define como crime toda a pr\u00e1tica de abuso, maus tratos, ferimentos ou mutila\u00e7\u00f5es de animais silvestres, dom\u00e9sticos ou domesticados, nativos ou ex\u00f3ticos; que a Lei Estadual n\u00ba 22.231\/16 determinou que s\u00e3o considerados maus-tratos contra animais quaisquer a\u00e7\u00f5es ou omiss\u00f5es que atentem contra a sa\u00fade ou a integridade f\u00edsica ou mental de animal (art.1\u00ba), sujeitas a san\u00e7\u00f5es administrativas; que a Declara\u00e7\u00e3o Universal dos Direitos dos Animais da Unesco de 1978 estabelece, em seu art. 3\u00ba, que  \u201cnenhum animal ser\u00e1 submetido a maus tratos e atos cru\u00e9is\u201d. <\/p>\n\n\n\n<p>Assinam a Recomenda\u00e7\u00e3o, elaborada no dia 25 de janeiro, data do desastre ambeintal, as promotoras de Justi\u00e7a Maria Alice Alvim Teixeira, do Patrim\u00f4nio Cultural de Brumadinho; Giselle Ribeiro de Oliveira, coordenadora das Promotorias de Defesa do Patrim\u00f4nio Cultural e Tur\u00edstico; Luciana Imaculada de Paula, coordenadora Estadual de Defesa da Fauna; e Anelisa Cardoso Ribeiro, em coopera\u00e7\u00e3o com esta  Coordenadoria.<\/p>\n","protected":false},"excerpt":{"rendered":"<p>Diante dos danos ambientais, sociais e humanos imensur\u00e1veis para a regi\u00e3o de Brumadinho, na regi\u00e3o metropolitana de Belo Horizonte, o Minist\u00e9rio P\u00fablico de Minas Gerais (MPMG) expediu Recomenda\u00e7\u00e3o \u00e0 Vale, para que, no prazo m\u00e1ximo de tr\u00eas horas, seja elaborado um plano emergencial de localiza\u00e7\u00e3o, resgate e cuidado dos animais atingidos pelo derramamento da lama [&hellip;]<\/p>\n","protected":false},"author":1,"featured_media":5335,"comment_status":"open","ping_status":"open","sticky":false,"template":"","format":"standard","meta":{"tdm_status":"","tdm_grid_status":"","footnotes":""},"categories":[6],"tags":[1239,1268,1237,176],"class_list":["post-5703","post","type-post","status-publish","format-standard","has-post-thumbnail","hentry","category-noticias","tag-brumadinho","tag-fauna","tag-meio-ambiente","tag-sustentabilidade"],"yoast_head":"<!-- This site is optimized with the Yoast SEO plugin v27.5 - https:\/\/yoast.com\/product\/yoast-seo-wordpress\/ -->\n<title>Minist\u00e9rio P\u00fablico de Minas Gerais recomenda que a Vale elabore um plano emergencial em defesa da fauna atingida pelo desastre ambiental ocorrido em Brumadinho - CidadeMarketing<\/title>\n<meta name=\"robots\" content=\"index, follow, max-snippet:-1, max-image-preview:large, max-video-preview:-1\" \/>\n<link rel=\"canonical\" href=\"https:\/\/www.cidademarketing.com.br\/marketing\/2019\/01\/29\/ministerio-publico-de-minas-gerais-recomenda-que-a-vale-elabore-um-plano-emergencial-em-defesa-da-fauna-atingida-pelo-desastre-ambiental-ocorrido-em-brumadinho\/\" \/>\n<meta property=\"og:locale\" content=\"pt_BR\" \/>\n<meta property=\"og:type\" content=\"article\" \/>\n<meta property=\"og:title\" content=\"Minist\u00e9rio P\u00fablico de Minas Gerais recomenda que a Vale elabore um plano emergencial em defesa da fauna atingida pelo desastre ambiental ocorrido em Brumadinho - CidadeMarketing\" \/>\n<meta property=\"og:description\" content=\"Diante dos danos ambientais, sociais e humanos imensur\u00e1veis para a regi\u00e3o de Brumadinho, na regi\u00e3o metropolitana de Belo Horizonte, o Minist\u00e9rio P\u00fablico de Minas Gerais (MPMG) expediu Recomenda\u00e7\u00e3o \u00e0 Vale, para que, no prazo m\u00e1ximo de tr\u00eas horas, seja elaborado um plano emergencial de localiza\u00e7\u00e3o, resgate e cuidado dos animais atingidos pelo derramamento da lama [&hellip;]\" \/>\n<meta property=\"og:url\" content=\"https:\/\/www.cidademarketing.com.br\/marketing\/2019\/01\/29\/ministerio-publico-de-minas-gerais-recomenda-que-a-vale-elabore-um-plano-emergencial-em-defesa-da-fauna-atingida-pelo-desastre-ambiental-ocorrido-em-brumadinho\/\" \/>\n<meta property=\"og:site_name\" content=\"CidadeMarketing\" \/>\n<meta property=\"article:publisher\" content=\"https:\/\/www.facebook.com\/portalcidademarketing\" \/>\n<meta property=\"article:author\" content=\"https:\/\/www.facebook.com\/thalesbrandao\" \/>\n<meta property=\"article:published_time\" content=\"2019-01-29T03:54:48+00:00\" \/>\n<meta property=\"article:modified_time\" content=\"2019-01-29T03:54:51+00:00\" \/>\n<meta property=\"og:image\" content=\"https:\/\/www.cidademarketing.com.br\/marketing\/wp-content\/uploads\/2019\/01\/corpodobombeiro_minasgerais.jpg\" \/>\n\t<meta property=\"og:image:width\" content=\"1140\" \/>\n\t<meta property=\"og:image:height\" content=\"760\" \/>\n\t<meta property=\"og:image:type\" content=\"image\/jpeg\" \/>\n<meta name=\"author\" content=\"Thales Brand\u00e3o\" \/>\n<meta name=\"twitter:card\" content=\"summary_large_image\" \/>\n<meta name=\"twitter:creator\" content=\"@http:\/\/www.twitter.com\/thalesbrandao\" \/>\n<meta name=\"twitter:site\" content=\"@CidadeMarketing\" \/>\n<meta name=\"twitter:label1\" content=\"Escrito por\" \/>\n\t<meta name=\"twitter:data1\" content=\"Thales Brand\u00e3o\" \/>\n\t<meta name=\"twitter:label2\" content=\"Est. tempo de leitura\" \/>\n\t<meta name=\"twitter:data2\" content=\"5 minutos\" \/>\n<script type=\"application\/ld+json\" class=\"yoast-schema-graph\">{\"@context\":\"https:\\\/\\\/schema.org\",\"@graph\":[{\"@type\":\"Article\",\"@id\":\"https:\\\/\\\/www.cidademarketing.com.br\\\/marketing\\\/2019\\\/01\\\/29\\\/ministerio-publico-de-minas-gerais-recomenda-que-a-vale-elabore-um-plano-emergencial-em-defesa-da-fauna-atingida-pelo-desastre-ambiental-ocorrido-em-brumadinho\\\/#article\",\"isPartOf\":{\"@id\":\"https:\\\/\\\/www.cidademarketing.com.br\\\/marketing\\\/2019\\\/01\\\/29\\\/ministerio-publico-de-minas-gerais-recomenda-que-a-vale-elabore-um-plano-emergencial-em-defesa-da-fauna-atingida-pelo-desastre-ambiental-ocorrido-em-brumadinho\\\/\"},\"author\":{\"name\":\"Thales Brand\u00e3o\",\"@id\":\"https:\\\/\\\/www.cidademarketing.com.br\\\/marketing\\\/#\\\/schema\\\/person\\\/02daff9f18bd9378c9e01eb6b2db155f\"},\"headline\":\"Minist\u00e9rio P\u00fablico de Minas Gerais recomenda que a Vale elabore um plano emergencial em defesa da fauna atingida pelo desastre ambiental ocorrido em Brumadinho\",\"datePublished\":\"2019-01-29T03:54:48+00:00\",\"dateModified\":\"2019-01-29T03:54:51+00:00\",\"mainEntityOfPage\":{\"@id\":\"https:\\\/\\\/www.cidademarketing.com.br\\\/marketing\\\/2019\\\/01\\\/29\\\/ministerio-publico-de-minas-gerais-recomenda-que-a-vale-elabore-um-plano-emergencial-em-defesa-da-fauna-atingida-pelo-desastre-ambiental-ocorrido-em-brumadinho\\\/\"},\"wordCount\":928,\"commentCount\":0,\"publisher\":{\"@id\":\"https:\\\/\\\/www.cidademarketing.com.br\\\/marketing\\\/#organization\"},\"image\":{\"@id\":\"https:\\\/\\\/www.cidademarketing.com.br\\\/marketing\\\/2019\\\/01\\\/29\\\/ministerio-publico-de-minas-gerais-recomenda-que-a-vale-elabore-um-plano-emergencial-em-defesa-da-fauna-atingida-pelo-desastre-ambiental-ocorrido-em-brumadinho\\\/#primaryimage\"},\"thumbnailUrl\":\"https:\\\/\\\/www.cidademarketing.com.br\\\/marketing\\\/wp-content\\\/uploads\\\/2019\\\/01\\\/corpodobombeiro_minasgerais.jpg\",\"keywords\":[\"Brumadinho\",\"fauna\",\"meio ambiente\",\"sustentabilidade\"],\"articleSection\":[\"Not\u00edcias\"],\"inLanguage\":\"pt-BR\",\"potentialAction\":[{\"@type\":\"CommentAction\",\"name\":\"Comment\",\"target\":[\"https:\\\/\\\/www.cidademarketing.com.br\\\/marketing\\\/2019\\\/01\\\/29\\\/ministerio-publico-de-minas-gerais-recomenda-que-a-vale-elabore-um-plano-emergencial-em-defesa-da-fauna-atingida-pelo-desastre-ambiental-ocorrido-em-brumadinho\\\/#respond\"]}]},{\"@type\":\"WebPage\",\"@id\":\"https:\\\/\\\/www.cidademarketing.com.br\\\/marketing\\\/2019\\\/01\\\/29\\\/ministerio-publico-de-minas-gerais-recomenda-que-a-vale-elabore-um-plano-emergencial-em-defesa-da-fauna-atingida-pelo-desastre-ambiental-ocorrido-em-brumadinho\\\/\",\"url\":\"https:\\\/\\\/www.cidademarketing.com.br\\\/marketing\\\/2019\\\/01\\\/29\\\/ministerio-publico-de-minas-gerais-recomenda-que-a-vale-elabore-um-plano-emergencial-em-defesa-da-fauna-atingida-pelo-desastre-ambiental-ocorrido-em-brumadinho\\\/\",\"name\":\"Minist\u00e9rio P\u00fablico de Minas Gerais recomenda que a Vale elabore um plano emergencial em defesa da fauna atingida pelo desastre ambiental ocorrido em Brumadinho - CidadeMarketing\",\"isPartOf\":{\"@id\":\"https:\\\/\\\/www.cidademarketing.com.br\\\/marketing\\\/#website\"},\"primaryImageOfPage\":{\"@id\":\"https:\\\/\\\/www.cidademarketing.com.br\\\/marketing\\\/2019\\\/01\\\/29\\\/ministerio-publico-de-minas-gerais-recomenda-que-a-vale-elabore-um-plano-emergencial-em-defesa-da-fauna-atingida-pelo-desastre-ambiental-ocorrido-em-brumadinho\\\/#primaryimage\"},\"image\":{\"@id\":\"https:\\\/\\\/www.cidademarketing.com.br\\\/marketing\\\/2019\\\/01\\\/29\\\/ministerio-publico-de-minas-gerais-recomenda-que-a-vale-elabore-um-plano-emergencial-em-defesa-da-fauna-atingida-pelo-desastre-ambiental-ocorrido-em-brumadinho\\\/#primaryimage\"},\"thumbnailUrl\":\"https:\\\/\\\/www.cidademarketing.com.br\\\/marketing\\\/wp-content\\\/uploads\\\/2019\\\/01\\\/corpodobombeiro_minasgerais.jpg\",\"datePublished\":\"2019-01-29T03:54:48+00:00\",\"dateModified\":\"2019-01-29T03:54:51+00:00\",\"breadcrumb\":{\"@id\":\"https:\\\/\\\/www.cidademarketing.com.br\\\/marketing\\\/2019\\\/01\\\/29\\\/ministerio-publico-de-minas-gerais-recomenda-que-a-vale-elabore-um-plano-emergencial-em-defesa-da-fauna-atingida-pelo-desastre-ambiental-ocorrido-em-brumadinho\\\/#breadcrumb\"},\"inLanguage\":\"pt-BR\",\"potentialAction\":[{\"@type\":\"ReadAction\",\"target\":[\"https:\\\/\\\/www.cidademarketing.com.br\\\/marketing\\\/2019\\\/01\\\/29\\\/ministerio-publico-de-minas-gerais-recomenda-que-a-vale-elabore-um-plano-emergencial-em-defesa-da-fauna-atingida-pelo-desastre-ambiental-ocorrido-em-brumadinho\\\/\"]}]},{\"@type\":\"ImageObject\",\"inLanguage\":\"pt-BR\",\"@id\":\"https:\\\/\\\/www.cidademarketing.com.br\\\/marketing\\\/2019\\\/01\\\/29\\\/ministerio-publico-de-minas-gerais-recomenda-que-a-vale-elabore-um-plano-emergencial-em-defesa-da-fauna-atingida-pelo-desastre-ambiental-ocorrido-em-brumadinho\\\/#primaryimage\",\"url\":\"https:\\\/\\\/www.cidademarketing.com.br\\\/marketing\\\/wp-content\\\/uploads\\\/2019\\\/01\\\/corpodobombeiro_minasgerais.jpg\",\"contentUrl\":\"https:\\\/\\\/www.cidademarketing.com.br\\\/marketing\\\/wp-content\\\/uploads\\\/2019\\\/01\\\/corpodobombeiro_minasgerais.jpg\",\"width\":1140,\"height\":760,\"caption\":\"Divulga\u00e7\u00e3o \\\/ Corpo do Bombeiro-MG\"},{\"@type\":\"BreadcrumbList\",\"@id\":\"https:\\\/\\\/www.cidademarketing.com.br\\\/marketing\\\/2019\\\/01\\\/29\\\/ministerio-publico-de-minas-gerais-recomenda-que-a-vale-elabore-um-plano-emergencial-em-defesa-da-fauna-atingida-pelo-desastre-ambiental-ocorrido-em-brumadinho\\\/#breadcrumb\",\"itemListElement\":[{\"@type\":\"ListItem\",\"position\":1,\"name\":\"In\u00edcio\",\"item\":\"https:\\\/\\\/www.cidademarketing.com.br\\\/marketing\\\/\"},{\"@type\":\"ListItem\",\"position\":2,\"name\":\"Minist\u00e9rio P\u00fablico de Minas Gerais recomenda que a Vale elabore um plano emergencial em defesa da fauna atingida pelo desastre ambiental ocorrido em Brumadinho\"}]},{\"@type\":\"WebSite\",\"@id\":\"https:\\\/\\\/www.cidademarketing.com.br\\\/marketing\\\/#website\",\"url\":\"https:\\\/\\\/www.cidademarketing.com.br\\\/marketing\\\/\",\"name\":\"CidadeMarketing\",\"description\":\"Somos um ve\u00edculo de comunica\u00e7\u00e3o de destaque no Brasil, reconhecido por conte\u00fados nos segmentos de marketing, empreendedorismo e inova\u00e7\u00e3o.\",\"publisher\":{\"@id\":\"https:\\\/\\\/www.cidademarketing.com.br\\\/marketing\\\/#organization\"},\"alternateName\":\"CidadeMarketing\",\"potentialAction\":[{\"@type\":\"SearchAction\",\"target\":{\"@type\":\"EntryPoint\",\"urlTemplate\":\"https:\\\/\\\/www.cidademarketing.com.br\\\/marketing\\\/?s={search_term_string}\"},\"query-input\":{\"@type\":\"PropertyValueSpecification\",\"valueRequired\":true,\"valueName\":\"search_term_string\"}}],\"inLanguage\":\"pt-BR\"},{\"@type\":\"Organization\",\"@id\":\"https:\\\/\\\/www.cidademarketing.com.br\\\/marketing\\\/#organization\",\"name\":\"CidadeMarketing\",\"alternateName\":\"CidadeMarketing\",\"url\":\"https:\\\/\\\/www.cidademarketing.com.br\\\/marketing\\\/\",\"logo\":{\"@type\":\"ImageObject\",\"inLanguage\":\"pt-BR\",\"@id\":\"https:\\\/\\\/www.cidademarketing.com.br\\\/marketing\\\/#\\\/schema\\\/logo\\\/image\\\/\",\"url\":\"https:\\\/\\\/www.cidademarketing.com.br\\\/marketing\\\/wp-content\\\/uploads\\\/2020\\\/01\\\/cidademarketing_marca_mobile.png\",\"contentUrl\":\"https:\\\/\\\/www.cidademarketing.com.br\\\/marketing\\\/wp-content\\\/uploads\\\/2020\\\/01\\\/cidademarketing_marca_mobile.png\",\"width\":230,\"height\":92,\"caption\":\"CidadeMarketing\"},\"image\":{\"@id\":\"https:\\\/\\\/www.cidademarketing.com.br\\\/marketing\\\/#\\\/schema\\\/logo\\\/image\\\/\"},\"sameAs\":[\"https:\\\/\\\/www.facebook.com\\\/portalcidademarketing\",\"https:\\\/\\\/x.com\\\/CidadeMarketing\",\"https:\\\/\\\/www.instagram.com\\\/cidademarketing\\\/\"]},{\"@type\":\"Person\",\"@id\":\"https:\\\/\\\/www.cidademarketing.com.br\\\/marketing\\\/#\\\/schema\\\/person\\\/02daff9f18bd9378c9e01eb6b2db155f\",\"name\":\"Thales Brand\u00e3o\",\"image\":{\"@type\":\"ImageObject\",\"inLanguage\":\"pt-BR\",\"@id\":\"https:\\\/\\\/secure.gravatar.com\\\/avatar\\\/7ca3206950207cc3cb48feec56a8a7898741ab725c368d99d5d7a5a50aab80c6?s=96&d=mm&r=g\",\"url\":\"https:\\\/\\\/secure.gravatar.com\\\/avatar\\\/7ca3206950207cc3cb48feec56a8a7898741ab725c368d99d5d7a5a50aab80c6?s=96&d=mm&r=g\",\"contentUrl\":\"https:\\\/\\\/secure.gravatar.com\\\/avatar\\\/7ca3206950207cc3cb48feec56a8a7898741ab725c368d99d5d7a5a50aab80c6?s=96&d=mm&r=g\",\"caption\":\"Thales Brand\u00e3o\"},\"description\":\"Editor Executivo do Portal CidadeMarketing.com.br &gt; Mestre em Comunica\u00e7\u00e3o e Sociedade pela Universidade Federal de Sergipe. Possui MBA Executivo em Administra\u00e7\u00e3o com \u00eanfase em Marketing pela Funda\u00e7\u00e3o Get\u00falio Vargas - Rio de Janeiro. Consultor, Palestrante e Pesquisador sobre Empreendedorismo, Marketing, Redes Sociais e Neg\u00f3cios Digitais. Professor, Palestrante TedxTalks e Campus Party. Twitter: @ThalesBrandao\",\"sameAs\":[\"http:\\\/\\\/www.mandacaru.com.br\",\"https:\\\/\\\/www.facebook.com\\\/thalesbrandao\",\"http:\\\/\\\/www.instagram.com.br\\\/thalesbrandaoferreira\",\"https:\\\/\\\/www.linkedin.com\\\/in\\\/thales-brand\u00e3o-3948609\\\/\",\"https:\\\/\\\/x.com\\\/http:\\\/\\\/www.twitter.com\\\/thalesbrandao\"],\"url\":\"https:\\\/\\\/www.cidademarketing.com.br\\\/marketing\\\/author\\\/thalesbrandao\\\/\"}]}<\/script>\n<!-- \/ Yoast SEO plugin. -->","yoast_head_json":{"title":"Minist\u00e9rio P\u00fablico de Minas Gerais recomenda que a Vale elabore um plano emergencial em defesa da fauna atingida pelo desastre ambiental ocorrido em Brumadinho - CidadeMarketing","robots":{"index":"index","follow":"follow","max-snippet":"max-snippet:-1","max-image-preview":"max-image-preview:large","max-video-preview":"max-video-preview:-1"},"canonical":"https:\/\/www.cidademarketing.com.br\/marketing\/2019\/01\/29\/ministerio-publico-de-minas-gerais-recomenda-que-a-vale-elabore-um-plano-emergencial-em-defesa-da-fauna-atingida-pelo-desastre-ambiental-ocorrido-em-brumadinho\/","og_locale":"pt_BR","og_type":"article","og_title":"Minist\u00e9rio P\u00fablico de Minas Gerais recomenda que a Vale elabore um plano emergencial em defesa da fauna atingida pelo desastre ambiental ocorrido em Brumadinho - CidadeMarketing","og_description":"Diante dos danos ambientais, sociais e humanos imensur\u00e1veis para a regi\u00e3o de Brumadinho, na regi\u00e3o metropolitana de Belo Horizonte, o Minist\u00e9rio P\u00fablico de Minas Gerais (MPMG) expediu Recomenda\u00e7\u00e3o \u00e0 Vale, para que, no prazo m\u00e1ximo de tr\u00eas horas, seja elaborado um plano emergencial de localiza\u00e7\u00e3o, resgate e cuidado dos animais atingidos pelo derramamento da lama [&hellip;]","og_url":"https:\/\/www.cidademarketing.com.br\/marketing\/2019\/01\/29\/ministerio-publico-de-minas-gerais-recomenda-que-a-vale-elabore-um-plano-emergencial-em-defesa-da-fauna-atingida-pelo-desastre-ambiental-ocorrido-em-brumadinho\/","og_site_name":"CidadeMarketing","article_publisher":"https:\/\/www.facebook.com\/portalcidademarketing","article_author":"https:\/\/www.facebook.com\/thalesbrandao","article_published_time":"2019-01-29T03:54:48+00:00","article_modified_time":"2019-01-29T03:54:51+00:00","og_image":[{"width":1140,"height":760,"url":"https:\/\/www.cidademarketing.com.br\/marketing\/wp-content\/uploads\/2019\/01\/corpodobombeiro_minasgerais.jpg","type":"image\/jpeg"}],"author":"Thales Brand\u00e3o","twitter_card":"summary_large_image","twitter_creator":"@http:\/\/www.twitter.com\/thalesbrandao","twitter_site":"@CidadeMarketing","twitter_misc":{"Escrito por":"Thales Brand\u00e3o","Est. tempo de leitura":"5 minutos"},"schema":{"@context":"https:\/\/schema.org","@graph":[{"@type":"Article","@id":"https:\/\/www.cidademarketing.com.br\/marketing\/2019\/01\/29\/ministerio-publico-de-minas-gerais-recomenda-que-a-vale-elabore-um-plano-emergencial-em-defesa-da-fauna-atingida-pelo-desastre-ambiental-ocorrido-em-brumadinho\/#article","isPartOf":{"@id":"https:\/\/www.cidademarketing.com.br\/marketing\/2019\/01\/29\/ministerio-publico-de-minas-gerais-recomenda-que-a-vale-elabore-um-plano-emergencial-em-defesa-da-fauna-atingida-pelo-desastre-ambiental-ocorrido-em-brumadinho\/"},"author":{"name":"Thales Brand\u00e3o","@id":"https:\/\/www.cidademarketing.com.br\/marketing\/#\/schema\/person\/02daff9f18bd9378c9e01eb6b2db155f"},"headline":"Minist\u00e9rio P\u00fablico de Minas Gerais recomenda que a Vale elabore um plano emergencial em defesa da fauna atingida pelo desastre ambiental ocorrido em Brumadinho","datePublished":"2019-01-29T03:54:48+00:00","dateModified":"2019-01-29T03:54:51+00:00","mainEntityOfPage":{"@id":"https:\/\/www.cidademarketing.com.br\/marketing\/2019\/01\/29\/ministerio-publico-de-minas-gerais-recomenda-que-a-vale-elabore-um-plano-emergencial-em-defesa-da-fauna-atingida-pelo-desastre-ambiental-ocorrido-em-brumadinho\/"},"wordCount":928,"commentCount":0,"publisher":{"@id":"https:\/\/www.cidademarketing.com.br\/marketing\/#organization"},"image":{"@id":"https:\/\/www.cidademarketing.com.br\/marketing\/2019\/01\/29\/ministerio-publico-de-minas-gerais-recomenda-que-a-vale-elabore-um-plano-emergencial-em-defesa-da-fauna-atingida-pelo-desastre-ambiental-ocorrido-em-brumadinho\/#primaryimage"},"thumbnailUrl":"https:\/\/www.cidademarketing.com.br\/marketing\/wp-content\/uploads\/2019\/01\/corpodobombeiro_minasgerais.jpg","keywords":["Brumadinho","fauna","meio ambiente","sustentabilidade"],"articleSection":["Not\u00edcias"],"inLanguage":"pt-BR","potentialAction":[{"@type":"CommentAction","name":"Comment","target":["https:\/\/www.cidademarketing.com.br\/marketing\/2019\/01\/29\/ministerio-publico-de-minas-gerais-recomenda-que-a-vale-elabore-um-plano-emergencial-em-defesa-da-fauna-atingida-pelo-desastre-ambiental-ocorrido-em-brumadinho\/#respond"]}]},{"@type":"WebPage","@id":"https:\/\/www.cidademarketing.com.br\/marketing\/2019\/01\/29\/ministerio-publico-de-minas-gerais-recomenda-que-a-vale-elabore-um-plano-emergencial-em-defesa-da-fauna-atingida-pelo-desastre-ambiental-ocorrido-em-brumadinho\/","url":"https:\/\/www.cidademarketing.com.br\/marketing\/2019\/01\/29\/ministerio-publico-de-minas-gerais-recomenda-que-a-vale-elabore-um-plano-emergencial-em-defesa-da-fauna-atingida-pelo-desastre-ambiental-ocorrido-em-brumadinho\/","name":"Minist\u00e9rio P\u00fablico de Minas Gerais recomenda que a Vale elabore um plano emergencial em defesa da fauna atingida pelo desastre ambiental ocorrido em Brumadinho - CidadeMarketing","isPartOf":{"@id":"https:\/\/www.cidademarketing.com.br\/marketing\/#website"},"primaryImageOfPage":{"@id":"https:\/\/www.cidademarketing.com.br\/marketing\/2019\/01\/29\/ministerio-publico-de-minas-gerais-recomenda-que-a-vale-elabore-um-plano-emergencial-em-defesa-da-fauna-atingida-pelo-desastre-ambiental-ocorrido-em-brumadinho\/#primaryimage"},"image":{"@id":"https:\/\/www.cidademarketing.com.br\/marketing\/2019\/01\/29\/ministerio-publico-de-minas-gerais-recomenda-que-a-vale-elabore-um-plano-emergencial-em-defesa-da-fauna-atingida-pelo-desastre-ambiental-ocorrido-em-brumadinho\/#primaryimage"},"thumbnailUrl":"https:\/\/www.cidademarketing.com.br\/marketing\/wp-content\/uploads\/2019\/01\/corpodobombeiro_minasgerais.jpg","datePublished":"2019-01-29T03:54:48+00:00","dateModified":"2019-01-29T03:54:51+00:00","breadcrumb":{"@id":"https:\/\/www.cidademarketing.com.br\/marketing\/2019\/01\/29\/ministerio-publico-de-minas-gerais-recomenda-que-a-vale-elabore-um-plano-emergencial-em-defesa-da-fauna-atingida-pelo-desastre-ambiental-ocorrido-em-brumadinho\/#breadcrumb"},"inLanguage":"pt-BR","potentialAction":[{"@type":"ReadAction","target":["https:\/\/www.cidademarketing.com.br\/marketing\/2019\/01\/29\/ministerio-publico-de-minas-gerais-recomenda-que-a-vale-elabore-um-plano-emergencial-em-defesa-da-fauna-atingida-pelo-desastre-ambiental-ocorrido-em-brumadinho\/"]}]},{"@type":"ImageObject","inLanguage":"pt-BR","@id":"https:\/\/www.cidademarketing.com.br\/marketing\/2019\/01\/29\/ministerio-publico-de-minas-gerais-recomenda-que-a-vale-elabore-um-plano-emergencial-em-defesa-da-fauna-atingida-pelo-desastre-ambiental-ocorrido-em-brumadinho\/#primaryimage","url":"https:\/\/www.cidademarketing.com.br\/marketing\/wp-content\/uploads\/2019\/01\/corpodobombeiro_minasgerais.jpg","contentUrl":"https:\/\/www.cidademarketing.com.br\/marketing\/wp-content\/uploads\/2019\/01\/corpodobombeiro_minasgerais.jpg","width":1140,"height":760,"caption":"Divulga\u00e7\u00e3o \/ Corpo do Bombeiro-MG"},{"@type":"BreadcrumbList","@id":"https:\/\/www.cidademarketing.com.br\/marketing\/2019\/01\/29\/ministerio-publico-de-minas-gerais-recomenda-que-a-vale-elabore-um-plano-emergencial-em-defesa-da-fauna-atingida-pelo-desastre-ambiental-ocorrido-em-brumadinho\/#breadcrumb","itemListElement":[{"@type":"ListItem","position":1,"name":"In\u00edcio","item":"https:\/\/www.cidademarketing.com.br\/marketing\/"},{"@type":"ListItem","position":2,"name":"Minist\u00e9rio P\u00fablico de Minas Gerais recomenda que a Vale elabore um plano emergencial em defesa da fauna atingida pelo desastre ambiental ocorrido em Brumadinho"}]},{"@type":"WebSite","@id":"https:\/\/www.cidademarketing.com.br\/marketing\/#website","url":"https:\/\/www.cidademarketing.com.br\/marketing\/","name":"CidadeMarketing","description":"Somos um ve\u00edculo de comunica\u00e7\u00e3o de destaque no Brasil, reconhecido por conte\u00fados nos segmentos de marketing, empreendedorismo e inova\u00e7\u00e3o.","publisher":{"@id":"https:\/\/www.cidademarketing.com.br\/marketing\/#organization"},"alternateName":"CidadeMarketing","potentialAction":[{"@type":"SearchAction","target":{"@type":"EntryPoint","urlTemplate":"https:\/\/www.cidademarketing.com.br\/marketing\/?s={search_term_string}"},"query-input":{"@type":"PropertyValueSpecification","valueRequired":true,"valueName":"search_term_string"}}],"inLanguage":"pt-BR"},{"@type":"Organization","@id":"https:\/\/www.cidademarketing.com.br\/marketing\/#organization","name":"CidadeMarketing","alternateName":"CidadeMarketing","url":"https:\/\/www.cidademarketing.com.br\/marketing\/","logo":{"@type":"ImageObject","inLanguage":"pt-BR","@id":"https:\/\/www.cidademarketing.com.br\/marketing\/#\/schema\/logo\/image\/","url":"https:\/\/www.cidademarketing.com.br\/marketing\/wp-content\/uploads\/2020\/01\/cidademarketing_marca_mobile.png","contentUrl":"https:\/\/www.cidademarketing.com.br\/marketing\/wp-content\/uploads\/2020\/01\/cidademarketing_marca_mobile.png","width":230,"height":92,"caption":"CidadeMarketing"},"image":{"@id":"https:\/\/www.cidademarketing.com.br\/marketing\/#\/schema\/logo\/image\/"},"sameAs":["https:\/\/www.facebook.com\/portalcidademarketing","https:\/\/x.com\/CidadeMarketing","https:\/\/www.instagram.com\/cidademarketing\/"]},{"@type":"Person","@id":"https:\/\/www.cidademarketing.com.br\/marketing\/#\/schema\/person\/02daff9f18bd9378c9e01eb6b2db155f","name":"Thales Brand\u00e3o","image":{"@type":"ImageObject","inLanguage":"pt-BR","@id":"https:\/\/secure.gravatar.com\/avatar\/7ca3206950207cc3cb48feec56a8a7898741ab725c368d99d5d7a5a50aab80c6?s=96&d=mm&r=g","url":"https:\/\/secure.gravatar.com\/avatar\/7ca3206950207cc3cb48feec56a8a7898741ab725c368d99d5d7a5a50aab80c6?s=96&d=mm&r=g","contentUrl":"https:\/\/secure.gravatar.com\/avatar\/7ca3206950207cc3cb48feec56a8a7898741ab725c368d99d5d7a5a50aab80c6?s=96&d=mm&r=g","caption":"Thales Brand\u00e3o"},"description":"Editor Executivo do Portal CidadeMarketing.com.br &gt; Mestre em Comunica\u00e7\u00e3o e Sociedade pela Universidade Federal de Sergipe. Possui MBA Executivo em Administra\u00e7\u00e3o com \u00eanfase em Marketing pela Funda\u00e7\u00e3o Get\u00falio Vargas - Rio de Janeiro. Consultor, Palestrante e Pesquisador sobre Empreendedorismo, Marketing, Redes Sociais e Neg\u00f3cios Digitais. Professor, Palestrante TedxTalks e Campus Party. Twitter: @ThalesBrandao","sameAs":["http:\/\/www.mandacaru.com.br","https:\/\/www.facebook.com\/thalesbrandao","http:\/\/www.instagram.com.br\/thalesbrandaoferreira","https:\/\/www.linkedin.com\/in\/thales-brand\u00e3o-3948609\/","https:\/\/x.com\/http:\/\/www.twitter.com\/thalesbrandao"],"url":"https:\/\/www.cidademarketing.com.br\/marketing\/author\/thalesbrandao\/"}]}},"amp_enabled":true,"_links":{"self":[{"href":"https:\/\/www.cidademarketing.com.br\/marketing\/wp-json\/wp\/v2\/posts\/5703","targetHints":{"allow":["GET"]}}],"collection":[{"href":"https:\/\/www.cidademarketing.com.br\/marketing\/wp-json\/wp\/v2\/posts"}],"about":[{"href":"https:\/\/www.cidademarketing.com.br\/marketing\/wp-json\/wp\/v2\/types\/post"}],"author":[{"embeddable":true,"href":"https:\/\/www.cidademarketing.com.br\/marketing\/wp-json\/wp\/v2\/users\/1"}],"replies":[{"embeddable":true,"href":"https:\/\/www.cidademarketing.com.br\/marketing\/wp-json\/wp\/v2\/comments?post=5703"}],"version-history":[{"count":1,"href":"https:\/\/www.cidademarketing.com.br\/marketing\/wp-json\/wp\/v2\/posts\/5703\/revisions"}],"predecessor-version":[{"id":5704,"href":"https:\/\/www.cidademarketing.com.br\/marketing\/wp-json\/wp\/v2\/posts\/5703\/revisions\/5704"}],"wp:featuredmedia":[{"embeddable":true,"href":"https:\/\/www.cidademarketing.com.br\/marketing\/wp-json\/wp\/v2\/media\/5335"}],"wp:attachment":[{"href":"https:\/\/www.cidademarketing.com.br\/marketing\/wp-json\/wp\/v2\/media?parent=5703"}],"wp:term":[{"taxonomy":"category","embeddable":true,"href":"https:\/\/www.cidademarketing.com.br\/marketing\/wp-json\/wp\/v2\/categories?post=5703"},{"taxonomy":"post_tag","embeddable":true,"href":"https:\/\/www.cidademarketing.com.br\/marketing\/wp-json\/wp\/v2\/tags?post=5703"}],"curies":[{"name":"wp","href":"https:\/\/api.w.org\/{rel}","templated":true}]}}