{"id":56994,"date":"2025-07-18T15:25:18","date_gmt":"2025-07-18T18:25:18","guid":{"rendered":"https:\/\/www.cidademarketing.com.br\/marketing\/?p=56994"},"modified":"2025-07-18T15:25:18","modified_gmt":"2025-07-18T18:25:18","slug":"disney-e-sbt-firmam-parceria-inedita-para-nova-temporada-do-the-voice-brasil-com-boninho-como-showrunner","status":"publish","type":"post","link":"https:\/\/www.cidademarketing.com.br\/marketing\/2025\/07\/18\/disney-e-sbt-firmam-parceria-inedita-para-nova-temporada-do-the-voice-brasil-com-boninho-como-showrunner\/","title":{"rendered":"Disney+ e SBT firmam parceria in\u00e9dita para nova temporada do The Voice Brasil com Boninho como showrunner"},"content":{"rendered":"<p>Em um movimento in\u00e9dito no cen\u00e1rio do entretenimento nacional, Disney+ e SBT anunciaram nesta sexta-feira (18) uma parceria estrat\u00e9gica para a nova temporada do reality musical The Voice Brasil, que contar\u00e1 com Boninho no papel de showrunner e tamb\u00e9m como co-produtor, ao lado da Formata Produ\u00e7\u00f5es e Conte\u00fado.<\/p>\n<p>A grande novidade \u00e9 a exibi\u00e7\u00e3o simult\u00e2nea do programa tanto no canal aberto do SBT quanto na plataforma de streaming Disney+, um marco hist\u00f3rico que une tr\u00eas gigantes da ind\u00fastria do entretenimento. A nova fase do programa promete manter a ess\u00eancia que conquistou o p\u00fablico, mas com um olhar renovado, mais conectado \u00e0 m\u00fasica brasileira contempor\u00e2nea e \u00e0s novas demandas do p\u00fablico multiplataforma.<\/p>\n<p>Al\u00e9m da exibi\u00e7\u00e3o semanal na TV e no streaming, os assinantes do Disney+ ter\u00e3o acesso a um conte\u00fado exclusivo de aproximadamente 20 minutos ap\u00f3s cada epis\u00f3dio, com bastidores, entrevistas e materiais in\u00e9ditos. Os epis\u00f3dios completos tamb\u00e9m ficar\u00e3o dispon\u00edveis na plataforma, permitindo que os f\u00e3s revejam suas apresenta\u00e7\u00f5es favoritas quando quiserem.<\/p>\n<p>Com grava\u00e7\u00f5es previstas para setembro, em S\u00e3o Paulo, a nova temporada do The Voice Brasil j\u00e1 nasce com um forte apelo ao p\u00fablico e promete ser um dos maiores acontecimentos da TV brasileira em 2025.<\/p>\n","protected":false},"excerpt":{"rendered":"<p>Em um movimento in\u00e9dito no cen\u00e1rio do entretenimento nacional, Disney+ e SBT anunciaram nesta sexta-feira (18) uma parceria estrat\u00e9gica para a nova temporada do reality musical The Voice Brasil, que contar\u00e1 com Boninho no papel de showrunner e tamb\u00e9m como co-produtor, ao lado da Formata Produ\u00e7\u00f5es e Conte\u00fado. A grande novidade \u00e9 a exibi\u00e7\u00e3o simult\u00e2nea [&hellip;]<\/p>\n","protected":false},"author":1,"featured_media":56995,"comment_status":"open","ping_status":"open","sticky":false,"template":"","format":"standard","meta":{"tdm_status":"","tdm_grid_status":"","footnotes":""},"categories":[6],"tags":[6694,1750,33,28,235,216,6535,418,1090,4576],"class_list":["post-56994","post","type-post","status-publish","format-standard","has-post-thumbnail","hentry","category-noticias","tag-boninho","tag-disney","tag-estrategia","tag-marketing","tag-parceria","tag-producao","tag-reality-show","tag-sbt","tag-streaming","tag-the-voice-brasil"],"yoast_head":"<!-- This site is optimized with the Yoast SEO plugin v27.4 - https:\/\/yoast.com\/product\/yoast-seo-wordpress\/ -->\n<title>Disney+ e SBT firmam parceria in\u00e9dita para nova temporada do The Voice Brasil com Boninho como showrunner - CidadeMarketing<\/title>\n<meta name=\"robots\" content=\"index, follow, max-snippet:-1, max-image-preview:large, max-video-preview:-1\" \/>\n<link rel=\"canonical\" href=\"https:\/\/www.cidademarketing.com.br\/marketing\/2025\/07\/18\/disney-e-sbt-firmam-parceria-inedita-para-nova-temporada-do-the-voice-brasil-com-boninho-como-showrunner\/\" \/>\n<meta property=\"og:locale\" content=\"pt_BR\" \/>\n<meta property=\"og:type\" content=\"article\" \/>\n<meta property=\"og:title\" content=\"Disney+ e SBT firmam parceria in\u00e9dita para nova temporada do The Voice Brasil com Boninho como showrunner - CidadeMarketing\" \/>\n<meta property=\"og:description\" content=\"Em um movimento in\u00e9dito no cen\u00e1rio do entretenimento nacional, Disney+ e SBT anunciaram nesta sexta-feira (18) uma parceria estrat\u00e9gica para a nova temporada do reality musical The Voice Brasil, que contar\u00e1 com Boninho no papel de showrunner e tamb\u00e9m como co-produtor, ao lado da Formata Produ\u00e7\u00f5es e Conte\u00fado. A grande novidade \u00e9 a exibi\u00e7\u00e3o simult\u00e2nea [&hellip;]\" \/>\n<meta property=\"og:url\" content=\"https:\/\/www.cidademarketing.com.br\/marketing\/2025\/07\/18\/disney-e-sbt-firmam-parceria-inedita-para-nova-temporada-do-the-voice-brasil-com-boninho-como-showrunner\/\" \/>\n<meta property=\"og:site_name\" content=\"CidadeMarketing\" \/>\n<meta property=\"article:publisher\" content=\"https:\/\/www.facebook.com\/portalcidademarketing\" \/>\n<meta property=\"article:author\" content=\"https:\/\/www.facebook.com\/thalesbrandao\" \/>\n<meta property=\"article:published_time\" content=\"2025-07-18T18:25:18+00:00\" \/>\n<meta property=\"og:image\" content=\"https:\/\/www.cidademarketing.com.br\/marketing\/wp-content\/uploads\/2025\/07\/disney_sbt_thevoice.webp\" \/>\n\t<meta property=\"og:image:width\" content=\"1000\" \/>\n\t<meta property=\"og:image:height\" content=\"751\" \/>\n\t<meta property=\"og:image:type\" content=\"image\/webp\" \/>\n<meta name=\"author\" content=\"Thales Brand\u00e3o\" \/>\n<meta name=\"twitter:card\" content=\"summary_large_image\" \/>\n<meta name=\"twitter:creator\" content=\"@http:\/\/www.twitter.com\/thalesbrandao\" \/>\n<meta name=\"twitter:site\" content=\"@CidadeMarketing\" \/>\n<meta name=\"twitter:label1\" content=\"Escrito por\" \/>\n\t<meta name=\"twitter:data1\" content=\"Thales Brand\u00e3o\" \/>\n\t<meta name=\"twitter:label2\" content=\"Est. tempo de leitura\" \/>\n\t<meta name=\"twitter:data2\" content=\"1 minuto\" \/>\n<script type=\"application\/ld+json\" class=\"yoast-schema-graph\">{\"@context\":\"https:\\\/\\\/schema.org\",\"@graph\":[{\"@type\":\"Article\",\"@id\":\"https:\\\/\\\/www.cidademarketing.com.br\\\/marketing\\\/2025\\\/07\\\/18\\\/disney-e-sbt-firmam-parceria-inedita-para-nova-temporada-do-the-voice-brasil-com-boninho-como-showrunner\\\/#article\",\"isPartOf\":{\"@id\":\"https:\\\/\\\/www.cidademarketing.com.br\\\/marketing\\\/2025\\\/07\\\/18\\\/disney-e-sbt-firmam-parceria-inedita-para-nova-temporada-do-the-voice-brasil-com-boninho-como-showrunner\\\/\"},\"author\":{\"name\":\"Thales Brand\u00e3o\",\"@id\":\"https:\\\/\\\/www.cidademarketing.com.br\\\/marketing\\\/#\\\/schema\\\/person\\\/02daff9f18bd9378c9e01eb6b2db155f\"},\"headline\":\"Disney+ e SBT firmam parceria in\u00e9dita para nova temporada do The Voice Brasil com Boninho como showrunner\",\"datePublished\":\"2025-07-18T18:25:18+00:00\",\"mainEntityOfPage\":{\"@id\":\"https:\\\/\\\/www.cidademarketing.com.br\\\/marketing\\\/2025\\\/07\\\/18\\\/disney-e-sbt-firmam-parceria-inedita-para-nova-temporada-do-the-voice-brasil-com-boninho-como-showrunner\\\/\"},\"wordCount\":241,\"commentCount\":0,\"publisher\":{\"@id\":\"https:\\\/\\\/www.cidademarketing.com.br\\\/marketing\\\/#organization\"},\"image\":{\"@id\":\"https:\\\/\\\/www.cidademarketing.com.br\\\/marketing\\\/2025\\\/07\\\/18\\\/disney-e-sbt-firmam-parceria-inedita-para-nova-temporada-do-the-voice-brasil-com-boninho-como-showrunner\\\/#primaryimage\"},\"thumbnailUrl\":\"https:\\\/\\\/www.cidademarketing.com.br\\\/marketing\\\/wp-content\\\/uploads\\\/2025\\\/07\\\/disney_sbt_thevoice.webp\",\"keywords\":[\"Boninho\",\"Disney\",\"estrat\u00e9gia\",\"marketing\",\"parceria\",\"produ\u00e7\u00e3o\",\"reality show\",\"SBT\",\"streaming\",\"The Voice Brasil\"],\"articleSection\":[\"Not\u00edcias\"],\"inLanguage\":\"pt-BR\",\"potentialAction\":[{\"@type\":\"CommentAction\",\"name\":\"Comment\",\"target\":[\"https:\\\/\\\/www.cidademarketing.com.br\\\/marketing\\\/2025\\\/07\\\/18\\\/disney-e-sbt-firmam-parceria-inedita-para-nova-temporada-do-the-voice-brasil-com-boninho-como-showrunner\\\/#respond\"]}]},{\"@type\":\"WebPage\",\"@id\":\"https:\\\/\\\/www.cidademarketing.com.br\\\/marketing\\\/2025\\\/07\\\/18\\\/disney-e-sbt-firmam-parceria-inedita-para-nova-temporada-do-the-voice-brasil-com-boninho-como-showrunner\\\/\",\"url\":\"https:\\\/\\\/www.cidademarketing.com.br\\\/marketing\\\/2025\\\/07\\\/18\\\/disney-e-sbt-firmam-parceria-inedita-para-nova-temporada-do-the-voice-brasil-com-boninho-como-showrunner\\\/\",\"name\":\"Disney+ e SBT firmam parceria in\u00e9dita para nova temporada do The Voice Brasil com Boninho como showrunner - CidadeMarketing\",\"isPartOf\":{\"@id\":\"https:\\\/\\\/www.cidademarketing.com.br\\\/marketing\\\/#website\"},\"primaryImageOfPage\":{\"@id\":\"https:\\\/\\\/www.cidademarketing.com.br\\\/marketing\\\/2025\\\/07\\\/18\\\/disney-e-sbt-firmam-parceria-inedita-para-nova-temporada-do-the-voice-brasil-com-boninho-como-showrunner\\\/#primaryimage\"},\"image\":{\"@id\":\"https:\\\/\\\/www.cidademarketing.com.br\\\/marketing\\\/2025\\\/07\\\/18\\\/disney-e-sbt-firmam-parceria-inedita-para-nova-temporada-do-the-voice-brasil-com-boninho-como-showrunner\\\/#primaryimage\"},\"thumbnailUrl\":\"https:\\\/\\\/www.cidademarketing.com.br\\\/marketing\\\/wp-content\\\/uploads\\\/2025\\\/07\\\/disney_sbt_thevoice.webp\",\"datePublished\":\"2025-07-18T18:25:18+00:00\",\"breadcrumb\":{\"@id\":\"https:\\\/\\\/www.cidademarketing.com.br\\\/marketing\\\/2025\\\/07\\\/18\\\/disney-e-sbt-firmam-parceria-inedita-para-nova-temporada-do-the-voice-brasil-com-boninho-como-showrunner\\\/#breadcrumb\"},\"inLanguage\":\"pt-BR\",\"potentialAction\":[{\"@type\":\"ReadAction\",\"target\":[\"https:\\\/\\\/www.cidademarketing.com.br\\\/marketing\\\/2025\\\/07\\\/18\\\/disney-e-sbt-firmam-parceria-inedita-para-nova-temporada-do-the-voice-brasil-com-boninho-como-showrunner\\\/\"]}]},{\"@type\":\"ImageObject\",\"inLanguage\":\"pt-BR\",\"@id\":\"https:\\\/\\\/www.cidademarketing.com.br\\\/marketing\\\/2025\\\/07\\\/18\\\/disney-e-sbt-firmam-parceria-inedita-para-nova-temporada-do-the-voice-brasil-com-boninho-como-showrunner\\\/#primaryimage\",\"url\":\"https:\\\/\\\/www.cidademarketing.com.br\\\/marketing\\\/wp-content\\\/uploads\\\/2025\\\/07\\\/disney_sbt_thevoice.webp\",\"contentUrl\":\"https:\\\/\\\/www.cidademarketing.com.br\\\/marketing\\\/wp-content\\\/uploads\\\/2025\\\/07\\\/disney_sbt_thevoice.webp\",\"width\":1000,\"height\":751},{\"@type\":\"BreadcrumbList\",\"@id\":\"https:\\\/\\\/www.cidademarketing.com.br\\\/marketing\\\/2025\\\/07\\\/18\\\/disney-e-sbt-firmam-parceria-inedita-para-nova-temporada-do-the-voice-brasil-com-boninho-como-showrunner\\\/#breadcrumb\",\"itemListElement\":[{\"@type\":\"ListItem\",\"position\":1,\"name\":\"In\u00edcio\",\"item\":\"https:\\\/\\\/www.cidademarketing.com.br\\\/marketing\\\/\"},{\"@type\":\"ListItem\",\"position\":2,\"name\":\"Disney+ e SBT firmam parceria in\u00e9dita para nova temporada do The Voice Brasil com Boninho como showrunner\"}]},{\"@type\":\"WebSite\",\"@id\":\"https:\\\/\\\/www.cidademarketing.com.br\\\/marketing\\\/#website\",\"url\":\"https:\\\/\\\/www.cidademarketing.com.br\\\/marketing\\\/\",\"name\":\"CidadeMarketing\",\"description\":\"Somos um ve\u00edculo de comunica\u00e7\u00e3o de destaque no Brasil, reconhecido por conte\u00fados nos segmentos de marketing, empreendedorismo e inova\u00e7\u00e3o.\",\"publisher\":{\"@id\":\"https:\\\/\\\/www.cidademarketing.com.br\\\/marketing\\\/#organization\"},\"alternateName\":\"CidadeMarketing\",\"potentialAction\":[{\"@type\":\"SearchAction\",\"target\":{\"@type\":\"EntryPoint\",\"urlTemplate\":\"https:\\\/\\\/www.cidademarketing.com.br\\\/marketing\\\/?s={search_term_string}\"},\"query-input\":{\"@type\":\"PropertyValueSpecification\",\"valueRequired\":true,\"valueName\":\"search_term_string\"}}],\"inLanguage\":\"pt-BR\"},{\"@type\":\"Organization\",\"@id\":\"https:\\\/\\\/www.cidademarketing.com.br\\\/marketing\\\/#organization\",\"name\":\"CidadeMarketing\",\"alternateName\":\"CidadeMarketing\",\"url\":\"https:\\\/\\\/www.cidademarketing.com.br\\\/marketing\\\/\",\"logo\":{\"@type\":\"ImageObject\",\"inLanguage\":\"pt-BR\",\"@id\":\"https:\\\/\\\/www.cidademarketing.com.br\\\/marketing\\\/#\\\/schema\\\/logo\\\/image\\\/\",\"url\":\"https:\\\/\\\/www.cidademarketing.com.br\\\/marketing\\\/wp-content\\\/uploads\\\/2020\\\/01\\\/cidademarketing_marca_mobile.png\",\"contentUrl\":\"https:\\\/\\\/www.cidademarketing.com.br\\\/marketing\\\/wp-content\\\/uploads\\\/2020\\\/01\\\/cidademarketing_marca_mobile.png\",\"width\":230,\"height\":92,\"caption\":\"CidadeMarketing\"},\"image\":{\"@id\":\"https:\\\/\\\/www.cidademarketing.com.br\\\/marketing\\\/#\\\/schema\\\/logo\\\/image\\\/\"},\"sameAs\":[\"https:\\\/\\\/www.facebook.com\\\/portalcidademarketing\",\"https:\\\/\\\/x.com\\\/CidadeMarketing\",\"https:\\\/\\\/www.instagram.com\\\/cidademarketing\\\/\"]},{\"@type\":\"Person\",\"@id\":\"https:\\\/\\\/www.cidademarketing.com.br\\\/marketing\\\/#\\\/schema\\\/person\\\/02daff9f18bd9378c9e01eb6b2db155f\",\"name\":\"Thales Brand\u00e3o\",\"image\":{\"@type\":\"ImageObject\",\"inLanguage\":\"pt-BR\",\"@id\":\"https:\\\/\\\/secure.gravatar.com\\\/avatar\\\/7ca3206950207cc3cb48feec56a8a7898741ab725c368d99d5d7a5a50aab80c6?s=96&d=mm&r=g\",\"url\":\"https:\\\/\\\/secure.gravatar.com\\\/avatar\\\/7ca3206950207cc3cb48feec56a8a7898741ab725c368d99d5d7a5a50aab80c6?s=96&d=mm&r=g\",\"contentUrl\":\"https:\\\/\\\/secure.gravatar.com\\\/avatar\\\/7ca3206950207cc3cb48feec56a8a7898741ab725c368d99d5d7a5a50aab80c6?s=96&d=mm&r=g\",\"caption\":\"Thales Brand\u00e3o\"},\"description\":\"Editor Executivo do Portal CidadeMarketing.com.br &gt; Mestre em Comunica\u00e7\u00e3o e Sociedade pela Universidade Federal de Sergipe. Possui MBA Executivo em Administra\u00e7\u00e3o com \u00eanfase em Marketing pela Funda\u00e7\u00e3o Get\u00falio Vargas - Rio de Janeiro. Consultor, Palestrante e Pesquisador sobre Empreendedorismo, Marketing, Redes Sociais e Neg\u00f3cios Digitais. Professor, Palestrante TedxTalks e Campus Party. Twitter: @ThalesBrandao\",\"sameAs\":[\"http:\\\/\\\/www.mandacaru.com.br\",\"https:\\\/\\\/www.facebook.com\\\/thalesbrandao\",\"http:\\\/\\\/www.instagram.com.br\\\/thalesbrandaoferreira\",\"https:\\\/\\\/www.linkedin.com\\\/in\\\/thales-brand\u00e3o-3948609\\\/\",\"https:\\\/\\\/x.com\\\/http:\\\/\\\/www.twitter.com\\\/thalesbrandao\"],\"url\":\"https:\\\/\\\/www.cidademarketing.com.br\\\/marketing\\\/author\\\/thalesbrandao\\\/\"}]}<\/script>\n<!-- \/ Yoast SEO plugin. -->","yoast_head_json":{"title":"Disney+ e SBT firmam parceria in\u00e9dita para nova temporada do The Voice Brasil com Boninho como showrunner - CidadeMarketing","robots":{"index":"index","follow":"follow","max-snippet":"max-snippet:-1","max-image-preview":"max-image-preview:large","max-video-preview":"max-video-preview:-1"},"canonical":"https:\/\/www.cidademarketing.com.br\/marketing\/2025\/07\/18\/disney-e-sbt-firmam-parceria-inedita-para-nova-temporada-do-the-voice-brasil-com-boninho-como-showrunner\/","og_locale":"pt_BR","og_type":"article","og_title":"Disney+ e SBT firmam parceria in\u00e9dita para nova temporada do The Voice Brasil com Boninho como showrunner - CidadeMarketing","og_description":"Em um movimento in\u00e9dito no cen\u00e1rio do entretenimento nacional, Disney+ e SBT anunciaram nesta sexta-feira (18) uma parceria estrat\u00e9gica para a nova temporada do reality musical The Voice Brasil, que contar\u00e1 com Boninho no papel de showrunner e tamb\u00e9m como co-produtor, ao lado da Formata Produ\u00e7\u00f5es e Conte\u00fado. A grande novidade \u00e9 a exibi\u00e7\u00e3o simult\u00e2nea [&hellip;]","og_url":"https:\/\/www.cidademarketing.com.br\/marketing\/2025\/07\/18\/disney-e-sbt-firmam-parceria-inedita-para-nova-temporada-do-the-voice-brasil-com-boninho-como-showrunner\/","og_site_name":"CidadeMarketing","article_publisher":"https:\/\/www.facebook.com\/portalcidademarketing","article_author":"https:\/\/www.facebook.com\/thalesbrandao","article_published_time":"2025-07-18T18:25:18+00:00","og_image":[{"width":1000,"height":751,"url":"https:\/\/www.cidademarketing.com.br\/marketing\/wp-content\/uploads\/2025\/07\/disney_sbt_thevoice.webp","type":"image\/webp"}],"author":"Thales Brand\u00e3o","twitter_card":"summary_large_image","twitter_creator":"@http:\/\/www.twitter.com\/thalesbrandao","twitter_site":"@CidadeMarketing","twitter_misc":{"Escrito por":"Thales Brand\u00e3o","Est. tempo de leitura":"1 minuto"},"schema":{"@context":"https:\/\/schema.org","@graph":[{"@type":"Article","@id":"https:\/\/www.cidademarketing.com.br\/marketing\/2025\/07\/18\/disney-e-sbt-firmam-parceria-inedita-para-nova-temporada-do-the-voice-brasil-com-boninho-como-showrunner\/#article","isPartOf":{"@id":"https:\/\/www.cidademarketing.com.br\/marketing\/2025\/07\/18\/disney-e-sbt-firmam-parceria-inedita-para-nova-temporada-do-the-voice-brasil-com-boninho-como-showrunner\/"},"author":{"name":"Thales Brand\u00e3o","@id":"https:\/\/www.cidademarketing.com.br\/marketing\/#\/schema\/person\/02daff9f18bd9378c9e01eb6b2db155f"},"headline":"Disney+ e SBT firmam parceria in\u00e9dita para nova temporada do The Voice Brasil com Boninho como showrunner","datePublished":"2025-07-18T18:25:18+00:00","mainEntityOfPage":{"@id":"https:\/\/www.cidademarketing.com.br\/marketing\/2025\/07\/18\/disney-e-sbt-firmam-parceria-inedita-para-nova-temporada-do-the-voice-brasil-com-boninho-como-showrunner\/"},"wordCount":241,"commentCount":0,"publisher":{"@id":"https:\/\/www.cidademarketing.com.br\/marketing\/#organization"},"image":{"@id":"https:\/\/www.cidademarketing.com.br\/marketing\/2025\/07\/18\/disney-e-sbt-firmam-parceria-inedita-para-nova-temporada-do-the-voice-brasil-com-boninho-como-showrunner\/#primaryimage"},"thumbnailUrl":"https:\/\/www.cidademarketing.com.br\/marketing\/wp-content\/uploads\/2025\/07\/disney_sbt_thevoice.webp","keywords":["Boninho","Disney","estrat\u00e9gia","marketing","parceria","produ\u00e7\u00e3o","reality show","SBT","streaming","The Voice Brasil"],"articleSection":["Not\u00edcias"],"inLanguage":"pt-BR","potentialAction":[{"@type":"CommentAction","name":"Comment","target":["https:\/\/www.cidademarketing.com.br\/marketing\/2025\/07\/18\/disney-e-sbt-firmam-parceria-inedita-para-nova-temporada-do-the-voice-brasil-com-boninho-como-showrunner\/#respond"]}]},{"@type":"WebPage","@id":"https:\/\/www.cidademarketing.com.br\/marketing\/2025\/07\/18\/disney-e-sbt-firmam-parceria-inedita-para-nova-temporada-do-the-voice-brasil-com-boninho-como-showrunner\/","url":"https:\/\/www.cidademarketing.com.br\/marketing\/2025\/07\/18\/disney-e-sbt-firmam-parceria-inedita-para-nova-temporada-do-the-voice-brasil-com-boninho-como-showrunner\/","name":"Disney+ e SBT firmam parceria in\u00e9dita para nova temporada do The Voice Brasil com Boninho como showrunner - CidadeMarketing","isPartOf":{"@id":"https:\/\/www.cidademarketing.com.br\/marketing\/#website"},"primaryImageOfPage":{"@id":"https:\/\/www.cidademarketing.com.br\/marketing\/2025\/07\/18\/disney-e-sbt-firmam-parceria-inedita-para-nova-temporada-do-the-voice-brasil-com-boninho-como-showrunner\/#primaryimage"},"image":{"@id":"https:\/\/www.cidademarketing.com.br\/marketing\/2025\/07\/18\/disney-e-sbt-firmam-parceria-inedita-para-nova-temporada-do-the-voice-brasil-com-boninho-como-showrunner\/#primaryimage"},"thumbnailUrl":"https:\/\/www.cidademarketing.com.br\/marketing\/wp-content\/uploads\/2025\/07\/disney_sbt_thevoice.webp","datePublished":"2025-07-18T18:25:18+00:00","breadcrumb":{"@id":"https:\/\/www.cidademarketing.com.br\/marketing\/2025\/07\/18\/disney-e-sbt-firmam-parceria-inedita-para-nova-temporada-do-the-voice-brasil-com-boninho-como-showrunner\/#breadcrumb"},"inLanguage":"pt-BR","potentialAction":[{"@type":"ReadAction","target":["https:\/\/www.cidademarketing.com.br\/marketing\/2025\/07\/18\/disney-e-sbt-firmam-parceria-inedita-para-nova-temporada-do-the-voice-brasil-com-boninho-como-showrunner\/"]}]},{"@type":"ImageObject","inLanguage":"pt-BR","@id":"https:\/\/www.cidademarketing.com.br\/marketing\/2025\/07\/18\/disney-e-sbt-firmam-parceria-inedita-para-nova-temporada-do-the-voice-brasil-com-boninho-como-showrunner\/#primaryimage","url":"https:\/\/www.cidademarketing.com.br\/marketing\/wp-content\/uploads\/2025\/07\/disney_sbt_thevoice.webp","contentUrl":"https:\/\/www.cidademarketing.com.br\/marketing\/wp-content\/uploads\/2025\/07\/disney_sbt_thevoice.webp","width":1000,"height":751},{"@type":"BreadcrumbList","@id":"https:\/\/www.cidademarketing.com.br\/marketing\/2025\/07\/18\/disney-e-sbt-firmam-parceria-inedita-para-nova-temporada-do-the-voice-brasil-com-boninho-como-showrunner\/#breadcrumb","itemListElement":[{"@type":"ListItem","position":1,"name":"In\u00edcio","item":"https:\/\/www.cidademarketing.com.br\/marketing\/"},{"@type":"ListItem","position":2,"name":"Disney+ e SBT firmam parceria in\u00e9dita para nova temporada do The Voice Brasil com Boninho como showrunner"}]},{"@type":"WebSite","@id":"https:\/\/www.cidademarketing.com.br\/marketing\/#website","url":"https:\/\/www.cidademarketing.com.br\/marketing\/","name":"CidadeMarketing","description":"Somos um ve\u00edculo de comunica\u00e7\u00e3o de destaque no Brasil, reconhecido por conte\u00fados nos segmentos de marketing, empreendedorismo e inova\u00e7\u00e3o.","publisher":{"@id":"https:\/\/www.cidademarketing.com.br\/marketing\/#organization"},"alternateName":"CidadeMarketing","potentialAction":[{"@type":"SearchAction","target":{"@type":"EntryPoint","urlTemplate":"https:\/\/www.cidademarketing.com.br\/marketing\/?s={search_term_string}"},"query-input":{"@type":"PropertyValueSpecification","valueRequired":true,"valueName":"search_term_string"}}],"inLanguage":"pt-BR"},{"@type":"Organization","@id":"https:\/\/www.cidademarketing.com.br\/marketing\/#organization","name":"CidadeMarketing","alternateName":"CidadeMarketing","url":"https:\/\/www.cidademarketing.com.br\/marketing\/","logo":{"@type":"ImageObject","inLanguage":"pt-BR","@id":"https:\/\/www.cidademarketing.com.br\/marketing\/#\/schema\/logo\/image\/","url":"https:\/\/www.cidademarketing.com.br\/marketing\/wp-content\/uploads\/2020\/01\/cidademarketing_marca_mobile.png","contentUrl":"https:\/\/www.cidademarketing.com.br\/marketing\/wp-content\/uploads\/2020\/01\/cidademarketing_marca_mobile.png","width":230,"height":92,"caption":"CidadeMarketing"},"image":{"@id":"https:\/\/www.cidademarketing.com.br\/marketing\/#\/schema\/logo\/image\/"},"sameAs":["https:\/\/www.facebook.com\/portalcidademarketing","https:\/\/x.com\/CidadeMarketing","https:\/\/www.instagram.com\/cidademarketing\/"]},{"@type":"Person","@id":"https:\/\/www.cidademarketing.com.br\/marketing\/#\/schema\/person\/02daff9f18bd9378c9e01eb6b2db155f","name":"Thales Brand\u00e3o","image":{"@type":"ImageObject","inLanguage":"pt-BR","@id":"https:\/\/secure.gravatar.com\/avatar\/7ca3206950207cc3cb48feec56a8a7898741ab725c368d99d5d7a5a50aab80c6?s=96&d=mm&r=g","url":"https:\/\/secure.gravatar.com\/avatar\/7ca3206950207cc3cb48feec56a8a7898741ab725c368d99d5d7a5a50aab80c6?s=96&d=mm&r=g","contentUrl":"https:\/\/secure.gravatar.com\/avatar\/7ca3206950207cc3cb48feec56a8a7898741ab725c368d99d5d7a5a50aab80c6?s=96&d=mm&r=g","caption":"Thales Brand\u00e3o"},"description":"Editor Executivo do Portal CidadeMarketing.com.br &gt; Mestre em Comunica\u00e7\u00e3o e Sociedade pela Universidade Federal de Sergipe. Possui MBA Executivo em Administra\u00e7\u00e3o com \u00eanfase em Marketing pela Funda\u00e7\u00e3o Get\u00falio Vargas - Rio de Janeiro. Consultor, Palestrante e Pesquisador sobre Empreendedorismo, Marketing, Redes Sociais e Neg\u00f3cios Digitais. Professor, Palestrante TedxTalks e Campus Party. Twitter: @ThalesBrandao","sameAs":["http:\/\/www.mandacaru.com.br","https:\/\/www.facebook.com\/thalesbrandao","http:\/\/www.instagram.com.br\/thalesbrandaoferreira","https:\/\/www.linkedin.com\/in\/thales-brand\u00e3o-3948609\/","https:\/\/x.com\/http:\/\/www.twitter.com\/thalesbrandao"],"url":"https:\/\/www.cidademarketing.com.br\/marketing\/author\/thalesbrandao\/"}]}},"amp_enabled":true,"_links":{"self":[{"href":"https:\/\/www.cidademarketing.com.br\/marketing\/wp-json\/wp\/v2\/posts\/56994","targetHints":{"allow":["GET"]}}],"collection":[{"href":"https:\/\/www.cidademarketing.com.br\/marketing\/wp-json\/wp\/v2\/posts"}],"about":[{"href":"https:\/\/www.cidademarketing.com.br\/marketing\/wp-json\/wp\/v2\/types\/post"}],"author":[{"embeddable":true,"href":"https:\/\/www.cidademarketing.com.br\/marketing\/wp-json\/wp\/v2\/users\/1"}],"replies":[{"embeddable":true,"href":"https:\/\/www.cidademarketing.com.br\/marketing\/wp-json\/wp\/v2\/comments?post=56994"}],"version-history":[{"count":1,"href":"https:\/\/www.cidademarketing.com.br\/marketing\/wp-json\/wp\/v2\/posts\/56994\/revisions"}],"predecessor-version":[{"id":56996,"href":"https:\/\/www.cidademarketing.com.br\/marketing\/wp-json\/wp\/v2\/posts\/56994\/revisions\/56996"}],"wp:featuredmedia":[{"embeddable":true,"href":"https:\/\/www.cidademarketing.com.br\/marketing\/wp-json\/wp\/v2\/media\/56995"}],"wp:attachment":[{"href":"https:\/\/www.cidademarketing.com.br\/marketing\/wp-json\/wp\/v2\/media?parent=56994"}],"wp:term":[{"taxonomy":"category","embeddable":true,"href":"https:\/\/www.cidademarketing.com.br\/marketing\/wp-json\/wp\/v2\/categories?post=56994"},{"taxonomy":"post_tag","embeddable":true,"href":"https:\/\/www.cidademarketing.com.br\/marketing\/wp-json\/wp\/v2\/tags?post=56994"}],"curies":[{"name":"wp","href":"https:\/\/api.w.org\/{rel}","templated":true}]}}