{"id":56687,"date":"2025-06-10T16:40:59","date_gmt":"2025-06-10T19:40:59","guid":{"rendered":"https:\/\/www.cidademarketing.com.br\/marketing\/?p=56687"},"modified":"2025-06-10T16:40:59","modified_gmt":"2025-06-10T19:40:59","slug":"jeep-entra-no-clima-do-sao-joao-de-caruaru","status":"publish","type":"post","link":"https:\/\/www.cidademarketing.com.br\/marketing\/2025\/06\/10\/jeep-entra-no-clima-do-sao-joao-de-caruaru\/","title":{"rendered":"Jeep entra no clima do S\u00e3o Jo\u00e3o de Caruaru"},"content":{"rendered":"<p>A Jeep\u00ae, refer\u00eancia em ve\u00edculos utilit\u00e1rios esportivos no Brasil, est\u00e1 oficialmente no clima do S\u00e3o Jo\u00e3o de Caruaru, em Pernambuco. Em comemora\u00e7\u00e3o aos 10 anos de sua presen\u00e7a industrial no estado, a marca se tornou uma das patrocinadoras oficiais da festa junina mais emblem\u00e1tica do pa\u00eds, que segue at\u00e9 o dia 28 de junho. A a\u00e7\u00e3o fortalece ainda mais os la\u00e7os entre a Jeep e o Nordeste, especialmente com o estado que abriga, desde 2015, o Polo Automotivo Stellantis, localizado em Goiana (PE).<\/p>\n<p>A f\u00e1brica pernambucana \u00e9 respons\u00e1vel pela produ\u00e7\u00e3o nacional dos modelos Jeep Renegade, Compass e Commander, ve\u00edculos que conquistaram os consumidores brasileiros com design arrojado, tecnologia e robustez.<\/p>\n<p>Durante os dias de celebra\u00e7\u00e3o do S\u00e3o Jo\u00e3o de Caruaru, o p\u00fablico poder\u00e1 visitar o \u201cEspa\u00e7o Jeep\u201d, uma \u00e1rea personalizada montada na Esta\u00e7\u00e3o Ferrovi\u00e1ria, um dos principais polos do evento. O destaque do espa\u00e7o \u00e9 a exposi\u00e7\u00e3o do Renegade Sahara, vers\u00e3o topo de linha 4&#215;2 inspirada no ic\u00f4nico Jeep Wrangler.<\/p>\n<p>A vers\u00e3o Sahara do Renegade chama aten\u00e7\u00e3o pelo design exclusivo, com rodas de 18 polegadas, teto preto contrastante \u2014 inclusive na coluna A \u2014, badge e soleira exclusivos, al\u00e9m de adesivo personalizado da vers\u00e3o. O modelo tamb\u00e9m \u00e9 equipado com uma ampla gama de itens de s\u00e9rie: teto solar panor\u00e2mico Command View, conectividade com a plataforma Adventure Intelligence, partida remota, sensor crepuscular, sensor de chuva, retrovisor eletrocr\u00f4mico, monitoramento de ponto cego, far\u00f3is de neblina, paddle shifters e comuta\u00e7\u00e3o autom\u00e1tica de far\u00f3is.<\/p>\n\r\n                <style type=\"text\/css\">\r\n                    \r\n                    #tdi_1  .td-doubleSlider-2 .td-item1 {\r\n                        background: url(https:\/\/www.cidademarketing.com.br\/marketing\/wp-content\/uploads\/2025\/06\/jeep_saojoao_caruaru_2025_04-80x60.webp) 0 0 no-repeat;\r\n                    }\r\n                    #tdi_1  .td-doubleSlider-2 .td-item2 {\r\n                        background: url(https:\/\/www.cidademarketing.com.br\/marketing\/wp-content\/uploads\/2025\/06\/jeep_saojoao_caruaru_2025_03-80x60.webp) 0 0 no-repeat;\r\n                    }\r\n                    #tdi_1  .td-doubleSlider-2 .td-item3 {\r\n                        background: url(https:\/\/www.cidademarketing.com.br\/marketing\/wp-content\/uploads\/2025\/06\/jeep_saojoao_caruaru_2025_02-80x60.webp) 0 0 no-repeat;\r\n                    }\r\n                    #tdi_1  .td-doubleSlider-2 .td-item4 {\r\n                        background: url(https:\/\/www.cidademarketing.com.br\/marketing\/wp-content\/uploads\/2025\/06\/jeep_saojoao_caruaru_2025_01-80x60.webp) 0 0 no-repeat;\r\n                    }\r\n                <\/style>\r\n\r\n                <div id=\"tdi_1\" class=\"td-gallery td-slide-on-2-columns\">\r\n                    <div class=\"post_td_gallery\">\r\n                        <div class=\"td-gallery-slide-top\">\r\n                           <div class=\"td-gallery-title\"><\/div>\r\n\r\n                            <div class=\"td-gallery-controls-wrapper\">\r\n                                <div class=\"td-gallery-slide-count\"><span class=\"td-gallery-slide-item-focus\">1<\/span> de 4<\/div>\r\n                                <div class=\"td-gallery-slide-prev-next-but\">\r\n                                    <i class = \"td-icon-left doubleSliderPrevButton\"><\/i>\r\n                                    <i class = \"td-icon-right doubleSliderNextButton\"><\/i>\r\n                                <\/div>\r\n                            <\/div>\r\n                        <\/div>\r\n\r\n                        <div class = \"td-doubleSlider-1 \">\r\n                            <div class = \"td-slider\">\r\n                                \r\n                    <div class = \"td-slide-item td-item1\">\r\n                        <figure class=\"td-slide-galery-figure td-slide-popup-gallery\">\r\n                            <a class=\"slide-gallery-image-link\" href=\"https:\/\/www.cidademarketing.com.br\/marketing\/wp-content\/uploads\/2025\/06\/jeep_saojoao_caruaru_2025_04.webp\" title=\"Jeep entra no clima do S\u00e3o Jo\u00e3o de Caruaru\"  data-caption=\"Divulga\u00e7\u00e3o\"  data-description=\"\">\r\n                                <img decoding=\"async\" src=\"https:\/\/www.cidademarketing.com.br\/marketing\/wp-content\/uploads\/2025\/06\/jeep_saojoao_caruaru_2025_04-630x420.webp\" srcset=\"https:\/\/www.cidademarketing.com.br\/marketing\/wp-content\/uploads\/2025\/06\/jeep_saojoao_caruaru_2025_04-630x420.webp 630w, https:\/\/www.cidademarketing.com.br\/marketing\/wp-content\/uploads\/2025\/06\/jeep_saojoao_caruaru_2025_04-300x200.webp 300w, https:\/\/www.cidademarketing.com.br\/marketing\/wp-content\/uploads\/2025\/06\/jeep_saojoao_caruaru_2025_04-768x512.webp 768w, https:\/\/www.cidademarketing.com.br\/marketing\/wp-content\/uploads\/2025\/06\/jeep_saojoao_caruaru_2025_04-640x427.webp 640w, https:\/\/www.cidademarketing.com.br\/marketing\/wp-content\/uploads\/2025\/06\/jeep_saojoao_caruaru_2025_04-681x454.webp 681w, https:\/\/www.cidademarketing.com.br\/marketing\/wp-content\/uploads\/2025\/06\/jeep_saojoao_caruaru_2025_04.webp 1000w\" sizes=\"(max-width: 630px) 100vw, 630px\" alt=\"O evento ganha &ldquo;Espa&ccedil;o Jeep&rdquo; com atra&ccedil;&otilde;es e exposi&ccedil;&atilde;o exclusiva.\">\r\n                            <\/a>\r\n                            <figcaption class = \"td-slide-caption td-gallery-slide-content\"><div class = \"td-gallery-slide-copywrite\">Divulga\u00e7\u00e3o<\/div><\/figcaption>\r\n                        <\/figure>\r\n                    <\/div>\r\n                    <div class = \"td-slide-item td-item2\">\r\n                        <figure class=\"td-slide-galery-figure td-slide-popup-gallery\">\r\n                            <a class=\"slide-gallery-image-link\" href=\"https:\/\/www.cidademarketing.com.br\/marketing\/wp-content\/uploads\/2025\/06\/jeep_saojoao_caruaru_2025_03.webp\" title=\"Jeep entra no clima do S\u00e3o Jo\u00e3o de Caruaru\"  data-caption=\"Divulga\u00e7\u00e3o\"  data-description=\"\">\r\n                                <img decoding=\"async\" src=\"https:\/\/www.cidademarketing.com.br\/marketing\/wp-content\/uploads\/2025\/06\/jeep_saojoao_caruaru_2025_03-630x420.webp\" srcset=\"https:\/\/www.cidademarketing.com.br\/marketing\/wp-content\/uploads\/2025\/06\/jeep_saojoao_caruaru_2025_03-630x420.webp 630w, https:\/\/www.cidademarketing.com.br\/marketing\/wp-content\/uploads\/2025\/06\/jeep_saojoao_caruaru_2025_03-300x200.webp 300w, https:\/\/www.cidademarketing.com.br\/marketing\/wp-content\/uploads\/2025\/06\/jeep_saojoao_caruaru_2025_03-768x512.webp 768w, https:\/\/www.cidademarketing.com.br\/marketing\/wp-content\/uploads\/2025\/06\/jeep_saojoao_caruaru_2025_03-640x427.webp 640w, https:\/\/www.cidademarketing.com.br\/marketing\/wp-content\/uploads\/2025\/06\/jeep_saojoao_caruaru_2025_03-681x454.webp 681w, https:\/\/www.cidademarketing.com.br\/marketing\/wp-content\/uploads\/2025\/06\/jeep_saojoao_caruaru_2025_03.webp 1000w\" sizes=\"(max-width: 630px) 100vw, 630px\" alt=\"O evento ganha &ldquo;Espa&ccedil;o Jeep&rdquo; com atra&ccedil;&otilde;es e exposi&ccedil;&atilde;o exclusiva.\">\r\n                            <\/a>\r\n                            <figcaption class = \"td-slide-caption td-gallery-slide-content\"><div class = \"td-gallery-slide-copywrite\">Divulga\u00e7\u00e3o<\/div><\/figcaption>\r\n                        <\/figure>\r\n                    <\/div>\r\n                    <div class = \"td-slide-item td-item3\">\r\n                        <figure class=\"td-slide-galery-figure td-slide-popup-gallery\">\r\n                            <a class=\"slide-gallery-image-link\" href=\"https:\/\/www.cidademarketing.com.br\/marketing\/wp-content\/uploads\/2025\/06\/jeep_saojoao_caruaru_2025_02.webp\" title=\"Jeep entra no clima do S\u00e3o Jo\u00e3o de Caruaru\"  data-caption=\"Divulga\u00e7\u00e3o\"  data-description=\"\">\r\n                                <img decoding=\"async\" src=\"https:\/\/www.cidademarketing.com.br\/marketing\/wp-content\/uploads\/2025\/06\/jeep_saojoao_caruaru_2025_02-630x420.webp\" srcset=\"https:\/\/www.cidademarketing.com.br\/marketing\/wp-content\/uploads\/2025\/06\/jeep_saojoao_caruaru_2025_02-630x420.webp 630w, https:\/\/www.cidademarketing.com.br\/marketing\/wp-content\/uploads\/2025\/06\/jeep_saojoao_caruaru_2025_02-300x200.webp 300w, https:\/\/www.cidademarketing.com.br\/marketing\/wp-content\/uploads\/2025\/06\/jeep_saojoao_caruaru_2025_02-768x512.webp 768w, https:\/\/www.cidademarketing.com.br\/marketing\/wp-content\/uploads\/2025\/06\/jeep_saojoao_caruaru_2025_02-640x427.webp 640w, https:\/\/www.cidademarketing.com.br\/marketing\/wp-content\/uploads\/2025\/06\/jeep_saojoao_caruaru_2025_02-681x454.webp 681w, https:\/\/www.cidademarketing.com.br\/marketing\/wp-content\/uploads\/2025\/06\/jeep_saojoao_caruaru_2025_02.webp 1000w\" sizes=\"(max-width: 630px) 100vw, 630px\" alt=\"O evento ganha &ldquo;Espa&ccedil;o Jeep&rdquo; com atra&ccedil;&otilde;es e exposi&ccedil;&atilde;o exclusiva.\">\r\n                            <\/a>\r\n                            <figcaption class = \"td-slide-caption td-gallery-slide-content\"><div class = \"td-gallery-slide-copywrite\">Divulga\u00e7\u00e3o<\/div><\/figcaption>\r\n                        <\/figure>\r\n                    <\/div>\r\n                    <div class = \"td-slide-item td-item4\">\r\n                        <figure class=\"td-slide-galery-figure td-slide-popup-gallery\">\r\n                            <a class=\"slide-gallery-image-link\" href=\"https:\/\/www.cidademarketing.com.br\/marketing\/wp-content\/uploads\/2025\/06\/jeep_saojoao_caruaru_2025_01.webp\" title=\"Jeep entra no clima do S\u00e3o Jo\u00e3o de Caruaru\"  data-caption=\"Divulga\u00e7\u00e3o\"  data-description=\"\">\r\n                                <img decoding=\"async\" src=\"https:\/\/www.cidademarketing.com.br\/marketing\/wp-content\/uploads\/2025\/06\/jeep_saojoao_caruaru_2025_01-630x420.webp\" srcset=\"https:\/\/www.cidademarketing.com.br\/marketing\/wp-content\/uploads\/2025\/06\/jeep_saojoao_caruaru_2025_01-630x420.webp 630w, https:\/\/www.cidademarketing.com.br\/marketing\/wp-content\/uploads\/2025\/06\/jeep_saojoao_caruaru_2025_01-300x200.webp 300w, https:\/\/www.cidademarketing.com.br\/marketing\/wp-content\/uploads\/2025\/06\/jeep_saojoao_caruaru_2025_01-768x512.webp 768w, https:\/\/www.cidademarketing.com.br\/marketing\/wp-content\/uploads\/2025\/06\/jeep_saojoao_caruaru_2025_01-640x427.webp 640w, https:\/\/www.cidademarketing.com.br\/marketing\/wp-content\/uploads\/2025\/06\/jeep_saojoao_caruaru_2025_01-681x454.webp 681w, https:\/\/www.cidademarketing.com.br\/marketing\/wp-content\/uploads\/2025\/06\/jeep_saojoao_caruaru_2025_01.webp 1000w\" sizes=\"(max-width: 630px) 100vw, 630px\" alt=\"O evento ganha &ldquo;Espa&ccedil;o Jeep&rdquo; com atra&ccedil;&otilde;es e exposi&ccedil;&atilde;o exclusiva.\">\r\n                            <\/a>\r\n                            <figcaption class = \"td-slide-caption td-gallery-slide-content\"><div class = \"td-gallery-slide-copywrite\">Divulga\u00e7\u00e3o<\/div><\/figcaption>\r\n                        <\/figure>\r\n                    <\/div>\r\n                            <\/div>\r\n                        <\/div>\r\n\r\n                        <div class = \"td-doubleSlider-2\">\r\n                            <div class = \"td-slider\">\r\n                                \r\n                    <div class = \"td-button td-item1\">\r\n                        <div class = \"td-border\"><\/div>\r\n                    <\/div>\r\n                    <div class = \"td-button td-item2\">\r\n                        <div class = \"td-border\"><\/div>\r\n                    <\/div>\r\n                    <div class = \"td-button td-item3\">\r\n                        <div class = \"td-border\"><\/div>\r\n                    <\/div>\r\n                    <div class = \"td-button td-item4\">\r\n                        <div class = \"td-border\"><\/div>\r\n                    <\/div>\r\n                            <\/div>\r\n                        <\/div>\r\n\r\n                    <\/div>\r\n\r\n                <\/div>\r\n                \n<p>De acordo com Hugo Domingues, Vice-Presidente da Jeep para a Am\u00e9rica do Sul, o apoio ao S\u00e3o Jo\u00e3o de Caruaru representa mais do que uma a\u00e7\u00e3o de marketing \u2014 \u00e9 um tributo \u00e0 cultura nordestina e ao povo pernambucano.<\/p>\n<p>\u201cO S\u00e3o Jo\u00e3o de Caruaru \u00e9 uma celebra\u00e7\u00e3o da cultura nordestina, e estar presente nesse momento t\u00e3o simb\u00f3lico refor\u00e7a nossa liga\u00e7\u00e3o com a regi\u00e3o, que h\u00e1 10 anos acolhe a produ\u00e7\u00e3o dos nossos ve\u00edculos com tanta dedica\u00e7\u00e3o. Nada mais justo do que celebrar essa hist\u00f3ria com o p\u00fablico que faz parte dela\u201d, afirma Domingues.<\/p>\n<p>Ele tamb\u00e9m destacou que a marca mant\u00e9m uma forte atua\u00e7\u00e3o cultural em Pernambuco, com apoio a eventos tradicionais como o Galo da Madrugada, do qual foi patrocinadora por quatro anos consecutivos.<\/p>\n<p>A presen\u00e7a da Jeep no S\u00e3o Jo\u00e3o de Caruaru \u00e9 parte de uma s\u00e9rie de iniciativas que marcam os 10 anos de produ\u00e7\u00e3o da marca no Brasil. A a\u00e7\u00e3o oferece ao p\u00fablico uma experi\u00eancia \u00fanica de imers\u00e3o com a marca, aliando entretenimento, cultura e inova\u00e7\u00e3o automotiva.<\/p>\n<p>Mais informa\u00e7\u00f5es sobre a programa\u00e7\u00e3o do S\u00e3o Jo\u00e3o de Caruaru est\u00e3o dispon\u00edveis no perfil oficial do evento: <a href=\"https:\/\/www.instagram.com\/saojoaocaruaru.oficial\/\" target=\"_blank\" rel=\"noopener\">@saojoaocaruaru.oficial<\/a><\/p>\n","protected":false},"excerpt":{"rendered":"<p>A Jeep\u00ae, refer\u00eancia em ve\u00edculos utilit\u00e1rios esportivos no Brasil, est\u00e1 oficialmente no clima do S\u00e3o Jo\u00e3o de Caruaru, em Pernambuco. Em comemora\u00e7\u00e3o aos 10 anos de sua presen\u00e7a industrial no estado, a marca se tornou uma das patrocinadoras oficiais da festa junina mais emblem\u00e1tica do pa\u00eds, que segue at\u00e9 o dia 28 de junho. A [&hellip;]<\/p>\n","protected":false},"author":1,"featured_media":56693,"comment_status":"open","ping_status":"open","sticky":false,"template":"","format":"standard","meta":{"tdm_status":"","tdm_grid_status":"","footnotes":""},"categories":[6],"tags":[65,1977,33,154,28,340,30,447,1511,1978,9465],"class_list":["post-56687","post","type-post","status-publish","format-standard","has-post-thumbnail","hentry","category-noticias","tag-campanha","tag-cultura-popular","tag-estrategia","tag-jeep","tag-marketing","tag-marketing-cultural","tag-nordeste","tag-patrocinio","tag-pernambuco","tag-sao-joao","tag-sao-joao-de-caruaru"],"yoast_head":"<!-- This site is optimized with the Yoast SEO plugin v27.5 - https:\/\/yoast.com\/product\/yoast-seo-wordpress\/ -->\n<title>Jeep entra no clima do S\u00e3o Jo\u00e3o de Caruaru - CidadeMarketing<\/title>\n<meta name=\"robots\" content=\"index, follow, max-snippet:-1, max-image-preview:large, max-video-preview:-1\" \/>\n<link rel=\"canonical\" href=\"https:\/\/www.cidademarketing.com.br\/marketing\/2025\/06\/10\/jeep-entra-no-clima-do-sao-joao-de-caruaru\/\" \/>\n<meta property=\"og:locale\" content=\"pt_BR\" \/>\n<meta property=\"og:type\" content=\"article\" \/>\n<meta property=\"og:title\" content=\"Jeep entra no clima do S\u00e3o Jo\u00e3o de Caruaru - CidadeMarketing\" \/>\n<meta property=\"og:description\" content=\"A Jeep\u00ae, refer\u00eancia em ve\u00edculos utilit\u00e1rios esportivos no Brasil, est\u00e1 oficialmente no clima do S\u00e3o Jo\u00e3o de Caruaru, em Pernambuco. Em comemora\u00e7\u00e3o aos 10 anos de sua presen\u00e7a industrial no estado, a marca se tornou uma das patrocinadoras oficiais da festa junina mais emblem\u00e1tica do pa\u00eds, que segue at\u00e9 o dia 28 de junho. A [&hellip;]\" \/>\n<meta property=\"og:url\" content=\"https:\/\/www.cidademarketing.com.br\/marketing\/2025\/06\/10\/jeep-entra-no-clima-do-sao-joao-de-caruaru\/\" \/>\n<meta property=\"og:site_name\" content=\"CidadeMarketing\" \/>\n<meta property=\"article:publisher\" content=\"https:\/\/www.facebook.com\/portalcidademarketing\" \/>\n<meta property=\"article:author\" content=\"https:\/\/www.facebook.com\/thalesbrandao\" \/>\n<meta property=\"article:published_time\" content=\"2025-06-10T19:40:59+00:00\" \/>\n<meta property=\"og:image\" content=\"https:\/\/www.cidademarketing.com.br\/marketing\/wp-content\/uploads\/2025\/06\/jeep_saojoao_caruaru_2025_04.webp\" \/>\n\t<meta property=\"og:image:width\" content=\"1000\" \/>\n\t<meta property=\"og:image:height\" content=\"667\" \/>\n\t<meta property=\"og:image:type\" content=\"image\/webp\" \/>\n<meta name=\"author\" content=\"Thales Brand\u00e3o\" \/>\n<meta name=\"twitter:card\" content=\"summary_large_image\" \/>\n<meta name=\"twitter:creator\" content=\"@http:\/\/www.twitter.com\/thalesbrandao\" \/>\n<meta name=\"twitter:site\" content=\"@CidadeMarketing\" \/>\n<meta name=\"twitter:label1\" content=\"Escrito por\" \/>\n\t<meta name=\"twitter:data1\" content=\"Thales Brand\u00e3o\" \/>\n\t<meta name=\"twitter:label2\" content=\"Est. tempo de leitura\" \/>\n\t<meta name=\"twitter:data2\" content=\"2 minutos\" \/>\n<script type=\"application\/ld+json\" class=\"yoast-schema-graph\">{\"@context\":\"https:\\\/\\\/schema.org\",\"@graph\":[{\"@type\":\"Article\",\"@id\":\"https:\\\/\\\/www.cidademarketing.com.br\\\/marketing\\\/2025\\\/06\\\/10\\\/jeep-entra-no-clima-do-sao-joao-de-caruaru\\\/#article\",\"isPartOf\":{\"@id\":\"https:\\\/\\\/www.cidademarketing.com.br\\\/marketing\\\/2025\\\/06\\\/10\\\/jeep-entra-no-clima-do-sao-joao-de-caruaru\\\/\"},\"author\":{\"name\":\"Thales Brand\u00e3o\",\"@id\":\"https:\\\/\\\/www.cidademarketing.com.br\\\/marketing\\\/#\\\/schema\\\/person\\\/02daff9f18bd9378c9e01eb6b2db155f\"},\"headline\":\"Jeep entra no clima do S\u00e3o Jo\u00e3o de Caruaru\",\"datePublished\":\"2025-06-10T19:40:59+00:00\",\"mainEntityOfPage\":{\"@id\":\"https:\\\/\\\/www.cidademarketing.com.br\\\/marketing\\\/2025\\\/06\\\/10\\\/jeep-entra-no-clima-do-sao-joao-de-caruaru\\\/\"},\"wordCount\":506,\"commentCount\":0,\"publisher\":{\"@id\":\"https:\\\/\\\/www.cidademarketing.com.br\\\/marketing\\\/#organization\"},\"image\":{\"@id\":\"https:\\\/\\\/www.cidademarketing.com.br\\\/marketing\\\/2025\\\/06\\\/10\\\/jeep-entra-no-clima-do-sao-joao-de-caruaru\\\/#primaryimage\"},\"thumbnailUrl\":\"https:\\\/\\\/www.cidademarketing.com.br\\\/marketing\\\/wp-content\\\/uploads\\\/2025\\\/06\\\/jeep_saojoao_caruaru_2025_04.webp\",\"keywords\":[\"campanha\",\"cultura popular\",\"estrat\u00e9gia\",\"Jeep\",\"marketing\",\"marketing cultural\",\"Nordeste\",\"patroc\u00ednio\",\"Pernambuco\",\"S\u00e3o Jo\u00e3o\",\"S\u00e3o Jo\u00e3o de Caruaru\"],\"articleSection\":[\"Not\u00edcias\"],\"inLanguage\":\"pt-BR\",\"potentialAction\":[{\"@type\":\"CommentAction\",\"name\":\"Comment\",\"target\":[\"https:\\\/\\\/www.cidademarketing.com.br\\\/marketing\\\/2025\\\/06\\\/10\\\/jeep-entra-no-clima-do-sao-joao-de-caruaru\\\/#respond\"]}]},{\"@type\":\"WebPage\",\"@id\":\"https:\\\/\\\/www.cidademarketing.com.br\\\/marketing\\\/2025\\\/06\\\/10\\\/jeep-entra-no-clima-do-sao-joao-de-caruaru\\\/\",\"url\":\"https:\\\/\\\/www.cidademarketing.com.br\\\/marketing\\\/2025\\\/06\\\/10\\\/jeep-entra-no-clima-do-sao-joao-de-caruaru\\\/\",\"name\":\"Jeep entra no clima do S\u00e3o Jo\u00e3o de Caruaru - CidadeMarketing\",\"isPartOf\":{\"@id\":\"https:\\\/\\\/www.cidademarketing.com.br\\\/marketing\\\/#website\"},\"primaryImageOfPage\":{\"@id\":\"https:\\\/\\\/www.cidademarketing.com.br\\\/marketing\\\/2025\\\/06\\\/10\\\/jeep-entra-no-clima-do-sao-joao-de-caruaru\\\/#primaryimage\"},\"image\":{\"@id\":\"https:\\\/\\\/www.cidademarketing.com.br\\\/marketing\\\/2025\\\/06\\\/10\\\/jeep-entra-no-clima-do-sao-joao-de-caruaru\\\/#primaryimage\"},\"thumbnailUrl\":\"https:\\\/\\\/www.cidademarketing.com.br\\\/marketing\\\/wp-content\\\/uploads\\\/2025\\\/06\\\/jeep_saojoao_caruaru_2025_04.webp\",\"datePublished\":\"2025-06-10T19:40:59+00:00\",\"breadcrumb\":{\"@id\":\"https:\\\/\\\/www.cidademarketing.com.br\\\/marketing\\\/2025\\\/06\\\/10\\\/jeep-entra-no-clima-do-sao-joao-de-caruaru\\\/#breadcrumb\"},\"inLanguage\":\"pt-BR\",\"potentialAction\":[{\"@type\":\"ReadAction\",\"target\":[\"https:\\\/\\\/www.cidademarketing.com.br\\\/marketing\\\/2025\\\/06\\\/10\\\/jeep-entra-no-clima-do-sao-joao-de-caruaru\\\/\"]}]},{\"@type\":\"ImageObject\",\"inLanguage\":\"pt-BR\",\"@id\":\"https:\\\/\\\/www.cidademarketing.com.br\\\/marketing\\\/2025\\\/06\\\/10\\\/jeep-entra-no-clima-do-sao-joao-de-caruaru\\\/#primaryimage\",\"url\":\"https:\\\/\\\/www.cidademarketing.com.br\\\/marketing\\\/wp-content\\\/uploads\\\/2025\\\/06\\\/jeep_saojoao_caruaru_2025_04.webp\",\"contentUrl\":\"https:\\\/\\\/www.cidademarketing.com.br\\\/marketing\\\/wp-content\\\/uploads\\\/2025\\\/06\\\/jeep_saojoao_caruaru_2025_04.webp\",\"width\":1000,\"height\":667,\"caption\":\"Divulga\u00e7\u00e3o\"},{\"@type\":\"BreadcrumbList\",\"@id\":\"https:\\\/\\\/www.cidademarketing.com.br\\\/marketing\\\/2025\\\/06\\\/10\\\/jeep-entra-no-clima-do-sao-joao-de-caruaru\\\/#breadcrumb\",\"itemListElement\":[{\"@type\":\"ListItem\",\"position\":1,\"name\":\"In\u00edcio\",\"item\":\"https:\\\/\\\/www.cidademarketing.com.br\\\/marketing\\\/\"},{\"@type\":\"ListItem\",\"position\":2,\"name\":\"Jeep entra no clima do S\u00e3o Jo\u00e3o de Caruaru\"}]},{\"@type\":\"WebSite\",\"@id\":\"https:\\\/\\\/www.cidademarketing.com.br\\\/marketing\\\/#website\",\"url\":\"https:\\\/\\\/www.cidademarketing.com.br\\\/marketing\\\/\",\"name\":\"CidadeMarketing\",\"description\":\"Somos um ve\u00edculo de comunica\u00e7\u00e3o de destaque no Brasil, reconhecido por conte\u00fados nos segmentos de marketing, empreendedorismo e inova\u00e7\u00e3o.\",\"publisher\":{\"@id\":\"https:\\\/\\\/www.cidademarketing.com.br\\\/marketing\\\/#organization\"},\"alternateName\":\"CidadeMarketing\",\"potentialAction\":[{\"@type\":\"SearchAction\",\"target\":{\"@type\":\"EntryPoint\",\"urlTemplate\":\"https:\\\/\\\/www.cidademarketing.com.br\\\/marketing\\\/?s={search_term_string}\"},\"query-input\":{\"@type\":\"PropertyValueSpecification\",\"valueRequired\":true,\"valueName\":\"search_term_string\"}}],\"inLanguage\":\"pt-BR\"},{\"@type\":\"Organization\",\"@id\":\"https:\\\/\\\/www.cidademarketing.com.br\\\/marketing\\\/#organization\",\"name\":\"CidadeMarketing\",\"alternateName\":\"CidadeMarketing\",\"url\":\"https:\\\/\\\/www.cidademarketing.com.br\\\/marketing\\\/\",\"logo\":{\"@type\":\"ImageObject\",\"inLanguage\":\"pt-BR\",\"@id\":\"https:\\\/\\\/www.cidademarketing.com.br\\\/marketing\\\/#\\\/schema\\\/logo\\\/image\\\/\",\"url\":\"https:\\\/\\\/www.cidademarketing.com.br\\\/marketing\\\/wp-content\\\/uploads\\\/2020\\\/01\\\/cidademarketing_marca_mobile.png\",\"contentUrl\":\"https:\\\/\\\/www.cidademarketing.com.br\\\/marketing\\\/wp-content\\\/uploads\\\/2020\\\/01\\\/cidademarketing_marca_mobile.png\",\"width\":230,\"height\":92,\"caption\":\"CidadeMarketing\"},\"image\":{\"@id\":\"https:\\\/\\\/www.cidademarketing.com.br\\\/marketing\\\/#\\\/schema\\\/logo\\\/image\\\/\"},\"sameAs\":[\"https:\\\/\\\/www.facebook.com\\\/portalcidademarketing\",\"https:\\\/\\\/x.com\\\/CidadeMarketing\",\"https:\\\/\\\/www.instagram.com\\\/cidademarketing\\\/\"]},{\"@type\":\"Person\",\"@id\":\"https:\\\/\\\/www.cidademarketing.com.br\\\/marketing\\\/#\\\/schema\\\/person\\\/02daff9f18bd9378c9e01eb6b2db155f\",\"name\":\"Thales Brand\u00e3o\",\"image\":{\"@type\":\"ImageObject\",\"inLanguage\":\"pt-BR\",\"@id\":\"https:\\\/\\\/secure.gravatar.com\\\/avatar\\\/7ca3206950207cc3cb48feec56a8a7898741ab725c368d99d5d7a5a50aab80c6?s=96&d=mm&r=g\",\"url\":\"https:\\\/\\\/secure.gravatar.com\\\/avatar\\\/7ca3206950207cc3cb48feec56a8a7898741ab725c368d99d5d7a5a50aab80c6?s=96&d=mm&r=g\",\"contentUrl\":\"https:\\\/\\\/secure.gravatar.com\\\/avatar\\\/7ca3206950207cc3cb48feec56a8a7898741ab725c368d99d5d7a5a50aab80c6?s=96&d=mm&r=g\",\"caption\":\"Thales Brand\u00e3o\"},\"description\":\"Editor Executivo do Portal CidadeMarketing.com.br &gt; Mestre em Comunica\u00e7\u00e3o e Sociedade pela Universidade Federal de Sergipe. Possui MBA Executivo em Administra\u00e7\u00e3o com \u00eanfase em Marketing pela Funda\u00e7\u00e3o Get\u00falio Vargas - Rio de Janeiro. Consultor, Palestrante e Pesquisador sobre Empreendedorismo, Marketing, Redes Sociais e Neg\u00f3cios Digitais. Professor, Palestrante TedxTalks e Campus Party. Twitter: @ThalesBrandao\",\"sameAs\":[\"http:\\\/\\\/www.mandacaru.com.br\",\"https:\\\/\\\/www.facebook.com\\\/thalesbrandao\",\"http:\\\/\\\/www.instagram.com.br\\\/thalesbrandaoferreira\",\"https:\\\/\\\/www.linkedin.com\\\/in\\\/thales-brand\u00e3o-3948609\\\/\",\"https:\\\/\\\/x.com\\\/http:\\\/\\\/www.twitter.com\\\/thalesbrandao\"],\"url\":\"https:\\\/\\\/www.cidademarketing.com.br\\\/marketing\\\/author\\\/thalesbrandao\\\/\"}]}<\/script>\n<!-- \/ Yoast SEO plugin. -->","yoast_head_json":{"title":"Jeep entra no clima do S\u00e3o Jo\u00e3o de Caruaru - CidadeMarketing","robots":{"index":"index","follow":"follow","max-snippet":"max-snippet:-1","max-image-preview":"max-image-preview:large","max-video-preview":"max-video-preview:-1"},"canonical":"https:\/\/www.cidademarketing.com.br\/marketing\/2025\/06\/10\/jeep-entra-no-clima-do-sao-joao-de-caruaru\/","og_locale":"pt_BR","og_type":"article","og_title":"Jeep entra no clima do S\u00e3o Jo\u00e3o de Caruaru - CidadeMarketing","og_description":"A Jeep\u00ae, refer\u00eancia em ve\u00edculos utilit\u00e1rios esportivos no Brasil, est\u00e1 oficialmente no clima do S\u00e3o Jo\u00e3o de Caruaru, em Pernambuco. Em comemora\u00e7\u00e3o aos 10 anos de sua presen\u00e7a industrial no estado, a marca se tornou uma das patrocinadoras oficiais da festa junina mais emblem\u00e1tica do pa\u00eds, que segue at\u00e9 o dia 28 de junho. A [&hellip;]","og_url":"https:\/\/www.cidademarketing.com.br\/marketing\/2025\/06\/10\/jeep-entra-no-clima-do-sao-joao-de-caruaru\/","og_site_name":"CidadeMarketing","article_publisher":"https:\/\/www.facebook.com\/portalcidademarketing","article_author":"https:\/\/www.facebook.com\/thalesbrandao","article_published_time":"2025-06-10T19:40:59+00:00","og_image":[{"width":1000,"height":667,"url":"https:\/\/www.cidademarketing.com.br\/marketing\/wp-content\/uploads\/2025\/06\/jeep_saojoao_caruaru_2025_04.webp","type":"image\/webp"}],"author":"Thales Brand\u00e3o","twitter_card":"summary_large_image","twitter_creator":"@http:\/\/www.twitter.com\/thalesbrandao","twitter_site":"@CidadeMarketing","twitter_misc":{"Escrito por":"Thales Brand\u00e3o","Est. tempo de leitura":"2 minutos"},"schema":{"@context":"https:\/\/schema.org","@graph":[{"@type":"Article","@id":"https:\/\/www.cidademarketing.com.br\/marketing\/2025\/06\/10\/jeep-entra-no-clima-do-sao-joao-de-caruaru\/#article","isPartOf":{"@id":"https:\/\/www.cidademarketing.com.br\/marketing\/2025\/06\/10\/jeep-entra-no-clima-do-sao-joao-de-caruaru\/"},"author":{"name":"Thales Brand\u00e3o","@id":"https:\/\/www.cidademarketing.com.br\/marketing\/#\/schema\/person\/02daff9f18bd9378c9e01eb6b2db155f"},"headline":"Jeep entra no clima do S\u00e3o Jo\u00e3o de Caruaru","datePublished":"2025-06-10T19:40:59+00:00","mainEntityOfPage":{"@id":"https:\/\/www.cidademarketing.com.br\/marketing\/2025\/06\/10\/jeep-entra-no-clima-do-sao-joao-de-caruaru\/"},"wordCount":506,"commentCount":0,"publisher":{"@id":"https:\/\/www.cidademarketing.com.br\/marketing\/#organization"},"image":{"@id":"https:\/\/www.cidademarketing.com.br\/marketing\/2025\/06\/10\/jeep-entra-no-clima-do-sao-joao-de-caruaru\/#primaryimage"},"thumbnailUrl":"https:\/\/www.cidademarketing.com.br\/marketing\/wp-content\/uploads\/2025\/06\/jeep_saojoao_caruaru_2025_04.webp","keywords":["campanha","cultura popular","estrat\u00e9gia","Jeep","marketing","marketing cultural","Nordeste","patroc\u00ednio","Pernambuco","S\u00e3o Jo\u00e3o","S\u00e3o Jo\u00e3o de Caruaru"],"articleSection":["Not\u00edcias"],"inLanguage":"pt-BR","potentialAction":[{"@type":"CommentAction","name":"Comment","target":["https:\/\/www.cidademarketing.com.br\/marketing\/2025\/06\/10\/jeep-entra-no-clima-do-sao-joao-de-caruaru\/#respond"]}]},{"@type":"WebPage","@id":"https:\/\/www.cidademarketing.com.br\/marketing\/2025\/06\/10\/jeep-entra-no-clima-do-sao-joao-de-caruaru\/","url":"https:\/\/www.cidademarketing.com.br\/marketing\/2025\/06\/10\/jeep-entra-no-clima-do-sao-joao-de-caruaru\/","name":"Jeep entra no clima do S\u00e3o Jo\u00e3o de Caruaru - CidadeMarketing","isPartOf":{"@id":"https:\/\/www.cidademarketing.com.br\/marketing\/#website"},"primaryImageOfPage":{"@id":"https:\/\/www.cidademarketing.com.br\/marketing\/2025\/06\/10\/jeep-entra-no-clima-do-sao-joao-de-caruaru\/#primaryimage"},"image":{"@id":"https:\/\/www.cidademarketing.com.br\/marketing\/2025\/06\/10\/jeep-entra-no-clima-do-sao-joao-de-caruaru\/#primaryimage"},"thumbnailUrl":"https:\/\/www.cidademarketing.com.br\/marketing\/wp-content\/uploads\/2025\/06\/jeep_saojoao_caruaru_2025_04.webp","datePublished":"2025-06-10T19:40:59+00:00","breadcrumb":{"@id":"https:\/\/www.cidademarketing.com.br\/marketing\/2025\/06\/10\/jeep-entra-no-clima-do-sao-joao-de-caruaru\/#breadcrumb"},"inLanguage":"pt-BR","potentialAction":[{"@type":"ReadAction","target":["https:\/\/www.cidademarketing.com.br\/marketing\/2025\/06\/10\/jeep-entra-no-clima-do-sao-joao-de-caruaru\/"]}]},{"@type":"ImageObject","inLanguage":"pt-BR","@id":"https:\/\/www.cidademarketing.com.br\/marketing\/2025\/06\/10\/jeep-entra-no-clima-do-sao-joao-de-caruaru\/#primaryimage","url":"https:\/\/www.cidademarketing.com.br\/marketing\/wp-content\/uploads\/2025\/06\/jeep_saojoao_caruaru_2025_04.webp","contentUrl":"https:\/\/www.cidademarketing.com.br\/marketing\/wp-content\/uploads\/2025\/06\/jeep_saojoao_caruaru_2025_04.webp","width":1000,"height":667,"caption":"Divulga\u00e7\u00e3o"},{"@type":"BreadcrumbList","@id":"https:\/\/www.cidademarketing.com.br\/marketing\/2025\/06\/10\/jeep-entra-no-clima-do-sao-joao-de-caruaru\/#breadcrumb","itemListElement":[{"@type":"ListItem","position":1,"name":"In\u00edcio","item":"https:\/\/www.cidademarketing.com.br\/marketing\/"},{"@type":"ListItem","position":2,"name":"Jeep entra no clima do S\u00e3o Jo\u00e3o de Caruaru"}]},{"@type":"WebSite","@id":"https:\/\/www.cidademarketing.com.br\/marketing\/#website","url":"https:\/\/www.cidademarketing.com.br\/marketing\/","name":"CidadeMarketing","description":"Somos um ve\u00edculo de comunica\u00e7\u00e3o de destaque no Brasil, reconhecido por conte\u00fados nos segmentos de marketing, empreendedorismo e inova\u00e7\u00e3o.","publisher":{"@id":"https:\/\/www.cidademarketing.com.br\/marketing\/#organization"},"alternateName":"CidadeMarketing","potentialAction":[{"@type":"SearchAction","target":{"@type":"EntryPoint","urlTemplate":"https:\/\/www.cidademarketing.com.br\/marketing\/?s={search_term_string}"},"query-input":{"@type":"PropertyValueSpecification","valueRequired":true,"valueName":"search_term_string"}}],"inLanguage":"pt-BR"},{"@type":"Organization","@id":"https:\/\/www.cidademarketing.com.br\/marketing\/#organization","name":"CidadeMarketing","alternateName":"CidadeMarketing","url":"https:\/\/www.cidademarketing.com.br\/marketing\/","logo":{"@type":"ImageObject","inLanguage":"pt-BR","@id":"https:\/\/www.cidademarketing.com.br\/marketing\/#\/schema\/logo\/image\/","url":"https:\/\/www.cidademarketing.com.br\/marketing\/wp-content\/uploads\/2020\/01\/cidademarketing_marca_mobile.png","contentUrl":"https:\/\/www.cidademarketing.com.br\/marketing\/wp-content\/uploads\/2020\/01\/cidademarketing_marca_mobile.png","width":230,"height":92,"caption":"CidadeMarketing"},"image":{"@id":"https:\/\/www.cidademarketing.com.br\/marketing\/#\/schema\/logo\/image\/"},"sameAs":["https:\/\/www.facebook.com\/portalcidademarketing","https:\/\/x.com\/CidadeMarketing","https:\/\/www.instagram.com\/cidademarketing\/"]},{"@type":"Person","@id":"https:\/\/www.cidademarketing.com.br\/marketing\/#\/schema\/person\/02daff9f18bd9378c9e01eb6b2db155f","name":"Thales Brand\u00e3o","image":{"@type":"ImageObject","inLanguage":"pt-BR","@id":"https:\/\/secure.gravatar.com\/avatar\/7ca3206950207cc3cb48feec56a8a7898741ab725c368d99d5d7a5a50aab80c6?s=96&d=mm&r=g","url":"https:\/\/secure.gravatar.com\/avatar\/7ca3206950207cc3cb48feec56a8a7898741ab725c368d99d5d7a5a50aab80c6?s=96&d=mm&r=g","contentUrl":"https:\/\/secure.gravatar.com\/avatar\/7ca3206950207cc3cb48feec56a8a7898741ab725c368d99d5d7a5a50aab80c6?s=96&d=mm&r=g","caption":"Thales Brand\u00e3o"},"description":"Editor Executivo do Portal CidadeMarketing.com.br &gt; Mestre em Comunica\u00e7\u00e3o e Sociedade pela Universidade Federal de Sergipe. Possui MBA Executivo em Administra\u00e7\u00e3o com \u00eanfase em Marketing pela Funda\u00e7\u00e3o Get\u00falio Vargas - Rio de Janeiro. Consultor, Palestrante e Pesquisador sobre Empreendedorismo, Marketing, Redes Sociais e Neg\u00f3cios Digitais. Professor, Palestrante TedxTalks e Campus Party. Twitter: @ThalesBrandao","sameAs":["http:\/\/www.mandacaru.com.br","https:\/\/www.facebook.com\/thalesbrandao","http:\/\/www.instagram.com.br\/thalesbrandaoferreira","https:\/\/www.linkedin.com\/in\/thales-brand\u00e3o-3948609\/","https:\/\/x.com\/http:\/\/www.twitter.com\/thalesbrandao"],"url":"https:\/\/www.cidademarketing.com.br\/marketing\/author\/thalesbrandao\/"}]}},"amp_enabled":true,"_links":{"self":[{"href":"https:\/\/www.cidademarketing.com.br\/marketing\/wp-json\/wp\/v2\/posts\/56687","targetHints":{"allow":["GET"]}}],"collection":[{"href":"https:\/\/www.cidademarketing.com.br\/marketing\/wp-json\/wp\/v2\/posts"}],"about":[{"href":"https:\/\/www.cidademarketing.com.br\/marketing\/wp-json\/wp\/v2\/types\/post"}],"author":[{"embeddable":true,"href":"https:\/\/www.cidademarketing.com.br\/marketing\/wp-json\/wp\/v2\/users\/1"}],"replies":[{"embeddable":true,"href":"https:\/\/www.cidademarketing.com.br\/marketing\/wp-json\/wp\/v2\/comments?post=56687"}],"version-history":[{"count":2,"href":"https:\/\/www.cidademarketing.com.br\/marketing\/wp-json\/wp\/v2\/posts\/56687\/revisions"}],"predecessor-version":[{"id":56695,"href":"https:\/\/www.cidademarketing.com.br\/marketing\/wp-json\/wp\/v2\/posts\/56687\/revisions\/56695"}],"wp:featuredmedia":[{"embeddable":true,"href":"https:\/\/www.cidademarketing.com.br\/marketing\/wp-json\/wp\/v2\/media\/56693"}],"wp:attachment":[{"href":"https:\/\/www.cidademarketing.com.br\/marketing\/wp-json\/wp\/v2\/media?parent=56687"}],"wp:term":[{"taxonomy":"category","embeddable":true,"href":"https:\/\/www.cidademarketing.com.br\/marketing\/wp-json\/wp\/v2\/categories?post=56687"},{"taxonomy":"post_tag","embeddable":true,"href":"https:\/\/www.cidademarketing.com.br\/marketing\/wp-json\/wp\/v2\/tags?post=56687"}],"curies":[{"name":"wp","href":"https:\/\/api.w.org\/{rel}","templated":true}]}}