{"id":56669,"date":"2025-06-09T12:23:11","date_gmt":"2025-06-09T15:23:11","guid":{"rendered":"https:\/\/www.cidademarketing.com.br\/marketing\/?p=56669"},"modified":"2025-06-09T12:23:11","modified_gmt":"2025-06-09T15:23:11","slug":"kyra-gracie-e-malvino-salvador-em-cenas-de-romance-para-o-esquenta-de-namorados-delrio","status":"publish","type":"post","link":"https:\/\/www.cidademarketing.com.br\/marketing\/2025\/06\/09\/kyra-gracie-e-malvino-salvador-em-cenas-de-romance-para-o-esquenta-de-namorados-delrio\/","title":{"rendered":"Kyra Gracie e Malvino Salvador em cenas de romance para o \u201cEsquenta de Namorados DelRio&#8221;"},"content":{"rendered":"<p>A DelRio lan\u00e7a o seu \u201cEsquenta de Namorados\u201d e convida os consumidores a celebrarem o amor e viver intensamente a rela\u00e7\u00e3o. A a\u00e7\u00e3o faz parte do guarda-chuva conceitual &#8220;Vai com DelRio. Vai com tudo&#8221;, que permeia a comunica\u00e7\u00e3o da marca, refor\u00e7ando seu posicionamento ancorado no empoderamento e no convite a viver a vida com intensidade.<\/p>\n<p>Para a campanha do Dia dos Namorados, a marca prop\u00f5e uma narrativa de cumplicidade e desejo, que ganha for\u00e7a com a presen\u00e7a dos embaixadores: a multicampe\u00e3 e atleta Kyra Gracie e o ator Malvino Salvador, protagonistas de um v\u00eddeo inspirador e cheio de romance, que leva uma assinatura provocativa: \u201cNo Dia dos Namorados, vai com paix\u00e3o, vai com desejo, vai com emo\u00e7\u00e3o\u201d.<\/p>\n<p>\u201cMais do que antecipar o Dia dos Namorados, queremos inspirar momentos de conex\u00e3o, desejo e autoestima. O esquenta DelRio traduz o convite da marca para viver o amor, por si e pelo outro, com intensidade, conforto e estilo\u201d, afirma a coordenadora de marketing da DelRio, Tatiana Lowatzki.<\/p>\n<div class=\"youtube-embed\" data-video_id=\"WLMr0fbNFwY\"><iframe title=\"ESQUENTA DOS NAMORADOS - DELRIO\" width=\"640\" height=\"360\" src=\"https:\/\/www.youtube.com\/embed\/WLMr0fbNFwY?feature=oembed&#038;enablejsapi=1\" frameborder=\"0\" allow=\"accelerometer; autoplay; clipboard-write; encrypted-media; gyroscope; picture-in-picture; web-share\" referrerpolicy=\"strict-origin-when-cross-origin\" allowfullscreen><\/iframe><\/div>\n<p>No conte\u00fado principal da campanha, o casal veste pe\u00e7as da DelRio em clima de intimidade e paix\u00e3o e protagonizam um verdadeiro \u201cesquenta de amor\u201d. As cenas geram identifica\u00e7\u00e3o e desejo, al\u00e9m de valorizar a autenticidade e a sintonia do casal como porta-vozes da marca. A ideia \u00e9 gerar conversas, ampliar o alcance de DelRio na data, al\u00e9m de estimular o consumo antecipado e emocional.<\/p>\n<p>A campanha de Dia dos Namorados tem assinatura da Advance, ag\u00eancia respons\u00e1vel por dar forma \u00e0 estrat\u00e9gia que une emo\u00e7\u00e3o, mec\u00e2nicas promocionais e conte\u00fado de alto impacto.<\/p>\n","protected":false},"excerpt":{"rendered":"<p>A DelRio lan\u00e7a o seu \u201cEsquenta de Namorados\u201d e convida os consumidores a celebrarem o amor e viver intensamente a rela\u00e7\u00e3o. A a\u00e7\u00e3o faz parte do guarda-chuva conceitual &#8220;Vai com DelRio. Vai com tudo&#8221;, que permeia a comunica\u00e7\u00e3o da marca, refor\u00e7ando seu posicionamento ancorado no empoderamento e no convite a viver a vida com intensidade. [&hellip;]<\/p>\n","protected":false},"author":1,"featured_media":56670,"comment_status":"open","ping_status":"open","sticky":false,"template":"","format":"standard","meta":{"tdm_status":"","tdm_grid_status":"","footnotes":""},"categories":[6],"tags":[8731,9400,65,308,4976,1881,33,8849,8848,28],"class_list":["post-56669","post","type-post","status-publish","format-standard","has-post-thumbnail","hentry","category-noticias","tag-advance","tag-agencia-advance","tag-campanha","tag-comunicacao","tag-delrio","tag-dia-dos-namorados","tag-estrategia","tag-kyra-gracie","tag-malvino-salvador","tag-marketing"],"yoast_head":"<!-- This site is optimized with the Yoast SEO plugin v27.4 - https:\/\/yoast.com\/product\/yoast-seo-wordpress\/ -->\n<title>Kyra Gracie e Malvino Salvador em cenas de romance para o \u201cEsquenta de Namorados DelRio&quot; - CidadeMarketing<\/title>\n<meta name=\"robots\" content=\"index, follow, max-snippet:-1, max-image-preview:large, max-video-preview:-1\" \/>\n<link rel=\"canonical\" href=\"https:\/\/www.cidademarketing.com.br\/marketing\/2025\/06\/09\/kyra-gracie-e-malvino-salvador-em-cenas-de-romance-para-o-esquenta-de-namorados-delrio\/\" \/>\n<meta property=\"og:locale\" content=\"pt_BR\" \/>\n<meta property=\"og:type\" content=\"article\" \/>\n<meta property=\"og:title\" content=\"Kyra Gracie e Malvino Salvador em cenas de romance para o \u201cEsquenta de Namorados DelRio&quot; - CidadeMarketing\" \/>\n<meta property=\"og:description\" content=\"A DelRio lan\u00e7a o seu \u201cEsquenta de Namorados\u201d e convida os consumidores a celebrarem o amor e viver intensamente a rela\u00e7\u00e3o. A a\u00e7\u00e3o faz parte do guarda-chuva conceitual &#8220;Vai com DelRio. Vai com tudo&#8221;, que permeia a comunica\u00e7\u00e3o da marca, refor\u00e7ando seu posicionamento ancorado no empoderamento e no convite a viver a vida com intensidade. [&hellip;]\" \/>\n<meta property=\"og:url\" content=\"https:\/\/www.cidademarketing.com.br\/marketing\/2025\/06\/09\/kyra-gracie-e-malvino-salvador-em-cenas-de-romance-para-o-esquenta-de-namorados-delrio\/\" \/>\n<meta property=\"og:site_name\" content=\"CidadeMarketing\" \/>\n<meta property=\"article:publisher\" content=\"https:\/\/www.facebook.com\/portalcidademarketing\" \/>\n<meta property=\"article:author\" content=\"https:\/\/www.facebook.com\/thalesbrandao\" \/>\n<meta property=\"article:published_time\" content=\"2025-06-09T15:23:11+00:00\" \/>\n<meta property=\"og:image\" content=\"https:\/\/www.cidademarketing.com.br\/marketing\/wp-content\/uploads\/2025\/06\/delrio_campanha_diadosnamorados_advance.webp\" \/>\n\t<meta property=\"og:image:width\" content=\"1577\" \/>\n\t<meta property=\"og:image:height\" content=\"854\" \/>\n\t<meta property=\"og:image:type\" content=\"image\/webp\" \/>\n<meta name=\"author\" content=\"Thales Brand\u00e3o\" \/>\n<meta name=\"twitter:card\" content=\"summary_large_image\" \/>\n<meta name=\"twitter:creator\" content=\"@http:\/\/www.twitter.com\/thalesbrandao\" \/>\n<meta name=\"twitter:site\" content=\"@CidadeMarketing\" \/>\n<meta name=\"twitter:label1\" content=\"Escrito por\" \/>\n\t<meta name=\"twitter:data1\" content=\"Thales Brand\u00e3o\" \/>\n\t<meta name=\"twitter:label2\" content=\"Est. tempo de leitura\" \/>\n\t<meta name=\"twitter:data2\" content=\"1 minuto\" \/>\n<script type=\"application\/ld+json\" class=\"yoast-schema-graph\">{\"@context\":\"https:\\\/\\\/schema.org\",\"@graph\":[{\"@type\":\"Article\",\"@id\":\"https:\\\/\\\/www.cidademarketing.com.br\\\/marketing\\\/2025\\\/06\\\/09\\\/kyra-gracie-e-malvino-salvador-em-cenas-de-romance-para-o-esquenta-de-namorados-delrio\\\/#article\",\"isPartOf\":{\"@id\":\"https:\\\/\\\/www.cidademarketing.com.br\\\/marketing\\\/2025\\\/06\\\/09\\\/kyra-gracie-e-malvino-salvador-em-cenas-de-romance-para-o-esquenta-de-namorados-delrio\\\/\"},\"author\":{\"name\":\"Thales Brand\u00e3o\",\"@id\":\"https:\\\/\\\/www.cidademarketing.com.br\\\/marketing\\\/#\\\/schema\\\/person\\\/02daff9f18bd9378c9e01eb6b2db155f\"},\"headline\":\"Kyra Gracie e Malvino Salvador em cenas de romance para o \u201cEsquenta de Namorados DelRio&#8221;\",\"datePublished\":\"2025-06-09T15:23:11+00:00\",\"mainEntityOfPage\":{\"@id\":\"https:\\\/\\\/www.cidademarketing.com.br\\\/marketing\\\/2025\\\/06\\\/09\\\/kyra-gracie-e-malvino-salvador-em-cenas-de-romance-para-o-esquenta-de-namorados-delrio\\\/\"},\"wordCount\":302,\"commentCount\":0,\"publisher\":{\"@id\":\"https:\\\/\\\/www.cidademarketing.com.br\\\/marketing\\\/#organization\"},\"image\":{\"@id\":\"https:\\\/\\\/www.cidademarketing.com.br\\\/marketing\\\/2025\\\/06\\\/09\\\/kyra-gracie-e-malvino-salvador-em-cenas-de-romance-para-o-esquenta-de-namorados-delrio\\\/#primaryimage\"},\"thumbnailUrl\":\"https:\\\/\\\/www.cidademarketing.com.br\\\/marketing\\\/wp-content\\\/uploads\\\/2025\\\/06\\\/delrio_campanha_diadosnamorados_advance.webp\",\"keywords\":[\"Advance\",\"ag\u00eancia Advance\",\"campanha\",\"comunica\u00e7\u00e3o\",\"DelRio\",\"Dia dos Namorados\",\"estrat\u00e9gia\",\"Kyra Gracie\",\"Malvino Salvador\",\"marketing\"],\"articleSection\":[\"Not\u00edcias\"],\"inLanguage\":\"pt-BR\",\"potentialAction\":[{\"@type\":\"CommentAction\",\"name\":\"Comment\",\"target\":[\"https:\\\/\\\/www.cidademarketing.com.br\\\/marketing\\\/2025\\\/06\\\/09\\\/kyra-gracie-e-malvino-salvador-em-cenas-de-romance-para-o-esquenta-de-namorados-delrio\\\/#respond\"]}]},{\"@type\":\"WebPage\",\"@id\":\"https:\\\/\\\/www.cidademarketing.com.br\\\/marketing\\\/2025\\\/06\\\/09\\\/kyra-gracie-e-malvino-salvador-em-cenas-de-romance-para-o-esquenta-de-namorados-delrio\\\/\",\"url\":\"https:\\\/\\\/www.cidademarketing.com.br\\\/marketing\\\/2025\\\/06\\\/09\\\/kyra-gracie-e-malvino-salvador-em-cenas-de-romance-para-o-esquenta-de-namorados-delrio\\\/\",\"name\":\"Kyra Gracie e Malvino Salvador em cenas de romance para o \u201cEsquenta de Namorados DelRio\\\" - CidadeMarketing\",\"isPartOf\":{\"@id\":\"https:\\\/\\\/www.cidademarketing.com.br\\\/marketing\\\/#website\"},\"primaryImageOfPage\":{\"@id\":\"https:\\\/\\\/www.cidademarketing.com.br\\\/marketing\\\/2025\\\/06\\\/09\\\/kyra-gracie-e-malvino-salvador-em-cenas-de-romance-para-o-esquenta-de-namorados-delrio\\\/#primaryimage\"},\"image\":{\"@id\":\"https:\\\/\\\/www.cidademarketing.com.br\\\/marketing\\\/2025\\\/06\\\/09\\\/kyra-gracie-e-malvino-salvador-em-cenas-de-romance-para-o-esquenta-de-namorados-delrio\\\/#primaryimage\"},\"thumbnailUrl\":\"https:\\\/\\\/www.cidademarketing.com.br\\\/marketing\\\/wp-content\\\/uploads\\\/2025\\\/06\\\/delrio_campanha_diadosnamorados_advance.webp\",\"datePublished\":\"2025-06-09T15:23:11+00:00\",\"breadcrumb\":{\"@id\":\"https:\\\/\\\/www.cidademarketing.com.br\\\/marketing\\\/2025\\\/06\\\/09\\\/kyra-gracie-e-malvino-salvador-em-cenas-de-romance-para-o-esquenta-de-namorados-delrio\\\/#breadcrumb\"},\"inLanguage\":\"pt-BR\",\"potentialAction\":[{\"@type\":\"ReadAction\",\"target\":[\"https:\\\/\\\/www.cidademarketing.com.br\\\/marketing\\\/2025\\\/06\\\/09\\\/kyra-gracie-e-malvino-salvador-em-cenas-de-romance-para-o-esquenta-de-namorados-delrio\\\/\"]}]},{\"@type\":\"ImageObject\",\"inLanguage\":\"pt-BR\",\"@id\":\"https:\\\/\\\/www.cidademarketing.com.br\\\/marketing\\\/2025\\\/06\\\/09\\\/kyra-gracie-e-malvino-salvador-em-cenas-de-romance-para-o-esquenta-de-namorados-delrio\\\/#primaryimage\",\"url\":\"https:\\\/\\\/www.cidademarketing.com.br\\\/marketing\\\/wp-content\\\/uploads\\\/2025\\\/06\\\/delrio_campanha_diadosnamorados_advance.webp\",\"contentUrl\":\"https:\\\/\\\/www.cidademarketing.com.br\\\/marketing\\\/wp-content\\\/uploads\\\/2025\\\/06\\\/delrio_campanha_diadosnamorados_advance.webp\",\"width\":1577,\"height\":854,\"caption\":\"Reprodu\u00e7\u00e3o\"},{\"@type\":\"BreadcrumbList\",\"@id\":\"https:\\\/\\\/www.cidademarketing.com.br\\\/marketing\\\/2025\\\/06\\\/09\\\/kyra-gracie-e-malvino-salvador-em-cenas-de-romance-para-o-esquenta-de-namorados-delrio\\\/#breadcrumb\",\"itemListElement\":[{\"@type\":\"ListItem\",\"position\":1,\"name\":\"In\u00edcio\",\"item\":\"https:\\\/\\\/www.cidademarketing.com.br\\\/marketing\\\/\"},{\"@type\":\"ListItem\",\"position\":2,\"name\":\"Kyra Gracie e Malvino Salvador em cenas de romance para o \u201cEsquenta de Namorados DelRio&#8221;\"}]},{\"@type\":\"WebSite\",\"@id\":\"https:\\\/\\\/www.cidademarketing.com.br\\\/marketing\\\/#website\",\"url\":\"https:\\\/\\\/www.cidademarketing.com.br\\\/marketing\\\/\",\"name\":\"CidadeMarketing\",\"description\":\"Somos um ve\u00edculo de comunica\u00e7\u00e3o de destaque no Brasil, reconhecido por conte\u00fados nos segmentos de marketing, empreendedorismo e inova\u00e7\u00e3o.\",\"publisher\":{\"@id\":\"https:\\\/\\\/www.cidademarketing.com.br\\\/marketing\\\/#organization\"},\"alternateName\":\"CidadeMarketing\",\"potentialAction\":[{\"@type\":\"SearchAction\",\"target\":{\"@type\":\"EntryPoint\",\"urlTemplate\":\"https:\\\/\\\/www.cidademarketing.com.br\\\/marketing\\\/?s={search_term_string}\"},\"query-input\":{\"@type\":\"PropertyValueSpecification\",\"valueRequired\":true,\"valueName\":\"search_term_string\"}}],\"inLanguage\":\"pt-BR\"},{\"@type\":\"Organization\",\"@id\":\"https:\\\/\\\/www.cidademarketing.com.br\\\/marketing\\\/#organization\",\"name\":\"CidadeMarketing\",\"alternateName\":\"CidadeMarketing\",\"url\":\"https:\\\/\\\/www.cidademarketing.com.br\\\/marketing\\\/\",\"logo\":{\"@type\":\"ImageObject\",\"inLanguage\":\"pt-BR\",\"@id\":\"https:\\\/\\\/www.cidademarketing.com.br\\\/marketing\\\/#\\\/schema\\\/logo\\\/image\\\/\",\"url\":\"https:\\\/\\\/www.cidademarketing.com.br\\\/marketing\\\/wp-content\\\/uploads\\\/2020\\\/01\\\/cidademarketing_marca_mobile.png\",\"contentUrl\":\"https:\\\/\\\/www.cidademarketing.com.br\\\/marketing\\\/wp-content\\\/uploads\\\/2020\\\/01\\\/cidademarketing_marca_mobile.png\",\"width\":230,\"height\":92,\"caption\":\"CidadeMarketing\"},\"image\":{\"@id\":\"https:\\\/\\\/www.cidademarketing.com.br\\\/marketing\\\/#\\\/schema\\\/logo\\\/image\\\/\"},\"sameAs\":[\"https:\\\/\\\/www.facebook.com\\\/portalcidademarketing\",\"https:\\\/\\\/x.com\\\/CidadeMarketing\",\"https:\\\/\\\/www.instagram.com\\\/cidademarketing\\\/\"]},{\"@type\":\"Person\",\"@id\":\"https:\\\/\\\/www.cidademarketing.com.br\\\/marketing\\\/#\\\/schema\\\/person\\\/02daff9f18bd9378c9e01eb6b2db155f\",\"name\":\"Thales Brand\u00e3o\",\"image\":{\"@type\":\"ImageObject\",\"inLanguage\":\"pt-BR\",\"@id\":\"https:\\\/\\\/secure.gravatar.com\\\/avatar\\\/7ca3206950207cc3cb48feec56a8a7898741ab725c368d99d5d7a5a50aab80c6?s=96&d=mm&r=g\",\"url\":\"https:\\\/\\\/secure.gravatar.com\\\/avatar\\\/7ca3206950207cc3cb48feec56a8a7898741ab725c368d99d5d7a5a50aab80c6?s=96&d=mm&r=g\",\"contentUrl\":\"https:\\\/\\\/secure.gravatar.com\\\/avatar\\\/7ca3206950207cc3cb48feec56a8a7898741ab725c368d99d5d7a5a50aab80c6?s=96&d=mm&r=g\",\"caption\":\"Thales Brand\u00e3o\"},\"description\":\"Editor Executivo do Portal CidadeMarketing.com.br &gt; Mestre em Comunica\u00e7\u00e3o e Sociedade pela Universidade Federal de Sergipe. Possui MBA Executivo em Administra\u00e7\u00e3o com \u00eanfase em Marketing pela Funda\u00e7\u00e3o Get\u00falio Vargas - Rio de Janeiro. Consultor, Palestrante e Pesquisador sobre Empreendedorismo, Marketing, Redes Sociais e Neg\u00f3cios Digitais. Professor, Palestrante TedxTalks e Campus Party. Twitter: @ThalesBrandao\",\"sameAs\":[\"http:\\\/\\\/www.mandacaru.com.br\",\"https:\\\/\\\/www.facebook.com\\\/thalesbrandao\",\"http:\\\/\\\/www.instagram.com.br\\\/thalesbrandaoferreira\",\"https:\\\/\\\/www.linkedin.com\\\/in\\\/thales-brand\u00e3o-3948609\\\/\",\"https:\\\/\\\/x.com\\\/http:\\\/\\\/www.twitter.com\\\/thalesbrandao\"],\"url\":\"https:\\\/\\\/www.cidademarketing.com.br\\\/marketing\\\/author\\\/thalesbrandao\\\/\"}]}<\/script>\n<!-- \/ Yoast SEO plugin. -->","yoast_head_json":{"title":"Kyra Gracie e Malvino Salvador em cenas de romance para o \u201cEsquenta de Namorados DelRio\" - CidadeMarketing","robots":{"index":"index","follow":"follow","max-snippet":"max-snippet:-1","max-image-preview":"max-image-preview:large","max-video-preview":"max-video-preview:-1"},"canonical":"https:\/\/www.cidademarketing.com.br\/marketing\/2025\/06\/09\/kyra-gracie-e-malvino-salvador-em-cenas-de-romance-para-o-esquenta-de-namorados-delrio\/","og_locale":"pt_BR","og_type":"article","og_title":"Kyra Gracie e Malvino Salvador em cenas de romance para o \u201cEsquenta de Namorados DelRio\" - CidadeMarketing","og_description":"A DelRio lan\u00e7a o seu \u201cEsquenta de Namorados\u201d e convida os consumidores a celebrarem o amor e viver intensamente a rela\u00e7\u00e3o. A a\u00e7\u00e3o faz parte do guarda-chuva conceitual &#8220;Vai com DelRio. Vai com tudo&#8221;, que permeia a comunica\u00e7\u00e3o da marca, refor\u00e7ando seu posicionamento ancorado no empoderamento e no convite a viver a vida com intensidade. [&hellip;]","og_url":"https:\/\/www.cidademarketing.com.br\/marketing\/2025\/06\/09\/kyra-gracie-e-malvino-salvador-em-cenas-de-romance-para-o-esquenta-de-namorados-delrio\/","og_site_name":"CidadeMarketing","article_publisher":"https:\/\/www.facebook.com\/portalcidademarketing","article_author":"https:\/\/www.facebook.com\/thalesbrandao","article_published_time":"2025-06-09T15:23:11+00:00","og_image":[{"width":1577,"height":854,"url":"https:\/\/www.cidademarketing.com.br\/marketing\/wp-content\/uploads\/2025\/06\/delrio_campanha_diadosnamorados_advance.webp","type":"image\/webp"}],"author":"Thales Brand\u00e3o","twitter_card":"summary_large_image","twitter_creator":"@http:\/\/www.twitter.com\/thalesbrandao","twitter_site":"@CidadeMarketing","twitter_misc":{"Escrito por":"Thales Brand\u00e3o","Est. tempo de leitura":"1 minuto"},"schema":{"@context":"https:\/\/schema.org","@graph":[{"@type":"Article","@id":"https:\/\/www.cidademarketing.com.br\/marketing\/2025\/06\/09\/kyra-gracie-e-malvino-salvador-em-cenas-de-romance-para-o-esquenta-de-namorados-delrio\/#article","isPartOf":{"@id":"https:\/\/www.cidademarketing.com.br\/marketing\/2025\/06\/09\/kyra-gracie-e-malvino-salvador-em-cenas-de-romance-para-o-esquenta-de-namorados-delrio\/"},"author":{"name":"Thales Brand\u00e3o","@id":"https:\/\/www.cidademarketing.com.br\/marketing\/#\/schema\/person\/02daff9f18bd9378c9e01eb6b2db155f"},"headline":"Kyra Gracie e Malvino Salvador em cenas de romance para o \u201cEsquenta de Namorados DelRio&#8221;","datePublished":"2025-06-09T15:23:11+00:00","mainEntityOfPage":{"@id":"https:\/\/www.cidademarketing.com.br\/marketing\/2025\/06\/09\/kyra-gracie-e-malvino-salvador-em-cenas-de-romance-para-o-esquenta-de-namorados-delrio\/"},"wordCount":302,"commentCount":0,"publisher":{"@id":"https:\/\/www.cidademarketing.com.br\/marketing\/#organization"},"image":{"@id":"https:\/\/www.cidademarketing.com.br\/marketing\/2025\/06\/09\/kyra-gracie-e-malvino-salvador-em-cenas-de-romance-para-o-esquenta-de-namorados-delrio\/#primaryimage"},"thumbnailUrl":"https:\/\/www.cidademarketing.com.br\/marketing\/wp-content\/uploads\/2025\/06\/delrio_campanha_diadosnamorados_advance.webp","keywords":["Advance","ag\u00eancia Advance","campanha","comunica\u00e7\u00e3o","DelRio","Dia dos Namorados","estrat\u00e9gia","Kyra Gracie","Malvino Salvador","marketing"],"articleSection":["Not\u00edcias"],"inLanguage":"pt-BR","potentialAction":[{"@type":"CommentAction","name":"Comment","target":["https:\/\/www.cidademarketing.com.br\/marketing\/2025\/06\/09\/kyra-gracie-e-malvino-salvador-em-cenas-de-romance-para-o-esquenta-de-namorados-delrio\/#respond"]}]},{"@type":"WebPage","@id":"https:\/\/www.cidademarketing.com.br\/marketing\/2025\/06\/09\/kyra-gracie-e-malvino-salvador-em-cenas-de-romance-para-o-esquenta-de-namorados-delrio\/","url":"https:\/\/www.cidademarketing.com.br\/marketing\/2025\/06\/09\/kyra-gracie-e-malvino-salvador-em-cenas-de-romance-para-o-esquenta-de-namorados-delrio\/","name":"Kyra Gracie e Malvino Salvador em cenas de romance para o \u201cEsquenta de Namorados DelRio\" - CidadeMarketing","isPartOf":{"@id":"https:\/\/www.cidademarketing.com.br\/marketing\/#website"},"primaryImageOfPage":{"@id":"https:\/\/www.cidademarketing.com.br\/marketing\/2025\/06\/09\/kyra-gracie-e-malvino-salvador-em-cenas-de-romance-para-o-esquenta-de-namorados-delrio\/#primaryimage"},"image":{"@id":"https:\/\/www.cidademarketing.com.br\/marketing\/2025\/06\/09\/kyra-gracie-e-malvino-salvador-em-cenas-de-romance-para-o-esquenta-de-namorados-delrio\/#primaryimage"},"thumbnailUrl":"https:\/\/www.cidademarketing.com.br\/marketing\/wp-content\/uploads\/2025\/06\/delrio_campanha_diadosnamorados_advance.webp","datePublished":"2025-06-09T15:23:11+00:00","breadcrumb":{"@id":"https:\/\/www.cidademarketing.com.br\/marketing\/2025\/06\/09\/kyra-gracie-e-malvino-salvador-em-cenas-de-romance-para-o-esquenta-de-namorados-delrio\/#breadcrumb"},"inLanguage":"pt-BR","potentialAction":[{"@type":"ReadAction","target":["https:\/\/www.cidademarketing.com.br\/marketing\/2025\/06\/09\/kyra-gracie-e-malvino-salvador-em-cenas-de-romance-para-o-esquenta-de-namorados-delrio\/"]}]},{"@type":"ImageObject","inLanguage":"pt-BR","@id":"https:\/\/www.cidademarketing.com.br\/marketing\/2025\/06\/09\/kyra-gracie-e-malvino-salvador-em-cenas-de-romance-para-o-esquenta-de-namorados-delrio\/#primaryimage","url":"https:\/\/www.cidademarketing.com.br\/marketing\/wp-content\/uploads\/2025\/06\/delrio_campanha_diadosnamorados_advance.webp","contentUrl":"https:\/\/www.cidademarketing.com.br\/marketing\/wp-content\/uploads\/2025\/06\/delrio_campanha_diadosnamorados_advance.webp","width":1577,"height":854,"caption":"Reprodu\u00e7\u00e3o"},{"@type":"BreadcrumbList","@id":"https:\/\/www.cidademarketing.com.br\/marketing\/2025\/06\/09\/kyra-gracie-e-malvino-salvador-em-cenas-de-romance-para-o-esquenta-de-namorados-delrio\/#breadcrumb","itemListElement":[{"@type":"ListItem","position":1,"name":"In\u00edcio","item":"https:\/\/www.cidademarketing.com.br\/marketing\/"},{"@type":"ListItem","position":2,"name":"Kyra Gracie e Malvino Salvador em cenas de romance para o \u201cEsquenta de Namorados DelRio&#8221;"}]},{"@type":"WebSite","@id":"https:\/\/www.cidademarketing.com.br\/marketing\/#website","url":"https:\/\/www.cidademarketing.com.br\/marketing\/","name":"CidadeMarketing","description":"Somos um ve\u00edculo de comunica\u00e7\u00e3o de destaque no Brasil, reconhecido por conte\u00fados nos segmentos de marketing, empreendedorismo e inova\u00e7\u00e3o.","publisher":{"@id":"https:\/\/www.cidademarketing.com.br\/marketing\/#organization"},"alternateName":"CidadeMarketing","potentialAction":[{"@type":"SearchAction","target":{"@type":"EntryPoint","urlTemplate":"https:\/\/www.cidademarketing.com.br\/marketing\/?s={search_term_string}"},"query-input":{"@type":"PropertyValueSpecification","valueRequired":true,"valueName":"search_term_string"}}],"inLanguage":"pt-BR"},{"@type":"Organization","@id":"https:\/\/www.cidademarketing.com.br\/marketing\/#organization","name":"CidadeMarketing","alternateName":"CidadeMarketing","url":"https:\/\/www.cidademarketing.com.br\/marketing\/","logo":{"@type":"ImageObject","inLanguage":"pt-BR","@id":"https:\/\/www.cidademarketing.com.br\/marketing\/#\/schema\/logo\/image\/","url":"https:\/\/www.cidademarketing.com.br\/marketing\/wp-content\/uploads\/2020\/01\/cidademarketing_marca_mobile.png","contentUrl":"https:\/\/www.cidademarketing.com.br\/marketing\/wp-content\/uploads\/2020\/01\/cidademarketing_marca_mobile.png","width":230,"height":92,"caption":"CidadeMarketing"},"image":{"@id":"https:\/\/www.cidademarketing.com.br\/marketing\/#\/schema\/logo\/image\/"},"sameAs":["https:\/\/www.facebook.com\/portalcidademarketing","https:\/\/x.com\/CidadeMarketing","https:\/\/www.instagram.com\/cidademarketing\/"]},{"@type":"Person","@id":"https:\/\/www.cidademarketing.com.br\/marketing\/#\/schema\/person\/02daff9f18bd9378c9e01eb6b2db155f","name":"Thales Brand\u00e3o","image":{"@type":"ImageObject","inLanguage":"pt-BR","@id":"https:\/\/secure.gravatar.com\/avatar\/7ca3206950207cc3cb48feec56a8a7898741ab725c368d99d5d7a5a50aab80c6?s=96&d=mm&r=g","url":"https:\/\/secure.gravatar.com\/avatar\/7ca3206950207cc3cb48feec56a8a7898741ab725c368d99d5d7a5a50aab80c6?s=96&d=mm&r=g","contentUrl":"https:\/\/secure.gravatar.com\/avatar\/7ca3206950207cc3cb48feec56a8a7898741ab725c368d99d5d7a5a50aab80c6?s=96&d=mm&r=g","caption":"Thales Brand\u00e3o"},"description":"Editor Executivo do Portal CidadeMarketing.com.br &gt; Mestre em Comunica\u00e7\u00e3o e Sociedade pela Universidade Federal de Sergipe. Possui MBA Executivo em Administra\u00e7\u00e3o com \u00eanfase em Marketing pela Funda\u00e7\u00e3o Get\u00falio Vargas - Rio de Janeiro. Consultor, Palestrante e Pesquisador sobre Empreendedorismo, Marketing, Redes Sociais e Neg\u00f3cios Digitais. Professor, Palestrante TedxTalks e Campus Party. Twitter: @ThalesBrandao","sameAs":["http:\/\/www.mandacaru.com.br","https:\/\/www.facebook.com\/thalesbrandao","http:\/\/www.instagram.com.br\/thalesbrandaoferreira","https:\/\/www.linkedin.com\/in\/thales-brand\u00e3o-3948609\/","https:\/\/x.com\/http:\/\/www.twitter.com\/thalesbrandao"],"url":"https:\/\/www.cidademarketing.com.br\/marketing\/author\/thalesbrandao\/"}]}},"amp_enabled":true,"_links":{"self":[{"href":"https:\/\/www.cidademarketing.com.br\/marketing\/wp-json\/wp\/v2\/posts\/56669","targetHints":{"allow":["GET"]}}],"collection":[{"href":"https:\/\/www.cidademarketing.com.br\/marketing\/wp-json\/wp\/v2\/posts"}],"about":[{"href":"https:\/\/www.cidademarketing.com.br\/marketing\/wp-json\/wp\/v2\/types\/post"}],"author":[{"embeddable":true,"href":"https:\/\/www.cidademarketing.com.br\/marketing\/wp-json\/wp\/v2\/users\/1"}],"replies":[{"embeddable":true,"href":"https:\/\/www.cidademarketing.com.br\/marketing\/wp-json\/wp\/v2\/comments?post=56669"}],"version-history":[{"count":1,"href":"https:\/\/www.cidademarketing.com.br\/marketing\/wp-json\/wp\/v2\/posts\/56669\/revisions"}],"predecessor-version":[{"id":56671,"href":"https:\/\/www.cidademarketing.com.br\/marketing\/wp-json\/wp\/v2\/posts\/56669\/revisions\/56671"}],"wp:featuredmedia":[{"embeddable":true,"href":"https:\/\/www.cidademarketing.com.br\/marketing\/wp-json\/wp\/v2\/media\/56670"}],"wp:attachment":[{"href":"https:\/\/www.cidademarketing.com.br\/marketing\/wp-json\/wp\/v2\/media?parent=56669"}],"wp:term":[{"taxonomy":"category","embeddable":true,"href":"https:\/\/www.cidademarketing.com.br\/marketing\/wp-json\/wp\/v2\/categories?post=56669"},{"taxonomy":"post_tag","embeddable":true,"href":"https:\/\/www.cidademarketing.com.br\/marketing\/wp-json\/wp\/v2\/tags?post=56669"}],"curies":[{"name":"wp","href":"https:\/\/api.w.org\/{rel}","templated":true}]}}