{"id":56655,"date":"2025-06-09T01:07:52","date_gmt":"2025-06-09T04:07:52","guid":{"rendered":"https:\/\/www.cidademarketing.com.br\/marketing\/?p=56655"},"modified":"2025-06-09T01:07:52","modified_gmt":"2025-06-09T04:07:52","slug":"no-dia-dos-namorados-terrarios-e-mini-jardins-ganham-espaco-como-presentes-com-memoria-afetiva","status":"publish","type":"post","link":"https:\/\/www.cidademarketing.com.br\/marketing\/2025\/06\/09\/no-dia-dos-namorados-terrarios-e-mini-jardins-ganham-espaco-como-presentes-com-memoria-afetiva\/","title":{"rendered":"No Dia dos Namorados, terr\u00e1rios e mini jardins ganham espa\u00e7o como presentes com mem\u00f3ria afetiva"},"content":{"rendered":"<p>Em um cen\u00e1rio onde o consumo consciente e a busca por experi\u00eancias com significado crescem cada vez mais, os <a href=\"https:\/\/www.instagram.com\/jardimemminiatura\/\" target=\"_blank\" rel=\"noopener\">terr\u00e1rios e mini jardins<\/a> v\u00eam se destacando como presentes afetivos, duradouros e cheios de simbolismo \u2014 desbancando at\u00e9 o tradicional buqu\u00ea de flores, especialmente em datas como o Dia dos Namorados.<\/p>\n<p>Enquanto flores cortadas t\u00eam vida breve e se despedem em poucos dias, os terr\u00e1rios e mini jardins s\u00e3o composi\u00e7\u00f5es vivas que permanecem por muito mais tempo. Feitos \u00e0 m\u00e3o, com plantas selecionadas e elementos personalizados como miniaturas, musgos e pedras decorativas, eles representam rela\u00e7\u00f5es que evoluem, se fortalecem e florescem com o tempo \u2014 assim como o amor.<\/p>\n<p>Essa tend\u00eancia tem sido acompanhada de perto pelo Jardim em Miniatura, marca especializada na cria\u00e7\u00e3o artesanal de terr\u00e1rios e mini jardins, com entrega local em Aracaju (SE) e envio para Salvador (BA) atrav\u00e9s de um parceiro log\u00edstico. Segundo a empreendedora, a procura por esse tipo de presente cresce significativamente em datas especiais, e o Dia dos Namorados se consolida como uma das mais movimentadas.<\/p>\n<blockquote class=\"instagram-media\" style=\"background: #FFF; border: 0; border-radius: 3px; box-shadow: 0 0 1px 0 rgba(0,0,0,0.5),0 1px 10px 0 rgba(0,0,0,0.15); margin: 1px; max-width: 540px; min-width: 326px; padding: 0; width: calc(100% - 2px);\" data-instgrm-captioned=\"\" data-instgrm-permalink=\"https:\/\/www.instagram.com\/reel\/DKhSWgCOIgf\/?utm_source=ig_embed&amp;utm_campaign=loading\" data-instgrm-version=\"14\">\n<div style=\"padding: 16px;\">\n<p>&nbsp;<\/p>\n<div style=\"display: flex; flex-direction: row; align-items: center;\">\n<div style=\"background-color: #f4f4f4; border-radius: 50%; flex-grow: 0; height: 40px; margin-right: 14px; width: 40px;\"><\/div>\n<div style=\"display: flex; flex-direction: column; flex-grow: 1; justify-content: center;\">\n<div style=\"background-color: #f4f4f4; border-radius: 4px; flex-grow: 0; height: 14px; margin-bottom: 6px; width: 100px;\"><\/div>\n<div style=\"background-color: #f4f4f4; border-radius: 4px; flex-grow: 0; height: 14px; width: 60px;\"><\/div>\n<\/div>\n<\/div>\n<div style=\"padding: 19% 0;\"><\/div>\n<div style=\"display: block; height: 50px; margin: 0 auto 12px; width: 50px;\"><\/div>\n<div style=\"padding-top: 8px;\">\n<div style=\"color: #3897f0; font-family: Arial,sans-serif; font-size: 14px; font-style: normal; font-weight: 550; line-height: 18px;\">Ver essa foto no Instagram<\/div>\n<\/div>\n<div style=\"padding: 12.5% 0;\"><\/div>\n<div style=\"display: flex; flex-direction: row; margin-bottom: 14px; align-items: center;\">\n<div>\n<div style=\"background-color: #f4f4f4; border-radius: 50%; height: 12.5px; width: 12.5px; transform: translateX(0px) translateY(7px);\"><\/div>\n<div style=\"background-color: #f4f4f4; height: 12.5px; transform: rotate(-45deg) translateX(3px) translateY(1px); width: 12.5px; flex-grow: 0; margin-right: 14px; margin-left: 2px;\"><\/div>\n<div style=\"background-color: #f4f4f4; border-radius: 50%; height: 12.5px; width: 12.5px; transform: translateX(9px) translateY(-18px);\"><\/div>\n<\/div>\n<div style=\"margin-left: 8px;\">\n<div style=\"background-color: #f4f4f4; border-radius: 50%; flex-grow: 0; height: 20px; width: 20px;\"><\/div>\n<div style=\"width: 0; height: 0; border-top: 2px solid transparent; border-left: 6px solid #f4f4f4; border-bottom: 2px solid transparent; transform: translateX(16px) translateY(-4px) rotate(30deg);\"><\/div>\n<\/div>\n<div style=\"margin-left: auto;\">\n<div style=\"width: 0px; border-top: 8px solid #F4F4F4; border-right: 8px solid transparent; transform: translateY(16px);\"><\/div>\n<div style=\"background-color: #f4f4f4; flex-grow: 0; height: 12px; width: 16px; transform: translateY(-4px);\"><\/div>\n<div style=\"width: 0; height: 0; border-top: 8px solid #F4F4F4; border-left: 8px solid transparent; transform: translateY(-4px) translateX(8px);\"><\/div>\n<\/div>\n<\/div>\n<div style=\"display: flex; flex-direction: column; flex-grow: 1; justify-content: center; margin-bottom: 24px;\">\n<div style=\"background-color: #f4f4f4; border-radius: 4px; flex-grow: 0; height: 14px; margin-bottom: 6px; width: 224px;\"><\/div>\n<div style=\"background-color: #f4f4f4; border-radius: 4px; flex-grow: 0; height: 14px; width: 144px;\"><\/div>\n<\/div>\n<p>&nbsp;<\/p>\n<p style=\"color: #c9c8cd; font-family: Arial,sans-serif; font-size: 14px; line-height: 17px; margin-bottom: 0; margin-top: 8px; overflow: hidden; padding: 8px 0 7px; text-align: center; text-overflow: ellipsis; white-space: nowrap;\"><a style=\"color: #c9c8cd; font-family: Arial,sans-serif; font-size: 14px; font-style: normal; font-weight: normal; line-height: 17px; text-decoration: none;\" href=\"https:\/\/www.instagram.com\/reel\/DKhSWgCOIgf\/?utm_source=ig_embed&amp;utm_campaign=loading\" target=\"_blank\" rel=\"noopener\">Uma publica\u00e7\u00e3o compartilhada por Jardim em Miniatura (@jardimemminiatura)<\/a><\/p>\n<\/div>\n<\/blockquote>\n<p><script async src=\"\/\/www.instagram.com\/embed.js\"><\/script><\/p>\n<p>\u201cMais do que um presente bonito, as pessoas querem algo que tenha significado, que fale por elas, que simbolize cuidado e cumplicidade. Um terr\u00e1rio \u00e9 vivo, carrega prop\u00f3sito e se transforma com o tempo \u2014 como uma rela\u00e7\u00e3o verdadeira\u201d, destaca Kheylla Brand\u00e3o, jardineira e empreendedora do Jardim em Miniatura.<\/p>\n\r\n                <style type=\"text\/css\">\r\n                    \r\n                    #tdi_1  .td-doubleSlider-2 .td-item1 {\r\n                        background: url(https:\/\/www.cidademarketing.com.br\/marketing\/wp-content\/uploads\/2025\/06\/diadosnamorados_jardimemminiatura_terrario_minijardim_aracaju_12-80x60.webp) 0 0 no-repeat;\r\n                    }\r\n                    #tdi_1  .td-doubleSlider-2 .td-item2 {\r\n                        background: url(https:\/\/www.cidademarketing.com.br\/marketing\/wp-content\/uploads\/2025\/06\/diadosnamorados_jardimemminiatura_terrario_minijardim_aracaju_11-80x60.webp) 0 0 no-repeat;\r\n                    }\r\n                    #tdi_1  .td-doubleSlider-2 .td-item3 {\r\n                        background: url(https:\/\/www.cidademarketing.com.br\/marketing\/wp-content\/uploads\/2025\/06\/diadosnamorados_jardimemminiatura_terrario_minijardim_aracaju_10-80x60.webp) 0 0 no-repeat;\r\n                    }\r\n                    #tdi_1  .td-doubleSlider-2 .td-item4 {\r\n                        background: url(https:\/\/www.cidademarketing.com.br\/marketing\/wp-content\/uploads\/2025\/06\/diadosnamorados_jardimemminiatura_terrario_minijardim_aracaju_09-80x60.webp) 0 0 no-repeat;\r\n                    }\r\n                    #tdi_1  .td-doubleSlider-2 .td-item5 {\r\n                        background: url(https:\/\/www.cidademarketing.com.br\/marketing\/wp-content\/uploads\/2025\/06\/diadosnamorados_jardimemminiatura_terrario_minijardim_aracaju_08-80x60.webp) 0 0 no-repeat;\r\n                    }\r\n                    #tdi_1  .td-doubleSlider-2 .td-item6 {\r\n                        background: url(https:\/\/www.cidademarketing.com.br\/marketing\/wp-content\/uploads\/2025\/06\/diadosnamorados_jardimemminiatura_terrario_minijardim_aracaju_07-80x60.webp) 0 0 no-repeat;\r\n                    }\r\n                    #tdi_1  .td-doubleSlider-2 .td-item7 {\r\n                        background: url(https:\/\/www.cidademarketing.com.br\/marketing\/wp-content\/uploads\/2025\/06\/diadosnamorados_jardimemminiatura_terrario_minijardim_aracaju_06-80x60.webp) 0 0 no-repeat;\r\n                    }\r\n                    #tdi_1  .td-doubleSlider-2 .td-item8 {\r\n                        background: url(https:\/\/www.cidademarketing.com.br\/marketing\/wp-content\/uploads\/2025\/06\/diadosnamorados_jardimemminiatura_terrario_minijardim_aracaju_05-80x60.webp) 0 0 no-repeat;\r\n                    }\r\n                    #tdi_1  .td-doubleSlider-2 .td-item9 {\r\n                        background: url(https:\/\/www.cidademarketing.com.br\/marketing\/wp-content\/uploads\/2025\/06\/diadosnamorados_jardimemminiatura_terrario_minijardim_aracaju_04-80x60.webp) 0 0 no-repeat;\r\n                    }\r\n                    #tdi_1  .td-doubleSlider-2 .td-item10 {\r\n                        background: url(https:\/\/www.cidademarketing.com.br\/marketing\/wp-content\/uploads\/2025\/06\/diadosnamorados_jardimemminiatura_terrario_minijardim_aracaju_03-80x60.webp) 0 0 no-repeat;\r\n                    }\r\n                    #tdi_1  .td-doubleSlider-2 .td-item11 {\r\n                        background: url(https:\/\/www.cidademarketing.com.br\/marketing\/wp-content\/uploads\/2025\/06\/diadosnamorados_jardimemminiatura_terrario_minijardim_aracaju_02-80x60.webp) 0 0 no-repeat;\r\n                    }\r\n                    #tdi_1  .td-doubleSlider-2 .td-item12 {\r\n                        background: url(https:\/\/www.cidademarketing.com.br\/marketing\/wp-content\/uploads\/2025\/06\/diadosnamorados_jardimemminiatura_terrario_minijardim_buquederosas_01-80x60.webp) 0 0 no-repeat;\r\n                    }\r\n                <\/style>\r\n\r\n                <div id=\"tdi_1\" class=\"td-gallery td-slide-on-2-columns\">\r\n                    <div class=\"post_td_gallery\">\r\n                        <div class=\"td-gallery-slide-top\">\r\n                           <div class=\"td-gallery-title\"><\/div>\r\n\r\n                            <div class=\"td-gallery-controls-wrapper\">\r\n                                <div class=\"td-gallery-slide-count\"><span class=\"td-gallery-slide-item-focus\">1<\/span> de 12<\/div>\r\n                                <div class=\"td-gallery-slide-prev-next-but\">\r\n                                    <i class = \"td-icon-left doubleSliderPrevButton\"><\/i>\r\n                                    <i class = \"td-icon-right doubleSliderNextButton\"><\/i>\r\n                                <\/div>\r\n                            <\/div>\r\n                        <\/div>\r\n\r\n                        <div class = \"td-doubleSlider-1 \">\r\n                            <div class = \"td-slider\">\r\n                                \r\n                    <div class = \"td-slide-item td-item1\">\r\n                        <figure class=\"td-slide-galery-figure td-slide-popup-gallery\">\r\n                            <a class=\"slide-gallery-image-link\" href=\"https:\/\/www.cidademarketing.com.br\/marketing\/wp-content\/uploads\/2025\/06\/diadosnamorados_jardimemminiatura_terrario_minijardim_aracaju_12.webp\" title=\"No Dia dos Namorados, terr\u00e1rios e mini jardins ganham espa\u00e7o como presentes com mem\u00f3ria afetiva\"  data-caption=\"Divulga\u00e7\u00e3o\"  data-description=\"\">\r\n                                <img decoding=\"async\" src=\"https:\/\/www.cidademarketing.com.br\/marketing\/wp-content\/uploads\/2025\/06\/diadosnamorados_jardimemminiatura_terrario_minijardim_aracaju_12-315x420.webp\" srcset=\"https:\/\/www.cidademarketing.com.br\/marketing\/wp-content\/uploads\/2025\/06\/diadosnamorados_jardimemminiatura_terrario_minijardim_aracaju_12-315x420.webp 315w, https:\/\/www.cidademarketing.com.br\/marketing\/wp-content\/uploads\/2025\/06\/diadosnamorados_jardimemminiatura_terrario_minijardim_aracaju_12-225x300.webp 225w, https:\/\/www.cidademarketing.com.br\/marketing\/wp-content\/uploads\/2025\/06\/diadosnamorados_jardimemminiatura_terrario_minijardim_aracaju_12-767x1024.webp 767w, https:\/\/www.cidademarketing.com.br\/marketing\/wp-content\/uploads\/2025\/06\/diadosnamorados_jardimemminiatura_terrario_minijardim_aracaju_12-768x1025.webp 768w, https:\/\/www.cidademarketing.com.br\/marketing\/wp-content\/uploads\/2025\/06\/diadosnamorados_jardimemminiatura_terrario_minijardim_aracaju_12-640x854.webp 640w, https:\/\/www.cidademarketing.com.br\/marketing\/wp-content\/uploads\/2025\/06\/diadosnamorados_jardimemminiatura_terrario_minijardim_aracaju_12-681x909.webp 681w, https:\/\/www.cidademarketing.com.br\/marketing\/wp-content\/uploads\/2025\/06\/diadosnamorados_jardimemminiatura_terrario_minijardim_aracaju_12.webp 1000w\" sizes=\"(max-width: 315px) 100vw, 315px\" alt=\"Alternativa ao buqu&ecirc; tradicional, ideal para datas como anivers&aacute;rios e celebra&ccedil;&otilde;es especiais.\">\r\n                            <\/a>\r\n                            <figcaption class = \"td-slide-caption td-gallery-slide-content\"><div class = \"td-gallery-slide-copywrite\">Divulga\u00e7\u00e3o<\/div><\/figcaption>\r\n                        <\/figure>\r\n                    <\/div>\r\n                    <div class = \"td-slide-item td-item2\">\r\n                        <figure class=\"td-slide-galery-figure td-slide-popup-gallery\">\r\n                            <a class=\"slide-gallery-image-link\" href=\"https:\/\/www.cidademarketing.com.br\/marketing\/wp-content\/uploads\/2025\/06\/diadosnamorados_jardimemminiatura_terrario_minijardim_aracaju_11.webp\" title=\"No Dia dos Namorados, terr\u00e1rios e mini jardins ganham espa\u00e7o como presentes com mem\u00f3ria afetiva\"  data-caption=\"Divulga\u00e7\u00e3o\"  data-description=\"\">\r\n                                <img decoding=\"async\" src=\"https:\/\/www.cidademarketing.com.br\/marketing\/wp-content\/uploads\/2025\/06\/diadosnamorados_jardimemminiatura_terrario_minijardim_aracaju_11-316x420.webp\" srcset=\"https:\/\/www.cidademarketing.com.br\/marketing\/wp-content\/uploads\/2025\/06\/diadosnamorados_jardimemminiatura_terrario_minijardim_aracaju_11-316x420.webp 316w, https:\/\/www.cidademarketing.com.br\/marketing\/wp-content\/uploads\/2025\/06\/diadosnamorados_jardimemminiatura_terrario_minijardim_aracaju_11-226x300.webp 226w, https:\/\/www.cidademarketing.com.br\/marketing\/wp-content\/uploads\/2025\/06\/diadosnamorados_jardimemminiatura_terrario_minijardim_aracaju_11-770x1024.webp 770w, https:\/\/www.cidademarketing.com.br\/marketing\/wp-content\/uploads\/2025\/06\/diadosnamorados_jardimemminiatura_terrario_minijardim_aracaju_11-768x1021.webp 768w, https:\/\/www.cidademarketing.com.br\/marketing\/wp-content\/uploads\/2025\/06\/diadosnamorados_jardimemminiatura_terrario_minijardim_aracaju_11-640x851.webp 640w, https:\/\/www.cidademarketing.com.br\/marketing\/wp-content\/uploads\/2025\/06\/diadosnamorados_jardimemminiatura_terrario_minijardim_aracaju_11-681x906.webp 681w, https:\/\/www.cidademarketing.com.br\/marketing\/wp-content\/uploads\/2025\/06\/diadosnamorados_jardimemminiatura_terrario_minijardim_aracaju_11.webp 1000w\" sizes=\"(max-width: 316px) 100vw, 316px\" alt=\"Alternativa ao buqu&ecirc; tradicional, ideal para datas como anivers&aacute;rios e celebra&ccedil;&otilde;es especiais.\">\r\n                            <\/a>\r\n                            <figcaption class = \"td-slide-caption td-gallery-slide-content\"><div class = \"td-gallery-slide-copywrite\">Divulga\u00e7\u00e3o<\/div><\/figcaption>\r\n                        <\/figure>\r\n                    <\/div>\r\n                    <div class = \"td-slide-item td-item3\">\r\n                        <figure class=\"td-slide-galery-figure td-slide-popup-gallery\">\r\n                            <a class=\"slide-gallery-image-link\" href=\"https:\/\/www.cidademarketing.com.br\/marketing\/wp-content\/uploads\/2025\/06\/diadosnamorados_jardimemminiatura_terrario_minijardim_aracaju_10.webp\" title=\"No Dia dos Namorados, terr\u00e1rios e mini jardins ganham espa\u00e7o como presentes com mem\u00f3ria afetiva\"  data-caption=\"Divulga\u00e7\u00e3o\"  data-description=\"\">\r\n                                <img decoding=\"async\" src=\"https:\/\/www.cidademarketing.com.br\/marketing\/wp-content\/uploads\/2025\/06\/diadosnamorados_jardimemminiatura_terrario_minijardim_aracaju_10-313x420.webp\" srcset=\"https:\/\/www.cidademarketing.com.br\/marketing\/wp-content\/uploads\/2025\/06\/diadosnamorados_jardimemminiatura_terrario_minijardim_aracaju_10-313x420.webp 313w, https:\/\/www.cidademarketing.com.br\/marketing\/wp-content\/uploads\/2025\/06\/diadosnamorados_jardimemminiatura_terrario_minijardim_aracaju_10-224x300.webp 224w, https:\/\/www.cidademarketing.com.br\/marketing\/wp-content\/uploads\/2025\/06\/diadosnamorados_jardimemminiatura_terrario_minijardim_aracaju_10-764x1024.webp 764w, https:\/\/www.cidademarketing.com.br\/marketing\/wp-content\/uploads\/2025\/06\/diadosnamorados_jardimemminiatura_terrario_minijardim_aracaju_10-768x1029.webp 768w, https:\/\/www.cidademarketing.com.br\/marketing\/wp-content\/uploads\/2025\/06\/diadosnamorados_jardimemminiatura_terrario_minijardim_aracaju_10-640x858.webp 640w, https:\/\/www.cidademarketing.com.br\/marketing\/wp-content\/uploads\/2025\/06\/diadosnamorados_jardimemminiatura_terrario_minijardim_aracaju_10-681x913.webp 681w, https:\/\/www.cidademarketing.com.br\/marketing\/wp-content\/uploads\/2025\/06\/diadosnamorados_jardimemminiatura_terrario_minijardim_aracaju_10.webp 1000w\" sizes=\"(max-width: 313px) 100vw, 313px\" alt=\"Alternativa ao buqu&ecirc; tradicional, ideal para datas como anivers&aacute;rios e celebra&ccedil;&otilde;es especiais.\">\r\n                            <\/a>\r\n                            <figcaption class = \"td-slide-caption td-gallery-slide-content\"><div class = \"td-gallery-slide-copywrite\">Divulga\u00e7\u00e3o<\/div><\/figcaption>\r\n                        <\/figure>\r\n                    <\/div>\r\n                    <div class = \"td-slide-item td-item4\">\r\n                        <figure class=\"td-slide-galery-figure td-slide-popup-gallery\">\r\n                            <a class=\"slide-gallery-image-link\" href=\"https:\/\/www.cidademarketing.com.br\/marketing\/wp-content\/uploads\/2025\/06\/diadosnamorados_jardimemminiatura_terrario_minijardim_aracaju_09.webp\" title=\"No Dia dos Namorados, terr\u00e1rios e mini jardins ganham espa\u00e7o como presentes com mem\u00f3ria afetiva\"  data-caption=\"Divulga\u00e7\u00e3o\"  data-description=\"\">\r\n                                <img decoding=\"async\" src=\"https:\/\/www.cidademarketing.com.br\/marketing\/wp-content\/uploads\/2025\/06\/diadosnamorados_jardimemminiatura_terrario_minijardim_aracaju_09-317x420.webp\" srcset=\"https:\/\/www.cidademarketing.com.br\/marketing\/wp-content\/uploads\/2025\/06\/diadosnamorados_jardimemminiatura_terrario_minijardim_aracaju_09-317x420.webp 317w, https:\/\/www.cidademarketing.com.br\/marketing\/wp-content\/uploads\/2025\/06\/diadosnamorados_jardimemminiatura_terrario_minijardim_aracaju_09-226x300.webp 226w, https:\/\/www.cidademarketing.com.br\/marketing\/wp-content\/uploads\/2025\/06\/diadosnamorados_jardimemminiatura_terrario_minijardim_aracaju_09-772x1024.webp 772w, https:\/\/www.cidademarketing.com.br\/marketing\/wp-content\/uploads\/2025\/06\/diadosnamorados_jardimemminiatura_terrario_minijardim_aracaju_09-768x1018.webp 768w, https:\/\/www.cidademarketing.com.br\/marketing\/wp-content\/uploads\/2025\/06\/diadosnamorados_jardimemminiatura_terrario_minijardim_aracaju_09-640x849.webp 640w, https:\/\/www.cidademarketing.com.br\/marketing\/wp-content\/uploads\/2025\/06\/diadosnamorados_jardimemminiatura_terrario_minijardim_aracaju_09-681x903.webp 681w, https:\/\/www.cidademarketing.com.br\/marketing\/wp-content\/uploads\/2025\/06\/diadosnamorados_jardimemminiatura_terrario_minijardim_aracaju_09.webp 1000w\" sizes=\"(max-width: 317px) 100vw, 317px\" alt=\"Alternativa ao buqu&ecirc; tradicional, ideal para datas como anivers&aacute;rios e celebra&ccedil;&otilde;es especiais.\">\r\n                            <\/a>\r\n                            <figcaption class = \"td-slide-caption td-gallery-slide-content\"><div class = \"td-gallery-slide-copywrite\">Divulga\u00e7\u00e3o<\/div><\/figcaption>\r\n                        <\/figure>\r\n                    <\/div>\r\n                    <div class = \"td-slide-item td-item5\">\r\n                        <figure class=\"td-slide-galery-figure td-slide-popup-gallery\">\r\n                            <a class=\"slide-gallery-image-link\" href=\"https:\/\/www.cidademarketing.com.br\/marketing\/wp-content\/uploads\/2025\/06\/diadosnamorados_jardimemminiatura_terrario_minijardim_aracaju_08.webp\" title=\"No Dia dos Namorados, terr\u00e1rios e mini jardins ganham espa\u00e7o como presentes com mem\u00f3ria afetiva\"  data-caption=\"Divulga\u00e7\u00e3o\"  data-description=\"\">\r\n                                <img decoding=\"async\" src=\"https:\/\/www.cidademarketing.com.br\/marketing\/wp-content\/uploads\/2025\/06\/diadosnamorados_jardimemminiatura_terrario_minijardim_aracaju_08-316x420.webp\" srcset=\"https:\/\/www.cidademarketing.com.br\/marketing\/wp-content\/uploads\/2025\/06\/diadosnamorados_jardimemminiatura_terrario_minijardim_aracaju_08-316x420.webp 316w, https:\/\/www.cidademarketing.com.br\/marketing\/wp-content\/uploads\/2025\/06\/diadosnamorados_jardimemminiatura_terrario_minijardim_aracaju_08-225x300.webp 225w, https:\/\/www.cidademarketing.com.br\/marketing\/wp-content\/uploads\/2025\/06\/diadosnamorados_jardimemminiatura_terrario_minijardim_aracaju_08-769x1024.webp 769w, https:\/\/www.cidademarketing.com.br\/marketing\/wp-content\/uploads\/2025\/06\/diadosnamorados_jardimemminiatura_terrario_minijardim_aracaju_08-768x1022.webp 768w, https:\/\/www.cidademarketing.com.br\/marketing\/wp-content\/uploads\/2025\/06\/diadosnamorados_jardimemminiatura_terrario_minijardim_aracaju_08-640x852.webp 640w, https:\/\/www.cidademarketing.com.br\/marketing\/wp-content\/uploads\/2025\/06\/diadosnamorados_jardimemminiatura_terrario_minijardim_aracaju_08-681x906.webp 681w, https:\/\/www.cidademarketing.com.br\/marketing\/wp-content\/uploads\/2025\/06\/diadosnamorados_jardimemminiatura_terrario_minijardim_aracaju_08.webp 1000w\" sizes=\"(max-width: 316px) 100vw, 316px\" alt=\"Alternativa ao buqu&ecirc; tradicional, ideal para datas como anivers&aacute;rios e celebra&ccedil;&otilde;es especiais.\">\r\n                            <\/a>\r\n                            <figcaption class = \"td-slide-caption td-gallery-slide-content\"><div class = \"td-gallery-slide-copywrite\">Divulga\u00e7\u00e3o<\/div><\/figcaption>\r\n                        <\/figure>\r\n                    <\/div>\r\n                    <div class = \"td-slide-item td-item6\">\r\n                        <figure class=\"td-slide-galery-figure td-slide-popup-gallery\">\r\n                            <a class=\"slide-gallery-image-link\" href=\"https:\/\/www.cidademarketing.com.br\/marketing\/wp-content\/uploads\/2025\/06\/diadosnamorados_jardimemminiatura_terrario_minijardim_aracaju_07.webp\" title=\"No Dia dos Namorados, terr\u00e1rios e mini jardins ganham espa\u00e7o como presentes com mem\u00f3ria afetiva\"  data-caption=\"Divulga\u00e7\u00e3o\"  data-description=\"\">\r\n                                <img decoding=\"async\" src=\"https:\/\/www.cidademarketing.com.br\/marketing\/wp-content\/uploads\/2025\/06\/diadosnamorados_jardimemminiatura_terrario_minijardim_aracaju_07-317x420.webp\" srcset=\"https:\/\/www.cidademarketing.com.br\/marketing\/wp-content\/uploads\/2025\/06\/diadosnamorados_jardimemminiatura_terrario_minijardim_aracaju_07-317x420.webp 317w, https:\/\/www.cidademarketing.com.br\/marketing\/wp-content\/uploads\/2025\/06\/diadosnamorados_jardimemminiatura_terrario_minijardim_aracaju_07-226x300.webp 226w, https:\/\/www.cidademarketing.com.br\/marketing\/wp-content\/uploads\/2025\/06\/diadosnamorados_jardimemminiatura_terrario_minijardim_aracaju_07-772x1024.webp 772w, https:\/\/www.cidademarketing.com.br\/marketing\/wp-content\/uploads\/2025\/06\/diadosnamorados_jardimemminiatura_terrario_minijardim_aracaju_07-768x1018.webp 768w, https:\/\/www.cidademarketing.com.br\/marketing\/wp-content\/uploads\/2025\/06\/diadosnamorados_jardimemminiatura_terrario_minijardim_aracaju_07-640x849.webp 640w, https:\/\/www.cidademarketing.com.br\/marketing\/wp-content\/uploads\/2025\/06\/diadosnamorados_jardimemminiatura_terrario_minijardim_aracaju_07-681x903.webp 681w, https:\/\/www.cidademarketing.com.br\/marketing\/wp-content\/uploads\/2025\/06\/diadosnamorados_jardimemminiatura_terrario_minijardim_aracaju_07.webp 1000w\" sizes=\"(max-width: 317px) 100vw, 317px\" alt=\"Alternativa ao buqu&ecirc; tradicional, ideal para datas como anivers&aacute;rios e celebra&ccedil;&otilde;es especiais.\">\r\n                            <\/a>\r\n                            <figcaption class = \"td-slide-caption td-gallery-slide-content\"><div class = \"td-gallery-slide-copywrite\">Divulga\u00e7\u00e3o<\/div><\/figcaption>\r\n                        <\/figure>\r\n                    <\/div>\r\n                    <div class = \"td-slide-item td-item7\">\r\n                        <figure class=\"td-slide-galery-figure td-slide-popup-gallery\">\r\n                            <a class=\"slide-gallery-image-link\" href=\"https:\/\/www.cidademarketing.com.br\/marketing\/wp-content\/uploads\/2025\/06\/diadosnamorados_jardimemminiatura_terrario_minijardim_aracaju_06.webp\" title=\"No Dia dos Namorados, terr\u00e1rios e mini jardins ganham espa\u00e7o como presentes com mem\u00f3ria afetiva\"  data-caption=\"Divulga\u00e7\u00e3o\"  data-description=\"\">\r\n                                <img decoding=\"async\" src=\"https:\/\/www.cidademarketing.com.br\/marketing\/wp-content\/uploads\/2025\/06\/diadosnamorados_jardimemminiatura_terrario_minijardim_aracaju_06-317x420.webp\" srcset=\"https:\/\/www.cidademarketing.com.br\/marketing\/wp-content\/uploads\/2025\/06\/diadosnamorados_jardimemminiatura_terrario_minijardim_aracaju_06-317x420.webp 317w, https:\/\/www.cidademarketing.com.br\/marketing\/wp-content\/uploads\/2025\/06\/diadosnamorados_jardimemminiatura_terrario_minijardim_aracaju_06-226x300.webp 226w, https:\/\/www.cidademarketing.com.br\/marketing\/wp-content\/uploads\/2025\/06\/diadosnamorados_jardimemminiatura_terrario_minijardim_aracaju_06-773x1024.webp 773w, https:\/\/www.cidademarketing.com.br\/marketing\/wp-content\/uploads\/2025\/06\/diadosnamorados_jardimemminiatura_terrario_minijardim_aracaju_06-768x1018.webp 768w, https:\/\/www.cidademarketing.com.br\/marketing\/wp-content\/uploads\/2025\/06\/diadosnamorados_jardimemminiatura_terrario_minijardim_aracaju_06-640x848.webp 640w, https:\/\/www.cidademarketing.com.br\/marketing\/wp-content\/uploads\/2025\/06\/diadosnamorados_jardimemminiatura_terrario_minijardim_aracaju_06-681x902.webp 681w, https:\/\/www.cidademarketing.com.br\/marketing\/wp-content\/uploads\/2025\/06\/diadosnamorados_jardimemminiatura_terrario_minijardim_aracaju_06.webp 1000w\" sizes=\"(max-width: 317px) 100vw, 317px\" alt=\"Alternativa ao buqu&ecirc; tradicional, ideal para datas como anivers&aacute;rios e celebra&ccedil;&otilde;es especiais.\">\r\n                            <\/a>\r\n                            <figcaption class = \"td-slide-caption td-gallery-slide-content\"><div class = \"td-gallery-slide-copywrite\">Divulga\u00e7\u00e3o<\/div><\/figcaption>\r\n                        <\/figure>\r\n                    <\/div>\r\n                    <div class = \"td-slide-item td-item8\">\r\n                        <figure class=\"td-slide-galery-figure td-slide-popup-gallery\">\r\n                            <a class=\"slide-gallery-image-link\" href=\"https:\/\/www.cidademarketing.com.br\/marketing\/wp-content\/uploads\/2025\/06\/diadosnamorados_jardimemminiatura_terrario_minijardim_aracaju_05.webp\" title=\"No Dia dos Namorados, terr\u00e1rios e mini jardins ganham espa\u00e7o como presentes com mem\u00f3ria afetiva\"  data-caption=\"Divulga\u00e7\u00e3o\"  data-description=\"\">\r\n                                <img decoding=\"async\" src=\"https:\/\/www.cidademarketing.com.br\/marketing\/wp-content\/uploads\/2025\/06\/diadosnamorados_jardimemminiatura_terrario_minijardim_aracaju_05-315x420.webp\" srcset=\"https:\/\/www.cidademarketing.com.br\/marketing\/wp-content\/uploads\/2025\/06\/diadosnamorados_jardimemminiatura_terrario_minijardim_aracaju_05-315x420.webp 315w, https:\/\/www.cidademarketing.com.br\/marketing\/wp-content\/uploads\/2025\/06\/diadosnamorados_jardimemminiatura_terrario_minijardim_aracaju_05-225x300.webp 225w, https:\/\/www.cidademarketing.com.br\/marketing\/wp-content\/uploads\/2025\/06\/diadosnamorados_jardimemminiatura_terrario_minijardim_aracaju_05-769x1024.webp 769w, https:\/\/www.cidademarketing.com.br\/marketing\/wp-content\/uploads\/2025\/06\/diadosnamorados_jardimemminiatura_terrario_minijardim_aracaju_05-768x1023.webp 768w, https:\/\/www.cidademarketing.com.br\/marketing\/wp-content\/uploads\/2025\/06\/diadosnamorados_jardimemminiatura_terrario_minijardim_aracaju_05-640x852.webp 640w, https:\/\/www.cidademarketing.com.br\/marketing\/wp-content\/uploads\/2025\/06\/diadosnamorados_jardimemminiatura_terrario_minijardim_aracaju_05-681x907.webp 681w, https:\/\/www.cidademarketing.com.br\/marketing\/wp-content\/uploads\/2025\/06\/diadosnamorados_jardimemminiatura_terrario_minijardim_aracaju_05.webp 1000w\" sizes=\"(max-width: 315px) 100vw, 315px\" alt=\"Alternativa ao buqu&ecirc; tradicional, ideal para datas como anivers&aacute;rios e celebra&ccedil;&otilde;es especiais.\">\r\n                            <\/a>\r\n                            <figcaption class = \"td-slide-caption td-gallery-slide-content\"><div class = \"td-gallery-slide-copywrite\">Divulga\u00e7\u00e3o<\/div><\/figcaption>\r\n                        <\/figure>\r\n                    <\/div>\r\n                    <div class = \"td-slide-item td-item9\">\r\n                        <figure class=\"td-slide-galery-figure td-slide-popup-gallery\">\r\n                            <a class=\"slide-gallery-image-link\" href=\"https:\/\/www.cidademarketing.com.br\/marketing\/wp-content\/uploads\/2025\/06\/diadosnamorados_jardimemminiatura_terrario_minijardim_aracaju_04.webp\" title=\"No Dia dos Namorados, terr\u00e1rios e mini jardins ganham espa\u00e7o como presentes com mem\u00f3ria afetiva\"  data-caption=\"Divulga\u00e7\u00e3o\"  data-description=\"\">\r\n                                <img decoding=\"async\" src=\"https:\/\/www.cidademarketing.com.br\/marketing\/wp-content\/uploads\/2025\/06\/diadosnamorados_jardimemminiatura_terrario_minijardim_aracaju_04-322x420.webp\" srcset=\"https:\/\/www.cidademarketing.com.br\/marketing\/wp-content\/uploads\/2025\/06\/diadosnamorados_jardimemminiatura_terrario_minijardim_aracaju_04-322x420.webp 322w, https:\/\/www.cidademarketing.com.br\/marketing\/wp-content\/uploads\/2025\/06\/diadosnamorados_jardimemminiatura_terrario_minijardim_aracaju_04-230x300.webp 230w, https:\/\/www.cidademarketing.com.br\/marketing\/wp-content\/uploads\/2025\/06\/diadosnamorados_jardimemminiatura_terrario_minijardim_aracaju_04-785x1024.webp 785w, https:\/\/www.cidademarketing.com.br\/marketing\/wp-content\/uploads\/2025\/06\/diadosnamorados_jardimemminiatura_terrario_minijardim_aracaju_04-768x1002.webp 768w, https:\/\/www.cidademarketing.com.br\/marketing\/wp-content\/uploads\/2025\/06\/diadosnamorados_jardimemminiatura_terrario_minijardim_aracaju_04-640x835.webp 640w, https:\/\/www.cidademarketing.com.br\/marketing\/wp-content\/uploads\/2025\/06\/diadosnamorados_jardimemminiatura_terrario_minijardim_aracaju_04-681x889.webp 681w, https:\/\/www.cidademarketing.com.br\/marketing\/wp-content\/uploads\/2025\/06\/diadosnamorados_jardimemminiatura_terrario_minijardim_aracaju_04.webp 1000w\" sizes=\"(max-width: 322px) 100vw, 322px\" alt=\"Alternativa ao buqu&ecirc; tradicional, ideal para datas como anivers&aacute;rios e celebra&ccedil;&otilde;es especiais.\">\r\n                            <\/a>\r\n                            <figcaption class = \"td-slide-caption td-gallery-slide-content\"><div class = \"td-gallery-slide-copywrite\">Divulga\u00e7\u00e3o<\/div><\/figcaption>\r\n                        <\/figure>\r\n                    <\/div>\r\n                    <div class = \"td-slide-item td-item10\">\r\n                        <figure class=\"td-slide-galery-figure td-slide-popup-gallery\">\r\n                            <a class=\"slide-gallery-image-link\" href=\"https:\/\/www.cidademarketing.com.br\/marketing\/wp-content\/uploads\/2025\/06\/diadosnamorados_jardimemminiatura_terrario_minijardim_aracaju_03.webp\" title=\"No Dia dos Namorados, terr\u00e1rios e mini jardins ganham espa\u00e7o como presentes com mem\u00f3ria afetiva\"  data-caption=\"Divulga\u00e7\u00e3o\"  data-description=\"\">\r\n                                <img decoding=\"async\" src=\"https:\/\/www.cidademarketing.com.br\/marketing\/wp-content\/uploads\/2025\/06\/diadosnamorados_jardimemminiatura_terrario_minijardim_aracaju_03-315x420.webp\" srcset=\"https:\/\/www.cidademarketing.com.br\/marketing\/wp-content\/uploads\/2025\/06\/diadosnamorados_jardimemminiatura_terrario_minijardim_aracaju_03-315x420.webp 315w, https:\/\/www.cidademarketing.com.br\/marketing\/wp-content\/uploads\/2025\/06\/diadosnamorados_jardimemminiatura_terrario_minijardim_aracaju_03-225x300.webp 225w, https:\/\/www.cidademarketing.com.br\/marketing\/wp-content\/uploads\/2025\/06\/diadosnamorados_jardimemminiatura_terrario_minijardim_aracaju_03-768x1025.webp 768w, https:\/\/www.cidademarketing.com.br\/marketing\/wp-content\/uploads\/2025\/06\/diadosnamorados_jardimemminiatura_terrario_minijardim_aracaju_03-640x854.webp 640w, https:\/\/www.cidademarketing.com.br\/marketing\/wp-content\/uploads\/2025\/06\/diadosnamorados_jardimemminiatura_terrario_minijardim_aracaju_03-681x908.webp 681w, https:\/\/www.cidademarketing.com.br\/marketing\/wp-content\/uploads\/2025\/06\/diadosnamorados_jardimemminiatura_terrario_minijardim_aracaju_03.webp 1000w\" sizes=\"(max-width: 315px) 100vw, 315px\" alt=\"Alternativa ao buqu&ecirc; tradicional, ideal para datas como anivers&aacute;rios e celebra&ccedil;&otilde;es especiais.\">\r\n                            <\/a>\r\n                            <figcaption class = \"td-slide-caption td-gallery-slide-content\"><div class = \"td-gallery-slide-copywrite\">Divulga\u00e7\u00e3o<\/div><\/figcaption>\r\n                        <\/figure>\r\n                    <\/div>\r\n                    <div class = \"td-slide-item td-item11\">\r\n                        <figure class=\"td-slide-galery-figure td-slide-popup-gallery\">\r\n                            <a class=\"slide-gallery-image-link\" href=\"https:\/\/www.cidademarketing.com.br\/marketing\/wp-content\/uploads\/2025\/06\/diadosnamorados_jardimemminiatura_terrario_minijardim_aracaju_02.webp\" title=\"No Dia dos Namorados, terr\u00e1rios e mini jardins ganham espa\u00e7o como presentes com mem\u00f3ria afetiva\"  data-caption=\"Divulga\u00e7\u00e3o\"  data-description=\"\">\r\n                                <img decoding=\"async\" src=\"https:\/\/www.cidademarketing.com.br\/marketing\/wp-content\/uploads\/2025\/06\/diadosnamorados_jardimemminiatura_terrario_minijardim_aracaju_02-317x420.webp\" srcset=\"https:\/\/www.cidademarketing.com.br\/marketing\/wp-content\/uploads\/2025\/06\/diadosnamorados_jardimemminiatura_terrario_minijardim_aracaju_02-317x420.webp 317w, https:\/\/www.cidademarketing.com.br\/marketing\/wp-content\/uploads\/2025\/06\/diadosnamorados_jardimemminiatura_terrario_minijardim_aracaju_02-226x300.webp 226w, https:\/\/www.cidademarketing.com.br\/marketing\/wp-content\/uploads\/2025\/06\/diadosnamorados_jardimemminiatura_terrario_minijardim_aracaju_02-772x1024.webp 772w, https:\/\/www.cidademarketing.com.br\/marketing\/wp-content\/uploads\/2025\/06\/diadosnamorados_jardimemminiatura_terrario_minijardim_aracaju_02-768x1018.webp 768w, https:\/\/www.cidademarketing.com.br\/marketing\/wp-content\/uploads\/2025\/06\/diadosnamorados_jardimemminiatura_terrario_minijardim_aracaju_02-640x849.webp 640w, https:\/\/www.cidademarketing.com.br\/marketing\/wp-content\/uploads\/2025\/06\/diadosnamorados_jardimemminiatura_terrario_minijardim_aracaju_02-681x903.webp 681w, https:\/\/www.cidademarketing.com.br\/marketing\/wp-content\/uploads\/2025\/06\/diadosnamorados_jardimemminiatura_terrario_minijardim_aracaju_02.webp 1000w\" sizes=\"(max-width: 317px) 100vw, 317px\" alt=\"Alternativa ao buqu&ecirc; tradicional, ideal para datas como anivers&aacute;rios e celebra&ccedil;&otilde;es especiais.\">\r\n                            <\/a>\r\n                            <figcaption class = \"td-slide-caption td-gallery-slide-content\"><div class = \"td-gallery-slide-copywrite\">Divulga\u00e7\u00e3o<\/div><\/figcaption>\r\n                        <\/figure>\r\n                    <\/div>\r\n                    <div class = \"td-slide-item td-item12\">\r\n                        <figure class=\"td-slide-galery-figure td-slide-popup-gallery\">\r\n                            <a class=\"slide-gallery-image-link\" href=\"https:\/\/www.cidademarketing.com.br\/marketing\/wp-content\/uploads\/2025\/06\/diadosnamorados_jardimemminiatura_terrario_minijardim_buquederosas_01.webp\" title=\"No Dia dos Namorados, terr\u00e1rios e mini jardins ganham espa\u00e7o como presentes com mem\u00f3ria afetiva\"  data-caption=\"Divulga\u00e7\u00e3o\"  data-description=\"\">\r\n                                <img decoding=\"async\" src=\"https:\/\/www.cidademarketing.com.br\/marketing\/wp-content\/uploads\/2025\/06\/diadosnamorados_jardimemminiatura_terrario_minijardim_buquederosas_01-318x420.webp\" srcset=\"https:\/\/www.cidademarketing.com.br\/marketing\/wp-content\/uploads\/2025\/06\/diadosnamorados_jardimemminiatura_terrario_minijardim_buquederosas_01-318x420.webp 318w, https:\/\/www.cidademarketing.com.br\/marketing\/wp-content\/uploads\/2025\/06\/diadosnamorados_jardimemminiatura_terrario_minijardim_buquederosas_01-227x300.webp 227w, https:\/\/www.cidademarketing.com.br\/marketing\/wp-content\/uploads\/2025\/06\/diadosnamorados_jardimemminiatura_terrario_minijardim_buquederosas_01-775x1024.webp 775w, https:\/\/www.cidademarketing.com.br\/marketing\/wp-content\/uploads\/2025\/06\/diadosnamorados_jardimemminiatura_terrario_minijardim_buquederosas_01-768x1015.webp 768w, https:\/\/www.cidademarketing.com.br\/marketing\/wp-content\/uploads\/2025\/06\/diadosnamorados_jardimemminiatura_terrario_minijardim_buquederosas_01-640x846.webp 640w, https:\/\/www.cidademarketing.com.br\/marketing\/wp-content\/uploads\/2025\/06\/diadosnamorados_jardimemminiatura_terrario_minijardim_buquederosas_01-681x900.webp 681w, https:\/\/www.cidademarketing.com.br\/marketing\/wp-content\/uploads\/2025\/06\/diadosnamorados_jardimemminiatura_terrario_minijardim_buquederosas_01.webp 1000w\" sizes=\"(max-width: 318px) 100vw, 318px\" alt=\"Alternativa ao buqu&ecirc; tradicional, ideal para datas como anivers&aacute;rios e celebra&ccedil;&otilde;es especiais.\">\r\n                            <\/a>\r\n                            <figcaption class = \"td-slide-caption td-gallery-slide-content\"><div class = \"td-gallery-slide-copywrite\">Divulga\u00e7\u00e3o<\/div><\/figcaption>\r\n                        <\/figure>\r\n                    <\/div>\r\n                            <\/div>\r\n                        <\/div>\r\n\r\n                        <div class = \"td-doubleSlider-2\">\r\n                            <div class = \"td-slider\">\r\n                                \r\n                    <div class = \"td-button td-item1\">\r\n                        <div class = \"td-border\"><\/div>\r\n                    <\/div>\r\n                    <div class = \"td-button td-item2\">\r\n                        <div class = \"td-border\"><\/div>\r\n                    <\/div>\r\n                    <div class = \"td-button td-item3\">\r\n                        <div class = \"td-border\"><\/div>\r\n                    <\/div>\r\n                    <div class = \"td-button td-item4\">\r\n                        <div class = \"td-border\"><\/div>\r\n                    <\/div>\r\n                    <div class = \"td-button td-item5\">\r\n                        <div class = \"td-border\"><\/div>\r\n                    <\/div>\r\n                    <div class = \"td-button td-item6\">\r\n                        <div class = \"td-border\"><\/div>\r\n                    <\/div>\r\n                    <div class = \"td-button td-item7\">\r\n                        <div class = \"td-border\"><\/div>\r\n                    <\/div>\r\n                    <div class = \"td-button td-item8\">\r\n                        <div class = \"td-border\"><\/div>\r\n                    <\/div>\r\n                    <div class = \"td-button td-item9\">\r\n                        <div class = \"td-border\"><\/div>\r\n                    <\/div>\r\n                    <div class = \"td-button td-item10\">\r\n                        <div class = \"td-border\"><\/div>\r\n                    <\/div>\r\n                    <div class = \"td-button td-item11\">\r\n                        <div class = \"td-border\"><\/div>\r\n                    <\/div>\r\n                    <div class = \"td-button td-item12\">\r\n                        <div class = \"td-border\"><\/div>\r\n                    <\/div>\r\n                            <\/div>\r\n                        <\/div>\r\n\r\n                    <\/div>\r\n\r\n                <\/div>\r\n                \n<p>Al\u00e9m de carregarem uma proposta ecol\u00f3gica e cheia de personalidade, os terr\u00e1rios e mini jardins s\u00e3o itens vers\u00e1teis de decora\u00e7\u00e3o, ideais para pequenos ambientes e para quem busca se reconectar com a natureza mesmo em meio \u00e0 rotina urbana. S\u00e3o presentes que emocionam, embelezam e permanecem.<\/p>\n<p>Com projetos delicados, identidade autoral e um toque de afeto em cada detalhe, o Jardim em Miniatura refor\u00e7a neste Dia dos Namorados que o futuro dos presentes est\u00e1 naquilo que \u00e9 feito para durar \u2014 no tempo e no cora\u00e7\u00e3o de quem recebe.<\/p>\n<p>O <a href=\"https:\/\/www.instagram.com\/jardimemminiatura\/\" target=\"_blank\" rel=\"noopener\">Jardim em Miniatura<\/a> se consolida como refer\u00eancia nacional em terr\u00e1rios e mini jardins, com forte presen\u00e7a em Sergipe e na Bahia. A marca oferece entregas gratuitas em Aracaju e acompanha de perto todas as etapas da cadeia produtiva: desde a concep\u00e7\u00e3o e constru\u00e7\u00e3o dos projetos, passando pela matura\u00e7\u00e3o das pe\u00e7as para adapta\u00e7\u00e3o das plantas e forma\u00e7\u00e3o de um ecossistema vivo, at\u00e9 o processo de venda, log\u00edstica e p\u00f3s-venda.<\/p>\n<p>Essa proximidade com o cliente e cuidado artesanal em cada detalhe resultam em alto engajamento e excel\u00eancia em avalia\u00e7\u00e3o no Google Meu Neg\u00f3cio, com coment\u00e1rios positivos que refletem a satisfa\u00e7\u00e3o dos clientes atendidos.<\/p>\n<p>Os projetos de terr\u00e1rios e mini jardins do Jardim em Miniatura est\u00e3o dispon\u00edveis para compra pelo Instagram, com atendimento personalizado e online via WhatsApp.<\/p>\n<p><strong>Jardim em Miniatura<\/strong><br \/>\n<a href=\"http:\/\/bit.ly\/atendimentojardimemminiatura\" target=\"_blank\" rel=\"noopener\">Conhe\u00e7a o cat\u00e1logo de terr\u00e1rios e mini jardins para o Dia dos Namorados<\/a><br \/>\nInstagram:\u00a0<a href=\"https:\/\/www.instagram.com\/jardimemminiatura\/\" target=\"_blank\" rel=\"noopener\">https:\/\/www.instagram.com\/jardimemminiatura\/<\/a><\/p>\n","protected":false},"excerpt":{"rendered":"<p>Em um cen\u00e1rio onde o consumo consciente e a busca por experi\u00eancias com significado crescem cada vez mais, os terr\u00e1rios e mini jardins v\u00eam se destacando como presentes afetivos, duradouros e cheios de simbolismo \u2014 desbancando at\u00e9 o tradicional buqu\u00ea de flores, especialmente em datas como o Dia dos Namorados. Enquanto flores cortadas t\u00eam vida [&hellip;]<\/p>\n","protected":false},"author":1,"featured_media":56661,"comment_status":"open","ping_status":"open","sticky":false,"template":"","format":"standard","meta":{"tdm_status":"","tdm_grid_status":"","footnotes":""},"categories":[6],"tags":[3782,9457,2509,1881,33,5920,28,6779,5971,5970,572,5921],"class_list":["post-56655","post","type-post","status-publish","format-standard","has-post-thumbnail","hentry","category-noticias","tag-aracaju","tag-buque-de-rosas","tag-decoracao","tag-dia-dos-namorados","tag-estrategia","tag-jardim-em-miniatura","tag-marketing","tag-mini-jardim","tag-plantas","tag-presente","tag-salvador","tag-terrario"],"yoast_head":"<!-- This site is optimized with the Yoast SEO plugin v27.4 - https:\/\/yoast.com\/product\/yoast-seo-wordpress\/ -->\n<title>No Dia dos Namorados, terr\u00e1rios e mini jardins ganham espa\u00e7o como presentes com mem\u00f3ria afetiva - CidadeMarketing<\/title>\n<meta name=\"robots\" content=\"index, follow, max-snippet:-1, max-image-preview:large, max-video-preview:-1\" \/>\n<link rel=\"canonical\" href=\"https:\/\/www.cidademarketing.com.br\/marketing\/2025\/06\/09\/no-dia-dos-namorados-terrarios-e-mini-jardins-ganham-espaco-como-presentes-com-memoria-afetiva\/\" \/>\n<meta property=\"og:locale\" content=\"pt_BR\" \/>\n<meta property=\"og:type\" content=\"article\" \/>\n<meta property=\"og:title\" content=\"No Dia dos Namorados, terr\u00e1rios e mini jardins ganham espa\u00e7o como presentes com mem\u00f3ria afetiva - CidadeMarketing\" \/>\n<meta property=\"og:description\" content=\"Em um cen\u00e1rio onde o consumo consciente e a busca por experi\u00eancias com significado crescem cada vez mais, os terr\u00e1rios e mini jardins v\u00eam se destacando como presentes afetivos, duradouros e cheios de simbolismo \u2014 desbancando at\u00e9 o tradicional buqu\u00ea de flores, especialmente em datas como o Dia dos Namorados. Enquanto flores cortadas t\u00eam vida [&hellip;]\" \/>\n<meta property=\"og:url\" content=\"https:\/\/www.cidademarketing.com.br\/marketing\/2025\/06\/09\/no-dia-dos-namorados-terrarios-e-mini-jardins-ganham-espaco-como-presentes-com-memoria-afetiva\/\" \/>\n<meta property=\"og:site_name\" content=\"CidadeMarketing\" \/>\n<meta property=\"article:publisher\" content=\"https:\/\/www.facebook.com\/portalcidademarketing\" \/>\n<meta property=\"article:author\" content=\"https:\/\/www.facebook.com\/thalesbrandao\" \/>\n<meta property=\"article:published_time\" content=\"2025-06-09T04:07:52+00:00\" \/>\n<meta property=\"og:image\" content=\"https:\/\/www.cidademarketing.com.br\/marketing\/wp-content\/uploads\/2025\/06\/diadosnamorados_jardimemminiatura_terrario_minijardim_aracaju_07.webp\" \/>\n\t<meta property=\"og:image:width\" content=\"1000\" \/>\n\t<meta property=\"og:image:height\" content=\"1326\" \/>\n\t<meta property=\"og:image:type\" content=\"image\/webp\" \/>\n<meta name=\"author\" content=\"Thales Brand\u00e3o\" \/>\n<meta name=\"twitter:card\" content=\"summary_large_image\" \/>\n<meta name=\"twitter:creator\" content=\"@http:\/\/www.twitter.com\/thalesbrandao\" \/>\n<meta name=\"twitter:site\" content=\"@CidadeMarketing\" \/>\n<meta name=\"twitter:label1\" content=\"Escrito por\" \/>\n\t<meta name=\"twitter:data1\" content=\"Thales Brand\u00e3o\" \/>\n\t<meta name=\"twitter:label2\" content=\"Est. tempo de leitura\" \/>\n\t<meta name=\"twitter:data2\" content=\"3 minutos\" \/>\n<script type=\"application\/ld+json\" class=\"yoast-schema-graph\">{\"@context\":\"https:\\\/\\\/schema.org\",\"@graph\":[{\"@type\":\"Article\",\"@id\":\"https:\\\/\\\/www.cidademarketing.com.br\\\/marketing\\\/2025\\\/06\\\/09\\\/no-dia-dos-namorados-terrarios-e-mini-jardins-ganham-espaco-como-presentes-com-memoria-afetiva\\\/#article\",\"isPartOf\":{\"@id\":\"https:\\\/\\\/www.cidademarketing.com.br\\\/marketing\\\/2025\\\/06\\\/09\\\/no-dia-dos-namorados-terrarios-e-mini-jardins-ganham-espaco-como-presentes-com-memoria-afetiva\\\/\"},\"author\":{\"name\":\"Thales Brand\u00e3o\",\"@id\":\"https:\\\/\\\/www.cidademarketing.com.br\\\/marketing\\\/#\\\/schema\\\/person\\\/02daff9f18bd9378c9e01eb6b2db155f\"},\"headline\":\"No Dia dos Namorados, terr\u00e1rios e mini jardins ganham espa\u00e7o como presentes com mem\u00f3ria afetiva\",\"datePublished\":\"2025-06-09T04:07:52+00:00\",\"mainEntityOfPage\":{\"@id\":\"https:\\\/\\\/www.cidademarketing.com.br\\\/marketing\\\/2025\\\/06\\\/09\\\/no-dia-dos-namorados-terrarios-e-mini-jardins-ganham-espaco-como-presentes-com-memoria-afetiva\\\/\"},\"wordCount\":541,\"commentCount\":0,\"publisher\":{\"@id\":\"https:\\\/\\\/www.cidademarketing.com.br\\\/marketing\\\/#organization\"},\"image\":{\"@id\":\"https:\\\/\\\/www.cidademarketing.com.br\\\/marketing\\\/2025\\\/06\\\/09\\\/no-dia-dos-namorados-terrarios-e-mini-jardins-ganham-espaco-como-presentes-com-memoria-afetiva\\\/#primaryimage\"},\"thumbnailUrl\":\"https:\\\/\\\/www.cidademarketing.com.br\\\/marketing\\\/wp-content\\\/uploads\\\/2025\\\/06\\\/diadosnamorados_jardimemminiatura_terrario_minijardim_aracaju_07.webp\",\"keywords\":[\"Aracaju\",\"buqu\u00ea de rosas\",\"decora\u00e7\u00e3o\",\"Dia dos Namorados\",\"estrat\u00e9gia\",\"Jardim em Miniatura\",\"marketing\",\"mini jardim\",\"plantas\",\"presente\",\"Salvador\",\"terr\u00e1rio\"],\"articleSection\":[\"Not\u00edcias\"],\"inLanguage\":\"pt-BR\",\"potentialAction\":[{\"@type\":\"CommentAction\",\"name\":\"Comment\",\"target\":[\"https:\\\/\\\/www.cidademarketing.com.br\\\/marketing\\\/2025\\\/06\\\/09\\\/no-dia-dos-namorados-terrarios-e-mini-jardins-ganham-espaco-como-presentes-com-memoria-afetiva\\\/#respond\"]}]},{\"@type\":\"WebPage\",\"@id\":\"https:\\\/\\\/www.cidademarketing.com.br\\\/marketing\\\/2025\\\/06\\\/09\\\/no-dia-dos-namorados-terrarios-e-mini-jardins-ganham-espaco-como-presentes-com-memoria-afetiva\\\/\",\"url\":\"https:\\\/\\\/www.cidademarketing.com.br\\\/marketing\\\/2025\\\/06\\\/09\\\/no-dia-dos-namorados-terrarios-e-mini-jardins-ganham-espaco-como-presentes-com-memoria-afetiva\\\/\",\"name\":\"No Dia dos Namorados, terr\u00e1rios e mini jardins ganham espa\u00e7o como presentes com mem\u00f3ria afetiva - CidadeMarketing\",\"isPartOf\":{\"@id\":\"https:\\\/\\\/www.cidademarketing.com.br\\\/marketing\\\/#website\"},\"primaryImageOfPage\":{\"@id\":\"https:\\\/\\\/www.cidademarketing.com.br\\\/marketing\\\/2025\\\/06\\\/09\\\/no-dia-dos-namorados-terrarios-e-mini-jardins-ganham-espaco-como-presentes-com-memoria-afetiva\\\/#primaryimage\"},\"image\":{\"@id\":\"https:\\\/\\\/www.cidademarketing.com.br\\\/marketing\\\/2025\\\/06\\\/09\\\/no-dia-dos-namorados-terrarios-e-mini-jardins-ganham-espaco-como-presentes-com-memoria-afetiva\\\/#primaryimage\"},\"thumbnailUrl\":\"https:\\\/\\\/www.cidademarketing.com.br\\\/marketing\\\/wp-content\\\/uploads\\\/2025\\\/06\\\/diadosnamorados_jardimemminiatura_terrario_minijardim_aracaju_07.webp\",\"datePublished\":\"2025-06-09T04:07:52+00:00\",\"breadcrumb\":{\"@id\":\"https:\\\/\\\/www.cidademarketing.com.br\\\/marketing\\\/2025\\\/06\\\/09\\\/no-dia-dos-namorados-terrarios-e-mini-jardins-ganham-espaco-como-presentes-com-memoria-afetiva\\\/#breadcrumb\"},\"inLanguage\":\"pt-BR\",\"potentialAction\":[{\"@type\":\"ReadAction\",\"target\":[\"https:\\\/\\\/www.cidademarketing.com.br\\\/marketing\\\/2025\\\/06\\\/09\\\/no-dia-dos-namorados-terrarios-e-mini-jardins-ganham-espaco-como-presentes-com-memoria-afetiva\\\/\"]}]},{\"@type\":\"ImageObject\",\"inLanguage\":\"pt-BR\",\"@id\":\"https:\\\/\\\/www.cidademarketing.com.br\\\/marketing\\\/2025\\\/06\\\/09\\\/no-dia-dos-namorados-terrarios-e-mini-jardins-ganham-espaco-como-presentes-com-memoria-afetiva\\\/#primaryimage\",\"url\":\"https:\\\/\\\/www.cidademarketing.com.br\\\/marketing\\\/wp-content\\\/uploads\\\/2025\\\/06\\\/diadosnamorados_jardimemminiatura_terrario_minijardim_aracaju_07.webp\",\"contentUrl\":\"https:\\\/\\\/www.cidademarketing.com.br\\\/marketing\\\/wp-content\\\/uploads\\\/2025\\\/06\\\/diadosnamorados_jardimemminiatura_terrario_minijardim_aracaju_07.webp\",\"width\":1000,\"height\":1326,\"caption\":\"Divulga\u00e7\u00e3o\"},{\"@type\":\"BreadcrumbList\",\"@id\":\"https:\\\/\\\/www.cidademarketing.com.br\\\/marketing\\\/2025\\\/06\\\/09\\\/no-dia-dos-namorados-terrarios-e-mini-jardins-ganham-espaco-como-presentes-com-memoria-afetiva\\\/#breadcrumb\",\"itemListElement\":[{\"@type\":\"ListItem\",\"position\":1,\"name\":\"In\u00edcio\",\"item\":\"https:\\\/\\\/www.cidademarketing.com.br\\\/marketing\\\/\"},{\"@type\":\"ListItem\",\"position\":2,\"name\":\"No Dia dos Namorados, terr\u00e1rios e mini jardins ganham espa\u00e7o como presentes com mem\u00f3ria afetiva\"}]},{\"@type\":\"WebSite\",\"@id\":\"https:\\\/\\\/www.cidademarketing.com.br\\\/marketing\\\/#website\",\"url\":\"https:\\\/\\\/www.cidademarketing.com.br\\\/marketing\\\/\",\"name\":\"CidadeMarketing\",\"description\":\"Somos um ve\u00edculo de comunica\u00e7\u00e3o de destaque no Brasil, reconhecido por conte\u00fados nos segmentos de marketing, empreendedorismo e inova\u00e7\u00e3o.\",\"publisher\":{\"@id\":\"https:\\\/\\\/www.cidademarketing.com.br\\\/marketing\\\/#organization\"},\"alternateName\":\"CidadeMarketing\",\"potentialAction\":[{\"@type\":\"SearchAction\",\"target\":{\"@type\":\"EntryPoint\",\"urlTemplate\":\"https:\\\/\\\/www.cidademarketing.com.br\\\/marketing\\\/?s={search_term_string}\"},\"query-input\":{\"@type\":\"PropertyValueSpecification\",\"valueRequired\":true,\"valueName\":\"search_term_string\"}}],\"inLanguage\":\"pt-BR\"},{\"@type\":\"Organization\",\"@id\":\"https:\\\/\\\/www.cidademarketing.com.br\\\/marketing\\\/#organization\",\"name\":\"CidadeMarketing\",\"alternateName\":\"CidadeMarketing\",\"url\":\"https:\\\/\\\/www.cidademarketing.com.br\\\/marketing\\\/\",\"logo\":{\"@type\":\"ImageObject\",\"inLanguage\":\"pt-BR\",\"@id\":\"https:\\\/\\\/www.cidademarketing.com.br\\\/marketing\\\/#\\\/schema\\\/logo\\\/image\\\/\",\"url\":\"https:\\\/\\\/www.cidademarketing.com.br\\\/marketing\\\/wp-content\\\/uploads\\\/2020\\\/01\\\/cidademarketing_marca_mobile.png\",\"contentUrl\":\"https:\\\/\\\/www.cidademarketing.com.br\\\/marketing\\\/wp-content\\\/uploads\\\/2020\\\/01\\\/cidademarketing_marca_mobile.png\",\"width\":230,\"height\":92,\"caption\":\"CidadeMarketing\"},\"image\":{\"@id\":\"https:\\\/\\\/www.cidademarketing.com.br\\\/marketing\\\/#\\\/schema\\\/logo\\\/image\\\/\"},\"sameAs\":[\"https:\\\/\\\/www.facebook.com\\\/portalcidademarketing\",\"https:\\\/\\\/x.com\\\/CidadeMarketing\",\"https:\\\/\\\/www.instagram.com\\\/cidademarketing\\\/\"]},{\"@type\":\"Person\",\"@id\":\"https:\\\/\\\/www.cidademarketing.com.br\\\/marketing\\\/#\\\/schema\\\/person\\\/02daff9f18bd9378c9e01eb6b2db155f\",\"name\":\"Thales Brand\u00e3o\",\"image\":{\"@type\":\"ImageObject\",\"inLanguage\":\"pt-BR\",\"@id\":\"https:\\\/\\\/secure.gravatar.com\\\/avatar\\\/7ca3206950207cc3cb48feec56a8a7898741ab725c368d99d5d7a5a50aab80c6?s=96&d=mm&r=g\",\"url\":\"https:\\\/\\\/secure.gravatar.com\\\/avatar\\\/7ca3206950207cc3cb48feec56a8a7898741ab725c368d99d5d7a5a50aab80c6?s=96&d=mm&r=g\",\"contentUrl\":\"https:\\\/\\\/secure.gravatar.com\\\/avatar\\\/7ca3206950207cc3cb48feec56a8a7898741ab725c368d99d5d7a5a50aab80c6?s=96&d=mm&r=g\",\"caption\":\"Thales Brand\u00e3o\"},\"description\":\"Editor Executivo do Portal CidadeMarketing.com.br &gt; Mestre em Comunica\u00e7\u00e3o e Sociedade pela Universidade Federal de Sergipe. Possui MBA Executivo em Administra\u00e7\u00e3o com \u00eanfase em Marketing pela Funda\u00e7\u00e3o Get\u00falio Vargas - Rio de Janeiro. Consultor, Palestrante e Pesquisador sobre Empreendedorismo, Marketing, Redes Sociais e Neg\u00f3cios Digitais. Professor, Palestrante TedxTalks e Campus Party. Twitter: @ThalesBrandao\",\"sameAs\":[\"http:\\\/\\\/www.mandacaru.com.br\",\"https:\\\/\\\/www.facebook.com\\\/thalesbrandao\",\"http:\\\/\\\/www.instagram.com.br\\\/thalesbrandaoferreira\",\"https:\\\/\\\/www.linkedin.com\\\/in\\\/thales-brand\u00e3o-3948609\\\/\",\"https:\\\/\\\/x.com\\\/http:\\\/\\\/www.twitter.com\\\/thalesbrandao\"],\"url\":\"https:\\\/\\\/www.cidademarketing.com.br\\\/marketing\\\/author\\\/thalesbrandao\\\/\"}]}<\/script>\n<!-- \/ Yoast SEO plugin. -->","yoast_head_json":{"title":"No Dia dos Namorados, terr\u00e1rios e mini jardins ganham espa\u00e7o como presentes com mem\u00f3ria afetiva - CidadeMarketing","robots":{"index":"index","follow":"follow","max-snippet":"max-snippet:-1","max-image-preview":"max-image-preview:large","max-video-preview":"max-video-preview:-1"},"canonical":"https:\/\/www.cidademarketing.com.br\/marketing\/2025\/06\/09\/no-dia-dos-namorados-terrarios-e-mini-jardins-ganham-espaco-como-presentes-com-memoria-afetiva\/","og_locale":"pt_BR","og_type":"article","og_title":"No Dia dos Namorados, terr\u00e1rios e mini jardins ganham espa\u00e7o como presentes com mem\u00f3ria afetiva - CidadeMarketing","og_description":"Em um cen\u00e1rio onde o consumo consciente e a busca por experi\u00eancias com significado crescem cada vez mais, os terr\u00e1rios e mini jardins v\u00eam se destacando como presentes afetivos, duradouros e cheios de simbolismo \u2014 desbancando at\u00e9 o tradicional buqu\u00ea de flores, especialmente em datas como o Dia dos Namorados. Enquanto flores cortadas t\u00eam vida [&hellip;]","og_url":"https:\/\/www.cidademarketing.com.br\/marketing\/2025\/06\/09\/no-dia-dos-namorados-terrarios-e-mini-jardins-ganham-espaco-como-presentes-com-memoria-afetiva\/","og_site_name":"CidadeMarketing","article_publisher":"https:\/\/www.facebook.com\/portalcidademarketing","article_author":"https:\/\/www.facebook.com\/thalesbrandao","article_published_time":"2025-06-09T04:07:52+00:00","og_image":[{"width":1000,"height":1326,"url":"https:\/\/www.cidademarketing.com.br\/marketing\/wp-content\/uploads\/2025\/06\/diadosnamorados_jardimemminiatura_terrario_minijardim_aracaju_07.webp","type":"image\/webp"}],"author":"Thales Brand\u00e3o","twitter_card":"summary_large_image","twitter_creator":"@http:\/\/www.twitter.com\/thalesbrandao","twitter_site":"@CidadeMarketing","twitter_misc":{"Escrito por":"Thales Brand\u00e3o","Est. tempo de leitura":"3 minutos"},"schema":{"@context":"https:\/\/schema.org","@graph":[{"@type":"Article","@id":"https:\/\/www.cidademarketing.com.br\/marketing\/2025\/06\/09\/no-dia-dos-namorados-terrarios-e-mini-jardins-ganham-espaco-como-presentes-com-memoria-afetiva\/#article","isPartOf":{"@id":"https:\/\/www.cidademarketing.com.br\/marketing\/2025\/06\/09\/no-dia-dos-namorados-terrarios-e-mini-jardins-ganham-espaco-como-presentes-com-memoria-afetiva\/"},"author":{"name":"Thales Brand\u00e3o","@id":"https:\/\/www.cidademarketing.com.br\/marketing\/#\/schema\/person\/02daff9f18bd9378c9e01eb6b2db155f"},"headline":"No Dia dos Namorados, terr\u00e1rios e mini jardins ganham espa\u00e7o como presentes com mem\u00f3ria afetiva","datePublished":"2025-06-09T04:07:52+00:00","mainEntityOfPage":{"@id":"https:\/\/www.cidademarketing.com.br\/marketing\/2025\/06\/09\/no-dia-dos-namorados-terrarios-e-mini-jardins-ganham-espaco-como-presentes-com-memoria-afetiva\/"},"wordCount":541,"commentCount":0,"publisher":{"@id":"https:\/\/www.cidademarketing.com.br\/marketing\/#organization"},"image":{"@id":"https:\/\/www.cidademarketing.com.br\/marketing\/2025\/06\/09\/no-dia-dos-namorados-terrarios-e-mini-jardins-ganham-espaco-como-presentes-com-memoria-afetiva\/#primaryimage"},"thumbnailUrl":"https:\/\/www.cidademarketing.com.br\/marketing\/wp-content\/uploads\/2025\/06\/diadosnamorados_jardimemminiatura_terrario_minijardim_aracaju_07.webp","keywords":["Aracaju","buqu\u00ea de rosas","decora\u00e7\u00e3o","Dia dos Namorados","estrat\u00e9gia","Jardim em Miniatura","marketing","mini jardim","plantas","presente","Salvador","terr\u00e1rio"],"articleSection":["Not\u00edcias"],"inLanguage":"pt-BR","potentialAction":[{"@type":"CommentAction","name":"Comment","target":["https:\/\/www.cidademarketing.com.br\/marketing\/2025\/06\/09\/no-dia-dos-namorados-terrarios-e-mini-jardins-ganham-espaco-como-presentes-com-memoria-afetiva\/#respond"]}]},{"@type":"WebPage","@id":"https:\/\/www.cidademarketing.com.br\/marketing\/2025\/06\/09\/no-dia-dos-namorados-terrarios-e-mini-jardins-ganham-espaco-como-presentes-com-memoria-afetiva\/","url":"https:\/\/www.cidademarketing.com.br\/marketing\/2025\/06\/09\/no-dia-dos-namorados-terrarios-e-mini-jardins-ganham-espaco-como-presentes-com-memoria-afetiva\/","name":"No Dia dos Namorados, terr\u00e1rios e mini jardins ganham espa\u00e7o como presentes com mem\u00f3ria afetiva - CidadeMarketing","isPartOf":{"@id":"https:\/\/www.cidademarketing.com.br\/marketing\/#website"},"primaryImageOfPage":{"@id":"https:\/\/www.cidademarketing.com.br\/marketing\/2025\/06\/09\/no-dia-dos-namorados-terrarios-e-mini-jardins-ganham-espaco-como-presentes-com-memoria-afetiva\/#primaryimage"},"image":{"@id":"https:\/\/www.cidademarketing.com.br\/marketing\/2025\/06\/09\/no-dia-dos-namorados-terrarios-e-mini-jardins-ganham-espaco-como-presentes-com-memoria-afetiva\/#primaryimage"},"thumbnailUrl":"https:\/\/www.cidademarketing.com.br\/marketing\/wp-content\/uploads\/2025\/06\/diadosnamorados_jardimemminiatura_terrario_minijardim_aracaju_07.webp","datePublished":"2025-06-09T04:07:52+00:00","breadcrumb":{"@id":"https:\/\/www.cidademarketing.com.br\/marketing\/2025\/06\/09\/no-dia-dos-namorados-terrarios-e-mini-jardins-ganham-espaco-como-presentes-com-memoria-afetiva\/#breadcrumb"},"inLanguage":"pt-BR","potentialAction":[{"@type":"ReadAction","target":["https:\/\/www.cidademarketing.com.br\/marketing\/2025\/06\/09\/no-dia-dos-namorados-terrarios-e-mini-jardins-ganham-espaco-como-presentes-com-memoria-afetiva\/"]}]},{"@type":"ImageObject","inLanguage":"pt-BR","@id":"https:\/\/www.cidademarketing.com.br\/marketing\/2025\/06\/09\/no-dia-dos-namorados-terrarios-e-mini-jardins-ganham-espaco-como-presentes-com-memoria-afetiva\/#primaryimage","url":"https:\/\/www.cidademarketing.com.br\/marketing\/wp-content\/uploads\/2025\/06\/diadosnamorados_jardimemminiatura_terrario_minijardim_aracaju_07.webp","contentUrl":"https:\/\/www.cidademarketing.com.br\/marketing\/wp-content\/uploads\/2025\/06\/diadosnamorados_jardimemminiatura_terrario_minijardim_aracaju_07.webp","width":1000,"height":1326,"caption":"Divulga\u00e7\u00e3o"},{"@type":"BreadcrumbList","@id":"https:\/\/www.cidademarketing.com.br\/marketing\/2025\/06\/09\/no-dia-dos-namorados-terrarios-e-mini-jardins-ganham-espaco-como-presentes-com-memoria-afetiva\/#breadcrumb","itemListElement":[{"@type":"ListItem","position":1,"name":"In\u00edcio","item":"https:\/\/www.cidademarketing.com.br\/marketing\/"},{"@type":"ListItem","position":2,"name":"No Dia dos Namorados, terr\u00e1rios e mini jardins ganham espa\u00e7o como presentes com mem\u00f3ria afetiva"}]},{"@type":"WebSite","@id":"https:\/\/www.cidademarketing.com.br\/marketing\/#website","url":"https:\/\/www.cidademarketing.com.br\/marketing\/","name":"CidadeMarketing","description":"Somos um ve\u00edculo de comunica\u00e7\u00e3o de destaque no Brasil, reconhecido por conte\u00fados nos segmentos de marketing, empreendedorismo e inova\u00e7\u00e3o.","publisher":{"@id":"https:\/\/www.cidademarketing.com.br\/marketing\/#organization"},"alternateName":"CidadeMarketing","potentialAction":[{"@type":"SearchAction","target":{"@type":"EntryPoint","urlTemplate":"https:\/\/www.cidademarketing.com.br\/marketing\/?s={search_term_string}"},"query-input":{"@type":"PropertyValueSpecification","valueRequired":true,"valueName":"search_term_string"}}],"inLanguage":"pt-BR"},{"@type":"Organization","@id":"https:\/\/www.cidademarketing.com.br\/marketing\/#organization","name":"CidadeMarketing","alternateName":"CidadeMarketing","url":"https:\/\/www.cidademarketing.com.br\/marketing\/","logo":{"@type":"ImageObject","inLanguage":"pt-BR","@id":"https:\/\/www.cidademarketing.com.br\/marketing\/#\/schema\/logo\/image\/","url":"https:\/\/www.cidademarketing.com.br\/marketing\/wp-content\/uploads\/2020\/01\/cidademarketing_marca_mobile.png","contentUrl":"https:\/\/www.cidademarketing.com.br\/marketing\/wp-content\/uploads\/2020\/01\/cidademarketing_marca_mobile.png","width":230,"height":92,"caption":"CidadeMarketing"},"image":{"@id":"https:\/\/www.cidademarketing.com.br\/marketing\/#\/schema\/logo\/image\/"},"sameAs":["https:\/\/www.facebook.com\/portalcidademarketing","https:\/\/x.com\/CidadeMarketing","https:\/\/www.instagram.com\/cidademarketing\/"]},{"@type":"Person","@id":"https:\/\/www.cidademarketing.com.br\/marketing\/#\/schema\/person\/02daff9f18bd9378c9e01eb6b2db155f","name":"Thales Brand\u00e3o","image":{"@type":"ImageObject","inLanguage":"pt-BR","@id":"https:\/\/secure.gravatar.com\/avatar\/7ca3206950207cc3cb48feec56a8a7898741ab725c368d99d5d7a5a50aab80c6?s=96&d=mm&r=g","url":"https:\/\/secure.gravatar.com\/avatar\/7ca3206950207cc3cb48feec56a8a7898741ab725c368d99d5d7a5a50aab80c6?s=96&d=mm&r=g","contentUrl":"https:\/\/secure.gravatar.com\/avatar\/7ca3206950207cc3cb48feec56a8a7898741ab725c368d99d5d7a5a50aab80c6?s=96&d=mm&r=g","caption":"Thales Brand\u00e3o"},"description":"Editor Executivo do Portal CidadeMarketing.com.br &gt; Mestre em Comunica\u00e7\u00e3o e Sociedade pela Universidade Federal de Sergipe. Possui MBA Executivo em Administra\u00e7\u00e3o com \u00eanfase em Marketing pela Funda\u00e7\u00e3o Get\u00falio Vargas - Rio de Janeiro. Consultor, Palestrante e Pesquisador sobre Empreendedorismo, Marketing, Redes Sociais e Neg\u00f3cios Digitais. Professor, Palestrante TedxTalks e Campus Party. Twitter: @ThalesBrandao","sameAs":["http:\/\/www.mandacaru.com.br","https:\/\/www.facebook.com\/thalesbrandao","http:\/\/www.instagram.com.br\/thalesbrandaoferreira","https:\/\/www.linkedin.com\/in\/thales-brand\u00e3o-3948609\/","https:\/\/x.com\/http:\/\/www.twitter.com\/thalesbrandao"],"url":"https:\/\/www.cidademarketing.com.br\/marketing\/author\/thalesbrandao\/"}]}},"amp_enabled":true,"_links":{"self":[{"href":"https:\/\/www.cidademarketing.com.br\/marketing\/wp-json\/wp\/v2\/posts\/56655","targetHints":{"allow":["GET"]}}],"collection":[{"href":"https:\/\/www.cidademarketing.com.br\/marketing\/wp-json\/wp\/v2\/posts"}],"about":[{"href":"https:\/\/www.cidademarketing.com.br\/marketing\/wp-json\/wp\/v2\/types\/post"}],"author":[{"embeddable":true,"href":"https:\/\/www.cidademarketing.com.br\/marketing\/wp-json\/wp\/v2\/users\/1"}],"replies":[{"embeddable":true,"href":"https:\/\/www.cidademarketing.com.br\/marketing\/wp-json\/wp\/v2\/comments?post=56655"}],"version-history":[{"count":1,"href":"https:\/\/www.cidademarketing.com.br\/marketing\/wp-json\/wp\/v2\/posts\/56655\/revisions"}],"predecessor-version":[{"id":56668,"href":"https:\/\/www.cidademarketing.com.br\/marketing\/wp-json\/wp\/v2\/posts\/56655\/revisions\/56668"}],"wp:featuredmedia":[{"embeddable":true,"href":"https:\/\/www.cidademarketing.com.br\/marketing\/wp-json\/wp\/v2\/media\/56661"}],"wp:attachment":[{"href":"https:\/\/www.cidademarketing.com.br\/marketing\/wp-json\/wp\/v2\/media?parent=56655"}],"wp:term":[{"taxonomy":"category","embeddable":true,"href":"https:\/\/www.cidademarketing.com.br\/marketing\/wp-json\/wp\/v2\/categories?post=56655"},{"taxonomy":"post_tag","embeddable":true,"href":"https:\/\/www.cidademarketing.com.br\/marketing\/wp-json\/wp\/v2\/tags?post=56655"}],"curies":[{"name":"wp","href":"https:\/\/api.w.org\/{rel}","templated":true}]}}