{"id":56641,"date":"2025-06-08T01:13:30","date_gmt":"2025-06-08T04:13:30","guid":{"rendered":"https:\/\/www.cidademarketing.com.br\/marketing\/?p=56641"},"modified":"2025-06-08T01:13:30","modified_gmt":"2025-06-08T04:13:30","slug":"gerdau-abre-80-vagas-em-sao-paulo-para-programa-de-estagio","status":"publish","type":"post","link":"https:\/\/www.cidademarketing.com.br\/marketing\/2025\/06\/08\/gerdau-abre-80-vagas-em-sao-paulo-para-programa-de-estagio\/","title":{"rendered":"Gerdau abre 80 vagas em S\u00e3o Paulo para programa de est\u00e1gio"},"content":{"rendered":"<p>Est\u00e3o abertas as inscri\u00e7\u00f5es para o programa de est\u00e1gio universit\u00e1rio da Gerdau, a maior empresa brasileira produtora de a\u00e7o. O G.Start tem como objetivo atrair talentos, oferecendo uma trilha de desenvolvimento elaborada para potencializar o futuro de cada integrante. As pessoas interessadas em participar do programa ter\u00e3o at\u00e9 o dia 22 de junho para se <a href=\"https:\/\/estagiogerdau.com.br\/\" target=\"_blank\" rel=\"noopener\">inscrever pelo site<\/a>. S\u00e3o 80 vagas abertas, v\u00e1lidas para as cidades de Ara\u00e7ariguama, Guarulhos, Pindamonhangaba, S\u00e3o Caetano do Sul, S\u00e3o Jos\u00e9 dos Campos e na capital paulista.<\/p>\n<p>Para se inscrever, \u00e9 necess\u00e1rio que os candidatos e candidatas estejam matriculados em cursos de bacharelado ou tecn\u00f3logo nas seguintes \u00e1reas: Administra\u00e7\u00e3o, Ci\u00eancias Cont\u00e1beis, Ci\u00eancias da Computa\u00e7\u00e3o, Com\u00e9rcio Exterior, Comunica\u00e7\u00e3o Social, Design, Direito, Economia, Engenharias (Ambiental, Civil, Computa\u00e7\u00e3o, El\u00e9trica, Mec\u00e2nica, Metal\u00fargica, de Produ\u00e7\u00e3o, Qu\u00edmica e de Software), Log\u00edstica, Marketing, Psicologia, Recursos Humanos, Sistemas de Informa\u00e7\u00e3o, Tecnologia da Informa\u00e7\u00e3o.<\/p>\n<p>As pessoas interessadas devem ter a conclus\u00e3o do curso prevista entre junho de 2026 e junho de 2029, disponibilidade para uma carga hor\u00e1ria de 6 horas di\u00e1rias e residir nas proximidades da unidade escolhida. O programa de est\u00e1gio est\u00e1 programado para come\u00e7ar em agosto de 2025 e pode ter dura\u00e7\u00e3o de um a dois anos.<br \/>\nDe acordo com a diretora global de Pessoas e Responsabilidade Social da Gerdau, Fl\u00e1via Nardon, todas as pessoas que atendam aos pr\u00e9-requisitos ser\u00e3o bem-vindas e n\u00e3o h\u00e1 um limite de idade para se inscrever. \u201cEstamos abrindo as portas para os talentos que tenham curiosidade, vontade de aprender e que queiram crescer com a gente. Com o G.Start, queremos proporcionar uma jornada de desenvolvimento conectada ao dia a dia da nossa opera\u00e7\u00e3o, com uma troca cont\u00ednua com tutores e l\u00edderes. Somos uma empresa brasileira, com 124 anos de trajet\u00f3ria, e seguimos renovando com quem chega para construir o futuro conosco\u201d, afirma.<\/p>\n<p>O programa G.Start proporciona n\u00e3o apenas suporte e desenvolvimento profissional, mas tamb\u00e9m um pacote de benef\u00edcios completo, que abrange uma bolsa-aux\u00edlio, transporte fretado ou aux\u00edlio transporte (dependendo da regi\u00e3o), vale-refei\u00e7\u00e3o nas unidades sem refeit\u00f3rio, al\u00e9m de plano de sa\u00fade, plano odontol\u00f3gico e seguro de vida, Einstein Conecta, aux\u00edlio-farm\u00e1cia e o Programa +Cuidado, que disponibiliza profissionais especializados para apoiar colaboradores da companhia e seus dependentes em quest\u00f5es psicol\u00f3gicas e financeiras.<\/p>\n<p>Ao todo, a companhia possui vagas de est\u00e1gio abertas para os estados de Alagoas, Bahia, Cear\u00e1, Esp\u00edrito Santo, Goi\u00e1s, Minas Gerais, Mato Grosso, Pernambuco, Paran\u00e1, Rio Grande do Sul, Rio de Janeiro e Santa Catarina, al\u00e9m do Distrito Federal.<br \/>\nA Gerdau est\u00e1 presente em 7 pa\u00edses nas Am\u00e9ricas e conta com mais de 30 mil colaboradores e colaboradoras em suas opera\u00e7\u00f5es. A empresa \u00e9 a maior recicladora da Am\u00e9rica Latina e tem na sucata uma importante mat\u00e9ria-prima: cerca de 70% do a\u00e7o que produz \u00e9 feito a partir desse material. Todo ano, 10 milh\u00f5es de toneladas de sucata s\u00e3o transformadas em diversos produtos de a\u00e7o.<\/p>\n<p>Servi\u00e7o:<br \/>\nPrograma de Est\u00e1gio G.Start 2025<br \/>\nInscri\u00e7\u00f5es at\u00e9 22 de junho<br \/>\nPara mais informa\u00e7\u00f5es, acesse o <a href=\"https:\/\/estagiogerdau.com.br\/\" target=\"_blank\" rel=\"noopener\">site<\/a>.<\/p>\n","protected":false},"excerpt":{"rendered":"<p>Est\u00e3o abertas as inscri\u00e7\u00f5es para o programa de est\u00e1gio universit\u00e1rio da Gerdau, a maior empresa brasileira produtora de a\u00e7o. O G.Start tem como objetivo atrair talentos, oferecendo uma trilha de desenvolvimento elaborada para potencializar o futuro de cada integrante. As pessoas interessadas em participar do programa ter\u00e3o at\u00e9 o dia 22 de junho para se [&hellip;]<\/p>\n","protected":false},"author":1,"featured_media":56642,"comment_status":"open","ping_status":"open","sticky":false,"template":"","format":"standard","meta":{"tdm_status":"","tdm_grid_status":"","footnotes":""},"categories":[6],"tags":[251,1562,33,2894,28,282],"class_list":["post-56641","post","type-post","status-publish","format-standard","has-post-thumbnail","hentry","category-noticias","tag-carreira","tag-estagio","tag-estrategia","tag-gerdau","tag-marketing","tag-pessoas"],"yoast_head":"<!-- This site is optimized with the Yoast SEO plugin v27.4 - https:\/\/yoast.com\/product\/yoast-seo-wordpress\/ -->\n<title>Gerdau abre 80 vagas em S\u00e3o Paulo para programa de est\u00e1gio - CidadeMarketing<\/title>\n<meta name=\"robots\" content=\"index, follow, max-snippet:-1, max-image-preview:large, max-video-preview:-1\" \/>\n<link rel=\"canonical\" href=\"https:\/\/www.cidademarketing.com.br\/marketing\/2025\/06\/08\/gerdau-abre-80-vagas-em-sao-paulo-para-programa-de-estagio\/\" \/>\n<meta property=\"og:locale\" content=\"pt_BR\" \/>\n<meta property=\"og:type\" content=\"article\" \/>\n<meta property=\"og:title\" content=\"Gerdau abre 80 vagas em S\u00e3o Paulo para programa de est\u00e1gio - CidadeMarketing\" \/>\n<meta property=\"og:description\" content=\"Est\u00e3o abertas as inscri\u00e7\u00f5es para o programa de est\u00e1gio universit\u00e1rio da Gerdau, a maior empresa brasileira produtora de a\u00e7o. O G.Start tem como objetivo atrair talentos, oferecendo uma trilha de desenvolvimento elaborada para potencializar o futuro de cada integrante. As pessoas interessadas em participar do programa ter\u00e3o at\u00e9 o dia 22 de junho para se [&hellip;]\" \/>\n<meta property=\"og:url\" content=\"https:\/\/www.cidademarketing.com.br\/marketing\/2025\/06\/08\/gerdau-abre-80-vagas-em-sao-paulo-para-programa-de-estagio\/\" \/>\n<meta property=\"og:site_name\" content=\"CidadeMarketing\" \/>\n<meta property=\"article:publisher\" content=\"https:\/\/www.facebook.com\/portalcidademarketing\" \/>\n<meta property=\"article:author\" content=\"https:\/\/www.facebook.com\/thalesbrandao\" \/>\n<meta property=\"article:published_time\" content=\"2025-06-08T04:13:30+00:00\" \/>\n<meta property=\"og:image\" content=\"https:\/\/www.cidademarketing.com.br\/marketing\/wp-content\/uploads\/2025\/06\/gerdau_estagio.webp\" \/>\n\t<meta property=\"og:image:width\" content=\"1022\" \/>\n\t<meta property=\"og:image:height\" content=\"713\" \/>\n\t<meta property=\"og:image:type\" content=\"image\/webp\" \/>\n<meta name=\"author\" content=\"Thales Brand\u00e3o\" \/>\n<meta name=\"twitter:card\" content=\"summary_large_image\" \/>\n<meta name=\"twitter:creator\" content=\"@http:\/\/www.twitter.com\/thalesbrandao\" \/>\n<meta name=\"twitter:site\" content=\"@CidadeMarketing\" \/>\n<meta name=\"twitter:label1\" content=\"Escrito por\" \/>\n\t<meta name=\"twitter:data1\" content=\"Thales Brand\u00e3o\" \/>\n\t<meta name=\"twitter:label2\" content=\"Est. tempo de leitura\" \/>\n\t<meta name=\"twitter:data2\" content=\"3 minutos\" \/>\n<script type=\"application\/ld+json\" class=\"yoast-schema-graph\">{\"@context\":\"https:\\\/\\\/schema.org\",\"@graph\":[{\"@type\":\"Article\",\"@id\":\"https:\\\/\\\/www.cidademarketing.com.br\\\/marketing\\\/2025\\\/06\\\/08\\\/gerdau-abre-80-vagas-em-sao-paulo-para-programa-de-estagio\\\/#article\",\"isPartOf\":{\"@id\":\"https:\\\/\\\/www.cidademarketing.com.br\\\/marketing\\\/2025\\\/06\\\/08\\\/gerdau-abre-80-vagas-em-sao-paulo-para-programa-de-estagio\\\/\"},\"author\":{\"name\":\"Thales Brand\u00e3o\",\"@id\":\"https:\\\/\\\/www.cidademarketing.com.br\\\/marketing\\\/#\\\/schema\\\/person\\\/02daff9f18bd9378c9e01eb6b2db155f\"},\"headline\":\"Gerdau abre 80 vagas em S\u00e3o Paulo para programa de est\u00e1gio\",\"datePublished\":\"2025-06-08T04:13:30+00:00\",\"mainEntityOfPage\":{\"@id\":\"https:\\\/\\\/www.cidademarketing.com.br\\\/marketing\\\/2025\\\/06\\\/08\\\/gerdau-abre-80-vagas-em-sao-paulo-para-programa-de-estagio\\\/\"},\"wordCount\":561,\"commentCount\":0,\"publisher\":{\"@id\":\"https:\\\/\\\/www.cidademarketing.com.br\\\/marketing\\\/#organization\"},\"image\":{\"@id\":\"https:\\\/\\\/www.cidademarketing.com.br\\\/marketing\\\/2025\\\/06\\\/08\\\/gerdau-abre-80-vagas-em-sao-paulo-para-programa-de-estagio\\\/#primaryimage\"},\"thumbnailUrl\":\"https:\\\/\\\/www.cidademarketing.com.br\\\/marketing\\\/wp-content\\\/uploads\\\/2025\\\/06\\\/gerdau_estagio.webp\",\"keywords\":[\"carreira\",\"est\u00e1gio\",\"estrat\u00e9gia\",\"Gerdau\",\"marketing\",\"pessoas\"],\"articleSection\":[\"Not\u00edcias\"],\"inLanguage\":\"pt-BR\",\"potentialAction\":[{\"@type\":\"CommentAction\",\"name\":\"Comment\",\"target\":[\"https:\\\/\\\/www.cidademarketing.com.br\\\/marketing\\\/2025\\\/06\\\/08\\\/gerdau-abre-80-vagas-em-sao-paulo-para-programa-de-estagio\\\/#respond\"]}]},{\"@type\":\"WebPage\",\"@id\":\"https:\\\/\\\/www.cidademarketing.com.br\\\/marketing\\\/2025\\\/06\\\/08\\\/gerdau-abre-80-vagas-em-sao-paulo-para-programa-de-estagio\\\/\",\"url\":\"https:\\\/\\\/www.cidademarketing.com.br\\\/marketing\\\/2025\\\/06\\\/08\\\/gerdau-abre-80-vagas-em-sao-paulo-para-programa-de-estagio\\\/\",\"name\":\"Gerdau abre 80 vagas em S\u00e3o Paulo para programa de est\u00e1gio - CidadeMarketing\",\"isPartOf\":{\"@id\":\"https:\\\/\\\/www.cidademarketing.com.br\\\/marketing\\\/#website\"},\"primaryImageOfPage\":{\"@id\":\"https:\\\/\\\/www.cidademarketing.com.br\\\/marketing\\\/2025\\\/06\\\/08\\\/gerdau-abre-80-vagas-em-sao-paulo-para-programa-de-estagio\\\/#primaryimage\"},\"image\":{\"@id\":\"https:\\\/\\\/www.cidademarketing.com.br\\\/marketing\\\/2025\\\/06\\\/08\\\/gerdau-abre-80-vagas-em-sao-paulo-para-programa-de-estagio\\\/#primaryimage\"},\"thumbnailUrl\":\"https:\\\/\\\/www.cidademarketing.com.br\\\/marketing\\\/wp-content\\\/uploads\\\/2025\\\/06\\\/gerdau_estagio.webp\",\"datePublished\":\"2025-06-08T04:13:30+00:00\",\"breadcrumb\":{\"@id\":\"https:\\\/\\\/www.cidademarketing.com.br\\\/marketing\\\/2025\\\/06\\\/08\\\/gerdau-abre-80-vagas-em-sao-paulo-para-programa-de-estagio\\\/#breadcrumb\"},\"inLanguage\":\"pt-BR\",\"potentialAction\":[{\"@type\":\"ReadAction\",\"target\":[\"https:\\\/\\\/www.cidademarketing.com.br\\\/marketing\\\/2025\\\/06\\\/08\\\/gerdau-abre-80-vagas-em-sao-paulo-para-programa-de-estagio\\\/\"]}]},{\"@type\":\"ImageObject\",\"inLanguage\":\"pt-BR\",\"@id\":\"https:\\\/\\\/www.cidademarketing.com.br\\\/marketing\\\/2025\\\/06\\\/08\\\/gerdau-abre-80-vagas-em-sao-paulo-para-programa-de-estagio\\\/#primaryimage\",\"url\":\"https:\\\/\\\/www.cidademarketing.com.br\\\/marketing\\\/wp-content\\\/uploads\\\/2025\\\/06\\\/gerdau_estagio.webp\",\"contentUrl\":\"https:\\\/\\\/www.cidademarketing.com.br\\\/marketing\\\/wp-content\\\/uploads\\\/2025\\\/06\\\/gerdau_estagio.webp\",\"width\":1022,\"height\":713,\"caption\":\"Divulga\u00e7\u00e3o\"},{\"@type\":\"BreadcrumbList\",\"@id\":\"https:\\\/\\\/www.cidademarketing.com.br\\\/marketing\\\/2025\\\/06\\\/08\\\/gerdau-abre-80-vagas-em-sao-paulo-para-programa-de-estagio\\\/#breadcrumb\",\"itemListElement\":[{\"@type\":\"ListItem\",\"position\":1,\"name\":\"In\u00edcio\",\"item\":\"https:\\\/\\\/www.cidademarketing.com.br\\\/marketing\\\/\"},{\"@type\":\"ListItem\",\"position\":2,\"name\":\"Gerdau abre 80 vagas em S\u00e3o Paulo para programa de est\u00e1gio\"}]},{\"@type\":\"WebSite\",\"@id\":\"https:\\\/\\\/www.cidademarketing.com.br\\\/marketing\\\/#website\",\"url\":\"https:\\\/\\\/www.cidademarketing.com.br\\\/marketing\\\/\",\"name\":\"CidadeMarketing\",\"description\":\"Somos um ve\u00edculo de comunica\u00e7\u00e3o de destaque no Brasil, reconhecido por conte\u00fados nos segmentos de marketing, empreendedorismo e inova\u00e7\u00e3o.\",\"publisher\":{\"@id\":\"https:\\\/\\\/www.cidademarketing.com.br\\\/marketing\\\/#organization\"},\"alternateName\":\"CidadeMarketing\",\"potentialAction\":[{\"@type\":\"SearchAction\",\"target\":{\"@type\":\"EntryPoint\",\"urlTemplate\":\"https:\\\/\\\/www.cidademarketing.com.br\\\/marketing\\\/?s={search_term_string}\"},\"query-input\":{\"@type\":\"PropertyValueSpecification\",\"valueRequired\":true,\"valueName\":\"search_term_string\"}}],\"inLanguage\":\"pt-BR\"},{\"@type\":\"Organization\",\"@id\":\"https:\\\/\\\/www.cidademarketing.com.br\\\/marketing\\\/#organization\",\"name\":\"CidadeMarketing\",\"alternateName\":\"CidadeMarketing\",\"url\":\"https:\\\/\\\/www.cidademarketing.com.br\\\/marketing\\\/\",\"logo\":{\"@type\":\"ImageObject\",\"inLanguage\":\"pt-BR\",\"@id\":\"https:\\\/\\\/www.cidademarketing.com.br\\\/marketing\\\/#\\\/schema\\\/logo\\\/image\\\/\",\"url\":\"https:\\\/\\\/www.cidademarketing.com.br\\\/marketing\\\/wp-content\\\/uploads\\\/2020\\\/01\\\/cidademarketing_marca_mobile.png\",\"contentUrl\":\"https:\\\/\\\/www.cidademarketing.com.br\\\/marketing\\\/wp-content\\\/uploads\\\/2020\\\/01\\\/cidademarketing_marca_mobile.png\",\"width\":230,\"height\":92,\"caption\":\"CidadeMarketing\"},\"image\":{\"@id\":\"https:\\\/\\\/www.cidademarketing.com.br\\\/marketing\\\/#\\\/schema\\\/logo\\\/image\\\/\"},\"sameAs\":[\"https:\\\/\\\/www.facebook.com\\\/portalcidademarketing\",\"https:\\\/\\\/x.com\\\/CidadeMarketing\",\"https:\\\/\\\/www.instagram.com\\\/cidademarketing\\\/\"]},{\"@type\":\"Person\",\"@id\":\"https:\\\/\\\/www.cidademarketing.com.br\\\/marketing\\\/#\\\/schema\\\/person\\\/02daff9f18bd9378c9e01eb6b2db155f\",\"name\":\"Thales Brand\u00e3o\",\"image\":{\"@type\":\"ImageObject\",\"inLanguage\":\"pt-BR\",\"@id\":\"https:\\\/\\\/secure.gravatar.com\\\/avatar\\\/7ca3206950207cc3cb48feec56a8a7898741ab725c368d99d5d7a5a50aab80c6?s=96&d=mm&r=g\",\"url\":\"https:\\\/\\\/secure.gravatar.com\\\/avatar\\\/7ca3206950207cc3cb48feec56a8a7898741ab725c368d99d5d7a5a50aab80c6?s=96&d=mm&r=g\",\"contentUrl\":\"https:\\\/\\\/secure.gravatar.com\\\/avatar\\\/7ca3206950207cc3cb48feec56a8a7898741ab725c368d99d5d7a5a50aab80c6?s=96&d=mm&r=g\",\"caption\":\"Thales Brand\u00e3o\"},\"description\":\"Editor Executivo do Portal CidadeMarketing.com.br &gt; Mestre em Comunica\u00e7\u00e3o e Sociedade pela Universidade Federal de Sergipe. Possui MBA Executivo em Administra\u00e7\u00e3o com \u00eanfase em Marketing pela Funda\u00e7\u00e3o Get\u00falio Vargas - Rio de Janeiro. Consultor, Palestrante e Pesquisador sobre Empreendedorismo, Marketing, Redes Sociais e Neg\u00f3cios Digitais. Professor, Palestrante TedxTalks e Campus Party. Twitter: @ThalesBrandao\",\"sameAs\":[\"http:\\\/\\\/www.mandacaru.com.br\",\"https:\\\/\\\/www.facebook.com\\\/thalesbrandao\",\"http:\\\/\\\/www.instagram.com.br\\\/thalesbrandaoferreira\",\"https:\\\/\\\/www.linkedin.com\\\/in\\\/thales-brand\u00e3o-3948609\\\/\",\"https:\\\/\\\/x.com\\\/http:\\\/\\\/www.twitter.com\\\/thalesbrandao\"],\"url\":\"https:\\\/\\\/www.cidademarketing.com.br\\\/marketing\\\/author\\\/thalesbrandao\\\/\"}]}<\/script>\n<!-- \/ Yoast SEO plugin. -->","yoast_head_json":{"title":"Gerdau abre 80 vagas em S\u00e3o Paulo para programa de est\u00e1gio - CidadeMarketing","robots":{"index":"index","follow":"follow","max-snippet":"max-snippet:-1","max-image-preview":"max-image-preview:large","max-video-preview":"max-video-preview:-1"},"canonical":"https:\/\/www.cidademarketing.com.br\/marketing\/2025\/06\/08\/gerdau-abre-80-vagas-em-sao-paulo-para-programa-de-estagio\/","og_locale":"pt_BR","og_type":"article","og_title":"Gerdau abre 80 vagas em S\u00e3o Paulo para programa de est\u00e1gio - CidadeMarketing","og_description":"Est\u00e3o abertas as inscri\u00e7\u00f5es para o programa de est\u00e1gio universit\u00e1rio da Gerdau, a maior empresa brasileira produtora de a\u00e7o. O G.Start tem como objetivo atrair talentos, oferecendo uma trilha de desenvolvimento elaborada para potencializar o futuro de cada integrante. As pessoas interessadas em participar do programa ter\u00e3o at\u00e9 o dia 22 de junho para se [&hellip;]","og_url":"https:\/\/www.cidademarketing.com.br\/marketing\/2025\/06\/08\/gerdau-abre-80-vagas-em-sao-paulo-para-programa-de-estagio\/","og_site_name":"CidadeMarketing","article_publisher":"https:\/\/www.facebook.com\/portalcidademarketing","article_author":"https:\/\/www.facebook.com\/thalesbrandao","article_published_time":"2025-06-08T04:13:30+00:00","og_image":[{"width":1022,"height":713,"url":"https:\/\/www.cidademarketing.com.br\/marketing\/wp-content\/uploads\/2025\/06\/gerdau_estagio.webp","type":"image\/webp"}],"author":"Thales Brand\u00e3o","twitter_card":"summary_large_image","twitter_creator":"@http:\/\/www.twitter.com\/thalesbrandao","twitter_site":"@CidadeMarketing","twitter_misc":{"Escrito por":"Thales Brand\u00e3o","Est. tempo de leitura":"3 minutos"},"schema":{"@context":"https:\/\/schema.org","@graph":[{"@type":"Article","@id":"https:\/\/www.cidademarketing.com.br\/marketing\/2025\/06\/08\/gerdau-abre-80-vagas-em-sao-paulo-para-programa-de-estagio\/#article","isPartOf":{"@id":"https:\/\/www.cidademarketing.com.br\/marketing\/2025\/06\/08\/gerdau-abre-80-vagas-em-sao-paulo-para-programa-de-estagio\/"},"author":{"name":"Thales Brand\u00e3o","@id":"https:\/\/www.cidademarketing.com.br\/marketing\/#\/schema\/person\/02daff9f18bd9378c9e01eb6b2db155f"},"headline":"Gerdau abre 80 vagas em S\u00e3o Paulo para programa de est\u00e1gio","datePublished":"2025-06-08T04:13:30+00:00","mainEntityOfPage":{"@id":"https:\/\/www.cidademarketing.com.br\/marketing\/2025\/06\/08\/gerdau-abre-80-vagas-em-sao-paulo-para-programa-de-estagio\/"},"wordCount":561,"commentCount":0,"publisher":{"@id":"https:\/\/www.cidademarketing.com.br\/marketing\/#organization"},"image":{"@id":"https:\/\/www.cidademarketing.com.br\/marketing\/2025\/06\/08\/gerdau-abre-80-vagas-em-sao-paulo-para-programa-de-estagio\/#primaryimage"},"thumbnailUrl":"https:\/\/www.cidademarketing.com.br\/marketing\/wp-content\/uploads\/2025\/06\/gerdau_estagio.webp","keywords":["carreira","est\u00e1gio","estrat\u00e9gia","Gerdau","marketing","pessoas"],"articleSection":["Not\u00edcias"],"inLanguage":"pt-BR","potentialAction":[{"@type":"CommentAction","name":"Comment","target":["https:\/\/www.cidademarketing.com.br\/marketing\/2025\/06\/08\/gerdau-abre-80-vagas-em-sao-paulo-para-programa-de-estagio\/#respond"]}]},{"@type":"WebPage","@id":"https:\/\/www.cidademarketing.com.br\/marketing\/2025\/06\/08\/gerdau-abre-80-vagas-em-sao-paulo-para-programa-de-estagio\/","url":"https:\/\/www.cidademarketing.com.br\/marketing\/2025\/06\/08\/gerdau-abre-80-vagas-em-sao-paulo-para-programa-de-estagio\/","name":"Gerdau abre 80 vagas em S\u00e3o Paulo para programa de est\u00e1gio - CidadeMarketing","isPartOf":{"@id":"https:\/\/www.cidademarketing.com.br\/marketing\/#website"},"primaryImageOfPage":{"@id":"https:\/\/www.cidademarketing.com.br\/marketing\/2025\/06\/08\/gerdau-abre-80-vagas-em-sao-paulo-para-programa-de-estagio\/#primaryimage"},"image":{"@id":"https:\/\/www.cidademarketing.com.br\/marketing\/2025\/06\/08\/gerdau-abre-80-vagas-em-sao-paulo-para-programa-de-estagio\/#primaryimage"},"thumbnailUrl":"https:\/\/www.cidademarketing.com.br\/marketing\/wp-content\/uploads\/2025\/06\/gerdau_estagio.webp","datePublished":"2025-06-08T04:13:30+00:00","breadcrumb":{"@id":"https:\/\/www.cidademarketing.com.br\/marketing\/2025\/06\/08\/gerdau-abre-80-vagas-em-sao-paulo-para-programa-de-estagio\/#breadcrumb"},"inLanguage":"pt-BR","potentialAction":[{"@type":"ReadAction","target":["https:\/\/www.cidademarketing.com.br\/marketing\/2025\/06\/08\/gerdau-abre-80-vagas-em-sao-paulo-para-programa-de-estagio\/"]}]},{"@type":"ImageObject","inLanguage":"pt-BR","@id":"https:\/\/www.cidademarketing.com.br\/marketing\/2025\/06\/08\/gerdau-abre-80-vagas-em-sao-paulo-para-programa-de-estagio\/#primaryimage","url":"https:\/\/www.cidademarketing.com.br\/marketing\/wp-content\/uploads\/2025\/06\/gerdau_estagio.webp","contentUrl":"https:\/\/www.cidademarketing.com.br\/marketing\/wp-content\/uploads\/2025\/06\/gerdau_estagio.webp","width":1022,"height":713,"caption":"Divulga\u00e7\u00e3o"},{"@type":"BreadcrumbList","@id":"https:\/\/www.cidademarketing.com.br\/marketing\/2025\/06\/08\/gerdau-abre-80-vagas-em-sao-paulo-para-programa-de-estagio\/#breadcrumb","itemListElement":[{"@type":"ListItem","position":1,"name":"In\u00edcio","item":"https:\/\/www.cidademarketing.com.br\/marketing\/"},{"@type":"ListItem","position":2,"name":"Gerdau abre 80 vagas em S\u00e3o Paulo para programa de est\u00e1gio"}]},{"@type":"WebSite","@id":"https:\/\/www.cidademarketing.com.br\/marketing\/#website","url":"https:\/\/www.cidademarketing.com.br\/marketing\/","name":"CidadeMarketing","description":"Somos um ve\u00edculo de comunica\u00e7\u00e3o de destaque no Brasil, reconhecido por conte\u00fados nos segmentos de marketing, empreendedorismo e inova\u00e7\u00e3o.","publisher":{"@id":"https:\/\/www.cidademarketing.com.br\/marketing\/#organization"},"alternateName":"CidadeMarketing","potentialAction":[{"@type":"SearchAction","target":{"@type":"EntryPoint","urlTemplate":"https:\/\/www.cidademarketing.com.br\/marketing\/?s={search_term_string}"},"query-input":{"@type":"PropertyValueSpecification","valueRequired":true,"valueName":"search_term_string"}}],"inLanguage":"pt-BR"},{"@type":"Organization","@id":"https:\/\/www.cidademarketing.com.br\/marketing\/#organization","name":"CidadeMarketing","alternateName":"CidadeMarketing","url":"https:\/\/www.cidademarketing.com.br\/marketing\/","logo":{"@type":"ImageObject","inLanguage":"pt-BR","@id":"https:\/\/www.cidademarketing.com.br\/marketing\/#\/schema\/logo\/image\/","url":"https:\/\/www.cidademarketing.com.br\/marketing\/wp-content\/uploads\/2020\/01\/cidademarketing_marca_mobile.png","contentUrl":"https:\/\/www.cidademarketing.com.br\/marketing\/wp-content\/uploads\/2020\/01\/cidademarketing_marca_mobile.png","width":230,"height":92,"caption":"CidadeMarketing"},"image":{"@id":"https:\/\/www.cidademarketing.com.br\/marketing\/#\/schema\/logo\/image\/"},"sameAs":["https:\/\/www.facebook.com\/portalcidademarketing","https:\/\/x.com\/CidadeMarketing","https:\/\/www.instagram.com\/cidademarketing\/"]},{"@type":"Person","@id":"https:\/\/www.cidademarketing.com.br\/marketing\/#\/schema\/person\/02daff9f18bd9378c9e01eb6b2db155f","name":"Thales Brand\u00e3o","image":{"@type":"ImageObject","inLanguage":"pt-BR","@id":"https:\/\/secure.gravatar.com\/avatar\/7ca3206950207cc3cb48feec56a8a7898741ab725c368d99d5d7a5a50aab80c6?s=96&d=mm&r=g","url":"https:\/\/secure.gravatar.com\/avatar\/7ca3206950207cc3cb48feec56a8a7898741ab725c368d99d5d7a5a50aab80c6?s=96&d=mm&r=g","contentUrl":"https:\/\/secure.gravatar.com\/avatar\/7ca3206950207cc3cb48feec56a8a7898741ab725c368d99d5d7a5a50aab80c6?s=96&d=mm&r=g","caption":"Thales Brand\u00e3o"},"description":"Editor Executivo do Portal CidadeMarketing.com.br &gt; Mestre em Comunica\u00e7\u00e3o e Sociedade pela Universidade Federal de Sergipe. Possui MBA Executivo em Administra\u00e7\u00e3o com \u00eanfase em Marketing pela Funda\u00e7\u00e3o Get\u00falio Vargas - Rio de Janeiro. Consultor, Palestrante e Pesquisador sobre Empreendedorismo, Marketing, Redes Sociais e Neg\u00f3cios Digitais. Professor, Palestrante TedxTalks e Campus Party. Twitter: @ThalesBrandao","sameAs":["http:\/\/www.mandacaru.com.br","https:\/\/www.facebook.com\/thalesbrandao","http:\/\/www.instagram.com.br\/thalesbrandaoferreira","https:\/\/www.linkedin.com\/in\/thales-brand\u00e3o-3948609\/","https:\/\/x.com\/http:\/\/www.twitter.com\/thalesbrandao"],"url":"https:\/\/www.cidademarketing.com.br\/marketing\/author\/thalesbrandao\/"}]}},"amp_enabled":true,"_links":{"self":[{"href":"https:\/\/www.cidademarketing.com.br\/marketing\/wp-json\/wp\/v2\/posts\/56641","targetHints":{"allow":["GET"]}}],"collection":[{"href":"https:\/\/www.cidademarketing.com.br\/marketing\/wp-json\/wp\/v2\/posts"}],"about":[{"href":"https:\/\/www.cidademarketing.com.br\/marketing\/wp-json\/wp\/v2\/types\/post"}],"author":[{"embeddable":true,"href":"https:\/\/www.cidademarketing.com.br\/marketing\/wp-json\/wp\/v2\/users\/1"}],"replies":[{"embeddable":true,"href":"https:\/\/www.cidademarketing.com.br\/marketing\/wp-json\/wp\/v2\/comments?post=56641"}],"version-history":[{"count":1,"href":"https:\/\/www.cidademarketing.com.br\/marketing\/wp-json\/wp\/v2\/posts\/56641\/revisions"}],"predecessor-version":[{"id":56643,"href":"https:\/\/www.cidademarketing.com.br\/marketing\/wp-json\/wp\/v2\/posts\/56641\/revisions\/56643"}],"wp:featuredmedia":[{"embeddable":true,"href":"https:\/\/www.cidademarketing.com.br\/marketing\/wp-json\/wp\/v2\/media\/56642"}],"wp:attachment":[{"href":"https:\/\/www.cidademarketing.com.br\/marketing\/wp-json\/wp\/v2\/media?parent=56641"}],"wp:term":[{"taxonomy":"category","embeddable":true,"href":"https:\/\/www.cidademarketing.com.br\/marketing\/wp-json\/wp\/v2\/categories?post=56641"},{"taxonomy":"post_tag","embeddable":true,"href":"https:\/\/www.cidademarketing.com.br\/marketing\/wp-json\/wp\/v2\/tags?post=56641"}],"curies":[{"name":"wp","href":"https:\/\/api.w.org\/{rel}","templated":true}]}}