{"id":56627,"date":"2025-06-07T00:30:48","date_gmt":"2025-06-07T03:30:48","guid":{"rendered":"https:\/\/www.cidademarketing.com.br\/marketing\/?p=56627"},"modified":"2025-06-07T00:30:48","modified_gmt":"2025-06-07T03:30:48","slug":"fabrica-da-coca-cola-retoma-producao-no-ceara-apos-correcoes","status":"publish","type":"post","link":"https:\/\/www.cidademarketing.com.br\/marketing\/2025\/06\/07\/fabrica-da-coca-cola-retoma-producao-no-ceara-apos-correcoes\/","title":{"rendered":"F\u00e1brica da Coca-Cola retoma produ\u00e7\u00e3o no Cear\u00e1 ap\u00f3s corre\u00e7\u00f5es"},"content":{"rendered":"<p>Nesta sexta-feira (6), o Minist\u00e9rio da Agricultura e Pecu\u00e1ria (Mapa) autorizou a retomada das atividades da f\u00e1brica da Solar Coca-Cola, localizada em Maracana\u00fa, no Cear\u00e1. A libera\u00e7\u00e3o foi concedida ap\u00f3s a apresenta\u00e7\u00e3o de documentos t\u00e9cnicos que comprovaram a corre\u00e7\u00e3o definitiva de um vazamento anteriormente identificado no sistema de resfriamento da linha de produ\u00e7\u00e3o.<\/p>\n<p>A decis\u00e3o do Mapa foi fundamentada em uma inspe\u00e7\u00e3o da equipe de fiscaliza\u00e7\u00e3o, que confirmou que os processos produtivos voltaram a operar conforme os requisitos de seguran\u00e7a e qualidade exigidos pela legisla\u00e7\u00e3o brasileira.<\/p>\n<p>Apesar da retomada da produ\u00e7\u00e3o e envase, cerca de 9 milh\u00f5es de litros de bebidas ainda est\u00e3o sob an\u00e1lise e seguem com a comercializa\u00e7\u00e3o suspensa. O Minist\u00e9rio aguarda o laudo oficial do Laborat\u00f3rio Federal de Defesa Agropecu\u00e1ria (LFDA), que dever\u00e1 ser emitido na pr\u00f3xima semana. Laudos preliminares apresentados pela pr\u00f3pria empresa indicam que n\u00e3o h\u00e1 contamina\u00e7\u00e3o nos produtos, mas o Mapa mant\u00e9m a medida cautelar at\u00e9 a conclus\u00e3o das an\u00e1lises.<\/p>\n<p>Em nota oficial, a Solar Coca-Cola, respons\u00e1vel pela unidade fabril, refor\u00e7ou que \u201cem nenhum momento a seguran\u00e7a dos produtos foi afetada\u201d, e destacou a colabora\u00e7\u00e3o cont\u00ednua com as autoridades. A empresa \u00e9 certificada pelas normas internacionais FSSC 22000 (seguran\u00e7a de alimentos), ISO 9001 (gest\u00e3o da qualidade), ISO 14001 (gest\u00e3o ambiental) e ISO 45001 (gest\u00e3o de sa\u00fade e seguran\u00e7a).<\/p>\n<p>&#8220;Ap\u00f3s apresenta\u00e7\u00e3o dos resultados de rigorosos testes que confirmaram absoluta seguran\u00e7a dos processos produtivos da Solar, a empresa foi autorizada a retomar a sua produ\u00e7\u00e3o na f\u00e1brica de Maracana\u00fa (CE)&#8221;, diz o comunicado da Solar Coca-Cola.<\/p>\n","protected":false},"excerpt":{"rendered":"<p>Nesta sexta-feira (6), o Minist\u00e9rio da Agricultura e Pecu\u00e1ria (Mapa) autorizou a retomada das atividades da f\u00e1brica da Solar Coca-Cola, localizada em Maracana\u00fa, no Cear\u00e1. A libera\u00e7\u00e3o foi concedida ap\u00f3s a apresenta\u00e7\u00e3o de documentos t\u00e9cnicos que comprovaram a corre\u00e7\u00e3o definitiva de um vazamento anteriormente identificado no sistema de resfriamento da linha de produ\u00e7\u00e3o. A decis\u00e3o [&hellip;]<\/p>\n","protected":false},"author":1,"featured_media":56568,"comment_status":"open","ping_status":"open","sticky":false,"template":"","format":"standard","meta":{"tdm_status":"","tdm_grid_status":"","footnotes":""},"categories":[6],"tags":[65,1071,56,51,33,2702,28,7162,216,9445],"class_list":["post-56627","post","type-post","status-publish","format-standard","has-post-thumbnail","hentry","category-noticias","tag-campanha","tag-ceara","tag-coca-cola","tag-consumidor","tag-estrategia","tag-mapa","tag-marketing","tag-ministerio-da-agricultura-e-pecuaria","tag-producao","tag-solar-coca-cola"],"yoast_head":"<!-- This site is optimized with the Yoast SEO plugin v27.4 - https:\/\/yoast.com\/product\/yoast-seo-wordpress\/ -->\n<title>F\u00e1brica da Coca-Cola retoma produ\u00e7\u00e3o no Cear\u00e1 ap\u00f3s corre\u00e7\u00f5es - CidadeMarketing<\/title>\n<meta name=\"robots\" content=\"index, follow, max-snippet:-1, max-image-preview:large, max-video-preview:-1\" \/>\n<link rel=\"canonical\" href=\"https:\/\/www.cidademarketing.com.br\/marketing\/2025\/06\/07\/fabrica-da-coca-cola-retoma-producao-no-ceara-apos-correcoes\/\" \/>\n<meta property=\"og:locale\" content=\"pt_BR\" \/>\n<meta property=\"og:type\" content=\"article\" \/>\n<meta property=\"og:title\" content=\"F\u00e1brica da Coca-Cola retoma produ\u00e7\u00e3o no Cear\u00e1 ap\u00f3s corre\u00e7\u00f5es - CidadeMarketing\" \/>\n<meta property=\"og:description\" content=\"Nesta sexta-feira (6), o Minist\u00e9rio da Agricultura e Pecu\u00e1ria (Mapa) autorizou a retomada das atividades da f\u00e1brica da Solar Coca-Cola, localizada em Maracana\u00fa, no Cear\u00e1. A libera\u00e7\u00e3o foi concedida ap\u00f3s a apresenta\u00e7\u00e3o de documentos t\u00e9cnicos que comprovaram a corre\u00e7\u00e3o definitiva de um vazamento anteriormente identificado no sistema de resfriamento da linha de produ\u00e7\u00e3o. A decis\u00e3o [&hellip;]\" \/>\n<meta property=\"og:url\" content=\"https:\/\/www.cidademarketing.com.br\/marketing\/2025\/06\/07\/fabrica-da-coca-cola-retoma-producao-no-ceara-apos-correcoes\/\" \/>\n<meta property=\"og:site_name\" content=\"CidadeMarketing\" \/>\n<meta property=\"article:publisher\" content=\"https:\/\/www.facebook.com\/portalcidademarketing\" \/>\n<meta property=\"article:author\" content=\"https:\/\/www.facebook.com\/thalesbrandao\" \/>\n<meta property=\"article:published_time\" content=\"2025-06-07T03:30:48+00:00\" \/>\n<meta property=\"og:image\" content=\"https:\/\/www.cidademarketing.com.br\/marketing\/wp-content\/uploads\/2025\/06\/cocacola_solar_alcool_ministeriodaagricultura.webp\" \/>\n\t<meta property=\"og:image:width\" content=\"665\" \/>\n\t<meta property=\"og:image:height\" content=\"655\" \/>\n\t<meta property=\"og:image:type\" content=\"image\/webp\" \/>\n<meta name=\"author\" content=\"Thales Brand\u00e3o\" \/>\n<meta name=\"twitter:card\" content=\"summary_large_image\" \/>\n<meta name=\"twitter:creator\" content=\"@http:\/\/www.twitter.com\/thalesbrandao\" \/>\n<meta name=\"twitter:site\" content=\"@CidadeMarketing\" \/>\n<meta name=\"twitter:label1\" content=\"Escrito por\" \/>\n\t<meta name=\"twitter:data1\" content=\"Thales Brand\u00e3o\" \/>\n\t<meta name=\"twitter:label2\" content=\"Est. tempo de leitura\" \/>\n\t<meta name=\"twitter:data2\" content=\"1 minuto\" \/>\n<script type=\"application\/ld+json\" class=\"yoast-schema-graph\">{\"@context\":\"https:\\\/\\\/schema.org\",\"@graph\":[{\"@type\":\"Article\",\"@id\":\"https:\\\/\\\/www.cidademarketing.com.br\\\/marketing\\\/2025\\\/06\\\/07\\\/fabrica-da-coca-cola-retoma-producao-no-ceara-apos-correcoes\\\/#article\",\"isPartOf\":{\"@id\":\"https:\\\/\\\/www.cidademarketing.com.br\\\/marketing\\\/2025\\\/06\\\/07\\\/fabrica-da-coca-cola-retoma-producao-no-ceara-apos-correcoes\\\/\"},\"author\":{\"name\":\"Thales Brand\u00e3o\",\"@id\":\"https:\\\/\\\/www.cidademarketing.com.br\\\/marketing\\\/#\\\/schema\\\/person\\\/02daff9f18bd9378c9e01eb6b2db155f\"},\"headline\":\"F\u00e1brica da Coca-Cola retoma produ\u00e7\u00e3o no Cear\u00e1 ap\u00f3s corre\u00e7\u00f5es\",\"datePublished\":\"2025-06-07T03:30:48+00:00\",\"mainEntityOfPage\":{\"@id\":\"https:\\\/\\\/www.cidademarketing.com.br\\\/marketing\\\/2025\\\/06\\\/07\\\/fabrica-da-coca-cola-retoma-producao-no-ceara-apos-correcoes\\\/\"},\"wordCount\":301,\"commentCount\":0,\"publisher\":{\"@id\":\"https:\\\/\\\/www.cidademarketing.com.br\\\/marketing\\\/#organization\"},\"image\":{\"@id\":\"https:\\\/\\\/www.cidademarketing.com.br\\\/marketing\\\/2025\\\/06\\\/07\\\/fabrica-da-coca-cola-retoma-producao-no-ceara-apos-correcoes\\\/#primaryimage\"},\"thumbnailUrl\":\"https:\\\/\\\/www.cidademarketing.com.br\\\/marketing\\\/wp-content\\\/uploads\\\/2025\\\/06\\\/cocacola_solar_alcool_ministeriodaagricultura.webp\",\"keywords\":[\"campanha\",\"Cear\u00e1\",\"Coca-Cola\",\"consumidor\",\"estrat\u00e9gia\",\"Mapa\",\"marketing\",\"Minist\u00e9rio da Agricultura e Pecu\u00e1ria\",\"produ\u00e7\u00e3o\",\"Solar Coca-Cola\"],\"articleSection\":[\"Not\u00edcias\"],\"inLanguage\":\"pt-BR\",\"potentialAction\":[{\"@type\":\"CommentAction\",\"name\":\"Comment\",\"target\":[\"https:\\\/\\\/www.cidademarketing.com.br\\\/marketing\\\/2025\\\/06\\\/07\\\/fabrica-da-coca-cola-retoma-producao-no-ceara-apos-correcoes\\\/#respond\"]}]},{\"@type\":\"WebPage\",\"@id\":\"https:\\\/\\\/www.cidademarketing.com.br\\\/marketing\\\/2025\\\/06\\\/07\\\/fabrica-da-coca-cola-retoma-producao-no-ceara-apos-correcoes\\\/\",\"url\":\"https:\\\/\\\/www.cidademarketing.com.br\\\/marketing\\\/2025\\\/06\\\/07\\\/fabrica-da-coca-cola-retoma-producao-no-ceara-apos-correcoes\\\/\",\"name\":\"F\u00e1brica da Coca-Cola retoma produ\u00e7\u00e3o no Cear\u00e1 ap\u00f3s corre\u00e7\u00f5es - CidadeMarketing\",\"isPartOf\":{\"@id\":\"https:\\\/\\\/www.cidademarketing.com.br\\\/marketing\\\/#website\"},\"primaryImageOfPage\":{\"@id\":\"https:\\\/\\\/www.cidademarketing.com.br\\\/marketing\\\/2025\\\/06\\\/07\\\/fabrica-da-coca-cola-retoma-producao-no-ceara-apos-correcoes\\\/#primaryimage\"},\"image\":{\"@id\":\"https:\\\/\\\/www.cidademarketing.com.br\\\/marketing\\\/2025\\\/06\\\/07\\\/fabrica-da-coca-cola-retoma-producao-no-ceara-apos-correcoes\\\/#primaryimage\"},\"thumbnailUrl\":\"https:\\\/\\\/www.cidademarketing.com.br\\\/marketing\\\/wp-content\\\/uploads\\\/2025\\\/06\\\/cocacola_solar_alcool_ministeriodaagricultura.webp\",\"datePublished\":\"2025-06-07T03:30:48+00:00\",\"breadcrumb\":{\"@id\":\"https:\\\/\\\/www.cidademarketing.com.br\\\/marketing\\\/2025\\\/06\\\/07\\\/fabrica-da-coca-cola-retoma-producao-no-ceara-apos-correcoes\\\/#breadcrumb\"},\"inLanguage\":\"pt-BR\",\"potentialAction\":[{\"@type\":\"ReadAction\",\"target\":[\"https:\\\/\\\/www.cidademarketing.com.br\\\/marketing\\\/2025\\\/06\\\/07\\\/fabrica-da-coca-cola-retoma-producao-no-ceara-apos-correcoes\\\/\"]}]},{\"@type\":\"ImageObject\",\"inLanguage\":\"pt-BR\",\"@id\":\"https:\\\/\\\/www.cidademarketing.com.br\\\/marketing\\\/2025\\\/06\\\/07\\\/fabrica-da-coca-cola-retoma-producao-no-ceara-apos-correcoes\\\/#primaryimage\",\"url\":\"https:\\\/\\\/www.cidademarketing.com.br\\\/marketing\\\/wp-content\\\/uploads\\\/2025\\\/06\\\/cocacola_solar_alcool_ministeriodaagricultura.webp\",\"contentUrl\":\"https:\\\/\\\/www.cidademarketing.com.br\\\/marketing\\\/wp-content\\\/uploads\\\/2025\\\/06\\\/cocacola_solar_alcool_ministeriodaagricultura.webp\",\"width\":665,\"height\":655,\"caption\":\"Divulga\u00e7\u00e3o\"},{\"@type\":\"BreadcrumbList\",\"@id\":\"https:\\\/\\\/www.cidademarketing.com.br\\\/marketing\\\/2025\\\/06\\\/07\\\/fabrica-da-coca-cola-retoma-producao-no-ceara-apos-correcoes\\\/#breadcrumb\",\"itemListElement\":[{\"@type\":\"ListItem\",\"position\":1,\"name\":\"In\u00edcio\",\"item\":\"https:\\\/\\\/www.cidademarketing.com.br\\\/marketing\\\/\"},{\"@type\":\"ListItem\",\"position\":2,\"name\":\"F\u00e1brica da Coca-Cola retoma produ\u00e7\u00e3o no Cear\u00e1 ap\u00f3s corre\u00e7\u00f5es\"}]},{\"@type\":\"WebSite\",\"@id\":\"https:\\\/\\\/www.cidademarketing.com.br\\\/marketing\\\/#website\",\"url\":\"https:\\\/\\\/www.cidademarketing.com.br\\\/marketing\\\/\",\"name\":\"CidadeMarketing\",\"description\":\"Somos um ve\u00edculo de comunica\u00e7\u00e3o de destaque no Brasil, reconhecido por conte\u00fados nos segmentos de marketing, empreendedorismo e inova\u00e7\u00e3o.\",\"publisher\":{\"@id\":\"https:\\\/\\\/www.cidademarketing.com.br\\\/marketing\\\/#organization\"},\"alternateName\":\"CidadeMarketing\",\"potentialAction\":[{\"@type\":\"SearchAction\",\"target\":{\"@type\":\"EntryPoint\",\"urlTemplate\":\"https:\\\/\\\/www.cidademarketing.com.br\\\/marketing\\\/?s={search_term_string}\"},\"query-input\":{\"@type\":\"PropertyValueSpecification\",\"valueRequired\":true,\"valueName\":\"search_term_string\"}}],\"inLanguage\":\"pt-BR\"},{\"@type\":\"Organization\",\"@id\":\"https:\\\/\\\/www.cidademarketing.com.br\\\/marketing\\\/#organization\",\"name\":\"CidadeMarketing\",\"alternateName\":\"CidadeMarketing\",\"url\":\"https:\\\/\\\/www.cidademarketing.com.br\\\/marketing\\\/\",\"logo\":{\"@type\":\"ImageObject\",\"inLanguage\":\"pt-BR\",\"@id\":\"https:\\\/\\\/www.cidademarketing.com.br\\\/marketing\\\/#\\\/schema\\\/logo\\\/image\\\/\",\"url\":\"https:\\\/\\\/www.cidademarketing.com.br\\\/marketing\\\/wp-content\\\/uploads\\\/2020\\\/01\\\/cidademarketing_marca_mobile.png\",\"contentUrl\":\"https:\\\/\\\/www.cidademarketing.com.br\\\/marketing\\\/wp-content\\\/uploads\\\/2020\\\/01\\\/cidademarketing_marca_mobile.png\",\"width\":230,\"height\":92,\"caption\":\"CidadeMarketing\"},\"image\":{\"@id\":\"https:\\\/\\\/www.cidademarketing.com.br\\\/marketing\\\/#\\\/schema\\\/logo\\\/image\\\/\"},\"sameAs\":[\"https:\\\/\\\/www.facebook.com\\\/portalcidademarketing\",\"https:\\\/\\\/x.com\\\/CidadeMarketing\",\"https:\\\/\\\/www.instagram.com\\\/cidademarketing\\\/\"]},{\"@type\":\"Person\",\"@id\":\"https:\\\/\\\/www.cidademarketing.com.br\\\/marketing\\\/#\\\/schema\\\/person\\\/02daff9f18bd9378c9e01eb6b2db155f\",\"name\":\"Thales Brand\u00e3o\",\"image\":{\"@type\":\"ImageObject\",\"inLanguage\":\"pt-BR\",\"@id\":\"https:\\\/\\\/secure.gravatar.com\\\/avatar\\\/7ca3206950207cc3cb48feec56a8a7898741ab725c368d99d5d7a5a50aab80c6?s=96&d=mm&r=g\",\"url\":\"https:\\\/\\\/secure.gravatar.com\\\/avatar\\\/7ca3206950207cc3cb48feec56a8a7898741ab725c368d99d5d7a5a50aab80c6?s=96&d=mm&r=g\",\"contentUrl\":\"https:\\\/\\\/secure.gravatar.com\\\/avatar\\\/7ca3206950207cc3cb48feec56a8a7898741ab725c368d99d5d7a5a50aab80c6?s=96&d=mm&r=g\",\"caption\":\"Thales Brand\u00e3o\"},\"description\":\"Editor Executivo do Portal CidadeMarketing.com.br &gt; Mestre em Comunica\u00e7\u00e3o e Sociedade pela Universidade Federal de Sergipe. Possui MBA Executivo em Administra\u00e7\u00e3o com \u00eanfase em Marketing pela Funda\u00e7\u00e3o Get\u00falio Vargas - Rio de Janeiro. Consultor, Palestrante e Pesquisador sobre Empreendedorismo, Marketing, Redes Sociais e Neg\u00f3cios Digitais. Professor, Palestrante TedxTalks e Campus Party. Twitter: @ThalesBrandao\",\"sameAs\":[\"http:\\\/\\\/www.mandacaru.com.br\",\"https:\\\/\\\/www.facebook.com\\\/thalesbrandao\",\"http:\\\/\\\/www.instagram.com.br\\\/thalesbrandaoferreira\",\"https:\\\/\\\/www.linkedin.com\\\/in\\\/thales-brand\u00e3o-3948609\\\/\",\"https:\\\/\\\/x.com\\\/http:\\\/\\\/www.twitter.com\\\/thalesbrandao\"],\"url\":\"https:\\\/\\\/www.cidademarketing.com.br\\\/marketing\\\/author\\\/thalesbrandao\\\/\"}]}<\/script>\n<!-- \/ Yoast SEO plugin. -->","yoast_head_json":{"title":"F\u00e1brica da Coca-Cola retoma produ\u00e7\u00e3o no Cear\u00e1 ap\u00f3s corre\u00e7\u00f5es - CidadeMarketing","robots":{"index":"index","follow":"follow","max-snippet":"max-snippet:-1","max-image-preview":"max-image-preview:large","max-video-preview":"max-video-preview:-1"},"canonical":"https:\/\/www.cidademarketing.com.br\/marketing\/2025\/06\/07\/fabrica-da-coca-cola-retoma-producao-no-ceara-apos-correcoes\/","og_locale":"pt_BR","og_type":"article","og_title":"F\u00e1brica da Coca-Cola retoma produ\u00e7\u00e3o no Cear\u00e1 ap\u00f3s corre\u00e7\u00f5es - CidadeMarketing","og_description":"Nesta sexta-feira (6), o Minist\u00e9rio da Agricultura e Pecu\u00e1ria (Mapa) autorizou a retomada das atividades da f\u00e1brica da Solar Coca-Cola, localizada em Maracana\u00fa, no Cear\u00e1. A libera\u00e7\u00e3o foi concedida ap\u00f3s a apresenta\u00e7\u00e3o de documentos t\u00e9cnicos que comprovaram a corre\u00e7\u00e3o definitiva de um vazamento anteriormente identificado no sistema de resfriamento da linha de produ\u00e7\u00e3o. A decis\u00e3o [&hellip;]","og_url":"https:\/\/www.cidademarketing.com.br\/marketing\/2025\/06\/07\/fabrica-da-coca-cola-retoma-producao-no-ceara-apos-correcoes\/","og_site_name":"CidadeMarketing","article_publisher":"https:\/\/www.facebook.com\/portalcidademarketing","article_author":"https:\/\/www.facebook.com\/thalesbrandao","article_published_time":"2025-06-07T03:30:48+00:00","og_image":[{"width":665,"height":655,"url":"https:\/\/www.cidademarketing.com.br\/marketing\/wp-content\/uploads\/2025\/06\/cocacola_solar_alcool_ministeriodaagricultura.webp","type":"image\/webp"}],"author":"Thales Brand\u00e3o","twitter_card":"summary_large_image","twitter_creator":"@http:\/\/www.twitter.com\/thalesbrandao","twitter_site":"@CidadeMarketing","twitter_misc":{"Escrito por":"Thales Brand\u00e3o","Est. tempo de leitura":"1 minuto"},"schema":{"@context":"https:\/\/schema.org","@graph":[{"@type":"Article","@id":"https:\/\/www.cidademarketing.com.br\/marketing\/2025\/06\/07\/fabrica-da-coca-cola-retoma-producao-no-ceara-apos-correcoes\/#article","isPartOf":{"@id":"https:\/\/www.cidademarketing.com.br\/marketing\/2025\/06\/07\/fabrica-da-coca-cola-retoma-producao-no-ceara-apos-correcoes\/"},"author":{"name":"Thales Brand\u00e3o","@id":"https:\/\/www.cidademarketing.com.br\/marketing\/#\/schema\/person\/02daff9f18bd9378c9e01eb6b2db155f"},"headline":"F\u00e1brica da Coca-Cola retoma produ\u00e7\u00e3o no Cear\u00e1 ap\u00f3s corre\u00e7\u00f5es","datePublished":"2025-06-07T03:30:48+00:00","mainEntityOfPage":{"@id":"https:\/\/www.cidademarketing.com.br\/marketing\/2025\/06\/07\/fabrica-da-coca-cola-retoma-producao-no-ceara-apos-correcoes\/"},"wordCount":301,"commentCount":0,"publisher":{"@id":"https:\/\/www.cidademarketing.com.br\/marketing\/#organization"},"image":{"@id":"https:\/\/www.cidademarketing.com.br\/marketing\/2025\/06\/07\/fabrica-da-coca-cola-retoma-producao-no-ceara-apos-correcoes\/#primaryimage"},"thumbnailUrl":"https:\/\/www.cidademarketing.com.br\/marketing\/wp-content\/uploads\/2025\/06\/cocacola_solar_alcool_ministeriodaagricultura.webp","keywords":["campanha","Cear\u00e1","Coca-Cola","consumidor","estrat\u00e9gia","Mapa","marketing","Minist\u00e9rio da Agricultura e Pecu\u00e1ria","produ\u00e7\u00e3o","Solar Coca-Cola"],"articleSection":["Not\u00edcias"],"inLanguage":"pt-BR","potentialAction":[{"@type":"CommentAction","name":"Comment","target":["https:\/\/www.cidademarketing.com.br\/marketing\/2025\/06\/07\/fabrica-da-coca-cola-retoma-producao-no-ceara-apos-correcoes\/#respond"]}]},{"@type":"WebPage","@id":"https:\/\/www.cidademarketing.com.br\/marketing\/2025\/06\/07\/fabrica-da-coca-cola-retoma-producao-no-ceara-apos-correcoes\/","url":"https:\/\/www.cidademarketing.com.br\/marketing\/2025\/06\/07\/fabrica-da-coca-cola-retoma-producao-no-ceara-apos-correcoes\/","name":"F\u00e1brica da Coca-Cola retoma produ\u00e7\u00e3o no Cear\u00e1 ap\u00f3s corre\u00e7\u00f5es - CidadeMarketing","isPartOf":{"@id":"https:\/\/www.cidademarketing.com.br\/marketing\/#website"},"primaryImageOfPage":{"@id":"https:\/\/www.cidademarketing.com.br\/marketing\/2025\/06\/07\/fabrica-da-coca-cola-retoma-producao-no-ceara-apos-correcoes\/#primaryimage"},"image":{"@id":"https:\/\/www.cidademarketing.com.br\/marketing\/2025\/06\/07\/fabrica-da-coca-cola-retoma-producao-no-ceara-apos-correcoes\/#primaryimage"},"thumbnailUrl":"https:\/\/www.cidademarketing.com.br\/marketing\/wp-content\/uploads\/2025\/06\/cocacola_solar_alcool_ministeriodaagricultura.webp","datePublished":"2025-06-07T03:30:48+00:00","breadcrumb":{"@id":"https:\/\/www.cidademarketing.com.br\/marketing\/2025\/06\/07\/fabrica-da-coca-cola-retoma-producao-no-ceara-apos-correcoes\/#breadcrumb"},"inLanguage":"pt-BR","potentialAction":[{"@type":"ReadAction","target":["https:\/\/www.cidademarketing.com.br\/marketing\/2025\/06\/07\/fabrica-da-coca-cola-retoma-producao-no-ceara-apos-correcoes\/"]}]},{"@type":"ImageObject","inLanguage":"pt-BR","@id":"https:\/\/www.cidademarketing.com.br\/marketing\/2025\/06\/07\/fabrica-da-coca-cola-retoma-producao-no-ceara-apos-correcoes\/#primaryimage","url":"https:\/\/www.cidademarketing.com.br\/marketing\/wp-content\/uploads\/2025\/06\/cocacola_solar_alcool_ministeriodaagricultura.webp","contentUrl":"https:\/\/www.cidademarketing.com.br\/marketing\/wp-content\/uploads\/2025\/06\/cocacola_solar_alcool_ministeriodaagricultura.webp","width":665,"height":655,"caption":"Divulga\u00e7\u00e3o"},{"@type":"BreadcrumbList","@id":"https:\/\/www.cidademarketing.com.br\/marketing\/2025\/06\/07\/fabrica-da-coca-cola-retoma-producao-no-ceara-apos-correcoes\/#breadcrumb","itemListElement":[{"@type":"ListItem","position":1,"name":"In\u00edcio","item":"https:\/\/www.cidademarketing.com.br\/marketing\/"},{"@type":"ListItem","position":2,"name":"F\u00e1brica da Coca-Cola retoma produ\u00e7\u00e3o no Cear\u00e1 ap\u00f3s corre\u00e7\u00f5es"}]},{"@type":"WebSite","@id":"https:\/\/www.cidademarketing.com.br\/marketing\/#website","url":"https:\/\/www.cidademarketing.com.br\/marketing\/","name":"CidadeMarketing","description":"Somos um ve\u00edculo de comunica\u00e7\u00e3o de destaque no Brasil, reconhecido por conte\u00fados nos segmentos de marketing, empreendedorismo e inova\u00e7\u00e3o.","publisher":{"@id":"https:\/\/www.cidademarketing.com.br\/marketing\/#organization"},"alternateName":"CidadeMarketing","potentialAction":[{"@type":"SearchAction","target":{"@type":"EntryPoint","urlTemplate":"https:\/\/www.cidademarketing.com.br\/marketing\/?s={search_term_string}"},"query-input":{"@type":"PropertyValueSpecification","valueRequired":true,"valueName":"search_term_string"}}],"inLanguage":"pt-BR"},{"@type":"Organization","@id":"https:\/\/www.cidademarketing.com.br\/marketing\/#organization","name":"CidadeMarketing","alternateName":"CidadeMarketing","url":"https:\/\/www.cidademarketing.com.br\/marketing\/","logo":{"@type":"ImageObject","inLanguage":"pt-BR","@id":"https:\/\/www.cidademarketing.com.br\/marketing\/#\/schema\/logo\/image\/","url":"https:\/\/www.cidademarketing.com.br\/marketing\/wp-content\/uploads\/2020\/01\/cidademarketing_marca_mobile.png","contentUrl":"https:\/\/www.cidademarketing.com.br\/marketing\/wp-content\/uploads\/2020\/01\/cidademarketing_marca_mobile.png","width":230,"height":92,"caption":"CidadeMarketing"},"image":{"@id":"https:\/\/www.cidademarketing.com.br\/marketing\/#\/schema\/logo\/image\/"},"sameAs":["https:\/\/www.facebook.com\/portalcidademarketing","https:\/\/x.com\/CidadeMarketing","https:\/\/www.instagram.com\/cidademarketing\/"]},{"@type":"Person","@id":"https:\/\/www.cidademarketing.com.br\/marketing\/#\/schema\/person\/02daff9f18bd9378c9e01eb6b2db155f","name":"Thales Brand\u00e3o","image":{"@type":"ImageObject","inLanguage":"pt-BR","@id":"https:\/\/secure.gravatar.com\/avatar\/7ca3206950207cc3cb48feec56a8a7898741ab725c368d99d5d7a5a50aab80c6?s=96&d=mm&r=g","url":"https:\/\/secure.gravatar.com\/avatar\/7ca3206950207cc3cb48feec56a8a7898741ab725c368d99d5d7a5a50aab80c6?s=96&d=mm&r=g","contentUrl":"https:\/\/secure.gravatar.com\/avatar\/7ca3206950207cc3cb48feec56a8a7898741ab725c368d99d5d7a5a50aab80c6?s=96&d=mm&r=g","caption":"Thales Brand\u00e3o"},"description":"Editor Executivo do Portal CidadeMarketing.com.br &gt; Mestre em Comunica\u00e7\u00e3o e Sociedade pela Universidade Federal de Sergipe. Possui MBA Executivo em Administra\u00e7\u00e3o com \u00eanfase em Marketing pela Funda\u00e7\u00e3o Get\u00falio Vargas - Rio de Janeiro. Consultor, Palestrante e Pesquisador sobre Empreendedorismo, Marketing, Redes Sociais e Neg\u00f3cios Digitais. Professor, Palestrante TedxTalks e Campus Party. Twitter: @ThalesBrandao","sameAs":["http:\/\/www.mandacaru.com.br","https:\/\/www.facebook.com\/thalesbrandao","http:\/\/www.instagram.com.br\/thalesbrandaoferreira","https:\/\/www.linkedin.com\/in\/thales-brand\u00e3o-3948609\/","https:\/\/x.com\/http:\/\/www.twitter.com\/thalesbrandao"],"url":"https:\/\/www.cidademarketing.com.br\/marketing\/author\/thalesbrandao\/"}]}},"amp_enabled":true,"_links":{"self":[{"href":"https:\/\/www.cidademarketing.com.br\/marketing\/wp-json\/wp\/v2\/posts\/56627","targetHints":{"allow":["GET"]}}],"collection":[{"href":"https:\/\/www.cidademarketing.com.br\/marketing\/wp-json\/wp\/v2\/posts"}],"about":[{"href":"https:\/\/www.cidademarketing.com.br\/marketing\/wp-json\/wp\/v2\/types\/post"}],"author":[{"embeddable":true,"href":"https:\/\/www.cidademarketing.com.br\/marketing\/wp-json\/wp\/v2\/users\/1"}],"replies":[{"embeddable":true,"href":"https:\/\/www.cidademarketing.com.br\/marketing\/wp-json\/wp\/v2\/comments?post=56627"}],"version-history":[{"count":1,"href":"https:\/\/www.cidademarketing.com.br\/marketing\/wp-json\/wp\/v2\/posts\/56627\/revisions"}],"predecessor-version":[{"id":56628,"href":"https:\/\/www.cidademarketing.com.br\/marketing\/wp-json\/wp\/v2\/posts\/56627\/revisions\/56628"}],"wp:featuredmedia":[{"embeddable":true,"href":"https:\/\/www.cidademarketing.com.br\/marketing\/wp-json\/wp\/v2\/media\/56568"}],"wp:attachment":[{"href":"https:\/\/www.cidademarketing.com.br\/marketing\/wp-json\/wp\/v2\/media?parent=56627"}],"wp:term":[{"taxonomy":"category","embeddable":true,"href":"https:\/\/www.cidademarketing.com.br\/marketing\/wp-json\/wp\/v2\/categories?post=56627"},{"taxonomy":"post_tag","embeddable":true,"href":"https:\/\/www.cidademarketing.com.br\/marketing\/wp-json\/wp\/v2\/tags?post=56627"}],"curies":[{"name":"wp","href":"https:\/\/api.w.org\/{rel}","templated":true}]}}