{"id":56592,"date":"2025-06-05T14:43:59","date_gmt":"2025-06-05T17:43:59","guid":{"rendered":"https:\/\/www.cidademarketing.com.br\/marketing\/?p=56592"},"modified":"2025-06-05T14:43:59","modified_gmt":"2025-06-05T17:43:59","slug":"natura-lanca-nova-fragrancia-essencial-atrai-em-campanha-especial-para-o-dia-dos-namorados","status":"publish","type":"post","link":"https:\/\/www.cidademarketing.com.br\/marketing\/2025\/06\/05\/natura-lanca-nova-fragrancia-essencial-atrai-em-campanha-especial-para-o-dia-dos-namorados\/","title":{"rendered":"Natura lan\u00e7a nova fragr\u00e2ncia &#8220;Essencial Atrai&#8221; em campanha especial para o Dia dos Namorados"},"content":{"rendered":"<p>A Natura entra no clima do Dia dos Namorados com o lan\u00e7amento de Essencial Atrai, novo perfume da linha premium Essencial. A campanha convida o p\u00fablico a despertar a atra\u00e7\u00e3o nos encontros rom\u00e2nticos, por meio de uma fragr\u00e2ncia intensa e sensorial \u2014 ideal para momentos marcantes a dois.<\/p>\n<p>Com uma proposta criativa que envolve filme publicit\u00e1rio para TV, m\u00eddia OOH, ativa\u00e7\u00e3o no Tinder, presen\u00e7a digital com influenciadores e os embaixadores Ta\u00eds Ara\u00fajo e L\u00e1zaro Ramos, a campanha tem como objetivo refor\u00e7ar a conex\u00e3o entre amor, desejo e olfato.<\/p>\n<blockquote class=\"instagram-media\" style=\"background: #FFF; border: 0; border-radius: 3px; box-shadow: 0 0 1px 0 rgba(0,0,0,0.5),0 1px 10px 0 rgba(0,0,0,0.15); margin: 1px; max-width: 540px; min-width: 326px; padding: 0; width: calc(100% - 2px);\" data-instgrm-captioned=\"\" data-instgrm-permalink=\"https:\/\/www.instagram.com\/reel\/DKKMylfNFsW\/?utm_source=ig_embed&amp;utm_campaign=loading\" data-instgrm-version=\"14\">\n<div style=\"padding: 16px;\">\n<p>&nbsp;<\/p>\n<div style=\"display: flex; flex-direction: row; align-items: center;\">\n<div style=\"background-color: #f4f4f4; border-radius: 50%; flex-grow: 0; height: 40px; margin-right: 14px; width: 40px;\"><\/div>\n<div style=\"display: flex; flex-direction: column; flex-grow: 1; justify-content: center;\">\n<div style=\"background-color: #f4f4f4; border-radius: 4px; flex-grow: 0; height: 14px; margin-bottom: 6px; width: 100px;\"><\/div>\n<div style=\"background-color: #f4f4f4; border-radius: 4px; flex-grow: 0; height: 14px; width: 60px;\"><\/div>\n<\/div>\n<\/div>\n<div style=\"padding: 19% 0;\"><\/div>\n<div style=\"display: block; height: 50px; margin: 0 auto 12px; width: 50px;\"><\/div>\n<div style=\"padding-top: 8px;\">\n<div style=\"color: #3897f0; font-family: Arial,sans-serif; font-size: 14px; font-style: normal; font-weight: 550; line-height: 18px;\">Ver essa foto no Instagram<\/div>\n<\/div>\n<div style=\"padding: 12.5% 0;\"><\/div>\n<div style=\"display: flex; flex-direction: row; margin-bottom: 14px; align-items: center;\">\n<div>\n<div style=\"background-color: #f4f4f4; border-radius: 50%; height: 12.5px; width: 12.5px; transform: translateX(0px) translateY(7px);\"><\/div>\n<div style=\"background-color: #f4f4f4; height: 12.5px; transform: rotate(-45deg) translateX(3px) translateY(1px); width: 12.5px; flex-grow: 0; margin-right: 14px; margin-left: 2px;\"><\/div>\n<div style=\"background-color: #f4f4f4; border-radius: 50%; height: 12.5px; width: 12.5px; transform: translateX(9px) translateY(-18px);\"><\/div>\n<\/div>\n<div style=\"margin-left: 8px;\">\n<div style=\"background-color: #f4f4f4; border-radius: 50%; flex-grow: 0; height: 20px; width: 20px;\"><\/div>\n<div style=\"width: 0; height: 0; border-top: 2px solid transparent; border-left: 6px solid #f4f4f4; border-bottom: 2px solid transparent; transform: translateX(16px) translateY(-4px) rotate(30deg);\"><\/div>\n<\/div>\n<div style=\"margin-left: auto;\">\n<div style=\"width: 0px; border-top: 8px solid #F4F4F4; border-right: 8px solid transparent; transform: translateY(16px);\"><\/div>\n<div style=\"background-color: #f4f4f4; flex-grow: 0; height: 12px; width: 16px; transform: translateY(-4px);\"><\/div>\n<div style=\"width: 0; height: 0; border-top: 8px solid #F4F4F4; border-left: 8px solid transparent; transform: translateY(-4px) translateX(8px);\"><\/div>\n<\/div>\n<\/div>\n<div style=\"display: flex; flex-direction: column; flex-grow: 1; justify-content: center; margin-bottom: 24px;\">\n<div style=\"background-color: #f4f4f4; border-radius: 4px; flex-grow: 0; height: 14px; margin-bottom: 6px; width: 224px;\"><\/div>\n<div style=\"background-color: #f4f4f4; border-radius: 4px; flex-grow: 0; height: 14px; width: 144px;\"><\/div>\n<\/div>\n<p>&nbsp;<\/p>\n<p style=\"color: #c9c8cd; font-family: Arial,sans-serif; font-size: 14px; line-height: 17px; margin-bottom: 0; margin-top: 8px; overflow: hidden; padding: 8px 0 7px; text-align: center; text-overflow: ellipsis; white-space: nowrap;\"><a style=\"color: #c9c8cd; font-family: Arial,sans-serif; font-size: 14px; font-style: normal; font-weight: normal; line-height: 17px; text-decoration: none;\" href=\"https:\/\/www.instagram.com\/reel\/DKKMylfNFsW\/?utm_source=ig_embed&amp;utm_campaign=loading\" target=\"_blank\" rel=\"noopener\">Uma publica\u00e7\u00e3o compartilhada por Tai\u0301s Araujo (@taisdeverdade)<\/a><\/p>\n<\/div>\n<\/blockquote>\n<p><script async src=\"\/\/www.instagram.com\/embed.js\"><\/script>\u00a0Com dura\u00e7\u00e3o de at\u00e9 10 horas na pele, o Essencial Atrai foi desenvolvido para provocar uma verdadeira explos\u00e3o sensorial. A fragr\u00e2ncia traz em sua composi\u00e7\u00e3o a exclusiva ess\u00eancia da pimenta rosa brasileira, despertando os sentidos e tornando os encontros mais sensuais e inesquec\u00edveis.<\/p>\n<p>A campanha come\u00e7a com a exibi\u00e7\u00e3o do filme \u201cBaile\u201d, que narra o in\u00edcio de uma conex\u00e3o intensa entre dois personagens. Ao som de uma trilha envolvente e por meio de coreografias que simbolizam o jogo da sedu\u00e7\u00e3o, o casal se busca no meio da multid\u00e3o \u2014 conduzido pela for\u00e7a da fragr\u00e2ncia. No fim, a assinatura da campanha refor\u00e7a o conceito:<br \/>\n\u201cNovo Essencial Atrai. Desperte para a Atra\u00e7\u00e3o. Da Natura para o Dia dos Namorados.\u201d<\/p>\n<div class=\"youtube-embed\" data-video_id=\"lUIuwxnpXlo\"><iframe title=\"Novo Natura Essencial Atrai - Dia dos Namorados\" width=\"640\" height=\"360\" src=\"https:\/\/www.youtube.com\/embed\/lUIuwxnpXlo?feature=oembed&#038;enablejsapi=1\" frameborder=\"0\" allow=\"accelerometer; autoplay; clipboard-write; encrypted-media; gyroscope; picture-in-picture; web-share\" referrerpolicy=\"strict-origin-when-cross-origin\" allowfullscreen><\/iframe><\/div>\n<p>Como desdobramento da narrativa, a Natura escalou o casal Ta\u00eds Ara\u00fajo e L\u00e1zaro Ramos como embaixadores da campanha. Eles protagonizam conte\u00fados que destacam os atributos do novo perfume e compartilham os segredos da conex\u00e3o e longevidade do relacionamento.<\/p>\n<p>Al\u00e9m disso, uma rede de 10 influenciadores \u2014 incluindo especialistas em perfumaria \u2014 participa da estrat\u00e9gia de conte\u00fado, com temas que abordam din\u00e2micas de relacionamento, dicas de sedu\u00e7\u00e3o e como apimentar a vida a dois.<\/p>\n<p>A marca tamb\u00e9m apostou em uma a\u00e7\u00e3o inovadora no Tinder, principal app de relacionamentos no Brasil. A ativa\u00e7\u00e3o contar\u00e1 com dois especialistas em fragr\u00e2ncias que participam de \u201cdates\u201d com usu\u00e1rios da plataforma para apresentar os diferenciais do Essencial Atrai. Quem assistir ao conte\u00fado ganha 10 horas de likes extras, o mesmo tempo de dura\u00e7\u00e3o da fragr\u00e2ncia na pele \u2014 ampliando as chances de conquistar um match especial.<\/p>\n","protected":false},"excerpt":{"rendered":"<p>A Natura entra no clima do Dia dos Namorados com o lan\u00e7amento de Essencial Atrai, novo perfume da linha premium Essencial. A campanha convida o p\u00fablico a despertar a atra\u00e7\u00e3o nos encontros rom\u00e2nticos, por meio de uma fragr\u00e2ncia intensa e sensorial \u2014 ideal para momentos marcantes a dois. Com uma proposta criativa que envolve filme [&hellip;]<\/p>\n","protected":false},"author":1,"featured_media":56593,"comment_status":"open","ping_status":"open","sticky":false,"template":"","format":"standard","meta":{"tdm_status":"","tdm_grid_status":"","footnotes":""},"categories":[6,14],"tags":[65,1881,33,836,9429,28,503,5211,181,9430,1536],"class_list":["post-56592","post","type-post","status-publish","format-standard","has-post-thumbnail","hentry","category-noticias","category-videos","tag-campanha","tag-dia-dos-namorados","tag-estrategia","tag-filme","tag-lazaro-ramos","tag-marketing","tag-natura","tag-ooh","tag-publicidade","tag-thais-araujo","tag-tinder"],"yoast_head":"<!-- This site is optimized with the Yoast SEO plugin v27.4 - https:\/\/yoast.com\/product\/yoast-seo-wordpress\/ -->\n<title>Natura lan\u00e7a nova fragr\u00e2ncia &quot;Essencial Atrai&quot; em campanha especial para o Dia dos Namorados - CidadeMarketing<\/title>\n<meta name=\"robots\" content=\"index, follow, max-snippet:-1, max-image-preview:large, max-video-preview:-1\" \/>\n<link rel=\"canonical\" href=\"https:\/\/www.cidademarketing.com.br\/marketing\/2025\/06\/05\/natura-lanca-nova-fragrancia-essencial-atrai-em-campanha-especial-para-o-dia-dos-namorados\/\" \/>\n<meta property=\"og:locale\" content=\"pt_BR\" \/>\n<meta property=\"og:type\" content=\"article\" \/>\n<meta property=\"og:title\" content=\"Natura lan\u00e7a nova fragr\u00e2ncia &quot;Essencial Atrai&quot; em campanha especial para o Dia dos Namorados - CidadeMarketing\" \/>\n<meta property=\"og:description\" content=\"A Natura entra no clima do Dia dos Namorados com o lan\u00e7amento de Essencial Atrai, novo perfume da linha premium Essencial. A campanha convida o p\u00fablico a despertar a atra\u00e7\u00e3o nos encontros rom\u00e2nticos, por meio de uma fragr\u00e2ncia intensa e sensorial \u2014 ideal para momentos marcantes a dois. Com uma proposta criativa que envolve filme [&hellip;]\" \/>\n<meta property=\"og:url\" content=\"https:\/\/www.cidademarketing.com.br\/marketing\/2025\/06\/05\/natura-lanca-nova-fragrancia-essencial-atrai-em-campanha-especial-para-o-dia-dos-namorados\/\" \/>\n<meta property=\"og:site_name\" content=\"CidadeMarketing\" \/>\n<meta property=\"article:publisher\" content=\"https:\/\/www.facebook.com\/portalcidademarketing\" \/>\n<meta property=\"article:author\" content=\"https:\/\/www.facebook.com\/thalesbrandao\" \/>\n<meta property=\"article:published_time\" content=\"2025-06-05T17:43:59+00:00\" \/>\n<meta property=\"og:image\" content=\"https:\/\/www.cidademarketing.com.br\/marketing\/wp-content\/uploads\/2025\/06\/natura_campanha_diadosnamorados.webp\" \/>\n\t<meta property=\"og:image:width\" content=\"1040\" \/>\n\t<meta property=\"og:image:height\" content=\"567\" \/>\n\t<meta property=\"og:image:type\" content=\"image\/webp\" \/>\n<meta name=\"author\" content=\"Thales Brand\u00e3o\" \/>\n<meta name=\"twitter:card\" content=\"summary_large_image\" \/>\n<meta name=\"twitter:creator\" content=\"@http:\/\/www.twitter.com\/thalesbrandao\" \/>\n<meta name=\"twitter:site\" content=\"@CidadeMarketing\" \/>\n<meta name=\"twitter:label1\" content=\"Escrito por\" \/>\n\t<meta name=\"twitter:data1\" content=\"Thales Brand\u00e3o\" \/>\n\t<meta name=\"twitter:label2\" content=\"Est. tempo de leitura\" \/>\n\t<meta name=\"twitter:data2\" content=\"2 minutos\" \/>\n<script type=\"application\/ld+json\" class=\"yoast-schema-graph\">{\"@context\":\"https:\\\/\\\/schema.org\",\"@graph\":[{\"@type\":\"Article\",\"@id\":\"https:\\\/\\\/www.cidademarketing.com.br\\\/marketing\\\/2025\\\/06\\\/05\\\/natura-lanca-nova-fragrancia-essencial-atrai-em-campanha-especial-para-o-dia-dos-namorados\\\/#article\",\"isPartOf\":{\"@id\":\"https:\\\/\\\/www.cidademarketing.com.br\\\/marketing\\\/2025\\\/06\\\/05\\\/natura-lanca-nova-fragrancia-essencial-atrai-em-campanha-especial-para-o-dia-dos-namorados\\\/\"},\"author\":{\"name\":\"Thales Brand\u00e3o\",\"@id\":\"https:\\\/\\\/www.cidademarketing.com.br\\\/marketing\\\/#\\\/schema\\\/person\\\/02daff9f18bd9378c9e01eb6b2db155f\"},\"headline\":\"Natura lan\u00e7a nova fragr\u00e2ncia &#8220;Essencial Atrai&#8221; em campanha especial para o Dia dos Namorados\",\"datePublished\":\"2025-06-05T17:43:59+00:00\",\"mainEntityOfPage\":{\"@id\":\"https:\\\/\\\/www.cidademarketing.com.br\\\/marketing\\\/2025\\\/06\\\/05\\\/natura-lanca-nova-fragrancia-essencial-atrai-em-campanha-especial-para-o-dia-dos-namorados\\\/\"},\"wordCount\":426,\"commentCount\":0,\"publisher\":{\"@id\":\"https:\\\/\\\/www.cidademarketing.com.br\\\/marketing\\\/#organization\"},\"image\":{\"@id\":\"https:\\\/\\\/www.cidademarketing.com.br\\\/marketing\\\/2025\\\/06\\\/05\\\/natura-lanca-nova-fragrancia-essencial-atrai-em-campanha-especial-para-o-dia-dos-namorados\\\/#primaryimage\"},\"thumbnailUrl\":\"https:\\\/\\\/www.cidademarketing.com.br\\\/marketing\\\/wp-content\\\/uploads\\\/2025\\\/06\\\/natura_campanha_diadosnamorados.webp\",\"keywords\":[\"campanha\",\"Dia dos Namorados\",\"estrat\u00e9gia\",\"filme\",\"L\u00e1zaro Ramos\",\"marketing\",\"Natura\",\"OOH\",\"publicidade\",\"Tha\u00eds Ara\u00fajo\",\"Tinder\"],\"articleSection\":[\"Not\u00edcias\",\"Videos\"],\"inLanguage\":\"pt-BR\",\"potentialAction\":[{\"@type\":\"CommentAction\",\"name\":\"Comment\",\"target\":[\"https:\\\/\\\/www.cidademarketing.com.br\\\/marketing\\\/2025\\\/06\\\/05\\\/natura-lanca-nova-fragrancia-essencial-atrai-em-campanha-especial-para-o-dia-dos-namorados\\\/#respond\"]}]},{\"@type\":\"WebPage\",\"@id\":\"https:\\\/\\\/www.cidademarketing.com.br\\\/marketing\\\/2025\\\/06\\\/05\\\/natura-lanca-nova-fragrancia-essencial-atrai-em-campanha-especial-para-o-dia-dos-namorados\\\/\",\"url\":\"https:\\\/\\\/www.cidademarketing.com.br\\\/marketing\\\/2025\\\/06\\\/05\\\/natura-lanca-nova-fragrancia-essencial-atrai-em-campanha-especial-para-o-dia-dos-namorados\\\/\",\"name\":\"Natura lan\u00e7a nova fragr\u00e2ncia \\\"Essencial Atrai\\\" em campanha especial para o Dia dos Namorados - CidadeMarketing\",\"isPartOf\":{\"@id\":\"https:\\\/\\\/www.cidademarketing.com.br\\\/marketing\\\/#website\"},\"primaryImageOfPage\":{\"@id\":\"https:\\\/\\\/www.cidademarketing.com.br\\\/marketing\\\/2025\\\/06\\\/05\\\/natura-lanca-nova-fragrancia-essencial-atrai-em-campanha-especial-para-o-dia-dos-namorados\\\/#primaryimage\"},\"image\":{\"@id\":\"https:\\\/\\\/www.cidademarketing.com.br\\\/marketing\\\/2025\\\/06\\\/05\\\/natura-lanca-nova-fragrancia-essencial-atrai-em-campanha-especial-para-o-dia-dos-namorados\\\/#primaryimage\"},\"thumbnailUrl\":\"https:\\\/\\\/www.cidademarketing.com.br\\\/marketing\\\/wp-content\\\/uploads\\\/2025\\\/06\\\/natura_campanha_diadosnamorados.webp\",\"datePublished\":\"2025-06-05T17:43:59+00:00\",\"breadcrumb\":{\"@id\":\"https:\\\/\\\/www.cidademarketing.com.br\\\/marketing\\\/2025\\\/06\\\/05\\\/natura-lanca-nova-fragrancia-essencial-atrai-em-campanha-especial-para-o-dia-dos-namorados\\\/#breadcrumb\"},\"inLanguage\":\"pt-BR\",\"potentialAction\":[{\"@type\":\"ReadAction\",\"target\":[\"https:\\\/\\\/www.cidademarketing.com.br\\\/marketing\\\/2025\\\/06\\\/05\\\/natura-lanca-nova-fragrancia-essencial-atrai-em-campanha-especial-para-o-dia-dos-namorados\\\/\"]}]},{\"@type\":\"ImageObject\",\"inLanguage\":\"pt-BR\",\"@id\":\"https:\\\/\\\/www.cidademarketing.com.br\\\/marketing\\\/2025\\\/06\\\/05\\\/natura-lanca-nova-fragrancia-essencial-atrai-em-campanha-especial-para-o-dia-dos-namorados\\\/#primaryimage\",\"url\":\"https:\\\/\\\/www.cidademarketing.com.br\\\/marketing\\\/wp-content\\\/uploads\\\/2025\\\/06\\\/natura_campanha_diadosnamorados.webp\",\"contentUrl\":\"https:\\\/\\\/www.cidademarketing.com.br\\\/marketing\\\/wp-content\\\/uploads\\\/2025\\\/06\\\/natura_campanha_diadosnamorados.webp\",\"width\":1040,\"height\":567,\"caption\":\"Reprodu\u00e7\u00e3o\"},{\"@type\":\"BreadcrumbList\",\"@id\":\"https:\\\/\\\/www.cidademarketing.com.br\\\/marketing\\\/2025\\\/06\\\/05\\\/natura-lanca-nova-fragrancia-essencial-atrai-em-campanha-especial-para-o-dia-dos-namorados\\\/#breadcrumb\",\"itemListElement\":[{\"@type\":\"ListItem\",\"position\":1,\"name\":\"In\u00edcio\",\"item\":\"https:\\\/\\\/www.cidademarketing.com.br\\\/marketing\\\/\"},{\"@type\":\"ListItem\",\"position\":2,\"name\":\"Natura lan\u00e7a nova fragr\u00e2ncia &#8220;Essencial Atrai&#8221; em campanha especial para o Dia dos Namorados\"}]},{\"@type\":\"WebSite\",\"@id\":\"https:\\\/\\\/www.cidademarketing.com.br\\\/marketing\\\/#website\",\"url\":\"https:\\\/\\\/www.cidademarketing.com.br\\\/marketing\\\/\",\"name\":\"CidadeMarketing\",\"description\":\"Somos um ve\u00edculo de comunica\u00e7\u00e3o de destaque no Brasil, reconhecido por conte\u00fados nos segmentos de marketing, empreendedorismo e inova\u00e7\u00e3o.\",\"publisher\":{\"@id\":\"https:\\\/\\\/www.cidademarketing.com.br\\\/marketing\\\/#organization\"},\"alternateName\":\"CidadeMarketing\",\"potentialAction\":[{\"@type\":\"SearchAction\",\"target\":{\"@type\":\"EntryPoint\",\"urlTemplate\":\"https:\\\/\\\/www.cidademarketing.com.br\\\/marketing\\\/?s={search_term_string}\"},\"query-input\":{\"@type\":\"PropertyValueSpecification\",\"valueRequired\":true,\"valueName\":\"search_term_string\"}}],\"inLanguage\":\"pt-BR\"},{\"@type\":\"Organization\",\"@id\":\"https:\\\/\\\/www.cidademarketing.com.br\\\/marketing\\\/#organization\",\"name\":\"CidadeMarketing\",\"alternateName\":\"CidadeMarketing\",\"url\":\"https:\\\/\\\/www.cidademarketing.com.br\\\/marketing\\\/\",\"logo\":{\"@type\":\"ImageObject\",\"inLanguage\":\"pt-BR\",\"@id\":\"https:\\\/\\\/www.cidademarketing.com.br\\\/marketing\\\/#\\\/schema\\\/logo\\\/image\\\/\",\"url\":\"https:\\\/\\\/www.cidademarketing.com.br\\\/marketing\\\/wp-content\\\/uploads\\\/2020\\\/01\\\/cidademarketing_marca_mobile.png\",\"contentUrl\":\"https:\\\/\\\/www.cidademarketing.com.br\\\/marketing\\\/wp-content\\\/uploads\\\/2020\\\/01\\\/cidademarketing_marca_mobile.png\",\"width\":230,\"height\":92,\"caption\":\"CidadeMarketing\"},\"image\":{\"@id\":\"https:\\\/\\\/www.cidademarketing.com.br\\\/marketing\\\/#\\\/schema\\\/logo\\\/image\\\/\"},\"sameAs\":[\"https:\\\/\\\/www.facebook.com\\\/portalcidademarketing\",\"https:\\\/\\\/x.com\\\/CidadeMarketing\",\"https:\\\/\\\/www.instagram.com\\\/cidademarketing\\\/\"]},{\"@type\":\"Person\",\"@id\":\"https:\\\/\\\/www.cidademarketing.com.br\\\/marketing\\\/#\\\/schema\\\/person\\\/02daff9f18bd9378c9e01eb6b2db155f\",\"name\":\"Thales Brand\u00e3o\",\"image\":{\"@type\":\"ImageObject\",\"inLanguage\":\"pt-BR\",\"@id\":\"https:\\\/\\\/secure.gravatar.com\\\/avatar\\\/7ca3206950207cc3cb48feec56a8a7898741ab725c368d99d5d7a5a50aab80c6?s=96&d=mm&r=g\",\"url\":\"https:\\\/\\\/secure.gravatar.com\\\/avatar\\\/7ca3206950207cc3cb48feec56a8a7898741ab725c368d99d5d7a5a50aab80c6?s=96&d=mm&r=g\",\"contentUrl\":\"https:\\\/\\\/secure.gravatar.com\\\/avatar\\\/7ca3206950207cc3cb48feec56a8a7898741ab725c368d99d5d7a5a50aab80c6?s=96&d=mm&r=g\",\"caption\":\"Thales Brand\u00e3o\"},\"description\":\"Editor Executivo do Portal CidadeMarketing.com.br &gt; Mestre em Comunica\u00e7\u00e3o e Sociedade pela Universidade Federal de Sergipe. Possui MBA Executivo em Administra\u00e7\u00e3o com \u00eanfase em Marketing pela Funda\u00e7\u00e3o Get\u00falio Vargas - Rio de Janeiro. Consultor, Palestrante e Pesquisador sobre Empreendedorismo, Marketing, Redes Sociais e Neg\u00f3cios Digitais. Professor, Palestrante TedxTalks e Campus Party. Twitter: @ThalesBrandao\",\"sameAs\":[\"http:\\\/\\\/www.mandacaru.com.br\",\"https:\\\/\\\/www.facebook.com\\\/thalesbrandao\",\"http:\\\/\\\/www.instagram.com.br\\\/thalesbrandaoferreira\",\"https:\\\/\\\/www.linkedin.com\\\/in\\\/thales-brand\u00e3o-3948609\\\/\",\"https:\\\/\\\/x.com\\\/http:\\\/\\\/www.twitter.com\\\/thalesbrandao\"],\"url\":\"https:\\\/\\\/www.cidademarketing.com.br\\\/marketing\\\/author\\\/thalesbrandao\\\/\"}]}<\/script>\n<!-- \/ Yoast SEO plugin. -->","yoast_head_json":{"title":"Natura lan\u00e7a nova fragr\u00e2ncia \"Essencial Atrai\" em campanha especial para o Dia dos Namorados - CidadeMarketing","robots":{"index":"index","follow":"follow","max-snippet":"max-snippet:-1","max-image-preview":"max-image-preview:large","max-video-preview":"max-video-preview:-1"},"canonical":"https:\/\/www.cidademarketing.com.br\/marketing\/2025\/06\/05\/natura-lanca-nova-fragrancia-essencial-atrai-em-campanha-especial-para-o-dia-dos-namorados\/","og_locale":"pt_BR","og_type":"article","og_title":"Natura lan\u00e7a nova fragr\u00e2ncia \"Essencial Atrai\" em campanha especial para o Dia dos Namorados - CidadeMarketing","og_description":"A Natura entra no clima do Dia dos Namorados com o lan\u00e7amento de Essencial Atrai, novo perfume da linha premium Essencial. A campanha convida o p\u00fablico a despertar a atra\u00e7\u00e3o nos encontros rom\u00e2nticos, por meio de uma fragr\u00e2ncia intensa e sensorial \u2014 ideal para momentos marcantes a dois. Com uma proposta criativa que envolve filme [&hellip;]","og_url":"https:\/\/www.cidademarketing.com.br\/marketing\/2025\/06\/05\/natura-lanca-nova-fragrancia-essencial-atrai-em-campanha-especial-para-o-dia-dos-namorados\/","og_site_name":"CidadeMarketing","article_publisher":"https:\/\/www.facebook.com\/portalcidademarketing","article_author":"https:\/\/www.facebook.com\/thalesbrandao","article_published_time":"2025-06-05T17:43:59+00:00","og_image":[{"width":1040,"height":567,"url":"https:\/\/www.cidademarketing.com.br\/marketing\/wp-content\/uploads\/2025\/06\/natura_campanha_diadosnamorados.webp","type":"image\/webp"}],"author":"Thales Brand\u00e3o","twitter_card":"summary_large_image","twitter_creator":"@http:\/\/www.twitter.com\/thalesbrandao","twitter_site":"@CidadeMarketing","twitter_misc":{"Escrito por":"Thales Brand\u00e3o","Est. tempo de leitura":"2 minutos"},"schema":{"@context":"https:\/\/schema.org","@graph":[{"@type":"Article","@id":"https:\/\/www.cidademarketing.com.br\/marketing\/2025\/06\/05\/natura-lanca-nova-fragrancia-essencial-atrai-em-campanha-especial-para-o-dia-dos-namorados\/#article","isPartOf":{"@id":"https:\/\/www.cidademarketing.com.br\/marketing\/2025\/06\/05\/natura-lanca-nova-fragrancia-essencial-atrai-em-campanha-especial-para-o-dia-dos-namorados\/"},"author":{"name":"Thales Brand\u00e3o","@id":"https:\/\/www.cidademarketing.com.br\/marketing\/#\/schema\/person\/02daff9f18bd9378c9e01eb6b2db155f"},"headline":"Natura lan\u00e7a nova fragr\u00e2ncia &#8220;Essencial Atrai&#8221; em campanha especial para o Dia dos Namorados","datePublished":"2025-06-05T17:43:59+00:00","mainEntityOfPage":{"@id":"https:\/\/www.cidademarketing.com.br\/marketing\/2025\/06\/05\/natura-lanca-nova-fragrancia-essencial-atrai-em-campanha-especial-para-o-dia-dos-namorados\/"},"wordCount":426,"commentCount":0,"publisher":{"@id":"https:\/\/www.cidademarketing.com.br\/marketing\/#organization"},"image":{"@id":"https:\/\/www.cidademarketing.com.br\/marketing\/2025\/06\/05\/natura-lanca-nova-fragrancia-essencial-atrai-em-campanha-especial-para-o-dia-dos-namorados\/#primaryimage"},"thumbnailUrl":"https:\/\/www.cidademarketing.com.br\/marketing\/wp-content\/uploads\/2025\/06\/natura_campanha_diadosnamorados.webp","keywords":["campanha","Dia dos Namorados","estrat\u00e9gia","filme","L\u00e1zaro Ramos","marketing","Natura","OOH","publicidade","Tha\u00eds Ara\u00fajo","Tinder"],"articleSection":["Not\u00edcias","Videos"],"inLanguage":"pt-BR","potentialAction":[{"@type":"CommentAction","name":"Comment","target":["https:\/\/www.cidademarketing.com.br\/marketing\/2025\/06\/05\/natura-lanca-nova-fragrancia-essencial-atrai-em-campanha-especial-para-o-dia-dos-namorados\/#respond"]}]},{"@type":"WebPage","@id":"https:\/\/www.cidademarketing.com.br\/marketing\/2025\/06\/05\/natura-lanca-nova-fragrancia-essencial-atrai-em-campanha-especial-para-o-dia-dos-namorados\/","url":"https:\/\/www.cidademarketing.com.br\/marketing\/2025\/06\/05\/natura-lanca-nova-fragrancia-essencial-atrai-em-campanha-especial-para-o-dia-dos-namorados\/","name":"Natura lan\u00e7a nova fragr\u00e2ncia \"Essencial Atrai\" em campanha especial para o Dia dos Namorados - CidadeMarketing","isPartOf":{"@id":"https:\/\/www.cidademarketing.com.br\/marketing\/#website"},"primaryImageOfPage":{"@id":"https:\/\/www.cidademarketing.com.br\/marketing\/2025\/06\/05\/natura-lanca-nova-fragrancia-essencial-atrai-em-campanha-especial-para-o-dia-dos-namorados\/#primaryimage"},"image":{"@id":"https:\/\/www.cidademarketing.com.br\/marketing\/2025\/06\/05\/natura-lanca-nova-fragrancia-essencial-atrai-em-campanha-especial-para-o-dia-dos-namorados\/#primaryimage"},"thumbnailUrl":"https:\/\/www.cidademarketing.com.br\/marketing\/wp-content\/uploads\/2025\/06\/natura_campanha_diadosnamorados.webp","datePublished":"2025-06-05T17:43:59+00:00","breadcrumb":{"@id":"https:\/\/www.cidademarketing.com.br\/marketing\/2025\/06\/05\/natura-lanca-nova-fragrancia-essencial-atrai-em-campanha-especial-para-o-dia-dos-namorados\/#breadcrumb"},"inLanguage":"pt-BR","potentialAction":[{"@type":"ReadAction","target":["https:\/\/www.cidademarketing.com.br\/marketing\/2025\/06\/05\/natura-lanca-nova-fragrancia-essencial-atrai-em-campanha-especial-para-o-dia-dos-namorados\/"]}]},{"@type":"ImageObject","inLanguage":"pt-BR","@id":"https:\/\/www.cidademarketing.com.br\/marketing\/2025\/06\/05\/natura-lanca-nova-fragrancia-essencial-atrai-em-campanha-especial-para-o-dia-dos-namorados\/#primaryimage","url":"https:\/\/www.cidademarketing.com.br\/marketing\/wp-content\/uploads\/2025\/06\/natura_campanha_diadosnamorados.webp","contentUrl":"https:\/\/www.cidademarketing.com.br\/marketing\/wp-content\/uploads\/2025\/06\/natura_campanha_diadosnamorados.webp","width":1040,"height":567,"caption":"Reprodu\u00e7\u00e3o"},{"@type":"BreadcrumbList","@id":"https:\/\/www.cidademarketing.com.br\/marketing\/2025\/06\/05\/natura-lanca-nova-fragrancia-essencial-atrai-em-campanha-especial-para-o-dia-dos-namorados\/#breadcrumb","itemListElement":[{"@type":"ListItem","position":1,"name":"In\u00edcio","item":"https:\/\/www.cidademarketing.com.br\/marketing\/"},{"@type":"ListItem","position":2,"name":"Natura lan\u00e7a nova fragr\u00e2ncia &#8220;Essencial Atrai&#8221; em campanha especial para o Dia dos Namorados"}]},{"@type":"WebSite","@id":"https:\/\/www.cidademarketing.com.br\/marketing\/#website","url":"https:\/\/www.cidademarketing.com.br\/marketing\/","name":"CidadeMarketing","description":"Somos um ve\u00edculo de comunica\u00e7\u00e3o de destaque no Brasil, reconhecido por conte\u00fados nos segmentos de marketing, empreendedorismo e inova\u00e7\u00e3o.","publisher":{"@id":"https:\/\/www.cidademarketing.com.br\/marketing\/#organization"},"alternateName":"CidadeMarketing","potentialAction":[{"@type":"SearchAction","target":{"@type":"EntryPoint","urlTemplate":"https:\/\/www.cidademarketing.com.br\/marketing\/?s={search_term_string}"},"query-input":{"@type":"PropertyValueSpecification","valueRequired":true,"valueName":"search_term_string"}}],"inLanguage":"pt-BR"},{"@type":"Organization","@id":"https:\/\/www.cidademarketing.com.br\/marketing\/#organization","name":"CidadeMarketing","alternateName":"CidadeMarketing","url":"https:\/\/www.cidademarketing.com.br\/marketing\/","logo":{"@type":"ImageObject","inLanguage":"pt-BR","@id":"https:\/\/www.cidademarketing.com.br\/marketing\/#\/schema\/logo\/image\/","url":"https:\/\/www.cidademarketing.com.br\/marketing\/wp-content\/uploads\/2020\/01\/cidademarketing_marca_mobile.png","contentUrl":"https:\/\/www.cidademarketing.com.br\/marketing\/wp-content\/uploads\/2020\/01\/cidademarketing_marca_mobile.png","width":230,"height":92,"caption":"CidadeMarketing"},"image":{"@id":"https:\/\/www.cidademarketing.com.br\/marketing\/#\/schema\/logo\/image\/"},"sameAs":["https:\/\/www.facebook.com\/portalcidademarketing","https:\/\/x.com\/CidadeMarketing","https:\/\/www.instagram.com\/cidademarketing\/"]},{"@type":"Person","@id":"https:\/\/www.cidademarketing.com.br\/marketing\/#\/schema\/person\/02daff9f18bd9378c9e01eb6b2db155f","name":"Thales Brand\u00e3o","image":{"@type":"ImageObject","inLanguage":"pt-BR","@id":"https:\/\/secure.gravatar.com\/avatar\/7ca3206950207cc3cb48feec56a8a7898741ab725c368d99d5d7a5a50aab80c6?s=96&d=mm&r=g","url":"https:\/\/secure.gravatar.com\/avatar\/7ca3206950207cc3cb48feec56a8a7898741ab725c368d99d5d7a5a50aab80c6?s=96&d=mm&r=g","contentUrl":"https:\/\/secure.gravatar.com\/avatar\/7ca3206950207cc3cb48feec56a8a7898741ab725c368d99d5d7a5a50aab80c6?s=96&d=mm&r=g","caption":"Thales Brand\u00e3o"},"description":"Editor Executivo do Portal CidadeMarketing.com.br &gt; Mestre em Comunica\u00e7\u00e3o e Sociedade pela Universidade Federal de Sergipe. Possui MBA Executivo em Administra\u00e7\u00e3o com \u00eanfase em Marketing pela Funda\u00e7\u00e3o Get\u00falio Vargas - Rio de Janeiro. Consultor, Palestrante e Pesquisador sobre Empreendedorismo, Marketing, Redes Sociais e Neg\u00f3cios Digitais. Professor, Palestrante TedxTalks e Campus Party. Twitter: @ThalesBrandao","sameAs":["http:\/\/www.mandacaru.com.br","https:\/\/www.facebook.com\/thalesbrandao","http:\/\/www.instagram.com.br\/thalesbrandaoferreira","https:\/\/www.linkedin.com\/in\/thales-brand\u00e3o-3948609\/","https:\/\/x.com\/http:\/\/www.twitter.com\/thalesbrandao"],"url":"https:\/\/www.cidademarketing.com.br\/marketing\/author\/thalesbrandao\/"}]}},"amp_enabled":true,"_links":{"self":[{"href":"https:\/\/www.cidademarketing.com.br\/marketing\/wp-json\/wp\/v2\/posts\/56592","targetHints":{"allow":["GET"]}}],"collection":[{"href":"https:\/\/www.cidademarketing.com.br\/marketing\/wp-json\/wp\/v2\/posts"}],"about":[{"href":"https:\/\/www.cidademarketing.com.br\/marketing\/wp-json\/wp\/v2\/types\/post"}],"author":[{"embeddable":true,"href":"https:\/\/www.cidademarketing.com.br\/marketing\/wp-json\/wp\/v2\/users\/1"}],"replies":[{"embeddable":true,"href":"https:\/\/www.cidademarketing.com.br\/marketing\/wp-json\/wp\/v2\/comments?post=56592"}],"version-history":[{"count":2,"href":"https:\/\/www.cidademarketing.com.br\/marketing\/wp-json\/wp\/v2\/posts\/56592\/revisions"}],"predecessor-version":[{"id":56595,"href":"https:\/\/www.cidademarketing.com.br\/marketing\/wp-json\/wp\/v2\/posts\/56592\/revisions\/56595"}],"wp:featuredmedia":[{"embeddable":true,"href":"https:\/\/www.cidademarketing.com.br\/marketing\/wp-json\/wp\/v2\/media\/56593"}],"wp:attachment":[{"href":"https:\/\/www.cidademarketing.com.br\/marketing\/wp-json\/wp\/v2\/media?parent=56592"}],"wp:term":[{"taxonomy":"category","embeddable":true,"href":"https:\/\/www.cidademarketing.com.br\/marketing\/wp-json\/wp\/v2\/categories?post=56592"},{"taxonomy":"post_tag","embeddable":true,"href":"https:\/\/www.cidademarketing.com.br\/marketing\/wp-json\/wp\/v2\/tags?post=56592"}],"curies":[{"name":"wp","href":"https:\/\/api.w.org\/{rel}","templated":true}]}}