{"id":56579,"date":"2025-06-05T10:31:48","date_gmt":"2025-06-05T13:31:48","guid":{"rendered":"https:\/\/www.cidademarketing.com.br\/marketing\/?p=56579"},"modified":"2025-06-05T10:31:48","modified_gmt":"2025-06-05T13:31:48","slug":"renault-convoca-recall-dos-modelos-kwid-e-duster-por-risco-de-acidente","status":"publish","type":"post","link":"https:\/\/www.cidademarketing.com.br\/marketing\/2025\/06\/05\/renault-convoca-recall-dos-modelos-kwid-e-duster-por-risco-de-acidente\/","title":{"rendered":"Renault convoca recall dos modelos Kwid e Duster por risco de acidente"},"content":{"rendered":"<p>A Renault do Brasil anunciou nesta quarta-feira (4) um recall preventivo dos modelos Kwid e Duster, fabricados entre maio de 2021 e dezembro de 2024, em raz\u00e3o de falhas t\u00e9cnicas que podem representar riscos graves \u00e0 seguran\u00e7a dos ocupantes e de terceiros.<\/p>\n<p>Confira os modelos e per\u00edodos envolvidos no recall:<br \/>\nModelo Chassis (n\u00e3o sequenciais)<br \/>\nData de fabrica\u00e7\u00e3o<\/p>\n<p>Kwid<br \/>\nJ000006 a J986154<br \/>\n5\/5\/2021 a 12\/5\/2023<\/p>\n<p>Duster<br \/>\nJ060924 a J187197<br \/>\n16\/9\/2024 a 6\/12\/2024<\/p>\n<p><strong>Problema detectado no Kwid<\/strong><br \/>\nAp\u00f3s investiga\u00e7\u00f5es t\u00e9cnicas, a Renault identificou que, em determinadas condi\u00e7\u00f5es, o suporte do eixo traseiro do Kwid pode apresentar fissuras com o tempo, o que compromete as caracter\u00edsticas de dirigibilidade do ve\u00edculo. Em casos extremos, essa falha pode gerar acidentes com danos f\u00edsicos e materiais.\u00a0 A inspe\u00e7\u00e3o e eventual substitui\u00e7\u00e3o da pe\u00e7a podem levar entre 30 minutos e at\u00e9 8 horas, dependendo da complexidade do reparo.<\/p>\n<p><strong>Risco estrutural no Duster<\/strong><br \/>\nNo caso do Duster, a montadora detectou falhas no processo de usinagem das roscas que fixam o rolamento do eixo traseiro \u00e0 carroceria. Isso pode causar afrouxamento ou at\u00e9 aus\u00eancia da fixa\u00e7\u00e3o, gerando ru\u00eddos e, em situa\u00e7\u00f5es cr\u00edticas, a perda de controle do ve\u00edculo durante a condu\u00e7\u00e3o, com potencial para acidentes graves ou fatais.<\/p>\n<p>O tempo estimado de reparo para o Duster varia entre 30 minutos e 1h30.<\/p>\n<p><strong>Atendimento gratuito e agendamento<\/strong><br \/>\nTodos os servi\u00e7os realizados nas concession\u00e1rias s\u00e3o gratuitos, e os propriet\u00e1rios dos ve\u00edculos afetados devem agendar o atendimento o quanto antes para garantir a seguran\u00e7a.<\/p>\n<p>Para agendar a verifica\u00e7\u00e3o e obter mais informa\u00e7\u00f5es, acesse o site:<br \/>\n<a href=\"http:\/\/www.renault.com.br\/recall\" target=\"_blank\" rel=\"noopener\">www.renault.com.br\/recall<\/a><br \/>\nOu entre em contato com o SAC Renault: 0800 055 5615<\/p>\n","protected":false},"excerpt":{"rendered":"<p>A Renault do Brasil anunciou nesta quarta-feira (4) um recall preventivo dos modelos Kwid e Duster, fabricados entre maio de 2021 e dezembro de 2024, em raz\u00e3o de falhas t\u00e9cnicas que podem representar riscos graves \u00e0 seguran\u00e7a dos ocupantes e de terceiros. Confira os modelos e per\u00edodos envolvidos no recall: Modelo Chassis (n\u00e3o sequenciais) Data [&hellip;]<\/p>\n","protected":false},"author":1,"featured_media":56580,"comment_status":"open","ping_status":"open","sticky":false,"template":"","format":"standard","meta":{"tdm_status":"","tdm_grid_status":"","footnotes":""},"categories":[6],"tags":[1171,65,1110,51,9425,9426,33,1230,28,216,117,134],"class_list":["post-56579","post","type-post","status-publish","format-standard","has-post-thumbnail","hentry","category-noticias","tag-atendimento","tag-campanha","tag-comunicado","tag-consumidor","tag-eixo","tag-eixo-traseiro","tag-estrategia","tag-falha","tag-marketing","tag-producao","tag-recall","tag-renault"],"yoast_head":"<!-- This site is optimized with the Yoast SEO plugin v27.5 - https:\/\/yoast.com\/product\/yoast-seo-wordpress\/ -->\n<title>Renault convoca recall dos modelos Kwid e Duster por risco de acidente - CidadeMarketing<\/title>\n<meta name=\"robots\" content=\"index, follow, max-snippet:-1, max-image-preview:large, max-video-preview:-1\" \/>\n<link rel=\"canonical\" href=\"https:\/\/www.cidademarketing.com.br\/marketing\/2025\/06\/05\/renault-convoca-recall-dos-modelos-kwid-e-duster-por-risco-de-acidente\/\" \/>\n<meta property=\"og:locale\" content=\"pt_BR\" \/>\n<meta property=\"og:type\" content=\"article\" \/>\n<meta property=\"og:title\" content=\"Renault convoca recall dos modelos Kwid e Duster por risco de acidente - CidadeMarketing\" \/>\n<meta property=\"og:description\" content=\"A Renault do Brasil anunciou nesta quarta-feira (4) um recall preventivo dos modelos Kwid e Duster, fabricados entre maio de 2021 e dezembro de 2024, em raz\u00e3o de falhas t\u00e9cnicas que podem representar riscos graves \u00e0 seguran\u00e7a dos ocupantes e de terceiros. Confira os modelos e per\u00edodos envolvidos no recall: Modelo Chassis (n\u00e3o sequenciais) Data [&hellip;]\" \/>\n<meta property=\"og:url\" content=\"https:\/\/www.cidademarketing.com.br\/marketing\/2025\/06\/05\/renault-convoca-recall-dos-modelos-kwid-e-duster-por-risco-de-acidente\/\" \/>\n<meta property=\"og:site_name\" content=\"CidadeMarketing\" \/>\n<meta property=\"article:publisher\" content=\"https:\/\/www.facebook.com\/portalcidademarketing\" \/>\n<meta property=\"article:author\" content=\"https:\/\/www.facebook.com\/thalesbrandao\" \/>\n<meta property=\"article:published_time\" content=\"2025-06-05T13:31:48+00:00\" \/>\n<meta property=\"og:image\" content=\"https:\/\/www.cidademarketing.com.br\/marketing\/wp-content\/uploads\/2025\/06\/duster_kwid_recall.webp\" \/>\n\t<meta property=\"og:image:width\" content=\"1178\" \/>\n\t<meta property=\"og:image:height\" content=\"669\" \/>\n\t<meta property=\"og:image:type\" content=\"image\/webp\" \/>\n<meta name=\"author\" content=\"Thales Brand\u00e3o\" \/>\n<meta name=\"twitter:card\" content=\"summary_large_image\" \/>\n<meta name=\"twitter:creator\" content=\"@http:\/\/www.twitter.com\/thalesbrandao\" \/>\n<meta name=\"twitter:site\" content=\"@CidadeMarketing\" \/>\n<meta name=\"twitter:label1\" content=\"Escrito por\" \/>\n\t<meta name=\"twitter:data1\" content=\"Thales Brand\u00e3o\" \/>\n\t<meta name=\"twitter:label2\" content=\"Est. tempo de leitura\" \/>\n\t<meta name=\"twitter:data2\" content=\"1 minuto\" \/>\n<script type=\"application\/ld+json\" class=\"yoast-schema-graph\">{\"@context\":\"https:\\\/\\\/schema.org\",\"@graph\":[{\"@type\":\"Article\",\"@id\":\"https:\\\/\\\/www.cidademarketing.com.br\\\/marketing\\\/2025\\\/06\\\/05\\\/renault-convoca-recall-dos-modelos-kwid-e-duster-por-risco-de-acidente\\\/#article\",\"isPartOf\":{\"@id\":\"https:\\\/\\\/www.cidademarketing.com.br\\\/marketing\\\/2025\\\/06\\\/05\\\/renault-convoca-recall-dos-modelos-kwid-e-duster-por-risco-de-acidente\\\/\"},\"author\":{\"name\":\"Thales Brand\u00e3o\",\"@id\":\"https:\\\/\\\/www.cidademarketing.com.br\\\/marketing\\\/#\\\/schema\\\/person\\\/02daff9f18bd9378c9e01eb6b2db155f\"},\"headline\":\"Renault convoca recall dos modelos Kwid e Duster por risco de acidente\",\"datePublished\":\"2025-06-05T13:31:48+00:00\",\"mainEntityOfPage\":{\"@id\":\"https:\\\/\\\/www.cidademarketing.com.br\\\/marketing\\\/2025\\\/06\\\/05\\\/renault-convoca-recall-dos-modelos-kwid-e-duster-por-risco-de-acidente\\\/\"},\"wordCount\":297,\"commentCount\":0,\"publisher\":{\"@id\":\"https:\\\/\\\/www.cidademarketing.com.br\\\/marketing\\\/#organization\"},\"image\":{\"@id\":\"https:\\\/\\\/www.cidademarketing.com.br\\\/marketing\\\/2025\\\/06\\\/05\\\/renault-convoca-recall-dos-modelos-kwid-e-duster-por-risco-de-acidente\\\/#primaryimage\"},\"thumbnailUrl\":\"https:\\\/\\\/www.cidademarketing.com.br\\\/marketing\\\/wp-content\\\/uploads\\\/2025\\\/06\\\/duster_kwid_recall.webp\",\"keywords\":[\"atendimento\",\"campanha\",\"comunicado\",\"consumidor\",\"eixo\",\"eixo traseiro\",\"estrat\u00e9gia\",\"falha\",\"marketing\",\"produ\u00e7\u00e3o\",\"recall\",\"Renault\"],\"articleSection\":[\"Not\u00edcias\"],\"inLanguage\":\"pt-BR\",\"potentialAction\":[{\"@type\":\"CommentAction\",\"name\":\"Comment\",\"target\":[\"https:\\\/\\\/www.cidademarketing.com.br\\\/marketing\\\/2025\\\/06\\\/05\\\/renault-convoca-recall-dos-modelos-kwid-e-duster-por-risco-de-acidente\\\/#respond\"]}]},{\"@type\":\"WebPage\",\"@id\":\"https:\\\/\\\/www.cidademarketing.com.br\\\/marketing\\\/2025\\\/06\\\/05\\\/renault-convoca-recall-dos-modelos-kwid-e-duster-por-risco-de-acidente\\\/\",\"url\":\"https:\\\/\\\/www.cidademarketing.com.br\\\/marketing\\\/2025\\\/06\\\/05\\\/renault-convoca-recall-dos-modelos-kwid-e-duster-por-risco-de-acidente\\\/\",\"name\":\"Renault convoca recall dos modelos Kwid e Duster por risco de acidente - CidadeMarketing\",\"isPartOf\":{\"@id\":\"https:\\\/\\\/www.cidademarketing.com.br\\\/marketing\\\/#website\"},\"primaryImageOfPage\":{\"@id\":\"https:\\\/\\\/www.cidademarketing.com.br\\\/marketing\\\/2025\\\/06\\\/05\\\/renault-convoca-recall-dos-modelos-kwid-e-duster-por-risco-de-acidente\\\/#primaryimage\"},\"image\":{\"@id\":\"https:\\\/\\\/www.cidademarketing.com.br\\\/marketing\\\/2025\\\/06\\\/05\\\/renault-convoca-recall-dos-modelos-kwid-e-duster-por-risco-de-acidente\\\/#primaryimage\"},\"thumbnailUrl\":\"https:\\\/\\\/www.cidademarketing.com.br\\\/marketing\\\/wp-content\\\/uploads\\\/2025\\\/06\\\/duster_kwid_recall.webp\",\"datePublished\":\"2025-06-05T13:31:48+00:00\",\"breadcrumb\":{\"@id\":\"https:\\\/\\\/www.cidademarketing.com.br\\\/marketing\\\/2025\\\/06\\\/05\\\/renault-convoca-recall-dos-modelos-kwid-e-duster-por-risco-de-acidente\\\/#breadcrumb\"},\"inLanguage\":\"pt-BR\",\"potentialAction\":[{\"@type\":\"ReadAction\",\"target\":[\"https:\\\/\\\/www.cidademarketing.com.br\\\/marketing\\\/2025\\\/06\\\/05\\\/renault-convoca-recall-dos-modelos-kwid-e-duster-por-risco-de-acidente\\\/\"]}]},{\"@type\":\"ImageObject\",\"inLanguage\":\"pt-BR\",\"@id\":\"https:\\\/\\\/www.cidademarketing.com.br\\\/marketing\\\/2025\\\/06\\\/05\\\/renault-convoca-recall-dos-modelos-kwid-e-duster-por-risco-de-acidente\\\/#primaryimage\",\"url\":\"https:\\\/\\\/www.cidademarketing.com.br\\\/marketing\\\/wp-content\\\/uploads\\\/2025\\\/06\\\/duster_kwid_recall.webp\",\"contentUrl\":\"https:\\\/\\\/www.cidademarketing.com.br\\\/marketing\\\/wp-content\\\/uploads\\\/2025\\\/06\\\/duster_kwid_recall.webp\",\"width\":1178,\"height\":669},{\"@type\":\"BreadcrumbList\",\"@id\":\"https:\\\/\\\/www.cidademarketing.com.br\\\/marketing\\\/2025\\\/06\\\/05\\\/renault-convoca-recall-dos-modelos-kwid-e-duster-por-risco-de-acidente\\\/#breadcrumb\",\"itemListElement\":[{\"@type\":\"ListItem\",\"position\":1,\"name\":\"In\u00edcio\",\"item\":\"https:\\\/\\\/www.cidademarketing.com.br\\\/marketing\\\/\"},{\"@type\":\"ListItem\",\"position\":2,\"name\":\"Renault convoca recall dos modelos Kwid e Duster por risco de acidente\"}]},{\"@type\":\"WebSite\",\"@id\":\"https:\\\/\\\/www.cidademarketing.com.br\\\/marketing\\\/#website\",\"url\":\"https:\\\/\\\/www.cidademarketing.com.br\\\/marketing\\\/\",\"name\":\"CidadeMarketing\",\"description\":\"Somos um ve\u00edculo de comunica\u00e7\u00e3o de destaque no Brasil, reconhecido por conte\u00fados nos segmentos de marketing, empreendedorismo e inova\u00e7\u00e3o.\",\"publisher\":{\"@id\":\"https:\\\/\\\/www.cidademarketing.com.br\\\/marketing\\\/#organization\"},\"alternateName\":\"CidadeMarketing\",\"potentialAction\":[{\"@type\":\"SearchAction\",\"target\":{\"@type\":\"EntryPoint\",\"urlTemplate\":\"https:\\\/\\\/www.cidademarketing.com.br\\\/marketing\\\/?s={search_term_string}\"},\"query-input\":{\"@type\":\"PropertyValueSpecification\",\"valueRequired\":true,\"valueName\":\"search_term_string\"}}],\"inLanguage\":\"pt-BR\"},{\"@type\":\"Organization\",\"@id\":\"https:\\\/\\\/www.cidademarketing.com.br\\\/marketing\\\/#organization\",\"name\":\"CidadeMarketing\",\"alternateName\":\"CidadeMarketing\",\"url\":\"https:\\\/\\\/www.cidademarketing.com.br\\\/marketing\\\/\",\"logo\":{\"@type\":\"ImageObject\",\"inLanguage\":\"pt-BR\",\"@id\":\"https:\\\/\\\/www.cidademarketing.com.br\\\/marketing\\\/#\\\/schema\\\/logo\\\/image\\\/\",\"url\":\"https:\\\/\\\/www.cidademarketing.com.br\\\/marketing\\\/wp-content\\\/uploads\\\/2020\\\/01\\\/cidademarketing_marca_mobile.png\",\"contentUrl\":\"https:\\\/\\\/www.cidademarketing.com.br\\\/marketing\\\/wp-content\\\/uploads\\\/2020\\\/01\\\/cidademarketing_marca_mobile.png\",\"width\":230,\"height\":92,\"caption\":\"CidadeMarketing\"},\"image\":{\"@id\":\"https:\\\/\\\/www.cidademarketing.com.br\\\/marketing\\\/#\\\/schema\\\/logo\\\/image\\\/\"},\"sameAs\":[\"https:\\\/\\\/www.facebook.com\\\/portalcidademarketing\",\"https:\\\/\\\/x.com\\\/CidadeMarketing\",\"https:\\\/\\\/www.instagram.com\\\/cidademarketing\\\/\"]},{\"@type\":\"Person\",\"@id\":\"https:\\\/\\\/www.cidademarketing.com.br\\\/marketing\\\/#\\\/schema\\\/person\\\/02daff9f18bd9378c9e01eb6b2db155f\",\"name\":\"Thales Brand\u00e3o\",\"image\":{\"@type\":\"ImageObject\",\"inLanguage\":\"pt-BR\",\"@id\":\"https:\\\/\\\/secure.gravatar.com\\\/avatar\\\/7ca3206950207cc3cb48feec56a8a7898741ab725c368d99d5d7a5a50aab80c6?s=96&d=mm&r=g\",\"url\":\"https:\\\/\\\/secure.gravatar.com\\\/avatar\\\/7ca3206950207cc3cb48feec56a8a7898741ab725c368d99d5d7a5a50aab80c6?s=96&d=mm&r=g\",\"contentUrl\":\"https:\\\/\\\/secure.gravatar.com\\\/avatar\\\/7ca3206950207cc3cb48feec56a8a7898741ab725c368d99d5d7a5a50aab80c6?s=96&d=mm&r=g\",\"caption\":\"Thales Brand\u00e3o\"},\"description\":\"Editor Executivo do Portal CidadeMarketing.com.br &gt; Mestre em Comunica\u00e7\u00e3o e Sociedade pela Universidade Federal de Sergipe. Possui MBA Executivo em Administra\u00e7\u00e3o com \u00eanfase em Marketing pela Funda\u00e7\u00e3o Get\u00falio Vargas - Rio de Janeiro. Consultor, Palestrante e Pesquisador sobre Empreendedorismo, Marketing, Redes Sociais e Neg\u00f3cios Digitais. Professor, Palestrante TedxTalks e Campus Party. Twitter: @ThalesBrandao\",\"sameAs\":[\"http:\\\/\\\/www.mandacaru.com.br\",\"https:\\\/\\\/www.facebook.com\\\/thalesbrandao\",\"http:\\\/\\\/www.instagram.com.br\\\/thalesbrandaoferreira\",\"https:\\\/\\\/www.linkedin.com\\\/in\\\/thales-brand\u00e3o-3948609\\\/\",\"https:\\\/\\\/x.com\\\/http:\\\/\\\/www.twitter.com\\\/thalesbrandao\"],\"url\":\"https:\\\/\\\/www.cidademarketing.com.br\\\/marketing\\\/author\\\/thalesbrandao\\\/\"}]}<\/script>\n<!-- \/ Yoast SEO plugin. -->","yoast_head_json":{"title":"Renault convoca recall dos modelos Kwid e Duster por risco de acidente - CidadeMarketing","robots":{"index":"index","follow":"follow","max-snippet":"max-snippet:-1","max-image-preview":"max-image-preview:large","max-video-preview":"max-video-preview:-1"},"canonical":"https:\/\/www.cidademarketing.com.br\/marketing\/2025\/06\/05\/renault-convoca-recall-dos-modelos-kwid-e-duster-por-risco-de-acidente\/","og_locale":"pt_BR","og_type":"article","og_title":"Renault convoca recall dos modelos Kwid e Duster por risco de acidente - CidadeMarketing","og_description":"A Renault do Brasil anunciou nesta quarta-feira (4) um recall preventivo dos modelos Kwid e Duster, fabricados entre maio de 2021 e dezembro de 2024, em raz\u00e3o de falhas t\u00e9cnicas que podem representar riscos graves \u00e0 seguran\u00e7a dos ocupantes e de terceiros. Confira os modelos e per\u00edodos envolvidos no recall: Modelo Chassis (n\u00e3o sequenciais) Data [&hellip;]","og_url":"https:\/\/www.cidademarketing.com.br\/marketing\/2025\/06\/05\/renault-convoca-recall-dos-modelos-kwid-e-duster-por-risco-de-acidente\/","og_site_name":"CidadeMarketing","article_publisher":"https:\/\/www.facebook.com\/portalcidademarketing","article_author":"https:\/\/www.facebook.com\/thalesbrandao","article_published_time":"2025-06-05T13:31:48+00:00","og_image":[{"width":1178,"height":669,"url":"https:\/\/www.cidademarketing.com.br\/marketing\/wp-content\/uploads\/2025\/06\/duster_kwid_recall.webp","type":"image\/webp"}],"author":"Thales Brand\u00e3o","twitter_card":"summary_large_image","twitter_creator":"@http:\/\/www.twitter.com\/thalesbrandao","twitter_site":"@CidadeMarketing","twitter_misc":{"Escrito por":"Thales Brand\u00e3o","Est. tempo de leitura":"1 minuto"},"schema":{"@context":"https:\/\/schema.org","@graph":[{"@type":"Article","@id":"https:\/\/www.cidademarketing.com.br\/marketing\/2025\/06\/05\/renault-convoca-recall-dos-modelos-kwid-e-duster-por-risco-de-acidente\/#article","isPartOf":{"@id":"https:\/\/www.cidademarketing.com.br\/marketing\/2025\/06\/05\/renault-convoca-recall-dos-modelos-kwid-e-duster-por-risco-de-acidente\/"},"author":{"name":"Thales Brand\u00e3o","@id":"https:\/\/www.cidademarketing.com.br\/marketing\/#\/schema\/person\/02daff9f18bd9378c9e01eb6b2db155f"},"headline":"Renault convoca recall dos modelos Kwid e Duster por risco de acidente","datePublished":"2025-06-05T13:31:48+00:00","mainEntityOfPage":{"@id":"https:\/\/www.cidademarketing.com.br\/marketing\/2025\/06\/05\/renault-convoca-recall-dos-modelos-kwid-e-duster-por-risco-de-acidente\/"},"wordCount":297,"commentCount":0,"publisher":{"@id":"https:\/\/www.cidademarketing.com.br\/marketing\/#organization"},"image":{"@id":"https:\/\/www.cidademarketing.com.br\/marketing\/2025\/06\/05\/renault-convoca-recall-dos-modelos-kwid-e-duster-por-risco-de-acidente\/#primaryimage"},"thumbnailUrl":"https:\/\/www.cidademarketing.com.br\/marketing\/wp-content\/uploads\/2025\/06\/duster_kwid_recall.webp","keywords":["atendimento","campanha","comunicado","consumidor","eixo","eixo traseiro","estrat\u00e9gia","falha","marketing","produ\u00e7\u00e3o","recall","Renault"],"articleSection":["Not\u00edcias"],"inLanguage":"pt-BR","potentialAction":[{"@type":"CommentAction","name":"Comment","target":["https:\/\/www.cidademarketing.com.br\/marketing\/2025\/06\/05\/renault-convoca-recall-dos-modelos-kwid-e-duster-por-risco-de-acidente\/#respond"]}]},{"@type":"WebPage","@id":"https:\/\/www.cidademarketing.com.br\/marketing\/2025\/06\/05\/renault-convoca-recall-dos-modelos-kwid-e-duster-por-risco-de-acidente\/","url":"https:\/\/www.cidademarketing.com.br\/marketing\/2025\/06\/05\/renault-convoca-recall-dos-modelos-kwid-e-duster-por-risco-de-acidente\/","name":"Renault convoca recall dos modelos Kwid e Duster por risco de acidente - CidadeMarketing","isPartOf":{"@id":"https:\/\/www.cidademarketing.com.br\/marketing\/#website"},"primaryImageOfPage":{"@id":"https:\/\/www.cidademarketing.com.br\/marketing\/2025\/06\/05\/renault-convoca-recall-dos-modelos-kwid-e-duster-por-risco-de-acidente\/#primaryimage"},"image":{"@id":"https:\/\/www.cidademarketing.com.br\/marketing\/2025\/06\/05\/renault-convoca-recall-dos-modelos-kwid-e-duster-por-risco-de-acidente\/#primaryimage"},"thumbnailUrl":"https:\/\/www.cidademarketing.com.br\/marketing\/wp-content\/uploads\/2025\/06\/duster_kwid_recall.webp","datePublished":"2025-06-05T13:31:48+00:00","breadcrumb":{"@id":"https:\/\/www.cidademarketing.com.br\/marketing\/2025\/06\/05\/renault-convoca-recall-dos-modelos-kwid-e-duster-por-risco-de-acidente\/#breadcrumb"},"inLanguage":"pt-BR","potentialAction":[{"@type":"ReadAction","target":["https:\/\/www.cidademarketing.com.br\/marketing\/2025\/06\/05\/renault-convoca-recall-dos-modelos-kwid-e-duster-por-risco-de-acidente\/"]}]},{"@type":"ImageObject","inLanguage":"pt-BR","@id":"https:\/\/www.cidademarketing.com.br\/marketing\/2025\/06\/05\/renault-convoca-recall-dos-modelos-kwid-e-duster-por-risco-de-acidente\/#primaryimage","url":"https:\/\/www.cidademarketing.com.br\/marketing\/wp-content\/uploads\/2025\/06\/duster_kwid_recall.webp","contentUrl":"https:\/\/www.cidademarketing.com.br\/marketing\/wp-content\/uploads\/2025\/06\/duster_kwid_recall.webp","width":1178,"height":669},{"@type":"BreadcrumbList","@id":"https:\/\/www.cidademarketing.com.br\/marketing\/2025\/06\/05\/renault-convoca-recall-dos-modelos-kwid-e-duster-por-risco-de-acidente\/#breadcrumb","itemListElement":[{"@type":"ListItem","position":1,"name":"In\u00edcio","item":"https:\/\/www.cidademarketing.com.br\/marketing\/"},{"@type":"ListItem","position":2,"name":"Renault convoca recall dos modelos Kwid e Duster por risco de acidente"}]},{"@type":"WebSite","@id":"https:\/\/www.cidademarketing.com.br\/marketing\/#website","url":"https:\/\/www.cidademarketing.com.br\/marketing\/","name":"CidadeMarketing","description":"Somos um ve\u00edculo de comunica\u00e7\u00e3o de destaque no Brasil, reconhecido por conte\u00fados nos segmentos de marketing, empreendedorismo e inova\u00e7\u00e3o.","publisher":{"@id":"https:\/\/www.cidademarketing.com.br\/marketing\/#organization"},"alternateName":"CidadeMarketing","potentialAction":[{"@type":"SearchAction","target":{"@type":"EntryPoint","urlTemplate":"https:\/\/www.cidademarketing.com.br\/marketing\/?s={search_term_string}"},"query-input":{"@type":"PropertyValueSpecification","valueRequired":true,"valueName":"search_term_string"}}],"inLanguage":"pt-BR"},{"@type":"Organization","@id":"https:\/\/www.cidademarketing.com.br\/marketing\/#organization","name":"CidadeMarketing","alternateName":"CidadeMarketing","url":"https:\/\/www.cidademarketing.com.br\/marketing\/","logo":{"@type":"ImageObject","inLanguage":"pt-BR","@id":"https:\/\/www.cidademarketing.com.br\/marketing\/#\/schema\/logo\/image\/","url":"https:\/\/www.cidademarketing.com.br\/marketing\/wp-content\/uploads\/2020\/01\/cidademarketing_marca_mobile.png","contentUrl":"https:\/\/www.cidademarketing.com.br\/marketing\/wp-content\/uploads\/2020\/01\/cidademarketing_marca_mobile.png","width":230,"height":92,"caption":"CidadeMarketing"},"image":{"@id":"https:\/\/www.cidademarketing.com.br\/marketing\/#\/schema\/logo\/image\/"},"sameAs":["https:\/\/www.facebook.com\/portalcidademarketing","https:\/\/x.com\/CidadeMarketing","https:\/\/www.instagram.com\/cidademarketing\/"]},{"@type":"Person","@id":"https:\/\/www.cidademarketing.com.br\/marketing\/#\/schema\/person\/02daff9f18bd9378c9e01eb6b2db155f","name":"Thales Brand\u00e3o","image":{"@type":"ImageObject","inLanguage":"pt-BR","@id":"https:\/\/secure.gravatar.com\/avatar\/7ca3206950207cc3cb48feec56a8a7898741ab725c368d99d5d7a5a50aab80c6?s=96&d=mm&r=g","url":"https:\/\/secure.gravatar.com\/avatar\/7ca3206950207cc3cb48feec56a8a7898741ab725c368d99d5d7a5a50aab80c6?s=96&d=mm&r=g","contentUrl":"https:\/\/secure.gravatar.com\/avatar\/7ca3206950207cc3cb48feec56a8a7898741ab725c368d99d5d7a5a50aab80c6?s=96&d=mm&r=g","caption":"Thales Brand\u00e3o"},"description":"Editor Executivo do Portal CidadeMarketing.com.br &gt; Mestre em Comunica\u00e7\u00e3o e Sociedade pela Universidade Federal de Sergipe. Possui MBA Executivo em Administra\u00e7\u00e3o com \u00eanfase em Marketing pela Funda\u00e7\u00e3o Get\u00falio Vargas - Rio de Janeiro. Consultor, Palestrante e Pesquisador sobre Empreendedorismo, Marketing, Redes Sociais e Neg\u00f3cios Digitais. Professor, Palestrante TedxTalks e Campus Party. Twitter: @ThalesBrandao","sameAs":["http:\/\/www.mandacaru.com.br","https:\/\/www.facebook.com\/thalesbrandao","http:\/\/www.instagram.com.br\/thalesbrandaoferreira","https:\/\/www.linkedin.com\/in\/thales-brand\u00e3o-3948609\/","https:\/\/x.com\/http:\/\/www.twitter.com\/thalesbrandao"],"url":"https:\/\/www.cidademarketing.com.br\/marketing\/author\/thalesbrandao\/"}]}},"amp_enabled":true,"_links":{"self":[{"href":"https:\/\/www.cidademarketing.com.br\/marketing\/wp-json\/wp\/v2\/posts\/56579","targetHints":{"allow":["GET"]}}],"collection":[{"href":"https:\/\/www.cidademarketing.com.br\/marketing\/wp-json\/wp\/v2\/posts"}],"about":[{"href":"https:\/\/www.cidademarketing.com.br\/marketing\/wp-json\/wp\/v2\/types\/post"}],"author":[{"embeddable":true,"href":"https:\/\/www.cidademarketing.com.br\/marketing\/wp-json\/wp\/v2\/users\/1"}],"replies":[{"embeddable":true,"href":"https:\/\/www.cidademarketing.com.br\/marketing\/wp-json\/wp\/v2\/comments?post=56579"}],"version-history":[{"count":1,"href":"https:\/\/www.cidademarketing.com.br\/marketing\/wp-json\/wp\/v2\/posts\/56579\/revisions"}],"predecessor-version":[{"id":56581,"href":"https:\/\/www.cidademarketing.com.br\/marketing\/wp-json\/wp\/v2\/posts\/56579\/revisions\/56581"}],"wp:featuredmedia":[{"embeddable":true,"href":"https:\/\/www.cidademarketing.com.br\/marketing\/wp-json\/wp\/v2\/media\/56580"}],"wp:attachment":[{"href":"https:\/\/www.cidademarketing.com.br\/marketing\/wp-json\/wp\/v2\/media?parent=56579"}],"wp:term":[{"taxonomy":"category","embeddable":true,"href":"https:\/\/www.cidademarketing.com.br\/marketing\/wp-json\/wp\/v2\/categories?post=56579"},{"taxonomy":"post_tag","embeddable":true,"href":"https:\/\/www.cidademarketing.com.br\/marketing\/wp-json\/wp\/v2\/tags?post=56579"}],"curies":[{"name":"wp","href":"https:\/\/api.w.org\/{rel}","templated":true}]}}